{"id":2506,"date":"2012-04-15T22:27:48","date_gmt":"2012-04-15T21:27:48","guid":{"rendered":"http:\/\/fjala.shkoder.net\/?p=2506"},"modified":"2012-04-15T22:27:48","modified_gmt":"2012-04-15T21:27:48","slug":"don-robert-jakaj-zbulimi-i-bustit-ate-gjergj-fishta-ne-jagode","status":"publish","type":"post","link":"https:\/\/fjala.info\/2009-2015\/don-robert-jakaj-zbulimi-i-bustit-ate-gjergj-fishta-ne-jagode\/","title":{"rendered":"Don Robert JAKAJ: Zbulimi i bustit \u201cAt\u00eb Gjergj Fishta\u201d n\u00eb Jagod\u00eb"},"content":{"rendered":"<p><img decoding=\"async\" class=\"alignright size-thumbnail wp-image-7236\" title=\"Busti i Fisht\u00ebs n\u00eb Jagod\u00eb\" src=\"http:\/\/www.shkoder.net\/2012\/perurimi_bustit_fishtes_jagode.jpg\" alt=\"\" width=\"300\" \/> \u2013 <em>Klin\u00eb m\u00eb 12 Prill 2012<\/em><\/p>\n<p>M\u00eb 12 Prill n\u00eb fshatin Jagod\u00eb t\u00eb Klin\u00ebs n\u00eb oborrin e Shkoll\u00ebs Fillore \u201cAt\u00eb Gjergj Fishta\u201c n\u00ebn patronatin e Kryetarit t\u00eb Komun\u00ebs s\u00eb Klin\u00ebs, z. Sokol Bashota, ku merrnin pjes\u00eb personalitete t\u00eb shumta, p\u00ebrfaq\u00ebsues t\u00eb Qeveris\u00eb s\u00eb Kosov\u00ebs, nga Ipeshkvia e Kosov\u00ebs, nga Bashk\u00ebsia Islame n\u00eb Klin\u00eb, studiues, arsimtar, nx\u00ebn\u00ebs e qytetar\u00eb t\u00eb shumt\u00eb, por n\u00eb mesin e tyre edhe nga Lezha e Shqip\u00ebris\u00eb dhe nga diaspora, t\u00eb cil\u00ebt kan\u00eb marr\u00eb pjes\u00eb n\u00eb ceremonin\u00eb e zbulimit t\u00eb Bustit t\u00eb At\u00eb Gjergj Fisht\u00ebs. M\u00eb k\u00ebt\u00eb rast u tha se At\u00eb Gjergj Fishta me veprimatarin\u00eb e tij fetare, politike, diplomatike, filozofike dhe letrare u b\u00eb nj\u00eb nga figurat m\u00eb t\u00eb r\u00ebnd\u00ebsishme t\u00eb letrave shqipe dhe i \u00e7\u00ebshtjes son\u00eb komb\u00ebtare. Ai ishte dhe mbetet Homeri i let\u00ebrsis\u00eb shqipe.<\/p>\n<p>Tash e tutje shkolla e fshatit Jagod\u00eb t\u00eb Klin\u00ebs, do t\u00eb ket\u00eb pamje m\u00eb t\u00eb mir\u00eb me bustin e ven\u00eb t\u00eb nj\u00ebrit nd\u00ebr figurat m\u00eb t\u00eb \u00e7muara t\u00eb Rilindj\u00ebs son\u00eb komb\u00ebtare, At\u00eb Gjergj Fisht\u00ebs, i cili nga t\u00eb pranishmit me rastin e zbulimit t\u00eb bustit t\u00eb tij \u00ebsht\u00eb konsideruar si personi i cili ka b\u00ebr\u00eb unifikimin e shqiptar\u00ebve.<\/p>\n<p><img decoding=\"async\" class=\"alignleft size-thumbnail wp-image-7236\" title=\"Busti i Fisht\u00ebs n\u00eb Jagod\u00eb\" src=\"http:\/\/www.shkoder.net\/2012\/busti_fishtes_jagode.jpg\" alt=\"\" width=\"200\" \/>Z. Sokol Bashota, Kryetar i Klin\u00ebs, n\u00ebn patronatin e t\u00eb cilit u mbajt ky manifestim, tha se \u00ebsht\u00eb nder q\u00eb nj\u00eb shkoll\u00eb e Klin\u00ebs ta ket\u00eb bustin e k\u00ebtij kolosi t\u00eb letrave shqipe, i cili b\u00ebri q\u00eb bota t\u2019i njeh shqiptar\u00ebt si komb.\u201cKontributi i At\u00eb Gjergj Fisht\u00ebs, p\u00ebrkushtimi i tij ishte q\u00eb t\u00eb na m\u00ebsoj\u00eb germat e para t\u00eb gjuh\u00ebs son\u00eb plot vler\u00eb , t\u00eb na m\u00ebsoj\u00eb se si duhet atdheu dhe si duhet t\u00eb luftohet e punohet p\u00ebr t\u00eb\u201d, tha Bashota.<\/p>\n<p>Nd\u00ebrsa Vikari Gjeneral i Ipeshkvis\u00eb se Kosov\u00ebs, Dr. Don Lush Gjergji, p\u00ebrkujtoi se figura e Gjergj Fisht\u00ebs g\u00ebrshton n\u00eb vet\u00eb atdhedashurin\u00eb, filozofin\u00eb, let\u00ebrsin\u00eb dhe humazmin.<br \/>\nMegjithat\u00eb ka lavd\u00ebruar vepr\u00ebn e Fisht\u00ebs dhe me pas ka kritikuar disa qarqe q\u00eb po mundohen t\u00eb ulin vlerat e njer\u00ebzve t\u00eb m\u00ebdhenj shqiptar\u00eb.<\/p>\n<p><img decoding=\"async\" class=\"alignright size-thumbnail wp-image-7236\" title=\"Busti i Fisht\u00ebs n\u00eb Jagod\u00eb\" src=\"http:\/\/www.shkoder.net\/2012\/perurimi_bustit_fishtes_jagode1.jpg\" alt=\"\" width=\"300\" \/><\/p>\n<p>\u201cSot nuk jan\u00eb m\u00eb t\u00eb tjer\u00ebt q\u00eb na sulmojn\u00eb e pengojn\u00eb, por jemi ne, disa prej nesh, t\u00eb cil\u00ebt edhe personalitetet e m\u00ebdha historike i v\u00ebn\u00eb n\u00eb dyshim duke u nisur nga Gjergj Kastrioti-Sk\u00ebnderbeu, N\u00ebn\u00eb Tereza e Gjergj Fishta, si nj\u00eb vet\u00ebvrasje historike, shpirt\u00ebrore e kulturore, si p\u00ebrdhosje e historis\u00eb dhe rrezikim i s\u00eb tashme dhe s\u00eb ardhmes\u201d, \u00ebsht\u00eb shprehur Don Lush Gjergji.<br \/>\nZ. Viktor Tusha, kryebashkiaku i Lezh\u00ebs s\u00eb Shqip\u00ebris\u00eb, tha:<\/p>\n<p>\u201cArdhja ime sot \u00ebsht\u00eb e ve\u00e7ant\u00eb, pasi q\u00eb vij bashk\u00eb me nj\u00eb bashk\u00ebqytetar q\u00eb quhet At\u00eb Gjergj Fishta, i cili tashm\u00eb edhe pa monumente \u00ebsht\u00eb i madh, por me k\u00ebt\u00eb sot i b\u00ebjm\u00eb nder atij si\u00e7 na b\u00ebri ai neve vite t\u00eb t\u00ebra p\u00ebr kontributin e madh n\u00eb lirin\u00eb e Shqip\u00ebris\u00eb\u201d. Gjithnj\u00eb sipas tij At\u00eb Gjergj Fishta ishte p\u00ebrkrah\u00ebs i flakt\u00eb i shqiptarizm\u00ebs, t\u00eb cil\u00ebn e gdhendi me pend\u00ebn e tij, duke e v\u00ebn\u00eb n\u00eb anal\u00ebt bot\u00ebrore.<\/p>\n<p>Poashtu Tusha i ka p\u00ebrg\u00ebzuar nism\u00ebtar\u00ebt dhe gjith\u00eb ata q\u00eb kan\u00eb kontribuar p\u00ebr ngritjen e k\u00ebtij busti si nj\u00eb transmetim vlerash p\u00ebr brezat q\u00eb vijn\u00eb.<\/p>\n<p><img decoding=\"async\" class=\"alignright size-thumbnail wp-image-7236\" title=\"Busti i Fisht\u00ebs n\u00eb Jagod\u00eb\" src=\"http:\/\/www.shkoder.net\/2012\/perurimi_bustit_fishtes_jagode2.jpg\" alt=\"\" width=\"300\" \/><\/p>\n<p>Nd\u00ebrkoh\u00eb Z\u00ebvend\u00ebs Ministri i Drejt\u00ebsis\u00eb, z. Daut Xhemajli, q\u00eb p\u00ebrfaq\u00ebsonte Qeverin\u00eb e Kosoves e ka vler\u00ebsuar Fisht\u00ebn si personalitet profetik t\u00eb kultur\u00ebs shqiptare i cili m\u00eb krijimtarin\u00eb e tij ishte i gjithansh\u00ebm. Sipas tij Fishta krijoi rrug\u00ebn e unitetit shqiptar p\u00ebr fe dhe atdhetari. \u201cAt\u00eb Gjergj Fishta dha nj\u00eb kontribut t\u00eb madh n\u00eb hartimin e alfabetit shqip n\u00eb Kongresin e Manastirit dhe ishte nj\u00eb edukator n\u00eb rrug\u00ebn e qytet\u00ebrimit evropian\u201d, tha Xhemajli.<\/p>\n<p>Gjat\u00eb k\u00ebtij manifestimi si mysafir special ishte i pranish\u00ebm edhe nj\u00ebri nga artist\u00ebt m\u00eb t\u00eb m\u00ebdhenj q\u00eb Shqip\u00ebria ka, z. Reshat Arbana. \u00cbsht\u00eb i njohur nga t\u00eb gjith\u00eb shqiptar\u00ebt, brenda dhe jasht\u00eb kufijve, i cili me nj\u00eb personalitet t\u00eb jasht\u00ebzakonsh\u00ebm, me cil\u00ebsi artistike e frym\u00ebzim t\u00eb madh interpretoj vargjet e kolosit, At\u00eb Fisht\u00ebs.<\/p>\n<p>N\u00eb vazhdim me kumtesa shkencore p\u00ebr jet\u00ebn dhe veprimtarin\u00eb e At\u00eb Gjergj Fisht\u00ebs u paraqiten edhe krijuesit Prof. Prend Buzhala nga Klina dhe Prof. Dr. Anton Nik\u00eb Berisha nga Italia. Ideator p\u00ebr nd\u00ebrtimin e bustit t\u00eb At\u00eb Gjergj Fisht\u00ebs OFM ka qen\u00eb famullitari i vendit Don Robert Jakaj, nd\u00ebrsa kontributi \u00ebsht\u00eb b\u00ebr\u00eb nga v\u00ebllez\u00ebrit Pal e Pren Nikollaj, bashkatdhetar\u00eb shqiptar\u00eb nga fshati Jagod\u00eb, por q\u00eb punojn\u00eb dhe jetojn\u00eb n\u00eb SHBA, nd\u00ebrsa merita kryesore i shkon edhe skulptorit t\u00eb mir\u00ebnjohur Prof. Gani Bajraktari i cili diti ta punoi bustin me nj\u00eb mjeshtri t\u00eb jasht\u00ebzakonshme.<\/p>\n<p><em>Jagod\u00eb, 12.04.2012<\/em><\/p>\n<p>Publikue n\u00eb: http:\/\/kosova.albemigrant.com\/?p=7104<\/p>\n","protected":false},"excerpt":{"rendered":"<p>\u2013 Klin\u00eb m\u00eb 12 Prill 2012 M\u00eb 12 Prill n\u00eb fshatin Jagod\u00eb t\u00eb Klin\u00ebs n\u00eb oborrin e Shkoll\u00ebs Fillore \u201cAt\u00eb Gjergj Fishta\u201c n\u00ebn patronatin e Kryetarit t\u00eb Komun\u00ebs s\u00eb Klin\u00ebs, z. Sokol Bashota, ku merrnin pjes\u00eb personalitete t\u00eb shumta, p\u00ebrfaq\u00ebsues t\u00eb Qeveris\u00eb s\u00eb Kosov\u00ebs, nga Ipeshkvia e Kosov\u00ebs, nga Bashk\u00ebsia Islame n\u00eb Klin\u00eb, studiues, arsimtar, [&hellip;]<\/p>\n","protected":false},"author":1,"featured_media":0,"comment_status":"open","ping_status":"closed","sticky":false,"template":"","format":"standard","meta":{"footnotes":""},"categories":[2],"tags":[],"class_list":{"0":"post-2506","1":"post","2":"type-post","3":"status-publish","4":"format-standard","6":"category-artikuj"},"yoast_head":"<!-- This site is optimized with the Yoast SEO plugin v27.4 - https:\/\/yoast.com\/product\/yoast-seo-wordpress\/ -->\n<title>Don Robert JAKAJ: Zbulimi i bustit \u201cAt\u00eb Gjergj Fishta\u201d n\u00eb Jagod\u00eb - FjALA e LIR\u00cb - Arkivi<\/title>\n<meta name=\"robots\" content=\"index, follow, max-snippet:-1, max-image-preview:large, max-video-preview:-1\" \/>\n<link rel=\"canonical\" href=\"https:\/\/fjala.info\/2009-2015\/don-robert-jakaj-zbulimi-i-bustit-ate-gjergj-fishta-ne-jagode\/\" \/>\n<meta property=\"og:locale\" content=\"sq_AL\" \/>\n<meta property=\"og:type\" content=\"article\" \/>\n<meta property=\"og:title\" content=\"Don Robert JAKAJ: Zbulimi i bustit \u201cAt\u00eb Gjergj Fishta\u201d n\u00eb Jagod\u00eb - FjALA e LIR\u00cb - Arkivi\" \/>\n<meta property=\"og:description\" content=\"\u2013 Klin\u00eb m\u00eb 12 Prill 2012 M\u00eb 12 Prill n\u00eb fshatin Jagod\u00eb t\u00eb Klin\u00ebs n\u00eb oborrin e Shkoll\u00ebs Fillore \u201cAt\u00eb Gjergj Fishta\u201c n\u00ebn patronatin e Kryetarit t\u00eb Komun\u00ebs s\u00eb Klin\u00ebs, z. Sokol Bashota, ku merrnin pjes\u00eb personalitete t\u00eb shumta, p\u00ebrfaq\u00ebsues t\u00eb Qeveris\u00eb s\u00eb Kosov\u00ebs, nga Ipeshkvia e Kosov\u00ebs, nga Bashk\u00ebsia Islame n\u00eb Klin\u00eb, studiues, arsimtar, [&hellip;]\" \/>\n<meta property=\"og:url\" content=\"https:\/\/fjala.info\/2009-2015\/don-robert-jakaj-zbulimi-i-bustit-ate-gjergj-fishta-ne-jagode\/\" \/>\n<meta property=\"og:site_name\" content=\"FjALA e LIR\u00cb - Arkivi\" \/>\n<meta property=\"article:published_time\" content=\"2012-04-15T21:27:48+00:00\" \/>\n<meta property=\"og:image\" content=\"http:\/\/www.shkoder.net\/2012\/perurimi_bustit_fishtes_jagode.jpg\" \/>\n<meta name=\"author\" content=\"admin\" \/>\n<meta name=\"twitter:card\" content=\"summary_large_image\" \/>\n<meta name=\"twitter:label1\" content=\"Written by\" \/>\n\t<meta name=\"twitter:data1\" content=\"admin\" \/>\n\t<meta name=\"twitter:label2\" content=\"Est. reading time\" \/>\n\t<meta name=\"twitter:data2\" content=\"4 minutes\" \/>\n<script type=\"application\/ld+json\" class=\"yoast-schema-graph\">{\"@context\":\"https:\\\/\\\/schema.org\",\"@graph\":[{\"@type\":\"Article\",\"@id\":\"https:\\\/\\\/fjala.info\\\/2009-2015\\\/don-robert-jakaj-zbulimi-i-bustit-ate-gjergj-fishta-ne-jagode\\\/#article\",\"isPartOf\":{\"@id\":\"https:\\\/\\\/fjala.info\\\/2009-2015\\\/don-robert-jakaj-zbulimi-i-bustit-ate-gjergj-fishta-ne-jagode\\\/\"},\"author\":{\"name\":\"admin\",\"@id\":\"https:\\\/\\\/fjala.info\\\/2009-2015\\\/#\\\/schema\\\/person\\\/3aa1163ef05469c496fc94e77611ada2\"},\"headline\":\"Don Robert JAKAJ: Zbulimi i bustit \u201cAt\u00eb Gjergj Fishta\u201d n\u00eb Jagod\u00eb\",\"datePublished\":\"2012-04-15T21:27:48+00:00\",\"mainEntityOfPage\":{\"@id\":\"https:\\\/\\\/fjala.info\\\/2009-2015\\\/don-robert-jakaj-zbulimi-i-bustit-ate-gjergj-fishta-ne-jagode\\\/\"},\"wordCount\":852,\"commentCount\":0,\"publisher\":{\"@id\":\"https:\\\/\\\/fjala.info\\\/2009-2015\\\/#organization\"},\"image\":{\"@id\":\"https:\\\/\\\/fjala.info\\\/2009-2015\\\/don-robert-jakaj-zbulimi-i-bustit-ate-gjergj-fishta-ne-jagode\\\/#primaryimage\"},\"thumbnailUrl\":\"http:\\\/\\\/www.shkoder.net\\\/2012\\\/perurimi_bustit_fishtes_jagode.jpg\",\"articleSection\":[\"Artikuj\"],\"inLanguage\":\"sq-AL\",\"potentialAction\":[{\"@type\":\"CommentAction\",\"name\":\"Comment\",\"target\":[\"https:\\\/\\\/fjala.info\\\/2009-2015\\\/don-robert-jakaj-zbulimi-i-bustit-ate-gjergj-fishta-ne-jagode\\\/#respond\"]}]},{\"@type\":\"WebPage\",\"@id\":\"https:\\\/\\\/fjala.info\\\/2009-2015\\\/don-robert-jakaj-zbulimi-i-bustit-ate-gjergj-fishta-ne-jagode\\\/\",\"url\":\"https:\\\/\\\/fjala.info\\\/2009-2015\\\/don-robert-jakaj-zbulimi-i-bustit-ate-gjergj-fishta-ne-jagode\\\/\",\"name\":\"Don Robert JAKAJ: Zbulimi i bustit \u201cAt\u00eb Gjergj Fishta\u201d n\u00eb Jagod\u00eb - FjALA e LIR\u00cb - Arkivi\",\"isPartOf\":{\"@id\":\"https:\\\/\\\/fjala.info\\\/2009-2015\\\/#website\"},\"primaryImageOfPage\":{\"@id\":\"https:\\\/\\\/fjala.info\\\/2009-2015\\\/don-robert-jakaj-zbulimi-i-bustit-ate-gjergj-fishta-ne-jagode\\\/#primaryimage\"},\"image\":{\"@id\":\"https:\\\/\\\/fjala.info\\\/2009-2015\\\/don-robert-jakaj-zbulimi-i-bustit-ate-gjergj-fishta-ne-jagode\\\/#primaryimage\"},\"thumbnailUrl\":\"http:\\\/\\\/www.shkoder.net\\\/2012\\\/perurimi_bustit_fishtes_jagode.jpg\",\"datePublished\":\"2012-04-15T21:27:48+00:00\",\"breadcrumb\":{\"@id\":\"https:\\\/\\\/fjala.info\\\/2009-2015\\\/don-robert-jakaj-zbulimi-i-bustit-ate-gjergj-fishta-ne-jagode\\\/#breadcrumb\"},\"inLanguage\":\"sq-AL\",\"potentialAction\":[{\"@type\":\"ReadAction\",\"target\":[\"https:\\\/\\\/fjala.info\\\/2009-2015\\\/don-robert-jakaj-zbulimi-i-bustit-ate-gjergj-fishta-ne-jagode\\\/\"]}]},{\"@type\":\"ImageObject\",\"inLanguage\":\"sq-AL\",\"@id\":\"https:\\\/\\\/fjala.info\\\/2009-2015\\\/don-robert-jakaj-zbulimi-i-bustit-ate-gjergj-fishta-ne-jagode\\\/#primaryimage\",\"url\":\"http:\\\/\\\/www.shkoder.net\\\/2012\\\/perurimi_bustit_fishtes_jagode.jpg\",\"contentUrl\":\"http:\\\/\\\/www.shkoder.net\\\/2012\\\/perurimi_bustit_fishtes_jagode.jpg\"},{\"@type\":\"BreadcrumbList\",\"@id\":\"https:\\\/\\\/fjala.info\\\/2009-2015\\\/don-robert-jakaj-zbulimi-i-bustit-ate-gjergj-fishta-ne-jagode\\\/#breadcrumb\",\"itemListElement\":[{\"@type\":\"ListItem\",\"position\":1,\"name\":\"Home\",\"item\":\"https:\\\/\\\/fjala.info\\\/2009-2015\\\/\"},{\"@type\":\"ListItem\",\"position\":2,\"name\":\"Don Robert JAKAJ: Zbulimi i bustit \u201cAt\u00eb Gjergj Fishta\u201d n\u00eb Jagod\u00eb\"}]},{\"@type\":\"WebSite\",\"@id\":\"https:\\\/\\\/fjala.info\\\/2009-2015\\\/#website\",\"url\":\"https:\\\/\\\/fjala.info\\\/2009-2015\\\/\",\"name\":\"FjALA e LIR\u00cb - Arkivi\",\"description\":\"Arkivi 2009-2015\",\"publisher\":{\"@id\":\"https:\\\/\\\/fjala.info\\\/2009-2015\\\/#organization\"},\"potentialAction\":[{\"@type\":\"SearchAction\",\"target\":{\"@type\":\"EntryPoint\",\"urlTemplate\":\"https:\\\/\\\/fjala.info\\\/2009-2015\\\/?s={search_term_string}\"},\"query-input\":{\"@type\":\"PropertyValueSpecification\",\"valueRequired\":true,\"valueName\":\"search_term_string\"}}],\"inLanguage\":\"sq-AL\"},{\"@type\":\"Organization\",\"@id\":\"https:\\\/\\\/fjala.info\\\/2009-2015\\\/#organization\",\"name\":\"FjALA e LIR\u00cb - Arkivi\",\"url\":\"https:\\\/\\\/fjala.info\\\/2009-2015\\\/\",\"logo\":{\"@type\":\"ImageObject\",\"inLanguage\":\"sq-AL\",\"@id\":\"https:\\\/\\\/fjala.info\\\/2009-2015\\\/#\\\/schema\\\/logo\\\/image\\\/\",\"url\":\"\",\"contentUrl\":\"\",\"caption\":\"FjALA e LIR\u00cb - Arkivi\"},\"image\":{\"@id\":\"https:\\\/\\\/fjala.info\\\/2009-2015\\\/#\\\/schema\\\/logo\\\/image\\\/\"}},{\"@type\":\"Person\",\"@id\":\"https:\\\/\\\/fjala.info\\\/2009-2015\\\/#\\\/schema\\\/person\\\/3aa1163ef05469c496fc94e77611ada2\",\"name\":\"admin\",\"image\":{\"@type\":\"ImageObject\",\"inLanguage\":\"sq-AL\",\"@id\":\"https:\\\/\\\/fjala.info\\\/2009-2015\\\/wp-content\\\/uploads\\\/2012\\\/02\\\/arben_cokaj-120x150.jpg\",\"url\":\"https:\\\/\\\/fjala.info\\\/2009-2015\\\/wp-content\\\/uploads\\\/2012\\\/02\\\/arben_cokaj-120x150.jpg\",\"contentUrl\":\"https:\\\/\\\/fjala.info\\\/2009-2015\\\/wp-content\\\/uploads\\\/2012\\\/02\\\/arben_cokaj-120x150.jpg\",\"caption\":\"admin\"},\"description\":\"Admin, Fjala e Lir\u00eb\",\"sameAs\":[\"https:\\\/\\\/fjala.info\\\/\"],\"url\":\"https:\\\/\\\/fjala.info\\\/2009-2015\\\/author\\\/admin\\\/\"}]}<\/script>\n<!-- \/ Yoast SEO plugin. -->","yoast_head_json":{"title":"Don Robert JAKAJ: Zbulimi i bustit \u201cAt\u00eb Gjergj Fishta\u201d n\u00eb Jagod\u00eb - FjALA e LIR\u00cb - Arkivi","robots":{"index":"index","follow":"follow","max-snippet":"max-snippet:-1","max-image-preview":"max-image-preview:large","max-video-preview":"max-video-preview:-1"},"canonical":"https:\/\/fjala.info\/2009-2015\/don-robert-jakaj-zbulimi-i-bustit-ate-gjergj-fishta-ne-jagode\/","og_locale":"sq_AL","og_type":"article","og_title":"Don Robert JAKAJ: Zbulimi i bustit \u201cAt\u00eb Gjergj Fishta\u201d n\u00eb Jagod\u00eb - FjALA e LIR\u00cb - Arkivi","og_description":"\u2013 Klin\u00eb m\u00eb 12 Prill 2012 M\u00eb 12 Prill n\u00eb fshatin Jagod\u00eb t\u00eb Klin\u00ebs n\u00eb oborrin e Shkoll\u00ebs Fillore \u201cAt\u00eb Gjergj Fishta\u201c n\u00ebn patronatin e Kryetarit t\u00eb Komun\u00ebs s\u00eb Klin\u00ebs, z. Sokol Bashota, ku merrnin pjes\u00eb personalitete t\u00eb shumta, p\u00ebrfaq\u00ebsues t\u00eb Qeveris\u00eb s\u00eb Kosov\u00ebs, nga Ipeshkvia e Kosov\u00ebs, nga Bashk\u00ebsia Islame n\u00eb Klin\u00eb, studiues, arsimtar, [&hellip;]","og_url":"https:\/\/fjala.info\/2009-2015\/don-robert-jakaj-zbulimi-i-bustit-ate-gjergj-fishta-ne-jagode\/","og_site_name":"FjALA e LIR\u00cb - Arkivi","article_published_time":"2012-04-15T21:27:48+00:00","og_image":[{"url":"http:\/\/www.shkoder.net\/2012\/perurimi_bustit_fishtes_jagode.jpg","type":"","width":"","height":""}],"author":"admin","twitter_card":"summary_large_image","twitter_misc":{"Written by":"admin","Est. reading time":"4 minutes"},"schema":{"@context":"https:\/\/schema.org","@graph":[{"@type":"Article","@id":"https:\/\/fjala.info\/2009-2015\/don-robert-jakaj-zbulimi-i-bustit-ate-gjergj-fishta-ne-jagode\/#article","isPartOf":{"@id":"https:\/\/fjala.info\/2009-2015\/don-robert-jakaj-zbulimi-i-bustit-ate-gjergj-fishta-ne-jagode\/"},"author":{"name":"admin","@id":"https:\/\/fjala.info\/2009-2015\/#\/schema\/person\/3aa1163ef05469c496fc94e77611ada2"},"headline":"Don Robert JAKAJ: Zbulimi i bustit \u201cAt\u00eb Gjergj Fishta\u201d n\u00eb Jagod\u00eb","datePublished":"2012-04-15T21:27:48+00:00","mainEntityOfPage":{"@id":"https:\/\/fjala.info\/2009-2015\/don-robert-jakaj-zbulimi-i-bustit-ate-gjergj-fishta-ne-jagode\/"},"wordCount":852,"commentCount":0,"publisher":{"@id":"https:\/\/fjala.info\/2009-2015\/#organization"},"image":{"@id":"https:\/\/fjala.info\/2009-2015\/don-robert-jakaj-zbulimi-i-bustit-ate-gjergj-fishta-ne-jagode\/#primaryimage"},"thumbnailUrl":"http:\/\/www.shkoder.net\/2012\/perurimi_bustit_fishtes_jagode.jpg","articleSection":["Artikuj"],"inLanguage":"sq-AL","potentialAction":[{"@type":"CommentAction","name":"Comment","target":["https:\/\/fjala.info\/2009-2015\/don-robert-jakaj-zbulimi-i-bustit-ate-gjergj-fishta-ne-jagode\/#respond"]}]},{"@type":"WebPage","@id":"https:\/\/fjala.info\/2009-2015\/don-robert-jakaj-zbulimi-i-bustit-ate-gjergj-fishta-ne-jagode\/","url":"https:\/\/fjala.info\/2009-2015\/don-robert-jakaj-zbulimi-i-bustit-ate-gjergj-fishta-ne-jagode\/","name":"Don Robert JAKAJ: Zbulimi i bustit \u201cAt\u00eb Gjergj Fishta\u201d n\u00eb Jagod\u00eb - FjALA e LIR\u00cb - Arkivi","isPartOf":{"@id":"https:\/\/fjala.info\/2009-2015\/#website"},"primaryImageOfPage":{"@id":"https:\/\/fjala.info\/2009-2015\/don-robert-jakaj-zbulimi-i-bustit-ate-gjergj-fishta-ne-jagode\/#primaryimage"},"image":{"@id":"https:\/\/fjala.info\/2009-2015\/don-robert-jakaj-zbulimi-i-bustit-ate-gjergj-fishta-ne-jagode\/#primaryimage"},"thumbnailUrl":"http:\/\/www.shkoder.net\/2012\/perurimi_bustit_fishtes_jagode.jpg","datePublished":"2012-04-15T21:27:48+00:00","breadcrumb":{"@id":"https:\/\/fjala.info\/2009-2015\/don-robert-jakaj-zbulimi-i-bustit-ate-gjergj-fishta-ne-jagode\/#breadcrumb"},"inLanguage":"sq-AL","potentialAction":[{"@type":"ReadAction","target":["https:\/\/fjala.info\/2009-2015\/don-robert-jakaj-zbulimi-i-bustit-ate-gjergj-fishta-ne-jagode\/"]}]},{"@type":"ImageObject","inLanguage":"sq-AL","@id":"https:\/\/fjala.info\/2009-2015\/don-robert-jakaj-zbulimi-i-bustit-ate-gjergj-fishta-ne-jagode\/#primaryimage","url":"http:\/\/www.shkoder.net\/2012\/perurimi_bustit_fishtes_jagode.jpg","contentUrl":"http:\/\/www.shkoder.net\/2012\/perurimi_bustit_fishtes_jagode.jpg"},{"@type":"BreadcrumbList","@id":"https:\/\/fjala.info\/2009-2015\/don-robert-jakaj-zbulimi-i-bustit-ate-gjergj-fishta-ne-jagode\/#breadcrumb","itemListElement":[{"@type":"ListItem","position":1,"name":"Home","item":"https:\/\/fjala.info\/2009-2015\/"},{"@type":"ListItem","position":2,"name":"Don Robert JAKAJ: Zbulimi i bustit \u201cAt\u00eb Gjergj Fishta\u201d n\u00eb Jagod\u00eb"}]},{"@type":"WebSite","@id":"https:\/\/fjala.info\/2009-2015\/#website","url":"https:\/\/fjala.info\/2009-2015\/","name":"FjALA e LIR\u00cb - Arkivi","description":"Arkivi 2009-2015","publisher":{"@id":"https:\/\/fjala.info\/2009-2015\/#organization"},"potentialAction":[{"@type":"SearchAction","target":{"@type":"EntryPoint","urlTemplate":"https:\/\/fjala.info\/2009-2015\/?s={search_term_string}"},"query-input":{"@type":"PropertyValueSpecification","valueRequired":true,"valueName":"search_term_string"}}],"inLanguage":"sq-AL"},{"@type":"Organization","@id":"https:\/\/fjala.info\/2009-2015\/#organization","name":"FjALA e LIR\u00cb - Arkivi","url":"https:\/\/fjala.info\/2009-2015\/","logo":{"@type":"ImageObject","inLanguage":"sq-AL","@id":"https:\/\/fjala.info\/2009-2015\/#\/schema\/logo\/image\/","url":"","contentUrl":"","caption":"FjALA e LIR\u00cb - Arkivi"},"image":{"@id":"https:\/\/fjala.info\/2009-2015\/#\/schema\/logo\/image\/"}},{"@type":"Person","@id":"https:\/\/fjala.info\/2009-2015\/#\/schema\/person\/3aa1163ef05469c496fc94e77611ada2","name":"admin","image":{"@type":"ImageObject","inLanguage":"sq-AL","@id":"https:\/\/fjala.info\/2009-2015\/wp-content\/uploads\/2012\/02\/arben_cokaj-120x150.jpg","url":"https:\/\/fjala.info\/2009-2015\/wp-content\/uploads\/2012\/02\/arben_cokaj-120x150.jpg","contentUrl":"https:\/\/fjala.info\/2009-2015\/wp-content\/uploads\/2012\/02\/arben_cokaj-120x150.jpg","caption":"admin"},"description":"Admin, Fjala e Lir\u00eb","sameAs":["https:\/\/fjala.info\/"],"url":"https:\/\/fjala.info\/2009-2015\/author\/admin\/"}]}},"_links":{"self":[{"href":"https:\/\/fjala.info\/2009-2015\/wp-json\/wp\/v2\/posts\/2506","targetHints":{"allow":["GET"]}}],"collection":[{"href":"https:\/\/fjala.info\/2009-2015\/wp-json\/wp\/v2\/posts"}],"about":[{"href":"https:\/\/fjala.info\/2009-2015\/wp-json\/wp\/v2\/types\/post"}],"author":[{"embeddable":true,"href":"https:\/\/fjala.info\/2009-2015\/wp-json\/wp\/v2\/users\/1"}],"replies":[{"embeddable":true,"href":"https:\/\/fjala.info\/2009-2015\/wp-json\/wp\/v2\/comments?post=2506"}],"version-history":[{"count":0,"href":"https:\/\/fjala.info\/2009-2015\/wp-json\/wp\/v2\/posts\/2506\/revisions"}],"wp:attachment":[{"href":"https:\/\/fjala.info\/2009-2015\/wp-json\/wp\/v2\/media?parent=2506"}],"wp:term":[{"taxonomy":"category","embeddable":true,"href":"https:\/\/fjala.info\/2009-2015\/wp-json\/wp\/v2\/categories?post=2506"},{"taxonomy":"post_tag","embeddable":true,"href":"https:\/\/fjala.info\/2009-2015\/wp-json\/wp\/v2\/tags?post=2506"}],"curies":[{"name":"wp","href":"https:\/\/api.w.org\/{rel}","templated":true}]}}