{"id":2501,"date":"2012-04-15T08:41:30","date_gmt":"2012-04-15T07:41:30","guid":{"rendered":"http:\/\/fjala.shkoder.net\/?p=2501"},"modified":"2012-04-15T08:41:30","modified_gmt":"2012-04-15T07:41:30","slug":"mendime-rreth-librit-te-ri-copeza-historie-kombetare","status":"publish","type":"post","link":"https:\/\/fjala.info\/2009-2015\/mendime-rreth-librit-te-ri-copeza-historie-kombetare\/","title":{"rendered":"Mendime rreth librit t\u00eb ri: \u201cCop\u00ebza historie komb\u00ebtare\u201d"},"content":{"rendered":"<p><em>(New York, 2012), t\u00eb studiuesit historian Gjon Frani Ivezaj<\/em><\/p>\n<p><strong>Dr. Gjon Kodra<\/strong><\/p>\n<p>N\u00eb t\u00ebr\u00ebsi historia bot\u00ebrore dhe ajo shqiptare n\u00eb ve\u00e7anti ka patur n\u00eb zhvillimin e saj shekullor, nj\u00eb zinxhir t\u00eb gjat\u00eb trajtesash, interpretimesh dhe k\u00ebndv\u00ebshtrime t\u00eb larmishme, t\u00eb cilat e kan\u00eb lidhur thelbin e saj me nj\u00eb num\u00ebr t\u00eb madh pik\u00ebpyetjesh p\u00ebr karakterin dhe natyr\u00ebn e k\u00ebtij zhvillimi. Nga ana e tje\u00ebr, \u00ebsht\u00eb e ar\u00ebsyeshme q\u00eb ngarkes\u00ebn m\u00eb t\u00eb r\u00ebnd\u00ebsishme t\u00eb interpretimit t\u00eb tyre t\u2019a mbaj\u00eb fusha e mendimit analitik historik si nj\u00eb terren me specifik\u00ebn e vet t\u00eb p\u00ebrcaktuar, ku g\u00ebrshetohen problemet e ndryshme t\u00eb historiografis\u00eb, veprat e shkruara madhore dhe autor\u00ebt e tyre.<\/p>\n<p>N\u00eb l\u00ebm\u00eb t\u00eb k\u00ebrkimeve shkencore historike mund t\u00eb v\u00ebrehen librat e rinj nga autor\u00eb, q\u00eb me pun\u00eb k\u00ebmb\u00ebngul\u00ebse e pa zhurm\u00eb, arrijn\u00eb t\u00eb na japin veshtrime t\u00eb reja t\u00eb temave q\u00eb ato rrokin me mendjen dhe pend\u00ebn e palodhur. I till\u00eb \u00ebsht\u00eb edhe studiuesi Gjon Frani Ivezaj me librin e ri: \u201cCop\u00ebza historie komb\u00ebtare\u201d (New York, 2012)<\/p>\n<p>Studiuesi Ivezaj i takon njer\u00ebzve q\u00eb punojn\u00eb n\u00eb heshtje plot pasion dhe k\u00ebmb\u00ebngulje. Si bir kreshnik i trevave t\u00eb pushk\u00ebs, bes\u00ebs, bujaris\u00eb, urt\u00ebsis\u00eb, atdhedashuris\u00eb Prof. Gjon Fran Ivezaj, \u00ebsht\u00eb i etur p\u00ebr t\u00eb nxjerr\u00eb n\u00eb drit\u00eb t\u00eb fshehtat e shekujve, duke u marr\u00eb n\u00eb m\u00ebnyr\u00eb intensive me k\u00ebrkime shkencore n\u00eb l\u00ebmin e historis\u00eb s\u00eb Mal\u00ebsis\u00eb.<\/p>\n<p>Ne shqiptar\u00ebt ndihemi krenar p\u00ebr prejardhjen ton\u00eb Iliro-Pellasgiane, mbasi kemi qen\u00eb gjithmon\u00eb nj\u00eb popull paq\u00ebsor, mbrojt\u00ebs t\u00eb mir\u00eb t\u00eb vetvet\u00ebs dhe kurr\u00eb nuk kemi sulmuar asnj\u00eb nga fqinj\u00ebt tan\u00eb.<\/p>\n<p>N\u00eb hyrje hulumtuesi flet me dashuri p\u00ebr paraardh\u00ebsit tan\u00eb Ilir\u00ebt si krenaria e jon\u00eb nd\u00ebr shekuj. Ai shfleton faqet e lavdishme t\u00eb popullit tone, duke sjell\u00eb figur\u00ebn e madhe t\u00eb Gjergj Gjon Kastrioti (1405-1468) si Atlet i Krishtit e Kryetrim i Arb\u00ebris\u00eb. Me shum\u00eb k\u00ebnaq\u00ebsi mund t\u00eb lexohen shkrimet historike p\u00ebr At Frang Bardhi dijetar i shquar i tok\u00ebs s\u00eb Arb\u00ebrit, At Gjergj Fishta, poet komb\u00ebtar i shqiptar\u00ebve, E Lumja N\u00ebn\u00eb Tereza simbol i mir\u00ebsis\u00eb njer\u00ebzore, Smajl Martini Ivezaj i Grud\u00ebs, Kryengritjen e Mal\u00ebsis\u00eb t\u00eb vitit 1911 dhe fatosin e liris\u00eb kryetrimi Ded\u00eb Gjon Luli, Zef Prela Ivezaj, Pretash Zeka Ulaj, Gjelosh Frangu Gjelaj, Baca Nik\u00eb Gjokaj, Baca Kurti Gjokaj t\u00eb Grud\u00ebs, Mat Hasani Ivezaj i Grud\u00ebs, Gjeto Coku, Kapiten Gjelosh Luli, At Antoni Luli S.J. dhe kulmon me p\u00ebrshkrimin kushtuar heroit legjendar Prek Cali, q\u00eb ishte dhe mbeti bir i tok\u00ebs s\u00eb trimave p\u00ebr liri etj.<\/p>\n<p>Tashm\u00eb historia flet e do t\u00eb riflas\u00eb s\u00ebrisht n\u00eb t\u00eb ardhmen, se Mal\u00ebsia, ishte dhe mbeti nj\u00eb rojtar i p\u00ebrjetsh\u00ebm i fateve t\u00eb Shqip\u00ebris\u00eb. Ajo, ka qen\u00eb flamur frym\u00ebzimi i shqip\u00ebtaris\u00eb n\u00eb shekuj, duke u dalluar gjithnj\u00eb para \u00e7do stuhie t\u00eb madhe apo t\u00eb vog\u00ebl t\u00eb pushtuesve dhe e ka th\u00ebn\u00eb me dinjitet mal\u00ebsori fjal\u00ebn e saj me gryk\u00eb t\u00eb pushk\u00ebs ashtu si\u00e7 e kishte zakon dhe tradit\u00eb brez mbas brezi.<\/p>\n<p>M\u00eb 24 mars t\u00eb vitit 1911, Turgut Pasha, komandanti i ekspedit\u00ebs turke kund\u00ebr kryengrit\u00ebsve mal\u00ebsor\u00eb, shpalli tradhtar\u00eb disa prej burrave m\u00eb t\u00eb nderuar t\u00eb Mal\u00ebsis\u00eb s\u00eb Madhe. Sikurse shum\u00eb kerc\u00ebnime e vrasje t\u00eb tjera, q\u00eb u b\u00ebn\u00eb me autor\u00ebsin\u00eb e pushtuesit, nuk i zbrapsen trimat, q\u00eb t\u00eb marrin pjes\u00eb n\u00eb g\u00ebzimin shum\u00eb t\u00eb pritur, krah p\u00ebr krah me Hot, Grud\u00eb Kastrat, Shkrel e Shal\u00eb n\u00eb maj\u00ebn e Istikamit s\u00eb De\u00e7iqit, m\u00eb 6 prill 1911, ku me urdh\u00ebrin e trimit legjendar Ded\u00eb Gjon Luli, Nik\u00eb Gjelosh Luli, Gjon Ujk\u00eb Miculi dhe Pjet\u00ebr Zefi ngriten flamurin komb\u00ebtar shqiptar., sikurse shkruan studiuesi bashk\u00ebkohor Dr. Don Nik\u00eb Ukgjini n\u00eb monografin\u00eb kushtuar Kelmendit.<\/p>\n<p>Mal\u00ebsor\u00ebt n\u00eb vitin 1911 dhe Ded\u00eb Gjon Luli u b\u00ebn\u00eb z\u00ebdh\u00ebn\u00ebsit e drejt\u00ebp\u00ebrdrejt\u00eb t\u00eb Rilindjes Komb\u00ebtare dhe shpalos\u00ebn platformen e tyre p\u00ebr liri.<\/p>\n<p>N\u00eb t\u00eb nj\u00ebjt\u00ebn koh\u00eb, ata ishin vijues t\u00eb tradit\u00ebs s\u00eb tyre shekullore p\u00ebr rezistenc\u00eb ndaj pushtuesit shum\u00ebshekullor turk.<\/p>\n<p>Kryengritja e Mal\u00ebsis\u00eb s\u00eb Madhe e vitit 1911, e drejtuar me urti, guxim dhe trim\u00ebri nga Ded\u00eb Gjon Luli, nuk ishte rast\u00ebsi, por vijim normal i p\u00ebrpjekjeve t\u00eb pand\u00ebrprera t\u00eb mal\u00ebsor\u00ebve tan\u00eb dhe t\u00eb gjith\u00eb popullit shqiptar p\u00ebr t\u00eb jetuar t\u00eb lir\u00eb n\u00eb trojet e veta t\u00eb trash\u00ebguara brez pas brezi nga t\u00eb par\u00ebt e tyre.<\/p>\n<p>Duhet theksuar, se kur ekzistenca e Atdheut t\u00eb lasht\u00eb ishte n\u00eb rrezik nga pesha e pushtimit t\u00eb gjat\u00eb dhe nga situatat politike t\u00eb koh\u00ebs, n\u00ebn shembullin e heronjve iliro-arb\u00ebror\u00eb t\u00eb k\u00ebsaj toke, n\u00eb sken\u00ebn e p\u00ebrgjakshme t\u00eb Ballkanit, n\u00eb Malin De\u00e7i\u00e7, ngjitet Ded\u00eb Gjon Luli si fuqi shpirt\u00ebrore dhe ushtarake e nj\u00eb populli q\u00eb do t\u00eb p\u00ebrballet me barbar\u00ebt mizor\u00eb otoman.<\/p>\n<p>Me pushk\u00ebn e q\u00ebndres\u00ebs dhe simbolin komb\u00ebtar flamurin kuq e zi n\u00eb dor\u00eb, ai do t\u2019i p\u00ebrcillte bot\u00ebs mbar\u00eb kumtin e kryetrimit t\u00eb Arb\u00ebris\u00eb Gjergj Gjon Kastriotit, se kjo tok\u00eb e lar\u00eb nd\u00ebr shekuj me gjak trimash iliro-arb\u00ebror ka zot, se kjo tok\u00eb ka bijt e vet mal\u00ebsor\u00eb t\u00eb past\u00ebr shqiptar\u00eb.<\/p>\n","protected":false},"excerpt":{"rendered":"<p>(New York, 2012), t\u00eb studiuesit historian Gjon Frani Ivezaj Dr. Gjon Kodra N\u00eb t\u00ebr\u00ebsi historia bot\u00ebrore dhe ajo shqiptare n\u00eb ve\u00e7anti ka patur n\u00eb zhvillimin e saj shekullor, nj\u00eb zinxhir t\u00eb gjat\u00eb trajtesash, interpretimesh dhe k\u00ebndv\u00ebshtrime t\u00eb larmishme, t\u00eb cilat e kan\u00eb lidhur thelbin e saj me nj\u00eb num\u00ebr t\u00eb madh pik\u00ebpyetjesh p\u00ebr karakterin dhe [&hellip;]<\/p>\n","protected":false},"author":1,"featured_media":0,"comment_status":"open","ping_status":"closed","sticky":false,"template":"","format":"standard","meta":{"footnotes":""},"categories":[2],"tags":[],"class_list":{"0":"post-2501","1":"post","2":"type-post","3":"status-publish","4":"format-standard","6":"category-artikuj"},"yoast_head":"<!-- This site is optimized with the Yoast SEO plugin v27.4 - https:\/\/yoast.com\/product\/yoast-seo-wordpress\/ -->\n<title>Mendime rreth librit t\u00eb ri: \u201cCop\u00ebza historie komb\u00ebtare\u201d - FjALA e LIR\u00cb - Arkivi<\/title>\n<meta name=\"robots\" content=\"index, follow, max-snippet:-1, max-image-preview:large, max-video-preview:-1\" \/>\n<link rel=\"canonical\" href=\"https:\/\/fjala.info\/2009-2015\/mendime-rreth-librit-te-ri-copeza-historie-kombetare\/\" \/>\n<meta property=\"og:locale\" content=\"sq_AL\" \/>\n<meta property=\"og:type\" content=\"article\" \/>\n<meta property=\"og:title\" content=\"Mendime rreth librit t\u00eb ri: \u201cCop\u00ebza historie komb\u00ebtare\u201d - FjALA e LIR\u00cb - Arkivi\" \/>\n<meta property=\"og:description\" content=\"(New York, 2012), t\u00eb studiuesit historian Gjon Frani Ivezaj Dr. Gjon Kodra N\u00eb t\u00ebr\u00ebsi historia bot\u00ebrore dhe ajo shqiptare n\u00eb ve\u00e7anti ka patur n\u00eb zhvillimin e saj shekullor, nj\u00eb zinxhir t\u00eb gjat\u00eb trajtesash, interpretimesh dhe k\u00ebndv\u00ebshtrime t\u00eb larmishme, t\u00eb cilat e kan\u00eb lidhur thelbin e saj me nj\u00eb num\u00ebr t\u00eb madh pik\u00ebpyetjesh p\u00ebr karakterin dhe [&hellip;]\" \/>\n<meta property=\"og:url\" content=\"https:\/\/fjala.info\/2009-2015\/mendime-rreth-librit-te-ri-copeza-historie-kombetare\/\" \/>\n<meta property=\"og:site_name\" content=\"FjALA e LIR\u00cb - Arkivi\" \/>\n<meta property=\"article:published_time\" content=\"2012-04-15T07:41:30+00:00\" \/>\n<meta name=\"author\" content=\"admin\" \/>\n<meta name=\"twitter:card\" content=\"summary_large_image\" \/>\n<meta name=\"twitter:label1\" content=\"Written by\" \/>\n\t<meta name=\"twitter:data1\" content=\"admin\" \/>\n\t<meta name=\"twitter:label2\" content=\"Est. reading time\" \/>\n\t<meta name=\"twitter:data2\" content=\"5 minutes\" \/>\n<script type=\"application\/ld+json\" class=\"yoast-schema-graph\">{\"@context\":\"https:\\\/\\\/schema.org\",\"@graph\":[{\"@type\":\"Article\",\"@id\":\"https:\\\/\\\/fjala.info\\\/2009-2015\\\/mendime-rreth-librit-te-ri-copeza-historie-kombetare\\\/#article\",\"isPartOf\":{\"@id\":\"https:\\\/\\\/fjala.info\\\/2009-2015\\\/mendime-rreth-librit-te-ri-copeza-historie-kombetare\\\/\"},\"author\":{\"name\":\"admin\",\"@id\":\"https:\\\/\\\/fjala.info\\\/2009-2015\\\/#\\\/schema\\\/person\\\/3aa1163ef05469c496fc94e77611ada2\"},\"headline\":\"Mendime rreth librit t\u00eb ri: \u201cCop\u00ebza historie komb\u00ebtare\u201d\",\"datePublished\":\"2012-04-15T07:41:30+00:00\",\"mainEntityOfPage\":{\"@id\":\"https:\\\/\\\/fjala.info\\\/2009-2015\\\/mendime-rreth-librit-te-ri-copeza-historie-kombetare\\\/\"},\"wordCount\":930,\"commentCount\":0,\"publisher\":{\"@id\":\"https:\\\/\\\/fjala.info\\\/2009-2015\\\/#organization\"},\"articleSection\":[\"Artikuj\"],\"inLanguage\":\"sq-AL\",\"potentialAction\":[{\"@type\":\"CommentAction\",\"name\":\"Comment\",\"target\":[\"https:\\\/\\\/fjala.info\\\/2009-2015\\\/mendime-rreth-librit-te-ri-copeza-historie-kombetare\\\/#respond\"]}]},{\"@type\":\"WebPage\",\"@id\":\"https:\\\/\\\/fjala.info\\\/2009-2015\\\/mendime-rreth-librit-te-ri-copeza-historie-kombetare\\\/\",\"url\":\"https:\\\/\\\/fjala.info\\\/2009-2015\\\/mendime-rreth-librit-te-ri-copeza-historie-kombetare\\\/\",\"name\":\"Mendime rreth librit t\u00eb ri: \u201cCop\u00ebza historie komb\u00ebtare\u201d - FjALA e LIR\u00cb - Arkivi\",\"isPartOf\":{\"@id\":\"https:\\\/\\\/fjala.info\\\/2009-2015\\\/#website\"},\"datePublished\":\"2012-04-15T07:41:30+00:00\",\"breadcrumb\":{\"@id\":\"https:\\\/\\\/fjala.info\\\/2009-2015\\\/mendime-rreth-librit-te-ri-copeza-historie-kombetare\\\/#breadcrumb\"},\"inLanguage\":\"sq-AL\",\"potentialAction\":[{\"@type\":\"ReadAction\",\"target\":[\"https:\\\/\\\/fjala.info\\\/2009-2015\\\/mendime-rreth-librit-te-ri-copeza-historie-kombetare\\\/\"]}]},{\"@type\":\"BreadcrumbList\",\"@id\":\"https:\\\/\\\/fjala.info\\\/2009-2015\\\/mendime-rreth-librit-te-ri-copeza-historie-kombetare\\\/#breadcrumb\",\"itemListElement\":[{\"@type\":\"ListItem\",\"position\":1,\"name\":\"Home\",\"item\":\"https:\\\/\\\/fjala.info\\\/2009-2015\\\/\"},{\"@type\":\"ListItem\",\"position\":2,\"name\":\"Mendime rreth librit t\u00eb ri: \u201cCop\u00ebza historie komb\u00ebtare\u201d\"}]},{\"@type\":\"WebSite\",\"@id\":\"https:\\\/\\\/fjala.info\\\/2009-2015\\\/#website\",\"url\":\"https:\\\/\\\/fjala.info\\\/2009-2015\\\/\",\"name\":\"FjALA e LIR\u00cb - Arkivi\",\"description\":\"Arkivi 2009-2015\",\"publisher\":{\"@id\":\"https:\\\/\\\/fjala.info\\\/2009-2015\\\/#organization\"},\"potentialAction\":[{\"@type\":\"SearchAction\",\"target\":{\"@type\":\"EntryPoint\",\"urlTemplate\":\"https:\\\/\\\/fjala.info\\\/2009-2015\\\/?s={search_term_string}\"},\"query-input\":{\"@type\":\"PropertyValueSpecification\",\"valueRequired\":true,\"valueName\":\"search_term_string\"}}],\"inLanguage\":\"sq-AL\"},{\"@type\":\"Organization\",\"@id\":\"https:\\\/\\\/fjala.info\\\/2009-2015\\\/#organization\",\"name\":\"FjALA e LIR\u00cb - Arkivi\",\"url\":\"https:\\\/\\\/fjala.info\\\/2009-2015\\\/\",\"logo\":{\"@type\":\"ImageObject\",\"inLanguage\":\"sq-AL\",\"@id\":\"https:\\\/\\\/fjala.info\\\/2009-2015\\\/#\\\/schema\\\/logo\\\/image\\\/\",\"url\":\"\",\"contentUrl\":\"\",\"caption\":\"FjALA e LIR\u00cb - Arkivi\"},\"image\":{\"@id\":\"https:\\\/\\\/fjala.info\\\/2009-2015\\\/#\\\/schema\\\/logo\\\/image\\\/\"}},{\"@type\":\"Person\",\"@id\":\"https:\\\/\\\/fjala.info\\\/2009-2015\\\/#\\\/schema\\\/person\\\/3aa1163ef05469c496fc94e77611ada2\",\"name\":\"admin\",\"image\":{\"@type\":\"ImageObject\",\"inLanguage\":\"sq-AL\",\"@id\":\"https:\\\/\\\/fjala.info\\\/2009-2015\\\/wp-content\\\/uploads\\\/2012\\\/02\\\/arben_cokaj-120x150.jpg\",\"url\":\"https:\\\/\\\/fjala.info\\\/2009-2015\\\/wp-content\\\/uploads\\\/2012\\\/02\\\/arben_cokaj-120x150.jpg\",\"contentUrl\":\"https:\\\/\\\/fjala.info\\\/2009-2015\\\/wp-content\\\/uploads\\\/2012\\\/02\\\/arben_cokaj-120x150.jpg\",\"caption\":\"admin\"},\"description\":\"Admin, Fjala e Lir\u00eb\",\"sameAs\":[\"https:\\\/\\\/fjala.info\\\/\"],\"url\":\"https:\\\/\\\/fjala.info\\\/2009-2015\\\/author\\\/admin\\\/\"}]}<\/script>\n<!-- \/ Yoast SEO plugin. -->","yoast_head_json":{"title":"Mendime rreth librit t\u00eb ri: \u201cCop\u00ebza historie komb\u00ebtare\u201d - FjALA e LIR\u00cb - Arkivi","robots":{"index":"index","follow":"follow","max-snippet":"max-snippet:-1","max-image-preview":"max-image-preview:large","max-video-preview":"max-video-preview:-1"},"canonical":"https:\/\/fjala.info\/2009-2015\/mendime-rreth-librit-te-ri-copeza-historie-kombetare\/","og_locale":"sq_AL","og_type":"article","og_title":"Mendime rreth librit t\u00eb ri: \u201cCop\u00ebza historie komb\u00ebtare\u201d - FjALA e LIR\u00cb - Arkivi","og_description":"(New York, 2012), t\u00eb studiuesit historian Gjon Frani Ivezaj Dr. Gjon Kodra N\u00eb t\u00ebr\u00ebsi historia bot\u00ebrore dhe ajo shqiptare n\u00eb ve\u00e7anti ka patur n\u00eb zhvillimin e saj shekullor, nj\u00eb zinxhir t\u00eb gjat\u00eb trajtesash, interpretimesh dhe k\u00ebndv\u00ebshtrime t\u00eb larmishme, t\u00eb cilat e kan\u00eb lidhur thelbin e saj me nj\u00eb num\u00ebr t\u00eb madh pik\u00ebpyetjesh p\u00ebr karakterin dhe [&hellip;]","og_url":"https:\/\/fjala.info\/2009-2015\/mendime-rreth-librit-te-ri-copeza-historie-kombetare\/","og_site_name":"FjALA e LIR\u00cb - Arkivi","article_published_time":"2012-04-15T07:41:30+00:00","author":"admin","twitter_card":"summary_large_image","twitter_misc":{"Written by":"admin","Est. reading time":"5 minutes"},"schema":{"@context":"https:\/\/schema.org","@graph":[{"@type":"Article","@id":"https:\/\/fjala.info\/2009-2015\/mendime-rreth-librit-te-ri-copeza-historie-kombetare\/#article","isPartOf":{"@id":"https:\/\/fjala.info\/2009-2015\/mendime-rreth-librit-te-ri-copeza-historie-kombetare\/"},"author":{"name":"admin","@id":"https:\/\/fjala.info\/2009-2015\/#\/schema\/person\/3aa1163ef05469c496fc94e77611ada2"},"headline":"Mendime rreth librit t\u00eb ri: \u201cCop\u00ebza historie komb\u00ebtare\u201d","datePublished":"2012-04-15T07:41:30+00:00","mainEntityOfPage":{"@id":"https:\/\/fjala.info\/2009-2015\/mendime-rreth-librit-te-ri-copeza-historie-kombetare\/"},"wordCount":930,"commentCount":0,"publisher":{"@id":"https:\/\/fjala.info\/2009-2015\/#organization"},"articleSection":["Artikuj"],"inLanguage":"sq-AL","potentialAction":[{"@type":"CommentAction","name":"Comment","target":["https:\/\/fjala.info\/2009-2015\/mendime-rreth-librit-te-ri-copeza-historie-kombetare\/#respond"]}]},{"@type":"WebPage","@id":"https:\/\/fjala.info\/2009-2015\/mendime-rreth-librit-te-ri-copeza-historie-kombetare\/","url":"https:\/\/fjala.info\/2009-2015\/mendime-rreth-librit-te-ri-copeza-historie-kombetare\/","name":"Mendime rreth librit t\u00eb ri: \u201cCop\u00ebza historie komb\u00ebtare\u201d - FjALA e LIR\u00cb - Arkivi","isPartOf":{"@id":"https:\/\/fjala.info\/2009-2015\/#website"},"datePublished":"2012-04-15T07:41:30+00:00","breadcrumb":{"@id":"https:\/\/fjala.info\/2009-2015\/mendime-rreth-librit-te-ri-copeza-historie-kombetare\/#breadcrumb"},"inLanguage":"sq-AL","potentialAction":[{"@type":"ReadAction","target":["https:\/\/fjala.info\/2009-2015\/mendime-rreth-librit-te-ri-copeza-historie-kombetare\/"]}]},{"@type":"BreadcrumbList","@id":"https:\/\/fjala.info\/2009-2015\/mendime-rreth-librit-te-ri-copeza-historie-kombetare\/#breadcrumb","itemListElement":[{"@type":"ListItem","position":1,"name":"Home","item":"https:\/\/fjala.info\/2009-2015\/"},{"@type":"ListItem","position":2,"name":"Mendime rreth librit t\u00eb ri: \u201cCop\u00ebza historie komb\u00ebtare\u201d"}]},{"@type":"WebSite","@id":"https:\/\/fjala.info\/2009-2015\/#website","url":"https:\/\/fjala.info\/2009-2015\/","name":"FjALA e LIR\u00cb - Arkivi","description":"Arkivi 2009-2015","publisher":{"@id":"https:\/\/fjala.info\/2009-2015\/#organization"},"potentialAction":[{"@type":"SearchAction","target":{"@type":"EntryPoint","urlTemplate":"https:\/\/fjala.info\/2009-2015\/?s={search_term_string}"},"query-input":{"@type":"PropertyValueSpecification","valueRequired":true,"valueName":"search_term_string"}}],"inLanguage":"sq-AL"},{"@type":"Organization","@id":"https:\/\/fjala.info\/2009-2015\/#organization","name":"FjALA e LIR\u00cb - Arkivi","url":"https:\/\/fjala.info\/2009-2015\/","logo":{"@type":"ImageObject","inLanguage":"sq-AL","@id":"https:\/\/fjala.info\/2009-2015\/#\/schema\/logo\/image\/","url":"","contentUrl":"","caption":"FjALA e LIR\u00cb - Arkivi"},"image":{"@id":"https:\/\/fjala.info\/2009-2015\/#\/schema\/logo\/image\/"}},{"@type":"Person","@id":"https:\/\/fjala.info\/2009-2015\/#\/schema\/person\/3aa1163ef05469c496fc94e77611ada2","name":"admin","image":{"@type":"ImageObject","inLanguage":"sq-AL","@id":"https:\/\/fjala.info\/2009-2015\/wp-content\/uploads\/2012\/02\/arben_cokaj-120x150.jpg","url":"https:\/\/fjala.info\/2009-2015\/wp-content\/uploads\/2012\/02\/arben_cokaj-120x150.jpg","contentUrl":"https:\/\/fjala.info\/2009-2015\/wp-content\/uploads\/2012\/02\/arben_cokaj-120x150.jpg","caption":"admin"},"description":"Admin, Fjala e Lir\u00eb","sameAs":["https:\/\/fjala.info\/"],"url":"https:\/\/fjala.info\/2009-2015\/author\/admin\/"}]}},"_links":{"self":[{"href":"https:\/\/fjala.info\/2009-2015\/wp-json\/wp\/v2\/posts\/2501","targetHints":{"allow":["GET"]}}],"collection":[{"href":"https:\/\/fjala.info\/2009-2015\/wp-json\/wp\/v2\/posts"}],"about":[{"href":"https:\/\/fjala.info\/2009-2015\/wp-json\/wp\/v2\/types\/post"}],"author":[{"embeddable":true,"href":"https:\/\/fjala.info\/2009-2015\/wp-json\/wp\/v2\/users\/1"}],"replies":[{"embeddable":true,"href":"https:\/\/fjala.info\/2009-2015\/wp-json\/wp\/v2\/comments?post=2501"}],"version-history":[{"count":0,"href":"https:\/\/fjala.info\/2009-2015\/wp-json\/wp\/v2\/posts\/2501\/revisions"}],"wp:attachment":[{"href":"https:\/\/fjala.info\/2009-2015\/wp-json\/wp\/v2\/media?parent=2501"}],"wp:term":[{"taxonomy":"category","embeddable":true,"href":"https:\/\/fjala.info\/2009-2015\/wp-json\/wp\/v2\/categories?post=2501"},{"taxonomy":"post_tag","embeddable":true,"href":"https:\/\/fjala.info\/2009-2015\/wp-json\/wp\/v2\/tags?post=2501"}],"curies":[{"name":"wp","href":"https:\/\/api.w.org\/{rel}","templated":true}]}}