{"id":2497,"date":"2012-04-14T21:55:11","date_gmt":"2012-04-14T20:55:11","guid":{"rendered":"http:\/\/fjala.shkoder.net\/?p=2497"},"modified":"2012-04-14T21:55:11","modified_gmt":"2012-04-14T20:55:11","slug":"imituesi-lindor-i-perendimit","status":"publish","type":"post","link":"https:\/\/fjala.info\/2009-2015\/imituesi-lindor-i-perendimit\/","title":{"rendered":"Imituesi lindor i Per\u00ebndimit"},"content":{"rendered":"<p><img decoding=\"async\" class=\"alignright size-thumbnail wp-image-7236\" title=\"Mero Baze\" src=\"http:\/\/www.shkoder.net\/images\/fjala\/mero_baze1.jpg\" alt=\"\" width=\"150\" \/> Nga <strong>Mero Baze<\/strong>, <em>14 Prill 2012<\/em><\/p>\n<p>Sali Berisha ka shkuar n\u00eb Afganistan, pran\u00eb trupave tona komando. \u00cbsht\u00eb nj\u00eb gjest q\u00eb e b\u00ebn \u00e7do kryeminist\u00ebr i vendeve t\u00eb cil\u00ebt \u00e7ojn\u00eb trupa ne k\u00ebto misione. Ajo q\u00eb t\u00ebrhoqi v\u00ebmendjen n\u00eb k\u00ebt\u00eb rast ishte se media e tij e zbuloi lajmin si \u201csekret\u201d, nd\u00ebrkoh\u00eb q\u00eb Berisha ishte ende atje, \u00e7ka do t\u00eb thot\u00eb se n\u00eb k\u00ebt\u00eb shpikje nuk kishte m\u00eb asgj\u00eb sekrete. E gjitha \u00ebsht\u00eb nj\u00eb p\u00ebrpjekje p\u00ebr t\u00eb imituar lider\u00ebt per\u00ebndimor\u00eb t\u00eb r\u00ebnd\u00ebsish\u00ebm, ata t\u00eb cil\u00ebt v\u00ebn\u00eb n\u00eb l\u00ebvizje v\u00ebrtet ushtri t\u00eb madhe dhe shpallin luft\u00eb ndaj disa regjimeve, si\u00e7 jan\u00eb zakonisht lider\u00ebt e SHBA-s\u00eb, Britans\u00eb s\u00eb Madhe dhe n\u00eb ndonj\u00eb rast m\u00eb t\u00eb rrall\u00eb p\u00ebr shkak t\u00eb polemikave anti-luft\u00eb lider\u00ebt e Franc\u00ebs dhe Gjermanis\u00eb.<\/p>\n<p>Sali Berisha \u00ebsht\u00eb kryeminist\u00ebr i nj\u00eb vendi q\u00eb as nis ndonj\u00eb luft\u00eb dhe as kund\u00ebrshton ndonj\u00eb luft\u00eb. Ne jemi pjes\u00eb e Aleanc\u00ebs s\u00eb NATO-s dhe jemi atje p\u00ebr k\u00ebt\u00eb shkak. Jemi si\u00e7 dihet pjesa m\u00eb e dob\u00ebt e atyre trupave q\u00eb jan\u00eb atje, pasi n\u00eb vend t\u00eb ushtar\u00ebve profesionist\u00eb, shpesh nisim v\u00ebllain e Shefit Shtabit si kuzhinier, apo t\u00eb tjer\u00eb q\u00eb paguajn\u00eb n\u00ebn dor\u00eb q\u00eb t\u00eb shtojn\u00eb t\u00eb ardhurat nga rroga e lart\u00eb.<\/p>\n<p>P\u00ebrgjith\u00ebsisht aty ku shkojm\u00eb b\u00ebjm\u00eb pun\u00eb t\u00eb r\u00ebndomta, si n\u00eb prapavij\u00eb apo shoq\u00ebrues misionesh dhe jemi gjithmon\u00eb n\u00ebn komand\u00ebn e nj\u00eb vendi tjet\u00ebr. D\u00ebshmori yn\u00eb i vet\u00ebm n\u00eb k\u00ebto misione, \u00ebsht\u00eb nj\u00eb djal\u00eb i pafajsh\u00ebm, q\u00eb shkoi aty te mblidhte lek p\u00ebr te blere sht\u00ebpi, dhe mbeti i vrar\u00eb nga nj\u00eb sulm i beft\u00eb i nj\u00eb ushtari afgan, me t\u00eb cilin kishin b\u00ebr\u00eb fjal\u00eb m\u00eb par\u00eb. P\u00ebrve\u00e7 respektit p\u00ebr jet\u00ebn e humbur t\u00eb ushtarit, ne nuk kemi asnj\u00eb ndjesi krenarie apo turpi p\u00ebr at\u00eb \u00e7far\u00eb na p\u00ebrfaq\u00ebson n\u00eb Afganistan.<\/p>\n<p>Por, Sali Berisha nuk ka shkuar aty se e ndjen k\u00ebt\u00eb si nj\u00eb detyrim q\u00eb i rrit prestigjin brenda vendit . K\u00ebtu maksimumi vizita e tij mund t\u2019i kujtoj\u00eb ndonj\u00eb familjeje t\u00eb varf\u00ebr se ka paguar para p\u00ebr t\u00eb nisur djalin ushtar. I izoluar ndjesh\u00ebm nga vendet per\u00ebndimore si nj\u00eb lider autokrat, q\u00eb po rr\u00ebmben gjith\u00eb pushtetet n\u00eb vendin e tij dhe po e \u00e7on at\u00eb drejt kriz\u00ebs, Berisha ka nevoj\u00eb t\u00eb t\u00ebrheq\u00eb v\u00ebmendjen se ai po i sh\u00ebrben Per\u00ebndimit me ushtar\u00eb. Ai ka nevoj\u00eb t\u2019u tregoj\u00eb atyre q\u00eb nuk e presin as n\u00eb kafe, se qytetar\u00ebt e vendit t\u00eb tij po rrezikojn\u00eb p\u00ebr vlerat per\u00ebndimore n\u00eb disa misione paqeruajt\u00ebse, dhe kjo fal\u00eb tij.<\/p>\n<p>I orientuar s\u00eb fundmi t\u00ebr\u00ebsisht drejt lindjes jodemokratike, i marrepsur pas modelit t\u00eb Azerbajxhanit, Turqis\u00eb e Hungaris\u00eb dhe lider\u00ebve t\u00eb tyre, ai ka nevoj\u00eb t\u00eb imitoj\u00eb s\u00eb paku p\u00ebr publikun e vet lider\u00ebt e r\u00ebnd\u00ebsish\u00ebm per\u00ebndimor\u00eb, ata q\u00eb zbresin me AIR ONE, apo me helikopter\u00eb Apache n\u00eb Afganistan, ka nevoj\u00eb t\u00eb duket se ai \u00ebsht\u00eb i rrezikuar nga armiqt\u00eb e per\u00ebndimit, ka nevoj\u00eb t\u00eb thot\u00eb se \u201cDit\u00ebn e Pashk\u00ebs n\u00eb Drek\u00eb\u2026\u201d, ai shkoi n\u00eb nj\u00eb vend mysliman, ku ai ndjehet i rrezikuar.<\/p>\n<p>Ka shum\u00eb teatralitet dhe fallcitet n\u00eb gjith\u00eb k\u00ebt\u00eb udh\u00ebtim q\u00eb \u201cdekonspirimi\u201d si sekret, nd\u00ebrkoh\u00eb q\u00eb ai \u00ebsht\u00eb ende atje, e b\u00ebn t\u00ebr\u00ebsisht qesharak. \u00cbsht\u00eb makthi dhe dilemat e nj\u00eb udh\u00ebheq\u00ebsi lindor q\u00eb e b\u00ebjn\u00eb at\u00eb t\u00eb jet\u00eb i dyzuar, n\u00eb distanc\u00ebn e p\u00ebrditshme q\u00eb krijon me Per\u00ebndimin n\u00eb vendin e tij. \u00cbsht\u00eb dyshimi hilacak q\u00eb ka nj\u00eb lider lindor, se mos nj\u00eb dit\u00eb ai do t\u00eb konsiderohet t\u00ebr\u00ebsisht antiper\u00ebndimor dhe ndoshta mund t\u00eb rid\u00ebrgohet nj\u00eb mision paqeruajt\u00ebs kund\u00ebr tij, si n\u00eb vitin 1997. \u00cbsht\u00eb duke u p\u00ebrpjekur t\u00eb ket\u00eb ende nj\u00eb lidhje me Per\u00ebndimin, n\u00ebse jo thelb\u00ebsore dhe t\u00eb sinqert\u00eb, s\u00eb paku si imitues i lider\u00ebve per\u00ebndimor\u00eb n\u00eb situata t\u00eb tilla.<\/p>\n<p>\u00cbsht\u00eb rasti t\u00eb tregoj\u00eb se ka di\u00e7ka n\u00eb dor\u00eb, se po b\u00ebn di\u00e7ka nj\u00ebsoj si per\u00ebndimor\u00ebt, se kan\u00eb diku ndonj\u00eb armik t\u00eb p\u00ebrbashk\u00ebt ndaj duhet ta ..tolerojn\u00eb. \u00cbsht\u00eb ky makth q\u00eb e ka nisur n\u00eb k\u00ebt\u00eb udh\u00ebtim t\u00eb zhurmsh\u00ebm \u201csekret\u201d, me t\u00eb cilin m\u00eb shum\u00eb se sa ne k\u00ebtu n\u00eb Tiran\u00eb, po p\u00ebrpiqet t\u00eb b\u00ebj\u00eb q\u00eb ndonj\u00eb kok\u00eb per\u00ebndimore, t\u00eb kthej\u00eb v\u00ebshtrimin nga ai dhe ta p\u00ebrsh\u00ebndes\u00eb. \u00cbsht\u00eb n\u00eb dilem\u00ebn e madhe kur Per\u00ebndimi i duhet vet\u00ebm p\u00ebr fasad\u00eb, vet\u00ebm si imitim, vet\u00ebm si nj\u00eb arsye p\u00ebr t\u00eb q\u00ebndruar n\u00eb pushtet duke imituar Lindjen n\u00eb qeverisjen civile dhe Per\u00ebndimin n\u00eb Parad\u00eb ushtarake.<\/p>\n","protected":false},"excerpt":{"rendered":"<p>Nga Mero Baze, 14 Prill 2012 Sali Berisha ka shkuar n\u00eb Afganistan, pran\u00eb trupave tona komando. \u00cbsht\u00eb nj\u00eb gjest q\u00eb e b\u00ebn \u00e7do kryeminist\u00ebr i vendeve t\u00eb cil\u00ebt \u00e7ojn\u00eb trupa ne k\u00ebto misione. Ajo q\u00eb t\u00ebrhoqi v\u00ebmendjen n\u00eb k\u00ebt\u00eb rast ishte se media e tij e zbuloi lajmin si \u201csekret\u201d, nd\u00ebrkoh\u00eb q\u00eb Berisha ishte ende [&hellip;]<\/p>\n","protected":false},"author":1,"featured_media":0,"comment_status":"open","ping_status":"closed","sticky":false,"template":"","format":"standard","meta":{"footnotes":""},"categories":[2],"tags":[],"class_list":{"0":"post-2497","1":"post","2":"type-post","3":"status-publish","4":"format-standard","6":"category-artikuj"},"yoast_head":"<!-- This site is optimized with the Yoast SEO plugin v27.4 - https:\/\/yoast.com\/product\/yoast-seo-wordpress\/ -->\n<title>Imituesi lindor i Per\u00ebndimit - FjALA e LIR\u00cb - Arkivi<\/title>\n<meta name=\"robots\" content=\"index, follow, max-snippet:-1, max-image-preview:large, max-video-preview:-1\" \/>\n<link rel=\"canonical\" href=\"https:\/\/fjala.info\/2009-2015\/imituesi-lindor-i-perendimit\/\" \/>\n<meta property=\"og:locale\" content=\"sq_AL\" \/>\n<meta property=\"og:type\" content=\"article\" \/>\n<meta property=\"og:title\" content=\"Imituesi lindor i Per\u00ebndimit - FjALA e LIR\u00cb - Arkivi\" \/>\n<meta property=\"og:description\" content=\"Nga Mero Baze, 14 Prill 2012 Sali Berisha ka shkuar n\u00eb Afganistan, pran\u00eb trupave tona komando. \u00cbsht\u00eb nj\u00eb gjest q\u00eb e b\u00ebn \u00e7do kryeminist\u00ebr i vendeve t\u00eb cil\u00ebt \u00e7ojn\u00eb trupa ne k\u00ebto misione. Ajo q\u00eb t\u00ebrhoqi v\u00ebmendjen n\u00eb k\u00ebt\u00eb rast ishte se media e tij e zbuloi lajmin si \u201csekret\u201d, nd\u00ebrkoh\u00eb q\u00eb Berisha ishte ende [&hellip;]\" \/>\n<meta property=\"og:url\" content=\"https:\/\/fjala.info\/2009-2015\/imituesi-lindor-i-perendimit\/\" \/>\n<meta property=\"og:site_name\" content=\"FjALA e LIR\u00cb - Arkivi\" \/>\n<meta property=\"article:published_time\" content=\"2012-04-14T20:55:11+00:00\" \/>\n<meta property=\"og:image\" content=\"http:\/\/www.shkoder.net\/images\/fjala\/mero_baze1.jpg\" \/>\n<meta name=\"author\" content=\"admin\" \/>\n<meta name=\"twitter:card\" content=\"summary_large_image\" \/>\n<meta name=\"twitter:label1\" content=\"Written by\" \/>\n\t<meta name=\"twitter:data1\" content=\"admin\" \/>\n\t<meta name=\"twitter:label2\" content=\"Est. reading time\" \/>\n\t<meta name=\"twitter:data2\" content=\"4 minutes\" \/>\n<script type=\"application\/ld+json\" class=\"yoast-schema-graph\">{\"@context\":\"https:\\\/\\\/schema.org\",\"@graph\":[{\"@type\":\"Article\",\"@id\":\"https:\\\/\\\/fjala.info\\\/2009-2015\\\/imituesi-lindor-i-perendimit\\\/#article\",\"isPartOf\":{\"@id\":\"https:\\\/\\\/fjala.info\\\/2009-2015\\\/imituesi-lindor-i-perendimit\\\/\"},\"author\":{\"name\":\"admin\",\"@id\":\"https:\\\/\\\/fjala.info\\\/2009-2015\\\/#\\\/schema\\\/person\\\/3aa1163ef05469c496fc94e77611ada2\"},\"headline\":\"Imituesi lindor i Per\u00ebndimit\",\"datePublished\":\"2012-04-14T20:55:11+00:00\",\"mainEntityOfPage\":{\"@id\":\"https:\\\/\\\/fjala.info\\\/2009-2015\\\/imituesi-lindor-i-perendimit\\\/\"},\"wordCount\":830,\"commentCount\":1,\"publisher\":{\"@id\":\"https:\\\/\\\/fjala.info\\\/2009-2015\\\/#organization\"},\"image\":{\"@id\":\"https:\\\/\\\/fjala.info\\\/2009-2015\\\/imituesi-lindor-i-perendimit\\\/#primaryimage\"},\"thumbnailUrl\":\"http:\\\/\\\/www.shkoder.net\\\/images\\\/fjala\\\/mero_baze1.jpg\",\"articleSection\":[\"Artikuj\"],\"inLanguage\":\"sq-AL\",\"potentialAction\":[{\"@type\":\"CommentAction\",\"name\":\"Comment\",\"target\":[\"https:\\\/\\\/fjala.info\\\/2009-2015\\\/imituesi-lindor-i-perendimit\\\/#respond\"]}]},{\"@type\":\"WebPage\",\"@id\":\"https:\\\/\\\/fjala.info\\\/2009-2015\\\/imituesi-lindor-i-perendimit\\\/\",\"url\":\"https:\\\/\\\/fjala.info\\\/2009-2015\\\/imituesi-lindor-i-perendimit\\\/\",\"name\":\"Imituesi lindor i Per\u00ebndimit - FjALA e LIR\u00cb - Arkivi\",\"isPartOf\":{\"@id\":\"https:\\\/\\\/fjala.info\\\/2009-2015\\\/#website\"},\"primaryImageOfPage\":{\"@id\":\"https:\\\/\\\/fjala.info\\\/2009-2015\\\/imituesi-lindor-i-perendimit\\\/#primaryimage\"},\"image\":{\"@id\":\"https:\\\/\\\/fjala.info\\\/2009-2015\\\/imituesi-lindor-i-perendimit\\\/#primaryimage\"},\"thumbnailUrl\":\"http:\\\/\\\/www.shkoder.net\\\/images\\\/fjala\\\/mero_baze1.jpg\",\"datePublished\":\"2012-04-14T20:55:11+00:00\",\"breadcrumb\":{\"@id\":\"https:\\\/\\\/fjala.info\\\/2009-2015\\\/imituesi-lindor-i-perendimit\\\/#breadcrumb\"},\"inLanguage\":\"sq-AL\",\"potentialAction\":[{\"@type\":\"ReadAction\",\"target\":[\"https:\\\/\\\/fjala.info\\\/2009-2015\\\/imituesi-lindor-i-perendimit\\\/\"]}]},{\"@type\":\"ImageObject\",\"inLanguage\":\"sq-AL\",\"@id\":\"https:\\\/\\\/fjala.info\\\/2009-2015\\\/imituesi-lindor-i-perendimit\\\/#primaryimage\",\"url\":\"http:\\\/\\\/www.shkoder.net\\\/images\\\/fjala\\\/mero_baze1.jpg\",\"contentUrl\":\"http:\\\/\\\/www.shkoder.net\\\/images\\\/fjala\\\/mero_baze1.jpg\"},{\"@type\":\"BreadcrumbList\",\"@id\":\"https:\\\/\\\/fjala.info\\\/2009-2015\\\/imituesi-lindor-i-perendimit\\\/#breadcrumb\",\"itemListElement\":[{\"@type\":\"ListItem\",\"position\":1,\"name\":\"Home\",\"item\":\"https:\\\/\\\/fjala.info\\\/2009-2015\\\/\"},{\"@type\":\"ListItem\",\"position\":2,\"name\":\"Imituesi lindor i Per\u00ebndimit\"}]},{\"@type\":\"WebSite\",\"@id\":\"https:\\\/\\\/fjala.info\\\/2009-2015\\\/#website\",\"url\":\"https:\\\/\\\/fjala.info\\\/2009-2015\\\/\",\"name\":\"FjALA e LIR\u00cb - Arkivi\",\"description\":\"Arkivi 2009-2015\",\"publisher\":{\"@id\":\"https:\\\/\\\/fjala.info\\\/2009-2015\\\/#organization\"},\"potentialAction\":[{\"@type\":\"SearchAction\",\"target\":{\"@type\":\"EntryPoint\",\"urlTemplate\":\"https:\\\/\\\/fjala.info\\\/2009-2015\\\/?s={search_term_string}\"},\"query-input\":{\"@type\":\"PropertyValueSpecification\",\"valueRequired\":true,\"valueName\":\"search_term_string\"}}],\"inLanguage\":\"sq-AL\"},{\"@type\":\"Organization\",\"@id\":\"https:\\\/\\\/fjala.info\\\/2009-2015\\\/#organization\",\"name\":\"FjALA e LIR\u00cb - Arkivi\",\"url\":\"https:\\\/\\\/fjala.info\\\/2009-2015\\\/\",\"logo\":{\"@type\":\"ImageObject\",\"inLanguage\":\"sq-AL\",\"@id\":\"https:\\\/\\\/fjala.info\\\/2009-2015\\\/#\\\/schema\\\/logo\\\/image\\\/\",\"url\":\"\",\"contentUrl\":\"\",\"caption\":\"FjALA e LIR\u00cb - Arkivi\"},\"image\":{\"@id\":\"https:\\\/\\\/fjala.info\\\/2009-2015\\\/#\\\/schema\\\/logo\\\/image\\\/\"}},{\"@type\":\"Person\",\"@id\":\"https:\\\/\\\/fjala.info\\\/2009-2015\\\/#\\\/schema\\\/person\\\/3aa1163ef05469c496fc94e77611ada2\",\"name\":\"admin\",\"image\":{\"@type\":\"ImageObject\",\"inLanguage\":\"sq-AL\",\"@id\":\"https:\\\/\\\/fjala.info\\\/2009-2015\\\/wp-content\\\/uploads\\\/2012\\\/02\\\/arben_cokaj-120x150.jpg\",\"url\":\"https:\\\/\\\/fjala.info\\\/2009-2015\\\/wp-content\\\/uploads\\\/2012\\\/02\\\/arben_cokaj-120x150.jpg\",\"contentUrl\":\"https:\\\/\\\/fjala.info\\\/2009-2015\\\/wp-content\\\/uploads\\\/2012\\\/02\\\/arben_cokaj-120x150.jpg\",\"caption\":\"admin\"},\"description\":\"Admin, Fjala e Lir\u00eb\",\"sameAs\":[\"https:\\\/\\\/fjala.info\\\/\"],\"url\":\"https:\\\/\\\/fjala.info\\\/2009-2015\\\/author\\\/admin\\\/\"}]}<\/script>\n<!-- \/ Yoast SEO plugin. -->","yoast_head_json":{"title":"Imituesi lindor i Per\u00ebndimit - FjALA e LIR\u00cb - Arkivi","robots":{"index":"index","follow":"follow","max-snippet":"max-snippet:-1","max-image-preview":"max-image-preview:large","max-video-preview":"max-video-preview:-1"},"canonical":"https:\/\/fjala.info\/2009-2015\/imituesi-lindor-i-perendimit\/","og_locale":"sq_AL","og_type":"article","og_title":"Imituesi lindor i Per\u00ebndimit - FjALA e LIR\u00cb - Arkivi","og_description":"Nga Mero Baze, 14 Prill 2012 Sali Berisha ka shkuar n\u00eb Afganistan, pran\u00eb trupave tona komando. \u00cbsht\u00eb nj\u00eb gjest q\u00eb e b\u00ebn \u00e7do kryeminist\u00ebr i vendeve t\u00eb cil\u00ebt \u00e7ojn\u00eb trupa ne k\u00ebto misione. Ajo q\u00eb t\u00ebrhoqi v\u00ebmendjen n\u00eb k\u00ebt\u00eb rast ishte se media e tij e zbuloi lajmin si \u201csekret\u201d, nd\u00ebrkoh\u00eb q\u00eb Berisha ishte ende [&hellip;]","og_url":"https:\/\/fjala.info\/2009-2015\/imituesi-lindor-i-perendimit\/","og_site_name":"FjALA e LIR\u00cb - Arkivi","article_published_time":"2012-04-14T20:55:11+00:00","og_image":[{"url":"http:\/\/www.shkoder.net\/images\/fjala\/mero_baze1.jpg","type":"","width":"","height":""}],"author":"admin","twitter_card":"summary_large_image","twitter_misc":{"Written by":"admin","Est. reading time":"4 minutes"},"schema":{"@context":"https:\/\/schema.org","@graph":[{"@type":"Article","@id":"https:\/\/fjala.info\/2009-2015\/imituesi-lindor-i-perendimit\/#article","isPartOf":{"@id":"https:\/\/fjala.info\/2009-2015\/imituesi-lindor-i-perendimit\/"},"author":{"name":"admin","@id":"https:\/\/fjala.info\/2009-2015\/#\/schema\/person\/3aa1163ef05469c496fc94e77611ada2"},"headline":"Imituesi lindor i Per\u00ebndimit","datePublished":"2012-04-14T20:55:11+00:00","mainEntityOfPage":{"@id":"https:\/\/fjala.info\/2009-2015\/imituesi-lindor-i-perendimit\/"},"wordCount":830,"commentCount":1,"publisher":{"@id":"https:\/\/fjala.info\/2009-2015\/#organization"},"image":{"@id":"https:\/\/fjala.info\/2009-2015\/imituesi-lindor-i-perendimit\/#primaryimage"},"thumbnailUrl":"http:\/\/www.shkoder.net\/images\/fjala\/mero_baze1.jpg","articleSection":["Artikuj"],"inLanguage":"sq-AL","potentialAction":[{"@type":"CommentAction","name":"Comment","target":["https:\/\/fjala.info\/2009-2015\/imituesi-lindor-i-perendimit\/#respond"]}]},{"@type":"WebPage","@id":"https:\/\/fjala.info\/2009-2015\/imituesi-lindor-i-perendimit\/","url":"https:\/\/fjala.info\/2009-2015\/imituesi-lindor-i-perendimit\/","name":"Imituesi lindor i Per\u00ebndimit - FjALA e LIR\u00cb - Arkivi","isPartOf":{"@id":"https:\/\/fjala.info\/2009-2015\/#website"},"primaryImageOfPage":{"@id":"https:\/\/fjala.info\/2009-2015\/imituesi-lindor-i-perendimit\/#primaryimage"},"image":{"@id":"https:\/\/fjala.info\/2009-2015\/imituesi-lindor-i-perendimit\/#primaryimage"},"thumbnailUrl":"http:\/\/www.shkoder.net\/images\/fjala\/mero_baze1.jpg","datePublished":"2012-04-14T20:55:11+00:00","breadcrumb":{"@id":"https:\/\/fjala.info\/2009-2015\/imituesi-lindor-i-perendimit\/#breadcrumb"},"inLanguage":"sq-AL","potentialAction":[{"@type":"ReadAction","target":["https:\/\/fjala.info\/2009-2015\/imituesi-lindor-i-perendimit\/"]}]},{"@type":"ImageObject","inLanguage":"sq-AL","@id":"https:\/\/fjala.info\/2009-2015\/imituesi-lindor-i-perendimit\/#primaryimage","url":"http:\/\/www.shkoder.net\/images\/fjala\/mero_baze1.jpg","contentUrl":"http:\/\/www.shkoder.net\/images\/fjala\/mero_baze1.jpg"},{"@type":"BreadcrumbList","@id":"https:\/\/fjala.info\/2009-2015\/imituesi-lindor-i-perendimit\/#breadcrumb","itemListElement":[{"@type":"ListItem","position":1,"name":"Home","item":"https:\/\/fjala.info\/2009-2015\/"},{"@type":"ListItem","position":2,"name":"Imituesi lindor i Per\u00ebndimit"}]},{"@type":"WebSite","@id":"https:\/\/fjala.info\/2009-2015\/#website","url":"https:\/\/fjala.info\/2009-2015\/","name":"FjALA e LIR\u00cb - Arkivi","description":"Arkivi 2009-2015","publisher":{"@id":"https:\/\/fjala.info\/2009-2015\/#organization"},"potentialAction":[{"@type":"SearchAction","target":{"@type":"EntryPoint","urlTemplate":"https:\/\/fjala.info\/2009-2015\/?s={search_term_string}"},"query-input":{"@type":"PropertyValueSpecification","valueRequired":true,"valueName":"search_term_string"}}],"inLanguage":"sq-AL"},{"@type":"Organization","@id":"https:\/\/fjala.info\/2009-2015\/#organization","name":"FjALA e LIR\u00cb - Arkivi","url":"https:\/\/fjala.info\/2009-2015\/","logo":{"@type":"ImageObject","inLanguage":"sq-AL","@id":"https:\/\/fjala.info\/2009-2015\/#\/schema\/logo\/image\/","url":"","contentUrl":"","caption":"FjALA e LIR\u00cb - Arkivi"},"image":{"@id":"https:\/\/fjala.info\/2009-2015\/#\/schema\/logo\/image\/"}},{"@type":"Person","@id":"https:\/\/fjala.info\/2009-2015\/#\/schema\/person\/3aa1163ef05469c496fc94e77611ada2","name":"admin","image":{"@type":"ImageObject","inLanguage":"sq-AL","@id":"https:\/\/fjala.info\/2009-2015\/wp-content\/uploads\/2012\/02\/arben_cokaj-120x150.jpg","url":"https:\/\/fjala.info\/2009-2015\/wp-content\/uploads\/2012\/02\/arben_cokaj-120x150.jpg","contentUrl":"https:\/\/fjala.info\/2009-2015\/wp-content\/uploads\/2012\/02\/arben_cokaj-120x150.jpg","caption":"admin"},"description":"Admin, Fjala e Lir\u00eb","sameAs":["https:\/\/fjala.info\/"],"url":"https:\/\/fjala.info\/2009-2015\/author\/admin\/"}]}},"_links":{"self":[{"href":"https:\/\/fjala.info\/2009-2015\/wp-json\/wp\/v2\/posts\/2497","targetHints":{"allow":["GET"]}}],"collection":[{"href":"https:\/\/fjala.info\/2009-2015\/wp-json\/wp\/v2\/posts"}],"about":[{"href":"https:\/\/fjala.info\/2009-2015\/wp-json\/wp\/v2\/types\/post"}],"author":[{"embeddable":true,"href":"https:\/\/fjala.info\/2009-2015\/wp-json\/wp\/v2\/users\/1"}],"replies":[{"embeddable":true,"href":"https:\/\/fjala.info\/2009-2015\/wp-json\/wp\/v2\/comments?post=2497"}],"version-history":[{"count":0,"href":"https:\/\/fjala.info\/2009-2015\/wp-json\/wp\/v2\/posts\/2497\/revisions"}],"wp:attachment":[{"href":"https:\/\/fjala.info\/2009-2015\/wp-json\/wp\/v2\/media?parent=2497"}],"wp:term":[{"taxonomy":"category","embeddable":true,"href":"https:\/\/fjala.info\/2009-2015\/wp-json\/wp\/v2\/categories?post=2497"},{"taxonomy":"post_tag","embeddable":true,"href":"https:\/\/fjala.info\/2009-2015\/wp-json\/wp\/v2\/tags?post=2497"}],"curies":[{"name":"wp","href":"https:\/\/api.w.org\/{rel}","templated":true}]}}