{"id":2491,"date":"2012-04-13T21:24:13","date_gmt":"2012-04-13T20:24:13","guid":{"rendered":"http:\/\/fjala.shkoder.net\/?p=2491"},"modified":"2012-04-13T21:24:13","modified_gmt":"2012-04-13T20:24:13","slug":"2491-2","status":"publish","type":"post","link":"https:\/\/fjala.info\/2009-2015\/2491-2\/","title":{"rendered":"Poetja ukranianse Anna Bagryana n\u00eb gjuh\u00ebn shqipe"},"content":{"rendered":"<p><img decoding=\"async\" class=\"alignleft size-thumbnail wp-image-7236\" title=\"Anna Bagryana\" src=\"http:\/\/www.shkoder.net\/2012\/anna_bagryana.jpg\" alt=\"\" width=\"150\" \/> <strong>Anna Bagryana<\/strong>, <em>Ukrain\u00eb<\/em><\/p>\n<p><em>Poete, beletriste, dramaturge dhe p\u00ebrkthyese, u lind me 24 mars 1981 n\u0451 qytetin Fastiv rrethina e Kievit. N\u0451 vitin 2004 magjistroi n\u0451 Institutin e Filologjis\u0451 n\u0451 Universitetin Nacional \u201cTaras Shev\u00e7enko\u201d t\u0451 Kievit (Specializimi Gjuh\u0451 dhe Let\u0451rsi Ukrainase). Ka punuar si gazetare n\u0451 m\u0451 shum\u0451 mediume (televizion, radio, shtyp), sekretare e K\u0451shillit t\u0451 Lidhjes Nacionale t\u0451 Shkrimtar\u0451ve t\u0451 Ukrain\u0451s p\u0451r pun\u0451 me autor\u0451t e rinj, redaktore kryesore e revist\u00ebs \u201c Gronosllovije\u201d.<br \/>\n\u00cbsht\u0451 an\u00ebtare e Lidhjes\u0451 s\u0451 Shkrimtar\u0451ve t\u0451 Ukrain\u0451s dhe Asociacionit t\u0451 Shkrimtar\u0451ve Ukrainas. Autore e Librave poetik \u201c Lule fjal\u0451sh\u201d (2000), \u201cMes \u00ebndrrave violete\u201d (2002), \u201cMes zotrave dhe neve\u201d (2005), \u201cSh\u0451titje n\u0451 litar\u0451\u201d (2008), \u201cLinjat tjera\u201d (2009). Romanet \u201cBimologjia e Gjakut\u201d (2008), \u201cSa dashuri Mahnit\u0451se\u201d (2010), librin me tregime p\u0451r f\u0451mij\u0451 \u201cJeta f\u0451mij\u0451ve t\u0451 dalluar\u201d(2010), vepra dramatike dhe libreto p\u0451r muzik\u0451 \u201cGloria\u201d, si dhe shum\u0451 tregime, novela,ese dhe v\u00ebshtrime kritike. P\u0451rkthen nga gjuha polake, bullgare, maqedone dhe serbe. P\u0451r vargjet e saj, dramat, romanet dhe p\u00ebrkthimet ka fituar shum\u0451 shp\u00ebrblime letrare ukrainase dhe nd\u0451rkomb\u0451tare:\u201d Rukomesllo\u201d, \u201cKoronimi i fjal\u0451s\u201d, \u201cSmoloskit\u201d, shp\u00ebrblimin nd\u0451rkomb\u0451tar gjermano-ukrainas \u201cOles Gon\u00e7ar\u201d, \u201cPena e art\u0451\u201d (Bullgari), shp\u00ebrblimin \u201cMarusja Bek\u201d (Kanada) etj.<br \/>\nPoezit\u0451 e saj jan\u00eb p\u00ebrkthyer n\u0451 gjuh\u0451n polake, azerbajxhanase, bullgare, ruse, maqedonase, fr\u00ebnge, gjuh\u0451t latfike. \u00cbsht\u0451 pjes\u0451marr\u0451se n\u0451 mbr\u00ebmjet poetike t\u0451 Strug\u0451s (2008). Tani jeton n\u0451 Shkup, punon si gazetare dhe shkrimtare.<\/em><\/p>\n<blockquote><p><strong>ANA BAG\u00cbRJANA<\/strong><\/p>\n<p>(<em>Ukrain\u00eb<\/em>)<\/p>\n<p><em>Poezi<\/em><\/p>\n<p><strong>FILLIMI<\/strong><\/p>\n<p>Nga fillimi ishin plag\u00ebt<br \/>\ne nga plag\u00ebt rridhte qielli<\/p>\n<p>n\u00eb qiell u shfaq\u00ebn nyje limfatike<br \/>\nq\u00eb i lidh\u00ebn bashkarisht<br \/>\nt\u00eb gjitha ato strajca t\u00eb \u00e7uditshme<\/p>\n<p>ashtu q\u00eb n\u00eb m\u00ebnyr\u00eb kaotike<br \/>\nu p\u00ebrzien n\u00ebp\u00ebr qiell<\/p>\n<p>(ku u takuan vall\u00eb&#8230;?)<br \/>\ne m\u00eb pas nyjet u rrit\u00ebn<br \/>\nu b\u00ebn\u00eb t\u00eb r\u00ebnda<\/p>\n<p>si gur\u00ebz<br \/>\ndhe si gur\u00ebz<br \/>\nu shkap\u00ebrderdh\u00ebn tatpjet\u00eb<\/p>\n<p>duke krijuar di\u00e7ka t\u00eb ngjashme<br \/>\nme ato (tanim\u00eb t\u00eb nd\u00ebrlidhura) strajca<br \/>\nq\u00eb secila u em\u00ebrtua<br \/>\nme emrin e Zotit<\/p>\n<p>dhe vet\u00eb u b\u00ebn\u00eb zot\u00ebra<br \/>\nsepse menduan<br \/>\nse nuk ekziston m\u00eb<br \/>\naskush n\u00eb qiell<br \/>\n(thjesht\u00eb harruan plag\u00ebt<br \/>\nprej t\u00eb cilave<br \/>\nfillonte Kosmosi)<\/p>\n<p><strong>P\u00cbRAF\u00cbRSISHT AJO \u00cbSHT\u00cb ATJE&#8230;<\/strong><\/p>\n<p>Ajo p\u00ebraf\u00ebrisht \u00ebsht\u00eb atje<br \/>\nku Zotit iu harxhuan penjt\u00eb<br \/>\nku toka nuk \u00ebsht\u00eb e qepur me qiellin<br \/>\nrrotullohet n\u00eb qark<br \/>\nsi shput\u00eb e k\u00ebputur e arushit t\u00eb kadifenjt\u00eb \u2013<br \/>\nimt\u00ebsir\u00eb e f\u00ebmij\u00ebris\u00eb s\u00eb huaj<\/p>\n<p>ajo \u00ebsht\u00eb p\u00ebraf\u00ebrsisht atje<br \/>\nku dora e Zotit<br \/>\nnuk prek hijen e drurit t\u00eb vetmuar<br \/>\nt\u00eb prer\u00eb nga duart e njeriut<br \/>\np\u00ebrkundrejt Fest\u00ebs<\/p>\n<p>ajo p\u00ebraf\u00ebrsisht \u00ebsht\u00eb ashtu<br \/>\nsikur dielli t\u00eb bjer\u00eb n\u00eb gjunj<br \/>\ndhe t\u00eb lutet p\u00ebr falje<br \/>\nnga ti<br \/>\nnga un\u00eb<br \/>\nq\u00eb shum\u00eb von\u00eb<br \/>\ni ka pjekur<br \/>\nzemrat tona<\/p>\n<p><strong>MOS M&#8217;I FAL<\/strong><\/p>\n<p>Mos i fal<br \/>\nsyt\u00eb e kalt\u00ebr<br \/>\n(ky ende \u00ebsht\u00eb faji i gjyshes)<\/p>\n<p>Mos i fal<br \/>\nshpatullat shum\u00eb t\u00eb dob\u00ebta<br \/>\n(tani m\u00eb nuk \u00ebsht\u00eb her\u00ebt t\u00eb mb\u00ebshtetesh n\u00eb to)<\/p>\n<p>Mos e fal<br \/>\nheshtjen<br \/>\n(kur heshti gjat\u00eb)<br \/>\ndhe qeshjen<br \/>\n(madjej edhe kur qaj)<\/p>\n<p>Mos m&#8217;i fal<br \/>\nmbi k\u00ebng\u00eb k\u00ebng\u00ebt<br \/>\nkryqet q\u00eb nuk jan\u00eb t\u00eb Krishtit<br \/>\nmendimet pa brenga<br \/>\ndhe koh\u00ebn<br \/>\ne humbur<br \/>\nrrug\u00ebs \u2013 p\u00ebr tek Ti.<\/p>\n<p>Falma vet\u00ebm<br \/>\nrrinin\u00eb time<br \/>\n(ajo do t\u00eb kaloj\u00eb)<\/p>\n<p><strong>ERA U HESHT<\/strong><\/p>\n<p>Ai ma dhuroi lundrimin \u2013<br \/>\nera u hesht.<br \/>\nAi ma dhuroi bark\u00ebn \u2013<br \/>\ndeti u tha.<br \/>\nVet\u00ebm krah\u00eb<br \/>\nnuk guxoi<br \/>\nt\u00eb m\u00eb dhuroj\u00eb.<\/p>\n<p><strong>MENDOVA SE \u00cbSHT\u00cb \u00cbND\u00cbRR<\/strong><\/p>\n<p>Ashtu<br \/>\nleht\u00eb<br \/>\nti<br \/>\nm\u00eb puthje mua<br \/>\nkurse un\u00eb mendova<br \/>\nse<br \/>\n\u00ebsht\u00eb \u00ebnd\u00ebrr<br \/>\ndhe \u2013<br \/>\nu zgjova<\/p>\n<p><strong>DETI<\/strong><\/p>\n<p>Deti \u2013 si koha:<br \/>\nher\u00eb shum\u00eb zbavit\u00ebs,<br \/>\nher\u00eb shum\u00eb i shpejt\u00eb n\u00eb rrug\u00ebn e tij<\/p>\n<p>Deti &#8211; si gruaja:<br \/>\nher\u00eb e ftoht\u00eb dhe e zymt\u00eb,<br \/>\nher\u00eb e v\u00ebshtir\u00eb dhe e rrezikshme n\u00eb ndjenj\u00ebn e saj..<\/p>\n<p>Deti \u2013 si shp\u00ebtimi:<br \/>\nn\u00eb \u00e7do \u00e7ast mund t\u2019i dalish tej e tej<br \/>\ndhe t\u00eb shfaqesh n\u00eb bregun tjet\u00ebr.<\/p>\n<p>Deti \u2013 si rast\u00ebsia:<br \/>\npa prit e pa kujtuar.<br \/>\nDeti &#8211; sikur ti:<br \/>\ntretem n\u00eb p\u00ebrqafimin e tij.<\/p><\/blockquote>\n<p><strong>P\u00ebrktheu \u2013 Adem Abdullahu<\/strong><\/p>\n","protected":false},"excerpt":{"rendered":"<p>Anna Bagryana, Ukrain\u00eb Poete, beletriste, dramaturge dhe p\u00ebrkthyese, u lind me 24 mars 1981 n\u0451 qytetin Fastiv rrethina e Kievit. N\u0451 vitin 2004 magjistroi n\u0451 Institutin e Filologjis\u0451 n\u0451 Universitetin Nacional \u201cTaras Shev\u00e7enko\u201d t\u0451 Kievit (Specializimi Gjuh\u0451 dhe Let\u0451rsi Ukrainase). Ka punuar si gazetare n\u0451 m\u0451 shum\u0451 mediume (televizion, radio, shtyp), sekretare e K\u0451shillit t\u0451 [&hellip;]<\/p>\n","protected":false},"author":1,"featured_media":0,"comment_status":"open","ping_status":"closed","sticky":false,"template":"","format":"standard","meta":{"footnotes":""},"categories":[7,9],"tags":[],"class_list":{"0":"post-2491","1":"post","2":"type-post","3":"status-publish","4":"format-standard","6":"category-letersi","7":"category-poezi"},"yoast_head":"<!-- This site is optimized with the Yoast SEO plugin v27.4 - https:\/\/yoast.com\/product\/yoast-seo-wordpress\/ -->\n<title>Poetja ukranianse Anna Bagryana n\u00eb gjuh\u00ebn shqipe - FjALA e LIR\u00cb - Arkivi<\/title>\n<meta name=\"robots\" content=\"index, follow, max-snippet:-1, max-image-preview:large, max-video-preview:-1\" \/>\n<link rel=\"canonical\" href=\"https:\/\/fjala.info\/2009-2015\/2491-2\/\" \/>\n<meta property=\"og:locale\" content=\"sq_AL\" \/>\n<meta property=\"og:type\" content=\"article\" \/>\n<meta property=\"og:title\" content=\"Poetja ukranianse Anna Bagryana n\u00eb gjuh\u00ebn shqipe - FjALA e LIR\u00cb - Arkivi\" \/>\n<meta property=\"og:description\" content=\"Anna Bagryana, Ukrain\u00eb Poete, beletriste, dramaturge dhe p\u00ebrkthyese, u lind me 24 mars 1981 n\u0451 qytetin Fastiv rrethina e Kievit. N\u0451 vitin 2004 magjistroi n\u0451 Institutin e Filologjis\u0451 n\u0451 Universitetin Nacional \u201cTaras Shev\u00e7enko\u201d t\u0451 Kievit (Specializimi Gjuh\u0451 dhe Let\u0451rsi Ukrainase). Ka punuar si gazetare n\u0451 m\u0451 shum\u0451 mediume (televizion, radio, shtyp), sekretare e K\u0451shillit t\u0451 [&hellip;]\" \/>\n<meta property=\"og:url\" content=\"https:\/\/fjala.info\/2009-2015\/2491-2\/\" \/>\n<meta property=\"og:site_name\" content=\"FjALA e LIR\u00cb - Arkivi\" \/>\n<meta property=\"article:published_time\" content=\"2012-04-13T20:24:13+00:00\" \/>\n<meta property=\"og:image\" content=\"http:\/\/www.shkoder.net\/2012\/anna_bagryana.jpg\" \/>\n<meta name=\"author\" content=\"admin\" \/>\n<meta name=\"twitter:card\" content=\"summary_large_image\" \/>\n<meta name=\"twitter:label1\" content=\"Written by\" \/>\n\t<meta name=\"twitter:data1\" content=\"admin\" \/>\n\t<meta name=\"twitter:label2\" content=\"Est. reading time\" \/>\n\t<meta name=\"twitter:data2\" content=\"3 minutes\" \/>\n<script type=\"application\/ld+json\" class=\"yoast-schema-graph\">{\"@context\":\"https:\\\/\\\/schema.org\",\"@graph\":[{\"@type\":\"Article\",\"@id\":\"https:\\\/\\\/fjala.info\\\/2009-2015\\\/2491-2\\\/#article\",\"isPartOf\":{\"@id\":\"https:\\\/\\\/fjala.info\\\/2009-2015\\\/2491-2\\\/\"},\"author\":{\"name\":\"admin\",\"@id\":\"https:\\\/\\\/fjala.info\\\/2009-2015\\\/#\\\/schema\\\/person\\\/3aa1163ef05469c496fc94e77611ada2\"},\"headline\":\"Poetja ukranianse Anna Bagryana n\u00eb gjuh\u00ebn shqipe\",\"datePublished\":\"2012-04-13T20:24:13+00:00\",\"mainEntityOfPage\":{\"@id\":\"https:\\\/\\\/fjala.info\\\/2009-2015\\\/2491-2\\\/\"},\"wordCount\":700,\"commentCount\":0,\"publisher\":{\"@id\":\"https:\\\/\\\/fjala.info\\\/2009-2015\\\/#organization\"},\"image\":{\"@id\":\"https:\\\/\\\/fjala.info\\\/2009-2015\\\/2491-2\\\/#primaryimage\"},\"thumbnailUrl\":\"http:\\\/\\\/www.shkoder.net\\\/2012\\\/anna_bagryana.jpg\",\"articleSection\":[\"Let\u00ebrsi\",\"Poezi\"],\"inLanguage\":\"sq-AL\",\"potentialAction\":[{\"@type\":\"CommentAction\",\"name\":\"Comment\",\"target\":[\"https:\\\/\\\/fjala.info\\\/2009-2015\\\/2491-2\\\/#respond\"]}]},{\"@type\":\"WebPage\",\"@id\":\"https:\\\/\\\/fjala.info\\\/2009-2015\\\/2491-2\\\/\",\"url\":\"https:\\\/\\\/fjala.info\\\/2009-2015\\\/2491-2\\\/\",\"name\":\"Poetja ukranianse Anna Bagryana n\u00eb gjuh\u00ebn shqipe - FjALA e LIR\u00cb - Arkivi\",\"isPartOf\":{\"@id\":\"https:\\\/\\\/fjala.info\\\/2009-2015\\\/#website\"},\"primaryImageOfPage\":{\"@id\":\"https:\\\/\\\/fjala.info\\\/2009-2015\\\/2491-2\\\/#primaryimage\"},\"image\":{\"@id\":\"https:\\\/\\\/fjala.info\\\/2009-2015\\\/2491-2\\\/#primaryimage\"},\"thumbnailUrl\":\"http:\\\/\\\/www.shkoder.net\\\/2012\\\/anna_bagryana.jpg\",\"datePublished\":\"2012-04-13T20:24:13+00:00\",\"breadcrumb\":{\"@id\":\"https:\\\/\\\/fjala.info\\\/2009-2015\\\/2491-2\\\/#breadcrumb\"},\"inLanguage\":\"sq-AL\",\"potentialAction\":[{\"@type\":\"ReadAction\",\"target\":[\"https:\\\/\\\/fjala.info\\\/2009-2015\\\/2491-2\\\/\"]}]},{\"@type\":\"ImageObject\",\"inLanguage\":\"sq-AL\",\"@id\":\"https:\\\/\\\/fjala.info\\\/2009-2015\\\/2491-2\\\/#primaryimage\",\"url\":\"http:\\\/\\\/www.shkoder.net\\\/2012\\\/anna_bagryana.jpg\",\"contentUrl\":\"http:\\\/\\\/www.shkoder.net\\\/2012\\\/anna_bagryana.jpg\"},{\"@type\":\"BreadcrumbList\",\"@id\":\"https:\\\/\\\/fjala.info\\\/2009-2015\\\/2491-2\\\/#breadcrumb\",\"itemListElement\":[{\"@type\":\"ListItem\",\"position\":1,\"name\":\"Home\",\"item\":\"https:\\\/\\\/fjala.info\\\/2009-2015\\\/\"},{\"@type\":\"ListItem\",\"position\":2,\"name\":\"Poetja ukranianse Anna Bagryana n\u00eb gjuh\u00ebn shqipe\"}]},{\"@type\":\"WebSite\",\"@id\":\"https:\\\/\\\/fjala.info\\\/2009-2015\\\/#website\",\"url\":\"https:\\\/\\\/fjala.info\\\/2009-2015\\\/\",\"name\":\"FjALA e LIR\u00cb - Arkivi\",\"description\":\"Arkivi 2009-2015\",\"publisher\":{\"@id\":\"https:\\\/\\\/fjala.info\\\/2009-2015\\\/#organization\"},\"potentialAction\":[{\"@type\":\"SearchAction\",\"target\":{\"@type\":\"EntryPoint\",\"urlTemplate\":\"https:\\\/\\\/fjala.info\\\/2009-2015\\\/?s={search_term_string}\"},\"query-input\":{\"@type\":\"PropertyValueSpecification\",\"valueRequired\":true,\"valueName\":\"search_term_string\"}}],\"inLanguage\":\"sq-AL\"},{\"@type\":\"Organization\",\"@id\":\"https:\\\/\\\/fjala.info\\\/2009-2015\\\/#organization\",\"name\":\"FjALA e LIR\u00cb - Arkivi\",\"url\":\"https:\\\/\\\/fjala.info\\\/2009-2015\\\/\",\"logo\":{\"@type\":\"ImageObject\",\"inLanguage\":\"sq-AL\",\"@id\":\"https:\\\/\\\/fjala.info\\\/2009-2015\\\/#\\\/schema\\\/logo\\\/image\\\/\",\"url\":\"\",\"contentUrl\":\"\",\"caption\":\"FjALA e LIR\u00cb - Arkivi\"},\"image\":{\"@id\":\"https:\\\/\\\/fjala.info\\\/2009-2015\\\/#\\\/schema\\\/logo\\\/image\\\/\"}},{\"@type\":\"Person\",\"@id\":\"https:\\\/\\\/fjala.info\\\/2009-2015\\\/#\\\/schema\\\/person\\\/3aa1163ef05469c496fc94e77611ada2\",\"name\":\"admin\",\"image\":{\"@type\":\"ImageObject\",\"inLanguage\":\"sq-AL\",\"@id\":\"https:\\\/\\\/fjala.info\\\/2009-2015\\\/wp-content\\\/uploads\\\/2012\\\/02\\\/arben_cokaj-120x150.jpg\",\"url\":\"https:\\\/\\\/fjala.info\\\/2009-2015\\\/wp-content\\\/uploads\\\/2012\\\/02\\\/arben_cokaj-120x150.jpg\",\"contentUrl\":\"https:\\\/\\\/fjala.info\\\/2009-2015\\\/wp-content\\\/uploads\\\/2012\\\/02\\\/arben_cokaj-120x150.jpg\",\"caption\":\"admin\"},\"description\":\"Admin, Fjala e Lir\u00eb\",\"sameAs\":[\"https:\\\/\\\/fjala.info\\\/\"],\"url\":\"https:\\\/\\\/fjala.info\\\/2009-2015\\\/author\\\/admin\\\/\"}]}<\/script>\n<!-- \/ Yoast SEO plugin. -->","yoast_head_json":{"title":"Poetja ukranianse Anna Bagryana n\u00eb gjuh\u00ebn shqipe - FjALA e LIR\u00cb - Arkivi","robots":{"index":"index","follow":"follow","max-snippet":"max-snippet:-1","max-image-preview":"max-image-preview:large","max-video-preview":"max-video-preview:-1"},"canonical":"https:\/\/fjala.info\/2009-2015\/2491-2\/","og_locale":"sq_AL","og_type":"article","og_title":"Poetja ukranianse Anna Bagryana n\u00eb gjuh\u00ebn shqipe - FjALA e LIR\u00cb - Arkivi","og_description":"Anna Bagryana, Ukrain\u00eb Poete, beletriste, dramaturge dhe p\u00ebrkthyese, u lind me 24 mars 1981 n\u0451 qytetin Fastiv rrethina e Kievit. N\u0451 vitin 2004 magjistroi n\u0451 Institutin e Filologjis\u0451 n\u0451 Universitetin Nacional \u201cTaras Shev\u00e7enko\u201d t\u0451 Kievit (Specializimi Gjuh\u0451 dhe Let\u0451rsi Ukrainase). Ka punuar si gazetare n\u0451 m\u0451 shum\u0451 mediume (televizion, radio, shtyp), sekretare e K\u0451shillit t\u0451 [&hellip;]","og_url":"https:\/\/fjala.info\/2009-2015\/2491-2\/","og_site_name":"FjALA e LIR\u00cb - Arkivi","article_published_time":"2012-04-13T20:24:13+00:00","og_image":[{"url":"http:\/\/www.shkoder.net\/2012\/anna_bagryana.jpg","type":"","width":"","height":""}],"author":"admin","twitter_card":"summary_large_image","twitter_misc":{"Written by":"admin","Est. reading time":"3 minutes"},"schema":{"@context":"https:\/\/schema.org","@graph":[{"@type":"Article","@id":"https:\/\/fjala.info\/2009-2015\/2491-2\/#article","isPartOf":{"@id":"https:\/\/fjala.info\/2009-2015\/2491-2\/"},"author":{"name":"admin","@id":"https:\/\/fjala.info\/2009-2015\/#\/schema\/person\/3aa1163ef05469c496fc94e77611ada2"},"headline":"Poetja ukranianse Anna Bagryana n\u00eb gjuh\u00ebn shqipe","datePublished":"2012-04-13T20:24:13+00:00","mainEntityOfPage":{"@id":"https:\/\/fjala.info\/2009-2015\/2491-2\/"},"wordCount":700,"commentCount":0,"publisher":{"@id":"https:\/\/fjala.info\/2009-2015\/#organization"},"image":{"@id":"https:\/\/fjala.info\/2009-2015\/2491-2\/#primaryimage"},"thumbnailUrl":"http:\/\/www.shkoder.net\/2012\/anna_bagryana.jpg","articleSection":["Let\u00ebrsi","Poezi"],"inLanguage":"sq-AL","potentialAction":[{"@type":"CommentAction","name":"Comment","target":["https:\/\/fjala.info\/2009-2015\/2491-2\/#respond"]}]},{"@type":"WebPage","@id":"https:\/\/fjala.info\/2009-2015\/2491-2\/","url":"https:\/\/fjala.info\/2009-2015\/2491-2\/","name":"Poetja ukranianse Anna Bagryana n\u00eb gjuh\u00ebn shqipe - FjALA e LIR\u00cb - Arkivi","isPartOf":{"@id":"https:\/\/fjala.info\/2009-2015\/#website"},"primaryImageOfPage":{"@id":"https:\/\/fjala.info\/2009-2015\/2491-2\/#primaryimage"},"image":{"@id":"https:\/\/fjala.info\/2009-2015\/2491-2\/#primaryimage"},"thumbnailUrl":"http:\/\/www.shkoder.net\/2012\/anna_bagryana.jpg","datePublished":"2012-04-13T20:24:13+00:00","breadcrumb":{"@id":"https:\/\/fjala.info\/2009-2015\/2491-2\/#breadcrumb"},"inLanguage":"sq-AL","potentialAction":[{"@type":"ReadAction","target":["https:\/\/fjala.info\/2009-2015\/2491-2\/"]}]},{"@type":"ImageObject","inLanguage":"sq-AL","@id":"https:\/\/fjala.info\/2009-2015\/2491-2\/#primaryimage","url":"http:\/\/www.shkoder.net\/2012\/anna_bagryana.jpg","contentUrl":"http:\/\/www.shkoder.net\/2012\/anna_bagryana.jpg"},{"@type":"BreadcrumbList","@id":"https:\/\/fjala.info\/2009-2015\/2491-2\/#breadcrumb","itemListElement":[{"@type":"ListItem","position":1,"name":"Home","item":"https:\/\/fjala.info\/2009-2015\/"},{"@type":"ListItem","position":2,"name":"Poetja ukranianse Anna Bagryana n\u00eb gjuh\u00ebn shqipe"}]},{"@type":"WebSite","@id":"https:\/\/fjala.info\/2009-2015\/#website","url":"https:\/\/fjala.info\/2009-2015\/","name":"FjALA e LIR\u00cb - Arkivi","description":"Arkivi 2009-2015","publisher":{"@id":"https:\/\/fjala.info\/2009-2015\/#organization"},"potentialAction":[{"@type":"SearchAction","target":{"@type":"EntryPoint","urlTemplate":"https:\/\/fjala.info\/2009-2015\/?s={search_term_string}"},"query-input":{"@type":"PropertyValueSpecification","valueRequired":true,"valueName":"search_term_string"}}],"inLanguage":"sq-AL"},{"@type":"Organization","@id":"https:\/\/fjala.info\/2009-2015\/#organization","name":"FjALA e LIR\u00cb - Arkivi","url":"https:\/\/fjala.info\/2009-2015\/","logo":{"@type":"ImageObject","inLanguage":"sq-AL","@id":"https:\/\/fjala.info\/2009-2015\/#\/schema\/logo\/image\/","url":"","contentUrl":"","caption":"FjALA e LIR\u00cb - Arkivi"},"image":{"@id":"https:\/\/fjala.info\/2009-2015\/#\/schema\/logo\/image\/"}},{"@type":"Person","@id":"https:\/\/fjala.info\/2009-2015\/#\/schema\/person\/3aa1163ef05469c496fc94e77611ada2","name":"admin","image":{"@type":"ImageObject","inLanguage":"sq-AL","@id":"https:\/\/fjala.info\/2009-2015\/wp-content\/uploads\/2012\/02\/arben_cokaj-120x150.jpg","url":"https:\/\/fjala.info\/2009-2015\/wp-content\/uploads\/2012\/02\/arben_cokaj-120x150.jpg","contentUrl":"https:\/\/fjala.info\/2009-2015\/wp-content\/uploads\/2012\/02\/arben_cokaj-120x150.jpg","caption":"admin"},"description":"Admin, Fjala e Lir\u00eb","sameAs":["https:\/\/fjala.info\/"],"url":"https:\/\/fjala.info\/2009-2015\/author\/admin\/"}]}},"_links":{"self":[{"href":"https:\/\/fjala.info\/2009-2015\/wp-json\/wp\/v2\/posts\/2491","targetHints":{"allow":["GET"]}}],"collection":[{"href":"https:\/\/fjala.info\/2009-2015\/wp-json\/wp\/v2\/posts"}],"about":[{"href":"https:\/\/fjala.info\/2009-2015\/wp-json\/wp\/v2\/types\/post"}],"author":[{"embeddable":true,"href":"https:\/\/fjala.info\/2009-2015\/wp-json\/wp\/v2\/users\/1"}],"replies":[{"embeddable":true,"href":"https:\/\/fjala.info\/2009-2015\/wp-json\/wp\/v2\/comments?post=2491"}],"version-history":[{"count":0,"href":"https:\/\/fjala.info\/2009-2015\/wp-json\/wp\/v2\/posts\/2491\/revisions"}],"wp:attachment":[{"href":"https:\/\/fjala.info\/2009-2015\/wp-json\/wp\/v2\/media?parent=2491"}],"wp:term":[{"taxonomy":"category","embeddable":true,"href":"https:\/\/fjala.info\/2009-2015\/wp-json\/wp\/v2\/categories?post=2491"},{"taxonomy":"post_tag","embeddable":true,"href":"https:\/\/fjala.info\/2009-2015\/wp-json\/wp\/v2\/tags?post=2491"}],"curies":[{"name":"wp","href":"https:\/\/api.w.org\/{rel}","templated":true}]}}