{"id":2487,"date":"2012-04-13T21:15:55","date_gmt":"2012-04-13T20:15:55","guid":{"rendered":"http:\/\/fjala.shkoder.net\/?p=2487"},"modified":"2012-04-13T21:15:55","modified_gmt":"2012-04-13T20:15:55","slug":"bashkerendimi-dhe-bashkepunimi-i-ngushte-sllavo-ortodokso-islamiste-per-asimilimin-dhe-zhdukjen-e-shqiptareve","status":"publish","type":"post","link":"https:\/\/fjala.info\/2009-2015\/bashkerendimi-dhe-bashkepunimi-i-ngushte-sllavo-ortodokso-islamiste-per-asimilimin-dhe-zhdukjen-e-shqiptareve\/","title":{"rendered":"Bashk\u00ebrendimi dhe bashk\u00ebpunimi i ngusht\u00eb sllavo-ortodokso-islamist\u00eb p\u00ebr asimilimin dhe zhdukjen e shqiptar\u00ebve"},"content":{"rendered":"<p><img decoding=\"async\" class=\"alignleft size-thumbnail wp-image-7236\" title=\"Qamil Zekolli\" src=\"http:\/\/www.shkoder.net\/2012\/qamil_zekolli.jpg\" alt=\"\" width=\"200\" \/> <strong>Qamil Zekolli<\/strong><\/p>\n<p>\u201dPadrejt\u00ebsia kudo q\u00eb ndodh\u00eb, \u00ebsht\u00eb k\u00ebrc\u00ebnim i drejt\u00ebsis\u00eb n\u00eb gjith\u00eb bot\u00ebn. \u201d &#8211; Martin Luther King<br \/>\nDaja Zeqir, un\u00eb nipi yt Qamili, k\u00ebrkoj ndjes\u00eb, q\u00eb s\u00eb pakut me rastin e nderimeve t\u00eb fundit p\u00ebr n\u00eb jet\u00ebn e amshueshme, nuk munda t\u00eb realizoj nj\u00eb ceremoni mortore, ashtu si e keni d\u00ebshirue dhe meritue, nuk munda t\u00eb mbetem besnik ndaj opinionit, q\u00ebndrimeve dhe bindjeve tuaja lidhur me besimin dhe d\u00ebshir\u00ebn t\u00ebnde p\u00ebr ceremonin\u00eb mortore !<\/p>\n<p>Qysh prej vitit 1054, kur u b\u00eb p\u00ebr\u00e7arja, ndarja e besimit t\u00eb krishter\u00eb n\u00eb dy blloqe dhe n\u00eb dy qendra, n\u00eb besimin e krishter\u00eb ortodoks me qend\u00ebr n\u00eb Stamboll dhe besimit e krishter\u00eb romano-katolik me qend\u00ebr n\u00eb Rom\u00eb, kund\u00ebrth\u00ebnjet n\u00eb mes tyre kurr\u00eb nuk pushuan\u00eb deri n\u00eb k\u00ebto momente q\u00eb po i shkruaj k\u00ebta rreshta dhe nuk pati kurr\u00ebnj\u00ebher\u00eb afrim, apo bashk\u00ebpunim n\u00eb mes tyre.<\/p>\n<p>Sllavo-ortodoksizmi duke pasur si qend\u00ebr Stambollin, e Stambolli duke qen\u00eb nj\u00eb qytet n\u00eb ndarjen e Evrop\u00ebs dhe Azis\u00eb, duke qen\u00eb qytet me shumic\u00eb d\u00ebrmuese t\u00eb p\u00ebrkat\u00ebsis\u00eb islame, duke qen\u00eb edhe kryedend\u00ebr e perandoris\u00eb Osmane, u p\u00ebrdor nga sllavo-ortodoksizmi p\u00ebr projektet nxit\u00ebse kund\u00ebr p\u00ebrendimit dmth. kund\u00ebr besimit t\u00eb krishter\u00eb romano-katolik.<\/p>\n<p>P\u00ebr fat t\u00eb keq pozita gjeostrategjike e shqiptar\u00ebve ishte n\u00eb prag t\u00eb der\u00ebs s\u00eb Stambollit dhe thyerjet, betejat, luftat e para do t\u00eb fillonin mu n\u00eb trevat shqiptare, por edhe q\u00ebndresat e para, gjakderdhjet dhe pasojat do t\u00eb barteshin n\u00eb radh\u00eb t\u00eb par\u00eb nga vet\u00eb shqiptar\u00ebt.<br \/>\nT\u00eb gjitha betejat dhe luftat m\u00eb t\u00eb p\u00ebrgjakura u zhvilluan\u00eb kund\u00ebr shqiptar\u00ebve dhe impakti kryesor kund\u00ebr forcave lindore vinte pik\u00ebrisht nga shqiptar\u00ebt.<\/p>\n<p><strong>Me pushtimin e trojeve shqiptare filloj edhe islamizimi i dhunsh\u00ebm i popullsis\u00eb me besim romano-katolik dhe asimilimi tyre.<\/strong><\/p>\n<p>P\u00ebrve\u00e7 dhun\u00ebs ndaj gjith\u00eb popullsis\u00eb s\u00eb krishter\u00eb shqiptare,(ortodokse dhe romano-katolike), zbatojhej polotika e taksave dhe gjobave t\u00eb r\u00ebnda si n\u00eb pasurit\u00eb materiale , ashtu edhe n\u00eb marrjen nizam t\u00eb djemve dhe tretjen e tyre me dumb\u00ebdhjet\u00eb vjet e m\u00eb von\u00eb shtat\u00eb vjet sh\u00ebrbim ushtarak. Por p\u00ebr familjet autoritare q\u00eb nuk bindeshin dhe pushteti ua kishte frik\u00ebn p\u00ebrve\u00e7 vrasjeve, burgosjeve, torturave, d\u00ebnimeve zbatohej edhe internimi i familjes, lagjes, i gjith\u00eb fshatit, apo edhe i gjith\u00eb popull\u00ebsis\u00eb s\u00eb nj\u00eb krahine, n\u00ebp\u00ebr ujdhesa t\u00eb Egjeut, apo n\u00eb shkretira t\u00eb anadollit.<\/p>\n<p>Popullsia shqiptare me besim ortodoks q\u00eb pranonte autoritetin e kish\u00ebs sllavo-ortodokse n\u00eb trojet dardane, dhe pjesa shqiptare q\u00eb pranonte islamizmin si besim t\u00eb vetin, u trajtua krejt ndryshe nga ajo krishter\u00eb romano-katolike dhe dal\u00ebngadal\u00eb filloi joshja e tyre nga t\u00eb gjitha pushtetet okupuese. Kleri ortodoks shkollohej kryesisht n\u00eb Stamboll, n\u00eb Athin\u00eb dhe n\u00eb Mosk\u00eb. Kisha sllavo-ortodokse kishte arritur q\u00eb me lajka t\u00eb p\u00ebrfitonte lirin\u00eb e ushtrimit t\u00eb riteve fetare n\u00eb gjirin e perandoris\u00eb osmane.<\/p>\n<p>Pasi klerik\u00ebt ordodoks predikonin n\u00eb greqishte, ose n\u00eb sllavishte, nj\u00eb pjes\u00eb e madhe e shqiptar\u00ebve t\u00eb k\u00ebtij besimi u asimiluan\u00eb n\u00eb grek\u00eb respektivisht n\u00eb sllav\u00eb. Esht\u00eb tipik rasti i shkij\u00ebve, ( jo i kolonist\u00ebve serb\u00eb ), n\u00eb territoret e Dardanis\u00eb antike, apo i vilajetit t\u00eb Kosov\u00ebs q\u00eb edhe sot e k\u00ebsaj dite ADN-ja e tyre \u00ebsht\u00eb iliro-shqiptare.<\/p>\n<p>N\u00eb shekullin e kaluar i gjith\u00eb vilajeti i Kosov\u00ebs u rob\u00ebrua nga sllav\u00ebt serbo-bullgar, t\u00eb cil\u00ebt vazhduan\u00eb t\u00eb njejt\u00ebn politik\u00eb sikur perandoria osmane, bile n\u00eb m\u00ebnyr\u00eb edhe m\u00eb t\u00eb eg\u00ebr. N\u00eb t\u00eb gjitha periudhat zona t\u00eb t\u00ebra t\u00eb trevave shqiptare, p\u00ebr t\u00eb mbijetuar, mbanin nga dy em\u00ebra. Nj\u00eb em\u00ebr e kishin t\u00eb besimit islam q\u00eb p\u00ebrdorej n\u00eb administrat\u00eb, n\u00eb rrug\u00eb, n\u00eb pun\u00eb dhe n\u00eb t\u00eb gjitha formalitetet zyrtare, kurse em\u00ebrin tjet\u00ebr e mbanin t\u00eb besimit t\u00eb krishter\u00eb romano-kotolik dhe e p\u00ebrdornin vet\u00ebm mbrenda familjes, ku edhe mbanin t\u00eb gjitha ritet fetare t\u00eb krishtera, sdo mend\u00eb n\u00eb m\u00ebnyr\u00eb ilegale . Familje t\u00eb tilla kemi edhe sot n\u00eb disa treva t\u00eb Kosov\u00ebs.<\/p>\n<p>N\u00eb t\u00eb gjitha koh\u00ebt familjet e krishtera p\u00ebrbuzeshin dhe n\u00ebnqmoheshin nga pushteti dhe n\u00eb an\u00ebn tjet\u00ebr, pjesa e islamizuar e popullsis\u00eb cytej q\u00eb mos ti pranonte n\u00eb mesin e tyre, ti le\u00e7iste dhe n\u00eb shum\u00eb raste edhe ti ndjekte duke i gjuajtur me gur\u00eb, pjes\u00ebtar\u00ebt e besimit t\u00eb krishter\u00eb romano-katolik ,(k\u00ebt\u00eb e tregonte edhe n\u00ebna Emine (Marie), nga rrethi i Kumanov\u00ebs, n\u00eb vitet \u201990-ta n\u00eb Duisburg t\u00eb Gjermanis\u00eb, kur shkoja p\u00ebr vizit\u00eb n\u00eb familjen e tyre).<\/p>\n<p>Pra familjet e krishtera n\u00eb shum\u00eb an\u00eb nuk guxonin t\u00eb deklaroheshin, por edhe sot e gjith\u00eb dit\u00ebn nuk kan\u00eb guxim t\u00eb deklarohen haptas q\u00eb i takonin dhe i takojn\u00eb besimit t\u00eb krishter\u00eb katoliko-romak. P\u00ebr fat t\u00eb keq edhe sot e k\u00ebsaj dite shum\u00eb familje t\u00eb tilla, nga p\u00ebrzierja e martesave me familje t\u00eb besimit islam, nga frika se nuk do t\u00eb mir\u00ebpritet deklarimi i tyre si t\u00eb krishter\u00eb, heshtin dhe ngurrojn\u00eb t\u00eb deklarojn\u00eb opinionin e tyre q\u00eb e ruajn\u00eb thell\u00eb n\u00eb zem\u00ebr dhe n\u00eb shpirtin e tyre.<\/p>\n<p><strong>Sllavo-ortodoksizmi dhe islamizmi n\u00eb bashk\u00ebrendim dhe bashk\u00ebpunim t\u00eb ngusht\u00eb sistematik p\u00ebr asimilimin dhe zhdukjen e shqiptar\u00ebve<\/strong><\/p>\n<p>N\u00eb koh\u00ebn e perandoris\u00eb osmane sllav\u00ebt kishin nj\u00eb trajtim t\u00eb privilegjuar n\u00eb krahasim me shqiptar\u00ebt. Ata kishin t\u00eb drejt\u00ebn e besimit dhe praktikimit t\u00eb riteve fetare ortodokse, t\u00eb drejt\u00ebn p\u00ebr shkollim n\u00eb gjuh\u00ebn e tyre, kurse shqiptar\u00ebt nuk i g\u00ebzonin k\u00ebto t\u00eb drejta.<\/p>\n<p>Me shpartallimin e perandoris\u00eb osmane trojet shqiptare u nxor\u00ebn n\u00eb pazar nga vet\u00eb perandoria p\u00ebr ti joshur apetitet sllavo-ortodokse t\u00eb Mosk\u00ebs, Beogradit e Athin\u00ebs. Prej m\u00eb shum\u00eb se 100 mij\u00eb km\u00b2, Shqip\u00ebria londineze ngeli vet\u00ebm me rreth 28 mij\u00eb km\u00b2, sepse t\u00eb tjerat u aneksuan\u00eb nga serbia, Mali i Zi dhe Greqia, me ndihm\u00ebn e Rusis\u00eb dhe me pamund\u00ebsin\u00eb e mbrojtjes nga shtetet p\u00ebrendimore. Edhe kjo pak Shqip\u00ebri, p\u00ebrve\u00e7 p\u00ebrpjekjeve dhe gjakut t\u00eb derdhur, \u00ebsht\u00eb nj\u00eb dhurat\u00eb e b\u00ebr\u00eb p\u00ebr popullin shqiptar nga ana e disa shteteve mike evro-p\u00ebrendimore dhe SHBA-ve.<\/p>\n<p>Shk\u00ebmbimi i popullsive Greqi-Turqi dhe shp\u00ebrnguljet e shqiptar\u00ebvenga vilajeti i Kosov\u00ebs,(si turq\u00eb, sepse atyre u ndrroheshin em\u00ebrat, mbiem\u00ebrat, shtet\u00ebsia dhe p\u00ebrkat\u00ebsia komb\u00ebtare n\u00eb Shkup, para se t\u2019i d\u00ebrgonin p\u00ebr Turqi), n\u00eb Turqi flasin qart\u00eb p\u00ebr bashk\u00ebrendimin dhe bashk\u00ebpunimin n\u00eb fjal\u00eb.<\/p>\n<p>Le t\u00eb m\u00eb falin imam\u00ebt e ndersh\u00ebm , t\u00eb cil\u00ebt kurr\u00eb nuk mohuan\u00eb q\u00eb para se t\u00eb ishin hoxh\u00eb ishin shqiptar\u00eb, t\u00eb cil\u00ebt kan\u00eb hang\u00ebr ma shum\u00eb dajak, sesa buk\u00eb gjat\u00eb gjith\u00eb jet\u00ebs s\u00eb tyre nga OZN-a , ose UDB-ja, !<\/p>\n<p>Hoxhollar\u00ebt n\u00eb koh\u00ebn e Perandoris\u00eb Otomane ishin pushteti vet\u00eb, por i padeklaruar, kurse n\u00eb koh\u00ebn e Serbis\u00eb s\u00eb par\u00eb ishin kthyer n\u00eb misionar\u00ebt m\u00eb t\u00eb rreziksh\u00ebm n\u00eb sh\u00ebrbim t\u00eb pushtetit okupues p\u00ebr asimilimin e popullsis\u00eb shqiptare. Ata ishin b\u00ebr\u00eb \u201cd\u00ebrrzhavni imami\u201d q\u00eb don t\u00eb thot\u00eb imam shtet\u00ebror, t\u00eb cil\u00ebt paguheshin drejt\u00ebp\u00ebrdrejt\u00eb nga Beogradi. Rrogat e tyre ishin n\u00eb rangun e ministrave dhe me nj\u00eb rrog\u00eb mujore t\u00eb cil\u00ebn e merrte imami i till\u00eb, mund t\u00eb blente dy pen\u00eb qe(kije), q\u00eb p\u00ebr koh\u00ebn ishte vlera e nj\u00eb hektari tok\u00eb pune.<\/p>\n<p>Porosia e tyre ishte q\u00eb, imam\u00ebt \u00e7do t\u00eb dyt\u00ebn fjal\u00eb ti predikonin popullit se ishin turk, n\u00eb vend t\u00eb fjal\u00ebs musliman, kurse em\u00ebrtimi shqiptar t\u00eb \u00e7rr\u00ebnjosej nga fjalori yn\u00eb i p\u00ebrditsh\u00ebm dhe nga zhargoni i ngjarjeve historike. Efekti predikues i k\u00ebsaj\u00eb maskarade antishqiptare arriti deri aty, sa q\u00eb nj\u00eb pjes\u00eb d\u00ebrmuese e pleq\u00ebve, q\u00eb edhe vet\u00eb i mbaj mend, betimin kryesor e kishin \u201c-Pasha turqnin\u00eb!, N\u00eb kofsha turk i biri turkut ! \u2026\u201d etj.<\/p>\n<p>Kurse pohimi \u201cjemi turq\u00eb, jam turk,\u2026\u201d kishte z\u00ebvend\u00ebsuar at\u00eb shqiptar . Ky lloj imam\u00ebsh shkonin deri aty sa q\u00eb popullsis\u00eb e besimit islam i predikonin q\u00eb \u201c\u2026serbin ortodoks e kemi m\u00eb t\u00eb af\u00ebrt se shqiptarin katolik.\u201d, \u201c\u2026e dini sa af\u00ebr e kami serbin ortodoks, sa trash\u00ebsia e maz\u00ebs s\u00eb qep\u00ebs, kurse katolikun shqiptar sa trash\u00ebsia e pjes\u00ebs tjet\u00ebr t\u00eb qep\u00ebs!\u2026\u201d, \u201c\u2026katoliku shqiptar, p\u00ebr tu konvertue n\u00eb fen\u00eb islame, s\u00eb pari duhet t\u00eb shkoj t\u00eb konvertohet n\u00eb kish\u00ebn ortodokse serbe, p\u00ebr ta zbutur fen\u00eb katolike dhe t\u00eb praktikoj\u00eb ate s\u00eb pakut tre vjet, e tek pastaj t\u00eb vij t\u00eb konvertohet n\u00eb fen\u00eb islame.\u201d, por jo vet\u00ebm kaq, sepse \u201ck\u00ebshillonin\u201d edhe se \u201c\u2026n\u00ebqoft\u00ebse je i shoq\u00ebruar me gruan\u00eb dhe takohesh me nj\u00eb serb dhe nj\u00eb shqiptar t\u00eb krishter\u00eb, gruaja e besimtarit islam duhet t\u00eb fshihet pas serbit q\u00eb mos ta shoh katoliku,\u2026\u201d, q\u00eb, \u201d\u2026mos e d\u00ebrgo djalin n\u00eb shkoll\u00eb se b\u00ebhet shkja !, \u2026mos ed\u00ebrgo vajz\u00ebn n\u00eb shkoll\u00eb se b\u00ebhet shkin\u00eb! , \u2026djali q\u00ebi l\u00ebshon flok\u00ebt b\u00ebhet shkja ! ,\u2026vajza q\u00eb nuk mbulohet me ferexhe b\u00ebhet shkin\u00eb ! \u201c , \u201c\u2026varri i muslimanit sa m\u00eb shpejt t\u00eb zhduket \u00ebsht\u00eb aq m\u00eb sevap!, \u2026\u00ebsht\u00eb haram t\u00eb rregullohet varri i muslimanit, sepse shkijet i rregullojn\u00eb varret !\u201d, \u201c\u2026kjo bot\u00eb \u00ebsht\u00eb e kaurr\u00ebve, kurse bota tjet\u00ebr \u00ebsht\u00eb e musliman\u00ebve !\u201d e shum\u00eb prap\u00ebshti t\u00eb k\u00ebtij lloji q\u00eb vet\u00ebm hoxhollar\u00ebt me gjak t\u00eb prishur dinin ti b\u00ebnin.<\/p>\n<p>Pasojat e predikimeve t\u00eb tilla p\u00ebr popullin shqiptar jan\u00eb t\u00eb pariparueshme, sepse kan\u00eb b\u00ebr\u00eb efektin e tyre direkt. Po ju jap vet\u00ebm nj\u00eb shembull, \u2013 n\u00eb fshatin tim t\u00eb lindjes Bllac\u00eb, komuna e Therand\u00ebs , sip\u00ebr lagjes Guraziu \u00ebsht\u00eb nj\u00eb lendin\u00eb e shkret\u00ebruar n\u00eb t\u00eb cil\u00ebn deri para nj\u00ebzet\u00eb e pes\u00eb vitesh jan\u00eb varrosur bashk\u00ebfshatar\u00eb t\u00eb nj\u00eb pjese t\u00eb fshatit ton\u00eb, un\u00eb mbaj mend mir\u00eb raste varrimi me em\u00ebr e mbiem\u00ebr dhe sot nuk dihet asnj\u00eb gjurm\u00eb varresh. Si pasoj\u00eb, sot nj\u00eb pjes\u00eb madhe e bashk\u00ebfshatar\u00ebve t\u00eb mij nuk dijn\u00eb as varret e prind\u00ebrve t\u00eb tyre, e leje m\u00eb varret e gjush\u00ebrve q\u00eb nuk vjen as n\u00eb shprehje. K\u00ebt\u00eb \u201cmerit\u00eb\u201d t\u00eb imam\u00ebve antishqiptar, gjith\u00ebsecili nga ju lexues t\u00eb nderuar, mund ta verifikoj\u00eb vet\u00eb pa m\u00eb t\u00eb voglin mundim. Mjafton t\u00eb b\u00ebni nj\u00eb vizit\u00eb n\u00eb kodrin\u00ebn sip\u00ebr lagjes Guraziu t\u00eb fshatit Bllac\u00eb.<\/p>\n<p>Nuk do mend t\u00eb gjitha k\u00ebto b\u00ebheshin n\u00eb bashk\u00ebpunim t\u00eb ngusht\u00eb dhe me direktiva t\u00eb dh\u00ebna nga OZN-a dhe m\u00eb von\u00eb nga UDB-ja. Bashk\u00ebrendimi dhe bashk\u00ebpunimi n\u00eb mes sllavo-ortodoksizmit dhe islamizmit kishte shkuar deri aty sa q\u00eb nj\u00eb num\u00ebr i madh rus\u00ebsh e sllav\u00ebsh t\u00eb tjer\u00eb ishin shkolluar n\u00eb mejtepet e medreset\u00eb e Stambollit dhe ishin trajnuar n\u00eb Mosk\u00eb e Beograd e pastaj ishin d\u00ebrguar si imam\u00eb n\u00ebp\u00ebr vendbanimet shqiptare p\u00ebr t\u2019i spiunuar dhe p\u00ebr t\u2019i asimiluar shqiptar\u00ebt . Edhe Kurani q\u00eb p\u00ebrdorej n\u00eb territoret shqiptare ishte i modifikuar dhe i p\u00ebrshtatur p\u00ebr dezorientimin kulturor dhe komb\u00ebtar t\u00eb shqiptar\u00ebve.<\/p>\n<p>P\u00ebr fat t\u00eb keq edhe n\u00eb Jugosllavin\u00eb e Titos nj\u00eb pjes\u00eb d\u00ebrmuese e imam\u00ebve ishin an\u00ebtar\u00eb t\u00eb LKJ-s\u00eb dhe ishin dora e djatht\u00eb e pushtetit n\u00eb spiunimin e popullsis\u00eb shqiptare tek organet e sigurimit shtet\u00ebror.<\/p>\n<p>Shihni sot gjendjen e Sanxhakut t\u00eb Bislim Boshnjakut, bashk\u00ebluftarit t\u00eb Isa Boletinit, shihni sot gjendjen e Plav\u00ebs dhe Gucis\u00eb s\u00eb Ali Pash\u00eb Gucis\u00eb si jan\u00eb katandisur dhe kan\u00eb humbur identitetin e tyre, gjuh\u00ebn e tyre dhe e quajn\u00eb veten e tyre sanxha\u00e7ki muslimani, (musliman\u00eb t\u00eb Sanxhakut), respektivisht cernogorski muslimani, (musliman\u00eb t\u00eb Malit t\u00eb Zi), kur fare mir\u00eb e dijm q\u00eb ata deri para pak dekadash ishin shqiptar\u00eb, \u00e7ka tregojn\u00eb qart\u00eb edhe mbiem\u00ebrat e tyre shqiptar, si Lai\u00e7=Laj\u00e7i, Gashi\u00e7=Gashi, Shali\u00e7=Shala, Shkreli\u00e7=Shkrreli, etj. Po p\u00ebr boshnjak\u00ebt kur do t\u00eb dijm se n\u00eb \u00e7\u2019koh\u00eb jan\u00eb asimiluar ! Iu mbetet historian\u00ebve t\u00eb punojn\u00eb p\u00ebr t\u00eb ndri\u00e7uar k\u00ebt\u00eb tragjedi pellazgo-iliro-shqiptare.<\/p>\n<p>N\u00eb koh\u00ebn e kriminelit t\u00eb radh\u00ebs Milloshevi\u00e7, prap imam\u00ebt u b\u00ebn\u00eb \u201cd\u00ebrrzhavni imami\u201d , sepse Beogradi iu lidhi paga t\u00eb majme dhe iu b\u00ebri privilegje nga m\u00eb t\u00eb ndryshmet. Nj\u00eb pjes\u00eb e madhe e spiunimit t\u00eb populit shqiptar b\u00ebhej pik\u00ebrisht nga vet\u00eb imam\u00ebt shqipfol\u00ebs. N\u00eb vitet \u201990-ta, sidomos pas largimit t\u00eb pun\u00ebtor\u00ebve shqiptar\u00eb nga puna dhe vendosjes s\u00eb masave t\u00eb dhun\u00ebshme dhe segregacionit t\u00eb plot\u00eb n\u00eb Kosov\u00eb dhe viset tjera shqiptare, filloj\u00eb me t\u00eb madhe propagandimi i imam\u00ebve q\u00eb i paguante Beogradi p\u00ebr mbledhjen rreth veti edhe t\u00eb asaj pjese t\u00eb popullit shqiptar, t\u00eb cil\u00ebt kurr\u00eb nuk kishin v\u00ebn\u00eb k\u00ebmb\u00ebn as n\u00eb Kish\u00eb e as n\u00eb xhami. Pra rifilloj islamizimi i popullsis\u00eb shqiptare.<\/p>\n<p>Kulmi i tradh\u00ebtis\u00eb dhe vet\u00ebdenoncimit t\u00eb imam\u00ebve ishte organizimi dhe mbajtja e zgjedhjeve t\u00eb serbis\u00eb, n\u00eb ve\u00e7anti t\u00eb partis\u00eb s\u00eb kriminelit Milloshevi\u00e7, SPS n\u00eb xhamit\u00eb tona. N\u00eb dit\u00ebt tona pjesa d\u00ebrmuese e xhematit n\u00eb xhamit\u00eb tona jan\u00eb ata njer\u00ebz t\u00eb cil\u00ebt ishin dikur an\u00ebtar\u00eb t\u00eb devotsh\u00ebm t\u00eb LKJ-s\u00eb, n\u00ebpun\u00ebs shtetror, polic\u00eb e spiuj\u00eb t\u00eb UDB-s\u00eb dhe t\u00eb cil\u00ebt p\u00ebrjashtonin m\u00ebsuesit tan\u00eb q\u00eb shiheshin te dera e oborrit t\u00eb xhamis\u00eb dit\u00ebn e bajramit, edhepse k\u00ebta t\u00eb fundit nuk luteshin, por vet\u00ebm ishin spektator\u00eb t\u00eb faljes s\u00eb namazit t\u00eb fest\u00ebs s\u00eb Bajramit. \u00c7far\u00eb t\u00eb drejte morale, njer\u00ebzore e komb\u00ebtare kan\u00eb imam\u00ebt e till\u00eb t\u00eb q\u00ebndrojn\u00eb ende n\u00eb ato xhami ?!\u2026<\/p>\n<p>&#8211; Kur njeriut i zihet bishti me der\u00eb !<\/p>\n<p>Pas luft\u00ebs s\u00eb shenj\u00ebt t\u00eb U\u00c7K-s\u00eb dhe \u00e7lirimit t\u00eb Kosov\u00ebs nga \u00e7izmja serbe, n\u00eb vendin ton\u00eb dol\u00ebn n\u00eb shesh fenomene t\u00eb reja. P\u00ebrve\u00e7 nd\u00ebrtimit t\u00eb xhamive jasht tradit\u00ebs dhe motiveve ekzistuese edhe n\u00eb ato fshatra t\u00eb thella q\u00eb kurr\u00eb m\u00eb par\u00eb nuk kishte xhamij\u00eb, u krijuan\u00eb edhe qendra e sekte t\u00eb reja fetare ekstremiste q\u00eb kurr\u00eb m\u00eb par\u00eb nuk i kishte par\u00eb dhe njohur populli yn\u00eb. Po t\u00eb analizojm dhe t\u00eb studiojm mir\u00eb t\u00eb kaluar\u00ebn e misionar\u00ebve t\u00eb k\u00ebtyre sekteve ekstremiste, (lexo: terroriste), pjesa d\u00ebrmuese e p\u00ebrfaq\u00ebsuesve t\u00eb tyre jan\u00eb nga ata individ\u00eb t\u00eb cil\u00ebt i takojn\u00eb grupit t\u00eb cil\u00ebt kan\u00eb qen\u00eb nga \u201cshqiptar\u00ebt e ndersh\u00ebm\u201d n\u00eb baz\u00eb t\u00eb propagand\u00ebs s\u00eb Beogradit.<\/p>\n<p>Nd\u00ebr individ\u00ebt q\u00eb drejtojn\u00eb dhe ata m\u00eb aktiv\u00ebt n\u00eb k\u00ebto veprime antishqiptare jan\u00eb pjesa d\u00ebrmuese e imam\u00ebve, hoxhollar\u00ebve, por kan\u00eb afruar rreth veti edhe shum\u00eb k\u00ebng\u00ebtar\u00eb e artist\u00eb, t\u00eb cil\u00ebt deri m\u00eb 1999 merreshin me k\u00ebng\u00eb t\u00eb p\u00ebrthyera nga gjuh\u00ebt sllave, arabe, rome, turke, induse etj., degjeneronin muzik\u00ebn popullore shqiptare, sepse ato k\u00ebng\u00eb prezentoheshin si muzik\u00eb shqiptare, n\u00eb an\u00ebn tjet\u00ebr k\u00ebta k\u00ebng\u00ebtar\u00eb e artist\u00eb frekuentonin klubet e nat\u00ebs ku edhe promovoheshin dhe merreshin me p\u00ebrdorimin e drog\u00ebs dhe shitjen e shp\u00ebrndarjen e saj\u00eb, kurse alkooli ishte nj\u00eb rutin\u00eb p\u00ebr ta.<\/p>\n<p>Kjo kategori njer\u00ebzish tani kan\u00eb nd\u00ebrruar pamjen dhe sjelljen e tyre, sepse meshkujt p\u00ebrve\u00e7 q\u00eb kan\u00eb l\u00ebshuar mjekrra, veshin pantollona t\u00eb shkurta , por tani kan\u00eb ndryshuar edhe repertoaret e k\u00ebng\u00ebve t\u00eb tyre dhe gjith\u00eb repertoarin e k\u00ebng\u00ebve i kan\u00eb z\u00ebvend\u00ebsuar me k\u00ebng\u00eb e uluritje arabe dhe me derse, (ligj\u00ebrata fetare), n\u00ebp\u00ebr xhamit\u00eb dhe n\u00eb disa nga shkollat private e publike ku kan\u00eb ndikim, kurse femrat q\u00eb sot i shohim t\u00eb mbuluara me ferexhe dhe me shami me ngjyra fetare dhe na paraqiten sikur engjuj dhe nuk pranojn\u00eb as ti japin dor\u00ebn njeriut me t\u00eb cilin p\u00ebrsh\u00ebndeten, pjesa d\u00ebrmuese e tyre dikur ishin nga femrat m\u00eb t\u00eb p\u00ebrdalura dhe merreshin me prostitucion, me konsumim e shp\u00ebrndarje drogash n\u00ebp\u00ebr klubet e nat\u00ebs q\u00eb sillnin p\u00ebrfitime t\u00eb majme materiale pronar\u00ebve t\u00eb tyre dhe ndonj\u00eb shefi t\u00eb lart\u00eb t\u00eb policis\u00eb serbo-\u00e7etnike, pse jo edhe ndonj\u00eb zyrtari t\u00eb niveleve komunale , t\u00eb cil\u00ebt ishin mburoj\u00eb e trag\u00ebtar\u00ebve dhe treg\u00ebtive t\u00eb pista.<\/p>\n<p>N\u00eb k\u00ebt\u00eb kategori jan\u00eb ky\u00e7ur edhe shum\u00eb intelektual\u00eb me bisht t\u00eb z\u00ebn\u00eb me der\u00eb nga UDB-ja, p\u00ebr t\u00eb b\u00ebrat kund\u00ebr koleg\u00ebve t\u00eb tyre t\u00eb dikursh\u00ebm dhe rinis\u00eb studentore, t\u00eb cil\u00ebve iu jepet bukur shum\u00eb v\u00ebnd dhe hapsir\u00eb n\u00eb mediat tona t\u00eb shkruara dhe elektronike dhe n\u00eb institucionet m\u00eb t\u00eb larta shtetrore t\u00eb shtetit ton\u00eb t\u00eb brisht laik . Ky kor i organizuar me dhun\u00eb shantazhuese nga ana e Beogradit jan\u00eb dora e djatht\u00eb e sllavo-ortodoksizmit dhe islamizmit n\u00eb sh\u00ebrbim t\u00eb asimilimit, tjet\u00ebrsimit, zhdukjes dhe shfarosjes s\u00eb popullit shqiptar duke cenuar n\u00eb rend t\u00eb par\u00eb gjuh\u00ebn, kultur\u00ebn, tradit\u00ebn, historin\u00eb, t\u00eb tashmen dhe t\u00eb ardhmen e shqiptar\u00ebve.<\/p>\n<p>Kjo dihet mir\u00ebfilli, por pse vall\u00eb kurr\u00eb nuk reagoj Bashk\u00ebsia Islame e Kosov\u00ebs,(BIK-u), p\u00ebr k\u00ebto degjenerime t\u00eb radh\u00ebs ! Erdhi nj\u00eb dit\u00eb q\u00eb m\u00eb 11 shtator 2001 , kur ndodhi sulmi terrorist ndaj kullave binjake n\u00eb qend\u00ebr t\u00eb Nju Jorkut , nj\u00eb imam n\u00eb Prizren nxorri besnik\u00ebt dhe sh\u00ebrb\u00ebtor\u00ebt e tij n\u00eb rrug\u00eb, q\u00eb me tabaka t\u00eb shp\u00ebrndajn\u00eb llokume n\u00eb shenj\u00eb solidarizimi me terrorist\u00ebt e organizat\u00ebs Al Kaida. Erdhi nj\u00eb dit\u00eb q\u00eb k\u00ebta misionar\u00eb t\u00eb dalin dhe t\u00eb rrahin disa nga ata imam t\u00eb v\u00ebrtet\u00eb, q\u00eb kurr\u00eb nuk harruan\u00eb q\u00eb para se t\u00eb ishin hoxh\u00eb ishin dhe jan\u00eb shqiptar.<\/p>\n<p>Erdhi nj\u00eb dit\u00eb q\u00eb k\u00ebta misionar\u00eb shan\u00eb Gjergj Kastriotin, N\u00ebn\u00eb Terez\u00ebn e Pjeter Bogdanin, sepse i pengon vlera q\u00eb bartin k\u00ebto personalitete t\u00eb historis\u00eb son\u00eb komb\u00ebtare dhe respekti q\u00eb g\u00ebzojn\u00eb n\u00eb popull. Erdhi nj\u00eb dit\u00eb q\u00eb k\u00ebta misionar\u00eb t\u00eb dalin n\u00eb rrug\u00ebt e Prishtin\u00ebs, por edhe n\u00eb kalan\u00eb e Prizrenit, t\u00eb ulurisin n\u00eb arabisht me flamur t\u00eb organizat\u00ebs terroriste Hamas dhe t\u00eb k\u00ebrkojn\u00eb nd\u00ebrtimin e nj\u00eb xhamie n\u00eb trojet e univerzitetit, por edhe n\u00eb kalan\u00eb e Prizrenit. A thua se nuk paska xhamij\u00eb n\u00eb Prishtin\u00eb e Prizren ?!\u2026 Autoparlant\u00ebt e vendosur n\u00eb minaret\u00eb e xhamive t\u00eb Prishtin\u00ebs, Prizrenit dhe gjithandej trojeve shqiptare, na e prishin gjumin n\u00eb ora pes\u00eb t\u00eb m\u00ebngjesit me ulurim\u00ebn lemerit\u00ebse e rr\u00ebnqeth\u00ebse dhe ate jo n\u00eb shqip, por n\u00eb arabisht edhepse 90% e popullsis\u00eb nuk jan\u00eb praktikues.<\/p>\n<p>Po pse k\u00ebrkohet t\u00eb nd\u00ebrtohet xhami mu n\u00eb trojet e univerzitetit ?!\u2026 Pse k\u00ebrkohet t\u00eb nd\u00ebrtohet xhamij\u00eb n\u00eb kalan\u00eb e Prizrenit ?!\u2026<\/p>\n<p>Nuk do mend, sepse n\u00eb trojet univerzitare gjindet kisha sllavo-ortodokse, e cila n\u00eb baz\u00eb t\u00eb pohimeve t\u00eb imam\u00ebve \u00ebsht\u00eb motra e madhe e xhamis\u00eb, pra aty \u00ebsht\u00eb kisha ortodokse serbe e nd\u00ebrtuar nga autoritetet okupuese serbo-\u00e7etnike te Millosheviqit n\u00eb koh\u00ebn e okupimit t\u00eb Kosov\u00ebs n\u00eb t\u00eb gjitha l\u00ebmit\u00eb e jet\u00ebs, q\u00eb ende nuk \u00ebsht\u00eb b\u00ebr\u00eb meremet. Me nd\u00ebrtimin e xhamis\u00eb ,pretendohet t\u00eb p\u00ebrgatitet terreni q\u00eb, t\u00eb filloj\u00eb pro\u00e7edura p\u00ebr legalizimin dhe meremetimin e kish\u00ebs ortodokse serbe n\u00eb zem\u00ebr t\u00eb Prishtin\u00ebs dhe ate, n\u00eb trojet e nd\u00ebrgjegjjes dhe t\u00eb krenaris\u00eb komb\u00ebtare, pra n\u00eb trojet e univerzitetit t\u00eb Kosov\u00ebs dhe me fondet e qeveris\u00eb s\u00eb Kosov\u00ebs, q\u00eb jan\u00eb ndjersa dhe t\u00eb hollat e taksapaguesve t\u00eb qytetar\u00ebve t\u00eb republik\u00ebs s\u00eb Kosov\u00ebs.<\/p>\n<p>Le t\u00eb m\u00eb falin njer\u00ebzit hallexhinj\u00eb dhe t\u00eb mashtruarit qoft\u00eb nga fukarall\u00ebku, qoft\u00eb nga r\u00ebnja viktim\u00eb nga k\u00ebta misionar\u00eb maskarenj\u00eb !<\/p>\n<p>K\u00ebta mjeran\u00eb, pra k\u00ebta misionar\u00ebt, jan\u00eb njer\u00ebzit m\u00eb t\u00eb mjer\u00eb q\u00eb thithin ajrin, pijn\u00eb ujin dhe hajn\u00eb buk\u00ebn e Kosov\u00ebs me hile dhe me zem\u00ebr t\u00eb zez\u00eb . K\u00ebta mjeran\u00eb kan\u00eb b\u00ebr\u00eb aq\u00eb shum\u00eb m\u00ebkate ndaj familjes s\u00eb tyre, fqinj\u00ebve, shok\u00ebve e miq\u00ebve t\u00eb tyre, ndaj gjith\u00eb popullit shqiptar, sa q\u00eb sot detyrohen t\u00eb luajn\u00eb vallen ashtu si iu thot\u00eb, pra ashtu si i urdh\u00ebron Beogradi, sepse t\u00eb till\u00ebt jan\u00eb t\u00eb shantazhuesh\u00ebm dhe prandaj zhantazhohen nga UDB-ja.<\/p>\n<p>N\u00eb fillim t\u00eb shekullit XXI, kund\u00ebr d\u00ebshir\u00ebs s\u00eb tyre l\u00ebshojn\u00eb mjekrra, veshin pantollona t\u00eb shkurta mbi zogun e k\u00ebmb\u00ebs, i detyrojn\u00eb grat\u00eb, motrat, kunatat, vajzat e tyre t\u00eb vishen n\u00eb ferexhe dhe shamija fetare dhe t\u00eb dallohen prej popullit t\u00eb tyre, sepse Beogradi ashtu k\u00ebrkon q\u00eb shqiptar\u00ebt t\u00eb paraqiten para bot\u00ebs si islamist\u00eb ekstremist\u00eb dhe mund\u00ebsisht t\u00eb largoj\u00eb p\u00ebrkrahjen e shteteve t\u00eb Evrop\u00ebs dhe SHBA-ve p\u00ebr Kosov\u00ebn, Shqip\u00ebrin\u00eb dhe shqiptar\u00ebt n\u00eb p\u00ebrgjith\u00ebsi. Edhe rasti i tentimit t\u00eb sulmit ndaj baz\u00ebs s\u00eb ushtris\u00eb amerikane n\u00eb Nju Xherzei dhe rasti i vrasjes s\u00eb ushtar\u00ebve amerikan\u00eb n\u00eb aeroportin e Frankfutit n\u00eb Gjermani jan\u00eb bashk\u00ebrendim dhe bashk\u00ebpunim i ngusht\u00eb nd\u00ebrmjet atyre q\u00eb un\u00eb i quaj sllavo-ortodokso-islamist\u00eb.<\/p>\n<p>Duke i analizuar k\u00ebto t\u00eb b\u00ebra, po e p\u00ebrs\u00ebris q\u00eb k\u00ebtyre mjeran\u00ebve iu \u00ebsht\u00eb z\u00ebn\u00eb bishti me der\u00eb nga UDB-ja dhe nuk pritet asgj\u00eb e mir\u00eb prej tyre !<\/p>\n<p>P\u00ebr fat t\u00eb mir\u00eb evropian\u00ebt dhe amerikan\u00ebt i din\u00eb mir\u00eb k\u00ebto loj\u00ebra dhe nuk pijn\u00eb uji m\u00eb, sepse sot nuk \u00ebsht\u00eb koha kur shqiptar\u00ebt nuk mund t\u00eb flasin p\u00ebr veten e tyre dhe n\u00eb mos sot nuk do t\u00eb vonoj\u00eb dhe vet\u00eb ineligjenca shqiptare do t\u00eb ngritet kund\u00ebr k\u00ebtyre maskarenj\u00ebve servil\u00eb.<\/p>\n<p><strong>Imponimi i ceremonive arabo-xhihadiste dhe mungesa e kurajos s\u00eb shqiptar\u00ebve p\u00ebr ti kund\u00ebrshtuar imam\u00ebt<\/strong><\/p>\n<p>Me rastin e ndonj\u00eb varrimi si n\u00eb atdhe, ashtu edhe n\u00eb diaspor\u00eb, imam\u00ebt kan\u00eb ndryshaur ritet e ceremonialet e mortjes dhe t\u00eb varrimit nga ato q\u00eb ne i njihnim para vitit 1981, sepse p\u00ebrve\u00e7 faljes s\u00eb xhenaz\u00ebs dhe thirrjes s\u00eb tallkinit, pjesa d\u00ebrmuese e imam\u00ebve, tashti arkivolit po i hudhin nj\u00eb leck\u00eb t\u00eb gjelb\u00ebr me ca shkresurina arabe gjat\u00eb gjith\u00eb koh\u00ebs, prej sht\u00ebpis\u00eb deri te varri, pastaj me t\u00eb mbuluar kufom\u00ebn e t\u00eb ndjerit n\u00eb varr, imam\u00eb, hoxhollar\u00eb e haxhinj\u00eb po organizohen n\u00eb kor dhe po fillojn\u00eb k\u00ebndimin e k\u00ebng\u00ebve arabe q\u00eb kurr\u00eb m\u00eb par\u00eb nuk i kemi par\u00eb dhe nd\u00ebgjuar, po i detyrojn\u00eb t\u00eb gjith\u00eb pjes\u00ebmarr\u00ebsit t\u00eb ulen galu\u00e7(kacul) derisa ata po i mbarojn\u00eb uluritjet e tyre n\u00eb nj\u00eb arabishte q\u00eb mund ti ngjaj\u00eb \u00e7do uluritje tjet\u00ebr p\u00ebrve\u00e7 origjinalit ! K\u00ebndime t\u00eb tilla organizohen edhe me rastin e varrimit t\u00eb ndonj\u00eb komandanti e ushtari shum\u00eb t\u00eb nderuar t\u00eb U\u00c7K-s\u00eb, edhe me rastin e varrimit t\u00eb ndonj\u00eb intelektuali e veprimtari t\u00eb \u00e7\u00ebshtjes komb\u00ebtare, edhe me rastin e varrimit t\u00eb ndonj\u00eb prindi t\u00eb d\u00ebshmor\u00ebve e t\u00eb cilitdo t\u00eb ndjer\u00eb ku imam\u00ebt e till\u00eb kan\u00eb mund\u00ebsin\u00eb t\u00eb imponojn\u00eb m\u00ebnyr\u00ebn e ceremonialit mortor arabo-xhihadist.<\/p>\n<p>Nga frika se \u201cmos po e prishin \u201d ceremonin\u00eb mortore pothuaj pjesa d\u00ebrmuese e pjes\u00ebmarr\u00ebsve p\u00ebrulen para autoritetit tradicional t\u00eb imam\u00ebve t\u00eb mb\u00ebshtjellur me pushtetin e t\u00eb gjith\u00eb okupator\u00ebve t\u00eb popullit ton\u00eb q\u00eb nga otoman\u00ebt e deri te sllavo-ortodoks\u00ebt.<\/p>\n<p>Pjesa tjet\u00ebr e pjes\u00ebmarr\u00ebsve t\u00eb cil\u00ebt nuk i p\u00ebrfillin k\u00ebto ceremoniale t\u00eb huaja p\u00ebr popullin dhe tradit\u00ebn ton\u00eb q\u00ebndrojn\u00eb n\u00eb k\u00ebmb\u00eb dhe nuk i ngrisin lart\u00eb as durt\u00eb e a k\u00ebmb\u00ebt, por me q\u00ebndrimin e tyre stoik nderojn\u00eb t\u00eb ndjerin, t\u00eb af\u00ebrmit e t\u00eb ndjerit dhe injorojn\u00eb imam\u00ebt e till\u00eb arabo-xhihadist\u00eb dhe misionar\u00eb t\u00eb sllavo-ortodoksizmit dhe islamizmit.<\/p>\n<p>P\u00ebr fat t\u00eb keq, imam\u00ebt, edhe sot e gjith\u00eb dit\u00ebn jan\u00eb imponues, p\u00ebrbuz\u00ebs, poshtrues, denigrues, asimilues e \u00e7ka jo tjet\u00ebr ndaj vlerave t\u00eb mir\u00ebfillta komb\u00ebtare shqiptaro-iliro-pellazge.<\/p>\n<p>Varrimi i fundit ku isha prezent ndodhi n\u00eb fshatin Karvasari t\u00eb komun\u00ebs s\u00eb Malishev\u00ebs t\u00eb njohur si fshat me dy besime fetare. Banor\u00ebt e fshatrave t\u00eb k\u00ebsaj ane , jo vet\u00ebm qytetar\u00ebt e Karvasaris\u00eb, por edhe nipat e tyre i quajn\u00eb romano-katolik, sepse k\u00ebta t\u00eb fundit jan\u00eb nipa t\u00eb Karvasaris\u00eb. M\u00eb 28 shkurt 2012 ndrroi jet\u00eb Zeqir O. G\u00ebrdalla, (Mhill G\u00ebrdalla, sipas atyre q\u00eb din\u00eb p\u00ebr pak\u00ebzimin e tij), nj\u00eb prej pleq\u00ebve m\u00eb me z\u00eb t\u00eb asaj treve, p\u00ebr nga zgjuarsia dhe njohja e tradit\u00ebs s\u00eb vjet\u00ebr iliro-shqiptare .<\/p>\n<p>Zeqir G\u00ebrdalla ishte personi, i zgjedhuri par\u00eb, i cili pranoi q\u00eb t\u00eb hedh gurthemelin e kish\u00ebs romano-katolike n\u00eb fshatin e tij, ishte gjithashtu personi q\u00eb preu shritin p\u00ebrurues t\u00eb hapjes s\u00eb kish\u00ebs . P\u00ebr hir\u00eb t\u00eb mir\u00ebkuptimit dhe harmonis\u00eb nd\u00ebrfetare Zeqir G\u00ebrdalla pranoi t\u00eb vej\u00eb edhe gurthemelin e xhamis\u00eb s\u00eb fshatit. Ai ishte njeri me bindje plot\u00ebsisht t\u00eb besimit t\u00eb krishter\u00eb , por nga rrethanat , pothuaj gjith\u00eb miq\u00ebsin\u00eb i kishte t\u00eb besimit islam, por familja e tyre nuk ishte praktikuese e riteve fetare. Aty pritej dhe flitej vet\u00ebm bujarisht, miq\u00ebsisht dhe shqiptarisht, sepse izmat nuk kishin vend.<\/p>\n<p>M\u00eb 28 shkurt n\u00eb dark\u00eb filluam bised\u00ebn rreth m\u00ebnyr\u00ebs s\u00eb rrjedhes s\u00eb ceremonis\u00eb mortore, tem\u00eb q\u00eb e hapa un\u00eb duke dashur t\u00eb jemi besnik ndaj opinioneve dhe d\u00ebshirave t\u00eb t\u00eb ndjerit. Si gjith\u00ebher\u00eb aty u fol shum\u00eb, por nuk u vendos asgj\u00eb konkrete, p\u00ebrve\u00e7 pastrimit t\u00eb trupit t\u00eb t\u00eb ndjerit q\u00eb ishte b\u00ebr\u00eb nga familja. Pra kjo dihej mir\u00eb, se nuk do t\u00eb kishte hoxh\u00eb q\u00eb do t\u00eb prekte kufom\u00ebn e tij. Pyetjet se ; -\u00e7ka do t\u00eb thojn\u00eb miq\u00ebt?, \u00e7ka do t\u00eb mendojn\u00eb kojshit\u00eb?, \u00e7ka do t\u00eb thojn\u00eb bashfshatar\u00ebt?, e nj\u00eb mori pyetjesh t\u00eb tilla t\u00eb kota, sikur mos t\u00eb njihej dhe sikur mos t\u00eb diheshin paraprakisht idet\u00eb dhe opinionet e t\u00eb ndjerit rreth besimit fetar, nuk kishin t\u00eb ndalur.<\/p>\n<p>P\u00ebr habin\u00eb m\u00eb t\u00eb madhe n\u00eb mesin e t\u00eb pranish\u00ebmve kishte edhe individ\u00eb q\u00eb heqen si intelektual\u00eb dhe ngulmoonin n\u00eb b\u00ebrjen e ceremonialit mortor islam, kishte edhe burra q\u00eb e kishin shoq\u00ebrue t\u00eb ndjerin me rastin e prerjes s\u00eb shiritit p\u00ebr hapjen e kish\u00ebs n\u00eb fshat, kishin pir\u00eb ver\u00eb bashk\u00eb dhe kishin marr\u00eb pjes\u00eb edhe lutjet fetare n\u00eb at\u00eb rast, por ishin indiferent dhe nuk b\u00ebzanin fare.<\/p>\n<p>K\u00ebta t\u00eb fundit kishin ngr\u00ebn\u00eb edhe dreka e darka n\u00eb restorante t\u00eb ndryshme bashk\u00eb me Zeqir G\u00ebrdall\u00ebn dhe priftin e fshatit . Ndonj\u00eb rast m\u00eb kishin telefonuar edhe nua, por pasiq\u00eb un\u00eb ndodhesha n\u00eb Prishtin\u00eb, ose jasht v\u00ebndit nuk kisha pasur rast t\u2019iu bashkangjitem n\u00eb nj\u00eb ndej\u00eb t\u00eb till\u00eb . Prej t\u00eb pranishm\u00ebve n\u00eb mbr\u00ebmjen e 28 shkurtit vet\u00ebm nj\u00eb nip i Zeqir G\u00ebrdall\u00ebs, Ganiu i tha gjerat shkurt dhe trup para t\u00eb gjith\u00ebve.<\/p>\n<p>\u201c-Burra ! \u2013 tha ai, -Qamili po thot\u00eb q\u00eb n\u00ebse ne i respektojm opinionet, idet\u00eb , besimin dhe d\u00ebshirat e dajes Zeqir, ceremonia e varrimit duhet t\u00eb behet ashtu si ka dashur i ndjeri, ose tek e fundit mos thirrni as hoxh\u00eb e as prift, p\u00ebr ceremonin\u00eb mortore , se nuk b\u00ebhet nami ! N\u00ebqoft\u00ebse duan\u00eb t\u00eb vijn\u00eb i ftoni thjesht\u00eb, vet\u00ebm si pjes\u00ebmarr\u00ebs n\u00eb varrim !\u201d<\/p>\n<p>Mir\u00ebpo nuk pat\u00ebm p\u00ebrkrahje dhe fundi mbet pezull, me hoxh\u00eb po, por pa i p\u00ebrcaktuar kufijt\u00eb as n\u00eb vija t\u00eb trasha. Pra kishte vend p\u00ebr manipulime t\u00eb shumta. Me sa e di un\u00eb, prifti i fshatit nuk ishte ftuar dhe nuk ishte lajm\u00ebrua fare, edhepse ishte mik shum\u00eb i mir\u00eb i t\u00eb ndjerit !!!\u2026 M\u00eb 29 shkurt do t\u00eb b\u00ebhej varrimi. U grumbulluan\u00eb shum\u00eb miq\u00eb e dashamir\u00ebs erdhi edhe imami i fshatit, nj\u00eb i ri me t\u00eb kaluar shum\u00eb t\u00eb dyshimt, por q\u00eb tani mbante \u00e7allm\u00ebn e imamit t\u00eb fshatit. Si gjith\u00eb imam\u00ebt edhe hoxha n\u00eb fjal\u00eb, megjith\u00ebse m\u00eb i ri n\u00eb mosh\u00eb se pjesa d\u00ebrmuese e miq\u00ebve, pa pyetur askend iu drejtua vendit t\u00eb nderit n\u00eb od\u00ebn e G\u00ebrdall\u00ebve. Askush nuk kund\u00ebrshtoi.<\/p>\n<p>Un\u00eb si nip i G\u00ebrdall\u00ebve u ngrita dola jasht dhe takova kryetarin e fshatit me q\u00ebllim q\u00eb t\u00eb ndaloja uluritjet n\u00eb arabisht para trupit t\u00eb t\u00eb ndjerit . N\u00eb fund me pik\u00eb t\u00eb zorit arrita q\u00eb t\u00eb siguroj q\u00eb s\u00eb pakut te varri mos t\u00eb k\u00ebndohej dhe mos t\u00eb b\u00ebhej asnj\u00eb lutje n\u00eb gjuh\u00ebn arabe, p\u00ebrndryshe p\u00ebr gjerat tjera , n\u00ebqoft\u00ebse k\u00ebmb\u00ebngulja, isha i bindur q\u00eb do t\u00eb lindnin probleme nd\u00ebrmjet meje dhe ndonj\u00ebrit prej an\u00ebtar\u00ebve t\u00eb familjes G\u00ebrdalla.<\/p>\n<p>Ora 13 e 30 minuta dalin tre a kat\u00ebr veta q\u00eb \u201ckishin abdes\u201d , than\u00eb se diku pran\u00eb sht\u00ebpis\u00eb b\u00ebn\u00eb nj\u00eb lutje arabe pran\u00eb arkivolit t\u00eb t\u00eb ndjerit, pastaj u bart arkivoli deri n\u00eb af\u00ebrsi t\u00eb verrezave t\u00eb familjes G\u00ebrdalla, e vun\u00eb arkivolin mbi dy trej\u00eb dhe b\u00ebn\u00eb edhe nj\u00eb lutje arabe q\u00eb p\u00ebr fat nuk zgjati shum\u00eb, u soll arkivoli af\u00ebr varrit, un ia lexova nj\u00eb biografi t\u00eb shkurt\u00ebr q\u00eb m\u00eb mori koh\u00eb rreth kat\u00ebr minuta , u vendos arkivoli n\u00eb varr, u mbulua dhe un\u00eb ndjeva nj\u00eb lirim shpirt\u00ebror q\u00eb s\u00eb pakut para varrit nuk u k\u00ebndua arabisht.<\/p>\n<p>Por tamam kur mendova se \u00e7do gj\u00eb mbaroi, mu afrua djali i t\u00eb ndjerit dhe mu drejtua me fjal\u00ebt ; \u201c- Hoxha po pyet a ban me e b\u00ebr\u00eb nj\u00eb lutje n\u00eb gjuh\u00ebn shqipe ?\u201d , e pash\u00eb n\u00eb sy djalin e t\u00eb ndjerit dhe e pash\u00eb se nuk kisha mund\u00ebsi t\u00eb mohoj, kur ai vet\u00eb ishte detyrue t\u00eb intervenonte nga presioni i hoxh\u00ebs dhe nj\u00eb pjese t\u00eb t\u00eb pranish\u00ebmve, nd\u00ebr ta edhe nga ndonj\u00eb an\u00ebtar\u00eb i familjes G\u00ebrdalla . Hoxha u ul pran\u00eb varrit t\u00eb t\u00eb ndjerit Zeqir G\u00ebrdalla dhe k\u00ebrkoi nga t\u00eb pranishmit q\u00eb t\u00eb ulen derisa ai t\u00eb b\u00ebnte lutjen e tij . Nj\u00eb pjes\u00eb , pothuaj gjysma e t\u00eb pranish\u00ebmve u ul\u00ebn galu\u00e7 dhe p\u00ebrcoll\u00ebn lutjen e imamit, kurse pjesa tjet\u00ebr q\u00ebndruan\u00eb n\u00eb k\u00ebmb\u00eb.<\/p>\n<p>Megjith\u00ebse lutja u b\u00eb n\u00eb shqip, nuk kishte asgj\u00eb shqiptare dhe asgj\u00eb nga ajo se si do t\u00eb d\u00ebshironte i ndjeri, por autoriteti i trash\u00ebguar i imam\u00ebve nga pushtetet okupatore, shkeli edhe nj\u00ebher\u00eb mbi vlerat tona komb\u00ebtare, shkeli mbi tradit\u00ebn e familjes G\u00ebrdalla, shkeli mbi opinionin, bindjet, dhe besimin fetar e komb\u00ebtar t\u00eb t\u00eb ndjerit Zeqir G\u00ebrdalla, lutja e p\u00ebrher\u00ebshme e t\u00eb cilit ishte:<\/p>\n<p>\u201d- O i madhi Zot, mbushjua mendjen shqiptar\u00ebve me dasht\u00eb gjuh\u00ebn e vet\u00eb, me u lut\u00eb n\u00eb gjuh\u00ebn e vet\u00eb,me dasht\u00eb kombin e vet\u00eb, me dasht\u00eb vendin e vet\u00eb, me dasht\u00eb kultur\u00ebn e vet\u00eb, me dasht\u00eb historin\u00eb e vet\u00eb, me dasht\u00eb tradit\u00ebn e vet\u00eb dhe mos me i harrue dhimbjet dhe krenarit\u00eb e veta, mos me e harrue gjakun e derdhur p\u00ebr liri qe 2000 vjet\u00eb,sepse Harresa \u00ebsht\u00eb mallkimi m\u00eb i madh p\u00ebr nj\u00eb popull dhe populli q\u00eb i harron k\u00ebto gj\u00ebra t\u00eb shenj\u00ebta, nuk mund ta g\u00ebzoj\u00eb t\u00eb tashmen dhe nuk mund t\u00eb ket ardhm\u00ebri t\u00eb sigurt. Amen !\u201d<\/p>\n<p>Daja Zeqir, un\u00eb nipi yt Qamili,k\u00ebrkoj ndjes\u00eb, q\u00eb s\u00eb pakut me rastin e nderimeve t\u00eb fundit p\u00ebr n\u00eb jet\u00ebn e amshueshme, nuk munda t\u00eb realizoj nj\u00eb ceremoni mortore, ashtu si e keni d\u00ebshirue dhe meritue, nuk munda t\u00eb mbetem besnik ndaj opinionit, q\u00ebndrimeve dhe bindjeve tuaja lidhur me besimin dhe d\u00ebshir\u00ebn t\u00ebnde p\u00ebr ceremonin\u00eb mortore !<br \/>\nImam\u00ebt dhe hoxh\u00ebt vet\u00ebm n\u00eb safin e par\u00eb ! Pse ?!\u2026<\/p>\n<p>Duke e shfryt\u00ebzuar tradit\u00ebn e imponimit dhe t\u00eb autoritetit tradicional t\u00eb imam\u00ebve t\u00eb mb\u00ebshtjellur me pushtet, cilido imam apo hoxh\u00eb, me t\u00eb hyr\u00eb n\u00eb ndonj\u00eb vend ndeje, p\u00ebr g\u00ebzim apo hidh\u00ebrim, pa i th\u00ebn\u00eb dhe pa i dh\u00ebn\u00eb leje askush i drejtohet vendit t\u00eb nderit, te oxhaku i odave tona, ose rendit t\u00eb par\u00eb t\u00eb karrigave t\u00eb rezervuara p\u00ebr musafir\u00ebt m\u00eb t\u00eb nderuar, pra safit t\u00eb par\u00eb si\u00e7 e p\u00ebrdorin imam\u00ebt dhe nj\u00eb pjes\u00eb e popullit. Edhe n\u00eb k\u00ebto raste t\u00eb pranishmit e sidomos organizator\u00ebt ngelen pa fjal\u00eb nga mungesa e kurajos e guximit dhe nga frika se \u201cmos po e prishin\u201d ndejen n\u00eb kuvendin, n\u00eb g\u00ebzimin apo n\u00eb hidh\u00ebrimin e rastit.<\/p>\n<p>N\u00eb rrethana normale dhe n\u00eb rast t\u00eb ekzistimit t\u00eb vet\u00ebdijes s\u00eb lart\u00eb njer\u00ebzore n\u00eb rend t\u00eb par\u00eb e pastaj edhe t\u00eb asaj komb\u00ebtare, njeriu me tu liruar nga imponuesi okupator e hudh posht\u00eb barr\u00ebn e ngarkuar nga rob\u00ebria, por n\u00eb t\u00eb kund\u00ebrt\u00ebn do ta mbaj\u00eb at\u00eb p\u00ebrgjith\u00ebmon\u00eb mbi kurrizin e tij dhe kurr\u00eb nuk do t\u00eb mund ti \u00e7el\u00eb syt\u00eb dhe t\u00eb shoh drit\u00ebn e v\u00ebrtet\u00eb t\u00eb liris\u00eb.<br \/>\nSjellja e masave t\u00eb popullit ton\u00eb karshi imam\u00ebve e hoxhollar\u00ebve m\u00eb kujtoi nj\u00eb tregim t\u00eb nj\u00eb t\u00eb moshuari \u00e7am n\u00eb Durr\u00ebs n\u00eb vitin 1993.<\/p>\n<p>Ishim un\u00eb dhe Rizahu, nj\u00ebri nga v\u00ebllez\u00ebrit e mi duke shetitur n\u00eb Durr\u00ebs . U ndal\u00ebm n\u00eb nj\u00eb dyqan t\u00eb vog\u00ebl p\u00ebr t\u00eb bler\u00eb ca gjera. Aty sh\u00ebrbente plaku \u00e7am, xha Nakipi . Me t\u00eb kuptuar q\u00eb ne vinim nga Kosova, plaku doli jasht banakut dhe na mori ngryk t\u00eb dyve. Me lot n\u00eb sy ai filloi bised\u00ebn me ne\u2026., ai donte t\u00eb dinte \u00e7do gj\u00eb rreth asaj q\u00eb ndodhte n\u00eb dhe me popullin e Kosov\u00ebs.<\/p>\n<p>Pyetjeve t\u00eb xha Nakipit m\u00eb tep\u00ebr iu p\u00ebrgjigjej vllau, pasi ai vinte drejt\u00eb nga Kosova dhe i njihte gjerat dhe rrethanat m\u00eb mir\u00eb. N\u00eb nj\u00eb moment xha Nakipi na u drejtua t\u00eb dyve me fjal\u00ebt e zjarrta q\u00eb i dilnin nga thell\u00ebsia e shpirtit : \u201c- E dini ju si jan\u00eb kosovar\u00ebt ! Kosovar\u00ebt jan\u00eb sikur ai bualli t\u00eb cilin e kan\u00eb lidhur me zingjir\u00eb t\u00eb trash p\u00ebr dyreku n\u00eb ahur . Bualli mbasi provon t\u00eb k\u00ebpus zingjir\u00ebt dhe nuk ia del, sepse zingjiri ishte i trash dhe trau gjithashtu i trash dhe i vendosur mir\u00eb, fillon ti besoj forc\u00ebs s\u00eb zingjirit\u2026<\/p>\n<p>E keni pa, kur bualli \u00ebsht\u00eb i lidhur me zingjir\u00eb, apo me litar, e t\u00ebrhe\u00e7 p\u00ebr dore nj\u00eb f\u00ebmij\u00eb i vog\u00ebl, sepse bualli \u00ebsht\u00eb provuar me zingjirin, apo me litarin dhe nuk mendon n\u00eb forc\u00ebn e kufizuar t\u00eb f\u00ebmiut. Po t\u00eb kishte vet\u00ebdije bualli p\u00ebr forc\u00ebn e f\u00ebmiut, me nj\u00eb l\u00ebkundje koke do ta hudhte f\u00ebmiun p\u00ebr tok\u00eb dhe vet\u00eb do t\u00eb lirohej ! K\u00ebshtu jan\u00eb edhe kosovar\u00ebt ! Po ti rrokin arm\u00ebt n\u00eb dor\u00eb dhe tua tregojn\u00eb vendin \u00e7etnik\u00ebve serb\u00eb do t\u00eb lirohen shum\u00eb shpejt nga ajo barr\u00eb e r\u00ebnd\u00eb e rob\u00ebris\u00eb !\u2026\u201d. K\u00ebshtu mbyll tregimin xha Nakipi duke na p\u00ebrqafuar dhe duke na dh\u00ebn\u00eb zem\u00ebr q\u00eb mos t\u00eb dor\u00ebzohemi, por t\u00eb revoltohemi deri n\u00eb \u00e7lirimin e vendit dhe popullit ton\u00eb nga zgjedha serbo-\u00e7etnike.<\/p>\n<p>Rrefeva k\u00ebt\u00eb tregim t\u00eb plakut \u00e7am p\u00ebr t\u00eb shpjeguar munges\u00ebn e guximit dhe kurajos gjithashtu edhe frik\u00ebn e mbjellur nd\u00ebr shekuj me radh\u00eb nga pushtetet okupatore, fatkeq\u00ebsisht t\u00eb trash\u00ebguar deri n\u00eb dit\u00ebt tona, por edhe n\u00ebp\u00ebrmjet autoritetit tradicional t\u00eb imam\u00ebve t\u00eb mb\u00ebshtjellur me pushtetin e ar\u00ebmiq\u00ebve tan\u00eb, sepse po t\u00eb kund\u00ebrshtoje hoxh\u00ebn dikur internoheshe me gjith\u00eb familje n\u00eb ndonj\u00eb ujdhes\u00eb t\u00eb mesdheut, ose n\u00eb shkret\u00ebtirat e anadollit, ose m\u00eb von\u00eb treteshe kazamateve t\u00eb jugosllavis\u00eb, duke mos e harruar se imam\u00ebt dhe hoxh\u00ebt e till\u00eb kishin duart\u00eb e gjata deri n\u00eb majat e pushteteve okupuese dhe shum\u00eb shpejt fillonin torturat m\u00eb t\u00eb tmerr\u00ebshme ndaj atyre q\u00eb guxonin t\u00eb ngriteshin kund\u00ebr pushtetit dhe autoritetit t\u00eb tyre.<\/p>\n<p>Kur e dijn\u00eb mir\u00eb q\u00eb, m\u00eb shum\u00eb se n\u00ebnt\u00ebdhjet\u00eb p\u00ebrqind t\u00eb popullit ton\u00eb, nuk jan\u00eb praktikues t\u00eb asnj\u00ebrit besim, heshtja para k\u00ebtyre \u00e7oroditjeve q\u00eb po i b\u00ebhen popullit ton\u00eb e sidomos rinis\u00eb son\u00eb aq\u00eb t\u00eb past\u00ebr e aq t\u00eb shenj\u00ebt, ka qen\u00eb, \u00ebsht\u00eb dhe do t\u00eb jet\u00eb si nj\u00eb kancer me pasoja t\u00eb drejt\u00ebp\u00ebrdrejta pik\u00ebrisht nga hyrja e frik\u00ebs deri n\u00eb palc\u00eb, ndoshta edhe n\u00eb gjenet e popullit ton\u00eb si pasoj\u00eb e eg\u00ebrsis\u00eb s\u00eb rob\u00ebris\u00eb shekullore nga pushtetet okupuese dhe veglat e tyre t\u00eb veshur me uniform\u00ebn e hoxh\u00ebs dhe imamit. Mua shpesh m\u00eb ka rastisur t\u00eb revoltohem kund\u00ebr k\u00ebtyre fenomeneve t\u00eb sh\u00ebmtuara, t\u00eb cilat popullit shqiptar po i kushtojn\u00eb shum\u00eb dhe do ti kushtojn\u00eb e do ti l\u00ebjn\u00eb pasoja afatgjata, n\u00ebqoft\u00ebse nuk nd\u00ebrmerret di\u00e7ka konkrete nga inteligjenca jon\u00eb , nga vet\u00eb vet\u00eb populli yn\u00eb dhe nga vet\u00eb shteti yn\u00eb, pra nga Tirana dhe Prishtina zyrtare. T\u00eb punojm\u00eb dhe t\u00eb shpresojm\u00eb !<\/p>\n<p><strong>Dy t\u00eb kund\u00ebrta q\u00eb ndihmojn\u00eb nj\u00ebra tjetr\u00ebn<\/strong><br \/>\nKur e dijm mir\u00eb q\u00eb t\u00eb krishter\u00ebt lindor\u00eb sllavo-ortodoks dhe ata p\u00ebrendimor\u00eb romano-katolik, jan\u00eb t\u00eb p\u00ebr\u00e7ar\u00eb q\u00eb nga mesi i shekullit XI-t\u00eb dhe ende nuk kan\u00eb asnj\u00eb bashk\u00ebpunim nd\u00ebrfetar, kur e dijm mir\u00eb q\u00eb gadi gjat\u00eb gjith\u00eb mileniumit t\u00eb dyt\u00eb t\u00eb er\u00ebs son\u00eb pushtetin e kishte ai q\u00eb kishte besimin, kur e dijm mir\u00eb q\u00eb edhe sot e gjith\u00eb dit\u00ebn ekzistojn\u00eb dy pole t\u00eb forta interesash geostrategjike, Rusia me aleat\u00ebt e vet\u00eb n\u00eb nj\u00ebren an\u00eb dhe NATO-ja me an\u00ebtar\u00ebt dhe p\u00ebrkrah\u00ebsit e vet\u00eb n\u00eb an\u00ebn tjet\u00ebr, del fare leht\u00eb konkluzioni q\u00eb besimi i krishter\u00eb sllavo-ortodoks dhe islamizmi kishin t\u00eb njejtin kund\u00ebrshtar\u00eb (lexo:armik) sidomos n\u00eb trevat e Ballkanit n\u00eb p\u00ebrgjith\u00ebsi e n\u00eb trojet shqiptare n\u00eb ve\u00e7anti. Duke e ditur q\u00eb qendra e krishterizmit sllavo-ortodoks \u00ebsht\u00eb n\u00eb Stamboll dhe gjith\u00ebher\u00eb ka qen\u00eb e lir\u00eb t\u00eb ushtroj\u00eb ritet dhe besimet sllavo-ortodokse, n\u00eb m\u00ebnyr\u00eb t\u00eb natyrshme vjen n\u00eb shprehje bashk\u00ebpunimi n\u00eb mes t\u00eb besimit sllavo-ortodoks dhe besimit islam n\u00eb d\u00ebm t\u00eb besimit t\u00eb krishter\u00eb romano-katolik.<\/p>\n<p>Pasi q\u00eb shqiptar\u00ebt ishin dhe jan\u00eb n\u00eb luft\u00eb t\u00eb p\u00ebrher\u00ebshme me sllav\u00ebt, e gjith\u00eb makina propaganduese e shtyp\u00ebse sllavo-ortodokse e shekullit t\u00eb kaluar, q\u00eb p\u00ebr fat t\u00eb keq vazhdon edhe sot e gjith\u00eb dit\u00ebn, n\u00eb bashk\u00ebrenditje me islamizmin jan\u00eb p\u00ebrq\u00ebndruar n\u00eb konvertimin e shqiptar\u00ebve n\u00eb nj\u00eb islam t\u00eb degjeneruar, n\u00eb \u00e7oroditjen e kultur\u00ebs, tradit\u00ebs, dokeve e zakoneve shqiptare dhe n\u00eb krijimin e nj\u00eb l\u00ebmshi q\u00eb askund nuk mund ti gjindet filli, n\u00eb m\u00ebnyr\u00eb t\u00eb till\u00eb q\u00eb ne shqiptar\u00ebt t\u00eb mos kemi mund\u00ebsi t\u00eb luftojm kund\u00ebr prezenc\u00ebs s\u00eb armiq\u00ebve t\u00eb popullit ton\u00eb, por t\u00eb merremi me vet\u00ebveten ton\u00eb, t\u00eb p\u00ebr\u00e7ahemi n\u00eb mes nesh dhe t\u00eb shp\u00ebrb\u00ebhet q\u00ebnja jon\u00eb komb\u00ebtare.<\/p>\n<p>Kur i analizojm t\u00eb gjitha koh\u00ebrat, gjith\u00ebher\u00eb n\u00eb rast krizash politike t\u00eb popullit shqiptar, sllavo-ortodoksizmi dhe islamizmi jan\u00eb aktivizuar me t\u00eb madhe, q\u00eb para bot\u00ebs p\u00ebrendimore, kombit shqiptar ti japin nj\u00eb imazh t\u00eb islamizmit ekstrem, n\u00eb m\u00ebnyr\u00eb q\u00eb ne t\u00eb humbim p\u00ebrkrahjen e p\u00ebrendimit, k\u00ebshtu q\u00eb sllavo-ortodoksizmi t\u00eb ket\u00eb duart\u00eb e lira n\u00eb asimilimin, d\u00ebbimin dhe shfarosjen e q\u00ebnjes shqiptare nga faqja e dheut.<\/p>\n<p>Kushdo q\u00eb ka dy fije mend mund t\u00eb v\u00ebrej\u00eb sesa xhamij\u00eb jan\u00eb nd\u00ebrtuar vet\u00ebm pas mbarimit t\u00eb luft\u00ebs s\u00eb armatosur 1998\/1999 p\u00ebr \u00e7lirimin dhe bashkimin e trojeve dhe popullit shqiptar edhe n\u00eb ato fshatra t\u00eb thella q\u00eb kurr\u00eb nuk ka pasur as kish\u00eb e as xhami, n\u00eb ato fshatra ku nuk ka as ambullant\u00eb, as shkoll\u00eb, as \u00e7erdhe f\u00ebmij\u00ebsh, kurse p\u00ebr habin\u00eb m\u00eb t\u00eb madhe p\u00ebrpar\u00ebsi nd\u00ebrtimi iu \u00ebsht\u00eb dh\u00ebn\u00eb xhamive dhe ate gjith\u00ebkund n\u00eb v\u00ebnde t\u00eb ekspozuara mir\u00eb p\u00ebr ti par\u00eb dhe p\u00ebr t\u00eb r\u00ebn\u00eb n\u00eb sy t\u00eb secilit kalimtar vendor apo t\u00eb huaj. Fondet p\u00ebr nd\u00ebrtimin e k\u00ebtyre xhamive jan\u00eb shum\u00eb t\u00eb dyshimta ! \u2026<\/p>\n<p>Kur analizojm dhe shohim p\u00ebrfundimin e luft\u00ebs, ndihm\u00ebn e NATO-s me n\u00eb krye SHBA-t\u00eb dhe shtetet m\u00eb t\u00eb fuqishme p\u00ebrendimore, pastaj edhe njohjen e shtetit t\u00eb Kosov\u00ebs nga k\u00ebto shtete dhe miq\u00ebt e tyre n\u00eb nj\u00ebr\u00ebn an\u00eb , kurse n\u00eb an\u00ebn tjet\u00ebr refuzimin, injorimin , denigrimin e Republik\u00ebs s\u00eb Kosov\u00ebs nga sllavo-ortodoksizmi dhe Lidhja islamike, v\u00ebrtet\u00eb del i v\u00ebrtet\u00eb pohimi i imam\u00ebve se : \u201c-Feja islame \u00ebsht\u00eb m\u00eb e af\u00ebrt me besimin e krishter\u00eb sllavo-ortodoks sesa me at\u00eb romano-katolik.\u201d<\/p>\n<p>Kjo th\u00ebnje ishte gjith\u00ebnj\u00eb nj\u00eb aksiom\u00eb e imam\u00ebve tan\u00eb, sidomos kur \u00ebsht\u00eb puna p\u00ebr ti larguar shqiptar\u00ebt sa m\u00eb shum\u00eb nga gjuha, tradita, kultura dhe t\u00eb gjitha vlerat e tyre shekullore t\u00eb trash\u00ebguara nga t\u00eb par\u00ebt e tyre iliro-pellazg\u00eb, p\u00ebr ti larguar nga lutjet n\u00eb gjuh\u00ebn e tyre t\u00eb \u00ebmb\u00ebl q\u00eb vet\u00eb natyra n\u00ebn\u00eb, q\u00eb vet\u00eb Zoti iu ka dhuruar, vet\u00ebm e vet\u00ebm p\u00ebr ti larguar nga rr\u00ebnj\u00ebt dhe vlerat e tyre evro-p\u00ebrendimore dhe p\u00ebr ti b\u00ebr\u00eb shqiptar\u00ebt q\u00eb t\u00eb sillen sikur popull i droguar, hipnotizuar, degjeneruar, tjet\u00ebrsuar e asimiluar, n\u00eb m\u00ebnyr\u00eb q\u00eb kurr\u00eb mos t\u00eb mund t\u00eb organizohen e t\u00eb mbrohen nga rreziku sllavo-ortodoks, islamist dhe komunist.<\/p>\n<p>Fajtor\u00eb p\u00ebr lejimin e k\u00ebtyre imponimeve, fajtor p\u00ebr k\u00ebt\u00eb gjendje t\u00eb nder\u00eb n\u00eb t\u00eb cil\u00ebn \u00ebsht\u00eb katandisur kombi shqiptar, jemi vet\u00eb ne shqiptar\u00ebt q\u00eb nuk reagojm, ose s\u00eb pakut q\u00eb nuk distancohemi nga k\u00ebto t\u00eb b\u00ebma antikomb\u00ebtare, por me heshtjen ton\u00eb, sikur pajtohemi dhe jua l\u00ebjm duart\u00eb e lira armiq\u00ebve dhe misionar\u00ebve t\u00eb tyre t\u00eb punojn\u00eb me besnik\u00ebrin\u00eb e qenit p\u00ebr interesat e padron\u00ebve t\u00eb tyre e n\u00eb d\u00ebm t\u00eb popullit shqiptar.<\/p>\n<p>Si pasoj\u00eb e bashk\u00ebrendimit dhe bashk\u00ebpunimit t\u00eb sllavo-ortodoks\u00ebve , islamizmit dhe komunizmit kund\u00ebr popullit ton\u00eb, ne jemi katandisur gjithandej rrug\u00ebve t\u00eb bot\u00ebs, nj\u00eblloj sikur \u00e7ifut\u00ebt dhe nuk besoj t\u00eb ket vend n\u00eb bot\u00eb ku nuk mund t\u00eb has\u00ebsh n\u00eb emigrant\u00eb shqiptar\u00eb dhe \u00e7ifut\u00eb.<\/p>\n<p>Po e p\u00ebrmbyll me th\u00ebnjen e njohur filozofike:<br \/>\n&#8211; N\u00eb fund, ne nuk do t\u00eb kujtojm\u00eb fjal\u00ebt e armiq\u00ebve, por heshtjen e miq\u00ebve !<br \/>\nKurse mua personalisht nuk m\u00eb habit sulmi i armiq\u00ebve dhe veglave t\u00eb tyre qorre ndaj \u00e7do vlere shqiptare, por heshtja e m\u00eb shum\u00eb se 90% t\u00eb popullsis\u00eb shqiptare jopraktikuese e cilitdo besim fetar n\u00eb p\u00ebrgjith\u00ebsi dhe heshtja e intelektual\u00ebve, e Akademis\u00eb s\u00eb Shkencave n\u00eb Prishtin\u00eb dhe n\u00eb Tiran\u00eb dhe heshtja e qeverive shqiptare n\u00eb t\u00eb dy shtetet tona t\u00eb brishta laike n\u00eb ve\u00e7anti !<\/p>\n<p>http:\/\/tribunashqiptare.net\/?p=6218<\/p>\n","protected":false},"excerpt":{"rendered":"<p>Qamil Zekolli \u201dPadrejt\u00ebsia kudo q\u00eb ndodh\u00eb, \u00ebsht\u00eb k\u00ebrc\u00ebnim i drejt\u00ebsis\u00eb n\u00eb gjith\u00eb bot\u00ebn. \u201d &#8211; Martin Luther King Daja Zeqir, un\u00eb nipi yt Qamili, k\u00ebrkoj ndjes\u00eb, q\u00eb s\u00eb pakut me rastin e nderimeve t\u00eb fundit p\u00ebr n\u00eb jet\u00ebn e amshueshme, nuk munda t\u00eb realizoj nj\u00eb ceremoni mortore, ashtu si e keni d\u00ebshirue dhe meritue, nuk [&hellip;]<\/p>\n","protected":false},"author":1,"featured_media":0,"comment_status":"open","ping_status":"closed","sticky":false,"template":"","format":"standard","meta":{"footnotes":""},"categories":[2],"tags":[],"class_list":{"0":"post-2487","1":"post","2":"type-post","3":"status-publish","4":"format-standard","6":"category-artikuj"},"yoast_head":"<!-- This site is optimized with the Yoast SEO plugin v27.4 - https:\/\/yoast.com\/product\/yoast-seo-wordpress\/ -->\n<title>Bashk\u00ebrendimi dhe bashk\u00ebpunimi i ngusht\u00eb sllavo-ortodokso-islamist\u00eb p\u00ebr asimilimin dhe zhdukjen e shqiptar\u00ebve - FjALA e LIR\u00cb - Arkivi<\/title>\n<meta name=\"robots\" content=\"index, follow, max-snippet:-1, max-image-preview:large, max-video-preview:-1\" \/>\n<link rel=\"canonical\" href=\"https:\/\/fjala.info\/2009-2015\/bashkerendimi-dhe-bashkepunimi-i-ngushte-sllavo-ortodokso-islamiste-per-asimilimin-dhe-zhdukjen-e-shqiptareve\/\" \/>\n<meta property=\"og:locale\" content=\"sq_AL\" \/>\n<meta property=\"og:type\" content=\"article\" \/>\n<meta property=\"og:title\" content=\"Bashk\u00ebrendimi dhe bashk\u00ebpunimi i ngusht\u00eb sllavo-ortodokso-islamist\u00eb p\u00ebr asimilimin dhe zhdukjen e shqiptar\u00ebve - FjALA e LIR\u00cb - Arkivi\" \/>\n<meta property=\"og:description\" content=\"Qamil Zekolli \u201dPadrejt\u00ebsia kudo q\u00eb ndodh\u00eb, \u00ebsht\u00eb k\u00ebrc\u00ebnim i drejt\u00ebsis\u00eb n\u00eb gjith\u00eb bot\u00ebn. \u201d &#8211; Martin Luther King Daja Zeqir, un\u00eb nipi yt Qamili, k\u00ebrkoj ndjes\u00eb, q\u00eb s\u00eb pakut me rastin e nderimeve t\u00eb fundit p\u00ebr n\u00eb jet\u00ebn e amshueshme, nuk munda t\u00eb realizoj nj\u00eb ceremoni mortore, ashtu si e keni d\u00ebshirue dhe meritue, nuk [&hellip;]\" \/>\n<meta property=\"og:url\" content=\"https:\/\/fjala.info\/2009-2015\/bashkerendimi-dhe-bashkepunimi-i-ngushte-sllavo-ortodokso-islamiste-per-asimilimin-dhe-zhdukjen-e-shqiptareve\/\" \/>\n<meta property=\"og:site_name\" content=\"FjALA e LIR\u00cb - Arkivi\" \/>\n<meta property=\"article:published_time\" content=\"2012-04-13T20:15:55+00:00\" \/>\n<meta property=\"og:image\" content=\"http:\/\/www.shkoder.net\/2012\/qamil_zekolli.jpg\" \/>\n<meta name=\"author\" content=\"admin\" \/>\n<meta name=\"twitter:card\" content=\"summary_large_image\" \/>\n<meta name=\"twitter:label1\" content=\"Written by\" \/>\n\t<meta name=\"twitter:data1\" content=\"admin\" \/>\n\t<meta name=\"twitter:label2\" content=\"Est. reading time\" \/>\n\t<meta name=\"twitter:data2\" content=\"36 minutes\" \/>\n<script type=\"application\/ld+json\" class=\"yoast-schema-graph\">{\"@context\":\"https:\\\/\\\/schema.org\",\"@graph\":[{\"@type\":\"Article\",\"@id\":\"https:\\\/\\\/fjala.info\\\/2009-2015\\\/bashkerendimi-dhe-bashkepunimi-i-ngushte-sllavo-ortodokso-islamiste-per-asimilimin-dhe-zhdukjen-e-shqiptareve\\\/#article\",\"isPartOf\":{\"@id\":\"https:\\\/\\\/fjala.info\\\/2009-2015\\\/bashkerendimi-dhe-bashkepunimi-i-ngushte-sllavo-ortodokso-islamiste-per-asimilimin-dhe-zhdukjen-e-shqiptareve\\\/\"},\"author\":{\"name\":\"admin\",\"@id\":\"https:\\\/\\\/fjala.info\\\/2009-2015\\\/#\\\/schema\\\/person\\\/3aa1163ef05469c496fc94e77611ada2\"},\"headline\":\"Bashk\u00ebrendimi dhe bashk\u00ebpunimi i ngusht\u00eb sllavo-ortodokso-islamist\u00eb p\u00ebr asimilimin dhe zhdukjen e shqiptar\u00ebve\",\"datePublished\":\"2012-04-13T20:15:55+00:00\",\"mainEntityOfPage\":{\"@id\":\"https:\\\/\\\/fjala.info\\\/2009-2015\\\/bashkerendimi-dhe-bashkepunimi-i-ngushte-sllavo-ortodokso-islamiste-per-asimilimin-dhe-zhdukjen-e-shqiptareve\\\/\"},\"wordCount\":7208,\"commentCount\":0,\"publisher\":{\"@id\":\"https:\\\/\\\/fjala.info\\\/2009-2015\\\/#organization\"},\"image\":{\"@id\":\"https:\\\/\\\/fjala.info\\\/2009-2015\\\/bashkerendimi-dhe-bashkepunimi-i-ngushte-sllavo-ortodokso-islamiste-per-asimilimin-dhe-zhdukjen-e-shqiptareve\\\/#primaryimage\"},\"thumbnailUrl\":\"http:\\\/\\\/www.shkoder.net\\\/2012\\\/qamil_zekolli.jpg\",\"articleSection\":[\"Artikuj\"],\"inLanguage\":\"sq-AL\",\"potentialAction\":[{\"@type\":\"CommentAction\",\"name\":\"Comment\",\"target\":[\"https:\\\/\\\/fjala.info\\\/2009-2015\\\/bashkerendimi-dhe-bashkepunimi-i-ngushte-sllavo-ortodokso-islamiste-per-asimilimin-dhe-zhdukjen-e-shqiptareve\\\/#respond\"]}]},{\"@type\":\"WebPage\",\"@id\":\"https:\\\/\\\/fjala.info\\\/2009-2015\\\/bashkerendimi-dhe-bashkepunimi-i-ngushte-sllavo-ortodokso-islamiste-per-asimilimin-dhe-zhdukjen-e-shqiptareve\\\/\",\"url\":\"https:\\\/\\\/fjala.info\\\/2009-2015\\\/bashkerendimi-dhe-bashkepunimi-i-ngushte-sllavo-ortodokso-islamiste-per-asimilimin-dhe-zhdukjen-e-shqiptareve\\\/\",\"name\":\"Bashk\u00ebrendimi dhe bashk\u00ebpunimi i ngusht\u00eb sllavo-ortodokso-islamist\u00eb p\u00ebr asimilimin dhe zhdukjen e shqiptar\u00ebve - FjALA e LIR\u00cb - Arkivi\",\"isPartOf\":{\"@id\":\"https:\\\/\\\/fjala.info\\\/2009-2015\\\/#website\"},\"primaryImageOfPage\":{\"@id\":\"https:\\\/\\\/fjala.info\\\/2009-2015\\\/bashkerendimi-dhe-bashkepunimi-i-ngushte-sllavo-ortodokso-islamiste-per-asimilimin-dhe-zhdukjen-e-shqiptareve\\\/#primaryimage\"},\"image\":{\"@id\":\"https:\\\/\\\/fjala.info\\\/2009-2015\\\/bashkerendimi-dhe-bashkepunimi-i-ngushte-sllavo-ortodokso-islamiste-per-asimilimin-dhe-zhdukjen-e-shqiptareve\\\/#primaryimage\"},\"thumbnailUrl\":\"http:\\\/\\\/www.shkoder.net\\\/2012\\\/qamil_zekolli.jpg\",\"datePublished\":\"2012-04-13T20:15:55+00:00\",\"breadcrumb\":{\"@id\":\"https:\\\/\\\/fjala.info\\\/2009-2015\\\/bashkerendimi-dhe-bashkepunimi-i-ngushte-sllavo-ortodokso-islamiste-per-asimilimin-dhe-zhdukjen-e-shqiptareve\\\/#breadcrumb\"},\"inLanguage\":\"sq-AL\",\"potentialAction\":[{\"@type\":\"ReadAction\",\"target\":[\"https:\\\/\\\/fjala.info\\\/2009-2015\\\/bashkerendimi-dhe-bashkepunimi-i-ngushte-sllavo-ortodokso-islamiste-per-asimilimin-dhe-zhdukjen-e-shqiptareve\\\/\"]}]},{\"@type\":\"ImageObject\",\"inLanguage\":\"sq-AL\",\"@id\":\"https:\\\/\\\/fjala.info\\\/2009-2015\\\/bashkerendimi-dhe-bashkepunimi-i-ngushte-sllavo-ortodokso-islamiste-per-asimilimin-dhe-zhdukjen-e-shqiptareve\\\/#primaryimage\",\"url\":\"http:\\\/\\\/www.shkoder.net\\\/2012\\\/qamil_zekolli.jpg\",\"contentUrl\":\"http:\\\/\\\/www.shkoder.net\\\/2012\\\/qamil_zekolli.jpg\"},{\"@type\":\"BreadcrumbList\",\"@id\":\"https:\\\/\\\/fjala.info\\\/2009-2015\\\/bashkerendimi-dhe-bashkepunimi-i-ngushte-sllavo-ortodokso-islamiste-per-asimilimin-dhe-zhdukjen-e-shqiptareve\\\/#breadcrumb\",\"itemListElement\":[{\"@type\":\"ListItem\",\"position\":1,\"name\":\"Home\",\"item\":\"https:\\\/\\\/fjala.info\\\/2009-2015\\\/\"},{\"@type\":\"ListItem\",\"position\":2,\"name\":\"Bashk\u00ebrendimi dhe bashk\u00ebpunimi i ngusht\u00eb sllavo-ortodokso-islamist\u00eb p\u00ebr asimilimin dhe zhdukjen e shqiptar\u00ebve\"}]},{\"@type\":\"WebSite\",\"@id\":\"https:\\\/\\\/fjala.info\\\/2009-2015\\\/#website\",\"url\":\"https:\\\/\\\/fjala.info\\\/2009-2015\\\/\",\"name\":\"FjALA e LIR\u00cb - Arkivi\",\"description\":\"Arkivi 2009-2015\",\"publisher\":{\"@id\":\"https:\\\/\\\/fjala.info\\\/2009-2015\\\/#organization\"},\"potentialAction\":[{\"@type\":\"SearchAction\",\"target\":{\"@type\":\"EntryPoint\",\"urlTemplate\":\"https:\\\/\\\/fjala.info\\\/2009-2015\\\/?s={search_term_string}\"},\"query-input\":{\"@type\":\"PropertyValueSpecification\",\"valueRequired\":true,\"valueName\":\"search_term_string\"}}],\"inLanguage\":\"sq-AL\"},{\"@type\":\"Organization\",\"@id\":\"https:\\\/\\\/fjala.info\\\/2009-2015\\\/#organization\",\"name\":\"FjALA e LIR\u00cb - Arkivi\",\"url\":\"https:\\\/\\\/fjala.info\\\/2009-2015\\\/\",\"logo\":{\"@type\":\"ImageObject\",\"inLanguage\":\"sq-AL\",\"@id\":\"https:\\\/\\\/fjala.info\\\/2009-2015\\\/#\\\/schema\\\/logo\\\/image\\\/\",\"url\":\"\",\"contentUrl\":\"\",\"caption\":\"FjALA e LIR\u00cb - Arkivi\"},\"image\":{\"@id\":\"https:\\\/\\\/fjala.info\\\/2009-2015\\\/#\\\/schema\\\/logo\\\/image\\\/\"}},{\"@type\":\"Person\",\"@id\":\"https:\\\/\\\/fjala.info\\\/2009-2015\\\/#\\\/schema\\\/person\\\/3aa1163ef05469c496fc94e77611ada2\",\"name\":\"admin\",\"image\":{\"@type\":\"ImageObject\",\"inLanguage\":\"sq-AL\",\"@id\":\"https:\\\/\\\/fjala.info\\\/2009-2015\\\/wp-content\\\/uploads\\\/2012\\\/02\\\/arben_cokaj-120x150.jpg\",\"url\":\"https:\\\/\\\/fjala.info\\\/2009-2015\\\/wp-content\\\/uploads\\\/2012\\\/02\\\/arben_cokaj-120x150.jpg\",\"contentUrl\":\"https:\\\/\\\/fjala.info\\\/2009-2015\\\/wp-content\\\/uploads\\\/2012\\\/02\\\/arben_cokaj-120x150.jpg\",\"caption\":\"admin\"},\"description\":\"Admin, Fjala e Lir\u00eb\",\"sameAs\":[\"https:\\\/\\\/fjala.info\\\/\"],\"url\":\"https:\\\/\\\/fjala.info\\\/2009-2015\\\/author\\\/admin\\\/\"}]}<\/script>\n<!-- \/ Yoast SEO plugin. -->","yoast_head_json":{"title":"Bashk\u00ebrendimi dhe bashk\u00ebpunimi i ngusht\u00eb sllavo-ortodokso-islamist\u00eb p\u00ebr asimilimin dhe zhdukjen e shqiptar\u00ebve - FjALA e LIR\u00cb - Arkivi","robots":{"index":"index","follow":"follow","max-snippet":"max-snippet:-1","max-image-preview":"max-image-preview:large","max-video-preview":"max-video-preview:-1"},"canonical":"https:\/\/fjala.info\/2009-2015\/bashkerendimi-dhe-bashkepunimi-i-ngushte-sllavo-ortodokso-islamiste-per-asimilimin-dhe-zhdukjen-e-shqiptareve\/","og_locale":"sq_AL","og_type":"article","og_title":"Bashk\u00ebrendimi dhe bashk\u00ebpunimi i ngusht\u00eb sllavo-ortodokso-islamist\u00eb p\u00ebr asimilimin dhe zhdukjen e shqiptar\u00ebve - FjALA e LIR\u00cb - Arkivi","og_description":"Qamil Zekolli \u201dPadrejt\u00ebsia kudo q\u00eb ndodh\u00eb, \u00ebsht\u00eb k\u00ebrc\u00ebnim i drejt\u00ebsis\u00eb n\u00eb gjith\u00eb bot\u00ebn. \u201d &#8211; Martin Luther King Daja Zeqir, un\u00eb nipi yt Qamili, k\u00ebrkoj ndjes\u00eb, q\u00eb s\u00eb pakut me rastin e nderimeve t\u00eb fundit p\u00ebr n\u00eb jet\u00ebn e amshueshme, nuk munda t\u00eb realizoj nj\u00eb ceremoni mortore, ashtu si e keni d\u00ebshirue dhe meritue, nuk [&hellip;]","og_url":"https:\/\/fjala.info\/2009-2015\/bashkerendimi-dhe-bashkepunimi-i-ngushte-sllavo-ortodokso-islamiste-per-asimilimin-dhe-zhdukjen-e-shqiptareve\/","og_site_name":"FjALA e LIR\u00cb - Arkivi","article_published_time":"2012-04-13T20:15:55+00:00","og_image":[{"url":"http:\/\/www.shkoder.net\/2012\/qamil_zekolli.jpg","type":"","width":"","height":""}],"author":"admin","twitter_card":"summary_large_image","twitter_misc":{"Written by":"admin","Est. reading time":"36 minutes"},"schema":{"@context":"https:\/\/schema.org","@graph":[{"@type":"Article","@id":"https:\/\/fjala.info\/2009-2015\/bashkerendimi-dhe-bashkepunimi-i-ngushte-sllavo-ortodokso-islamiste-per-asimilimin-dhe-zhdukjen-e-shqiptareve\/#article","isPartOf":{"@id":"https:\/\/fjala.info\/2009-2015\/bashkerendimi-dhe-bashkepunimi-i-ngushte-sllavo-ortodokso-islamiste-per-asimilimin-dhe-zhdukjen-e-shqiptareve\/"},"author":{"name":"admin","@id":"https:\/\/fjala.info\/2009-2015\/#\/schema\/person\/3aa1163ef05469c496fc94e77611ada2"},"headline":"Bashk\u00ebrendimi dhe bashk\u00ebpunimi i ngusht\u00eb sllavo-ortodokso-islamist\u00eb p\u00ebr asimilimin dhe zhdukjen e shqiptar\u00ebve","datePublished":"2012-04-13T20:15:55+00:00","mainEntityOfPage":{"@id":"https:\/\/fjala.info\/2009-2015\/bashkerendimi-dhe-bashkepunimi-i-ngushte-sllavo-ortodokso-islamiste-per-asimilimin-dhe-zhdukjen-e-shqiptareve\/"},"wordCount":7208,"commentCount":0,"publisher":{"@id":"https:\/\/fjala.info\/2009-2015\/#organization"},"image":{"@id":"https:\/\/fjala.info\/2009-2015\/bashkerendimi-dhe-bashkepunimi-i-ngushte-sllavo-ortodokso-islamiste-per-asimilimin-dhe-zhdukjen-e-shqiptareve\/#primaryimage"},"thumbnailUrl":"http:\/\/www.shkoder.net\/2012\/qamil_zekolli.jpg","articleSection":["Artikuj"],"inLanguage":"sq-AL","potentialAction":[{"@type":"CommentAction","name":"Comment","target":["https:\/\/fjala.info\/2009-2015\/bashkerendimi-dhe-bashkepunimi-i-ngushte-sllavo-ortodokso-islamiste-per-asimilimin-dhe-zhdukjen-e-shqiptareve\/#respond"]}]},{"@type":"WebPage","@id":"https:\/\/fjala.info\/2009-2015\/bashkerendimi-dhe-bashkepunimi-i-ngushte-sllavo-ortodokso-islamiste-per-asimilimin-dhe-zhdukjen-e-shqiptareve\/","url":"https:\/\/fjala.info\/2009-2015\/bashkerendimi-dhe-bashkepunimi-i-ngushte-sllavo-ortodokso-islamiste-per-asimilimin-dhe-zhdukjen-e-shqiptareve\/","name":"Bashk\u00ebrendimi dhe bashk\u00ebpunimi i ngusht\u00eb sllavo-ortodokso-islamist\u00eb p\u00ebr asimilimin dhe zhdukjen e shqiptar\u00ebve - FjALA e LIR\u00cb - Arkivi","isPartOf":{"@id":"https:\/\/fjala.info\/2009-2015\/#website"},"primaryImageOfPage":{"@id":"https:\/\/fjala.info\/2009-2015\/bashkerendimi-dhe-bashkepunimi-i-ngushte-sllavo-ortodokso-islamiste-per-asimilimin-dhe-zhdukjen-e-shqiptareve\/#primaryimage"},"image":{"@id":"https:\/\/fjala.info\/2009-2015\/bashkerendimi-dhe-bashkepunimi-i-ngushte-sllavo-ortodokso-islamiste-per-asimilimin-dhe-zhdukjen-e-shqiptareve\/#primaryimage"},"thumbnailUrl":"http:\/\/www.shkoder.net\/2012\/qamil_zekolli.jpg","datePublished":"2012-04-13T20:15:55+00:00","breadcrumb":{"@id":"https:\/\/fjala.info\/2009-2015\/bashkerendimi-dhe-bashkepunimi-i-ngushte-sllavo-ortodokso-islamiste-per-asimilimin-dhe-zhdukjen-e-shqiptareve\/#breadcrumb"},"inLanguage":"sq-AL","potentialAction":[{"@type":"ReadAction","target":["https:\/\/fjala.info\/2009-2015\/bashkerendimi-dhe-bashkepunimi-i-ngushte-sllavo-ortodokso-islamiste-per-asimilimin-dhe-zhdukjen-e-shqiptareve\/"]}]},{"@type":"ImageObject","inLanguage":"sq-AL","@id":"https:\/\/fjala.info\/2009-2015\/bashkerendimi-dhe-bashkepunimi-i-ngushte-sllavo-ortodokso-islamiste-per-asimilimin-dhe-zhdukjen-e-shqiptareve\/#primaryimage","url":"http:\/\/www.shkoder.net\/2012\/qamil_zekolli.jpg","contentUrl":"http:\/\/www.shkoder.net\/2012\/qamil_zekolli.jpg"},{"@type":"BreadcrumbList","@id":"https:\/\/fjala.info\/2009-2015\/bashkerendimi-dhe-bashkepunimi-i-ngushte-sllavo-ortodokso-islamiste-per-asimilimin-dhe-zhdukjen-e-shqiptareve\/#breadcrumb","itemListElement":[{"@type":"ListItem","position":1,"name":"Home","item":"https:\/\/fjala.info\/2009-2015\/"},{"@type":"ListItem","position":2,"name":"Bashk\u00ebrendimi dhe bashk\u00ebpunimi i ngusht\u00eb sllavo-ortodokso-islamist\u00eb p\u00ebr asimilimin dhe zhdukjen e shqiptar\u00ebve"}]},{"@type":"WebSite","@id":"https:\/\/fjala.info\/2009-2015\/#website","url":"https:\/\/fjala.info\/2009-2015\/","name":"FjALA e LIR\u00cb - Arkivi","description":"Arkivi 2009-2015","publisher":{"@id":"https:\/\/fjala.info\/2009-2015\/#organization"},"potentialAction":[{"@type":"SearchAction","target":{"@type":"EntryPoint","urlTemplate":"https:\/\/fjala.info\/2009-2015\/?s={search_term_string}"},"query-input":{"@type":"PropertyValueSpecification","valueRequired":true,"valueName":"search_term_string"}}],"inLanguage":"sq-AL"},{"@type":"Organization","@id":"https:\/\/fjala.info\/2009-2015\/#organization","name":"FjALA e LIR\u00cb - Arkivi","url":"https:\/\/fjala.info\/2009-2015\/","logo":{"@type":"ImageObject","inLanguage":"sq-AL","@id":"https:\/\/fjala.info\/2009-2015\/#\/schema\/logo\/image\/","url":"","contentUrl":"","caption":"FjALA e LIR\u00cb - Arkivi"},"image":{"@id":"https:\/\/fjala.info\/2009-2015\/#\/schema\/logo\/image\/"}},{"@type":"Person","@id":"https:\/\/fjala.info\/2009-2015\/#\/schema\/person\/3aa1163ef05469c496fc94e77611ada2","name":"admin","image":{"@type":"ImageObject","inLanguage":"sq-AL","@id":"https:\/\/fjala.info\/2009-2015\/wp-content\/uploads\/2012\/02\/arben_cokaj-120x150.jpg","url":"https:\/\/fjala.info\/2009-2015\/wp-content\/uploads\/2012\/02\/arben_cokaj-120x150.jpg","contentUrl":"https:\/\/fjala.info\/2009-2015\/wp-content\/uploads\/2012\/02\/arben_cokaj-120x150.jpg","caption":"admin"},"description":"Admin, Fjala e Lir\u00eb","sameAs":["https:\/\/fjala.info\/"],"url":"https:\/\/fjala.info\/2009-2015\/author\/admin\/"}]}},"_links":{"self":[{"href":"https:\/\/fjala.info\/2009-2015\/wp-json\/wp\/v2\/posts\/2487","targetHints":{"allow":["GET"]}}],"collection":[{"href":"https:\/\/fjala.info\/2009-2015\/wp-json\/wp\/v2\/posts"}],"about":[{"href":"https:\/\/fjala.info\/2009-2015\/wp-json\/wp\/v2\/types\/post"}],"author":[{"embeddable":true,"href":"https:\/\/fjala.info\/2009-2015\/wp-json\/wp\/v2\/users\/1"}],"replies":[{"embeddable":true,"href":"https:\/\/fjala.info\/2009-2015\/wp-json\/wp\/v2\/comments?post=2487"}],"version-history":[{"count":0,"href":"https:\/\/fjala.info\/2009-2015\/wp-json\/wp\/v2\/posts\/2487\/revisions"}],"wp:attachment":[{"href":"https:\/\/fjala.info\/2009-2015\/wp-json\/wp\/v2\/media?parent=2487"}],"wp:term":[{"taxonomy":"category","embeddable":true,"href":"https:\/\/fjala.info\/2009-2015\/wp-json\/wp\/v2\/categories?post=2487"},{"taxonomy":"post_tag","embeddable":true,"href":"https:\/\/fjala.info\/2009-2015\/wp-json\/wp\/v2\/tags?post=2487"}],"curies":[{"name":"wp","href":"https:\/\/api.w.org\/{rel}","templated":true}]}}