{"id":2485,"date":"2012-04-13T20:42:55","date_gmt":"2012-04-13T19:42:55","guid":{"rendered":"http:\/\/fjala.shkoder.net\/?p=2485"},"modified":"2012-04-13T20:42:55","modified_gmt":"2012-04-13T19:42:55","slug":"mikut-te-panjoftun-shqiptare-qe-me-kerrcnon-ne-facebook","status":"publish","type":"post","link":"https:\/\/fjala.info\/2009-2015\/mikut-te-panjoftun-shqiptare-qe-me-kerrcnon-ne-facebook\/","title":{"rendered":"MIKUT T\u00cb PANJOFTUN SHQIPTAR, Q\u00cb M\u00cb K\u00cbRC\u00cbNON N\u00cb FACEBOOK"},"content":{"rendered":"<p><img decoding=\"async\" class=\"alignright size-thumbnail wp-image-7236\" title=\"Selim M. Nengurra\" src=\"http:\/\/www.shkoder.net\/2012\/selim_nengurra.jpg\" alt=\"\" width=\"150\" \/> <strong>Selim M. Nengurra<\/strong><\/p>\n<p>Sikur t\u00eb ishe n\u00eb mosh\u00ebn time, nuk do t\u00eb pergjigjesha fare, sepse un\u00eb nuk merrem me njer\u00ebz q\u00eb k\u00ebrc\u00ebnojn\u00eb, q\u00eb ofendojn\u00eb, le t\u00eb merren ata me vetveten. Mir\u00ebpo ty po t\u00eb shkruej pikrisht per shkak t\u00eb moshes q\u00eb (nese je ti ky n\u00eb foto) tregon, se je ma i ri se djali im ma i vog\u00ebl. Dhe arsyeja tjeter asht se p\u00ebr nga mbiemni, jam i sigurt\u00eb se je nipash i nji mikut tim t\u00eb madh t\u00eb moshes time rinore e shkollore, tashma i t\u00eb ndjerit Dr. Xh. H. Sh.<\/p>\n<p>Ti kishe shkrue sa edhe m\u00eb bane me qesh\u00eb. N\u00ebse mendon se je njeri besimtar, m\u00ebso at\u00ebher\u00eb parimet e kultur\u00ebs fetare, q\u00eb mos ta ofendosh askend, mos ta kerc\u00ebnosh askend. Dhe n\u00ebse ofendon nji ma t\u00eb vjeter, biles shum\u00eb ma t\u00eb vjet\u00ebr, nji gjysh q\u00eb mund t\u00eb jet\u00eb gadi per nga mosha edhe gjysh yt, ALLAHU q\u00eb ti po duket e do aq shum\u00eb, t\u00eb d\u00ebnon. Un\u00eb mendoj k\u00ebshtu n\u00ebse ai Allahu do ishte i drejt\u00eb. Mir\u00ebpo drejt\u00ebsia e tij mue nuk m\u00eb terheq\u00eb, perderisa shoh se \u00e7ka po ngjan gjithandej globit, e posa\u00e7\u00ebrisht n\u00eb trojet shqiptare.<\/p>\n<p>Ti Herolind ke shkrue aty nji fjali, e cila m\u00eb irritoi dhe p\u00ebr t\u00eb cilen nuk do t\u00eb p\u00ebrgjigjesha fare, por nuk do mbetesha pa reague makar edhe nga k\u00ebtu nga distanca, sepse un\u00eb jam i Lubozhdes, nuk jam fillikat, kam familje, kam kush\u00ebrij\u00eb, kam miq, kam p\u00ebrkrah\u00ebs, jam edhe un\u00eb shqiptar dhe njoh mir\u00eb KANUNIN e LEKES, por ty, si nipash, po t\u00eb pergjigjem. S\u00eb pari, ta jap nji k\u00ebshill\u00eb. M\u00ebsohu q\u00eb kurr\u00eb mos t\u2019i thuesh dikujt &#8220;TI DUHET&#8221;. K\u00ebte shprehje e kan\u00eb shkijet. Ata thon\u00eb &#8220;TI MORASH&#8221;. M\u00eb kishe than\u00eb &#8220;TI DUHET T\u00cb M\u00cb PERGJIGJESH&#8221;, dikujt tjeter do i thoja: Po kush mutin je ti me t\u2019u pergjigj\u00eb un\u00eb. Un\u00eb ty nuk t\u00eb kam shkrue. Ty e as familjar\u00ebt tuej nuk i kam p\u00ebrgojue as ofendue kurr\u00eb. Mir\u00ebpo, mbasi je nipash i njeriut q\u00eb e kam dasht\u00eb dhe m\u00eb ka dasht\u00eb shum\u00eb e t\u00eb cilin un\u00eb kurr\u00eb nuk mund ta harroj, ty po t\u00eb pergjigjem dhe shpresoj se kurreshtja jote do k\u00ebnaqet.<\/p>\n<p>N\u00ebse un\u00eb si shqiptar mendoj se Rexhep Taip Erdogan duhet me k\u00ebrkue falje shqiptar\u00ebve p\u00ebr gjenocidin 5 shekuj robni e nji shekull shkatrrim shpirtnor, q\u00eb osman\u00ebt u kan\u00eb ba shqiptar\u00ebve, nuk do thot\u00eb se nuk mendoj se nji gja t\u00eb till\u00eb nuk duhet ta bajn\u00eb edhe Tadiqi e lider\u00ebt e tjer\u00eb serb\u00eb. Un\u00eb si opinionist, si studjues, si poet, si publicist e gazatar, q\u00eb tash e prej tri dekadash shkruej n\u00eb disa gjuh\u00eb ve\u00e7 gjuhes shqipe, kam stilin tim t\u00eb shkrimit. Un\u00eb flas per di\u00e7ka konkrete, p\u00ebr temen, e mundohem t\u00eb mos dal nga tema. Prandaj n\u00eb at\u00eb kontekst un\u00eb shkrova p\u00ebr Erdoganin, sepse ai ishte tema e jo Tadiqi.<\/p>\n<p>Por mbasi je i ri dhe un\u00eb kam d\u00ebshiren e zjarrt\u00eb q\u00eb rinia shqiptare t\u00eb jet\u00eb e shendet\u00ebshme, e sh\u00ebndosh\u00eb shpirtnisht dhe e ngritun me vetdije kombtarisht, po t\u2019i shkruej edhe disa fjal\u00eb shkurt.<\/p>\n<p>Ti kishe permend ADEMIN ( ADAMIN). Personalisht \u00e7uditem. Ama edhe m\u00eb dhimbesh. M\u00eb dhimbesh, sepse di se nuk asht faji yt ky. Fajin e ka tjeterkush, e per ta spjegue tash do duhej t\u00eb kisha nji jav\u00eb koh\u00eb t\u00eb shkruej k\u00ebtu. A di ti, i dashtun, me m\u00eb tregue cili asht ai njeri q\u00eb e ka pa at ADEMIN? A di ti t\u00eb m\u00eb tregosh pse ADEMI n\u00eb dogmat islame asht ADEM n\u00eb ato krishtena ADAM?! Pse Isa asht ISA dhe JESUS, NUHI- NOA, DAVIDI-DAVUDI etj, etj.?<\/p>\n<p>Ama, t\u00eb lutem, nese di t\u00eb me tregosh me fakte, me fakte t\u00eb arsyeshme, t\u00eb prekshme, e jo me fantazit\u00eb dhe p\u00ebrrallat e dogmave fetare q\u00eb neper shekuj per mrekulli i kan\u00eb shfrytzue tregtar\u00ebt dhe matrapazat per ta shtyp\u00eb popullin, per ta shfrytzue at\u00eb dhe per\u00e7udi mbi 2000 vite ia kan\u00eb arrijt\u00eb k\u00ebsaj me teorin\u00eb e frik\u00ebs, q\u00eb e kan\u00eb mbjell\u00eb te njer\u00ebzit, te masat, tue i friksue me diten e GJYKIMIT n\u00eb boten e amshueshme. Pra spjegim fetar un\u00eb nuk due nga ti, por t\u00eb lutem ( pra duhet me i than\u00eb njeriut t\u00eb lutem, e jo duhet), po pate fakte t\u00eb kapshme e t\u00eb logjikshme, m\u2019i parashtro n\u00eb k\u00ebto q\u00eb t\u00eb pyeta.<\/p>\n<p>Dhe n\u00eb fund, po t\u2019i them disa fjal\u00eb, pse un\u00eb shkruej per fen\u00eb islame.<\/p>\n<p>S\u00eb pari, un\u00eb nuk e pranoj per FE dhe kjo asht bindje ime. Islami asht kultur\u00eb ARABE, e cila shperndahet me forma t\u00eb shumllojta gjithandej globit dhe t\u00eb gjitha format jan\u00eb t\u00eb drejta, ama forma e dhunes q\u00eb perdoret q\u00eb nga viti i hixhrti apo vit 622 pas epokes s\u00eb re, per mue asht e papranueshme dhe antinjerzore. Me k\u00ebto forma dhe edhe me format e dhunes, kultura arabe ( kupto feja islame) kerc\u00ebnon identitetin e popullit tim shqiptar dhe si shqiptar normal kam obligim t\u00eb reagoj. Politikajt Rexhep Taip Erdogan, Avdullah Gul dhe Davudogllu jan\u00eb ata q\u00eb mohojn\u00eb ekzistencen e ethikumit t\u00eb etnis\u00eb shqiptare.<\/p>\n<p>K\u00ebte ata e bajn\u00eb publikisht dhe biles n\u00eb foltoret e Parlamenteve t\u00eb shteteve shqiptare SHQIPNI dhe DARDANI (un\u00eb nuk i them Kosov\u00eb) kur thon\u00eb se turqit e shqiptaret jan\u00eb nji, kan\u00eb t\u00eb kalueme t\u00eb perbashket, kan\u00eb histori t\u00eb perbashket etj, etj. Prandaj un\u00eb k\u00ebto rrena nuk i marr vetem si rrena, por i marr si sulme, sepse ato edhe e kan\u00eb at\u00eb qellim. Deshmi per k\u00ebte asht situata n\u00eb BOSNJE. Qellimet e politikajve t\u00eb sotshem turq jan\u00eb asgja tjeter pos vazhdimsi e invadimit t\u00eb para gjasht\u00eb shekujsh t\u00eb osmanllinj\u00ebve, mir\u00ebpo tash n\u00eb form\u00eb tjeter. Me asimilime n\u00eb emen t\u00eb fes\u00eb, me mohime t\u00eb kultures, t\u00eb historis\u00eb s\u00eb popujve t\u00eb vegjel, e na jemi popull i vog\u00ebl n\u00eb raport me turqit.<\/p>\n<p>Mos harro se sikur t\u00eb gjith\u00eb popujt e tjer\u00eb edhe neve ishim dikur n\u00eb para histori si PAGAN ose t\u00eb pa fe. Para 2010 viteve lindi krishtnimi dhe apostujt e shperndan\u00eb gjithandej dhe simbas shum\u00eb studjuesve kjo fe arrit s\u00eb pari pikrisht n\u00eb ILIRI. U nda kjo fe n\u00eb lindje dhe prendim dhe lindi ortodoksizmi, i cili, po sikur katolicizmi me Romen, gjegj\u00ebsisht Bizantin n\u00eb pushtet per iliret ishte kob, sepse ishin t\u00eb pushtuem nga pushtuesit q\u00eb nuk ishin Ilir. Mir\u00ebpo fet\u00eb e k\u00ebtyne shteteve apo perandorive pushtuese jo q\u00eb nuk asimiluen iliret e fiset dardane, por perkundrazi, tue kultivue k\u00ebto fe, iliret arriten kulmin e lulzimit t\u00eb zhvillimit t\u00eb tyne kulturor e shkencor. K\u00ebto perandori paten perandor ilir, Vatikani apo Selia e Shejt\u00eb pati disa PAP\u00cb ilir, bota u mrekullue me shpikjet e shkences autor i t\u00eb cilave ishin iliret.<\/p>\n<p>Ta kujtoj baban\u00eb e astronomis\u00eb tabelat dhe formulat e t\u00eb cilit jan\u00eb sot n\u00eb NASA t\u00eb Amerikes nga t\u00eb cilat asht zhvillue jeta moderne e njerzimit sot, pra asht ky shqiptari nga Daj\u00e7i e Zadrimes s\u00eb Shkodres, q\u00eb jetoi e veproi n\u00eb Raguz\u00eb ( Dubrovnikun e sotshem), i pavdekshmi Gjon Gazulli. Nga kjo koh\u00eb, pra nga koha e lul\u00ebzimit t\u00eb krishtnimit n\u00eb trojet ilire, kemi letraret dhe artistet e m\u00ebdhenj, Buzukun, Budin, Matrengan, Bogdanin, Barletin etj, etj. Ndersa n\u00eb kohen e pushtimit osman neve na u mohue gjuha, na u mohue etnia, na u mohue kultura, na u imponue robnia, asimilimi, skllavnia dhe per t\u00eb mbijetue ndodhi konvertimi n\u00eb islam. T\u00eb lutem, logjiko, je i ri ke obligim per veten tande, per t\u00eb ardhmen tande dhe popullit tand. Mos lexo literatur\u00eb me dogma fetare, lexo tekste t\u00eb historis\u00eb, t\u00eb shkences dhe do shohish pse n\u00eb STAMBOLL asht qendra apo selia e kishes botnore ortodokse.<\/p>\n<p>Do shohish se si serbet, greket, rumunet e shum\u00eb t\u00eb tjer\u00eb, gjat\u00eb kohes s\u00eb pushtimit osman kan\u00eb pas faltoret e tyne ku ata kan\u00eb zhvillue lirshem fet\u00eb e tyne, ndersa shqiptarve kjo u asht mohue. Ata kan\u00eb pas\u00eb k\u00ebto alternativa: 1. T\u00eb konvertohen n\u00eb islam dhe t\u00eb asimilohen e bahen turq por t\u00eb jetojn\u00eb mir\u00eb dhe t\u00eb privilegjuem, 2: T\u00eb deklarohen grek\u00eb ose serb\u00eb dhe t\u00eb kan\u00eb lirin\u00eb fetare, por jo ate kombtare, pra t\u00eb asimilohen dhe 3. t\u00eb mbeten Katolik\u00eb, por t\u00eb vuejn\u00eb tmerrin ma t\u00eb madh, t\u00eb bahen viktima, apo sikur thoni ju muslimanet, t\u00eb bajn\u00eb kurban identitetin, origjinen dhe kulturen shqiptare.<\/p>\n<p>Kjo pra asht arsyeja pse un\u00eb kam respekt p\u00ebr katoliket shqiptar\u00eb, sepse ata ruejten me sakrificat ma t\u00eb m\u00ebdhaja deri n\u00eb diten e sotshme identitetin ton\u00eb dhe fal\u00eb atyne neve jemi sot aty ku kemi lind\u00eb, n\u00eb token e Shejt\u00eb t\u00eb Gadishullit Ilirik, t\u00eb cilin e ka sulmue dhe pushtue Roma, Bizanti, Osmanet turq, tartar\u00eb e mongol\u00eb para tyne, si Xhingis Kani e Atila etj, etj. Qellimet pushtuese dhe asimiluese t\u00eb turq\u00ebve mue m\u00eb irritojn\u00eb dhe nuk kam respekt par ta, as per fen\u00eb e tyne arabe, t\u00eb cilen ata fatkeqsisht me sukses k\u00ebt\u00eb dhetvje\u00e7arin e fundit po e shperndajn\u00eb dhe mbjellin n\u00eb kokat injorante t\u00eb shqiptar\u00ebve. Perndryshe Ti nuk do m\u00eb shkrueje leter ofenduese, as kercnuese, por asht kjo injoranc\u00eb q\u00eb iu ka shperla trunin ju atje, n\u00eb vendlindjen time, n\u00eb Dardani e n\u00eb Shqipni.<br \/>\nM\u00eb dhimbseni dhe ta dish se kur ju shoh, m\u00eb ther zemra.<\/p>\n<p>Turqia dhe kultura arabe ju sjell mjerim, o nipash. Shqiptar\u00ebt jan\u00eb themeli i Europes dhe nese je shqiptar, zgjohu, zgjoi edhe t\u00eb tjeret rreth teje. Dhe n\u00eb fund, mos harro se ti dhe t\u00eb gjith\u00eb ata si ti, duhet t\u00eb zgjidhni ose t\u00eb deklarohuni MUSLIMANE apo ISLAMISTE, q\u00eb po ju pelqen, ose harroni ato dhe rrini ata q\u00eb keni lind\u00eb. Rrini shqiptar\u00eb.<br \/>\nEdhe shqiptar\u00eb edhe musliman\u00eb nuk ban. Ju i keni ngatrrue k\u00ebto dy koncepte.<br \/>\nKaq per k\u00ebt\u00eb her\u00eb.<\/p>\n<p>Po deshe t\u00eb mbash kontakt m\u00eb shkruej jo permes facebook-ut, por direkt n\u00eb e-post adresen time, t\u00eb cilen e ke, sepse asht kjo q\u00eb m\u00eb ke shkrue me facebook.<br \/>\nKalofsh mir\u00eb, shendet e suksese n\u00eb jet\u00eb.<\/p>\n","protected":false},"excerpt":{"rendered":"<p>Selim M. Nengurra Sikur t\u00eb ishe n\u00eb mosh\u00ebn time, nuk do t\u00eb pergjigjesha fare, sepse un\u00eb nuk merrem me njer\u00ebz q\u00eb k\u00ebrc\u00ebnojn\u00eb, q\u00eb ofendojn\u00eb, le t\u00eb merren ata me vetveten. Mir\u00ebpo ty po t\u00eb shkruej pikrisht per shkak t\u00eb moshes q\u00eb (nese je ti ky n\u00eb foto) tregon, se je ma i ri se djali [&hellip;]<\/p>\n","protected":false},"author":1,"featured_media":0,"comment_status":"open","ping_status":"closed","sticky":false,"template":"","format":"standard","meta":{"footnotes":""},"categories":[2],"tags":[],"class_list":{"0":"post-2485","1":"post","2":"type-post","3":"status-publish","4":"format-standard","6":"category-artikuj"},"yoast_head":"<!-- This site is optimized with the Yoast SEO plugin v27.4 - https:\/\/yoast.com\/product\/yoast-seo-wordpress\/ -->\n<title>MIKUT T\u00cb PANJOFTUN SHQIPTAR, Q\u00cb M\u00cb K\u00cbRC\u00cbNON N\u00cb FACEBOOK - FjALA e LIR\u00cb - Arkivi<\/title>\n<meta name=\"robots\" content=\"index, follow, max-snippet:-1, max-image-preview:large, max-video-preview:-1\" \/>\n<link rel=\"canonical\" href=\"https:\/\/fjala.info\/2009-2015\/mikut-te-panjoftun-shqiptare-qe-me-kerrcnon-ne-facebook\/\" \/>\n<meta property=\"og:locale\" content=\"sq_AL\" \/>\n<meta property=\"og:type\" content=\"article\" \/>\n<meta property=\"og:title\" content=\"MIKUT T\u00cb PANJOFTUN SHQIPTAR, Q\u00cb M\u00cb K\u00cbRC\u00cbNON N\u00cb FACEBOOK - FjALA e LIR\u00cb - Arkivi\" \/>\n<meta property=\"og:description\" content=\"Selim M. Nengurra Sikur t\u00eb ishe n\u00eb mosh\u00ebn time, nuk do t\u00eb pergjigjesha fare, sepse un\u00eb nuk merrem me njer\u00ebz q\u00eb k\u00ebrc\u00ebnojn\u00eb, q\u00eb ofendojn\u00eb, le t\u00eb merren ata me vetveten. Mir\u00ebpo ty po t\u00eb shkruej pikrisht per shkak t\u00eb moshes q\u00eb (nese je ti ky n\u00eb foto) tregon, se je ma i ri se djali [&hellip;]\" \/>\n<meta property=\"og:url\" content=\"https:\/\/fjala.info\/2009-2015\/mikut-te-panjoftun-shqiptare-qe-me-kerrcnon-ne-facebook\/\" \/>\n<meta property=\"og:site_name\" content=\"FjALA e LIR\u00cb - Arkivi\" \/>\n<meta property=\"article:published_time\" content=\"2012-04-13T19:42:55+00:00\" \/>\n<meta property=\"og:image\" content=\"http:\/\/www.shkoder.net\/2012\/selim_nengurra.jpg\" \/>\n<meta name=\"author\" content=\"admin\" \/>\n<meta name=\"twitter:card\" content=\"summary_large_image\" \/>\n<meta name=\"twitter:label1\" content=\"Written by\" \/>\n\t<meta name=\"twitter:data1\" content=\"admin\" \/>\n\t<meta name=\"twitter:label2\" content=\"Est. reading time\" \/>\n\t<meta name=\"twitter:data2\" content=\"8 minutes\" \/>\n<script type=\"application\/ld+json\" class=\"yoast-schema-graph\">{\"@context\":\"https:\\\/\\\/schema.org\",\"@graph\":[{\"@type\":\"Article\",\"@id\":\"https:\\\/\\\/fjala.info\\\/2009-2015\\\/mikut-te-panjoftun-shqiptare-qe-me-kerrcnon-ne-facebook\\\/#article\",\"isPartOf\":{\"@id\":\"https:\\\/\\\/fjala.info\\\/2009-2015\\\/mikut-te-panjoftun-shqiptare-qe-me-kerrcnon-ne-facebook\\\/\"},\"author\":{\"name\":\"admin\",\"@id\":\"https:\\\/\\\/fjala.info\\\/2009-2015\\\/#\\\/schema\\\/person\\\/3aa1163ef05469c496fc94e77611ada2\"},\"headline\":\"MIKUT T\u00cb PANJOFTUN SHQIPTAR, Q\u00cb M\u00cb K\u00cbRC\u00cbNON N\u00cb FACEBOOK\",\"datePublished\":\"2012-04-13T19:42:55+00:00\",\"mainEntityOfPage\":{\"@id\":\"https:\\\/\\\/fjala.info\\\/2009-2015\\\/mikut-te-panjoftun-shqiptare-qe-me-kerrcnon-ne-facebook\\\/\"},\"wordCount\":1685,\"commentCount\":3,\"publisher\":{\"@id\":\"https:\\\/\\\/fjala.info\\\/2009-2015\\\/#organization\"},\"image\":{\"@id\":\"https:\\\/\\\/fjala.info\\\/2009-2015\\\/mikut-te-panjoftun-shqiptare-qe-me-kerrcnon-ne-facebook\\\/#primaryimage\"},\"thumbnailUrl\":\"http:\\\/\\\/www.shkoder.net\\\/2012\\\/selim_nengurra.jpg\",\"articleSection\":[\"Artikuj\"],\"inLanguage\":\"sq-AL\",\"potentialAction\":[{\"@type\":\"CommentAction\",\"name\":\"Comment\",\"target\":[\"https:\\\/\\\/fjala.info\\\/2009-2015\\\/mikut-te-panjoftun-shqiptare-qe-me-kerrcnon-ne-facebook\\\/#respond\"]}]},{\"@type\":\"WebPage\",\"@id\":\"https:\\\/\\\/fjala.info\\\/2009-2015\\\/mikut-te-panjoftun-shqiptare-qe-me-kerrcnon-ne-facebook\\\/\",\"url\":\"https:\\\/\\\/fjala.info\\\/2009-2015\\\/mikut-te-panjoftun-shqiptare-qe-me-kerrcnon-ne-facebook\\\/\",\"name\":\"MIKUT T\u00cb PANJOFTUN SHQIPTAR, Q\u00cb M\u00cb K\u00cbRC\u00cbNON N\u00cb FACEBOOK - FjALA e LIR\u00cb - Arkivi\",\"isPartOf\":{\"@id\":\"https:\\\/\\\/fjala.info\\\/2009-2015\\\/#website\"},\"primaryImageOfPage\":{\"@id\":\"https:\\\/\\\/fjala.info\\\/2009-2015\\\/mikut-te-panjoftun-shqiptare-qe-me-kerrcnon-ne-facebook\\\/#primaryimage\"},\"image\":{\"@id\":\"https:\\\/\\\/fjala.info\\\/2009-2015\\\/mikut-te-panjoftun-shqiptare-qe-me-kerrcnon-ne-facebook\\\/#primaryimage\"},\"thumbnailUrl\":\"http:\\\/\\\/www.shkoder.net\\\/2012\\\/selim_nengurra.jpg\",\"datePublished\":\"2012-04-13T19:42:55+00:00\",\"breadcrumb\":{\"@id\":\"https:\\\/\\\/fjala.info\\\/2009-2015\\\/mikut-te-panjoftun-shqiptare-qe-me-kerrcnon-ne-facebook\\\/#breadcrumb\"},\"inLanguage\":\"sq-AL\",\"potentialAction\":[{\"@type\":\"ReadAction\",\"target\":[\"https:\\\/\\\/fjala.info\\\/2009-2015\\\/mikut-te-panjoftun-shqiptare-qe-me-kerrcnon-ne-facebook\\\/\"]}]},{\"@type\":\"ImageObject\",\"inLanguage\":\"sq-AL\",\"@id\":\"https:\\\/\\\/fjala.info\\\/2009-2015\\\/mikut-te-panjoftun-shqiptare-qe-me-kerrcnon-ne-facebook\\\/#primaryimage\",\"url\":\"http:\\\/\\\/www.shkoder.net\\\/2012\\\/selim_nengurra.jpg\",\"contentUrl\":\"http:\\\/\\\/www.shkoder.net\\\/2012\\\/selim_nengurra.jpg\"},{\"@type\":\"BreadcrumbList\",\"@id\":\"https:\\\/\\\/fjala.info\\\/2009-2015\\\/mikut-te-panjoftun-shqiptare-qe-me-kerrcnon-ne-facebook\\\/#breadcrumb\",\"itemListElement\":[{\"@type\":\"ListItem\",\"position\":1,\"name\":\"Home\",\"item\":\"https:\\\/\\\/fjala.info\\\/2009-2015\\\/\"},{\"@type\":\"ListItem\",\"position\":2,\"name\":\"MIKUT T\u00cb PANJOFTUN SHQIPTAR, Q\u00cb M\u00cb K\u00cbRC\u00cbNON N\u00cb FACEBOOK\"}]},{\"@type\":\"WebSite\",\"@id\":\"https:\\\/\\\/fjala.info\\\/2009-2015\\\/#website\",\"url\":\"https:\\\/\\\/fjala.info\\\/2009-2015\\\/\",\"name\":\"FjALA e LIR\u00cb - Arkivi\",\"description\":\"Arkivi 2009-2015\",\"publisher\":{\"@id\":\"https:\\\/\\\/fjala.info\\\/2009-2015\\\/#organization\"},\"potentialAction\":[{\"@type\":\"SearchAction\",\"target\":{\"@type\":\"EntryPoint\",\"urlTemplate\":\"https:\\\/\\\/fjala.info\\\/2009-2015\\\/?s={search_term_string}\"},\"query-input\":{\"@type\":\"PropertyValueSpecification\",\"valueRequired\":true,\"valueName\":\"search_term_string\"}}],\"inLanguage\":\"sq-AL\"},{\"@type\":\"Organization\",\"@id\":\"https:\\\/\\\/fjala.info\\\/2009-2015\\\/#organization\",\"name\":\"FjALA e LIR\u00cb - Arkivi\",\"url\":\"https:\\\/\\\/fjala.info\\\/2009-2015\\\/\",\"logo\":{\"@type\":\"ImageObject\",\"inLanguage\":\"sq-AL\",\"@id\":\"https:\\\/\\\/fjala.info\\\/2009-2015\\\/#\\\/schema\\\/logo\\\/image\\\/\",\"url\":\"\",\"contentUrl\":\"\",\"caption\":\"FjALA e LIR\u00cb - Arkivi\"},\"image\":{\"@id\":\"https:\\\/\\\/fjala.info\\\/2009-2015\\\/#\\\/schema\\\/logo\\\/image\\\/\"}},{\"@type\":\"Person\",\"@id\":\"https:\\\/\\\/fjala.info\\\/2009-2015\\\/#\\\/schema\\\/person\\\/3aa1163ef05469c496fc94e77611ada2\",\"name\":\"admin\",\"image\":{\"@type\":\"ImageObject\",\"inLanguage\":\"sq-AL\",\"@id\":\"https:\\\/\\\/fjala.info\\\/2009-2015\\\/wp-content\\\/uploads\\\/2012\\\/02\\\/arben_cokaj-120x150.jpg\",\"url\":\"https:\\\/\\\/fjala.info\\\/2009-2015\\\/wp-content\\\/uploads\\\/2012\\\/02\\\/arben_cokaj-120x150.jpg\",\"contentUrl\":\"https:\\\/\\\/fjala.info\\\/2009-2015\\\/wp-content\\\/uploads\\\/2012\\\/02\\\/arben_cokaj-120x150.jpg\",\"caption\":\"admin\"},\"description\":\"Admin, Fjala e Lir\u00eb\",\"sameAs\":[\"https:\\\/\\\/fjala.info\\\/\"],\"url\":\"https:\\\/\\\/fjala.info\\\/2009-2015\\\/author\\\/admin\\\/\"}]}<\/script>\n<!-- \/ Yoast SEO plugin. -->","yoast_head_json":{"title":"MIKUT T\u00cb PANJOFTUN SHQIPTAR, Q\u00cb M\u00cb K\u00cbRC\u00cbNON N\u00cb FACEBOOK - FjALA e LIR\u00cb - Arkivi","robots":{"index":"index","follow":"follow","max-snippet":"max-snippet:-1","max-image-preview":"max-image-preview:large","max-video-preview":"max-video-preview:-1"},"canonical":"https:\/\/fjala.info\/2009-2015\/mikut-te-panjoftun-shqiptare-qe-me-kerrcnon-ne-facebook\/","og_locale":"sq_AL","og_type":"article","og_title":"MIKUT T\u00cb PANJOFTUN SHQIPTAR, Q\u00cb M\u00cb K\u00cbRC\u00cbNON N\u00cb FACEBOOK - FjALA e LIR\u00cb - Arkivi","og_description":"Selim M. Nengurra Sikur t\u00eb ishe n\u00eb mosh\u00ebn time, nuk do t\u00eb pergjigjesha fare, sepse un\u00eb nuk merrem me njer\u00ebz q\u00eb k\u00ebrc\u00ebnojn\u00eb, q\u00eb ofendojn\u00eb, le t\u00eb merren ata me vetveten. Mir\u00ebpo ty po t\u00eb shkruej pikrisht per shkak t\u00eb moshes q\u00eb (nese je ti ky n\u00eb foto) tregon, se je ma i ri se djali [&hellip;]","og_url":"https:\/\/fjala.info\/2009-2015\/mikut-te-panjoftun-shqiptare-qe-me-kerrcnon-ne-facebook\/","og_site_name":"FjALA e LIR\u00cb - Arkivi","article_published_time":"2012-04-13T19:42:55+00:00","og_image":[{"url":"http:\/\/www.shkoder.net\/2012\/selim_nengurra.jpg","type":"","width":"","height":""}],"author":"admin","twitter_card":"summary_large_image","twitter_misc":{"Written by":"admin","Est. reading time":"8 minutes"},"schema":{"@context":"https:\/\/schema.org","@graph":[{"@type":"Article","@id":"https:\/\/fjala.info\/2009-2015\/mikut-te-panjoftun-shqiptare-qe-me-kerrcnon-ne-facebook\/#article","isPartOf":{"@id":"https:\/\/fjala.info\/2009-2015\/mikut-te-panjoftun-shqiptare-qe-me-kerrcnon-ne-facebook\/"},"author":{"name":"admin","@id":"https:\/\/fjala.info\/2009-2015\/#\/schema\/person\/3aa1163ef05469c496fc94e77611ada2"},"headline":"MIKUT T\u00cb PANJOFTUN SHQIPTAR, Q\u00cb M\u00cb K\u00cbRC\u00cbNON N\u00cb FACEBOOK","datePublished":"2012-04-13T19:42:55+00:00","mainEntityOfPage":{"@id":"https:\/\/fjala.info\/2009-2015\/mikut-te-panjoftun-shqiptare-qe-me-kerrcnon-ne-facebook\/"},"wordCount":1685,"commentCount":3,"publisher":{"@id":"https:\/\/fjala.info\/2009-2015\/#organization"},"image":{"@id":"https:\/\/fjala.info\/2009-2015\/mikut-te-panjoftun-shqiptare-qe-me-kerrcnon-ne-facebook\/#primaryimage"},"thumbnailUrl":"http:\/\/www.shkoder.net\/2012\/selim_nengurra.jpg","articleSection":["Artikuj"],"inLanguage":"sq-AL","potentialAction":[{"@type":"CommentAction","name":"Comment","target":["https:\/\/fjala.info\/2009-2015\/mikut-te-panjoftun-shqiptare-qe-me-kerrcnon-ne-facebook\/#respond"]}]},{"@type":"WebPage","@id":"https:\/\/fjala.info\/2009-2015\/mikut-te-panjoftun-shqiptare-qe-me-kerrcnon-ne-facebook\/","url":"https:\/\/fjala.info\/2009-2015\/mikut-te-panjoftun-shqiptare-qe-me-kerrcnon-ne-facebook\/","name":"MIKUT T\u00cb PANJOFTUN SHQIPTAR, Q\u00cb M\u00cb K\u00cbRC\u00cbNON N\u00cb FACEBOOK - FjALA e LIR\u00cb - Arkivi","isPartOf":{"@id":"https:\/\/fjala.info\/2009-2015\/#website"},"primaryImageOfPage":{"@id":"https:\/\/fjala.info\/2009-2015\/mikut-te-panjoftun-shqiptare-qe-me-kerrcnon-ne-facebook\/#primaryimage"},"image":{"@id":"https:\/\/fjala.info\/2009-2015\/mikut-te-panjoftun-shqiptare-qe-me-kerrcnon-ne-facebook\/#primaryimage"},"thumbnailUrl":"http:\/\/www.shkoder.net\/2012\/selim_nengurra.jpg","datePublished":"2012-04-13T19:42:55+00:00","breadcrumb":{"@id":"https:\/\/fjala.info\/2009-2015\/mikut-te-panjoftun-shqiptare-qe-me-kerrcnon-ne-facebook\/#breadcrumb"},"inLanguage":"sq-AL","potentialAction":[{"@type":"ReadAction","target":["https:\/\/fjala.info\/2009-2015\/mikut-te-panjoftun-shqiptare-qe-me-kerrcnon-ne-facebook\/"]}]},{"@type":"ImageObject","inLanguage":"sq-AL","@id":"https:\/\/fjala.info\/2009-2015\/mikut-te-panjoftun-shqiptare-qe-me-kerrcnon-ne-facebook\/#primaryimage","url":"http:\/\/www.shkoder.net\/2012\/selim_nengurra.jpg","contentUrl":"http:\/\/www.shkoder.net\/2012\/selim_nengurra.jpg"},{"@type":"BreadcrumbList","@id":"https:\/\/fjala.info\/2009-2015\/mikut-te-panjoftun-shqiptare-qe-me-kerrcnon-ne-facebook\/#breadcrumb","itemListElement":[{"@type":"ListItem","position":1,"name":"Home","item":"https:\/\/fjala.info\/2009-2015\/"},{"@type":"ListItem","position":2,"name":"MIKUT T\u00cb PANJOFTUN SHQIPTAR, Q\u00cb M\u00cb K\u00cbRC\u00cbNON N\u00cb FACEBOOK"}]},{"@type":"WebSite","@id":"https:\/\/fjala.info\/2009-2015\/#website","url":"https:\/\/fjala.info\/2009-2015\/","name":"FjALA e LIR\u00cb - Arkivi","description":"Arkivi 2009-2015","publisher":{"@id":"https:\/\/fjala.info\/2009-2015\/#organization"},"potentialAction":[{"@type":"SearchAction","target":{"@type":"EntryPoint","urlTemplate":"https:\/\/fjala.info\/2009-2015\/?s={search_term_string}"},"query-input":{"@type":"PropertyValueSpecification","valueRequired":true,"valueName":"search_term_string"}}],"inLanguage":"sq-AL"},{"@type":"Organization","@id":"https:\/\/fjala.info\/2009-2015\/#organization","name":"FjALA e LIR\u00cb - Arkivi","url":"https:\/\/fjala.info\/2009-2015\/","logo":{"@type":"ImageObject","inLanguage":"sq-AL","@id":"https:\/\/fjala.info\/2009-2015\/#\/schema\/logo\/image\/","url":"","contentUrl":"","caption":"FjALA e LIR\u00cb - Arkivi"},"image":{"@id":"https:\/\/fjala.info\/2009-2015\/#\/schema\/logo\/image\/"}},{"@type":"Person","@id":"https:\/\/fjala.info\/2009-2015\/#\/schema\/person\/3aa1163ef05469c496fc94e77611ada2","name":"admin","image":{"@type":"ImageObject","inLanguage":"sq-AL","@id":"https:\/\/fjala.info\/2009-2015\/wp-content\/uploads\/2012\/02\/arben_cokaj-120x150.jpg","url":"https:\/\/fjala.info\/2009-2015\/wp-content\/uploads\/2012\/02\/arben_cokaj-120x150.jpg","contentUrl":"https:\/\/fjala.info\/2009-2015\/wp-content\/uploads\/2012\/02\/arben_cokaj-120x150.jpg","caption":"admin"},"description":"Admin, Fjala e Lir\u00eb","sameAs":["https:\/\/fjala.info\/"],"url":"https:\/\/fjala.info\/2009-2015\/author\/admin\/"}]}},"_links":{"self":[{"href":"https:\/\/fjala.info\/2009-2015\/wp-json\/wp\/v2\/posts\/2485","targetHints":{"allow":["GET"]}}],"collection":[{"href":"https:\/\/fjala.info\/2009-2015\/wp-json\/wp\/v2\/posts"}],"about":[{"href":"https:\/\/fjala.info\/2009-2015\/wp-json\/wp\/v2\/types\/post"}],"author":[{"embeddable":true,"href":"https:\/\/fjala.info\/2009-2015\/wp-json\/wp\/v2\/users\/1"}],"replies":[{"embeddable":true,"href":"https:\/\/fjala.info\/2009-2015\/wp-json\/wp\/v2\/comments?post=2485"}],"version-history":[{"count":0,"href":"https:\/\/fjala.info\/2009-2015\/wp-json\/wp\/v2\/posts\/2485\/revisions"}],"wp:attachment":[{"href":"https:\/\/fjala.info\/2009-2015\/wp-json\/wp\/v2\/media?parent=2485"}],"wp:term":[{"taxonomy":"category","embeddable":true,"href":"https:\/\/fjala.info\/2009-2015\/wp-json\/wp\/v2\/categories?post=2485"},{"taxonomy":"post_tag","embeddable":true,"href":"https:\/\/fjala.info\/2009-2015\/wp-json\/wp\/v2\/tags?post=2485"}],"curies":[{"name":"wp","href":"https:\/\/api.w.org\/{rel}","templated":true}]}}