{"id":2481,"date":"2012-04-13T08:38:21","date_gmt":"2012-04-13T07:38:21","guid":{"rendered":"http:\/\/fjala.shkoder.net\/?p=2481"},"modified":"2012-04-13T08:38:21","modified_gmt":"2012-04-13T07:38:21","slug":"ne-kosove-vriten-atdhetaret-e-perfitojne-pushtetaret-apo-punon-fatkeqi-e-han-barkdreqi","status":"publish","type":"post","link":"https:\/\/fjala.info\/2009-2015\/ne-kosove-vriten-atdhetaret-e-perfitojne-pushtetaret-apo-punon-fatkeqi-e-han-barkdreqi\/","title":{"rendered":"N\u00eb Kosov\u00eb vriten atdhetar\u00ebt e perfitojn\u00eb pushtetar\u00ebt, apo, punon fatkeqi e han barkdreqi"},"content":{"rendered":"<p><img decoding=\"async\" class=\"alignright size-thumbnail wp-image-7236\" title=\"Mr. sc. Nue Oroshi\" src=\"http:\/\/www.shkoder.net\/2012\/nue_oroshi.jpg\" alt=\"\" width=\"150\" \/> <strong>Mr. sc. Nue Oroshi<\/strong><\/p>\n<p>Se shteti i Kosov\u00ebs \u00ebsht\u00eb ra buz\u00eb gremin\u00ebs d\u00ebshmon edhe akti i turp\u00ebris\u00eb s\u00eb dy polic\u00ebve t\u00eb Kosov\u00ebs, Shukri Binaku dhe Sami Beqiri t\u00eb cil\u00ebt u mor\u00ebn peng nga gjandarm\u00ebria e nj\u00eb shteti kriminel serb, udh\u00ebhq\u00ebsit e t\u00eb cilit e kan\u00eb nd\u00ebrruar vet\u00ebm pamjen p\u00ebrmes nj\u00eb kamufllimi sip\u00ebrfaq\u00ebsor, por q\u00eb n\u00eb palc\u00eb, gjen, gjak, dhe mendje gjithmon\u00eb e kan\u00eb krimin, vrasjen dhe masakrimin e shqiptar\u00ebve dhe debimin nga trojet tona etnike shqiptare.<\/p>\n<p>Dhe, kur e kam par\u00eb k\u00ebt\u00eb pamje t\u00eb trisht\u00eb t\u00eb polic\u00ebve t\u00eb Kosov\u00ebs, t\u00eb cil\u00ebt ishin t\u00eb lidhur k\u00ebmb\u00eb e duar dhe t\u00eb shtrir\u00eb p\u00ebrdhe, fotografia e t\u00eb cil\u00ebve mori dhen\u00eb, dhe polic\u00ebt ishin fotografuar, e q\u00eb n\u00eb pamje duk\u00ebshin sikur sikur po ngr\u00ebnin pasurit\u00eb mbisip\u00ebrfaq\u00ebsore qe ka toka. E kjo \u00ebsht\u00eb m\u00eb tep\u00ebr se turp\u00ebrsi, \u00ebsht\u00eb \u00e7njer\u00ebzim; na \u00ebsht\u00eb \u00e7komb\u00ebtarizim, tmerr e p\u00ebrbuzje.<\/p>\n<p>Madje, ata t\u00eb dy kishin qen\u00eb edhe t\u00eb armatosur! Ky kindnapim i shtetit t\u00eb Kosov\u00ebs (sepse policia simbolizon shtetin, dhe jan\u00eb ruajt\u00ebs t\u00eb rendit) b\u00ebhet nga bashk\u00ebbiseduesit e Edita Tahirit dhe Hashim Tha\u00e7it. T\u00eb cil\u00ebt kan\u00eb harruar se edhe gjat\u00eb luft\u00ebs s\u00eb Dyt\u00eb bot\u00ebrore serb\u00ebt nuk i kan\u00eb nd\u00ebrruar kapelat por vet\u00ebm simbolin e \u00e7etnik\u00ebve; e kan\u00eb nd\u00ebrruar\u00eb m\u00eb at\u00eb t\u00eb partizan\u00ebve me yllin e kuq komunist.<\/p>\n<p>Por, n\u00ebse ata u penguan, q\u00eb me simbolin e \u00e7etnik\u00ebve t\u00eb hynin n\u00eb tokat shqiptare, e, q\u00eb mbroheshin nga Lidhja e Dyt\u00eb e Prizrenit e udh\u00ebhequr nga Rexhep Mitrovica, Musa Shehu, Kol Margjini, Xhafer Deva, Bedri Pejani dhe shum\u00eb atdhetar\u00eb t\u00eb tjer\u00eb, atyre \u00e7etnik\u00ebve me yllin e kuq partizan por me kapelat e \u00e7etnik\u00ebve ua kishin hapur rrug\u00ebn komunist\u00ebt shqipfol\u00ebs p\u00ebr t\u00eb masakruar shqiptar\u00eb n\u00eb Kosov\u00eb. Mjerisht, historia po na p\u00ebrs\u00ebritet s\u00ebrish, pas\u00eb rreth shtat\u00eb dekadash, por me aktor\u00eb p\u00ebraf\u00ebrsisht t\u00eb njejt\u00eb.<\/p>\n<p>-Nga familja t\u00eb nj\u00ebjt\u00eb por vet\u00ebm \u00ebsht\u00eb b\u00ebr\u00eb nd\u00ebrrimi i gjeneratave. Dhe, tani viktima e radh\u00ebs ishte atdhetari Selver Haradinaj, shqiptari i cili edhepse e dinte se e kishte jet\u00ebn n\u00eb rrezik ai nuk e l\u00ebshoi banes\u00ebn e ti, te Tre Rrokaqiejt, sepse Selveri ishte i bindur se k\u00ebta Tre Rrokaqej jan\u00eb rrokaqiej shqiptar\u00eb. Madje duhet th\u00ebn\u00eb qart\u00eb, se Serbia asnj\u00ebher\u00eb edhe prej vitit 1999 nuk e ka ndaluar luft\u00ebn kund\u00ebr shqiptar\u00ebve n\u00eb Kosov\u00eb. P\u00ebr k\u00ebt\u00eb flet edhe fakti i d\u00ebbimit nga Veriu i Kosov\u00ebs t\u00eb mij\u00ebra shqiptar\u00ebve dhe tani p\u00ebrgaditet q\u00eb t\u2018i d\u00ebboj\u00eb edhe rreth kat\u00ebrmij\u00eb shqiptar\u00ebt e fundit\u00eb t\u00eb mbetur n\u00eb k\u00ebto lagje dhe fshatra, si\u00e7 jan\u00eb:Tre Rrokqiejt, Kroi i Vitakut, Lagjja e Doktorrve, Lagjja e Boshnjak\u00ebve, Vidimriqi, Vinarci, Vinarci i Ep\u00ebrm, Qabra, Gushafci e Suhodolli.<\/p>\n<p>K\u00ebto pjes\u00eb jan\u00eb plotesisht\u00eb t\u00eb banuara me shqiptar\u00eb, por q\u00eb po terrorizohen t\u00eb shp\u00ebrngulen. Prandaj, vrasja e atdhetarit Selver Haradinaj dhe plagosja n\u00eb trup e shpirt\u00eb e t\u00ebr\u00eb Familjes s\u00eb tij nuk ishte rast\u00ebsi, sepse kjo vrasje ndodhi pik\u00ebrisht\u00eb p\u00ebr t\u00eb futur frik\u00ebn dhe panik\u00ebn tek banor\u00ebt tjer\u00eb t\u00eb mbetur shqiptar\u00eb, t\u00eb cil\u00ebt jan\u00eb mbetur n\u00ebn m\u00ebshir\u00ebn e zotit dhe t\u00eb vetvet\u00ebs, duke jetuar n\u00eb shtypje dhe terror tani e tremb\u00ebdhjet\u00eb vjet\u00eb m\u00eb radh\u00eb. Nd\u00ebrsa ministri i br\u00ebndsh\u00ebm i Kosov\u00ebs d\u00ebrgon te Tre Rrokaqiejt dy polic\u00eb, dhe vendosi nj\u00eb pik\u00eb policore ku q\u00ebndroi vet\u00ebm pes minuta!<\/p>\n<p>Kjo \u00ebsht\u00eb turp.Ministria e pun\u00ebve t\u00eb br\u00ebndshme aty duhet t\u00eb d\u00ebrgoi komplet potencialin policor, forcat\u00eb elite te policis\u00eb. Pasiq\u00eb Qeveria e Kosov\u00ebs nuk siguron kurrfar\u00eb sigurie p\u00ebr qytetar\u00ebt e saj, e vetmja mund\u00ebsi q\u00eb atyre iu ka mbetur \u00ebsht\u00eb mbrojtja e pragut t\u00eb sht\u00ebpis\u00eb. Madje edhe nj\u00eb deklarat\u00eb e l\u00ebshuar para disa dit\u00ebsh e kryetarit t\u00eb Mitrovic\u00ebs, Avni Kastrati, q\u00eb qytetar\u00ebt t\u00eb vet\u00ebmbrohen \u00ebsht\u00eb nj\u00eb m\u00ebnquri dhe maturi politike e k\u00ebtij Kryetari t\u00eb Mitrovic\u00ebs, i cili e ka kuptuar q\u00eb Qeveria e Kosov\u00ebs tallet m\u00eb qytetar\u00ebt e saj. K\u00ebsaj thirrje t\u00eb Avni Kastratit filluan t\u2019ju p\u00ebrgjigjen qytetar\u00ebt e veriut t\u00eb Mitrovic\u00ebs, n\u00eb m\u00ebnyr\u00eb, q\u00eb ata edhe n\u00ebse vriten t\u00eb vriten n\u00eb luft\u00eb kund\u00ebr forcave terroriste serbe e jo n\u00eb gjum\u00eb, e t\u00eb d\u00ebmtohen m\u00eb familje t\u00ebr\u00ebsisht\u00eb.<\/p>\n<p>N\u00eb baz\u00eb t\u00eb lajmeve q\u00eb jep Top Chanel ai thot\u00eb, se banor\u00ebt shqiptar\u00eb t\u00eb veriut t\u00eb Mitrovic\u00ebs nuk duan\u00eb t\u00eb shfaqen p\u00ebrpara kamer\u00ebs, se, \u00ebsht\u00eb frika e konfiskimit t\u00eb arm\u00ebve nga policia e Kosov\u00ebs. Kjo n\u00eb fakt \u00ebsht\u00eb denoncuar n\u00eb takimin q\u00eb p\u00ebrfaq\u00ebsuesit e lagjeve veriore pat\u00ebn nj\u00eb dit\u00eb m\u00eb par\u00eb me kryetarin Kastrati. E gjith\u00eb kjo situat\u00eb vjen vet\u00ebm pak dit\u00eb pas vrasjes s\u00eb Selver Haradinajt n\u00eb sht\u00ebpin\u00eb e tij. N\u00eb munges\u00eb t\u00eb rrug\u00ebdaljes dhe mesazheve q\u00eb u p\u00ebr\u00e7ohen, shqiptar\u00ebt kan\u00eb hartuar strategjit\u00eb e tyre t\u00eb veprimit kund\u00ebr institucioneve t\u00eb Serbis\u00eb n\u00eb k\u00ebt\u00eb pjes\u00eb.<\/p>\n<p>K\u00ebtyre qytetar\u00ebve t\u00eb veriut t\u00eb Kosov\u00ebs duhet t\u2019ju dalin n\u00eb ndihm\u00eb t\u00eb gjith\u00eb shqiptar\u00ebt e Kosov\u00ebs t\u00eb cil\u00ebt jetojn\u00eb n\u00eb Kosov\u00eb por edhe ata t\u00eb cil\u00ebt jetojn\u00eb n\u00eb diaspor\u00eb. Ndihma duhet t\u00eb jet\u00eb e gjithanshme por edhe logjistike. Nd\u00ebrsa policia e Kosov\u00ebs duhet ta kuptoj\u00eb nj\u00ebher\u00eb e mire, se i ka vet\u00ebm dy rrug\u00eb: t\u2019i mbroj\u00eb qytetar\u00ebt apo n\u00ebse nuk \u00ebsht\u00eb n\u00eb gjendje q\u00eb t\u2019i mbroj\u00eb ata si\u00e7 u tregua deri me tani, mos t\u00eb tenton q\u00eb ti qarmatosi dhe t\u00eb vriten n\u00eb gjumin e thell\u00eb pran\u00eb familjes s\u00eb vet, si\u00e7 ishte vrar\u00eb Silver Haradinaj.<\/p>\n<p>Pra, derisa n\u00eb Mitrovic\u00eb q\u00ebndrohet p\u00ebr jet\u00eb a vdekje, kryeminsitri i Kosov\u00ebs Hashim Tha\u00e7i vazhdon vizitat dhe luksin e tij n\u00eb Amerik\u00eb. Me siguri \u00ebsht\u00eb duke marr\u00eb mall\u00eb sepse kjo \u00ebsht\u00eb vizita e fundit e tij n\u00eb cil\u00ebsin\u00eb e kryeministrit t\u00eb Kosov\u00ebs. Nd\u00ebrkoh\u00eb q\u00eb Parlamenti i Kosov\u00ebs bllokohet dhe nuk e marrin guximin deputet\u00ebt t\u00eb mbajn\u00eb seanc\u00eb t\u00eb jashtzakonshme p\u00ebr Mitrovic\u00ebn, t\u00eb gjitha k\u00ebto ngjarje t\u00eb p\u00ebrshpejtuara n\u00eb Kosov\u00eb me lidhin ngusht\u00eb me titullin e k\u00ebsaj teme, q\u00eb, n\u00eb Kosov\u00eb vriten atdhetar\u00ebt e fitojn\u00eb pushtetar\u00ebt, apo, punon fatkeqi e han barkdreqi.<\/p>\n","protected":false},"excerpt":{"rendered":"<p>Mr. sc. Nue Oroshi Se shteti i Kosov\u00ebs \u00ebsht\u00eb ra buz\u00eb gremin\u00ebs d\u00ebshmon edhe akti i turp\u00ebris\u00eb s\u00eb dy polic\u00ebve t\u00eb Kosov\u00ebs, Shukri Binaku dhe Sami Beqiri t\u00eb cil\u00ebt u mor\u00ebn peng nga gjandarm\u00ebria e nj\u00eb shteti kriminel serb, udh\u00ebhq\u00ebsit e t\u00eb cilit e kan\u00eb nd\u00ebrruar vet\u00ebm pamjen p\u00ebrmes nj\u00eb kamufllimi sip\u00ebrfaq\u00ebsor, por q\u00eb n\u00eb [&hellip;]<\/p>\n","protected":false},"author":1,"featured_media":0,"comment_status":"open","ping_status":"closed","sticky":false,"template":"","format":"standard","meta":{"footnotes":""},"categories":[2],"tags":[],"class_list":{"0":"post-2481","1":"post","2":"type-post","3":"status-publish","4":"format-standard","6":"category-artikuj"},"yoast_head":"<!-- This site is optimized with the Yoast SEO plugin v27.4 - https:\/\/yoast.com\/product\/yoast-seo-wordpress\/ -->\n<title>N\u00eb Kosov\u00eb vriten atdhetar\u00ebt e perfitojn\u00eb pushtetar\u00ebt, apo, punon fatkeqi e han barkdreqi - FjALA e LIR\u00cb - Arkivi<\/title>\n<meta name=\"robots\" content=\"index, follow, max-snippet:-1, max-image-preview:large, max-video-preview:-1\" \/>\n<link rel=\"canonical\" href=\"https:\/\/fjala.info\/2009-2015\/ne-kosove-vriten-atdhetaret-e-perfitojne-pushtetaret-apo-punon-fatkeqi-e-han-barkdreqi\/\" \/>\n<meta property=\"og:locale\" content=\"sq_AL\" \/>\n<meta property=\"og:type\" content=\"article\" \/>\n<meta property=\"og:title\" content=\"N\u00eb Kosov\u00eb vriten atdhetar\u00ebt e perfitojn\u00eb pushtetar\u00ebt, apo, punon fatkeqi e han barkdreqi - FjALA e LIR\u00cb - Arkivi\" \/>\n<meta property=\"og:description\" content=\"Mr. sc. Nue Oroshi Se shteti i Kosov\u00ebs \u00ebsht\u00eb ra buz\u00eb gremin\u00ebs d\u00ebshmon edhe akti i turp\u00ebris\u00eb s\u00eb dy polic\u00ebve t\u00eb Kosov\u00ebs, Shukri Binaku dhe Sami Beqiri t\u00eb cil\u00ebt u mor\u00ebn peng nga gjandarm\u00ebria e nj\u00eb shteti kriminel serb, udh\u00ebhq\u00ebsit e t\u00eb cilit e kan\u00eb nd\u00ebrruar vet\u00ebm pamjen p\u00ebrmes nj\u00eb kamufllimi sip\u00ebrfaq\u00ebsor, por q\u00eb n\u00eb [&hellip;]\" \/>\n<meta property=\"og:url\" content=\"https:\/\/fjala.info\/2009-2015\/ne-kosove-vriten-atdhetaret-e-perfitojne-pushtetaret-apo-punon-fatkeqi-e-han-barkdreqi\/\" \/>\n<meta property=\"og:site_name\" content=\"FjALA e LIR\u00cb - Arkivi\" \/>\n<meta property=\"article:published_time\" content=\"2012-04-13T07:38:21+00:00\" \/>\n<meta property=\"og:image\" content=\"http:\/\/www.shkoder.net\/2012\/nue_oroshi.jpg\" \/>\n<meta name=\"author\" content=\"admin\" \/>\n<meta name=\"twitter:card\" content=\"summary_large_image\" \/>\n<meta name=\"twitter:label1\" content=\"Written by\" \/>\n\t<meta name=\"twitter:data1\" content=\"admin\" \/>\n\t<meta name=\"twitter:label2\" content=\"Est. reading time\" \/>\n\t<meta name=\"twitter:data2\" content=\"6 minutes\" \/>\n<script type=\"application\/ld+json\" class=\"yoast-schema-graph\">{\"@context\":\"https:\\\/\\\/schema.org\",\"@graph\":[{\"@type\":\"Article\",\"@id\":\"https:\\\/\\\/fjala.info\\\/2009-2015\\\/ne-kosove-vriten-atdhetaret-e-perfitojne-pushtetaret-apo-punon-fatkeqi-e-han-barkdreqi\\\/#article\",\"isPartOf\":{\"@id\":\"https:\\\/\\\/fjala.info\\\/2009-2015\\\/ne-kosove-vriten-atdhetaret-e-perfitojne-pushtetaret-apo-punon-fatkeqi-e-han-barkdreqi\\\/\"},\"author\":{\"name\":\"admin\",\"@id\":\"https:\\\/\\\/fjala.info\\\/2009-2015\\\/#\\\/schema\\\/person\\\/3aa1163ef05469c496fc94e77611ada2\"},\"headline\":\"N\u00eb Kosov\u00eb vriten atdhetar\u00ebt e perfitojn\u00eb pushtetar\u00ebt, apo, punon fatkeqi e han barkdreqi\",\"datePublished\":\"2012-04-13T07:38:21+00:00\",\"mainEntityOfPage\":{\"@id\":\"https:\\\/\\\/fjala.info\\\/2009-2015\\\/ne-kosove-vriten-atdhetaret-e-perfitojne-pushtetaret-apo-punon-fatkeqi-e-han-barkdreqi\\\/\"},\"wordCount\":1126,\"commentCount\":0,\"publisher\":{\"@id\":\"https:\\\/\\\/fjala.info\\\/2009-2015\\\/#organization\"},\"image\":{\"@id\":\"https:\\\/\\\/fjala.info\\\/2009-2015\\\/ne-kosove-vriten-atdhetaret-e-perfitojne-pushtetaret-apo-punon-fatkeqi-e-han-barkdreqi\\\/#primaryimage\"},\"thumbnailUrl\":\"http:\\\/\\\/www.shkoder.net\\\/2012\\\/nue_oroshi.jpg\",\"articleSection\":[\"Artikuj\"],\"inLanguage\":\"sq-AL\",\"potentialAction\":[{\"@type\":\"CommentAction\",\"name\":\"Comment\",\"target\":[\"https:\\\/\\\/fjala.info\\\/2009-2015\\\/ne-kosove-vriten-atdhetaret-e-perfitojne-pushtetaret-apo-punon-fatkeqi-e-han-barkdreqi\\\/#respond\"]}]},{\"@type\":\"WebPage\",\"@id\":\"https:\\\/\\\/fjala.info\\\/2009-2015\\\/ne-kosove-vriten-atdhetaret-e-perfitojne-pushtetaret-apo-punon-fatkeqi-e-han-barkdreqi\\\/\",\"url\":\"https:\\\/\\\/fjala.info\\\/2009-2015\\\/ne-kosove-vriten-atdhetaret-e-perfitojne-pushtetaret-apo-punon-fatkeqi-e-han-barkdreqi\\\/\",\"name\":\"N\u00eb Kosov\u00eb vriten atdhetar\u00ebt e perfitojn\u00eb pushtetar\u00ebt, apo, punon fatkeqi e han barkdreqi - FjALA e LIR\u00cb - Arkivi\",\"isPartOf\":{\"@id\":\"https:\\\/\\\/fjala.info\\\/2009-2015\\\/#website\"},\"primaryImageOfPage\":{\"@id\":\"https:\\\/\\\/fjala.info\\\/2009-2015\\\/ne-kosove-vriten-atdhetaret-e-perfitojne-pushtetaret-apo-punon-fatkeqi-e-han-barkdreqi\\\/#primaryimage\"},\"image\":{\"@id\":\"https:\\\/\\\/fjala.info\\\/2009-2015\\\/ne-kosove-vriten-atdhetaret-e-perfitojne-pushtetaret-apo-punon-fatkeqi-e-han-barkdreqi\\\/#primaryimage\"},\"thumbnailUrl\":\"http:\\\/\\\/www.shkoder.net\\\/2012\\\/nue_oroshi.jpg\",\"datePublished\":\"2012-04-13T07:38:21+00:00\",\"breadcrumb\":{\"@id\":\"https:\\\/\\\/fjala.info\\\/2009-2015\\\/ne-kosove-vriten-atdhetaret-e-perfitojne-pushtetaret-apo-punon-fatkeqi-e-han-barkdreqi\\\/#breadcrumb\"},\"inLanguage\":\"sq-AL\",\"potentialAction\":[{\"@type\":\"ReadAction\",\"target\":[\"https:\\\/\\\/fjala.info\\\/2009-2015\\\/ne-kosove-vriten-atdhetaret-e-perfitojne-pushtetaret-apo-punon-fatkeqi-e-han-barkdreqi\\\/\"]}]},{\"@type\":\"ImageObject\",\"inLanguage\":\"sq-AL\",\"@id\":\"https:\\\/\\\/fjala.info\\\/2009-2015\\\/ne-kosove-vriten-atdhetaret-e-perfitojne-pushtetaret-apo-punon-fatkeqi-e-han-barkdreqi\\\/#primaryimage\",\"url\":\"http:\\\/\\\/www.shkoder.net\\\/2012\\\/nue_oroshi.jpg\",\"contentUrl\":\"http:\\\/\\\/www.shkoder.net\\\/2012\\\/nue_oroshi.jpg\"},{\"@type\":\"BreadcrumbList\",\"@id\":\"https:\\\/\\\/fjala.info\\\/2009-2015\\\/ne-kosove-vriten-atdhetaret-e-perfitojne-pushtetaret-apo-punon-fatkeqi-e-han-barkdreqi\\\/#breadcrumb\",\"itemListElement\":[{\"@type\":\"ListItem\",\"position\":1,\"name\":\"Home\",\"item\":\"https:\\\/\\\/fjala.info\\\/2009-2015\\\/\"},{\"@type\":\"ListItem\",\"position\":2,\"name\":\"N\u00eb Kosov\u00eb vriten atdhetar\u00ebt e perfitojn\u00eb pushtetar\u00ebt, apo, punon fatkeqi e han barkdreqi\"}]},{\"@type\":\"WebSite\",\"@id\":\"https:\\\/\\\/fjala.info\\\/2009-2015\\\/#website\",\"url\":\"https:\\\/\\\/fjala.info\\\/2009-2015\\\/\",\"name\":\"FjALA e LIR\u00cb - Arkivi\",\"description\":\"Arkivi 2009-2015\",\"publisher\":{\"@id\":\"https:\\\/\\\/fjala.info\\\/2009-2015\\\/#organization\"},\"potentialAction\":[{\"@type\":\"SearchAction\",\"target\":{\"@type\":\"EntryPoint\",\"urlTemplate\":\"https:\\\/\\\/fjala.info\\\/2009-2015\\\/?s={search_term_string}\"},\"query-input\":{\"@type\":\"PropertyValueSpecification\",\"valueRequired\":true,\"valueName\":\"search_term_string\"}}],\"inLanguage\":\"sq-AL\"},{\"@type\":\"Organization\",\"@id\":\"https:\\\/\\\/fjala.info\\\/2009-2015\\\/#organization\",\"name\":\"FjALA e LIR\u00cb - Arkivi\",\"url\":\"https:\\\/\\\/fjala.info\\\/2009-2015\\\/\",\"logo\":{\"@type\":\"ImageObject\",\"inLanguage\":\"sq-AL\",\"@id\":\"https:\\\/\\\/fjala.info\\\/2009-2015\\\/#\\\/schema\\\/logo\\\/image\\\/\",\"url\":\"\",\"contentUrl\":\"\",\"caption\":\"FjALA e LIR\u00cb - Arkivi\"},\"image\":{\"@id\":\"https:\\\/\\\/fjala.info\\\/2009-2015\\\/#\\\/schema\\\/logo\\\/image\\\/\"}},{\"@type\":\"Person\",\"@id\":\"https:\\\/\\\/fjala.info\\\/2009-2015\\\/#\\\/schema\\\/person\\\/3aa1163ef05469c496fc94e77611ada2\",\"name\":\"admin\",\"image\":{\"@type\":\"ImageObject\",\"inLanguage\":\"sq-AL\",\"@id\":\"https:\\\/\\\/fjala.info\\\/2009-2015\\\/wp-content\\\/uploads\\\/2012\\\/02\\\/arben_cokaj-120x150.jpg\",\"url\":\"https:\\\/\\\/fjala.info\\\/2009-2015\\\/wp-content\\\/uploads\\\/2012\\\/02\\\/arben_cokaj-120x150.jpg\",\"contentUrl\":\"https:\\\/\\\/fjala.info\\\/2009-2015\\\/wp-content\\\/uploads\\\/2012\\\/02\\\/arben_cokaj-120x150.jpg\",\"caption\":\"admin\"},\"description\":\"Admin, Fjala e Lir\u00eb\",\"sameAs\":[\"https:\\\/\\\/fjala.info\\\/\"],\"url\":\"https:\\\/\\\/fjala.info\\\/2009-2015\\\/author\\\/admin\\\/\"}]}<\/script>\n<!-- \/ Yoast SEO plugin. -->","yoast_head_json":{"title":"N\u00eb Kosov\u00eb vriten atdhetar\u00ebt e perfitojn\u00eb pushtetar\u00ebt, apo, punon fatkeqi e han barkdreqi - FjALA e LIR\u00cb - Arkivi","robots":{"index":"index","follow":"follow","max-snippet":"max-snippet:-1","max-image-preview":"max-image-preview:large","max-video-preview":"max-video-preview:-1"},"canonical":"https:\/\/fjala.info\/2009-2015\/ne-kosove-vriten-atdhetaret-e-perfitojne-pushtetaret-apo-punon-fatkeqi-e-han-barkdreqi\/","og_locale":"sq_AL","og_type":"article","og_title":"N\u00eb Kosov\u00eb vriten atdhetar\u00ebt e perfitojn\u00eb pushtetar\u00ebt, apo, punon fatkeqi e han barkdreqi - FjALA e LIR\u00cb - Arkivi","og_description":"Mr. sc. Nue Oroshi Se shteti i Kosov\u00ebs \u00ebsht\u00eb ra buz\u00eb gremin\u00ebs d\u00ebshmon edhe akti i turp\u00ebris\u00eb s\u00eb dy polic\u00ebve t\u00eb Kosov\u00ebs, Shukri Binaku dhe Sami Beqiri t\u00eb cil\u00ebt u mor\u00ebn peng nga gjandarm\u00ebria e nj\u00eb shteti kriminel serb, udh\u00ebhq\u00ebsit e t\u00eb cilit e kan\u00eb nd\u00ebrruar vet\u00ebm pamjen p\u00ebrmes nj\u00eb kamufllimi sip\u00ebrfaq\u00ebsor, por q\u00eb n\u00eb [&hellip;]","og_url":"https:\/\/fjala.info\/2009-2015\/ne-kosove-vriten-atdhetaret-e-perfitojne-pushtetaret-apo-punon-fatkeqi-e-han-barkdreqi\/","og_site_name":"FjALA e LIR\u00cb - Arkivi","article_published_time":"2012-04-13T07:38:21+00:00","og_image":[{"url":"http:\/\/www.shkoder.net\/2012\/nue_oroshi.jpg","type":"","width":"","height":""}],"author":"admin","twitter_card":"summary_large_image","twitter_misc":{"Written by":"admin","Est. reading time":"6 minutes"},"schema":{"@context":"https:\/\/schema.org","@graph":[{"@type":"Article","@id":"https:\/\/fjala.info\/2009-2015\/ne-kosove-vriten-atdhetaret-e-perfitojne-pushtetaret-apo-punon-fatkeqi-e-han-barkdreqi\/#article","isPartOf":{"@id":"https:\/\/fjala.info\/2009-2015\/ne-kosove-vriten-atdhetaret-e-perfitojne-pushtetaret-apo-punon-fatkeqi-e-han-barkdreqi\/"},"author":{"name":"admin","@id":"https:\/\/fjala.info\/2009-2015\/#\/schema\/person\/3aa1163ef05469c496fc94e77611ada2"},"headline":"N\u00eb Kosov\u00eb vriten atdhetar\u00ebt e perfitojn\u00eb pushtetar\u00ebt, apo, punon fatkeqi e han barkdreqi","datePublished":"2012-04-13T07:38:21+00:00","mainEntityOfPage":{"@id":"https:\/\/fjala.info\/2009-2015\/ne-kosove-vriten-atdhetaret-e-perfitojne-pushtetaret-apo-punon-fatkeqi-e-han-barkdreqi\/"},"wordCount":1126,"commentCount":0,"publisher":{"@id":"https:\/\/fjala.info\/2009-2015\/#organization"},"image":{"@id":"https:\/\/fjala.info\/2009-2015\/ne-kosove-vriten-atdhetaret-e-perfitojne-pushtetaret-apo-punon-fatkeqi-e-han-barkdreqi\/#primaryimage"},"thumbnailUrl":"http:\/\/www.shkoder.net\/2012\/nue_oroshi.jpg","articleSection":["Artikuj"],"inLanguage":"sq-AL","potentialAction":[{"@type":"CommentAction","name":"Comment","target":["https:\/\/fjala.info\/2009-2015\/ne-kosove-vriten-atdhetaret-e-perfitojne-pushtetaret-apo-punon-fatkeqi-e-han-barkdreqi\/#respond"]}]},{"@type":"WebPage","@id":"https:\/\/fjala.info\/2009-2015\/ne-kosove-vriten-atdhetaret-e-perfitojne-pushtetaret-apo-punon-fatkeqi-e-han-barkdreqi\/","url":"https:\/\/fjala.info\/2009-2015\/ne-kosove-vriten-atdhetaret-e-perfitojne-pushtetaret-apo-punon-fatkeqi-e-han-barkdreqi\/","name":"N\u00eb Kosov\u00eb vriten atdhetar\u00ebt e perfitojn\u00eb pushtetar\u00ebt, apo, punon fatkeqi e han barkdreqi - FjALA e LIR\u00cb - Arkivi","isPartOf":{"@id":"https:\/\/fjala.info\/2009-2015\/#website"},"primaryImageOfPage":{"@id":"https:\/\/fjala.info\/2009-2015\/ne-kosove-vriten-atdhetaret-e-perfitojne-pushtetaret-apo-punon-fatkeqi-e-han-barkdreqi\/#primaryimage"},"image":{"@id":"https:\/\/fjala.info\/2009-2015\/ne-kosove-vriten-atdhetaret-e-perfitojne-pushtetaret-apo-punon-fatkeqi-e-han-barkdreqi\/#primaryimage"},"thumbnailUrl":"http:\/\/www.shkoder.net\/2012\/nue_oroshi.jpg","datePublished":"2012-04-13T07:38:21+00:00","breadcrumb":{"@id":"https:\/\/fjala.info\/2009-2015\/ne-kosove-vriten-atdhetaret-e-perfitojne-pushtetaret-apo-punon-fatkeqi-e-han-barkdreqi\/#breadcrumb"},"inLanguage":"sq-AL","potentialAction":[{"@type":"ReadAction","target":["https:\/\/fjala.info\/2009-2015\/ne-kosove-vriten-atdhetaret-e-perfitojne-pushtetaret-apo-punon-fatkeqi-e-han-barkdreqi\/"]}]},{"@type":"ImageObject","inLanguage":"sq-AL","@id":"https:\/\/fjala.info\/2009-2015\/ne-kosove-vriten-atdhetaret-e-perfitojne-pushtetaret-apo-punon-fatkeqi-e-han-barkdreqi\/#primaryimage","url":"http:\/\/www.shkoder.net\/2012\/nue_oroshi.jpg","contentUrl":"http:\/\/www.shkoder.net\/2012\/nue_oroshi.jpg"},{"@type":"BreadcrumbList","@id":"https:\/\/fjala.info\/2009-2015\/ne-kosove-vriten-atdhetaret-e-perfitojne-pushtetaret-apo-punon-fatkeqi-e-han-barkdreqi\/#breadcrumb","itemListElement":[{"@type":"ListItem","position":1,"name":"Home","item":"https:\/\/fjala.info\/2009-2015\/"},{"@type":"ListItem","position":2,"name":"N\u00eb Kosov\u00eb vriten atdhetar\u00ebt e perfitojn\u00eb pushtetar\u00ebt, apo, punon fatkeqi e han barkdreqi"}]},{"@type":"WebSite","@id":"https:\/\/fjala.info\/2009-2015\/#website","url":"https:\/\/fjala.info\/2009-2015\/","name":"FjALA e LIR\u00cb - Arkivi","description":"Arkivi 2009-2015","publisher":{"@id":"https:\/\/fjala.info\/2009-2015\/#organization"},"potentialAction":[{"@type":"SearchAction","target":{"@type":"EntryPoint","urlTemplate":"https:\/\/fjala.info\/2009-2015\/?s={search_term_string}"},"query-input":{"@type":"PropertyValueSpecification","valueRequired":true,"valueName":"search_term_string"}}],"inLanguage":"sq-AL"},{"@type":"Organization","@id":"https:\/\/fjala.info\/2009-2015\/#organization","name":"FjALA e LIR\u00cb - Arkivi","url":"https:\/\/fjala.info\/2009-2015\/","logo":{"@type":"ImageObject","inLanguage":"sq-AL","@id":"https:\/\/fjala.info\/2009-2015\/#\/schema\/logo\/image\/","url":"","contentUrl":"","caption":"FjALA e LIR\u00cb - Arkivi"},"image":{"@id":"https:\/\/fjala.info\/2009-2015\/#\/schema\/logo\/image\/"}},{"@type":"Person","@id":"https:\/\/fjala.info\/2009-2015\/#\/schema\/person\/3aa1163ef05469c496fc94e77611ada2","name":"admin","image":{"@type":"ImageObject","inLanguage":"sq-AL","@id":"https:\/\/fjala.info\/2009-2015\/wp-content\/uploads\/2012\/02\/arben_cokaj-120x150.jpg","url":"https:\/\/fjala.info\/2009-2015\/wp-content\/uploads\/2012\/02\/arben_cokaj-120x150.jpg","contentUrl":"https:\/\/fjala.info\/2009-2015\/wp-content\/uploads\/2012\/02\/arben_cokaj-120x150.jpg","caption":"admin"},"description":"Admin, Fjala e Lir\u00eb","sameAs":["https:\/\/fjala.info\/"],"url":"https:\/\/fjala.info\/2009-2015\/author\/admin\/"}]}},"_links":{"self":[{"href":"https:\/\/fjala.info\/2009-2015\/wp-json\/wp\/v2\/posts\/2481","targetHints":{"allow":["GET"]}}],"collection":[{"href":"https:\/\/fjala.info\/2009-2015\/wp-json\/wp\/v2\/posts"}],"about":[{"href":"https:\/\/fjala.info\/2009-2015\/wp-json\/wp\/v2\/types\/post"}],"author":[{"embeddable":true,"href":"https:\/\/fjala.info\/2009-2015\/wp-json\/wp\/v2\/users\/1"}],"replies":[{"embeddable":true,"href":"https:\/\/fjala.info\/2009-2015\/wp-json\/wp\/v2\/comments?post=2481"}],"version-history":[{"count":0,"href":"https:\/\/fjala.info\/2009-2015\/wp-json\/wp\/v2\/posts\/2481\/revisions"}],"wp:attachment":[{"href":"https:\/\/fjala.info\/2009-2015\/wp-json\/wp\/v2\/media?parent=2481"}],"wp:term":[{"taxonomy":"category","embeddable":true,"href":"https:\/\/fjala.info\/2009-2015\/wp-json\/wp\/v2\/categories?post=2481"},{"taxonomy":"post_tag","embeddable":true,"href":"https:\/\/fjala.info\/2009-2015\/wp-json\/wp\/v2\/tags?post=2481"}],"curies":[{"name":"wp","href":"https:\/\/api.w.org\/{rel}","templated":true}]}}