{"id":2477,"date":"2012-04-12T23:41:05","date_gmt":"2012-04-12T22:41:05","guid":{"rendered":"http:\/\/fjala.shkoder.net\/?p=2477"},"modified":"2012-04-12T23:41:05","modified_gmt":"2012-04-12T22:41:05","slug":"pensionisti-withers-dhe-nargjileja-turke","status":"publish","type":"post","link":"https:\/\/fjala.info\/2009-2015\/pensionisti-withers-dhe-nargjileja-turke\/","title":{"rendered":"Pensionisti Withers dhe nargjileja turke"},"content":{"rendered":"<p><img decoding=\"async\" class=\"alignleft size-thumbnail wp-image-7236\" title=\"Ilir Yzeiri\" src=\"http:\/\/www.shkoder.net\/images\/fjala\/ilir_yzeiri.jpg\" alt=\"\" width=\"150\" \/> <strong>Ilir Yzeiri<\/strong><\/p>\n<p>Ne sot gjendemi pa shtet, dometh\u00ebn\u00eb me grushte shteti \u00e7do dit\u00eb. Nj\u00eb t\u00eb till\u00eb e b\u00ebri Ministri i Mbrojtjes para disa dit\u00ebsh, pa parlament, me demokraci t\u00eb g\u00ebrryer, pa identitet dhe ajo q\u00eb \u00ebsht\u00eb m\u00eb e trishtueshmja opozita zgjedh p\u00ebr t\u00eb mandatuar n\u00eb KLD Ardian Vish\u00ebn, avokatin e avokat\u00ebve t\u00eb Ilir Met\u00ebs q\u00eb u shpall i pafajsh\u00ebm, i Fatmir Mediut apo i turkut t\u00eb kokain\u00ebs.<\/p>\n<p>Ina Rama, n\u00ebpun\u00ebsja e k\u00ebtij shteti q\u00eb g\u00ebzon autoritetin m\u00eb t\u00eb lart\u00eb n\u00eb publik e \u201ckryq\u00ebzon\u201d kandidatin e opozit\u00ebs Ardian Visha si nj\u00eb prokuror t\u00eb paaft\u00eb dhe problematik. N\u00ebse Ardian Visha fiton vendin p\u00ebr n\u00eb KLD, kjo do t\u00eb thot\u00eb se em\u00ebrimet e gjyqtar\u00ebve dhe reform\u00ebn n\u00eb drejt\u00ebsi do ta b\u00ebj\u00eb Ilir Meta, Fatmir Mediu dhe Sali Berisha. Po opozita, po klithmat e saj p\u00ebr korrupsionin n\u00eb drejt\u00ebsi? Nj\u00eb zhg\u00ebnjim tragjik.<\/p>\n<p>Nd\u00ebrkaq ish-ambasadori Withers iu p\u00ebrgjigj Sali Berish\u00ebs me nj\u00eb let\u00ebr t\u00eb hapur n\u00eb t\u00eb cil\u00ebn deklaronte prer\u00eb se demokracia n\u00eb Shqip\u00ebri \u00ebsht\u00eb g\u00ebrryer. Ai rendiste edhe shum\u00eb fakte t\u00eb tjera t\u00eb cilat k\u00ebt\u00eb radh\u00eb i paraqitet n\u00eb form\u00ebn e pyetjeve retorike. Mir\u00ebpo ajo q\u00eb b\u00ebri p\u00ebrshtypje n\u00eb letr\u00ebn e ambasadorit Withers ishte k\u00ebmb\u00ebngulja e tij p\u00ebr t\u00eb mos u t\u00ebrhequr nga beteja me nj\u00eb njeri, me Sali Berish\u00ebn, me gjith\u00e7ka t\u00eb mbrapsht\u00eb q\u00eb p\u00ebrfaq\u00ebson kryeministri i Shqip\u00ebris\u00eb.<\/p>\n<p>Ish-ambasadori e pranon edhe vet\u00eb q\u00eb un\u00eb jam nj\u00eb qytetar amerikan n\u00eb pension. Nervozizmi i Sali Berish\u00ebs sa her\u00eb q\u00eb zoti Withers prononcohet n\u00eb media \u00ebsht\u00eb i justifikuesh\u00ebm. Berisha nuk shqet\u00ebsohet m\u00eb prej askujt. T\u00eb gjith\u00eb i ka futur n\u00eb thes. I vetmi problem i tij \u00ebsht\u00eb \u201cpensionisti\u201d Withers. P\u00ebrpjekja e Berish\u00ebs p\u00ebr t\u2019i shk\u00ebputur DASH-it nj\u00eb deklarat\u00eb ishte e vajtueshme dhe u duk sikur \u201cia mbylli\u201d goj\u00ebn \u201cpensionistit\u201d Withers. I qet\u00eb pas k\u00ebsaj nd\u00ebrmarrjeje, ai u nis n\u00eb Azerbajxhan n\u00eb fillim dhe n\u00eb Turqi m\u00eb pas.<\/p>\n<p>Marr\u00ebzit\u00eb e tij dhe deklaratat prej deliranti p\u00ebr v\u00eblla e gra shqiptare q\u00eb adhurohen nga turqit, tashm\u00eb nuk p\u00ebrb\u00ebjn\u00eb asnj\u00eb lajm. K\u00ebt\u00eb radh\u00eb t\u00eb dukej sikur ishte n\u00ebn efektin e nargjiles\u00eb. Ne t\u00eb gjith\u00eb e dim\u00eb q\u00eb kemi n\u00eb krye nj\u00eb kryeminist\u00ebr t\u00eb s\u00ebmur\u00eb mend\u00ebrisht. I vetmi ila\u00e7 mesa duket \u00ebsht\u00eb \u201cpensionisti\u201d Withers i cili, p\u00ebr fatin ton\u00eb t\u00eb mir\u00eb e pi kafen n\u00eb baret rrotull Departamentit Amerikan t\u00eb Shtetit.<\/p>\n","protected":false},"excerpt":{"rendered":"<p>Ilir Yzeiri Ne sot gjendemi pa shtet, dometh\u00ebn\u00eb me grushte shteti \u00e7do dit\u00eb. Nj\u00eb t\u00eb till\u00eb e b\u00ebri Ministri i Mbrojtjes para disa dit\u00ebsh, pa parlament, me demokraci t\u00eb g\u00ebrryer, pa identitet dhe ajo q\u00eb \u00ebsht\u00eb m\u00eb e trishtueshmja opozita zgjedh p\u00ebr t\u00eb mandatuar n\u00eb KLD Ardian Vish\u00ebn, avokatin e avokat\u00ebve t\u00eb Ilir Met\u00ebs q\u00eb [&hellip;]<\/p>\n","protected":false},"author":1,"featured_media":0,"comment_status":"open","ping_status":"closed","sticky":false,"template":"","format":"standard","meta":{"footnotes":""},"categories":[2],"tags":[],"class_list":{"0":"post-2477","1":"post","2":"type-post","3":"status-publish","4":"format-standard","6":"category-artikuj"},"yoast_head":"<!-- This site is optimized with the Yoast SEO plugin v27.4 - https:\/\/yoast.com\/product\/yoast-seo-wordpress\/ -->\n<title>Pensionisti Withers dhe nargjileja turke - FjALA e LIR\u00cb - Arkivi<\/title>\n<meta name=\"robots\" content=\"index, follow, max-snippet:-1, max-image-preview:large, max-video-preview:-1\" \/>\n<link rel=\"canonical\" href=\"https:\/\/fjala.info\/2009-2015\/pensionisti-withers-dhe-nargjileja-turke\/\" \/>\n<meta property=\"og:locale\" content=\"sq_AL\" \/>\n<meta property=\"og:type\" content=\"article\" \/>\n<meta property=\"og:title\" content=\"Pensionisti Withers dhe nargjileja turke - FjALA e LIR\u00cb - Arkivi\" \/>\n<meta property=\"og:description\" content=\"Ilir Yzeiri Ne sot gjendemi pa shtet, dometh\u00ebn\u00eb me grushte shteti \u00e7do dit\u00eb. Nj\u00eb t\u00eb till\u00eb e b\u00ebri Ministri i Mbrojtjes para disa dit\u00ebsh, pa parlament, me demokraci t\u00eb g\u00ebrryer, pa identitet dhe ajo q\u00eb \u00ebsht\u00eb m\u00eb e trishtueshmja opozita zgjedh p\u00ebr t\u00eb mandatuar n\u00eb KLD Ardian Vish\u00ebn, avokatin e avokat\u00ebve t\u00eb Ilir Met\u00ebs q\u00eb [&hellip;]\" \/>\n<meta property=\"og:url\" content=\"https:\/\/fjala.info\/2009-2015\/pensionisti-withers-dhe-nargjileja-turke\/\" \/>\n<meta property=\"og:site_name\" content=\"FjALA e LIR\u00cb - Arkivi\" \/>\n<meta property=\"article:published_time\" content=\"2012-04-12T22:41:05+00:00\" \/>\n<meta property=\"og:image\" content=\"http:\/\/www.shkoder.net\/images\/fjala\/ilir_yzeiri.jpg\" \/>\n<meta name=\"author\" content=\"admin\" \/>\n<meta name=\"twitter:card\" content=\"summary_large_image\" \/>\n<meta name=\"twitter:label1\" content=\"Written by\" \/>\n\t<meta name=\"twitter:data1\" content=\"admin\" \/>\n\t<meta name=\"twitter:label2\" content=\"Est. reading time\" \/>\n\t<meta name=\"twitter:data2\" content=\"2 minutes\" \/>\n<script type=\"application\/ld+json\" class=\"yoast-schema-graph\">{\"@context\":\"https:\\\/\\\/schema.org\",\"@graph\":[{\"@type\":\"Article\",\"@id\":\"https:\\\/\\\/fjala.info\\\/2009-2015\\\/pensionisti-withers-dhe-nargjileja-turke\\\/#article\",\"isPartOf\":{\"@id\":\"https:\\\/\\\/fjala.info\\\/2009-2015\\\/pensionisti-withers-dhe-nargjileja-turke\\\/\"},\"author\":{\"name\":\"admin\",\"@id\":\"https:\\\/\\\/fjala.info\\\/2009-2015\\\/#\\\/schema\\\/person\\\/3aa1163ef05469c496fc94e77611ada2\"},\"headline\":\"Pensionisti Withers dhe nargjileja turke\",\"datePublished\":\"2012-04-12T22:41:05+00:00\",\"mainEntityOfPage\":{\"@id\":\"https:\\\/\\\/fjala.info\\\/2009-2015\\\/pensionisti-withers-dhe-nargjileja-turke\\\/\"},\"wordCount\":447,\"commentCount\":1,\"publisher\":{\"@id\":\"https:\\\/\\\/fjala.info\\\/2009-2015\\\/#organization\"},\"image\":{\"@id\":\"https:\\\/\\\/fjala.info\\\/2009-2015\\\/pensionisti-withers-dhe-nargjileja-turke\\\/#primaryimage\"},\"thumbnailUrl\":\"http:\\\/\\\/www.shkoder.net\\\/images\\\/fjala\\\/ilir_yzeiri.jpg\",\"articleSection\":[\"Artikuj\"],\"inLanguage\":\"sq-AL\",\"potentialAction\":[{\"@type\":\"CommentAction\",\"name\":\"Comment\",\"target\":[\"https:\\\/\\\/fjala.info\\\/2009-2015\\\/pensionisti-withers-dhe-nargjileja-turke\\\/#respond\"]}]},{\"@type\":\"WebPage\",\"@id\":\"https:\\\/\\\/fjala.info\\\/2009-2015\\\/pensionisti-withers-dhe-nargjileja-turke\\\/\",\"url\":\"https:\\\/\\\/fjala.info\\\/2009-2015\\\/pensionisti-withers-dhe-nargjileja-turke\\\/\",\"name\":\"Pensionisti Withers dhe nargjileja turke - FjALA e LIR\u00cb - Arkivi\",\"isPartOf\":{\"@id\":\"https:\\\/\\\/fjala.info\\\/2009-2015\\\/#website\"},\"primaryImageOfPage\":{\"@id\":\"https:\\\/\\\/fjala.info\\\/2009-2015\\\/pensionisti-withers-dhe-nargjileja-turke\\\/#primaryimage\"},\"image\":{\"@id\":\"https:\\\/\\\/fjala.info\\\/2009-2015\\\/pensionisti-withers-dhe-nargjileja-turke\\\/#primaryimage\"},\"thumbnailUrl\":\"http:\\\/\\\/www.shkoder.net\\\/images\\\/fjala\\\/ilir_yzeiri.jpg\",\"datePublished\":\"2012-04-12T22:41:05+00:00\",\"breadcrumb\":{\"@id\":\"https:\\\/\\\/fjala.info\\\/2009-2015\\\/pensionisti-withers-dhe-nargjileja-turke\\\/#breadcrumb\"},\"inLanguage\":\"sq-AL\",\"potentialAction\":[{\"@type\":\"ReadAction\",\"target\":[\"https:\\\/\\\/fjala.info\\\/2009-2015\\\/pensionisti-withers-dhe-nargjileja-turke\\\/\"]}]},{\"@type\":\"ImageObject\",\"inLanguage\":\"sq-AL\",\"@id\":\"https:\\\/\\\/fjala.info\\\/2009-2015\\\/pensionisti-withers-dhe-nargjileja-turke\\\/#primaryimage\",\"url\":\"http:\\\/\\\/www.shkoder.net\\\/images\\\/fjala\\\/ilir_yzeiri.jpg\",\"contentUrl\":\"http:\\\/\\\/www.shkoder.net\\\/images\\\/fjala\\\/ilir_yzeiri.jpg\"},{\"@type\":\"BreadcrumbList\",\"@id\":\"https:\\\/\\\/fjala.info\\\/2009-2015\\\/pensionisti-withers-dhe-nargjileja-turke\\\/#breadcrumb\",\"itemListElement\":[{\"@type\":\"ListItem\",\"position\":1,\"name\":\"Home\",\"item\":\"https:\\\/\\\/fjala.info\\\/2009-2015\\\/\"},{\"@type\":\"ListItem\",\"position\":2,\"name\":\"Pensionisti Withers dhe nargjileja turke\"}]},{\"@type\":\"WebSite\",\"@id\":\"https:\\\/\\\/fjala.info\\\/2009-2015\\\/#website\",\"url\":\"https:\\\/\\\/fjala.info\\\/2009-2015\\\/\",\"name\":\"FjALA e LIR\u00cb - Arkivi\",\"description\":\"Arkivi 2009-2015\",\"publisher\":{\"@id\":\"https:\\\/\\\/fjala.info\\\/2009-2015\\\/#organization\"},\"potentialAction\":[{\"@type\":\"SearchAction\",\"target\":{\"@type\":\"EntryPoint\",\"urlTemplate\":\"https:\\\/\\\/fjala.info\\\/2009-2015\\\/?s={search_term_string}\"},\"query-input\":{\"@type\":\"PropertyValueSpecification\",\"valueRequired\":true,\"valueName\":\"search_term_string\"}}],\"inLanguage\":\"sq-AL\"},{\"@type\":\"Organization\",\"@id\":\"https:\\\/\\\/fjala.info\\\/2009-2015\\\/#organization\",\"name\":\"FjALA e LIR\u00cb - Arkivi\",\"url\":\"https:\\\/\\\/fjala.info\\\/2009-2015\\\/\",\"logo\":{\"@type\":\"ImageObject\",\"inLanguage\":\"sq-AL\",\"@id\":\"https:\\\/\\\/fjala.info\\\/2009-2015\\\/#\\\/schema\\\/logo\\\/image\\\/\",\"url\":\"\",\"contentUrl\":\"\",\"caption\":\"FjALA e LIR\u00cb - Arkivi\"},\"image\":{\"@id\":\"https:\\\/\\\/fjala.info\\\/2009-2015\\\/#\\\/schema\\\/logo\\\/image\\\/\"}},{\"@type\":\"Person\",\"@id\":\"https:\\\/\\\/fjala.info\\\/2009-2015\\\/#\\\/schema\\\/person\\\/3aa1163ef05469c496fc94e77611ada2\",\"name\":\"admin\",\"image\":{\"@type\":\"ImageObject\",\"inLanguage\":\"sq-AL\",\"@id\":\"https:\\\/\\\/fjala.info\\\/2009-2015\\\/wp-content\\\/uploads\\\/2012\\\/02\\\/arben_cokaj-120x150.jpg\",\"url\":\"https:\\\/\\\/fjala.info\\\/2009-2015\\\/wp-content\\\/uploads\\\/2012\\\/02\\\/arben_cokaj-120x150.jpg\",\"contentUrl\":\"https:\\\/\\\/fjala.info\\\/2009-2015\\\/wp-content\\\/uploads\\\/2012\\\/02\\\/arben_cokaj-120x150.jpg\",\"caption\":\"admin\"},\"description\":\"Admin, Fjala e Lir\u00eb\",\"sameAs\":[\"https:\\\/\\\/fjala.info\\\/\"],\"url\":\"https:\\\/\\\/fjala.info\\\/2009-2015\\\/author\\\/admin\\\/\"}]}<\/script>\n<!-- \/ Yoast SEO plugin. -->","yoast_head_json":{"title":"Pensionisti Withers dhe nargjileja turke - FjALA e LIR\u00cb - Arkivi","robots":{"index":"index","follow":"follow","max-snippet":"max-snippet:-1","max-image-preview":"max-image-preview:large","max-video-preview":"max-video-preview:-1"},"canonical":"https:\/\/fjala.info\/2009-2015\/pensionisti-withers-dhe-nargjileja-turke\/","og_locale":"sq_AL","og_type":"article","og_title":"Pensionisti Withers dhe nargjileja turke - FjALA e LIR\u00cb - Arkivi","og_description":"Ilir Yzeiri Ne sot gjendemi pa shtet, dometh\u00ebn\u00eb me grushte shteti \u00e7do dit\u00eb. Nj\u00eb t\u00eb till\u00eb e b\u00ebri Ministri i Mbrojtjes para disa dit\u00ebsh, pa parlament, me demokraci t\u00eb g\u00ebrryer, pa identitet dhe ajo q\u00eb \u00ebsht\u00eb m\u00eb e trishtueshmja opozita zgjedh p\u00ebr t\u00eb mandatuar n\u00eb KLD Ardian Vish\u00ebn, avokatin e avokat\u00ebve t\u00eb Ilir Met\u00ebs q\u00eb [&hellip;]","og_url":"https:\/\/fjala.info\/2009-2015\/pensionisti-withers-dhe-nargjileja-turke\/","og_site_name":"FjALA e LIR\u00cb - Arkivi","article_published_time":"2012-04-12T22:41:05+00:00","og_image":[{"url":"http:\/\/www.shkoder.net\/images\/fjala\/ilir_yzeiri.jpg","type":"","width":"","height":""}],"author":"admin","twitter_card":"summary_large_image","twitter_misc":{"Written by":"admin","Est. reading time":"2 minutes"},"schema":{"@context":"https:\/\/schema.org","@graph":[{"@type":"Article","@id":"https:\/\/fjala.info\/2009-2015\/pensionisti-withers-dhe-nargjileja-turke\/#article","isPartOf":{"@id":"https:\/\/fjala.info\/2009-2015\/pensionisti-withers-dhe-nargjileja-turke\/"},"author":{"name":"admin","@id":"https:\/\/fjala.info\/2009-2015\/#\/schema\/person\/3aa1163ef05469c496fc94e77611ada2"},"headline":"Pensionisti Withers dhe nargjileja turke","datePublished":"2012-04-12T22:41:05+00:00","mainEntityOfPage":{"@id":"https:\/\/fjala.info\/2009-2015\/pensionisti-withers-dhe-nargjileja-turke\/"},"wordCount":447,"commentCount":1,"publisher":{"@id":"https:\/\/fjala.info\/2009-2015\/#organization"},"image":{"@id":"https:\/\/fjala.info\/2009-2015\/pensionisti-withers-dhe-nargjileja-turke\/#primaryimage"},"thumbnailUrl":"http:\/\/www.shkoder.net\/images\/fjala\/ilir_yzeiri.jpg","articleSection":["Artikuj"],"inLanguage":"sq-AL","potentialAction":[{"@type":"CommentAction","name":"Comment","target":["https:\/\/fjala.info\/2009-2015\/pensionisti-withers-dhe-nargjileja-turke\/#respond"]}]},{"@type":"WebPage","@id":"https:\/\/fjala.info\/2009-2015\/pensionisti-withers-dhe-nargjileja-turke\/","url":"https:\/\/fjala.info\/2009-2015\/pensionisti-withers-dhe-nargjileja-turke\/","name":"Pensionisti Withers dhe nargjileja turke - FjALA e LIR\u00cb - Arkivi","isPartOf":{"@id":"https:\/\/fjala.info\/2009-2015\/#website"},"primaryImageOfPage":{"@id":"https:\/\/fjala.info\/2009-2015\/pensionisti-withers-dhe-nargjileja-turke\/#primaryimage"},"image":{"@id":"https:\/\/fjala.info\/2009-2015\/pensionisti-withers-dhe-nargjileja-turke\/#primaryimage"},"thumbnailUrl":"http:\/\/www.shkoder.net\/images\/fjala\/ilir_yzeiri.jpg","datePublished":"2012-04-12T22:41:05+00:00","breadcrumb":{"@id":"https:\/\/fjala.info\/2009-2015\/pensionisti-withers-dhe-nargjileja-turke\/#breadcrumb"},"inLanguage":"sq-AL","potentialAction":[{"@type":"ReadAction","target":["https:\/\/fjala.info\/2009-2015\/pensionisti-withers-dhe-nargjileja-turke\/"]}]},{"@type":"ImageObject","inLanguage":"sq-AL","@id":"https:\/\/fjala.info\/2009-2015\/pensionisti-withers-dhe-nargjileja-turke\/#primaryimage","url":"http:\/\/www.shkoder.net\/images\/fjala\/ilir_yzeiri.jpg","contentUrl":"http:\/\/www.shkoder.net\/images\/fjala\/ilir_yzeiri.jpg"},{"@type":"BreadcrumbList","@id":"https:\/\/fjala.info\/2009-2015\/pensionisti-withers-dhe-nargjileja-turke\/#breadcrumb","itemListElement":[{"@type":"ListItem","position":1,"name":"Home","item":"https:\/\/fjala.info\/2009-2015\/"},{"@type":"ListItem","position":2,"name":"Pensionisti Withers dhe nargjileja turke"}]},{"@type":"WebSite","@id":"https:\/\/fjala.info\/2009-2015\/#website","url":"https:\/\/fjala.info\/2009-2015\/","name":"FjALA e LIR\u00cb - Arkivi","description":"Arkivi 2009-2015","publisher":{"@id":"https:\/\/fjala.info\/2009-2015\/#organization"},"potentialAction":[{"@type":"SearchAction","target":{"@type":"EntryPoint","urlTemplate":"https:\/\/fjala.info\/2009-2015\/?s={search_term_string}"},"query-input":{"@type":"PropertyValueSpecification","valueRequired":true,"valueName":"search_term_string"}}],"inLanguage":"sq-AL"},{"@type":"Organization","@id":"https:\/\/fjala.info\/2009-2015\/#organization","name":"FjALA e LIR\u00cb - Arkivi","url":"https:\/\/fjala.info\/2009-2015\/","logo":{"@type":"ImageObject","inLanguage":"sq-AL","@id":"https:\/\/fjala.info\/2009-2015\/#\/schema\/logo\/image\/","url":"","contentUrl":"","caption":"FjALA e LIR\u00cb - Arkivi"},"image":{"@id":"https:\/\/fjala.info\/2009-2015\/#\/schema\/logo\/image\/"}},{"@type":"Person","@id":"https:\/\/fjala.info\/2009-2015\/#\/schema\/person\/3aa1163ef05469c496fc94e77611ada2","name":"admin","image":{"@type":"ImageObject","inLanguage":"sq-AL","@id":"https:\/\/fjala.info\/2009-2015\/wp-content\/uploads\/2012\/02\/arben_cokaj-120x150.jpg","url":"https:\/\/fjala.info\/2009-2015\/wp-content\/uploads\/2012\/02\/arben_cokaj-120x150.jpg","contentUrl":"https:\/\/fjala.info\/2009-2015\/wp-content\/uploads\/2012\/02\/arben_cokaj-120x150.jpg","caption":"admin"},"description":"Admin, Fjala e Lir\u00eb","sameAs":["https:\/\/fjala.info\/"],"url":"https:\/\/fjala.info\/2009-2015\/author\/admin\/"}]}},"_links":{"self":[{"href":"https:\/\/fjala.info\/2009-2015\/wp-json\/wp\/v2\/posts\/2477","targetHints":{"allow":["GET"]}}],"collection":[{"href":"https:\/\/fjala.info\/2009-2015\/wp-json\/wp\/v2\/posts"}],"about":[{"href":"https:\/\/fjala.info\/2009-2015\/wp-json\/wp\/v2\/types\/post"}],"author":[{"embeddable":true,"href":"https:\/\/fjala.info\/2009-2015\/wp-json\/wp\/v2\/users\/1"}],"replies":[{"embeddable":true,"href":"https:\/\/fjala.info\/2009-2015\/wp-json\/wp\/v2\/comments?post=2477"}],"version-history":[{"count":0,"href":"https:\/\/fjala.info\/2009-2015\/wp-json\/wp\/v2\/posts\/2477\/revisions"}],"wp:attachment":[{"href":"https:\/\/fjala.info\/2009-2015\/wp-json\/wp\/v2\/media?parent=2477"}],"wp:term":[{"taxonomy":"category","embeddable":true,"href":"https:\/\/fjala.info\/2009-2015\/wp-json\/wp\/v2\/categories?post=2477"},{"taxonomy":"post_tag","embeddable":true,"href":"https:\/\/fjala.info\/2009-2015\/wp-json\/wp\/v2\/tags?post=2477"}],"curies":[{"name":"wp","href":"https:\/\/api.w.org\/{rel}","templated":true}]}}