{"id":2475,"date":"2012-04-12T23:32:14","date_gmt":"2012-04-12T22:32:14","guid":{"rendered":"http:\/\/fjala.shkoder.net\/?p=2475"},"modified":"2012-04-12T23:32:14","modified_gmt":"2012-04-12T22:32:14","slug":"sali-berisha-eshte-i-vdekur-duhet-ta-kallim","status":"publish","type":"post","link":"https:\/\/fjala.info\/2009-2015\/sali-berisha-eshte-i-vdekur-duhet-ta-kallim\/","title":{"rendered":"Sali Berisha \u00ebsht\u00eb i \u201cvdekur\u201d, duhet ta \u201ckallim\u201d"},"content":{"rendered":"<p><img decoding=\"async\" class=\"alignright size-thumbnail wp-image-7236\" title=\"Berisha - Nano - Meta\" src=\"http:\/\/www.shkoder.net\/2012\/berisha_nano_meta.jpg\" alt=\"\" width=\"300\" \/> Nga <strong>Erion Bra\u00e7e<\/strong>, <em>12 Prill 2012<\/em><\/p>\n<p>Sot n\u00eb Kuvend Sali Berisha \u201cvdiq\u201d! \u201cVdiq\u201d politikisht, \u201cvdiq\u201d demokratikisht, \u201cvdiq\u201d numerikisht! Ai nuk \u00ebsht\u00eb m\u00eb! Por, mban pushtetin!<\/p>\n<p>N\u00ebesoj si Mubarak, Gedafi, Ben Aliu apo si ky fashisti Al Asad!<\/p>\n<p>\u2026 Njesoj si ata, iku nga sheshi ku po ndeshej me deputet\u00ebt socialist\u00eb, hipi n\u00eb tavolinen e tij, u fsheh pas rrojeve dhe k\u00ebrc\u00ebnoi:<\/p>\n<p>E provuat n\u00eb 21 janar. Dhe iku.<\/p>\n<p>Duhet ta \u00e7ojm\u00eb n\u00eb fund, si ata q\u00eb rr\u00ebzuan v\u00ebllez\u00ebrit e tij n\u00eb pushtet, duhet t\u2019i japim fundin q\u00eb meriton nj\u00eb politikani q\u00eb vret, vjedh e rr\u00ebnon popullin dhe vendin e tij!<\/p>\n<p>Sot Shqip\u00ebria e ka Parlamentin, por nuk ka Parlamentin demokratik!<\/p>\n<p>Parlamenti demokratik, q\u00eb ka n\u00eb thelb lirin\u00eb, transparenc\u00ebn dhe vot\u00ebn e fsheht\u00eb, nuk \u00ebsht\u00eb m\u00eb, edhe nj\u00eb her\u00eb prej sot!<\/p>\n<p>Parlamenti nuk voton m\u00eb fshehtas gjykat\u00ebsit m\u00eb t\u00eb lart\u00eb, kushtetues, penal apo civil! Parlamenti nuk voton m\u00eb fshehtas prokurorin e Republik\u00ebs, kur e em\u00ebron apo kur e shkarkon. Parlamenti nuk voton m\u00eb fshehtas as an\u00ebtaret e KLD! Pra, drejt\u00ebsia nuk \u00ebsht\u00eb m\u00eb!<\/p>\n<p>Parlamenti nuk voton m\u00eb fshehtas as Presidentin e Republik\u00ebs, at\u00eb q\u00eb \u00ebsht\u00eb n\u00eb krye t\u00eb sistemit t\u00eb drejt\u00ebsis\u00eb me autoritetin p\u00ebr t\u00eb em\u00ebruar e shkarkuar!<\/p>\n<p>Sali Berisha \u00ebsht\u00eb n\u00eb krye t\u00eb k\u00ebsaj raprezalje ndaj demokracis\u00eb. Ai duhet luftuar me nj\u00eb fjal\u00eb, me shum\u00eb fjal\u00eb. Me vullnetin individual, por edhe me shum\u00ebsin\u00eb e vullneteve q\u00eb duan t\u00eb rrojn\u00eb t\u00eb lir\u00eb. Me nj\u00eb veprim, me nj\u00eb shum\u00eb veprimesh demokratike q\u00eb do e godasin fort\u00eb dhe do e d\u00ebmtojn\u00eb r\u00ebnd\u00eb dhe rr\u00ebzojn\u00eb. Vet\u00ebm nj\u00eb kusht ka: t\u00eb bashkohemi. T\u00eb b\u00ebhemi bashk\u00eb me \u00e7do parti, \u00e7do organizat\u00eb, \u00e7do grupim, me \u00e7do shqiptar q\u00eb \u00ebsht\u00eb kund\u00ebr Sali Berish\u00ebs.<\/p>\n<p>T\u00eb rikthejm\u00eb demokracin\u00eb. Pa t\u00eb nuk ka kushte p\u00ebr t\u00eb luftuar krizen n\u00eb ekonomi, korrupsionin n\u00eb shtet, padrejt\u00ebsin\u00eb n\u00eb gjykat\u00eb!<\/p>\n<p>Kjo \u00ebsht\u00eb beteja q\u00eb na takon t\u00eb b\u00ebjm\u00eb. Me vullnet, me zem\u00ebr dhe vendosm\u00ebri! Kush \u00ebsht\u00eb lodhur e \u00ebsht\u00eb dor\u00ebzuar, le t\u00eb b\u00ebj\u00eb m\u00ebnjan\u00eb! Ne e mir\u00ebkuptojm\u00eb!<\/p>\n<p>Nj\u00eb gj\u00eb duhet t\u00eb jet\u00eb e qart\u00eb: shqiptar\u00ebt duan nj\u00eb alternativ\u00eb t\u00eb pushtetit kriminal t\u00eb Sali Berish\u00ebs. Nuk duan nj\u00eb opozit\u00eb t\u00eb p\u00ebrjetshme dhe nj\u00eb Sali Berish\u00eb po t\u00eb till\u00eb. Ne do t\u2019ua japim alternativ\u00ebn. Tani. Me \u00e7do \u00e7mim.<\/p>\n","protected":false},"excerpt":{"rendered":"<p>Nga Erion Bra\u00e7e, 12 Prill 2012 Sot n\u00eb Kuvend Sali Berisha \u201cvdiq\u201d! \u201cVdiq\u201d politikisht, \u201cvdiq\u201d demokratikisht, \u201cvdiq\u201d numerikisht! Ai nuk \u00ebsht\u00eb m\u00eb! Por, mban pushtetin! N\u00ebesoj si Mubarak, Gedafi, Ben Aliu apo si ky fashisti Al Asad! \u2026 Njesoj si ata, iku nga sheshi ku po ndeshej me deputet\u00ebt socialist\u00eb, hipi n\u00eb tavolinen e tij, [&hellip;]<\/p>\n","protected":false},"author":1,"featured_media":0,"comment_status":"open","ping_status":"closed","sticky":false,"template":"","format":"standard","meta":{"footnotes":""},"categories":[2],"tags":[],"class_list":{"0":"post-2475","1":"post","2":"type-post","3":"status-publish","4":"format-standard","6":"category-artikuj"},"yoast_head":"<!-- This site is optimized with the Yoast SEO plugin v27.4 - https:\/\/yoast.com\/product\/yoast-seo-wordpress\/ -->\n<title>Sali Berisha \u00ebsht\u00eb i \u201cvdekur\u201d, duhet ta \u201ckallim\u201d - FjALA e LIR\u00cb - Arkivi<\/title>\n<meta name=\"robots\" content=\"index, follow, max-snippet:-1, max-image-preview:large, max-video-preview:-1\" \/>\n<link rel=\"canonical\" href=\"https:\/\/fjala.info\/2009-2015\/sali-berisha-eshte-i-vdekur-duhet-ta-kallim\/\" \/>\n<meta property=\"og:locale\" content=\"sq_AL\" \/>\n<meta property=\"og:type\" content=\"article\" \/>\n<meta property=\"og:title\" content=\"Sali Berisha \u00ebsht\u00eb i \u201cvdekur\u201d, duhet ta \u201ckallim\u201d - FjALA e LIR\u00cb - Arkivi\" \/>\n<meta property=\"og:description\" content=\"Nga Erion Bra\u00e7e, 12 Prill 2012 Sot n\u00eb Kuvend Sali Berisha \u201cvdiq\u201d! \u201cVdiq\u201d politikisht, \u201cvdiq\u201d demokratikisht, \u201cvdiq\u201d numerikisht! Ai nuk \u00ebsht\u00eb m\u00eb! Por, mban pushtetin! N\u00ebesoj si Mubarak, Gedafi, Ben Aliu apo si ky fashisti Al Asad! \u2026 Njesoj si ata, iku nga sheshi ku po ndeshej me deputet\u00ebt socialist\u00eb, hipi n\u00eb tavolinen e tij, [&hellip;]\" \/>\n<meta property=\"og:url\" content=\"https:\/\/fjala.info\/2009-2015\/sali-berisha-eshte-i-vdekur-duhet-ta-kallim\/\" \/>\n<meta property=\"og:site_name\" content=\"FjALA e LIR\u00cb - Arkivi\" \/>\n<meta property=\"article:published_time\" content=\"2012-04-12T22:32:14+00:00\" \/>\n<meta property=\"og:image\" content=\"http:\/\/www.shkoder.net\/2012\/berisha_nano_meta.jpg\" \/>\n<meta name=\"author\" content=\"admin\" \/>\n<meta name=\"twitter:card\" content=\"summary_large_image\" \/>\n<meta name=\"twitter:label1\" content=\"Written by\" \/>\n\t<meta name=\"twitter:data1\" content=\"admin\" \/>\n\t<meta name=\"twitter:label2\" content=\"Est. reading time\" \/>\n\t<meta name=\"twitter:data2\" content=\"2 minutes\" \/>\n<script type=\"application\/ld+json\" class=\"yoast-schema-graph\">{\"@context\":\"https:\\\/\\\/schema.org\",\"@graph\":[{\"@type\":\"Article\",\"@id\":\"https:\\\/\\\/fjala.info\\\/2009-2015\\\/sali-berisha-eshte-i-vdekur-duhet-ta-kallim\\\/#article\",\"isPartOf\":{\"@id\":\"https:\\\/\\\/fjala.info\\\/2009-2015\\\/sali-berisha-eshte-i-vdekur-duhet-ta-kallim\\\/\"},\"author\":{\"name\":\"admin\",\"@id\":\"https:\\\/\\\/fjala.info\\\/2009-2015\\\/#\\\/schema\\\/person\\\/3aa1163ef05469c496fc94e77611ada2\"},\"headline\":\"Sali Berisha \u00ebsht\u00eb i \u201cvdekur\u201d, duhet ta \u201ckallim\u201d\",\"datePublished\":\"2012-04-12T22:32:14+00:00\",\"mainEntityOfPage\":{\"@id\":\"https:\\\/\\\/fjala.info\\\/2009-2015\\\/sali-berisha-eshte-i-vdekur-duhet-ta-kallim\\\/\"},\"wordCount\":410,\"commentCount\":1,\"publisher\":{\"@id\":\"https:\\\/\\\/fjala.info\\\/2009-2015\\\/#organization\"},\"image\":{\"@id\":\"https:\\\/\\\/fjala.info\\\/2009-2015\\\/sali-berisha-eshte-i-vdekur-duhet-ta-kallim\\\/#primaryimage\"},\"thumbnailUrl\":\"http:\\\/\\\/www.shkoder.net\\\/2012\\\/berisha_nano_meta.jpg\",\"articleSection\":[\"Artikuj\"],\"inLanguage\":\"sq-AL\",\"potentialAction\":[{\"@type\":\"CommentAction\",\"name\":\"Comment\",\"target\":[\"https:\\\/\\\/fjala.info\\\/2009-2015\\\/sali-berisha-eshte-i-vdekur-duhet-ta-kallim\\\/#respond\"]}]},{\"@type\":\"WebPage\",\"@id\":\"https:\\\/\\\/fjala.info\\\/2009-2015\\\/sali-berisha-eshte-i-vdekur-duhet-ta-kallim\\\/\",\"url\":\"https:\\\/\\\/fjala.info\\\/2009-2015\\\/sali-berisha-eshte-i-vdekur-duhet-ta-kallim\\\/\",\"name\":\"Sali Berisha \u00ebsht\u00eb i \u201cvdekur\u201d, duhet ta \u201ckallim\u201d - FjALA e LIR\u00cb - Arkivi\",\"isPartOf\":{\"@id\":\"https:\\\/\\\/fjala.info\\\/2009-2015\\\/#website\"},\"primaryImageOfPage\":{\"@id\":\"https:\\\/\\\/fjala.info\\\/2009-2015\\\/sali-berisha-eshte-i-vdekur-duhet-ta-kallim\\\/#primaryimage\"},\"image\":{\"@id\":\"https:\\\/\\\/fjala.info\\\/2009-2015\\\/sali-berisha-eshte-i-vdekur-duhet-ta-kallim\\\/#primaryimage\"},\"thumbnailUrl\":\"http:\\\/\\\/www.shkoder.net\\\/2012\\\/berisha_nano_meta.jpg\",\"datePublished\":\"2012-04-12T22:32:14+00:00\",\"breadcrumb\":{\"@id\":\"https:\\\/\\\/fjala.info\\\/2009-2015\\\/sali-berisha-eshte-i-vdekur-duhet-ta-kallim\\\/#breadcrumb\"},\"inLanguage\":\"sq-AL\",\"potentialAction\":[{\"@type\":\"ReadAction\",\"target\":[\"https:\\\/\\\/fjala.info\\\/2009-2015\\\/sali-berisha-eshte-i-vdekur-duhet-ta-kallim\\\/\"]}]},{\"@type\":\"ImageObject\",\"inLanguage\":\"sq-AL\",\"@id\":\"https:\\\/\\\/fjala.info\\\/2009-2015\\\/sali-berisha-eshte-i-vdekur-duhet-ta-kallim\\\/#primaryimage\",\"url\":\"http:\\\/\\\/www.shkoder.net\\\/2012\\\/berisha_nano_meta.jpg\",\"contentUrl\":\"http:\\\/\\\/www.shkoder.net\\\/2012\\\/berisha_nano_meta.jpg\"},{\"@type\":\"BreadcrumbList\",\"@id\":\"https:\\\/\\\/fjala.info\\\/2009-2015\\\/sali-berisha-eshte-i-vdekur-duhet-ta-kallim\\\/#breadcrumb\",\"itemListElement\":[{\"@type\":\"ListItem\",\"position\":1,\"name\":\"Home\",\"item\":\"https:\\\/\\\/fjala.info\\\/2009-2015\\\/\"},{\"@type\":\"ListItem\",\"position\":2,\"name\":\"Sali Berisha \u00ebsht\u00eb i \u201cvdekur\u201d, duhet ta \u201ckallim\u201d\"}]},{\"@type\":\"WebSite\",\"@id\":\"https:\\\/\\\/fjala.info\\\/2009-2015\\\/#website\",\"url\":\"https:\\\/\\\/fjala.info\\\/2009-2015\\\/\",\"name\":\"FjALA e LIR\u00cb - Arkivi\",\"description\":\"Arkivi 2009-2015\",\"publisher\":{\"@id\":\"https:\\\/\\\/fjala.info\\\/2009-2015\\\/#organization\"},\"potentialAction\":[{\"@type\":\"SearchAction\",\"target\":{\"@type\":\"EntryPoint\",\"urlTemplate\":\"https:\\\/\\\/fjala.info\\\/2009-2015\\\/?s={search_term_string}\"},\"query-input\":{\"@type\":\"PropertyValueSpecification\",\"valueRequired\":true,\"valueName\":\"search_term_string\"}}],\"inLanguage\":\"sq-AL\"},{\"@type\":\"Organization\",\"@id\":\"https:\\\/\\\/fjala.info\\\/2009-2015\\\/#organization\",\"name\":\"FjALA e LIR\u00cb - Arkivi\",\"url\":\"https:\\\/\\\/fjala.info\\\/2009-2015\\\/\",\"logo\":{\"@type\":\"ImageObject\",\"inLanguage\":\"sq-AL\",\"@id\":\"https:\\\/\\\/fjala.info\\\/2009-2015\\\/#\\\/schema\\\/logo\\\/image\\\/\",\"url\":\"\",\"contentUrl\":\"\",\"caption\":\"FjALA e LIR\u00cb - Arkivi\"},\"image\":{\"@id\":\"https:\\\/\\\/fjala.info\\\/2009-2015\\\/#\\\/schema\\\/logo\\\/image\\\/\"}},{\"@type\":\"Person\",\"@id\":\"https:\\\/\\\/fjala.info\\\/2009-2015\\\/#\\\/schema\\\/person\\\/3aa1163ef05469c496fc94e77611ada2\",\"name\":\"admin\",\"image\":{\"@type\":\"ImageObject\",\"inLanguage\":\"sq-AL\",\"@id\":\"https:\\\/\\\/fjala.info\\\/2009-2015\\\/wp-content\\\/uploads\\\/2012\\\/02\\\/arben_cokaj-120x150.jpg\",\"url\":\"https:\\\/\\\/fjala.info\\\/2009-2015\\\/wp-content\\\/uploads\\\/2012\\\/02\\\/arben_cokaj-120x150.jpg\",\"contentUrl\":\"https:\\\/\\\/fjala.info\\\/2009-2015\\\/wp-content\\\/uploads\\\/2012\\\/02\\\/arben_cokaj-120x150.jpg\",\"caption\":\"admin\"},\"description\":\"Admin, Fjala e Lir\u00eb\",\"sameAs\":[\"https:\\\/\\\/fjala.info\\\/\"],\"url\":\"https:\\\/\\\/fjala.info\\\/2009-2015\\\/author\\\/admin\\\/\"}]}<\/script>\n<!-- \/ Yoast SEO plugin. -->","yoast_head_json":{"title":"Sali Berisha \u00ebsht\u00eb i \u201cvdekur\u201d, duhet ta \u201ckallim\u201d - FjALA e LIR\u00cb - Arkivi","robots":{"index":"index","follow":"follow","max-snippet":"max-snippet:-1","max-image-preview":"max-image-preview:large","max-video-preview":"max-video-preview:-1"},"canonical":"https:\/\/fjala.info\/2009-2015\/sali-berisha-eshte-i-vdekur-duhet-ta-kallim\/","og_locale":"sq_AL","og_type":"article","og_title":"Sali Berisha \u00ebsht\u00eb i \u201cvdekur\u201d, duhet ta \u201ckallim\u201d - FjALA e LIR\u00cb - Arkivi","og_description":"Nga Erion Bra\u00e7e, 12 Prill 2012 Sot n\u00eb Kuvend Sali Berisha \u201cvdiq\u201d! \u201cVdiq\u201d politikisht, \u201cvdiq\u201d demokratikisht, \u201cvdiq\u201d numerikisht! Ai nuk \u00ebsht\u00eb m\u00eb! Por, mban pushtetin! N\u00ebesoj si Mubarak, Gedafi, Ben Aliu apo si ky fashisti Al Asad! \u2026 Njesoj si ata, iku nga sheshi ku po ndeshej me deputet\u00ebt socialist\u00eb, hipi n\u00eb tavolinen e tij, [&hellip;]","og_url":"https:\/\/fjala.info\/2009-2015\/sali-berisha-eshte-i-vdekur-duhet-ta-kallim\/","og_site_name":"FjALA e LIR\u00cb - Arkivi","article_published_time":"2012-04-12T22:32:14+00:00","og_image":[{"url":"http:\/\/www.shkoder.net\/2012\/berisha_nano_meta.jpg","type":"","width":"","height":""}],"author":"admin","twitter_card":"summary_large_image","twitter_misc":{"Written by":"admin","Est. reading time":"2 minutes"},"schema":{"@context":"https:\/\/schema.org","@graph":[{"@type":"Article","@id":"https:\/\/fjala.info\/2009-2015\/sali-berisha-eshte-i-vdekur-duhet-ta-kallim\/#article","isPartOf":{"@id":"https:\/\/fjala.info\/2009-2015\/sali-berisha-eshte-i-vdekur-duhet-ta-kallim\/"},"author":{"name":"admin","@id":"https:\/\/fjala.info\/2009-2015\/#\/schema\/person\/3aa1163ef05469c496fc94e77611ada2"},"headline":"Sali Berisha \u00ebsht\u00eb i \u201cvdekur\u201d, duhet ta \u201ckallim\u201d","datePublished":"2012-04-12T22:32:14+00:00","mainEntityOfPage":{"@id":"https:\/\/fjala.info\/2009-2015\/sali-berisha-eshte-i-vdekur-duhet-ta-kallim\/"},"wordCount":410,"commentCount":1,"publisher":{"@id":"https:\/\/fjala.info\/2009-2015\/#organization"},"image":{"@id":"https:\/\/fjala.info\/2009-2015\/sali-berisha-eshte-i-vdekur-duhet-ta-kallim\/#primaryimage"},"thumbnailUrl":"http:\/\/www.shkoder.net\/2012\/berisha_nano_meta.jpg","articleSection":["Artikuj"],"inLanguage":"sq-AL","potentialAction":[{"@type":"CommentAction","name":"Comment","target":["https:\/\/fjala.info\/2009-2015\/sali-berisha-eshte-i-vdekur-duhet-ta-kallim\/#respond"]}]},{"@type":"WebPage","@id":"https:\/\/fjala.info\/2009-2015\/sali-berisha-eshte-i-vdekur-duhet-ta-kallim\/","url":"https:\/\/fjala.info\/2009-2015\/sali-berisha-eshte-i-vdekur-duhet-ta-kallim\/","name":"Sali Berisha \u00ebsht\u00eb i \u201cvdekur\u201d, duhet ta \u201ckallim\u201d - FjALA e LIR\u00cb - Arkivi","isPartOf":{"@id":"https:\/\/fjala.info\/2009-2015\/#website"},"primaryImageOfPage":{"@id":"https:\/\/fjala.info\/2009-2015\/sali-berisha-eshte-i-vdekur-duhet-ta-kallim\/#primaryimage"},"image":{"@id":"https:\/\/fjala.info\/2009-2015\/sali-berisha-eshte-i-vdekur-duhet-ta-kallim\/#primaryimage"},"thumbnailUrl":"http:\/\/www.shkoder.net\/2012\/berisha_nano_meta.jpg","datePublished":"2012-04-12T22:32:14+00:00","breadcrumb":{"@id":"https:\/\/fjala.info\/2009-2015\/sali-berisha-eshte-i-vdekur-duhet-ta-kallim\/#breadcrumb"},"inLanguage":"sq-AL","potentialAction":[{"@type":"ReadAction","target":["https:\/\/fjala.info\/2009-2015\/sali-berisha-eshte-i-vdekur-duhet-ta-kallim\/"]}]},{"@type":"ImageObject","inLanguage":"sq-AL","@id":"https:\/\/fjala.info\/2009-2015\/sali-berisha-eshte-i-vdekur-duhet-ta-kallim\/#primaryimage","url":"http:\/\/www.shkoder.net\/2012\/berisha_nano_meta.jpg","contentUrl":"http:\/\/www.shkoder.net\/2012\/berisha_nano_meta.jpg"},{"@type":"BreadcrumbList","@id":"https:\/\/fjala.info\/2009-2015\/sali-berisha-eshte-i-vdekur-duhet-ta-kallim\/#breadcrumb","itemListElement":[{"@type":"ListItem","position":1,"name":"Home","item":"https:\/\/fjala.info\/2009-2015\/"},{"@type":"ListItem","position":2,"name":"Sali Berisha \u00ebsht\u00eb i \u201cvdekur\u201d, duhet ta \u201ckallim\u201d"}]},{"@type":"WebSite","@id":"https:\/\/fjala.info\/2009-2015\/#website","url":"https:\/\/fjala.info\/2009-2015\/","name":"FjALA e LIR\u00cb - Arkivi","description":"Arkivi 2009-2015","publisher":{"@id":"https:\/\/fjala.info\/2009-2015\/#organization"},"potentialAction":[{"@type":"SearchAction","target":{"@type":"EntryPoint","urlTemplate":"https:\/\/fjala.info\/2009-2015\/?s={search_term_string}"},"query-input":{"@type":"PropertyValueSpecification","valueRequired":true,"valueName":"search_term_string"}}],"inLanguage":"sq-AL"},{"@type":"Organization","@id":"https:\/\/fjala.info\/2009-2015\/#organization","name":"FjALA e LIR\u00cb - Arkivi","url":"https:\/\/fjala.info\/2009-2015\/","logo":{"@type":"ImageObject","inLanguage":"sq-AL","@id":"https:\/\/fjala.info\/2009-2015\/#\/schema\/logo\/image\/","url":"","contentUrl":"","caption":"FjALA e LIR\u00cb - Arkivi"},"image":{"@id":"https:\/\/fjala.info\/2009-2015\/#\/schema\/logo\/image\/"}},{"@type":"Person","@id":"https:\/\/fjala.info\/2009-2015\/#\/schema\/person\/3aa1163ef05469c496fc94e77611ada2","name":"admin","image":{"@type":"ImageObject","inLanguage":"sq-AL","@id":"https:\/\/fjala.info\/2009-2015\/wp-content\/uploads\/2012\/02\/arben_cokaj-120x150.jpg","url":"https:\/\/fjala.info\/2009-2015\/wp-content\/uploads\/2012\/02\/arben_cokaj-120x150.jpg","contentUrl":"https:\/\/fjala.info\/2009-2015\/wp-content\/uploads\/2012\/02\/arben_cokaj-120x150.jpg","caption":"admin"},"description":"Admin, Fjala e Lir\u00eb","sameAs":["https:\/\/fjala.info\/"],"url":"https:\/\/fjala.info\/2009-2015\/author\/admin\/"}]}},"_links":{"self":[{"href":"https:\/\/fjala.info\/2009-2015\/wp-json\/wp\/v2\/posts\/2475","targetHints":{"allow":["GET"]}}],"collection":[{"href":"https:\/\/fjala.info\/2009-2015\/wp-json\/wp\/v2\/posts"}],"about":[{"href":"https:\/\/fjala.info\/2009-2015\/wp-json\/wp\/v2\/types\/post"}],"author":[{"embeddable":true,"href":"https:\/\/fjala.info\/2009-2015\/wp-json\/wp\/v2\/users\/1"}],"replies":[{"embeddable":true,"href":"https:\/\/fjala.info\/2009-2015\/wp-json\/wp\/v2\/comments?post=2475"}],"version-history":[{"count":0,"href":"https:\/\/fjala.info\/2009-2015\/wp-json\/wp\/v2\/posts\/2475\/revisions"}],"wp:attachment":[{"href":"https:\/\/fjala.info\/2009-2015\/wp-json\/wp\/v2\/media?parent=2475"}],"wp:term":[{"taxonomy":"category","embeddable":true,"href":"https:\/\/fjala.info\/2009-2015\/wp-json\/wp\/v2\/categories?post=2475"},{"taxonomy":"post_tag","embeddable":true,"href":"https:\/\/fjala.info\/2009-2015\/wp-json\/wp\/v2\/tags?post=2475"}],"curies":[{"name":"wp","href":"https:\/\/api.w.org\/{rel}","templated":true}]}}