{"id":2470,"date":"2012-04-12T07:24:04","date_gmt":"2012-04-12T06:24:04","guid":{"rendered":"http:\/\/fjala.shkoder.net\/?p=2470"},"modified":"2012-04-12T07:24:04","modified_gmt":"2012-04-12T06:24:04","slug":"njohje-me-be-ne-me-librin-bashkimi-evropian-i-autorit-abdulla-azizi","status":"publish","type":"post","link":"https:\/\/fjala.info\/2009-2015\/njohje-me-be-ne-me-librin-bashkimi-evropian-i-autorit-abdulla-azizi\/","title":{"rendered":"Njohje me BE-n\u00eb me librin \u201cBashkimi Evropian\u201d i autorit Abdulla Azizi"},"content":{"rendered":"<p><img decoding=\"async\" class=\"alignleft size-thumbnail wp-image-7236\" title=\"Jeton Kelmendi\" src=\"http:\/\/www.shkoder.net\/2012\/jeton_kelmendi.jpg\" alt=\"\" width=\"200\" \/> <strong>Jeton Kelmendi<\/strong>, <em>Bruksel<\/em><\/p>\n<p>Bashkimi Evropian si nj\u00ebri nga organizatat rajonale m\u00eb me ndikim n\u00eb Bot\u00eb, nj\u00ebherit vendi ku synohet integrimi nga t\u00eb gjitha vendet e Ballkanit, \u00ebsht\u00eb shpjeguar, qe nga e drejta, institucionet e deri t\u00eb politikat n\u00eb librin e Abdulla Azizit. Duke u bazuar n\u00eb objektivat e popullit shqiptar n\u00eb Ballkan, p\u00ebr integrim n\u00eb BE, ky lib\u00ebr jo vet\u00ebm se \u00ebsht\u00eb nj\u00eb informacion i plot\u00eb mbi funksionimin e BE-s\u00eb, por \u00ebsht\u00eb edhe i shpjeguar n\u00eb detaje dhe n\u00eb m\u00ebnyr\u00eb shkencore \u00e7do gj\u00eb me interes p\u00ebr studiuesit e shkencave politike dhe diplomacin\u00eb e vendeve tona: Shqip\u00ebrin\u00eb, Kosov\u00ebn dhe Maqedonin\u00eb. N\u00eb ket\u00eb kuad\u00ebr Dr. Azizi ka trajtuar nj\u00eb \u00e7\u00ebshtje mjaft me interes, \u00e7\u00ebshtje kjo me t\u00eb cil\u00ebn jan\u00eb marr\u00eb edhe studiues tjer\u00eb t\u00eb k\u00ebsaj fushe, mir\u00ebpo ky \u00ebsht\u00eb libri m\u00eb i kompletuar n\u00eb gjuh\u00ebn Shqipe sa i p\u00ebrket Bashkimit Evropian, nga t\u00eb gjith\u00eb librat q\u00eb kam lexuar, t\u00eb botuar shqip.<\/p>\n<p>Shtjellimi i temave q\u00eb trajton Azizi, n\u00eb librin e tij Bashkimi Evropian, duke paraqitur me kujdes p\u00ebr secil\u00ebn nga segmentet e BE-s\u00eb dhe duke shpjeguar se si funksionon secili nga institucionet e Bashkimit Evropian, d\u00ebshmon se autori ka njohuri t\u00eb politikave t\u00eb organizat\u00ebs e cila dita dit\u00ebs po shkon drejt nj\u00eb krijimi t\u00eb nj\u00eb shteti supa nacional. Jan\u00eb strukturuar n\u00eb tre kapituj, p\u00ebr tu ndar\u00eb n\u00eb n\u00ebn kapituj dhe shpjeguar t\u00eb gjitha \u00e7\u00ebshtjet q\u00eb jan\u00eb me r\u00ebnd\u00ebsi p\u00ebr njohur BE-n\u00eb dhe funksionimit e institucioneve t\u00eb saj. N\u00eb kapitullin e par\u00eb Azizi flet p\u00ebr \u201cE drejta e Bashkimit Evropian\u201d.<\/p>\n<p>Ai \u00ebsht\u00eb ndalur n\u00eb nocionet dhe karakteristikat themelore t\u00eb s\u00eb drejt\u00ebs s\u00eb Bashkimit Evropian, ku duke u mb\u00ebshtetur n\u00eb dokumente zyrtare, por edhe dokumente tjera relevante, p\u00ebrshkruan pik\u00eb p\u00ebr pik\u00eb holl\u00ebsit\u00eb, t\u00eb drejtat juridike t\u00eb vendeve an\u00ebtare, gjegj\u00ebsisht t\u00eb vendeve per\u00ebndimore si ligjet e tyre, parimet mbi t\u00eb drejtat e tyre ve\u00e7 e ve\u00e7 dhe nxjerr n\u00eb pah se BE ka nj\u00eb sitet t\u00eb pavarur juridik, i cili \u00ebsht\u00eb unik dhe dallon nga vendet tjera, sikurse edhe ka heterogjeni edh n\u00eb ligjet e vendeve an\u00ebtare dhe vet BE, por natyrisht edhe p\u00ebrafrimet nd\u00ebrmjet tyre.<\/p>\n<p>E drejta Evropiane i takon s\u00eb drejt\u00ebs nd\u00ebrkomb\u00ebtare, pasi q\u00eb b\u00ebhet me marr\u00ebveshje nd\u00ebrmjet shteteve t\u00eb pavarura, mir\u00ebpo ka edhe ve\u00e7orit\u00eb e saj q\u00eb dallojn\u00eb prej t\u00eb drejt\u00ebs nd\u00ebrkomb\u00ebtare, pasi q\u00eb ligjet b\u00ebhen p\u00ebr an\u00ebtaret e BE-s\u00eb dhe de-fakto si ligje t\u00eb brendshme, konstaton autori Azizi. Karakteristik\u00eb e BE-s\u00eb \u00ebsht\u00eb se mb\u00ebshtetet n\u00eb kushtetutat e shkruara dhe se p\u00ebrmes traktateve rregullon edhe an\u00ebn juridike t\u00eb funksionimit t\u00eb vet.<\/p>\n<p>K\u00ebsi soji politikologu Abdullah Azizi p\u00ebrshkruan t\u00eb gjitha \u00e7\u00ebshtjet dhe faktor\u00ebt q\u00eb nga themelimi i tregut t\u00eb lir\u00eb p\u00ebr th\u00ebngjill dhe qymyr, traktatet me radh\u00eb deri te Traktati i Lisbon\u00ebs 2007, i cili u b\u00eb baz\u00eb e funksionimit t\u00eb Bashkimit Evropian. Duke u nisur nga fakti se BE ka evoluar shum\u00eb q\u00eb nga fillimi e deri me sot, sidomos kur kihet parasysh se \u00ebsht\u00eb rritur numri i vendeve an\u00ebtare, Azizi shpjegon adaptimin e kushteve t\u00eb funksionimit pasi q\u00eb nuk ka mund\u00ebsi t\u00eb jet\u00eb i nj\u00ebjti ligj sikur me 8 an\u00ebtar\u00eb, 13 apo sa ka sot 27 pa Kroacin\u00eb, e cila tanim\u00eb u b\u00eb. BE si\u00e7 dihet ka nj\u00eb ser\u00eb institucionesh t\u00eb cilat kan\u00eb edhe rolin e tyre t\u00eb rregulluar sipas traktateve dhe se institucionet e BE-s\u00eb kan\u00eb edhe hierarkin\u00eb e tyre.<\/p>\n<p>N\u00eb ket\u00eb kuad\u00ebr z. Azizi i shpjegon t\u00eb gjitha ve\u00e7 e ve\u00e7. Ai trajton po-ashtu edhe urdh\u00ebresat dhe direktivat, gj\u00ebra k\u00ebto t\u00eb cilat sipas autorit kan\u00eb dallime deri n\u00eb nj\u00eb mas\u00eb t\u00eb caktuar. Nj\u00eb \u00e7\u00ebshtje tjet\u00ebr sa i p\u00ebrket t\u00eb drejt\u00ebs ligjore t\u00eb BE-s\u00eb, \u00ebsht\u00eb edhe karakteristikat q\u00eb ng\u00ebrthejn\u00eb ingerencat e shteteve an\u00ebtare, si shtete t\u00eb pavarura, k\u00ebtu kemi parasysh shtetet kryesore Franca, Gjermania dhe Anglia me nj\u00eb rol m\u00eb t\u00eb madh, dhe BE si nj\u00eb faktor i ve\u00e7ant\u00eb. N\u00eb ket\u00eb kontekst ka nj\u00eb varg \u00e7\u00ebshtjesh t\u00eb cilat kan\u00eb nj\u00eb pamje duale, nd\u00ebrkaq autori me kujdes p\u00ebrpiqet t\u00eb sjell n\u00eb m\u00ebnyr\u00eb t\u00eb pavarur, mendimin e v\u00ebrtet\u00eb p\u00ebrkitazi me t\u00eb.<\/p>\n<p>Duke qen\u00eb nj\u00eb nga \u00e7\u00ebshtjet par\u00ebsore, e drejta e BE-s\u00eb \u00ebsht\u00eb analizuar nga k\u00ebndi analitik, pothuajse t\u00eb gjitha elementet q\u00eb jan\u00eb t\u00eb domosdoshme p\u00ebr funksionimin e vet organizat\u00ebs, e cila p\u00ebr mendimin tim gjithnj\u00eb e m\u00eb shum\u00eb po merr dukjen e nj\u00eb shteti multinacional, multikulturor\u00eb dhe heterogjen. Di\u00e7ka q\u00eb po-ashtu ka nj\u00eb r\u00ebnd\u00ebsi t\u00eb madhe p\u00ebr vet Bashkimin Evropian, \u00ebsht\u00eb edhe e drejta e individit karshi t\u00eb drejt\u00ebs nd\u00ebrkomb\u00ebtare por edhe shteteve an\u00ebtare t\u00eb BE-s\u00eb, t\u00eb cil\u00ebn \u00e7\u00ebshtje Dr. Abdulla Azizi e shpjegon n\u00eb detale.<\/p>\n<p><strong>Institucionet dhe organet e tjera t\u00eb Bashkimit Evropian<\/strong><\/p>\n<p>Si\u00e7 dihet BE ka 11 institucione dhe organe tjera, t\u00eb cilat i kan\u00eb edhe nj\u00ebsit dhe n\u00ebn-nj\u00ebsit\u00eb e tyre, e q\u00eb sh\u00ebrbejn\u00eb n\u00eb funksionalizimin e institucioneve t\u00eb Bashkimit Evropian. P\u00ebr secil\u00ebn ve\u00e7 e ve\u00e7, Dr. Azizi flet: q\u00eb nga vendosja e tyre, numri i p\u00ebrsonelit, funksioni, roli dhe funksionalizimi. Parlamenti Evropian, Komisioni Evropian, K\u00ebshilli i Ministrave t\u00eb BE-s\u00eb, K\u00ebshilli Evropian, Gjykata e Drejt\u00ebsis\u00eb e KE-ve, Ombudsmani Evropian, Sup\u00ebrvizori Evropian p\u00ebr Mbrojtjen e t\u00eb Dh\u00ebnave, Organet Konsultative t\u00eb BE-s\u00eb, Organet Financiare t\u00eb BE-s\u00eb, Organet Nd\u00ebr-Instituacionale t\u00eb BE-s\u00eb dhe Organet e Decentralizuara apo Agjencit\u00eb e Bashkimit Evropian, jan\u00eb t\u00eb shpjeguara \u00e7art\u00eb n\u00eb librin \u201cBashkimi Evropian\u201d, e drejta, institucionet dhe politikat, e autorit Dr. Abdulla Azizi. Kapitullli i tret\u00eb n\u00eb k\u00ebt\u00eb lib\u00ebr \u00ebsht\u00eb \u201c Politikat e Bashkimit Evropian\u201d.<\/p>\n<p>Duke filluar nga politikat ekonomike t\u00eb BE-s\u00eb dhe Unioni Ekonomik e Monetar e deri tek politikat rajonale t\u00eb BE-s\u00eb dhe instrumentet e strategjis\u00eb s\u00eb qasjes dhe hapave t\u00eb tjer\u00eb deri tek integrimi n\u00eb BE i vendeve t\u00eb Evrop\u00ebs Qendrore dhe Lindore dhe t\u00eb Ballkanit, jan\u00eb shpjeguar nga poltikologu Abdullah Azizi. Dhe kur jemi k\u00ebtu tek politikat e BE-s\u00eb, z. Azizi Analizon me kujdes fillet e Bashkimit Evropian, t\u00eb cilat nis\u00ebn si Komiteti Evropian dhe arrit\u00ebn sot, deri tek emri Bashkimi Evropian. Ka shum\u00eb autor shqiptar\u00eb q\u00eb akoma i ngat\u00ebrrojn\u00eb termet Komuniteti Evropian dhe Bashkimi Evropian. N\u00eb k\u00ebt\u00eb kontekst, Azizi i b\u00ebn\u00eb dallimet duke qen\u00eb i sigurt n\u00eb zhvillimet e BE-s\u00eb, n\u00ebp\u00ebr t\u00eb cilat ka kaluar kjo organizat\u00eb.<\/p>\n<p>Meq\u00eb populli yn\u00eb aspiron an\u00ebtar\u00ebsimin, si\u00e7 po quhet familja e madhe evropiane BE, \u00ebsht\u00eb m\u00eb r\u00ebnd\u00ebsi edhe njohja me instrumentet ndihm\u00ebse t\u00eb shteteve tona t\u00eb cilat synojn\u00eb an\u00ebtar\u00ebsimin.<br \/>\nN\u00eb ket\u00eb lib\u00ebr jan\u00eb dh\u00ebn\u00eb argumentet dhe qasja e BE ndaj k\u00ebtyre vendeve dhe kushtet q\u00eb duhen plot\u00ebsuar p\u00ebr vendet aspiruese.<\/p>\n<p>\u00cbsht\u00eb e pamundur q\u00eb n\u00eb nj\u00eb recension t\u00eb shkurt\u00ebr t\u00eb flitet n\u00eb detaje p\u00ebr nj\u00eb lib\u00ebr voluminoz, p\u00ebr nj\u00eb mekaniz\u00ebm kaq t\u00eb madh si\u00e7 \u00ebsht\u00eb Bashkimi Evropian, mir\u00ebpo duke e lexuar me v\u00ebmendje librin \u201c Bashkimi Evropian \u201c t\u00eb autorit Dr. Abdulla Azizi, dua t\u00eb jap nj\u00eb mendim timin, se ky lib\u00ebr \u00ebsht\u00eb interesant dhe se e njofton lexuesin shqiptar, e ve\u00e7mas studiuesit e shkencave politike me BE-n\u00eb. K\u00ebto gj\u00ebra i kam lexuar edhe n\u00eb gjuh\u00ebn angleze, mir\u00ebpo p\u00ebr lexuesin e gjer\u00eb shqiptar\u00eb kjo \u00ebsht\u00eb nj\u00eb \u00e7\u00ebshtje me r\u00ebnd\u00ebsi, mbase nj\u00eb dit\u00eb edhe populli yn\u00eb do t\u00eb jet\u00eb pra atje ku e ka vendin, n\u00eb Bashkimin Evropian, nd\u00ebrsa autori Azizi ka nj\u00eb qasje t\u00ebr\u00ebsisht t\u00eb mendimit evropian dhe d\u00ebshmon se ka njohuri p\u00ebr ket\u00eb fush\u00eb, p\u00ebr \u00e7ka sigurisht i ndihmon t\u00eb folurit e gjuh\u00ebve Angleze dhe Fr\u00ebnge.<\/p>\n<p>Autori ka mbaruar master p\u00ebr politikat dhe sigurin\u00eb nd\u00ebrkomb\u00ebtare, n\u00eb Universitetin e Brukselit.<\/p>\n","protected":false},"excerpt":{"rendered":"<p>Jeton Kelmendi, Bruksel Bashkimi Evropian si nj\u00ebri nga organizatat rajonale m\u00eb me ndikim n\u00eb Bot\u00eb, nj\u00ebherit vendi ku synohet integrimi nga t\u00eb gjitha vendet e Ballkanit, \u00ebsht\u00eb shpjeguar, qe nga e drejta, institucionet e deri t\u00eb politikat n\u00eb librin e Abdulla Azizit. Duke u bazuar n\u00eb objektivat e popullit shqiptar n\u00eb Ballkan, p\u00ebr integrim n\u00eb [&hellip;]<\/p>\n","protected":false},"author":1,"featured_media":0,"comment_status":"open","ping_status":"closed","sticky":false,"template":"","format":"standard","meta":{"footnotes":""},"categories":[2],"tags":[],"class_list":{"0":"post-2470","1":"post","2":"type-post","3":"status-publish","4":"format-standard","6":"category-artikuj"},"yoast_head":"<!-- This site is optimized with the Yoast SEO plugin v27.4 - https:\/\/yoast.com\/product\/yoast-seo-wordpress\/ -->\n<title>Njohje me BE-n\u00eb me librin \u201cBashkimi Evropian\u201d i autorit Abdulla Azizi - FjALA e LIR\u00cb - Arkivi<\/title>\n<meta name=\"robots\" content=\"index, follow, max-snippet:-1, max-image-preview:large, max-video-preview:-1\" \/>\n<link rel=\"canonical\" href=\"https:\/\/fjala.info\/2009-2015\/njohje-me-be-ne-me-librin-bashkimi-evropian-i-autorit-abdulla-azizi\/\" \/>\n<meta property=\"og:locale\" content=\"sq_AL\" \/>\n<meta property=\"og:type\" content=\"article\" \/>\n<meta property=\"og:title\" content=\"Njohje me BE-n\u00eb me librin \u201cBashkimi Evropian\u201d i autorit Abdulla Azizi - FjALA e LIR\u00cb - Arkivi\" \/>\n<meta property=\"og:description\" content=\"Jeton Kelmendi, Bruksel Bashkimi Evropian si nj\u00ebri nga organizatat rajonale m\u00eb me ndikim n\u00eb Bot\u00eb, nj\u00ebherit vendi ku synohet integrimi nga t\u00eb gjitha vendet e Ballkanit, \u00ebsht\u00eb shpjeguar, qe nga e drejta, institucionet e deri t\u00eb politikat n\u00eb librin e Abdulla Azizit. Duke u bazuar n\u00eb objektivat e popullit shqiptar n\u00eb Ballkan, p\u00ebr integrim n\u00eb [&hellip;]\" \/>\n<meta property=\"og:url\" content=\"https:\/\/fjala.info\/2009-2015\/njohje-me-be-ne-me-librin-bashkimi-evropian-i-autorit-abdulla-azizi\/\" \/>\n<meta property=\"og:site_name\" content=\"FjALA e LIR\u00cb - Arkivi\" \/>\n<meta property=\"article:published_time\" content=\"2012-04-12T06:24:04+00:00\" \/>\n<meta property=\"og:image\" content=\"http:\/\/www.shkoder.net\/2012\/jeton_kelmendi.jpg\" \/>\n<meta name=\"author\" content=\"admin\" \/>\n<meta name=\"twitter:card\" content=\"summary_large_image\" \/>\n<meta name=\"twitter:label1\" content=\"Written by\" \/>\n\t<meta name=\"twitter:data1\" content=\"admin\" \/>\n\t<meta name=\"twitter:label2\" content=\"Est. reading time\" \/>\n\t<meta name=\"twitter:data2\" content=\"7 minutes\" \/>\n<script type=\"application\/ld+json\" class=\"yoast-schema-graph\">{\"@context\":\"https:\\\/\\\/schema.org\",\"@graph\":[{\"@type\":\"Article\",\"@id\":\"https:\\\/\\\/fjala.info\\\/2009-2015\\\/njohje-me-be-ne-me-librin-bashkimi-evropian-i-autorit-abdulla-azizi\\\/#article\",\"isPartOf\":{\"@id\":\"https:\\\/\\\/fjala.info\\\/2009-2015\\\/njohje-me-be-ne-me-librin-bashkimi-evropian-i-autorit-abdulla-azizi\\\/\"},\"author\":{\"name\":\"admin\",\"@id\":\"https:\\\/\\\/fjala.info\\\/2009-2015\\\/#\\\/schema\\\/person\\\/3aa1163ef05469c496fc94e77611ada2\"},\"headline\":\"Njohje me BE-n\u00eb me librin \u201cBashkimi Evropian\u201d i autorit Abdulla Azizi\",\"datePublished\":\"2012-04-12T06:24:04+00:00\",\"mainEntityOfPage\":{\"@id\":\"https:\\\/\\\/fjala.info\\\/2009-2015\\\/njohje-me-be-ne-me-librin-bashkimi-evropian-i-autorit-abdulla-azizi\\\/\"},\"wordCount\":1344,\"commentCount\":0,\"publisher\":{\"@id\":\"https:\\\/\\\/fjala.info\\\/2009-2015\\\/#organization\"},\"image\":{\"@id\":\"https:\\\/\\\/fjala.info\\\/2009-2015\\\/njohje-me-be-ne-me-librin-bashkimi-evropian-i-autorit-abdulla-azizi\\\/#primaryimage\"},\"thumbnailUrl\":\"http:\\\/\\\/www.shkoder.net\\\/2012\\\/jeton_kelmendi.jpg\",\"articleSection\":[\"Artikuj\"],\"inLanguage\":\"sq-AL\",\"potentialAction\":[{\"@type\":\"CommentAction\",\"name\":\"Comment\",\"target\":[\"https:\\\/\\\/fjala.info\\\/2009-2015\\\/njohje-me-be-ne-me-librin-bashkimi-evropian-i-autorit-abdulla-azizi\\\/#respond\"]}]},{\"@type\":\"WebPage\",\"@id\":\"https:\\\/\\\/fjala.info\\\/2009-2015\\\/njohje-me-be-ne-me-librin-bashkimi-evropian-i-autorit-abdulla-azizi\\\/\",\"url\":\"https:\\\/\\\/fjala.info\\\/2009-2015\\\/njohje-me-be-ne-me-librin-bashkimi-evropian-i-autorit-abdulla-azizi\\\/\",\"name\":\"Njohje me BE-n\u00eb me librin \u201cBashkimi Evropian\u201d i autorit Abdulla Azizi - FjALA e LIR\u00cb - Arkivi\",\"isPartOf\":{\"@id\":\"https:\\\/\\\/fjala.info\\\/2009-2015\\\/#website\"},\"primaryImageOfPage\":{\"@id\":\"https:\\\/\\\/fjala.info\\\/2009-2015\\\/njohje-me-be-ne-me-librin-bashkimi-evropian-i-autorit-abdulla-azizi\\\/#primaryimage\"},\"image\":{\"@id\":\"https:\\\/\\\/fjala.info\\\/2009-2015\\\/njohje-me-be-ne-me-librin-bashkimi-evropian-i-autorit-abdulla-azizi\\\/#primaryimage\"},\"thumbnailUrl\":\"http:\\\/\\\/www.shkoder.net\\\/2012\\\/jeton_kelmendi.jpg\",\"datePublished\":\"2012-04-12T06:24:04+00:00\",\"breadcrumb\":{\"@id\":\"https:\\\/\\\/fjala.info\\\/2009-2015\\\/njohje-me-be-ne-me-librin-bashkimi-evropian-i-autorit-abdulla-azizi\\\/#breadcrumb\"},\"inLanguage\":\"sq-AL\",\"potentialAction\":[{\"@type\":\"ReadAction\",\"target\":[\"https:\\\/\\\/fjala.info\\\/2009-2015\\\/njohje-me-be-ne-me-librin-bashkimi-evropian-i-autorit-abdulla-azizi\\\/\"]}]},{\"@type\":\"ImageObject\",\"inLanguage\":\"sq-AL\",\"@id\":\"https:\\\/\\\/fjala.info\\\/2009-2015\\\/njohje-me-be-ne-me-librin-bashkimi-evropian-i-autorit-abdulla-azizi\\\/#primaryimage\",\"url\":\"http:\\\/\\\/www.shkoder.net\\\/2012\\\/jeton_kelmendi.jpg\",\"contentUrl\":\"http:\\\/\\\/www.shkoder.net\\\/2012\\\/jeton_kelmendi.jpg\"},{\"@type\":\"BreadcrumbList\",\"@id\":\"https:\\\/\\\/fjala.info\\\/2009-2015\\\/njohje-me-be-ne-me-librin-bashkimi-evropian-i-autorit-abdulla-azizi\\\/#breadcrumb\",\"itemListElement\":[{\"@type\":\"ListItem\",\"position\":1,\"name\":\"Home\",\"item\":\"https:\\\/\\\/fjala.info\\\/2009-2015\\\/\"},{\"@type\":\"ListItem\",\"position\":2,\"name\":\"Njohje me BE-n\u00eb me librin \u201cBashkimi Evropian\u201d i autorit Abdulla Azizi\"}]},{\"@type\":\"WebSite\",\"@id\":\"https:\\\/\\\/fjala.info\\\/2009-2015\\\/#website\",\"url\":\"https:\\\/\\\/fjala.info\\\/2009-2015\\\/\",\"name\":\"FjALA e LIR\u00cb - Arkivi\",\"description\":\"Arkivi 2009-2015\",\"publisher\":{\"@id\":\"https:\\\/\\\/fjala.info\\\/2009-2015\\\/#organization\"},\"potentialAction\":[{\"@type\":\"SearchAction\",\"target\":{\"@type\":\"EntryPoint\",\"urlTemplate\":\"https:\\\/\\\/fjala.info\\\/2009-2015\\\/?s={search_term_string}\"},\"query-input\":{\"@type\":\"PropertyValueSpecification\",\"valueRequired\":true,\"valueName\":\"search_term_string\"}}],\"inLanguage\":\"sq-AL\"},{\"@type\":\"Organization\",\"@id\":\"https:\\\/\\\/fjala.info\\\/2009-2015\\\/#organization\",\"name\":\"FjALA e LIR\u00cb - Arkivi\",\"url\":\"https:\\\/\\\/fjala.info\\\/2009-2015\\\/\",\"logo\":{\"@type\":\"ImageObject\",\"inLanguage\":\"sq-AL\",\"@id\":\"https:\\\/\\\/fjala.info\\\/2009-2015\\\/#\\\/schema\\\/logo\\\/image\\\/\",\"url\":\"\",\"contentUrl\":\"\",\"caption\":\"FjALA e LIR\u00cb - Arkivi\"},\"image\":{\"@id\":\"https:\\\/\\\/fjala.info\\\/2009-2015\\\/#\\\/schema\\\/logo\\\/image\\\/\"}},{\"@type\":\"Person\",\"@id\":\"https:\\\/\\\/fjala.info\\\/2009-2015\\\/#\\\/schema\\\/person\\\/3aa1163ef05469c496fc94e77611ada2\",\"name\":\"admin\",\"image\":{\"@type\":\"ImageObject\",\"inLanguage\":\"sq-AL\",\"@id\":\"https:\\\/\\\/fjala.info\\\/2009-2015\\\/wp-content\\\/uploads\\\/2012\\\/02\\\/arben_cokaj-120x150.jpg\",\"url\":\"https:\\\/\\\/fjala.info\\\/2009-2015\\\/wp-content\\\/uploads\\\/2012\\\/02\\\/arben_cokaj-120x150.jpg\",\"contentUrl\":\"https:\\\/\\\/fjala.info\\\/2009-2015\\\/wp-content\\\/uploads\\\/2012\\\/02\\\/arben_cokaj-120x150.jpg\",\"caption\":\"admin\"},\"description\":\"Admin, Fjala e Lir\u00eb\",\"sameAs\":[\"https:\\\/\\\/fjala.info\\\/\"],\"url\":\"https:\\\/\\\/fjala.info\\\/2009-2015\\\/author\\\/admin\\\/\"}]}<\/script>\n<!-- \/ Yoast SEO plugin. -->","yoast_head_json":{"title":"Njohje me BE-n\u00eb me librin \u201cBashkimi Evropian\u201d i autorit Abdulla Azizi - FjALA e LIR\u00cb - Arkivi","robots":{"index":"index","follow":"follow","max-snippet":"max-snippet:-1","max-image-preview":"max-image-preview:large","max-video-preview":"max-video-preview:-1"},"canonical":"https:\/\/fjala.info\/2009-2015\/njohje-me-be-ne-me-librin-bashkimi-evropian-i-autorit-abdulla-azizi\/","og_locale":"sq_AL","og_type":"article","og_title":"Njohje me BE-n\u00eb me librin \u201cBashkimi Evropian\u201d i autorit Abdulla Azizi - FjALA e LIR\u00cb - Arkivi","og_description":"Jeton Kelmendi, Bruksel Bashkimi Evropian si nj\u00ebri nga organizatat rajonale m\u00eb me ndikim n\u00eb Bot\u00eb, nj\u00ebherit vendi ku synohet integrimi nga t\u00eb gjitha vendet e Ballkanit, \u00ebsht\u00eb shpjeguar, qe nga e drejta, institucionet e deri t\u00eb politikat n\u00eb librin e Abdulla Azizit. Duke u bazuar n\u00eb objektivat e popullit shqiptar n\u00eb Ballkan, p\u00ebr integrim n\u00eb [&hellip;]","og_url":"https:\/\/fjala.info\/2009-2015\/njohje-me-be-ne-me-librin-bashkimi-evropian-i-autorit-abdulla-azizi\/","og_site_name":"FjALA e LIR\u00cb - Arkivi","article_published_time":"2012-04-12T06:24:04+00:00","og_image":[{"url":"http:\/\/www.shkoder.net\/2012\/jeton_kelmendi.jpg","type":"","width":"","height":""}],"author":"admin","twitter_card":"summary_large_image","twitter_misc":{"Written by":"admin","Est. reading time":"7 minutes"},"schema":{"@context":"https:\/\/schema.org","@graph":[{"@type":"Article","@id":"https:\/\/fjala.info\/2009-2015\/njohje-me-be-ne-me-librin-bashkimi-evropian-i-autorit-abdulla-azizi\/#article","isPartOf":{"@id":"https:\/\/fjala.info\/2009-2015\/njohje-me-be-ne-me-librin-bashkimi-evropian-i-autorit-abdulla-azizi\/"},"author":{"name":"admin","@id":"https:\/\/fjala.info\/2009-2015\/#\/schema\/person\/3aa1163ef05469c496fc94e77611ada2"},"headline":"Njohje me BE-n\u00eb me librin \u201cBashkimi Evropian\u201d i autorit Abdulla Azizi","datePublished":"2012-04-12T06:24:04+00:00","mainEntityOfPage":{"@id":"https:\/\/fjala.info\/2009-2015\/njohje-me-be-ne-me-librin-bashkimi-evropian-i-autorit-abdulla-azizi\/"},"wordCount":1344,"commentCount":0,"publisher":{"@id":"https:\/\/fjala.info\/2009-2015\/#organization"},"image":{"@id":"https:\/\/fjala.info\/2009-2015\/njohje-me-be-ne-me-librin-bashkimi-evropian-i-autorit-abdulla-azizi\/#primaryimage"},"thumbnailUrl":"http:\/\/www.shkoder.net\/2012\/jeton_kelmendi.jpg","articleSection":["Artikuj"],"inLanguage":"sq-AL","potentialAction":[{"@type":"CommentAction","name":"Comment","target":["https:\/\/fjala.info\/2009-2015\/njohje-me-be-ne-me-librin-bashkimi-evropian-i-autorit-abdulla-azizi\/#respond"]}]},{"@type":"WebPage","@id":"https:\/\/fjala.info\/2009-2015\/njohje-me-be-ne-me-librin-bashkimi-evropian-i-autorit-abdulla-azizi\/","url":"https:\/\/fjala.info\/2009-2015\/njohje-me-be-ne-me-librin-bashkimi-evropian-i-autorit-abdulla-azizi\/","name":"Njohje me BE-n\u00eb me librin \u201cBashkimi Evropian\u201d i autorit Abdulla Azizi - FjALA e LIR\u00cb - Arkivi","isPartOf":{"@id":"https:\/\/fjala.info\/2009-2015\/#website"},"primaryImageOfPage":{"@id":"https:\/\/fjala.info\/2009-2015\/njohje-me-be-ne-me-librin-bashkimi-evropian-i-autorit-abdulla-azizi\/#primaryimage"},"image":{"@id":"https:\/\/fjala.info\/2009-2015\/njohje-me-be-ne-me-librin-bashkimi-evropian-i-autorit-abdulla-azizi\/#primaryimage"},"thumbnailUrl":"http:\/\/www.shkoder.net\/2012\/jeton_kelmendi.jpg","datePublished":"2012-04-12T06:24:04+00:00","breadcrumb":{"@id":"https:\/\/fjala.info\/2009-2015\/njohje-me-be-ne-me-librin-bashkimi-evropian-i-autorit-abdulla-azizi\/#breadcrumb"},"inLanguage":"sq-AL","potentialAction":[{"@type":"ReadAction","target":["https:\/\/fjala.info\/2009-2015\/njohje-me-be-ne-me-librin-bashkimi-evropian-i-autorit-abdulla-azizi\/"]}]},{"@type":"ImageObject","inLanguage":"sq-AL","@id":"https:\/\/fjala.info\/2009-2015\/njohje-me-be-ne-me-librin-bashkimi-evropian-i-autorit-abdulla-azizi\/#primaryimage","url":"http:\/\/www.shkoder.net\/2012\/jeton_kelmendi.jpg","contentUrl":"http:\/\/www.shkoder.net\/2012\/jeton_kelmendi.jpg"},{"@type":"BreadcrumbList","@id":"https:\/\/fjala.info\/2009-2015\/njohje-me-be-ne-me-librin-bashkimi-evropian-i-autorit-abdulla-azizi\/#breadcrumb","itemListElement":[{"@type":"ListItem","position":1,"name":"Home","item":"https:\/\/fjala.info\/2009-2015\/"},{"@type":"ListItem","position":2,"name":"Njohje me BE-n\u00eb me librin \u201cBashkimi Evropian\u201d i autorit Abdulla Azizi"}]},{"@type":"WebSite","@id":"https:\/\/fjala.info\/2009-2015\/#website","url":"https:\/\/fjala.info\/2009-2015\/","name":"FjALA e LIR\u00cb - Arkivi","description":"Arkivi 2009-2015","publisher":{"@id":"https:\/\/fjala.info\/2009-2015\/#organization"},"potentialAction":[{"@type":"SearchAction","target":{"@type":"EntryPoint","urlTemplate":"https:\/\/fjala.info\/2009-2015\/?s={search_term_string}"},"query-input":{"@type":"PropertyValueSpecification","valueRequired":true,"valueName":"search_term_string"}}],"inLanguage":"sq-AL"},{"@type":"Organization","@id":"https:\/\/fjala.info\/2009-2015\/#organization","name":"FjALA e LIR\u00cb - Arkivi","url":"https:\/\/fjala.info\/2009-2015\/","logo":{"@type":"ImageObject","inLanguage":"sq-AL","@id":"https:\/\/fjala.info\/2009-2015\/#\/schema\/logo\/image\/","url":"","contentUrl":"","caption":"FjALA e LIR\u00cb - Arkivi"},"image":{"@id":"https:\/\/fjala.info\/2009-2015\/#\/schema\/logo\/image\/"}},{"@type":"Person","@id":"https:\/\/fjala.info\/2009-2015\/#\/schema\/person\/3aa1163ef05469c496fc94e77611ada2","name":"admin","image":{"@type":"ImageObject","inLanguage":"sq-AL","@id":"https:\/\/fjala.info\/2009-2015\/wp-content\/uploads\/2012\/02\/arben_cokaj-120x150.jpg","url":"https:\/\/fjala.info\/2009-2015\/wp-content\/uploads\/2012\/02\/arben_cokaj-120x150.jpg","contentUrl":"https:\/\/fjala.info\/2009-2015\/wp-content\/uploads\/2012\/02\/arben_cokaj-120x150.jpg","caption":"admin"},"description":"Admin, Fjala e Lir\u00eb","sameAs":["https:\/\/fjala.info\/"],"url":"https:\/\/fjala.info\/2009-2015\/author\/admin\/"}]}},"_links":{"self":[{"href":"https:\/\/fjala.info\/2009-2015\/wp-json\/wp\/v2\/posts\/2470","targetHints":{"allow":["GET"]}}],"collection":[{"href":"https:\/\/fjala.info\/2009-2015\/wp-json\/wp\/v2\/posts"}],"about":[{"href":"https:\/\/fjala.info\/2009-2015\/wp-json\/wp\/v2\/types\/post"}],"author":[{"embeddable":true,"href":"https:\/\/fjala.info\/2009-2015\/wp-json\/wp\/v2\/users\/1"}],"replies":[{"embeddable":true,"href":"https:\/\/fjala.info\/2009-2015\/wp-json\/wp\/v2\/comments?post=2470"}],"version-history":[{"count":0,"href":"https:\/\/fjala.info\/2009-2015\/wp-json\/wp\/v2\/posts\/2470\/revisions"}],"wp:attachment":[{"href":"https:\/\/fjala.info\/2009-2015\/wp-json\/wp\/v2\/media?parent=2470"}],"wp:term":[{"taxonomy":"category","embeddable":true,"href":"https:\/\/fjala.info\/2009-2015\/wp-json\/wp\/v2\/categories?post=2470"},{"taxonomy":"post_tag","embeddable":true,"href":"https:\/\/fjala.info\/2009-2015\/wp-json\/wp\/v2\/tags?post=2470"}],"curies":[{"name":"wp","href":"https:\/\/api.w.org\/{rel}","templated":true}]}}