{"id":2468,"date":"2012-04-12T07:20:58","date_gmt":"2012-04-12T06:20:58","guid":{"rendered":"http:\/\/fjala.shkoder.net\/?p=2468"},"modified":"2012-04-12T07:20:58","modified_gmt":"2012-04-12T06:20:58","slug":"zemres-se-njeriut-i-duhen-dy-gjera-e-drejta-dhe-fuqia-njera-pa-tjetren-fort-rralle-degjohen","status":"publish","type":"post","link":"https:\/\/fjala.info\/2009-2015\/zemres-se-njeriut-i-duhen-dy-gjera-e-drejta-dhe-fuqia-njera-pa-tjetren-fort-rralle-degjohen\/","title":{"rendered":"Zemr\u00ebs se njeriut i duhen dy gj\u00ebra: e drejta dhe fuqia, nj\u00ebra pa tjetr\u00ebn fort rrall\u00eb d\u00ebgjohen"},"content":{"rendered":"<p><img decoding=\"async\" class=\"alignright size-thumbnail wp-image-7236\" title=\"Miradije Gashi\" src=\"http:\/\/www.shkoder.net\/2012\/miradije_gashi.jpg\" alt=\"\" width=\"200\" \/> Nga <strong>Miradije Gashi<\/strong>, <em>Stuttgart<\/em><\/p>\n<p>Nj\u00eb dit\u00eb tek po sh\u00ebtisja me f\u00ebmij\u00ebt e mi parqeve t\u00eb bukura t\u00eb Killesbergut, vend ky shum\u00eb i frekuentuar nga qytetar\u00ebt e Stuttgartit, sidomos nga banoret e pjes\u00ebs veriore te k\u00ebti qyteti. Bregores s\u00eb madhe e t\u00eb gjelbruara nga rrezet e diellit pranveror defilonin grupe-grupe njer\u00ebzish, t\u00eb cil\u00ebt g\u00ebzuesh\u00ebm qeshnin e bisedonin ne vendin e tyre! Nd\u00ebrsa mua m\u00eb dukej vetja se po ecja drejt humner\u00ebs s\u00eb thell\u00eb dhe t\u00eb pa fund. Ndihesha e zbrazet e zymt\u00eb, duke soditur bulevardeve n\u00eb vajtje m\u2019sfiliste dhimbsh\u00ebm malli atdheut. Kujtimi i prind\u00ebrve, miqve, shok\u00ebve, dheut ku u lind\u00ebm, kujtimi i atyre maleve larg t\u00eb cilave nuk rron dot mir\u00eb njeriu m\u00ebrgimtar.<\/p>\n<p><img decoding=\"async\" class=\"aligncenter size-thumbnail wp-image-7236\" title=\"Stuttgart-Killesberg\" src=\"http:\/\/www.shkoder.net\/2012\/stuttgart_killesberg.jpg\" alt=\"\" width=\"450\" \/><br \/>\n<em>Stuttgart-Killesberg<\/em><\/p>\n<p>Brenga dhe d\u00ebshira e madhe p\u00ebr vendlindjen po d\u00ebrrmon zemr\u00ebn e jet\u00ebn ne dheun e huaj. V\u00ebshtroja si sh\u00ebtisnin dhe shum\u00eb shqiptar tjer\u00eb m\u00eb t\u00eb afermit e tyre. M\u00eb b\u00ebhej se buz\u00ebqeshja dhe p\u00ebrsh\u00ebndetja jon\u00eb ne parakalim ndiehej m\u00eb tep\u00ebr artificiale! Sido q\u00eb ndihesha un\u00eb, stina e pranver\u00ebs kishte nj\u00eb lloj shije poetike, si piktur\u00eb e rrall\u00eb. Soditja bim\u00ebsin\u00eb, lulet, kopshtin me interes t\u00eb ve\u00e7ant\u00eb p\u00ebr ata q\u00eb kishin kushtuar or\u00eb pune k\u00ebsaj pjese t\u00eb qytetit admirohesha! Mund t\u00eb them me bindje, n\u00eb k\u00ebt\u00eb qytet kam vite q\u00eb jetoj dhe kisha n\u00eb vetvete nj\u00eb synim t\u00eb mir\u00eb, mbi t\u00eb gjitha mendoja se nevoja urgjente ne k\u00ebt\u00eb vend ishte hapja e shkoll\u00ebs shqipe.<\/p>\n<p>M\u00ebsimi plot\u00ebsues i historis\u00eb komb\u00ebtare, mu b\u00eb q\u00ebllim i jet\u00ebs sime, dhe e vinja mbi \u00e7do detyrim tjet\u00ebr, mendoja k\u00ebshtu do t\u2019i sh\u00ebrbej m\u00eb mir\u00eb Atdheut. Por, mbi t\u00eb gjitha, mendoja se \u00e7\u00ebshtja prioritare dot\u00eb ishte Diaspora shqiptare e bashkuar. Prind\u00ebr-arsimtar\u00eb-nx\u00ebn\u00ebs, intelektual\u00eb, m\u00ebrgimtar\u00eb t\u00eb gjith\u00eb s\u00eb bashku. Kjo do ishte rruga jon\u00eb m\u00eb e mir\u00eb vepruese. Vura gjith\u00eb p\u00ebrpjekjet e mija q\u00eb nga viti 1995 ne Villingen, p\u00ebr shpjegimin e virtyteve t\u00eb larta shqiptare, p\u00ebr luft\u00ebrat e trimrit\u00eb fam\u00ebm\u00ebdha t\u00eb Sk\u00ebnderbeut, Ismail Qemalit e t\u00eb tjerve.<\/p>\n<p>Njeriu nga natyra \u00ebsht\u00eb nj\u00eb krijes\u00eb e g\u00ebzueshme optimiste, dhe jet\u00ebn duhet ta g\u00ebzojm\u00eb, duke mos i marr\u00eb gj\u00ebrat me nj\u00eb kuptim t\u00eb trishtuar, as dhimbja p\u00ebr egoistet e ult\u00eb q\u00eb lexojm\u00eb nuk duhet t\u00eb \u00e7ojn\u00eb n\u00eb d\u00ebshprim. Nuk e teproj nese them; Zemr\u00ebs se njeriut i duhen dy gj\u00ebra e drejta dhe fuqia, njera pa tjetr\u00ebn fort rrall\u00eb d\u00ebgjohen. Ne p\u00ebr \u00e7udi shikojm\u00eb gj\u00ebrat m\u00eb err\u00ebt se Shopeni, nese k\u00ebshtu vazhdohet at\u00ebher\u00eb djeg dhe shpres\u00ebn e fundit. Nuk do b\u00ebja shum\u00eb paralelizma e konkluzione t\u00eb panevojshme t\u00eb zgjatem apo t\u00eb dal jash kuadratit t\u00eb prefesonit tim. Zemr\u00ebs se njeriut i duhen dy gj\u00ebra e drejta dhe fuqia, nj\u00ebra pa tjetr\u00ebn fort rrall\u00eb d\u00ebgjohen!<\/p>\n<p>Por njer\u00ebzit llafazan e t\u00eb papun\u00eb, q\u00eb mbajn\u00eb vesh andej-k\u00ebndej ua fillojn\u00eb thashethemeve pa vlera, nuk m\u00eb pelqejn\u00eb. Kujdesi e vet\u00ebdija jon\u00eb shqiptare duhet p\u00ebrmir\u00ebsuar sepse jetojm\u00eb ne nj\u00eb shtet t\u00eb avansuar e modern. Mjerisht, kultura jon\u00eb akoma \u00ebsht\u00eb ajo q\u00eb nuk duhet t\u00eb ishte. Gj\u00ebja m\u00eb e m\u00ebrzitshme sot ne diaspor\u00eb \u00ebsht\u00eb, p\u00ebrqarja e plasaritja shqiptare pik\u00ebrisht ne k\u00ebt\u00eb Republik\u00eb. Me k\u00ebto metoda denigruese e tinzare nuk do vemi gjekundi. Ne vend q\u00eb t\u00eb imponohemi me kultur\u00eb e zellin e duhur tok se bashku, ne p\u00ebpiqemi me format obskurantiste e qesharake kund\u00ebr njeri tjetrit sikur nuk qen\u00eb vuajtjet e rob\u00ebrit\u00eb tona shekullore t\u00eb mjaftueshme! S\u2019\u00ebsht\u00eb pun\u00eb rivaliteti ne shtetin e huaj!<\/p>\n<p>Shum\u00eb shkrime- komente, q\u00eb botohen p\u00ebr p\u00ebrmbajtje nuk kan\u00eb di\u00e7 tjet\u00ebr p\u00ebrveq interpretimt neverit\u00ebs reaksionar dhe urrejtje me pretendime nga m\u00eb t\u00eb ndryeshmet kunder kolegve, kund\u00ebr vetvet\u00ebs. Shkresa, komente fyese q\u00eb lexon nep\u00ebr mediat e shkruara nuk do ishin m\u00eb t\u00eb ulta as ne kohen e gurit! Ne kemi me se merremi, ne kemi \u00e7ka shkruajm\u00eb. Vendi yn\u00eb kishte nj\u00eb t\u00eb kaluar t\u00eb pasur me luft\u00ebtar\u00eb t\u00eb m\u00ebdhenj, t\u00eb pen\u00ebs e t\u00eb mendjes.<\/p>\n<p>Ma mir\u00eb \u00ebsht\u00eb tu \u00e7asemi mrekullive t\u00eb mendjes e shpirtit, ta nderojm\u00eb njeri tjetrin e te rreshtohemi ne vijen e par\u00eb t\u00eb shteteve europiane me mekanizma t\u00eb dijes shkenc\u00ebs dhe kultur\u00ebs, p\u00ebr t\u00eb zbuluar kulturen, thesarin e dijenin\u00eb ton\u00eb. Duke filluar me shkenctar\u00eb si Qendrim Gashi e shum\u00eb t\u00eb tjer\u00eb. Vetem me shembuj e njer\u00ebz till\u00eb hapen rrug\u00eb te sigurta drejt s\u00eb ardhmes.<\/p>\n","protected":false},"excerpt":{"rendered":"<p>Nga Miradije Gashi, Stuttgart Nj\u00eb dit\u00eb tek po sh\u00ebtisja me f\u00ebmij\u00ebt e mi parqeve t\u00eb bukura t\u00eb Killesbergut, vend ky shum\u00eb i frekuentuar nga qytetar\u00ebt e Stuttgartit, sidomos nga banoret e pjes\u00ebs veriore te k\u00ebti qyteti. Bregores s\u00eb madhe e t\u00eb gjelbruara nga rrezet e diellit pranveror defilonin grupe-grupe njer\u00ebzish, t\u00eb cil\u00ebt g\u00ebzuesh\u00ebm qeshnin e [&hellip;]<\/p>\n","protected":false},"author":1,"featured_media":0,"comment_status":"open","ping_status":"closed","sticky":false,"template":"","format":"standard","meta":{"footnotes":""},"categories":[2],"tags":[],"class_list":{"0":"post-2468","1":"post","2":"type-post","3":"status-publish","4":"format-standard","6":"category-artikuj"},"yoast_head":"<!-- This site is optimized with the Yoast SEO plugin v27.4 - https:\/\/yoast.com\/product\/yoast-seo-wordpress\/ -->\n<title>Zemr\u00ebs se njeriut i duhen dy gj\u00ebra: e drejta dhe fuqia, nj\u00ebra pa tjetr\u00ebn fort rrall\u00eb d\u00ebgjohen - FjALA e LIR\u00cb - Arkivi<\/title>\n<meta name=\"robots\" content=\"index, follow, max-snippet:-1, max-image-preview:large, max-video-preview:-1\" \/>\n<link rel=\"canonical\" href=\"https:\/\/fjala.info\/2009-2015\/zemres-se-njeriut-i-duhen-dy-gjera-e-drejta-dhe-fuqia-njera-pa-tjetren-fort-rralle-degjohen\/\" \/>\n<meta property=\"og:locale\" content=\"sq_AL\" \/>\n<meta property=\"og:type\" content=\"article\" \/>\n<meta property=\"og:title\" content=\"Zemr\u00ebs se njeriut i duhen dy gj\u00ebra: e drejta dhe fuqia, nj\u00ebra pa tjetr\u00ebn fort rrall\u00eb d\u00ebgjohen - FjALA e LIR\u00cb - Arkivi\" \/>\n<meta property=\"og:description\" content=\"Nga Miradije Gashi, Stuttgart Nj\u00eb dit\u00eb tek po sh\u00ebtisja me f\u00ebmij\u00ebt e mi parqeve t\u00eb bukura t\u00eb Killesbergut, vend ky shum\u00eb i frekuentuar nga qytetar\u00ebt e Stuttgartit, sidomos nga banoret e pjes\u00ebs veriore te k\u00ebti qyteti. Bregores s\u00eb madhe e t\u00eb gjelbruara nga rrezet e diellit pranveror defilonin grupe-grupe njer\u00ebzish, t\u00eb cil\u00ebt g\u00ebzuesh\u00ebm qeshnin e [&hellip;]\" \/>\n<meta property=\"og:url\" content=\"https:\/\/fjala.info\/2009-2015\/zemres-se-njeriut-i-duhen-dy-gjera-e-drejta-dhe-fuqia-njera-pa-tjetren-fort-rralle-degjohen\/\" \/>\n<meta property=\"og:site_name\" content=\"FjALA e LIR\u00cb - Arkivi\" \/>\n<meta property=\"article:published_time\" content=\"2012-04-12T06:20:58+00:00\" \/>\n<meta property=\"og:image\" content=\"http:\/\/www.shkoder.net\/2012\/miradije_gashi.jpg\" \/>\n<meta name=\"author\" content=\"admin\" \/>\n<meta name=\"twitter:card\" content=\"summary_large_image\" \/>\n<meta name=\"twitter:label1\" content=\"Written by\" \/>\n\t<meta name=\"twitter:data1\" content=\"admin\" \/>\n\t<meta name=\"twitter:label2\" content=\"Est. reading time\" \/>\n\t<meta name=\"twitter:data2\" content=\"4 minutes\" \/>\n<script type=\"application\/ld+json\" class=\"yoast-schema-graph\">{\"@context\":\"https:\\\/\\\/schema.org\",\"@graph\":[{\"@type\":\"Article\",\"@id\":\"https:\\\/\\\/fjala.info\\\/2009-2015\\\/zemres-se-njeriut-i-duhen-dy-gjera-e-drejta-dhe-fuqia-njera-pa-tjetren-fort-rralle-degjohen\\\/#article\",\"isPartOf\":{\"@id\":\"https:\\\/\\\/fjala.info\\\/2009-2015\\\/zemres-se-njeriut-i-duhen-dy-gjera-e-drejta-dhe-fuqia-njera-pa-tjetren-fort-rralle-degjohen\\\/\"},\"author\":{\"name\":\"admin\",\"@id\":\"https:\\\/\\\/fjala.info\\\/2009-2015\\\/#\\\/schema\\\/person\\\/3aa1163ef05469c496fc94e77611ada2\"},\"headline\":\"Zemr\u00ebs se njeriut i duhen dy gj\u00ebra: e drejta dhe fuqia, nj\u00ebra pa tjetr\u00ebn fort rrall\u00eb d\u00ebgjohen\",\"datePublished\":\"2012-04-12T06:20:58+00:00\",\"mainEntityOfPage\":{\"@id\":\"https:\\\/\\\/fjala.info\\\/2009-2015\\\/zemres-se-njeriut-i-duhen-dy-gjera-e-drejta-dhe-fuqia-njera-pa-tjetren-fort-rralle-degjohen\\\/\"},\"wordCount\":805,\"commentCount\":0,\"publisher\":{\"@id\":\"https:\\\/\\\/fjala.info\\\/2009-2015\\\/#organization\"},\"image\":{\"@id\":\"https:\\\/\\\/fjala.info\\\/2009-2015\\\/zemres-se-njeriut-i-duhen-dy-gjera-e-drejta-dhe-fuqia-njera-pa-tjetren-fort-rralle-degjohen\\\/#primaryimage\"},\"thumbnailUrl\":\"http:\\\/\\\/www.shkoder.net\\\/2012\\\/miradije_gashi.jpg\",\"articleSection\":[\"Artikuj\"],\"inLanguage\":\"sq-AL\",\"potentialAction\":[{\"@type\":\"CommentAction\",\"name\":\"Comment\",\"target\":[\"https:\\\/\\\/fjala.info\\\/2009-2015\\\/zemres-se-njeriut-i-duhen-dy-gjera-e-drejta-dhe-fuqia-njera-pa-tjetren-fort-rralle-degjohen\\\/#respond\"]}]},{\"@type\":\"WebPage\",\"@id\":\"https:\\\/\\\/fjala.info\\\/2009-2015\\\/zemres-se-njeriut-i-duhen-dy-gjera-e-drejta-dhe-fuqia-njera-pa-tjetren-fort-rralle-degjohen\\\/\",\"url\":\"https:\\\/\\\/fjala.info\\\/2009-2015\\\/zemres-se-njeriut-i-duhen-dy-gjera-e-drejta-dhe-fuqia-njera-pa-tjetren-fort-rralle-degjohen\\\/\",\"name\":\"Zemr\u00ebs se njeriut i duhen dy gj\u00ebra: e drejta dhe fuqia, nj\u00ebra pa tjetr\u00ebn fort rrall\u00eb d\u00ebgjohen - FjALA e LIR\u00cb - Arkivi\",\"isPartOf\":{\"@id\":\"https:\\\/\\\/fjala.info\\\/2009-2015\\\/#website\"},\"primaryImageOfPage\":{\"@id\":\"https:\\\/\\\/fjala.info\\\/2009-2015\\\/zemres-se-njeriut-i-duhen-dy-gjera-e-drejta-dhe-fuqia-njera-pa-tjetren-fort-rralle-degjohen\\\/#primaryimage\"},\"image\":{\"@id\":\"https:\\\/\\\/fjala.info\\\/2009-2015\\\/zemres-se-njeriut-i-duhen-dy-gjera-e-drejta-dhe-fuqia-njera-pa-tjetren-fort-rralle-degjohen\\\/#primaryimage\"},\"thumbnailUrl\":\"http:\\\/\\\/www.shkoder.net\\\/2012\\\/miradije_gashi.jpg\",\"datePublished\":\"2012-04-12T06:20:58+00:00\",\"breadcrumb\":{\"@id\":\"https:\\\/\\\/fjala.info\\\/2009-2015\\\/zemres-se-njeriut-i-duhen-dy-gjera-e-drejta-dhe-fuqia-njera-pa-tjetren-fort-rralle-degjohen\\\/#breadcrumb\"},\"inLanguage\":\"sq-AL\",\"potentialAction\":[{\"@type\":\"ReadAction\",\"target\":[\"https:\\\/\\\/fjala.info\\\/2009-2015\\\/zemres-se-njeriut-i-duhen-dy-gjera-e-drejta-dhe-fuqia-njera-pa-tjetren-fort-rralle-degjohen\\\/\"]}]},{\"@type\":\"ImageObject\",\"inLanguage\":\"sq-AL\",\"@id\":\"https:\\\/\\\/fjala.info\\\/2009-2015\\\/zemres-se-njeriut-i-duhen-dy-gjera-e-drejta-dhe-fuqia-njera-pa-tjetren-fort-rralle-degjohen\\\/#primaryimage\",\"url\":\"http:\\\/\\\/www.shkoder.net\\\/2012\\\/miradije_gashi.jpg\",\"contentUrl\":\"http:\\\/\\\/www.shkoder.net\\\/2012\\\/miradije_gashi.jpg\"},{\"@type\":\"BreadcrumbList\",\"@id\":\"https:\\\/\\\/fjala.info\\\/2009-2015\\\/zemres-se-njeriut-i-duhen-dy-gjera-e-drejta-dhe-fuqia-njera-pa-tjetren-fort-rralle-degjohen\\\/#breadcrumb\",\"itemListElement\":[{\"@type\":\"ListItem\",\"position\":1,\"name\":\"Home\",\"item\":\"https:\\\/\\\/fjala.info\\\/2009-2015\\\/\"},{\"@type\":\"ListItem\",\"position\":2,\"name\":\"Zemr\u00ebs se njeriut i duhen dy gj\u00ebra: e drejta dhe fuqia, nj\u00ebra pa tjetr\u00ebn fort rrall\u00eb d\u00ebgjohen\"}]},{\"@type\":\"WebSite\",\"@id\":\"https:\\\/\\\/fjala.info\\\/2009-2015\\\/#website\",\"url\":\"https:\\\/\\\/fjala.info\\\/2009-2015\\\/\",\"name\":\"FjALA e LIR\u00cb - Arkivi\",\"description\":\"Arkivi 2009-2015\",\"publisher\":{\"@id\":\"https:\\\/\\\/fjala.info\\\/2009-2015\\\/#organization\"},\"potentialAction\":[{\"@type\":\"SearchAction\",\"target\":{\"@type\":\"EntryPoint\",\"urlTemplate\":\"https:\\\/\\\/fjala.info\\\/2009-2015\\\/?s={search_term_string}\"},\"query-input\":{\"@type\":\"PropertyValueSpecification\",\"valueRequired\":true,\"valueName\":\"search_term_string\"}}],\"inLanguage\":\"sq-AL\"},{\"@type\":\"Organization\",\"@id\":\"https:\\\/\\\/fjala.info\\\/2009-2015\\\/#organization\",\"name\":\"FjALA e LIR\u00cb - Arkivi\",\"url\":\"https:\\\/\\\/fjala.info\\\/2009-2015\\\/\",\"logo\":{\"@type\":\"ImageObject\",\"inLanguage\":\"sq-AL\",\"@id\":\"https:\\\/\\\/fjala.info\\\/2009-2015\\\/#\\\/schema\\\/logo\\\/image\\\/\",\"url\":\"\",\"contentUrl\":\"\",\"caption\":\"FjALA e LIR\u00cb - Arkivi\"},\"image\":{\"@id\":\"https:\\\/\\\/fjala.info\\\/2009-2015\\\/#\\\/schema\\\/logo\\\/image\\\/\"}},{\"@type\":\"Person\",\"@id\":\"https:\\\/\\\/fjala.info\\\/2009-2015\\\/#\\\/schema\\\/person\\\/3aa1163ef05469c496fc94e77611ada2\",\"name\":\"admin\",\"image\":{\"@type\":\"ImageObject\",\"inLanguage\":\"sq-AL\",\"@id\":\"https:\\\/\\\/fjala.info\\\/2009-2015\\\/wp-content\\\/uploads\\\/2012\\\/02\\\/arben_cokaj-120x150.jpg\",\"url\":\"https:\\\/\\\/fjala.info\\\/2009-2015\\\/wp-content\\\/uploads\\\/2012\\\/02\\\/arben_cokaj-120x150.jpg\",\"contentUrl\":\"https:\\\/\\\/fjala.info\\\/2009-2015\\\/wp-content\\\/uploads\\\/2012\\\/02\\\/arben_cokaj-120x150.jpg\",\"caption\":\"admin\"},\"description\":\"Admin, Fjala e Lir\u00eb\",\"sameAs\":[\"https:\\\/\\\/fjala.info\\\/\"],\"url\":\"https:\\\/\\\/fjala.info\\\/2009-2015\\\/author\\\/admin\\\/\"}]}<\/script>\n<!-- \/ Yoast SEO plugin. -->","yoast_head_json":{"title":"Zemr\u00ebs se njeriut i duhen dy gj\u00ebra: e drejta dhe fuqia, nj\u00ebra pa tjetr\u00ebn fort rrall\u00eb d\u00ebgjohen - FjALA e LIR\u00cb - Arkivi","robots":{"index":"index","follow":"follow","max-snippet":"max-snippet:-1","max-image-preview":"max-image-preview:large","max-video-preview":"max-video-preview:-1"},"canonical":"https:\/\/fjala.info\/2009-2015\/zemres-se-njeriut-i-duhen-dy-gjera-e-drejta-dhe-fuqia-njera-pa-tjetren-fort-rralle-degjohen\/","og_locale":"sq_AL","og_type":"article","og_title":"Zemr\u00ebs se njeriut i duhen dy gj\u00ebra: e drejta dhe fuqia, nj\u00ebra pa tjetr\u00ebn fort rrall\u00eb d\u00ebgjohen - FjALA e LIR\u00cb - Arkivi","og_description":"Nga Miradije Gashi, Stuttgart Nj\u00eb dit\u00eb tek po sh\u00ebtisja me f\u00ebmij\u00ebt e mi parqeve t\u00eb bukura t\u00eb Killesbergut, vend ky shum\u00eb i frekuentuar nga qytetar\u00ebt e Stuttgartit, sidomos nga banoret e pjes\u00ebs veriore te k\u00ebti qyteti. Bregores s\u00eb madhe e t\u00eb gjelbruara nga rrezet e diellit pranveror defilonin grupe-grupe njer\u00ebzish, t\u00eb cil\u00ebt g\u00ebzuesh\u00ebm qeshnin e [&hellip;]","og_url":"https:\/\/fjala.info\/2009-2015\/zemres-se-njeriut-i-duhen-dy-gjera-e-drejta-dhe-fuqia-njera-pa-tjetren-fort-rralle-degjohen\/","og_site_name":"FjALA e LIR\u00cb - Arkivi","article_published_time":"2012-04-12T06:20:58+00:00","og_image":[{"url":"http:\/\/www.shkoder.net\/2012\/miradije_gashi.jpg","type":"","width":"","height":""}],"author":"admin","twitter_card":"summary_large_image","twitter_misc":{"Written by":"admin","Est. reading time":"4 minutes"},"schema":{"@context":"https:\/\/schema.org","@graph":[{"@type":"Article","@id":"https:\/\/fjala.info\/2009-2015\/zemres-se-njeriut-i-duhen-dy-gjera-e-drejta-dhe-fuqia-njera-pa-tjetren-fort-rralle-degjohen\/#article","isPartOf":{"@id":"https:\/\/fjala.info\/2009-2015\/zemres-se-njeriut-i-duhen-dy-gjera-e-drejta-dhe-fuqia-njera-pa-tjetren-fort-rralle-degjohen\/"},"author":{"name":"admin","@id":"https:\/\/fjala.info\/2009-2015\/#\/schema\/person\/3aa1163ef05469c496fc94e77611ada2"},"headline":"Zemr\u00ebs se njeriut i duhen dy gj\u00ebra: e drejta dhe fuqia, nj\u00ebra pa tjetr\u00ebn fort rrall\u00eb d\u00ebgjohen","datePublished":"2012-04-12T06:20:58+00:00","mainEntityOfPage":{"@id":"https:\/\/fjala.info\/2009-2015\/zemres-se-njeriut-i-duhen-dy-gjera-e-drejta-dhe-fuqia-njera-pa-tjetren-fort-rralle-degjohen\/"},"wordCount":805,"commentCount":0,"publisher":{"@id":"https:\/\/fjala.info\/2009-2015\/#organization"},"image":{"@id":"https:\/\/fjala.info\/2009-2015\/zemres-se-njeriut-i-duhen-dy-gjera-e-drejta-dhe-fuqia-njera-pa-tjetren-fort-rralle-degjohen\/#primaryimage"},"thumbnailUrl":"http:\/\/www.shkoder.net\/2012\/miradije_gashi.jpg","articleSection":["Artikuj"],"inLanguage":"sq-AL","potentialAction":[{"@type":"CommentAction","name":"Comment","target":["https:\/\/fjala.info\/2009-2015\/zemres-se-njeriut-i-duhen-dy-gjera-e-drejta-dhe-fuqia-njera-pa-tjetren-fort-rralle-degjohen\/#respond"]}]},{"@type":"WebPage","@id":"https:\/\/fjala.info\/2009-2015\/zemres-se-njeriut-i-duhen-dy-gjera-e-drejta-dhe-fuqia-njera-pa-tjetren-fort-rralle-degjohen\/","url":"https:\/\/fjala.info\/2009-2015\/zemres-se-njeriut-i-duhen-dy-gjera-e-drejta-dhe-fuqia-njera-pa-tjetren-fort-rralle-degjohen\/","name":"Zemr\u00ebs se njeriut i duhen dy gj\u00ebra: e drejta dhe fuqia, nj\u00ebra pa tjetr\u00ebn fort rrall\u00eb d\u00ebgjohen - FjALA e LIR\u00cb - Arkivi","isPartOf":{"@id":"https:\/\/fjala.info\/2009-2015\/#website"},"primaryImageOfPage":{"@id":"https:\/\/fjala.info\/2009-2015\/zemres-se-njeriut-i-duhen-dy-gjera-e-drejta-dhe-fuqia-njera-pa-tjetren-fort-rralle-degjohen\/#primaryimage"},"image":{"@id":"https:\/\/fjala.info\/2009-2015\/zemres-se-njeriut-i-duhen-dy-gjera-e-drejta-dhe-fuqia-njera-pa-tjetren-fort-rralle-degjohen\/#primaryimage"},"thumbnailUrl":"http:\/\/www.shkoder.net\/2012\/miradije_gashi.jpg","datePublished":"2012-04-12T06:20:58+00:00","breadcrumb":{"@id":"https:\/\/fjala.info\/2009-2015\/zemres-se-njeriut-i-duhen-dy-gjera-e-drejta-dhe-fuqia-njera-pa-tjetren-fort-rralle-degjohen\/#breadcrumb"},"inLanguage":"sq-AL","potentialAction":[{"@type":"ReadAction","target":["https:\/\/fjala.info\/2009-2015\/zemres-se-njeriut-i-duhen-dy-gjera-e-drejta-dhe-fuqia-njera-pa-tjetren-fort-rralle-degjohen\/"]}]},{"@type":"ImageObject","inLanguage":"sq-AL","@id":"https:\/\/fjala.info\/2009-2015\/zemres-se-njeriut-i-duhen-dy-gjera-e-drejta-dhe-fuqia-njera-pa-tjetren-fort-rralle-degjohen\/#primaryimage","url":"http:\/\/www.shkoder.net\/2012\/miradije_gashi.jpg","contentUrl":"http:\/\/www.shkoder.net\/2012\/miradije_gashi.jpg"},{"@type":"BreadcrumbList","@id":"https:\/\/fjala.info\/2009-2015\/zemres-se-njeriut-i-duhen-dy-gjera-e-drejta-dhe-fuqia-njera-pa-tjetren-fort-rralle-degjohen\/#breadcrumb","itemListElement":[{"@type":"ListItem","position":1,"name":"Home","item":"https:\/\/fjala.info\/2009-2015\/"},{"@type":"ListItem","position":2,"name":"Zemr\u00ebs se njeriut i duhen dy gj\u00ebra: e drejta dhe fuqia, nj\u00ebra pa tjetr\u00ebn fort rrall\u00eb d\u00ebgjohen"}]},{"@type":"WebSite","@id":"https:\/\/fjala.info\/2009-2015\/#website","url":"https:\/\/fjala.info\/2009-2015\/","name":"FjALA e LIR\u00cb - Arkivi","description":"Arkivi 2009-2015","publisher":{"@id":"https:\/\/fjala.info\/2009-2015\/#organization"},"potentialAction":[{"@type":"SearchAction","target":{"@type":"EntryPoint","urlTemplate":"https:\/\/fjala.info\/2009-2015\/?s={search_term_string}"},"query-input":{"@type":"PropertyValueSpecification","valueRequired":true,"valueName":"search_term_string"}}],"inLanguage":"sq-AL"},{"@type":"Organization","@id":"https:\/\/fjala.info\/2009-2015\/#organization","name":"FjALA e LIR\u00cb - Arkivi","url":"https:\/\/fjala.info\/2009-2015\/","logo":{"@type":"ImageObject","inLanguage":"sq-AL","@id":"https:\/\/fjala.info\/2009-2015\/#\/schema\/logo\/image\/","url":"","contentUrl":"","caption":"FjALA e LIR\u00cb - Arkivi"},"image":{"@id":"https:\/\/fjala.info\/2009-2015\/#\/schema\/logo\/image\/"}},{"@type":"Person","@id":"https:\/\/fjala.info\/2009-2015\/#\/schema\/person\/3aa1163ef05469c496fc94e77611ada2","name":"admin","image":{"@type":"ImageObject","inLanguage":"sq-AL","@id":"https:\/\/fjala.info\/2009-2015\/wp-content\/uploads\/2012\/02\/arben_cokaj-120x150.jpg","url":"https:\/\/fjala.info\/2009-2015\/wp-content\/uploads\/2012\/02\/arben_cokaj-120x150.jpg","contentUrl":"https:\/\/fjala.info\/2009-2015\/wp-content\/uploads\/2012\/02\/arben_cokaj-120x150.jpg","caption":"admin"},"description":"Admin, Fjala e Lir\u00eb","sameAs":["https:\/\/fjala.info\/"],"url":"https:\/\/fjala.info\/2009-2015\/author\/admin\/"}]}},"_links":{"self":[{"href":"https:\/\/fjala.info\/2009-2015\/wp-json\/wp\/v2\/posts\/2468","targetHints":{"allow":["GET"]}}],"collection":[{"href":"https:\/\/fjala.info\/2009-2015\/wp-json\/wp\/v2\/posts"}],"about":[{"href":"https:\/\/fjala.info\/2009-2015\/wp-json\/wp\/v2\/types\/post"}],"author":[{"embeddable":true,"href":"https:\/\/fjala.info\/2009-2015\/wp-json\/wp\/v2\/users\/1"}],"replies":[{"embeddable":true,"href":"https:\/\/fjala.info\/2009-2015\/wp-json\/wp\/v2\/comments?post=2468"}],"version-history":[{"count":0,"href":"https:\/\/fjala.info\/2009-2015\/wp-json\/wp\/v2\/posts\/2468\/revisions"}],"wp:attachment":[{"href":"https:\/\/fjala.info\/2009-2015\/wp-json\/wp\/v2\/media?parent=2468"}],"wp:term":[{"taxonomy":"category","embeddable":true,"href":"https:\/\/fjala.info\/2009-2015\/wp-json\/wp\/v2\/categories?post=2468"},{"taxonomy":"post_tag","embeddable":true,"href":"https:\/\/fjala.info\/2009-2015\/wp-json\/wp\/v2\/tags?post=2468"}],"curies":[{"name":"wp","href":"https:\/\/api.w.org\/{rel}","templated":true}]}}