{"id":2465,"date":"2012-04-12T07:13:35","date_gmt":"2012-04-12T06:13:35","guid":{"rendered":"http:\/\/fjala.shkoder.net\/?p=2465"},"modified":"2012-04-12T07:13:35","modified_gmt":"2012-04-12T06:13:35","slug":"legjenda-vlonjate-ne-amerike","status":"publish","type":"post","link":"https:\/\/fjala.info\/2009-2015\/legjenda-vlonjate-ne-amerike\/","title":{"rendered":"Legjenda vlonjate n\u00eb Amerik\u00eb"},"content":{"rendered":"<p><img decoding=\"async\" class=\"alignleft size-thumbnail wp-image-7236\" title=\"Pierre-Pandeli Simsia\" src=\"http:\/\/www.shkoder.net\/images\/fjala\/pp_simsia.jpg\" alt=\"\" width=\"150\" \/> Autori: <strong>Pierre-Pandeli Simsia<\/strong><br \/>\nP\u00ebrgatiti p\u00ebr botim: Albert Zholi<br \/>\nKopertina &#8211; P\u00ebrkujdesja grafike: Lindita \u00c7alliku<\/p>\n<p><strong>Pjes\u00eb t\u00eb shk\u00ebputura nga libri: &#8220;Legjenda vlonjate n\u00eb Amerik\u00eb&#8221;<\/strong><\/p>\n<p>N\u00eb dit\u00ebt e para t\u00eb mb\u00ebrritjes sime familjarisht n\u00eb SH.B.A. t\u00eb vetmuar dhe pa p\u00ebrkrahje, shpesh her\u00eb pyesnimveten: \u201cKu jan\u00eb shqiptar\u00ebt e Amerik\u00ebs&#8230;?!\u201d<\/p>\n<p>Donim edhe ne t\u00eb njihnim e t\u00eb takonim gjakun ton\u00eb shqiptar.<br \/>\nPas disa koh\u00ebsh, n\u00ebp\u00ebrmjet disa shkrimeve q\u00eb m\u00eb botoheshin n\u00eb gazet\u00ebn shqiptaro-amerikane \u201cIllyria\u201d m\u2019u krijua mund\u00ebsia t\u00eb njihem me shok\u00eb, t\u00eb njohur e t\u00eb panjohur, q\u00eb m\u00eb von\u00eb shoq\u00ebria jon\u00eb kaloi edhe n\u00eb miq\u00ebsi.<\/p>\n<p>K\u00ebshtu ndodhi edhe n\u00eb vitin 2004. Pas nj\u00eb shkrimi t\u00eb botuar n\u00eb gazet\u00ebn New York Times nga gazetari i asaj gazete z. Wallace Schroeder, i cili sapo ishte kthyer nga Shqip\u00ebria, p\u00ebrshtypjen e mir\u00eb q\u00eb i la vendi yn\u00eb, nuk vonoi ta paraqes\u00eb edhe me fotografi n\u00eb at\u00eb gazet\u00eb, duke ia ngritur vlerat e larta turistike dhe historike q\u00eb ka vendi yn\u00eb, un\u00eb iu p\u00ebrgjigja atij gazetari me nj\u00eb shkrim falenderimi n\u00eb Gazet\u00ebn Shqiptaro-Amerikane \u201cILLYRIA&#8221;.<\/p>\n<p><img decoding=\"async\" class=\"aligncenter size-thumbnail wp-image-7236\" title=\"Dr. Selahedin Velaj\" src=\"http:\/\/www.shkoder.net\/2012\/selahedin_velaj_liber.jpg\" alt=\"\" width=\"500\" \/><\/p>\n<p>Ishte v\u00ebrtet nj\u00eb e papritur dhe fat i madh p\u00ebr mua kur shok\u00ebt e gazet\u00ebs Illyria, pas botimit t\u00eb shkrimit tim n\u00eb gazet\u00eb, m\u00eb njoftuan se nj\u00eb zot\u00ebri i nderuar i komunitetit ton\u00eb k\u00ebrkonte<br \/>\ntakim me mua. Gjat\u00eb bised\u00ebs me telefon, zot\u00ebria, p\u00ebrve\u00e7 urimit dhe falenderimit t\u00eb tij p\u00ebr shkrimin tim, m\u00eb propozoi, n\u00ebse mund ta lejoja, sipas bised\u00ebs q\u00eb kishte b\u00ebr\u00eb me gazetarin e NY Times, q\u00eb shkrimi im t\u00eb p\u00ebrkthehej n\u00eb gjuh\u00ebn angleze e t\u00eb botohej edhe n\u00eb at\u00eb gazet\u00eb prestigjioze, madje p\u00ebrkthimin e shkrimit e mori vet\u00eb p\u00ebrsip\u00ebr zot\u00ebria&#8230;<\/p>\n<p>N\u00eb fund kur mbaruam bised\u00ebn, m\u00eb thot\u00eb se d\u00ebshironte q\u00eb edhe t\u00eb takoheshim e t\u00eb njiheshim nga af\u00ebr me nj\u00ebri tjetrin. Lam\u00eb vendin dhe or\u00ebn p\u00ebr t\u2019u takuar&#8230;<\/p>\n<p>Nj\u00eb burr\u00eb i gjat\u00eb, i mbajtur mir\u00eb, inteligjent, ku fisnik\u00ebria i lexohej qart\u00eb n\u00eb pamjen e tij t\u00eb jashtme&#8230; Ishte prezantimi i par\u00eb me at\u00eb burr\u00eb q\u00eb e takoja p\u00ebr her\u00eb t\u00eb par\u00eb.<br \/>\nGjat\u00eb bised\u00ebs, m\u00eb foli edhe p\u00ebr emigracionin, emigrant\u00ebt e hersh\u00ebm t\u00eb ardhur n\u00eb Sh.B.A. p\u00ebr pun\u00ebn dhe aktivitetin e tyre&#8230;<\/p>\n<p>E kuptova, nd\u00ebrsa fliste shum\u00eb p\u00ebr ta, e kishte t\u00eb v\u00ebshtir\u00eb t\u00eb fliste p\u00ebr veten e tij.<br \/>\nKjo m\u00eb shtyu edhe m\u00eb tep\u00ebr kureshtjen t\u00eb m\u00ebsoja m\u00eb shum\u00eb rreth atij njeriu inteligjent, q\u00eb shpesh her\u00eb bised\u00ebn e tij e shoq\u00ebronte edhe me humor, atij burri t\u00eb nderuar q\u00eb kishte 60- t\u00eb vite larguar nga atdheu yn\u00eb dhe fliste past\u00ebr gjuh\u00ebn ton\u00eb t\u00eb bukur, shqipe.<\/p>\n<p>U ndjeva i lumtur n\u00eb ato \u00e7astet e para t\u00eb njohjes me t\u00eb dhe gjat\u00eb gjith\u00eb koh\u00ebs q\u00eb biseduam.<br \/>\nNjeri i zgjuar, me kultur\u00eb q\u00eb ka lexuar shum\u00eb, biznesmen i suksessh\u00ebm n\u00eb kompanin\u00eb New York Life. Nuk ka qen\u00eb an\u00ebtar i ndonj\u00eb partie politike. Partia e tij ka qen\u00eb vet\u00ebm Shqip\u00ebria, Kombi Shqiptar, \u00e7\u00ebshtja shqiptare, patriotizmi, shqet\u00ebsimi i tij prej qytetari p\u00ebr fatet e Shqip\u00ebris\u00eb&#8230;<br \/>\nEdhe pse shum\u00eb vite i larguar nga atdheu m\u00ebm\u00eb, Shqip\u00ebria, mendja dhe zemra e tij vazhdojn\u00eb ende t\u00eb punojn\u00eb dhe t\u00eb mendojn\u00eb p\u00ebr m\u00ebm\u00ebdheun.<\/p>\n<p><strong>Selahedin Velaj<\/strong>!<\/p>\n<p>Em\u00ebr i nderuar dhe i respektuar me origjin\u00eb nga Kanina e Vlor\u00ebs, tashm\u00eb \u00ebsht\u00eb m\u00eb se i njohur; jo vet\u00ebm p\u00ebr ata q\u00eb i njohin trash\u00ebgimtar\u00ebt e atij fisi, por edhe lexuesit e shumt\u00eb brenda dhe jasht\u00eb Shqip\u00ebris\u00eb. Nuk besoj se ka njeri sot n\u00eb komunitetin ton\u00eb n\u00eb Sh. B. A. t\u00eb mos e njoh\u00eb k\u00ebt\u00eb em\u00ebr t\u00eb nderuar.<\/p>\n<p>Veprimtar i zjarrt\u00eb, antikomunist dhe atdhetar i flakt\u00eb q\u00eb gjith\u00eb jet\u00ebn e tij n\u00eb emigracion ia ka kushtuar \u00e7\u00ebshtjes shqiptare dhe mbrojtjes s\u00eb saj, nj\u00eb nd\u00ebr emigrant\u00ebt e hersh\u00ebm politik i ardhur n\u00eb SH.B.A.<\/p>\n<p>Burr\u00eb i respektuar nga t\u00eb gjith\u00eb an\u00ebtar\u00ebt e Komunitetit Shqiptar n\u00eb Amerik\u00eb, inkurajues, ku i jepej fjala e mbajtjes n\u00eb mitingjet, tubimet dhe demonstratat e ndryshme q\u00eb organizonte komuniteti n\u00eb at\u00eb koh\u00eb p\u00ebr \u00e7\u00ebshtjet e ndryshme shqiptare.<\/p>\n<p>P\u00ebr shum\u00eb koh\u00eb emri i tij u ndalua t\u00eb g\u00ebrm\u00ebzohej n\u00eb Shqip\u00ebri. I shpallur si \u201carmik\u201d nga regjimi komunist, jo vet\u00ebm Selahedin Velaj, por gjith\u00eb t\u00eb af\u00ebrmit e tij do t\u00eb ishin n\u00eb qend\u00ebr t\u00eb persekutimeve t\u00eb gjata, deri gati n\u00eb shfarosje t\u00eb mbiemrit.<\/p>\n<p>Megjithat\u00eb, dhimbja dhe malli do ta b\u00ebnin m\u00eb t\u00eb fort\u00eb.<br \/>\nN\u00eb Shqip\u00ebri, v\u00ebllai i tij i madh, Hulusi, i cili n\u00eb at\u00eb koh\u00eb ishte n\u00ebndrejtor i Bank\u00ebs Komb\u00ebtare n\u00eb Vlor\u00eb, u akuzua nga regjimi komunist si bashk\u00ebpun\u00ebtor me amerikan\u00ebt. P\u00ebr k\u00ebt\u00eb<br \/>\nakuz\u00eb ai u pushkatua n\u00eb mosh\u00ebn 38-vje\u00e7are.<\/p>\n<p>V\u00ebllai tjet\u00ebr, i mesmi, Petriti, vuajti 37 vjet n\u00eb burgjet dhe fushat shfaros\u00ebse komuniste shqiptare. \u00cbsht\u00eb quajtur si i burgosuri Nr. 2 me gjat\u00ebsi burgimi pas Mandel\u00ebs s\u00eb Afrik\u00ebs, ku m\u00eb von\u00eb Vlora i dha titullin \u201cMandela i Shqip\u00ebris\u00eb\u201d.<br \/>\nNd\u00ebrsa v\u00ebllai tjet\u00ebr i vog\u00ebl, Fehmiu, vuajti m\u00eb tep\u00ebr se 15 vjet burg, ku n\u00eb trupin e tij u p\u00ebrdor\u00ebn torturat nga m\u00eb \u00e7njer\u00ebzoret.<\/p>\n<p>T\u00eb njihesh me doktorin e nderuar, Selahedin Velaj, \u00ebsht\u00eb nj\u00eb fat dhe privilegj i madh, jo vet\u00ebm se ai \u00ebsht\u00eb nj\u00eb arkiv i t\u00ebr\u00eb, personalitet q\u00eb duhet t\u00eb ndri\u00e7ohet dhe t\u00eb \u00e7mohet, por ai<br \/>\nnjeri, me \u201cmagjin\u00eb\u201d dhe humorin e tij ta largon druajtjen dhe emocionin n\u00ebse t\u00eb kan\u00eb pushtuar n\u00eb ato \u00e7astet e para t\u00eb takimit me t\u00eb. Gjat\u00eb bised\u00ebs me Dr. Velaj-n nuk ke si t\u00eb hesht\u00ebsh kur m\u00ebson p\u00ebr at\u00eb njeri antikomunist, larguar nga atdheu p\u00ebr m\u00eb tep\u00ebr se 60-t\u00eb vjet, njeri me vlera t\u00eb rralla njer\u00ebzore, humanitar me zem\u00ebr t\u00eb madhe, njeriu q\u00eb ndihmoi p\u00ebr hapjen e shkollave shqipe n\u00eb disa lagje t\u00eb Nju Jorkut, njeriu q\u00eb u b\u00eb edhe vatra e shum\u00eb emigrant\u00ebve shqiptar\u00eb t\u00eb ardhur n\u00eb Sh.B.A&#8230;<\/p>\n<p>Malli i madh p\u00ebr familjen q\u00eb e la n\u00eb Shqip\u00ebri, prind\u00ebrit, motr\u00ebn, v\u00ebllez\u00ebrit, njer\u00ebzit, miqt\u00eb shok\u00ebt, gjith\u00eb t\u00eb af\u00ebrmit q\u00eb i la pas, Vlor\u00ebn, vendlindjen e tij t\u00eb shtrenjt\u00eb, i digjte si vullkan, q\u00eb nuk kishte det dhe oqean t\u2019ia shuante at\u00eb mall.<\/p>\n<p>Sa her\u00eb ai njeri i mir\u00eb, i mall\u00ebngjyer p\u00ebr tok\u00eb shqiptare, kishte shkuar nga Amerika e larg\u00ebt n\u00eb brigjet e Adriatikut, pran\u00eb Otrantos, p\u00ebrball\u00eb Shqip\u00ebris\u00eb p\u00ebr t\u00eb shuar sado pak at\u00eb mall, me shpres\u00ebn se mos shihte tej n\u00eb horizont Vlor\u00ebn, Kanin\u00ebn, Llogoran\u00eb, malet shqiptare&#8230; Asnj\u00ebher\u00eb nuk mundi t\u00eb shihte nj\u00eb pjes\u00eb tok\u00eb shqiptare nga ato brigje.<\/p>\n<p>P\u00ebr t\u00eb realizuar at\u00eb d\u00ebshir\u00eb, mallin q\u00eb e ngacmonte dhe q\u00eb nuk e linte t\u00eb qet\u00eb edhe n\u00eb gjum\u00eb kur flinte, Selahedin Velaj mendoi di\u00e7ka tjet\u00ebr. Shkoi si turist n\u00eb ishullin Korfuz n\u00eb Greqi, vet\u00ebm e vet\u00ebm p\u00ebr t\u00eb par\u00eb pak tok\u00eb shqiptare. Dhe v\u00ebrtet, fati i trokiti, jo vet\u00ebm n\u00eb der\u00eb, por edhe n\u00eb shpirtin e tij t\u00eb p\u00ebrv\u00ebluar.<\/p>\n<p>Nj\u00eb m\u00ebngjes, mes mjegull\u00ebs s\u00eb leht\u00eb t\u00eb detit Jon, p\u00ebrball\u00eb Korfuzit iu shfaq profili i qytetit bregdetar shqiptar, Saranda.<\/p>\n<p>Pa e kontrolluar dot veten, nga ajo d\u00ebshir\u00eb dhe mall i zjarrt\u00eb i shum\u00ebpritur, mes atij g\u00ebzimi dhe pamjes q\u00eb iu duk hyjnore, u \u00e7ua n\u00eb k\u00ebmb\u00eb, me trupin q\u00eb i dridhej nga emocionet dhe g\u00ebzimi, me sy t\u00eb p\u00ebrlotur, kishte b\u00ebrtitur: \u201cJa Shqip\u00ebria ime e bekuar&#8230;\u201d sa q\u00eb edhe turist\u00ebt e tjer\u00eb t\u00eb shumt\u00eb p\u00ebrreth tij, ishin habitur me at\u00eb veprim t\u00eb tij.<\/p>\n<p><strong>Epilog<\/strong><\/p>\n<p>Q\u00eb kur u njoha p\u00ebr her\u00eb t\u00eb par\u00eb me Dr. Selahedin Velaj dhe gjat\u00eb viteve n\u00eb vazhdim, si njeri, si bashkatdhetar, humanitar, patriot&#8230; gjithmon\u00eb m\u00eb ka ngacmuar si nj\u00eb lim\u00eb e bezdisshme n\u00eb nd\u00ebrgjegjen time ndjenja dhe d\u00ebshira t\u00eb shkruaja p\u00ebr t\u00eb. Nj\u00eb z\u00eb i brendsh\u00ebm shpirt\u00ebror m\u00eb fliste shpesh t\u00eb b\u00ebja at\u00eb, q\u00eb vet\u00eb Dr. Velaj e ka t\u00eb v\u00ebshtir\u00eb t\u00eb flas\u00eb e t\u00eb shkruaj\u00eb p\u00ebr veten e tij. Ai gjithmon\u00eb ka ditur t\u00eb zgjedh\u00eb heshtjen.<\/p>\n<p>Heshtja e tij&#8230; ! Gjith\u00eb jet\u00ebn, Dr. Selahedin Velaj ka punuar p\u00ebr Kombin Shqiptar n\u00eb heshtje, pa e ngritur z\u00ebrin t\u00eb reklamonte e ta d\u00ebgjonin t\u00eb tjer\u00ebt at\u00eb q\u00eb ai e b\u00ebnte me vet\u00ebmohim dhe dashuri, me sakrifica, me p\u00ebrkushtim&#8230;<\/p>\n<p>Por edhe n\u00ebse Dr. Velaj zgjedh heshtjen, jan\u00eb faktet historike ato q\u00eb nuk heshtin, jan\u00eb puna dhe vepra e tij madhore n\u00eb sh\u00ebrbim t\u00eb Kombit, jan\u00eb bashkatdhetar\u00ebt, jan\u00eb arkivat e VATR\u00cbS ku Dr. Selahedin Velaj ka dh\u00ebn\u00eb nj\u00eb kontribut t\u00eb madh n\u00eb rritjen dhe jet\u00ebgjat\u00ebsin\u00eb e saj si nd\u00ebr an\u00ebtar\u00ebt e Kryesis\u00eb s\u00eb Vatr\u00ebs, si Kryetar i Deg\u00ebs s\u00eb Vatr\u00ebs p\u00ebr dy vjet n\u00eb Nju Jork, \u00ebsht\u00eb vet\u00eb vepra e tij madhore brilante patriotike, jan\u00eb shoqatat dhe njer\u00ebzit e ndrysh\u00ebm n\u00eb nevoj\u00eb ekonomike ato q\u00eb nuk heshtin kur Dr. Velaj u \u00ebsht\u00eb gjendur pran\u00eb duke i ndihmuar n\u00eb \u00e7astet e tyre m\u00eb t\u00eb v\u00ebshtira, jan\u00eb \u201carkivat\u201d n\u00eb mendjet dhe zemrat e bashkatdhetar\u00ebve q\u00eb e kan\u00eb njohur dhe q\u00eb vazhdojn\u00eb ta njohin nga af\u00ebr at\u00eb burr\u00eb kolos t\u00eb ndritur t\u00eb shqiptarizm\u00ebs.<\/p>\n<p>Dr. Velaj sot \u00ebsht\u00eb nj\u00eb burr\u00eb i mbajtur mir\u00eb fizikisht. Fisnik\u00ebria vazhdon akoma t\u00eb lexohet n\u00eb fytyr\u00ebn e tij. Edhe pse mosha b\u00ebn t\u00eb vet\u00ebn, n\u00eb rrudhat e tij mbi ball\u00eb, n\u00eb flok\u00ebt e tij t\u00eb zbardhur, ne shohim vitet e kaluara t\u00eb jet\u00ebs s\u00eb tij, merakun p\u00ebr vendin dhe popullin e tij, qet\u00ebsin\u00eb e tij shpirt\u00ebrore, q\u00eb m\u00eb n\u00eb fund Shqip\u00ebria u \u00e7lirua nga vampiri komunist, q\u00eb Kosova fitoi nj\u00ebher\u00eb e p\u00ebrgjithmon\u00eb lirin\u00eb e p\u00ebrjetshme, q\u00eb s\u00eb shpejti edhe \u00c7am\u00ebria t\u00eb \u00e7lirohet nj\u00ebher\u00eb e p\u00ebrgjithmon\u00eb e t\u00eb marr\u00eb frym\u00eb lirisht.<\/p>\n<p><strong>Heshtja e Dr. Velaj-t!<\/strong><br \/>\nNuk mund t\u00eb rri pa p\u00ebrmendur edhe nj\u00eb fakt: N\u00eb vitin 2005 i shpreha d\u00ebshir\u00ebn time Dr. Velaj-t t\u00eb b\u00ebnim nj\u00eb bashk\u00ebbisedim (intervist\u00eb) nj\u00eb p\u00ebrmbledhje t\u00eb jet\u00ebs s\u00eb tij n\u00eb emigracion p\u00ebr t\u2019a botuar n\u00eb gazet\u00ebn Shqiptaro-Amerikane ILLYRIA k\u00ebtu n\u00eb New York. M\u00eb fal\u00ebnderoi p\u00ebr \u00e7\u2019far\u00eb i k\u00ebrkova, por m\u00eb refuzoi, duke m\u00eb th\u00ebn\u00eb disa arsye q\u00eb mua nuk m\u00eb bind\u00ebn. (\u201carsyet\u201d e tij ishin, sepse nuk donte t\u00eb publikonte ato q\u00eb kishte b\u00ebr\u00eb&#8230; i dukej si mburrje p\u00ebrpara bashkatdhetar\u00ebve t\u00eb tij&#8230;)<\/p>\n<p>Dit\u00ebt n\u00eb vazhdim, me insistimin tim, e \u201cbinda\u201d dhe lam\u00eb vendin e takimit. Pas disa dit\u00ebsh, kur shkrim-intervist\u00ebn e kisha p\u00ebrfunduar dhe ishte gati p\u00ebr t\u2019u botuar n\u00eb gazet\u00eb, Dr. Velaj m\u00eb njofton q\u00eb t\u00eb mos e d\u00ebrgoja p\u00ebr botim shkrimin dhe, p\u00ebr t\u2019u bindur n\u00eb vendosm\u00ebrin\u00eb e tij dhe n\u00eb d\u00ebshir\u00ebn dhe insistimin tim, n\u00eb t\u00eb nj\u00ebjt\u00ebn koh\u00eb u kishte telefonuar edhe punonj\u00ebsve t\u00eb gazet\u00ebs ILLYRIA q\u00eb t\u00eb mos e botonin n\u00eb gazet\u00eb d\u00ebrges\u00ebn time.<\/p>\n<p>Vetkputohet, nuk u ndjeva mir\u00eb, por un\u00eb kisha q\u00ebllimin tim ta realizoja at\u00eb q\u00eb doja. Edhe pse nuk u botua n\u00eb gazet\u00ebn ILLYRIA, shkrimin bashk\u00eb me intervist\u00ebn me Dr. Selahedinin t\u00eb shoq\u00ebruara edhe me disa foto ia d\u00ebrgova shtypit t\u00eb pavarur n\u00eb Shqip\u00ebri, ku edhe u botua, madje u botua edhe n\u00eb disa gazeta evropiane ku ka shqiptar\u00eb dhe n\u00eb web site dhe gruplista t\u00eb ndryshme n\u00eb internet&#8230;<\/p>\n<p>Edhe pse jeta me t\u00eb papriturat e saja e goditi pam\u00ebshirsh\u00ebm familjen dhe shpirtin e tij, duke i shkaktuar dhimbjen m\u00eb t\u00eb madhe q\u00eb mund t\u00eb ndjej\u00eb nj\u00eb prind p\u00ebr humbjen e f\u00ebmij\u00ebs s\u00eb tij, Dr. Selahedin Velaj, me virtytet e tij t\u00eb larta burr\u00ebrore, me dashurin\u00eb p\u00ebr atdheun e tij dhe tonin bashk\u00eb, me patriotizmin q\u00eb e karakterizon, vazhdon t\u00eb ndjej\u00eb dhimbje n\u00eb \u00e7do koh\u00eb, kur m\u00ebson p\u00ebr politikat e mbrapshta, pabesit\u00eb dhe shantazhet, dinak\u00ebrin\u00eb e shteteve fqinje ndaj Shqip\u00ebris\u00eb dhe \u00ebndrrat e tyre t\u00eb vjetruara dhe mjerane, cop\u00ebtimin e territorit shqiptar.<\/p>\n<p>K\u00ebshtu ndodhi edhe muajt e fundit, kur Dr. Selahedin Velaj, ishte nism\u00ebtari dhe organizatori i takimit me intelektual\u00eb t\u00eb ndrysh\u00ebm q\u00eb jetojn\u00eb n\u00eb Nju Jork, ku diskutuam p\u00ebr pretendimet territoriale dhe detare q\u00eb shtetet fqinje kan\u00eb ndaj vendit ton\u00eb.<\/p>\n<p>Ishte Dr. Velaj ai q\u00eb propozoi n\u00eb at\u00eb takim p\u00ebr t\u2019i d\u00ebrguar nj\u00eb peticionin Parlamentit Evropian, Qeveris\u00eb Shqiptare, q\u00eb edhe ajo, n\u00ebp\u00ebrmjet eurodeputet\u00ebve q\u00eb p\u00ebrfaq\u00ebsojn\u00eb Shqip\u00ebrin\u00eb n\u00eb Parlamentin Evropian, ta ngrej\u00eb z\u00ebrin e saj p\u00ebr k\u00ebto probleme, propozim ky, q\u00eb u pranua nga t\u00eb gjith\u00eb ne dhe peticioni u d\u00ebrgua.<\/p>\n<p>N\u00eb biseda t\u00eb ndryshme me njer\u00ebz q\u00eb e njohin Dr. Selahedinin t\u00eb thon\u00eb n\u00eb koinfidenc\u00eb se ai njeri \u00ebsht\u00eb Nderi i Komunitetit Shqiptar n\u00eb Amerik\u00eb, Nderi i Kombit ton\u00eb. Dhe nuk ka si t\u00eb jet\u00eb ndryshe kaninioti Selahedin Velaj, legjenda vlonjate n\u00eb shqiptar\u00ebt e Amerik\u00ebs dhe n\u00eb mbar\u00eb Diaspor\u00ebn Shqiptare.<\/p>\n<p>Gjith\u00eb jeta, puna, vepra e tij, jan\u00eb histori, jan\u00eb muze, jan\u00eb thesaret e pa\u00e7mueshme q\u00eb ruhen n\u00eb at\u00eb muze p\u00ebr t\u00eb gjith\u00eb emigrant\u00ebt dhe mbar\u00eb shqiptar\u00ebt, p\u00ebr t\u00eb njohur bijt\u00eb e rrall\u00eb e t\u00eb ndersh\u00ebm t\u00eb Kombit ton\u00eb. Duke u njohur me jet\u00ebn, vuajtjet, aktivitetin e t\u00eb nderuarit Dr. Selahedin Velaj e kupton p\u00ebrs\u00ebri se bijt\u00eb e ndersh\u00ebm t\u00eb Shqip\u00ebris\u00eb jan\u00eb dhe do t\u00eb mbeten p\u00ebrher\u00eb t\u00eb nderuar. Dr. Selahedin Velaj, Simboli i Diaspor\u00ebs Shqiptare n\u00eb Sh.B.A. biri i shtrenjt\u00eb i shqiptaris\u00eb, nj\u00eb nd\u00ebr vatran\u00ebt e vjet\u00ebr q\u00eb ka dh\u00ebn\u00eb nj\u00eb kontribut t\u00eb \u00e7muar n\u00eb jet\u00ebgjat\u00ebsin\u00eb e saj duke b\u00ebr\u00eb edhe fushata p\u00ebr t\u00eb grumbulluar ndihma n\u00eb bashkatdhetar\u00eb p\u00ebr Vatr\u00ebn.<\/p>\n<p>Nj\u00eb nd\u00ebr rastet e shumt\u00eb, ka qen\u00eb edhe at\u00ebher\u00eb, kur grumbulloi nj\u00ebzet\u00eb mij\u00eb dollar\u00eb, shum\u00eb e madhe me kursin e asaj kohe, kur Kryetar i Vatr\u00ebs me qend\u00ebr n\u00eb Boston ka qen\u00eb zoti Pjet\u00ebr Lukaj. Njeri i angazhuar me pjes\u00ebmarrjen e tij fizike n\u00eb nismat dhe aktivitetet e ndryshme \u00ebsht\u00eb nd\u00ebr burrat e m\u00ebdhenj t\u00eb Diaspor\u00ebs Shqiptare n\u00eb Amerik\u00eb, nj\u00eb figur\u00eb e ndritur e Kombit ton\u00eb.<\/p>\n<p>Vlora heroike dhe historike, ajo vat\u00ebr e ndezur p\u00ebr liri, q\u00eb tregoi heroiz\u00ebm kund\u00ebr pushtuesit turq e deri tek heroizmi kund\u00ebr pushtuesit italian\u00eb, Vlora, vendlindja e Pavar\u00ebsis\u00eb<br \/>\ns\u00eb Shqip\u00ebris\u00eb dhe e Ismail Qemalit, qyteti bregdetar turistik dhe piktoresk, sigurisht, ndjehet krenare p\u00ebr birin e saj t\u00eb ndritur q\u00eb e lindi dhe e riti, burrin e nderuar Selahedin Velaj, si\u00e7 ndjehemi t\u00eb gjith\u00eb ne krenar\u00eb, pjes\u00ebtar\u00ebt e Komunitetit Shqiptar t\u00eb Amerik\u00ebs q\u00eb pat\u00ebm fatin e mir\u00eb t\u00eb kemi n\u00eb gjirin ton\u00eb doktorin e nderuar Selahedin Velaj, si\u00e7 ndjehet krenar\u00eb \u00e7do shqiptar kur m\u00ebson p\u00ebr aktivitetin patriotik humanitar t\u00eb tij, si\u00e7 ndjehet krenar\u00eb mbar\u00eb Kombi Shqiptar.<\/p>\n<p>Vepra patriotike e Dr. Selahedin Velaj-t, respekti dhe vler\u00ebsimi q\u00eb kan\u00eb bashkatdhetar\u00ebt p\u00ebr t\u00eb, vlejn\u00eb m\u00eb tep\u00ebr se nj\u00eb dekorat\u00eb mir\u00ebnjohjeje, se nj\u00eb titull i lart\u00eb nderi, q\u00eb duhet t\u2019i jepej nga instancat m\u00eb t\u00eb larta t\u00eb shtetit shqiptar. Titujt m\u00eb t\u00eb lart\u00eb t\u00eb nderit, Dr. Velaj i ka marr\u00eb prej koh\u00ebsh nga bashkatdhetar\u00ebt dhe mbar\u00eb shqiptar\u00ebt me dashurin\u00eb dhe respektin q\u00eb kan\u00eb ndaj tij p\u00ebr kontributin e tij t\u00eb p\u00ebrkushtuar.<\/p>\n<p>Faleminderit nga zemra Dr. Selahedin Velaj p\u00ebr \u00e7do gj\u00eb ka b\u00ebr\u00eb gjat\u00eb gjith\u00eb jet\u00ebs s\u00eb tij p\u00ebr Kombin Shqiptar dhe trojet shqiptare. Njer\u00ebz t\u00eb till\u00eb si Dr. Velaj patriot\u00eb t\u00eb zjarrt\u00eb mbeten p\u00ebrher\u00eb Nderi i Kombit.<br \/>\nJet\u00eb t\u00eb lumtur t\u00eb ket\u00eb p\u00ebrher\u00eb.<br \/>\nSuksese n\u00eb misionin e tij individual patriotik<\/p>\n","protected":false},"excerpt":{"rendered":"<p>Autori: Pierre-Pandeli Simsia P\u00ebrgatiti p\u00ebr botim: Albert Zholi Kopertina &#8211; P\u00ebrkujdesja grafike: Lindita \u00c7alliku Pjes\u00eb t\u00eb shk\u00ebputura nga libri: &#8220;Legjenda vlonjate n\u00eb Amerik\u00eb&#8221; N\u00eb dit\u00ebt e para t\u00eb mb\u00ebrritjes sime familjarisht n\u00eb SH.B.A. t\u00eb vetmuar dhe pa p\u00ebrkrahje, shpesh her\u00eb pyesnimveten: \u201cKu jan\u00eb shqiptar\u00ebt e Amerik\u00ebs&#8230;?!\u201d Donim edhe ne t\u00eb njihnim e t\u00eb takonim gjakun [&hellip;]<\/p>\n","protected":false},"author":1,"featured_media":0,"comment_status":"open","ping_status":"closed","sticky":false,"template":"","format":"standard","meta":{"footnotes":""},"categories":[2],"tags":[],"class_list":{"0":"post-2465","1":"post","2":"type-post","3":"status-publish","4":"format-standard","6":"category-artikuj"},"yoast_head":"<!-- This site is optimized with the Yoast SEO plugin v27.4 - https:\/\/yoast.com\/product\/yoast-seo-wordpress\/ -->\n<title>Legjenda vlonjate n\u00eb Amerik\u00eb - FjALA e LIR\u00cb - Arkivi<\/title>\n<meta name=\"robots\" content=\"index, follow, max-snippet:-1, max-image-preview:large, max-video-preview:-1\" \/>\n<link rel=\"canonical\" href=\"https:\/\/fjala.info\/2009-2015\/legjenda-vlonjate-ne-amerike\/\" \/>\n<meta property=\"og:locale\" content=\"sq_AL\" \/>\n<meta property=\"og:type\" content=\"article\" \/>\n<meta property=\"og:title\" content=\"Legjenda vlonjate n\u00eb Amerik\u00eb - FjALA e LIR\u00cb - Arkivi\" \/>\n<meta property=\"og:description\" content=\"Autori: Pierre-Pandeli Simsia P\u00ebrgatiti p\u00ebr botim: Albert Zholi Kopertina &#8211; P\u00ebrkujdesja grafike: Lindita \u00c7alliku Pjes\u00eb t\u00eb shk\u00ebputura nga libri: &#8220;Legjenda vlonjate n\u00eb Amerik\u00eb&#8221; N\u00eb dit\u00ebt e para t\u00eb mb\u00ebrritjes sime familjarisht n\u00eb SH.B.A. t\u00eb vetmuar dhe pa p\u00ebrkrahje, shpesh her\u00eb pyesnimveten: \u201cKu jan\u00eb shqiptar\u00ebt e Amerik\u00ebs&#8230;?!\u201d Donim edhe ne t\u00eb njihnim e t\u00eb takonim gjakun [&hellip;]\" \/>\n<meta property=\"og:url\" content=\"https:\/\/fjala.info\/2009-2015\/legjenda-vlonjate-ne-amerike\/\" \/>\n<meta property=\"og:site_name\" content=\"FjALA e LIR\u00cb - Arkivi\" \/>\n<meta property=\"article:published_time\" content=\"2012-04-12T06:13:35+00:00\" \/>\n<meta property=\"og:image\" content=\"http:\/\/www.shkoder.net\/images\/fjala\/pp_simsia.jpg\" \/>\n<meta name=\"author\" content=\"admin\" \/>\n<meta name=\"twitter:card\" content=\"summary_large_image\" \/>\n<meta name=\"twitter:label1\" content=\"Written by\" \/>\n\t<meta name=\"twitter:data1\" content=\"admin\" \/>\n\t<meta name=\"twitter:label2\" content=\"Est. reading time\" \/>\n\t<meta name=\"twitter:data2\" content=\"14 minutes\" \/>\n<script type=\"application\/ld+json\" class=\"yoast-schema-graph\">{\"@context\":\"https:\\\/\\\/schema.org\",\"@graph\":[{\"@type\":\"Article\",\"@id\":\"https:\\\/\\\/fjala.info\\\/2009-2015\\\/legjenda-vlonjate-ne-amerike\\\/#article\",\"isPartOf\":{\"@id\":\"https:\\\/\\\/fjala.info\\\/2009-2015\\\/legjenda-vlonjate-ne-amerike\\\/\"},\"author\":{\"name\":\"admin\",\"@id\":\"https:\\\/\\\/fjala.info\\\/2009-2015\\\/#\\\/schema\\\/person\\\/3aa1163ef05469c496fc94e77611ada2\"},\"headline\":\"Legjenda vlonjate n\u00eb Amerik\u00eb\",\"datePublished\":\"2012-04-12T06:13:35+00:00\",\"mainEntityOfPage\":{\"@id\":\"https:\\\/\\\/fjala.info\\\/2009-2015\\\/legjenda-vlonjate-ne-amerike\\\/\"},\"wordCount\":2739,\"commentCount\":0,\"publisher\":{\"@id\":\"https:\\\/\\\/fjala.info\\\/2009-2015\\\/#organization\"},\"image\":{\"@id\":\"https:\\\/\\\/fjala.info\\\/2009-2015\\\/legjenda-vlonjate-ne-amerike\\\/#primaryimage\"},\"thumbnailUrl\":\"http:\\\/\\\/www.shkoder.net\\\/images\\\/fjala\\\/pp_simsia.jpg\",\"articleSection\":[\"Artikuj\"],\"inLanguage\":\"sq-AL\",\"potentialAction\":[{\"@type\":\"CommentAction\",\"name\":\"Comment\",\"target\":[\"https:\\\/\\\/fjala.info\\\/2009-2015\\\/legjenda-vlonjate-ne-amerike\\\/#respond\"]}]},{\"@type\":\"WebPage\",\"@id\":\"https:\\\/\\\/fjala.info\\\/2009-2015\\\/legjenda-vlonjate-ne-amerike\\\/\",\"url\":\"https:\\\/\\\/fjala.info\\\/2009-2015\\\/legjenda-vlonjate-ne-amerike\\\/\",\"name\":\"Legjenda vlonjate n\u00eb Amerik\u00eb - FjALA e LIR\u00cb - Arkivi\",\"isPartOf\":{\"@id\":\"https:\\\/\\\/fjala.info\\\/2009-2015\\\/#website\"},\"primaryImageOfPage\":{\"@id\":\"https:\\\/\\\/fjala.info\\\/2009-2015\\\/legjenda-vlonjate-ne-amerike\\\/#primaryimage\"},\"image\":{\"@id\":\"https:\\\/\\\/fjala.info\\\/2009-2015\\\/legjenda-vlonjate-ne-amerike\\\/#primaryimage\"},\"thumbnailUrl\":\"http:\\\/\\\/www.shkoder.net\\\/images\\\/fjala\\\/pp_simsia.jpg\",\"datePublished\":\"2012-04-12T06:13:35+00:00\",\"breadcrumb\":{\"@id\":\"https:\\\/\\\/fjala.info\\\/2009-2015\\\/legjenda-vlonjate-ne-amerike\\\/#breadcrumb\"},\"inLanguage\":\"sq-AL\",\"potentialAction\":[{\"@type\":\"ReadAction\",\"target\":[\"https:\\\/\\\/fjala.info\\\/2009-2015\\\/legjenda-vlonjate-ne-amerike\\\/\"]}]},{\"@type\":\"ImageObject\",\"inLanguage\":\"sq-AL\",\"@id\":\"https:\\\/\\\/fjala.info\\\/2009-2015\\\/legjenda-vlonjate-ne-amerike\\\/#primaryimage\",\"url\":\"http:\\\/\\\/www.shkoder.net\\\/images\\\/fjala\\\/pp_simsia.jpg\",\"contentUrl\":\"http:\\\/\\\/www.shkoder.net\\\/images\\\/fjala\\\/pp_simsia.jpg\"},{\"@type\":\"BreadcrumbList\",\"@id\":\"https:\\\/\\\/fjala.info\\\/2009-2015\\\/legjenda-vlonjate-ne-amerike\\\/#breadcrumb\",\"itemListElement\":[{\"@type\":\"ListItem\",\"position\":1,\"name\":\"Home\",\"item\":\"https:\\\/\\\/fjala.info\\\/2009-2015\\\/\"},{\"@type\":\"ListItem\",\"position\":2,\"name\":\"Legjenda vlonjate n\u00eb Amerik\u00eb\"}]},{\"@type\":\"WebSite\",\"@id\":\"https:\\\/\\\/fjala.info\\\/2009-2015\\\/#website\",\"url\":\"https:\\\/\\\/fjala.info\\\/2009-2015\\\/\",\"name\":\"FjALA e LIR\u00cb - Arkivi\",\"description\":\"Arkivi 2009-2015\",\"publisher\":{\"@id\":\"https:\\\/\\\/fjala.info\\\/2009-2015\\\/#organization\"},\"potentialAction\":[{\"@type\":\"SearchAction\",\"target\":{\"@type\":\"EntryPoint\",\"urlTemplate\":\"https:\\\/\\\/fjala.info\\\/2009-2015\\\/?s={search_term_string}\"},\"query-input\":{\"@type\":\"PropertyValueSpecification\",\"valueRequired\":true,\"valueName\":\"search_term_string\"}}],\"inLanguage\":\"sq-AL\"},{\"@type\":\"Organization\",\"@id\":\"https:\\\/\\\/fjala.info\\\/2009-2015\\\/#organization\",\"name\":\"FjALA e LIR\u00cb - Arkivi\",\"url\":\"https:\\\/\\\/fjala.info\\\/2009-2015\\\/\",\"logo\":{\"@type\":\"ImageObject\",\"inLanguage\":\"sq-AL\",\"@id\":\"https:\\\/\\\/fjala.info\\\/2009-2015\\\/#\\\/schema\\\/logo\\\/image\\\/\",\"url\":\"\",\"contentUrl\":\"\",\"caption\":\"FjALA e LIR\u00cb - Arkivi\"},\"image\":{\"@id\":\"https:\\\/\\\/fjala.info\\\/2009-2015\\\/#\\\/schema\\\/logo\\\/image\\\/\"}},{\"@type\":\"Person\",\"@id\":\"https:\\\/\\\/fjala.info\\\/2009-2015\\\/#\\\/schema\\\/person\\\/3aa1163ef05469c496fc94e77611ada2\",\"name\":\"admin\",\"image\":{\"@type\":\"ImageObject\",\"inLanguage\":\"sq-AL\",\"@id\":\"https:\\\/\\\/fjala.info\\\/2009-2015\\\/wp-content\\\/uploads\\\/2012\\\/02\\\/arben_cokaj-120x150.jpg\",\"url\":\"https:\\\/\\\/fjala.info\\\/2009-2015\\\/wp-content\\\/uploads\\\/2012\\\/02\\\/arben_cokaj-120x150.jpg\",\"contentUrl\":\"https:\\\/\\\/fjala.info\\\/2009-2015\\\/wp-content\\\/uploads\\\/2012\\\/02\\\/arben_cokaj-120x150.jpg\",\"caption\":\"admin\"},\"description\":\"Admin, Fjala e Lir\u00eb\",\"sameAs\":[\"https:\\\/\\\/fjala.info\\\/\"],\"url\":\"https:\\\/\\\/fjala.info\\\/2009-2015\\\/author\\\/admin\\\/\"}]}<\/script>\n<!-- \/ Yoast SEO plugin. -->","yoast_head_json":{"title":"Legjenda vlonjate n\u00eb Amerik\u00eb - FjALA e LIR\u00cb - Arkivi","robots":{"index":"index","follow":"follow","max-snippet":"max-snippet:-1","max-image-preview":"max-image-preview:large","max-video-preview":"max-video-preview:-1"},"canonical":"https:\/\/fjala.info\/2009-2015\/legjenda-vlonjate-ne-amerike\/","og_locale":"sq_AL","og_type":"article","og_title":"Legjenda vlonjate n\u00eb Amerik\u00eb - FjALA e LIR\u00cb - Arkivi","og_description":"Autori: Pierre-Pandeli Simsia P\u00ebrgatiti p\u00ebr botim: Albert Zholi Kopertina &#8211; P\u00ebrkujdesja grafike: Lindita \u00c7alliku Pjes\u00eb t\u00eb shk\u00ebputura nga libri: &#8220;Legjenda vlonjate n\u00eb Amerik\u00eb&#8221; N\u00eb dit\u00ebt e para t\u00eb mb\u00ebrritjes sime familjarisht n\u00eb SH.B.A. t\u00eb vetmuar dhe pa p\u00ebrkrahje, shpesh her\u00eb pyesnimveten: \u201cKu jan\u00eb shqiptar\u00ebt e Amerik\u00ebs&#8230;?!\u201d Donim edhe ne t\u00eb njihnim e t\u00eb takonim gjakun [&hellip;]","og_url":"https:\/\/fjala.info\/2009-2015\/legjenda-vlonjate-ne-amerike\/","og_site_name":"FjALA e LIR\u00cb - Arkivi","article_published_time":"2012-04-12T06:13:35+00:00","og_image":[{"url":"http:\/\/www.shkoder.net\/images\/fjala\/pp_simsia.jpg","type":"","width":"","height":""}],"author":"admin","twitter_card":"summary_large_image","twitter_misc":{"Written by":"admin","Est. reading time":"14 minutes"},"schema":{"@context":"https:\/\/schema.org","@graph":[{"@type":"Article","@id":"https:\/\/fjala.info\/2009-2015\/legjenda-vlonjate-ne-amerike\/#article","isPartOf":{"@id":"https:\/\/fjala.info\/2009-2015\/legjenda-vlonjate-ne-amerike\/"},"author":{"name":"admin","@id":"https:\/\/fjala.info\/2009-2015\/#\/schema\/person\/3aa1163ef05469c496fc94e77611ada2"},"headline":"Legjenda vlonjate n\u00eb Amerik\u00eb","datePublished":"2012-04-12T06:13:35+00:00","mainEntityOfPage":{"@id":"https:\/\/fjala.info\/2009-2015\/legjenda-vlonjate-ne-amerike\/"},"wordCount":2739,"commentCount":0,"publisher":{"@id":"https:\/\/fjala.info\/2009-2015\/#organization"},"image":{"@id":"https:\/\/fjala.info\/2009-2015\/legjenda-vlonjate-ne-amerike\/#primaryimage"},"thumbnailUrl":"http:\/\/www.shkoder.net\/images\/fjala\/pp_simsia.jpg","articleSection":["Artikuj"],"inLanguage":"sq-AL","potentialAction":[{"@type":"CommentAction","name":"Comment","target":["https:\/\/fjala.info\/2009-2015\/legjenda-vlonjate-ne-amerike\/#respond"]}]},{"@type":"WebPage","@id":"https:\/\/fjala.info\/2009-2015\/legjenda-vlonjate-ne-amerike\/","url":"https:\/\/fjala.info\/2009-2015\/legjenda-vlonjate-ne-amerike\/","name":"Legjenda vlonjate n\u00eb Amerik\u00eb - FjALA e LIR\u00cb - Arkivi","isPartOf":{"@id":"https:\/\/fjala.info\/2009-2015\/#website"},"primaryImageOfPage":{"@id":"https:\/\/fjala.info\/2009-2015\/legjenda-vlonjate-ne-amerike\/#primaryimage"},"image":{"@id":"https:\/\/fjala.info\/2009-2015\/legjenda-vlonjate-ne-amerike\/#primaryimage"},"thumbnailUrl":"http:\/\/www.shkoder.net\/images\/fjala\/pp_simsia.jpg","datePublished":"2012-04-12T06:13:35+00:00","breadcrumb":{"@id":"https:\/\/fjala.info\/2009-2015\/legjenda-vlonjate-ne-amerike\/#breadcrumb"},"inLanguage":"sq-AL","potentialAction":[{"@type":"ReadAction","target":["https:\/\/fjala.info\/2009-2015\/legjenda-vlonjate-ne-amerike\/"]}]},{"@type":"ImageObject","inLanguage":"sq-AL","@id":"https:\/\/fjala.info\/2009-2015\/legjenda-vlonjate-ne-amerike\/#primaryimage","url":"http:\/\/www.shkoder.net\/images\/fjala\/pp_simsia.jpg","contentUrl":"http:\/\/www.shkoder.net\/images\/fjala\/pp_simsia.jpg"},{"@type":"BreadcrumbList","@id":"https:\/\/fjala.info\/2009-2015\/legjenda-vlonjate-ne-amerike\/#breadcrumb","itemListElement":[{"@type":"ListItem","position":1,"name":"Home","item":"https:\/\/fjala.info\/2009-2015\/"},{"@type":"ListItem","position":2,"name":"Legjenda vlonjate n\u00eb Amerik\u00eb"}]},{"@type":"WebSite","@id":"https:\/\/fjala.info\/2009-2015\/#website","url":"https:\/\/fjala.info\/2009-2015\/","name":"FjALA e LIR\u00cb - Arkivi","description":"Arkivi 2009-2015","publisher":{"@id":"https:\/\/fjala.info\/2009-2015\/#organization"},"potentialAction":[{"@type":"SearchAction","target":{"@type":"EntryPoint","urlTemplate":"https:\/\/fjala.info\/2009-2015\/?s={search_term_string}"},"query-input":{"@type":"PropertyValueSpecification","valueRequired":true,"valueName":"search_term_string"}}],"inLanguage":"sq-AL"},{"@type":"Organization","@id":"https:\/\/fjala.info\/2009-2015\/#organization","name":"FjALA e LIR\u00cb - Arkivi","url":"https:\/\/fjala.info\/2009-2015\/","logo":{"@type":"ImageObject","inLanguage":"sq-AL","@id":"https:\/\/fjala.info\/2009-2015\/#\/schema\/logo\/image\/","url":"","contentUrl":"","caption":"FjALA e LIR\u00cb - Arkivi"},"image":{"@id":"https:\/\/fjala.info\/2009-2015\/#\/schema\/logo\/image\/"}},{"@type":"Person","@id":"https:\/\/fjala.info\/2009-2015\/#\/schema\/person\/3aa1163ef05469c496fc94e77611ada2","name":"admin","image":{"@type":"ImageObject","inLanguage":"sq-AL","@id":"https:\/\/fjala.info\/2009-2015\/wp-content\/uploads\/2012\/02\/arben_cokaj-120x150.jpg","url":"https:\/\/fjala.info\/2009-2015\/wp-content\/uploads\/2012\/02\/arben_cokaj-120x150.jpg","contentUrl":"https:\/\/fjala.info\/2009-2015\/wp-content\/uploads\/2012\/02\/arben_cokaj-120x150.jpg","caption":"admin"},"description":"Admin, Fjala e Lir\u00eb","sameAs":["https:\/\/fjala.info\/"],"url":"https:\/\/fjala.info\/2009-2015\/author\/admin\/"}]}},"_links":{"self":[{"href":"https:\/\/fjala.info\/2009-2015\/wp-json\/wp\/v2\/posts\/2465","targetHints":{"allow":["GET"]}}],"collection":[{"href":"https:\/\/fjala.info\/2009-2015\/wp-json\/wp\/v2\/posts"}],"about":[{"href":"https:\/\/fjala.info\/2009-2015\/wp-json\/wp\/v2\/types\/post"}],"author":[{"embeddable":true,"href":"https:\/\/fjala.info\/2009-2015\/wp-json\/wp\/v2\/users\/1"}],"replies":[{"embeddable":true,"href":"https:\/\/fjala.info\/2009-2015\/wp-json\/wp\/v2\/comments?post=2465"}],"version-history":[{"count":0,"href":"https:\/\/fjala.info\/2009-2015\/wp-json\/wp\/v2\/posts\/2465\/revisions"}],"wp:attachment":[{"href":"https:\/\/fjala.info\/2009-2015\/wp-json\/wp\/v2\/media?parent=2465"}],"wp:term":[{"taxonomy":"category","embeddable":true,"href":"https:\/\/fjala.info\/2009-2015\/wp-json\/wp\/v2\/categories?post=2465"},{"taxonomy":"post_tag","embeddable":true,"href":"https:\/\/fjala.info\/2009-2015\/wp-json\/wp\/v2\/tags?post=2465"}],"curies":[{"name":"wp","href":"https:\/\/api.w.org\/{rel}","templated":true}]}}