{"id":2463,"date":"2012-04-12T07:01:14","date_gmt":"2012-04-12T06:01:14","guid":{"rendered":"http:\/\/fjala.shkoder.net\/?p=2463"},"modified":"2012-04-12T07:01:14","modified_gmt":"2012-04-12T06:01:14","slug":"fashizmi-serb-me-konotacione-antirumune-dhe-antishqiptare","status":"publish","type":"post","link":"https:\/\/fjala.info\/2009-2015\/fashizmi-serb-me-konotacione-antirumune-dhe-antishqiptare\/","title":{"rendered":"Fashizmi serb me konotacione antirumune dhe antishqiptare"},"content":{"rendered":"<p><img decoding=\"async\" class=\"alignright size-thumbnail wp-image-7236\" title=\"Baki Ymeri\" src=\"http:\/\/www.shkoder.net\/images\/fjala\/baki_ymeri.jpg\" alt=\"\" width=\"150\" \/> Serb\u00ebt shantazhojn\u00eb, premtojn\u00eb dhe nuk e mbajn\u00eb fjal\u00ebn, por p\u00ebrkundrazi d\u00ebshmojn\u00eb se jan\u00eb mjesht\u00ebr t\u00eb mashtrimit dhe dinak\u00ebris\u00eb. M\u00ebkat q\u00eb i kan\u00eb bombarduar kaq pak, sepse k\u00ebt\u00eb e meritonin. Kisha staliniste serbe nuk u lejon minoriteteve as sh\u00ebrbes\u00ebn fetare n\u00eb gjuh\u00ebn amtare ta mbajn\u00eb. Rumun\u00ebt e Timokut n\u00eb Breslovac, n\u00eb Bor dhe fshtrat fqinje, kur vdes dikush, plakat e ven\u00eb pran\u00eb kufom\u00ebs n\u00eb arkivol edhe nj\u00eb shtag\u00eb druri, q\u00eb i vdekuri t\u00eb mbrohet nga serb\u00ebt edhe n\u00eb bot\u00ebn tjet\u00ebr.<\/p>\n<p><strong>Baki Ymeri<\/strong><\/p>\n<p><strong>1. Republika e Timokut dhe Serbia antirumune<\/strong><\/p>\n<p>N\u00eb kuadrin a artikullit \u201cDo t\u00eb mposhtesh, Serbi perverze!\u201d (O s\u0103 cedezi, Serbie pervers\u0103! Libertatea 2 mars 2012), editori koordinator Florian Bichir mburret me poltik\u00ebn rumune gjoja se pas vitit 1948, Rumania p\u00ebr her\u00eb t\u00eb par\u00eb interesohet p\u00ebr fatin e rumun\u00ebve t\u00eb Serbis\u00eb, por e v\u00ebrteta q\u00ebndron ndryshe. P\u00ebr t\u2019u pranuar n\u00eb BE, Tadiqi e mashtroi Basescun gjoja se do t-ua jap\u00eb t\u00eb drejtat elementare, por faktikisht Serbia i ka hedhur pluhur n\u00eb sy autoriteteve t\u00eb Bukureshtit. K\u00ebt\u00eb e d\u00ebshmojn\u00eb edhe dy artikuj tjer\u00eb: \u201cSerbia \u00ebsht\u00eb nj\u00eb Rusi e vog\u00ebl n\u00eb Ballkan\u201d (Florian Bicir, Evenimentul Zilei, 10 mars) dhe \u201cPresidenti serb e provokon p\u00ebrs\u00ebri komunitetin e rumun\u00ebve t\u00eb Timokut\u201d (Adevarul, 18 mars 2012).<\/p>\n<p>Florian Bichiri thekson: \u201cDuke qen\u00eb an\u00ebtae e BE, mund ta obligojm\u00eb Serbin\u00eb t\u00eb respektoj\u00eb t\u00eb nj\u00ebjtat standarde europiane p\u00ebr t\u00eb gjith\u00eb. T\u2019i shp\u00ebtojm\u00eb v\u00ebllez\u00ebrit tan\u00eb nga shkomb\u00ebtarizimi! Duke apeluar n\u00eb mekanizmat europiane mund ta shp\u00ebtojm\u00eb Kombin, pa marr\u00eb parasysh faktin se p\u00ebr politikan\u00ebt tan\u00eb interesi nacional \u00ebsht\u00eb vet\u00ebm nj\u00eb sintagm\u00eb e thjesht\u00eb. Nuk mund t\u00eb na mashtroj\u00eb m\u00eb fushata perverse serbe gjoja se qenkan v\u00ebllez\u00ebrit tan\u00eb. Nuk kemi nevoj\u00eb p\u00ebr v\u00ebllez\u00ebr njerk\u00eb q\u00eb na shtr\u00ebngojn\u00eb n\u00eb fyt.\u201d Cili \u00ebsht\u00eb mendimi i komentator\u00ebve rumun\u00eb?<\/p>\n<p>Mistoi: Duhet ta njohim Kosov\u00ebn. N\u00ebse dikush e kritikon politik\u00ebn rumune ndaj vlleh\u00ebve, duhet t\u00eb ik\u00eb me gjith\u00eb familjen nga ky vend. Vdekje serb\u00ebve! Dua t\u2019i di t\u00eb vdekur k\u00ebra maskarenj. Nuk mund t\u00eb mashtrohemi me pallavrat gjoja se serb\u00ebt na respektojn\u00eb. Zoti Basescu, je president i Rumanis\u00eb dhe duhet t\u00eb na respektosh edhe ti neve! (17 vota pro). Rocostea: M\u00ebkat q\u00eb amerikan\u00ebt i kan\u00eb bombarduar kaq pak. Nacionalist\u00ebt (serb\u00eb) k\u00ebt\u00eb e meritonin. Kisha staliniste serbe nuk u lejon minoriteteve as sh\u00ebrbes\u00ebn fetare n\u00eb gjuh\u00ebn amtare ta mbajn\u00eb. Eminescu: Shpresoj se do t\u00eb vij\u00eb dita kur (kryeministri) Ungureanu do ta trasoj\u00eb rrug\u00ebn e njohjes s\u00eb Kosov\u00ebs, pa marr\u00eb parsysh q\u00ebndrimin e \u00e7ak\u00ebrdisur t\u00eb atyre q\u00eb s\u2019e kan\u00eb njohur deri tani. Adriai: Lugina e Timokut \u00ebsht\u00eb tok\u00eb rumune. Wolf-i rr\u00ebshqet si thiu n\u00eb akull duke pallvraxhuar gjoja se serb\u00ebt qenkan nj\u00eb popull trim, nd\u00ebrsa nj\u00eb komentator tjet\u00ebr thekson se rumun\u00ebt e Serbis\u00eb nuk ankohen p\u00ebr diskriminimin e tyre.<\/p>\n<p>Rahat-i d\u00ebshmon se \u00ebsht\u00eb lavire rumune pa bosht kurrizor: \u201cSerbia nuk mposhtet. Ajo ka q\u00ebndrim t\u00eb prer\u00eb. Do t\u00eb isha krenar t\u00eb isha serb, por p\u00ebr fat t\u00eb keq m\u00eb ka b\u00ebr\u00eb n\u00ebna rumun!\u201d Dhe del autori i k\u00ebtij shkrimi n\u00eb log t\u00eb mejdanit p\u00ebrmes pseudonimit Albanezul: T\u2019u vij\u00eb turp juve q\u00eb derdhni lot\u00eb krokodili p\u00ebr nj\u00eb shtet kriminal dhe nj\u00eb popull terrorist q\u00eb ka kryer krime lufte kund\u00ebr kroat\u00ebve, boshnjak\u00ebve dhe shqiptar\u00ebve t\u00eb Kosov\u00ebs! Ku e keni krenarin\u00eb e t\u00eb qenit rumun\u00eb, o pijanec\u00eb! M\u00eb kot solidarizoheni me kriminel\u00ebt q\u00eb i kan\u00eb diskriminuar sistematikisht edhe rumun\u00ebt e Timokut. Florian Bichiri \u00ebsht\u00eb nj\u00ebmij\u00eb here m\u00eb i men\u00e7ur se injoranca Juaj me karakter proserb! P\u00ebrmes komenteve Tuaja d\u00ebshmoni se nuk jeni rumun\u00eb, por do hije t\u00eb zeza t\u00eb p\u00ebrtacis\u00eb dhe marr\u00ebzis\u00eb!<\/p>\n<p>ORIGJINALI<br \/>\n<a href=\"http:\/\/www.libertatea.ro\/detalii\/articol\/serbia-perversa-liber-la-cuvant-381397.html\">http:\/\/www.libertatea.ro\/detalii\/articol\/serbia-perversa-liber-la-cuvant-381397.html<\/a><\/p>\n<p><strong>2.Tadiqi e g\u00ebnjeu edhe k\u00ebsaj rradhe Presidentin e Rumanis\u00eb<\/strong><\/p>\n<p>\u00cbsht\u00eb nj\u00eb nga titujt e artikujve t\u00eb postuara nga Romanian Global News n\u00eb Evenimente, ku b\u00ebhet fjal\u00eb p\u00ebr tentativat e Serbis\u00eb p\u00ebr ta mashtruar delegacionin zyrtar rumun q\u00eb t\u00eb votoj\u00eb n\u00eb favor t\u00eb inkorporimit t\u00eb Serbis\u00eb n\u00eb BE. B\u00ebhet fjal\u00eb edhe p\u00ebr politik\u00ebn agresive serbe ndaj rumun\u00ebve t\u00eb Timokut, dhe theksohet se takimi n\u00eb n\u00ebntor t\u00eb viti t\u00eb shkuar p\u00ebsoi disfat\u00eb. Serb\u00ebt shantazhojn\u00eb, premtojn\u00eb dhe nuk e mbajn\u00eb fjal\u00ebn, por p\u00ebrkundrazi d\u00ebshmojn\u00eb se jan\u00eb mjesht\u00ebr t\u00eb mashtrimit dhe dinak\u00ebris\u00eb. P\u00ebr k\u00ebt\u00eb b\u00ebn fjal\u00eb edhe Florian Bichiri n\u00eb t\u00eb p\u00ebrditshmen Evenimentul Yilei (10 mars 2012), p\u00ebrmes editorialit \u201cSerbia, nj\u00eb Rusi e vog\u00ebl\u201d (Serbia, un mic URSS), sipas t\u00eb cilit shtypi rumun nuk i ka dh\u00ebn\u00eb r\u00ebnd\u00ebsi k\u00ebtij subjekti.<\/p>\n<p><img decoding=\"async\" class=\"aligncenter size-thumbnail wp-image-7236\" title=\"Florian Bichir\" src=\"http:\/\/www.shkoder.net\/2012\/florian_bichir.jpg\" alt=\"\" width=\"450\" \/><\/p>\n<p>N\u00eb vend q\u00eb t\u2019u japin t\u00eb drejt\u00eb t\u00eb deklarohen si rumun\u00eb, serb\u00ebt p\u00ebrdorin taktik\u00ebn e presionit p\u00ebr t\u2019i konsideruar rumun\u00ebt e Timokut si vlleh\u00eb, manipulime ballkanike p\u00ebr t\u00eb cilat ka heshtur shtypi dhe oficialitetet e Bukureshtit. Kisha serbe ka b\u00ebr\u00eb \u00e7mos q\u00eb n\u00eb regjistrat e saj mos t\u00eb figurojn\u00eb emra rumun\u00ebsh, duke prur\u00eb disa prift\u00ebrinj nga Rusia, duke ua serbizuar emrat rumun\u00ebve t\u00eb Timokut, si Epurovici, Taranovici, Lapadatovici etj. P\u00ebr k\u00ebt\u00eb heshtje djall\u00ebzore t\u00eb autoriteteve rumune flet edhe filoshqiptari Tiberius Puiu, ishk\u00ebshilltar qeveritar. Pasojn\u00eb komentet:<\/p>\n<p>Istorel Saravoiescu thekson se para vitit 1914 popujt e Europ\u00ebs u ngrit\u00ebn nj\u00ebri kund\u00ebr tjetrit si pasoj\u00eb e fushat\u00ebs ekstraordinare t\u00eb shtypit q\u00eb zgjati rreth 15 vjet. At\u00ebher\u00eb vdiq\u00ebn 14 milion\u00eb vet\u00eb dhe askush nuk i mori n\u00eb p\u00ebrgjegj\u00ebsi gazetar\u00ebt. Q\u00ebllimi i komentatorit \u00ebsht\u00eb t\u2019ia mbyll\u00eb goj\u00ebn artikullshkruesit, nd\u00ebrsa Basarabi i ngre n\u00eb qiell arumun\u00ebt p\u00ebr t\u00eb cil\u00ebt shton se nuk jan\u00eb rumun\u00eb por super-rumun\u00eb, t\u00eb barabart\u00eb me gjysm\u00ebhyjnit\u00eb, sepse asnj\u00ebri prej tyre gjat\u00eb anketimeve policore (n\u00eb koh\u00ebn e komunizmit) s\u2019e ka nxjerr\u00eb asnj\u00eb fjal\u00eb p\u00ebr ta shitur v\u00ebllaun e vet t\u00eb t\u00eb nj\u00ebjtit gjak. Disa komentues shprehin mllef t\u00eb pajustifikuar pse Bichiri e konsideron Serbin\u00eb si Rusi e Ballkanit, nd\u00ebrsa autori i k\u00ebtij shkrimi (B. Y.) thekson: \u201cArtikulli respektiv nuk \u00ebsht\u00eb as superficial dhe as i shkruar sipas komand\u00ebs, por nj\u00eb shenj\u00eb alarmi p\u00ebr t\u00eb mos u lejuar serb\u00ebve t\u00eb tallen me fatin e rumun\u00ebve t\u00eb Timokut dhe Banat\u00ebs Per\u00ebdnimore q\u00eb shtrihet deri te portat e Beogradit.\u201d<\/p>\n<p>Edhe Horaci mahnitet me indeferenc\u00ebn e gazetar\u00ebve t\u00eb Bukureshtit q\u00eb e kan\u00eb qitur n\u00eb harres\u00eb k\u00ebt\u00eb subject, nd\u00ebrsa nj\u00eb komentator tjet\u00ebr p\u00ebrmend t\u00eb v\u00ebrtet\u00ebn se Rumania ua ka dh\u00ebn\u00eb t\u00eb gjitha t\u00eb drejtat serb\u00ebve t\u00eb k\u00ebtij vendi, kurse Serbia antirumune asnj\u00eb t\u00eb drejt\u00eb rumun\u00ebve t\u00eb Timokut. Interesant mendimi i Antoneskut: \u201cI admiroj rumun\u00ebt e Timokut q\u00eb n\u00eb Breslovac, n\u00eb Bor dhe fshtrat fqinje, kur vdes dikush, plakat e ven\u00eb pran\u00eb kufom\u00ebs n\u00eb arkivol edhe nj\u00eb shtag\u00eb druri, q\u00eb i vdekuri t\u00eb mbrohet nga serb\u00ebt edhe n\u00eb bot\u00ebn tjet\u00ebr.\u201d<\/p>\n<p>ORIGJINALI<br \/>\n<a href=\"http:\/\/www.evz.ro\/detalii\/stiri\/senatul-evz-serbia-un-mic-urss-970752.html\">http:\/\/www.evz.ro\/detalii\/stiri\/senatul-evz-serbia-un-mic-urss-970752.html<\/a><\/p>\n","protected":false},"excerpt":{"rendered":"<p>Serb\u00ebt shantazhojn\u00eb, premtojn\u00eb dhe nuk e mbajn\u00eb fjal\u00ebn, por p\u00ebrkundrazi d\u00ebshmojn\u00eb se jan\u00eb mjesht\u00ebr t\u00eb mashtrimit dhe dinak\u00ebris\u00eb. M\u00ebkat q\u00eb i kan\u00eb bombarduar kaq pak, sepse k\u00ebt\u00eb e meritonin. Kisha staliniste serbe nuk u lejon minoriteteve as sh\u00ebrbes\u00ebn fetare n\u00eb gjuh\u00ebn amtare ta mbajn\u00eb. Rumun\u00ebt e Timokut n\u00eb Breslovac, n\u00eb Bor dhe fshtrat fqinje, kur [&hellip;]<\/p>\n","protected":false},"author":1,"featured_media":0,"comment_status":"open","ping_status":"closed","sticky":false,"template":"","format":"standard","meta":{"footnotes":""},"categories":[2],"tags":[],"class_list":{"0":"post-2463","1":"post","2":"type-post","3":"status-publish","4":"format-standard","6":"category-artikuj"},"yoast_head":"<!-- This site is optimized with the Yoast SEO plugin v27.4 - https:\/\/yoast.com\/product\/yoast-seo-wordpress\/ -->\n<title>Fashizmi serb me konotacione antirumune dhe antishqiptare - FjALA e LIR\u00cb - Arkivi<\/title>\n<meta name=\"robots\" content=\"index, follow, max-snippet:-1, max-image-preview:large, max-video-preview:-1\" \/>\n<link rel=\"canonical\" href=\"https:\/\/fjala.info\/2009-2015\/fashizmi-serb-me-konotacione-antirumune-dhe-antishqiptare\/\" \/>\n<meta property=\"og:locale\" content=\"sq_AL\" \/>\n<meta property=\"og:type\" content=\"article\" \/>\n<meta property=\"og:title\" content=\"Fashizmi serb me konotacione antirumune dhe antishqiptare - FjALA e LIR\u00cb - Arkivi\" \/>\n<meta property=\"og:description\" content=\"Serb\u00ebt shantazhojn\u00eb, premtojn\u00eb dhe nuk e mbajn\u00eb fjal\u00ebn, por p\u00ebrkundrazi d\u00ebshmojn\u00eb se jan\u00eb mjesht\u00ebr t\u00eb mashtrimit dhe dinak\u00ebris\u00eb. M\u00ebkat q\u00eb i kan\u00eb bombarduar kaq pak, sepse k\u00ebt\u00eb e meritonin. Kisha staliniste serbe nuk u lejon minoriteteve as sh\u00ebrbes\u00ebn fetare n\u00eb gjuh\u00ebn amtare ta mbajn\u00eb. Rumun\u00ebt e Timokut n\u00eb Breslovac, n\u00eb Bor dhe fshtrat fqinje, kur [&hellip;]\" \/>\n<meta property=\"og:url\" content=\"https:\/\/fjala.info\/2009-2015\/fashizmi-serb-me-konotacione-antirumune-dhe-antishqiptare\/\" \/>\n<meta property=\"og:site_name\" content=\"FjALA e LIR\u00cb - Arkivi\" \/>\n<meta property=\"article:published_time\" content=\"2012-04-12T06:01:14+00:00\" \/>\n<meta property=\"og:image\" content=\"http:\/\/www.shkoder.net\/images\/fjala\/baki_ymeri.jpg\" \/>\n<meta name=\"author\" content=\"admin\" \/>\n<meta name=\"twitter:card\" content=\"summary_large_image\" \/>\n<meta name=\"twitter:label1\" content=\"Written by\" \/>\n\t<meta name=\"twitter:data1\" content=\"admin\" \/>\n\t<meta name=\"twitter:label2\" content=\"Est. reading time\" \/>\n\t<meta name=\"twitter:data2\" content=\"6 minutes\" \/>\n<script type=\"application\/ld+json\" class=\"yoast-schema-graph\">{\"@context\":\"https:\\\/\\\/schema.org\",\"@graph\":[{\"@type\":\"Article\",\"@id\":\"https:\\\/\\\/fjala.info\\\/2009-2015\\\/fashizmi-serb-me-konotacione-antirumune-dhe-antishqiptare\\\/#article\",\"isPartOf\":{\"@id\":\"https:\\\/\\\/fjala.info\\\/2009-2015\\\/fashizmi-serb-me-konotacione-antirumune-dhe-antishqiptare\\\/\"},\"author\":{\"name\":\"admin\",\"@id\":\"https:\\\/\\\/fjala.info\\\/2009-2015\\\/#\\\/schema\\\/person\\\/3aa1163ef05469c496fc94e77611ada2\"},\"headline\":\"Fashizmi serb me konotacione antirumune dhe antishqiptare\",\"datePublished\":\"2012-04-12T06:01:14+00:00\",\"mainEntityOfPage\":{\"@id\":\"https:\\\/\\\/fjala.info\\\/2009-2015\\\/fashizmi-serb-me-konotacione-antirumune-dhe-antishqiptare\\\/\"},\"wordCount\":1229,\"commentCount\":0,\"publisher\":{\"@id\":\"https:\\\/\\\/fjala.info\\\/2009-2015\\\/#organization\"},\"image\":{\"@id\":\"https:\\\/\\\/fjala.info\\\/2009-2015\\\/fashizmi-serb-me-konotacione-antirumune-dhe-antishqiptare\\\/#primaryimage\"},\"thumbnailUrl\":\"http:\\\/\\\/www.shkoder.net\\\/images\\\/fjala\\\/baki_ymeri.jpg\",\"articleSection\":[\"Artikuj\"],\"inLanguage\":\"sq-AL\",\"potentialAction\":[{\"@type\":\"CommentAction\",\"name\":\"Comment\",\"target\":[\"https:\\\/\\\/fjala.info\\\/2009-2015\\\/fashizmi-serb-me-konotacione-antirumune-dhe-antishqiptare\\\/#respond\"]}]},{\"@type\":\"WebPage\",\"@id\":\"https:\\\/\\\/fjala.info\\\/2009-2015\\\/fashizmi-serb-me-konotacione-antirumune-dhe-antishqiptare\\\/\",\"url\":\"https:\\\/\\\/fjala.info\\\/2009-2015\\\/fashizmi-serb-me-konotacione-antirumune-dhe-antishqiptare\\\/\",\"name\":\"Fashizmi serb me konotacione antirumune dhe antishqiptare - FjALA e LIR\u00cb - Arkivi\",\"isPartOf\":{\"@id\":\"https:\\\/\\\/fjala.info\\\/2009-2015\\\/#website\"},\"primaryImageOfPage\":{\"@id\":\"https:\\\/\\\/fjala.info\\\/2009-2015\\\/fashizmi-serb-me-konotacione-antirumune-dhe-antishqiptare\\\/#primaryimage\"},\"image\":{\"@id\":\"https:\\\/\\\/fjala.info\\\/2009-2015\\\/fashizmi-serb-me-konotacione-antirumune-dhe-antishqiptare\\\/#primaryimage\"},\"thumbnailUrl\":\"http:\\\/\\\/www.shkoder.net\\\/images\\\/fjala\\\/baki_ymeri.jpg\",\"datePublished\":\"2012-04-12T06:01:14+00:00\",\"breadcrumb\":{\"@id\":\"https:\\\/\\\/fjala.info\\\/2009-2015\\\/fashizmi-serb-me-konotacione-antirumune-dhe-antishqiptare\\\/#breadcrumb\"},\"inLanguage\":\"sq-AL\",\"potentialAction\":[{\"@type\":\"ReadAction\",\"target\":[\"https:\\\/\\\/fjala.info\\\/2009-2015\\\/fashizmi-serb-me-konotacione-antirumune-dhe-antishqiptare\\\/\"]}]},{\"@type\":\"ImageObject\",\"inLanguage\":\"sq-AL\",\"@id\":\"https:\\\/\\\/fjala.info\\\/2009-2015\\\/fashizmi-serb-me-konotacione-antirumune-dhe-antishqiptare\\\/#primaryimage\",\"url\":\"http:\\\/\\\/www.shkoder.net\\\/images\\\/fjala\\\/baki_ymeri.jpg\",\"contentUrl\":\"http:\\\/\\\/www.shkoder.net\\\/images\\\/fjala\\\/baki_ymeri.jpg\"},{\"@type\":\"BreadcrumbList\",\"@id\":\"https:\\\/\\\/fjala.info\\\/2009-2015\\\/fashizmi-serb-me-konotacione-antirumune-dhe-antishqiptare\\\/#breadcrumb\",\"itemListElement\":[{\"@type\":\"ListItem\",\"position\":1,\"name\":\"Home\",\"item\":\"https:\\\/\\\/fjala.info\\\/2009-2015\\\/\"},{\"@type\":\"ListItem\",\"position\":2,\"name\":\"Fashizmi serb me konotacione antirumune dhe antishqiptare\"}]},{\"@type\":\"WebSite\",\"@id\":\"https:\\\/\\\/fjala.info\\\/2009-2015\\\/#website\",\"url\":\"https:\\\/\\\/fjala.info\\\/2009-2015\\\/\",\"name\":\"FjALA e LIR\u00cb - Arkivi\",\"description\":\"Arkivi 2009-2015\",\"publisher\":{\"@id\":\"https:\\\/\\\/fjala.info\\\/2009-2015\\\/#organization\"},\"potentialAction\":[{\"@type\":\"SearchAction\",\"target\":{\"@type\":\"EntryPoint\",\"urlTemplate\":\"https:\\\/\\\/fjala.info\\\/2009-2015\\\/?s={search_term_string}\"},\"query-input\":{\"@type\":\"PropertyValueSpecification\",\"valueRequired\":true,\"valueName\":\"search_term_string\"}}],\"inLanguage\":\"sq-AL\"},{\"@type\":\"Organization\",\"@id\":\"https:\\\/\\\/fjala.info\\\/2009-2015\\\/#organization\",\"name\":\"FjALA e LIR\u00cb - Arkivi\",\"url\":\"https:\\\/\\\/fjala.info\\\/2009-2015\\\/\",\"logo\":{\"@type\":\"ImageObject\",\"inLanguage\":\"sq-AL\",\"@id\":\"https:\\\/\\\/fjala.info\\\/2009-2015\\\/#\\\/schema\\\/logo\\\/image\\\/\",\"url\":\"\",\"contentUrl\":\"\",\"caption\":\"FjALA e LIR\u00cb - Arkivi\"},\"image\":{\"@id\":\"https:\\\/\\\/fjala.info\\\/2009-2015\\\/#\\\/schema\\\/logo\\\/image\\\/\"}},{\"@type\":\"Person\",\"@id\":\"https:\\\/\\\/fjala.info\\\/2009-2015\\\/#\\\/schema\\\/person\\\/3aa1163ef05469c496fc94e77611ada2\",\"name\":\"admin\",\"image\":{\"@type\":\"ImageObject\",\"inLanguage\":\"sq-AL\",\"@id\":\"https:\\\/\\\/fjala.info\\\/2009-2015\\\/wp-content\\\/uploads\\\/2012\\\/02\\\/arben_cokaj-120x150.jpg\",\"url\":\"https:\\\/\\\/fjala.info\\\/2009-2015\\\/wp-content\\\/uploads\\\/2012\\\/02\\\/arben_cokaj-120x150.jpg\",\"contentUrl\":\"https:\\\/\\\/fjala.info\\\/2009-2015\\\/wp-content\\\/uploads\\\/2012\\\/02\\\/arben_cokaj-120x150.jpg\",\"caption\":\"admin\"},\"description\":\"Admin, Fjala e Lir\u00eb\",\"sameAs\":[\"https:\\\/\\\/fjala.info\\\/\"],\"url\":\"https:\\\/\\\/fjala.info\\\/2009-2015\\\/author\\\/admin\\\/\"}]}<\/script>\n<!-- \/ Yoast SEO plugin. -->","yoast_head_json":{"title":"Fashizmi serb me konotacione antirumune dhe antishqiptare - FjALA e LIR\u00cb - Arkivi","robots":{"index":"index","follow":"follow","max-snippet":"max-snippet:-1","max-image-preview":"max-image-preview:large","max-video-preview":"max-video-preview:-1"},"canonical":"https:\/\/fjala.info\/2009-2015\/fashizmi-serb-me-konotacione-antirumune-dhe-antishqiptare\/","og_locale":"sq_AL","og_type":"article","og_title":"Fashizmi serb me konotacione antirumune dhe antishqiptare - FjALA e LIR\u00cb - Arkivi","og_description":"Serb\u00ebt shantazhojn\u00eb, premtojn\u00eb dhe nuk e mbajn\u00eb fjal\u00ebn, por p\u00ebrkundrazi d\u00ebshmojn\u00eb se jan\u00eb mjesht\u00ebr t\u00eb mashtrimit dhe dinak\u00ebris\u00eb. M\u00ebkat q\u00eb i kan\u00eb bombarduar kaq pak, sepse k\u00ebt\u00eb e meritonin. Kisha staliniste serbe nuk u lejon minoriteteve as sh\u00ebrbes\u00ebn fetare n\u00eb gjuh\u00ebn amtare ta mbajn\u00eb. Rumun\u00ebt e Timokut n\u00eb Breslovac, n\u00eb Bor dhe fshtrat fqinje, kur [&hellip;]","og_url":"https:\/\/fjala.info\/2009-2015\/fashizmi-serb-me-konotacione-antirumune-dhe-antishqiptare\/","og_site_name":"FjALA e LIR\u00cb - Arkivi","article_published_time":"2012-04-12T06:01:14+00:00","og_image":[{"url":"http:\/\/www.shkoder.net\/images\/fjala\/baki_ymeri.jpg","type":"","width":"","height":""}],"author":"admin","twitter_card":"summary_large_image","twitter_misc":{"Written by":"admin","Est. reading time":"6 minutes"},"schema":{"@context":"https:\/\/schema.org","@graph":[{"@type":"Article","@id":"https:\/\/fjala.info\/2009-2015\/fashizmi-serb-me-konotacione-antirumune-dhe-antishqiptare\/#article","isPartOf":{"@id":"https:\/\/fjala.info\/2009-2015\/fashizmi-serb-me-konotacione-antirumune-dhe-antishqiptare\/"},"author":{"name":"admin","@id":"https:\/\/fjala.info\/2009-2015\/#\/schema\/person\/3aa1163ef05469c496fc94e77611ada2"},"headline":"Fashizmi serb me konotacione antirumune dhe antishqiptare","datePublished":"2012-04-12T06:01:14+00:00","mainEntityOfPage":{"@id":"https:\/\/fjala.info\/2009-2015\/fashizmi-serb-me-konotacione-antirumune-dhe-antishqiptare\/"},"wordCount":1229,"commentCount":0,"publisher":{"@id":"https:\/\/fjala.info\/2009-2015\/#organization"},"image":{"@id":"https:\/\/fjala.info\/2009-2015\/fashizmi-serb-me-konotacione-antirumune-dhe-antishqiptare\/#primaryimage"},"thumbnailUrl":"http:\/\/www.shkoder.net\/images\/fjala\/baki_ymeri.jpg","articleSection":["Artikuj"],"inLanguage":"sq-AL","potentialAction":[{"@type":"CommentAction","name":"Comment","target":["https:\/\/fjala.info\/2009-2015\/fashizmi-serb-me-konotacione-antirumune-dhe-antishqiptare\/#respond"]}]},{"@type":"WebPage","@id":"https:\/\/fjala.info\/2009-2015\/fashizmi-serb-me-konotacione-antirumune-dhe-antishqiptare\/","url":"https:\/\/fjala.info\/2009-2015\/fashizmi-serb-me-konotacione-antirumune-dhe-antishqiptare\/","name":"Fashizmi serb me konotacione antirumune dhe antishqiptare - FjALA e LIR\u00cb - Arkivi","isPartOf":{"@id":"https:\/\/fjala.info\/2009-2015\/#website"},"primaryImageOfPage":{"@id":"https:\/\/fjala.info\/2009-2015\/fashizmi-serb-me-konotacione-antirumune-dhe-antishqiptare\/#primaryimage"},"image":{"@id":"https:\/\/fjala.info\/2009-2015\/fashizmi-serb-me-konotacione-antirumune-dhe-antishqiptare\/#primaryimage"},"thumbnailUrl":"http:\/\/www.shkoder.net\/images\/fjala\/baki_ymeri.jpg","datePublished":"2012-04-12T06:01:14+00:00","breadcrumb":{"@id":"https:\/\/fjala.info\/2009-2015\/fashizmi-serb-me-konotacione-antirumune-dhe-antishqiptare\/#breadcrumb"},"inLanguage":"sq-AL","potentialAction":[{"@type":"ReadAction","target":["https:\/\/fjala.info\/2009-2015\/fashizmi-serb-me-konotacione-antirumune-dhe-antishqiptare\/"]}]},{"@type":"ImageObject","inLanguage":"sq-AL","@id":"https:\/\/fjala.info\/2009-2015\/fashizmi-serb-me-konotacione-antirumune-dhe-antishqiptare\/#primaryimage","url":"http:\/\/www.shkoder.net\/images\/fjala\/baki_ymeri.jpg","contentUrl":"http:\/\/www.shkoder.net\/images\/fjala\/baki_ymeri.jpg"},{"@type":"BreadcrumbList","@id":"https:\/\/fjala.info\/2009-2015\/fashizmi-serb-me-konotacione-antirumune-dhe-antishqiptare\/#breadcrumb","itemListElement":[{"@type":"ListItem","position":1,"name":"Home","item":"https:\/\/fjala.info\/2009-2015\/"},{"@type":"ListItem","position":2,"name":"Fashizmi serb me konotacione antirumune dhe antishqiptare"}]},{"@type":"WebSite","@id":"https:\/\/fjala.info\/2009-2015\/#website","url":"https:\/\/fjala.info\/2009-2015\/","name":"FjALA e LIR\u00cb - Arkivi","description":"Arkivi 2009-2015","publisher":{"@id":"https:\/\/fjala.info\/2009-2015\/#organization"},"potentialAction":[{"@type":"SearchAction","target":{"@type":"EntryPoint","urlTemplate":"https:\/\/fjala.info\/2009-2015\/?s={search_term_string}"},"query-input":{"@type":"PropertyValueSpecification","valueRequired":true,"valueName":"search_term_string"}}],"inLanguage":"sq-AL"},{"@type":"Organization","@id":"https:\/\/fjala.info\/2009-2015\/#organization","name":"FjALA e LIR\u00cb - Arkivi","url":"https:\/\/fjala.info\/2009-2015\/","logo":{"@type":"ImageObject","inLanguage":"sq-AL","@id":"https:\/\/fjala.info\/2009-2015\/#\/schema\/logo\/image\/","url":"","contentUrl":"","caption":"FjALA e LIR\u00cb - Arkivi"},"image":{"@id":"https:\/\/fjala.info\/2009-2015\/#\/schema\/logo\/image\/"}},{"@type":"Person","@id":"https:\/\/fjala.info\/2009-2015\/#\/schema\/person\/3aa1163ef05469c496fc94e77611ada2","name":"admin","image":{"@type":"ImageObject","inLanguage":"sq-AL","@id":"https:\/\/fjala.info\/2009-2015\/wp-content\/uploads\/2012\/02\/arben_cokaj-120x150.jpg","url":"https:\/\/fjala.info\/2009-2015\/wp-content\/uploads\/2012\/02\/arben_cokaj-120x150.jpg","contentUrl":"https:\/\/fjala.info\/2009-2015\/wp-content\/uploads\/2012\/02\/arben_cokaj-120x150.jpg","caption":"admin"},"description":"Admin, Fjala e Lir\u00eb","sameAs":["https:\/\/fjala.info\/"],"url":"https:\/\/fjala.info\/2009-2015\/author\/admin\/"}]}},"_links":{"self":[{"href":"https:\/\/fjala.info\/2009-2015\/wp-json\/wp\/v2\/posts\/2463","targetHints":{"allow":["GET"]}}],"collection":[{"href":"https:\/\/fjala.info\/2009-2015\/wp-json\/wp\/v2\/posts"}],"about":[{"href":"https:\/\/fjala.info\/2009-2015\/wp-json\/wp\/v2\/types\/post"}],"author":[{"embeddable":true,"href":"https:\/\/fjala.info\/2009-2015\/wp-json\/wp\/v2\/users\/1"}],"replies":[{"embeddable":true,"href":"https:\/\/fjala.info\/2009-2015\/wp-json\/wp\/v2\/comments?post=2463"}],"version-history":[{"count":0,"href":"https:\/\/fjala.info\/2009-2015\/wp-json\/wp\/v2\/posts\/2463\/revisions"}],"wp:attachment":[{"href":"https:\/\/fjala.info\/2009-2015\/wp-json\/wp\/v2\/media?parent=2463"}],"wp:term":[{"taxonomy":"category","embeddable":true,"href":"https:\/\/fjala.info\/2009-2015\/wp-json\/wp\/v2\/categories?post=2463"},{"taxonomy":"post_tag","embeddable":true,"href":"https:\/\/fjala.info\/2009-2015\/wp-json\/wp\/v2\/tags?post=2463"}],"curies":[{"name":"wp","href":"https:\/\/api.w.org\/{rel}","templated":true}]}}