{"id":2456,"date":"2012-04-11T22:16:31","date_gmt":"2012-04-11T21:16:31","guid":{"rendered":"http:\/\/fjala.shkoder.net\/?p=2456"},"modified":"2012-04-11T22:16:31","modified_gmt":"2012-04-11T21:16:31","slug":"edhe-aleat-i-plackitesve-edhe-luftetar-i-korrupsionit","status":"publish","type":"post","link":"https:\/\/fjala.info\/2009-2015\/edhe-aleat-i-plackitesve-edhe-luftetar-i-korrupsionit\/","title":{"rendered":"Edhe aleat i pla\u00e7kitesve, edhe \u201cluft\u00ebtar\u201d i korrupsionit?"},"content":{"rendered":"<p><img decoding=\"async\" class=\"alignleft size-thumbnail wp-image-7236\" title=\"Enver Robelli\" src=\"http:\/\/www.shkoder.net\/images\/fjala\/enver_robelli.jpg\" alt=\"\" width=\"150\" \/> <em>Me sjelljet e tij, me gjestet e tij, me deklaratat e tij dhe sidomos me veprimet e tij, ambasadori amerikan Christopher Dell \u00ebsht\u00eb b\u00ebr\u00eb karikatur\u00eb e diplomacis\u00eb. N\u00eb fund t\u00eb mandatit t\u00eb tij, gjat\u00eb s\u00eb cilit u pla\u00e7kit edhe m\u00eb shum\u00eb Kosova, Dell i quan t\u00eb gjith\u00eb politikan\u00ebt t\u00eb korruptuar, madje edhe shoq\u00ebrin\u00eb kosovare. Por, pyetja themelore \u00ebsht\u00eb kjo: \u00e7\u2019keni b\u00ebr\u00eb ju, ambasador, kund\u00ebr pla\u00e7kit\u00ebsve, ju q\u00eb jeni njeriu m\u00eb i fuqish\u00ebm n\u00eb k\u00ebt\u00eb vend?<\/em><\/p>\n<p><strong>Enver Robelli<\/strong>, <em>11 Prill 2012<\/em><\/p>\n<p>\u201cShqip\u00ebria \u00ebsht\u00eb vendi i mendjeve t\u00eb shkurtra, magazin\u00eb e fuqis\u00eb fizike, nj\u00eb vend q\u00eb vullnetarisht nuk i n\u00ebnshtrohet as vetes, as t\u00eb tjer\u00ebve; Shqip\u00ebria \u00ebsht\u00eb element q\u00eb p\u00ebrher\u00eb mohon dhe ku anarkia dhe paligjshm\u00ebria jan\u00eb si t\u00eb thuash shpirti dhe fryma e jet\u00ebs\u201d. Para 150 vjet\u00ebsh k\u00ebshtu mendonte p\u00ebr shqiptar\u00ebt historiani austriak Jakob Philipp Fallmerayer. \u00c7far\u00eb ka ndryshuar? P\u00ebr fat t\u00eb keq shum\u00eb pak. Shqiptar\u00ebt, me ndonj\u00eb p\u00ebrjashtim, jan\u00eb popull harrestar. Para disa dit\u00ebsh ambasadori i Shteteve t\u00eb Bashkuara t\u00eb Amerik\u00ebs, Christopher Dell, shkundi opinionin me nj\u00eb deklarat\u00eb pompoze. I quajti t\u00eb gjitha partit\u00eb t\u00eb korruptuara, madje krejt shoq\u00ebrin\u00eb. \u201cKorrupsioni tolerohet nga e t\u00ebr\u00eb shoq\u00ebria kosovare. (\u2026) Partit\u00eb, si\u00e7 shpresohet t\u00eb ndodh\u00eb n\u00eb demokraci, jan\u00eb pasqyrim i vet shoq\u00ebris\u00eb.<\/p>\n<p>Prandaj, un\u00eb mendoj se t\u00eb gjitha partit\u00eb jan\u00eb t\u00eb p\u00ebrfshira n\u00eb k\u00ebt\u00eb problem n\u00eb shkall\u00eb t\u00eb ndryshme. (\u2026) Mendoj se ky \u00ebsht\u00eb problem me t\u00ebr\u00eb shoq\u00ebrin\u00eb; ky problem ng\u00ebrthen shum\u00eb individ\u00eb t\u00eb ndrysh\u00ebm n\u00eb partit\u00eb politike, e jo doemos udh\u00ebheq\u00ebsit. (\u2026) S\u00eb pari, shoq\u00ebria duhet ta marr\u00eb p\u00ebrsip\u00ebr t\u00eb ndryshoj\u00eb sjelljen e vet n\u00eb \u00e7do nivel: prej udh\u00ebheqjes e deri te qytetari i r\u00ebndomt\u00eb. E dyta, qytetar\u00ebt duhet ta p\u00ebrdorin fuqin\u00eb e tyre n\u00ebp\u00ebrmjet vot\u00ebs p\u00ebr ndryshim; ta p\u00ebrdorin at\u00eb vot\u00eb p\u00ebr t\u2019u marr\u00eb me problemin e korrupsionit. K\u00ebshtu do t\u00eb duhej t\u00eb funksionoj\u00eb kjo gj\u00eb n\u00eb demokraci\u201d.<\/p>\n<p>Mediet tona i dhan\u00eb jehon\u00eb k\u00ebsaj deklarate t\u00eb Christopher Dell-it, fundja \u00e7ka thot\u00eb ambasadori i Amerik\u00ebs n\u00eb k\u00ebt\u00eb vend \u00ebsht\u00eb me r\u00ebnd\u00ebsi, sepse pa ndihm\u00ebn e Washingtonit as q\u00eb mund t\u00eb paramendohet liria dhe pavar\u00ebsia e Kosov\u00ebs. Menj\u00ebher\u00eb pas kryediplomatit amerikan doli nj\u00eb zyrtar i Lidhjes Demokratike t\u00eb Kosov\u00ebs dhe tha: \u201cUn\u00eb e d\u00ebgjova me k\u00ebnaq\u00ebsi t\u00eb madhe at\u00eb far\u00eb v\u00ebshtrimi realist, por dhe apokaliptik t\u00eb ambasadorit Dell, (\u2026), kur tha se Kosov\u00ebn e ka p\u00ebrfshir\u00eb korrupsioni. (\u2026) Personalisht do t\u00eb isha shum\u00eb m\u00eb i k\u00ebnaqur q\u00eb k\u00ebto gj\u00ebra ambasadori Dell, p\u00ebr t\u00eb cilin kam respekt t\u00eb ve\u00e7ant\u00eb, t\u2019i kishte th\u00ebn\u00eb n\u00eb fillim t\u00eb mandatit t\u00eb tij\u201d. Ky zyrtar i LDK-s\u00eb na e d\u00ebshmoi para diellit dhe Dellit se \u00ebsht\u00eb pjes\u00ebtar i nj\u00eb populli me mendje t\u00eb shkurt\u00ebr. E v\u00ebrteta \u00ebsht\u00eb kjo: Dell ka folur kund\u00ebr korrupsionit q\u00eb n\u00eb fillim t\u00eb mandatit t\u00eb tij n\u00eb ver\u00eb 2009.<\/p>\n<p>Konkretisht, ai m\u00eb 15 janar 2010, me rastin e Dit\u00ebs s\u00eb Drejt\u00ebsis\u00eb, para lider\u00ebve kosovar\u00eb mbajti nj\u00eb fjalim dramatik mbi t\u00eb metat e shtetit t\u00eb Kosov\u00ebs, t\u00eb cilin e p\u00ebrshkroi si t\u00eb rrezikuar t\u00eb d\u00ebshtoj\u00eb p\u00ebr shkak t\u00eb keqqeverisjes. Ambasadori, mes tjerash, at\u00ebbot\u00eb kishte th\u00ebn\u00eb: \u201eFigurat e krimit t\u00eb organizuar dhe politikan\u00ebt e korruptuar nuk duhet t\u00eb lejohen t\u00eb mbajn\u00eb p\u00ebrfitimet e tyre t\u00eb jasht\u00ebligjshme. (\u2026) Korrupsioni, dhuna dhe keqp\u00ebrdorimet kalojn\u00eb pa u nd\u00ebshkuar. T\u00eb dob\u00ebtit jan\u00eb pa nj\u00eb mjet efektiv veprimi, gjersa t\u00eb fuqishmit manipulojn\u00eb ligjet dhe njer\u00ebzit p\u00ebr t\u00eb mbajtur pushtetin dhe akumuluar pasurin\u00eb\u201c.<\/p>\n<p>Me k\u00ebt\u00eb fjalim ambasadori Dell kishte ngjall\u00eb shum\u00eb shpresa. Njer\u00ebzit n\u00eb Kosov\u00eb g\u00ebzoheshin q\u00eb, m\u00eb n\u00eb fund, po flitet me gjuh\u00eb t\u00eb qart\u00eb kund\u00ebr korrupsionit. G\u00ebzoheshin q\u00eb tani nuk do t\u00eb toleroheshin m\u00eb korrupsioni dhe keqqeverisja p\u00ebr shkak t\u00eb stabilitetit. Mes atyre gazetar\u00ebve q\u00eb i kan\u00eb duartrokitur fort fjalimit t\u00eb Dell-it m\u00eb 15 janar 2010 ka qen\u00eb edhe vog\u00eblsia ime. Sot, n\u00eb fund t\u00eb mandatit t\u00eb Dell-it, shohim se sa i madh \u00ebsht\u00eb hendeku mes fjal\u00ebve dhe mosveprimeve t\u00eb tij. Bilanci i ambasadorit del i trishtuesh\u00ebm.<\/p>\n<p>Dell ka pasur mund\u00ebsi t\u00eb ndaloj\u00eb hyrjen n\u00eb parlament t\u00eb njer\u00ebzve q\u00eb njihen si krer\u00eb t\u00eb krimit t\u00eb organizuar dhe krimeve politike, ve\u00e7an\u00ebrisht atyre q\u00eb vijn\u00eb nga Partia Demokratike e Kosov\u00ebs. Sot ndonj\u00ebrin prej tyre e shohim duke defiluar n\u00ebp\u00ebr Prishtin\u00eb me xhip t\u00eb shtrenjt\u00eb deri n\u00eb 100 mij\u00eb euro. Shohim se si figura t\u00eb paskrupullta n\u00eb em\u00ebr t\u00eb luft\u00ebs p\u00ebr liri pla\u00e7kitin \u00e7far\u00eb u bie n\u00eb dor\u00eb, nga buxheti deri te pasuria publike. Me disa prej tyre Dell \u00ebsht\u00eb par\u00eb duke b\u00ebr\u00eb qejf n\u00ebp\u00ebr lokale nate n\u00eb Prishtin\u00eb e duke u p\u00ebrqafuar.<\/p>\n<p>Si kanakar\u00eb t\u00eb Dellit n\u00ebp\u00ebr mejhanet e Prishtin\u00ebs shfaqen bi\u00e7imgazetar\u00eb, t\u00eb cil\u00ebt, n\u00eb fakt, jan\u00eb nd\u00ebrmjet\u00ebsues n\u00eb biznese t\u00eb ndotura nga korrupsioni. Prandaj, po k\u00ebta bi\u00e7imgazetar\u00eb, t\u00eb shp\u00ebrndar\u00eb n\u00eb politik\u00eb dhe n\u00eb pseudopublicistik\u00eb, kan\u00eb qen\u00eb t\u00eb par\u00ebt q\u00eb e kan\u00eb mb\u00ebshtetur ambasadorin amerikan edhe at\u00ebher\u00eb kur ka b\u00ebr\u00eb gabime trashanike. Para pak m\u00eb shum\u00eb se nj\u00eb viti Dell luajti nj\u00eb rol t\u00eb d\u00ebmsh\u00ebm me rastin e zgjedhjes s\u00eb dhunshme t\u00eb Behgjet Pacollit n\u00eb postin e presidentit t\u00eb Kosov\u00ebs.<\/p>\n<p>Duhet kujtuar m\u00eb holl\u00ebsisht k\u00ebt\u00eb episod p\u00ebr t\u00eb par\u00eb se n\u00eb Kosov\u00eb nuk ka demokraci, pordellokraci. Dit\u00ebn kur u zgjodh Pacolli ambasadori Dell kishte z\u00ebn\u00eb vend n\u00eb tribun\u00ebn e nderit. Af\u00ebr tij ishte ulur (athua rast\u00ebsisht?) nj\u00eb person me emrin Esad Pushkar \u2013 nomen est omen, do t\u00eb thoshin latin\u00ebt! Po p\u00ebrse ulej bash af\u00ebr ambasadorit nj\u00eb person, nj\u00eb Pushkar, q\u00eb hiqej si k\u00ebshilltar i kryetarit t\u00eb Aleanc\u00ebs Kosova e Re (AKR)? Pushkar duhej t\u00eb mbante lidhjen, ai ishte p\u00ebr\u00e7uesi i porosive t\u00eb ambasadorit d\u00ebrguar kandidatit p\u00ebr kryetar. K\u00ebshtu Dell hyri n\u00eb histori si diplomat q\u00eb zgjodhi nj\u00eb president vendi me SMS, me mesazhe telefonike.<\/p>\n<p>E kemi par\u00eb ambasadorin Dell duke e kritikuar vend e pa vend kryetarin e parlamentit, Jakup Krasniqin, por s\u2019e ka \u00e7elur goj\u00ebn ambasadori i SHBA-ve asnj\u00ebher\u00eb p\u00ebr bizneset e Pacollit q\u00eb po dyshohet se punojn\u00eb me para t\u00eb pista. As k\u00ebto dit\u00eb Dell nuk ka folur gj\u00eb, edhe pse Agjencia Kund\u00ebr Korrupsionit ka nisur hetimet ndaj z\u00ebvend\u00ebskryeministrit Pacolli p\u00ebr konflikt interesi me rastin e n\u00ebnshkrimit t\u00eb memorandumeve n\u00eb Nigeri si p\u00ebrfaq\u00ebsues i kompanis\u00eb \u201cSeagas\u201d. N\u00eb nj\u00eb m\u00ebnyr\u00eb Dell i ka amnistuar krer\u00ebt e institucioneve kur ka th\u00ebn\u00eb se problemi i korrupsionit \u201cng\u00ebrthen shum\u00eb individ\u00eb t\u00eb ndrysh\u00ebm n\u00eb partit\u00eb politike, e jo doemos udh\u00ebheq\u00ebsit\u201d. Jo doemos udh\u00ebheq\u00ebsit, jo Pacollin, jo Hashim Tha\u00e7in dhe kamarill\u00ebn e tij politike dhe krim-ekonomike, e cila tashm\u00eb nuk ai di fundin pasuris\u00eb s\u00eb zhvatur.<\/p>\n<p>\u00cbsht\u00eb ky grup q\u00eb b\u00ebn p\u00ebrpjekje ta shkruaj\u00eb ligjin p\u00ebr konfiskimin e pasuris\u00eb s\u00eb fituar n\u00eb m\u00ebnyr\u00eb t\u00eb paligjshme sipas interesave personale. P\u00ebr shembull ka pasur nisma q\u00eb ligji t\u00eb vlej\u00eb vet\u00ebm p\u00ebr ata q\u00eb pasurohen paligjsh\u00ebm nga dita e miratimit t\u00eb ligjit. K\u00ebshtu dora e drejt\u00ebsis\u00eb nuk do t\u2019i rrokte ata q\u00eb n\u00eb vitin 1999 ishin zhelan\u00eb e sot e ngrohin byth\u00ebn n\u00eb xhipa t\u00eb mark\u00ebs Range Rover dhe nuk e din\u00eb a i kan\u00eb 5 apo 6 banesa n\u00eb Prishtin\u00eb, sa hektar\u00eb tok\u00eb n\u00eb rrethin\u00ebn e Prishtin\u00ebs dhe sa para n\u00ebp\u00ebr banka. Ky sistem \u00ebsht\u00eb nd\u00ebrtuar nga Hashim Tha\u00e7i dhe \u00ebsht\u00eb toleruar nga ambasadori i Shteteve t\u00eb Bashkuara t\u00eb Amerik\u00ebs, Christopher Dell.<\/p>\n<p>N\u00eb fund t\u00eb mandatit t\u00eb tij Dell e sheh t\u00eb udh\u00ebs t\u00eb arsyetohet p\u00ebr mosveprimet e tij dhe i fyen t\u00eb gjith\u00eb, duke th\u00ebn\u00eb: \u201cT\u00eb gjith\u00eb jeni t\u00eb korruptuar\u201d. Me sjelljet e tij, me gjestet e tij, me deklaratat e tij ambasadori Dell \u00ebsht\u00eb b\u00ebr\u00eb karikatur\u00eb e diplomacis\u00eb. Ai do t\u00eb jet\u00eb edhe pak koh\u00eb k\u00ebtu dhe opinioni do t\u00eb jet\u00eb tep\u00ebr kureshtar t\u00eb shoh se si do t\u00eb reagoj\u00eb Dell n\u00ebse prezantohen fakte p\u00ebr keqp\u00ebrdorim buxheti nga ndonj\u00eb zyrtar i lart\u00eb i shtetit. Me kukama t\u00eb kota n\u00eb fund t\u00eb mandatit nuk luftohet korrupsioni.<\/p>\n<p>*<em>Shkruar per Koha Ditore. Titulli eshte i gazetes Tema<\/em><\/p>\n","protected":false},"excerpt":{"rendered":"<p>Me sjelljet e tij, me gjestet e tij, me deklaratat e tij dhe sidomos me veprimet e tij, ambasadori amerikan Christopher Dell \u00ebsht\u00eb b\u00ebr\u00eb karikatur\u00eb e diplomacis\u00eb. N\u00eb fund t\u00eb mandatit t\u00eb tij, gjat\u00eb s\u00eb cilit u pla\u00e7kit edhe m\u00eb shum\u00eb Kosova, Dell i quan t\u00eb gjith\u00eb politikan\u00ebt t\u00eb korruptuar, madje edhe shoq\u00ebrin\u00eb kosovare. Por, [&hellip;]<\/p>\n","protected":false},"author":1,"featured_media":0,"comment_status":"open","ping_status":"closed","sticky":false,"template":"","format":"standard","meta":{"footnotes":""},"categories":[2],"tags":[],"class_list":{"0":"post-2456","1":"post","2":"type-post","3":"status-publish","4":"format-standard","6":"category-artikuj"},"yoast_head":"<!-- This site is optimized with the Yoast SEO plugin v27.4 - https:\/\/yoast.com\/product\/yoast-seo-wordpress\/ -->\n<title>Edhe aleat i pla\u00e7kitesve, edhe \u201cluft\u00ebtar\u201d i korrupsionit? - FjALA e LIR\u00cb - Arkivi<\/title>\n<meta name=\"robots\" content=\"index, follow, max-snippet:-1, max-image-preview:large, max-video-preview:-1\" \/>\n<link rel=\"canonical\" href=\"https:\/\/fjala.info\/2009-2015\/edhe-aleat-i-plackitesve-edhe-luftetar-i-korrupsionit\/\" \/>\n<meta property=\"og:locale\" content=\"sq_AL\" \/>\n<meta property=\"og:type\" content=\"article\" \/>\n<meta property=\"og:title\" content=\"Edhe aleat i pla\u00e7kitesve, edhe \u201cluft\u00ebtar\u201d i korrupsionit? - FjALA e LIR\u00cb - Arkivi\" \/>\n<meta property=\"og:description\" content=\"Me sjelljet e tij, me gjestet e tij, me deklaratat e tij dhe sidomos me veprimet e tij, ambasadori amerikan Christopher Dell \u00ebsht\u00eb b\u00ebr\u00eb karikatur\u00eb e diplomacis\u00eb. N\u00eb fund t\u00eb mandatit t\u00eb tij, gjat\u00eb s\u00eb cilit u pla\u00e7kit edhe m\u00eb shum\u00eb Kosova, Dell i quan t\u00eb gjith\u00eb politikan\u00ebt t\u00eb korruptuar, madje edhe shoq\u00ebrin\u00eb kosovare. Por, [&hellip;]\" \/>\n<meta property=\"og:url\" content=\"https:\/\/fjala.info\/2009-2015\/edhe-aleat-i-plackitesve-edhe-luftetar-i-korrupsionit\/\" \/>\n<meta property=\"og:site_name\" content=\"FjALA e LIR\u00cb - Arkivi\" \/>\n<meta property=\"article:published_time\" content=\"2012-04-11T21:16:31+00:00\" \/>\n<meta property=\"og:image\" content=\"http:\/\/www.shkoder.net\/images\/fjala\/enver_robelli.jpg\" \/>\n<meta name=\"author\" content=\"admin\" \/>\n<meta name=\"twitter:card\" content=\"summary_large_image\" \/>\n<meta name=\"twitter:label1\" content=\"Written by\" \/>\n\t<meta name=\"twitter:data1\" content=\"admin\" \/>\n\t<meta name=\"twitter:label2\" content=\"Est. reading time\" \/>\n\t<meta name=\"twitter:data2\" content=\"7 minutes\" \/>\n<script type=\"application\/ld+json\" class=\"yoast-schema-graph\">{\"@context\":\"https:\\\/\\\/schema.org\",\"@graph\":[{\"@type\":\"Article\",\"@id\":\"https:\\\/\\\/fjala.info\\\/2009-2015\\\/edhe-aleat-i-plackitesve-edhe-luftetar-i-korrupsionit\\\/#article\",\"isPartOf\":{\"@id\":\"https:\\\/\\\/fjala.info\\\/2009-2015\\\/edhe-aleat-i-plackitesve-edhe-luftetar-i-korrupsionit\\\/\"},\"author\":{\"name\":\"admin\",\"@id\":\"https:\\\/\\\/fjala.info\\\/2009-2015\\\/#\\\/schema\\\/person\\\/3aa1163ef05469c496fc94e77611ada2\"},\"headline\":\"Edhe aleat i pla\u00e7kitesve, edhe \u201cluft\u00ebtar\u201d i korrupsionit?\",\"datePublished\":\"2012-04-11T21:16:31+00:00\",\"mainEntityOfPage\":{\"@id\":\"https:\\\/\\\/fjala.info\\\/2009-2015\\\/edhe-aleat-i-plackitesve-edhe-luftetar-i-korrupsionit\\\/\"},\"wordCount\":1450,\"commentCount\":0,\"publisher\":{\"@id\":\"https:\\\/\\\/fjala.info\\\/2009-2015\\\/#organization\"},\"image\":{\"@id\":\"https:\\\/\\\/fjala.info\\\/2009-2015\\\/edhe-aleat-i-plackitesve-edhe-luftetar-i-korrupsionit\\\/#primaryimage\"},\"thumbnailUrl\":\"http:\\\/\\\/www.shkoder.net\\\/images\\\/fjala\\\/enver_robelli.jpg\",\"articleSection\":[\"Artikuj\"],\"inLanguage\":\"sq-AL\",\"potentialAction\":[{\"@type\":\"CommentAction\",\"name\":\"Comment\",\"target\":[\"https:\\\/\\\/fjala.info\\\/2009-2015\\\/edhe-aleat-i-plackitesve-edhe-luftetar-i-korrupsionit\\\/#respond\"]}]},{\"@type\":\"WebPage\",\"@id\":\"https:\\\/\\\/fjala.info\\\/2009-2015\\\/edhe-aleat-i-plackitesve-edhe-luftetar-i-korrupsionit\\\/\",\"url\":\"https:\\\/\\\/fjala.info\\\/2009-2015\\\/edhe-aleat-i-plackitesve-edhe-luftetar-i-korrupsionit\\\/\",\"name\":\"Edhe aleat i pla\u00e7kitesve, edhe \u201cluft\u00ebtar\u201d i korrupsionit? - FjALA e LIR\u00cb - Arkivi\",\"isPartOf\":{\"@id\":\"https:\\\/\\\/fjala.info\\\/2009-2015\\\/#website\"},\"primaryImageOfPage\":{\"@id\":\"https:\\\/\\\/fjala.info\\\/2009-2015\\\/edhe-aleat-i-plackitesve-edhe-luftetar-i-korrupsionit\\\/#primaryimage\"},\"image\":{\"@id\":\"https:\\\/\\\/fjala.info\\\/2009-2015\\\/edhe-aleat-i-plackitesve-edhe-luftetar-i-korrupsionit\\\/#primaryimage\"},\"thumbnailUrl\":\"http:\\\/\\\/www.shkoder.net\\\/images\\\/fjala\\\/enver_robelli.jpg\",\"datePublished\":\"2012-04-11T21:16:31+00:00\",\"breadcrumb\":{\"@id\":\"https:\\\/\\\/fjala.info\\\/2009-2015\\\/edhe-aleat-i-plackitesve-edhe-luftetar-i-korrupsionit\\\/#breadcrumb\"},\"inLanguage\":\"sq-AL\",\"potentialAction\":[{\"@type\":\"ReadAction\",\"target\":[\"https:\\\/\\\/fjala.info\\\/2009-2015\\\/edhe-aleat-i-plackitesve-edhe-luftetar-i-korrupsionit\\\/\"]}]},{\"@type\":\"ImageObject\",\"inLanguage\":\"sq-AL\",\"@id\":\"https:\\\/\\\/fjala.info\\\/2009-2015\\\/edhe-aleat-i-plackitesve-edhe-luftetar-i-korrupsionit\\\/#primaryimage\",\"url\":\"http:\\\/\\\/www.shkoder.net\\\/images\\\/fjala\\\/enver_robelli.jpg\",\"contentUrl\":\"http:\\\/\\\/www.shkoder.net\\\/images\\\/fjala\\\/enver_robelli.jpg\"},{\"@type\":\"BreadcrumbList\",\"@id\":\"https:\\\/\\\/fjala.info\\\/2009-2015\\\/edhe-aleat-i-plackitesve-edhe-luftetar-i-korrupsionit\\\/#breadcrumb\",\"itemListElement\":[{\"@type\":\"ListItem\",\"position\":1,\"name\":\"Home\",\"item\":\"https:\\\/\\\/fjala.info\\\/2009-2015\\\/\"},{\"@type\":\"ListItem\",\"position\":2,\"name\":\"Edhe aleat i pla\u00e7kitesve, edhe \u201cluft\u00ebtar\u201d i korrupsionit?\"}]},{\"@type\":\"WebSite\",\"@id\":\"https:\\\/\\\/fjala.info\\\/2009-2015\\\/#website\",\"url\":\"https:\\\/\\\/fjala.info\\\/2009-2015\\\/\",\"name\":\"FjALA e LIR\u00cb - Arkivi\",\"description\":\"Arkivi 2009-2015\",\"publisher\":{\"@id\":\"https:\\\/\\\/fjala.info\\\/2009-2015\\\/#organization\"},\"potentialAction\":[{\"@type\":\"SearchAction\",\"target\":{\"@type\":\"EntryPoint\",\"urlTemplate\":\"https:\\\/\\\/fjala.info\\\/2009-2015\\\/?s={search_term_string}\"},\"query-input\":{\"@type\":\"PropertyValueSpecification\",\"valueRequired\":true,\"valueName\":\"search_term_string\"}}],\"inLanguage\":\"sq-AL\"},{\"@type\":\"Organization\",\"@id\":\"https:\\\/\\\/fjala.info\\\/2009-2015\\\/#organization\",\"name\":\"FjALA e LIR\u00cb - Arkivi\",\"url\":\"https:\\\/\\\/fjala.info\\\/2009-2015\\\/\",\"logo\":{\"@type\":\"ImageObject\",\"inLanguage\":\"sq-AL\",\"@id\":\"https:\\\/\\\/fjala.info\\\/2009-2015\\\/#\\\/schema\\\/logo\\\/image\\\/\",\"url\":\"\",\"contentUrl\":\"\",\"caption\":\"FjALA e LIR\u00cb - Arkivi\"},\"image\":{\"@id\":\"https:\\\/\\\/fjala.info\\\/2009-2015\\\/#\\\/schema\\\/logo\\\/image\\\/\"}},{\"@type\":\"Person\",\"@id\":\"https:\\\/\\\/fjala.info\\\/2009-2015\\\/#\\\/schema\\\/person\\\/3aa1163ef05469c496fc94e77611ada2\",\"name\":\"admin\",\"image\":{\"@type\":\"ImageObject\",\"inLanguage\":\"sq-AL\",\"@id\":\"https:\\\/\\\/fjala.info\\\/2009-2015\\\/wp-content\\\/uploads\\\/2012\\\/02\\\/arben_cokaj-120x150.jpg\",\"url\":\"https:\\\/\\\/fjala.info\\\/2009-2015\\\/wp-content\\\/uploads\\\/2012\\\/02\\\/arben_cokaj-120x150.jpg\",\"contentUrl\":\"https:\\\/\\\/fjala.info\\\/2009-2015\\\/wp-content\\\/uploads\\\/2012\\\/02\\\/arben_cokaj-120x150.jpg\",\"caption\":\"admin\"},\"description\":\"Admin, Fjala e Lir\u00eb\",\"sameAs\":[\"https:\\\/\\\/fjala.info\\\/\"],\"url\":\"https:\\\/\\\/fjala.info\\\/2009-2015\\\/author\\\/admin\\\/\"}]}<\/script>\n<!-- \/ Yoast SEO plugin. -->","yoast_head_json":{"title":"Edhe aleat i pla\u00e7kitesve, edhe \u201cluft\u00ebtar\u201d i korrupsionit? - FjALA e LIR\u00cb - Arkivi","robots":{"index":"index","follow":"follow","max-snippet":"max-snippet:-1","max-image-preview":"max-image-preview:large","max-video-preview":"max-video-preview:-1"},"canonical":"https:\/\/fjala.info\/2009-2015\/edhe-aleat-i-plackitesve-edhe-luftetar-i-korrupsionit\/","og_locale":"sq_AL","og_type":"article","og_title":"Edhe aleat i pla\u00e7kitesve, edhe \u201cluft\u00ebtar\u201d i korrupsionit? - FjALA e LIR\u00cb - Arkivi","og_description":"Me sjelljet e tij, me gjestet e tij, me deklaratat e tij dhe sidomos me veprimet e tij, ambasadori amerikan Christopher Dell \u00ebsht\u00eb b\u00ebr\u00eb karikatur\u00eb e diplomacis\u00eb. N\u00eb fund t\u00eb mandatit t\u00eb tij, gjat\u00eb s\u00eb cilit u pla\u00e7kit edhe m\u00eb shum\u00eb Kosova, Dell i quan t\u00eb gjith\u00eb politikan\u00ebt t\u00eb korruptuar, madje edhe shoq\u00ebrin\u00eb kosovare. Por, [&hellip;]","og_url":"https:\/\/fjala.info\/2009-2015\/edhe-aleat-i-plackitesve-edhe-luftetar-i-korrupsionit\/","og_site_name":"FjALA e LIR\u00cb - Arkivi","article_published_time":"2012-04-11T21:16:31+00:00","og_image":[{"url":"http:\/\/www.shkoder.net\/images\/fjala\/enver_robelli.jpg","type":"","width":"","height":""}],"author":"admin","twitter_card":"summary_large_image","twitter_misc":{"Written by":"admin","Est. reading time":"7 minutes"},"schema":{"@context":"https:\/\/schema.org","@graph":[{"@type":"Article","@id":"https:\/\/fjala.info\/2009-2015\/edhe-aleat-i-plackitesve-edhe-luftetar-i-korrupsionit\/#article","isPartOf":{"@id":"https:\/\/fjala.info\/2009-2015\/edhe-aleat-i-plackitesve-edhe-luftetar-i-korrupsionit\/"},"author":{"name":"admin","@id":"https:\/\/fjala.info\/2009-2015\/#\/schema\/person\/3aa1163ef05469c496fc94e77611ada2"},"headline":"Edhe aleat i pla\u00e7kitesve, edhe \u201cluft\u00ebtar\u201d i korrupsionit?","datePublished":"2012-04-11T21:16:31+00:00","mainEntityOfPage":{"@id":"https:\/\/fjala.info\/2009-2015\/edhe-aleat-i-plackitesve-edhe-luftetar-i-korrupsionit\/"},"wordCount":1450,"commentCount":0,"publisher":{"@id":"https:\/\/fjala.info\/2009-2015\/#organization"},"image":{"@id":"https:\/\/fjala.info\/2009-2015\/edhe-aleat-i-plackitesve-edhe-luftetar-i-korrupsionit\/#primaryimage"},"thumbnailUrl":"http:\/\/www.shkoder.net\/images\/fjala\/enver_robelli.jpg","articleSection":["Artikuj"],"inLanguage":"sq-AL","potentialAction":[{"@type":"CommentAction","name":"Comment","target":["https:\/\/fjala.info\/2009-2015\/edhe-aleat-i-plackitesve-edhe-luftetar-i-korrupsionit\/#respond"]}]},{"@type":"WebPage","@id":"https:\/\/fjala.info\/2009-2015\/edhe-aleat-i-plackitesve-edhe-luftetar-i-korrupsionit\/","url":"https:\/\/fjala.info\/2009-2015\/edhe-aleat-i-plackitesve-edhe-luftetar-i-korrupsionit\/","name":"Edhe aleat i pla\u00e7kitesve, edhe \u201cluft\u00ebtar\u201d i korrupsionit? - FjALA e LIR\u00cb - Arkivi","isPartOf":{"@id":"https:\/\/fjala.info\/2009-2015\/#website"},"primaryImageOfPage":{"@id":"https:\/\/fjala.info\/2009-2015\/edhe-aleat-i-plackitesve-edhe-luftetar-i-korrupsionit\/#primaryimage"},"image":{"@id":"https:\/\/fjala.info\/2009-2015\/edhe-aleat-i-plackitesve-edhe-luftetar-i-korrupsionit\/#primaryimage"},"thumbnailUrl":"http:\/\/www.shkoder.net\/images\/fjala\/enver_robelli.jpg","datePublished":"2012-04-11T21:16:31+00:00","breadcrumb":{"@id":"https:\/\/fjala.info\/2009-2015\/edhe-aleat-i-plackitesve-edhe-luftetar-i-korrupsionit\/#breadcrumb"},"inLanguage":"sq-AL","potentialAction":[{"@type":"ReadAction","target":["https:\/\/fjala.info\/2009-2015\/edhe-aleat-i-plackitesve-edhe-luftetar-i-korrupsionit\/"]}]},{"@type":"ImageObject","inLanguage":"sq-AL","@id":"https:\/\/fjala.info\/2009-2015\/edhe-aleat-i-plackitesve-edhe-luftetar-i-korrupsionit\/#primaryimage","url":"http:\/\/www.shkoder.net\/images\/fjala\/enver_robelli.jpg","contentUrl":"http:\/\/www.shkoder.net\/images\/fjala\/enver_robelli.jpg"},{"@type":"BreadcrumbList","@id":"https:\/\/fjala.info\/2009-2015\/edhe-aleat-i-plackitesve-edhe-luftetar-i-korrupsionit\/#breadcrumb","itemListElement":[{"@type":"ListItem","position":1,"name":"Home","item":"https:\/\/fjala.info\/2009-2015\/"},{"@type":"ListItem","position":2,"name":"Edhe aleat i pla\u00e7kitesve, edhe \u201cluft\u00ebtar\u201d i korrupsionit?"}]},{"@type":"WebSite","@id":"https:\/\/fjala.info\/2009-2015\/#website","url":"https:\/\/fjala.info\/2009-2015\/","name":"FjALA e LIR\u00cb - Arkivi","description":"Arkivi 2009-2015","publisher":{"@id":"https:\/\/fjala.info\/2009-2015\/#organization"},"potentialAction":[{"@type":"SearchAction","target":{"@type":"EntryPoint","urlTemplate":"https:\/\/fjala.info\/2009-2015\/?s={search_term_string}"},"query-input":{"@type":"PropertyValueSpecification","valueRequired":true,"valueName":"search_term_string"}}],"inLanguage":"sq-AL"},{"@type":"Organization","@id":"https:\/\/fjala.info\/2009-2015\/#organization","name":"FjALA e LIR\u00cb - Arkivi","url":"https:\/\/fjala.info\/2009-2015\/","logo":{"@type":"ImageObject","inLanguage":"sq-AL","@id":"https:\/\/fjala.info\/2009-2015\/#\/schema\/logo\/image\/","url":"","contentUrl":"","caption":"FjALA e LIR\u00cb - Arkivi"},"image":{"@id":"https:\/\/fjala.info\/2009-2015\/#\/schema\/logo\/image\/"}},{"@type":"Person","@id":"https:\/\/fjala.info\/2009-2015\/#\/schema\/person\/3aa1163ef05469c496fc94e77611ada2","name":"admin","image":{"@type":"ImageObject","inLanguage":"sq-AL","@id":"https:\/\/fjala.info\/2009-2015\/wp-content\/uploads\/2012\/02\/arben_cokaj-120x150.jpg","url":"https:\/\/fjala.info\/2009-2015\/wp-content\/uploads\/2012\/02\/arben_cokaj-120x150.jpg","contentUrl":"https:\/\/fjala.info\/2009-2015\/wp-content\/uploads\/2012\/02\/arben_cokaj-120x150.jpg","caption":"admin"},"description":"Admin, Fjala e Lir\u00eb","sameAs":["https:\/\/fjala.info\/"],"url":"https:\/\/fjala.info\/2009-2015\/author\/admin\/"}]}},"_links":{"self":[{"href":"https:\/\/fjala.info\/2009-2015\/wp-json\/wp\/v2\/posts\/2456","targetHints":{"allow":["GET"]}}],"collection":[{"href":"https:\/\/fjala.info\/2009-2015\/wp-json\/wp\/v2\/posts"}],"about":[{"href":"https:\/\/fjala.info\/2009-2015\/wp-json\/wp\/v2\/types\/post"}],"author":[{"embeddable":true,"href":"https:\/\/fjala.info\/2009-2015\/wp-json\/wp\/v2\/users\/1"}],"replies":[{"embeddable":true,"href":"https:\/\/fjala.info\/2009-2015\/wp-json\/wp\/v2\/comments?post=2456"}],"version-history":[{"count":0,"href":"https:\/\/fjala.info\/2009-2015\/wp-json\/wp\/v2\/posts\/2456\/revisions"}],"wp:attachment":[{"href":"https:\/\/fjala.info\/2009-2015\/wp-json\/wp\/v2\/media?parent=2456"}],"wp:term":[{"taxonomy":"category","embeddable":true,"href":"https:\/\/fjala.info\/2009-2015\/wp-json\/wp\/v2\/categories?post=2456"},{"taxonomy":"post_tag","embeddable":true,"href":"https:\/\/fjala.info\/2009-2015\/wp-json\/wp\/v2\/tags?post=2456"}],"curies":[{"name":"wp","href":"https:\/\/api.w.org\/{rel}","templated":true}]}}