{"id":2449,"date":"2012-04-10T23:06:00","date_gmt":"2012-04-10T22:06:00","guid":{"rendered":"http:\/\/fjala.shkoder.net\/?p=2449"},"modified":"2012-04-10T23:06:00","modified_gmt":"2012-04-10T22:06:00","slug":"shqiptaret-rrjedhin-prej-mongoleve","status":"publish","type":"post","link":"https:\/\/fjala.info\/2009-2015\/shqiptaret-rrjedhin-prej-mongoleve\/","title":{"rendered":"Shqiptar\u00ebt rrjedhin prej \u2026 mongol\u00ebve!"},"content":{"rendered":"<p><img decoding=\"async\" class=\"alignleft size-thumbnail wp-image-7236\" title=\"Berisha gjak turk\" src=\"http:\/\/www.shkoder.net\/2012\/saliu_firmos_me_turkun.jpg\" alt=\"\" width=\"300\" \/> <strong>TemA Online<\/strong>, <em>10 Prill 2012<\/em><\/p>\n<p>(<em>Intervist\u00eb e nj\u00eb albanologu me Sali Berish\u00ebn<\/em>)<\/p>\n<p>&#8211; Bashvezir Sali pasha, gjyldyrym!<\/p>\n<p>&#8211; Bujrum, coglanhaber!<\/p>\n<p>&#8211; Dua t\u00eb flasim p\u00ebr vizit\u00ebn tuaj t\u00eb fundit n\u00eb Turqi. A t\u00eb fillojm\u00eb?<\/p>\n<p>&#8211; Yrysh!<\/p>\n<p>&#8211; Deklaratat tuaja, gjat\u00eb dhe pas vizit\u00ebs suaj n\u00eb Turqi, p\u00ebrb\u00ebjn\u00eb nj\u00eb rast pa precedent n\u00eb historin\u00eb e diplomacis\u00eb bot\u00ebrore. Historian\u00ebt dhe etnolog\u00ebt ngrit\u00ebn duart p\u00ebrpjet\u00eb. Sidomos albanolog\u00ebt u b\u00ebn\u00eb p\u00ebr t\u00eb vrar\u00eb veten.<\/p>\n<p>&#8211; Kush jan\u00eb k\u00ebta albanolog\u00ebt q\u00eb kan\u00eb llapur pa dijenin\u00eb dhe lejen e shtetit dhe t\u00eb qeveris\u00eb son\u00eb?<\/p>\n<p>&#8211; Franc Bop, Prosper Merime, Albin Leski, Eduard Mejer e t\u00eb tjer\u00eb.<\/p>\n<p>&#8211; Dhe p\u00ebrse u nervozuan pizeveng\u00ebt?<\/p>\n<p>&#8211; Sepse aludoni hapur p\u00ebr munges\u00ebn e aft\u00ebsive t\u00eb tyre shkencore. T\u00eb gjith\u00eb ata mbrojn\u00eb tez\u00ebn se shqiptar\u00ebt e kan\u00eb origjin\u00ebn nga Pellasg\u00ebt dhe Ilir\u00ebt.<\/p>\n<p>&#8211; At\u00ebher\u00eb, haram u qoft\u00eb! Me sa duket kan\u00eb qen\u00eb t\u00eb indoktrinuar nga propaganda komuniste.<\/p>\n<p>&#8211; Zoti Berisha, sinqerisht, mbetem pa goj\u00eb me k\u00ebto q\u00eb thoni!<\/p>\n<p>&#8211; Mos ki gajle! Sepse mungesa e goj\u00ebs te nj\u00eb njeri ka dy t\u00eb mira. Se pari nuk ha dhe k\u00ebshtu zgjidh edhe problemin e kriz\u00ebs dhe, s\u00eb dyti, nuk k\u00ebput bro\u00e7kulla pa hesap. Por, nejse! Dhe perse u habite kaq shum\u00eb, zotrote?<\/p>\n<p>&#8211; Po sepse albanolog\u00ebt q\u00eb permenda kan\u00eb vdekur t\u00eb gjith\u00eb p\u00ebrpara se t\u00eb vinte n\u00eb pushtet Enver Hoxha.<\/p>\n<p>&#8211; Harbut! M\u00eb duket se nuk e ke iden\u00eb se \u00e7\u2019ishte ideologjia komuniste. Demoni i saj \u00ebsht\u00eb kaq i fuqish\u00ebm, sa q\u00eb ndikon mendjet e njer\u00ebzve akoma dhe p\u00ebrtej varrit! Thyen \u00e7do logjik\u00eb dhe ligj t\u00eb njohur t\u00eb koh\u00ebs dhe hap\u00ebsir\u00ebs!<\/p>\n<p>&#8211; Zoti Kryeminist\u00ebr, sipas argumentimeve tuaja, shqiptar\u00ebt e kan\u00eb prejardhjen nga mongol\u00ebt?<\/p>\n<p>&#8211; Jo ore kopuk! Si t\u00eb erdhi?<\/p>\n<p>&#8211; Konkluzioni im rrjedh nga llogjika matematike e rregullit t\u00eb treshit, q\u00eb pak a shum\u00eb, do t\u00eb thot\u00eb\u2026 Meq\u00ebn\u00ebse vet\u00eb turqit pretendojn\u00eb se e kan\u00eb origjin\u00ebn nga fiset mongole, at\u00ebher\u00eb edhe shqiptar\u00ebt jan\u00eb mongol\u00eb, p\u00ebrderisa kan\u00eb lidhje gjaku me turqit! Jeni dakort?<\/p>\n<p>&#8211; Bashibozuk, ja fut kot! Kjo logjik\u00eb e rregullit t\u00eb treshit, me sa duket t\u00eb ka b\u00ebr\u00eb d\u00ebm t\u00eb madh. Dhe un\u00eb, q\u00eb t\u00eb t\u00eb ndihmoj, do ta q\u00ebroj nga faqja e dheut me nj\u00eb dekret qeveritar t\u00eb ardhsh\u00ebm. Por, nejse! N\u00ebse turqit ngulin k\u00ebmb\u00eb n\u00eb teorin\u00eb e tyre, at\u00ebher\u00eb qenka e v\u00ebrtet\u00eb.<\/p>\n<p>&#8211; Gj\u00eb q\u00eb do t\u00eb thot\u00eb se ne shqiptar\u00ebt jemi pasardh\u00ebsit e Xhengis Khanit dhe Timurlengut, t\u00eb cil\u00ebt ishin pushtuesit m\u00eb t\u00eb m\u00ebdhenj dhe m\u00eb t\u00eb eg\u00ebr t\u00eb bot\u00ebs! \u00cbsht\u00eb e v\u00ebrtet\u00eb?<\/p>\n<p>&#8211; Kjo q\u00eb po m\u00eb pyet p\u00ebrb\u00ebn sekret shtet\u00ebror dhe Kushtetuta ma ndalon q\u00eb t\u00eb flas.<\/p>\n<p>&#8211; Zoti doktor! Deklaruat n\u00eb te gjitha tonet, se turqit dhe shqiptar\u00ebt jan\u00eb popuj miq dhe me kultur\u00eb t\u00eb p\u00ebrbashk\u00ebt. Qendron shkenc\u00ebrisht kjo tez\u00eb?<\/p>\n<p>&#8211; Po, \u00ebsht\u00eb e padiskutueshme!<\/p>\n<p>&#8211; Po si \u00ebsht\u00eb e mundur q\u00eb shqiptar\u00ebt dhe turqit t\u00eb jen\u00eb popuj miq, kur dihet se p\u00ebr 500 vjet me radh\u00eb turqit ishin pushtues dhe shqiptar\u00ebt t\u00eb rob\u00ebruar?<\/p>\n<p>&#8211; Kjo nuk do t\u00eb thot\u00eb gj\u00eb! Si p\u00ebrgjigje, po t\u00eb kujtoj nj\u00eb th\u00ebnie t\u00eb romakeve t\u00eb lasht\u00eb: \u201cNe v\u00ebrtet\u00eb pushtuam grek\u00ebt, por u pushtuam edhe vet\u00eb nga kultura helene\u201d. T\u00eb nj\u00ebjt\u00ebn gj\u00eb p\u00ebsuan edhe turqit me shqiptar\u00ebt.<\/p>\n<p>&#8211; Po si ka mund\u00ebsi q\u00eb t\u00eb quhet mik populli shqiptar me at\u00eb turk, kur dihet se n\u00eb asnj\u00eb dokument t\u00eb shkruar apo th\u00ebnie gojore, n\u00eb asnj\u00eb vep\u00ebr letrare apo shprehje gjuh\u00ebsore shqipe, nuk ekziston qoft\u00eb edhe nj\u00eb fjal\u00eb e vetme pozitive p\u00ebr turqit?<\/p>\n<p>&#8211; Ato jan\u00eb holl\u00ebsira! P\u00ebrderisa e them un\u00eb, nuk ka pik\u00eb diskutimi.<\/p>\n<p>&#8211; Si \u00ebsht\u00eb e mundur q\u00eb nj\u00eb komb q\u00eb ka nxjerre nj\u00eb hero komb\u00ebtar si Sk\u00ebnderbeu, i cili u shqua n\u00eb luft\u00ebn p\u00ebr vdekje kund\u00ebr turqeve, t\u00eb quhet filoturk?<\/p>\n<p>&#8211; Le t\u00eb mbete midis nesh, por edhe Skenderbeu nuk \u00ebsht\u00eb pa gjynahe.<\/p>\n<p>&#8211; Urdh\u00ebro?<\/p>\n<p>&#8211; Dua t\u00eb them se u nxitua disi n\u00eb luft\u00ebn kund\u00ebr turqeve. Sepse po t\u00eb mos rezistonte, nuk do t\u00eb vriteshin aq dhe aq shqiptar\u00eb. M\u00eb kupton?<\/p>\n<p>&#8211; A, \u00ebe kuptova! Prandaj dhe ftuat zotin Erdogan n\u00eb festimin e 100 vjetorit \u00ebe Pavar\u00ebsis\u00eb.<\/p>\n<p>&#8211; Pik\u00ebrisht! Me sa duket, ke filluar t\u00eb kap\u00ebsh fillin e gj\u00ebrave.<\/p>\n<p>&#8211; Mir\u00ebpo, mos lind ndonj\u00eb problem me Pashko Vasen, i cili ka th\u00ebn\u00eb se\u2026 feja e shqiptarit \u00ebsht\u00eb shqiptarija\u2026<\/p>\n<p>&#8211; Ke t\u00eb drejt\u00eb, por Pashko Vasa i shkret\u00eb, n\u00eb koh\u00ebn q\u00eb i tha k\u00ebto fjal\u00eb, vuante nga arteroskleroza. Nuk mund t\u00eb them m\u00eb tep\u00ebr holl\u00ebsira, sepse ma ndalon Hipokrati.<\/p>\n<p>&#8211; Ju pretendoni se turqit dhe shqiptar\u00ebt kan\u00eb lidhje gjaku. Deri tani dinim se v\u00ebrtet shqiptar\u00ebt kishin lidhje gjaku me turqit, por e thoshim n\u00eb kuptim figurativ. Dometh\u00ebn\u00eb se i ndajn\u00eb nga nj\u00ebri-tjetri lumenj gjaku, p\u00ebrderisa u therr\u00ebn dhe u vran\u00eb per 500 vjet. Mos ishte ndonj\u00eb lapsus i \u00e7astit?<\/p>\n<p>&#8211; N\u00eb asnj\u00eb m\u00ebnyr\u00eb! Un\u00eb nuk flas me metafora, por n\u00eb aspektin e p\u00ebrzierjes gjenetike.<\/p>\n<p>&#8211; Ju thoni se Turqit edhe sot e k\u00ebsaj dite preferojn\u00eb grat\u00eb shqiptare.<\/p>\n<p>&#8211; Po, \u00ebsht\u00eb e v\u00ebrtet\u00eb!<\/p>\n<p>&#8211; Mir\u00ebpo, k\u00ebshtu del se turqit na ka\u00ebe \u2026 per 500 vjet dhe vazhdojn\u00eb edhe sot t\u00eb na b\u00ebjn\u00eb t\u00eb nj\u00ebjt\u00ebn gj\u00eb.<\/p>\n<p>&#8211; Derdimen let\u00ebrnxir\u00ebs! Mos vall\u00eb je i v\u00ebn\u00eb nga kryetari i opozit\u00ebs? N\u00ebse je i till\u00eb, at\u00ebher\u00eb do t\u00eb pushoj menj\u00ebher\u00eb nga puna!<\/p>\n<p>&#8211; \u00c7\u2019ne, zoti Berisha! Un\u00eb jam gazetar i pavarur dhe jo n\u00ebnpun\u00ebs i shtetit!<\/p>\n<p>&#8211; Gazetar i pavarur the? Ashtu? At\u00ebher\u00eb po mbyll gazet\u00ebn e pronarit t\u00ebnd. Rezultati \u00ebsht\u00eb i nj\u00ebjt\u00eb. Jazek, coglanhaber!<\/p>\n<p><em>Intervistoi Kristo Cakuli<\/em><\/p>\n","protected":false},"excerpt":{"rendered":"<p>TemA Online, 10 Prill 2012 (Intervist\u00eb e nj\u00eb albanologu me Sali Berish\u00ebn) &#8211; Bashvezir Sali pasha, gjyldyrym! &#8211; Bujrum, coglanhaber! &#8211; Dua t\u00eb flasim p\u00ebr vizit\u00ebn tuaj t\u00eb fundit n\u00eb Turqi. A t\u00eb fillojm\u00eb? &#8211; Yrysh! &#8211; Deklaratat tuaja, gjat\u00eb dhe pas vizit\u00ebs suaj n\u00eb Turqi, p\u00ebrb\u00ebjn\u00eb nj\u00eb rast pa precedent n\u00eb historin\u00eb e diplomacis\u00eb [&hellip;]<\/p>\n","protected":false},"author":1,"featured_media":0,"comment_status":"open","ping_status":"closed","sticky":false,"template":"","format":"standard","meta":{"footnotes":""},"categories":[4],"tags":[],"class_list":{"0":"post-2449","1":"post","2":"type-post","3":"status-publish","4":"format-standard","6":"category-intervista"},"yoast_head":"<!-- This site is optimized with the Yoast SEO plugin v27.4 - https:\/\/yoast.com\/product\/yoast-seo-wordpress\/ -->\n<title>Shqiptar\u00ebt rrjedhin prej \u2026 mongol\u00ebve! - FjALA e LIR\u00cb - Arkivi<\/title>\n<meta name=\"robots\" content=\"index, follow, max-snippet:-1, max-image-preview:large, max-video-preview:-1\" \/>\n<link rel=\"canonical\" href=\"https:\/\/fjala.info\/2009-2015\/shqiptaret-rrjedhin-prej-mongoleve\/\" \/>\n<meta property=\"og:locale\" content=\"sq_AL\" \/>\n<meta property=\"og:type\" content=\"article\" \/>\n<meta property=\"og:title\" content=\"Shqiptar\u00ebt rrjedhin prej \u2026 mongol\u00ebve! - FjALA e LIR\u00cb - Arkivi\" \/>\n<meta property=\"og:description\" content=\"TemA Online, 10 Prill 2012 (Intervist\u00eb e nj\u00eb albanologu me Sali Berish\u00ebn) &#8211; Bashvezir Sali pasha, gjyldyrym! &#8211; Bujrum, coglanhaber! &#8211; Dua t\u00eb flasim p\u00ebr vizit\u00ebn tuaj t\u00eb fundit n\u00eb Turqi. A t\u00eb fillojm\u00eb? &#8211; Yrysh! &#8211; Deklaratat tuaja, gjat\u00eb dhe pas vizit\u00ebs suaj n\u00eb Turqi, p\u00ebrb\u00ebjn\u00eb nj\u00eb rast pa precedent n\u00eb historin\u00eb e diplomacis\u00eb [&hellip;]\" \/>\n<meta property=\"og:url\" content=\"https:\/\/fjala.info\/2009-2015\/shqiptaret-rrjedhin-prej-mongoleve\/\" \/>\n<meta property=\"og:site_name\" content=\"FjALA e LIR\u00cb - Arkivi\" \/>\n<meta property=\"article:published_time\" content=\"2012-04-10T22:06:00+00:00\" \/>\n<meta property=\"og:image\" content=\"http:\/\/www.shkoder.net\/2012\/saliu_firmos_me_turkun.jpg\" \/>\n<meta name=\"author\" content=\"admin\" \/>\n<meta name=\"twitter:card\" content=\"summary_large_image\" \/>\n<meta name=\"twitter:label1\" content=\"Written by\" \/>\n\t<meta name=\"twitter:data1\" content=\"admin\" \/>\n\t<meta name=\"twitter:label2\" content=\"Est. reading time\" \/>\n\t<meta name=\"twitter:data2\" content=\"5 minutes\" \/>\n<script type=\"application\/ld+json\" class=\"yoast-schema-graph\">{\"@context\":\"https:\\\/\\\/schema.org\",\"@graph\":[{\"@type\":\"Article\",\"@id\":\"https:\\\/\\\/fjala.info\\\/2009-2015\\\/shqiptaret-rrjedhin-prej-mongoleve\\\/#article\",\"isPartOf\":{\"@id\":\"https:\\\/\\\/fjala.info\\\/2009-2015\\\/shqiptaret-rrjedhin-prej-mongoleve\\\/\"},\"author\":{\"name\":\"admin\",\"@id\":\"https:\\\/\\\/fjala.info\\\/2009-2015\\\/#\\\/schema\\\/person\\\/3aa1163ef05469c496fc94e77611ada2\"},\"headline\":\"Shqiptar\u00ebt rrjedhin prej \u2026 mongol\u00ebve!\",\"datePublished\":\"2012-04-10T22:06:00+00:00\",\"mainEntityOfPage\":{\"@id\":\"https:\\\/\\\/fjala.info\\\/2009-2015\\\/shqiptaret-rrjedhin-prej-mongoleve\\\/\"},\"wordCount\":1023,\"commentCount\":0,\"publisher\":{\"@id\":\"https:\\\/\\\/fjala.info\\\/2009-2015\\\/#organization\"},\"image\":{\"@id\":\"https:\\\/\\\/fjala.info\\\/2009-2015\\\/shqiptaret-rrjedhin-prej-mongoleve\\\/#primaryimage\"},\"thumbnailUrl\":\"http:\\\/\\\/www.shkoder.net\\\/2012\\\/saliu_firmos_me_turkun.jpg\",\"articleSection\":[\"Intervista\"],\"inLanguage\":\"sq-AL\",\"potentialAction\":[{\"@type\":\"CommentAction\",\"name\":\"Comment\",\"target\":[\"https:\\\/\\\/fjala.info\\\/2009-2015\\\/shqiptaret-rrjedhin-prej-mongoleve\\\/#respond\"]}]},{\"@type\":\"WebPage\",\"@id\":\"https:\\\/\\\/fjala.info\\\/2009-2015\\\/shqiptaret-rrjedhin-prej-mongoleve\\\/\",\"url\":\"https:\\\/\\\/fjala.info\\\/2009-2015\\\/shqiptaret-rrjedhin-prej-mongoleve\\\/\",\"name\":\"Shqiptar\u00ebt rrjedhin prej \u2026 mongol\u00ebve! - FjALA e LIR\u00cb - Arkivi\",\"isPartOf\":{\"@id\":\"https:\\\/\\\/fjala.info\\\/2009-2015\\\/#website\"},\"primaryImageOfPage\":{\"@id\":\"https:\\\/\\\/fjala.info\\\/2009-2015\\\/shqiptaret-rrjedhin-prej-mongoleve\\\/#primaryimage\"},\"image\":{\"@id\":\"https:\\\/\\\/fjala.info\\\/2009-2015\\\/shqiptaret-rrjedhin-prej-mongoleve\\\/#primaryimage\"},\"thumbnailUrl\":\"http:\\\/\\\/www.shkoder.net\\\/2012\\\/saliu_firmos_me_turkun.jpg\",\"datePublished\":\"2012-04-10T22:06:00+00:00\",\"breadcrumb\":{\"@id\":\"https:\\\/\\\/fjala.info\\\/2009-2015\\\/shqiptaret-rrjedhin-prej-mongoleve\\\/#breadcrumb\"},\"inLanguage\":\"sq-AL\",\"potentialAction\":[{\"@type\":\"ReadAction\",\"target\":[\"https:\\\/\\\/fjala.info\\\/2009-2015\\\/shqiptaret-rrjedhin-prej-mongoleve\\\/\"]}]},{\"@type\":\"ImageObject\",\"inLanguage\":\"sq-AL\",\"@id\":\"https:\\\/\\\/fjala.info\\\/2009-2015\\\/shqiptaret-rrjedhin-prej-mongoleve\\\/#primaryimage\",\"url\":\"http:\\\/\\\/www.shkoder.net\\\/2012\\\/saliu_firmos_me_turkun.jpg\",\"contentUrl\":\"http:\\\/\\\/www.shkoder.net\\\/2012\\\/saliu_firmos_me_turkun.jpg\"},{\"@type\":\"BreadcrumbList\",\"@id\":\"https:\\\/\\\/fjala.info\\\/2009-2015\\\/shqiptaret-rrjedhin-prej-mongoleve\\\/#breadcrumb\",\"itemListElement\":[{\"@type\":\"ListItem\",\"position\":1,\"name\":\"Home\",\"item\":\"https:\\\/\\\/fjala.info\\\/2009-2015\\\/\"},{\"@type\":\"ListItem\",\"position\":2,\"name\":\"Shqiptar\u00ebt rrjedhin prej \u2026 mongol\u00ebve!\"}]},{\"@type\":\"WebSite\",\"@id\":\"https:\\\/\\\/fjala.info\\\/2009-2015\\\/#website\",\"url\":\"https:\\\/\\\/fjala.info\\\/2009-2015\\\/\",\"name\":\"FjALA e LIR\u00cb - Arkivi\",\"description\":\"Arkivi 2009-2015\",\"publisher\":{\"@id\":\"https:\\\/\\\/fjala.info\\\/2009-2015\\\/#organization\"},\"potentialAction\":[{\"@type\":\"SearchAction\",\"target\":{\"@type\":\"EntryPoint\",\"urlTemplate\":\"https:\\\/\\\/fjala.info\\\/2009-2015\\\/?s={search_term_string}\"},\"query-input\":{\"@type\":\"PropertyValueSpecification\",\"valueRequired\":true,\"valueName\":\"search_term_string\"}}],\"inLanguage\":\"sq-AL\"},{\"@type\":\"Organization\",\"@id\":\"https:\\\/\\\/fjala.info\\\/2009-2015\\\/#organization\",\"name\":\"FjALA e LIR\u00cb - Arkivi\",\"url\":\"https:\\\/\\\/fjala.info\\\/2009-2015\\\/\",\"logo\":{\"@type\":\"ImageObject\",\"inLanguage\":\"sq-AL\",\"@id\":\"https:\\\/\\\/fjala.info\\\/2009-2015\\\/#\\\/schema\\\/logo\\\/image\\\/\",\"url\":\"\",\"contentUrl\":\"\",\"caption\":\"FjALA e LIR\u00cb - Arkivi\"},\"image\":{\"@id\":\"https:\\\/\\\/fjala.info\\\/2009-2015\\\/#\\\/schema\\\/logo\\\/image\\\/\"}},{\"@type\":\"Person\",\"@id\":\"https:\\\/\\\/fjala.info\\\/2009-2015\\\/#\\\/schema\\\/person\\\/3aa1163ef05469c496fc94e77611ada2\",\"name\":\"admin\",\"image\":{\"@type\":\"ImageObject\",\"inLanguage\":\"sq-AL\",\"@id\":\"https:\\\/\\\/fjala.info\\\/2009-2015\\\/wp-content\\\/uploads\\\/2012\\\/02\\\/arben_cokaj-120x150.jpg\",\"url\":\"https:\\\/\\\/fjala.info\\\/2009-2015\\\/wp-content\\\/uploads\\\/2012\\\/02\\\/arben_cokaj-120x150.jpg\",\"contentUrl\":\"https:\\\/\\\/fjala.info\\\/2009-2015\\\/wp-content\\\/uploads\\\/2012\\\/02\\\/arben_cokaj-120x150.jpg\",\"caption\":\"admin\"},\"description\":\"Admin, Fjala e Lir\u00eb\",\"sameAs\":[\"https:\\\/\\\/fjala.info\\\/\"],\"url\":\"https:\\\/\\\/fjala.info\\\/2009-2015\\\/author\\\/admin\\\/\"}]}<\/script>\n<!-- \/ Yoast SEO plugin. -->","yoast_head_json":{"title":"Shqiptar\u00ebt rrjedhin prej \u2026 mongol\u00ebve! - FjALA e LIR\u00cb - Arkivi","robots":{"index":"index","follow":"follow","max-snippet":"max-snippet:-1","max-image-preview":"max-image-preview:large","max-video-preview":"max-video-preview:-1"},"canonical":"https:\/\/fjala.info\/2009-2015\/shqiptaret-rrjedhin-prej-mongoleve\/","og_locale":"sq_AL","og_type":"article","og_title":"Shqiptar\u00ebt rrjedhin prej \u2026 mongol\u00ebve! - FjALA e LIR\u00cb - Arkivi","og_description":"TemA Online, 10 Prill 2012 (Intervist\u00eb e nj\u00eb albanologu me Sali Berish\u00ebn) &#8211; Bashvezir Sali pasha, gjyldyrym! &#8211; Bujrum, coglanhaber! &#8211; Dua t\u00eb flasim p\u00ebr vizit\u00ebn tuaj t\u00eb fundit n\u00eb Turqi. A t\u00eb fillojm\u00eb? &#8211; Yrysh! &#8211; Deklaratat tuaja, gjat\u00eb dhe pas vizit\u00ebs suaj n\u00eb Turqi, p\u00ebrb\u00ebjn\u00eb nj\u00eb rast pa precedent n\u00eb historin\u00eb e diplomacis\u00eb [&hellip;]","og_url":"https:\/\/fjala.info\/2009-2015\/shqiptaret-rrjedhin-prej-mongoleve\/","og_site_name":"FjALA e LIR\u00cb - Arkivi","article_published_time":"2012-04-10T22:06:00+00:00","og_image":[{"url":"http:\/\/www.shkoder.net\/2012\/saliu_firmos_me_turkun.jpg","type":"","width":"","height":""}],"author":"admin","twitter_card":"summary_large_image","twitter_misc":{"Written by":"admin","Est. reading time":"5 minutes"},"schema":{"@context":"https:\/\/schema.org","@graph":[{"@type":"Article","@id":"https:\/\/fjala.info\/2009-2015\/shqiptaret-rrjedhin-prej-mongoleve\/#article","isPartOf":{"@id":"https:\/\/fjala.info\/2009-2015\/shqiptaret-rrjedhin-prej-mongoleve\/"},"author":{"name":"admin","@id":"https:\/\/fjala.info\/2009-2015\/#\/schema\/person\/3aa1163ef05469c496fc94e77611ada2"},"headline":"Shqiptar\u00ebt rrjedhin prej \u2026 mongol\u00ebve!","datePublished":"2012-04-10T22:06:00+00:00","mainEntityOfPage":{"@id":"https:\/\/fjala.info\/2009-2015\/shqiptaret-rrjedhin-prej-mongoleve\/"},"wordCount":1023,"commentCount":0,"publisher":{"@id":"https:\/\/fjala.info\/2009-2015\/#organization"},"image":{"@id":"https:\/\/fjala.info\/2009-2015\/shqiptaret-rrjedhin-prej-mongoleve\/#primaryimage"},"thumbnailUrl":"http:\/\/www.shkoder.net\/2012\/saliu_firmos_me_turkun.jpg","articleSection":["Intervista"],"inLanguage":"sq-AL","potentialAction":[{"@type":"CommentAction","name":"Comment","target":["https:\/\/fjala.info\/2009-2015\/shqiptaret-rrjedhin-prej-mongoleve\/#respond"]}]},{"@type":"WebPage","@id":"https:\/\/fjala.info\/2009-2015\/shqiptaret-rrjedhin-prej-mongoleve\/","url":"https:\/\/fjala.info\/2009-2015\/shqiptaret-rrjedhin-prej-mongoleve\/","name":"Shqiptar\u00ebt rrjedhin prej \u2026 mongol\u00ebve! - FjALA e LIR\u00cb - Arkivi","isPartOf":{"@id":"https:\/\/fjala.info\/2009-2015\/#website"},"primaryImageOfPage":{"@id":"https:\/\/fjala.info\/2009-2015\/shqiptaret-rrjedhin-prej-mongoleve\/#primaryimage"},"image":{"@id":"https:\/\/fjala.info\/2009-2015\/shqiptaret-rrjedhin-prej-mongoleve\/#primaryimage"},"thumbnailUrl":"http:\/\/www.shkoder.net\/2012\/saliu_firmos_me_turkun.jpg","datePublished":"2012-04-10T22:06:00+00:00","breadcrumb":{"@id":"https:\/\/fjala.info\/2009-2015\/shqiptaret-rrjedhin-prej-mongoleve\/#breadcrumb"},"inLanguage":"sq-AL","potentialAction":[{"@type":"ReadAction","target":["https:\/\/fjala.info\/2009-2015\/shqiptaret-rrjedhin-prej-mongoleve\/"]}]},{"@type":"ImageObject","inLanguage":"sq-AL","@id":"https:\/\/fjala.info\/2009-2015\/shqiptaret-rrjedhin-prej-mongoleve\/#primaryimage","url":"http:\/\/www.shkoder.net\/2012\/saliu_firmos_me_turkun.jpg","contentUrl":"http:\/\/www.shkoder.net\/2012\/saliu_firmos_me_turkun.jpg"},{"@type":"BreadcrumbList","@id":"https:\/\/fjala.info\/2009-2015\/shqiptaret-rrjedhin-prej-mongoleve\/#breadcrumb","itemListElement":[{"@type":"ListItem","position":1,"name":"Home","item":"https:\/\/fjala.info\/2009-2015\/"},{"@type":"ListItem","position":2,"name":"Shqiptar\u00ebt rrjedhin prej \u2026 mongol\u00ebve!"}]},{"@type":"WebSite","@id":"https:\/\/fjala.info\/2009-2015\/#website","url":"https:\/\/fjala.info\/2009-2015\/","name":"FjALA e LIR\u00cb - Arkivi","description":"Arkivi 2009-2015","publisher":{"@id":"https:\/\/fjala.info\/2009-2015\/#organization"},"potentialAction":[{"@type":"SearchAction","target":{"@type":"EntryPoint","urlTemplate":"https:\/\/fjala.info\/2009-2015\/?s={search_term_string}"},"query-input":{"@type":"PropertyValueSpecification","valueRequired":true,"valueName":"search_term_string"}}],"inLanguage":"sq-AL"},{"@type":"Organization","@id":"https:\/\/fjala.info\/2009-2015\/#organization","name":"FjALA e LIR\u00cb - Arkivi","url":"https:\/\/fjala.info\/2009-2015\/","logo":{"@type":"ImageObject","inLanguage":"sq-AL","@id":"https:\/\/fjala.info\/2009-2015\/#\/schema\/logo\/image\/","url":"","contentUrl":"","caption":"FjALA e LIR\u00cb - Arkivi"},"image":{"@id":"https:\/\/fjala.info\/2009-2015\/#\/schema\/logo\/image\/"}},{"@type":"Person","@id":"https:\/\/fjala.info\/2009-2015\/#\/schema\/person\/3aa1163ef05469c496fc94e77611ada2","name":"admin","image":{"@type":"ImageObject","inLanguage":"sq-AL","@id":"https:\/\/fjala.info\/2009-2015\/wp-content\/uploads\/2012\/02\/arben_cokaj-120x150.jpg","url":"https:\/\/fjala.info\/2009-2015\/wp-content\/uploads\/2012\/02\/arben_cokaj-120x150.jpg","contentUrl":"https:\/\/fjala.info\/2009-2015\/wp-content\/uploads\/2012\/02\/arben_cokaj-120x150.jpg","caption":"admin"},"description":"Admin, Fjala e Lir\u00eb","sameAs":["https:\/\/fjala.info\/"],"url":"https:\/\/fjala.info\/2009-2015\/author\/admin\/"}]}},"_links":{"self":[{"href":"https:\/\/fjala.info\/2009-2015\/wp-json\/wp\/v2\/posts\/2449","targetHints":{"allow":["GET"]}}],"collection":[{"href":"https:\/\/fjala.info\/2009-2015\/wp-json\/wp\/v2\/posts"}],"about":[{"href":"https:\/\/fjala.info\/2009-2015\/wp-json\/wp\/v2\/types\/post"}],"author":[{"embeddable":true,"href":"https:\/\/fjala.info\/2009-2015\/wp-json\/wp\/v2\/users\/1"}],"replies":[{"embeddable":true,"href":"https:\/\/fjala.info\/2009-2015\/wp-json\/wp\/v2\/comments?post=2449"}],"version-history":[{"count":0,"href":"https:\/\/fjala.info\/2009-2015\/wp-json\/wp\/v2\/posts\/2449\/revisions"}],"wp:attachment":[{"href":"https:\/\/fjala.info\/2009-2015\/wp-json\/wp\/v2\/media?parent=2449"}],"wp:term":[{"taxonomy":"category","embeddable":true,"href":"https:\/\/fjala.info\/2009-2015\/wp-json\/wp\/v2\/categories?post=2449"},{"taxonomy":"post_tag","embeddable":true,"href":"https:\/\/fjala.info\/2009-2015\/wp-json\/wp\/v2\/tags?post=2449"}],"curies":[{"name":"wp","href":"https:\/\/api.w.org\/{rel}","templated":true}]}}