{"id":2441,"date":"2012-04-09T21:54:35","date_gmt":"2012-04-09T20:54:35","guid":{"rendered":"http:\/\/fjala.shkoder.net\/?p=2441"},"modified":"2012-04-09T21:54:35","modified_gmt":"2012-04-09T20:54:35","slug":"ne-dardani-diskriminohen-shqiptaret-e-besimit-katolik","status":"publish","type":"post","link":"https:\/\/fjala.info\/2009-2015\/ne-dardani-diskriminohen-shqiptaret-e-besimit-katolik\/","title":{"rendered":"N\u00cb DARDANI DISKRIMINOHEN SHQIPTAR\u00cbT E BESIMIT KATOLIK"},"content":{"rendered":"<p><img decoding=\"async\" class=\"alignright size-thumbnail wp-image-7236\" title=\"Selim M. Nengurra\" src=\"http:\/\/www.shkoder.net\/2012\/selim_nengurra.jpg\" alt=\"\" width=\"150\" \/> <strong>Selim M. Nengurra<\/strong><\/p>\n<p>Dikush do thot\u00eb se jan\u00eb fjal\u00eb t\u00eb m\u00ebdhaja k\u00ebto, do shtrohet pyetja: A mos asht akuz\u00eb e madhe kjo? Dikush do thot\u00eb ashtu asht e dikush nuk do thot\u00eb asgja, do hesht\u00eb, ashtu sikur po hesht\u00eb ky popull i shkret\u00eb per shum\u00e7ka q\u00eb po ndodh\u00eb n\u00eb trojet tona etnike shqiptare e per \u00e7ka nuk ishte dasht\u00eb t\u00eb hesht\u00eb.<\/p>\n<p>Un\u00eb n\u00eb radh\u00eb t\u00eb par\u00eb si njeri, pastaj si qytetar\u00eb, dhe si shqiptar\u00eb pa asnjifar\u00eb mundi as fushate hulumtuese gazetareske \u00e7ak nga Norvegjia kam pa k\u00ebto 12 vite pas \u00e7lirimit t\u00eb Dardanis\u00eb se sa poshtersisht\u00eb po diskriminohen KATOLIKET SHQIPTAR\u00cb. Do i numroj\u00eb disa nga shembujt q\u00eb vertetojn\u00eb k\u00ebt\u00eb q\u00eb tham\u00eb.<\/p>\n<p>1.Lajmi se do nd\u00ebrtohej KATEDRALJA \u201cNANA TEREZE\u201d ngjalli reagime dhe debate t\u00eb tmerrshme kund\u00ebr nd\u00ebrtimit t\u00eb saj.<\/p>\n<p>Padyshim se nuk do ndertohej fare po t\u00eb kishin pas\u00eb guxim masat e lukunis\u00eb injorante shqipfol\u00ebse t\u2019i kunderviheshin forcave t\u00eb KFOR-it dhe UNMIK-ut, t\u00eb cilat porsa u vendosen n\u00eb Dardani, u detyruen t\u00eb banin roje me policin\u00eb e tyne edhe n\u00eb ato kisha katolike shqiptare, q\u00eb ishin aty me shekuj, nga frika se rruga\u00e7ria e territ shpirtnor oriental mund t\u2019i sulmonte e shkatrronte ato s\u00eb bashku me kishat e manastiret tjera, q\u00eb tashma po konsiderohen si kisha e manastire serbe.<\/p>\n<p>Un\u00eb nuk u \u00e7udita kur shkova n\u00eb vendlindje n\u00eb vitin 2000 pse bahej roje policore te kisha serbe n\u00eb qend\u00ebr t\u00eb Istogut, por nuk kuptoja dhe nuk pajtohesha kur shifja roje policore n\u00eb Kishen Katolike n\u00eb Ulpian\u00eb, n\u00eb Prishtin\u00eb. K\u00ebt\u00eb e shihja sa here dilja n\u00eb ballkonin e banes\u00ebs s\u00eb kunatit tim ku edhe baja pushimin, mbasi sht\u00ebpia ime ishte rrenue e ba shkrumb nga komshijt\u00eb serb\u00eb gjat\u00eb luft\u00ebs.<\/p>\n<p>Bisedoja me njer\u00ebz dhe atyne nuk u bante p\u00ebrshtypje kjo fare. Un\u00eb isha kategorik se nuk ka nevoj\u00eb t\u00eb ruhen kishat, sepse na si komb gjithmon\u00eb kemi respektue objektet e kultit dhe faltoret, si tonat ashtu edhe t\u00eb t\u00eb tjer\u00ebve. Mir\u00ebpo, me koh\u00eb kuptova se nderkomb\u00ebtaret kishin nuhat\u00eb, q\u00eb ato objekte mund t\u00eb baheshin cak i sulmeve ekstreme islamiste, prandaj vendosen rojet.<\/p>\n<p>Se paskan pas\u00eb t\u00eb drejt\u00eb nderkomb\u00ebtaret, u vertetue katercipisht n\u00eb vitin 2004, kur disa rruge\u00e7en, injorant\u00eb e antishqiptar\u00eb sulmuen gjoja serbet n\u00eb \u00c7agallavic\u00eb e ma von\u00eb n\u00eb Veri t\u00eb Mitrovic\u00ebs dhe gjithandej Dardanis\u00eb dhe me k\u00ebt\u00eb rast ata u vun\u00eb zjarrin edhe faltoreve t\u00eb besimeve t\u00eb krishtena. Padyshim po sikur mos t\u00eb hasnin n\u00eb rezistenc\u00eb dhe injorim total nga pjesa dermuese e kombit shqiptar\u00eb t\u00eb Dardanis\u00eb, kallja e kishave do perfundonte me shkatrrimin e atyne kishave Shqiptare Katolike dhe vetem nji Zot di se \u00e7ka do ndodhte ma tutje.<\/p>\n<p>2. Mbasi nuk paten forca as guxim ta ndalonin nd\u00ebrtimin e Katedrales, se me gjith\u00eb deshir\u00eb do e banin, n\u00eb pik\u00eb t\u00eb dites sulmohet njeriu ma i urt\u00eb dhe ma aktiv per \u00e7ashtjen shqiptare n\u00eb pergjithsi, Prifti Don Lush Gjergji, q\u00eb ishte n\u00eb shoqni edhe t\u00eb dy priftave t\u00eb tjer\u00eb, dhe pla\u00e7kitet. Padyshim se sulmi nuk kishte qellim pla\u00e7kitjen e Priftit, por pse ai nga simpatizantet e territ oriental konsiderohet si katoliku ma i madh\u00eb n\u00eb Dardani, dhe krahas Dr. Ibrahim Rugov\u00ebs, fajtori ma i madh pse ndertohej KATEDRALJA.<\/p>\n<p>3. P\u00ebr t\u2019i irritue dhe per t\u2019i detyrue ndoshta me u shp\u00ebrngul\u00eb nga trojet e veta, disa vahabi ekstrem shkojn\u00eb dhe nd\u00ebrtojn\u00eb xhamin\u00eb me dy minare n\u00eb zemren e lagjes s\u00eb shqiptar\u00ebve t\u00eb besimit katolik n\u00eb Klin\u00eb.<\/p>\n<p>4. Gjat\u00eb fushates elektorale per zgjedhjet e fundit lokale kandidati i PDK-s\u00eb s\u00eb Hashim Thaqit, z. Sokol Bashsota n\u00eb Klin\u00eb sjell nga katundet e Drenic\u00ebs me autobusa disa mij\u00eb injorant per ti brohorit ati e per ti frigue vendoret klinas dhe mes tjerash ai n\u00eb foltore deklaron: Nese doni Europ\u00eb e Kisha votoni kandidatin e AAK-s\u00eb, nese doni xhamija voten ma jepni mue dhe ju premtoj\u00eb se do i baj\u00eb katundet e Lugdrinit me ra shahadet. Po e perkujtoj\u00eb se n\u00eb ato katunde kryesisht\u00eb jan\u00eb shqiptaret e besimit katolik.<\/p>\n<p>5. Hoxhallar\u00eb e imama t\u00eb ndryshem shqipfolsa, si p.sh. Shefqet Krasniqi, haptas dalin e flasin kund\u00ebr personaliteteve ma t\u00eb shqueme komb\u00ebtare shqiptare vetem per \u201cFAJIN\u201d se ata jan\u00eb t\u00eb besimit Katolik. Jan\u00eb sot me qindra mija faqe shkrime n\u00eb saide interneti dhe n\u00eb gazeta t\u00eb ndryshme ku sulmohet me shamje, trillime e shpifje me fjalorin ma banal Dr. Ibrahim Rugova per \u201cFAJIN\u201d pse studjoi Vepr\u00ebn e Pjet\u00ebr Bogdanit, pse vendosi me fuqin\u00eb e postit t\u00eb Presidentit t\u00eb Shtetit q\u00eb kishte q\u00eb edhe Dardania dhe shqiptar\u00ebt e saj ta ken\u00eb n\u00eb metropolen e tyne n\u00eb Prishtin\u00eb Katedralen. Ky imam, me gjak dhe gen shpirtziu orientalist e karpatian, shau e mallkoi publikisht disa her\u00eb t\u00eb Lumen Nana Tereze.<\/p>\n<p>6. Kam d\u00ebgjue nga disa miq e v\u00ebllazen t\u00eb mi shqiptar\u00eb t\u00eb besimit katolik se si n\u00eb disa katunde t\u00eb anes s\u00eb Prizrenit e rrethit t\u00eb Gjakoves, edhe n\u00eb shkolla ndahen nxansit dhe femijet katolik\u00eb, provohet me t\u00eb gjitha forcat me i nda nga klasat e shkoll\u00ebs me v\u00ebllaznit dhe motrat e tyne poashtu shqiptar\u00eb, por pa fajin dhe pa vullnetin e tyne t\u00eb besimit islam.<\/p>\n<p>Nji segregacion t\u00eb till\u00eb pat ba per kohen e vet\u00eb vetem kasapi i Gadishullit Ilirik, Slobodan Miloseviq, me nxansat shqiptar\u00eb kur iu pat ndalue shkollimin n\u00ebn t\u00eb njejten \u00e7ati me nxansat serb\u00eb dhe kjo pat detyrue pastaj Liderin Gjithshqiptar\u00eb t\u00eb asaj kohe, Dr. Ibrahim Rugov\u00ebn, per t\u2019i hap\u00eb shkollat paralele. Dihet se si funksionuen per 10 vite t\u00eb ashtuquejtunat SHKOLLA SHTEPIA.<\/p>\n<p>A thue vall\u00eb ( mos o Zot ) do detyrohen tash edhe v\u00ebllaznit ton\u00eb t\u00eb gjakut, per shkak t\u00eb injoranc\u00ebs ton\u00eb kombtare, shtetnore, institucionale e akademike, t\u00eb hapin shkolla t\u00eb tilla, apo t\u00eb marrin boten n\u00eb sy sikur pat marr populli shqiptar i Dardanis\u00eb n\u00eb spastrimin total t\u00eb Dardanis\u00eb n\u00eb pranveren e vitit 1999?!<\/p>\n<p>Dhe nese v\u00ebllaznit tan\u00eb shqiptar\u00eb katolik\u00eb do shp\u00ebrngulen nga trojet e veta st\u00ebrgjyshore, kush do vendoset n\u00eb ato troje?! Do vendosen gjakprishunit shqipfol\u00ebsa, adhurues t\u00eb Rexhep Taip Erdoganit turk, i cili n\u00eb Dardani sillet si n\u00eb sht\u00ebpin\u00eb e vet\u00eb. Dhe sillet k\u00ebshtu sepse atij ia kan\u00eb hap\u00eb dyert dhe krahet dhe e kan\u00eb perqafue pushtetaret e Dardanis\u00eb, me n\u00eb krye kryeministrin Hashim Thaqi dhe me liderin Vahabi t\u00eb Dardanis\u00eb ( sipas sherbimeve sekrete n\u00eb SHBA ) Naim Ternava.<\/p>\n<p>7. Para dy dit\u00ebve pjestari i asambles\u00eb komunale n\u00eb Prizren, Prof. Nue Oroshi, bani publike dorheqjen e tij nga kjo asamble per faktin se ai aty diskriminohet, se zani i tij injorohet, se t\u00eb drejtat komb\u00ebtare t\u00eb atij vet\u00eb dhe t\u00eb pjestar\u00ebve shqiptar\u00eb t\u00eb besimit katolik\u00eb diskriminohen dhe ata nuk trajtohen as si qytetar\u00eb t\u00eb rendit t\u00eb fundit, trajtohen edhe ma keq. Dhe krejt kjo per faktin se Prizrenin, k\u00ebt\u00eb Metropol\u00eb t\u00eb par\u00eb gjith\u00ebshqiptare ( qershor 1878 ), sot e kan\u00eb marr\u00eb turqit e Erdoganit, Davudoglu-s dhe Abdullah Gyl-it.<\/p>\n<p>8. Diskriminohen shqiptaret e besimit katolik n\u00eb Dardani edhe per faktin se, ta zam\u00eb, n\u00eb Prizren, katundari nga Zhuri, q\u00eb para dy-tri viteve ka zbrit\u00eb me jetue n\u00eb qytet, mbrenda nate deklarohet turk dhe harron gjuhen shqipe. E ndrron ate me turqishten e sulltan\u00ebve. Dhe pikrisht t\u00eb till\u00ebt edhe provokojn\u00eb ma s\u00eb shumti v\u00ebllaznit e tyne shqiptar\u00eb katolik\u00eb.<br \/>\nUn\u00eb \u00e7uditem se si mund t\u00eb jet\u00eb turk qytetari me k\u00ebta mbiemna: Morina, Krasniqi, Kryezi, Shala etj, etj mbiemna q\u00eb t\u00eb gjith\u00eb t\u00eb krijuem n\u00eb emna fisesh shqiptare ?!<\/p>\n<p>Pra shqiptaret e vertet\u00eb, pasardh\u00ebsit e atyne q\u00eb na ruejten gjuh\u00eb e kultur\u00eb, histori e tradit\u00eb, sternipat e Gjergj Kastriotit, Lek\u00eb Dukagjinit, Pjeter Bogdanit, Pjeter Budit, Gjon Buzukut, Gjergj Fisht\u00ebs, Gurakuq\u00ebve e Gazullor\u00ebve, sot diskriminohen dhe atyne duhet dal\u00eb n\u00eb ndihm\u00eb.<br \/>\nT\u2019i mbrojm\u00eb sepse jan\u00eb gjaku yn\u00eb, jan\u00eb pjesa e mishit dhe kockes ton\u00eb, t\u2019u themi (atyne q\u00eb diskriminojn\u00eb) neve t\u00eb tjeret q\u00eb ja pra, po d\u00ebshrojm\u00eb me u lidh\u00eb namaz n\u00eb vend se me u perkul\u00eb para Jezuit se neve t\u00eb gjith\u00eb jemi SHQIPTAR\u00cb dhe per dogmat e beduinve arab\u00eb neve nuk i japim as nuk i poshtersojm\u00eb v\u00ebllaznit tan\u00eb.<\/p>\n<p>Si po harrojm\u00eb se asht pikrisht shqiptari KATOLIK ai q\u00eb n\u00ebper breza ( tue perballue tmerret e paimagjinueshme per njeriun normal q\u00eb u ka ba pushtuesi osman per pes\u00eb shekuj ) ka ruejt\u00eb gjuh\u00eb e kultur\u00eb shqiptare. Si po harrojm\u00eb se turqit u kan lejue shkolla grekut, serbit e bullgarit, rumunit e malazezit, \u00e7ka edhe kryekishen sllavoortodokse e kan\u00eb lejue n\u00eb mes t\u00eb Stambollit, ndersa shqiptar\u00ebve jo vetem se u kan\u00eb ndalue shkollim e zhvillim, por per nji shkronj\u00eb shqipe t\u00eb alfabetit e kan\u00eb ngul\u00eb n\u00eb hu per s\u00eb gjalli shqiptarin Katolik.<\/p>\n<p>Kishat katolike shqiptare gjithmon\u00eb ishin n\u00eb shenjester t\u00eb shkatrrimit, ndersa serb\u00ebve u lejohej adoptimi dhe pershtatja e kishave katolike shqiptare dhe sot ato jan\u00eb kisha serbe. Krejt kjo me ndihmen e turq\u00ebve, v\u00ebllaz\u00ebnve t\u00eb Hashim Thaqit dhe t\u00eb gjith\u00eb k\u00ebtyne shqipfolsave q\u00eb po ngrejn\u00eb vithet perpjet\u00eb n\u00eb namaze islame.<\/p>\n<p>Si po harrojn\u00eb shqipfolsit e sotshem se shkronjat me t\u00eb cilat ata shkruejn\u00eb gjith\u00eb ato shamje kunder Krishtenizmit, Dr. Ibrahim Rugov\u00ebs, Gjergj Kastriotit, Nanes Tereze, Pjeter Bogdanit etj, etj i ka ba pikrisht At Gjergj Fishta.<\/p>\n<p>Shqiptar\u00eb, zgjohuni, mos lejoni t\u00eb ju diskriminojn\u00eb V\u00cbLLAZNIT DHE GJAKUN TUEJ nji shtres\u00eb e njer\u00ebzve t\u00eb pa cip\u00eb, shpirt zi dhe injorant\u00eb.<\/p>\n<p>Sarpsborg: 05.04.2012<\/p>\n","protected":false},"excerpt":{"rendered":"<p>Selim M. Nengurra Dikush do thot\u00eb se jan\u00eb fjal\u00eb t\u00eb m\u00ebdhaja k\u00ebto, do shtrohet pyetja: A mos asht akuz\u00eb e madhe kjo? Dikush do thot\u00eb ashtu asht e dikush nuk do thot\u00eb asgja, do hesht\u00eb, ashtu sikur po hesht\u00eb ky popull i shkret\u00eb per shum\u00e7ka q\u00eb po ndodh\u00eb n\u00eb trojet tona etnike shqiptare e per [&hellip;]<\/p>\n","protected":false},"author":1,"featured_media":0,"comment_status":"open","ping_status":"closed","sticky":false,"template":"","format":"standard","meta":{"footnotes":""},"categories":[2],"tags":[],"class_list":{"0":"post-2441","1":"post","2":"type-post","3":"status-publish","4":"format-standard","6":"category-artikuj"},"yoast_head":"<!-- This site is optimized with the Yoast SEO plugin v27.4 - https:\/\/yoast.com\/product\/yoast-seo-wordpress\/ -->\n<title>N\u00cb DARDANI DISKRIMINOHEN SHQIPTAR\u00cbT E BESIMIT KATOLIK - FjALA e LIR\u00cb - Arkivi<\/title>\n<meta name=\"robots\" content=\"index, follow, max-snippet:-1, max-image-preview:large, max-video-preview:-1\" \/>\n<link rel=\"canonical\" href=\"https:\/\/fjala.info\/2009-2015\/ne-dardani-diskriminohen-shqiptaret-e-besimit-katolik\/\" \/>\n<meta property=\"og:locale\" content=\"sq_AL\" \/>\n<meta property=\"og:type\" content=\"article\" \/>\n<meta property=\"og:title\" content=\"N\u00cb DARDANI DISKRIMINOHEN SHQIPTAR\u00cbT E BESIMIT KATOLIK - FjALA e LIR\u00cb - Arkivi\" \/>\n<meta property=\"og:description\" content=\"Selim M. Nengurra Dikush do thot\u00eb se jan\u00eb fjal\u00eb t\u00eb m\u00ebdhaja k\u00ebto, do shtrohet pyetja: A mos asht akuz\u00eb e madhe kjo? Dikush do thot\u00eb ashtu asht e dikush nuk do thot\u00eb asgja, do hesht\u00eb, ashtu sikur po hesht\u00eb ky popull i shkret\u00eb per shum\u00e7ka q\u00eb po ndodh\u00eb n\u00eb trojet tona etnike shqiptare e per [&hellip;]\" \/>\n<meta property=\"og:url\" content=\"https:\/\/fjala.info\/2009-2015\/ne-dardani-diskriminohen-shqiptaret-e-besimit-katolik\/\" \/>\n<meta property=\"og:site_name\" content=\"FjALA e LIR\u00cb - Arkivi\" \/>\n<meta property=\"article:published_time\" content=\"2012-04-09T20:54:35+00:00\" \/>\n<meta property=\"og:image\" content=\"http:\/\/www.shkoder.net\/2012\/selim_nengurra.jpg\" \/>\n<meta name=\"author\" content=\"admin\" \/>\n<meta name=\"twitter:card\" content=\"summary_large_image\" \/>\n<meta name=\"twitter:label1\" content=\"Written by\" \/>\n\t<meta name=\"twitter:data1\" content=\"admin\" \/>\n\t<meta name=\"twitter:label2\" content=\"Est. reading time\" \/>\n\t<meta name=\"twitter:data2\" content=\"8 minutes\" \/>\n<script type=\"application\/ld+json\" class=\"yoast-schema-graph\">{\"@context\":\"https:\\\/\\\/schema.org\",\"@graph\":[{\"@type\":\"Article\",\"@id\":\"https:\\\/\\\/fjala.info\\\/2009-2015\\\/ne-dardani-diskriminohen-shqiptaret-e-besimit-katolik\\\/#article\",\"isPartOf\":{\"@id\":\"https:\\\/\\\/fjala.info\\\/2009-2015\\\/ne-dardani-diskriminohen-shqiptaret-e-besimit-katolik\\\/\"},\"author\":{\"name\":\"admin\",\"@id\":\"https:\\\/\\\/fjala.info\\\/2009-2015\\\/#\\\/schema\\\/person\\\/3aa1163ef05469c496fc94e77611ada2\"},\"headline\":\"N\u00cb DARDANI DISKRIMINOHEN SHQIPTAR\u00cbT E BESIMIT KATOLIK\",\"datePublished\":\"2012-04-09T20:54:35+00:00\",\"mainEntityOfPage\":{\"@id\":\"https:\\\/\\\/fjala.info\\\/2009-2015\\\/ne-dardani-diskriminohen-shqiptaret-e-besimit-katolik\\\/\"},\"wordCount\":1566,\"commentCount\":0,\"publisher\":{\"@id\":\"https:\\\/\\\/fjala.info\\\/2009-2015\\\/#organization\"},\"image\":{\"@id\":\"https:\\\/\\\/fjala.info\\\/2009-2015\\\/ne-dardani-diskriminohen-shqiptaret-e-besimit-katolik\\\/#primaryimage\"},\"thumbnailUrl\":\"http:\\\/\\\/www.shkoder.net\\\/2012\\\/selim_nengurra.jpg\",\"articleSection\":[\"Artikuj\"],\"inLanguage\":\"sq-AL\",\"potentialAction\":[{\"@type\":\"CommentAction\",\"name\":\"Comment\",\"target\":[\"https:\\\/\\\/fjala.info\\\/2009-2015\\\/ne-dardani-diskriminohen-shqiptaret-e-besimit-katolik\\\/#respond\"]}]},{\"@type\":\"WebPage\",\"@id\":\"https:\\\/\\\/fjala.info\\\/2009-2015\\\/ne-dardani-diskriminohen-shqiptaret-e-besimit-katolik\\\/\",\"url\":\"https:\\\/\\\/fjala.info\\\/2009-2015\\\/ne-dardani-diskriminohen-shqiptaret-e-besimit-katolik\\\/\",\"name\":\"N\u00cb DARDANI DISKRIMINOHEN SHQIPTAR\u00cbT E BESIMIT KATOLIK - FjALA e LIR\u00cb - Arkivi\",\"isPartOf\":{\"@id\":\"https:\\\/\\\/fjala.info\\\/2009-2015\\\/#website\"},\"primaryImageOfPage\":{\"@id\":\"https:\\\/\\\/fjala.info\\\/2009-2015\\\/ne-dardani-diskriminohen-shqiptaret-e-besimit-katolik\\\/#primaryimage\"},\"image\":{\"@id\":\"https:\\\/\\\/fjala.info\\\/2009-2015\\\/ne-dardani-diskriminohen-shqiptaret-e-besimit-katolik\\\/#primaryimage\"},\"thumbnailUrl\":\"http:\\\/\\\/www.shkoder.net\\\/2012\\\/selim_nengurra.jpg\",\"datePublished\":\"2012-04-09T20:54:35+00:00\",\"breadcrumb\":{\"@id\":\"https:\\\/\\\/fjala.info\\\/2009-2015\\\/ne-dardani-diskriminohen-shqiptaret-e-besimit-katolik\\\/#breadcrumb\"},\"inLanguage\":\"sq-AL\",\"potentialAction\":[{\"@type\":\"ReadAction\",\"target\":[\"https:\\\/\\\/fjala.info\\\/2009-2015\\\/ne-dardani-diskriminohen-shqiptaret-e-besimit-katolik\\\/\"]}]},{\"@type\":\"ImageObject\",\"inLanguage\":\"sq-AL\",\"@id\":\"https:\\\/\\\/fjala.info\\\/2009-2015\\\/ne-dardani-diskriminohen-shqiptaret-e-besimit-katolik\\\/#primaryimage\",\"url\":\"http:\\\/\\\/www.shkoder.net\\\/2012\\\/selim_nengurra.jpg\",\"contentUrl\":\"http:\\\/\\\/www.shkoder.net\\\/2012\\\/selim_nengurra.jpg\"},{\"@type\":\"BreadcrumbList\",\"@id\":\"https:\\\/\\\/fjala.info\\\/2009-2015\\\/ne-dardani-diskriminohen-shqiptaret-e-besimit-katolik\\\/#breadcrumb\",\"itemListElement\":[{\"@type\":\"ListItem\",\"position\":1,\"name\":\"Home\",\"item\":\"https:\\\/\\\/fjala.info\\\/2009-2015\\\/\"},{\"@type\":\"ListItem\",\"position\":2,\"name\":\"N\u00cb DARDANI DISKRIMINOHEN SHQIPTAR\u00cbT E BESIMIT KATOLIK\"}]},{\"@type\":\"WebSite\",\"@id\":\"https:\\\/\\\/fjala.info\\\/2009-2015\\\/#website\",\"url\":\"https:\\\/\\\/fjala.info\\\/2009-2015\\\/\",\"name\":\"FjALA e LIR\u00cb - Arkivi\",\"description\":\"Arkivi 2009-2015\",\"publisher\":{\"@id\":\"https:\\\/\\\/fjala.info\\\/2009-2015\\\/#organization\"},\"potentialAction\":[{\"@type\":\"SearchAction\",\"target\":{\"@type\":\"EntryPoint\",\"urlTemplate\":\"https:\\\/\\\/fjala.info\\\/2009-2015\\\/?s={search_term_string}\"},\"query-input\":{\"@type\":\"PropertyValueSpecification\",\"valueRequired\":true,\"valueName\":\"search_term_string\"}}],\"inLanguage\":\"sq-AL\"},{\"@type\":\"Organization\",\"@id\":\"https:\\\/\\\/fjala.info\\\/2009-2015\\\/#organization\",\"name\":\"FjALA e LIR\u00cb - Arkivi\",\"url\":\"https:\\\/\\\/fjala.info\\\/2009-2015\\\/\",\"logo\":{\"@type\":\"ImageObject\",\"inLanguage\":\"sq-AL\",\"@id\":\"https:\\\/\\\/fjala.info\\\/2009-2015\\\/#\\\/schema\\\/logo\\\/image\\\/\",\"url\":\"\",\"contentUrl\":\"\",\"caption\":\"FjALA e LIR\u00cb - Arkivi\"},\"image\":{\"@id\":\"https:\\\/\\\/fjala.info\\\/2009-2015\\\/#\\\/schema\\\/logo\\\/image\\\/\"}},{\"@type\":\"Person\",\"@id\":\"https:\\\/\\\/fjala.info\\\/2009-2015\\\/#\\\/schema\\\/person\\\/3aa1163ef05469c496fc94e77611ada2\",\"name\":\"admin\",\"image\":{\"@type\":\"ImageObject\",\"inLanguage\":\"sq-AL\",\"@id\":\"https:\\\/\\\/fjala.info\\\/2009-2015\\\/wp-content\\\/uploads\\\/2012\\\/02\\\/arben_cokaj-120x150.jpg\",\"url\":\"https:\\\/\\\/fjala.info\\\/2009-2015\\\/wp-content\\\/uploads\\\/2012\\\/02\\\/arben_cokaj-120x150.jpg\",\"contentUrl\":\"https:\\\/\\\/fjala.info\\\/2009-2015\\\/wp-content\\\/uploads\\\/2012\\\/02\\\/arben_cokaj-120x150.jpg\",\"caption\":\"admin\"},\"description\":\"Admin, Fjala e Lir\u00eb\",\"sameAs\":[\"https:\\\/\\\/fjala.info\\\/\"],\"url\":\"https:\\\/\\\/fjala.info\\\/2009-2015\\\/author\\\/admin\\\/\"}]}<\/script>\n<!-- \/ Yoast SEO plugin. -->","yoast_head_json":{"title":"N\u00cb DARDANI DISKRIMINOHEN SHQIPTAR\u00cbT E BESIMIT KATOLIK - FjALA e LIR\u00cb - Arkivi","robots":{"index":"index","follow":"follow","max-snippet":"max-snippet:-1","max-image-preview":"max-image-preview:large","max-video-preview":"max-video-preview:-1"},"canonical":"https:\/\/fjala.info\/2009-2015\/ne-dardani-diskriminohen-shqiptaret-e-besimit-katolik\/","og_locale":"sq_AL","og_type":"article","og_title":"N\u00cb DARDANI DISKRIMINOHEN SHQIPTAR\u00cbT E BESIMIT KATOLIK - FjALA e LIR\u00cb - Arkivi","og_description":"Selim M. Nengurra Dikush do thot\u00eb se jan\u00eb fjal\u00eb t\u00eb m\u00ebdhaja k\u00ebto, do shtrohet pyetja: A mos asht akuz\u00eb e madhe kjo? Dikush do thot\u00eb ashtu asht e dikush nuk do thot\u00eb asgja, do hesht\u00eb, ashtu sikur po hesht\u00eb ky popull i shkret\u00eb per shum\u00e7ka q\u00eb po ndodh\u00eb n\u00eb trojet tona etnike shqiptare e per [&hellip;]","og_url":"https:\/\/fjala.info\/2009-2015\/ne-dardani-diskriminohen-shqiptaret-e-besimit-katolik\/","og_site_name":"FjALA e LIR\u00cb - Arkivi","article_published_time":"2012-04-09T20:54:35+00:00","og_image":[{"url":"http:\/\/www.shkoder.net\/2012\/selim_nengurra.jpg","type":"","width":"","height":""}],"author":"admin","twitter_card":"summary_large_image","twitter_misc":{"Written by":"admin","Est. reading time":"8 minutes"},"schema":{"@context":"https:\/\/schema.org","@graph":[{"@type":"Article","@id":"https:\/\/fjala.info\/2009-2015\/ne-dardani-diskriminohen-shqiptaret-e-besimit-katolik\/#article","isPartOf":{"@id":"https:\/\/fjala.info\/2009-2015\/ne-dardani-diskriminohen-shqiptaret-e-besimit-katolik\/"},"author":{"name":"admin","@id":"https:\/\/fjala.info\/2009-2015\/#\/schema\/person\/3aa1163ef05469c496fc94e77611ada2"},"headline":"N\u00cb DARDANI DISKRIMINOHEN SHQIPTAR\u00cbT E BESIMIT KATOLIK","datePublished":"2012-04-09T20:54:35+00:00","mainEntityOfPage":{"@id":"https:\/\/fjala.info\/2009-2015\/ne-dardani-diskriminohen-shqiptaret-e-besimit-katolik\/"},"wordCount":1566,"commentCount":0,"publisher":{"@id":"https:\/\/fjala.info\/2009-2015\/#organization"},"image":{"@id":"https:\/\/fjala.info\/2009-2015\/ne-dardani-diskriminohen-shqiptaret-e-besimit-katolik\/#primaryimage"},"thumbnailUrl":"http:\/\/www.shkoder.net\/2012\/selim_nengurra.jpg","articleSection":["Artikuj"],"inLanguage":"sq-AL","potentialAction":[{"@type":"CommentAction","name":"Comment","target":["https:\/\/fjala.info\/2009-2015\/ne-dardani-diskriminohen-shqiptaret-e-besimit-katolik\/#respond"]}]},{"@type":"WebPage","@id":"https:\/\/fjala.info\/2009-2015\/ne-dardani-diskriminohen-shqiptaret-e-besimit-katolik\/","url":"https:\/\/fjala.info\/2009-2015\/ne-dardani-diskriminohen-shqiptaret-e-besimit-katolik\/","name":"N\u00cb DARDANI DISKRIMINOHEN SHQIPTAR\u00cbT E BESIMIT KATOLIK - FjALA e LIR\u00cb - Arkivi","isPartOf":{"@id":"https:\/\/fjala.info\/2009-2015\/#website"},"primaryImageOfPage":{"@id":"https:\/\/fjala.info\/2009-2015\/ne-dardani-diskriminohen-shqiptaret-e-besimit-katolik\/#primaryimage"},"image":{"@id":"https:\/\/fjala.info\/2009-2015\/ne-dardani-diskriminohen-shqiptaret-e-besimit-katolik\/#primaryimage"},"thumbnailUrl":"http:\/\/www.shkoder.net\/2012\/selim_nengurra.jpg","datePublished":"2012-04-09T20:54:35+00:00","breadcrumb":{"@id":"https:\/\/fjala.info\/2009-2015\/ne-dardani-diskriminohen-shqiptaret-e-besimit-katolik\/#breadcrumb"},"inLanguage":"sq-AL","potentialAction":[{"@type":"ReadAction","target":["https:\/\/fjala.info\/2009-2015\/ne-dardani-diskriminohen-shqiptaret-e-besimit-katolik\/"]}]},{"@type":"ImageObject","inLanguage":"sq-AL","@id":"https:\/\/fjala.info\/2009-2015\/ne-dardani-diskriminohen-shqiptaret-e-besimit-katolik\/#primaryimage","url":"http:\/\/www.shkoder.net\/2012\/selim_nengurra.jpg","contentUrl":"http:\/\/www.shkoder.net\/2012\/selim_nengurra.jpg"},{"@type":"BreadcrumbList","@id":"https:\/\/fjala.info\/2009-2015\/ne-dardani-diskriminohen-shqiptaret-e-besimit-katolik\/#breadcrumb","itemListElement":[{"@type":"ListItem","position":1,"name":"Home","item":"https:\/\/fjala.info\/2009-2015\/"},{"@type":"ListItem","position":2,"name":"N\u00cb DARDANI DISKRIMINOHEN SHQIPTAR\u00cbT E BESIMIT KATOLIK"}]},{"@type":"WebSite","@id":"https:\/\/fjala.info\/2009-2015\/#website","url":"https:\/\/fjala.info\/2009-2015\/","name":"FjALA e LIR\u00cb - Arkivi","description":"Arkivi 2009-2015","publisher":{"@id":"https:\/\/fjala.info\/2009-2015\/#organization"},"potentialAction":[{"@type":"SearchAction","target":{"@type":"EntryPoint","urlTemplate":"https:\/\/fjala.info\/2009-2015\/?s={search_term_string}"},"query-input":{"@type":"PropertyValueSpecification","valueRequired":true,"valueName":"search_term_string"}}],"inLanguage":"sq-AL"},{"@type":"Organization","@id":"https:\/\/fjala.info\/2009-2015\/#organization","name":"FjALA e LIR\u00cb - Arkivi","url":"https:\/\/fjala.info\/2009-2015\/","logo":{"@type":"ImageObject","inLanguage":"sq-AL","@id":"https:\/\/fjala.info\/2009-2015\/#\/schema\/logo\/image\/","url":"","contentUrl":"","caption":"FjALA e LIR\u00cb - Arkivi"},"image":{"@id":"https:\/\/fjala.info\/2009-2015\/#\/schema\/logo\/image\/"}},{"@type":"Person","@id":"https:\/\/fjala.info\/2009-2015\/#\/schema\/person\/3aa1163ef05469c496fc94e77611ada2","name":"admin","image":{"@type":"ImageObject","inLanguage":"sq-AL","@id":"https:\/\/fjala.info\/2009-2015\/wp-content\/uploads\/2012\/02\/arben_cokaj-120x150.jpg","url":"https:\/\/fjala.info\/2009-2015\/wp-content\/uploads\/2012\/02\/arben_cokaj-120x150.jpg","contentUrl":"https:\/\/fjala.info\/2009-2015\/wp-content\/uploads\/2012\/02\/arben_cokaj-120x150.jpg","caption":"admin"},"description":"Admin, Fjala e Lir\u00eb","sameAs":["https:\/\/fjala.info\/"],"url":"https:\/\/fjala.info\/2009-2015\/author\/admin\/"}]}},"_links":{"self":[{"href":"https:\/\/fjala.info\/2009-2015\/wp-json\/wp\/v2\/posts\/2441","targetHints":{"allow":["GET"]}}],"collection":[{"href":"https:\/\/fjala.info\/2009-2015\/wp-json\/wp\/v2\/posts"}],"about":[{"href":"https:\/\/fjala.info\/2009-2015\/wp-json\/wp\/v2\/types\/post"}],"author":[{"embeddable":true,"href":"https:\/\/fjala.info\/2009-2015\/wp-json\/wp\/v2\/users\/1"}],"replies":[{"embeddable":true,"href":"https:\/\/fjala.info\/2009-2015\/wp-json\/wp\/v2\/comments?post=2441"}],"version-history":[{"count":0,"href":"https:\/\/fjala.info\/2009-2015\/wp-json\/wp\/v2\/posts\/2441\/revisions"}],"wp:attachment":[{"href":"https:\/\/fjala.info\/2009-2015\/wp-json\/wp\/v2\/media?parent=2441"}],"wp:term":[{"taxonomy":"category","embeddable":true,"href":"https:\/\/fjala.info\/2009-2015\/wp-json\/wp\/v2\/categories?post=2441"},{"taxonomy":"post_tag","embeddable":true,"href":"https:\/\/fjala.info\/2009-2015\/wp-json\/wp\/v2\/tags?post=2441"}],"curies":[{"name":"wp","href":"https:\/\/api.w.org\/{rel}","templated":true}]}}