{"id":2439,"date":"2012-04-10T21:28:11","date_gmt":"2012-04-10T20:28:11","guid":{"rendered":"http:\/\/fjala.shkoder.net\/?p=2439"},"modified":"2012-04-10T21:28:11","modified_gmt":"2012-04-10T20:28:11","slug":"veshtiresite-e-berishes-per-te-zgjedhur-topallin-presidente","status":"publish","type":"post","link":"https:\/\/fjala.info\/2009-2015\/veshtiresite-e-berishes-per-te-zgjedhur-topallin-presidente\/","title":{"rendered":"V\u00ebshtir\u00ebsit\u00eb e Berish\u00ebs p\u00ebr t\u00eb zgjedhur Topallin presidente"},"content":{"rendered":"<p><img decoding=\"async\" class=\"alignright size-thumbnail wp-image-7236\" title=\"Berisha - Topalli\" src=\"http:\/\/www.shkoder.net\/images\/fjala\/2011\/berisha_topalli.jpg\" alt=\"\" width=\"300\" \/> Nga <strong>Ilirjan Blloshmi<\/strong>, <em>10 Prill 2012<\/em><\/p>\n<p>Qe presidenti i ardhshem i Republikes se Shqiperise eshte bere si qylymi i penelopes te gjithe shqiptaret e dine kete gje, me problemin e presidentit te republikes po merren te gjithe duke filluar qe nga politikanet, gazetaret, analistet madje me presidentin e republikes po merren dhe gra q\u00eb shikojne filxhanin e kafes\u00eb, fallxhore rome, teto nder provinca t\u00eb harruara. Te gjithe flasin per te, Te gjithe japin emra por qe te gjithe e dine qe presidenti do zgjidhet me kurvellik nga Sali Berisha. Por kur degjoj te flitet per Topallin presidente me kujtohet nje histori qe tregonte Linkolni. Parabola eshte: Nj\u00eb her\u00eb, kam lexuar historin\u00eb e nj\u00eb mbreti, q\u00eb thirri Ministrin e Oborrit dhe i tha se d\u00ebshironte t\u00eb shkonte p\u00ebr gjah.<\/p>\n<p>Ai e pyeti ministrin n\u00ebse do t\u00eb binte shi. Ministri iu p\u00ebrgjigj, se koha do t\u00eb jet\u00eb e mrekullueshme, nuk do t\u00eb bjer\u00eb shi dhe Mbreti mund t\u00eb shkonte p\u00ebr gjah. Suita mbret\u00ebrore duke shkuar p\u00ebr n\u00eb vendin e gjuetis\u00eb, takoi nj\u00eb fshatar q\u00eb ia kish hipur nj\u00eb veshgjati. Fshatari i tha mbretit t\u00eb kthehej mbrapsht, sepse shpejt do t\u00eb filloj\u00eb shiu. Mbreti qeshi dhe suita vazhdoi rrug\u00ebn. Pa filluar akoma t\u00eb gjuanin , filloi nj\u00eb rrebesh shiu. Uji u hyri deri n\u00eb palc\u00eb mbretit dhe shoq\u00ebruesve t\u00eb tij. Mbreti, me t\u2019u kthyer n\u00ebpallat, e flaku nga puna ministrin dhe em\u00ebroi n\u00eb vend t\u00eb tij fshatarin. \u201cPa m\u00eb thuaj\u201d, i tha mbreti fshatarit, \u201csi e dije ti q\u00eb do t\u00eb binte shi?\u201d \u201cNuk e dija un\u00eb, Madh\u00ebria Juaj\u201d tha fshatari dhe vazhdoi \u201cgomari im e dinte. Ai i \u00e7on vesh\u00ebt p\u00ebrpara kur do t\u00eb bjer\u00eb shi dhe i kthen nga prapa kur do t\u00eb jet\u00eb koh\u00eb e that\u00eb\u201d.<\/p>\n<p>Mbreti e flaku edhe fshatarin dhe mori gomarin, t\u00eb cilin e vendosi n\u00eb vend t\u00eb Ministrit.\u201dKjo ishte historia\u201d u thoshte Linkolni atyre q\u00eb e rrethonin dhe k\u00ebrkonin pun\u00eb, dhe me nj\u00ebher\u00eb vazhdonte, \u201d \u2026.Por mbreti b\u00ebri nj\u00eb gabim t\u00eb madh\u2026..sepse q\u00eb nga ajo koh\u00eb, \u00e7do gomar d\u00ebshiron t\u00eb ket\u00eb nj\u00eb zyr\u00eb\u2026.<br \/>\nTe gjithe jemi deshmitare qe ne 22 vjet demokraci Sali Berisha ka zgjedhur vete 3 nga 4 presidentet e Republikes, Duke filluar qe nga vete emrimi i tij ne fillimet e demokracise, duke vazhduar me Alfred Mojsine dhe duke mbaruar me Bamir Topin, Qe Berisha perdor cdo lloj makinacioni per te arritur atje ku do dhe kjo nuk eshte e re per qytetaret shqiptare dhe per demokracine e brishte shqiptare. Po kesaj here duket se Sali Berisha nuk i ka opsionet per te perdorur marifetet e tij per te zgjedhur Jozefina Topallin presidente kjo per shkak te shume ceshtjesh:<\/p>\n<p>I- Presioni ne rritje i nderkombetareve<br \/>\nII- Harta e votava ne parlament<\/p>\n<p>I- Nderkombetaret duke filluar nga Ambadadoret kryesor te atashuar ne shqiperi kan deklaruar ne rresht per nje president konsensual por te gjithe e dime se i vetmi qe mund ta garantoje ate eshte Sali Berisha, kreu i PD ka deklaruar jo 1 here por cdo here qe del para medjave, Ai na ka lene te kuptojme qe nuk do te kete nje president konsensual por ai do te dale nga kryesia e PD dhe me e votuara eshte Jozefina Topalli.<\/p>\n<p>Me ikjen e Topallit ne presidence do i jepte mundesi Berishes te mbante nje grup brenda ne PD ate te Lulzim Bashes duke ja bere me te thjeshte punen keti te fundit te merrte drejtimin e PD. Por duken se nderkombetaret nuk e shikojne me sy te mire Jozefina Topallin, Ambasadori amerikan ne nje interviste te dhene se fundi ne Top Story na la te kuptojme se preferon me shume Fatos Nanon si president dhe jo Jozefina Topallin. Por simptia e nderkombetareve ndaj Fatos Nanos mund te joshe Ilir Meten te propozoje dhe te mbeshtese pikerisht Nanon dhe kete Ilir Meta mund ta beje per kredo politike,<\/p>\n<p>1- Duke mbeshtetur Fatos Nanon Ilir Meta pastron figuren e tij para nderkombetareve me tezen president konsensual duke dhene nje here e mire fund akuzava per korrupsion<\/p>\n<p>2-Duke mbeshtetur Nanon, Meta fiton nje fare dinjiteti qe e ka humbur qekurse u bashku ne kualicion me Berishen sepse gjate gjithe qeverisjes me berishen nuk ka bere gje tjeter vecse zedhensin e PD.<\/p>\n<p>II- Momentalisht Sali Berisha dhe qeveria qe ai drejton ka nje shumice solide ne parlament por me afrimin e zgjedhjes se presidentit te republikes ka sjelle nje tension ne rritje ne kampin demokrat, Pasi momentalisht votat e PD dhe te aleateve te saj nuk arrin te kapin mumrin 71 qe perkthehet nje presdent i zgjedhur ne raundin e 3-te . Sot PD ka 66 te mandatuar nen siglen e PD, Partia Rebublikane ka nje mandat, nje mandat i Gazment Oketa i larguar por vete Oketa ka deklaruar qe do votoje pro PD gjithashtu po te shtojme dhe dy mandate te \u00c7ameve te futur rishtas ne PD.<\/p>\n<p>Nje tjeter ceshtje eshte se dhe 66 mandatet e PD nuk mund te jene te sigurta per Topallin presidente pasi dihet antipatia qe disa deputete kan kundrejt Znj\/ Topalli.dhe jane pikerisht mbeshtetesit zyrtar te Bashes duke filluar Bujar Nishani, Aldo Bum\u00e7i, Rajmonda Bulku, Majlinda Bregu, Gerti Bogdani, Florjon Mima, Myqerem Tafaj, Tritan Shehu dhe Lajla P\u00ebrnaska. Gjithashtu nje sy i stervitur mire do te kuptonte dhe aleancen ne heshtje midis Bashes dhe Topit te cilet i bashkon nje kund\u00ebrshtar i perbashket, qe quhet Jozefina Topalli.<\/p>\n<p>Pra Berishes i duhen dhe mandatet e LSI-is per te zgjedhur presidentin por konflikti i hershem i Metes me Topallin e ben me te veshtire kete ceshtje. Pas kthimit te Ilir Metes nga SHBA po flitet per lojen qe ai do te beje per zgjedhjen e Presidentit te republikes. Konfliktualiteti dhe kundershtite e tij per kandidaturen e Topallit, pertej konflikteve personale midis Metes dhe Topallit e ka shtyre kete te fundit te ushqen deshiren e tij te hekurt per te qene faktor ne zgjedhjen e presidentit pra deshira e tij eshte nje president i dale nga LSI qe me shume gjasa mund te jete Edmond Haxhinasto aktualisht eshte Minister i jashtem.<\/p>\n","protected":false},"excerpt":{"rendered":"<p>Nga Ilirjan Blloshmi, 10 Prill 2012 Qe presidenti i ardhshem i Republikes se Shqiperise eshte bere si qylymi i penelopes te gjithe shqiptaret e dine kete gje, me problemin e presidentit te republikes po merren te gjithe duke filluar qe nga politikanet, gazetaret, analistet madje me presidentin e republikes po merren dhe gra q\u00eb shikojne [&hellip;]<\/p>\n","protected":false},"author":1,"featured_media":0,"comment_status":"open","ping_status":"closed","sticky":false,"template":"","format":"standard","meta":{"footnotes":""},"categories":[2],"tags":[],"class_list":{"0":"post-2439","1":"post","2":"type-post","3":"status-publish","4":"format-standard","6":"category-artikuj"},"yoast_head":"<!-- This site is optimized with the Yoast SEO plugin v27.4 - https:\/\/yoast.com\/product\/yoast-seo-wordpress\/ -->\n<title>V\u00ebshtir\u00ebsit\u00eb e Berish\u00ebs p\u00ebr t\u00eb zgjedhur Topallin presidente - FjALA e LIR\u00cb - Arkivi<\/title>\n<meta name=\"robots\" content=\"index, follow, max-snippet:-1, max-image-preview:large, max-video-preview:-1\" \/>\n<link rel=\"canonical\" href=\"https:\/\/fjala.info\/2009-2015\/veshtiresite-e-berishes-per-te-zgjedhur-topallin-presidente\/\" \/>\n<meta property=\"og:locale\" content=\"sq_AL\" \/>\n<meta property=\"og:type\" content=\"article\" \/>\n<meta property=\"og:title\" content=\"V\u00ebshtir\u00ebsit\u00eb e Berish\u00ebs p\u00ebr t\u00eb zgjedhur Topallin presidente - FjALA e LIR\u00cb - Arkivi\" \/>\n<meta property=\"og:description\" content=\"Nga Ilirjan Blloshmi, 10 Prill 2012 Qe presidenti i ardhshem i Republikes se Shqiperise eshte bere si qylymi i penelopes te gjithe shqiptaret e dine kete gje, me problemin e presidentit te republikes po merren te gjithe duke filluar qe nga politikanet, gazetaret, analistet madje me presidentin e republikes po merren dhe gra q\u00eb shikojne [&hellip;]\" \/>\n<meta property=\"og:url\" content=\"https:\/\/fjala.info\/2009-2015\/veshtiresite-e-berishes-per-te-zgjedhur-topallin-presidente\/\" \/>\n<meta property=\"og:site_name\" content=\"FjALA e LIR\u00cb - Arkivi\" \/>\n<meta property=\"article:published_time\" content=\"2012-04-10T20:28:11+00:00\" \/>\n<meta property=\"og:image\" content=\"http:\/\/www.shkoder.net\/images\/fjala\/2011\/berisha_topalli.jpg\" \/>\n<meta name=\"author\" content=\"admin\" \/>\n<meta name=\"twitter:card\" content=\"summary_large_image\" \/>\n<meta name=\"twitter:label1\" content=\"Written by\" \/>\n\t<meta name=\"twitter:data1\" content=\"admin\" \/>\n\t<meta name=\"twitter:label2\" content=\"Est. reading time\" \/>\n\t<meta name=\"twitter:data2\" content=\"5 minutes\" \/>\n<script type=\"application\/ld+json\" class=\"yoast-schema-graph\">{\"@context\":\"https:\\\/\\\/schema.org\",\"@graph\":[{\"@type\":\"Article\",\"@id\":\"https:\\\/\\\/fjala.info\\\/2009-2015\\\/veshtiresite-e-berishes-per-te-zgjedhur-topallin-presidente\\\/#article\",\"isPartOf\":{\"@id\":\"https:\\\/\\\/fjala.info\\\/2009-2015\\\/veshtiresite-e-berishes-per-te-zgjedhur-topallin-presidente\\\/\"},\"author\":{\"name\":\"admin\",\"@id\":\"https:\\\/\\\/fjala.info\\\/2009-2015\\\/#\\\/schema\\\/person\\\/3aa1163ef05469c496fc94e77611ada2\"},\"headline\":\"V\u00ebshtir\u00ebsit\u00eb e Berish\u00ebs p\u00ebr t\u00eb zgjedhur Topallin presidente\",\"datePublished\":\"2012-04-10T20:28:11+00:00\",\"mainEntityOfPage\":{\"@id\":\"https:\\\/\\\/fjala.info\\\/2009-2015\\\/veshtiresite-e-berishes-per-te-zgjedhur-topallin-presidente\\\/\"},\"wordCount\":1023,\"commentCount\":0,\"publisher\":{\"@id\":\"https:\\\/\\\/fjala.info\\\/2009-2015\\\/#organization\"},\"image\":{\"@id\":\"https:\\\/\\\/fjala.info\\\/2009-2015\\\/veshtiresite-e-berishes-per-te-zgjedhur-topallin-presidente\\\/#primaryimage\"},\"thumbnailUrl\":\"http:\\\/\\\/www.shkoder.net\\\/images\\\/fjala\\\/2011\\\/berisha_topalli.jpg\",\"articleSection\":[\"Artikuj\"],\"inLanguage\":\"sq-AL\",\"potentialAction\":[{\"@type\":\"CommentAction\",\"name\":\"Comment\",\"target\":[\"https:\\\/\\\/fjala.info\\\/2009-2015\\\/veshtiresite-e-berishes-per-te-zgjedhur-topallin-presidente\\\/#respond\"]}]},{\"@type\":\"WebPage\",\"@id\":\"https:\\\/\\\/fjala.info\\\/2009-2015\\\/veshtiresite-e-berishes-per-te-zgjedhur-topallin-presidente\\\/\",\"url\":\"https:\\\/\\\/fjala.info\\\/2009-2015\\\/veshtiresite-e-berishes-per-te-zgjedhur-topallin-presidente\\\/\",\"name\":\"V\u00ebshtir\u00ebsit\u00eb e Berish\u00ebs p\u00ebr t\u00eb zgjedhur Topallin presidente - FjALA e LIR\u00cb - Arkivi\",\"isPartOf\":{\"@id\":\"https:\\\/\\\/fjala.info\\\/2009-2015\\\/#website\"},\"primaryImageOfPage\":{\"@id\":\"https:\\\/\\\/fjala.info\\\/2009-2015\\\/veshtiresite-e-berishes-per-te-zgjedhur-topallin-presidente\\\/#primaryimage\"},\"image\":{\"@id\":\"https:\\\/\\\/fjala.info\\\/2009-2015\\\/veshtiresite-e-berishes-per-te-zgjedhur-topallin-presidente\\\/#primaryimage\"},\"thumbnailUrl\":\"http:\\\/\\\/www.shkoder.net\\\/images\\\/fjala\\\/2011\\\/berisha_topalli.jpg\",\"datePublished\":\"2012-04-10T20:28:11+00:00\",\"breadcrumb\":{\"@id\":\"https:\\\/\\\/fjala.info\\\/2009-2015\\\/veshtiresite-e-berishes-per-te-zgjedhur-topallin-presidente\\\/#breadcrumb\"},\"inLanguage\":\"sq-AL\",\"potentialAction\":[{\"@type\":\"ReadAction\",\"target\":[\"https:\\\/\\\/fjala.info\\\/2009-2015\\\/veshtiresite-e-berishes-per-te-zgjedhur-topallin-presidente\\\/\"]}]},{\"@type\":\"ImageObject\",\"inLanguage\":\"sq-AL\",\"@id\":\"https:\\\/\\\/fjala.info\\\/2009-2015\\\/veshtiresite-e-berishes-per-te-zgjedhur-topallin-presidente\\\/#primaryimage\",\"url\":\"http:\\\/\\\/www.shkoder.net\\\/images\\\/fjala\\\/2011\\\/berisha_topalli.jpg\",\"contentUrl\":\"http:\\\/\\\/www.shkoder.net\\\/images\\\/fjala\\\/2011\\\/berisha_topalli.jpg\"},{\"@type\":\"BreadcrumbList\",\"@id\":\"https:\\\/\\\/fjala.info\\\/2009-2015\\\/veshtiresite-e-berishes-per-te-zgjedhur-topallin-presidente\\\/#breadcrumb\",\"itemListElement\":[{\"@type\":\"ListItem\",\"position\":1,\"name\":\"Home\",\"item\":\"https:\\\/\\\/fjala.info\\\/2009-2015\\\/\"},{\"@type\":\"ListItem\",\"position\":2,\"name\":\"V\u00ebshtir\u00ebsit\u00eb e Berish\u00ebs p\u00ebr t\u00eb zgjedhur Topallin presidente\"}]},{\"@type\":\"WebSite\",\"@id\":\"https:\\\/\\\/fjala.info\\\/2009-2015\\\/#website\",\"url\":\"https:\\\/\\\/fjala.info\\\/2009-2015\\\/\",\"name\":\"FjALA e LIR\u00cb - Arkivi\",\"description\":\"Arkivi 2009-2015\",\"publisher\":{\"@id\":\"https:\\\/\\\/fjala.info\\\/2009-2015\\\/#organization\"},\"potentialAction\":[{\"@type\":\"SearchAction\",\"target\":{\"@type\":\"EntryPoint\",\"urlTemplate\":\"https:\\\/\\\/fjala.info\\\/2009-2015\\\/?s={search_term_string}\"},\"query-input\":{\"@type\":\"PropertyValueSpecification\",\"valueRequired\":true,\"valueName\":\"search_term_string\"}}],\"inLanguage\":\"sq-AL\"},{\"@type\":\"Organization\",\"@id\":\"https:\\\/\\\/fjala.info\\\/2009-2015\\\/#organization\",\"name\":\"FjALA e LIR\u00cb - Arkivi\",\"url\":\"https:\\\/\\\/fjala.info\\\/2009-2015\\\/\",\"logo\":{\"@type\":\"ImageObject\",\"inLanguage\":\"sq-AL\",\"@id\":\"https:\\\/\\\/fjala.info\\\/2009-2015\\\/#\\\/schema\\\/logo\\\/image\\\/\",\"url\":\"\",\"contentUrl\":\"\",\"caption\":\"FjALA e LIR\u00cb - Arkivi\"},\"image\":{\"@id\":\"https:\\\/\\\/fjala.info\\\/2009-2015\\\/#\\\/schema\\\/logo\\\/image\\\/\"}},{\"@type\":\"Person\",\"@id\":\"https:\\\/\\\/fjala.info\\\/2009-2015\\\/#\\\/schema\\\/person\\\/3aa1163ef05469c496fc94e77611ada2\",\"name\":\"admin\",\"image\":{\"@type\":\"ImageObject\",\"inLanguage\":\"sq-AL\",\"@id\":\"https:\\\/\\\/fjala.info\\\/2009-2015\\\/wp-content\\\/uploads\\\/2012\\\/02\\\/arben_cokaj-120x150.jpg\",\"url\":\"https:\\\/\\\/fjala.info\\\/2009-2015\\\/wp-content\\\/uploads\\\/2012\\\/02\\\/arben_cokaj-120x150.jpg\",\"contentUrl\":\"https:\\\/\\\/fjala.info\\\/2009-2015\\\/wp-content\\\/uploads\\\/2012\\\/02\\\/arben_cokaj-120x150.jpg\",\"caption\":\"admin\"},\"description\":\"Admin, Fjala e Lir\u00eb\",\"sameAs\":[\"https:\\\/\\\/fjala.info\\\/\"],\"url\":\"https:\\\/\\\/fjala.info\\\/2009-2015\\\/author\\\/admin\\\/\"}]}<\/script>\n<!-- \/ Yoast SEO plugin. -->","yoast_head_json":{"title":"V\u00ebshtir\u00ebsit\u00eb e Berish\u00ebs p\u00ebr t\u00eb zgjedhur Topallin presidente - FjALA e LIR\u00cb - Arkivi","robots":{"index":"index","follow":"follow","max-snippet":"max-snippet:-1","max-image-preview":"max-image-preview:large","max-video-preview":"max-video-preview:-1"},"canonical":"https:\/\/fjala.info\/2009-2015\/veshtiresite-e-berishes-per-te-zgjedhur-topallin-presidente\/","og_locale":"sq_AL","og_type":"article","og_title":"V\u00ebshtir\u00ebsit\u00eb e Berish\u00ebs p\u00ebr t\u00eb zgjedhur Topallin presidente - FjALA e LIR\u00cb - Arkivi","og_description":"Nga Ilirjan Blloshmi, 10 Prill 2012 Qe presidenti i ardhshem i Republikes se Shqiperise eshte bere si qylymi i penelopes te gjithe shqiptaret e dine kete gje, me problemin e presidentit te republikes po merren te gjithe duke filluar qe nga politikanet, gazetaret, analistet madje me presidentin e republikes po merren dhe gra q\u00eb shikojne [&hellip;]","og_url":"https:\/\/fjala.info\/2009-2015\/veshtiresite-e-berishes-per-te-zgjedhur-topallin-presidente\/","og_site_name":"FjALA e LIR\u00cb - Arkivi","article_published_time":"2012-04-10T20:28:11+00:00","og_image":[{"url":"http:\/\/www.shkoder.net\/images\/fjala\/2011\/berisha_topalli.jpg","type":"","width":"","height":""}],"author":"admin","twitter_card":"summary_large_image","twitter_misc":{"Written by":"admin","Est. reading time":"5 minutes"},"schema":{"@context":"https:\/\/schema.org","@graph":[{"@type":"Article","@id":"https:\/\/fjala.info\/2009-2015\/veshtiresite-e-berishes-per-te-zgjedhur-topallin-presidente\/#article","isPartOf":{"@id":"https:\/\/fjala.info\/2009-2015\/veshtiresite-e-berishes-per-te-zgjedhur-topallin-presidente\/"},"author":{"name":"admin","@id":"https:\/\/fjala.info\/2009-2015\/#\/schema\/person\/3aa1163ef05469c496fc94e77611ada2"},"headline":"V\u00ebshtir\u00ebsit\u00eb e Berish\u00ebs p\u00ebr t\u00eb zgjedhur Topallin presidente","datePublished":"2012-04-10T20:28:11+00:00","mainEntityOfPage":{"@id":"https:\/\/fjala.info\/2009-2015\/veshtiresite-e-berishes-per-te-zgjedhur-topallin-presidente\/"},"wordCount":1023,"commentCount":0,"publisher":{"@id":"https:\/\/fjala.info\/2009-2015\/#organization"},"image":{"@id":"https:\/\/fjala.info\/2009-2015\/veshtiresite-e-berishes-per-te-zgjedhur-topallin-presidente\/#primaryimage"},"thumbnailUrl":"http:\/\/www.shkoder.net\/images\/fjala\/2011\/berisha_topalli.jpg","articleSection":["Artikuj"],"inLanguage":"sq-AL","potentialAction":[{"@type":"CommentAction","name":"Comment","target":["https:\/\/fjala.info\/2009-2015\/veshtiresite-e-berishes-per-te-zgjedhur-topallin-presidente\/#respond"]}]},{"@type":"WebPage","@id":"https:\/\/fjala.info\/2009-2015\/veshtiresite-e-berishes-per-te-zgjedhur-topallin-presidente\/","url":"https:\/\/fjala.info\/2009-2015\/veshtiresite-e-berishes-per-te-zgjedhur-topallin-presidente\/","name":"V\u00ebshtir\u00ebsit\u00eb e Berish\u00ebs p\u00ebr t\u00eb zgjedhur Topallin presidente - FjALA e LIR\u00cb - Arkivi","isPartOf":{"@id":"https:\/\/fjala.info\/2009-2015\/#website"},"primaryImageOfPage":{"@id":"https:\/\/fjala.info\/2009-2015\/veshtiresite-e-berishes-per-te-zgjedhur-topallin-presidente\/#primaryimage"},"image":{"@id":"https:\/\/fjala.info\/2009-2015\/veshtiresite-e-berishes-per-te-zgjedhur-topallin-presidente\/#primaryimage"},"thumbnailUrl":"http:\/\/www.shkoder.net\/images\/fjala\/2011\/berisha_topalli.jpg","datePublished":"2012-04-10T20:28:11+00:00","breadcrumb":{"@id":"https:\/\/fjala.info\/2009-2015\/veshtiresite-e-berishes-per-te-zgjedhur-topallin-presidente\/#breadcrumb"},"inLanguage":"sq-AL","potentialAction":[{"@type":"ReadAction","target":["https:\/\/fjala.info\/2009-2015\/veshtiresite-e-berishes-per-te-zgjedhur-topallin-presidente\/"]}]},{"@type":"ImageObject","inLanguage":"sq-AL","@id":"https:\/\/fjala.info\/2009-2015\/veshtiresite-e-berishes-per-te-zgjedhur-topallin-presidente\/#primaryimage","url":"http:\/\/www.shkoder.net\/images\/fjala\/2011\/berisha_topalli.jpg","contentUrl":"http:\/\/www.shkoder.net\/images\/fjala\/2011\/berisha_topalli.jpg"},{"@type":"BreadcrumbList","@id":"https:\/\/fjala.info\/2009-2015\/veshtiresite-e-berishes-per-te-zgjedhur-topallin-presidente\/#breadcrumb","itemListElement":[{"@type":"ListItem","position":1,"name":"Home","item":"https:\/\/fjala.info\/2009-2015\/"},{"@type":"ListItem","position":2,"name":"V\u00ebshtir\u00ebsit\u00eb e Berish\u00ebs p\u00ebr t\u00eb zgjedhur Topallin presidente"}]},{"@type":"WebSite","@id":"https:\/\/fjala.info\/2009-2015\/#website","url":"https:\/\/fjala.info\/2009-2015\/","name":"FjALA e LIR\u00cb - Arkivi","description":"Arkivi 2009-2015","publisher":{"@id":"https:\/\/fjala.info\/2009-2015\/#organization"},"potentialAction":[{"@type":"SearchAction","target":{"@type":"EntryPoint","urlTemplate":"https:\/\/fjala.info\/2009-2015\/?s={search_term_string}"},"query-input":{"@type":"PropertyValueSpecification","valueRequired":true,"valueName":"search_term_string"}}],"inLanguage":"sq-AL"},{"@type":"Organization","@id":"https:\/\/fjala.info\/2009-2015\/#organization","name":"FjALA e LIR\u00cb - Arkivi","url":"https:\/\/fjala.info\/2009-2015\/","logo":{"@type":"ImageObject","inLanguage":"sq-AL","@id":"https:\/\/fjala.info\/2009-2015\/#\/schema\/logo\/image\/","url":"","contentUrl":"","caption":"FjALA e LIR\u00cb - Arkivi"},"image":{"@id":"https:\/\/fjala.info\/2009-2015\/#\/schema\/logo\/image\/"}},{"@type":"Person","@id":"https:\/\/fjala.info\/2009-2015\/#\/schema\/person\/3aa1163ef05469c496fc94e77611ada2","name":"admin","image":{"@type":"ImageObject","inLanguage":"sq-AL","@id":"https:\/\/fjala.info\/2009-2015\/wp-content\/uploads\/2012\/02\/arben_cokaj-120x150.jpg","url":"https:\/\/fjala.info\/2009-2015\/wp-content\/uploads\/2012\/02\/arben_cokaj-120x150.jpg","contentUrl":"https:\/\/fjala.info\/2009-2015\/wp-content\/uploads\/2012\/02\/arben_cokaj-120x150.jpg","caption":"admin"},"description":"Admin, Fjala e Lir\u00eb","sameAs":["https:\/\/fjala.info\/"],"url":"https:\/\/fjala.info\/2009-2015\/author\/admin\/"}]}},"_links":{"self":[{"href":"https:\/\/fjala.info\/2009-2015\/wp-json\/wp\/v2\/posts\/2439","targetHints":{"allow":["GET"]}}],"collection":[{"href":"https:\/\/fjala.info\/2009-2015\/wp-json\/wp\/v2\/posts"}],"about":[{"href":"https:\/\/fjala.info\/2009-2015\/wp-json\/wp\/v2\/types\/post"}],"author":[{"embeddable":true,"href":"https:\/\/fjala.info\/2009-2015\/wp-json\/wp\/v2\/users\/1"}],"replies":[{"embeddable":true,"href":"https:\/\/fjala.info\/2009-2015\/wp-json\/wp\/v2\/comments?post=2439"}],"version-history":[{"count":0,"href":"https:\/\/fjala.info\/2009-2015\/wp-json\/wp\/v2\/posts\/2439\/revisions"}],"wp:attachment":[{"href":"https:\/\/fjala.info\/2009-2015\/wp-json\/wp\/v2\/media?parent=2439"}],"wp:term":[{"taxonomy":"category","embeddable":true,"href":"https:\/\/fjala.info\/2009-2015\/wp-json\/wp\/v2\/categories?post=2439"},{"taxonomy":"post_tag","embeddable":true,"href":"https:\/\/fjala.info\/2009-2015\/wp-json\/wp\/v2\/tags?post=2439"}],"curies":[{"name":"wp","href":"https:\/\/api.w.org\/{rel}","templated":true}]}}