{"id":2432,"date":"2012-04-09T22:50:26","date_gmt":"2012-04-09T21:50:26","guid":{"rendered":"http:\/\/fjala.shkoder.net\/?p=2432"},"modified":"2012-04-09T22:50:26","modified_gmt":"2012-04-09T21:50:26","slug":"sali-berisha-duhet-te-jemi-krenare-qe-kemi-gjakun-e-perzier-me-turqit","status":"publish","type":"post","link":"https:\/\/fjala.info\/2009-2015\/sali-berisha-duhet-te-jemi-krenare-qe-kemi-gjakun-e-perzier-me-turqit\/","title":{"rendered":"Sali Berisha: \u201cDuhet t\u00eb jemi krenar\u00eb q\u00eb kemi gjakun e p\u00ebrzier me turqit\u201d"},"content":{"rendered":"<p><img decoding=\"async\" class=\"alignright size-thumbnail wp-image-7236\" title=\"Berisha - Erdogan\" src=\"http:\/\/www.shkoder.net\/2012\/berisha_erdogan.jpg\" alt=\"\" width=\"300\" \/> <strong>TemA<\/strong>, <em>9 Prill 2012<\/em><\/p>\n<p><strong><em>Kjo m\u00eb posht\u00eb \u00ebsht\u00eb fjala e mbajtur nga kryeministri Sali Berisha n\u00eb mbledhjen e grupit t\u00eb PD<\/em><\/strong><\/p>\n<p>S\u00eb pari d\u00ebshiroj t\u2019u informoj ju mbi vizit\u00ebn q\u00eb sapo kreva n\u00eb Turqi. Shpreh mir\u00ebnjohjen time m\u00eb t\u00eb thell\u00eb p\u00ebr kryeministrin Erdogan, k\u00ebtij miku t\u00eb shquar t\u00eb kombit shqiptar dhe nj\u00ebrit prej reformator\u00ebve m\u00eb t\u00eb m\u00ebdhenj n\u00eb historin\u00eb e kombit mik turk, p\u00ebr ftes\u00ebn q\u00eb m\u00eb b\u00ebri dhe p\u00ebr pritjen v\u00ebllaz\u00ebrore q\u00eb m\u00eb rezervoi gjat\u00eb q\u00ebndrimit tim. Fal\u00ebnderoj p\u00ebrzem\u00ebrsisht p\u00ebr pritjen q\u00eb m\u00eb rezervoi, bisedimet q\u00eb zhvilluam, kryetarin e parlamentit dhe trup\u00ebn e deputet\u00ebve t\u00eb miq\u00ebsis\u00eb, q\u00eb m\u00eb prit\u00ebn miq\u00ebsisht n\u00eb parlamentin e Turqis\u00eb, t\u00eb fal\u00ebnderoj kryetarin e dhom\u00ebs s\u00eb biznesit t\u00eb Turqis\u00eb, por edhe kryetarin e unionit t\u00eb dhomave t\u00eb tregtis\u00eb n\u00eb Shqip\u00ebri.<\/p>\n<p>Kjo vizit\u00eb ishte nj\u00eb rast i ve\u00e7ant\u00eb p\u00ebr mua q\u00eb t\u00eb shprehja mir\u00ebnjohjen m\u00eb t\u00eb thell\u00eb n\u00eb em\u00ebr t\u00eb shqiptar\u00ebve udh\u00ebheq\u00ebsve m\u00eb t\u00eb lart\u00eb t\u00eb vendit mik n\u00eb 100 vjetorin e pavar\u00ebsis\u00eb s\u00eb Shqip\u00ebris\u00eb. 100 vjet p\u00ebrpjekje t\u00eb shqiptar\u00ebve p\u00ebr t\u00eb konsoliduar pavar\u00ebsin\u00eb jan\u00eb shoq\u00ebruar nga qindra e mij\u00ebra vendime n\u00eb interesin m\u00eb t\u00eb mir\u00eb t\u00eb shqiptar\u00ebve. Kjo \u00ebsht\u00eb e v\u00ebrteta historike e 100 vjetorit t\u00eb marr\u00ebdh\u00ebnieve mes dy vendeve dhe kombeve tona.<\/p>\n<p>Marr\u00ebdh\u00ebniet kan\u00eb njohur nj\u00eb zhvillim t\u00eb fuqish\u00ebm n\u00eb 20 vitet e fundit n\u00eb t\u00eb gjitha fushat dhe po ecin n\u00eb lart\u00ebsin\u00eb e ndjenjave miq\u00ebsore q\u00eb ekzistojn\u00eb, q\u00eb kombet e vendet tona ushqejn\u00eb p\u00ebr nj\u00ebri- tjetrin. Ajo q\u00eb \u00ebsht\u00eb nd\u00ebr m\u00eb pozitivet \u00ebsht\u00eb zhvillimi i fuqish\u00ebm vitet e fundit i marr\u00ebdh\u00ebnieve ekonomike q\u00eb kan\u00eb qen\u00eb pak si m\u00eb mbrapa. Turqia ka nj\u00eb zhvillim ekonomik n\u00ebn qeverisjen e Erdogan me nj\u00eb rritje ekonomike t\u00eb shk\u00eblqyer. Gjat\u00eb k\u00ebtyre viteve investimet turke jan\u00eb rritur me 9 her\u00eb. Turqia ka mb\u00ebshtetur fuqish\u00ebm Kosov\u00ebn dhe qytetar\u00ebt e saj n\u00eb t\u00eb gjith\u00eb p\u00ebrpjekjet q\u00eb kan\u00eb b\u00ebr\u00eb e b\u00ebjn\u00eb p\u00ebr liri.<\/p>\n<p>N\u00eb k\u00ebto takime u diskutuan marr\u00ebdh\u00ebniet tona n\u00eb t\u00eb gjitha fushat, por nj\u00eb vend t\u00eb ve\u00e7ant\u00eb n\u00eb fush\u00ebn e energjis\u00eb pasi ajo \u00ebsht\u00eb p\u00ebrpar\u00ebsia kryesore e qeveris\u00eb son\u00eb. Mora garanci t\u00eb plot\u00eb nga Erdogan se qeveria e tij mb\u00ebshtet plot\u00ebsisht projektet q\u00eb mund\u00ebsojn\u00eb kalimin e gazit n\u00ebp\u00ebr Shqip\u00ebri. N\u00eb k\u00ebt\u00eb m\u00ebnyr\u00eb do shfryt\u00ebzojm\u00eb potencialin e madh t\u00eb k\u00ebsaj l\u00ebnd\u00eb. Kjo mb\u00ebshtetje ka qen\u00eb konstante gjat\u00eb gjith\u00eb k\u00ebtyre viteve. Por kjo mb\u00ebshtetje \u00ebsht\u00eb sot m\u00eb e fuqishme se kurr\u00eb. Un\u00eb dua t\u00eb shpreh edhe nj\u00ebher\u00eb fal\u00ebnderimin p\u00ebr k\u00ebt\u00eb mb\u00ebshtetje.<\/p>\n<p>Gjat\u00eb vizit\u00ebs biseduam p\u00ebr bashk\u00ebpunimin n\u00eb fush\u00ebn e turizmit. Turqia ka njohur rritjen m\u00eb t\u00eb jasht\u00ebzakonshme t\u00eb turizmit n\u00eb k\u00ebto vite. Kan\u00eb nj\u00eb ekspertiz\u00eb t\u00eb shk\u00eblqyer n\u00eb sh\u00ebrbime. Kam besim se premtimet q\u00eb mora p\u00ebr inkurajimin e investitor\u00ebve turq n\u00eb turiz\u00ebm do b\u00ebhen realitet si\u00e7 jan\u00eb b\u00ebr\u00eb n\u00eb fushat e tjera.<\/p>\n<p>Jan\u00eb marr\u00ebdh\u00ebnie q\u00eb prekin \u00e7do fush\u00eb, arsimin, sh\u00ebndet\u00ebsin\u00eb, mbrojtjen. Turqia ka dh\u00ebn\u00eb mb\u00ebshtetje thelb\u00ebsore p\u00ebr an\u00ebtar\u00ebsimin n\u00eb NATO.<\/p>\n<p>Pata k\u00ebnaq\u00ebsin\u00eb t\u00eb ftoj mikun tim dhe t\u00eb shqiptar\u00ebve t\u00eb marr\u00eb pjes\u00eb n\u00eb festimin e 100 vjetorit t\u00eb Pavar\u00ebsis\u00eb, ftes\u00eb q\u00eb u pranua me k\u00ebnaq\u00ebsi dhe jam i bindur se ky premtim do b\u00ebhet realitet. N\u00eb Turqi ajo q\u00eb \u00ebsht\u00eb presje n\u00eb rrafshin pozitiv, n\u00eb at\u00eb vend e at\u00eb shtet ka m\u00eb shum\u00eb shqiptar\u00eb se n\u00eb Ballkan. Ky \u00ebsht\u00eb realiteti. Historia e dy vendeve \u00ebsht\u00eb nj\u00eb histori q\u00eb daton n\u00eb shekuj. Natyrisht shqiptar\u00ebt ndjehen krenar\u00eb me Sk\u00ebnderbeun dhe kan\u00eb t\u00eb drejt\u00eb, por nuk mund t\u00eb injorojn\u00eb se edhe Barbarosa ishte shqiptar dhe ishte zot i detrave n\u00eb koh\u00ebn q\u00eb jetoi. Shqiptar\u00ebt jan\u00eb krenar\u00eb me Lek\u00ebn, por nuk mohojn\u00eb se Sinan Pasha zot\u00ebroi hap\u00ebsir\u00ebn nga deti Balltik n\u00eb detin e Jemenit.<\/p>\n<p>Shqiptar\u00ebt jan\u00eb krenar\u00eb me Naimin, por \u00ebsht\u00eb fatlum fati q\u00eb Samiu, q\u00eb shkroi librin e shenjt\u00eb t\u00eb shqiptaris\u00eb \u00ebsht\u00eb themelues i turqishtes moderne.<\/p>\n<p>Por, le ta l\u00ebm\u00eb m\u00ebnjan\u00eb se perandoria \u00ebsht\u00eb n\u00eb arkiv, 100 vitet jan\u00eb vitet e bashk\u00ebpunimit dinjitoz mes dy vendeve.<\/p>\n<p>Meqen\u00ebse disa patriot\u00eb pa atdhe jan\u00eb ndjer\u00eb t\u00eb l\u00ebnduar se pse un\u00eb kam folur p\u00ebr lidhje gjaku, u them atyre zot\u00ebrinjve se cila \u00ebsht\u00eb origjina e fiseve ilire dhe cila \u00ebsht\u00eb origjina e fiseve turke \u00ebsht\u00eb qart\u00ebsisht e njohur. Por, t\u00eb mendosh se vet\u00ebm gjaku i fiseve qenka lidhja e vetme e gjakut \u00ebsht\u00eb qesharake. Jan\u00eb mbi 6 milion\u00eb shqiptar\u00eb n\u00eb Turqi. Me miliona martesa dhe \u00ebsht\u00eb bot\u00ebrisht i njohur pasioni i turqve p\u00ebr t\u00eb marr\u00eb shqiptare. E kan\u00eb k\u00ebt\u00eb. P\u00ebr tu dh\u00ebn\u00eb shqiptar\u00ebve m\u00eb pak, e kan\u00eb k\u00ebt\u00eb. Po k\u00ebt\u00eb e kan\u00eb par\u00ebsore ata. At\u00ebher\u00eb \u00e7far\u00eb tu themi ne, q\u00eb nuk kan\u00eb gjak shqiptar, q\u00eb nuk kan\u00eb gjak t\u00eb p\u00ebrzier?<\/p>\n<p>Un\u00eb dua t\u2019i garantoj k\u00ebta t\u00eb nderuar zot\u00ebrinj se jam krenar me ta sepse ata jan\u00eb krenar\u00eb me Shqip\u00ebrin\u00eb dhe shqiptar\u00ebt. K\u00ebtu n\u00eb vend q\u00eb t\u00eb krenohen, ndjehen t\u00eb l\u00ebnduar. Jo kan\u00eb lidhje gjaku, por t\u00eb fuqishme. Tani si u gjet\u00ebn aty 6-7 milion shqiptar\u00eb, \u00ebsht\u00eb \u00e7\u00ebshtje e historis\u00eb, por nuk mund t\u00eb mohohet. \u00cbsht\u00eb e njohur tendenca e emigracionit shqiptar, jo m\u00eb kot ata arrit\u00ebn n\u00eb nivelet m\u00eb t\u00eb larta t\u00eb perandoris\u00eb. Nj\u00eb komb q\u00eb zuri karrigen e kryeministrit 42 her\u00eb t\u00eb asaj perandorie. K\u00ebto jan\u00eb n\u00eb arkiva.<\/p>\n<p>Nj\u00eb miku im, Teodoros Pangallos, e kisha dy her\u00eb mik se ishte shqiptar. Tani duhet t\u00eb mohojm\u00eb ne? Jo, p\u00ebrkundrazi, \u00ebsht\u00eb nj\u00eb faktor pozitiv sepse ne jemi ata q\u00eb themi gjaku uj\u00eb nuk b\u00ebhet. Kjo \u00ebsht\u00eb e v\u00ebrteta. Ndaj k\u00ebtyre zot\u00ebrinjve u them shkruani sa t\u00eb mundni dhe protestoni, ne do t\u00eb q\u00ebndrojm\u00eb kudo q\u00eb t\u00eb ket\u00eb lidhje gjaku kombi, ne jemi krenar\u00eb. Po ku u themelua Rilindja jon\u00eb? Rilindjen ton\u00eb e themeluan shqiptar\u00ebt n\u00eb vende t\u00eb tjera dhe i b\u00ebn\u00eb kombit sh\u00ebrbimin m\u00eb t\u00eb madh.<\/p>\n","protected":false},"excerpt":{"rendered":"<p>TemA, 9 Prill 2012 Kjo m\u00eb posht\u00eb \u00ebsht\u00eb fjala e mbajtur nga kryeministri Sali Berisha n\u00eb mbledhjen e grupit t\u00eb PD S\u00eb pari d\u00ebshiroj t\u2019u informoj ju mbi vizit\u00ebn q\u00eb sapo kreva n\u00eb Turqi. Shpreh mir\u00ebnjohjen time m\u00eb t\u00eb thell\u00eb p\u00ebr kryeministrin Erdogan, k\u00ebtij miku t\u00eb shquar t\u00eb kombit shqiptar dhe nj\u00ebrit prej reformator\u00ebve m\u00eb [&hellip;]<\/p>\n","protected":false},"author":1,"featured_media":0,"comment_status":"open","ping_status":"closed","sticky":false,"template":"","format":"standard","meta":{"footnotes":""},"categories":[2],"tags":[],"class_list":{"0":"post-2432","1":"post","2":"type-post","3":"status-publish","4":"format-standard","6":"category-artikuj"},"yoast_head":"<!-- This site is optimized with the Yoast SEO plugin v27.4 - https:\/\/yoast.com\/product\/yoast-seo-wordpress\/ -->\n<title>Sali Berisha: \u201cDuhet t\u00eb jemi krenar\u00eb q\u00eb kemi gjakun e p\u00ebrzier me turqit\u201d - FjALA e LIR\u00cb - Arkivi<\/title>\n<meta name=\"robots\" content=\"index, follow, max-snippet:-1, max-image-preview:large, max-video-preview:-1\" \/>\n<link rel=\"canonical\" href=\"https:\/\/fjala.info\/2009-2015\/sali-berisha-duhet-te-jemi-krenare-qe-kemi-gjakun-e-perzier-me-turqit\/\" \/>\n<meta property=\"og:locale\" content=\"sq_AL\" \/>\n<meta property=\"og:type\" content=\"article\" \/>\n<meta property=\"og:title\" content=\"Sali Berisha: \u201cDuhet t\u00eb jemi krenar\u00eb q\u00eb kemi gjakun e p\u00ebrzier me turqit\u201d - FjALA e LIR\u00cb - Arkivi\" \/>\n<meta property=\"og:description\" content=\"TemA, 9 Prill 2012 Kjo m\u00eb posht\u00eb \u00ebsht\u00eb fjala e mbajtur nga kryeministri Sali Berisha n\u00eb mbledhjen e grupit t\u00eb PD S\u00eb pari d\u00ebshiroj t\u2019u informoj ju mbi vizit\u00ebn q\u00eb sapo kreva n\u00eb Turqi. Shpreh mir\u00ebnjohjen time m\u00eb t\u00eb thell\u00eb p\u00ebr kryeministrin Erdogan, k\u00ebtij miku t\u00eb shquar t\u00eb kombit shqiptar dhe nj\u00ebrit prej reformator\u00ebve m\u00eb [&hellip;]\" \/>\n<meta property=\"og:url\" content=\"https:\/\/fjala.info\/2009-2015\/sali-berisha-duhet-te-jemi-krenare-qe-kemi-gjakun-e-perzier-me-turqit\/\" \/>\n<meta property=\"og:site_name\" content=\"FjALA e LIR\u00cb - Arkivi\" \/>\n<meta property=\"article:published_time\" content=\"2012-04-09T21:50:26+00:00\" \/>\n<meta property=\"og:image\" content=\"http:\/\/www.shkoder.net\/2012\/berisha_erdogan.jpg\" \/>\n<meta name=\"author\" content=\"admin\" \/>\n<meta name=\"twitter:card\" content=\"summary_large_image\" \/>\n<meta name=\"twitter:label1\" content=\"Written by\" \/>\n\t<meta name=\"twitter:data1\" content=\"admin\" \/>\n\t<meta name=\"twitter:label2\" content=\"Est. reading time\" \/>\n\t<meta name=\"twitter:data2\" content=\"5 minutes\" \/>\n<script type=\"application\/ld+json\" class=\"yoast-schema-graph\">{\"@context\":\"https:\\\/\\\/schema.org\",\"@graph\":[{\"@type\":\"Article\",\"@id\":\"https:\\\/\\\/fjala.info\\\/2009-2015\\\/sali-berisha-duhet-te-jemi-krenare-qe-kemi-gjakun-e-perzier-me-turqit\\\/#article\",\"isPartOf\":{\"@id\":\"https:\\\/\\\/fjala.info\\\/2009-2015\\\/sali-berisha-duhet-te-jemi-krenare-qe-kemi-gjakun-e-perzier-me-turqit\\\/\"},\"author\":{\"name\":\"admin\",\"@id\":\"https:\\\/\\\/fjala.info\\\/2009-2015\\\/#\\\/schema\\\/person\\\/3aa1163ef05469c496fc94e77611ada2\"},\"headline\":\"Sali Berisha: \u201cDuhet t\u00eb jemi krenar\u00eb q\u00eb kemi gjakun e p\u00ebrzier me turqit\u201d\",\"datePublished\":\"2012-04-09T21:50:26+00:00\",\"mainEntityOfPage\":{\"@id\":\"https:\\\/\\\/fjala.info\\\/2009-2015\\\/sali-berisha-duhet-te-jemi-krenare-qe-kemi-gjakun-e-perzier-me-turqit\\\/\"},\"wordCount\":1083,\"commentCount\":0,\"publisher\":{\"@id\":\"https:\\\/\\\/fjala.info\\\/2009-2015\\\/#organization\"},\"image\":{\"@id\":\"https:\\\/\\\/fjala.info\\\/2009-2015\\\/sali-berisha-duhet-te-jemi-krenare-qe-kemi-gjakun-e-perzier-me-turqit\\\/#primaryimage\"},\"thumbnailUrl\":\"http:\\\/\\\/www.shkoder.net\\\/2012\\\/berisha_erdogan.jpg\",\"articleSection\":[\"Artikuj\"],\"inLanguage\":\"sq-AL\",\"potentialAction\":[{\"@type\":\"CommentAction\",\"name\":\"Comment\",\"target\":[\"https:\\\/\\\/fjala.info\\\/2009-2015\\\/sali-berisha-duhet-te-jemi-krenare-qe-kemi-gjakun-e-perzier-me-turqit\\\/#respond\"]}]},{\"@type\":\"WebPage\",\"@id\":\"https:\\\/\\\/fjala.info\\\/2009-2015\\\/sali-berisha-duhet-te-jemi-krenare-qe-kemi-gjakun-e-perzier-me-turqit\\\/\",\"url\":\"https:\\\/\\\/fjala.info\\\/2009-2015\\\/sali-berisha-duhet-te-jemi-krenare-qe-kemi-gjakun-e-perzier-me-turqit\\\/\",\"name\":\"Sali Berisha: \u201cDuhet t\u00eb jemi krenar\u00eb q\u00eb kemi gjakun e p\u00ebrzier me turqit\u201d - FjALA e LIR\u00cb - Arkivi\",\"isPartOf\":{\"@id\":\"https:\\\/\\\/fjala.info\\\/2009-2015\\\/#website\"},\"primaryImageOfPage\":{\"@id\":\"https:\\\/\\\/fjala.info\\\/2009-2015\\\/sali-berisha-duhet-te-jemi-krenare-qe-kemi-gjakun-e-perzier-me-turqit\\\/#primaryimage\"},\"image\":{\"@id\":\"https:\\\/\\\/fjala.info\\\/2009-2015\\\/sali-berisha-duhet-te-jemi-krenare-qe-kemi-gjakun-e-perzier-me-turqit\\\/#primaryimage\"},\"thumbnailUrl\":\"http:\\\/\\\/www.shkoder.net\\\/2012\\\/berisha_erdogan.jpg\",\"datePublished\":\"2012-04-09T21:50:26+00:00\",\"breadcrumb\":{\"@id\":\"https:\\\/\\\/fjala.info\\\/2009-2015\\\/sali-berisha-duhet-te-jemi-krenare-qe-kemi-gjakun-e-perzier-me-turqit\\\/#breadcrumb\"},\"inLanguage\":\"sq-AL\",\"potentialAction\":[{\"@type\":\"ReadAction\",\"target\":[\"https:\\\/\\\/fjala.info\\\/2009-2015\\\/sali-berisha-duhet-te-jemi-krenare-qe-kemi-gjakun-e-perzier-me-turqit\\\/\"]}]},{\"@type\":\"ImageObject\",\"inLanguage\":\"sq-AL\",\"@id\":\"https:\\\/\\\/fjala.info\\\/2009-2015\\\/sali-berisha-duhet-te-jemi-krenare-qe-kemi-gjakun-e-perzier-me-turqit\\\/#primaryimage\",\"url\":\"http:\\\/\\\/www.shkoder.net\\\/2012\\\/berisha_erdogan.jpg\",\"contentUrl\":\"http:\\\/\\\/www.shkoder.net\\\/2012\\\/berisha_erdogan.jpg\"},{\"@type\":\"BreadcrumbList\",\"@id\":\"https:\\\/\\\/fjala.info\\\/2009-2015\\\/sali-berisha-duhet-te-jemi-krenare-qe-kemi-gjakun-e-perzier-me-turqit\\\/#breadcrumb\",\"itemListElement\":[{\"@type\":\"ListItem\",\"position\":1,\"name\":\"Home\",\"item\":\"https:\\\/\\\/fjala.info\\\/2009-2015\\\/\"},{\"@type\":\"ListItem\",\"position\":2,\"name\":\"Sali Berisha: \u201cDuhet t\u00eb jemi krenar\u00eb q\u00eb kemi gjakun e p\u00ebrzier me turqit\u201d\"}]},{\"@type\":\"WebSite\",\"@id\":\"https:\\\/\\\/fjala.info\\\/2009-2015\\\/#website\",\"url\":\"https:\\\/\\\/fjala.info\\\/2009-2015\\\/\",\"name\":\"FjALA e LIR\u00cb - Arkivi\",\"description\":\"Arkivi 2009-2015\",\"publisher\":{\"@id\":\"https:\\\/\\\/fjala.info\\\/2009-2015\\\/#organization\"},\"potentialAction\":[{\"@type\":\"SearchAction\",\"target\":{\"@type\":\"EntryPoint\",\"urlTemplate\":\"https:\\\/\\\/fjala.info\\\/2009-2015\\\/?s={search_term_string}\"},\"query-input\":{\"@type\":\"PropertyValueSpecification\",\"valueRequired\":true,\"valueName\":\"search_term_string\"}}],\"inLanguage\":\"sq-AL\"},{\"@type\":\"Organization\",\"@id\":\"https:\\\/\\\/fjala.info\\\/2009-2015\\\/#organization\",\"name\":\"FjALA e LIR\u00cb - Arkivi\",\"url\":\"https:\\\/\\\/fjala.info\\\/2009-2015\\\/\",\"logo\":{\"@type\":\"ImageObject\",\"inLanguage\":\"sq-AL\",\"@id\":\"https:\\\/\\\/fjala.info\\\/2009-2015\\\/#\\\/schema\\\/logo\\\/image\\\/\",\"url\":\"\",\"contentUrl\":\"\",\"caption\":\"FjALA e LIR\u00cb - Arkivi\"},\"image\":{\"@id\":\"https:\\\/\\\/fjala.info\\\/2009-2015\\\/#\\\/schema\\\/logo\\\/image\\\/\"}},{\"@type\":\"Person\",\"@id\":\"https:\\\/\\\/fjala.info\\\/2009-2015\\\/#\\\/schema\\\/person\\\/3aa1163ef05469c496fc94e77611ada2\",\"name\":\"admin\",\"image\":{\"@type\":\"ImageObject\",\"inLanguage\":\"sq-AL\",\"@id\":\"https:\\\/\\\/fjala.info\\\/2009-2015\\\/wp-content\\\/uploads\\\/2012\\\/02\\\/arben_cokaj-120x150.jpg\",\"url\":\"https:\\\/\\\/fjala.info\\\/2009-2015\\\/wp-content\\\/uploads\\\/2012\\\/02\\\/arben_cokaj-120x150.jpg\",\"contentUrl\":\"https:\\\/\\\/fjala.info\\\/2009-2015\\\/wp-content\\\/uploads\\\/2012\\\/02\\\/arben_cokaj-120x150.jpg\",\"caption\":\"admin\"},\"description\":\"Admin, Fjala e Lir\u00eb\",\"sameAs\":[\"https:\\\/\\\/fjala.info\\\/\"],\"url\":\"https:\\\/\\\/fjala.info\\\/2009-2015\\\/author\\\/admin\\\/\"}]}<\/script>\n<!-- \/ Yoast SEO plugin. -->","yoast_head_json":{"title":"Sali Berisha: \u201cDuhet t\u00eb jemi krenar\u00eb q\u00eb kemi gjakun e p\u00ebrzier me turqit\u201d - FjALA e LIR\u00cb - Arkivi","robots":{"index":"index","follow":"follow","max-snippet":"max-snippet:-1","max-image-preview":"max-image-preview:large","max-video-preview":"max-video-preview:-1"},"canonical":"https:\/\/fjala.info\/2009-2015\/sali-berisha-duhet-te-jemi-krenare-qe-kemi-gjakun-e-perzier-me-turqit\/","og_locale":"sq_AL","og_type":"article","og_title":"Sali Berisha: \u201cDuhet t\u00eb jemi krenar\u00eb q\u00eb kemi gjakun e p\u00ebrzier me turqit\u201d - FjALA e LIR\u00cb - Arkivi","og_description":"TemA, 9 Prill 2012 Kjo m\u00eb posht\u00eb \u00ebsht\u00eb fjala e mbajtur nga kryeministri Sali Berisha n\u00eb mbledhjen e grupit t\u00eb PD S\u00eb pari d\u00ebshiroj t\u2019u informoj ju mbi vizit\u00ebn q\u00eb sapo kreva n\u00eb Turqi. Shpreh mir\u00ebnjohjen time m\u00eb t\u00eb thell\u00eb p\u00ebr kryeministrin Erdogan, k\u00ebtij miku t\u00eb shquar t\u00eb kombit shqiptar dhe nj\u00ebrit prej reformator\u00ebve m\u00eb [&hellip;]","og_url":"https:\/\/fjala.info\/2009-2015\/sali-berisha-duhet-te-jemi-krenare-qe-kemi-gjakun-e-perzier-me-turqit\/","og_site_name":"FjALA e LIR\u00cb - Arkivi","article_published_time":"2012-04-09T21:50:26+00:00","og_image":[{"url":"http:\/\/www.shkoder.net\/2012\/berisha_erdogan.jpg","type":"","width":"","height":""}],"author":"admin","twitter_card":"summary_large_image","twitter_misc":{"Written by":"admin","Est. reading time":"5 minutes"},"schema":{"@context":"https:\/\/schema.org","@graph":[{"@type":"Article","@id":"https:\/\/fjala.info\/2009-2015\/sali-berisha-duhet-te-jemi-krenare-qe-kemi-gjakun-e-perzier-me-turqit\/#article","isPartOf":{"@id":"https:\/\/fjala.info\/2009-2015\/sali-berisha-duhet-te-jemi-krenare-qe-kemi-gjakun-e-perzier-me-turqit\/"},"author":{"name":"admin","@id":"https:\/\/fjala.info\/2009-2015\/#\/schema\/person\/3aa1163ef05469c496fc94e77611ada2"},"headline":"Sali Berisha: \u201cDuhet t\u00eb jemi krenar\u00eb q\u00eb kemi gjakun e p\u00ebrzier me turqit\u201d","datePublished":"2012-04-09T21:50:26+00:00","mainEntityOfPage":{"@id":"https:\/\/fjala.info\/2009-2015\/sali-berisha-duhet-te-jemi-krenare-qe-kemi-gjakun-e-perzier-me-turqit\/"},"wordCount":1083,"commentCount":0,"publisher":{"@id":"https:\/\/fjala.info\/2009-2015\/#organization"},"image":{"@id":"https:\/\/fjala.info\/2009-2015\/sali-berisha-duhet-te-jemi-krenare-qe-kemi-gjakun-e-perzier-me-turqit\/#primaryimage"},"thumbnailUrl":"http:\/\/www.shkoder.net\/2012\/berisha_erdogan.jpg","articleSection":["Artikuj"],"inLanguage":"sq-AL","potentialAction":[{"@type":"CommentAction","name":"Comment","target":["https:\/\/fjala.info\/2009-2015\/sali-berisha-duhet-te-jemi-krenare-qe-kemi-gjakun-e-perzier-me-turqit\/#respond"]}]},{"@type":"WebPage","@id":"https:\/\/fjala.info\/2009-2015\/sali-berisha-duhet-te-jemi-krenare-qe-kemi-gjakun-e-perzier-me-turqit\/","url":"https:\/\/fjala.info\/2009-2015\/sali-berisha-duhet-te-jemi-krenare-qe-kemi-gjakun-e-perzier-me-turqit\/","name":"Sali Berisha: \u201cDuhet t\u00eb jemi krenar\u00eb q\u00eb kemi gjakun e p\u00ebrzier me turqit\u201d - FjALA e LIR\u00cb - Arkivi","isPartOf":{"@id":"https:\/\/fjala.info\/2009-2015\/#website"},"primaryImageOfPage":{"@id":"https:\/\/fjala.info\/2009-2015\/sali-berisha-duhet-te-jemi-krenare-qe-kemi-gjakun-e-perzier-me-turqit\/#primaryimage"},"image":{"@id":"https:\/\/fjala.info\/2009-2015\/sali-berisha-duhet-te-jemi-krenare-qe-kemi-gjakun-e-perzier-me-turqit\/#primaryimage"},"thumbnailUrl":"http:\/\/www.shkoder.net\/2012\/berisha_erdogan.jpg","datePublished":"2012-04-09T21:50:26+00:00","breadcrumb":{"@id":"https:\/\/fjala.info\/2009-2015\/sali-berisha-duhet-te-jemi-krenare-qe-kemi-gjakun-e-perzier-me-turqit\/#breadcrumb"},"inLanguage":"sq-AL","potentialAction":[{"@type":"ReadAction","target":["https:\/\/fjala.info\/2009-2015\/sali-berisha-duhet-te-jemi-krenare-qe-kemi-gjakun-e-perzier-me-turqit\/"]}]},{"@type":"ImageObject","inLanguage":"sq-AL","@id":"https:\/\/fjala.info\/2009-2015\/sali-berisha-duhet-te-jemi-krenare-qe-kemi-gjakun-e-perzier-me-turqit\/#primaryimage","url":"http:\/\/www.shkoder.net\/2012\/berisha_erdogan.jpg","contentUrl":"http:\/\/www.shkoder.net\/2012\/berisha_erdogan.jpg"},{"@type":"BreadcrumbList","@id":"https:\/\/fjala.info\/2009-2015\/sali-berisha-duhet-te-jemi-krenare-qe-kemi-gjakun-e-perzier-me-turqit\/#breadcrumb","itemListElement":[{"@type":"ListItem","position":1,"name":"Home","item":"https:\/\/fjala.info\/2009-2015\/"},{"@type":"ListItem","position":2,"name":"Sali Berisha: \u201cDuhet t\u00eb jemi krenar\u00eb q\u00eb kemi gjakun e p\u00ebrzier me turqit\u201d"}]},{"@type":"WebSite","@id":"https:\/\/fjala.info\/2009-2015\/#website","url":"https:\/\/fjala.info\/2009-2015\/","name":"FjALA e LIR\u00cb - Arkivi","description":"Arkivi 2009-2015","publisher":{"@id":"https:\/\/fjala.info\/2009-2015\/#organization"},"potentialAction":[{"@type":"SearchAction","target":{"@type":"EntryPoint","urlTemplate":"https:\/\/fjala.info\/2009-2015\/?s={search_term_string}"},"query-input":{"@type":"PropertyValueSpecification","valueRequired":true,"valueName":"search_term_string"}}],"inLanguage":"sq-AL"},{"@type":"Organization","@id":"https:\/\/fjala.info\/2009-2015\/#organization","name":"FjALA e LIR\u00cb - Arkivi","url":"https:\/\/fjala.info\/2009-2015\/","logo":{"@type":"ImageObject","inLanguage":"sq-AL","@id":"https:\/\/fjala.info\/2009-2015\/#\/schema\/logo\/image\/","url":"","contentUrl":"","caption":"FjALA e LIR\u00cb - Arkivi"},"image":{"@id":"https:\/\/fjala.info\/2009-2015\/#\/schema\/logo\/image\/"}},{"@type":"Person","@id":"https:\/\/fjala.info\/2009-2015\/#\/schema\/person\/3aa1163ef05469c496fc94e77611ada2","name":"admin","image":{"@type":"ImageObject","inLanguage":"sq-AL","@id":"https:\/\/fjala.info\/2009-2015\/wp-content\/uploads\/2012\/02\/arben_cokaj-120x150.jpg","url":"https:\/\/fjala.info\/2009-2015\/wp-content\/uploads\/2012\/02\/arben_cokaj-120x150.jpg","contentUrl":"https:\/\/fjala.info\/2009-2015\/wp-content\/uploads\/2012\/02\/arben_cokaj-120x150.jpg","caption":"admin"},"description":"Admin, Fjala e Lir\u00eb","sameAs":["https:\/\/fjala.info\/"],"url":"https:\/\/fjala.info\/2009-2015\/author\/admin\/"}]}},"_links":{"self":[{"href":"https:\/\/fjala.info\/2009-2015\/wp-json\/wp\/v2\/posts\/2432","targetHints":{"allow":["GET"]}}],"collection":[{"href":"https:\/\/fjala.info\/2009-2015\/wp-json\/wp\/v2\/posts"}],"about":[{"href":"https:\/\/fjala.info\/2009-2015\/wp-json\/wp\/v2\/types\/post"}],"author":[{"embeddable":true,"href":"https:\/\/fjala.info\/2009-2015\/wp-json\/wp\/v2\/users\/1"}],"replies":[{"embeddable":true,"href":"https:\/\/fjala.info\/2009-2015\/wp-json\/wp\/v2\/comments?post=2432"}],"version-history":[{"count":0,"href":"https:\/\/fjala.info\/2009-2015\/wp-json\/wp\/v2\/posts\/2432\/revisions"}],"wp:attachment":[{"href":"https:\/\/fjala.info\/2009-2015\/wp-json\/wp\/v2\/media?parent=2432"}],"wp:term":[{"taxonomy":"category","embeddable":true,"href":"https:\/\/fjala.info\/2009-2015\/wp-json\/wp\/v2\/categories?post=2432"},{"taxonomy":"post_tag","embeddable":true,"href":"https:\/\/fjala.info\/2009-2015\/wp-json\/wp\/v2\/tags?post=2432"}],"curies":[{"name":"wp","href":"https:\/\/api.w.org\/{rel}","templated":true}]}}