{"id":2430,"date":"2012-04-09T22:41:47","date_gmt":"2012-04-09T21:41:47","guid":{"rendered":"http:\/\/fjala.shkoder.net\/?p=2430"},"modified":"2012-04-09T22:41:47","modified_gmt":"2012-04-09T21:41:47","slug":"rrobaqepesi-nga-prishtina","status":"publish","type":"post","link":"https:\/\/fjala.info\/2009-2015\/rrobaqepesi-nga-prishtina\/","title":{"rendered":"Rrobaqep\u00ebsi nga Prishtina"},"content":{"rendered":"<p><img decoding=\"async\" class=\"alignright size-thumbnail wp-image-7236\" title=\"Beq\u00eb Cufaj\" src=\"http:\/\/www.shkoder.net\/images\/fjala\/beqe_cufaj.jpg\" alt=\"\" width=\"150\" \/> Nga <strong>Beq\u00eb Cufaj<\/strong>, <em>9 Prill 2012<\/em><\/p>\n<p>N\u00eb filmin \u201cRrobaqep\u00ebsi nga Panamaja\u201d (2001) rr\u00ebfimi \u00ebsht\u00eb i vendosur n\u00eb k\u00ebt\u00eb shtet latino-amerikan, n\u00eb t\u00eb cilin nj\u00eb rrobaqep\u00ebs i thjesht\u00eb (Geoffrey Rush) e bind p\u00ebrfaq\u00ebsuesin e shteteve m\u00eb t\u00eb forta n\u00eb bot\u00eb (SHBA-ve dhe Britanis\u00eb, Pierce Brosnan) q\u00eb ka informata t\u00eb sakta p\u00ebr zhvillimet n\u00eb kampet e qeveris\u00eb dhe opozit\u00ebs, sidomos kur b\u00ebhet fjal\u00eb p\u00ebr shitjen e Kanalit t\u00eb Panamas\u00eb.<\/p>\n<p>Filmi ka doza humori t\u00eb zi, por edhe intensiteti frik\u00ebsues q\u00eb preket me realitetin q\u00eb jo rrall\u00eb di t\u00eb jet\u00eb nj\u00eb hiperbol\u00eb e modelit, por edhe naivitetit me t\u00eb cilin edhe supershtete moderne din\u00eb t\u00eb mashtrohen\u2026 dhe bien pre e modeleve t\u00eb mashtruesve \u2013 si ai i rrobaqep\u00ebsit nga Panamaja.<\/p>\n<p>Kryeministri i Kosov\u00ebs, Hashim Tha\u00e7i, tashm\u00eb dihet q\u00eb vishet bukur. Dhe, na p\u00eblqeu apo jo, me shtatin e lart\u00eb gard\u00ebrobat prej politikani apo k\u00ebmishat me H. Th. gjithmon\u00eb i kan\u00eb q\u00ebndruar bukur\u2026 sidomos viteve t\u00eb fundit, kur ka humbur di\u00e7ka rinia naive dhe fjal\u00ebt e pasigurta, por jo edhe dor\u00ebshtr\u00ebngimet e tepruara dhe mimika e tepruar.<\/p>\n<p>Sidoqoft\u00eb, teshat Hashim Tha\u00e7i i kishte t\u00eb veshura n\u00eb vizit\u00ebn e fundit t\u00eb tij n\u00eb Uashington, sidomos gjat\u00eb takimit t\u00eb tij me Hillary Clintonin, q\u00eb ishin jo vet\u00ebm tep\u00ebr t\u00eb m\u00ebdha p\u00ebr t\u00eb\u2026 por disi ia jepnin nj\u00eb pamje aq t\u00eb \u00e7uditshme, aq t\u00eb pazakont\u00eb, saq\u00eb n\u00ebse k\u00ebsaj i shtojm\u00eb edhe talentin e tij t\u00eb pap\u00ebrmir\u00ebsuesh\u00ebm p\u00ebr pasigurin\u00eb permanente n\u00eb k\u00ebso paraqitjesh t\u00eb r\u00ebnd\u00ebsishme, n\u00eb at\u00eb paraqitje kishte di\u00e7ka bizare. Me pantallona tep\u00ebr t\u00eb gjat\u00eb, sako q\u00eb i mbulonte gati edhe gisht\u00ebrinjt\u00eb dhe at\u00eb buz\u00ebqeshjen e\u2026 s\u00ebrish pasiguris\u00eb kur takon burra a gra t\u00eb pushtetsh\u00ebm t\u00eb planetit. Shkurt dhe shqip \u2013 dukej keq!<\/p>\n<p>E n\u00ebse k\u00ebsaj i shtojm\u00eb q\u00eb t\u00ebr\u00eb vizita e tij shkoi keq me m\u00ebnyr\u00ebn se si u b\u00eb lansimi i saj, q\u00eb s\u2019dihej n\u00eb do t\u00eb takohej apo jo me Presidentin Barack Obama, dhe sidomos kur karikaturat q\u00eb karikaturist\u00ebt e partis\u00eb s\u00eb tij n\u00eb Prishtin\u00eb mundoheshin t\u00eb na e shpjegonin \u201cagjend\u00ebn\u201d e njeriut num\u00ebr nj\u00eb t\u00eb planetit\u2026 s\u2019ka si t\u00eb mos sh\u00ebnohet si nj\u00eb fiasko totale, si (edhe nj\u00eb) autogol medial dhe politik jo vet\u00ebm p\u00ebr Tha\u00e7in, por edhe p\u00ebrgjith\u00ebsisht p\u00ebr Prishtin\u00ebn.<\/p>\n<p>Por ja q\u00eb jemi m\u00ebsuar me k\u00ebt\u00eb m\u00ebnyr\u00eb t\u00eb politik\u00ebb\u00ebrjes s\u00eb k\u00ebtij njeriu dhe atyre q\u00eb zbatojn\u00eb agjendat e tij. Puna q\u00eb tash, pas k\u00ebtij \u201ctripi\u201d, i cili do t\u00eb duhej t\u00eb sh\u00ebnonte kthimin e tij t\u00eb madh n\u00eb sken\u00eb pas \u201cplagosjes\u201d q\u00eb atij iu b\u00eb me afera t\u00eb m\u00ebdha (BND a Marty) dhe imazh katastrofal p\u00ebr t\u00eb e vendin fal\u00eb kaosit n\u00eb t\u00eb cilin jemi prangosur, del t\u00eb jet\u00eb q\u00eb megjithat\u00eb, trupi i tij, politika e tij, t\u00eb jen\u00eb m\u00eb t\u00eb vogla, shum\u00eb m\u00eb t\u00eb vogla p\u00ebr ato tesha q\u00eb i kishte veshur n\u00eb Uashington.<\/p>\n<p>Tha\u00e7i, n\u00eb syt\u00eb e amerikan\u00ebve dhe jo vet\u00ebm atyre, dal\u00ebngadal\u00eb, por sigurt po del t\u00eb jet\u00eb nj\u00eb politikan q\u00eb tamam si Geoffrey Rush n\u00eb at\u00eb filmin e sip\u00ebrp\u00ebrmendur: premton dhe nuk zbaton, keqinformon dhe shantazhon, nd\u00ebrton dhe prish (mund\u00ebsisht brenda ca or\u00ebsh, dit\u00ebsh a jav\u00ebsh). \u00cbsht\u00eb pra ai modeli i nj\u00eb, s\u00eb pari njeriu, e mandej edhe politikani, i cili p\u00ebr interesin e tij, rrethit q\u00eb e mban dhe deri diku edhe vart\u00ebsve (m\u00eb besnik\u00eb) u kurthon pun\u00eb e keqadreson edhe ata q\u00eb duan ta ndihmojn\u00eb: at\u00eb n\u00eb nj\u00ebr\u00ebn an\u00eb dhe vendin n\u00eb an\u00ebn tjet\u00ebr.<\/p>\n<p>Vet\u00ebm po qe se e shohim kronologjin\u00eb e qeverisjes s\u00eb tij qe kat\u00ebr vjet sa udh\u00ebheq me Republik\u00ebn e Kosov\u00ebs mund ta v\u00ebrejm\u00eb\u2026 vitin e par\u00eb kur t\u00eb gjith\u00eb ishim tok dhe \u00ebnd\u00ebrronim\u2026<\/p>\n<p>P\u00ebr t\u00eb vazhduar m\u00eb pas me ankthet dhe d\u00ebshp\u00ebrimet, mungesat e m\u00ebdha dhe m\u00eb t\u00eb m\u00ebdha, t\u00eb cilat gjithmon\u00eb, ama gjithmon\u00eb mbulohen me mbushje t\u00eb peizazhit t\u00eb p\u00ebrshk\u00ebllir\u00eb politik me barut t\u00eb lagur lajmesh e rr\u00ebfimesh q\u00eb katapultojn\u00eb nga paslufta e Dyt\u00eb Bot\u00ebrore (na e premtoi me \u201cKomisionin\u201d) p\u00ebrmes Fondeve e Vrasjeve t\u00eb t\u00eb \u201890 e deri te \u201ckorrupsionet\u201d me antikorrupsione e q\u00eb po dalin t\u00eb jen\u00eb nj\u00eb dhe e vetmja gj\u00eb dhe deri te konfliktet e shkrira t\u00eb Veriut (ngush\u00ebllime familjes Haradinaj nga Mitrovica!) t\u00eb cilat kan\u00eb nj\u00eb dhe t\u00eb vetmin q\u00ebllim: krijimin e nj\u00eb atmosfere depresive \u2026 n\u00eb t\u00eb cil\u00ebn njer\u00ebzit s\u2019kan\u00eb shansin t\u00eb shpresojn\u00eb\u2026 e l\u00ebre m\u00eb t\u00eb \u00ebnd\u00ebrrojn\u00eb p\u00ebr jet\u00eb m\u00eb t\u00eb mir\u00eb \u2013 p\u00ebr vete e brezat q\u00eb do t\u00eb vijn\u00eb.<\/p>\n<p>Puna \u00ebsht\u00eb vet\u00ebm se kur do ta marrim vesh q\u00eb kjo gj\u00eb \u00ebsht\u00eb kuptuar edhe atje dhe para s\u00eb gjithash esenca \u00ebsht\u00eb se kur dhe si do ta marrim vesh q\u00eb edhe n\u00eb Uashington \u00ebsht\u00eb kuptuar q\u00eb p\u00ebr vizit\u00eb u q\u00ebndroi. Rrobaqep\u00ebsi\u2026 nga Prishtina. Sepse n\u00ebse atje ende s\u2019e kan\u00eb marr\u00eb vesh po ua themi (s\u00ebrish): jemi duke e p\u00ebrjetuar se si po na merr me vete drejt gremin\u00ebs. Prandaj, Kosov\u00ebs s\u2019i duhet \u201czyra Ligjore\u201d e Bob Dole, por miku Bob Dole!<\/p>\n","protected":false},"excerpt":{"rendered":"<p>Nga Beq\u00eb Cufaj, 9 Prill 2012 N\u00eb filmin \u201cRrobaqep\u00ebsi nga Panamaja\u201d (2001) rr\u00ebfimi \u00ebsht\u00eb i vendosur n\u00eb k\u00ebt\u00eb shtet latino-amerikan, n\u00eb t\u00eb cilin nj\u00eb rrobaqep\u00ebs i thjesht\u00eb (Geoffrey Rush) e bind p\u00ebrfaq\u00ebsuesin e shteteve m\u00eb t\u00eb forta n\u00eb bot\u00eb (SHBA-ve dhe Britanis\u00eb, Pierce Brosnan) q\u00eb ka informata t\u00eb sakta p\u00ebr zhvillimet n\u00eb kampet e qeveris\u00eb [&hellip;]<\/p>\n","protected":false},"author":1,"featured_media":0,"comment_status":"open","ping_status":"closed","sticky":false,"template":"","format":"standard","meta":{"footnotes":""},"categories":[2],"tags":[],"class_list":{"0":"post-2430","1":"post","2":"type-post","3":"status-publish","4":"format-standard","6":"category-artikuj"},"yoast_head":"<!-- This site is optimized with the Yoast SEO plugin v27.4 - https:\/\/yoast.com\/product\/yoast-seo-wordpress\/ -->\n<title>Rrobaqep\u00ebsi nga Prishtina - FjALA e LIR\u00cb - Arkivi<\/title>\n<meta name=\"robots\" content=\"index, follow, max-snippet:-1, max-image-preview:large, max-video-preview:-1\" \/>\n<link rel=\"canonical\" href=\"https:\/\/fjala.info\/2009-2015\/rrobaqepesi-nga-prishtina\/\" \/>\n<meta property=\"og:locale\" content=\"sq_AL\" \/>\n<meta property=\"og:type\" content=\"article\" \/>\n<meta property=\"og:title\" content=\"Rrobaqep\u00ebsi nga Prishtina - FjALA e LIR\u00cb - Arkivi\" \/>\n<meta property=\"og:description\" content=\"Nga Beq\u00eb Cufaj, 9 Prill 2012 N\u00eb filmin \u201cRrobaqep\u00ebsi nga Panamaja\u201d (2001) rr\u00ebfimi \u00ebsht\u00eb i vendosur n\u00eb k\u00ebt\u00eb shtet latino-amerikan, n\u00eb t\u00eb cilin nj\u00eb rrobaqep\u00ebs i thjesht\u00eb (Geoffrey Rush) e bind p\u00ebrfaq\u00ebsuesin e shteteve m\u00eb t\u00eb forta n\u00eb bot\u00eb (SHBA-ve dhe Britanis\u00eb, Pierce Brosnan) q\u00eb ka informata t\u00eb sakta p\u00ebr zhvillimet n\u00eb kampet e qeveris\u00eb [&hellip;]\" \/>\n<meta property=\"og:url\" content=\"https:\/\/fjala.info\/2009-2015\/rrobaqepesi-nga-prishtina\/\" \/>\n<meta property=\"og:site_name\" content=\"FjALA e LIR\u00cb - Arkivi\" \/>\n<meta property=\"article:published_time\" content=\"2012-04-09T21:41:47+00:00\" \/>\n<meta property=\"og:image\" content=\"http:\/\/www.shkoder.net\/images\/fjala\/beqe_cufaj.jpg\" \/>\n<meta name=\"author\" content=\"admin\" \/>\n<meta name=\"twitter:card\" content=\"summary_large_image\" \/>\n<meta name=\"twitter:label1\" content=\"Written by\" \/>\n\t<meta name=\"twitter:data1\" content=\"admin\" \/>\n\t<meta name=\"twitter:label2\" content=\"Est. reading time\" \/>\n\t<meta name=\"twitter:data2\" content=\"5 minutes\" \/>\n<script type=\"application\/ld+json\" class=\"yoast-schema-graph\">{\"@context\":\"https:\\\/\\\/schema.org\",\"@graph\":[{\"@type\":\"Article\",\"@id\":\"https:\\\/\\\/fjala.info\\\/2009-2015\\\/rrobaqepesi-nga-prishtina\\\/#article\",\"isPartOf\":{\"@id\":\"https:\\\/\\\/fjala.info\\\/2009-2015\\\/rrobaqepesi-nga-prishtina\\\/\"},\"author\":{\"name\":\"admin\",\"@id\":\"https:\\\/\\\/fjala.info\\\/2009-2015\\\/#\\\/schema\\\/person\\\/3aa1163ef05469c496fc94e77611ada2\"},\"headline\":\"Rrobaqep\u00ebsi nga Prishtina\",\"datePublished\":\"2012-04-09T21:41:47+00:00\",\"mainEntityOfPage\":{\"@id\":\"https:\\\/\\\/fjala.info\\\/2009-2015\\\/rrobaqepesi-nga-prishtina\\\/\"},\"wordCount\":912,\"commentCount\":1,\"publisher\":{\"@id\":\"https:\\\/\\\/fjala.info\\\/2009-2015\\\/#organization\"},\"image\":{\"@id\":\"https:\\\/\\\/fjala.info\\\/2009-2015\\\/rrobaqepesi-nga-prishtina\\\/#primaryimage\"},\"thumbnailUrl\":\"http:\\\/\\\/www.shkoder.net\\\/images\\\/fjala\\\/beqe_cufaj.jpg\",\"articleSection\":[\"Artikuj\"],\"inLanguage\":\"sq-AL\",\"potentialAction\":[{\"@type\":\"CommentAction\",\"name\":\"Comment\",\"target\":[\"https:\\\/\\\/fjala.info\\\/2009-2015\\\/rrobaqepesi-nga-prishtina\\\/#respond\"]}]},{\"@type\":\"WebPage\",\"@id\":\"https:\\\/\\\/fjala.info\\\/2009-2015\\\/rrobaqepesi-nga-prishtina\\\/\",\"url\":\"https:\\\/\\\/fjala.info\\\/2009-2015\\\/rrobaqepesi-nga-prishtina\\\/\",\"name\":\"Rrobaqep\u00ebsi nga Prishtina - FjALA e LIR\u00cb - Arkivi\",\"isPartOf\":{\"@id\":\"https:\\\/\\\/fjala.info\\\/2009-2015\\\/#website\"},\"primaryImageOfPage\":{\"@id\":\"https:\\\/\\\/fjala.info\\\/2009-2015\\\/rrobaqepesi-nga-prishtina\\\/#primaryimage\"},\"image\":{\"@id\":\"https:\\\/\\\/fjala.info\\\/2009-2015\\\/rrobaqepesi-nga-prishtina\\\/#primaryimage\"},\"thumbnailUrl\":\"http:\\\/\\\/www.shkoder.net\\\/images\\\/fjala\\\/beqe_cufaj.jpg\",\"datePublished\":\"2012-04-09T21:41:47+00:00\",\"breadcrumb\":{\"@id\":\"https:\\\/\\\/fjala.info\\\/2009-2015\\\/rrobaqepesi-nga-prishtina\\\/#breadcrumb\"},\"inLanguage\":\"sq-AL\",\"potentialAction\":[{\"@type\":\"ReadAction\",\"target\":[\"https:\\\/\\\/fjala.info\\\/2009-2015\\\/rrobaqepesi-nga-prishtina\\\/\"]}]},{\"@type\":\"ImageObject\",\"inLanguage\":\"sq-AL\",\"@id\":\"https:\\\/\\\/fjala.info\\\/2009-2015\\\/rrobaqepesi-nga-prishtina\\\/#primaryimage\",\"url\":\"http:\\\/\\\/www.shkoder.net\\\/images\\\/fjala\\\/beqe_cufaj.jpg\",\"contentUrl\":\"http:\\\/\\\/www.shkoder.net\\\/images\\\/fjala\\\/beqe_cufaj.jpg\"},{\"@type\":\"BreadcrumbList\",\"@id\":\"https:\\\/\\\/fjala.info\\\/2009-2015\\\/rrobaqepesi-nga-prishtina\\\/#breadcrumb\",\"itemListElement\":[{\"@type\":\"ListItem\",\"position\":1,\"name\":\"Home\",\"item\":\"https:\\\/\\\/fjala.info\\\/2009-2015\\\/\"},{\"@type\":\"ListItem\",\"position\":2,\"name\":\"Rrobaqep\u00ebsi nga Prishtina\"}]},{\"@type\":\"WebSite\",\"@id\":\"https:\\\/\\\/fjala.info\\\/2009-2015\\\/#website\",\"url\":\"https:\\\/\\\/fjala.info\\\/2009-2015\\\/\",\"name\":\"FjALA e LIR\u00cb - Arkivi\",\"description\":\"Arkivi 2009-2015\",\"publisher\":{\"@id\":\"https:\\\/\\\/fjala.info\\\/2009-2015\\\/#organization\"},\"potentialAction\":[{\"@type\":\"SearchAction\",\"target\":{\"@type\":\"EntryPoint\",\"urlTemplate\":\"https:\\\/\\\/fjala.info\\\/2009-2015\\\/?s={search_term_string}\"},\"query-input\":{\"@type\":\"PropertyValueSpecification\",\"valueRequired\":true,\"valueName\":\"search_term_string\"}}],\"inLanguage\":\"sq-AL\"},{\"@type\":\"Organization\",\"@id\":\"https:\\\/\\\/fjala.info\\\/2009-2015\\\/#organization\",\"name\":\"FjALA e LIR\u00cb - Arkivi\",\"url\":\"https:\\\/\\\/fjala.info\\\/2009-2015\\\/\",\"logo\":{\"@type\":\"ImageObject\",\"inLanguage\":\"sq-AL\",\"@id\":\"https:\\\/\\\/fjala.info\\\/2009-2015\\\/#\\\/schema\\\/logo\\\/image\\\/\",\"url\":\"\",\"contentUrl\":\"\",\"caption\":\"FjALA e LIR\u00cb - Arkivi\"},\"image\":{\"@id\":\"https:\\\/\\\/fjala.info\\\/2009-2015\\\/#\\\/schema\\\/logo\\\/image\\\/\"}},{\"@type\":\"Person\",\"@id\":\"https:\\\/\\\/fjala.info\\\/2009-2015\\\/#\\\/schema\\\/person\\\/3aa1163ef05469c496fc94e77611ada2\",\"name\":\"admin\",\"image\":{\"@type\":\"ImageObject\",\"inLanguage\":\"sq-AL\",\"@id\":\"https:\\\/\\\/fjala.info\\\/2009-2015\\\/wp-content\\\/uploads\\\/2012\\\/02\\\/arben_cokaj-120x150.jpg\",\"url\":\"https:\\\/\\\/fjala.info\\\/2009-2015\\\/wp-content\\\/uploads\\\/2012\\\/02\\\/arben_cokaj-120x150.jpg\",\"contentUrl\":\"https:\\\/\\\/fjala.info\\\/2009-2015\\\/wp-content\\\/uploads\\\/2012\\\/02\\\/arben_cokaj-120x150.jpg\",\"caption\":\"admin\"},\"description\":\"Admin, Fjala e Lir\u00eb\",\"sameAs\":[\"https:\\\/\\\/fjala.info\\\/\"],\"url\":\"https:\\\/\\\/fjala.info\\\/2009-2015\\\/author\\\/admin\\\/\"}]}<\/script>\n<!-- \/ Yoast SEO plugin. -->","yoast_head_json":{"title":"Rrobaqep\u00ebsi nga Prishtina - FjALA e LIR\u00cb - Arkivi","robots":{"index":"index","follow":"follow","max-snippet":"max-snippet:-1","max-image-preview":"max-image-preview:large","max-video-preview":"max-video-preview:-1"},"canonical":"https:\/\/fjala.info\/2009-2015\/rrobaqepesi-nga-prishtina\/","og_locale":"sq_AL","og_type":"article","og_title":"Rrobaqep\u00ebsi nga Prishtina - FjALA e LIR\u00cb - Arkivi","og_description":"Nga Beq\u00eb Cufaj, 9 Prill 2012 N\u00eb filmin \u201cRrobaqep\u00ebsi nga Panamaja\u201d (2001) rr\u00ebfimi \u00ebsht\u00eb i vendosur n\u00eb k\u00ebt\u00eb shtet latino-amerikan, n\u00eb t\u00eb cilin nj\u00eb rrobaqep\u00ebs i thjesht\u00eb (Geoffrey Rush) e bind p\u00ebrfaq\u00ebsuesin e shteteve m\u00eb t\u00eb forta n\u00eb bot\u00eb (SHBA-ve dhe Britanis\u00eb, Pierce Brosnan) q\u00eb ka informata t\u00eb sakta p\u00ebr zhvillimet n\u00eb kampet e qeveris\u00eb [&hellip;]","og_url":"https:\/\/fjala.info\/2009-2015\/rrobaqepesi-nga-prishtina\/","og_site_name":"FjALA e LIR\u00cb - Arkivi","article_published_time":"2012-04-09T21:41:47+00:00","og_image":[{"url":"http:\/\/www.shkoder.net\/images\/fjala\/beqe_cufaj.jpg","type":"","width":"","height":""}],"author":"admin","twitter_card":"summary_large_image","twitter_misc":{"Written by":"admin","Est. reading time":"5 minutes"},"schema":{"@context":"https:\/\/schema.org","@graph":[{"@type":"Article","@id":"https:\/\/fjala.info\/2009-2015\/rrobaqepesi-nga-prishtina\/#article","isPartOf":{"@id":"https:\/\/fjala.info\/2009-2015\/rrobaqepesi-nga-prishtina\/"},"author":{"name":"admin","@id":"https:\/\/fjala.info\/2009-2015\/#\/schema\/person\/3aa1163ef05469c496fc94e77611ada2"},"headline":"Rrobaqep\u00ebsi nga Prishtina","datePublished":"2012-04-09T21:41:47+00:00","mainEntityOfPage":{"@id":"https:\/\/fjala.info\/2009-2015\/rrobaqepesi-nga-prishtina\/"},"wordCount":912,"commentCount":1,"publisher":{"@id":"https:\/\/fjala.info\/2009-2015\/#organization"},"image":{"@id":"https:\/\/fjala.info\/2009-2015\/rrobaqepesi-nga-prishtina\/#primaryimage"},"thumbnailUrl":"http:\/\/www.shkoder.net\/images\/fjala\/beqe_cufaj.jpg","articleSection":["Artikuj"],"inLanguage":"sq-AL","potentialAction":[{"@type":"CommentAction","name":"Comment","target":["https:\/\/fjala.info\/2009-2015\/rrobaqepesi-nga-prishtina\/#respond"]}]},{"@type":"WebPage","@id":"https:\/\/fjala.info\/2009-2015\/rrobaqepesi-nga-prishtina\/","url":"https:\/\/fjala.info\/2009-2015\/rrobaqepesi-nga-prishtina\/","name":"Rrobaqep\u00ebsi nga Prishtina - FjALA e LIR\u00cb - Arkivi","isPartOf":{"@id":"https:\/\/fjala.info\/2009-2015\/#website"},"primaryImageOfPage":{"@id":"https:\/\/fjala.info\/2009-2015\/rrobaqepesi-nga-prishtina\/#primaryimage"},"image":{"@id":"https:\/\/fjala.info\/2009-2015\/rrobaqepesi-nga-prishtina\/#primaryimage"},"thumbnailUrl":"http:\/\/www.shkoder.net\/images\/fjala\/beqe_cufaj.jpg","datePublished":"2012-04-09T21:41:47+00:00","breadcrumb":{"@id":"https:\/\/fjala.info\/2009-2015\/rrobaqepesi-nga-prishtina\/#breadcrumb"},"inLanguage":"sq-AL","potentialAction":[{"@type":"ReadAction","target":["https:\/\/fjala.info\/2009-2015\/rrobaqepesi-nga-prishtina\/"]}]},{"@type":"ImageObject","inLanguage":"sq-AL","@id":"https:\/\/fjala.info\/2009-2015\/rrobaqepesi-nga-prishtina\/#primaryimage","url":"http:\/\/www.shkoder.net\/images\/fjala\/beqe_cufaj.jpg","contentUrl":"http:\/\/www.shkoder.net\/images\/fjala\/beqe_cufaj.jpg"},{"@type":"BreadcrumbList","@id":"https:\/\/fjala.info\/2009-2015\/rrobaqepesi-nga-prishtina\/#breadcrumb","itemListElement":[{"@type":"ListItem","position":1,"name":"Home","item":"https:\/\/fjala.info\/2009-2015\/"},{"@type":"ListItem","position":2,"name":"Rrobaqep\u00ebsi nga Prishtina"}]},{"@type":"WebSite","@id":"https:\/\/fjala.info\/2009-2015\/#website","url":"https:\/\/fjala.info\/2009-2015\/","name":"FjALA e LIR\u00cb - Arkivi","description":"Arkivi 2009-2015","publisher":{"@id":"https:\/\/fjala.info\/2009-2015\/#organization"},"potentialAction":[{"@type":"SearchAction","target":{"@type":"EntryPoint","urlTemplate":"https:\/\/fjala.info\/2009-2015\/?s={search_term_string}"},"query-input":{"@type":"PropertyValueSpecification","valueRequired":true,"valueName":"search_term_string"}}],"inLanguage":"sq-AL"},{"@type":"Organization","@id":"https:\/\/fjala.info\/2009-2015\/#organization","name":"FjALA e LIR\u00cb - Arkivi","url":"https:\/\/fjala.info\/2009-2015\/","logo":{"@type":"ImageObject","inLanguage":"sq-AL","@id":"https:\/\/fjala.info\/2009-2015\/#\/schema\/logo\/image\/","url":"","contentUrl":"","caption":"FjALA e LIR\u00cb - Arkivi"},"image":{"@id":"https:\/\/fjala.info\/2009-2015\/#\/schema\/logo\/image\/"}},{"@type":"Person","@id":"https:\/\/fjala.info\/2009-2015\/#\/schema\/person\/3aa1163ef05469c496fc94e77611ada2","name":"admin","image":{"@type":"ImageObject","inLanguage":"sq-AL","@id":"https:\/\/fjala.info\/2009-2015\/wp-content\/uploads\/2012\/02\/arben_cokaj-120x150.jpg","url":"https:\/\/fjala.info\/2009-2015\/wp-content\/uploads\/2012\/02\/arben_cokaj-120x150.jpg","contentUrl":"https:\/\/fjala.info\/2009-2015\/wp-content\/uploads\/2012\/02\/arben_cokaj-120x150.jpg","caption":"admin"},"description":"Admin, Fjala e Lir\u00eb","sameAs":["https:\/\/fjala.info\/"],"url":"https:\/\/fjala.info\/2009-2015\/author\/admin\/"}]}},"_links":{"self":[{"href":"https:\/\/fjala.info\/2009-2015\/wp-json\/wp\/v2\/posts\/2430","targetHints":{"allow":["GET"]}}],"collection":[{"href":"https:\/\/fjala.info\/2009-2015\/wp-json\/wp\/v2\/posts"}],"about":[{"href":"https:\/\/fjala.info\/2009-2015\/wp-json\/wp\/v2\/types\/post"}],"author":[{"embeddable":true,"href":"https:\/\/fjala.info\/2009-2015\/wp-json\/wp\/v2\/users\/1"}],"replies":[{"embeddable":true,"href":"https:\/\/fjala.info\/2009-2015\/wp-json\/wp\/v2\/comments?post=2430"}],"version-history":[{"count":0,"href":"https:\/\/fjala.info\/2009-2015\/wp-json\/wp\/v2\/posts\/2430\/revisions"}],"wp:attachment":[{"href":"https:\/\/fjala.info\/2009-2015\/wp-json\/wp\/v2\/media?parent=2430"}],"wp:term":[{"taxonomy":"category","embeddable":true,"href":"https:\/\/fjala.info\/2009-2015\/wp-json\/wp\/v2\/categories?post=2430"},{"taxonomy":"post_tag","embeddable":true,"href":"https:\/\/fjala.info\/2009-2015\/wp-json\/wp\/v2\/tags?post=2430"}],"curies":[{"name":"wp","href":"https:\/\/api.w.org\/{rel}","templated":true}]}}