{"id":2425,"date":"2012-04-09T22:14:17","date_gmt":"2012-04-09T21:14:17","guid":{"rendered":"http:\/\/fjala.shkoder.net\/?p=2425"},"modified":"2012-04-09T22:14:17","modified_gmt":"2012-04-09T21:14:17","slug":"letra-e-plote-e-withers-dash-duhet-te-shikoje-gerryerjen-e-demokracise-ne-shqiperi","status":"publish","type":"post","link":"https:\/\/fjala.info\/2009-2015\/letra-e-plote-e-withers-dash-duhet-te-shikoje-gerryerjen-e-demokracise-ne-shqiperi\/","title":{"rendered":"Letra e PLOTE e Withers: DASH duhet t\u00eb shikoj\u00eb g\u00ebrryerjen e demokracis\u00eb n\u00eb Shqip\u00ebri"},"content":{"rendered":"<p><img decoding=\"async\" class=\"alignright size-thumbnail wp-image-7236\" title=\"Berisha - Withers\" src=\"http:\/\/www.shkoder.net\/2012\/berisha_withers.jpg\" alt=\"\" width=\"300\" \/> <strong>TemA Online<\/strong>, <em>9 Prill 2012<\/em><\/p>\n<p>Ish-ambasadori Amerikan John Withers i drejtohet s\u00ebrish shqiptar\u00ebve me nj\u00eb tjet\u00ebr let\u00ebr t\u00eb hapur p\u00ebrmes Top Channel. Withers shprehet dakord me pes\u00eb pikat e deklarat\u00ebs se Departamentit t\u00eb Shtetit, por shton se ajo deklarat\u00eb nuk preku thelbin e shqet\u00ebsimeve t\u00eb tij, g\u00ebrryerjen e demokracis\u00eb dhe keqqeverisjen.<\/p>\n<p>M\u00eb posht\u00eb letra e plot\u00eb e zotit Withers p\u00ebr publikun shqiptar:<\/p>\n<p>T\u00eb dashur miq!<\/p>\n<p>Po ju shkruaj p\u00ebr t\u00eb komentuar mbi nj\u00eb deklarat\u00eb t\u00eb Departamentit t\u00eb Shtetit t\u00eb disa dit\u00ebve m\u00eb par\u00eb, e cila mund t\u00eb ket\u00eb shkaktuar disa keqperceptime lidhur me pik\u00ebpamjet e mia p\u00ebr Shqip\u00ebrin\u00eb. Un\u00eb vet\u00eb nuk kam marr\u00eb ndonj\u00eb njoftim formal lidhur me deklarat\u00ebn dhe p\u00ebr pasoj\u00eb m\u00eb duhet t\u00eb p\u00ebrdor informacion q\u00eb e kam marr\u00eb t\u00ebrthorazi.<\/p>\n<p>Edhe pse deklarata ofron vet\u00ebm informacion q\u00eb tashm\u00eb \u00ebsht\u00eb publikisht shum\u00eb i mir\u00ebnjohur, d\u00ebshiroj t\u00eb sigurohem q\u00eb asnj\u00eb prej jush t\u00eb mos besoj\u00eb gabimisht se un\u00eb kam q\u00ebndrime q\u00eb n\u00eb fakt, nuk i kam apo q\u00eb paskam th\u00ebn\u00eb gj\u00ebra q\u00eb un\u00eb n\u00eb fakt nuk i kam th\u00ebn\u00eb.<\/p>\n<p>Deklarata e Departmamentit ngre pes\u00eb pika. D\u00ebshiroj ta trajtoj secil\u00ebn prej tyre me radh\u00eb. Deklarata pohon q\u00eb:<\/p>\n<p>\u2022 Pik\u00ebpamjet e mia jan\u00eb t\u00eb nj\u00eb qytetari privat: kjo \u00ebsht\u00eb absolutisht e v\u00ebrtet\u00eb, si\u00e7 e kam b\u00ebr\u00eb gjithmon\u00eb t\u00eb qart\u00eb, si n\u00eb fjal\u00ebt e mia drejtuar medias shqiptare ashtu edhe n\u00eb fjalimet q\u00eb mbaj k\u00ebtu n\u00eb Amerik\u00eb.<\/p>\n<p>\u2022 Pik\u00ebpamjet e Ambasadorit Arvizu p\u00ebrfaq\u00ebsojn\u00eb pozicionet zyrtare t\u00eb qeveris\u00eb s\u00eb SHBA: edhe kjo \u00ebsht\u00eb absolutisht e v\u00ebrtet\u00eb. Alexander Arvizu \u00ebsht\u00eb Ambasadori Amerikan n\u00eb Shqip\u00ebri. \u00cbsht\u00eb ai q\u00eb flet n\u00eb em\u00ebr t\u00eb qeveris\u00eb amerikane.<\/p>\n<p>\u2022 SHBA mb\u00ebshtesin fort Shqip\u00ebrin\u00eb si an\u00ebtare e NATO-s: Po k\u00ebshtu edhe un\u00eb. N\u00eb fakt, gjat\u00eb q\u00ebndrimit tim si ambasador n\u00eb Shqip\u00ebri, nuk ka pasur asnj\u00eb \u00e7ast m\u00eb t\u00eb mrekulluesh\u00ebm se sa dit\u00ebn kur Shqip\u00ebria u ftua n\u00eb aleanc\u00ebn e NATO-s. Sot, heroizmi i ushtar\u00ebve shqiptar\u00eb n\u00eb operacionet e NATO-s \u2013 ashtu si trim\u00ebria e Kapitenit Vogli dhe N\u00ebntetarit Peci n\u00eb Afganistan \u2013 m\u00eb b\u00ebn shum\u00eb krenar.<\/p>\n<p>\u2022 SHBA mb\u00ebshtesin fort aspiratat e Shqip\u00ebris\u00eb p\u00ebr n\u00eb BE: Un\u00eb besoj vendosm\u00ebrisht q\u00eb hyrja e Shqip\u00ebris\u00eb m\u00eb n\u00eb fund n\u00eb BE do t\u00eb ishte nj\u00eb arritje e jasht\u00ebzakonshme p\u00ebr vendin tuaj dhe p\u00ebr Europ\u00ebn. Pik\u00ebrisht p\u00ebr k\u00ebt\u00eb arsye, raporti i fundit i progresit i BE-s\u00eb p\u00ebr Shqip\u00ebrin\u00eb ishte aq zhg\u00ebnjyes dhe pse ka r\u00ebnd\u00ebsi jet\u00ebsore q\u00eb Shqip\u00ebria t\u2019ia rip\u00ebrkushtoj\u00eb veten p\u00ebrmbushjes s\u00eb kritereve t\u00eb BE-s\u00eb.<\/p>\n<p>\u2022 Qeveria dhe opozita duhet t\u00eb punojn\u00eb n\u00eb m\u00ebnyr\u00eb bashk\u00ebpunuese dhe t\u00eb p\u00ebrgjegjshme p\u00ebr t\u00eb zgjidhur mosmarr\u00ebveshjet e tyre politike dhe p\u00ebr t\u00eb qeverisur n\u00eb interesin komb\u00ebtar: Un\u00eb mendoj se ka r\u00ebnd\u00ebsi kritike q\u00eb udh\u00ebheqja juaj politike t\u00eb kap\u00ebrcej\u00eb, k\u00ebtu po citoj intervist\u00ebn time t\u00eb fundit, \u201cndasia q\u00eb mbizot\u00ebron aktualisht mes dy partive kryesore politike \u2013 nj\u00eb ndasi aq e hidhur sa e ka b\u00ebr\u00eb qeverisjen, p\u00ebr t\u00eb mos p\u00ebrmendur reformat p\u00ebr t\u00eb cilat vendi ka aq shum\u00eb nevoj\u00eb \u2013 thuajse t\u00eb ndalojn\u00eb.\u201d<\/p>\n<p>N\u00eb p\u00ebrmbledhje, un\u00eb nuk kam problem me asnj\u00eb prej \u00e7\u00ebshtjeve t\u00eb ngritura n\u00eb deklarat\u00ebn e Departamentit. N\u00eb fakt, jam n\u00eb nj\u00eb mendje me t\u00eb pesta pikat. Megjithat\u00eb, deklarata nuk trajton pik\u00ebn q\u00ebndrore t\u00eb shqet\u00ebsimit tim, at\u00eb mbi t\u00eb cil\u00ebn edhe kam p\u00ebrqendruar fjal\u00ebt e mia n\u00eb t\u00eb kaluar\u00ebn: g\u00ebrryerja e demokracis\u00eb n\u00eb Shqip\u00ebri. E th\u00ebn\u00eb thjesht, frika ime \u00ebsht\u00eb q\u00eb n\u00eb pak duar po p\u00ebrqendrohet tep\u00ebr pushtet; q\u00eb, n\u00ebn trysnin\u00eb e paepur t\u00eb qeveris\u00eb, institucionet e pavarura q\u00eb jan\u00eb ky\u00e7e p\u00ebr t\u00eb ruajtur praktikat demokratike, sundimin e ligjit, madje edhe zgjedhjet e ndershme, jan\u00eb dob\u00ebsuar seriozisht; q\u00eb lufta p\u00ebr t\u00eb ruajtur pushtetin e ka eklipsuar qeverisjen si p\u00ebrpar\u00ebsi t\u00eb qeveris\u00eb; dhe q\u00eb, n\u00ebse vazhdojn\u00eb prirjet e tanishme, Shqip\u00ebria ka rrezik t\u00eb bjer\u00eb n\u00eb at\u00eb lloj sundimi t\u00eb t\u00eb fortit q\u00eb ka qen\u00eb edhe tragjedia e rajonit t\u00eb Ballkanit gjat\u00eb gjith\u00eb historis\u00eb s\u00eb tij.<\/p>\n<p>K\u00ebto jan\u00eb pik\u00ebpamjet e mia \u2013 dhe m\u00eb lejoni t\u00eb ritheksoj, jan\u00eb pik\u00ebpamjet e mia si nj\u00eb qytetar privat amerikan. Por, n\u00eb nj\u00eb perspektiv\u00eb m\u00eb t\u00eb gjer\u00eb, pik\u00ebpamjet e mia \u2013 dhe, n\u00eb fakt, ato t\u00eb cilitdo v\u00ebzhguesi t\u00eb huaj, zyrtar apo jo \u2013 as nuk i afrohen p\u00ebr nga r\u00ebnd\u00ebsia pik\u00ebpamjeve tuaja, pik\u00ebpamjeve t\u00eb popullit shqiptar.<\/p>\n<p>A besoni se qeveria juaj \u00ebsht\u00eb v\u00ebrtet demokratike? A besoni se ajo vepron n\u00eb interesin tuaj? A besoni se ju thot\u00eb t\u00eb v\u00ebrtet\u00ebn? A besoni se gjykatat japin drejt\u00ebsi p\u00ebr t\u00eb gjith\u00eb? A besoni q\u00eb qeveria i merr vendimet tregtare dhe ekonomike n\u00eb m\u00ebnyr\u00eb transparente? A besoni se po e lufton seriozisht korrupsionin dhe nepotizmin? A besoni se po miraton politika q\u00eb do t\u2019ju sjellin vende pune dhe do t\u00eb krijojn\u00eb mund\u00ebsi p\u00ebr f\u00ebmij\u00ebt tuaj? A shihni nga e ardhmja me shpres\u00eb dhe optimiz\u00ebm apo me pesimiz\u00ebm dhe d\u00ebshp\u00ebrim?<\/p>\n<p>K\u00ebto jan\u00eb vet\u00ebm disa prej pyetjeve q\u00eb shtrohen p\u00ebrpara jush dhe t\u00eb cilave mund t\u2019iu p\u00ebrgjigjeni vet\u00ebm ju.<\/p>\n<p>E vler\u00ebsoj k\u00ebt\u00eb mund\u00ebsi p\u00ebr t\u00eb ndar\u00eb pik\u00ebpamjet e mia me ju, miqt\u00eb e mi shqiptar\u00eb. Edhe pse disa mund t\u00eb mos jen\u00eb n\u00eb nj\u00eb mendje me sinqeritetin tim, ju premtoj q\u00eb do t\u00eb them gjithmon\u00eb t\u00eb v\u00ebrtet\u00ebn ashtu si\u00e7 e shoh.<\/p>\n<p>P\u00ebrsh\u00ebndetjet m\u00eb t\u00eb p\u00ebrzem\u00ebrta p\u00ebr t\u00eb gjith\u00eb ju!<\/p>\n<p>Miku juaj,<\/p>\n<p><strong>John L. Withers, II<\/strong><\/p>\n","protected":false},"excerpt":{"rendered":"<p>TemA Online, 9 Prill 2012 Ish-ambasadori Amerikan John Withers i drejtohet s\u00ebrish shqiptar\u00ebve me nj\u00eb tjet\u00ebr let\u00ebr t\u00eb hapur p\u00ebrmes Top Channel. Withers shprehet dakord me pes\u00eb pikat e deklarat\u00ebs se Departamentit t\u00eb Shtetit, por shton se ajo deklarat\u00eb nuk preku thelbin e shqet\u00ebsimeve t\u00eb tij, g\u00ebrryerjen e demokracis\u00eb dhe keqqeverisjen. M\u00eb posht\u00eb letra e [&hellip;]<\/p>\n","protected":false},"author":1,"featured_media":0,"comment_status":"open","ping_status":"closed","sticky":false,"template":"","format":"standard","meta":{"footnotes":""},"categories":[2,5],"tags":[],"class_list":{"0":"post-2425","1":"post","2":"type-post","3":"status-publish","4":"format-standard","6":"category-artikuj","7":"category-lajme"},"yoast_head":"<!-- This site is optimized with the Yoast SEO plugin v27.4 - https:\/\/yoast.com\/product\/yoast-seo-wordpress\/ -->\n<title>Letra e PLOTE e Withers: DASH duhet t\u00eb shikoj\u00eb g\u00ebrryerjen e demokracis\u00eb n\u00eb Shqip\u00ebri - FjALA e LIR\u00cb - Arkivi<\/title>\n<meta name=\"robots\" content=\"index, follow, max-snippet:-1, max-image-preview:large, max-video-preview:-1\" \/>\n<link rel=\"canonical\" href=\"https:\/\/fjala.info\/2009-2015\/letra-e-plote-e-withers-dash-duhet-te-shikoje-gerryerjen-e-demokracise-ne-shqiperi\/\" \/>\n<meta property=\"og:locale\" content=\"sq_AL\" \/>\n<meta property=\"og:type\" content=\"article\" \/>\n<meta property=\"og:title\" content=\"Letra e PLOTE e Withers: DASH duhet t\u00eb shikoj\u00eb g\u00ebrryerjen e demokracis\u00eb n\u00eb Shqip\u00ebri - FjALA e LIR\u00cb - Arkivi\" \/>\n<meta property=\"og:description\" content=\"TemA Online, 9 Prill 2012 Ish-ambasadori Amerikan John Withers i drejtohet s\u00ebrish shqiptar\u00ebve me nj\u00eb tjet\u00ebr let\u00ebr t\u00eb hapur p\u00ebrmes Top Channel. Withers shprehet dakord me pes\u00eb pikat e deklarat\u00ebs se Departamentit t\u00eb Shtetit, por shton se ajo deklarat\u00eb nuk preku thelbin e shqet\u00ebsimeve t\u00eb tij, g\u00ebrryerjen e demokracis\u00eb dhe keqqeverisjen. M\u00eb posht\u00eb letra e [&hellip;]\" \/>\n<meta property=\"og:url\" content=\"https:\/\/fjala.info\/2009-2015\/letra-e-plote-e-withers-dash-duhet-te-shikoje-gerryerjen-e-demokracise-ne-shqiperi\/\" \/>\n<meta property=\"og:site_name\" content=\"FjALA e LIR\u00cb - Arkivi\" \/>\n<meta property=\"article:published_time\" content=\"2012-04-09T21:14:17+00:00\" \/>\n<meta property=\"og:image\" content=\"http:\/\/www.shkoder.net\/2012\/berisha_withers.jpg\" \/>\n<meta name=\"author\" content=\"admin\" \/>\n<meta name=\"twitter:card\" content=\"summary_large_image\" \/>\n<meta name=\"twitter:label1\" content=\"Written by\" \/>\n\t<meta name=\"twitter:data1\" content=\"admin\" \/>\n\t<meta name=\"twitter:label2\" content=\"Est. reading time\" \/>\n\t<meta name=\"twitter:data2\" content=\"5 minutes\" \/>\n<script type=\"application\/ld+json\" class=\"yoast-schema-graph\">{\"@context\":\"https:\\\/\\\/schema.org\",\"@graph\":[{\"@type\":\"Article\",\"@id\":\"https:\\\/\\\/fjala.info\\\/2009-2015\\\/letra-e-plote-e-withers-dash-duhet-te-shikoje-gerryerjen-e-demokracise-ne-shqiperi\\\/#article\",\"isPartOf\":{\"@id\":\"https:\\\/\\\/fjala.info\\\/2009-2015\\\/letra-e-plote-e-withers-dash-duhet-te-shikoje-gerryerjen-e-demokracise-ne-shqiperi\\\/\"},\"author\":{\"name\":\"admin\",\"@id\":\"https:\\\/\\\/fjala.info\\\/2009-2015\\\/#\\\/schema\\\/person\\\/3aa1163ef05469c496fc94e77611ada2\"},\"headline\":\"Letra e PLOTE e Withers: DASH duhet t\u00eb shikoj\u00eb g\u00ebrryerjen e demokracis\u00eb n\u00eb Shqip\u00ebri\",\"datePublished\":\"2012-04-09T21:14:17+00:00\",\"mainEntityOfPage\":{\"@id\":\"https:\\\/\\\/fjala.info\\\/2009-2015\\\/letra-e-plote-e-withers-dash-duhet-te-shikoje-gerryerjen-e-demokracise-ne-shqiperi\\\/\"},\"wordCount\":997,\"commentCount\":0,\"publisher\":{\"@id\":\"https:\\\/\\\/fjala.info\\\/2009-2015\\\/#organization\"},\"image\":{\"@id\":\"https:\\\/\\\/fjala.info\\\/2009-2015\\\/letra-e-plote-e-withers-dash-duhet-te-shikoje-gerryerjen-e-demokracise-ne-shqiperi\\\/#primaryimage\"},\"thumbnailUrl\":\"http:\\\/\\\/www.shkoder.net\\\/2012\\\/berisha_withers.jpg\",\"articleSection\":[\"Artikuj\",\"Lajme\"],\"inLanguage\":\"sq-AL\",\"potentialAction\":[{\"@type\":\"CommentAction\",\"name\":\"Comment\",\"target\":[\"https:\\\/\\\/fjala.info\\\/2009-2015\\\/letra-e-plote-e-withers-dash-duhet-te-shikoje-gerryerjen-e-demokracise-ne-shqiperi\\\/#respond\"]}]},{\"@type\":\"WebPage\",\"@id\":\"https:\\\/\\\/fjala.info\\\/2009-2015\\\/letra-e-plote-e-withers-dash-duhet-te-shikoje-gerryerjen-e-demokracise-ne-shqiperi\\\/\",\"url\":\"https:\\\/\\\/fjala.info\\\/2009-2015\\\/letra-e-plote-e-withers-dash-duhet-te-shikoje-gerryerjen-e-demokracise-ne-shqiperi\\\/\",\"name\":\"Letra e PLOTE e Withers: DASH duhet t\u00eb shikoj\u00eb g\u00ebrryerjen e demokracis\u00eb n\u00eb Shqip\u00ebri - FjALA e LIR\u00cb - Arkivi\",\"isPartOf\":{\"@id\":\"https:\\\/\\\/fjala.info\\\/2009-2015\\\/#website\"},\"primaryImageOfPage\":{\"@id\":\"https:\\\/\\\/fjala.info\\\/2009-2015\\\/letra-e-plote-e-withers-dash-duhet-te-shikoje-gerryerjen-e-demokracise-ne-shqiperi\\\/#primaryimage\"},\"image\":{\"@id\":\"https:\\\/\\\/fjala.info\\\/2009-2015\\\/letra-e-plote-e-withers-dash-duhet-te-shikoje-gerryerjen-e-demokracise-ne-shqiperi\\\/#primaryimage\"},\"thumbnailUrl\":\"http:\\\/\\\/www.shkoder.net\\\/2012\\\/berisha_withers.jpg\",\"datePublished\":\"2012-04-09T21:14:17+00:00\",\"breadcrumb\":{\"@id\":\"https:\\\/\\\/fjala.info\\\/2009-2015\\\/letra-e-plote-e-withers-dash-duhet-te-shikoje-gerryerjen-e-demokracise-ne-shqiperi\\\/#breadcrumb\"},\"inLanguage\":\"sq-AL\",\"potentialAction\":[{\"@type\":\"ReadAction\",\"target\":[\"https:\\\/\\\/fjala.info\\\/2009-2015\\\/letra-e-plote-e-withers-dash-duhet-te-shikoje-gerryerjen-e-demokracise-ne-shqiperi\\\/\"]}]},{\"@type\":\"ImageObject\",\"inLanguage\":\"sq-AL\",\"@id\":\"https:\\\/\\\/fjala.info\\\/2009-2015\\\/letra-e-plote-e-withers-dash-duhet-te-shikoje-gerryerjen-e-demokracise-ne-shqiperi\\\/#primaryimage\",\"url\":\"http:\\\/\\\/www.shkoder.net\\\/2012\\\/berisha_withers.jpg\",\"contentUrl\":\"http:\\\/\\\/www.shkoder.net\\\/2012\\\/berisha_withers.jpg\"},{\"@type\":\"BreadcrumbList\",\"@id\":\"https:\\\/\\\/fjala.info\\\/2009-2015\\\/letra-e-plote-e-withers-dash-duhet-te-shikoje-gerryerjen-e-demokracise-ne-shqiperi\\\/#breadcrumb\",\"itemListElement\":[{\"@type\":\"ListItem\",\"position\":1,\"name\":\"Home\",\"item\":\"https:\\\/\\\/fjala.info\\\/2009-2015\\\/\"},{\"@type\":\"ListItem\",\"position\":2,\"name\":\"Letra e PLOTE e Withers: DASH duhet t\u00eb shikoj\u00eb g\u00ebrryerjen e demokracis\u00eb n\u00eb Shqip\u00ebri\"}]},{\"@type\":\"WebSite\",\"@id\":\"https:\\\/\\\/fjala.info\\\/2009-2015\\\/#website\",\"url\":\"https:\\\/\\\/fjala.info\\\/2009-2015\\\/\",\"name\":\"FjALA e LIR\u00cb - Arkivi\",\"description\":\"Arkivi 2009-2015\",\"publisher\":{\"@id\":\"https:\\\/\\\/fjala.info\\\/2009-2015\\\/#organization\"},\"potentialAction\":[{\"@type\":\"SearchAction\",\"target\":{\"@type\":\"EntryPoint\",\"urlTemplate\":\"https:\\\/\\\/fjala.info\\\/2009-2015\\\/?s={search_term_string}\"},\"query-input\":{\"@type\":\"PropertyValueSpecification\",\"valueRequired\":true,\"valueName\":\"search_term_string\"}}],\"inLanguage\":\"sq-AL\"},{\"@type\":\"Organization\",\"@id\":\"https:\\\/\\\/fjala.info\\\/2009-2015\\\/#organization\",\"name\":\"FjALA e LIR\u00cb - Arkivi\",\"url\":\"https:\\\/\\\/fjala.info\\\/2009-2015\\\/\",\"logo\":{\"@type\":\"ImageObject\",\"inLanguage\":\"sq-AL\",\"@id\":\"https:\\\/\\\/fjala.info\\\/2009-2015\\\/#\\\/schema\\\/logo\\\/image\\\/\",\"url\":\"\",\"contentUrl\":\"\",\"caption\":\"FjALA e LIR\u00cb - Arkivi\"},\"image\":{\"@id\":\"https:\\\/\\\/fjala.info\\\/2009-2015\\\/#\\\/schema\\\/logo\\\/image\\\/\"}},{\"@type\":\"Person\",\"@id\":\"https:\\\/\\\/fjala.info\\\/2009-2015\\\/#\\\/schema\\\/person\\\/3aa1163ef05469c496fc94e77611ada2\",\"name\":\"admin\",\"image\":{\"@type\":\"ImageObject\",\"inLanguage\":\"sq-AL\",\"@id\":\"https:\\\/\\\/fjala.info\\\/2009-2015\\\/wp-content\\\/uploads\\\/2012\\\/02\\\/arben_cokaj-120x150.jpg\",\"url\":\"https:\\\/\\\/fjala.info\\\/2009-2015\\\/wp-content\\\/uploads\\\/2012\\\/02\\\/arben_cokaj-120x150.jpg\",\"contentUrl\":\"https:\\\/\\\/fjala.info\\\/2009-2015\\\/wp-content\\\/uploads\\\/2012\\\/02\\\/arben_cokaj-120x150.jpg\",\"caption\":\"admin\"},\"description\":\"Admin, Fjala e Lir\u00eb\",\"sameAs\":[\"https:\\\/\\\/fjala.info\\\/\"],\"url\":\"https:\\\/\\\/fjala.info\\\/2009-2015\\\/author\\\/admin\\\/\"}]}<\/script>\n<!-- \/ Yoast SEO plugin. -->","yoast_head_json":{"title":"Letra e PLOTE e Withers: DASH duhet t\u00eb shikoj\u00eb g\u00ebrryerjen e demokracis\u00eb n\u00eb Shqip\u00ebri - FjALA e LIR\u00cb - Arkivi","robots":{"index":"index","follow":"follow","max-snippet":"max-snippet:-1","max-image-preview":"max-image-preview:large","max-video-preview":"max-video-preview:-1"},"canonical":"https:\/\/fjala.info\/2009-2015\/letra-e-plote-e-withers-dash-duhet-te-shikoje-gerryerjen-e-demokracise-ne-shqiperi\/","og_locale":"sq_AL","og_type":"article","og_title":"Letra e PLOTE e Withers: DASH duhet t\u00eb shikoj\u00eb g\u00ebrryerjen e demokracis\u00eb n\u00eb Shqip\u00ebri - FjALA e LIR\u00cb - Arkivi","og_description":"TemA Online, 9 Prill 2012 Ish-ambasadori Amerikan John Withers i drejtohet s\u00ebrish shqiptar\u00ebve me nj\u00eb tjet\u00ebr let\u00ebr t\u00eb hapur p\u00ebrmes Top Channel. Withers shprehet dakord me pes\u00eb pikat e deklarat\u00ebs se Departamentit t\u00eb Shtetit, por shton se ajo deklarat\u00eb nuk preku thelbin e shqet\u00ebsimeve t\u00eb tij, g\u00ebrryerjen e demokracis\u00eb dhe keqqeverisjen. M\u00eb posht\u00eb letra e [&hellip;]","og_url":"https:\/\/fjala.info\/2009-2015\/letra-e-plote-e-withers-dash-duhet-te-shikoje-gerryerjen-e-demokracise-ne-shqiperi\/","og_site_name":"FjALA e LIR\u00cb - Arkivi","article_published_time":"2012-04-09T21:14:17+00:00","og_image":[{"url":"http:\/\/www.shkoder.net\/2012\/berisha_withers.jpg","type":"","width":"","height":""}],"author":"admin","twitter_card":"summary_large_image","twitter_misc":{"Written by":"admin","Est. reading time":"5 minutes"},"schema":{"@context":"https:\/\/schema.org","@graph":[{"@type":"Article","@id":"https:\/\/fjala.info\/2009-2015\/letra-e-plote-e-withers-dash-duhet-te-shikoje-gerryerjen-e-demokracise-ne-shqiperi\/#article","isPartOf":{"@id":"https:\/\/fjala.info\/2009-2015\/letra-e-plote-e-withers-dash-duhet-te-shikoje-gerryerjen-e-demokracise-ne-shqiperi\/"},"author":{"name":"admin","@id":"https:\/\/fjala.info\/2009-2015\/#\/schema\/person\/3aa1163ef05469c496fc94e77611ada2"},"headline":"Letra e PLOTE e Withers: DASH duhet t\u00eb shikoj\u00eb g\u00ebrryerjen e demokracis\u00eb n\u00eb Shqip\u00ebri","datePublished":"2012-04-09T21:14:17+00:00","mainEntityOfPage":{"@id":"https:\/\/fjala.info\/2009-2015\/letra-e-plote-e-withers-dash-duhet-te-shikoje-gerryerjen-e-demokracise-ne-shqiperi\/"},"wordCount":997,"commentCount":0,"publisher":{"@id":"https:\/\/fjala.info\/2009-2015\/#organization"},"image":{"@id":"https:\/\/fjala.info\/2009-2015\/letra-e-plote-e-withers-dash-duhet-te-shikoje-gerryerjen-e-demokracise-ne-shqiperi\/#primaryimage"},"thumbnailUrl":"http:\/\/www.shkoder.net\/2012\/berisha_withers.jpg","articleSection":["Artikuj","Lajme"],"inLanguage":"sq-AL","potentialAction":[{"@type":"CommentAction","name":"Comment","target":["https:\/\/fjala.info\/2009-2015\/letra-e-plote-e-withers-dash-duhet-te-shikoje-gerryerjen-e-demokracise-ne-shqiperi\/#respond"]}]},{"@type":"WebPage","@id":"https:\/\/fjala.info\/2009-2015\/letra-e-plote-e-withers-dash-duhet-te-shikoje-gerryerjen-e-demokracise-ne-shqiperi\/","url":"https:\/\/fjala.info\/2009-2015\/letra-e-plote-e-withers-dash-duhet-te-shikoje-gerryerjen-e-demokracise-ne-shqiperi\/","name":"Letra e PLOTE e Withers: DASH duhet t\u00eb shikoj\u00eb g\u00ebrryerjen e demokracis\u00eb n\u00eb Shqip\u00ebri - FjALA e LIR\u00cb - Arkivi","isPartOf":{"@id":"https:\/\/fjala.info\/2009-2015\/#website"},"primaryImageOfPage":{"@id":"https:\/\/fjala.info\/2009-2015\/letra-e-plote-e-withers-dash-duhet-te-shikoje-gerryerjen-e-demokracise-ne-shqiperi\/#primaryimage"},"image":{"@id":"https:\/\/fjala.info\/2009-2015\/letra-e-plote-e-withers-dash-duhet-te-shikoje-gerryerjen-e-demokracise-ne-shqiperi\/#primaryimage"},"thumbnailUrl":"http:\/\/www.shkoder.net\/2012\/berisha_withers.jpg","datePublished":"2012-04-09T21:14:17+00:00","breadcrumb":{"@id":"https:\/\/fjala.info\/2009-2015\/letra-e-plote-e-withers-dash-duhet-te-shikoje-gerryerjen-e-demokracise-ne-shqiperi\/#breadcrumb"},"inLanguage":"sq-AL","potentialAction":[{"@type":"ReadAction","target":["https:\/\/fjala.info\/2009-2015\/letra-e-plote-e-withers-dash-duhet-te-shikoje-gerryerjen-e-demokracise-ne-shqiperi\/"]}]},{"@type":"ImageObject","inLanguage":"sq-AL","@id":"https:\/\/fjala.info\/2009-2015\/letra-e-plote-e-withers-dash-duhet-te-shikoje-gerryerjen-e-demokracise-ne-shqiperi\/#primaryimage","url":"http:\/\/www.shkoder.net\/2012\/berisha_withers.jpg","contentUrl":"http:\/\/www.shkoder.net\/2012\/berisha_withers.jpg"},{"@type":"BreadcrumbList","@id":"https:\/\/fjala.info\/2009-2015\/letra-e-plote-e-withers-dash-duhet-te-shikoje-gerryerjen-e-demokracise-ne-shqiperi\/#breadcrumb","itemListElement":[{"@type":"ListItem","position":1,"name":"Home","item":"https:\/\/fjala.info\/2009-2015\/"},{"@type":"ListItem","position":2,"name":"Letra e PLOTE e Withers: DASH duhet t\u00eb shikoj\u00eb g\u00ebrryerjen e demokracis\u00eb n\u00eb Shqip\u00ebri"}]},{"@type":"WebSite","@id":"https:\/\/fjala.info\/2009-2015\/#website","url":"https:\/\/fjala.info\/2009-2015\/","name":"FjALA e LIR\u00cb - Arkivi","description":"Arkivi 2009-2015","publisher":{"@id":"https:\/\/fjala.info\/2009-2015\/#organization"},"potentialAction":[{"@type":"SearchAction","target":{"@type":"EntryPoint","urlTemplate":"https:\/\/fjala.info\/2009-2015\/?s={search_term_string}"},"query-input":{"@type":"PropertyValueSpecification","valueRequired":true,"valueName":"search_term_string"}}],"inLanguage":"sq-AL"},{"@type":"Organization","@id":"https:\/\/fjala.info\/2009-2015\/#organization","name":"FjALA e LIR\u00cb - Arkivi","url":"https:\/\/fjala.info\/2009-2015\/","logo":{"@type":"ImageObject","inLanguage":"sq-AL","@id":"https:\/\/fjala.info\/2009-2015\/#\/schema\/logo\/image\/","url":"","contentUrl":"","caption":"FjALA e LIR\u00cb - Arkivi"},"image":{"@id":"https:\/\/fjala.info\/2009-2015\/#\/schema\/logo\/image\/"}},{"@type":"Person","@id":"https:\/\/fjala.info\/2009-2015\/#\/schema\/person\/3aa1163ef05469c496fc94e77611ada2","name":"admin","image":{"@type":"ImageObject","inLanguage":"sq-AL","@id":"https:\/\/fjala.info\/2009-2015\/wp-content\/uploads\/2012\/02\/arben_cokaj-120x150.jpg","url":"https:\/\/fjala.info\/2009-2015\/wp-content\/uploads\/2012\/02\/arben_cokaj-120x150.jpg","contentUrl":"https:\/\/fjala.info\/2009-2015\/wp-content\/uploads\/2012\/02\/arben_cokaj-120x150.jpg","caption":"admin"},"description":"Admin, Fjala e Lir\u00eb","sameAs":["https:\/\/fjala.info\/"],"url":"https:\/\/fjala.info\/2009-2015\/author\/admin\/"}]}},"_links":{"self":[{"href":"https:\/\/fjala.info\/2009-2015\/wp-json\/wp\/v2\/posts\/2425","targetHints":{"allow":["GET"]}}],"collection":[{"href":"https:\/\/fjala.info\/2009-2015\/wp-json\/wp\/v2\/posts"}],"about":[{"href":"https:\/\/fjala.info\/2009-2015\/wp-json\/wp\/v2\/types\/post"}],"author":[{"embeddable":true,"href":"https:\/\/fjala.info\/2009-2015\/wp-json\/wp\/v2\/users\/1"}],"replies":[{"embeddable":true,"href":"https:\/\/fjala.info\/2009-2015\/wp-json\/wp\/v2\/comments?post=2425"}],"version-history":[{"count":0,"href":"https:\/\/fjala.info\/2009-2015\/wp-json\/wp\/v2\/posts\/2425\/revisions"}],"wp:attachment":[{"href":"https:\/\/fjala.info\/2009-2015\/wp-json\/wp\/v2\/media?parent=2425"}],"wp:term":[{"taxonomy":"category","embeddable":true,"href":"https:\/\/fjala.info\/2009-2015\/wp-json\/wp\/v2\/categories?post=2425"},{"taxonomy":"post_tag","embeddable":true,"href":"https:\/\/fjala.info\/2009-2015\/wp-json\/wp\/v2\/tags?post=2425"}],"curies":[{"name":"wp","href":"https:\/\/api.w.org\/{rel}","templated":true}]}}