{"id":2420,"date":"2012-04-09T10:20:28","date_gmt":"2012-04-09T09:20:28","guid":{"rendered":"http:\/\/fjala.shkoder.net\/?p=2420"},"modified":"2012-04-09T10:20:28","modified_gmt":"2012-04-09T09:20:28","slug":"ps-nje-vetevrasje-e-paralajmeruar","status":"publish","type":"post","link":"https:\/\/fjala.info\/2009-2015\/ps-nje-vetevrasje-e-paralajmeruar\/","title":{"rendered":"PS, nj\u00eb vet\u00ebvrasje e paralajm\u00ebruar"},"content":{"rendered":"<p><img decoding=\"async\" class=\"alignright size-thumbnail wp-image-7236\" title=\"Sk\u00ebnder Minxhozi\" src=\"http:\/\/www.shkoder.net\/images\/fjala\/skender_minxhozi.jpg\" alt=\"\" width=\"150\" \/> <strong>Sk\u00ebnder Minxhozi<\/strong>, <em>09.04.2012<\/em><\/p>\n<p>N\u00eb ver\u00ebn e nxeht\u00eb t\u00eb vitit 2009, kur ishte i shokuar nga rezultati i devijuar i zgjedhjeve t\u00eb p\u00ebrgjithshme, Edi Rama shprehej shpesh se i vetmi gabim i tij n\u00eb fushat\u00eb, kishte qen\u00eb se kishte neglizhuar \u201ctrenin e Berish\u00ebs\u201d. E kishte fjal\u00ebn p\u00ebr rreshtin e partive q\u00eb Kryeministri u kujdes t\u00eb p\u00ebrfshinte n\u00eb bllokun e tij elektoral, t\u00eb cilat me pak mij\u00ebrat, ose edhe me disa qindra votat e tyre, i dhan\u00eb atij pushtetin, n\u00eb nj\u00eb gar\u00eb q\u00eb mbaroi n\u00eb fotofinish. Natyrisht edhe me kat\u00ebr mandatet \u201ce arta\u201d t\u00eb LSI-s\u00eb, nj\u00ebra nd\u00ebr ato parti q\u00eb Edi Rama refuzoi ta ftonte n\u00eb koalicion, i nxitur edhe nga disa prej atyre bashk\u00ebpun\u00ebtor\u00ebve t\u00eb cil\u00ebt sot e kritikojn\u00eb nga maja e Olimpit.<\/p>\n<p>Leximi i Ram\u00ebs ishte i sakt\u00eb. Prurjet e vogla t\u00eb partive minore, duke konverguar n\u00eb panelin qeveritar, kishin krijuar at\u00eb fluks numrash q\u00eb siguruan fitoren. P\u00ebrtej faktit se fushata e at\u00ebhershme e Ram\u00ebs ishte defektoze n\u00eb disa aspekte, paaft\u00ebsia p\u00ebr t\u00eb krijuar nj\u00eb front opozitar ishte nj\u00eb nd\u00ebr shkaqet q\u00eb \u00e7oi n\u00eb at\u00eb humbje.<\/p>\n<p>Sot, tre vjet m\u00eb von\u00eb, shum\u00eb uj\u00eb ka rrjedhur n\u00ebn ura, por mesa duket shum\u00eb\u00e7ka \u00ebsht\u00eb si m\u00eb par\u00eb. Prej disa dit\u00ebsh, PS dhe partit\u00eb e saj aleate po p\u00ebrplasen, s\u00ebrish p\u00ebr munges\u00ebn e vullnetit t\u00eb socialist\u00ebve p\u00ebr t\u00eb ngritur n\u00eb k\u00ebmb\u00eb nj\u00eb aleanc\u00eb t\u00eb gjer\u00eb elektorale. Dhe cili \u00ebsht\u00eb shkaku i k\u00ebsaj situate t\u00eb re? Nuk na lejon Berisha t\u00eb ndryshojm\u00eb sistemin, thot\u00eb kreu i opozit\u00ebs! Nj\u00eb alibi e vjet\u00ebr dhe e re, acaruese p\u00ebr vesh\u00ebt opozitar\u00eb si m\u00eb par\u00eb dhe \u00e7armatos\u00ebse m\u00eb shum\u00eb se m\u00eb par\u00eb.<\/p>\n<p>Po \u00e7far\u00eb ka b\u00ebr\u00eb ndonj\u00ebher\u00eb me d\u00ebshir\u00eb zoti Berisha, lind natyrsh\u00ebm pyetja. Ka shum\u00eb q\u00ebndrime, ide, veprime dhe aspekte t\u00eb bot\u00ebkuptimit e t\u00eb sjelljes politike, q\u00eb e ndajn\u00eb sot Edi Ram\u00ebn nga Sali Berisha. Kreu i opozit\u00ebs mendon shum\u00eb ndryshe nga Kryeministri, e kjo \u00ebsht\u00eb pjes\u00eb e normalitetit demokratik. P\u00ebrndryshe nuk do t\u00eb kishte nevoj\u00eb as p\u00ebr gar\u00eb, e as p\u00ebr sfidant\u00eb. Ndryshe mendon Rama (t\u00eb pakt\u00ebn k\u00ebshtu duhet t\u00eb shpresohet) nga Berisha, edhe p\u00ebr reform\u00ebn zgjedhore. K\u00ebshtu deklaroi ai s\u00eb fundi, n\u00eb mos e past\u00eb b\u00ebr\u00eb p\u00ebr t\u00eb lar\u00eb goj\u00ebn faqe miletit.<\/p>\n<p>Por ai s\u2019ka pse u p\u00ebrplas der\u00ebn n\u00eb fytyr\u00eb aleat\u00ebve t\u00eb tij, t\u00eb majt\u00eb e t\u00eb djatht\u00eb, meq\u00eb nuk arrika t\u00eb imponohet n\u00eb tryez\u00ebn ku aktualisht po debatohet p\u00ebr zgjedhjet e reja. N\u00ebse Edi Rama do t\u00eb dal\u00eb i squll\u00ebt nga kjo p\u00ebrballje, n\u00ebse ai s\u2019do t\u00eb ket\u00eb indin e duhur t\u00eb politikanit q\u00eb nuk konformohet, por q\u00eb ngul k\u00ebmb\u00eb p\u00ebr idet\u00eb e tij, at\u00ebher\u00eb le ta thot\u00eb hapur dhe publikisht se po e fut edhe nj\u00eb her\u00eb partin\u00eb e tij n\u00eb nj\u00eb spirale t\u00eb ngjashme me at\u00eb t\u00eb tre vjet\u00ebve m\u00eb par\u00eb.<\/p>\n<p>Po t\u00eb pyes\u00ebsh sot at\u00eb pjes\u00eb t\u00eb p\u00ebrfaq\u00ebsimit politik n\u00eb PS, e cila i p\u00ebrmbahet linj\u00ebs zyrtare t\u00eb kryetarit t\u00eb partis\u00eb, t\u00eb thon\u00eb that\u00eb dhe prer\u00eb se opozita \u00ebsht\u00eb duke b\u00ebr\u00eb gj\u00ebn\u00eb e duhur. Edhe nj\u00eb her\u00eb, si para zgjedhjeve t\u00eb 28 qershorit 2009, kur ky refren p\u00ebrs\u00ebritej rregullisht p\u00ebrball\u00eb \u00e7do kritike sado t\u00eb vog\u00ebl, publike apo t\u00eb mbyllur, kjo shtres\u00eb burokrat\u00ebsh opozitar\u00eb kan\u00eb formalisht t\u00eb drejt\u00eb. Arsyeja \u00ebsht\u00eb thjesht\u00eb: ende nuk kan\u00eb humbur p\u00ebr her\u00eb t\u00eb dyt\u00eb n\u00eb zgjedhje! Por a duhet pritur q\u00eb PS t\u2019i humb\u00eb s\u00ebrish zgjedhjet, p\u00ebrball\u00eb nj\u00eb shumice t\u00eb rr\u00ebnuar moralisht dhe t\u00eb korruptuar thell\u00eb e n\u00eb konflikt t\u00eb hapur me ligjin?! V\u00ebshtir\u00eb se p\u00ebrgjigjja mund t\u00eb jet\u00eb afirmative.<\/p>\n<p>Por a \u00ebsht\u00eb thjesht dhe vet\u00ebm aleanca transparente dhe e ndershme me t\u00eb vegjlit, rruga p\u00ebr t\u00eb fituar p\u00ebrball\u00eb Berish\u00ebs m\u00eb 2013-n? Aspak jo. Establishmenti opozitar po i g\u00ebzohet shum\u00eb s\u00eb fundi hapave teknik\u00eb q\u00eb jan\u00eb hedhur n\u00eb drejtim t\u00eb zgjedhjeve, num\u00ebrimit elektronik dhe aspekteve t\u00eb tjera t\u00eb pritshme. Normale, p\u00ebr aq sa k\u00ebto hapa kan\u00eb realisht vler\u00eb n\u00eb drejtpeshimin dhe objektivitetin e zgjedhjeve.<\/p>\n<p>Por, duke anashkaluar vet\u00eb sistemin zgjedhor, zemrekun e v\u00ebrtet\u00eb t\u00eb ndarjes s\u00eb votave mes rreshtimeve, duke p\u00ebrmendur rrall\u00eb e p\u00ebr mall nj\u00eb institucion skandaloz si KQZ (e cila edhe k\u00ebto or\u00eb po kontribuon p\u00ebr t\u2019i mbajtur peng nj\u00eb mandat opozit\u00ebs), duke q\u00ebndruar thuajse pasiv\u00eb prej vitesh, ndaj nj\u00eb TVSH-je publike thjesht skandaloze, socialist\u00ebt dhe kryetari i tyre i mbyllur brenda hap\u00ebsir\u00ebs klaustrofobike t\u00eb 140 germave t\u00eb \u201cTwitter\u201d-it, po sillen totalisht si n\u00eb fillim t\u00eb vitit 2009, kur i thoshin s\u00eb gjith\u00eb bot\u00ebs se Berisha kishte mbaruar dhe se zgjedhjet ishin thjesht nj\u00eb formalitet.<\/p>\n<p>Sot, opozita e madhe ka shum\u00eb merak p\u00ebr mandatet \u201cpersonale\u201d q\u00eb po reklamojn\u00eb krer\u00ebt e opozit\u00ebs s\u00eb vog\u00ebl. E kan\u00eb b\u00ebr\u00eb k\u00ebt\u00eb edhe n\u00eb zgjedhjet e shkuara, kur num\u00ebronin gjith\u00eb dit\u00ebn mandatet q\u00eb do t\u2019u merrte Ilir Meta n\u00eb tryez\u00eb, si kusht p\u00ebr t\u2019u futur s\u00eb bashku n\u00eb zgjedhje. E nd\u00ebrsa kjo e dyta \u00ebsht\u00eb nj\u00eb histori e mbyllur dhe nj\u00eb fatur\u00eb e dhimbshme q\u00eb po paguhet p\u00ebrdit\u00eb, e para, pra mandatet e p\u00ebrfolura t\u00eb Gjinushit, Milos, Ngjel\u00ebs e disa krer\u00ebve t\u00eb tjer\u00eb partiak\u00eb, jan\u00eb jo thjesht nj\u00eb \u00e7\u00ebshtje meskine komoditeti personal. T\u00eb gjith\u00eb zot\u00ebrinjt\u00eb e m\u00ebsip\u00ebrm dhe t\u00eb tjer\u00eb si ata, jan\u00eb ndoshta shum\u00eb m\u00eb t\u00eb vlefsh\u00ebm dhe m\u00eb t\u00eb men\u00e7ur se nj\u00eb pjes\u00eb e mir\u00eb opozit\u00ebs s\u00eb sotme parlamentare. Megjithat\u00eb nuk \u00ebsht\u00eb ky problemi. \u00c7\u00ebshtja \u00ebsht\u00eb tek e ardhmja e af\u00ebrt, e jo tek e tashmja defektoze.<\/p>\n<p>P\u00ebrvoja shum\u00eb e fresk\u00ebt e ver\u00ebs 2009 ka treguar se ky sistem, q\u00eb Rama na thot\u00eb se nuk po e l\u00eb Berisha ta ndryshoj\u00eb, i shp\u00ebrfill \u00e7do qasje t\u00eb pjesshme ndaj fushat\u00ebs dhe ndaj vet\u00eb gar\u00ebs elektorale. N\u00ebse ke siguruar num\u00ebrimin elektronik, duhet me patjet\u00ebr t\u00eb ngulmosh p\u00ebr KQZ apo procesin e certifikimit t\u00eb votuesve. N\u00ebse ke nd\u00ebrtuar nj\u00eb program zgjedhor sfidues dhe performant, duhet padyshim q\u00eb t\u00eb nd\u00ebrtosh edhe nj\u00eb strategji dhe taktik\u00eb elektorale q\u00eb t\u00eb koaguloj\u00eb sa m\u00eb shum\u00eb konsensus rreth k\u00ebtij programi. Duket prej vitesh sikur PS vazhdon t\u00eb bjer\u00eb n\u00eb nj\u00eb kurth vet\u00ebk\u00ebnaq\u00ebsie, duke iu p\u00ebrmbajtur kryesisht parimit \u201cb\u00ebm\u00eb at\u00eb q\u00eb mund\u00ebm, m\u00eb shum\u00eb s\u2019b\u00ebhet\u201d!<\/p>\n<p>N\u00eb zgjedhjet e vitit 2013, Edi Ram\u00ebs i duhet nj\u00eb panel opozitar fitimtar. Ky \u00ebsht\u00eb leksioni i hidhur q\u00eb ai tha se e m\u00ebsoi tre vjet m\u00eb par\u00eb, por q\u00eb ndoshta mund ta ket\u00eb harruar rrug\u00ebs p\u00ebr n\u00eb zgjedhjet e ardhshme. Sugjerimet didaktike dhe t\u00eb p\u00ebrgjithshme, si ato t\u00eb \u201ckontrat\u00ebs me qytetar\u00ebt\u201d, i kemi par\u00eb t\u00eb v\u00ebna n\u00eb sken\u00eb n\u00eb fushat\u00ebn e shkuar, ku PS shpresoi t\u00eb fitoj\u00eb si frym\u00eb, m\u00eb shum\u00eb sesa si projekt konkret dhe si panel i organizuar opozitar q\u00eb m\u00ebsyn pushtetin.<\/p>\n<p>Duket mjaft e thjesht\u00eb p\u00ebr t\u2019u kuptuar, bazuar n\u00eb k\u00ebt\u00eb eksperienc\u00eb t\u00eb fresk\u00ebt, se p\u00ebrball\u00eb nj\u00eb mazhorance q\u00eb vepron m\u00eb s\u00eb shumti mbi shpres\u00ebn e blerjes, sugjestionimit dhe devijimit t\u00eb vot\u00ebs, krahas programit p\u00ebr \u201ckastravecin e detit\u201d, si\u00e7 citoi nj\u00eb deputet i opozit\u00ebs dy dit\u00eb m\u00eb par\u00eb, duhet nj\u00eb struktur\u00eb dhe nj\u00eb infrastruktur\u00eb, e cila s\u2019mund t\u00eb toleroj\u00eb kurrsesi asnj\u00eb rrjedhje vote. E n\u00ebse mendohet edhe nj\u00eb her\u00eb se t\u00eb vegjlit nuk sjellin vota por telashe, at\u00ebher\u00eb n\u00eb PS s\u2019paskan kuptuar asgj\u00eb p\u00ebr zgjedhjet e ardhshme!<\/p>\n<p>Ka dy dekada q\u00eb PS sillet e kompleksuar p\u00ebrball\u00eb Berish\u00ebs. N\u00eb t\u00eb gjitha tryezat, n\u00eb t\u00eb gjitha raportet e mundshme t\u00eb t\u00eb qenit n\u00eb pushtet apo n\u00eb opozit\u00eb. Rregullisht e majta ka l\u00ebshuar rrug\u00eb. U kujtua se me Edi Ram\u00ebn, nj\u00eb politikan i ri q\u00eb nuk kishte kompleksin dhe konsumin e paraardh\u00ebsve t\u00eb tij, ky trend do t\u00eb ndryshonte nj\u00eb her\u00eb e mir\u00eb. Mesa po shohim, pakgj\u00eb ka l\u00ebvizur nga vendi, p\u00ebr t\u00eb mos th\u00ebn\u00eb asgj\u00eb. Viti 2013 \u00ebsht\u00eb nj\u00eb moment tejet delikat, p\u00ebr t\u00eb mos th\u00ebn\u00eb final dhe p\u00ebrmbyll\u00ebs p\u00ebr lidershipin aktual t\u00eb opozit\u00ebs. N\u00ebse nuk m\u00ebsohet nj\u00eb her\u00eb e mir\u00eb nga politika e \u00e7edimit permanent, gabimet do t\u00eb kthehen gradualisht n\u00eb faje dhe fajet do t\u00eb jen\u00eb t\u00eb pakorrigjueshme.<\/p>\n","protected":false},"excerpt":{"rendered":"<p>Sk\u00ebnder Minxhozi, 09.04.2012 N\u00eb ver\u00ebn e nxeht\u00eb t\u00eb vitit 2009, kur ishte i shokuar nga rezultati i devijuar i zgjedhjeve t\u00eb p\u00ebrgjithshme, Edi Rama shprehej shpesh se i vetmi gabim i tij n\u00eb fushat\u00eb, kishte qen\u00eb se kishte neglizhuar \u201ctrenin e Berish\u00ebs\u201d. E kishte fjal\u00ebn p\u00ebr rreshtin e partive q\u00eb Kryeministri u kujdes t\u00eb p\u00ebrfshinte [&hellip;]<\/p>\n","protected":false},"author":1,"featured_media":0,"comment_status":"open","ping_status":"closed","sticky":false,"template":"","format":"standard","meta":{"footnotes":""},"categories":[2],"tags":[],"class_list":{"0":"post-2420","1":"post","2":"type-post","3":"status-publish","4":"format-standard","6":"category-artikuj"},"yoast_head":"<!-- This site is optimized with the Yoast SEO plugin v27.4 - https:\/\/yoast.com\/product\/yoast-seo-wordpress\/ -->\n<title>PS, nj\u00eb vet\u00ebvrasje e paralajm\u00ebruar - FjALA e LIR\u00cb - Arkivi<\/title>\n<meta name=\"robots\" content=\"index, follow, max-snippet:-1, max-image-preview:large, max-video-preview:-1\" \/>\n<link rel=\"canonical\" href=\"https:\/\/fjala.info\/2009-2015\/ps-nje-vetevrasje-e-paralajmeruar\/\" \/>\n<meta property=\"og:locale\" content=\"sq_AL\" \/>\n<meta property=\"og:type\" content=\"article\" \/>\n<meta property=\"og:title\" content=\"PS, nj\u00eb vet\u00ebvrasje e paralajm\u00ebruar - FjALA e LIR\u00cb - Arkivi\" \/>\n<meta property=\"og:description\" content=\"Sk\u00ebnder Minxhozi, 09.04.2012 N\u00eb ver\u00ebn e nxeht\u00eb t\u00eb vitit 2009, kur ishte i shokuar nga rezultati i devijuar i zgjedhjeve t\u00eb p\u00ebrgjithshme, Edi Rama shprehej shpesh se i vetmi gabim i tij n\u00eb fushat\u00eb, kishte qen\u00eb se kishte neglizhuar \u201ctrenin e Berish\u00ebs\u201d. E kishte fjal\u00ebn p\u00ebr rreshtin e partive q\u00eb Kryeministri u kujdes t\u00eb p\u00ebrfshinte [&hellip;]\" \/>\n<meta property=\"og:url\" content=\"https:\/\/fjala.info\/2009-2015\/ps-nje-vetevrasje-e-paralajmeruar\/\" \/>\n<meta property=\"og:site_name\" content=\"FjALA e LIR\u00cb - Arkivi\" \/>\n<meta property=\"article:published_time\" content=\"2012-04-09T09:20:28+00:00\" \/>\n<meta property=\"og:image\" content=\"http:\/\/www.shkoder.net\/images\/fjala\/skender_minxhozi.jpg\" \/>\n<meta name=\"author\" content=\"admin\" \/>\n<meta name=\"twitter:card\" content=\"summary_large_image\" \/>\n<meta name=\"twitter:label1\" content=\"Written by\" \/>\n\t<meta name=\"twitter:data1\" content=\"admin\" \/>\n\t<meta name=\"twitter:label2\" content=\"Est. reading time\" \/>\n\t<meta name=\"twitter:data2\" content=\"7 minutes\" \/>\n<script type=\"application\/ld+json\" class=\"yoast-schema-graph\">{\"@context\":\"https:\\\/\\\/schema.org\",\"@graph\":[{\"@type\":\"Article\",\"@id\":\"https:\\\/\\\/fjala.info\\\/2009-2015\\\/ps-nje-vetevrasje-e-paralajmeruar\\\/#article\",\"isPartOf\":{\"@id\":\"https:\\\/\\\/fjala.info\\\/2009-2015\\\/ps-nje-vetevrasje-e-paralajmeruar\\\/\"},\"author\":{\"name\":\"admin\",\"@id\":\"https:\\\/\\\/fjala.info\\\/2009-2015\\\/#\\\/schema\\\/person\\\/3aa1163ef05469c496fc94e77611ada2\"},\"headline\":\"PS, nj\u00eb vet\u00ebvrasje e paralajm\u00ebruar\",\"datePublished\":\"2012-04-09T09:20:28+00:00\",\"mainEntityOfPage\":{\"@id\":\"https:\\\/\\\/fjala.info\\\/2009-2015\\\/ps-nje-vetevrasje-e-paralajmeruar\\\/\"},\"wordCount\":1456,\"commentCount\":0,\"publisher\":{\"@id\":\"https:\\\/\\\/fjala.info\\\/2009-2015\\\/#organization\"},\"image\":{\"@id\":\"https:\\\/\\\/fjala.info\\\/2009-2015\\\/ps-nje-vetevrasje-e-paralajmeruar\\\/#primaryimage\"},\"thumbnailUrl\":\"http:\\\/\\\/www.shkoder.net\\\/images\\\/fjala\\\/skender_minxhozi.jpg\",\"articleSection\":[\"Artikuj\"],\"inLanguage\":\"sq-AL\",\"potentialAction\":[{\"@type\":\"CommentAction\",\"name\":\"Comment\",\"target\":[\"https:\\\/\\\/fjala.info\\\/2009-2015\\\/ps-nje-vetevrasje-e-paralajmeruar\\\/#respond\"]}]},{\"@type\":\"WebPage\",\"@id\":\"https:\\\/\\\/fjala.info\\\/2009-2015\\\/ps-nje-vetevrasje-e-paralajmeruar\\\/\",\"url\":\"https:\\\/\\\/fjala.info\\\/2009-2015\\\/ps-nje-vetevrasje-e-paralajmeruar\\\/\",\"name\":\"PS, nj\u00eb vet\u00ebvrasje e paralajm\u00ebruar - FjALA e LIR\u00cb - Arkivi\",\"isPartOf\":{\"@id\":\"https:\\\/\\\/fjala.info\\\/2009-2015\\\/#website\"},\"primaryImageOfPage\":{\"@id\":\"https:\\\/\\\/fjala.info\\\/2009-2015\\\/ps-nje-vetevrasje-e-paralajmeruar\\\/#primaryimage\"},\"image\":{\"@id\":\"https:\\\/\\\/fjala.info\\\/2009-2015\\\/ps-nje-vetevrasje-e-paralajmeruar\\\/#primaryimage\"},\"thumbnailUrl\":\"http:\\\/\\\/www.shkoder.net\\\/images\\\/fjala\\\/skender_minxhozi.jpg\",\"datePublished\":\"2012-04-09T09:20:28+00:00\",\"breadcrumb\":{\"@id\":\"https:\\\/\\\/fjala.info\\\/2009-2015\\\/ps-nje-vetevrasje-e-paralajmeruar\\\/#breadcrumb\"},\"inLanguage\":\"sq-AL\",\"potentialAction\":[{\"@type\":\"ReadAction\",\"target\":[\"https:\\\/\\\/fjala.info\\\/2009-2015\\\/ps-nje-vetevrasje-e-paralajmeruar\\\/\"]}]},{\"@type\":\"ImageObject\",\"inLanguage\":\"sq-AL\",\"@id\":\"https:\\\/\\\/fjala.info\\\/2009-2015\\\/ps-nje-vetevrasje-e-paralajmeruar\\\/#primaryimage\",\"url\":\"http:\\\/\\\/www.shkoder.net\\\/images\\\/fjala\\\/skender_minxhozi.jpg\",\"contentUrl\":\"http:\\\/\\\/www.shkoder.net\\\/images\\\/fjala\\\/skender_minxhozi.jpg\"},{\"@type\":\"BreadcrumbList\",\"@id\":\"https:\\\/\\\/fjala.info\\\/2009-2015\\\/ps-nje-vetevrasje-e-paralajmeruar\\\/#breadcrumb\",\"itemListElement\":[{\"@type\":\"ListItem\",\"position\":1,\"name\":\"Home\",\"item\":\"https:\\\/\\\/fjala.info\\\/2009-2015\\\/\"},{\"@type\":\"ListItem\",\"position\":2,\"name\":\"PS, nj\u00eb vet\u00ebvrasje e paralajm\u00ebruar\"}]},{\"@type\":\"WebSite\",\"@id\":\"https:\\\/\\\/fjala.info\\\/2009-2015\\\/#website\",\"url\":\"https:\\\/\\\/fjala.info\\\/2009-2015\\\/\",\"name\":\"FjALA e LIR\u00cb - Arkivi\",\"description\":\"Arkivi 2009-2015\",\"publisher\":{\"@id\":\"https:\\\/\\\/fjala.info\\\/2009-2015\\\/#organization\"},\"potentialAction\":[{\"@type\":\"SearchAction\",\"target\":{\"@type\":\"EntryPoint\",\"urlTemplate\":\"https:\\\/\\\/fjala.info\\\/2009-2015\\\/?s={search_term_string}\"},\"query-input\":{\"@type\":\"PropertyValueSpecification\",\"valueRequired\":true,\"valueName\":\"search_term_string\"}}],\"inLanguage\":\"sq-AL\"},{\"@type\":\"Organization\",\"@id\":\"https:\\\/\\\/fjala.info\\\/2009-2015\\\/#organization\",\"name\":\"FjALA e LIR\u00cb - Arkivi\",\"url\":\"https:\\\/\\\/fjala.info\\\/2009-2015\\\/\",\"logo\":{\"@type\":\"ImageObject\",\"inLanguage\":\"sq-AL\",\"@id\":\"https:\\\/\\\/fjala.info\\\/2009-2015\\\/#\\\/schema\\\/logo\\\/image\\\/\",\"url\":\"\",\"contentUrl\":\"\",\"caption\":\"FjALA e LIR\u00cb - Arkivi\"},\"image\":{\"@id\":\"https:\\\/\\\/fjala.info\\\/2009-2015\\\/#\\\/schema\\\/logo\\\/image\\\/\"}},{\"@type\":\"Person\",\"@id\":\"https:\\\/\\\/fjala.info\\\/2009-2015\\\/#\\\/schema\\\/person\\\/3aa1163ef05469c496fc94e77611ada2\",\"name\":\"admin\",\"image\":{\"@type\":\"ImageObject\",\"inLanguage\":\"sq-AL\",\"@id\":\"https:\\\/\\\/fjala.info\\\/2009-2015\\\/wp-content\\\/uploads\\\/2012\\\/02\\\/arben_cokaj-120x150.jpg\",\"url\":\"https:\\\/\\\/fjala.info\\\/2009-2015\\\/wp-content\\\/uploads\\\/2012\\\/02\\\/arben_cokaj-120x150.jpg\",\"contentUrl\":\"https:\\\/\\\/fjala.info\\\/2009-2015\\\/wp-content\\\/uploads\\\/2012\\\/02\\\/arben_cokaj-120x150.jpg\",\"caption\":\"admin\"},\"description\":\"Admin, Fjala e Lir\u00eb\",\"sameAs\":[\"https:\\\/\\\/fjala.info\\\/\"],\"url\":\"https:\\\/\\\/fjala.info\\\/2009-2015\\\/author\\\/admin\\\/\"}]}<\/script>\n<!-- \/ Yoast SEO plugin. -->","yoast_head_json":{"title":"PS, nj\u00eb vet\u00ebvrasje e paralajm\u00ebruar - FjALA e LIR\u00cb - Arkivi","robots":{"index":"index","follow":"follow","max-snippet":"max-snippet:-1","max-image-preview":"max-image-preview:large","max-video-preview":"max-video-preview:-1"},"canonical":"https:\/\/fjala.info\/2009-2015\/ps-nje-vetevrasje-e-paralajmeruar\/","og_locale":"sq_AL","og_type":"article","og_title":"PS, nj\u00eb vet\u00ebvrasje e paralajm\u00ebruar - FjALA e LIR\u00cb - Arkivi","og_description":"Sk\u00ebnder Minxhozi, 09.04.2012 N\u00eb ver\u00ebn e nxeht\u00eb t\u00eb vitit 2009, kur ishte i shokuar nga rezultati i devijuar i zgjedhjeve t\u00eb p\u00ebrgjithshme, Edi Rama shprehej shpesh se i vetmi gabim i tij n\u00eb fushat\u00eb, kishte qen\u00eb se kishte neglizhuar \u201ctrenin e Berish\u00ebs\u201d. E kishte fjal\u00ebn p\u00ebr rreshtin e partive q\u00eb Kryeministri u kujdes t\u00eb p\u00ebrfshinte [&hellip;]","og_url":"https:\/\/fjala.info\/2009-2015\/ps-nje-vetevrasje-e-paralajmeruar\/","og_site_name":"FjALA e LIR\u00cb - Arkivi","article_published_time":"2012-04-09T09:20:28+00:00","og_image":[{"url":"http:\/\/www.shkoder.net\/images\/fjala\/skender_minxhozi.jpg","type":"","width":"","height":""}],"author":"admin","twitter_card":"summary_large_image","twitter_misc":{"Written by":"admin","Est. reading time":"7 minutes"},"schema":{"@context":"https:\/\/schema.org","@graph":[{"@type":"Article","@id":"https:\/\/fjala.info\/2009-2015\/ps-nje-vetevrasje-e-paralajmeruar\/#article","isPartOf":{"@id":"https:\/\/fjala.info\/2009-2015\/ps-nje-vetevrasje-e-paralajmeruar\/"},"author":{"name":"admin","@id":"https:\/\/fjala.info\/2009-2015\/#\/schema\/person\/3aa1163ef05469c496fc94e77611ada2"},"headline":"PS, nj\u00eb vet\u00ebvrasje e paralajm\u00ebruar","datePublished":"2012-04-09T09:20:28+00:00","mainEntityOfPage":{"@id":"https:\/\/fjala.info\/2009-2015\/ps-nje-vetevrasje-e-paralajmeruar\/"},"wordCount":1456,"commentCount":0,"publisher":{"@id":"https:\/\/fjala.info\/2009-2015\/#organization"},"image":{"@id":"https:\/\/fjala.info\/2009-2015\/ps-nje-vetevrasje-e-paralajmeruar\/#primaryimage"},"thumbnailUrl":"http:\/\/www.shkoder.net\/images\/fjala\/skender_minxhozi.jpg","articleSection":["Artikuj"],"inLanguage":"sq-AL","potentialAction":[{"@type":"CommentAction","name":"Comment","target":["https:\/\/fjala.info\/2009-2015\/ps-nje-vetevrasje-e-paralajmeruar\/#respond"]}]},{"@type":"WebPage","@id":"https:\/\/fjala.info\/2009-2015\/ps-nje-vetevrasje-e-paralajmeruar\/","url":"https:\/\/fjala.info\/2009-2015\/ps-nje-vetevrasje-e-paralajmeruar\/","name":"PS, nj\u00eb vet\u00ebvrasje e paralajm\u00ebruar - FjALA e LIR\u00cb - Arkivi","isPartOf":{"@id":"https:\/\/fjala.info\/2009-2015\/#website"},"primaryImageOfPage":{"@id":"https:\/\/fjala.info\/2009-2015\/ps-nje-vetevrasje-e-paralajmeruar\/#primaryimage"},"image":{"@id":"https:\/\/fjala.info\/2009-2015\/ps-nje-vetevrasje-e-paralajmeruar\/#primaryimage"},"thumbnailUrl":"http:\/\/www.shkoder.net\/images\/fjala\/skender_minxhozi.jpg","datePublished":"2012-04-09T09:20:28+00:00","breadcrumb":{"@id":"https:\/\/fjala.info\/2009-2015\/ps-nje-vetevrasje-e-paralajmeruar\/#breadcrumb"},"inLanguage":"sq-AL","potentialAction":[{"@type":"ReadAction","target":["https:\/\/fjala.info\/2009-2015\/ps-nje-vetevrasje-e-paralajmeruar\/"]}]},{"@type":"ImageObject","inLanguage":"sq-AL","@id":"https:\/\/fjala.info\/2009-2015\/ps-nje-vetevrasje-e-paralajmeruar\/#primaryimage","url":"http:\/\/www.shkoder.net\/images\/fjala\/skender_minxhozi.jpg","contentUrl":"http:\/\/www.shkoder.net\/images\/fjala\/skender_minxhozi.jpg"},{"@type":"BreadcrumbList","@id":"https:\/\/fjala.info\/2009-2015\/ps-nje-vetevrasje-e-paralajmeruar\/#breadcrumb","itemListElement":[{"@type":"ListItem","position":1,"name":"Home","item":"https:\/\/fjala.info\/2009-2015\/"},{"@type":"ListItem","position":2,"name":"PS, nj\u00eb vet\u00ebvrasje e paralajm\u00ebruar"}]},{"@type":"WebSite","@id":"https:\/\/fjala.info\/2009-2015\/#website","url":"https:\/\/fjala.info\/2009-2015\/","name":"FjALA e LIR\u00cb - Arkivi","description":"Arkivi 2009-2015","publisher":{"@id":"https:\/\/fjala.info\/2009-2015\/#organization"},"potentialAction":[{"@type":"SearchAction","target":{"@type":"EntryPoint","urlTemplate":"https:\/\/fjala.info\/2009-2015\/?s={search_term_string}"},"query-input":{"@type":"PropertyValueSpecification","valueRequired":true,"valueName":"search_term_string"}}],"inLanguage":"sq-AL"},{"@type":"Organization","@id":"https:\/\/fjala.info\/2009-2015\/#organization","name":"FjALA e LIR\u00cb - Arkivi","url":"https:\/\/fjala.info\/2009-2015\/","logo":{"@type":"ImageObject","inLanguage":"sq-AL","@id":"https:\/\/fjala.info\/2009-2015\/#\/schema\/logo\/image\/","url":"","contentUrl":"","caption":"FjALA e LIR\u00cb - Arkivi"},"image":{"@id":"https:\/\/fjala.info\/2009-2015\/#\/schema\/logo\/image\/"}},{"@type":"Person","@id":"https:\/\/fjala.info\/2009-2015\/#\/schema\/person\/3aa1163ef05469c496fc94e77611ada2","name":"admin","image":{"@type":"ImageObject","inLanguage":"sq-AL","@id":"https:\/\/fjala.info\/2009-2015\/wp-content\/uploads\/2012\/02\/arben_cokaj-120x150.jpg","url":"https:\/\/fjala.info\/2009-2015\/wp-content\/uploads\/2012\/02\/arben_cokaj-120x150.jpg","contentUrl":"https:\/\/fjala.info\/2009-2015\/wp-content\/uploads\/2012\/02\/arben_cokaj-120x150.jpg","caption":"admin"},"description":"Admin, Fjala e Lir\u00eb","sameAs":["https:\/\/fjala.info\/"],"url":"https:\/\/fjala.info\/2009-2015\/author\/admin\/"}]}},"_links":{"self":[{"href":"https:\/\/fjala.info\/2009-2015\/wp-json\/wp\/v2\/posts\/2420","targetHints":{"allow":["GET"]}}],"collection":[{"href":"https:\/\/fjala.info\/2009-2015\/wp-json\/wp\/v2\/posts"}],"about":[{"href":"https:\/\/fjala.info\/2009-2015\/wp-json\/wp\/v2\/types\/post"}],"author":[{"embeddable":true,"href":"https:\/\/fjala.info\/2009-2015\/wp-json\/wp\/v2\/users\/1"}],"replies":[{"embeddable":true,"href":"https:\/\/fjala.info\/2009-2015\/wp-json\/wp\/v2\/comments?post=2420"}],"version-history":[{"count":0,"href":"https:\/\/fjala.info\/2009-2015\/wp-json\/wp\/v2\/posts\/2420\/revisions"}],"wp:attachment":[{"href":"https:\/\/fjala.info\/2009-2015\/wp-json\/wp\/v2\/media?parent=2420"}],"wp:term":[{"taxonomy":"category","embeddable":true,"href":"https:\/\/fjala.info\/2009-2015\/wp-json\/wp\/v2\/categories?post=2420"},{"taxonomy":"post_tag","embeddable":true,"href":"https:\/\/fjala.info\/2009-2015\/wp-json\/wp\/v2\/tags?post=2420"}],"curies":[{"name":"wp","href":"https:\/\/api.w.org\/{rel}","templated":true}]}}