{"id":2415,"date":"2010-04-29T22:38:15","date_gmt":"2010-04-29T21:38:15","guid":{"rendered":"http:\/\/fjala.shkoder.net\/?p=2415"},"modified":"2010-04-29T22:38:15","modified_gmt":"2010-04-29T21:38:15","slug":"arsyet-pse-opozita-duhet-te-perleshet-me-pushtetin","status":"publish","type":"post","link":"https:\/\/fjala.info\/2009-2015\/arsyet-pse-opozita-duhet-te-perleshet-me-pushtetin\/","title":{"rendered":"Arsyet pse opozita duhet t\u00eb p\u00ebrleshet me pushtetin!"},"content":{"rendered":"<p><img decoding=\"async\" style=\"margin-left: 10px; margin-right: 10px; border: 0px;\" src=\"http:\/\/www.shkoder.net\/images\/fjala\/mero_baze1.jpg\" border=\"0\" alt=\"Mero Baze\" width=\"100\" align=\"right\" \/><\/p>\n<p>Nga <strong>Mero Baze<\/strong>, &#8220;<em>Faktori Plus<\/em>&#8221;<\/p>\n<p>Opozita shqiptare do t\u00eb jet\u00eb prej nes\u00ebr para nj\u00eb prove serioze p\u00ebr t\u00eb mos zhg\u00ebnjyer mb\u00ebshtet\u00ebsit e saj, t\u00eb cil\u00ebt k\u00ebrkojn\u00eb nj\u00eb betej\u00eb p\u00ebrfundimtare dhe radikale me qeverin\u00eb e kryeministrit Sali Berisha. P\u00ebr gati nj\u00eb vit mb\u00ebshtet\u00ebsit e saj jan\u00eb ballafaquar me dy q\u00ebndrime politike, me q\u00ebndrimin konstant dhe t\u00eb vendosur t\u00eb Berish\u00ebs p\u00ebr t\u00eb mos p\u00ebrfillur k\u00ebrkesat e tyre dhe p\u00ebr t\u00eb nd\u00ebrtuar nj\u00eb shtet klasor kund\u00ebr \u00e7do faktori opozitar n\u00eb vend dhe nga ana tjet\u00ebr me nj\u00eb politik\u00eb opozitare fleksib\u00ebl, e cila i p\u00ebrshtatet rrethanave dhe k\u00ebshillave nd\u00ebrkomb\u00ebtare duke humbur shpesh qart\u00ebsin\u00eb e saj kund\u00ebr pushtetit. <\/p>\n<p>Kjo gj\u00eb q\u00eb ka b\u00ebr\u00eb q\u00eb nj\u00eb vit pas fushat\u00ebs s\u00eb fundit elektorale, opozita t\u00eb jet\u00eb ende n\u00eb rrug\u00eb duke p\u00ebrs\u00ebritur k\u00ebrkes\u00ebn e saj tashm\u00eb t\u00eb pap\u00ebrfillur, p\u00ebr transparenc\u00ebn e zgjedhjeve, nd\u00ebrsa Berisha t\u00eb vazhdoj\u00eb t\u00eb qeveris\u00eb me arroganc\u00eb dhe me deformim t\u00eb thell\u00eb t\u00eb standardeve demokratike n\u00eb vend. Tashm\u00eb besimi i qytetar\u00ebve shqiptar\u00eb te transparenca e zgjedhjeve, jo vet\u00ebm q\u00eb ka r\u00ebn\u00eb, por \u00ebsht\u00eb b\u00ebr\u00eb dhe nj\u00eb \u00e7\u00ebshtje e padobishme n\u00eb raport me keqqeverisjen dhe pap\u00ebrgjegj\u00ebsin\u00eb, me t\u00eb cil\u00ebn qeveria po zhyt vendin n\u00eb kriz\u00eb ekonomike dhe humbje t\u00eb lirive njer\u00ebzore. <\/p>\n<p>Arsyet p\u00ebr t\u2019u p\u00ebrleshur me pushtetin sot jan\u00eb shum\u00eb m\u00eb t\u00eb m\u00ebdha se arsyet p\u00ebr t\u00eb verifikuar m\u00ebnyr\u00ebn se si pushteti ka arritur t\u00eb mos rr\u00ebzohet nga zgjedhjet. Arsyet p\u00ebr t\u2019u p\u00ebrleshur p\u00ebr shtetin klasor t\u00eb Sali Berish\u00ebs, p\u00ebr arroganc\u00ebn e qeverisjes, p\u00ebr rikthimin e figurave t\u00eb periudh\u00ebs m\u00eb t\u00eb err\u00ebt t\u00eb pluralizmit n\u00eb Shqip\u00ebri, p\u00ebr zhytjen e vendit n\u00eb kriz\u00eb ekonomike dhe l\u00ebnien e qytetar\u00ebve n\u00eb m\u00ebshir\u00eb t\u00eb faturave t\u00eb \u00e7mendura t\u00eb dritave, ujit dhe ushqimeve, jan\u00eb sot arsye themelore q\u00eb kan\u00eb rritur pritshm\u00ebrin\u00eb e qytetar\u00ebve p\u00ebr nj\u00eb protest\u00eb masive dhe maraton\u00eb. Opozita gjendet k\u00ebshtu p\u00ebr her\u00eb t\u00eb par\u00eb para nj\u00eb zgjedhje t\u00eb v\u00ebshtira. <\/p>\n<p>Ajo duhet t\u00eb zgjedh\u00eb mes taktikave t\u00eb saj dhe strategjis\u00eb p\u00ebr t\u00eb mposhtur arroganc\u00ebn e pushtetit. N\u00ebse do t\u00eb vazhdoj\u00eb t\u00eb taktizoj\u00eb duke u kompleksuar nga akuzat e qeveris\u00eb p\u00ebr radikaliz\u00ebm dhe dhun\u00eb, ajo jo vet\u00ebm q\u00eb do t\u00eb d\u00ebshtoj\u00eb n\u00eb k\u00ebt\u00eb protest\u00eb, por do ta ket\u00eb shum\u00eb m\u00eb t\u00eb v\u00ebshtir\u00eb p\u00ebr t\u2019i rinxjerr\u00eb njer\u00ebzit s\u00ebrish n\u00eb rrug\u00eb kund\u00ebr qeveris\u00eb. Beteja me pushtetin ka nevoj\u00eb p\u00ebr qart\u00ebsi dhe moral. Kur njer\u00ebzit vendosin t\u00eb dalin n\u00eb rrug\u00eb, duhet ta ndjejn\u00eb at\u00eb si detyrim t\u00eb tyre, si problem t\u00eb tyre dhe jo si problem t\u00eb lidershipit t\u00eb opozit\u00ebs. P\u00ebr k\u00ebt\u00eb arsye me protest\u00ebn nuk mund t\u00eb luhet si me rrogat apo dietat e deputeteve. <\/p>\n<p>Ajo ose do t\u00eb b\u00ebhet pjes\u00eb natyrale e protest\u00ebs s\u00eb shoq\u00ebris\u00eb, ose do t\u00eb d\u00ebshtoj\u00eb n\u00ebse b\u00ebhet pjes\u00eb e taktikave t\u00eb lidershipit t\u00eb opozit\u00ebs. Arsyet p\u00ebr t\u00eb protestuar sot jan\u00eb shum\u00eb m\u00eb t\u00eb m\u00ebdha se ato q\u00eb kan\u00eb ekzistuar m\u00eb 20 N\u00ebntor t\u00eb vitit t\u00eb kaluar dhe arsyet p\u00ebr t\u00eb mos ndalur protesta, \u00ebsht\u00eb shum\u00eb e fort se n\u00eb \u00e7do periudh\u00eb t\u00eb qeverisjes s\u00eb Sali Berish\u00ebs. N\u00eb Shqip\u00ebri demokracia nuk ka qen\u00eb kurr\u00eb kaq e bllokuar pas vitit 1997 dhe shteti nuk ka qen\u00eb kurr\u00eb kaq shum\u00eb i shtr\u00ebnguar n\u00eb dar\u00ebt e pushtetit personal. <\/p>\n<p>Drejt\u00ebsia nuk ka qen\u00eb kurr\u00eb kaq e pafuqishme ndaj krimeve n\u00eb flagranc\u00eb t\u00eb pushtetit dhe qytetar\u00ebt nuk kan\u00eb qen\u00eb kurr\u00eb m\u00eb t\u00eb pasigurt p\u00ebr t\u00eb ardhmen e tyre se sa sot. P\u00ebr t\u00eb gjitha k\u00ebto arsye, sot nuk \u00ebsht\u00eb opozita politike ajo q\u00eb p\u00ebrfaq\u00ebson qytetar\u00ebt q\u00eb duan t\u00eb protestojn\u00eb, por jan\u00eb qytetar\u00ebt ata q\u00eb formojn\u00eb opozit\u00ebn reale q\u00eb k\u00ebrkon t\u00eb p\u00ebrleshet me pushtetin dhe ta fitoj\u00eb betej\u00ebn me t\u00eb.<\/p>\n","protected":false},"excerpt":{"rendered":"<p>Nga Mero Baze, &#8220;Faktori Plus&#8221; Opozita shqiptare do t\u00eb jet\u00eb prej nes\u00ebr para nj\u00eb prove serioze p\u00ebr t\u00eb mos zhg\u00ebnjyer mb\u00ebshtet\u00ebsit e saj, t\u00eb cil\u00ebt k\u00ebrkojn\u00eb nj\u00eb betej\u00eb p\u00ebrfundimtare dhe radikale me qeverin\u00eb e kryeministrit Sali Berisha. P\u00ebr gati nj\u00eb vit mb\u00ebshtet\u00ebsit e saj jan\u00eb ballafaquar me dy q\u00ebndrime politike, me q\u00ebndrimin konstant dhe t\u00eb [&hellip;]<\/p>\n","protected":false},"author":1,"featured_media":0,"comment_status":"open","ping_status":"closed","sticky":false,"template":"","format":"standard","meta":{"footnotes":""},"categories":[2],"tags":[],"class_list":{"0":"post-2415","1":"post","2":"type-post","3":"status-publish","4":"format-standard","6":"category-artikuj"},"yoast_head":"<!-- This site is optimized with the Yoast SEO plugin v27.4 - https:\/\/yoast.com\/product\/yoast-seo-wordpress\/ -->\n<title>Arsyet pse opozita duhet t\u00eb p\u00ebrleshet me pushtetin! - FjALA e LIR\u00cb - Arkivi<\/title>\n<meta name=\"robots\" content=\"index, follow, max-snippet:-1, max-image-preview:large, max-video-preview:-1\" \/>\n<link rel=\"canonical\" href=\"https:\/\/fjala.info\/2009-2015\/arsyet-pse-opozita-duhet-te-perleshet-me-pushtetin\/\" \/>\n<meta property=\"og:locale\" content=\"sq_AL\" \/>\n<meta property=\"og:type\" content=\"article\" \/>\n<meta property=\"og:title\" content=\"Arsyet pse opozita duhet t\u00eb p\u00ebrleshet me pushtetin! - FjALA e LIR\u00cb - Arkivi\" \/>\n<meta property=\"og:description\" content=\"Nga Mero Baze, &#8220;Faktori Plus&#8221; Opozita shqiptare do t\u00eb jet\u00eb prej nes\u00ebr para nj\u00eb prove serioze p\u00ebr t\u00eb mos zhg\u00ebnjyer mb\u00ebshtet\u00ebsit e saj, t\u00eb cil\u00ebt k\u00ebrkojn\u00eb nj\u00eb betej\u00eb p\u00ebrfundimtare dhe radikale me qeverin\u00eb e kryeministrit Sali Berisha. P\u00ebr gati nj\u00eb vit mb\u00ebshtet\u00ebsit e saj jan\u00eb ballafaquar me dy q\u00ebndrime politike, me q\u00ebndrimin konstant dhe t\u00eb [&hellip;]\" \/>\n<meta property=\"og:url\" content=\"https:\/\/fjala.info\/2009-2015\/arsyet-pse-opozita-duhet-te-perleshet-me-pushtetin\/\" \/>\n<meta property=\"og:site_name\" content=\"FjALA e LIR\u00cb - Arkivi\" \/>\n<meta property=\"article:published_time\" content=\"2010-04-29T21:38:15+00:00\" \/>\n<meta property=\"og:image\" content=\"http:\/\/www.shkoder.net\/images\/fjala\/mero_baze1.jpg\" \/>\n<meta name=\"author\" content=\"admin\" \/>\n<meta name=\"twitter:card\" content=\"summary_large_image\" \/>\n<meta name=\"twitter:label1\" content=\"Written by\" \/>\n\t<meta name=\"twitter:data1\" content=\"admin\" \/>\n\t<meta name=\"twitter:label2\" content=\"Est. reading time\" \/>\n\t<meta name=\"twitter:data2\" content=\"3 minutes\" \/>\n<script type=\"application\/ld+json\" class=\"yoast-schema-graph\">{\"@context\":\"https:\\\/\\\/schema.org\",\"@graph\":[{\"@type\":\"Article\",\"@id\":\"https:\\\/\\\/fjala.info\\\/2009-2015\\\/arsyet-pse-opozita-duhet-te-perleshet-me-pushtetin\\\/#article\",\"isPartOf\":{\"@id\":\"https:\\\/\\\/fjala.info\\\/2009-2015\\\/arsyet-pse-opozita-duhet-te-perleshet-me-pushtetin\\\/\"},\"author\":{\"name\":\"admin\",\"@id\":\"https:\\\/\\\/fjala.info\\\/2009-2015\\\/#\\\/schema\\\/person\\\/3aa1163ef05469c496fc94e77611ada2\"},\"headline\":\"Arsyet pse opozita duhet t\u00eb p\u00ebrleshet me pushtetin!\",\"datePublished\":\"2010-04-29T21:38:15+00:00\",\"mainEntityOfPage\":{\"@id\":\"https:\\\/\\\/fjala.info\\\/2009-2015\\\/arsyet-pse-opozita-duhet-te-perleshet-me-pushtetin\\\/\"},\"wordCount\":706,\"commentCount\":0,\"publisher\":{\"@id\":\"https:\\\/\\\/fjala.info\\\/2009-2015\\\/#organization\"},\"image\":{\"@id\":\"https:\\\/\\\/fjala.info\\\/2009-2015\\\/arsyet-pse-opozita-duhet-te-perleshet-me-pushtetin\\\/#primaryimage\"},\"thumbnailUrl\":\"http:\\\/\\\/www.shkoder.net\\\/images\\\/fjala\\\/mero_baze1.jpg\",\"articleSection\":[\"Artikuj\"],\"inLanguage\":\"sq-AL\",\"potentialAction\":[{\"@type\":\"CommentAction\",\"name\":\"Comment\",\"target\":[\"https:\\\/\\\/fjala.info\\\/2009-2015\\\/arsyet-pse-opozita-duhet-te-perleshet-me-pushtetin\\\/#respond\"]}]},{\"@type\":\"WebPage\",\"@id\":\"https:\\\/\\\/fjala.info\\\/2009-2015\\\/arsyet-pse-opozita-duhet-te-perleshet-me-pushtetin\\\/\",\"url\":\"https:\\\/\\\/fjala.info\\\/2009-2015\\\/arsyet-pse-opozita-duhet-te-perleshet-me-pushtetin\\\/\",\"name\":\"Arsyet pse opozita duhet t\u00eb p\u00ebrleshet me pushtetin! - FjALA e LIR\u00cb - Arkivi\",\"isPartOf\":{\"@id\":\"https:\\\/\\\/fjala.info\\\/2009-2015\\\/#website\"},\"primaryImageOfPage\":{\"@id\":\"https:\\\/\\\/fjala.info\\\/2009-2015\\\/arsyet-pse-opozita-duhet-te-perleshet-me-pushtetin\\\/#primaryimage\"},\"image\":{\"@id\":\"https:\\\/\\\/fjala.info\\\/2009-2015\\\/arsyet-pse-opozita-duhet-te-perleshet-me-pushtetin\\\/#primaryimage\"},\"thumbnailUrl\":\"http:\\\/\\\/www.shkoder.net\\\/images\\\/fjala\\\/mero_baze1.jpg\",\"datePublished\":\"2010-04-29T21:38:15+00:00\",\"breadcrumb\":{\"@id\":\"https:\\\/\\\/fjala.info\\\/2009-2015\\\/arsyet-pse-opozita-duhet-te-perleshet-me-pushtetin\\\/#breadcrumb\"},\"inLanguage\":\"sq-AL\",\"potentialAction\":[{\"@type\":\"ReadAction\",\"target\":[\"https:\\\/\\\/fjala.info\\\/2009-2015\\\/arsyet-pse-opozita-duhet-te-perleshet-me-pushtetin\\\/\"]}]},{\"@type\":\"ImageObject\",\"inLanguage\":\"sq-AL\",\"@id\":\"https:\\\/\\\/fjala.info\\\/2009-2015\\\/arsyet-pse-opozita-duhet-te-perleshet-me-pushtetin\\\/#primaryimage\",\"url\":\"http:\\\/\\\/www.shkoder.net\\\/images\\\/fjala\\\/mero_baze1.jpg\",\"contentUrl\":\"http:\\\/\\\/www.shkoder.net\\\/images\\\/fjala\\\/mero_baze1.jpg\"},{\"@type\":\"BreadcrumbList\",\"@id\":\"https:\\\/\\\/fjala.info\\\/2009-2015\\\/arsyet-pse-opozita-duhet-te-perleshet-me-pushtetin\\\/#breadcrumb\",\"itemListElement\":[{\"@type\":\"ListItem\",\"position\":1,\"name\":\"Home\",\"item\":\"https:\\\/\\\/fjala.info\\\/2009-2015\\\/\"},{\"@type\":\"ListItem\",\"position\":2,\"name\":\"Arsyet pse opozita duhet t\u00eb p\u00ebrleshet me pushtetin!\"}]},{\"@type\":\"WebSite\",\"@id\":\"https:\\\/\\\/fjala.info\\\/2009-2015\\\/#website\",\"url\":\"https:\\\/\\\/fjala.info\\\/2009-2015\\\/\",\"name\":\"FjALA e LIR\u00cb - Arkivi\",\"description\":\"Arkivi 2009-2015\",\"publisher\":{\"@id\":\"https:\\\/\\\/fjala.info\\\/2009-2015\\\/#organization\"},\"potentialAction\":[{\"@type\":\"SearchAction\",\"target\":{\"@type\":\"EntryPoint\",\"urlTemplate\":\"https:\\\/\\\/fjala.info\\\/2009-2015\\\/?s={search_term_string}\"},\"query-input\":{\"@type\":\"PropertyValueSpecification\",\"valueRequired\":true,\"valueName\":\"search_term_string\"}}],\"inLanguage\":\"sq-AL\"},{\"@type\":\"Organization\",\"@id\":\"https:\\\/\\\/fjala.info\\\/2009-2015\\\/#organization\",\"name\":\"FjALA e LIR\u00cb - Arkivi\",\"url\":\"https:\\\/\\\/fjala.info\\\/2009-2015\\\/\",\"logo\":{\"@type\":\"ImageObject\",\"inLanguage\":\"sq-AL\",\"@id\":\"https:\\\/\\\/fjala.info\\\/2009-2015\\\/#\\\/schema\\\/logo\\\/image\\\/\",\"url\":\"\",\"contentUrl\":\"\",\"caption\":\"FjALA e LIR\u00cb - Arkivi\"},\"image\":{\"@id\":\"https:\\\/\\\/fjala.info\\\/2009-2015\\\/#\\\/schema\\\/logo\\\/image\\\/\"}},{\"@type\":\"Person\",\"@id\":\"https:\\\/\\\/fjala.info\\\/2009-2015\\\/#\\\/schema\\\/person\\\/3aa1163ef05469c496fc94e77611ada2\",\"name\":\"admin\",\"image\":{\"@type\":\"ImageObject\",\"inLanguage\":\"sq-AL\",\"@id\":\"https:\\\/\\\/fjala.info\\\/2009-2015\\\/wp-content\\\/uploads\\\/2012\\\/02\\\/arben_cokaj-120x150.jpg\",\"url\":\"https:\\\/\\\/fjala.info\\\/2009-2015\\\/wp-content\\\/uploads\\\/2012\\\/02\\\/arben_cokaj-120x150.jpg\",\"contentUrl\":\"https:\\\/\\\/fjala.info\\\/2009-2015\\\/wp-content\\\/uploads\\\/2012\\\/02\\\/arben_cokaj-120x150.jpg\",\"caption\":\"admin\"},\"description\":\"Admin, Fjala e Lir\u00eb\",\"sameAs\":[\"https:\\\/\\\/fjala.info\\\/\"],\"url\":\"https:\\\/\\\/fjala.info\\\/2009-2015\\\/author\\\/admin\\\/\"}]}<\/script>\n<!-- \/ Yoast SEO plugin. -->","yoast_head_json":{"title":"Arsyet pse opozita duhet t\u00eb p\u00ebrleshet me pushtetin! - FjALA e LIR\u00cb - Arkivi","robots":{"index":"index","follow":"follow","max-snippet":"max-snippet:-1","max-image-preview":"max-image-preview:large","max-video-preview":"max-video-preview:-1"},"canonical":"https:\/\/fjala.info\/2009-2015\/arsyet-pse-opozita-duhet-te-perleshet-me-pushtetin\/","og_locale":"sq_AL","og_type":"article","og_title":"Arsyet pse opozita duhet t\u00eb p\u00ebrleshet me pushtetin! - FjALA e LIR\u00cb - Arkivi","og_description":"Nga Mero Baze, &#8220;Faktori Plus&#8221; Opozita shqiptare do t\u00eb jet\u00eb prej nes\u00ebr para nj\u00eb prove serioze p\u00ebr t\u00eb mos zhg\u00ebnjyer mb\u00ebshtet\u00ebsit e saj, t\u00eb cil\u00ebt k\u00ebrkojn\u00eb nj\u00eb betej\u00eb p\u00ebrfundimtare dhe radikale me qeverin\u00eb e kryeministrit Sali Berisha. P\u00ebr gati nj\u00eb vit mb\u00ebshtet\u00ebsit e saj jan\u00eb ballafaquar me dy q\u00ebndrime politike, me q\u00ebndrimin konstant dhe t\u00eb [&hellip;]","og_url":"https:\/\/fjala.info\/2009-2015\/arsyet-pse-opozita-duhet-te-perleshet-me-pushtetin\/","og_site_name":"FjALA e LIR\u00cb - Arkivi","article_published_time":"2010-04-29T21:38:15+00:00","og_image":[{"url":"http:\/\/www.shkoder.net\/images\/fjala\/mero_baze1.jpg","type":"","width":"","height":""}],"author":"admin","twitter_card":"summary_large_image","twitter_misc":{"Written by":"admin","Est. reading time":"3 minutes"},"schema":{"@context":"https:\/\/schema.org","@graph":[{"@type":"Article","@id":"https:\/\/fjala.info\/2009-2015\/arsyet-pse-opozita-duhet-te-perleshet-me-pushtetin\/#article","isPartOf":{"@id":"https:\/\/fjala.info\/2009-2015\/arsyet-pse-opozita-duhet-te-perleshet-me-pushtetin\/"},"author":{"name":"admin","@id":"https:\/\/fjala.info\/2009-2015\/#\/schema\/person\/3aa1163ef05469c496fc94e77611ada2"},"headline":"Arsyet pse opozita duhet t\u00eb p\u00ebrleshet me pushtetin!","datePublished":"2010-04-29T21:38:15+00:00","mainEntityOfPage":{"@id":"https:\/\/fjala.info\/2009-2015\/arsyet-pse-opozita-duhet-te-perleshet-me-pushtetin\/"},"wordCount":706,"commentCount":0,"publisher":{"@id":"https:\/\/fjala.info\/2009-2015\/#organization"},"image":{"@id":"https:\/\/fjala.info\/2009-2015\/arsyet-pse-opozita-duhet-te-perleshet-me-pushtetin\/#primaryimage"},"thumbnailUrl":"http:\/\/www.shkoder.net\/images\/fjala\/mero_baze1.jpg","articleSection":["Artikuj"],"inLanguage":"sq-AL","potentialAction":[{"@type":"CommentAction","name":"Comment","target":["https:\/\/fjala.info\/2009-2015\/arsyet-pse-opozita-duhet-te-perleshet-me-pushtetin\/#respond"]}]},{"@type":"WebPage","@id":"https:\/\/fjala.info\/2009-2015\/arsyet-pse-opozita-duhet-te-perleshet-me-pushtetin\/","url":"https:\/\/fjala.info\/2009-2015\/arsyet-pse-opozita-duhet-te-perleshet-me-pushtetin\/","name":"Arsyet pse opozita duhet t\u00eb p\u00ebrleshet me pushtetin! - FjALA e LIR\u00cb - Arkivi","isPartOf":{"@id":"https:\/\/fjala.info\/2009-2015\/#website"},"primaryImageOfPage":{"@id":"https:\/\/fjala.info\/2009-2015\/arsyet-pse-opozita-duhet-te-perleshet-me-pushtetin\/#primaryimage"},"image":{"@id":"https:\/\/fjala.info\/2009-2015\/arsyet-pse-opozita-duhet-te-perleshet-me-pushtetin\/#primaryimage"},"thumbnailUrl":"http:\/\/www.shkoder.net\/images\/fjala\/mero_baze1.jpg","datePublished":"2010-04-29T21:38:15+00:00","breadcrumb":{"@id":"https:\/\/fjala.info\/2009-2015\/arsyet-pse-opozita-duhet-te-perleshet-me-pushtetin\/#breadcrumb"},"inLanguage":"sq-AL","potentialAction":[{"@type":"ReadAction","target":["https:\/\/fjala.info\/2009-2015\/arsyet-pse-opozita-duhet-te-perleshet-me-pushtetin\/"]}]},{"@type":"ImageObject","inLanguage":"sq-AL","@id":"https:\/\/fjala.info\/2009-2015\/arsyet-pse-opozita-duhet-te-perleshet-me-pushtetin\/#primaryimage","url":"http:\/\/www.shkoder.net\/images\/fjala\/mero_baze1.jpg","contentUrl":"http:\/\/www.shkoder.net\/images\/fjala\/mero_baze1.jpg"},{"@type":"BreadcrumbList","@id":"https:\/\/fjala.info\/2009-2015\/arsyet-pse-opozita-duhet-te-perleshet-me-pushtetin\/#breadcrumb","itemListElement":[{"@type":"ListItem","position":1,"name":"Home","item":"https:\/\/fjala.info\/2009-2015\/"},{"@type":"ListItem","position":2,"name":"Arsyet pse opozita duhet t\u00eb p\u00ebrleshet me pushtetin!"}]},{"@type":"WebSite","@id":"https:\/\/fjala.info\/2009-2015\/#website","url":"https:\/\/fjala.info\/2009-2015\/","name":"FjALA e LIR\u00cb - Arkivi","description":"Arkivi 2009-2015","publisher":{"@id":"https:\/\/fjala.info\/2009-2015\/#organization"},"potentialAction":[{"@type":"SearchAction","target":{"@type":"EntryPoint","urlTemplate":"https:\/\/fjala.info\/2009-2015\/?s={search_term_string}"},"query-input":{"@type":"PropertyValueSpecification","valueRequired":true,"valueName":"search_term_string"}}],"inLanguage":"sq-AL"},{"@type":"Organization","@id":"https:\/\/fjala.info\/2009-2015\/#organization","name":"FjALA e LIR\u00cb - Arkivi","url":"https:\/\/fjala.info\/2009-2015\/","logo":{"@type":"ImageObject","inLanguage":"sq-AL","@id":"https:\/\/fjala.info\/2009-2015\/#\/schema\/logo\/image\/","url":"","contentUrl":"","caption":"FjALA e LIR\u00cb - Arkivi"},"image":{"@id":"https:\/\/fjala.info\/2009-2015\/#\/schema\/logo\/image\/"}},{"@type":"Person","@id":"https:\/\/fjala.info\/2009-2015\/#\/schema\/person\/3aa1163ef05469c496fc94e77611ada2","name":"admin","image":{"@type":"ImageObject","inLanguage":"sq-AL","@id":"https:\/\/fjala.info\/2009-2015\/wp-content\/uploads\/2012\/02\/arben_cokaj-120x150.jpg","url":"https:\/\/fjala.info\/2009-2015\/wp-content\/uploads\/2012\/02\/arben_cokaj-120x150.jpg","contentUrl":"https:\/\/fjala.info\/2009-2015\/wp-content\/uploads\/2012\/02\/arben_cokaj-120x150.jpg","caption":"admin"},"description":"Admin, Fjala e Lir\u00eb","sameAs":["https:\/\/fjala.info\/"],"url":"https:\/\/fjala.info\/2009-2015\/author\/admin\/"}]}},"_links":{"self":[{"href":"https:\/\/fjala.info\/2009-2015\/wp-json\/wp\/v2\/posts\/2415","targetHints":{"allow":["GET"]}}],"collection":[{"href":"https:\/\/fjala.info\/2009-2015\/wp-json\/wp\/v2\/posts"}],"about":[{"href":"https:\/\/fjala.info\/2009-2015\/wp-json\/wp\/v2\/types\/post"}],"author":[{"embeddable":true,"href":"https:\/\/fjala.info\/2009-2015\/wp-json\/wp\/v2\/users\/1"}],"replies":[{"embeddable":true,"href":"https:\/\/fjala.info\/2009-2015\/wp-json\/wp\/v2\/comments?post=2415"}],"version-history":[{"count":0,"href":"https:\/\/fjala.info\/2009-2015\/wp-json\/wp\/v2\/posts\/2415\/revisions"}],"wp:attachment":[{"href":"https:\/\/fjala.info\/2009-2015\/wp-json\/wp\/v2\/media?parent=2415"}],"wp:term":[{"taxonomy":"category","embeddable":true,"href":"https:\/\/fjala.info\/2009-2015\/wp-json\/wp\/v2\/categories?post=2415"},{"taxonomy":"post_tag","embeddable":true,"href":"https:\/\/fjala.info\/2009-2015\/wp-json\/wp\/v2\/tags?post=2415"}],"curies":[{"name":"wp","href":"https:\/\/api.w.org\/{rel}","templated":true}]}}