{"id":2414,"date":"2012-04-07T08:43:09","date_gmt":"2012-04-07T07:43:09","guid":{"rendered":"http:\/\/fjala.shkoder.net\/?p=2414"},"modified":"2012-04-07T08:43:09","modified_gmt":"2012-04-07T07:43:09","slug":"feja-e-shqiptarit-eshte-politika","status":"publish","type":"post","link":"https:\/\/fjala.info\/2009-2015\/feja-e-shqiptarit-eshte-politika\/","title":{"rendered":"Feja e shqiptarit \u00ebsht\u00eb politika"},"content":{"rendered":"<p><strong>Sandra Agaj<\/strong><\/p>\n<p>Viti 2012 \u00ebsht\u00eb shpallur \u201cViti i Pavar\u00ebsis\u00eb\u201d. Dhe me t\u00eb drejt\u00eb 100 vjetori i pavar\u00ebsis\u00eb p\u00ebrve\u00e7se krijon nj\u00eb atmosfer\u00eb festive, dashur pa dashur t\u00eb ushqen sadopak at\u00eb ndjenj\u00ebn e patriotizmit. Ndjenj\u00eb kjo q\u00eb p\u00ebr hir t\u00eb s\u00eb v\u00ebrtet\u00ebs ka koh\u00eb q\u00eb n\u00eb shoq\u00ebrin\u00eb e sotme \u00ebsht\u00eb krijuar nj\u00eb hendek midis t\u00eb qenit idealist, patriot dhe prirjes p\u00ebr t\u00eb qen\u00eb individualist. Sot, t\u00eb jesh patriot nuk do t\u00eb thot\u00eb m\u00eb shpres\u00eb, si nj\u00eb her\u00eb e nj\u00eb koh\u00eb, por p\u00ebrkundrazi nj\u00eb individ i pashpres\u00eb q\u00eb i duhet t\u00eb l\u00ebr\u00eb m\u00ebnjan\u00eb idealet dhe natyrsh\u00ebm t\u00eb bjer\u00eb n\u00eb humner\u00ebn e thell\u00eb t\u00eb politik\u00ebs.<\/p>\n<p>Se \u00e7far\u00eb mund t\u00eb thuhet p\u00ebr politik\u00ebn n\u00eb Shqip\u00ebri mjafton t\u00eb kalosh n\u00eb rrug\u00eb, t\u00eb ulesh p\u00ebr nj\u00eb kafe apo t\u00eb shkosh n\u00eb pun\u00eb dhe patjet\u00ebr do t\u00eb ndeshesh me debate t\u00eb tilla t\u00eb cilat nisin si biseda t\u00eb rastit dhe n\u00eb fund p\u00ebrfundojn\u00eb n\u00eb konflikte sa qesharake aq edhe keqardh\u00ebse. T\u00eb tilla reagime ndon\u00ebse n\u00eb pamje t\u00eb par\u00eb si nj\u00eb dhunim i figur\u00ebs s\u00eb \u201ckulluar\u201d t\u00eb politikan\u00ebve, jan\u00eb nj\u00eb lloj revolte e brendshme q\u00eb duket sikur merr jet\u00eb kur bashkohet me nj\u00eb tjet\u00ebr z\u00eb t\u00eb pafuqish\u00ebm, si\u00e7 jan\u00eb z\u00ebrat e mbytur t\u00eb qytetar\u00ebve.<\/p>\n<p>\u00c7far\u00eb mund t\u00eb b\u00ebjn\u00eb k\u00ebta qytetar\u00eb, k\u00ebta turma t\u00eb sfilitura t\u00eb cil\u00ebt k\u00ebrkojn\u00eb t\u00eb ardhmen n\u00eb nj\u00eb vend t\u00eb vdekur e t\u00eb tjet\u00ebrsuar n\u00eb nj\u00eb kufom\u00eb t\u00eb kalbur dhe t\u00eb mbuluar mes pluhurit t\u00eb korrupsionit, t\u00eb varf\u00ebris\u00eb dhe drejt\u00ebsis\u00eb s\u00eb mohuar? Kur Tuholsky ka th\u00ebn\u00eb \u201cPolitika \u00ebsht\u00eb nj\u00eb zanat si gjith\u00eb t\u00eb tjer\u00ebt\u201d me siguri nuk ka n\u00ebnkuptuar politik\u00ebn n\u00eb kuptimin e mir\u00ebfillt\u00eb t\u00eb saj dhe at\u00eb \u00e7far\u00eb ajo p\u00ebrfaq\u00ebson. Me siguri nuk ka n\u00ebnkuptuar politik\u00ebn shqiptare q\u00eb n\u00eb themelet e saj bazohet n\u00eb qeverisjen me an\u00eb t\u00eb popullit n\u00eb interes t\u00eb politikan\u00ebve.<\/p>\n<p>Jam e bindur se nuk ka dashur t\u00eb jap\u00eb shembullin e nj\u00eb shteti q\u00eb funksionon si nj\u00eb monopol n\u00eb duart e biznesmen\u00ebve t\u00eb cil\u00ebt nuk din\u00eb gj\u00eb tjet\u00ebr p\u00ebrve\u00e7se t\u00eb vjedhin, t\u00eb shp\u00ebrdorojn\u00eb, t\u00eb varf\u00ebrojn\u00eb ata t\u00eb mjer\u00eb q\u00eb edhe pse t\u00eb uritur, t\u00eb zhg\u00ebnjyer, t\u00eb posht\u00ebruar mor\u00ebn guximin p\u00ebrs\u00ebri t\u00eb besojn\u00eb se mund t\u00eb ket\u00eb drit\u00eb n\u00eb fund t\u00eb tunelit, se vota e tyre mund t\u00eb ndryshoj\u00eb k\u00ebt\u00eb gjendje t\u00eb padurueshme dhe mund t\u00eb siguroj\u00eb nj\u00eb cop\u00eb buke sa nat\u00ebn t\u00eb mos flen\u00eb me barkun bosh.<\/p>\n<p>Ende besojn\u00eb se larg \u00e7do konflikti, larg \u00e7do urrejtje midis partive politike kan\u00eb ende nj\u00eb mund\u00ebsi p\u00ebr t\u00eb qen\u00eb t\u00eb barabart\u00eb mes t\u00eb barabart\u00ebve. \u00cbsht\u00eb 100-vjetori i pavar\u00ebsis\u00eb dhe p\u00ebrs\u00ebri t\u00eb duket si nj\u00eb iluzion dhe tep\u00ebr larg asaj q\u00eb mund t\u00eb quhet nj\u00eb vend demokratik, ku ekziston harmonia midis njer\u00ebzve dhe partive politike. Mjafton t\u00eb kthehesh qindra vjet mbrapa p\u00ebr t\u00eb kuptuar se si jan\u00eb dashur qindra vjet luf\u00ebtra p\u00ebr tu krijuar nj\u00eb shtet t\u00eb konsoliduar.<\/p>\n<p>Mund t\u00eb vazhdojm\u00eb gjat\u00eb k\u00ebtij rrug\u00ebtimi e t\u00eb shkruajm\u00eb mij\u00ebra fjal\u00eb e l\u00ebvdata pa fund dhe me nj\u00eb ndjenj\u00eb sublime p\u00ebr t\u00eb gjith\u00eb ata patriot\u00eb, heronj t\u00eb cil\u00ebt gjith\u00eb jet\u00ebn e tyre ia dedikuan dhe punuan me q\u00ebllimin e vet\u00ebm q\u00eb Shqip\u00ebria t\u00eb ishte e lir\u00eb dhe e begat\u00eb. Por ajo \u00e7far\u00eb na mbetet t\u00eb b\u00ebjm\u00eb \u00ebsht\u00eb t\u00eb shpresojm\u00eb se do te vij\u00eb dita kur feja e shqiptarit t\u00eb jet\u00eb me t\u00eb v\u00ebrtet\u00eb shqiptaria dhe se Shqip\u00ebria do jet\u00eb e t\u00eb gjith\u00eb shqiptar\u00ebve dhe jo interesave fisnore t\u00eb politikan\u00ebve.<\/p>\n","protected":false},"excerpt":{"rendered":"<p>Sandra Agaj Viti 2012 \u00ebsht\u00eb shpallur \u201cViti i Pavar\u00ebsis\u00eb\u201d. Dhe me t\u00eb drejt\u00eb 100 vjetori i pavar\u00ebsis\u00eb p\u00ebrve\u00e7se krijon nj\u00eb atmosfer\u00eb festive, dashur pa dashur t\u00eb ushqen sadopak at\u00eb ndjenj\u00ebn e patriotizmit. Ndjenj\u00eb kjo q\u00eb p\u00ebr hir t\u00eb s\u00eb v\u00ebrtet\u00ebs ka koh\u00eb q\u00eb n\u00eb shoq\u00ebrin\u00eb e sotme \u00ebsht\u00eb krijuar nj\u00eb hendek midis t\u00eb qenit idealist, [&hellip;]<\/p>\n","protected":false},"author":1,"featured_media":0,"comment_status":"open","ping_status":"closed","sticky":false,"template":"","format":"standard","meta":{"footnotes":""},"categories":[2],"tags":[],"class_list":{"0":"post-2414","1":"post","2":"type-post","3":"status-publish","4":"format-standard","6":"category-artikuj"},"yoast_head":"<!-- This site is optimized with the Yoast SEO plugin v27.4 - https:\/\/yoast.com\/product\/yoast-seo-wordpress\/ -->\n<title>Feja e shqiptarit \u00ebsht\u00eb politika - FjALA e LIR\u00cb - Arkivi<\/title>\n<meta name=\"robots\" content=\"index, follow, max-snippet:-1, max-image-preview:large, max-video-preview:-1\" \/>\n<link rel=\"canonical\" href=\"https:\/\/fjala.info\/2009-2015\/feja-e-shqiptarit-eshte-politika\/\" \/>\n<meta property=\"og:locale\" content=\"sq_AL\" \/>\n<meta property=\"og:type\" content=\"article\" \/>\n<meta property=\"og:title\" content=\"Feja e shqiptarit \u00ebsht\u00eb politika - FjALA e LIR\u00cb - Arkivi\" \/>\n<meta property=\"og:description\" content=\"Sandra Agaj Viti 2012 \u00ebsht\u00eb shpallur \u201cViti i Pavar\u00ebsis\u00eb\u201d. Dhe me t\u00eb drejt\u00eb 100 vjetori i pavar\u00ebsis\u00eb p\u00ebrve\u00e7se krijon nj\u00eb atmosfer\u00eb festive, dashur pa dashur t\u00eb ushqen sadopak at\u00eb ndjenj\u00ebn e patriotizmit. Ndjenj\u00eb kjo q\u00eb p\u00ebr hir t\u00eb s\u00eb v\u00ebrtet\u00ebs ka koh\u00eb q\u00eb n\u00eb shoq\u00ebrin\u00eb e sotme \u00ebsht\u00eb krijuar nj\u00eb hendek midis t\u00eb qenit idealist, [&hellip;]\" \/>\n<meta property=\"og:url\" content=\"https:\/\/fjala.info\/2009-2015\/feja-e-shqiptarit-eshte-politika\/\" \/>\n<meta property=\"og:site_name\" content=\"FjALA e LIR\u00cb - Arkivi\" \/>\n<meta property=\"article:published_time\" content=\"2012-04-07T07:43:09+00:00\" \/>\n<meta name=\"author\" content=\"admin\" \/>\n<meta name=\"twitter:card\" content=\"summary_large_image\" \/>\n<meta name=\"twitter:label1\" content=\"Written by\" \/>\n\t<meta name=\"twitter:data1\" content=\"admin\" \/>\n\t<meta name=\"twitter:label2\" content=\"Est. reading time\" \/>\n\t<meta name=\"twitter:data2\" content=\"3 minutes\" \/>\n<script type=\"application\/ld+json\" class=\"yoast-schema-graph\">{\"@context\":\"https:\\\/\\\/schema.org\",\"@graph\":[{\"@type\":\"Article\",\"@id\":\"https:\\\/\\\/fjala.info\\\/2009-2015\\\/feja-e-shqiptarit-eshte-politika\\\/#article\",\"isPartOf\":{\"@id\":\"https:\\\/\\\/fjala.info\\\/2009-2015\\\/feja-e-shqiptarit-eshte-politika\\\/\"},\"author\":{\"name\":\"admin\",\"@id\":\"https:\\\/\\\/fjala.info\\\/2009-2015\\\/#\\\/schema\\\/person\\\/3aa1163ef05469c496fc94e77611ada2\"},\"headline\":\"Feja e shqiptarit \u00ebsht\u00eb politika\",\"datePublished\":\"2012-04-07T07:43:09+00:00\",\"mainEntityOfPage\":{\"@id\":\"https:\\\/\\\/fjala.info\\\/2009-2015\\\/feja-e-shqiptarit-eshte-politika\\\/\"},\"wordCount\":632,\"commentCount\":0,\"publisher\":{\"@id\":\"https:\\\/\\\/fjala.info\\\/2009-2015\\\/#organization\"},\"articleSection\":[\"Artikuj\"],\"inLanguage\":\"sq-AL\",\"potentialAction\":[{\"@type\":\"CommentAction\",\"name\":\"Comment\",\"target\":[\"https:\\\/\\\/fjala.info\\\/2009-2015\\\/feja-e-shqiptarit-eshte-politika\\\/#respond\"]}]},{\"@type\":\"WebPage\",\"@id\":\"https:\\\/\\\/fjala.info\\\/2009-2015\\\/feja-e-shqiptarit-eshte-politika\\\/\",\"url\":\"https:\\\/\\\/fjala.info\\\/2009-2015\\\/feja-e-shqiptarit-eshte-politika\\\/\",\"name\":\"Feja e shqiptarit \u00ebsht\u00eb politika - FjALA e LIR\u00cb - Arkivi\",\"isPartOf\":{\"@id\":\"https:\\\/\\\/fjala.info\\\/2009-2015\\\/#website\"},\"datePublished\":\"2012-04-07T07:43:09+00:00\",\"breadcrumb\":{\"@id\":\"https:\\\/\\\/fjala.info\\\/2009-2015\\\/feja-e-shqiptarit-eshte-politika\\\/#breadcrumb\"},\"inLanguage\":\"sq-AL\",\"potentialAction\":[{\"@type\":\"ReadAction\",\"target\":[\"https:\\\/\\\/fjala.info\\\/2009-2015\\\/feja-e-shqiptarit-eshte-politika\\\/\"]}]},{\"@type\":\"BreadcrumbList\",\"@id\":\"https:\\\/\\\/fjala.info\\\/2009-2015\\\/feja-e-shqiptarit-eshte-politika\\\/#breadcrumb\",\"itemListElement\":[{\"@type\":\"ListItem\",\"position\":1,\"name\":\"Home\",\"item\":\"https:\\\/\\\/fjala.info\\\/2009-2015\\\/\"},{\"@type\":\"ListItem\",\"position\":2,\"name\":\"Feja e shqiptarit \u00ebsht\u00eb politika\"}]},{\"@type\":\"WebSite\",\"@id\":\"https:\\\/\\\/fjala.info\\\/2009-2015\\\/#website\",\"url\":\"https:\\\/\\\/fjala.info\\\/2009-2015\\\/\",\"name\":\"FjALA e LIR\u00cb - Arkivi\",\"description\":\"Arkivi 2009-2015\",\"publisher\":{\"@id\":\"https:\\\/\\\/fjala.info\\\/2009-2015\\\/#organization\"},\"potentialAction\":[{\"@type\":\"SearchAction\",\"target\":{\"@type\":\"EntryPoint\",\"urlTemplate\":\"https:\\\/\\\/fjala.info\\\/2009-2015\\\/?s={search_term_string}\"},\"query-input\":{\"@type\":\"PropertyValueSpecification\",\"valueRequired\":true,\"valueName\":\"search_term_string\"}}],\"inLanguage\":\"sq-AL\"},{\"@type\":\"Organization\",\"@id\":\"https:\\\/\\\/fjala.info\\\/2009-2015\\\/#organization\",\"name\":\"FjALA e LIR\u00cb - Arkivi\",\"url\":\"https:\\\/\\\/fjala.info\\\/2009-2015\\\/\",\"logo\":{\"@type\":\"ImageObject\",\"inLanguage\":\"sq-AL\",\"@id\":\"https:\\\/\\\/fjala.info\\\/2009-2015\\\/#\\\/schema\\\/logo\\\/image\\\/\",\"url\":\"\",\"contentUrl\":\"\",\"caption\":\"FjALA e LIR\u00cb - Arkivi\"},\"image\":{\"@id\":\"https:\\\/\\\/fjala.info\\\/2009-2015\\\/#\\\/schema\\\/logo\\\/image\\\/\"}},{\"@type\":\"Person\",\"@id\":\"https:\\\/\\\/fjala.info\\\/2009-2015\\\/#\\\/schema\\\/person\\\/3aa1163ef05469c496fc94e77611ada2\",\"name\":\"admin\",\"image\":{\"@type\":\"ImageObject\",\"inLanguage\":\"sq-AL\",\"@id\":\"https:\\\/\\\/fjala.info\\\/2009-2015\\\/wp-content\\\/uploads\\\/2012\\\/02\\\/arben_cokaj-120x150.jpg\",\"url\":\"https:\\\/\\\/fjala.info\\\/2009-2015\\\/wp-content\\\/uploads\\\/2012\\\/02\\\/arben_cokaj-120x150.jpg\",\"contentUrl\":\"https:\\\/\\\/fjala.info\\\/2009-2015\\\/wp-content\\\/uploads\\\/2012\\\/02\\\/arben_cokaj-120x150.jpg\",\"caption\":\"admin\"},\"description\":\"Admin, Fjala e Lir\u00eb\",\"sameAs\":[\"https:\\\/\\\/fjala.info\\\/\"],\"url\":\"https:\\\/\\\/fjala.info\\\/2009-2015\\\/author\\\/admin\\\/\"}]}<\/script>\n<!-- \/ Yoast SEO plugin. -->","yoast_head_json":{"title":"Feja e shqiptarit \u00ebsht\u00eb politika - FjALA e LIR\u00cb - Arkivi","robots":{"index":"index","follow":"follow","max-snippet":"max-snippet:-1","max-image-preview":"max-image-preview:large","max-video-preview":"max-video-preview:-1"},"canonical":"https:\/\/fjala.info\/2009-2015\/feja-e-shqiptarit-eshte-politika\/","og_locale":"sq_AL","og_type":"article","og_title":"Feja e shqiptarit \u00ebsht\u00eb politika - FjALA e LIR\u00cb - Arkivi","og_description":"Sandra Agaj Viti 2012 \u00ebsht\u00eb shpallur \u201cViti i Pavar\u00ebsis\u00eb\u201d. Dhe me t\u00eb drejt\u00eb 100 vjetori i pavar\u00ebsis\u00eb p\u00ebrve\u00e7se krijon nj\u00eb atmosfer\u00eb festive, dashur pa dashur t\u00eb ushqen sadopak at\u00eb ndjenj\u00ebn e patriotizmit. Ndjenj\u00eb kjo q\u00eb p\u00ebr hir t\u00eb s\u00eb v\u00ebrtet\u00ebs ka koh\u00eb q\u00eb n\u00eb shoq\u00ebrin\u00eb e sotme \u00ebsht\u00eb krijuar nj\u00eb hendek midis t\u00eb qenit idealist, [&hellip;]","og_url":"https:\/\/fjala.info\/2009-2015\/feja-e-shqiptarit-eshte-politika\/","og_site_name":"FjALA e LIR\u00cb - Arkivi","article_published_time":"2012-04-07T07:43:09+00:00","author":"admin","twitter_card":"summary_large_image","twitter_misc":{"Written by":"admin","Est. reading time":"3 minutes"},"schema":{"@context":"https:\/\/schema.org","@graph":[{"@type":"Article","@id":"https:\/\/fjala.info\/2009-2015\/feja-e-shqiptarit-eshte-politika\/#article","isPartOf":{"@id":"https:\/\/fjala.info\/2009-2015\/feja-e-shqiptarit-eshte-politika\/"},"author":{"name":"admin","@id":"https:\/\/fjala.info\/2009-2015\/#\/schema\/person\/3aa1163ef05469c496fc94e77611ada2"},"headline":"Feja e shqiptarit \u00ebsht\u00eb politika","datePublished":"2012-04-07T07:43:09+00:00","mainEntityOfPage":{"@id":"https:\/\/fjala.info\/2009-2015\/feja-e-shqiptarit-eshte-politika\/"},"wordCount":632,"commentCount":0,"publisher":{"@id":"https:\/\/fjala.info\/2009-2015\/#organization"},"articleSection":["Artikuj"],"inLanguage":"sq-AL","potentialAction":[{"@type":"CommentAction","name":"Comment","target":["https:\/\/fjala.info\/2009-2015\/feja-e-shqiptarit-eshte-politika\/#respond"]}]},{"@type":"WebPage","@id":"https:\/\/fjala.info\/2009-2015\/feja-e-shqiptarit-eshte-politika\/","url":"https:\/\/fjala.info\/2009-2015\/feja-e-shqiptarit-eshte-politika\/","name":"Feja e shqiptarit \u00ebsht\u00eb politika - FjALA e LIR\u00cb - Arkivi","isPartOf":{"@id":"https:\/\/fjala.info\/2009-2015\/#website"},"datePublished":"2012-04-07T07:43:09+00:00","breadcrumb":{"@id":"https:\/\/fjala.info\/2009-2015\/feja-e-shqiptarit-eshte-politika\/#breadcrumb"},"inLanguage":"sq-AL","potentialAction":[{"@type":"ReadAction","target":["https:\/\/fjala.info\/2009-2015\/feja-e-shqiptarit-eshte-politika\/"]}]},{"@type":"BreadcrumbList","@id":"https:\/\/fjala.info\/2009-2015\/feja-e-shqiptarit-eshte-politika\/#breadcrumb","itemListElement":[{"@type":"ListItem","position":1,"name":"Home","item":"https:\/\/fjala.info\/2009-2015\/"},{"@type":"ListItem","position":2,"name":"Feja e shqiptarit \u00ebsht\u00eb politika"}]},{"@type":"WebSite","@id":"https:\/\/fjala.info\/2009-2015\/#website","url":"https:\/\/fjala.info\/2009-2015\/","name":"FjALA e LIR\u00cb - Arkivi","description":"Arkivi 2009-2015","publisher":{"@id":"https:\/\/fjala.info\/2009-2015\/#organization"},"potentialAction":[{"@type":"SearchAction","target":{"@type":"EntryPoint","urlTemplate":"https:\/\/fjala.info\/2009-2015\/?s={search_term_string}"},"query-input":{"@type":"PropertyValueSpecification","valueRequired":true,"valueName":"search_term_string"}}],"inLanguage":"sq-AL"},{"@type":"Organization","@id":"https:\/\/fjala.info\/2009-2015\/#organization","name":"FjALA e LIR\u00cb - Arkivi","url":"https:\/\/fjala.info\/2009-2015\/","logo":{"@type":"ImageObject","inLanguage":"sq-AL","@id":"https:\/\/fjala.info\/2009-2015\/#\/schema\/logo\/image\/","url":"","contentUrl":"","caption":"FjALA e LIR\u00cb - Arkivi"},"image":{"@id":"https:\/\/fjala.info\/2009-2015\/#\/schema\/logo\/image\/"}},{"@type":"Person","@id":"https:\/\/fjala.info\/2009-2015\/#\/schema\/person\/3aa1163ef05469c496fc94e77611ada2","name":"admin","image":{"@type":"ImageObject","inLanguage":"sq-AL","@id":"https:\/\/fjala.info\/2009-2015\/wp-content\/uploads\/2012\/02\/arben_cokaj-120x150.jpg","url":"https:\/\/fjala.info\/2009-2015\/wp-content\/uploads\/2012\/02\/arben_cokaj-120x150.jpg","contentUrl":"https:\/\/fjala.info\/2009-2015\/wp-content\/uploads\/2012\/02\/arben_cokaj-120x150.jpg","caption":"admin"},"description":"Admin, Fjala e Lir\u00eb","sameAs":["https:\/\/fjala.info\/"],"url":"https:\/\/fjala.info\/2009-2015\/author\/admin\/"}]}},"_links":{"self":[{"href":"https:\/\/fjala.info\/2009-2015\/wp-json\/wp\/v2\/posts\/2414","targetHints":{"allow":["GET"]}}],"collection":[{"href":"https:\/\/fjala.info\/2009-2015\/wp-json\/wp\/v2\/posts"}],"about":[{"href":"https:\/\/fjala.info\/2009-2015\/wp-json\/wp\/v2\/types\/post"}],"author":[{"embeddable":true,"href":"https:\/\/fjala.info\/2009-2015\/wp-json\/wp\/v2\/users\/1"}],"replies":[{"embeddable":true,"href":"https:\/\/fjala.info\/2009-2015\/wp-json\/wp\/v2\/comments?post=2414"}],"version-history":[{"count":0,"href":"https:\/\/fjala.info\/2009-2015\/wp-json\/wp\/v2\/posts\/2414\/revisions"}],"wp:attachment":[{"href":"https:\/\/fjala.info\/2009-2015\/wp-json\/wp\/v2\/media?parent=2414"}],"wp:term":[{"taxonomy":"category","embeddable":true,"href":"https:\/\/fjala.info\/2009-2015\/wp-json\/wp\/v2\/categories?post=2414"},{"taxonomy":"post_tag","embeddable":true,"href":"https:\/\/fjala.info\/2009-2015\/wp-json\/wp\/v2\/tags?post=2414"}],"curies":[{"name":"wp","href":"https:\/\/api.w.org\/{rel}","templated":true}]}}