{"id":2409,"date":"2010-04-29T22:36:25","date_gmt":"2010-04-29T21:36:25","guid":{"rendered":"http:\/\/fjala.shkoder.net\/?p=2409"},"modified":"2010-04-29T22:36:25","modified_gmt":"2010-04-29T21:36:25","slug":"opozita-synon-rrezimin-e-berishes-maxhoranca-rikthehet-te-koncertet-e-majit","status":"publish","type":"post","link":"https:\/\/fjala.info\/2009-2015\/opozita-synon-rrezimin-e-berishes-maxhoranca-rikthehet-te-koncertet-e-majit\/","title":{"rendered":"Opozita synon rr\u00ebzimin e Berish\u00ebs, maxhoranca rikthehet te \u201ckoncertet e majit\u201d"},"content":{"rendered":"<p><img decoding=\"async\" style=\"margin-left: 10px; margin-right: 10px; border: 0px;\" src=\"http:\/\/www.shkoder.net\/images\/fjala\/2009\/faktori_plus.jpg\" border=\"0\" alt=\"Faktori Plus\" width=\"150\" align=\"right\" \/><\/p>\n<p>Nga &#8220;<strong>Faktori Plus<\/strong>&#8221;<\/p>\n<p>Te pakten per 2 dite qendra e kryeqytetit pritet te jete e bllokuar dhe e tejmbushur me njerez duke paralizuar trafikun e mjeteve edhe ne zonat perrreth saj. Perkrahes te 2 kampeve kryesore politike ne vend, do te zene vend ne gjithe bulevardin deshmoret e kombit, dhe me tej ne sheshin nene tereza.<\/p>\n<p>Opozita synon te nise nje aksion te forte politik per largimin e qeverise, ndersa maxhoranca kunder-pergjigjet me nje anti-miting feste, madje duke rikthyer per te gjithe nostalgjiket e shiperise moniste, ato qe njiheshin si koncertet e majit.<\/p>\n<p>Te paret qe do te zene vend ne bulevard jane socialistet dhe aleatet e tyre te majte e te djathte. Burime nga selia roze thone se eshte parashikuar nje tubim m\u00eb i madh se ai i 20 nentorit, kjo nisur nga numri i mbeshtetesve qe raportojne seksionet e partise. Ne protesten qe nis ne oren 18 te dites se premte, eshte lajmeruar pjesemarrja e perfaqesive nga cdo qark, ndersa peshen kryesore do ta zene kryeqytetasit.<\/p>\n<p>Aleat\u00ebt e PS, kan\u00eb qen\u00eb m\u00eb t\u00eb prer\u00eb kur kan\u00eb pohuar se nd\u00ebrprejrja e k\u00ebsaj proteste do t\u00eb behet vet\u00ebm at\u00ebher\u00eb kur t\u00eb hapen kutit\u00eb ose zgjedhja e vetme p\u00ebr qeverin\u00eb do t\u00eb jet\u00eb largimi i saj dhe zgjedhje t\u00eb parakohshme.<\/p>\n<p>Nj\u00eb dit\u00eb p\u00ebrpara protest\u00ebs, Edi Rama ka vijuar shp\u00ebrndarjen e ftesave der\u00eb m\u00eb der\u00eb p\u00ebr banor\u00ebt e kryeqytetit. Ai ka pohuar se e gjitha do t\u00eb jet\u00eb nj\u00eb rezistenc\u00eb p\u00ebr shtrejtimin e jetes\u00ebs dhe koston e pap\u00ebrballueshme t\u00eb cmimeve.<\/p>\n<p>Tubimi do te nise nga sheshi skenderbej me nje marshim drejt tribunes qendrore te improvizuar, qe ngrihet perballe kryeministrise. Ky eshte kufiri i shtrirjes se tubuesve te majte, nga ministria e brendshme deri ne kete pike. Organizatoret kane parashikuar qendrimin e protestueve te pakten 24 ore ne bulevard.<\/p>\n<p>Dhe pikerisht te shtunen, ne oren 12 nis tubimi i mazhorances e cila e ka konceptuar daljen ne shesh, si nje mbeshtetje per reformat e qeverise. Organizatoret thone se vec nje koncerti festiv do te kete edhe fjale pershendetese te krereve te mazhorances. Per here te pare PD-ja do te detyrohet te tradhetoje sheshin skenderbej, ku po kryhen punime.<\/p>\n<p>Spartak Ngjela, duke komentuar antimitingun e demokrateve n\u00eb 1 maj, I ka kujtuar Berishes se vetem komunistet festojne ne diten kur protestohet.<\/p>\n<p>Kjo vendosje e mijera kundershtareve politike kaq prane ne bulevard, ka ngjallur shqetesim tek rradhet e policise. Ketu shtohet edhe nje proteste aktive e minatoreve kunder qeverise, qe mund te turbulloje qetesine ne mesditen e 1 majit.<\/p>\n<p>Vete kreu i bluve te tiranes tonin vocaj me nje grup specialistesh, qe nga e marta po detajojne nje plan reagues ndaj cdo incidenti te mundshem. Se pari policia eshte angazhuar ne shtimin e elementeve te sigurise ne institucionin e kryeministrise. Vec kesaj jane planifikuar mbi 300 forca shtese qe do te rrine larg syrit te protestuesve, por te gatshem per te nderhyre,nese do ta kerkoje situata. Ndersa mes rradheve te protestuesve, do levizin agjente civile, per te raportuar burime te trazirave te mundshme.<\/p>\n","protected":false},"excerpt":{"rendered":"<p>Nga &#8220;Faktori Plus&#8221; Te pakten per 2 dite qendra e kryeqytetit pritet te jete e bllokuar dhe e tejmbushur me njerez duke paralizuar trafikun e mjeteve edhe ne zonat perrreth saj. Perkrahes te 2 kampeve kryesore politike ne vend, do te zene vend ne gjithe bulevardin deshmoret e kombit, dhe me tej ne sheshin nene [&hellip;]<\/p>\n","protected":false},"author":1,"featured_media":0,"comment_status":"open","ping_status":"closed","sticky":false,"template":"","format":"standard","meta":{"footnotes":""},"categories":[2],"tags":[],"class_list":{"0":"post-2409","1":"post","2":"type-post","3":"status-publish","4":"format-standard","6":"category-artikuj"},"yoast_head":"<!-- This site is optimized with the Yoast SEO plugin v27.4 - https:\/\/yoast.com\/product\/yoast-seo-wordpress\/ -->\n<title>Opozita synon rr\u00ebzimin e Berish\u00ebs, maxhoranca rikthehet te \u201ckoncertet e majit\u201d - FjALA e LIR\u00cb - Arkivi<\/title>\n<meta name=\"robots\" content=\"index, follow, max-snippet:-1, max-image-preview:large, max-video-preview:-1\" \/>\n<link rel=\"canonical\" href=\"https:\/\/fjala.info\/2009-2015\/opozita-synon-rrezimin-e-berishes-maxhoranca-rikthehet-te-koncertet-e-majit\/\" \/>\n<meta property=\"og:locale\" content=\"sq_AL\" \/>\n<meta property=\"og:type\" content=\"article\" \/>\n<meta property=\"og:title\" content=\"Opozita synon rr\u00ebzimin e Berish\u00ebs, maxhoranca rikthehet te \u201ckoncertet e majit\u201d - FjALA e LIR\u00cb - Arkivi\" \/>\n<meta property=\"og:description\" content=\"Nga &#8220;Faktori Plus&#8221; Te pakten per 2 dite qendra e kryeqytetit pritet te jete e bllokuar dhe e tejmbushur me njerez duke paralizuar trafikun e mjeteve edhe ne zonat perrreth saj. Perkrahes te 2 kampeve kryesore politike ne vend, do te zene vend ne gjithe bulevardin deshmoret e kombit, dhe me tej ne sheshin nene [&hellip;]\" \/>\n<meta property=\"og:url\" content=\"https:\/\/fjala.info\/2009-2015\/opozita-synon-rrezimin-e-berishes-maxhoranca-rikthehet-te-koncertet-e-majit\/\" \/>\n<meta property=\"og:site_name\" content=\"FjALA e LIR\u00cb - Arkivi\" \/>\n<meta property=\"article:published_time\" content=\"2010-04-29T21:36:25+00:00\" \/>\n<meta property=\"og:image\" content=\"http:\/\/www.shkoder.net\/images\/fjala\/2009\/faktori_plus.jpg\" \/>\n<meta name=\"author\" content=\"admin\" \/>\n<meta name=\"twitter:card\" content=\"summary_large_image\" \/>\n<meta name=\"twitter:label1\" content=\"Written by\" \/>\n\t<meta name=\"twitter:data1\" content=\"admin\" \/>\n\t<meta name=\"twitter:label2\" content=\"Est. reading time\" \/>\n\t<meta name=\"twitter:data2\" content=\"3 minutes\" \/>\n<script type=\"application\/ld+json\" class=\"yoast-schema-graph\">{\"@context\":\"https:\\\/\\\/schema.org\",\"@graph\":[{\"@type\":\"Article\",\"@id\":\"https:\\\/\\\/fjala.info\\\/2009-2015\\\/opozita-synon-rrezimin-e-berishes-maxhoranca-rikthehet-te-koncertet-e-majit\\\/#article\",\"isPartOf\":{\"@id\":\"https:\\\/\\\/fjala.info\\\/2009-2015\\\/opozita-synon-rrezimin-e-berishes-maxhoranca-rikthehet-te-koncertet-e-majit\\\/\"},\"author\":{\"name\":\"admin\",\"@id\":\"https:\\\/\\\/fjala.info\\\/2009-2015\\\/#\\\/schema\\\/person\\\/3aa1163ef05469c496fc94e77611ada2\"},\"headline\":\"Opozita synon rr\u00ebzimin e Berish\u00ebs, maxhoranca rikthehet te \u201ckoncertet e majit\u201d\",\"datePublished\":\"2010-04-29T21:36:25+00:00\",\"mainEntityOfPage\":{\"@id\":\"https:\\\/\\\/fjala.info\\\/2009-2015\\\/opozita-synon-rrezimin-e-berishes-maxhoranca-rikthehet-te-koncertet-e-majit\\\/\"},\"wordCount\":517,\"commentCount\":0,\"publisher\":{\"@id\":\"https:\\\/\\\/fjala.info\\\/2009-2015\\\/#organization\"},\"image\":{\"@id\":\"https:\\\/\\\/fjala.info\\\/2009-2015\\\/opozita-synon-rrezimin-e-berishes-maxhoranca-rikthehet-te-koncertet-e-majit\\\/#primaryimage\"},\"thumbnailUrl\":\"http:\\\/\\\/www.shkoder.net\\\/images\\\/fjala\\\/2009\\\/faktori_plus.jpg\",\"articleSection\":[\"Artikuj\"],\"inLanguage\":\"sq-AL\",\"potentialAction\":[{\"@type\":\"CommentAction\",\"name\":\"Comment\",\"target\":[\"https:\\\/\\\/fjala.info\\\/2009-2015\\\/opozita-synon-rrezimin-e-berishes-maxhoranca-rikthehet-te-koncertet-e-majit\\\/#respond\"]}]},{\"@type\":\"WebPage\",\"@id\":\"https:\\\/\\\/fjala.info\\\/2009-2015\\\/opozita-synon-rrezimin-e-berishes-maxhoranca-rikthehet-te-koncertet-e-majit\\\/\",\"url\":\"https:\\\/\\\/fjala.info\\\/2009-2015\\\/opozita-synon-rrezimin-e-berishes-maxhoranca-rikthehet-te-koncertet-e-majit\\\/\",\"name\":\"Opozita synon rr\u00ebzimin e Berish\u00ebs, maxhoranca rikthehet te \u201ckoncertet e majit\u201d - FjALA e LIR\u00cb - Arkivi\",\"isPartOf\":{\"@id\":\"https:\\\/\\\/fjala.info\\\/2009-2015\\\/#website\"},\"primaryImageOfPage\":{\"@id\":\"https:\\\/\\\/fjala.info\\\/2009-2015\\\/opozita-synon-rrezimin-e-berishes-maxhoranca-rikthehet-te-koncertet-e-majit\\\/#primaryimage\"},\"image\":{\"@id\":\"https:\\\/\\\/fjala.info\\\/2009-2015\\\/opozita-synon-rrezimin-e-berishes-maxhoranca-rikthehet-te-koncertet-e-majit\\\/#primaryimage\"},\"thumbnailUrl\":\"http:\\\/\\\/www.shkoder.net\\\/images\\\/fjala\\\/2009\\\/faktori_plus.jpg\",\"datePublished\":\"2010-04-29T21:36:25+00:00\",\"breadcrumb\":{\"@id\":\"https:\\\/\\\/fjala.info\\\/2009-2015\\\/opozita-synon-rrezimin-e-berishes-maxhoranca-rikthehet-te-koncertet-e-majit\\\/#breadcrumb\"},\"inLanguage\":\"sq-AL\",\"potentialAction\":[{\"@type\":\"ReadAction\",\"target\":[\"https:\\\/\\\/fjala.info\\\/2009-2015\\\/opozita-synon-rrezimin-e-berishes-maxhoranca-rikthehet-te-koncertet-e-majit\\\/\"]}]},{\"@type\":\"ImageObject\",\"inLanguage\":\"sq-AL\",\"@id\":\"https:\\\/\\\/fjala.info\\\/2009-2015\\\/opozita-synon-rrezimin-e-berishes-maxhoranca-rikthehet-te-koncertet-e-majit\\\/#primaryimage\",\"url\":\"http:\\\/\\\/www.shkoder.net\\\/images\\\/fjala\\\/2009\\\/faktori_plus.jpg\",\"contentUrl\":\"http:\\\/\\\/www.shkoder.net\\\/images\\\/fjala\\\/2009\\\/faktori_plus.jpg\"},{\"@type\":\"BreadcrumbList\",\"@id\":\"https:\\\/\\\/fjala.info\\\/2009-2015\\\/opozita-synon-rrezimin-e-berishes-maxhoranca-rikthehet-te-koncertet-e-majit\\\/#breadcrumb\",\"itemListElement\":[{\"@type\":\"ListItem\",\"position\":1,\"name\":\"Home\",\"item\":\"https:\\\/\\\/fjala.info\\\/2009-2015\\\/\"},{\"@type\":\"ListItem\",\"position\":2,\"name\":\"Opozita synon rr\u00ebzimin e Berish\u00ebs, maxhoranca rikthehet te \u201ckoncertet e majit\u201d\"}]},{\"@type\":\"WebSite\",\"@id\":\"https:\\\/\\\/fjala.info\\\/2009-2015\\\/#website\",\"url\":\"https:\\\/\\\/fjala.info\\\/2009-2015\\\/\",\"name\":\"FjALA e LIR\u00cb - Arkivi\",\"description\":\"Arkivi 2009-2015\",\"publisher\":{\"@id\":\"https:\\\/\\\/fjala.info\\\/2009-2015\\\/#organization\"},\"potentialAction\":[{\"@type\":\"SearchAction\",\"target\":{\"@type\":\"EntryPoint\",\"urlTemplate\":\"https:\\\/\\\/fjala.info\\\/2009-2015\\\/?s={search_term_string}\"},\"query-input\":{\"@type\":\"PropertyValueSpecification\",\"valueRequired\":true,\"valueName\":\"search_term_string\"}}],\"inLanguage\":\"sq-AL\"},{\"@type\":\"Organization\",\"@id\":\"https:\\\/\\\/fjala.info\\\/2009-2015\\\/#organization\",\"name\":\"FjALA e LIR\u00cb - Arkivi\",\"url\":\"https:\\\/\\\/fjala.info\\\/2009-2015\\\/\",\"logo\":{\"@type\":\"ImageObject\",\"inLanguage\":\"sq-AL\",\"@id\":\"https:\\\/\\\/fjala.info\\\/2009-2015\\\/#\\\/schema\\\/logo\\\/image\\\/\",\"url\":\"\",\"contentUrl\":\"\",\"caption\":\"FjALA e LIR\u00cb - Arkivi\"},\"image\":{\"@id\":\"https:\\\/\\\/fjala.info\\\/2009-2015\\\/#\\\/schema\\\/logo\\\/image\\\/\"}},{\"@type\":\"Person\",\"@id\":\"https:\\\/\\\/fjala.info\\\/2009-2015\\\/#\\\/schema\\\/person\\\/3aa1163ef05469c496fc94e77611ada2\",\"name\":\"admin\",\"image\":{\"@type\":\"ImageObject\",\"inLanguage\":\"sq-AL\",\"@id\":\"https:\\\/\\\/fjala.info\\\/2009-2015\\\/wp-content\\\/uploads\\\/2012\\\/02\\\/arben_cokaj-120x150.jpg\",\"url\":\"https:\\\/\\\/fjala.info\\\/2009-2015\\\/wp-content\\\/uploads\\\/2012\\\/02\\\/arben_cokaj-120x150.jpg\",\"contentUrl\":\"https:\\\/\\\/fjala.info\\\/2009-2015\\\/wp-content\\\/uploads\\\/2012\\\/02\\\/arben_cokaj-120x150.jpg\",\"caption\":\"admin\"},\"description\":\"Admin, Fjala e Lir\u00eb\",\"sameAs\":[\"https:\\\/\\\/fjala.info\\\/\"],\"url\":\"https:\\\/\\\/fjala.info\\\/2009-2015\\\/author\\\/admin\\\/\"}]}<\/script>\n<!-- \/ Yoast SEO plugin. -->","yoast_head_json":{"title":"Opozita synon rr\u00ebzimin e Berish\u00ebs, maxhoranca rikthehet te \u201ckoncertet e majit\u201d - FjALA e LIR\u00cb - Arkivi","robots":{"index":"index","follow":"follow","max-snippet":"max-snippet:-1","max-image-preview":"max-image-preview:large","max-video-preview":"max-video-preview:-1"},"canonical":"https:\/\/fjala.info\/2009-2015\/opozita-synon-rrezimin-e-berishes-maxhoranca-rikthehet-te-koncertet-e-majit\/","og_locale":"sq_AL","og_type":"article","og_title":"Opozita synon rr\u00ebzimin e Berish\u00ebs, maxhoranca rikthehet te \u201ckoncertet e majit\u201d - FjALA e LIR\u00cb - Arkivi","og_description":"Nga &#8220;Faktori Plus&#8221; Te pakten per 2 dite qendra e kryeqytetit pritet te jete e bllokuar dhe e tejmbushur me njerez duke paralizuar trafikun e mjeteve edhe ne zonat perrreth saj. Perkrahes te 2 kampeve kryesore politike ne vend, do te zene vend ne gjithe bulevardin deshmoret e kombit, dhe me tej ne sheshin nene [&hellip;]","og_url":"https:\/\/fjala.info\/2009-2015\/opozita-synon-rrezimin-e-berishes-maxhoranca-rikthehet-te-koncertet-e-majit\/","og_site_name":"FjALA e LIR\u00cb - Arkivi","article_published_time":"2010-04-29T21:36:25+00:00","og_image":[{"url":"http:\/\/www.shkoder.net\/images\/fjala\/2009\/faktori_plus.jpg","type":"","width":"","height":""}],"author":"admin","twitter_card":"summary_large_image","twitter_misc":{"Written by":"admin","Est. reading time":"3 minutes"},"schema":{"@context":"https:\/\/schema.org","@graph":[{"@type":"Article","@id":"https:\/\/fjala.info\/2009-2015\/opozita-synon-rrezimin-e-berishes-maxhoranca-rikthehet-te-koncertet-e-majit\/#article","isPartOf":{"@id":"https:\/\/fjala.info\/2009-2015\/opozita-synon-rrezimin-e-berishes-maxhoranca-rikthehet-te-koncertet-e-majit\/"},"author":{"name":"admin","@id":"https:\/\/fjala.info\/2009-2015\/#\/schema\/person\/3aa1163ef05469c496fc94e77611ada2"},"headline":"Opozita synon rr\u00ebzimin e Berish\u00ebs, maxhoranca rikthehet te \u201ckoncertet e majit\u201d","datePublished":"2010-04-29T21:36:25+00:00","mainEntityOfPage":{"@id":"https:\/\/fjala.info\/2009-2015\/opozita-synon-rrezimin-e-berishes-maxhoranca-rikthehet-te-koncertet-e-majit\/"},"wordCount":517,"commentCount":0,"publisher":{"@id":"https:\/\/fjala.info\/2009-2015\/#organization"},"image":{"@id":"https:\/\/fjala.info\/2009-2015\/opozita-synon-rrezimin-e-berishes-maxhoranca-rikthehet-te-koncertet-e-majit\/#primaryimage"},"thumbnailUrl":"http:\/\/www.shkoder.net\/images\/fjala\/2009\/faktori_plus.jpg","articleSection":["Artikuj"],"inLanguage":"sq-AL","potentialAction":[{"@type":"CommentAction","name":"Comment","target":["https:\/\/fjala.info\/2009-2015\/opozita-synon-rrezimin-e-berishes-maxhoranca-rikthehet-te-koncertet-e-majit\/#respond"]}]},{"@type":"WebPage","@id":"https:\/\/fjala.info\/2009-2015\/opozita-synon-rrezimin-e-berishes-maxhoranca-rikthehet-te-koncertet-e-majit\/","url":"https:\/\/fjala.info\/2009-2015\/opozita-synon-rrezimin-e-berishes-maxhoranca-rikthehet-te-koncertet-e-majit\/","name":"Opozita synon rr\u00ebzimin e Berish\u00ebs, maxhoranca rikthehet te \u201ckoncertet e majit\u201d - FjALA e LIR\u00cb - Arkivi","isPartOf":{"@id":"https:\/\/fjala.info\/2009-2015\/#website"},"primaryImageOfPage":{"@id":"https:\/\/fjala.info\/2009-2015\/opozita-synon-rrezimin-e-berishes-maxhoranca-rikthehet-te-koncertet-e-majit\/#primaryimage"},"image":{"@id":"https:\/\/fjala.info\/2009-2015\/opozita-synon-rrezimin-e-berishes-maxhoranca-rikthehet-te-koncertet-e-majit\/#primaryimage"},"thumbnailUrl":"http:\/\/www.shkoder.net\/images\/fjala\/2009\/faktori_plus.jpg","datePublished":"2010-04-29T21:36:25+00:00","breadcrumb":{"@id":"https:\/\/fjala.info\/2009-2015\/opozita-synon-rrezimin-e-berishes-maxhoranca-rikthehet-te-koncertet-e-majit\/#breadcrumb"},"inLanguage":"sq-AL","potentialAction":[{"@type":"ReadAction","target":["https:\/\/fjala.info\/2009-2015\/opozita-synon-rrezimin-e-berishes-maxhoranca-rikthehet-te-koncertet-e-majit\/"]}]},{"@type":"ImageObject","inLanguage":"sq-AL","@id":"https:\/\/fjala.info\/2009-2015\/opozita-synon-rrezimin-e-berishes-maxhoranca-rikthehet-te-koncertet-e-majit\/#primaryimage","url":"http:\/\/www.shkoder.net\/images\/fjala\/2009\/faktori_plus.jpg","contentUrl":"http:\/\/www.shkoder.net\/images\/fjala\/2009\/faktori_plus.jpg"},{"@type":"BreadcrumbList","@id":"https:\/\/fjala.info\/2009-2015\/opozita-synon-rrezimin-e-berishes-maxhoranca-rikthehet-te-koncertet-e-majit\/#breadcrumb","itemListElement":[{"@type":"ListItem","position":1,"name":"Home","item":"https:\/\/fjala.info\/2009-2015\/"},{"@type":"ListItem","position":2,"name":"Opozita synon rr\u00ebzimin e Berish\u00ebs, maxhoranca rikthehet te \u201ckoncertet e majit\u201d"}]},{"@type":"WebSite","@id":"https:\/\/fjala.info\/2009-2015\/#website","url":"https:\/\/fjala.info\/2009-2015\/","name":"FjALA e LIR\u00cb - Arkivi","description":"Arkivi 2009-2015","publisher":{"@id":"https:\/\/fjala.info\/2009-2015\/#organization"},"potentialAction":[{"@type":"SearchAction","target":{"@type":"EntryPoint","urlTemplate":"https:\/\/fjala.info\/2009-2015\/?s={search_term_string}"},"query-input":{"@type":"PropertyValueSpecification","valueRequired":true,"valueName":"search_term_string"}}],"inLanguage":"sq-AL"},{"@type":"Organization","@id":"https:\/\/fjala.info\/2009-2015\/#organization","name":"FjALA e LIR\u00cb - Arkivi","url":"https:\/\/fjala.info\/2009-2015\/","logo":{"@type":"ImageObject","inLanguage":"sq-AL","@id":"https:\/\/fjala.info\/2009-2015\/#\/schema\/logo\/image\/","url":"","contentUrl":"","caption":"FjALA e LIR\u00cb - Arkivi"},"image":{"@id":"https:\/\/fjala.info\/2009-2015\/#\/schema\/logo\/image\/"}},{"@type":"Person","@id":"https:\/\/fjala.info\/2009-2015\/#\/schema\/person\/3aa1163ef05469c496fc94e77611ada2","name":"admin","image":{"@type":"ImageObject","inLanguage":"sq-AL","@id":"https:\/\/fjala.info\/2009-2015\/wp-content\/uploads\/2012\/02\/arben_cokaj-120x150.jpg","url":"https:\/\/fjala.info\/2009-2015\/wp-content\/uploads\/2012\/02\/arben_cokaj-120x150.jpg","contentUrl":"https:\/\/fjala.info\/2009-2015\/wp-content\/uploads\/2012\/02\/arben_cokaj-120x150.jpg","caption":"admin"},"description":"Admin, Fjala e Lir\u00eb","sameAs":["https:\/\/fjala.info\/"],"url":"https:\/\/fjala.info\/2009-2015\/author\/admin\/"}]}},"_links":{"self":[{"href":"https:\/\/fjala.info\/2009-2015\/wp-json\/wp\/v2\/posts\/2409","targetHints":{"allow":["GET"]}}],"collection":[{"href":"https:\/\/fjala.info\/2009-2015\/wp-json\/wp\/v2\/posts"}],"about":[{"href":"https:\/\/fjala.info\/2009-2015\/wp-json\/wp\/v2\/types\/post"}],"author":[{"embeddable":true,"href":"https:\/\/fjala.info\/2009-2015\/wp-json\/wp\/v2\/users\/1"}],"replies":[{"embeddable":true,"href":"https:\/\/fjala.info\/2009-2015\/wp-json\/wp\/v2\/comments?post=2409"}],"version-history":[{"count":0,"href":"https:\/\/fjala.info\/2009-2015\/wp-json\/wp\/v2\/posts\/2409\/revisions"}],"wp:attachment":[{"href":"https:\/\/fjala.info\/2009-2015\/wp-json\/wp\/v2\/media?parent=2409"}],"wp:term":[{"taxonomy":"category","embeddable":true,"href":"https:\/\/fjala.info\/2009-2015\/wp-json\/wp\/v2\/categories?post=2409"},{"taxonomy":"post_tag","embeddable":true,"href":"https:\/\/fjala.info\/2009-2015\/wp-json\/wp\/v2\/tags?post=2409"}],"curies":[{"name":"wp","href":"https:\/\/api.w.org\/{rel}","templated":true}]}}