{"id":2407,"date":"2010-04-29T22:27:40","date_gmt":"2010-04-29T21:27:40","guid":{"rendered":"http:\/\/fjala.shkoder.net\/?p=2407"},"modified":"2010-04-29T22:27:40","modified_gmt":"2010-04-29T21:27:40","slug":"nepunes-do-te-festojne-per-te-papunet","status":"publish","type":"post","link":"https:\/\/fjala.info\/2009-2015\/nepunes-do-te-festojne-per-te-papunet\/","title":{"rendered":"N\u00ebpun\u00ebs do t\u00eb festojn\u00eb p\u00ebr t\u00eb papun\u00ebt"},"content":{"rendered":"<p><img decoding=\"async\" style=\"margin-left: 10px; margin-right: 10px; border: 0px;\" src=\"http:\/\/www.shkoder.net\/images\/fjala\/prec_zogaj.jpg\" border=\"0\" alt=\"Pre\u00e7 Zogaj\" width=\"150\" align=\"left\" \/><\/p>\n<p>nga <strong>Pre\u00e7 Zogaj<\/strong>, <em>29 Prill 2010<\/em><\/p>\n<p>N\u00eb dat\u00ebn 1 maj, nj\u00eb dit\u00eb pas protest\u00ebs s\u00eb opozit\u00ebs, qeveria ka planifikuar t\u00eb organizoj\u00eb n\u00eb Tiran\u00eb nj\u00eb koncert festiv, t\u00eb cilin do ta paraqes\u00eb si nj\u00eb miting t\u00eb mb\u00ebshtetesve t\u00eb saj, ashtu si\u00e7 b\u00ebri n\u00eb 8 dhjetor t\u00eb vitit t\u00eb kaluar.<\/p>\n<p>Q\u00ebllimi \u00ebsht\u00eb po ai: t\u00eb kund\u00ebrballancohet protesta e opozit\u00ebs; t\u00eb b\u00ebhet asgj\u00eb, duke e thjeshtuar me nj\u00eb fest\u00eb t\u00eb qeveris\u00eb. N\u00eb arithmetik\u00eb, thjeshtimi i dy numrave t\u00eb nj\u00ebjt\u00eb t\u00eb nj\u00eb thyese i fshin t\u00eb dy numrat.<\/p>\n<p>P\u00ebr analogji strateg\u00ebt e qeveris\u00eb kan\u00eb mendimin se thjeshtimi i fest\u00ebs me protest\u00ebn \u00ebsht\u00eb rruga m\u00eb e mir\u00eb p\u00ebr t\u00eb fshir\u00eb protest\u00ebn. Festa n\u00eb k\u00ebt\u00eb rast \u00ebsht\u00eb ka vler\u00ebn e nj\u00eb kurbani. K\u00ebrsh\u00ebria k\u00ebtu nuk \u00ebsht\u00eb t\u00eb dim\u00eb a e asgj\u00ebson v\u00ebrtet\u00eb festa protest\u00ebn. Kjo, n\u00eb princip, nuk ndodh kurr\u00eb.<\/p>\n<p>Festat dhe protestat jan\u00eb gjera krejt t\u00eb ndryshme. K\u00ebrsh\u00ebria e madhe, m\u00eb sakt\u00eb pik\u00ebpyetja e madhe \u00ebsht\u00eb tjet\u00ebr: si mund t&#8217;i shkoj\u00eb nd\u00ebrmend nj\u00eb qeverie t&#8217;u kund\u00ebrvihet me koncerte dhe sfilata protestave popullore t\u00eb organizuara nga opozita e saj?<\/p>\n<p>T\u00eb merremi vesh: qeveria mund t\u00eb organizoj\u00eb spektakle, parade, festivale, manifestime, loj\u00ebra&#8230; T\u00eb gjitha k\u00ebto jan\u00eb t\u00eb nevojshme p\u00ebr t\u00eb mbushur jet\u00ebn shpirt\u00ebrore t\u00eb popullit, por nuk b\u00ebn vaki q\u00eb nj\u00eb qeveri demokratike t\u00eb k\u00ebndoj\u00eb me gjysm\u00ebn e popullit p\u00ebr t\u00eb zhurmuar protestat e gjysm\u00ebs tjet\u00ebr. Nuk e b\u00ebn qeveria, por nuk e b\u00ebn paras\u00ebgjithash vet\u00eb ajo pjes\u00eb e popullit q\u00eb nuk \u00ebsht\u00eb n\u00eb protest\u00eb.<\/p>\n<p>Sjellja fisnike e shk\u00ebshillon shprehjen publike te g\u00ebzimit, kur fqinj\u00ebt e tu t\u00eb nep\u00ebrk\u00ebmbur , t\u00eb posht\u00ebruar, t\u00eb papun\u00eb apo t\u00eb uritur jan\u00eb n\u00eb rrug\u00eb p\u00ebr t\u00eb drejtat e tyre. Ca m\u00eb shum\u00eb, sjellja fisnike e ndalon shprehjen publike t\u00eb g\u00ebzimit si nj\u00eb sfid\u00eb ndaj atyre q\u00eb nuk kan\u00eb g\u00ebzim, por hidh\u00ebrim n\u00eb shpirt.<\/p>\n<p>K\u00ebto jan\u00eb zakone t\u00eb mir\u00ebsjelljes q\u00eb s&#8217;kan\u00eb t\u00eb b\u00ebjn\u00eb fare me faktin n\u00ebse jan\u00eb ose nuk jan\u00eb t\u00eb drejta k\u00ebrkesat e protestuesve. Kjo \u00ebsht\u00eb edukata e shoq\u00ebrive t\u00eb arrira q\u00eb jan\u00eb e duan t\u00eb jen\u00eb pjes\u00eb e bot\u00ebs s\u00eb lir\u00eb.<\/p>\n<p>Qeverit\u00eb e Shqip\u00ebris\u00eb harrojn\u00eb se injorimi i rregullave t\u00eb pashkruara t\u00eb sjelljes fisnike e demokratike dhe zevend\u00ebsimi i tyre me gjeste &#8220;politike&#8221; t\u00eb stamp\u00ebs s\u00eb vjet\u00ebr diktatoriale, i b\u00ebjn\u00eb nj\u00eb d\u00ebm t\u00eb pallogaritsh\u00ebm aspirat\u00ebs son\u00eb p\u00ebr integrim n\u00eb Europ\u00eb, duke na treguar m\u00eb pran\u00eb sw kaluar\u00ebs komuniste se sa s\u00eb ardhmes europiane.<\/p>\n<p>A ju kujtohet mitingu i korrikut 1990 n\u00eb Tiran\u00eb menj\u00ebher\u00eb pas arratis\u00eb s\u00eb madhe t\u00eb shqiptar\u00ebve ne ambasadat e huaja? N\u00eb nj\u00eb akt t\u00eb madh posht\u00ebrimi, rregjimi thirri nj\u00ebqindmij\u00eb vet\u00eb a me shum\u00eb n\u00eb sheshin &#8220;Skenderbej&#8221;.<\/p>\n<p>Nj\u00ebher\u00eb e nj\u00eb koh\u00eb, n\u00eb vitet e para t\u00eb demokracis\u00eb, na vinte turp edhe ta kujtonim dhe as q\u00eb mund ta merrnim me mend se 2 korriku i Ramiz Alis\u00eb dhe Xhelil Gjonit do t\u00eb sh\u00ebrbente si nj\u00eb lloj modeli i qeverive &#8220;Nano&#8221; dhe &#8220;Berisha&#8221; p\u00ebr t\u00eb kontrastuar protestat opozitare.<\/p>\n<p>N\u00eb mars t\u00eb vitit 2004, p\u00ebr t\u00eb zhvler\u00ebsuar e sfiduar protest\u00ebn &#8220;Nano ik&#8221; t\u00eb opozit\u00ebs, qeveria e asaj kohe trasferoi nga Elbasani n\u00eb Tiran\u00eb, pas me shum\u00eb se dymij\u00eb vjet\u00ebsh, fest\u00ebn pagane t\u00eb pranver\u00ebs.<\/p>\n<p>Qeveria i num\u00ebroi at\u00eb dit\u00eb si mb\u00ebshtete\u00ebs t\u00eb saj dhe si karshiqar\u00eb t\u00eb opozit\u00ebs t\u00ebr\u00eb grat\u00eb dhe burrat q\u00eb u ngjiten at\u00eb dit\u00eb n\u00eb kodrat e liqenit t\u00eb Tiran\u00ebs p\u00ebr t\u00eb shijuar muzik\u00ebn dhe diellin. Deri k\u00ebtu edhe kap\u00ebrdihej ajo fars\u00eb-fest\u00eb, sa koh\u00eb q\u00eb shum\u00eb njer\u00ebz po g\u00ebzonin. Por t\u00eb tilla &#8221; festa&#8221; t\u00eb rregjimit nuk mbarojn\u00eb kurr\u00eb n\u00eb momentin kur kthehen n\u00eb sht\u00ebpi njer\u00ebzit e thjesht\u00eb.<\/p>\n<p>Ato, n\u00eb fakt, fillojn\u00eb kur largohen njer\u00ebzit. Vazhdimi i tyre \u00ebsht\u00eb nj\u00eb fest\u00eb e shp\u00ebrdorimit t\u00eb pushtetit, pasi ia ka dal\u00eb edhe njeher\u00eb t\u00eb &#8221; mbledh\u00eb me shum\u00eb njer\u00ebz se opozita&#8221;. Treguesit e korrupsionit dhe keqadmnistrimit jan\u00eb rritur ndjesh\u00ebm, sa her\u00eb q\u00eb qeveria ka organizuar ndonj\u00eb fest\u00eb t\u00eb madhe kund\u00ebr opozit\u00ebs.<\/p>\n<p>Edhe t\u00eb shtun\u00ebn, me 1 maj, n\u00eb dit\u00ebn nd\u00ebrkomb\u00ebtare t\u00eb pun\u00ebtor\u00ebve, do t\u00eb shohim padyshim n\u00eb sheshin &#8220;Skenderbej&#8221; n\u00ebpun\u00ebs q\u00eb i presin si uj\u00ebt e pak\u00ebt k\u00ebto lloj ngjarjesh q\u00eb inskenohen si prov\u00eb force e qeveris\u00eb.<\/p>\n<p>T\u00eb h\u00ebn\u00ebn e tutje s&#8217;do t\u00eb ket\u00eb bir n\u00ebn\u00eb t&#8217;i gjej\u00eb n\u00eb krye t\u00eb detyr\u00ebs. Ata nuk ndjejn\u00eb ndonj\u00eb detyrim p\u00ebr tu sh\u00ebrbyer me p\u00ebrkushtim qytetar\u00ebve. Kan\u00eb kuptuar se p\u00ebrpara se t\u00eb jen\u00eb n\u00ebpun\u00ebs, qeveria i do militant\u00eb, mitingash\u00eb. Pjesmarrja e tyre e detyrueshme n\u00eb mitingje \u00ebsht\u00eb vet\u00eb shkat\u00ebrrimi i sh\u00ebrbimit publik n\u00eb Shqip\u00ebri.<\/p>\n<p>Por ky \u00ebsht\u00eb nj\u00eb diskutim tjet\u00ebr. N\u00eb k\u00ebt\u00eb moment na intereson t\u00eb v\u00ebn\u00eb n\u00eb dukje nj\u00eb p\u00ebr\u00e7udnim tjet\u00ebr t\u00eb fest\u00ebs qeveritare t\u00eb 1 majit pasneser, q\u00eb nuk \u00ebsht\u00eb si festa e 8 dhjetorit 2009 . N\u00eb 8 dhjetor qeveria e kishte nje justifikim. Duke q\u00ebne nj\u00eb qeveri e qendr\u00ebs s\u00eb djatht\u00eb, i shkonte t\u00eb investohej p\u00ebr fest\u00ebn e pluralizmit.<\/p>\n<p>Pavar\u00ebsisht se dihej pse e b\u00ebnte. Kurse 1 maji \u00ebsht\u00eb dita dhe skena m\u00eb e pap\u00ebrshtatshme p\u00ebr qeverin\u00eb p\u00ebr t\u00eb b\u00ebr\u00eb antiprotest\u00ebn e opozit\u00ebs.<\/p>\n<p>P\u00ebr vet\u00eb natyr\u00ebn e dit\u00ebs s\u00eb 1 majit , q\u00eb ka lindur si fest\u00eb e pun\u00ebtor\u00ebve dhe u p\u00ebrket e gjitha pun\u00ebtor\u00ebve, me fest\u00ebn e saj politike qeveria e uzurpon dhe e dhunon k\u00ebt\u00eb fest\u00eb.<\/p>\n<p>P\u00ebr ta th\u00ebn\u00eb me fjal\u00eb t\u00eb tjera, n\u00eb 1 maj 2010, n\u00eb kulmin e kriz\u00ebs ekonomike q\u00eb po kalon vendi, kur ushtria e t\u00eb papun\u00ebve rritet friksh\u00ebm \u00e7do or\u00eb dhe \u00e7do dit\u00eb p\u00ebr shkak t\u00eb tkurrjes dhe falimentimit t\u00eb qindra bizneseve, qeveria propozon dhe organizon nj\u00eb fest\u00eb ku dhjetra e qindra n\u00ebpun\u00ebs do t\u00eb festojn\u00eb p\u00ebr t\u00eb papun\u00ebt e vendit.<\/p>\n<p>E gjith\u00eb kjo \u00ebsht\u00eb me shum\u00eb se cinike, \u00ebsht\u00eb p\u00ebrtej djall\u00ebzis\u00eb. Mua me duket se \u00ebsht\u00eb shprehje e nj\u00eb \u00e7oroditjeje t\u00eb madhe p\u00ebrball\u00eb problematik\u00ebs q\u00eb ka hapur kriza politike tet\u00ebmujore.<\/p>\n<p>\u00c7do qeveri ka mb\u00ebshtet\u00ebs. Madje shum\u00eb. Por qeveria nuk punon me mb\u00ebshtet\u00ebs si opozita. Qeveria \u00ebsht\u00eb e t\u00eb gjith\u00ebve, posaq\u00eb \u00ebsht\u00eb qeveri e zgjedhur me vot\u00eb. Ajo e ka detyrim trajtimin e k\u00ebrkesave t\u00eb nj\u00eb proteste.<\/p>\n<p>Megjithese nuk \u00ebsht\u00eb e natyrshme, n\u00eb raste t\u00eb ve\u00e7anta qeveria mund t\u00eb th\u00ebrras\u00eb n\u00eb rrug\u00eb mb\u00ebshtetesit e saj, por k\u00ebt\u00eb e b\u00ebn hapur, pa u fshehur prapa gishtit, duke i ftuar njer\u00ebzit t\u00eb dalin p\u00ebr t\u00eb shprehur politikisht mbeshtetjen p\u00ebr t\u00eb.<\/p>\n<p>Qeveria &#8220;Berisha&#8221; mund ta bente kete para 30 prillit apo pas 1 majit. Por jo me 1 maj, djalli e mori.E shtuna parashihet t\u00eb jet\u00eb dita e nj\u00eb zallamahije t\u00eb madhe n\u00eb Tiran\u00eb.<\/p>\n<p>Qeveria do t\u00eb valwvis\u00eb koncertin e vet politik. Opozita do t\u00eb vazhdoj\u00eb protest\u00ebn e nisur nj\u00eb dit\u00eb m\u00eb par\u00eb. Disa l\u00ebvizje sindikaliste do t\u00eb p\u00ebrpiqen t\u00eb marrshojn\u00eb n\u00eb bulevard me kwrkesat e tyre. Nj\u00eb miniatur\u00eb e romanit &#8220;Viti i mbrapsht\u00eb&#8221; i Kadares\u00eb, n\u00eb variantin e Shqip\u00ebris\u00eb n\u00eb NATO.<\/p>\n<p>Kemi shpres\u00eb se pal\u00ebt do t\u00eb evitojn\u00eb pikat e takimit dhe f\u00ebrkimit n\u00eb zon\u00ebn e ngusht\u00eb ku do t\u00eb v\u00ebrviten. Por nuk ka dyshim se bota do t\u00eb qesh\u00eb me ne. Dhe ky 1 maj, p\u00ebr fat t\u00eb keq, do t\u00eb na vonoj\u00eb n\u00eb \u00e7eshtjet e vizave dhe integrimit m\u00eb shum\u00eb se ato ligjet q\u00eb nuk i kemi miratuar apo zbatuar ende.<\/p>\n<p>Vleresimet themelore p\u00ebr nj\u00eb vend kandidat si Shqip\u00ebria jan\u00eb ato q\u00eb nuk thuhen kurr\u00eb hapur, por ndihen n\u00eb shijen q\u00eb u lem\u00eb partner\u00ebve perendimore me sjelljen ton\u00eb. Neqoftese nuk kuptojm\u00eb k\u00ebt\u00eb, jemi shum\u00eb me larg Europ\u00ebs se sa na thon\u00eb.<\/p>\n<p>Nga: <strong>Pre\u00e7 Zogaj<\/strong><\/p>\n","protected":false},"excerpt":{"rendered":"<p>nga Pre\u00e7 Zogaj, 29 Prill 2010 N\u00eb dat\u00ebn 1 maj, nj\u00eb dit\u00eb pas protest\u00ebs s\u00eb opozit\u00ebs, qeveria ka planifikuar t\u00eb organizoj\u00eb n\u00eb Tiran\u00eb nj\u00eb koncert festiv, t\u00eb cilin do ta paraqes\u00eb si nj\u00eb miting t\u00eb mb\u00ebshtetesve t\u00eb saj, ashtu si\u00e7 b\u00ebri n\u00eb 8 dhjetor t\u00eb vitit t\u00eb kaluar. Q\u00ebllimi \u00ebsht\u00eb po ai: t\u00eb kund\u00ebrballancohet protesta [&hellip;]<\/p>\n","protected":false},"author":1,"featured_media":0,"comment_status":"open","ping_status":"closed","sticky":false,"template":"","format":"standard","meta":{"footnotes":""},"categories":[2],"tags":[],"class_list":{"0":"post-2407","1":"post","2":"type-post","3":"status-publish","4":"format-standard","6":"category-artikuj"},"yoast_head":"<!-- This site is optimized with the Yoast SEO plugin v27.4 - https:\/\/yoast.com\/product\/yoast-seo-wordpress\/ -->\n<title>N\u00ebpun\u00ebs do t\u00eb festojn\u00eb p\u00ebr t\u00eb papun\u00ebt - FjALA e LIR\u00cb - Arkivi<\/title>\n<meta name=\"robots\" content=\"index, follow, max-snippet:-1, max-image-preview:large, max-video-preview:-1\" \/>\n<link rel=\"canonical\" href=\"https:\/\/fjala.info\/2009-2015\/nepunes-do-te-festojne-per-te-papunet\/\" \/>\n<meta property=\"og:locale\" content=\"sq_AL\" \/>\n<meta property=\"og:type\" content=\"article\" \/>\n<meta property=\"og:title\" content=\"N\u00ebpun\u00ebs do t\u00eb festojn\u00eb p\u00ebr t\u00eb papun\u00ebt - FjALA e LIR\u00cb - Arkivi\" \/>\n<meta property=\"og:description\" content=\"nga Pre\u00e7 Zogaj, 29 Prill 2010 N\u00eb dat\u00ebn 1 maj, nj\u00eb dit\u00eb pas protest\u00ebs s\u00eb opozit\u00ebs, qeveria ka planifikuar t\u00eb organizoj\u00eb n\u00eb Tiran\u00eb nj\u00eb koncert festiv, t\u00eb cilin do ta paraqes\u00eb si nj\u00eb miting t\u00eb mb\u00ebshtetesve t\u00eb saj, ashtu si\u00e7 b\u00ebri n\u00eb 8 dhjetor t\u00eb vitit t\u00eb kaluar. Q\u00ebllimi \u00ebsht\u00eb po ai: t\u00eb kund\u00ebrballancohet protesta [&hellip;]\" \/>\n<meta property=\"og:url\" content=\"https:\/\/fjala.info\/2009-2015\/nepunes-do-te-festojne-per-te-papunet\/\" \/>\n<meta property=\"og:site_name\" content=\"FjALA e LIR\u00cb - Arkivi\" \/>\n<meta property=\"article:published_time\" content=\"2010-04-29T21:27:40+00:00\" \/>\n<meta property=\"og:image\" content=\"http:\/\/www.shkoder.net\/images\/fjala\/prec_zogaj.jpg\" \/>\n<meta name=\"author\" content=\"admin\" \/>\n<meta name=\"twitter:card\" content=\"summary_large_image\" \/>\n<meta name=\"twitter:label1\" content=\"Written by\" \/>\n\t<meta name=\"twitter:data1\" content=\"admin\" \/>\n\t<meta name=\"twitter:label2\" content=\"Est. reading time\" \/>\n\t<meta name=\"twitter:data2\" content=\"7 minutes\" \/>\n<script type=\"application\/ld+json\" class=\"yoast-schema-graph\">{\"@context\":\"https:\\\/\\\/schema.org\",\"@graph\":[{\"@type\":\"Article\",\"@id\":\"https:\\\/\\\/fjala.info\\\/2009-2015\\\/nepunes-do-te-festojne-per-te-papunet\\\/#article\",\"isPartOf\":{\"@id\":\"https:\\\/\\\/fjala.info\\\/2009-2015\\\/nepunes-do-te-festojne-per-te-papunet\\\/\"},\"author\":{\"name\":\"admin\",\"@id\":\"https:\\\/\\\/fjala.info\\\/2009-2015\\\/#\\\/schema\\\/person\\\/3aa1163ef05469c496fc94e77611ada2\"},\"headline\":\"N\u00ebpun\u00ebs do t\u00eb festojn\u00eb p\u00ebr t\u00eb papun\u00ebt\",\"datePublished\":\"2010-04-29T21:27:40+00:00\",\"mainEntityOfPage\":{\"@id\":\"https:\\\/\\\/fjala.info\\\/2009-2015\\\/nepunes-do-te-festojne-per-te-papunet\\\/\"},\"wordCount\":1378,\"commentCount\":0,\"publisher\":{\"@id\":\"https:\\\/\\\/fjala.info\\\/2009-2015\\\/#organization\"},\"image\":{\"@id\":\"https:\\\/\\\/fjala.info\\\/2009-2015\\\/nepunes-do-te-festojne-per-te-papunet\\\/#primaryimage\"},\"thumbnailUrl\":\"http:\\\/\\\/www.shkoder.net\\\/images\\\/fjala\\\/prec_zogaj.jpg\",\"articleSection\":[\"Artikuj\"],\"inLanguage\":\"sq-AL\",\"potentialAction\":[{\"@type\":\"CommentAction\",\"name\":\"Comment\",\"target\":[\"https:\\\/\\\/fjala.info\\\/2009-2015\\\/nepunes-do-te-festojne-per-te-papunet\\\/#respond\"]}]},{\"@type\":\"WebPage\",\"@id\":\"https:\\\/\\\/fjala.info\\\/2009-2015\\\/nepunes-do-te-festojne-per-te-papunet\\\/\",\"url\":\"https:\\\/\\\/fjala.info\\\/2009-2015\\\/nepunes-do-te-festojne-per-te-papunet\\\/\",\"name\":\"N\u00ebpun\u00ebs do t\u00eb festojn\u00eb p\u00ebr t\u00eb papun\u00ebt - FjALA e LIR\u00cb - Arkivi\",\"isPartOf\":{\"@id\":\"https:\\\/\\\/fjala.info\\\/2009-2015\\\/#website\"},\"primaryImageOfPage\":{\"@id\":\"https:\\\/\\\/fjala.info\\\/2009-2015\\\/nepunes-do-te-festojne-per-te-papunet\\\/#primaryimage\"},\"image\":{\"@id\":\"https:\\\/\\\/fjala.info\\\/2009-2015\\\/nepunes-do-te-festojne-per-te-papunet\\\/#primaryimage\"},\"thumbnailUrl\":\"http:\\\/\\\/www.shkoder.net\\\/images\\\/fjala\\\/prec_zogaj.jpg\",\"datePublished\":\"2010-04-29T21:27:40+00:00\",\"breadcrumb\":{\"@id\":\"https:\\\/\\\/fjala.info\\\/2009-2015\\\/nepunes-do-te-festojne-per-te-papunet\\\/#breadcrumb\"},\"inLanguage\":\"sq-AL\",\"potentialAction\":[{\"@type\":\"ReadAction\",\"target\":[\"https:\\\/\\\/fjala.info\\\/2009-2015\\\/nepunes-do-te-festojne-per-te-papunet\\\/\"]}]},{\"@type\":\"ImageObject\",\"inLanguage\":\"sq-AL\",\"@id\":\"https:\\\/\\\/fjala.info\\\/2009-2015\\\/nepunes-do-te-festojne-per-te-papunet\\\/#primaryimage\",\"url\":\"http:\\\/\\\/www.shkoder.net\\\/images\\\/fjala\\\/prec_zogaj.jpg\",\"contentUrl\":\"http:\\\/\\\/www.shkoder.net\\\/images\\\/fjala\\\/prec_zogaj.jpg\"},{\"@type\":\"BreadcrumbList\",\"@id\":\"https:\\\/\\\/fjala.info\\\/2009-2015\\\/nepunes-do-te-festojne-per-te-papunet\\\/#breadcrumb\",\"itemListElement\":[{\"@type\":\"ListItem\",\"position\":1,\"name\":\"Home\",\"item\":\"https:\\\/\\\/fjala.info\\\/2009-2015\\\/\"},{\"@type\":\"ListItem\",\"position\":2,\"name\":\"N\u00ebpun\u00ebs do t\u00eb festojn\u00eb p\u00ebr t\u00eb papun\u00ebt\"}]},{\"@type\":\"WebSite\",\"@id\":\"https:\\\/\\\/fjala.info\\\/2009-2015\\\/#website\",\"url\":\"https:\\\/\\\/fjala.info\\\/2009-2015\\\/\",\"name\":\"FjALA e LIR\u00cb - Arkivi\",\"description\":\"Arkivi 2009-2015\",\"publisher\":{\"@id\":\"https:\\\/\\\/fjala.info\\\/2009-2015\\\/#organization\"},\"potentialAction\":[{\"@type\":\"SearchAction\",\"target\":{\"@type\":\"EntryPoint\",\"urlTemplate\":\"https:\\\/\\\/fjala.info\\\/2009-2015\\\/?s={search_term_string}\"},\"query-input\":{\"@type\":\"PropertyValueSpecification\",\"valueRequired\":true,\"valueName\":\"search_term_string\"}}],\"inLanguage\":\"sq-AL\"},{\"@type\":\"Organization\",\"@id\":\"https:\\\/\\\/fjala.info\\\/2009-2015\\\/#organization\",\"name\":\"FjALA e LIR\u00cb - Arkivi\",\"url\":\"https:\\\/\\\/fjala.info\\\/2009-2015\\\/\",\"logo\":{\"@type\":\"ImageObject\",\"inLanguage\":\"sq-AL\",\"@id\":\"https:\\\/\\\/fjala.info\\\/2009-2015\\\/#\\\/schema\\\/logo\\\/image\\\/\",\"url\":\"\",\"contentUrl\":\"\",\"caption\":\"FjALA e LIR\u00cb - Arkivi\"},\"image\":{\"@id\":\"https:\\\/\\\/fjala.info\\\/2009-2015\\\/#\\\/schema\\\/logo\\\/image\\\/\"}},{\"@type\":\"Person\",\"@id\":\"https:\\\/\\\/fjala.info\\\/2009-2015\\\/#\\\/schema\\\/person\\\/3aa1163ef05469c496fc94e77611ada2\",\"name\":\"admin\",\"image\":{\"@type\":\"ImageObject\",\"inLanguage\":\"sq-AL\",\"@id\":\"https:\\\/\\\/fjala.info\\\/2009-2015\\\/wp-content\\\/uploads\\\/2012\\\/02\\\/arben_cokaj-120x150.jpg\",\"url\":\"https:\\\/\\\/fjala.info\\\/2009-2015\\\/wp-content\\\/uploads\\\/2012\\\/02\\\/arben_cokaj-120x150.jpg\",\"contentUrl\":\"https:\\\/\\\/fjala.info\\\/2009-2015\\\/wp-content\\\/uploads\\\/2012\\\/02\\\/arben_cokaj-120x150.jpg\",\"caption\":\"admin\"},\"description\":\"Admin, Fjala e Lir\u00eb\",\"sameAs\":[\"https:\\\/\\\/fjala.info\\\/\"],\"url\":\"https:\\\/\\\/fjala.info\\\/2009-2015\\\/author\\\/admin\\\/\"}]}<\/script>\n<!-- \/ Yoast SEO plugin. -->","yoast_head_json":{"title":"N\u00ebpun\u00ebs do t\u00eb festojn\u00eb p\u00ebr t\u00eb papun\u00ebt - FjALA e LIR\u00cb - Arkivi","robots":{"index":"index","follow":"follow","max-snippet":"max-snippet:-1","max-image-preview":"max-image-preview:large","max-video-preview":"max-video-preview:-1"},"canonical":"https:\/\/fjala.info\/2009-2015\/nepunes-do-te-festojne-per-te-papunet\/","og_locale":"sq_AL","og_type":"article","og_title":"N\u00ebpun\u00ebs do t\u00eb festojn\u00eb p\u00ebr t\u00eb papun\u00ebt - FjALA e LIR\u00cb - Arkivi","og_description":"nga Pre\u00e7 Zogaj, 29 Prill 2010 N\u00eb dat\u00ebn 1 maj, nj\u00eb dit\u00eb pas protest\u00ebs s\u00eb opozit\u00ebs, qeveria ka planifikuar t\u00eb organizoj\u00eb n\u00eb Tiran\u00eb nj\u00eb koncert festiv, t\u00eb cilin do ta paraqes\u00eb si nj\u00eb miting t\u00eb mb\u00ebshtetesve t\u00eb saj, ashtu si\u00e7 b\u00ebri n\u00eb 8 dhjetor t\u00eb vitit t\u00eb kaluar. Q\u00ebllimi \u00ebsht\u00eb po ai: t\u00eb kund\u00ebrballancohet protesta [&hellip;]","og_url":"https:\/\/fjala.info\/2009-2015\/nepunes-do-te-festojne-per-te-papunet\/","og_site_name":"FjALA e LIR\u00cb - Arkivi","article_published_time":"2010-04-29T21:27:40+00:00","og_image":[{"url":"http:\/\/www.shkoder.net\/images\/fjala\/prec_zogaj.jpg","type":"","width":"","height":""}],"author":"admin","twitter_card":"summary_large_image","twitter_misc":{"Written by":"admin","Est. reading time":"7 minutes"},"schema":{"@context":"https:\/\/schema.org","@graph":[{"@type":"Article","@id":"https:\/\/fjala.info\/2009-2015\/nepunes-do-te-festojne-per-te-papunet\/#article","isPartOf":{"@id":"https:\/\/fjala.info\/2009-2015\/nepunes-do-te-festojne-per-te-papunet\/"},"author":{"name":"admin","@id":"https:\/\/fjala.info\/2009-2015\/#\/schema\/person\/3aa1163ef05469c496fc94e77611ada2"},"headline":"N\u00ebpun\u00ebs do t\u00eb festojn\u00eb p\u00ebr t\u00eb papun\u00ebt","datePublished":"2010-04-29T21:27:40+00:00","mainEntityOfPage":{"@id":"https:\/\/fjala.info\/2009-2015\/nepunes-do-te-festojne-per-te-papunet\/"},"wordCount":1378,"commentCount":0,"publisher":{"@id":"https:\/\/fjala.info\/2009-2015\/#organization"},"image":{"@id":"https:\/\/fjala.info\/2009-2015\/nepunes-do-te-festojne-per-te-papunet\/#primaryimage"},"thumbnailUrl":"http:\/\/www.shkoder.net\/images\/fjala\/prec_zogaj.jpg","articleSection":["Artikuj"],"inLanguage":"sq-AL","potentialAction":[{"@type":"CommentAction","name":"Comment","target":["https:\/\/fjala.info\/2009-2015\/nepunes-do-te-festojne-per-te-papunet\/#respond"]}]},{"@type":"WebPage","@id":"https:\/\/fjala.info\/2009-2015\/nepunes-do-te-festojne-per-te-papunet\/","url":"https:\/\/fjala.info\/2009-2015\/nepunes-do-te-festojne-per-te-papunet\/","name":"N\u00ebpun\u00ebs do t\u00eb festojn\u00eb p\u00ebr t\u00eb papun\u00ebt - FjALA e LIR\u00cb - Arkivi","isPartOf":{"@id":"https:\/\/fjala.info\/2009-2015\/#website"},"primaryImageOfPage":{"@id":"https:\/\/fjala.info\/2009-2015\/nepunes-do-te-festojne-per-te-papunet\/#primaryimage"},"image":{"@id":"https:\/\/fjala.info\/2009-2015\/nepunes-do-te-festojne-per-te-papunet\/#primaryimage"},"thumbnailUrl":"http:\/\/www.shkoder.net\/images\/fjala\/prec_zogaj.jpg","datePublished":"2010-04-29T21:27:40+00:00","breadcrumb":{"@id":"https:\/\/fjala.info\/2009-2015\/nepunes-do-te-festojne-per-te-papunet\/#breadcrumb"},"inLanguage":"sq-AL","potentialAction":[{"@type":"ReadAction","target":["https:\/\/fjala.info\/2009-2015\/nepunes-do-te-festojne-per-te-papunet\/"]}]},{"@type":"ImageObject","inLanguage":"sq-AL","@id":"https:\/\/fjala.info\/2009-2015\/nepunes-do-te-festojne-per-te-papunet\/#primaryimage","url":"http:\/\/www.shkoder.net\/images\/fjala\/prec_zogaj.jpg","contentUrl":"http:\/\/www.shkoder.net\/images\/fjala\/prec_zogaj.jpg"},{"@type":"BreadcrumbList","@id":"https:\/\/fjala.info\/2009-2015\/nepunes-do-te-festojne-per-te-papunet\/#breadcrumb","itemListElement":[{"@type":"ListItem","position":1,"name":"Home","item":"https:\/\/fjala.info\/2009-2015\/"},{"@type":"ListItem","position":2,"name":"N\u00ebpun\u00ebs do t\u00eb festojn\u00eb p\u00ebr t\u00eb papun\u00ebt"}]},{"@type":"WebSite","@id":"https:\/\/fjala.info\/2009-2015\/#website","url":"https:\/\/fjala.info\/2009-2015\/","name":"FjALA e LIR\u00cb - Arkivi","description":"Arkivi 2009-2015","publisher":{"@id":"https:\/\/fjala.info\/2009-2015\/#organization"},"potentialAction":[{"@type":"SearchAction","target":{"@type":"EntryPoint","urlTemplate":"https:\/\/fjala.info\/2009-2015\/?s={search_term_string}"},"query-input":{"@type":"PropertyValueSpecification","valueRequired":true,"valueName":"search_term_string"}}],"inLanguage":"sq-AL"},{"@type":"Organization","@id":"https:\/\/fjala.info\/2009-2015\/#organization","name":"FjALA e LIR\u00cb - Arkivi","url":"https:\/\/fjala.info\/2009-2015\/","logo":{"@type":"ImageObject","inLanguage":"sq-AL","@id":"https:\/\/fjala.info\/2009-2015\/#\/schema\/logo\/image\/","url":"","contentUrl":"","caption":"FjALA e LIR\u00cb - Arkivi"},"image":{"@id":"https:\/\/fjala.info\/2009-2015\/#\/schema\/logo\/image\/"}},{"@type":"Person","@id":"https:\/\/fjala.info\/2009-2015\/#\/schema\/person\/3aa1163ef05469c496fc94e77611ada2","name":"admin","image":{"@type":"ImageObject","inLanguage":"sq-AL","@id":"https:\/\/fjala.info\/2009-2015\/wp-content\/uploads\/2012\/02\/arben_cokaj-120x150.jpg","url":"https:\/\/fjala.info\/2009-2015\/wp-content\/uploads\/2012\/02\/arben_cokaj-120x150.jpg","contentUrl":"https:\/\/fjala.info\/2009-2015\/wp-content\/uploads\/2012\/02\/arben_cokaj-120x150.jpg","caption":"admin"},"description":"Admin, Fjala e Lir\u00eb","sameAs":["https:\/\/fjala.info\/"],"url":"https:\/\/fjala.info\/2009-2015\/author\/admin\/"}]}},"_links":{"self":[{"href":"https:\/\/fjala.info\/2009-2015\/wp-json\/wp\/v2\/posts\/2407","targetHints":{"allow":["GET"]}}],"collection":[{"href":"https:\/\/fjala.info\/2009-2015\/wp-json\/wp\/v2\/posts"}],"about":[{"href":"https:\/\/fjala.info\/2009-2015\/wp-json\/wp\/v2\/types\/post"}],"author":[{"embeddable":true,"href":"https:\/\/fjala.info\/2009-2015\/wp-json\/wp\/v2\/users\/1"}],"replies":[{"embeddable":true,"href":"https:\/\/fjala.info\/2009-2015\/wp-json\/wp\/v2\/comments?post=2407"}],"version-history":[{"count":0,"href":"https:\/\/fjala.info\/2009-2015\/wp-json\/wp\/v2\/posts\/2407\/revisions"}],"wp:attachment":[{"href":"https:\/\/fjala.info\/2009-2015\/wp-json\/wp\/v2\/media?parent=2407"}],"wp:term":[{"taxonomy":"category","embeddable":true,"href":"https:\/\/fjala.info\/2009-2015\/wp-json\/wp\/v2\/categories?post=2407"},{"taxonomy":"post_tag","embeddable":true,"href":"https:\/\/fjala.info\/2009-2015\/wp-json\/wp\/v2\/tags?post=2407"}],"curies":[{"name":"wp","href":"https:\/\/api.w.org\/{rel}","templated":true}]}}