{"id":2406,"date":"2012-04-09T08:25:24","date_gmt":"2012-04-09T07:25:24","guid":{"rendered":"http:\/\/fjala.shkoder.net\/?p=2406"},"modified":"2012-04-09T08:25:24","modified_gmt":"2012-04-09T07:25:24","slug":"aksidentet-o-ooo-cfare-krimi-cfare-turpi","status":"publish","type":"post","link":"https:\/\/fjala.info\/2009-2015\/aksidentet-o-ooo-cfare-krimi-cfare-turpi\/","title":{"rendered":"Aksidentet&#8230; O\u2026 ooo, \u00e7far\u00eb krimi, \u00e7far\u00eb turpi!"},"content":{"rendered":"<p><img decoding=\"async\" class=\"alignright size-thumbnail wp-image-7236\" title=\"Aksidente trafiku\" src=\"http:\/\/www.shkoder.net\/2012\/accident_audi.jpg\" alt=\"\" width=\"300\" \/> Nga <strong>Ded\u00eb Shkurti<\/strong>7 Prill, 2012<\/p>\n<p>Tema, dt., 06.04.2012: \u201c<em>Tiran\u00eb, e godet makina, gjen vdekjen f\u00ebmija 5 vje\u00e7<\/em>\u201d.<br \/>\nBalkan Web, dt.06.04.2012: \u201c<em>Lushnje, furgoni p\u00ebrplas 3 f\u00ebmij\u00eb, po shkonin n\u00eb shkoll\u00eb<\/em>\u201d.<br \/>\nABC News, ora 12.00 A.M: \u201c<em>Aksident n\u00eb Fush\u00eb Kruj\u00eb-Milot, vdes polici i burgut<\/em>\u201d.<\/p>\n<p>Kjo \u00ebsht\u00eb masakra rrugore e radh\u00ebs, vet\u00ebm n\u00eb gjysm\u00ebn e par\u00eb t\u00eb dit\u00ebs me 06 prill 2012. E premte e zez\u00eb, pik\u00ebrisht n\u00eb nj\u00eb t\u00eb premte si kjo, Pons Pilati lau duart dhe Krishti u vu n\u00eb kryq.<\/p>\n<p>Afro dy muaj m\u00eb par\u00eb, Pilat\u00ebt e Kuvendit t\u00eb Shqip\u00ebris\u00eb \u201clan\u00eb duart\u201d me nj\u00eb palo Kod Rrugor p\u00ebr t\u2019i hedhur hi syve Bashkimit Europian se po miratojn\u00eb me konsensus ligjet me tre t\u00eb pestat, p\u00ebr t\u2019i hapur rrug\u00eb vendit p\u00ebr t\u00eb filluar bisedimet p\u00ebr statusin e vendit kandidat p\u00ebr n\u00eb Europ\u00ebn Komunitare.<\/p>\n<p>A ekziston vall\u00eb ndonj\u00eb lidership i \u00e7mendur Europe q\u00eb t\u00eb na pranoj\u00eb n\u00eb k\u00ebt\u00eb far\u00eb gjendjeje q\u00eb jemi katandisur? Vazhdoj t\u00eb besoj si i verb\u00ebr se, si un\u00eb jan\u00eb shumica e qytetar\u00ebve t\u00eb k\u00ebtij vendi q\u00eb jan\u00eb t\u00eb shokuar nga kjo zezon\u00eb q\u00eb s\u2019po na ndahet p\u00ebr m\u00eb shum\u00eb se dy dekada. S\u00eb bashku me ta do t\u00eb prisja nj\u00eb lajm, apo t\u00eb pakt\u00ebn nj\u00eb gjest q\u00eb, me sa duket, nuk do t\u00eb vij\u00eb kurr\u00eb:<\/p>\n<p>Kuvendi u mblodh n\u00eb nj\u00eb seanc\u00eb t\u00eb jasht\u00ebzakonshme plenare dhe e shpalli T\u00eb Shtun\u00ebn e Madhe, dit\u00ebn e varrimit t\u00eb viktimave t\u00eb Kodit t\u00eb tyre Rrugor si dit\u00eb zie. T\u00eb dilte Ministri i Brendsh\u00ebm, Drejtori i P\u00ebrgjithsh\u00ebm i Policis\u00eb, Kryekontrollori i Policis\u00eb Rrugore dhe t\u00eb jepnin dor\u00ebheqjen , ndoshta dhe t\u00eb vet\u00ebdor\u00ebzoheshin n\u00eb Prokurori. Shteti shqiptar ka falimentuar, trafiku rrugor esht\u00eb n\u00eb anarki t\u00eb plot\u00eb.<\/p>\n<p>Jozefin\u00ebs, i rrofshin fjal\u00ebt e bukura p\u00ebr t\u00eb ndritur\u00ebn Esmeralda, kurbani i radh\u00ebs, i pafajsh\u00ebm n\u00eb kasaphanat rrugore, me shiritat e prer\u00eb n\u00eb sezonet respektive elektorale. Si sot , kat\u00ebrmb\u00ebdhjet\u00eb vite m\u00eb par\u00eb, n\u00eb kulmin e nj\u00eb tragjedie familjare, objekt i nj\u00eb aksidenti automobilistik, me lot dhe gjak p\u00ebrzier kam shkruar k\u00ebt\u00eb vjersh\u00eb:<\/p>\n<blockquote><p><strong>E SHTUNA E MADHE NE SHQIP\u00cbRI<\/strong><\/p>\n<p><em>Kryqet dhe gozhd\u00ebt jan\u00eb gati<br \/>\nBarabat, t\u00eb gjith\u00eb n\u00eb amnisti<br \/>\nDorezat ka veshur Pilati<br \/>\nMariet jan\u00eb veshur n\u00eb zi.<\/em><\/p>\n<p>Nj\u00eb z\u00eb Kallashi turmat i mbledh<br \/>\nApostuj t\u00eb rrem\u00eb n\u00eb foltore<br \/>\nGolgot\u00eb \u00ebsht\u00eb \u00e7do brinj\u00eb, \u00e7do ledh<br \/>\nKalvar\u00ebt, di\u00e7ka monotone.<\/p>\n<p>N\u00eb kryq, n\u00eb kryq!, \u2013 th\u00ebrret turma<br \/>\nBarabat fytyrat me maska<br \/>\nApostujt k\u00ebrkojn\u00eb mandate n\u00eb tribuna<br \/>\nT\u00eb shtun\u00ebn e Pashk\u00ebve.<\/p>\n<p>Jezusi, sot \u00ebsht\u00eb i vdekur<br \/>\nPrap\u00eb nes\u00ebr s\u2019do t\u00eb ket\u00eb Ringjallje<br \/>\nE tmerrshme<br \/>\nDit\u00ebnata shqiptare kangecur<br \/>\nN\u00eb nj\u00eb T\u00eb Shtun\u00eb t\u00eb Madhe!<\/p><\/blockquote>\n","protected":false},"excerpt":{"rendered":"<p>Nga Ded\u00eb Shkurti7 Prill, 2012 Tema, dt., 06.04.2012: \u201cTiran\u00eb, e godet makina, gjen vdekjen f\u00ebmija 5 vje\u00e7\u201d. Balkan Web, dt.06.04.2012: \u201cLushnje, furgoni p\u00ebrplas 3 f\u00ebmij\u00eb, po shkonin n\u00eb shkoll\u00eb\u201d. ABC News, ora 12.00 A.M: \u201cAksident n\u00eb Fush\u00eb Kruj\u00eb-Milot, vdes polici i burgut\u201d. Kjo \u00ebsht\u00eb masakra rrugore e radh\u00ebs, vet\u00ebm n\u00eb gjysm\u00ebn e par\u00eb t\u00eb dit\u00ebs [&hellip;]<\/p>\n","protected":false},"author":1,"featured_media":0,"comment_status":"open","ping_status":"closed","sticky":false,"template":"","format":"standard","meta":{"footnotes":""},"categories":[2],"tags":[],"class_list":{"0":"post-2406","1":"post","2":"type-post","3":"status-publish","4":"format-standard","6":"category-artikuj"},"yoast_head":"<!-- This site is optimized with the Yoast SEO plugin v27.4 - https:\/\/yoast.com\/product\/yoast-seo-wordpress\/ -->\n<title>Aksidentet... O\u2026 ooo, \u00e7far\u00eb krimi, \u00e7far\u00eb turpi! - FjALA e LIR\u00cb - Arkivi<\/title>\n<meta name=\"robots\" content=\"index, follow, max-snippet:-1, max-image-preview:large, max-video-preview:-1\" \/>\n<link rel=\"canonical\" href=\"https:\/\/fjala.info\/2009-2015\/aksidentet-o-ooo-cfare-krimi-cfare-turpi\/\" \/>\n<meta property=\"og:locale\" content=\"sq_AL\" \/>\n<meta property=\"og:type\" content=\"article\" \/>\n<meta property=\"og:title\" content=\"Aksidentet... O\u2026 ooo, \u00e7far\u00eb krimi, \u00e7far\u00eb turpi! - FjALA e LIR\u00cb - Arkivi\" \/>\n<meta property=\"og:description\" content=\"Nga Ded\u00eb Shkurti7 Prill, 2012 Tema, dt., 06.04.2012: \u201cTiran\u00eb, e godet makina, gjen vdekjen f\u00ebmija 5 vje\u00e7\u201d. Balkan Web, dt.06.04.2012: \u201cLushnje, furgoni p\u00ebrplas 3 f\u00ebmij\u00eb, po shkonin n\u00eb shkoll\u00eb\u201d. ABC News, ora 12.00 A.M: \u201cAksident n\u00eb Fush\u00eb Kruj\u00eb-Milot, vdes polici i burgut\u201d. Kjo \u00ebsht\u00eb masakra rrugore e radh\u00ebs, vet\u00ebm n\u00eb gjysm\u00ebn e par\u00eb t\u00eb dit\u00ebs [&hellip;]\" \/>\n<meta property=\"og:url\" content=\"https:\/\/fjala.info\/2009-2015\/aksidentet-o-ooo-cfare-krimi-cfare-turpi\/\" \/>\n<meta property=\"og:site_name\" content=\"FjALA e LIR\u00cb - Arkivi\" \/>\n<meta property=\"article:published_time\" content=\"2012-04-09T07:25:24+00:00\" \/>\n<meta property=\"og:image\" content=\"http:\/\/www.shkoder.net\/2012\/accident_audi.jpg\" \/>\n<meta name=\"author\" content=\"admin\" \/>\n<meta name=\"twitter:card\" content=\"summary_large_image\" \/>\n<meta name=\"twitter:label1\" content=\"Written by\" \/>\n\t<meta name=\"twitter:data1\" content=\"admin\" \/>\n\t<meta name=\"twitter:label2\" content=\"Est. reading time\" \/>\n\t<meta name=\"twitter:data2\" content=\"2 minutes\" \/>\n<script type=\"application\/ld+json\" class=\"yoast-schema-graph\">{\"@context\":\"https:\\\/\\\/schema.org\",\"@graph\":[{\"@type\":\"Article\",\"@id\":\"https:\\\/\\\/fjala.info\\\/2009-2015\\\/aksidentet-o-ooo-cfare-krimi-cfare-turpi\\\/#article\",\"isPartOf\":{\"@id\":\"https:\\\/\\\/fjala.info\\\/2009-2015\\\/aksidentet-o-ooo-cfare-krimi-cfare-turpi\\\/\"},\"author\":{\"name\":\"admin\",\"@id\":\"https:\\\/\\\/fjala.info\\\/2009-2015\\\/#\\\/schema\\\/person\\\/3aa1163ef05469c496fc94e77611ada2\"},\"headline\":\"Aksidentet&#8230; O\u2026 ooo, \u00e7far\u00eb krimi, \u00e7far\u00eb turpi!\",\"datePublished\":\"2012-04-09T07:25:24+00:00\",\"mainEntityOfPage\":{\"@id\":\"https:\\\/\\\/fjala.info\\\/2009-2015\\\/aksidentet-o-ooo-cfare-krimi-cfare-turpi\\\/\"},\"wordCount\":466,\"commentCount\":0,\"publisher\":{\"@id\":\"https:\\\/\\\/fjala.info\\\/2009-2015\\\/#organization\"},\"image\":{\"@id\":\"https:\\\/\\\/fjala.info\\\/2009-2015\\\/aksidentet-o-ooo-cfare-krimi-cfare-turpi\\\/#primaryimage\"},\"thumbnailUrl\":\"http:\\\/\\\/www.shkoder.net\\\/2012\\\/accident_audi.jpg\",\"articleSection\":[\"Artikuj\"],\"inLanguage\":\"sq-AL\",\"potentialAction\":[{\"@type\":\"CommentAction\",\"name\":\"Comment\",\"target\":[\"https:\\\/\\\/fjala.info\\\/2009-2015\\\/aksidentet-o-ooo-cfare-krimi-cfare-turpi\\\/#respond\"]}]},{\"@type\":\"WebPage\",\"@id\":\"https:\\\/\\\/fjala.info\\\/2009-2015\\\/aksidentet-o-ooo-cfare-krimi-cfare-turpi\\\/\",\"url\":\"https:\\\/\\\/fjala.info\\\/2009-2015\\\/aksidentet-o-ooo-cfare-krimi-cfare-turpi\\\/\",\"name\":\"Aksidentet... O\u2026 ooo, \u00e7far\u00eb krimi, \u00e7far\u00eb turpi! - FjALA e LIR\u00cb - Arkivi\",\"isPartOf\":{\"@id\":\"https:\\\/\\\/fjala.info\\\/2009-2015\\\/#website\"},\"primaryImageOfPage\":{\"@id\":\"https:\\\/\\\/fjala.info\\\/2009-2015\\\/aksidentet-o-ooo-cfare-krimi-cfare-turpi\\\/#primaryimage\"},\"image\":{\"@id\":\"https:\\\/\\\/fjala.info\\\/2009-2015\\\/aksidentet-o-ooo-cfare-krimi-cfare-turpi\\\/#primaryimage\"},\"thumbnailUrl\":\"http:\\\/\\\/www.shkoder.net\\\/2012\\\/accident_audi.jpg\",\"datePublished\":\"2012-04-09T07:25:24+00:00\",\"breadcrumb\":{\"@id\":\"https:\\\/\\\/fjala.info\\\/2009-2015\\\/aksidentet-o-ooo-cfare-krimi-cfare-turpi\\\/#breadcrumb\"},\"inLanguage\":\"sq-AL\",\"potentialAction\":[{\"@type\":\"ReadAction\",\"target\":[\"https:\\\/\\\/fjala.info\\\/2009-2015\\\/aksidentet-o-ooo-cfare-krimi-cfare-turpi\\\/\"]}]},{\"@type\":\"ImageObject\",\"inLanguage\":\"sq-AL\",\"@id\":\"https:\\\/\\\/fjala.info\\\/2009-2015\\\/aksidentet-o-ooo-cfare-krimi-cfare-turpi\\\/#primaryimage\",\"url\":\"http:\\\/\\\/www.shkoder.net\\\/2012\\\/accident_audi.jpg\",\"contentUrl\":\"http:\\\/\\\/www.shkoder.net\\\/2012\\\/accident_audi.jpg\"},{\"@type\":\"BreadcrumbList\",\"@id\":\"https:\\\/\\\/fjala.info\\\/2009-2015\\\/aksidentet-o-ooo-cfare-krimi-cfare-turpi\\\/#breadcrumb\",\"itemListElement\":[{\"@type\":\"ListItem\",\"position\":1,\"name\":\"Home\",\"item\":\"https:\\\/\\\/fjala.info\\\/2009-2015\\\/\"},{\"@type\":\"ListItem\",\"position\":2,\"name\":\"Aksidentet&#8230; O\u2026 ooo, \u00e7far\u00eb krimi, \u00e7far\u00eb turpi!\"}]},{\"@type\":\"WebSite\",\"@id\":\"https:\\\/\\\/fjala.info\\\/2009-2015\\\/#website\",\"url\":\"https:\\\/\\\/fjala.info\\\/2009-2015\\\/\",\"name\":\"FjALA e LIR\u00cb - Arkivi\",\"description\":\"Arkivi 2009-2015\",\"publisher\":{\"@id\":\"https:\\\/\\\/fjala.info\\\/2009-2015\\\/#organization\"},\"potentialAction\":[{\"@type\":\"SearchAction\",\"target\":{\"@type\":\"EntryPoint\",\"urlTemplate\":\"https:\\\/\\\/fjala.info\\\/2009-2015\\\/?s={search_term_string}\"},\"query-input\":{\"@type\":\"PropertyValueSpecification\",\"valueRequired\":true,\"valueName\":\"search_term_string\"}}],\"inLanguage\":\"sq-AL\"},{\"@type\":\"Organization\",\"@id\":\"https:\\\/\\\/fjala.info\\\/2009-2015\\\/#organization\",\"name\":\"FjALA e LIR\u00cb - Arkivi\",\"url\":\"https:\\\/\\\/fjala.info\\\/2009-2015\\\/\",\"logo\":{\"@type\":\"ImageObject\",\"inLanguage\":\"sq-AL\",\"@id\":\"https:\\\/\\\/fjala.info\\\/2009-2015\\\/#\\\/schema\\\/logo\\\/image\\\/\",\"url\":\"\",\"contentUrl\":\"\",\"caption\":\"FjALA e LIR\u00cb - Arkivi\"},\"image\":{\"@id\":\"https:\\\/\\\/fjala.info\\\/2009-2015\\\/#\\\/schema\\\/logo\\\/image\\\/\"}},{\"@type\":\"Person\",\"@id\":\"https:\\\/\\\/fjala.info\\\/2009-2015\\\/#\\\/schema\\\/person\\\/3aa1163ef05469c496fc94e77611ada2\",\"name\":\"admin\",\"image\":{\"@type\":\"ImageObject\",\"inLanguage\":\"sq-AL\",\"@id\":\"https:\\\/\\\/fjala.info\\\/2009-2015\\\/wp-content\\\/uploads\\\/2012\\\/02\\\/arben_cokaj-120x150.jpg\",\"url\":\"https:\\\/\\\/fjala.info\\\/2009-2015\\\/wp-content\\\/uploads\\\/2012\\\/02\\\/arben_cokaj-120x150.jpg\",\"contentUrl\":\"https:\\\/\\\/fjala.info\\\/2009-2015\\\/wp-content\\\/uploads\\\/2012\\\/02\\\/arben_cokaj-120x150.jpg\",\"caption\":\"admin\"},\"description\":\"Admin, Fjala e Lir\u00eb\",\"sameAs\":[\"https:\\\/\\\/fjala.info\\\/\"],\"url\":\"https:\\\/\\\/fjala.info\\\/2009-2015\\\/author\\\/admin\\\/\"}]}<\/script>\n<!-- \/ Yoast SEO plugin. -->","yoast_head_json":{"title":"Aksidentet... O\u2026 ooo, \u00e7far\u00eb krimi, \u00e7far\u00eb turpi! - FjALA e LIR\u00cb - Arkivi","robots":{"index":"index","follow":"follow","max-snippet":"max-snippet:-1","max-image-preview":"max-image-preview:large","max-video-preview":"max-video-preview:-1"},"canonical":"https:\/\/fjala.info\/2009-2015\/aksidentet-o-ooo-cfare-krimi-cfare-turpi\/","og_locale":"sq_AL","og_type":"article","og_title":"Aksidentet... O\u2026 ooo, \u00e7far\u00eb krimi, \u00e7far\u00eb turpi! - FjALA e LIR\u00cb - Arkivi","og_description":"Nga Ded\u00eb Shkurti7 Prill, 2012 Tema, dt., 06.04.2012: \u201cTiran\u00eb, e godet makina, gjen vdekjen f\u00ebmija 5 vje\u00e7\u201d. Balkan Web, dt.06.04.2012: \u201cLushnje, furgoni p\u00ebrplas 3 f\u00ebmij\u00eb, po shkonin n\u00eb shkoll\u00eb\u201d. ABC News, ora 12.00 A.M: \u201cAksident n\u00eb Fush\u00eb Kruj\u00eb-Milot, vdes polici i burgut\u201d. Kjo \u00ebsht\u00eb masakra rrugore e radh\u00ebs, vet\u00ebm n\u00eb gjysm\u00ebn e par\u00eb t\u00eb dit\u00ebs [&hellip;]","og_url":"https:\/\/fjala.info\/2009-2015\/aksidentet-o-ooo-cfare-krimi-cfare-turpi\/","og_site_name":"FjALA e LIR\u00cb - Arkivi","article_published_time":"2012-04-09T07:25:24+00:00","og_image":[{"url":"http:\/\/www.shkoder.net\/2012\/accident_audi.jpg","type":"","width":"","height":""}],"author":"admin","twitter_card":"summary_large_image","twitter_misc":{"Written by":"admin","Est. reading time":"2 minutes"},"schema":{"@context":"https:\/\/schema.org","@graph":[{"@type":"Article","@id":"https:\/\/fjala.info\/2009-2015\/aksidentet-o-ooo-cfare-krimi-cfare-turpi\/#article","isPartOf":{"@id":"https:\/\/fjala.info\/2009-2015\/aksidentet-o-ooo-cfare-krimi-cfare-turpi\/"},"author":{"name":"admin","@id":"https:\/\/fjala.info\/2009-2015\/#\/schema\/person\/3aa1163ef05469c496fc94e77611ada2"},"headline":"Aksidentet&#8230; O\u2026 ooo, \u00e7far\u00eb krimi, \u00e7far\u00eb turpi!","datePublished":"2012-04-09T07:25:24+00:00","mainEntityOfPage":{"@id":"https:\/\/fjala.info\/2009-2015\/aksidentet-o-ooo-cfare-krimi-cfare-turpi\/"},"wordCount":466,"commentCount":0,"publisher":{"@id":"https:\/\/fjala.info\/2009-2015\/#organization"},"image":{"@id":"https:\/\/fjala.info\/2009-2015\/aksidentet-o-ooo-cfare-krimi-cfare-turpi\/#primaryimage"},"thumbnailUrl":"http:\/\/www.shkoder.net\/2012\/accident_audi.jpg","articleSection":["Artikuj"],"inLanguage":"sq-AL","potentialAction":[{"@type":"CommentAction","name":"Comment","target":["https:\/\/fjala.info\/2009-2015\/aksidentet-o-ooo-cfare-krimi-cfare-turpi\/#respond"]}]},{"@type":"WebPage","@id":"https:\/\/fjala.info\/2009-2015\/aksidentet-o-ooo-cfare-krimi-cfare-turpi\/","url":"https:\/\/fjala.info\/2009-2015\/aksidentet-o-ooo-cfare-krimi-cfare-turpi\/","name":"Aksidentet... O\u2026 ooo, \u00e7far\u00eb krimi, \u00e7far\u00eb turpi! - FjALA e LIR\u00cb - Arkivi","isPartOf":{"@id":"https:\/\/fjala.info\/2009-2015\/#website"},"primaryImageOfPage":{"@id":"https:\/\/fjala.info\/2009-2015\/aksidentet-o-ooo-cfare-krimi-cfare-turpi\/#primaryimage"},"image":{"@id":"https:\/\/fjala.info\/2009-2015\/aksidentet-o-ooo-cfare-krimi-cfare-turpi\/#primaryimage"},"thumbnailUrl":"http:\/\/www.shkoder.net\/2012\/accident_audi.jpg","datePublished":"2012-04-09T07:25:24+00:00","breadcrumb":{"@id":"https:\/\/fjala.info\/2009-2015\/aksidentet-o-ooo-cfare-krimi-cfare-turpi\/#breadcrumb"},"inLanguage":"sq-AL","potentialAction":[{"@type":"ReadAction","target":["https:\/\/fjala.info\/2009-2015\/aksidentet-o-ooo-cfare-krimi-cfare-turpi\/"]}]},{"@type":"ImageObject","inLanguage":"sq-AL","@id":"https:\/\/fjala.info\/2009-2015\/aksidentet-o-ooo-cfare-krimi-cfare-turpi\/#primaryimage","url":"http:\/\/www.shkoder.net\/2012\/accident_audi.jpg","contentUrl":"http:\/\/www.shkoder.net\/2012\/accident_audi.jpg"},{"@type":"BreadcrumbList","@id":"https:\/\/fjala.info\/2009-2015\/aksidentet-o-ooo-cfare-krimi-cfare-turpi\/#breadcrumb","itemListElement":[{"@type":"ListItem","position":1,"name":"Home","item":"https:\/\/fjala.info\/2009-2015\/"},{"@type":"ListItem","position":2,"name":"Aksidentet&#8230; O\u2026 ooo, \u00e7far\u00eb krimi, \u00e7far\u00eb turpi!"}]},{"@type":"WebSite","@id":"https:\/\/fjala.info\/2009-2015\/#website","url":"https:\/\/fjala.info\/2009-2015\/","name":"FjALA e LIR\u00cb - Arkivi","description":"Arkivi 2009-2015","publisher":{"@id":"https:\/\/fjala.info\/2009-2015\/#organization"},"potentialAction":[{"@type":"SearchAction","target":{"@type":"EntryPoint","urlTemplate":"https:\/\/fjala.info\/2009-2015\/?s={search_term_string}"},"query-input":{"@type":"PropertyValueSpecification","valueRequired":true,"valueName":"search_term_string"}}],"inLanguage":"sq-AL"},{"@type":"Organization","@id":"https:\/\/fjala.info\/2009-2015\/#organization","name":"FjALA e LIR\u00cb - Arkivi","url":"https:\/\/fjala.info\/2009-2015\/","logo":{"@type":"ImageObject","inLanguage":"sq-AL","@id":"https:\/\/fjala.info\/2009-2015\/#\/schema\/logo\/image\/","url":"","contentUrl":"","caption":"FjALA e LIR\u00cb - Arkivi"},"image":{"@id":"https:\/\/fjala.info\/2009-2015\/#\/schema\/logo\/image\/"}},{"@type":"Person","@id":"https:\/\/fjala.info\/2009-2015\/#\/schema\/person\/3aa1163ef05469c496fc94e77611ada2","name":"admin","image":{"@type":"ImageObject","inLanguage":"sq-AL","@id":"https:\/\/fjala.info\/2009-2015\/wp-content\/uploads\/2012\/02\/arben_cokaj-120x150.jpg","url":"https:\/\/fjala.info\/2009-2015\/wp-content\/uploads\/2012\/02\/arben_cokaj-120x150.jpg","contentUrl":"https:\/\/fjala.info\/2009-2015\/wp-content\/uploads\/2012\/02\/arben_cokaj-120x150.jpg","caption":"admin"},"description":"Admin, Fjala e Lir\u00eb","sameAs":["https:\/\/fjala.info\/"],"url":"https:\/\/fjala.info\/2009-2015\/author\/admin\/"}]}},"_links":{"self":[{"href":"https:\/\/fjala.info\/2009-2015\/wp-json\/wp\/v2\/posts\/2406","targetHints":{"allow":["GET"]}}],"collection":[{"href":"https:\/\/fjala.info\/2009-2015\/wp-json\/wp\/v2\/posts"}],"about":[{"href":"https:\/\/fjala.info\/2009-2015\/wp-json\/wp\/v2\/types\/post"}],"author":[{"embeddable":true,"href":"https:\/\/fjala.info\/2009-2015\/wp-json\/wp\/v2\/users\/1"}],"replies":[{"embeddable":true,"href":"https:\/\/fjala.info\/2009-2015\/wp-json\/wp\/v2\/comments?post=2406"}],"version-history":[{"count":0,"href":"https:\/\/fjala.info\/2009-2015\/wp-json\/wp\/v2\/posts\/2406\/revisions"}],"wp:attachment":[{"href":"https:\/\/fjala.info\/2009-2015\/wp-json\/wp\/v2\/media?parent=2406"}],"wp:term":[{"taxonomy":"category","embeddable":true,"href":"https:\/\/fjala.info\/2009-2015\/wp-json\/wp\/v2\/categories?post=2406"},{"taxonomy":"post_tag","embeddable":true,"href":"https:\/\/fjala.info\/2009-2015\/wp-json\/wp\/v2\/tags?post=2406"}],"curies":[{"name":"wp","href":"https:\/\/api.w.org\/{rel}","templated":true}]}}