{"id":2405,"date":"2010-04-29T22:23:21","date_gmt":"2010-04-29T21:23:21","guid":{"rendered":"http:\/\/fjala.shkoder.net\/?p=2405"},"modified":"2010-04-29T22:23:21","modified_gmt":"2010-04-29T21:23:21","slug":"do-ta-thelloje-pushteti-kontrollin-mbi-institucionet","status":"publish","type":"post","link":"https:\/\/fjala.info\/2009-2015\/do-ta-thelloje-pushteti-kontrollin-mbi-institucionet\/","title":{"rendered":"DO TA THELLOJ\u00cb PUSHTETI KONTROLLIN MBI INSTITUCIONET?"},"content":{"rendered":"<p><img decoding=\"async\" style=\"margin-left: 10px; margin-right: 10px; border: 0px;\" src=\"http:\/\/www.shkoder.net\/images\/fjala\/mustafa_nano.jpg\" border=\"0\" alt=\"Mustafa Nano\" width=\"100\" align=\"left\" \/><\/p>\n<p><strong>Mustafa Nano<\/strong><\/p>\n<p><em>Zululand<\/em><br \/>\n\u00cbsht\u00eb momenti i nj\u00eb numri t\u00eb madh em\u00ebrimesh n\u00eb Gjykat\u00ebn e Lart\u00eb e n\u00eb at\u00eb Kushtetuese, an\u00ebtar\u00ebt e s\u00eb cil\u00ebs q\u00ebndrojn\u00eb n\u00eb at\u00eb detyr\u00eb p\u00ebr n\u00ebnt\u00eb vjet me radh\u00eb. \u00cbsht\u00eb mandati kushtetues m\u00eb i gjat\u00eb n\u00eb koh\u00eb. N\u00eb fakt, n\u00eb rrethana t\u00eb caktuara politike, n\u00ebnt\u00eb vjet mund t\u00eb duken sa nj\u00eb p\u00ebrjet\u00ebsi. Por nuk \u00ebsht\u00eb vet\u00ebm kjo arsyeja q\u00eb p\u00ebrgjegj\u00ebsia e an\u00ebtarit t\u00eb k\u00ebtyre gjykatave \u00ebsht\u00eb nj\u00eb nga m\u00eb t\u00eb r\u00ebnd\u00ebsishmet e republik\u00ebs.<\/p>\n<p>K\u00ebto gjykata \u2013 p\u00ebrve\u00e7 t\u00eb tjerash \u2013 vigjilojn\u00eb n\u00eb mbrojtje t\u00eb ligjit e t\u00eb Kushtetut\u00ebs, e luajn\u00eb funksionin e kund\u00ebrpeshave n\u00eb ekuilibrin nd\u00ebrinstitucional. Gjykata jon\u00eb Kushtetuese e ka luajtur k\u00ebt\u00eb rol n\u00eb t\u00eb shumt\u00ebn e koh\u00ebs gjat\u00eb dekad\u00ebs s\u00eb fundit. Kan\u00eb qen\u00eb gjyqtar\u00ebt e k\u00ebsaj gjykate, me zot\u00ebsit\u00eb e tyre profesionale e me integritetin e tyre moral, q\u00eb e kan\u00eb shnd\u00ebrruar k\u00ebt\u00eb institucion n\u00eb nj\u00eb gardian t\u00eb rendit kushtetues e republikan.<br \/>\nJav\u00ebt e fundit e pam\u00eb t\u00eb merrte dhe rolin atipik t\u00eb gardianit t\u00eb territorit.<\/p>\n<p>T\u00eb gjith\u00eb pushtetet ekzekutive b\u00ebjn\u00eb \u00e7mos t\u2019i ken\u00eb me vete e p\u00ebr vete k\u00ebto gjykata, dhe kjo \u00ebsht\u00eb arsyeja q\u00eb n\u00eb em\u00ebrimin e an\u00ebtar\u00ebve t\u00eb tyre futet n\u00eb loj\u00eb m\u00eb shum\u00eb se sa nj\u00eb institucion; kjo \u00ebsht\u00eb arsyeja, gjithashtu, q\u00eb mandatet e tyre jan\u00eb t\u00eb koracuar (ata shkarkohen me shumic\u00eb t\u00eb cil\u00ebsuar ve\u00e7 n\u00eb rrethana t\u00eb nj\u00eb pamund\u00ebsie evidente p\u00ebr t\u00eb kryer funksionin e n\u00eb rrethana t\u00eb nj\u00eb krimi spektakolar t\u00eb kryer prej tyre).<\/p>\n<p>Interpretimi sipas germ\u00ebs i Kushtetut\u00ebs son\u00eb na fut n\u00eb kok\u00eb iden\u00eb fikse, se zgjedhja e an\u00ebtar\u00ebve t\u00eb k\u00ebtyre dy gjykatave \u00ebsht\u00eb n\u00eb dor\u00eb t\u00eb Presidentit e t\u00eb Parlamentit. Por fryma e saj k\u00ebrkon pjes\u00ebmarrjen n\u00eb k\u00ebt\u00eb loj\u00eb edhe t\u00eb opozit\u00ebs. P\u00ebrndryshe, nj\u00ebra prej pal\u00ebve, qoft\u00eb kjo n\u00eb mazhoranc\u00eb apo n\u00eb opozit\u00eb, do t\u00eb kish motive p\u00ebr t\u2019i par\u00eb k\u00ebto gjykata si institucione armiq\u00ebsore, gj\u00eb q\u00eb nuk do t\u2019i sh\u00ebrbente stabilitetit e sh\u00ebndetit institucional t\u00eb republik\u00ebs. Me fjal\u00eb t\u00eb tjera, megjith\u00ebse germa e Kushtetut\u00ebs thot\u00eb se n\u00eb t\u00eb tilla raste mjafton nj\u00eb shumic\u00eb e thjesht\u00eb, do t\u00eb ishte e udh\u00ebs q\u00eb t\u00eb ndiqeshin udh\u00ebzimet e frym\u00ebs s\u00eb t\u00eb nj\u00ebjt\u00ebs Kushtetut\u00eb e t\u00eb k\u00ebrkoheshin shumica t\u00eb cil\u00ebsuara, n\u00ebp\u00ebrmjet t\u00eb cilave do t\u00eb t\u00ebrhiqej n\u00eb valle edhe opozita.<\/p>\n<p>Do t\u00eb ndodh\u00eb kjo? N\u00eb fakt, mazhoranca mezi e ka pritur k\u00ebt\u00eb moment p\u00ebr ta thelluar kontrollin mbi t\u00eb gjitha institucionet.<\/p>\n<p>E megjithat\u00eb, Berisha i sot\u00ebm ka takat m\u00eb pak se sa duket e m\u00eb pak se sa do donte. N\u00eb k\u00ebt\u00eb kuptim, opozita b\u00ebn mir\u00eb ta rris\u00eb presionin q\u00eb ka z\u00ebn\u00eb t\u00eb ushtroj\u00eb, me synimin p\u00ebr ta shnd\u00ebrruar k\u00ebt\u00eb moment n\u00eb nj\u00eb kauz\u00eb t\u00eb saj. Nuk duhen l\u00ebn\u00eb gjykatat t\u00eb bien n\u00ebn hyqmin e pushtetit ekzekutiv. Dhe kjo nuk realizohet duke k\u00ebmb\u00ebngulur, q\u00eb atje t\u00eb em\u00ebrohen gjyqtar\u00eb \u201csocialist\u00eb\u201d. Jo, kjo realizohet duke penguar nj\u00eb trade off t\u00eb ndyr\u00eb, i cili po p\u00ebrflitet prej koh\u00ebsh, e m\u00eb pas duke k\u00ebmb\u00ebngulur, q\u00eb atje t\u00eb em\u00ebrohen gjyqtar\u00ebt m\u00eb t\u00eb mir\u00eb t\u00eb vendit.<\/p>\n","protected":false},"excerpt":{"rendered":"<p>Mustafa Nano Zululand \u00cbsht\u00eb momenti i nj\u00eb numri t\u00eb madh em\u00ebrimesh n\u00eb Gjykat\u00ebn e Lart\u00eb e n\u00eb at\u00eb Kushtetuese, an\u00ebtar\u00ebt e s\u00eb cil\u00ebs q\u00ebndrojn\u00eb n\u00eb at\u00eb detyr\u00eb p\u00ebr n\u00ebnt\u00eb vjet me radh\u00eb. \u00cbsht\u00eb mandati kushtetues m\u00eb i gjat\u00eb n\u00eb koh\u00eb. N\u00eb fakt, n\u00eb rrethana t\u00eb caktuara politike, n\u00ebnt\u00eb vjet mund t\u00eb duken sa nj\u00eb p\u00ebrjet\u00ebsi. [&hellip;]<\/p>\n","protected":false},"author":1,"featured_media":0,"comment_status":"open","ping_status":"closed","sticky":false,"template":"","format":"standard","meta":{"footnotes":""},"categories":[2],"tags":[],"class_list":{"0":"post-2405","1":"post","2":"type-post","3":"status-publish","4":"format-standard","6":"category-artikuj"},"yoast_head":"<!-- This site is optimized with the Yoast SEO plugin v27.4 - https:\/\/yoast.com\/product\/yoast-seo-wordpress\/ -->\n<title>DO TA THELLOJ\u00cb PUSHTETI KONTROLLIN MBI INSTITUCIONET? - FjALA e LIR\u00cb - Arkivi<\/title>\n<meta name=\"robots\" content=\"index, follow, max-snippet:-1, max-image-preview:large, max-video-preview:-1\" \/>\n<link rel=\"canonical\" href=\"https:\/\/fjala.info\/2009-2015\/do-ta-thelloje-pushteti-kontrollin-mbi-institucionet\/\" \/>\n<meta property=\"og:locale\" content=\"sq_AL\" \/>\n<meta property=\"og:type\" content=\"article\" \/>\n<meta property=\"og:title\" content=\"DO TA THELLOJ\u00cb PUSHTETI KONTROLLIN MBI INSTITUCIONET? - FjALA e LIR\u00cb - Arkivi\" \/>\n<meta property=\"og:description\" content=\"Mustafa Nano Zululand \u00cbsht\u00eb momenti i nj\u00eb numri t\u00eb madh em\u00ebrimesh n\u00eb Gjykat\u00ebn e Lart\u00eb e n\u00eb at\u00eb Kushtetuese, an\u00ebtar\u00ebt e s\u00eb cil\u00ebs q\u00ebndrojn\u00eb n\u00eb at\u00eb detyr\u00eb p\u00ebr n\u00ebnt\u00eb vjet me radh\u00eb. \u00cbsht\u00eb mandati kushtetues m\u00eb i gjat\u00eb n\u00eb koh\u00eb. N\u00eb fakt, n\u00eb rrethana t\u00eb caktuara politike, n\u00ebnt\u00eb vjet mund t\u00eb duken sa nj\u00eb p\u00ebrjet\u00ebsi. [&hellip;]\" \/>\n<meta property=\"og:url\" content=\"https:\/\/fjala.info\/2009-2015\/do-ta-thelloje-pushteti-kontrollin-mbi-institucionet\/\" \/>\n<meta property=\"og:site_name\" content=\"FjALA e LIR\u00cb - Arkivi\" \/>\n<meta property=\"article:published_time\" content=\"2010-04-29T21:23:21+00:00\" \/>\n<meta property=\"og:image\" content=\"http:\/\/www.shkoder.net\/images\/fjala\/mustafa_nano.jpg\" \/>\n<meta name=\"author\" content=\"admin\" \/>\n<meta name=\"twitter:card\" content=\"summary_large_image\" \/>\n<meta name=\"twitter:label1\" content=\"Written by\" \/>\n\t<meta name=\"twitter:data1\" content=\"admin\" \/>\n\t<meta name=\"twitter:label2\" content=\"Est. reading time\" \/>\n\t<meta name=\"twitter:data2\" content=\"3 minutes\" \/>\n<script type=\"application\/ld+json\" class=\"yoast-schema-graph\">{\"@context\":\"https:\\\/\\\/schema.org\",\"@graph\":[{\"@type\":\"Article\",\"@id\":\"https:\\\/\\\/fjala.info\\\/2009-2015\\\/do-ta-thelloje-pushteti-kontrollin-mbi-institucionet\\\/#article\",\"isPartOf\":{\"@id\":\"https:\\\/\\\/fjala.info\\\/2009-2015\\\/do-ta-thelloje-pushteti-kontrollin-mbi-institucionet\\\/\"},\"author\":{\"name\":\"admin\",\"@id\":\"https:\\\/\\\/fjala.info\\\/2009-2015\\\/#\\\/schema\\\/person\\\/3aa1163ef05469c496fc94e77611ada2\"},\"headline\":\"DO TA THELLOJ\u00cb PUSHTETI KONTROLLIN MBI INSTITUCIONET?\",\"datePublished\":\"2010-04-29T21:23:21+00:00\",\"mainEntityOfPage\":{\"@id\":\"https:\\\/\\\/fjala.info\\\/2009-2015\\\/do-ta-thelloje-pushteti-kontrollin-mbi-institucionet\\\/\"},\"wordCount\":581,\"commentCount\":0,\"publisher\":{\"@id\":\"https:\\\/\\\/fjala.info\\\/2009-2015\\\/#organization\"},\"image\":{\"@id\":\"https:\\\/\\\/fjala.info\\\/2009-2015\\\/do-ta-thelloje-pushteti-kontrollin-mbi-institucionet\\\/#primaryimage\"},\"thumbnailUrl\":\"http:\\\/\\\/www.shkoder.net\\\/images\\\/fjala\\\/mustafa_nano.jpg\",\"articleSection\":[\"Artikuj\"],\"inLanguage\":\"sq-AL\",\"potentialAction\":[{\"@type\":\"CommentAction\",\"name\":\"Comment\",\"target\":[\"https:\\\/\\\/fjala.info\\\/2009-2015\\\/do-ta-thelloje-pushteti-kontrollin-mbi-institucionet\\\/#respond\"]}]},{\"@type\":\"WebPage\",\"@id\":\"https:\\\/\\\/fjala.info\\\/2009-2015\\\/do-ta-thelloje-pushteti-kontrollin-mbi-institucionet\\\/\",\"url\":\"https:\\\/\\\/fjala.info\\\/2009-2015\\\/do-ta-thelloje-pushteti-kontrollin-mbi-institucionet\\\/\",\"name\":\"DO TA THELLOJ\u00cb PUSHTETI KONTROLLIN MBI INSTITUCIONET? - FjALA e LIR\u00cb - Arkivi\",\"isPartOf\":{\"@id\":\"https:\\\/\\\/fjala.info\\\/2009-2015\\\/#website\"},\"primaryImageOfPage\":{\"@id\":\"https:\\\/\\\/fjala.info\\\/2009-2015\\\/do-ta-thelloje-pushteti-kontrollin-mbi-institucionet\\\/#primaryimage\"},\"image\":{\"@id\":\"https:\\\/\\\/fjala.info\\\/2009-2015\\\/do-ta-thelloje-pushteti-kontrollin-mbi-institucionet\\\/#primaryimage\"},\"thumbnailUrl\":\"http:\\\/\\\/www.shkoder.net\\\/images\\\/fjala\\\/mustafa_nano.jpg\",\"datePublished\":\"2010-04-29T21:23:21+00:00\",\"breadcrumb\":{\"@id\":\"https:\\\/\\\/fjala.info\\\/2009-2015\\\/do-ta-thelloje-pushteti-kontrollin-mbi-institucionet\\\/#breadcrumb\"},\"inLanguage\":\"sq-AL\",\"potentialAction\":[{\"@type\":\"ReadAction\",\"target\":[\"https:\\\/\\\/fjala.info\\\/2009-2015\\\/do-ta-thelloje-pushteti-kontrollin-mbi-institucionet\\\/\"]}]},{\"@type\":\"ImageObject\",\"inLanguage\":\"sq-AL\",\"@id\":\"https:\\\/\\\/fjala.info\\\/2009-2015\\\/do-ta-thelloje-pushteti-kontrollin-mbi-institucionet\\\/#primaryimage\",\"url\":\"http:\\\/\\\/www.shkoder.net\\\/images\\\/fjala\\\/mustafa_nano.jpg\",\"contentUrl\":\"http:\\\/\\\/www.shkoder.net\\\/images\\\/fjala\\\/mustafa_nano.jpg\"},{\"@type\":\"BreadcrumbList\",\"@id\":\"https:\\\/\\\/fjala.info\\\/2009-2015\\\/do-ta-thelloje-pushteti-kontrollin-mbi-institucionet\\\/#breadcrumb\",\"itemListElement\":[{\"@type\":\"ListItem\",\"position\":1,\"name\":\"Home\",\"item\":\"https:\\\/\\\/fjala.info\\\/2009-2015\\\/\"},{\"@type\":\"ListItem\",\"position\":2,\"name\":\"DO TA THELLOJ\u00cb PUSHTETI KONTROLLIN MBI INSTITUCIONET?\"}]},{\"@type\":\"WebSite\",\"@id\":\"https:\\\/\\\/fjala.info\\\/2009-2015\\\/#website\",\"url\":\"https:\\\/\\\/fjala.info\\\/2009-2015\\\/\",\"name\":\"FjALA e LIR\u00cb - Arkivi\",\"description\":\"Arkivi 2009-2015\",\"publisher\":{\"@id\":\"https:\\\/\\\/fjala.info\\\/2009-2015\\\/#organization\"},\"potentialAction\":[{\"@type\":\"SearchAction\",\"target\":{\"@type\":\"EntryPoint\",\"urlTemplate\":\"https:\\\/\\\/fjala.info\\\/2009-2015\\\/?s={search_term_string}\"},\"query-input\":{\"@type\":\"PropertyValueSpecification\",\"valueRequired\":true,\"valueName\":\"search_term_string\"}}],\"inLanguage\":\"sq-AL\"},{\"@type\":\"Organization\",\"@id\":\"https:\\\/\\\/fjala.info\\\/2009-2015\\\/#organization\",\"name\":\"FjALA e LIR\u00cb - Arkivi\",\"url\":\"https:\\\/\\\/fjala.info\\\/2009-2015\\\/\",\"logo\":{\"@type\":\"ImageObject\",\"inLanguage\":\"sq-AL\",\"@id\":\"https:\\\/\\\/fjala.info\\\/2009-2015\\\/#\\\/schema\\\/logo\\\/image\\\/\",\"url\":\"\",\"contentUrl\":\"\",\"caption\":\"FjALA e LIR\u00cb - Arkivi\"},\"image\":{\"@id\":\"https:\\\/\\\/fjala.info\\\/2009-2015\\\/#\\\/schema\\\/logo\\\/image\\\/\"}},{\"@type\":\"Person\",\"@id\":\"https:\\\/\\\/fjala.info\\\/2009-2015\\\/#\\\/schema\\\/person\\\/3aa1163ef05469c496fc94e77611ada2\",\"name\":\"admin\",\"image\":{\"@type\":\"ImageObject\",\"inLanguage\":\"sq-AL\",\"@id\":\"https:\\\/\\\/fjala.info\\\/2009-2015\\\/wp-content\\\/uploads\\\/2012\\\/02\\\/arben_cokaj-120x150.jpg\",\"url\":\"https:\\\/\\\/fjala.info\\\/2009-2015\\\/wp-content\\\/uploads\\\/2012\\\/02\\\/arben_cokaj-120x150.jpg\",\"contentUrl\":\"https:\\\/\\\/fjala.info\\\/2009-2015\\\/wp-content\\\/uploads\\\/2012\\\/02\\\/arben_cokaj-120x150.jpg\",\"caption\":\"admin\"},\"description\":\"Admin, Fjala e Lir\u00eb\",\"sameAs\":[\"https:\\\/\\\/fjala.info\\\/\"],\"url\":\"https:\\\/\\\/fjala.info\\\/2009-2015\\\/author\\\/admin\\\/\"}]}<\/script>\n<!-- \/ Yoast SEO plugin. -->","yoast_head_json":{"title":"DO TA THELLOJ\u00cb PUSHTETI KONTROLLIN MBI INSTITUCIONET? - FjALA e LIR\u00cb - Arkivi","robots":{"index":"index","follow":"follow","max-snippet":"max-snippet:-1","max-image-preview":"max-image-preview:large","max-video-preview":"max-video-preview:-1"},"canonical":"https:\/\/fjala.info\/2009-2015\/do-ta-thelloje-pushteti-kontrollin-mbi-institucionet\/","og_locale":"sq_AL","og_type":"article","og_title":"DO TA THELLOJ\u00cb PUSHTETI KONTROLLIN MBI INSTITUCIONET? - FjALA e LIR\u00cb - Arkivi","og_description":"Mustafa Nano Zululand \u00cbsht\u00eb momenti i nj\u00eb numri t\u00eb madh em\u00ebrimesh n\u00eb Gjykat\u00ebn e Lart\u00eb e n\u00eb at\u00eb Kushtetuese, an\u00ebtar\u00ebt e s\u00eb cil\u00ebs q\u00ebndrojn\u00eb n\u00eb at\u00eb detyr\u00eb p\u00ebr n\u00ebnt\u00eb vjet me radh\u00eb. \u00cbsht\u00eb mandati kushtetues m\u00eb i gjat\u00eb n\u00eb koh\u00eb. N\u00eb fakt, n\u00eb rrethana t\u00eb caktuara politike, n\u00ebnt\u00eb vjet mund t\u00eb duken sa nj\u00eb p\u00ebrjet\u00ebsi. [&hellip;]","og_url":"https:\/\/fjala.info\/2009-2015\/do-ta-thelloje-pushteti-kontrollin-mbi-institucionet\/","og_site_name":"FjALA e LIR\u00cb - Arkivi","article_published_time":"2010-04-29T21:23:21+00:00","og_image":[{"url":"http:\/\/www.shkoder.net\/images\/fjala\/mustafa_nano.jpg","type":"","width":"","height":""}],"author":"admin","twitter_card":"summary_large_image","twitter_misc":{"Written by":"admin","Est. reading time":"3 minutes"},"schema":{"@context":"https:\/\/schema.org","@graph":[{"@type":"Article","@id":"https:\/\/fjala.info\/2009-2015\/do-ta-thelloje-pushteti-kontrollin-mbi-institucionet\/#article","isPartOf":{"@id":"https:\/\/fjala.info\/2009-2015\/do-ta-thelloje-pushteti-kontrollin-mbi-institucionet\/"},"author":{"name":"admin","@id":"https:\/\/fjala.info\/2009-2015\/#\/schema\/person\/3aa1163ef05469c496fc94e77611ada2"},"headline":"DO TA THELLOJ\u00cb PUSHTETI KONTROLLIN MBI INSTITUCIONET?","datePublished":"2010-04-29T21:23:21+00:00","mainEntityOfPage":{"@id":"https:\/\/fjala.info\/2009-2015\/do-ta-thelloje-pushteti-kontrollin-mbi-institucionet\/"},"wordCount":581,"commentCount":0,"publisher":{"@id":"https:\/\/fjala.info\/2009-2015\/#organization"},"image":{"@id":"https:\/\/fjala.info\/2009-2015\/do-ta-thelloje-pushteti-kontrollin-mbi-institucionet\/#primaryimage"},"thumbnailUrl":"http:\/\/www.shkoder.net\/images\/fjala\/mustafa_nano.jpg","articleSection":["Artikuj"],"inLanguage":"sq-AL","potentialAction":[{"@type":"CommentAction","name":"Comment","target":["https:\/\/fjala.info\/2009-2015\/do-ta-thelloje-pushteti-kontrollin-mbi-institucionet\/#respond"]}]},{"@type":"WebPage","@id":"https:\/\/fjala.info\/2009-2015\/do-ta-thelloje-pushteti-kontrollin-mbi-institucionet\/","url":"https:\/\/fjala.info\/2009-2015\/do-ta-thelloje-pushteti-kontrollin-mbi-institucionet\/","name":"DO TA THELLOJ\u00cb PUSHTETI KONTROLLIN MBI INSTITUCIONET? - FjALA e LIR\u00cb - Arkivi","isPartOf":{"@id":"https:\/\/fjala.info\/2009-2015\/#website"},"primaryImageOfPage":{"@id":"https:\/\/fjala.info\/2009-2015\/do-ta-thelloje-pushteti-kontrollin-mbi-institucionet\/#primaryimage"},"image":{"@id":"https:\/\/fjala.info\/2009-2015\/do-ta-thelloje-pushteti-kontrollin-mbi-institucionet\/#primaryimage"},"thumbnailUrl":"http:\/\/www.shkoder.net\/images\/fjala\/mustafa_nano.jpg","datePublished":"2010-04-29T21:23:21+00:00","breadcrumb":{"@id":"https:\/\/fjala.info\/2009-2015\/do-ta-thelloje-pushteti-kontrollin-mbi-institucionet\/#breadcrumb"},"inLanguage":"sq-AL","potentialAction":[{"@type":"ReadAction","target":["https:\/\/fjala.info\/2009-2015\/do-ta-thelloje-pushteti-kontrollin-mbi-institucionet\/"]}]},{"@type":"ImageObject","inLanguage":"sq-AL","@id":"https:\/\/fjala.info\/2009-2015\/do-ta-thelloje-pushteti-kontrollin-mbi-institucionet\/#primaryimage","url":"http:\/\/www.shkoder.net\/images\/fjala\/mustafa_nano.jpg","contentUrl":"http:\/\/www.shkoder.net\/images\/fjala\/mustafa_nano.jpg"},{"@type":"BreadcrumbList","@id":"https:\/\/fjala.info\/2009-2015\/do-ta-thelloje-pushteti-kontrollin-mbi-institucionet\/#breadcrumb","itemListElement":[{"@type":"ListItem","position":1,"name":"Home","item":"https:\/\/fjala.info\/2009-2015\/"},{"@type":"ListItem","position":2,"name":"DO TA THELLOJ\u00cb PUSHTETI KONTROLLIN MBI INSTITUCIONET?"}]},{"@type":"WebSite","@id":"https:\/\/fjala.info\/2009-2015\/#website","url":"https:\/\/fjala.info\/2009-2015\/","name":"FjALA e LIR\u00cb - Arkivi","description":"Arkivi 2009-2015","publisher":{"@id":"https:\/\/fjala.info\/2009-2015\/#organization"},"potentialAction":[{"@type":"SearchAction","target":{"@type":"EntryPoint","urlTemplate":"https:\/\/fjala.info\/2009-2015\/?s={search_term_string}"},"query-input":{"@type":"PropertyValueSpecification","valueRequired":true,"valueName":"search_term_string"}}],"inLanguage":"sq-AL"},{"@type":"Organization","@id":"https:\/\/fjala.info\/2009-2015\/#organization","name":"FjALA e LIR\u00cb - Arkivi","url":"https:\/\/fjala.info\/2009-2015\/","logo":{"@type":"ImageObject","inLanguage":"sq-AL","@id":"https:\/\/fjala.info\/2009-2015\/#\/schema\/logo\/image\/","url":"","contentUrl":"","caption":"FjALA e LIR\u00cb - Arkivi"},"image":{"@id":"https:\/\/fjala.info\/2009-2015\/#\/schema\/logo\/image\/"}},{"@type":"Person","@id":"https:\/\/fjala.info\/2009-2015\/#\/schema\/person\/3aa1163ef05469c496fc94e77611ada2","name":"admin","image":{"@type":"ImageObject","inLanguage":"sq-AL","@id":"https:\/\/fjala.info\/2009-2015\/wp-content\/uploads\/2012\/02\/arben_cokaj-120x150.jpg","url":"https:\/\/fjala.info\/2009-2015\/wp-content\/uploads\/2012\/02\/arben_cokaj-120x150.jpg","contentUrl":"https:\/\/fjala.info\/2009-2015\/wp-content\/uploads\/2012\/02\/arben_cokaj-120x150.jpg","caption":"admin"},"description":"Admin, Fjala e Lir\u00eb","sameAs":["https:\/\/fjala.info\/"],"url":"https:\/\/fjala.info\/2009-2015\/author\/admin\/"}]}},"_links":{"self":[{"href":"https:\/\/fjala.info\/2009-2015\/wp-json\/wp\/v2\/posts\/2405","targetHints":{"allow":["GET"]}}],"collection":[{"href":"https:\/\/fjala.info\/2009-2015\/wp-json\/wp\/v2\/posts"}],"about":[{"href":"https:\/\/fjala.info\/2009-2015\/wp-json\/wp\/v2\/types\/post"}],"author":[{"embeddable":true,"href":"https:\/\/fjala.info\/2009-2015\/wp-json\/wp\/v2\/users\/1"}],"replies":[{"embeddable":true,"href":"https:\/\/fjala.info\/2009-2015\/wp-json\/wp\/v2\/comments?post=2405"}],"version-history":[{"count":0,"href":"https:\/\/fjala.info\/2009-2015\/wp-json\/wp\/v2\/posts\/2405\/revisions"}],"wp:attachment":[{"href":"https:\/\/fjala.info\/2009-2015\/wp-json\/wp\/v2\/media?parent=2405"}],"wp:term":[{"taxonomy":"category","embeddable":true,"href":"https:\/\/fjala.info\/2009-2015\/wp-json\/wp\/v2\/categories?post=2405"},{"taxonomy":"post_tag","embeddable":true,"href":"https:\/\/fjala.info\/2009-2015\/wp-json\/wp\/v2\/tags?post=2405"}],"curies":[{"name":"wp","href":"https:\/\/api.w.org\/{rel}","templated":true}]}}