{"id":2403,"date":"2010-04-28T22:42:28","date_gmt":"2010-04-28T21:42:28","guid":{"rendered":"http:\/\/fjala.shkoder.net\/?p=2403"},"modified":"2010-04-28T22:42:28","modified_gmt":"2010-04-28T21:42:28","slug":"sot-berisha-ka-mbetur-vetem","status":"publish","type":"post","link":"https:\/\/fjala.info\/2009-2015\/sot-berisha-ka-mbetur-vetem\/","title":{"rendered":"Sot Berisha ka mbetur vet\u00ebm!"},"content":{"rendered":"<p><img decoding=\"async\" style=\"margin-left: 10px; margin-right: 10px; border: 0px;\" src=\"http:\/\/www.shkoder.net\/images\/fjala\/mero_baze1.jpg\" border=\"0\" alt=\"Mero Baze\" width=\"100\" align=\"right\" \/><\/p>\n<p>Nga <strong>Mero Baze<\/strong>, &#8220;<em>Faktori Plus<\/em>&#8221;<\/p>\n<p>Rrethi i njer\u00ebzve t\u00eb besuar t\u00eb kryeministrit po ngushtohet s\u00ebrish te t\u00eb nj\u00ebjt\u00ebt persona q\u00eb ai ka p\u00ebrdorur n\u00eb fillim t\u00eb vitit 1997, n\u00eb dit\u00ebt e fundit t\u00eb mandatit t\u00eb tij t\u00eb par\u00eb. Shqet\u00ebsimet e ngritura dit\u00ebt e fundit nga media pas gjobave spekulative t\u00eb vendosura vet\u00ebm ndaj atyre medieve q\u00eb nuk ka n\u00ebn kontroll qeveria, rinxjerr n\u00eb drit\u00eb t\u00eb nj\u00ebjt\u00ebt personazhe, t\u00eb cil\u00ebt Berisha ka p\u00ebrdorur n\u00eb dit\u00ebt e fundit t\u00eb pushtetit t\u00eb tij t\u00eb par\u00eb kund\u00ebr medies.<\/p>\n<p>Ky zhvillim duhet par\u00eb me kujdes n\u00eb t\u00eb gjitha aspektet pozitive dhe negative. Pozitive n\u00eb k\u00ebt\u00eb zhvillim \u00ebsht\u00eb fakti q\u00eb brenda administrat\u00ebs shtet\u00ebrore ka gjithnj\u00eb e m\u00eb pak njer\u00ebz t\u00eb gatsh\u00ebm q\u00eb t\u00eb sakrifikojn\u00eb personalitetin e tyre dhe t\u00eb p\u00ebrdoren si kamikaz\u00eb t\u00eb shkeljes s\u00eb ligjit dhe pastaj t\u00eb arratisen nga Shqip\u00ebria. \u00cbsht\u00eb pozitive po ashtu dhe fakti q\u00eb Berisha nuk ka n\u00eb dispozicion m\u00eb asnj\u00eb kostum t\u00eb pap\u00ebrdorur q\u00eb ta rihedh\u00eb n\u00eb luft\u00eb p\u00ebr interesa t\u00eb tij.<\/p>\n<p>Nga loja me maska q\u00eb tentoi t\u00eb b\u00ebnte n\u00eb vitin 2005 me t\u00eb rinj t\u00eb shkolluar dhe intelektual\u00eb me integritet, ai ka p\u00ebrfunduar pes\u00eb vite m\u00eb von\u00eb te t\u00eb nj\u00ebjtat emra fytyra dhe biografi t\u00eb vitit 1997. Edhe pse duket ciniz\u00ebm, ky duhet marr\u00eb s\u00ebrish si lajm i mir\u00eb. Lajm i keq \u00ebsht\u00eb q\u00eb Shqip\u00ebria \u00ebsht\u00eb kthyer 13 vite pas, duke p\u00ebrballur s\u00ebrish medien me personazhe t\u00eb sh\u00ebrbimeve sekrete, t\u00eb cilat tashm\u00eb nuk drejtojn\u00eb m\u00eb institucione t\u00eb tilla dhune si\u00e7 ishte at\u00ebher\u00eb SHIK-u dhe policia, por po kthejn\u00eb n\u00eb institucione dhune, institucione t\u00eb tilla financiare si Tatimet dhe Doganat. Kjo \u00ebsht\u00eb nj\u00eb d\u00ebshmi tjet\u00ebr se nuk ka qen\u00eb policia dhe SHIK-u ata q\u00eb ishin t\u00eb inkriminuar dhe n\u00eb at\u00eb koh\u00eb, por vullneti i zotit Berisha p\u00ebr t\u2019i p\u00ebrdorur ato privatisht.<\/p>\n<p>Tashm\u00eb q\u00eb Per\u00ebndimi \u00ebsht\u00eb investuar me kuad\u00ebr ligjor p\u00ebr t\u2019i hequr nga duart SHIK-un dhe Policin\u00eb, Berisha po p\u00ebrdor Tatimet dhe Doganat, p\u00ebr t\u00eb nj\u00ebjtin q\u00ebllim me t\u00eb nj\u00ebjtit njer\u00ebz kund\u00ebr t\u00eb nj\u00ebjt\u00ebve kund\u00ebrshtar\u00eb n\u00eb medien e pavarur. Gjobat anormale t\u00eb tyre ndaj medies, p\u00ebrpjekja p\u00ebr t\u00eb rr\u00ebnuar financiarisht dhe p\u00ebr t\u00eb hequr dhe \u00e7do mund\u00ebsi mbijetese botuesve t\u00eb medies kritike, p\u00ebrfshirja direkte e kryeministrit deri n\u00eb sulme ndaj familjar\u00ebve t\u00eb botuesve dhe p\u00ebrpjekja p\u00ebr t\u00eb n\u00ebnshtruar media televizive n\u00eb vend p\u00ebrmes diktimit t\u00eb politik\u00ebs botuese dhe pse jo shpesh dhe politik\u00ebs s\u00eb kuadrit, e b\u00ebn situat\u00ebn shum\u00eb t\u00eb r\u00ebnde p\u00ebr nj\u00eb vend, i cili pretendon t\u00eb aplikoj\u00eb si vend kandidat p\u00ebr an\u00ebtar i Bashkimit Evropian.<\/p>\n<p>Sot po ngrihen n\u00eb detyr\u00eb ish-zyrtar\u00eb t\u00eb SHIK-ut q\u00eb kan\u00eb rr\u00ebmbyer gazetar\u00eb dhe i kan\u00eb mbajtur ata n\u00eb burg si\u00e7 ka qen\u00eb rasti i Filip \u00c7akulit dhe po p\u00ebrdoren kund\u00ebr medies ata personazhe q\u00eb kan\u00eb udh\u00ebhequr p\u00ebrndjekje redaksish dhe gazetar\u00ebsh dhe pse jo dhun\u00eb mbi ta dhe personazhe t\u00eb jet\u00ebs politike. Rikthimi i Berish\u00ebs 13 vite pas te t\u00eb nj\u00ebjt\u00ebt njer\u00ebz dhe te t\u00eb nj\u00ebjtat metoda kund\u00ebr liris\u00eb s\u00eb shtypit dhe kund\u00ebrshtar\u00ebve t\u00eb tij n\u00eb media dhe politik\u00eb, d\u00ebshmon m\u00eb shum\u00eb se \u00e7do gj\u00eb tjet\u00ebr vetmin\u00eb e tij n\u00eb k\u00ebto dit\u00eb kur opozita dhe media \u00ebsht\u00eb s\u00ebrish p\u00ebrball\u00eb tij. Kjo \u00ebsht\u00eb nj\u00eb shenj\u00eb se Berisha ka shum\u00eb pak njer\u00ebz n\u00eb dispozicion, p\u00ebr t\u00eb mos th\u00ebn\u00eb ask\u00ebnd, q\u00eb t\u00eb marr\u00eb p\u00ebrsip\u00ebr plot\u00ebsimin e epsheve t\u00eb tij t\u00eb vjetra kund\u00ebr liris\u00eb s\u00eb shtypit dhe kund\u00ebrshtar\u00ebve politik\u00eb.<\/p>\n","protected":false},"excerpt":{"rendered":"<p>Nga Mero Baze, &#8220;Faktori Plus&#8221; Rrethi i njer\u00ebzve t\u00eb besuar t\u00eb kryeministrit po ngushtohet s\u00ebrish te t\u00eb nj\u00ebjt\u00ebt persona q\u00eb ai ka p\u00ebrdorur n\u00eb fillim t\u00eb vitit 1997, n\u00eb dit\u00ebt e fundit t\u00eb mandatit t\u00eb tij t\u00eb par\u00eb. Shqet\u00ebsimet e ngritura dit\u00ebt e fundit nga media pas gjobave spekulative t\u00eb vendosura vet\u00ebm ndaj atyre medieve [&hellip;]<\/p>\n","protected":false},"author":1,"featured_media":0,"comment_status":"open","ping_status":"closed","sticky":false,"template":"","format":"standard","meta":{"footnotes":""},"categories":[2],"tags":[],"class_list":{"0":"post-2403","1":"post","2":"type-post","3":"status-publish","4":"format-standard","6":"category-artikuj"},"yoast_head":"<!-- This site is optimized with the Yoast SEO plugin v27.4 - https:\/\/yoast.com\/product\/yoast-seo-wordpress\/ -->\n<title>Sot Berisha ka mbetur vet\u00ebm! - FjALA e LIR\u00cb - Arkivi<\/title>\n<meta name=\"robots\" content=\"index, follow, max-snippet:-1, max-image-preview:large, max-video-preview:-1\" \/>\n<link rel=\"canonical\" href=\"https:\/\/fjala.info\/2009-2015\/sot-berisha-ka-mbetur-vetem\/\" \/>\n<meta property=\"og:locale\" content=\"sq_AL\" \/>\n<meta property=\"og:type\" content=\"article\" \/>\n<meta property=\"og:title\" content=\"Sot Berisha ka mbetur vet\u00ebm! - FjALA e LIR\u00cb - Arkivi\" \/>\n<meta property=\"og:description\" content=\"Nga Mero Baze, &#8220;Faktori Plus&#8221; Rrethi i njer\u00ebzve t\u00eb besuar t\u00eb kryeministrit po ngushtohet s\u00ebrish te t\u00eb nj\u00ebjt\u00ebt persona q\u00eb ai ka p\u00ebrdorur n\u00eb fillim t\u00eb vitit 1997, n\u00eb dit\u00ebt e fundit t\u00eb mandatit t\u00eb tij t\u00eb par\u00eb. Shqet\u00ebsimet e ngritura dit\u00ebt e fundit nga media pas gjobave spekulative t\u00eb vendosura vet\u00ebm ndaj atyre medieve [&hellip;]\" \/>\n<meta property=\"og:url\" content=\"https:\/\/fjala.info\/2009-2015\/sot-berisha-ka-mbetur-vetem\/\" \/>\n<meta property=\"og:site_name\" content=\"FjALA e LIR\u00cb - Arkivi\" \/>\n<meta property=\"article:published_time\" content=\"2010-04-28T21:42:28+00:00\" \/>\n<meta property=\"og:image\" content=\"http:\/\/www.shkoder.net\/images\/fjala\/mero_baze1.jpg\" \/>\n<meta name=\"author\" content=\"admin\" \/>\n<meta name=\"twitter:card\" content=\"summary_large_image\" \/>\n<meta name=\"twitter:label1\" content=\"Written by\" \/>\n\t<meta name=\"twitter:data1\" content=\"admin\" \/>\n\t<meta name=\"twitter:label2\" content=\"Est. reading time\" \/>\n\t<meta name=\"twitter:data2\" content=\"3 minutes\" \/>\n<script type=\"application\/ld+json\" class=\"yoast-schema-graph\">{\"@context\":\"https:\\\/\\\/schema.org\",\"@graph\":[{\"@type\":\"Article\",\"@id\":\"https:\\\/\\\/fjala.info\\\/2009-2015\\\/sot-berisha-ka-mbetur-vetem\\\/#article\",\"isPartOf\":{\"@id\":\"https:\\\/\\\/fjala.info\\\/2009-2015\\\/sot-berisha-ka-mbetur-vetem\\\/\"},\"author\":{\"name\":\"admin\",\"@id\":\"https:\\\/\\\/fjala.info\\\/2009-2015\\\/#\\\/schema\\\/person\\\/3aa1163ef05469c496fc94e77611ada2\"},\"headline\":\"Sot Berisha ka mbetur vet\u00ebm!\",\"datePublished\":\"2010-04-28T21:42:28+00:00\",\"mainEntityOfPage\":{\"@id\":\"https:\\\/\\\/fjala.info\\\/2009-2015\\\/sot-berisha-ka-mbetur-vetem\\\/\"},\"wordCount\":646,\"commentCount\":0,\"publisher\":{\"@id\":\"https:\\\/\\\/fjala.info\\\/2009-2015\\\/#organization\"},\"image\":{\"@id\":\"https:\\\/\\\/fjala.info\\\/2009-2015\\\/sot-berisha-ka-mbetur-vetem\\\/#primaryimage\"},\"thumbnailUrl\":\"http:\\\/\\\/www.shkoder.net\\\/images\\\/fjala\\\/mero_baze1.jpg\",\"articleSection\":[\"Artikuj\"],\"inLanguage\":\"sq-AL\",\"potentialAction\":[{\"@type\":\"CommentAction\",\"name\":\"Comment\",\"target\":[\"https:\\\/\\\/fjala.info\\\/2009-2015\\\/sot-berisha-ka-mbetur-vetem\\\/#respond\"]}]},{\"@type\":\"WebPage\",\"@id\":\"https:\\\/\\\/fjala.info\\\/2009-2015\\\/sot-berisha-ka-mbetur-vetem\\\/\",\"url\":\"https:\\\/\\\/fjala.info\\\/2009-2015\\\/sot-berisha-ka-mbetur-vetem\\\/\",\"name\":\"Sot Berisha ka mbetur vet\u00ebm! - FjALA e LIR\u00cb - Arkivi\",\"isPartOf\":{\"@id\":\"https:\\\/\\\/fjala.info\\\/2009-2015\\\/#website\"},\"primaryImageOfPage\":{\"@id\":\"https:\\\/\\\/fjala.info\\\/2009-2015\\\/sot-berisha-ka-mbetur-vetem\\\/#primaryimage\"},\"image\":{\"@id\":\"https:\\\/\\\/fjala.info\\\/2009-2015\\\/sot-berisha-ka-mbetur-vetem\\\/#primaryimage\"},\"thumbnailUrl\":\"http:\\\/\\\/www.shkoder.net\\\/images\\\/fjala\\\/mero_baze1.jpg\",\"datePublished\":\"2010-04-28T21:42:28+00:00\",\"breadcrumb\":{\"@id\":\"https:\\\/\\\/fjala.info\\\/2009-2015\\\/sot-berisha-ka-mbetur-vetem\\\/#breadcrumb\"},\"inLanguage\":\"sq-AL\",\"potentialAction\":[{\"@type\":\"ReadAction\",\"target\":[\"https:\\\/\\\/fjala.info\\\/2009-2015\\\/sot-berisha-ka-mbetur-vetem\\\/\"]}]},{\"@type\":\"ImageObject\",\"inLanguage\":\"sq-AL\",\"@id\":\"https:\\\/\\\/fjala.info\\\/2009-2015\\\/sot-berisha-ka-mbetur-vetem\\\/#primaryimage\",\"url\":\"http:\\\/\\\/www.shkoder.net\\\/images\\\/fjala\\\/mero_baze1.jpg\",\"contentUrl\":\"http:\\\/\\\/www.shkoder.net\\\/images\\\/fjala\\\/mero_baze1.jpg\"},{\"@type\":\"BreadcrumbList\",\"@id\":\"https:\\\/\\\/fjala.info\\\/2009-2015\\\/sot-berisha-ka-mbetur-vetem\\\/#breadcrumb\",\"itemListElement\":[{\"@type\":\"ListItem\",\"position\":1,\"name\":\"Home\",\"item\":\"https:\\\/\\\/fjala.info\\\/2009-2015\\\/\"},{\"@type\":\"ListItem\",\"position\":2,\"name\":\"Sot Berisha ka mbetur vet\u00ebm!\"}]},{\"@type\":\"WebSite\",\"@id\":\"https:\\\/\\\/fjala.info\\\/2009-2015\\\/#website\",\"url\":\"https:\\\/\\\/fjala.info\\\/2009-2015\\\/\",\"name\":\"FjALA e LIR\u00cb - Arkivi\",\"description\":\"Arkivi 2009-2015\",\"publisher\":{\"@id\":\"https:\\\/\\\/fjala.info\\\/2009-2015\\\/#organization\"},\"potentialAction\":[{\"@type\":\"SearchAction\",\"target\":{\"@type\":\"EntryPoint\",\"urlTemplate\":\"https:\\\/\\\/fjala.info\\\/2009-2015\\\/?s={search_term_string}\"},\"query-input\":{\"@type\":\"PropertyValueSpecification\",\"valueRequired\":true,\"valueName\":\"search_term_string\"}}],\"inLanguage\":\"sq-AL\"},{\"@type\":\"Organization\",\"@id\":\"https:\\\/\\\/fjala.info\\\/2009-2015\\\/#organization\",\"name\":\"FjALA e LIR\u00cb - Arkivi\",\"url\":\"https:\\\/\\\/fjala.info\\\/2009-2015\\\/\",\"logo\":{\"@type\":\"ImageObject\",\"inLanguage\":\"sq-AL\",\"@id\":\"https:\\\/\\\/fjala.info\\\/2009-2015\\\/#\\\/schema\\\/logo\\\/image\\\/\",\"url\":\"\",\"contentUrl\":\"\",\"caption\":\"FjALA e LIR\u00cb - Arkivi\"},\"image\":{\"@id\":\"https:\\\/\\\/fjala.info\\\/2009-2015\\\/#\\\/schema\\\/logo\\\/image\\\/\"}},{\"@type\":\"Person\",\"@id\":\"https:\\\/\\\/fjala.info\\\/2009-2015\\\/#\\\/schema\\\/person\\\/3aa1163ef05469c496fc94e77611ada2\",\"name\":\"admin\",\"image\":{\"@type\":\"ImageObject\",\"inLanguage\":\"sq-AL\",\"@id\":\"https:\\\/\\\/fjala.info\\\/2009-2015\\\/wp-content\\\/uploads\\\/2012\\\/02\\\/arben_cokaj-120x150.jpg\",\"url\":\"https:\\\/\\\/fjala.info\\\/2009-2015\\\/wp-content\\\/uploads\\\/2012\\\/02\\\/arben_cokaj-120x150.jpg\",\"contentUrl\":\"https:\\\/\\\/fjala.info\\\/2009-2015\\\/wp-content\\\/uploads\\\/2012\\\/02\\\/arben_cokaj-120x150.jpg\",\"caption\":\"admin\"},\"description\":\"Admin, Fjala e Lir\u00eb\",\"sameAs\":[\"https:\\\/\\\/fjala.info\\\/\"],\"url\":\"https:\\\/\\\/fjala.info\\\/2009-2015\\\/author\\\/admin\\\/\"}]}<\/script>\n<!-- \/ Yoast SEO plugin. -->","yoast_head_json":{"title":"Sot Berisha ka mbetur vet\u00ebm! - FjALA e LIR\u00cb - Arkivi","robots":{"index":"index","follow":"follow","max-snippet":"max-snippet:-1","max-image-preview":"max-image-preview:large","max-video-preview":"max-video-preview:-1"},"canonical":"https:\/\/fjala.info\/2009-2015\/sot-berisha-ka-mbetur-vetem\/","og_locale":"sq_AL","og_type":"article","og_title":"Sot Berisha ka mbetur vet\u00ebm! - FjALA e LIR\u00cb - Arkivi","og_description":"Nga Mero Baze, &#8220;Faktori Plus&#8221; Rrethi i njer\u00ebzve t\u00eb besuar t\u00eb kryeministrit po ngushtohet s\u00ebrish te t\u00eb nj\u00ebjt\u00ebt persona q\u00eb ai ka p\u00ebrdorur n\u00eb fillim t\u00eb vitit 1997, n\u00eb dit\u00ebt e fundit t\u00eb mandatit t\u00eb tij t\u00eb par\u00eb. Shqet\u00ebsimet e ngritura dit\u00ebt e fundit nga media pas gjobave spekulative t\u00eb vendosura vet\u00ebm ndaj atyre medieve [&hellip;]","og_url":"https:\/\/fjala.info\/2009-2015\/sot-berisha-ka-mbetur-vetem\/","og_site_name":"FjALA e LIR\u00cb - Arkivi","article_published_time":"2010-04-28T21:42:28+00:00","og_image":[{"url":"http:\/\/www.shkoder.net\/images\/fjala\/mero_baze1.jpg","type":"","width":"","height":""}],"author":"admin","twitter_card":"summary_large_image","twitter_misc":{"Written by":"admin","Est. reading time":"3 minutes"},"schema":{"@context":"https:\/\/schema.org","@graph":[{"@type":"Article","@id":"https:\/\/fjala.info\/2009-2015\/sot-berisha-ka-mbetur-vetem\/#article","isPartOf":{"@id":"https:\/\/fjala.info\/2009-2015\/sot-berisha-ka-mbetur-vetem\/"},"author":{"name":"admin","@id":"https:\/\/fjala.info\/2009-2015\/#\/schema\/person\/3aa1163ef05469c496fc94e77611ada2"},"headline":"Sot Berisha ka mbetur vet\u00ebm!","datePublished":"2010-04-28T21:42:28+00:00","mainEntityOfPage":{"@id":"https:\/\/fjala.info\/2009-2015\/sot-berisha-ka-mbetur-vetem\/"},"wordCount":646,"commentCount":0,"publisher":{"@id":"https:\/\/fjala.info\/2009-2015\/#organization"},"image":{"@id":"https:\/\/fjala.info\/2009-2015\/sot-berisha-ka-mbetur-vetem\/#primaryimage"},"thumbnailUrl":"http:\/\/www.shkoder.net\/images\/fjala\/mero_baze1.jpg","articleSection":["Artikuj"],"inLanguage":"sq-AL","potentialAction":[{"@type":"CommentAction","name":"Comment","target":["https:\/\/fjala.info\/2009-2015\/sot-berisha-ka-mbetur-vetem\/#respond"]}]},{"@type":"WebPage","@id":"https:\/\/fjala.info\/2009-2015\/sot-berisha-ka-mbetur-vetem\/","url":"https:\/\/fjala.info\/2009-2015\/sot-berisha-ka-mbetur-vetem\/","name":"Sot Berisha ka mbetur vet\u00ebm! - FjALA e LIR\u00cb - Arkivi","isPartOf":{"@id":"https:\/\/fjala.info\/2009-2015\/#website"},"primaryImageOfPage":{"@id":"https:\/\/fjala.info\/2009-2015\/sot-berisha-ka-mbetur-vetem\/#primaryimage"},"image":{"@id":"https:\/\/fjala.info\/2009-2015\/sot-berisha-ka-mbetur-vetem\/#primaryimage"},"thumbnailUrl":"http:\/\/www.shkoder.net\/images\/fjala\/mero_baze1.jpg","datePublished":"2010-04-28T21:42:28+00:00","breadcrumb":{"@id":"https:\/\/fjala.info\/2009-2015\/sot-berisha-ka-mbetur-vetem\/#breadcrumb"},"inLanguage":"sq-AL","potentialAction":[{"@type":"ReadAction","target":["https:\/\/fjala.info\/2009-2015\/sot-berisha-ka-mbetur-vetem\/"]}]},{"@type":"ImageObject","inLanguage":"sq-AL","@id":"https:\/\/fjala.info\/2009-2015\/sot-berisha-ka-mbetur-vetem\/#primaryimage","url":"http:\/\/www.shkoder.net\/images\/fjala\/mero_baze1.jpg","contentUrl":"http:\/\/www.shkoder.net\/images\/fjala\/mero_baze1.jpg"},{"@type":"BreadcrumbList","@id":"https:\/\/fjala.info\/2009-2015\/sot-berisha-ka-mbetur-vetem\/#breadcrumb","itemListElement":[{"@type":"ListItem","position":1,"name":"Home","item":"https:\/\/fjala.info\/2009-2015\/"},{"@type":"ListItem","position":2,"name":"Sot Berisha ka mbetur vet\u00ebm!"}]},{"@type":"WebSite","@id":"https:\/\/fjala.info\/2009-2015\/#website","url":"https:\/\/fjala.info\/2009-2015\/","name":"FjALA e LIR\u00cb - Arkivi","description":"Arkivi 2009-2015","publisher":{"@id":"https:\/\/fjala.info\/2009-2015\/#organization"},"potentialAction":[{"@type":"SearchAction","target":{"@type":"EntryPoint","urlTemplate":"https:\/\/fjala.info\/2009-2015\/?s={search_term_string}"},"query-input":{"@type":"PropertyValueSpecification","valueRequired":true,"valueName":"search_term_string"}}],"inLanguage":"sq-AL"},{"@type":"Organization","@id":"https:\/\/fjala.info\/2009-2015\/#organization","name":"FjALA e LIR\u00cb - Arkivi","url":"https:\/\/fjala.info\/2009-2015\/","logo":{"@type":"ImageObject","inLanguage":"sq-AL","@id":"https:\/\/fjala.info\/2009-2015\/#\/schema\/logo\/image\/","url":"","contentUrl":"","caption":"FjALA e LIR\u00cb - Arkivi"},"image":{"@id":"https:\/\/fjala.info\/2009-2015\/#\/schema\/logo\/image\/"}},{"@type":"Person","@id":"https:\/\/fjala.info\/2009-2015\/#\/schema\/person\/3aa1163ef05469c496fc94e77611ada2","name":"admin","image":{"@type":"ImageObject","inLanguage":"sq-AL","@id":"https:\/\/fjala.info\/2009-2015\/wp-content\/uploads\/2012\/02\/arben_cokaj-120x150.jpg","url":"https:\/\/fjala.info\/2009-2015\/wp-content\/uploads\/2012\/02\/arben_cokaj-120x150.jpg","contentUrl":"https:\/\/fjala.info\/2009-2015\/wp-content\/uploads\/2012\/02\/arben_cokaj-120x150.jpg","caption":"admin"},"description":"Admin, Fjala e Lir\u00eb","sameAs":["https:\/\/fjala.info\/"],"url":"https:\/\/fjala.info\/2009-2015\/author\/admin\/"}]}},"_links":{"self":[{"href":"https:\/\/fjala.info\/2009-2015\/wp-json\/wp\/v2\/posts\/2403","targetHints":{"allow":["GET"]}}],"collection":[{"href":"https:\/\/fjala.info\/2009-2015\/wp-json\/wp\/v2\/posts"}],"about":[{"href":"https:\/\/fjala.info\/2009-2015\/wp-json\/wp\/v2\/types\/post"}],"author":[{"embeddable":true,"href":"https:\/\/fjala.info\/2009-2015\/wp-json\/wp\/v2\/users\/1"}],"replies":[{"embeddable":true,"href":"https:\/\/fjala.info\/2009-2015\/wp-json\/wp\/v2\/comments?post=2403"}],"version-history":[{"count":0,"href":"https:\/\/fjala.info\/2009-2015\/wp-json\/wp\/v2\/posts\/2403\/revisions"}],"wp:attachment":[{"href":"https:\/\/fjala.info\/2009-2015\/wp-json\/wp\/v2\/media?parent=2403"}],"wp:term":[{"taxonomy":"category","embeddable":true,"href":"https:\/\/fjala.info\/2009-2015\/wp-json\/wp\/v2\/categories?post=2403"},{"taxonomy":"post_tag","embeddable":true,"href":"https:\/\/fjala.info\/2009-2015\/wp-json\/wp\/v2\/tags?post=2403"}],"curies":[{"name":"wp","href":"https:\/\/api.w.org\/{rel}","templated":true}]}}