{"id":2401,"date":"2010-04-28T22:34:38","date_gmt":"2010-04-28T21:34:38","guid":{"rendered":"http:\/\/fjala.shkoder.net\/?p=2401"},"modified":"2010-04-28T22:34:38","modified_gmt":"2010-04-28T21:34:38","slug":"berisha-dhune-e-gjoba-medies-gjithcka-per-ti-mbyllur-gojen-kritikeve","status":"publish","type":"post","link":"https:\/\/fjala.info\/2009-2015\/berisha-dhune-e-gjoba-medies-gjithcka-per-ti-mbyllur-gojen-kritikeve\/","title":{"rendered":"Berisha dhun\u00eb e gjoba medies, gjith\u00e7ka p\u00ebr t\u2019i mbyllur goj\u00ebn kritik\u00ebve"},"content":{"rendered":"<p><img decoding=\"async\" style=\"margin-left: 10px; margin-right: 10px; border: 0px;\" src=\"http:\/\/www.shkoder.net\/images\/fjala\/2009\/faktori_plus.jpg\" border=\"0\" alt=\"Faktori Plus\" width=\"150\" align=\"right\" \/><\/p>\n<p>Nga &#8220;<strong>Faktori Plus<\/strong>&#8221;<\/p>\n<p>Kryeministri Sali Berisha ka nisur nj\u00eb fushat\u00eb diferencuese n\u00eb median shqiptare, duke gjobitur ose k\u00ebrc\u00ebnuar me gjoba disa grupe mediatike kritike me qeverin\u00eb. N\u00eb krye t\u00eb listes q\u00ebndrojne tri gazeta kritike me qeverin\u00eb, gazeta Shekulli, gazeta tema dhe gazeta korrieri, t\u00eb cilat s\u00eb bashku jan\u00eb gjobitur mbi 1 milione euro.<\/p>\n<p>Qeveria nd\u00ebrkohe duket se \u00ebshte p\u00ebrfshir\u00eb n\u00eb nj\u00eb betej\u00eb sistematike p\u00ebr n\u00ebnshtrimin dhe t\u00eb medias m\u00eb t\u00eb r\u00ebnd\u00ebsishme televizive n\u00eb vend, si Top Chanel, Vizion Plus apo News 24. P\u00ebrmes presioneve t\u00eb rendomta p\u00ebr kontratat e nd\u00ebrtesave ku zhvillojn\u00eb aktivtetin, apo p\u00ebrmes nd\u00ebrhyrjeve klienteliste mes ortak\u00ebve t\u00eb k\u00ebtyre kompanive, qeveria ia ka arritur t\u00eb siguroje shpesh her\u00eb nj\u00eb lloj konformizimi apo dhe diktim t\u00eb politikes editoriale dhe stafeve t\u00eb k\u00ebtyre stacioneve televizive.<\/p>\n<p>Faktori Plus,qei i referohet nj\u00eb raporti t\u00eb fundit t\u00eb Forumit Shqiptar p\u00ebr Mediat e Lira, veren, se situata n\u00eb median e shkruar kritike me qeverine,eshte b\u00ebr\u00eb m\u00eb shum\u00eb se shqet\u00ebsuese. E para q\u00eb u gjend n\u00eb list\u00ebn e gjobave anromale nga qeveria, ishte shoqeria, q\u00eb botonte gazet\u00ebn tema. Nj\u00eb grup kontrolli i urdh\u00ebruar n\u00eb fund t\u00eb dhjetorit, vendosi nj\u00eb detyrim prej rreth 200 mije euro. Edhe pse nuk ka egzistuar nj\u00eb manual p\u00ebr kontrollin e gazetave, k\u00ebrkesat e tatimoreve, t\u00eb cil\u00ebt komunikonin gjithe kohen online me drejtues t\u00eb larte t\u00eb shtetit shqiptar gjat\u00eb kontrollit, ishin t\u00eb paarsyeshme dhe t\u00eb jashteligjshme. Pas ish-kompanis\u00eb q\u00eb ka botuar gazet\u00ebn tema, sulmi vazhdoi tek shoqeria q\u00eb e printonte kete te perditshme,kontrolli ndaj s\u00eb cil\u00ebs, ende nuk ka mbaruar. Forumi Shqiptar p\u00ebr Mediat e Lira, mori p\u00ebrgjigje shfaqjesimi nga disa zyrtare tatimesh, t\u00eb cil\u00ebt than\u00eb n\u00eb konfidenc\u00eb, se p\u00ebr cdo kontroll mbi k\u00ebt\u00eb gazet\u00eb ata raportojne direkt tek Ministri i Financave Ritvan Bode dhe nj\u00eb stukture e dyshimte politike brenda k\u00ebtij sistemi, drejtuar nga Gjeneral Agim Shehu, nj\u00eb ish oficer i Sigurimit t\u00eb Shtetit, q\u00eb ka luajtur nj\u00eb rol regresiv n\u00eb demokracine shqiptar\u00eb pas viteve 90-t\u00eb.<\/p>\n<p>N\u00eb k\u00ebto kushte gazeta tema, ka k\u00ebkruar falimentimin e kompanis\u00eb dhe ka nd\u00ebrprer\u00eb printimin e saj. Pas kesaj represioni i kryeministrit Berisha \u00ebshte shtuar, duke shkuar deri n\u00eb gjoba personale, dhe veprime arbitrare antiligjore, duke shkarkuar nga puna dhe pjesetar\u00eb t\u00eb familjes s\u00eb botuesit t\u00eb gazet\u00ebs. Sulmet ndaj gazetes, pasuan nxjerrjen e saj me dhun\u00eb nga redaksia, ku kishte investuar mbi 400 mij euro ,edhe pse nj\u00eb vendim gjykate, e ndalonte qeverin\u00eb t\u00eb vepronte n\u00eb k\u00ebt\u00eb m\u00ebnyr\u00eb. Qeveria ende, nuk ka d\u00ebmsh\u00ebprblyer asnj\u00eb euro nga investimi i b\u00ebr\u00eb, nd\u00ebrkoh\u00eb q\u00eb ka shkaterruar pasurit\u00eb e saj dhe ka mbajtur peng dokumentacionin dhe gjithcka tjet\u00ebr n\u00eb m\u00ebnyr\u00eb arbitrare.<\/p>\n<p>Kryeministri Berisha po ashtu ka inkurajuar hapur sulmin mbi botuesin e gazet\u00ebs tema, duke i dhene hapur mb\u00ebshtetje publike, biznesnenit Rezart taci, pas sulmit t\u00eb tij mbi disa gazetar\u00eb.<\/p>\n<p>M\u00eb pas sulmi vazhdoi mbi gazet\u00ebn Korrieri, botuesit e se cil\u00ebs Dulaku dhe Leskaj, u etiketuan publikisht nga kryeministri Berisha n\u00eb muajin Dhejtor 2009, pas mitngut t\u00eb opozit\u00ebs n\u00eb Sheshin Sk\u00ebnderbej.<\/p>\n<p>Kontrolli t\u00ebr\u00ebsisht arbitrar ka gjobitur k\u00ebt\u00eb gazet\u00eb me nj\u00eb detyrim q\u00eb shkon mbi 300 mije dollar\u00eb, duke mos pasur asnj\u00eb mb\u00ebshtetje ligjore n\u00eb arsyetimin e tyre.<\/p>\n<p>Kontrolli nd\u00ebrkoh\u00eb ka nisur dhe n\u00eb kompanit\u00eb e tjera t\u00eb biznesve t\u00eb grupit Dulaku, disa prej t\u00eb cilave, jan\u00eb ndaluar nga Gjykata e Tiran\u00ebs, p\u00ebr shkak t\u00eb munges\u00ebs s\u00eb baz\u00ebs ligjore n\u00eb k\u00ebto kontrolle.<\/p>\n<p>Biznesemeni Dulaku, \u00ebshte ne nj\u00eb proces gjyq\u00ebsor me kryeministrin Sali berisha n\u00eb Gjykaten e Larte per shpifje ndaj personit t\u00eb tij, por zoti Berisha, po mbrohet me imunitet ndaj k\u00ebtyre akzuave, edhe pse vete ka deklaruar ,se nuk do ta p\u00ebrdore n\u00eb asnj\u00eb rast imunitetin.<\/p>\n<p>S\u00eb fundmi n\u00eb qend\u00ebr t\u00eb sulmeve \u00ebsht\u00eb vendosur Grupi 2k, dhe biznesmeni Koco Kok\u00ebdhima, po ashtu i akzuar publikisht, nga zoti Berisha dhe n\u00eb nj\u00eb proces gjyqesor me t\u00eb.<\/p>\n<p>Zoti Kok\u00ebdhima n\u00eb nj\u00eb let\u00ebr t\u00eb hapur p\u00ebr median, ka th\u00ebn\u00eb, se duke nisur nga fundi i muajit dhjetor 2009, me porosi direkte nga Kryeministri Sali Berisha, Drejtoria e Pergjithshme Tatimore, ka urdheruar 26 kontrolle dhe vizita fiskale ne ndermarrjet ne pronesi te Z. Koco Kokedhima, ose rreth 10 here me shume, krahasuar me periudhat e meparshme apo me mesataren ne rang vendi.<\/p>\n<p>Keto kontrolle behen me synimin e qarte per t\u2019i bere presion mediave objektive dhe opozitare te \u201c2K Group\u201d e ne menyre te vecante, Gazetes Shekulli. Nepermjet kesaj forme presioni, Kryeministri i Shqiperise kerkon te kufizoje, kontrolloje dhe likuidoje lirin\u00eb ton\u00eb botuese<\/p>\n<p>Si pasoje e ketyre kontrolleve, jane vendosur mbi 1.000.000 (nje milion) USD detyrime dhe gjoba te padrejta e abuzive. Mendohet qe ne perfundim te ketij procesi abuziv, te iniciuar nga zoti Berisha, shuma do te jete disa here me e larte, pasi 8 kontrollet qe zhvillohen ne shoqerite me te medha te \u201c2K Group\u201d, jane aktualisht ne proces.<\/p>\n<p>Ja se \u00e7far\u00eb thuhet ne letern e kesaj kompanie:<\/p>\n<p>\u201cNga deklarimet jo zyrtare te inspektoreve, kemi mesuar se ata marrin udhezime dhe raportojne prane nje strukture te jashteligjeshme te krijuar me porosi te kryeministrit Berisha dhe prej te ciles nuk kane varesi administrative. Kjo strukture e posacme drejtohet nga Z. Agim Shehu, ish gjenerali famekeq i vitit 1997, atehere Drejtor i Policise se Shtetit dhe sot Zv. Drejtor i Pergjithshem i Drejtorise se Pergjithshme te Tatimeve.<\/p>\n<p>Si pasoje e urdherave dhe kercenimeve te ketij personi, vendosen gjoba te padrejta e te paligjshme, direkt nga zyra dhe ne kundershtim me deklarimet qe inspektoret na kane bere, pas ballafaqimeve me dokumentacionin qe ju kemi vene ne dispozicion.<\/p>\n<p>Kjo strukture urdheron ne menyre te jashtligjshme inspektoret te kontrollojne serish periudha te kontrolluara me pare, te tejkalojne objektin e kontrollit, te pengojne shoqerine ne zhvillimin normal te aktivitetit, te provokojne punonjesit si dhe te vendosin gjoba te cilat duhet te arrijne nje vlere totale te paracaktuar.<\/p>\n<p>Per me teper, nepermjet metodave qe ngjasojne me shume me sherbimet sekrete, sesa me ato te nje institucioni fiskal, inspektoreve ju kerkohet te japin informacione konfidenciale te kompanive apo te marrin dokumenta te cilat nuk jane objekt i punes se tyre.<\/p>\n<p>Ne shume raste kjo strukture nuk j\u2019ua miraton rezulatatet e kontrollit inspektoreve, por i rikthen ata per \u201czbulime\u201d te reja, duke i kercenuar me pushim nga puna, nese nuk arrijne gjoben e planifikuar nga Agim Shehu.<\/p>\n<p>Shoqeria e fundit qe u penalizua ishte \u201cPlaneti X\u201d. Per te pasur sukses ne krimin e tyre, strukturat e Agim Shehut derguan ne kete shoqeri inspektore nga Dega e Tiranes, pavaresisht se e ka seline ne Fier. Keta inspektore te perdorur edhe ndaj grupeve te tjera mediatike, erdhen me qellimin e qarte qe te vendosnin nje detyrim, i cili te ishte i pamundur per t\u2019u paguar nga shoqeria \u201cPlaneti X\u201d, duke sjelle per pasoje mbylljen e kesaj shoqerije. Ne perfundim, ata vendosen detyrime dhe gjoba me vlere 61.000.000 lek (ose 5 fishin e te ardhurave te realizuara gjate vitit 2009) pa perfshire kamat-vonesat. Per te qene te sigurte ata nuk derguan as \u201cRaport Kontrollin Paraprak\u201d duke na hequr \u201cde facto\u201d mundesine ligjore te kundershtimit dhe duke na cuar praktikisht ne mbylljen e aktivitetit.<\/p>\n<p>Nisur nga sa me siper \u201c2K Group\u201d vendosi te procedoj penalisht per shperdorim detyre inspektoret Petrika Bardhi dhe Gani Cupi, prane Prokurorise se Rrethit Tirane. Gjithashtu, vendosem te informojme Prokurorine qe te hetoje lidhur me implikimin e Z. Sali Berisha me detyre Kryeminister i Shqiperise dhe Z. Agim Shehu Zv. Drejtor i Pergjithshem i Drejtorise se Pergjithshme te Tatimeve, ne kete ceshtje abuzimi.<\/p>\n<p>Njekohesisht, po informojme dhe sensibilizojme Institucionet Nderkombetare t\u00eb interesuara p\u00ebr gjendjen e liris\u00eb s\u00eb medias dhe lirit\u00eb e t\u00eb drejtat n\u00eb Republik\u00ebn e Shqip\u00ebris\u00eb, pasi ne 5 vitet e qeverise Berisha, keto kontrolle, gjoba dhe presione kane perkuar gjithmone me nevojat e kryeministit Berisha, per te kontrolluar, influencuar apo likuiduar politikat editoriale te mediave tona.\u201d<\/p>\n<p>Ajo q\u00eb bie n\u00eb sy n\u00eb gjith\u00eb k\u00ebt\u00eb panoram\u00eb t\u00eb r\u00ebnduar t\u00eb medias kritike me qeverin\u00eb, \u00ebshte fakti se asnje media proqeveritare, nuk \u00ebshte vendosur n\u00ebn presione t\u00eb tilla financiare. P\u00ebrkundrazi faqet e tyre jan\u00eb t\u00eb mbushura me reklama shteterore, edhe pse n\u00eb treg kan\u00eb tirazhe minimale.<\/p>\n<p>Nuk \u00ebsht\u00eb n\u00ebn kontroll po ashtu as TV Klan apo Scan Tv, q\u00eb jane lidhje t\u00eb af\u00ebrta t\u00eb kryeministrit ose familjes s\u00eb tij.<\/p>\n<p>Q\u00ebndrimi armiq\u00ebsor i zotit Berisha ndaj medias kritike, duket se ka rritur ndjeshem dhe shqetesimin nd\u00ebrkomb\u00ebtar p\u00ebr k\u00ebt\u00eb situat\u00eb.<\/p>\n<p>Shqip\u00ebria humbi vitin q\u00eb kaloi 8 pik\u00eb ne renditjen nd\u00ebrkomb\u00ebtare p\u00ebr lirin\u00eb e medias, nd\u00ebrsa Komisioni Europian e ka lirin\u00eb e medias, si nj\u00eb nj\u00eb nga pikat e err\u00ebta p\u00ebr qeverin\u00eb shqiptare, n\u00eb procesin e saj t\u00eb integrimit evropian. Reporteret e Bashkimit Evropian, kan\u00eb raportuar gjeresisht problemet e qeveris\u00eb me median kritke sic ka qen\u00eb rasti i gazet\u00ebs temma, Top Chanelit, Vizion Plusit etj.<\/p>\n<p>N\u00eb raportin vejtor t\u00eb Departamentit amerikan t\u00eb shtetit theksohet qart\u00eb, se qeveria ka rritur ndjeshem presionet ndaj medias kritike me t\u00eb.<\/p>\n<p>N\u00eb fund t\u00eb vitit t\u00eb kaluar pas nj\u00eb sulmi brutal t\u00eb nje biznesmeni t\u00eb af\u00ebrt me kryeministrin Berisha mbi tre gazetar\u00eb shqiptar\u00eb, 135 gazetar\u00eb t\u00eb medias shqiptare i b\u00ebn thirrje qeveris\u00eb t\u00eb ndryshoje kursin e saj ndaj medias kritike n\u00eb Shqip\u00ebri. Por n\u00eb kunderpergjigje, berisha inkurajoi agresorin e medias, q\u00eb pas pasurive shtetrore, t\u00eb b\u00ebhej pronar dhe i nj\u00eb televizioni satelitor ne vend dhe fill pas k\u00ebsaj shkoi si i ftuar nderi ne televizionin e tij, p\u00ebr ti dh\u00ebn\u00eb mb\u00ebshtetje dhe p\u00ebr ta inkruajuar p\u00ebr gjestin e tij.<\/p>\n<p>Berisha duket po ashtu se ka arritur t\u00eb n\u00ebshtroje dhe shume faktor\u00eb t\u00eb tejr\u00eb medatike n\u00eb vend dikur kritik\u00eb me t\u00eb. Media t\u00eb tilla t\u00eb m\u00ebdha kritike, si Top Chanel, News 24 apo dhe Vizion Plus, gjenden para presioneve banale p\u00ebr largim nga nd\u00ebrtesat ku punojn\u00eb apo ndryshim t\u00eb politikes editoriale dhe shpesh i detyrojne drjetuesit e tyre t\u00eb mbajne q\u00ebndrime konformiste me qeverin\u00eb madje edhe t\u00eb zbatojne dhe politika kuadri t\u00eb hartuara n\u00eb zyr\u00ebn e kryemistrit.<\/p>\n<p>N\u00eb nj\u00eb debat t\u00eb fundit publik, Berisha ishte cinik me median, e persekutuar prej tij, dhe u p\u00ebproq t\u00eb jepte mesazhe t\u00eb qarta revanshi t\u00eb administrat\u00ebs ndaj tyre. Ai akuzoi mediat kritike p\u00ebr mungese pavar\u00ebsie, nd\u00ebrsa po p\u00ebrpiqet te krijoje nj\u00eb infrastrukture t\u00ebr\u00ebisht favroziuese n\u00eb tregun e medias digitale, p\u00ebr klient\u00ebt e e qeveris\u00eb n\u00eb media, duke shkelur hapur barazin\u00eb para ligjit, lirin\u00eb ekonomike dhe lirin\u00eb e t\u00eb shprehurit.<\/p>\n","protected":false},"excerpt":{"rendered":"<p>Nga &#8220;Faktori Plus&#8221; Kryeministri Sali Berisha ka nisur nj\u00eb fushat\u00eb diferencuese n\u00eb median shqiptare, duke gjobitur ose k\u00ebrc\u00ebnuar me gjoba disa grupe mediatike kritike me qeverin\u00eb. N\u00eb krye t\u00eb listes q\u00ebndrojne tri gazeta kritike me qeverin\u00eb, gazeta Shekulli, gazeta tema dhe gazeta korrieri, t\u00eb cilat s\u00eb bashku jan\u00eb gjobitur mbi 1 milione euro. Qeveria nd\u00ebrkohe [&hellip;]<\/p>\n","protected":false},"author":1,"featured_media":0,"comment_status":"open","ping_status":"closed","sticky":false,"template":"","format":"standard","meta":{"footnotes":""},"categories":[2],"tags":[],"class_list":{"0":"post-2401","1":"post","2":"type-post","3":"status-publish","4":"format-standard","6":"category-artikuj"},"yoast_head":"<!-- This site is optimized with the Yoast SEO plugin v27.4 - https:\/\/yoast.com\/product\/yoast-seo-wordpress\/ -->\n<title>Berisha dhun\u00eb e gjoba medies, gjith\u00e7ka p\u00ebr t\u2019i mbyllur goj\u00ebn kritik\u00ebve - FjALA e LIR\u00cb - Arkivi<\/title>\n<meta name=\"robots\" content=\"index, follow, max-snippet:-1, max-image-preview:large, max-video-preview:-1\" \/>\n<link rel=\"canonical\" href=\"https:\/\/fjala.info\/2009-2015\/berisha-dhune-e-gjoba-medies-gjithcka-per-ti-mbyllur-gojen-kritikeve\/\" \/>\n<meta property=\"og:locale\" content=\"sq_AL\" \/>\n<meta property=\"og:type\" content=\"article\" \/>\n<meta property=\"og:title\" content=\"Berisha dhun\u00eb e gjoba medies, gjith\u00e7ka p\u00ebr t\u2019i mbyllur goj\u00ebn kritik\u00ebve - FjALA e LIR\u00cb - Arkivi\" \/>\n<meta property=\"og:description\" content=\"Nga &#8220;Faktori Plus&#8221; Kryeministri Sali Berisha ka nisur nj\u00eb fushat\u00eb diferencuese n\u00eb median shqiptare, duke gjobitur ose k\u00ebrc\u00ebnuar me gjoba disa grupe mediatike kritike me qeverin\u00eb. N\u00eb krye t\u00eb listes q\u00ebndrojne tri gazeta kritike me qeverin\u00eb, gazeta Shekulli, gazeta tema dhe gazeta korrieri, t\u00eb cilat s\u00eb bashku jan\u00eb gjobitur mbi 1 milione euro. Qeveria nd\u00ebrkohe [&hellip;]\" \/>\n<meta property=\"og:url\" content=\"https:\/\/fjala.info\/2009-2015\/berisha-dhune-e-gjoba-medies-gjithcka-per-ti-mbyllur-gojen-kritikeve\/\" \/>\n<meta property=\"og:site_name\" content=\"FjALA e LIR\u00cb - Arkivi\" \/>\n<meta property=\"article:published_time\" content=\"2010-04-28T21:34:38+00:00\" \/>\n<meta property=\"og:image\" content=\"http:\/\/www.shkoder.net\/images\/fjala\/2009\/faktori_plus.jpg\" \/>\n<meta name=\"author\" content=\"admin\" \/>\n<meta name=\"twitter:card\" content=\"summary_large_image\" \/>\n<meta name=\"twitter:label1\" content=\"Written by\" \/>\n\t<meta name=\"twitter:data1\" content=\"admin\" \/>\n\t<meta name=\"twitter:label2\" content=\"Est. reading time\" \/>\n\t<meta name=\"twitter:data2\" content=\"9 minutes\" \/>\n<script type=\"application\/ld+json\" class=\"yoast-schema-graph\">{\"@context\":\"https:\\\/\\\/schema.org\",\"@graph\":[{\"@type\":\"Article\",\"@id\":\"https:\\\/\\\/fjala.info\\\/2009-2015\\\/berisha-dhune-e-gjoba-medies-gjithcka-per-ti-mbyllur-gojen-kritikeve\\\/#article\",\"isPartOf\":{\"@id\":\"https:\\\/\\\/fjala.info\\\/2009-2015\\\/berisha-dhune-e-gjoba-medies-gjithcka-per-ti-mbyllur-gojen-kritikeve\\\/\"},\"author\":{\"name\":\"admin\",\"@id\":\"https:\\\/\\\/fjala.info\\\/2009-2015\\\/#\\\/schema\\\/person\\\/3aa1163ef05469c496fc94e77611ada2\"},\"headline\":\"Berisha dhun\u00eb e gjoba medies, gjith\u00e7ka p\u00ebr t\u2019i mbyllur goj\u00ebn kritik\u00ebve\",\"datePublished\":\"2010-04-28T21:34:38+00:00\",\"mainEntityOfPage\":{\"@id\":\"https:\\\/\\\/fjala.info\\\/2009-2015\\\/berisha-dhune-e-gjoba-medies-gjithcka-per-ti-mbyllur-gojen-kritikeve\\\/\"},\"wordCount\":1799,\"commentCount\":0,\"publisher\":{\"@id\":\"https:\\\/\\\/fjala.info\\\/2009-2015\\\/#organization\"},\"image\":{\"@id\":\"https:\\\/\\\/fjala.info\\\/2009-2015\\\/berisha-dhune-e-gjoba-medies-gjithcka-per-ti-mbyllur-gojen-kritikeve\\\/#primaryimage\"},\"thumbnailUrl\":\"http:\\\/\\\/www.shkoder.net\\\/images\\\/fjala\\\/2009\\\/faktori_plus.jpg\",\"articleSection\":[\"Artikuj\"],\"inLanguage\":\"sq-AL\",\"potentialAction\":[{\"@type\":\"CommentAction\",\"name\":\"Comment\",\"target\":[\"https:\\\/\\\/fjala.info\\\/2009-2015\\\/berisha-dhune-e-gjoba-medies-gjithcka-per-ti-mbyllur-gojen-kritikeve\\\/#respond\"]}]},{\"@type\":\"WebPage\",\"@id\":\"https:\\\/\\\/fjala.info\\\/2009-2015\\\/berisha-dhune-e-gjoba-medies-gjithcka-per-ti-mbyllur-gojen-kritikeve\\\/\",\"url\":\"https:\\\/\\\/fjala.info\\\/2009-2015\\\/berisha-dhune-e-gjoba-medies-gjithcka-per-ti-mbyllur-gojen-kritikeve\\\/\",\"name\":\"Berisha dhun\u00eb e gjoba medies, gjith\u00e7ka p\u00ebr t\u2019i mbyllur goj\u00ebn kritik\u00ebve - FjALA e LIR\u00cb - Arkivi\",\"isPartOf\":{\"@id\":\"https:\\\/\\\/fjala.info\\\/2009-2015\\\/#website\"},\"primaryImageOfPage\":{\"@id\":\"https:\\\/\\\/fjala.info\\\/2009-2015\\\/berisha-dhune-e-gjoba-medies-gjithcka-per-ti-mbyllur-gojen-kritikeve\\\/#primaryimage\"},\"image\":{\"@id\":\"https:\\\/\\\/fjala.info\\\/2009-2015\\\/berisha-dhune-e-gjoba-medies-gjithcka-per-ti-mbyllur-gojen-kritikeve\\\/#primaryimage\"},\"thumbnailUrl\":\"http:\\\/\\\/www.shkoder.net\\\/images\\\/fjala\\\/2009\\\/faktori_plus.jpg\",\"datePublished\":\"2010-04-28T21:34:38+00:00\",\"breadcrumb\":{\"@id\":\"https:\\\/\\\/fjala.info\\\/2009-2015\\\/berisha-dhune-e-gjoba-medies-gjithcka-per-ti-mbyllur-gojen-kritikeve\\\/#breadcrumb\"},\"inLanguage\":\"sq-AL\",\"potentialAction\":[{\"@type\":\"ReadAction\",\"target\":[\"https:\\\/\\\/fjala.info\\\/2009-2015\\\/berisha-dhune-e-gjoba-medies-gjithcka-per-ti-mbyllur-gojen-kritikeve\\\/\"]}]},{\"@type\":\"ImageObject\",\"inLanguage\":\"sq-AL\",\"@id\":\"https:\\\/\\\/fjala.info\\\/2009-2015\\\/berisha-dhune-e-gjoba-medies-gjithcka-per-ti-mbyllur-gojen-kritikeve\\\/#primaryimage\",\"url\":\"http:\\\/\\\/www.shkoder.net\\\/images\\\/fjala\\\/2009\\\/faktori_plus.jpg\",\"contentUrl\":\"http:\\\/\\\/www.shkoder.net\\\/images\\\/fjala\\\/2009\\\/faktori_plus.jpg\"},{\"@type\":\"BreadcrumbList\",\"@id\":\"https:\\\/\\\/fjala.info\\\/2009-2015\\\/berisha-dhune-e-gjoba-medies-gjithcka-per-ti-mbyllur-gojen-kritikeve\\\/#breadcrumb\",\"itemListElement\":[{\"@type\":\"ListItem\",\"position\":1,\"name\":\"Home\",\"item\":\"https:\\\/\\\/fjala.info\\\/2009-2015\\\/\"},{\"@type\":\"ListItem\",\"position\":2,\"name\":\"Berisha dhun\u00eb e gjoba medies, gjith\u00e7ka p\u00ebr t\u2019i mbyllur goj\u00ebn kritik\u00ebve\"}]},{\"@type\":\"WebSite\",\"@id\":\"https:\\\/\\\/fjala.info\\\/2009-2015\\\/#website\",\"url\":\"https:\\\/\\\/fjala.info\\\/2009-2015\\\/\",\"name\":\"FjALA e LIR\u00cb - Arkivi\",\"description\":\"Arkivi 2009-2015\",\"publisher\":{\"@id\":\"https:\\\/\\\/fjala.info\\\/2009-2015\\\/#organization\"},\"potentialAction\":[{\"@type\":\"SearchAction\",\"target\":{\"@type\":\"EntryPoint\",\"urlTemplate\":\"https:\\\/\\\/fjala.info\\\/2009-2015\\\/?s={search_term_string}\"},\"query-input\":{\"@type\":\"PropertyValueSpecification\",\"valueRequired\":true,\"valueName\":\"search_term_string\"}}],\"inLanguage\":\"sq-AL\"},{\"@type\":\"Organization\",\"@id\":\"https:\\\/\\\/fjala.info\\\/2009-2015\\\/#organization\",\"name\":\"FjALA e LIR\u00cb - Arkivi\",\"url\":\"https:\\\/\\\/fjala.info\\\/2009-2015\\\/\",\"logo\":{\"@type\":\"ImageObject\",\"inLanguage\":\"sq-AL\",\"@id\":\"https:\\\/\\\/fjala.info\\\/2009-2015\\\/#\\\/schema\\\/logo\\\/image\\\/\",\"url\":\"\",\"contentUrl\":\"\",\"caption\":\"FjALA e LIR\u00cb - Arkivi\"},\"image\":{\"@id\":\"https:\\\/\\\/fjala.info\\\/2009-2015\\\/#\\\/schema\\\/logo\\\/image\\\/\"}},{\"@type\":\"Person\",\"@id\":\"https:\\\/\\\/fjala.info\\\/2009-2015\\\/#\\\/schema\\\/person\\\/3aa1163ef05469c496fc94e77611ada2\",\"name\":\"admin\",\"image\":{\"@type\":\"ImageObject\",\"inLanguage\":\"sq-AL\",\"@id\":\"https:\\\/\\\/fjala.info\\\/2009-2015\\\/wp-content\\\/uploads\\\/2012\\\/02\\\/arben_cokaj-120x150.jpg\",\"url\":\"https:\\\/\\\/fjala.info\\\/2009-2015\\\/wp-content\\\/uploads\\\/2012\\\/02\\\/arben_cokaj-120x150.jpg\",\"contentUrl\":\"https:\\\/\\\/fjala.info\\\/2009-2015\\\/wp-content\\\/uploads\\\/2012\\\/02\\\/arben_cokaj-120x150.jpg\",\"caption\":\"admin\"},\"description\":\"Admin, Fjala e Lir\u00eb\",\"sameAs\":[\"https:\\\/\\\/fjala.info\\\/\"],\"url\":\"https:\\\/\\\/fjala.info\\\/2009-2015\\\/author\\\/admin\\\/\"}]}<\/script>\n<!-- \/ Yoast SEO plugin. -->","yoast_head_json":{"title":"Berisha dhun\u00eb e gjoba medies, gjith\u00e7ka p\u00ebr t\u2019i mbyllur goj\u00ebn kritik\u00ebve - FjALA e LIR\u00cb - Arkivi","robots":{"index":"index","follow":"follow","max-snippet":"max-snippet:-1","max-image-preview":"max-image-preview:large","max-video-preview":"max-video-preview:-1"},"canonical":"https:\/\/fjala.info\/2009-2015\/berisha-dhune-e-gjoba-medies-gjithcka-per-ti-mbyllur-gojen-kritikeve\/","og_locale":"sq_AL","og_type":"article","og_title":"Berisha dhun\u00eb e gjoba medies, gjith\u00e7ka p\u00ebr t\u2019i mbyllur goj\u00ebn kritik\u00ebve - FjALA e LIR\u00cb - Arkivi","og_description":"Nga &#8220;Faktori Plus&#8221; Kryeministri Sali Berisha ka nisur nj\u00eb fushat\u00eb diferencuese n\u00eb median shqiptare, duke gjobitur ose k\u00ebrc\u00ebnuar me gjoba disa grupe mediatike kritike me qeverin\u00eb. N\u00eb krye t\u00eb listes q\u00ebndrojne tri gazeta kritike me qeverin\u00eb, gazeta Shekulli, gazeta tema dhe gazeta korrieri, t\u00eb cilat s\u00eb bashku jan\u00eb gjobitur mbi 1 milione euro. Qeveria nd\u00ebrkohe [&hellip;]","og_url":"https:\/\/fjala.info\/2009-2015\/berisha-dhune-e-gjoba-medies-gjithcka-per-ti-mbyllur-gojen-kritikeve\/","og_site_name":"FjALA e LIR\u00cb - Arkivi","article_published_time":"2010-04-28T21:34:38+00:00","og_image":[{"url":"http:\/\/www.shkoder.net\/images\/fjala\/2009\/faktori_plus.jpg","type":"","width":"","height":""}],"author":"admin","twitter_card":"summary_large_image","twitter_misc":{"Written by":"admin","Est. reading time":"9 minutes"},"schema":{"@context":"https:\/\/schema.org","@graph":[{"@type":"Article","@id":"https:\/\/fjala.info\/2009-2015\/berisha-dhune-e-gjoba-medies-gjithcka-per-ti-mbyllur-gojen-kritikeve\/#article","isPartOf":{"@id":"https:\/\/fjala.info\/2009-2015\/berisha-dhune-e-gjoba-medies-gjithcka-per-ti-mbyllur-gojen-kritikeve\/"},"author":{"name":"admin","@id":"https:\/\/fjala.info\/2009-2015\/#\/schema\/person\/3aa1163ef05469c496fc94e77611ada2"},"headline":"Berisha dhun\u00eb e gjoba medies, gjith\u00e7ka p\u00ebr t\u2019i mbyllur goj\u00ebn kritik\u00ebve","datePublished":"2010-04-28T21:34:38+00:00","mainEntityOfPage":{"@id":"https:\/\/fjala.info\/2009-2015\/berisha-dhune-e-gjoba-medies-gjithcka-per-ti-mbyllur-gojen-kritikeve\/"},"wordCount":1799,"commentCount":0,"publisher":{"@id":"https:\/\/fjala.info\/2009-2015\/#organization"},"image":{"@id":"https:\/\/fjala.info\/2009-2015\/berisha-dhune-e-gjoba-medies-gjithcka-per-ti-mbyllur-gojen-kritikeve\/#primaryimage"},"thumbnailUrl":"http:\/\/www.shkoder.net\/images\/fjala\/2009\/faktori_plus.jpg","articleSection":["Artikuj"],"inLanguage":"sq-AL","potentialAction":[{"@type":"CommentAction","name":"Comment","target":["https:\/\/fjala.info\/2009-2015\/berisha-dhune-e-gjoba-medies-gjithcka-per-ti-mbyllur-gojen-kritikeve\/#respond"]}]},{"@type":"WebPage","@id":"https:\/\/fjala.info\/2009-2015\/berisha-dhune-e-gjoba-medies-gjithcka-per-ti-mbyllur-gojen-kritikeve\/","url":"https:\/\/fjala.info\/2009-2015\/berisha-dhune-e-gjoba-medies-gjithcka-per-ti-mbyllur-gojen-kritikeve\/","name":"Berisha dhun\u00eb e gjoba medies, gjith\u00e7ka p\u00ebr t\u2019i mbyllur goj\u00ebn kritik\u00ebve - FjALA e LIR\u00cb - Arkivi","isPartOf":{"@id":"https:\/\/fjala.info\/2009-2015\/#website"},"primaryImageOfPage":{"@id":"https:\/\/fjala.info\/2009-2015\/berisha-dhune-e-gjoba-medies-gjithcka-per-ti-mbyllur-gojen-kritikeve\/#primaryimage"},"image":{"@id":"https:\/\/fjala.info\/2009-2015\/berisha-dhune-e-gjoba-medies-gjithcka-per-ti-mbyllur-gojen-kritikeve\/#primaryimage"},"thumbnailUrl":"http:\/\/www.shkoder.net\/images\/fjala\/2009\/faktori_plus.jpg","datePublished":"2010-04-28T21:34:38+00:00","breadcrumb":{"@id":"https:\/\/fjala.info\/2009-2015\/berisha-dhune-e-gjoba-medies-gjithcka-per-ti-mbyllur-gojen-kritikeve\/#breadcrumb"},"inLanguage":"sq-AL","potentialAction":[{"@type":"ReadAction","target":["https:\/\/fjala.info\/2009-2015\/berisha-dhune-e-gjoba-medies-gjithcka-per-ti-mbyllur-gojen-kritikeve\/"]}]},{"@type":"ImageObject","inLanguage":"sq-AL","@id":"https:\/\/fjala.info\/2009-2015\/berisha-dhune-e-gjoba-medies-gjithcka-per-ti-mbyllur-gojen-kritikeve\/#primaryimage","url":"http:\/\/www.shkoder.net\/images\/fjala\/2009\/faktori_plus.jpg","contentUrl":"http:\/\/www.shkoder.net\/images\/fjala\/2009\/faktori_plus.jpg"},{"@type":"BreadcrumbList","@id":"https:\/\/fjala.info\/2009-2015\/berisha-dhune-e-gjoba-medies-gjithcka-per-ti-mbyllur-gojen-kritikeve\/#breadcrumb","itemListElement":[{"@type":"ListItem","position":1,"name":"Home","item":"https:\/\/fjala.info\/2009-2015\/"},{"@type":"ListItem","position":2,"name":"Berisha dhun\u00eb e gjoba medies, gjith\u00e7ka p\u00ebr t\u2019i mbyllur goj\u00ebn kritik\u00ebve"}]},{"@type":"WebSite","@id":"https:\/\/fjala.info\/2009-2015\/#website","url":"https:\/\/fjala.info\/2009-2015\/","name":"FjALA e LIR\u00cb - Arkivi","description":"Arkivi 2009-2015","publisher":{"@id":"https:\/\/fjala.info\/2009-2015\/#organization"},"potentialAction":[{"@type":"SearchAction","target":{"@type":"EntryPoint","urlTemplate":"https:\/\/fjala.info\/2009-2015\/?s={search_term_string}"},"query-input":{"@type":"PropertyValueSpecification","valueRequired":true,"valueName":"search_term_string"}}],"inLanguage":"sq-AL"},{"@type":"Organization","@id":"https:\/\/fjala.info\/2009-2015\/#organization","name":"FjALA e LIR\u00cb - Arkivi","url":"https:\/\/fjala.info\/2009-2015\/","logo":{"@type":"ImageObject","inLanguage":"sq-AL","@id":"https:\/\/fjala.info\/2009-2015\/#\/schema\/logo\/image\/","url":"","contentUrl":"","caption":"FjALA e LIR\u00cb - Arkivi"},"image":{"@id":"https:\/\/fjala.info\/2009-2015\/#\/schema\/logo\/image\/"}},{"@type":"Person","@id":"https:\/\/fjala.info\/2009-2015\/#\/schema\/person\/3aa1163ef05469c496fc94e77611ada2","name":"admin","image":{"@type":"ImageObject","inLanguage":"sq-AL","@id":"https:\/\/fjala.info\/2009-2015\/wp-content\/uploads\/2012\/02\/arben_cokaj-120x150.jpg","url":"https:\/\/fjala.info\/2009-2015\/wp-content\/uploads\/2012\/02\/arben_cokaj-120x150.jpg","contentUrl":"https:\/\/fjala.info\/2009-2015\/wp-content\/uploads\/2012\/02\/arben_cokaj-120x150.jpg","caption":"admin"},"description":"Admin, Fjala e Lir\u00eb","sameAs":["https:\/\/fjala.info\/"],"url":"https:\/\/fjala.info\/2009-2015\/author\/admin\/"}]}},"_links":{"self":[{"href":"https:\/\/fjala.info\/2009-2015\/wp-json\/wp\/v2\/posts\/2401","targetHints":{"allow":["GET"]}}],"collection":[{"href":"https:\/\/fjala.info\/2009-2015\/wp-json\/wp\/v2\/posts"}],"about":[{"href":"https:\/\/fjala.info\/2009-2015\/wp-json\/wp\/v2\/types\/post"}],"author":[{"embeddable":true,"href":"https:\/\/fjala.info\/2009-2015\/wp-json\/wp\/v2\/users\/1"}],"replies":[{"embeddable":true,"href":"https:\/\/fjala.info\/2009-2015\/wp-json\/wp\/v2\/comments?post=2401"}],"version-history":[{"count":0,"href":"https:\/\/fjala.info\/2009-2015\/wp-json\/wp\/v2\/posts\/2401\/revisions"}],"wp:attachment":[{"href":"https:\/\/fjala.info\/2009-2015\/wp-json\/wp\/v2\/media?parent=2401"}],"wp:term":[{"taxonomy":"category","embeddable":true,"href":"https:\/\/fjala.info\/2009-2015\/wp-json\/wp\/v2\/categories?post=2401"},{"taxonomy":"post_tag","embeddable":true,"href":"https:\/\/fjala.info\/2009-2015\/wp-json\/wp\/v2\/tags?post=2401"}],"curies":[{"name":"wp","href":"https:\/\/api.w.org\/{rel}","templated":true}]}}