{"id":2399,"date":"2010-04-28T22:31:59","date_gmt":"2010-04-28T21:31:59","guid":{"rendered":"http:\/\/fjala.shkoder.net\/?p=2399"},"modified":"2010-04-28T22:31:59","modified_gmt":"2010-04-28T21:31:59","slug":"fazllic-vs-berisha","status":"publish","type":"post","link":"https:\/\/fjala.info\/2009-2015\/fazllic-vs-berisha\/","title":{"rendered":"Fazlli\u00e7 vs Berisha"},"content":{"rendered":"<p><img decoding=\"async\" style=\"margin-left: 10px; margin-right: 10px; border: 0px;\" src=\"http:\/\/www.shkoder.net\/images\/fjala\/arben_rrozhani.jpg\" border=\"0\" alt=\"Arben Rrozhani\" width=\"150\" align=\"right\" \/><\/p>\n<p><strong>Arben Rrozhani<\/strong>, <em>28.04.2010<\/em><\/p>\n<p>Shtetasit shqiptar\u00eb do t\u00eb mund t\u00eb l\u00ebvizin pa viza n\u00eb zon\u00ebn Shengen nga fundi i vitit 2010, sigurisht, n\u00ebse qeveria shqiptare nuk p\u00ebrmbush gjysm\u00ebn e kritereve q\u00eb Parlamenti Europian po i rip\u00ebrs\u00ebrit prej shum\u00eb vitesh, si\u00e7 jan\u00eb lufta ndaj korrupsionit, krimit t\u00eb organizuar dhe trafikut t\u00eb drog\u00ebs dhe qenieve njer\u00ebzore.<\/p>\n<p>Gati dy dekada nga rr\u00ebzimi i sistemit komunist, ky \u00ebsht\u00eb nj\u00eb finish i merituar p\u00ebr shqiptar\u00ebt e shum\u00ebvuajtur, por shum\u00eb, shum\u00eb i vonuar. Si p\u00ebr ironi t\u00eb fatit, Shqip\u00ebria \u00ebsht\u00eb s\u00ebrish e fundit, n\u00eb gjith\u00e7ka dhe edhe prapa vendeve q\u00eb me shum\u00eb mundime dhe sakrifica duan t\u00eb jen\u00eb pjes\u00eb e familjes europiane, si\u00e7 \u00ebsht\u00eb rasti i ish-republik\u00ebs Jugosllave t\u00eb Bosnje-Hercegovin\u00ebs, e cila e ka njomur me gjakun e mbi \u00e7erek milioni banor\u00ebsh rrug\u00ebn drejt BE-s\u00eb.<\/p>\n<p>P\u00ebrfundimet e takimit konsultativ ku u analizua zbatimi nga Shqip\u00ebria dhe Bosnja i kritereve p\u00ebr liberalizimin e vizave ishin nj\u00eb shpull\u00eb e fort\u00eb p\u00ebr qeverin\u00eb e Tiran\u00ebs, sepse, nd\u00ebrsa Shqip\u00ebria ka p\u00ebrmbushur plot\u00ebsisht kriteret n\u00eb bllokun e par\u00eb t\u00eb udh\u00ebrr\u00ebfyesit q\u00eb ka t\u00eb b\u00ebj\u00eb m\u00eb sigurin\u00eb e dokumentave, n\u00eb dy blloqe t\u00eb tjer\u00eb vler\u00ebsohej se objektivat p\u00ebrgjith\u00ebsisht ishin p\u00ebrmbushur, nd\u00ebrsa n\u00eb nj\u00eb bllok tjet\u00ebr, Shqip\u00ebria ka arritur t\u00eb plot\u00ebsoj\u00eb shumic\u00ebn, kurse Bosnja i ka p\u00ebrmbushur objektivat n\u00eb tre prej kat\u00ebr blloqeve.<\/p>\n<p>Nd\u00ebrsa vendimi p\u00ebrfundimtar parashikohet t\u00eb merret n\u00eb tetor me mund\u00ebsin\u00eb q\u00eb liberalizimi i vizave t\u00eb hyj\u00eb n\u00eb fuqi brenda vjesht\u00ebs, Shqip\u00ebria duhet t\u00eb b\u00ebj\u00eb t\u00eb pamundur\u00ebn q\u00eb t\u00eb kap\u00eb nivelin e Bosnj\u00ebs, fakt q\u00eb duhet t\u00eb turp\u00ebroj\u00eb klas\u00ebn politike q\u00eb drejton Shqip\u00ebrin\u00eb, ve\u00e7an\u00ebrisht ata lider\u00eb t\u00eb cil\u00ebt prej dy dekadash k\u00ebmbyen me nj\u00ebri-tjetrin kula\u00e7in e k\u00ebrba\u00e7in n\u00eb nd\u00ebrrimin e pushteteve.<\/p>\n<p>Kur n\u00eb 1992 kryeministri aktual Sali Berisha shijonte fitoren peblishitare, duke marr\u00eb mbi 60 p\u00ebr qind t\u00eb votave t\u00eb elektoratit shqiptar, i kishte t\u00eb gjitha mund\u00ebsit\u00eb t\u00eb afronte vendin m\u00eb t\u00eb varf\u00ebr t\u00eb Europ\u00ebs me familjen europiane. Ndodhi e kund\u00ebrta.<\/p>\n<p>Duke u p\u00ebrpjekur maksimalisht t\u00eb forconte pushtetin personal ish-presidenti Berisha, me kontroll t\u00eb hekurt mbi qeverin\u00eb, opozit\u00ebn dhe agjencit\u00eb shtet\u00ebrore, e \u00e7oi vendin n\u00eb kolaps financiar dhe politik, q\u00eb kulmoi n\u00eb marsin 1997 me trazirat m\u00eb t\u00eb r\u00ebnda n\u00eb koh\u00eb paqeje, q\u00eb i kushtuan vendit, nj\u00eb shkat\u00ebrrim total t\u00eb institucioneve dhe t\u00eb pasurive publike dhe private.<\/p>\n<p>Qeverisjet e majta u munduan t\u00eb rib\u00ebjn\u00eb shtetin dhe pas tet\u00eb viteve kur doli n\u00eb opozit\u00eb, Partia Socialiste kishte arritur t\u00eb ringrinte institucionet, por t\u00eb molepsura nga krimi dhe korrupsioni shtet\u00ebror i skem\u00ebs qeveris\u00ebse t\u00eb ish-kryeministrit Fatos Nano.<br \/>\nPrej vitit 2005, kryeministri Berisha pati shansin e dyt\u00eb t\u00eb kapte trenin q\u00eb vet kishte vonuar drejt BE-s\u00eb.<\/p>\n<p>Por, edhe n\u00eb vitin e pest\u00eb n\u00eb pushtet, me nj\u00eb mandat t\u00eb fituar fal\u00eb mashtrimit zgjedhor t\u00eb 10 muajve m\u00eb par\u00eb, Shqip\u00ebria vijon t\u00eb jet\u00eb shteti problematik i Ballkanit Per\u00ebndimor, edhe m\u00eb tutje m\u00eb i varf\u00ebri i Europ\u00ebs dhe vendi ku qeveritar\u00ebt kan\u00eb si mjet p\u00ebr mbajtjen e pushtetit krimin e organizuar dhe korrupsionin shtet\u00ebror.<\/p>\n<p>Bosnja ka nj\u00eb histori tjet\u00ebr dhe shum\u00eb t\u00eb p\u00ebrgjakur, sepse n\u00eb vitet 1992-1995 aty u b\u00ebn\u00eb krimet m\u00eb t\u00eb pashembullta dhe m\u00eb t\u00eb pafalshme. Tre etnit\u00eb ende nuk jan\u00eb paqtuar dhe mysliman\u00ebt, kroat\u00ebt e serb\u00ebt mbahen bashk\u00eb n\u00ebn tutel\u00ebn e Komunitetit nd\u00ebrkomb\u00ebtar.<\/p>\n<p>Kush ka qen\u00eb n\u00eb Sarajev\u00eb apo Mostar e sheh mizorin\u00eb q\u00eb tre etnit\u00eb derdh\u00ebn ndaj nj\u00ebra-tjetr\u00ebs dhe sot ende nuk kan\u00eb paqe, si\u00e7 e tregon edhe deklarimi i djesh\u00ebm i kryeministrit serb t\u00eb Bosnj\u00ebs, Millorad Dodik, se populli serb kurr\u00eb nuk do ta pranoj\u00eb se masakra e Srebrenic\u00ebs, ku u vran\u00eb 8 mij\u00eb mysliman\u00eb ishte genocid, ashtu si\u00e7 e ka vler\u00ebsuar Gjykata Nd\u00ebrkomb\u00ebtare e Drejt\u00ebsis\u00eb dhe Gjykata p\u00ebr Krime Lufte n\u00eb Hag\u00eb. Bosnje-Hercegovina \u00ebsht\u00eb nj\u00eb sfid\u00eb p\u00ebr Komunitetin Nd\u00ebrkomb\u00ebtar dhe Europa ka marr\u00eb p\u00ebrsip\u00ebr riskun.<\/p>\n<p>Fatkeq\u00ebsisht duhet t\u00eb llogaris\u00eb riskun e Shqip\u00ebris\u00eb, q\u00eb \u00ebsht\u00eb kthyer n\u00eb vendin e shpres\u00ebs s\u00eb humbur p\u00ebr qindra mij\u00ebra t\u00eb papun\u00eb, t\u00eb cil\u00ebt shohin te vendimi i Brukselit p\u00ebr liberalizmin e vizave, nj\u00eb drit\u00eb jeshile p\u00ebr t\u00eb k\u00ebrkuar pun\u00eb dhe jet\u00eb m\u00eb t\u00eb mir\u00eb n\u00eb vendet e BE-s\u00eb, duke iu bashkuar mbi 1 milion emigrant\u00ebve q\u00eb prej 20 viteve i jan\u00eb larguar vendit t\u00eb tyre q\u00eb nuk b\u00ebhet.<\/p>\n<p>N\u00eb Shqip\u00ebri, lidhja me Bosnj\u00ebn \u00ebsht\u00eb minimale. Nj\u00eb komunitet i vog\u00ebl boshnjak i ngulur prej dekadash n\u00eb Durr\u00ebs, nj\u00eb ambasador shqiptar i em\u00ebruar para pak dit\u00ebsh p\u00ebr her\u00eb t\u00eb par\u00eb n\u00eb Sarajev\u00eb.<\/p>\n<p>Fatkeq\u00ebsisht, lidhja m\u00eb e fort\u00eb mes dy vendeve \u00ebsht\u00eb ajo e krimit. Serbo-boshnjaku Damir Fazlli\u00e7 \u00ebsht\u00eb i famsh\u00ebm n\u00eb Shqip\u00ebri prej dy vitesh. Mik i kryeministrit Berisha, sekseri i afareve t\u00eb pista n\u00eb Sarajev\u00eb dhe Beograd, ka bler\u00eb dhe ka shitur prona publike n\u00eb Shqip\u00ebri, \u00ebsht\u00eb gdhir\u00eb milioner fal\u00eb lidhjeve me familjen kryeministrore dhe vazhdon t\u00eb shtoj\u00eb milionat me tender\u00ebt e energjis\u00eb dhe t\u00eb koncesioneve.<\/p>\n<p>Ai \u00ebsht\u00eb n\u00eb Shqip\u00ebri fytyra aktuale e Bosnj\u00ebs q\u00eb \u00ebsht\u00eb p\u00ebrpara Shqip\u00ebris\u00eb n\u00eb p\u00ebrmbushjen e kritereve p\u00ebr liberalizmin e vizave, duke treguar p\u00ebr ironi t\u00eb fatit, se shqiptar\u00ebve u \u00ebsht\u00eb taksur nj\u00eb mafia edhe m\u00eb e keqe, ajo n\u00eb pushtet.<\/p>\n","protected":false},"excerpt":{"rendered":"<p>Arben Rrozhani, 28.04.2010 Shtetasit shqiptar\u00eb do t\u00eb mund t\u00eb l\u00ebvizin pa viza n\u00eb zon\u00ebn Shengen nga fundi i vitit 2010, sigurisht, n\u00ebse qeveria shqiptare nuk p\u00ebrmbush gjysm\u00ebn e kritereve q\u00eb Parlamenti Europian po i rip\u00ebrs\u00ebrit prej shum\u00eb vitesh, si\u00e7 jan\u00eb lufta ndaj korrupsionit, krimit t\u00eb organizuar dhe trafikut t\u00eb drog\u00ebs dhe qenieve njer\u00ebzore. Gati dy [&hellip;]<\/p>\n","protected":false},"author":1,"featured_media":0,"comment_status":"open","ping_status":"closed","sticky":false,"template":"","format":"standard","meta":{"footnotes":""},"categories":[2],"tags":[],"class_list":{"0":"post-2399","1":"post","2":"type-post","3":"status-publish","4":"format-standard","6":"category-artikuj"},"yoast_head":"<!-- This site is optimized with the Yoast SEO plugin v27.4 - https:\/\/yoast.com\/product\/yoast-seo-wordpress\/ -->\n<title>Fazlli\u00e7 vs Berisha - FjALA e LIR\u00cb - Arkivi<\/title>\n<meta name=\"robots\" content=\"index, follow, max-snippet:-1, max-image-preview:large, max-video-preview:-1\" \/>\n<link rel=\"canonical\" href=\"https:\/\/fjala.info\/2009-2015\/fazllic-vs-berisha\/\" \/>\n<meta property=\"og:locale\" content=\"sq_AL\" \/>\n<meta property=\"og:type\" content=\"article\" \/>\n<meta property=\"og:title\" content=\"Fazlli\u00e7 vs Berisha - FjALA e LIR\u00cb - Arkivi\" \/>\n<meta property=\"og:description\" content=\"Arben Rrozhani, 28.04.2010 Shtetasit shqiptar\u00eb do t\u00eb mund t\u00eb l\u00ebvizin pa viza n\u00eb zon\u00ebn Shengen nga fundi i vitit 2010, sigurisht, n\u00ebse qeveria shqiptare nuk p\u00ebrmbush gjysm\u00ebn e kritereve q\u00eb Parlamenti Europian po i rip\u00ebrs\u00ebrit prej shum\u00eb vitesh, si\u00e7 jan\u00eb lufta ndaj korrupsionit, krimit t\u00eb organizuar dhe trafikut t\u00eb drog\u00ebs dhe qenieve njer\u00ebzore. Gati dy [&hellip;]\" \/>\n<meta property=\"og:url\" content=\"https:\/\/fjala.info\/2009-2015\/fazllic-vs-berisha\/\" \/>\n<meta property=\"og:site_name\" content=\"FjALA e LIR\u00cb - Arkivi\" \/>\n<meta property=\"article:published_time\" content=\"2010-04-28T21:31:59+00:00\" \/>\n<meta property=\"og:image\" content=\"http:\/\/www.shkoder.net\/images\/fjala\/arben_rrozhani.jpg\" \/>\n<meta name=\"author\" content=\"admin\" \/>\n<meta name=\"twitter:card\" content=\"summary_large_image\" \/>\n<meta name=\"twitter:label1\" content=\"Written by\" \/>\n\t<meta name=\"twitter:data1\" content=\"admin\" \/>\n\t<meta name=\"twitter:label2\" content=\"Est. reading time\" \/>\n\t<meta name=\"twitter:data2\" content=\"5 minutes\" \/>\n<script type=\"application\/ld+json\" class=\"yoast-schema-graph\">{\"@context\":\"https:\\\/\\\/schema.org\",\"@graph\":[{\"@type\":\"Article\",\"@id\":\"https:\\\/\\\/fjala.info\\\/2009-2015\\\/fazllic-vs-berisha\\\/#article\",\"isPartOf\":{\"@id\":\"https:\\\/\\\/fjala.info\\\/2009-2015\\\/fazllic-vs-berisha\\\/\"},\"author\":{\"name\":\"admin\",\"@id\":\"https:\\\/\\\/fjala.info\\\/2009-2015\\\/#\\\/schema\\\/person\\\/3aa1163ef05469c496fc94e77611ada2\"},\"headline\":\"Fazlli\u00e7 vs Berisha\",\"datePublished\":\"2010-04-28T21:31:59+00:00\",\"mainEntityOfPage\":{\"@id\":\"https:\\\/\\\/fjala.info\\\/2009-2015\\\/fazllic-vs-berisha\\\/\"},\"wordCount\":943,\"commentCount\":0,\"publisher\":{\"@id\":\"https:\\\/\\\/fjala.info\\\/2009-2015\\\/#organization\"},\"image\":{\"@id\":\"https:\\\/\\\/fjala.info\\\/2009-2015\\\/fazllic-vs-berisha\\\/#primaryimage\"},\"thumbnailUrl\":\"http:\\\/\\\/www.shkoder.net\\\/images\\\/fjala\\\/arben_rrozhani.jpg\",\"articleSection\":[\"Artikuj\"],\"inLanguage\":\"sq-AL\",\"potentialAction\":[{\"@type\":\"CommentAction\",\"name\":\"Comment\",\"target\":[\"https:\\\/\\\/fjala.info\\\/2009-2015\\\/fazllic-vs-berisha\\\/#respond\"]}]},{\"@type\":\"WebPage\",\"@id\":\"https:\\\/\\\/fjala.info\\\/2009-2015\\\/fazllic-vs-berisha\\\/\",\"url\":\"https:\\\/\\\/fjala.info\\\/2009-2015\\\/fazllic-vs-berisha\\\/\",\"name\":\"Fazlli\u00e7 vs Berisha - FjALA e LIR\u00cb - Arkivi\",\"isPartOf\":{\"@id\":\"https:\\\/\\\/fjala.info\\\/2009-2015\\\/#website\"},\"primaryImageOfPage\":{\"@id\":\"https:\\\/\\\/fjala.info\\\/2009-2015\\\/fazllic-vs-berisha\\\/#primaryimage\"},\"image\":{\"@id\":\"https:\\\/\\\/fjala.info\\\/2009-2015\\\/fazllic-vs-berisha\\\/#primaryimage\"},\"thumbnailUrl\":\"http:\\\/\\\/www.shkoder.net\\\/images\\\/fjala\\\/arben_rrozhani.jpg\",\"datePublished\":\"2010-04-28T21:31:59+00:00\",\"breadcrumb\":{\"@id\":\"https:\\\/\\\/fjala.info\\\/2009-2015\\\/fazllic-vs-berisha\\\/#breadcrumb\"},\"inLanguage\":\"sq-AL\",\"potentialAction\":[{\"@type\":\"ReadAction\",\"target\":[\"https:\\\/\\\/fjala.info\\\/2009-2015\\\/fazllic-vs-berisha\\\/\"]}]},{\"@type\":\"ImageObject\",\"inLanguage\":\"sq-AL\",\"@id\":\"https:\\\/\\\/fjala.info\\\/2009-2015\\\/fazllic-vs-berisha\\\/#primaryimage\",\"url\":\"http:\\\/\\\/www.shkoder.net\\\/images\\\/fjala\\\/arben_rrozhani.jpg\",\"contentUrl\":\"http:\\\/\\\/www.shkoder.net\\\/images\\\/fjala\\\/arben_rrozhani.jpg\"},{\"@type\":\"BreadcrumbList\",\"@id\":\"https:\\\/\\\/fjala.info\\\/2009-2015\\\/fazllic-vs-berisha\\\/#breadcrumb\",\"itemListElement\":[{\"@type\":\"ListItem\",\"position\":1,\"name\":\"Home\",\"item\":\"https:\\\/\\\/fjala.info\\\/2009-2015\\\/\"},{\"@type\":\"ListItem\",\"position\":2,\"name\":\"Fazlli\u00e7 vs Berisha\"}]},{\"@type\":\"WebSite\",\"@id\":\"https:\\\/\\\/fjala.info\\\/2009-2015\\\/#website\",\"url\":\"https:\\\/\\\/fjala.info\\\/2009-2015\\\/\",\"name\":\"FjALA e LIR\u00cb - Arkivi\",\"description\":\"Arkivi 2009-2015\",\"publisher\":{\"@id\":\"https:\\\/\\\/fjala.info\\\/2009-2015\\\/#organization\"},\"potentialAction\":[{\"@type\":\"SearchAction\",\"target\":{\"@type\":\"EntryPoint\",\"urlTemplate\":\"https:\\\/\\\/fjala.info\\\/2009-2015\\\/?s={search_term_string}\"},\"query-input\":{\"@type\":\"PropertyValueSpecification\",\"valueRequired\":true,\"valueName\":\"search_term_string\"}}],\"inLanguage\":\"sq-AL\"},{\"@type\":\"Organization\",\"@id\":\"https:\\\/\\\/fjala.info\\\/2009-2015\\\/#organization\",\"name\":\"FjALA e LIR\u00cb - Arkivi\",\"url\":\"https:\\\/\\\/fjala.info\\\/2009-2015\\\/\",\"logo\":{\"@type\":\"ImageObject\",\"inLanguage\":\"sq-AL\",\"@id\":\"https:\\\/\\\/fjala.info\\\/2009-2015\\\/#\\\/schema\\\/logo\\\/image\\\/\",\"url\":\"\",\"contentUrl\":\"\",\"caption\":\"FjALA e LIR\u00cb - Arkivi\"},\"image\":{\"@id\":\"https:\\\/\\\/fjala.info\\\/2009-2015\\\/#\\\/schema\\\/logo\\\/image\\\/\"}},{\"@type\":\"Person\",\"@id\":\"https:\\\/\\\/fjala.info\\\/2009-2015\\\/#\\\/schema\\\/person\\\/3aa1163ef05469c496fc94e77611ada2\",\"name\":\"admin\",\"image\":{\"@type\":\"ImageObject\",\"inLanguage\":\"sq-AL\",\"@id\":\"https:\\\/\\\/fjala.info\\\/2009-2015\\\/wp-content\\\/uploads\\\/2012\\\/02\\\/arben_cokaj-120x150.jpg\",\"url\":\"https:\\\/\\\/fjala.info\\\/2009-2015\\\/wp-content\\\/uploads\\\/2012\\\/02\\\/arben_cokaj-120x150.jpg\",\"contentUrl\":\"https:\\\/\\\/fjala.info\\\/2009-2015\\\/wp-content\\\/uploads\\\/2012\\\/02\\\/arben_cokaj-120x150.jpg\",\"caption\":\"admin\"},\"description\":\"Admin, Fjala e Lir\u00eb\",\"sameAs\":[\"https:\\\/\\\/fjala.info\\\/\"],\"url\":\"https:\\\/\\\/fjala.info\\\/2009-2015\\\/author\\\/admin\\\/\"}]}<\/script>\n<!-- \/ Yoast SEO plugin. -->","yoast_head_json":{"title":"Fazlli\u00e7 vs Berisha - FjALA e LIR\u00cb - Arkivi","robots":{"index":"index","follow":"follow","max-snippet":"max-snippet:-1","max-image-preview":"max-image-preview:large","max-video-preview":"max-video-preview:-1"},"canonical":"https:\/\/fjala.info\/2009-2015\/fazllic-vs-berisha\/","og_locale":"sq_AL","og_type":"article","og_title":"Fazlli\u00e7 vs Berisha - FjALA e LIR\u00cb - Arkivi","og_description":"Arben Rrozhani, 28.04.2010 Shtetasit shqiptar\u00eb do t\u00eb mund t\u00eb l\u00ebvizin pa viza n\u00eb zon\u00ebn Shengen nga fundi i vitit 2010, sigurisht, n\u00ebse qeveria shqiptare nuk p\u00ebrmbush gjysm\u00ebn e kritereve q\u00eb Parlamenti Europian po i rip\u00ebrs\u00ebrit prej shum\u00eb vitesh, si\u00e7 jan\u00eb lufta ndaj korrupsionit, krimit t\u00eb organizuar dhe trafikut t\u00eb drog\u00ebs dhe qenieve njer\u00ebzore. Gati dy [&hellip;]","og_url":"https:\/\/fjala.info\/2009-2015\/fazllic-vs-berisha\/","og_site_name":"FjALA e LIR\u00cb - Arkivi","article_published_time":"2010-04-28T21:31:59+00:00","og_image":[{"url":"http:\/\/www.shkoder.net\/images\/fjala\/arben_rrozhani.jpg","type":"","width":"","height":""}],"author":"admin","twitter_card":"summary_large_image","twitter_misc":{"Written by":"admin","Est. reading time":"5 minutes"},"schema":{"@context":"https:\/\/schema.org","@graph":[{"@type":"Article","@id":"https:\/\/fjala.info\/2009-2015\/fazllic-vs-berisha\/#article","isPartOf":{"@id":"https:\/\/fjala.info\/2009-2015\/fazllic-vs-berisha\/"},"author":{"name":"admin","@id":"https:\/\/fjala.info\/2009-2015\/#\/schema\/person\/3aa1163ef05469c496fc94e77611ada2"},"headline":"Fazlli\u00e7 vs Berisha","datePublished":"2010-04-28T21:31:59+00:00","mainEntityOfPage":{"@id":"https:\/\/fjala.info\/2009-2015\/fazllic-vs-berisha\/"},"wordCount":943,"commentCount":0,"publisher":{"@id":"https:\/\/fjala.info\/2009-2015\/#organization"},"image":{"@id":"https:\/\/fjala.info\/2009-2015\/fazllic-vs-berisha\/#primaryimage"},"thumbnailUrl":"http:\/\/www.shkoder.net\/images\/fjala\/arben_rrozhani.jpg","articleSection":["Artikuj"],"inLanguage":"sq-AL","potentialAction":[{"@type":"CommentAction","name":"Comment","target":["https:\/\/fjala.info\/2009-2015\/fazllic-vs-berisha\/#respond"]}]},{"@type":"WebPage","@id":"https:\/\/fjala.info\/2009-2015\/fazllic-vs-berisha\/","url":"https:\/\/fjala.info\/2009-2015\/fazllic-vs-berisha\/","name":"Fazlli\u00e7 vs Berisha - FjALA e LIR\u00cb - Arkivi","isPartOf":{"@id":"https:\/\/fjala.info\/2009-2015\/#website"},"primaryImageOfPage":{"@id":"https:\/\/fjala.info\/2009-2015\/fazllic-vs-berisha\/#primaryimage"},"image":{"@id":"https:\/\/fjala.info\/2009-2015\/fazllic-vs-berisha\/#primaryimage"},"thumbnailUrl":"http:\/\/www.shkoder.net\/images\/fjala\/arben_rrozhani.jpg","datePublished":"2010-04-28T21:31:59+00:00","breadcrumb":{"@id":"https:\/\/fjala.info\/2009-2015\/fazllic-vs-berisha\/#breadcrumb"},"inLanguage":"sq-AL","potentialAction":[{"@type":"ReadAction","target":["https:\/\/fjala.info\/2009-2015\/fazllic-vs-berisha\/"]}]},{"@type":"ImageObject","inLanguage":"sq-AL","@id":"https:\/\/fjala.info\/2009-2015\/fazllic-vs-berisha\/#primaryimage","url":"http:\/\/www.shkoder.net\/images\/fjala\/arben_rrozhani.jpg","contentUrl":"http:\/\/www.shkoder.net\/images\/fjala\/arben_rrozhani.jpg"},{"@type":"BreadcrumbList","@id":"https:\/\/fjala.info\/2009-2015\/fazllic-vs-berisha\/#breadcrumb","itemListElement":[{"@type":"ListItem","position":1,"name":"Home","item":"https:\/\/fjala.info\/2009-2015\/"},{"@type":"ListItem","position":2,"name":"Fazlli\u00e7 vs Berisha"}]},{"@type":"WebSite","@id":"https:\/\/fjala.info\/2009-2015\/#website","url":"https:\/\/fjala.info\/2009-2015\/","name":"FjALA e LIR\u00cb - Arkivi","description":"Arkivi 2009-2015","publisher":{"@id":"https:\/\/fjala.info\/2009-2015\/#organization"},"potentialAction":[{"@type":"SearchAction","target":{"@type":"EntryPoint","urlTemplate":"https:\/\/fjala.info\/2009-2015\/?s={search_term_string}"},"query-input":{"@type":"PropertyValueSpecification","valueRequired":true,"valueName":"search_term_string"}}],"inLanguage":"sq-AL"},{"@type":"Organization","@id":"https:\/\/fjala.info\/2009-2015\/#organization","name":"FjALA e LIR\u00cb - Arkivi","url":"https:\/\/fjala.info\/2009-2015\/","logo":{"@type":"ImageObject","inLanguage":"sq-AL","@id":"https:\/\/fjala.info\/2009-2015\/#\/schema\/logo\/image\/","url":"","contentUrl":"","caption":"FjALA e LIR\u00cb - Arkivi"},"image":{"@id":"https:\/\/fjala.info\/2009-2015\/#\/schema\/logo\/image\/"}},{"@type":"Person","@id":"https:\/\/fjala.info\/2009-2015\/#\/schema\/person\/3aa1163ef05469c496fc94e77611ada2","name":"admin","image":{"@type":"ImageObject","inLanguage":"sq-AL","@id":"https:\/\/fjala.info\/2009-2015\/wp-content\/uploads\/2012\/02\/arben_cokaj-120x150.jpg","url":"https:\/\/fjala.info\/2009-2015\/wp-content\/uploads\/2012\/02\/arben_cokaj-120x150.jpg","contentUrl":"https:\/\/fjala.info\/2009-2015\/wp-content\/uploads\/2012\/02\/arben_cokaj-120x150.jpg","caption":"admin"},"description":"Admin, Fjala e Lir\u00eb","sameAs":["https:\/\/fjala.info\/"],"url":"https:\/\/fjala.info\/2009-2015\/author\/admin\/"}]}},"_links":{"self":[{"href":"https:\/\/fjala.info\/2009-2015\/wp-json\/wp\/v2\/posts\/2399","targetHints":{"allow":["GET"]}}],"collection":[{"href":"https:\/\/fjala.info\/2009-2015\/wp-json\/wp\/v2\/posts"}],"about":[{"href":"https:\/\/fjala.info\/2009-2015\/wp-json\/wp\/v2\/types\/post"}],"author":[{"embeddable":true,"href":"https:\/\/fjala.info\/2009-2015\/wp-json\/wp\/v2\/users\/1"}],"replies":[{"embeddable":true,"href":"https:\/\/fjala.info\/2009-2015\/wp-json\/wp\/v2\/comments?post=2399"}],"version-history":[{"count":0,"href":"https:\/\/fjala.info\/2009-2015\/wp-json\/wp\/v2\/posts\/2399\/revisions"}],"wp:attachment":[{"href":"https:\/\/fjala.info\/2009-2015\/wp-json\/wp\/v2\/media?parent=2399"}],"wp:term":[{"taxonomy":"category","embeddable":true,"href":"https:\/\/fjala.info\/2009-2015\/wp-json\/wp\/v2\/categories?post=2399"},{"taxonomy":"post_tag","embeddable":true,"href":"https:\/\/fjala.info\/2009-2015\/wp-json\/wp\/v2\/tags?post=2399"}],"curies":[{"name":"wp","href":"https:\/\/api.w.org\/{rel}","templated":true}]}}