{"id":2398,"date":"2012-04-06T07:17:50","date_gmt":"2012-04-06T06:17:50","guid":{"rendered":"http:\/\/fjala.shkoder.net\/?p=2398"},"modified":"2012-04-06T07:17:50","modified_gmt":"2012-04-06T06:17:50","slug":"prape-mbrojtje-e-komunizmit-me-spiunet","status":"publish","type":"post","link":"https:\/\/fjala.info\/2009-2015\/prape-mbrojtje-e-komunizmit-me-spiunet\/","title":{"rendered":"Prap\u00eb, mbrojtje e komunizmit me spiun\u00ebt"},"content":{"rendered":"<p><img decoding=\"async\" class=\"alignright size-thumbnail wp-image-7236\" title=\"Bashkim Kopliku\" src=\"http:\/\/www.shkoder.net\/images\/fjala\/bashkim_kopliku.jpg\" alt=\"\" width=\"150\" \/> [<em>Sot, 05.04.2012<\/em>]<\/p>\n<p>Q\u00ebllimisht apo jo q\u00ebllimisht, me apo pa vet\u00ebdije, po vazhdohet diversioni me &#8220;dosjet e spiun\u00ebve&#8221;, ani se k\u00ebto dosje praktikisht prej koh\u00ebsh nuk ekzistojn\u00eb m\u00eb: n\u00eb kuptimin q\u00eb shum\u00eb prej tyre ose jan\u00eb zhdukur, ose jan\u00eb falsifikuar. Ky diversioni me dosjet po u b\u00ebn mbrojtjen m\u00eb t\u00eb mir\u00eb t\u00eb mundshme fajtor\u00ebve m\u00eb t\u00eb m\u00ebdhenj t\u00eb krimit komunist n\u00eb Shqip\u00ebri, udh\u00ebheq\u00ebsve t\u00eb Partis\u00eb s\u00eb Pun\u00ebs (partis\u00eb komuniste shqiptare), pra komunizmit.<\/p>\n<p>N\u00eb vijim nj\u00eb shkrim imi i para rreth 4 vjet\u00ebve:.<\/p>\n<p><strong>Rehabilitimi ligjor i komunizmit<\/strong><br \/>\n[<em>Gazeta Shqiptare, 17.12.2008<\/em>]<\/p>\n<p>N\u00eb projektligjin e &#8220;figurave t\u00eb komunizmit&#8221;, apo &#8220;i dosjeve&#8221;, apo zyrtarisht: projektligji &#8220;P\u00ebr past\u00ebrtin\u00eb e figurave t\u00eb zyrtar\u00ebve t\u00eb lart\u00eb t\u00eb administrat\u00ebs dhe t\u00eb zgjedhurve&#8221;, nuk figurojn\u00eb as ministrat dhe as dhe shum\u00eb funksionar\u00eb t\u00eb tjer\u00eb t\u00eb lart\u00eb t\u00eb komunizmit, \u00e7ka do t\u00eb thot\u00eb se ata\u00a0 klasifikohen ligj\u00ebrisht m\u00eb pak fajtor\u00eb, m\u00eb pak p\u00ebrgjegj\u00ebs p\u00ebr gj\u00ebm\u00ebn q\u00eb ka b\u00ebr\u00eb komunizmi n\u00eb Shqip\u00ebri, sesa nj\u00eb hafije mjerane e sigurimit. K\u00ebshtu, ky ligj rehabiliton komunizmin. Flitet se qenka dhe nj\u00eb pazar p\u00ebr t\u00eb bler\u00eb heshtjen e funksionar\u00ebve komunist\u00eb q\u00eb sot jan\u00eb deputet\u00eb. Heshtja e tyre iu dashka mazhoranc\u00ebs, q\u00eb me k\u00ebt\u00eb ligj t\u00eb goditen jurist\u00ebt e sot\u00ebm t\u00eb &#8220;Rrug\u00ebs s\u00eb Kuk\u00ebsit&#8221; apo t\u00eb &#8220;G\u00ebrdecit&#8221;-shum\u00eb prej k\u00ebtyre jurist\u00ebve kan\u00eb qen\u00eb funksionar\u00eb t\u00eb komunizmit. Ne mendojm\u00eb se nuk kishte shum\u00eb nevoj\u00eb t\u00eb k\u00ebrc\u00ebnoheshin jurist\u00ebt e komunizmit, sepse si rregull ata jan\u00eb shum\u00eb servil\u00eb ndaj atij q\u00eb \u00ebsht\u00eb n\u00eb pushtet, pavar\u00ebsisht se kush, Enveri, Ramizi apo Saliu.<\/p>\n<p><strong>Komunizmi shqiptar njihet<\/strong><\/p>\n<p>\u00c7do njeri q\u00eb ka jetuar komunizmin n\u00eb Shqip\u00ebri-por edhe \u00e7do i huaj q\u00eb ka lexuar &#8220;dy faqe&#8221; p\u00ebr Shqip\u00ebrin\u00eb komuniste-e di mir\u00eb se nuk ka t\u00eb krahasuar nj\u00eb minist\u00ebr i komunizmit, me nj\u00eb hafije t\u00eb gjor\u00eb. Ministri ishte pjes\u00eb e vendimmarrjeve kriminale t\u00eb shtetit komunist, qoft\u00eb direkt, qoft\u00eb dhe indirekt. Ai ishte p\u00ebr\u00e7ues i veprimeve ekzekutive t\u00eb shtetit komunist, veprime q\u00eb kan\u00eb shkaktuar mjerimin ekonomik dhe politik.<\/p>\n<p>Gjithashtu, dihet mir\u00eb se ishte shum\u00eb m\u00eb i d\u00ebmsh\u00ebm se nj\u00eb hafije, edhe nj\u00eb sekretar i partis\u00eb i nj\u00eb institucioni apo nd\u00ebrmarrjeje, spitali, gazete etj. K\u00ebta t\u00eb fundit ishin t\u00eb zgjedhurit e partis\u00eb, ishin baza e pisll\u00ebqeve q\u00eb b\u00ebnte komunizmi tek ne, ata &#8220;mobilizonin masat&#8221; n\u00eb rrug\u00ebn kriminale t\u00eb partis\u00eb komuniste.<\/p>\n<p>Sado t\u00eb ul\u00ebrijn\u00eb, vendas e t\u00eb huaj, realiteti shqiptar njihet, dhe zor se i mashtrojn\u00eb dot t\u00eb gjith\u00eb-e v\u00ebrteta e turpit t\u00eb tyre, her\u00ebt a von\u00eb do t\u00eb dal\u00eb.<\/p>\n<p><strong>M\u00eb t\u00eb d\u00ebmshmit Funksionar\u00ebt, sesa hafijet<\/strong><\/p>\n<p>Nuk mund t\u00eb ulet &#8220;goditja&#8221; e ligjit deri n\u00eb nivelin e nj\u00eb hafijeje sigurimi, duke shkap\u00ebrcyer p\u00ebrgjegj\u00ebsit m\u00eb kryesor\u00eb t\u00eb krimit komunist: funksionar\u00ebt e shteti komunist. K\u00ebt\u00eb e k\u00ebrkon e drejta dhe morali minimal. Si\u00e7 \u00ebsht\u00eb b\u00ebr\u00eb ky ligj, i bie q\u00eb fajtori t\u00eb jet\u00eb viktima, dhe jo xhelati: po, po, sepse shpesh hafijet e komunizmit ishin anti-komunist\u00eb t\u00eb detyruar me dhun\u00eb t\u00eb b\u00ebheshin spiun\u00eb t\u00eb komunizmit. Nejse, n\u00eb vijim renditja sipas fajit.<\/p>\n<p>N\u00eb nivelin e par\u00eb p\u00ebr nga fajet e kryera nga komunizmi, jan\u00eb an\u00ebtar\u00ebt apo kandidat\u00ebt e Byros\u00eb Politike, e Komitetit Qendror (KQ); sekretar\u00ebt e partis\u00eb n\u00eb rrethe; punonj\u00ebsit funksionar\u00eb t\u00eb aparatit t\u00eb KQ, t\u00eb institutit t\u00eb Marksizmit, t\u00eb Shkoll\u00ebs s\u00eb Partis\u00eb; titullar\u00ebt e Frontit Demokratik; an\u00ebtar\u00ebt e qeveris\u00eb; titullar\u00ebt e ministrive dhe dikastereve kryesore, t\u00eb komiteteve ekzekutive t\u00eb rretheve dhe t\u00eb qyteteve, t\u00eb deg\u00ebve t\u00eb Pun\u00ebve t\u00eb Brendshme; kryetar\u00ebt e Gjykatave, t\u00eb hetuesive, t\u00eb prokurorive etj.<\/p>\n<p>Ata t\u00eb nivelit t\u00eb dyt\u00eb e t\u00eb tretit, q\u00eb po i rreshtojm\u00eb m\u00eb posht\u00eb, duhet t\u00eb jen\u00eb t\u00eb para janar 1990, e jo &#8220;t\u00eb para 8.12.1990&#8221; si\u00e7 thot\u00eb ligji, kjo sepse m\u00eb 25 dhjetor 1989 u vra kryekomunisti \u00c7aushesku n\u00eb Rumani. Nejse, po vazhdojm\u00eb me rreshtimin sipas r\u00ebnd\u00ebsis\u00eb s\u00eb fajit t\u00eb funksionar\u00ebve t\u00eb komunizmit, e pastaj i kthehemi prap\u00eb &#8220;janarit t\u00eb 1990&#8221;.<\/p>\n<p>N\u00eb nivelin e dyt\u00eb p\u00ebr nga fajet e kryera jan\u00eb deputet\u00ebt e Kuvendit Popullor, titullar\u00ebt e Bashkimeve Profesionale; sekretar\u00ebt e Rinis\u00eb n\u00eb qend\u00ebr, titullar\u00ebt kryesor\u00eb t\u00eb organeve t\u00eb shtypit dhe masmedias; sekretar\u00ebt e Partis\u00eb n\u00eb institucione dhe nd\u00ebrmarrje, aparat\u00e7ik\u00ebt e Komiteteve t\u00eb partis\u00eb, t\u00eb Frontit Demokratik, t\u00eb Bashkimeve\u00a0 profesionale, si dhe sekretar\u00ebt e Rinis\u00eb s\u00eb rretheve; shefat dhe drejtor\u00ebt, n\u00eb qend\u00ebr dhe n\u00eb rrethe, n\u00eb institucione dhe nd\u00ebrmarrje dhe kooperativa bujq\u00ebsore; shefat n\u00eb qend\u00ebr e n\u00eb rrethe, si drejtor\u00eb drejtorie, prokuror\u00eb, hetues, gjykat\u00ebs, oficer\u00eb t\u00eb sigurimit etj.; ekuivalent\u00ebt n\u00eb ushtri t\u00eb posteve t\u00eb sotme t\u00eb kolonelit deri tek n\u00ebnkoloneli, si dhe t\u00eb gjith\u00eb komisar\u00ebt e t\u00eb gjitha niveleve; kryetar\u00ebt e akademis\u00eb, t\u00eb lidhjes s\u00eb shkrimtar\u00ebve, rektor\u00ebt e z\u00ebvend\u00ebsrektor\u00ebt e universiteteve dhe shkollave t\u00eb tjera t\u00eb larta.<\/p>\n<p>N\u00eb nivelin e tret\u00eb e t\u00eb fundit p\u00ebr nga fajet e kryera jan\u00eb me faj edhe t\u00eb gjith\u00eb an\u00ebtar\u00ebt e partis\u00eb komuniste q\u00eb kan\u00eb pasur nj\u00eb pozit\u00eb n\u00eb Parti, qoft\u00eb si z\u00ebvend\u00ebssekretar i Partis\u00eb s\u00eb nd\u00ebrmarrjes apo institucionit, qoft\u00eb dhe sekretar\u00eb t\u00eb Partis\u00eb t\u00eb \u00e7do niveli t\u00eb ul\u00ebt, t\u00eb reparteve apo nj\u00ebsive t\u00eb organizatave baz\u00eb, si dhe kryetar\u00ebt e Frontit Demokratik n\u00eb lagje, dhe kryetar\u00ebt e Bashkimeve Profesionale t\u00eb nd\u00ebrmarrjeve dhe institucioneve; oficer\u00ebt e policis\u00eb, dhe t\u00eb fundit informator\u00ebt (spiun\u00ebt), d\u00ebshmitar\u00ebt e rrem\u00eb etj.<\/p>\n<p>Edhe nj\u00eb her\u00eb p\u00ebr &#8220;prishjen e renditjes&#8221;. Ka 18 vjet q\u00eb b\u00ebhet loja politike, historike, dhe propagandistike, sikur fajtori p\u00ebr komunizmin 50-vje\u00e7ar shqiptar, paskan qen\u00eb &#8220;bira e fundit e kavallit&#8221;, hafijet e komunizmit, dhe jo ata kryesor\u00ebt sipas renditjes s\u00eb m\u00ebsip\u00ebrme-natyrisht kjo ishte m\u00ebnyra m\u00eb e mir\u00eb p\u00ebr t\u00eb fshehur fajtor\u00ebt e v\u00ebrtet\u00eb. Fatkeq\u00ebsisht, n\u00eb k\u00ebt\u00eb grack\u00eb ka r\u00ebn\u00eb nj\u00eb pjes\u00eb e madhe e shoq\u00ebris\u00eb son\u00eb naive: \u00ebsht\u00eb koha t\u00eb dal\u00eb e v\u00ebrteta, sepse g\u00ebnjeshtra po na d\u00ebmton t\u00eb sotmen dhe t\u00eb ardhmen.<\/p>\n<p><strong>Q\u00ebllimi kryesor i k\u00ebtij palo ligji<\/strong><\/p>\n<p>Ky ligj n\u00eb radh\u00eb t\u00eb par\u00eb po b\u00ebhet p\u00ebr t\u00eb rehabilituar komunizmin. E themi k\u00ebt\u00eb, se pas k\u00ebtij ligji funksionar\u00ebt ish-komunist\u00eb marrin certifikat\u00ebn e pafaj\u00ebsis\u00eb: t\u00eb fajshmit mbeten vet\u00ebm anti-komunist\u00ebt q\u00eb nuk duruan torturat e dhun\u00ebn e tyre, e komunist\u00ebve, dhe u thyen duke u kthyer n\u00eb spiun\u00eb t\u00eb komunist\u00ebve. Kan\u00eb l\u00ebn\u00eb n\u00eb at\u00eb ligj, edhe pak nga funksionar\u00ebt komunist\u00eb, sa p\u00ebr diversion se gjoja e kan\u00eb dhe me ta, por q\u00eb i tradhton fakti se nga ata tashm\u00eb pothuaj nuk ka asnj\u00eb n\u00eb politik\u00eb. E gjitha kjo b\u00ebhet p\u00ebr t\u00eb sanksionuar me ligj pisll\u00ebkun pas-komunist shqiptar: drejtimin e politik\u00ebs nga ish-funksionar\u00ebt e komunizmit.<\/p>\n<p>Pjes\u00eb e rehabilitimit t\u00eb komunizmit \u00ebsht\u00eb dhe v\u00ebnia n\u00eb ligj e dat\u00ebs &#8220;8 dhjetor 1990&#8221;, dita kur partia komuniste e paska d\u00ebrguar Sali Berish\u00ebn si p\u00ebrfaq\u00ebsues t\u00eb saj tek student\u00ebt e Tiran\u00ebs. Themi para &#8220;janar 1990&#8221;, sepse kjo dat\u00eb lidhet me nj\u00eb ndryshim t\u00eb madh n\u00eb komunizmin shqiptar, me tmerrin q\u00eb e zuri kur pa vrasjen e \u00c7ausheskut (Ceausescu) n\u00eb Rumani, m\u00eb 25 dhjetor 1989. Ajo vrasje nuk tmerroi vet\u00ebm &#8220;udh\u00ebheqjen ton\u00eb t\u00eb lavdishme dhe rrethimin e saj komunist&#8221;, por dhe u &#8220;hapi syt\u00eb p\u00ebr t\u00eb ardhmen historike t\u00eb vendit ton\u00eb&#8221;, edhe &#8220;liberal\u00ebve n\u00eb gjirin e komunizmit&#8221;. Kan\u00eb 18 vjet q\u00eb p\u00ebrpiqen ta deformojm\u00eb historin\u00eb ton\u00eb. \u00cbsht\u00eb pik\u00ebrisht kjo ngjarje, vrasja e nj\u00eb krye-komunisti nga nj\u00eb popull q\u00eb kishte vuajtur nga komunizmi shum\u00eb m\u00eb pak se ne, q\u00eb shpjegon shum\u00eb ngjarje shqiptare t\u00eb m\u00ebvonshme. Nejse, kemi shkruar gjat\u00eb p\u00ebr k\u00ebt\u00eb tem\u00eb, prandaj nuk po e zgjasim m\u00eb k\u00ebtu.<\/p>\n<p>Ky rehabilitimi aktual ligjor i komunizmit \u00ebsht\u00eb aq i r\u00ebnd\u00eb, \u00ebsht\u00eb dhe aq idiot p\u00ebr periudh\u00ebn historike q\u00eb po kalojm\u00eb, saq\u00eb mbase nuk justifikohet dot vet\u00ebm me bab\u00ebzin\u00eb komuniste p\u00ebr pushtet. Si iu ka marr\u00eb dreqi mend kaq shum\u00eb shqiptar\u00ebve, saq\u00eb nuk kuptojn\u00eb k\u00ebt\u00eb gj\u00eb kaq t\u00eb thjesht\u00eb: sa m\u00eb lart n\u00eb pushtetin komunist shqiptar, aq m\u00eb fajtor ke qen\u00eb?! A mos ka dhe forca okulte q\u00eb veprojn\u00eb: mos ka shtytje nga agjenturat antishqiptare q\u00eb t\u00eb b\u00ebhet nj\u00eb ligj k\u00ebshtu?! Nejse, fundja n\u00eb Shqip\u00ebri jan\u00eb zot shqiptar\u00ebt, dhe jemi ne q\u00eb po dalim aq t\u00eb ndyr\u00eb, aq komunist\u00eb para opinionit bot\u00ebror, aq idiot\u00eb saq\u00eb mos t\u00eb na fut\u00eb njeri fare n\u00eb list\u00eb, as p\u00ebr n\u00eb NATO, as n\u00eb BE, as p\u00ebr heqje vizash e asgj\u00eb tjet\u00ebr.<\/p>\n<p><strong>Q\u00ebllimi Dyt\u00ebsor i ligjit<\/strong><\/p>\n<p>Dakord, ka dhe arsye dyt\u00ebsore q\u00eb ky ligj b\u00ebhet pik\u00ebrisht tani. Tani z. Berisha dashka q\u00eb t\u00eb sigurohet 100% se nuk do ta gjej\u00eb gj\u00eb gjat\u00eb shqyrtimit ligjor t\u00eb akuzave t\u00eb r\u00ebnda q\u00eb i jan\u00eb b\u00ebr\u00eb p\u00ebr korrupsionin m\u00eb t\u00eb r\u00ebnd\u00eb t\u00eb pas-komunizmit shqiptar. Shum\u00eb nga jurist\u00ebt q\u00eb u r\u00ebnka t\u00eb merren me akuzat p\u00ebr krimet korruptive t\u00eb qeverisjes aktuale (si shkat\u00ebrrimi dhe vrasjet n\u00eb G\u00ebrdec, korrupsioni n\u00eb rrug\u00ebn e Kuk\u00ebsit etj.), kan\u00eb qen\u00eb funksionar\u00eb t\u00eb komunizmit. Pra z. Berisha dashka t&#8217;i tremb\u00eb edhe nj\u00eb her\u00eb jurist\u00ebt q\u00eb kan\u00eb n\u00eb duar proceset penale aktuale, mbase dhe t\u00eb heq\u00eb ndonj\u00ebrin q\u00eb q\u00ebllon i ndersh\u00ebm nd\u00ebr ta.<\/p>\n<p>Por, e gjitha kjo &#8220;me trembjen dhe heqjen e jurist\u00ebve&#8221; t\u00eb komunizmit, q\u00eb t\u00eb mos zbulohet korrupsioni i qeverisjes berishiste, ting\u00ebllon pak e sforcuar, dhe mund t\u00eb justifikohet vet\u00ebm me paranoj\u00ebn e Berish\u00ebs, sepse p\u00ebrndryshe do t\u00eb thoshim se b\u00ebhet p\u00ebr t\u00eb mbuluar q\u00ebllimin kryesor, rehabilitimin ligjor t\u00eb komunizmit. Nejse, supozojm\u00eb se v\u00ebrtet\u00eb Berisha \u00ebsht\u00eb kaq paranojak saq\u00eb edhe k\u00ebta lloj jurist\u00ebsh ish-funksionar\u00eb t\u00eb komunizmit, q\u00eb ai i ka krejt n\u00eb xhep, dashka t&#8217;i shtroj\u00eb me &#8220;1000%&#8221;.<\/p>\n<p>Por mos harroni se \u00ebsht\u00eb z. Berisha q\u00eb ka 18 vjet q\u00eb ka krijuar me k\u00ebta jurist\u00eb t\u00eb komunizmit, dhe vet\u00ebm me ta, k\u00ebt\u00eb sistem drejt\u00ebsie q\u00eb kemi. \u00cbsht\u00eb ky sistemi m\u00eb i p\u00ebrshtatshmi p\u00ebr t\u00eb mbajtur diktatur\u00ebn personale t\u00eb z. Berisha, por dhe shumic\u00ebn e politik\u00ebs q\u00eb kemi aktualisht. Ishte vet\u00eb z. Berisha q\u00eb i pari, p\u00ebr vite me radh\u00eb, i vuri n\u00eb majat m\u00eb t\u00eb larta t\u00eb drejt\u00ebsis\u00eb k\u00ebta jurist\u00eb-nd\u00ebr koh\u00eb q\u00eb kishte mjaft koh\u00eb q\u00eb t\u00eb gjith\u00eb t\u00eb ishin nd\u00ebrruar: kan\u00eb kaluar 18 vjet! Ata, funksionar\u00ebt e komunizmit, i duheshin p\u00ebr t\u00eb goditur kund\u00ebrshtar\u00ebt politik\u00eb. Nuk ka njer\u00ebz m\u00eb t\u00eb bindur ndaj pushtetit, sesa funksionar\u00ebt komunist\u00eb, t\u00eb cil\u00ebt jan\u00eb edukuar q\u00eb n\u00eb rini, p\u00ebr bindje t\u00eb verb\u00ebr ndaj pushtetit, dhe jo p\u00ebr zbatimin e ligjit.<\/p>\n<p>Q\u00eb ligji t\u00eb kaloj\u00eb pa probleme, jan\u00eb bler\u00eb edhe vota apo heshtja e disa politikan\u00ebve q\u00eb kan\u00eb qen\u00eb funksionar\u00eb t\u00eb komunizmit. Edhe n\u00eb Kuvend ka mjaft t\u00eb till\u00eb, ku p\u00ebrve\u00e7 sekretarit t\u00eb partis\u00eb komuniste Sali Berisha, jan\u00eb dhe ministra t\u00eb komunizmit si Fatos Nano etj. Ata jan\u00eb gati q\u00eb edhe t\u00eb mos ndjehen p\u00ebr korrupsionin aktual t\u00eb berishist\u00ebve, ama me kusht q\u00eb t\u00eb modifikohen nenet e ligjit q\u00eb t\u00eb mos preken ata vet\u00eb, apo dhe ndonj\u00eb i af\u00ebrm i tyre q\u00eb e kan\u00eb shum\u00eb xhan. Natyrisht q\u00eb shumic\u00ebs s\u00eb tyre ju intereson edhe ideologjikisht realizimi i q\u00ebllimit kryesor: rehabilitimit t\u00eb ligjor t\u00eb komunizmit: nuk kan\u00eb nd\u00ebrruar mend t\u00eb gjith\u00eb!<\/p>\n<p style=\"text-align: center;\">* * *<\/p>\n<p>Pazari \u00ebsht\u00eb i koklavitur, sepse \u00ebsht\u00eb produkt i makiavelizmit q\u00eb sundon politik\u00ebn shqiptare. Por pagesa n\u00eb k\u00ebto pazare t\u00eb ndyra peshon mbi t\u00eb gjith\u00eb popullin. Prandaj themi q\u00eb ose t\u00eb b\u00ebhej nj\u00eb ligj i drejt\u00eb, ose m\u00eb mir\u00eb t\u00eb mos b\u00ebhej fare, derisa nuk i sh\u00ebrben Shqip\u00ebris\u00eb, por mafies politike pas-komuniste.<\/p>\n<p><strong>Bashkim Kopliku<\/strong><br \/>\nPhone: +355 52 223663; +355 52 229209<br \/>\nMob: +355 672858090<br \/>\nInternational mob: +39 3887865398<br \/>\nE-mail:<br \/>\noptional:<\/p>\n<p>Please, send important e-mails<br \/>\non both addresses!<\/p>\n","protected":false},"excerpt":{"rendered":"<p>[Sot, 05.04.2012] Q\u00ebllimisht apo jo q\u00ebllimisht, me apo pa vet\u00ebdije, po vazhdohet diversioni me &#8220;dosjet e spiun\u00ebve&#8221;, ani se k\u00ebto dosje praktikisht prej koh\u00ebsh nuk ekzistojn\u00eb m\u00eb: n\u00eb kuptimin q\u00eb shum\u00eb prej tyre ose jan\u00eb zhdukur, ose jan\u00eb falsifikuar. Ky diversioni me dosjet po u b\u00ebn mbrojtjen m\u00eb t\u00eb mir\u00eb t\u00eb mundshme fajtor\u00ebve m\u00eb t\u00eb [&hellip;]<\/p>\n","protected":false},"author":1,"featured_media":0,"comment_status":"open","ping_status":"closed","sticky":false,"template":"","format":"standard","meta":{"footnotes":""},"categories":[2],"tags":[],"class_list":{"0":"post-2398","1":"post","2":"type-post","3":"status-publish","4":"format-standard","6":"category-artikuj"},"yoast_head":"<!-- This site is optimized with the Yoast SEO plugin v27.4 - https:\/\/yoast.com\/product\/yoast-seo-wordpress\/ -->\n<title>Prap\u00eb, mbrojtje e komunizmit me spiun\u00ebt - FjALA e LIR\u00cb - Arkivi<\/title>\n<meta name=\"robots\" content=\"index, follow, max-snippet:-1, max-image-preview:large, max-video-preview:-1\" \/>\n<link rel=\"canonical\" href=\"https:\/\/fjala.info\/2009-2015\/prape-mbrojtje-e-komunizmit-me-spiunet\/\" \/>\n<meta property=\"og:locale\" content=\"sq_AL\" \/>\n<meta property=\"og:type\" content=\"article\" \/>\n<meta property=\"og:title\" content=\"Prap\u00eb, mbrojtje e komunizmit me spiun\u00ebt - FjALA e LIR\u00cb - Arkivi\" \/>\n<meta property=\"og:description\" content=\"[Sot, 05.04.2012] Q\u00ebllimisht apo jo q\u00ebllimisht, me apo pa vet\u00ebdije, po vazhdohet diversioni me &#8220;dosjet e spiun\u00ebve&#8221;, ani se k\u00ebto dosje praktikisht prej koh\u00ebsh nuk ekzistojn\u00eb m\u00eb: n\u00eb kuptimin q\u00eb shum\u00eb prej tyre ose jan\u00eb zhdukur, ose jan\u00eb falsifikuar. Ky diversioni me dosjet po u b\u00ebn mbrojtjen m\u00eb t\u00eb mir\u00eb t\u00eb mundshme fajtor\u00ebve m\u00eb t\u00eb [&hellip;]\" \/>\n<meta property=\"og:url\" content=\"https:\/\/fjala.info\/2009-2015\/prape-mbrojtje-e-komunizmit-me-spiunet\/\" \/>\n<meta property=\"og:site_name\" content=\"FjALA e LIR\u00cb - Arkivi\" \/>\n<meta property=\"article:published_time\" content=\"2012-04-06T06:17:50+00:00\" \/>\n<meta property=\"og:image\" content=\"http:\/\/www.shkoder.net\/images\/fjala\/bashkim_kopliku.jpg\" \/>\n<meta name=\"author\" content=\"admin\" \/>\n<meta name=\"twitter:card\" content=\"summary_large_image\" \/>\n<meta name=\"twitter:label1\" content=\"Written by\" \/>\n\t<meta name=\"twitter:data1\" content=\"admin\" \/>\n\t<meta name=\"twitter:label2\" content=\"Est. reading time\" \/>\n\t<meta name=\"twitter:data2\" content=\"10 minutes\" \/>\n<script type=\"application\/ld+json\" class=\"yoast-schema-graph\">{\"@context\":\"https:\\\/\\\/schema.org\",\"@graph\":[{\"@type\":\"Article\",\"@id\":\"https:\\\/\\\/fjala.info\\\/2009-2015\\\/prape-mbrojtje-e-komunizmit-me-spiunet\\\/#article\",\"isPartOf\":{\"@id\":\"https:\\\/\\\/fjala.info\\\/2009-2015\\\/prape-mbrojtje-e-komunizmit-me-spiunet\\\/\"},\"author\":{\"name\":\"admin\",\"@id\":\"https:\\\/\\\/fjala.info\\\/2009-2015\\\/#\\\/schema\\\/person\\\/3aa1163ef05469c496fc94e77611ada2\"},\"headline\":\"Prap\u00eb, mbrojtje e komunizmit me spiun\u00ebt\",\"datePublished\":\"2012-04-06T06:17:50+00:00\",\"mainEntityOfPage\":{\"@id\":\"https:\\\/\\\/fjala.info\\\/2009-2015\\\/prape-mbrojtje-e-komunizmit-me-spiunet\\\/\"},\"wordCount\":2038,\"commentCount\":0,\"publisher\":{\"@id\":\"https:\\\/\\\/fjala.info\\\/2009-2015\\\/#organization\"},\"image\":{\"@id\":\"https:\\\/\\\/fjala.info\\\/2009-2015\\\/prape-mbrojtje-e-komunizmit-me-spiunet\\\/#primaryimage\"},\"thumbnailUrl\":\"http:\\\/\\\/www.shkoder.net\\\/images\\\/fjala\\\/bashkim_kopliku.jpg\",\"articleSection\":[\"Artikuj\"],\"inLanguage\":\"sq-AL\",\"potentialAction\":[{\"@type\":\"CommentAction\",\"name\":\"Comment\",\"target\":[\"https:\\\/\\\/fjala.info\\\/2009-2015\\\/prape-mbrojtje-e-komunizmit-me-spiunet\\\/#respond\"]}]},{\"@type\":\"WebPage\",\"@id\":\"https:\\\/\\\/fjala.info\\\/2009-2015\\\/prape-mbrojtje-e-komunizmit-me-spiunet\\\/\",\"url\":\"https:\\\/\\\/fjala.info\\\/2009-2015\\\/prape-mbrojtje-e-komunizmit-me-spiunet\\\/\",\"name\":\"Prap\u00eb, mbrojtje e komunizmit me spiun\u00ebt - FjALA e LIR\u00cb - Arkivi\",\"isPartOf\":{\"@id\":\"https:\\\/\\\/fjala.info\\\/2009-2015\\\/#website\"},\"primaryImageOfPage\":{\"@id\":\"https:\\\/\\\/fjala.info\\\/2009-2015\\\/prape-mbrojtje-e-komunizmit-me-spiunet\\\/#primaryimage\"},\"image\":{\"@id\":\"https:\\\/\\\/fjala.info\\\/2009-2015\\\/prape-mbrojtje-e-komunizmit-me-spiunet\\\/#primaryimage\"},\"thumbnailUrl\":\"http:\\\/\\\/www.shkoder.net\\\/images\\\/fjala\\\/bashkim_kopliku.jpg\",\"datePublished\":\"2012-04-06T06:17:50+00:00\",\"breadcrumb\":{\"@id\":\"https:\\\/\\\/fjala.info\\\/2009-2015\\\/prape-mbrojtje-e-komunizmit-me-spiunet\\\/#breadcrumb\"},\"inLanguage\":\"sq-AL\",\"potentialAction\":[{\"@type\":\"ReadAction\",\"target\":[\"https:\\\/\\\/fjala.info\\\/2009-2015\\\/prape-mbrojtje-e-komunizmit-me-spiunet\\\/\"]}]},{\"@type\":\"ImageObject\",\"inLanguage\":\"sq-AL\",\"@id\":\"https:\\\/\\\/fjala.info\\\/2009-2015\\\/prape-mbrojtje-e-komunizmit-me-spiunet\\\/#primaryimage\",\"url\":\"http:\\\/\\\/www.shkoder.net\\\/images\\\/fjala\\\/bashkim_kopliku.jpg\",\"contentUrl\":\"http:\\\/\\\/www.shkoder.net\\\/images\\\/fjala\\\/bashkim_kopliku.jpg\"},{\"@type\":\"BreadcrumbList\",\"@id\":\"https:\\\/\\\/fjala.info\\\/2009-2015\\\/prape-mbrojtje-e-komunizmit-me-spiunet\\\/#breadcrumb\",\"itemListElement\":[{\"@type\":\"ListItem\",\"position\":1,\"name\":\"Home\",\"item\":\"https:\\\/\\\/fjala.info\\\/2009-2015\\\/\"},{\"@type\":\"ListItem\",\"position\":2,\"name\":\"Prap\u00eb, mbrojtje e komunizmit me spiun\u00ebt\"}]},{\"@type\":\"WebSite\",\"@id\":\"https:\\\/\\\/fjala.info\\\/2009-2015\\\/#website\",\"url\":\"https:\\\/\\\/fjala.info\\\/2009-2015\\\/\",\"name\":\"FjALA e LIR\u00cb - Arkivi\",\"description\":\"Arkivi 2009-2015\",\"publisher\":{\"@id\":\"https:\\\/\\\/fjala.info\\\/2009-2015\\\/#organization\"},\"potentialAction\":[{\"@type\":\"SearchAction\",\"target\":{\"@type\":\"EntryPoint\",\"urlTemplate\":\"https:\\\/\\\/fjala.info\\\/2009-2015\\\/?s={search_term_string}\"},\"query-input\":{\"@type\":\"PropertyValueSpecification\",\"valueRequired\":true,\"valueName\":\"search_term_string\"}}],\"inLanguage\":\"sq-AL\"},{\"@type\":\"Organization\",\"@id\":\"https:\\\/\\\/fjala.info\\\/2009-2015\\\/#organization\",\"name\":\"FjALA e LIR\u00cb - Arkivi\",\"url\":\"https:\\\/\\\/fjala.info\\\/2009-2015\\\/\",\"logo\":{\"@type\":\"ImageObject\",\"inLanguage\":\"sq-AL\",\"@id\":\"https:\\\/\\\/fjala.info\\\/2009-2015\\\/#\\\/schema\\\/logo\\\/image\\\/\",\"url\":\"\",\"contentUrl\":\"\",\"caption\":\"FjALA e LIR\u00cb - Arkivi\"},\"image\":{\"@id\":\"https:\\\/\\\/fjala.info\\\/2009-2015\\\/#\\\/schema\\\/logo\\\/image\\\/\"}},{\"@type\":\"Person\",\"@id\":\"https:\\\/\\\/fjala.info\\\/2009-2015\\\/#\\\/schema\\\/person\\\/3aa1163ef05469c496fc94e77611ada2\",\"name\":\"admin\",\"image\":{\"@type\":\"ImageObject\",\"inLanguage\":\"sq-AL\",\"@id\":\"https:\\\/\\\/fjala.info\\\/2009-2015\\\/wp-content\\\/uploads\\\/2012\\\/02\\\/arben_cokaj-120x150.jpg\",\"url\":\"https:\\\/\\\/fjala.info\\\/2009-2015\\\/wp-content\\\/uploads\\\/2012\\\/02\\\/arben_cokaj-120x150.jpg\",\"contentUrl\":\"https:\\\/\\\/fjala.info\\\/2009-2015\\\/wp-content\\\/uploads\\\/2012\\\/02\\\/arben_cokaj-120x150.jpg\",\"caption\":\"admin\"},\"description\":\"Admin, Fjala e Lir\u00eb\",\"sameAs\":[\"https:\\\/\\\/fjala.info\\\/\"],\"url\":\"https:\\\/\\\/fjala.info\\\/2009-2015\\\/author\\\/admin\\\/\"}]}<\/script>\n<!-- \/ Yoast SEO plugin. -->","yoast_head_json":{"title":"Prap\u00eb, mbrojtje e komunizmit me spiun\u00ebt - FjALA e LIR\u00cb - Arkivi","robots":{"index":"index","follow":"follow","max-snippet":"max-snippet:-1","max-image-preview":"max-image-preview:large","max-video-preview":"max-video-preview:-1"},"canonical":"https:\/\/fjala.info\/2009-2015\/prape-mbrojtje-e-komunizmit-me-spiunet\/","og_locale":"sq_AL","og_type":"article","og_title":"Prap\u00eb, mbrojtje e komunizmit me spiun\u00ebt - FjALA e LIR\u00cb - Arkivi","og_description":"[Sot, 05.04.2012] Q\u00ebllimisht apo jo q\u00ebllimisht, me apo pa vet\u00ebdije, po vazhdohet diversioni me &#8220;dosjet e spiun\u00ebve&#8221;, ani se k\u00ebto dosje praktikisht prej koh\u00ebsh nuk ekzistojn\u00eb m\u00eb: n\u00eb kuptimin q\u00eb shum\u00eb prej tyre ose jan\u00eb zhdukur, ose jan\u00eb falsifikuar. Ky diversioni me dosjet po u b\u00ebn mbrojtjen m\u00eb t\u00eb mir\u00eb t\u00eb mundshme fajtor\u00ebve m\u00eb t\u00eb [&hellip;]","og_url":"https:\/\/fjala.info\/2009-2015\/prape-mbrojtje-e-komunizmit-me-spiunet\/","og_site_name":"FjALA e LIR\u00cb - Arkivi","article_published_time":"2012-04-06T06:17:50+00:00","og_image":[{"url":"http:\/\/www.shkoder.net\/images\/fjala\/bashkim_kopliku.jpg","type":"","width":"","height":""}],"author":"admin","twitter_card":"summary_large_image","twitter_misc":{"Written by":"admin","Est. reading time":"10 minutes"},"schema":{"@context":"https:\/\/schema.org","@graph":[{"@type":"Article","@id":"https:\/\/fjala.info\/2009-2015\/prape-mbrojtje-e-komunizmit-me-spiunet\/#article","isPartOf":{"@id":"https:\/\/fjala.info\/2009-2015\/prape-mbrojtje-e-komunizmit-me-spiunet\/"},"author":{"name":"admin","@id":"https:\/\/fjala.info\/2009-2015\/#\/schema\/person\/3aa1163ef05469c496fc94e77611ada2"},"headline":"Prap\u00eb, mbrojtje e komunizmit me spiun\u00ebt","datePublished":"2012-04-06T06:17:50+00:00","mainEntityOfPage":{"@id":"https:\/\/fjala.info\/2009-2015\/prape-mbrojtje-e-komunizmit-me-spiunet\/"},"wordCount":2038,"commentCount":0,"publisher":{"@id":"https:\/\/fjala.info\/2009-2015\/#organization"},"image":{"@id":"https:\/\/fjala.info\/2009-2015\/prape-mbrojtje-e-komunizmit-me-spiunet\/#primaryimage"},"thumbnailUrl":"http:\/\/www.shkoder.net\/images\/fjala\/bashkim_kopliku.jpg","articleSection":["Artikuj"],"inLanguage":"sq-AL","potentialAction":[{"@type":"CommentAction","name":"Comment","target":["https:\/\/fjala.info\/2009-2015\/prape-mbrojtje-e-komunizmit-me-spiunet\/#respond"]}]},{"@type":"WebPage","@id":"https:\/\/fjala.info\/2009-2015\/prape-mbrojtje-e-komunizmit-me-spiunet\/","url":"https:\/\/fjala.info\/2009-2015\/prape-mbrojtje-e-komunizmit-me-spiunet\/","name":"Prap\u00eb, mbrojtje e komunizmit me spiun\u00ebt - FjALA e LIR\u00cb - Arkivi","isPartOf":{"@id":"https:\/\/fjala.info\/2009-2015\/#website"},"primaryImageOfPage":{"@id":"https:\/\/fjala.info\/2009-2015\/prape-mbrojtje-e-komunizmit-me-spiunet\/#primaryimage"},"image":{"@id":"https:\/\/fjala.info\/2009-2015\/prape-mbrojtje-e-komunizmit-me-spiunet\/#primaryimage"},"thumbnailUrl":"http:\/\/www.shkoder.net\/images\/fjala\/bashkim_kopliku.jpg","datePublished":"2012-04-06T06:17:50+00:00","breadcrumb":{"@id":"https:\/\/fjala.info\/2009-2015\/prape-mbrojtje-e-komunizmit-me-spiunet\/#breadcrumb"},"inLanguage":"sq-AL","potentialAction":[{"@type":"ReadAction","target":["https:\/\/fjala.info\/2009-2015\/prape-mbrojtje-e-komunizmit-me-spiunet\/"]}]},{"@type":"ImageObject","inLanguage":"sq-AL","@id":"https:\/\/fjala.info\/2009-2015\/prape-mbrojtje-e-komunizmit-me-spiunet\/#primaryimage","url":"http:\/\/www.shkoder.net\/images\/fjala\/bashkim_kopliku.jpg","contentUrl":"http:\/\/www.shkoder.net\/images\/fjala\/bashkim_kopliku.jpg"},{"@type":"BreadcrumbList","@id":"https:\/\/fjala.info\/2009-2015\/prape-mbrojtje-e-komunizmit-me-spiunet\/#breadcrumb","itemListElement":[{"@type":"ListItem","position":1,"name":"Home","item":"https:\/\/fjala.info\/2009-2015\/"},{"@type":"ListItem","position":2,"name":"Prap\u00eb, mbrojtje e komunizmit me spiun\u00ebt"}]},{"@type":"WebSite","@id":"https:\/\/fjala.info\/2009-2015\/#website","url":"https:\/\/fjala.info\/2009-2015\/","name":"FjALA e LIR\u00cb - Arkivi","description":"Arkivi 2009-2015","publisher":{"@id":"https:\/\/fjala.info\/2009-2015\/#organization"},"potentialAction":[{"@type":"SearchAction","target":{"@type":"EntryPoint","urlTemplate":"https:\/\/fjala.info\/2009-2015\/?s={search_term_string}"},"query-input":{"@type":"PropertyValueSpecification","valueRequired":true,"valueName":"search_term_string"}}],"inLanguage":"sq-AL"},{"@type":"Organization","@id":"https:\/\/fjala.info\/2009-2015\/#organization","name":"FjALA e LIR\u00cb - Arkivi","url":"https:\/\/fjala.info\/2009-2015\/","logo":{"@type":"ImageObject","inLanguage":"sq-AL","@id":"https:\/\/fjala.info\/2009-2015\/#\/schema\/logo\/image\/","url":"","contentUrl":"","caption":"FjALA e LIR\u00cb - Arkivi"},"image":{"@id":"https:\/\/fjala.info\/2009-2015\/#\/schema\/logo\/image\/"}},{"@type":"Person","@id":"https:\/\/fjala.info\/2009-2015\/#\/schema\/person\/3aa1163ef05469c496fc94e77611ada2","name":"admin","image":{"@type":"ImageObject","inLanguage":"sq-AL","@id":"https:\/\/fjala.info\/2009-2015\/wp-content\/uploads\/2012\/02\/arben_cokaj-120x150.jpg","url":"https:\/\/fjala.info\/2009-2015\/wp-content\/uploads\/2012\/02\/arben_cokaj-120x150.jpg","contentUrl":"https:\/\/fjala.info\/2009-2015\/wp-content\/uploads\/2012\/02\/arben_cokaj-120x150.jpg","caption":"admin"},"description":"Admin, Fjala e Lir\u00eb","sameAs":["https:\/\/fjala.info\/"],"url":"https:\/\/fjala.info\/2009-2015\/author\/admin\/"}]}},"_links":{"self":[{"href":"https:\/\/fjala.info\/2009-2015\/wp-json\/wp\/v2\/posts\/2398","targetHints":{"allow":["GET"]}}],"collection":[{"href":"https:\/\/fjala.info\/2009-2015\/wp-json\/wp\/v2\/posts"}],"about":[{"href":"https:\/\/fjala.info\/2009-2015\/wp-json\/wp\/v2\/types\/post"}],"author":[{"embeddable":true,"href":"https:\/\/fjala.info\/2009-2015\/wp-json\/wp\/v2\/users\/1"}],"replies":[{"embeddable":true,"href":"https:\/\/fjala.info\/2009-2015\/wp-json\/wp\/v2\/comments?post=2398"}],"version-history":[{"count":0,"href":"https:\/\/fjala.info\/2009-2015\/wp-json\/wp\/v2\/posts\/2398\/revisions"}],"wp:attachment":[{"href":"https:\/\/fjala.info\/2009-2015\/wp-json\/wp\/v2\/media?parent=2398"}],"wp:term":[{"taxonomy":"category","embeddable":true,"href":"https:\/\/fjala.info\/2009-2015\/wp-json\/wp\/v2\/categories?post=2398"},{"taxonomy":"post_tag","embeddable":true,"href":"https:\/\/fjala.info\/2009-2015\/wp-json\/wp\/v2\/tags?post=2398"}],"curies":[{"name":"wp","href":"https:\/\/api.w.org\/{rel}","templated":true}]}}