{"id":2397,"date":"2010-04-28T22:29:19","date_gmt":"2010-04-28T21:29:19","guid":{"rendered":"http:\/\/fjala.shkoder.net\/?p=2397"},"modified":"2010-04-28T22:29:19","modified_gmt":"2010-04-28T21:29:19","slug":"strategjia-e-berishes-dhe-hafijet-ne-media","status":"publish","type":"post","link":"https:\/\/fjala.info\/2009-2015\/strategjia-e-berishes-dhe-hafijet-ne-media\/","title":{"rendered":"Strategjia e Berish\u00ebs dhe Hafijet n\u00eb Media"},"content":{"rendered":"<p><img decoding=\"async\" style=\"margin-left: 10px; margin-right: 10px; border: 0px;\" src=\"http:\/\/www.shkoder.net\/images\/fjala\/bledar_prifti.jpg\" border=\"0\" alt=\"Bledar H. Prifti\" width=\"150\" align=\"right\" \/><\/p>\n<p><strong>Bledar H. Prifti<\/strong>, <em>28.04.2010<\/em><\/p>\n<p>Pjesa d\u00ebrrmuese e analist\u00ebve politik n\u00eb mediat Shqiptare jan\u00eb, direkt ose indirekt, sh\u00ebrb\u00ebtor\u00eb dhe hafije t\u00eb regjimit. Arsyeja q\u00eb i quaj k\u00ebta analist\u00eb &#8220;hafije t\u00eb pushtetit&#8221; nuk ka t\u00eb b\u00ebj\u00eb me kontradiktat ideologjike apo vler\u00ebsimet normative, por me mb\u00ebshtetjen q\u00eb ata i japin pushtetit edhe n\u00eb raste, pasi ky i fundit ka shkelur haptazi ligjet, kushtetut\u00ebn, dhe sovranitetin e vendit.<\/p>\n<p>K\u00ebta analist\u00eb implementojn\u00eb n\u00eb m\u00ebnyr\u00eb t\u00eb kamufluar strategjin\u00eb e pushtetit Berisha p\u00ebr t\u00eb p\u00ebrmbushur bab\u00ebzin\u00eb p\u00ebr pushtet absolute politik dhe ekonomik dhe duke \u00e7oroditur dhe g\u00ebnjyer mbar\u00eb popullin. Ata jan\u00eb pararoja e propagand\u00ebs qeveritare q\u00eb p\u00ebrpiqen t\u00eb largojn\u00eb v\u00ebmendjen e opinionit publik nga problemet reale si varf\u00ebria, papun\u00ebsia, korrupsioni, krimi, manipulimi dhe vjedhja e vot\u00ebs s\u00eb popullit.<\/p>\n<p>Strategjia e Berish\u00ebs p\u00ebr t\u00eb mbajtur pushtetin, p\u00ebr t\u00eb \u00e7orientuar opinionin publik, dhe p\u00ebr t\u00eb sulmuar dhe shkat\u00ebrruar opozit\u00ebn implementohet n\u00eb media p\u00ebrmes hafijeve t\u00eb pushtetit n\u00eb tre drejtime kryesore: (1) p\u00ebrmes njehsimit t\u00eb figur\u00ebs politike t\u00eb liderit socialist, Edi Rama, me at\u00eb t\u00eb liderit demokrat, Sali Berisha; (2) p\u00ebrmes personalizimit t\u00eb politik\u00ebs dhe kauz\u00ebs politike t\u00eb opozit\u00ebs socialiste p\u00ebr drejt\u00ebsi, demokraci dhe transparenc\u00eb t\u00eb zgjedhjeve t\u00eb 28 qershorit; dhe (3) p\u00ebrmes pretendimit se largimi nga politika i Berish\u00ebs do t\u00eb ishte nj\u00eb &#8220;tragjedi&#8221; p\u00ebr PD-n\u00eb (p\u00ebr disa mbase edhe p\u00ebr vendin dhe politik\u00ebn komb\u00ebtare).<\/p>\n<p>S\u00eb pari, njehsimi i figur\u00ebs s\u00eb liderit socialist, Rama, me at\u00eb t\u00eb liderit demokrat, Berisha, \u00ebsht\u00eb nj\u00eb komponent i strategjis\u00eb Berisha q\u00eb promovohet fuqish\u00ebm sot n\u00eb media p\u00ebrmes k\u00ebtyre analist\u00ebve.<\/p>\n<p>Berisha dhe hafijet e tij n\u00eb media e kan\u00eb kuptuar se t\u00eb njehsosh dhe t\u00eb sulmosh, n\u00eb t\u00eb nj\u00ebjt\u00ebn koh\u00eb, si Berish\u00ebn dhe Ram\u00ebn do t\u00eb thot\u00eb t\u00eb ruash status quo-n\u00eb politike, pra do t\u00eb thot\u00eb t\u00eb mbash Berish\u00ebn n\u00eb pushtet, dhe e b\u00ebn\u00eb m\u00eb t\u00eb v\u00ebshtir\u00eb p\u00ebr popullin t\u00eb ndaj\u00eb &#8220;miellin nga krundet&#8221;.<\/p>\n<p>Lexoni n\u00eb gazeta dhe shikoni n\u00eb televizione se si mb\u00ebshtet\u00ebsit dhe sponsorizuesit monetar t\u00eb fushatave elektorale dhe pushtetit Berisha ngulmojn\u00eb t\u00eb barazojn\u00eb Ram\u00ebn me Berish\u00ebn.<\/p>\n<p>Shikoni sa t\u00eb lumtur b\u00ebhen p\u00ebrkrah\u00ebsit e Berish\u00ebs kur k\u00ebta soj analist\u00ebsh barazojn\u00eb Ram\u00ebn me Berish\u00ebn. P\u00ebr ta ky \u00ebsht\u00eb misioni i tyre! Nuk ka r\u00ebnd\u00ebsi, n\u00ebse sulmohet apo jo Berisha. N\u00ebse sulmohet opozita dhe lideri i saj, situata politika do t\u00eb vazhdonte ishte e nj\u00ebjt\u00eb dhe pushteti Berisha do t\u00eb ngelej i paprekur.<\/p>\n<p>Paralel me k\u00ebt\u00eb strategji l\u00ebshohen absurditeti, naiviteti, dhe monstruoziteti intelektual edhe klithma e tyre: &#8220;Mir\u00eb hajde se po e heqim Berish\u00ebn nga pushteti se \u00ebsht\u00eb hajdut dhe autokrat, por k\u00eb do t\u00eb v\u00ebm\u00eb n\u00eb vend t\u00eb tij se ata jan\u00eb t\u00eb gjith\u00eb nj\u00eblloj?!&#8221; Dhe kjo klith\u00ebm l\u00ebshohet pasi k\u00ebta maskarenj dhe bashibozuk t\u00eb medias kan\u00eb shpenzuar nj\u00eb koh\u00eb t\u00eb mjaftueshme duke mashtruar dhe tallur opinion publik se gjoja Rama na qenka nj\u00eblloj si Berisha.<\/p>\n<p>Klithin k\u00ebshtu, pasi kan\u00eb implementuar strategjin\u00eb e Berish\u00ebs dhe pasi kan\u00eb hamend\u00ebsuar dhe profetizuar n\u00eb m\u00ebnyra nga m\u00eb intrigueset rreth jet\u00ebs familjare dhe politike t\u00eb liderit socialist, Rama.<\/p>\n<p>S\u00eb dyti, personalizimi i politik\u00ebs dhe kauz\u00ebs socialiste p\u00ebr demokraci dhe transparenc\u00eb \u00ebsht\u00eb nj\u00eb strategji tjet\u00ebr e Berish\u00ebs p\u00ebr t\u00eb sulmuar opozit\u00ebn dhe lidershipin e saj.<\/p>\n<p>Hafijet dhe sh\u00ebrb\u00ebtor\u00ebt e pushteti n\u00eb media propagandojn\u00eb n\u00eb m\u00ebnyr\u00eb absurde dhe diabolike se gjoja kauza p\u00ebr transparenc\u00eb, drejt\u00ebsi, dhe demokraci nuk i sh\u00ebrben interesave t\u00eb shoq\u00ebris\u00eb Shqiptare por interesave t\u00eb Ram\u00ebs dhe mb\u00ebshtet\u00ebsve t\u00eb tij.<\/p>\n<p>K\u00ebta syresh e din\u00eb shum\u00eb mir\u00eb q\u00eb kauza e iniciuar dhe mb\u00ebshtetur nga Rama dhe opozita socialiste, p\u00ebr m\u00eb shum\u00eb, \u00ebsht\u00eb kauza e vet popullit t\u00eb rraskapitur nga vuajtja, varf\u00ebria, korrupsioni, edhe hajdut\u00ebria dhe vendosja e pushteti n\u00eb funksion t\u00eb interesave t\u00eb familjes pushtetare dhe klaneve t\u00eb tyre.<\/p>\n<p>N\u00eb sinkron dhe vijim\u00ebsi t\u00eb strategjis\u00eb Berisha, k\u00ebta sharlatan\u00eb mediatik nuk ngurojn\u00eb t\u00eb l\u00ebshojn\u00eb n\u00ebp\u00ebr media t\u00eb nj\u00ebjtat klithma si ato q\u00eb dalin nga parlamenti i Jozefin\u00ebs. Ata jan\u00eb t\u00eb gatsh\u00ebm t\u00eb sulmojn\u00eb personalisht dhe familjarisht k\u00ebdo q\u00eb do t\u00eb mbronte kauz\u00ebn e opozit\u00ebs dhe mbar\u00eb shoq\u00ebris\u00eb p\u00ebr nj\u00eb shtet demokratik t\u00eb s\u00eb drejt\u00ebs dhe p\u00ebr transparenc\u00eb t\u00eb proceseve zgjedhore.<\/p>\n<p>N\u00ebse dikush k\u00ebrkon dhe &#8220;lufton&#8221; p\u00ebr transparenc\u00eb, drejt\u00ebsi, dhe demokraci, ai\/ajo do t\u00eb sulmohej dhe etiketohej, midis t\u00eb tjerash, si komunist; bile do t&#8217;i kujtonin edhe gjyshin partizan apo komunist.<\/p>\n<p>Por harrojn\u00eb se i vetmi komunist i v\u00ebrtet i ngelur sot n\u00eb Shqip\u00ebri \u00ebsht\u00eb kryeministri Sali Berisha. Shum\u00ebkush mund t\u00eb pyes\u00eb: &#8220;Si ka mund\u00ebsi q\u00eb klasa e t\u00eb persekutuarve nga regjimi komunist dhe &#8216;revolucioni komunist&#8217; u udh\u00ebhoq dhe mban p\u00ebr idhull nj\u00eb ish-komunist?&#8221;; &#8220;Kur \u00ebsht\u00eb p\u00ebrjetuar ndonj\u00ebher\u00eb ky paradoks n\u00eb ndonj\u00eb vend tjet\u00ebr t\u00eb bot\u00ebs?&#8221;<\/p>\n<p>Gjithashtu, t\u00eb persekutuarit e regjimit komunist duhet ta din\u00eb se ato kuti t\u00eb zeza t\u00eb diktatur\u00ebs komuniste mund t&#8217;i hapte Sali Berisha gjat\u00eb pushtetit te tij 1992-1997 pasi kishte mb\u00ebshtetjen e pakufizueshme t\u00eb popullit Shqiptar\u00eb dhe qeveris\u00eb Amerikane. Por ashtu si me kutit\u00eb e zgjedhjeve t\u00eb 28 qershorit, Berish\u00ebs nuk i interesonte t\u00eb hapte ato kuti t\u00eb zeza t\u00eb komunizmit sepse ai vet\u00eb kishte qen\u00eb sekretar i partis\u00eb komuniste dhe rrezikonte t\u00eb komplikonte t\u00eb shkuar\u00ebn e tij komuniste.<\/p>\n<p>Kutit\u00eb e 28 qershorit nuk jan\u00eb t\u00eb ndryshme nga kutit\u00eb e zeza t\u00eb komunizmit. Historia ka treguar ngaher\u00eb se nuk ka diktator\u00eb apo hajdut\u00eb q\u00eb t\u00eb p\u00eblqej\u00eb transparenc\u00ebn apo demokracin\u00eb pasi transparenca nuk \u00ebsht\u00eb gj\u00eb tjet\u00ebr, por zbulimi dhe nxjerrja n\u00eb drit\u00eb e krimeve dhe barbaris\u00eb politike dhe ekonomike.<\/p>\n<p>Komponenti i tret\u00eb i strategjis\u00eb \u00ebsht\u00eb deklarimi nga k\u00ebta analist\u00eb i hipotez\u00ebs se largimi nga politika i Berish\u00ebs do t\u00eb ishte nj\u00eb &#8220;tragjedi&#8221; politike p\u00ebr PD, dhe, p\u00ebr disa, mbase edhe p\u00ebr vendin. &#8220;N\u00ebse ik\u00ebn Berisha,&#8221; thon\u00eb k\u00ebta analist\u00eb, &#8220;PD-ja do t\u00eb shkat\u00ebrrohej dhe do t\u00eb b\u00ebhej inekzistente si forc\u00eb politike.&#8221;<\/p>\n<p>Ky mendim i k\u00ebtyre analist\u00ebve duket m\u00eb shum\u00eb si nj\u00eb mendim i koh\u00ebs s\u00eb komunizmit kur &#8220;proletariati&#8221; mendonte se vdekja e &#8220;shokut Enver&#8221; do t\u00eb ishte tragjedi p\u00ebr partin\u00eb dhe kombin Shqiptar\u00eb.<\/p>\n<p>Kushdo do t\u00eb \u00e7uditej nga k\u00ebto deklarata absurd dhe groteske t\u00eb k\u00ebtyre analist\u00ebve. K\u00ebto th\u00ebnie nuk b\u00ebjn\u00eb gj\u00eb tjet\u00ebr por mb\u00ebshtesin &#8220;kultin e nj\u00ebshit&#8221; dhe ndihmojn\u00eb n\u00eb instalimin n\u00eb krye t\u00eb shtetit t\u00eb pushteteve diktatoriale dhe autokratike.<\/p>\n<p>Por &#8220;proletariatit&#8221; t\u00eb koh\u00ebs s\u00eb komunizmit mund t&#8217;i falet ajo th\u00ebnie p\u00ebr shkak t\u00eb injoranc\u00ebs dhe influenc\u00ebs s\u00eb theksuar t\u00eb ideologjis\u00eb dhe determinizmit, kurse kjo gj\u00eb nuk mund t&#8217;i falet analist\u00ebve t\u00eb sot\u00ebm t\u00eb cil\u00ebt nuk jan\u00eb t\u00eb limituar n\u00eb ideologji dhe njohuri politike. Por, p\u00ebrse do t\u00eb ishte tragjedi p\u00ebr PD (&#8220;mbase edhe p\u00ebr vendin&#8221;) largimi i Sali Berish\u00ebs nga politika?<\/p>\n<p>Mos vall\u00eb do t\u00eb ishte tragjedi ikja e Berish\u00ebs, sepse kjo do i hapte rrug\u00eb rikthimit t\u00eb v\u00ebrtet n\u00eb PD t\u00eb figurave si Eduart Selami, Spartak Ngjela, Besnik Mustafaj, Aleksand\u00ebr Biberaj, Shenasi Rama, dhe mij\u00ebra intelektual\u00ebve dhe student\u00ebve t\u00eb dhjetorit t\u00eb larguar nga Berisha me metoda Enveriste?<\/p>\n<p>Mos vall\u00eb do t\u00eb ishte &#8220;tragjedi&#8221; ikja e Berish\u00ebs sepse kjo do t\u00eb finalizonte epok\u00ebn e qeverisjes nga diktati i dyshes Berisha-Nano, qeverisjet e t\u00eb cil\u00ebve i shkaktuan k\u00ebtij populli tragjedi nga m\u00eb t\u00eb ndryshme, duke filluar me &#8220;Firmat Piramidale&#8221; dhe &#8220;Otranton&#8221; dhe duke mbaruar me &#8220;Grushtin e Shtetit&#8221; dhe &#8220;G\u00ebrdecin&#8221;?<\/p>\n<p>Mos vall\u00eb do t\u00eb ishte &#8220;tragjedi&#8221; largimi i Berish\u00ebs sepse kjo do i hapte rrug\u00ebn nj\u00eb politike ndryshe dhe m\u00eb progresiste, konsensuale, dhe produktive se ajo e dy dekadave t\u00eb fundit? Mos vall\u00eb do t\u00eb ishte tragjedi ikja e Berish\u00ebs sepse kjo do i hapte rrug\u00ebn krijimit t\u00eb nj\u00eb klase politike t\u00eb re me nj\u00eb t\u00ebr\u00ebsi vlerash dhe filozofi politike krejt t\u00eb ndryshme nga (anti)vlerat dhe (pseudo)filozofit politike t\u00eb klas\u00ebs s\u00eb vjet\u00ebr?<\/p>\n<p>Mos vall\u00eb do t\u00eb ishte largimi i Berish\u00ebs nj\u00eb tragjedi sepse kjo do t\u00eb b\u00ebnte t\u00eb mundur shkat\u00ebrrimin dhe \u00e7rr\u00ebnjosjen e nj\u00eb sistemi autoritar dhe t\u00eb korrupsionit ekonomik dhe politik t\u00eb instaluar prej dy dekadash nga dyshja Berisha-Nano? Mos vall\u00eb do t\u00eb ishte largimi i Berish\u00ebs nj\u00eb tragjedi, sepse kjo do t&#8217;i jepte jet\u00eb politik\u00ebs, ekonomis\u00eb, dhe shoq\u00ebris\u00eb Shqiptare?<\/p>\n<p>Propaganda mediatike e hafijeve t\u00eb pushtetit \u00ebsht\u00eb nj\u00eb vazhdim\u00ebsi, direkte ose indirekte, e strategjis\u00eb Berisha p\u00ebr t\u00eb ruajtur pushtetin, hegjemonin\u00eb e vlerave t\u00eb klas\u00ebs s\u00eb vjet\u00ebr politike, dhe p\u00ebr t\u00eb shkat\u00ebrruar politikisht Edi Ram\u00ebn dhe klas\u00ebn e re politike t\u00eb vendit e cila sapo ka lindur.<\/p>\n<p>Kjo strategji p\u00ebrfshin (1) portretizimin e figur\u00ebs politike t\u00eb Edi Ram\u00ebs si e nj\u00ebjt\u00eb me figur\u00ebn politike tejet e vjetruar t\u00eb Sali Berish\u00ebs, (2) portretizimin e kauz\u00ebs popullore p\u00ebr demokraci dhe transparenc\u00eb t\u00eb vullnetit t\u00eb popullit si kauz\u00eb individuale e Ram\u00ebs dhe e opozit\u00ebs socialiste p\u00ebr pushtet, dhe (3) portretizimin e largimit nga politika e Berish\u00ebs si nj\u00eb &#8220;tragjedi&#8221; politike p\u00ebr PD.<\/p>\n<p>Par\u00eb nga ky k\u00ebndv\u00ebshtrim, p\u00ebrplasja midis Berish\u00ebs dhe Ram\u00ebs nuk mund t\u00eb konsiderohet thjesht si nj\u00eb p\u00ebrplasje individ\u00ebsh p\u00ebr pushtet por si nj\u00eb p\u00ebrplasje vlerash dhe filozofish politike krejt\u00ebsisht t\u00eb kund\u00ebrta. Si e till\u00eb, kjo betej\u00eb politike ka p\u00ebrfshir\u00eb n\u00eb aren\u00ebn e saj t\u00eb gjitha forcat dhe sferat e shoq\u00ebris\u00eb dhe politik\u00ebs shqiptare, aren\u00eb ku hafijet e pushtetit n\u00eb media jan\u00eb m\u00eb t\u00eb p\u00ebrhapur dhe m\u00eb aktiv se kurr\u00eb.<\/p>\n","protected":false},"excerpt":{"rendered":"<p>Bledar H. Prifti, 28.04.2010 Pjesa d\u00ebrrmuese e analist\u00ebve politik n\u00eb mediat Shqiptare jan\u00eb, direkt ose indirekt, sh\u00ebrb\u00ebtor\u00eb dhe hafije t\u00eb regjimit. Arsyeja q\u00eb i quaj k\u00ebta analist\u00eb &#8220;hafije t\u00eb pushtetit&#8221; nuk ka t\u00eb b\u00ebj\u00eb me kontradiktat ideologjike apo vler\u00ebsimet normative, por me mb\u00ebshtetjen q\u00eb ata i japin pushtetit edhe n\u00eb raste, pasi ky i fundit [&hellip;]<\/p>\n","protected":false},"author":1,"featured_media":0,"comment_status":"open","ping_status":"closed","sticky":false,"template":"","format":"standard","meta":{"footnotes":""},"categories":[2],"tags":[],"class_list":{"0":"post-2397","1":"post","2":"type-post","3":"status-publish","4":"format-standard","6":"category-artikuj"},"yoast_head":"<!-- This site is optimized with the Yoast SEO plugin v27.4 - https:\/\/yoast.com\/product\/yoast-seo-wordpress\/ -->\n<title>Strategjia e Berish\u00ebs dhe Hafijet n\u00eb Media - FjALA e LIR\u00cb - Arkivi<\/title>\n<meta name=\"robots\" content=\"index, follow, max-snippet:-1, max-image-preview:large, max-video-preview:-1\" \/>\n<link rel=\"canonical\" href=\"https:\/\/fjala.info\/2009-2015\/strategjia-e-berishes-dhe-hafijet-ne-media\/\" \/>\n<meta property=\"og:locale\" content=\"sq_AL\" \/>\n<meta property=\"og:type\" content=\"article\" \/>\n<meta property=\"og:title\" content=\"Strategjia e Berish\u00ebs dhe Hafijet n\u00eb Media - FjALA e LIR\u00cb - Arkivi\" \/>\n<meta property=\"og:description\" content=\"Bledar H. Prifti, 28.04.2010 Pjesa d\u00ebrrmuese e analist\u00ebve politik n\u00eb mediat Shqiptare jan\u00eb, direkt ose indirekt, sh\u00ebrb\u00ebtor\u00eb dhe hafije t\u00eb regjimit. Arsyeja q\u00eb i quaj k\u00ebta analist\u00eb &#8220;hafije t\u00eb pushtetit&#8221; nuk ka t\u00eb b\u00ebj\u00eb me kontradiktat ideologjike apo vler\u00ebsimet normative, por me mb\u00ebshtetjen q\u00eb ata i japin pushtetit edhe n\u00eb raste, pasi ky i fundit [&hellip;]\" \/>\n<meta property=\"og:url\" content=\"https:\/\/fjala.info\/2009-2015\/strategjia-e-berishes-dhe-hafijet-ne-media\/\" \/>\n<meta property=\"og:site_name\" content=\"FjALA e LIR\u00cb - Arkivi\" \/>\n<meta property=\"article:published_time\" content=\"2010-04-28T21:29:19+00:00\" \/>\n<meta property=\"og:image\" content=\"http:\/\/www.shkoder.net\/images\/fjala\/bledar_prifti.jpg\" \/>\n<meta name=\"author\" content=\"admin\" \/>\n<meta name=\"twitter:card\" content=\"summary_large_image\" \/>\n<meta name=\"twitter:label1\" content=\"Written by\" \/>\n\t<meta name=\"twitter:data1\" content=\"admin\" \/>\n\t<meta name=\"twitter:label2\" content=\"Est. reading time\" \/>\n\t<meta name=\"twitter:data2\" content=\"8 minutes\" \/>\n<script type=\"application\/ld+json\" class=\"yoast-schema-graph\">{\"@context\":\"https:\\\/\\\/schema.org\",\"@graph\":[{\"@type\":\"Article\",\"@id\":\"https:\\\/\\\/fjala.info\\\/2009-2015\\\/strategjia-e-berishes-dhe-hafijet-ne-media\\\/#article\",\"isPartOf\":{\"@id\":\"https:\\\/\\\/fjala.info\\\/2009-2015\\\/strategjia-e-berishes-dhe-hafijet-ne-media\\\/\"},\"author\":{\"name\":\"admin\",\"@id\":\"https:\\\/\\\/fjala.info\\\/2009-2015\\\/#\\\/schema\\\/person\\\/3aa1163ef05469c496fc94e77611ada2\"},\"headline\":\"Strategjia e Berish\u00ebs dhe Hafijet n\u00eb Media\",\"datePublished\":\"2010-04-28T21:29:19+00:00\",\"mainEntityOfPage\":{\"@id\":\"https:\\\/\\\/fjala.info\\\/2009-2015\\\/strategjia-e-berishes-dhe-hafijet-ne-media\\\/\"},\"wordCount\":1704,\"commentCount\":0,\"publisher\":{\"@id\":\"https:\\\/\\\/fjala.info\\\/2009-2015\\\/#organization\"},\"image\":{\"@id\":\"https:\\\/\\\/fjala.info\\\/2009-2015\\\/strategjia-e-berishes-dhe-hafijet-ne-media\\\/#primaryimage\"},\"thumbnailUrl\":\"http:\\\/\\\/www.shkoder.net\\\/images\\\/fjala\\\/bledar_prifti.jpg\",\"articleSection\":[\"Artikuj\"],\"inLanguage\":\"sq-AL\",\"potentialAction\":[{\"@type\":\"CommentAction\",\"name\":\"Comment\",\"target\":[\"https:\\\/\\\/fjala.info\\\/2009-2015\\\/strategjia-e-berishes-dhe-hafijet-ne-media\\\/#respond\"]}]},{\"@type\":\"WebPage\",\"@id\":\"https:\\\/\\\/fjala.info\\\/2009-2015\\\/strategjia-e-berishes-dhe-hafijet-ne-media\\\/\",\"url\":\"https:\\\/\\\/fjala.info\\\/2009-2015\\\/strategjia-e-berishes-dhe-hafijet-ne-media\\\/\",\"name\":\"Strategjia e Berish\u00ebs dhe Hafijet n\u00eb Media - FjALA e LIR\u00cb - Arkivi\",\"isPartOf\":{\"@id\":\"https:\\\/\\\/fjala.info\\\/2009-2015\\\/#website\"},\"primaryImageOfPage\":{\"@id\":\"https:\\\/\\\/fjala.info\\\/2009-2015\\\/strategjia-e-berishes-dhe-hafijet-ne-media\\\/#primaryimage\"},\"image\":{\"@id\":\"https:\\\/\\\/fjala.info\\\/2009-2015\\\/strategjia-e-berishes-dhe-hafijet-ne-media\\\/#primaryimage\"},\"thumbnailUrl\":\"http:\\\/\\\/www.shkoder.net\\\/images\\\/fjala\\\/bledar_prifti.jpg\",\"datePublished\":\"2010-04-28T21:29:19+00:00\",\"breadcrumb\":{\"@id\":\"https:\\\/\\\/fjala.info\\\/2009-2015\\\/strategjia-e-berishes-dhe-hafijet-ne-media\\\/#breadcrumb\"},\"inLanguage\":\"sq-AL\",\"potentialAction\":[{\"@type\":\"ReadAction\",\"target\":[\"https:\\\/\\\/fjala.info\\\/2009-2015\\\/strategjia-e-berishes-dhe-hafijet-ne-media\\\/\"]}]},{\"@type\":\"ImageObject\",\"inLanguage\":\"sq-AL\",\"@id\":\"https:\\\/\\\/fjala.info\\\/2009-2015\\\/strategjia-e-berishes-dhe-hafijet-ne-media\\\/#primaryimage\",\"url\":\"http:\\\/\\\/www.shkoder.net\\\/images\\\/fjala\\\/bledar_prifti.jpg\",\"contentUrl\":\"http:\\\/\\\/www.shkoder.net\\\/images\\\/fjala\\\/bledar_prifti.jpg\"},{\"@type\":\"BreadcrumbList\",\"@id\":\"https:\\\/\\\/fjala.info\\\/2009-2015\\\/strategjia-e-berishes-dhe-hafijet-ne-media\\\/#breadcrumb\",\"itemListElement\":[{\"@type\":\"ListItem\",\"position\":1,\"name\":\"Home\",\"item\":\"https:\\\/\\\/fjala.info\\\/2009-2015\\\/\"},{\"@type\":\"ListItem\",\"position\":2,\"name\":\"Strategjia e Berish\u00ebs dhe Hafijet n\u00eb Media\"}]},{\"@type\":\"WebSite\",\"@id\":\"https:\\\/\\\/fjala.info\\\/2009-2015\\\/#website\",\"url\":\"https:\\\/\\\/fjala.info\\\/2009-2015\\\/\",\"name\":\"FjALA e LIR\u00cb - Arkivi\",\"description\":\"Arkivi 2009-2015\",\"publisher\":{\"@id\":\"https:\\\/\\\/fjala.info\\\/2009-2015\\\/#organization\"},\"potentialAction\":[{\"@type\":\"SearchAction\",\"target\":{\"@type\":\"EntryPoint\",\"urlTemplate\":\"https:\\\/\\\/fjala.info\\\/2009-2015\\\/?s={search_term_string}\"},\"query-input\":{\"@type\":\"PropertyValueSpecification\",\"valueRequired\":true,\"valueName\":\"search_term_string\"}}],\"inLanguage\":\"sq-AL\"},{\"@type\":\"Organization\",\"@id\":\"https:\\\/\\\/fjala.info\\\/2009-2015\\\/#organization\",\"name\":\"FjALA e LIR\u00cb - Arkivi\",\"url\":\"https:\\\/\\\/fjala.info\\\/2009-2015\\\/\",\"logo\":{\"@type\":\"ImageObject\",\"inLanguage\":\"sq-AL\",\"@id\":\"https:\\\/\\\/fjala.info\\\/2009-2015\\\/#\\\/schema\\\/logo\\\/image\\\/\",\"url\":\"\",\"contentUrl\":\"\",\"caption\":\"FjALA e LIR\u00cb - Arkivi\"},\"image\":{\"@id\":\"https:\\\/\\\/fjala.info\\\/2009-2015\\\/#\\\/schema\\\/logo\\\/image\\\/\"}},{\"@type\":\"Person\",\"@id\":\"https:\\\/\\\/fjala.info\\\/2009-2015\\\/#\\\/schema\\\/person\\\/3aa1163ef05469c496fc94e77611ada2\",\"name\":\"admin\",\"image\":{\"@type\":\"ImageObject\",\"inLanguage\":\"sq-AL\",\"@id\":\"https:\\\/\\\/fjala.info\\\/2009-2015\\\/wp-content\\\/uploads\\\/2012\\\/02\\\/arben_cokaj-120x150.jpg\",\"url\":\"https:\\\/\\\/fjala.info\\\/2009-2015\\\/wp-content\\\/uploads\\\/2012\\\/02\\\/arben_cokaj-120x150.jpg\",\"contentUrl\":\"https:\\\/\\\/fjala.info\\\/2009-2015\\\/wp-content\\\/uploads\\\/2012\\\/02\\\/arben_cokaj-120x150.jpg\",\"caption\":\"admin\"},\"description\":\"Admin, Fjala e Lir\u00eb\",\"sameAs\":[\"https:\\\/\\\/fjala.info\\\/\"],\"url\":\"https:\\\/\\\/fjala.info\\\/2009-2015\\\/author\\\/admin\\\/\"}]}<\/script>\n<!-- \/ Yoast SEO plugin. -->","yoast_head_json":{"title":"Strategjia e Berish\u00ebs dhe Hafijet n\u00eb Media - FjALA e LIR\u00cb - Arkivi","robots":{"index":"index","follow":"follow","max-snippet":"max-snippet:-1","max-image-preview":"max-image-preview:large","max-video-preview":"max-video-preview:-1"},"canonical":"https:\/\/fjala.info\/2009-2015\/strategjia-e-berishes-dhe-hafijet-ne-media\/","og_locale":"sq_AL","og_type":"article","og_title":"Strategjia e Berish\u00ebs dhe Hafijet n\u00eb Media - FjALA e LIR\u00cb - Arkivi","og_description":"Bledar H. Prifti, 28.04.2010 Pjesa d\u00ebrrmuese e analist\u00ebve politik n\u00eb mediat Shqiptare jan\u00eb, direkt ose indirekt, sh\u00ebrb\u00ebtor\u00eb dhe hafije t\u00eb regjimit. Arsyeja q\u00eb i quaj k\u00ebta analist\u00eb &#8220;hafije t\u00eb pushtetit&#8221; nuk ka t\u00eb b\u00ebj\u00eb me kontradiktat ideologjike apo vler\u00ebsimet normative, por me mb\u00ebshtetjen q\u00eb ata i japin pushtetit edhe n\u00eb raste, pasi ky i fundit [&hellip;]","og_url":"https:\/\/fjala.info\/2009-2015\/strategjia-e-berishes-dhe-hafijet-ne-media\/","og_site_name":"FjALA e LIR\u00cb - Arkivi","article_published_time":"2010-04-28T21:29:19+00:00","og_image":[{"url":"http:\/\/www.shkoder.net\/images\/fjala\/bledar_prifti.jpg","type":"","width":"","height":""}],"author":"admin","twitter_card":"summary_large_image","twitter_misc":{"Written by":"admin","Est. reading time":"8 minutes"},"schema":{"@context":"https:\/\/schema.org","@graph":[{"@type":"Article","@id":"https:\/\/fjala.info\/2009-2015\/strategjia-e-berishes-dhe-hafijet-ne-media\/#article","isPartOf":{"@id":"https:\/\/fjala.info\/2009-2015\/strategjia-e-berishes-dhe-hafijet-ne-media\/"},"author":{"name":"admin","@id":"https:\/\/fjala.info\/2009-2015\/#\/schema\/person\/3aa1163ef05469c496fc94e77611ada2"},"headline":"Strategjia e Berish\u00ebs dhe Hafijet n\u00eb Media","datePublished":"2010-04-28T21:29:19+00:00","mainEntityOfPage":{"@id":"https:\/\/fjala.info\/2009-2015\/strategjia-e-berishes-dhe-hafijet-ne-media\/"},"wordCount":1704,"commentCount":0,"publisher":{"@id":"https:\/\/fjala.info\/2009-2015\/#organization"},"image":{"@id":"https:\/\/fjala.info\/2009-2015\/strategjia-e-berishes-dhe-hafijet-ne-media\/#primaryimage"},"thumbnailUrl":"http:\/\/www.shkoder.net\/images\/fjala\/bledar_prifti.jpg","articleSection":["Artikuj"],"inLanguage":"sq-AL","potentialAction":[{"@type":"CommentAction","name":"Comment","target":["https:\/\/fjala.info\/2009-2015\/strategjia-e-berishes-dhe-hafijet-ne-media\/#respond"]}]},{"@type":"WebPage","@id":"https:\/\/fjala.info\/2009-2015\/strategjia-e-berishes-dhe-hafijet-ne-media\/","url":"https:\/\/fjala.info\/2009-2015\/strategjia-e-berishes-dhe-hafijet-ne-media\/","name":"Strategjia e Berish\u00ebs dhe Hafijet n\u00eb Media - FjALA e LIR\u00cb - Arkivi","isPartOf":{"@id":"https:\/\/fjala.info\/2009-2015\/#website"},"primaryImageOfPage":{"@id":"https:\/\/fjala.info\/2009-2015\/strategjia-e-berishes-dhe-hafijet-ne-media\/#primaryimage"},"image":{"@id":"https:\/\/fjala.info\/2009-2015\/strategjia-e-berishes-dhe-hafijet-ne-media\/#primaryimage"},"thumbnailUrl":"http:\/\/www.shkoder.net\/images\/fjala\/bledar_prifti.jpg","datePublished":"2010-04-28T21:29:19+00:00","breadcrumb":{"@id":"https:\/\/fjala.info\/2009-2015\/strategjia-e-berishes-dhe-hafijet-ne-media\/#breadcrumb"},"inLanguage":"sq-AL","potentialAction":[{"@type":"ReadAction","target":["https:\/\/fjala.info\/2009-2015\/strategjia-e-berishes-dhe-hafijet-ne-media\/"]}]},{"@type":"ImageObject","inLanguage":"sq-AL","@id":"https:\/\/fjala.info\/2009-2015\/strategjia-e-berishes-dhe-hafijet-ne-media\/#primaryimage","url":"http:\/\/www.shkoder.net\/images\/fjala\/bledar_prifti.jpg","contentUrl":"http:\/\/www.shkoder.net\/images\/fjala\/bledar_prifti.jpg"},{"@type":"BreadcrumbList","@id":"https:\/\/fjala.info\/2009-2015\/strategjia-e-berishes-dhe-hafijet-ne-media\/#breadcrumb","itemListElement":[{"@type":"ListItem","position":1,"name":"Home","item":"https:\/\/fjala.info\/2009-2015\/"},{"@type":"ListItem","position":2,"name":"Strategjia e Berish\u00ebs dhe Hafijet n\u00eb Media"}]},{"@type":"WebSite","@id":"https:\/\/fjala.info\/2009-2015\/#website","url":"https:\/\/fjala.info\/2009-2015\/","name":"FjALA e LIR\u00cb - Arkivi","description":"Arkivi 2009-2015","publisher":{"@id":"https:\/\/fjala.info\/2009-2015\/#organization"},"potentialAction":[{"@type":"SearchAction","target":{"@type":"EntryPoint","urlTemplate":"https:\/\/fjala.info\/2009-2015\/?s={search_term_string}"},"query-input":{"@type":"PropertyValueSpecification","valueRequired":true,"valueName":"search_term_string"}}],"inLanguage":"sq-AL"},{"@type":"Organization","@id":"https:\/\/fjala.info\/2009-2015\/#organization","name":"FjALA e LIR\u00cb - Arkivi","url":"https:\/\/fjala.info\/2009-2015\/","logo":{"@type":"ImageObject","inLanguage":"sq-AL","@id":"https:\/\/fjala.info\/2009-2015\/#\/schema\/logo\/image\/","url":"","contentUrl":"","caption":"FjALA e LIR\u00cb - Arkivi"},"image":{"@id":"https:\/\/fjala.info\/2009-2015\/#\/schema\/logo\/image\/"}},{"@type":"Person","@id":"https:\/\/fjala.info\/2009-2015\/#\/schema\/person\/3aa1163ef05469c496fc94e77611ada2","name":"admin","image":{"@type":"ImageObject","inLanguage":"sq-AL","@id":"https:\/\/fjala.info\/2009-2015\/wp-content\/uploads\/2012\/02\/arben_cokaj-120x150.jpg","url":"https:\/\/fjala.info\/2009-2015\/wp-content\/uploads\/2012\/02\/arben_cokaj-120x150.jpg","contentUrl":"https:\/\/fjala.info\/2009-2015\/wp-content\/uploads\/2012\/02\/arben_cokaj-120x150.jpg","caption":"admin"},"description":"Admin, Fjala e Lir\u00eb","sameAs":["https:\/\/fjala.info\/"],"url":"https:\/\/fjala.info\/2009-2015\/author\/admin\/"}]}},"_links":{"self":[{"href":"https:\/\/fjala.info\/2009-2015\/wp-json\/wp\/v2\/posts\/2397","targetHints":{"allow":["GET"]}}],"collection":[{"href":"https:\/\/fjala.info\/2009-2015\/wp-json\/wp\/v2\/posts"}],"about":[{"href":"https:\/\/fjala.info\/2009-2015\/wp-json\/wp\/v2\/types\/post"}],"author":[{"embeddable":true,"href":"https:\/\/fjala.info\/2009-2015\/wp-json\/wp\/v2\/users\/1"}],"replies":[{"embeddable":true,"href":"https:\/\/fjala.info\/2009-2015\/wp-json\/wp\/v2\/comments?post=2397"}],"version-history":[{"count":0,"href":"https:\/\/fjala.info\/2009-2015\/wp-json\/wp\/v2\/posts\/2397\/revisions"}],"wp:attachment":[{"href":"https:\/\/fjala.info\/2009-2015\/wp-json\/wp\/v2\/media?parent=2397"}],"wp:term":[{"taxonomy":"category","embeddable":true,"href":"https:\/\/fjala.info\/2009-2015\/wp-json\/wp\/v2\/categories?post=2397"},{"taxonomy":"post_tag","embeddable":true,"href":"https:\/\/fjala.info\/2009-2015\/wp-json\/wp\/v2\/tags?post=2397"}],"curies":[{"name":"wp","href":"https:\/\/api.w.org\/{rel}","templated":true}]}}