{"id":2396,"date":"2012-04-06T06:38:25","date_gmt":"2012-04-06T05:38:25","guid":{"rendered":"http:\/\/fjala.shkoder.net\/?p=2396"},"modified":"2012-04-06T06:38:25","modified_gmt":"2012-04-06T05:38:25","slug":"etja-e-fjales-shqipe-per-liri-dhe-dashuri","status":"publish","type":"post","link":"https:\/\/fjala.info\/2009-2015\/etja-e-fjales-shqipe-per-liri-dhe-dashuri\/","title":{"rendered":"Etja e fjal\u00ebs shqipe p\u00ebr liri dhe dashuri"},"content":{"rendered":"<p><img decoding=\"async\" class=\"alignright size-thumbnail wp-image-7236\" title=\"Baki Ymeri\" src=\"http:\/\/www.shkoder.net\/images\/fjala\/baki_ymeri.jpg\" alt=\"\" width=\"150\" \/> <strong>Baki Ymeri<\/strong><\/p>\n<p>E kishim dikur\u00eb Zemr\u00ebn Shqiptare si nj\u00eb tribun\u00eb e p\u00ebrbashk\u00ebt pik\u00ebpjekjesh vlerash komb\u00ebtare, letrare, shkencore dhe artistike, por p\u00ebr fatkeq\u00ebsin\u00eb ton\u00eb q\u00eb kemi ditur ta shfryt\u00ebzojm\u00eb e s\u2019kemi ditur ta p\u00ebrkrahim edhe materialisht botimin e saj, k\u00ebt\u00eb munges\u00eb, ndoshta t\u00eb p\u00ebrkohshme t\u00eb saj, tentojm\u00eb ta z\u00ebvend\u00ebsojm\u00eb me botime t\u00eb reja n\u00ebp\u00ebr disa media tjera, duke i dh\u00ebn\u00eb prioritet Bot\u00ebs sot, KosovariMedia, Tribuna Shqiptare, Z\u00ebri i Shqiptar\u00ebve etj. N\u00eb k\u00ebt\u00eb kontekst prezantimesh vlerash t\u00eb p\u00ebrbashk\u00ebta, ja edhe nj\u00eb antologji e re letrare \u201cSetea Cuvintelor \/ Etja e fjal\u00ebve\u201d, botim i Bashk\u00ebsis\u00eb Kulturore t\u00eb Shqiptar\u00ebve t\u00eb Rumanis\u00eb dhe redaksis\u00eb s\u00eb revist\u00ebs Shqiptari. Poet\u00ebt e m\u00ebdhenj, sipas Heinrich Heine-s, i kan\u00eb p\u00ebrqafuar gjithmon\u00eb interesat e m\u00ebdha t\u00eb koh\u00ebs s\u00eb vet. N\u00eb kuadrin e k\u00ebtij albumi antologjik, nuk jan\u00eb t\u00eb gjith\u00eb autor\u00ebt poet\u00eb apo prozator\u00eb t\u00eb m\u00ebdhenj, por e madhe \u00ebsht\u00eb r\u00ebnd\u00ebsia e nj\u00eb misioni t\u00eb k\u00ebtill\u00eb, q\u00eb afron vlera, gjuh\u00eb, vende, kultura e popuj.<\/p>\n<p><img decoding=\"async\" class=\"aligncenter size-thumbnail wp-image-7236\" title=\"Baki Ymeri - Etja e Fjal\u00ebve\" src=\"http:\/\/www.shkoder.net\/2012\/baki_ymeri_etja_e_fjaleve.jpg\" alt=\"\" width=\"450\" \/><\/p>\n<p>Let\u00ebrsia paraqet nj\u00eb mbrojtje kund\u00ebr sulmeve t\u00eb jet\u00ebs. Librit i paraprin si gjithmon\u00eb, nj\u00eb parath\u00ebnie briliante e poetit shqiptar Visar Zhiti. Redaktor i k\u00ebsaj vepre \u00ebsht Dr. Luan Top\u00e7iu. Ideja e nj\u00eb botimi t\u00eb k\u00ebtill\u00eb i p\u00ebrket Vitore Lek\u00ebs dhe Mardena Kelmendit. As vet\u00eb nuk e dim\u00eb numrin e sakt\u00eb t\u00eb antologjive t\u00eb p\u00ebrbashk\u00ebta, por e dim\u00eb se ato prezantohen me respekt dhe dinjitet, edhe n\u00eb shtypin e shtypur dhe elektronik t\u00eb Bukureshtit dhe provinc\u00ebs. Ndoshta kemi qen\u00eb subjektiv q\u00eb n\u00eb faqet e tyre defilojn\u00eb m\u00eb shum\u00eb krijues nga Kosova e diaspora, se sa nga Shqip\u00ebria, por kjo nuk prish pun\u00eb, sepse Kosova \u00ebsht\u00eb koka e Shqip\u00ebris\u00eb, edhepse, p\u00ebr fat t\u00eb keq, q\u00eb t\u00eb dy vendet kan\u00eb nga nj\u00eb kryeqend\u00ebr q\u00eb ta p\u00ebrkujtojn\u00eb prishjen dhe tiranin\u00eb (Prishtina dhe Tirana), dy kryeqendra q\u00eb shk\u00eblqejn\u00eb me vlera letrare e komb\u00ebtare, me institucione kulturore, me minsitri e qeveri q\u00eb duhet t\u2019i b\u00ebjn\u00eb temena edhe Bukureshtit poetik.<br \/>\nT\u00eb jesh poet i v\u00ebrtet\u00eb don t\u00eb thot\u00eb t\u00eb ndjesh, dhe t\u00eb gjith\u00eb ata q\u00eb defilojn\u00eb n\u00eb faqet e k\u00ebsaja vepre, d\u00ebshmojn\u00eb se din\u00eb t\u00eb ndjejn\u00eb, t\u00eb shkruajn\u00eb dhe t\u00eb befasojn\u00eb. N\u00eb faqet e k\u00ebtij libri, p\u00ebr fat t\u00eb mir\u00eb defilon edhe nj\u00eb num\u00ebr krijuesish rumun\u00eb e shqiptar\u00eb, edhe nga qendrat e tjera shqiptare, si dhe nga diaspora e m\u00ebrgimit ton\u00eb t\u00eb p\u00ebrkohsh\u00ebm. Tet\u00eb krijues rumun\u00eb, dhe tet\u00eb autor\u00eb shqiptar\u00eb. \u00cbsht\u00eb hera e par\u00eb, kur n\u00eb nj\u00eb vep\u00ebr t\u00eb k\u00ebtill\u00eb, p\u00ebrve\u00e7 poet\u00ebve, botohen edhe disa prozator\u00eb (Mariana Braescu me nj\u00eb tregim mbi nj\u00eb \u201carnaut\u201d, dhe Beq\u00eb Lokaj me nj\u00eb fragment nga romani Amaneti i Gjyshit). \u00c7do autor ka vlera specifike, sidomos Sk\u00ebnder Hoxha dhe Dan Angjelesku, Ded\u00eb Preqi dhe Ioana Trika, Adem Zaplluzha dhe Dorina Br\u00ebndusha Landen, Sadik P\u00ebrvetica dhe Xheorxhe Grigore, Veli Veliu dhe Gabriel Bicuna, Joan Roshka dhe Imri Trena, Fadil Curri dhe Xheorxhe Peagu.<\/p>\n<p>BOX<\/p>\n<p>Pasi b\u00ebri nj\u00eb jet\u00eb t\u00eb bujshme mes bot\u00ebs letrare e artistike, Baki Ymeri ka hapur port\u00ebn e hapsir\u00ebs s\u00eb shoq\u00ebris\u00eb q\u00eb e bashkon gjuha e bashkimit kulturor, dhe q\u00eb i p\u00ebrket nj\u00eb bashk\u00ebsie m\u00eb t\u00eb ngusht\u00eb se sa bota e madhe. N\u00eb k\u00ebt\u00eb vep\u00ebr letrare me karakter komb\u00ebtar e nd\u00ebrkomb\u00ebtar, autori e hap nj\u00eb sistem t\u00eb ri vlerash, p\u00ebr t\u00eb nd\u00ebrtuar k\u00ebshtusoj nj\u00eb univers t\u00eb ve\u00e7ant\u00eb e t\u00eb ri letrar. Edhe t\u00eb tjer\u00ebt sajojn\u00eb antologji, por k\u00ebto q\u00eb dalin n\u00eb Bukuresht, na impresionojn\u00eb. Ne s\u00eb bashku sikur i ndjejm\u00eb, sepse autori ka shum\u00eb gj\u00ebra p\u00ebr t\u00eb na th\u00ebn\u00eb, e un\u00eb d\u00ebshiroj t&#8217;ia b\u00ebj nj\u00eb ftes\u00eb mir\u00ebseardhje, me shum\u00eb kujdes, t\u00eb gjith\u00ebve, t\u2019i d\u00ebgjojm\u00eb dhe t\u2019i lexojm\u00eb dhe t\u2019i shijojm\u00eb poezit\u00eb dhe fragmentet e t\u00eb gjith\u00eb autor\u00ebve, n\u00eb k\u00ebt\u00eb album antologjik, ku autori na sheh t\u00eb gjith\u00eb neve q\u00eb jemi n\u00eb k\u00ebt\u00eb spekt\u00ebr vlerash letrare, edhe nga pozicioni i vet. Bota e ngjashm\u00ebrive dhe kontrasteve lirike, t\u00eb g\u00ebrshetuara me rumanishten e tij t\u00eb past\u00ebr, si dhe me shqipen ton\u00eb t\u00eb kristalt\u00eb, \u00ebsht\u00eb nj\u00eb bot\u00eb aksentesht t\u00eb bukura, q\u00eb e lart\u00ebsojn\u00eb vler\u00ebn letrare t\u00eb librit. E shiquar nga ky priz\u00ebm, nuk \u00ebsht\u00eb e v\u00ebshtir\u00eb t\u00eb kuptojm\u00eb se p\u00ebrse Baki Ymeri e fton dhe e josh k\u00ebt\u00eb bot\u00eb, duke e qitur n\u00eb paskopertin\u00eb sintagm\u00ebn \u201cMiq\u00ebsi Letrare\u201d.<br \/>\nLibri hapet me nj\u00eb mendim t\u00eb M\u00ebhill Velajt nga Amerika: \u201cBota m\u00eb s\u00eb miri lexohet n\u00eb shpirtin e poet\u00ebve.\u201d Pik\u00ebrisht k\u00ebtu q\u00ebndron vlera letrare e librit dhe madh\u00ebshtia e autorit. Nd\u00ebrtimi antologjik i librit si dhe p\u00ebrmbledhjet e p\u00ebrzgjedhura t\u00eb poezive e kan\u00eb ngritur lart\u00eb vler\u00ebn e antologjis\u00eb \u201cEtja e fjal\u00ebve\u201d, dhe e kan\u00eb pasuruar l\u00ebnd\u00ebn poetike me bibliografin\u00eb e autor\u00ebve. N\u00eb k\u00ebt\u00eb kontekst, edhe vet\u00eb titulli i librit e sygjeron dhe e orienton lexuesin drejt frym\u00ebzimit tematik, motivor dhe imagjinativ. Pastaj radhitja e autor\u00ebve n\u00eb antologji si dhe disa poezi, vargjet e t\u00eb cilave flasin shum\u00eb. P\u00ebr shembull, te poezia, &#8221;Tjet\u00ebrkush&#8221; (Ioana Trica), vargu &#8220;Derisa e harroj vet\u00ebveten&#8221;, pasqyron nj\u00eb aspect psikologjik t\u00eb p\u00ebrbashk\u00ebt. Te poezia &#8221;Ishte nj\u00eb thell\u00ebsi&#8221;, vargu &#8220;Ishte si nj\u00eb koh\u00eb e shk\u00ebputur prej meje&#8221;, ng\u00ebrthen nj\u00eb mendim t\u00eb thell\u00eb filozofik. Apo te Dorina B. Landen, vargu &#8220;Po e mas dashurin\u00eb, madje edhe jet\u00ebn me but\u00ebsi&#8221;, poashtu flet shum\u00eb.<br \/>\nMandej te poezia &#8220;Si \u00ebsht\u00eb e mundur&#8221;, e nj\u00eb autori tjet\u00ebr, vargu &#8220;T\u00eb t\u00eb b\u00ebj t\u00eb ndri\u00e7osh si yjet&#8221;, reflekton nj\u00eb imagjinat\u00eb t\u00eb bujshme. Apo poezia &#8220;Pasqyrim&#8221;, vargu &#8220;Kur shpirti yt reflektohet&#8221;, pastaj te poezia &#8220;Hapat me jet\u00ebn&#8221;, vargu, &#8220;N\u00ebse me koh\u00ebn s\u2019hap\u00ebron, ajo merr kahjen pa timon&#8221;, mandej poezia &#8220;Nxitje\u201d me vargun &#8220;Notoj n\u00eb shk\u00eblqimin e shpirtit t\u00ebnd&#8221;. Pason poezia &#8220;Vuajtja&#8221; me vargun &#8220;Mos mendo se njeriu nuk vuan! Por un\u00eb prapseprap mbeta njeri&#8221;, etj. Vepra, &#8221;Etja e fjal\u00ebve\u201d \u00ebsht\u00eb shprehje e fuqishme poetike artistiko-letrare. Ky lib\u00ebr d\u00ebshmon p\u00ebrkushtimin serioz t\u00eb realizuesit t\u00eb k\u00ebsaj antologjie, me shum\u00eb miq, shkrimtar\u00eb, poet\u00eb e prozator\u00eb, q\u00eb autorit B. Y. ia shtojn\u00eb prestigjin, nd\u00ebrsa krijuesve shqiptar\u00ebve dhe rumun\u00eb ua shum\u00ebfishojn\u00eb miqt\u00eb dhe dashamir\u00ebt. (Fadil Curri)<\/p>\n<p>\u00cent\u00e2lnire rom\u00e2no-albanez\u0103 \u00een poezie<\/p>\n<p>Editura Amanda Edit a publicat antologia bilingv\u0103 \u201eSetea cuvintelor\u201d \u2013 \u201eEtja e fjal\u00ebve\u201d realizat\u0103 de cunoscutul poet, publicist \u015fi traduc\u0103tor Baki Ymeri. Pus\u0103 sub semnul unui citat din Visar Zhiti, \u201eTeksa shp\u00ebrndahemi, vendtakim kemi poezin\u00eb\u201d &#8211; \u201eTocmai c\u00e2nd ne risipim, punctul nostru de \u00eent\u00e2lnire este poezia\u201d, antologia reune\u015fte texte din crea\u0163ia unor poe\u0163i rom\u00e2ni \u015fi albanezi, cu versiunile lor \u00een albanez\u0103, respectiv \u00een rom\u00e2n\u0103, semnate de Baki Ymeri. La acest dialog liric, rom\u00e2no-albanez, \u015fi-au dat concursul: Dan Anghelescu, Gabriel Bi\u0163un\u0103, Mariana Br\u0103escu, George Grigore, Sk\u00ebnder Hoxha, Dorina B. Landen, Beg\u00eb Lokaj, George Peagu, Sadik P\u00ebrvetica, Ded\u00eb Preqi, Ioan N. Ro\u015fca, Imri Trena, Ioana Tric\u0103, Veli Veliu, Adem Zaplluzha. (Prof. Dr. George Grigore)<\/p>\n","protected":false},"excerpt":{"rendered":"<p>Baki Ymeri E kishim dikur\u00eb Zemr\u00ebn Shqiptare si nj\u00eb tribun\u00eb e p\u00ebrbashk\u00ebt pik\u00ebpjekjesh vlerash komb\u00ebtare, letrare, shkencore dhe artistike, por p\u00ebr fatkeq\u00ebsin\u00eb ton\u00eb q\u00eb kemi ditur ta shfryt\u00ebzojm\u00eb e s\u2019kemi ditur ta p\u00ebrkrahim edhe materialisht botimin e saj, k\u00ebt\u00eb munges\u00eb, ndoshta t\u00eb p\u00ebrkohshme t\u00eb saj, tentojm\u00eb ta z\u00ebvend\u00ebsojm\u00eb me botime t\u00eb reja n\u00ebp\u00ebr disa media [&hellip;]<\/p>\n","protected":false},"author":1,"featured_media":0,"comment_status":"open","ping_status":"closed","sticky":false,"template":"","format":"standard","meta":{"footnotes":""},"categories":[7],"tags":[],"class_list":{"0":"post-2396","1":"post","2":"type-post","3":"status-publish","4":"format-standard","6":"category-letersi"},"yoast_head":"<!-- This site is optimized with the Yoast SEO plugin v27.4 - https:\/\/yoast.com\/product\/yoast-seo-wordpress\/ -->\n<title>Etja e fjal\u00ebs shqipe p\u00ebr liri dhe dashuri - FjALA e LIR\u00cb - Arkivi<\/title>\n<meta name=\"robots\" content=\"index, follow, max-snippet:-1, max-image-preview:large, max-video-preview:-1\" \/>\n<link rel=\"canonical\" href=\"https:\/\/fjala.info\/2009-2015\/etja-e-fjales-shqipe-per-liri-dhe-dashuri\/\" \/>\n<meta property=\"og:locale\" content=\"sq_AL\" \/>\n<meta property=\"og:type\" content=\"article\" \/>\n<meta property=\"og:title\" content=\"Etja e fjal\u00ebs shqipe p\u00ebr liri dhe dashuri - FjALA e LIR\u00cb - Arkivi\" \/>\n<meta property=\"og:description\" content=\"Baki Ymeri E kishim dikur\u00eb Zemr\u00ebn Shqiptare si nj\u00eb tribun\u00eb e p\u00ebrbashk\u00ebt pik\u00ebpjekjesh vlerash komb\u00ebtare, letrare, shkencore dhe artistike, por p\u00ebr fatkeq\u00ebsin\u00eb ton\u00eb q\u00eb kemi ditur ta shfryt\u00ebzojm\u00eb e s\u2019kemi ditur ta p\u00ebrkrahim edhe materialisht botimin e saj, k\u00ebt\u00eb munges\u00eb, ndoshta t\u00eb p\u00ebrkohshme t\u00eb saj, tentojm\u00eb ta z\u00ebvend\u00ebsojm\u00eb me botime t\u00eb reja n\u00ebp\u00ebr disa media [&hellip;]\" \/>\n<meta property=\"og:url\" content=\"https:\/\/fjala.info\/2009-2015\/etja-e-fjales-shqipe-per-liri-dhe-dashuri\/\" \/>\n<meta property=\"og:site_name\" content=\"FjALA e LIR\u00cb - Arkivi\" \/>\n<meta property=\"article:published_time\" content=\"2012-04-06T05:38:25+00:00\" \/>\n<meta property=\"og:image\" content=\"http:\/\/www.shkoder.net\/images\/fjala\/baki_ymeri.jpg\" \/>\n<meta name=\"author\" content=\"admin\" \/>\n<meta name=\"twitter:card\" content=\"summary_large_image\" \/>\n<meta name=\"twitter:label1\" content=\"Written by\" \/>\n\t<meta name=\"twitter:data1\" content=\"admin\" \/>\n\t<meta name=\"twitter:label2\" content=\"Est. reading time\" \/>\n\t<meta name=\"twitter:data2\" content=\"6 minutes\" \/>\n<script type=\"application\/ld+json\" class=\"yoast-schema-graph\">{\"@context\":\"https:\\\/\\\/schema.org\",\"@graph\":[{\"@type\":\"Article\",\"@id\":\"https:\\\/\\\/fjala.info\\\/2009-2015\\\/etja-e-fjales-shqipe-per-liri-dhe-dashuri\\\/#article\",\"isPartOf\":{\"@id\":\"https:\\\/\\\/fjala.info\\\/2009-2015\\\/etja-e-fjales-shqipe-per-liri-dhe-dashuri\\\/\"},\"author\":{\"name\":\"admin\",\"@id\":\"https:\\\/\\\/fjala.info\\\/2009-2015\\\/#\\\/schema\\\/person\\\/3aa1163ef05469c496fc94e77611ada2\"},\"headline\":\"Etja e fjal\u00ebs shqipe p\u00ebr liri dhe dashuri\",\"datePublished\":\"2012-04-06T05:38:25+00:00\",\"mainEntityOfPage\":{\"@id\":\"https:\\\/\\\/fjala.info\\\/2009-2015\\\/etja-e-fjales-shqipe-per-liri-dhe-dashuri\\\/\"},\"wordCount\":1250,\"commentCount\":0,\"publisher\":{\"@id\":\"https:\\\/\\\/fjala.info\\\/2009-2015\\\/#organization\"},\"image\":{\"@id\":\"https:\\\/\\\/fjala.info\\\/2009-2015\\\/etja-e-fjales-shqipe-per-liri-dhe-dashuri\\\/#primaryimage\"},\"thumbnailUrl\":\"http:\\\/\\\/www.shkoder.net\\\/images\\\/fjala\\\/baki_ymeri.jpg\",\"articleSection\":[\"Let\u00ebrsi\"],\"inLanguage\":\"sq-AL\",\"potentialAction\":[{\"@type\":\"CommentAction\",\"name\":\"Comment\",\"target\":[\"https:\\\/\\\/fjala.info\\\/2009-2015\\\/etja-e-fjales-shqipe-per-liri-dhe-dashuri\\\/#respond\"]}]},{\"@type\":\"WebPage\",\"@id\":\"https:\\\/\\\/fjala.info\\\/2009-2015\\\/etja-e-fjales-shqipe-per-liri-dhe-dashuri\\\/\",\"url\":\"https:\\\/\\\/fjala.info\\\/2009-2015\\\/etja-e-fjales-shqipe-per-liri-dhe-dashuri\\\/\",\"name\":\"Etja e fjal\u00ebs shqipe p\u00ebr liri dhe dashuri - FjALA e LIR\u00cb - Arkivi\",\"isPartOf\":{\"@id\":\"https:\\\/\\\/fjala.info\\\/2009-2015\\\/#website\"},\"primaryImageOfPage\":{\"@id\":\"https:\\\/\\\/fjala.info\\\/2009-2015\\\/etja-e-fjales-shqipe-per-liri-dhe-dashuri\\\/#primaryimage\"},\"image\":{\"@id\":\"https:\\\/\\\/fjala.info\\\/2009-2015\\\/etja-e-fjales-shqipe-per-liri-dhe-dashuri\\\/#primaryimage\"},\"thumbnailUrl\":\"http:\\\/\\\/www.shkoder.net\\\/images\\\/fjala\\\/baki_ymeri.jpg\",\"datePublished\":\"2012-04-06T05:38:25+00:00\",\"breadcrumb\":{\"@id\":\"https:\\\/\\\/fjala.info\\\/2009-2015\\\/etja-e-fjales-shqipe-per-liri-dhe-dashuri\\\/#breadcrumb\"},\"inLanguage\":\"sq-AL\",\"potentialAction\":[{\"@type\":\"ReadAction\",\"target\":[\"https:\\\/\\\/fjala.info\\\/2009-2015\\\/etja-e-fjales-shqipe-per-liri-dhe-dashuri\\\/\"]}]},{\"@type\":\"ImageObject\",\"inLanguage\":\"sq-AL\",\"@id\":\"https:\\\/\\\/fjala.info\\\/2009-2015\\\/etja-e-fjales-shqipe-per-liri-dhe-dashuri\\\/#primaryimage\",\"url\":\"http:\\\/\\\/www.shkoder.net\\\/images\\\/fjala\\\/baki_ymeri.jpg\",\"contentUrl\":\"http:\\\/\\\/www.shkoder.net\\\/images\\\/fjala\\\/baki_ymeri.jpg\"},{\"@type\":\"BreadcrumbList\",\"@id\":\"https:\\\/\\\/fjala.info\\\/2009-2015\\\/etja-e-fjales-shqipe-per-liri-dhe-dashuri\\\/#breadcrumb\",\"itemListElement\":[{\"@type\":\"ListItem\",\"position\":1,\"name\":\"Home\",\"item\":\"https:\\\/\\\/fjala.info\\\/2009-2015\\\/\"},{\"@type\":\"ListItem\",\"position\":2,\"name\":\"Etja e fjal\u00ebs shqipe p\u00ebr liri dhe dashuri\"}]},{\"@type\":\"WebSite\",\"@id\":\"https:\\\/\\\/fjala.info\\\/2009-2015\\\/#website\",\"url\":\"https:\\\/\\\/fjala.info\\\/2009-2015\\\/\",\"name\":\"FjALA e LIR\u00cb - Arkivi\",\"description\":\"Arkivi 2009-2015\",\"publisher\":{\"@id\":\"https:\\\/\\\/fjala.info\\\/2009-2015\\\/#organization\"},\"potentialAction\":[{\"@type\":\"SearchAction\",\"target\":{\"@type\":\"EntryPoint\",\"urlTemplate\":\"https:\\\/\\\/fjala.info\\\/2009-2015\\\/?s={search_term_string}\"},\"query-input\":{\"@type\":\"PropertyValueSpecification\",\"valueRequired\":true,\"valueName\":\"search_term_string\"}}],\"inLanguage\":\"sq-AL\"},{\"@type\":\"Organization\",\"@id\":\"https:\\\/\\\/fjala.info\\\/2009-2015\\\/#organization\",\"name\":\"FjALA e LIR\u00cb - Arkivi\",\"url\":\"https:\\\/\\\/fjala.info\\\/2009-2015\\\/\",\"logo\":{\"@type\":\"ImageObject\",\"inLanguage\":\"sq-AL\",\"@id\":\"https:\\\/\\\/fjala.info\\\/2009-2015\\\/#\\\/schema\\\/logo\\\/image\\\/\",\"url\":\"\",\"contentUrl\":\"\",\"caption\":\"FjALA e LIR\u00cb - Arkivi\"},\"image\":{\"@id\":\"https:\\\/\\\/fjala.info\\\/2009-2015\\\/#\\\/schema\\\/logo\\\/image\\\/\"}},{\"@type\":\"Person\",\"@id\":\"https:\\\/\\\/fjala.info\\\/2009-2015\\\/#\\\/schema\\\/person\\\/3aa1163ef05469c496fc94e77611ada2\",\"name\":\"admin\",\"image\":{\"@type\":\"ImageObject\",\"inLanguage\":\"sq-AL\",\"@id\":\"https:\\\/\\\/fjala.info\\\/2009-2015\\\/wp-content\\\/uploads\\\/2012\\\/02\\\/arben_cokaj-120x150.jpg\",\"url\":\"https:\\\/\\\/fjala.info\\\/2009-2015\\\/wp-content\\\/uploads\\\/2012\\\/02\\\/arben_cokaj-120x150.jpg\",\"contentUrl\":\"https:\\\/\\\/fjala.info\\\/2009-2015\\\/wp-content\\\/uploads\\\/2012\\\/02\\\/arben_cokaj-120x150.jpg\",\"caption\":\"admin\"},\"description\":\"Admin, Fjala e Lir\u00eb\",\"sameAs\":[\"https:\\\/\\\/fjala.info\\\/\"],\"url\":\"https:\\\/\\\/fjala.info\\\/2009-2015\\\/author\\\/admin\\\/\"}]}<\/script>\n<!-- \/ Yoast SEO plugin. -->","yoast_head_json":{"title":"Etja e fjal\u00ebs shqipe p\u00ebr liri dhe dashuri - FjALA e LIR\u00cb - Arkivi","robots":{"index":"index","follow":"follow","max-snippet":"max-snippet:-1","max-image-preview":"max-image-preview:large","max-video-preview":"max-video-preview:-1"},"canonical":"https:\/\/fjala.info\/2009-2015\/etja-e-fjales-shqipe-per-liri-dhe-dashuri\/","og_locale":"sq_AL","og_type":"article","og_title":"Etja e fjal\u00ebs shqipe p\u00ebr liri dhe dashuri - FjALA e LIR\u00cb - Arkivi","og_description":"Baki Ymeri E kishim dikur\u00eb Zemr\u00ebn Shqiptare si nj\u00eb tribun\u00eb e p\u00ebrbashk\u00ebt pik\u00ebpjekjesh vlerash komb\u00ebtare, letrare, shkencore dhe artistike, por p\u00ebr fatkeq\u00ebsin\u00eb ton\u00eb q\u00eb kemi ditur ta shfryt\u00ebzojm\u00eb e s\u2019kemi ditur ta p\u00ebrkrahim edhe materialisht botimin e saj, k\u00ebt\u00eb munges\u00eb, ndoshta t\u00eb p\u00ebrkohshme t\u00eb saj, tentojm\u00eb ta z\u00ebvend\u00ebsojm\u00eb me botime t\u00eb reja n\u00ebp\u00ebr disa media [&hellip;]","og_url":"https:\/\/fjala.info\/2009-2015\/etja-e-fjales-shqipe-per-liri-dhe-dashuri\/","og_site_name":"FjALA e LIR\u00cb - Arkivi","article_published_time":"2012-04-06T05:38:25+00:00","og_image":[{"url":"http:\/\/www.shkoder.net\/images\/fjala\/baki_ymeri.jpg","type":"","width":"","height":""}],"author":"admin","twitter_card":"summary_large_image","twitter_misc":{"Written by":"admin","Est. reading time":"6 minutes"},"schema":{"@context":"https:\/\/schema.org","@graph":[{"@type":"Article","@id":"https:\/\/fjala.info\/2009-2015\/etja-e-fjales-shqipe-per-liri-dhe-dashuri\/#article","isPartOf":{"@id":"https:\/\/fjala.info\/2009-2015\/etja-e-fjales-shqipe-per-liri-dhe-dashuri\/"},"author":{"name":"admin","@id":"https:\/\/fjala.info\/2009-2015\/#\/schema\/person\/3aa1163ef05469c496fc94e77611ada2"},"headline":"Etja e fjal\u00ebs shqipe p\u00ebr liri dhe dashuri","datePublished":"2012-04-06T05:38:25+00:00","mainEntityOfPage":{"@id":"https:\/\/fjala.info\/2009-2015\/etja-e-fjales-shqipe-per-liri-dhe-dashuri\/"},"wordCount":1250,"commentCount":0,"publisher":{"@id":"https:\/\/fjala.info\/2009-2015\/#organization"},"image":{"@id":"https:\/\/fjala.info\/2009-2015\/etja-e-fjales-shqipe-per-liri-dhe-dashuri\/#primaryimage"},"thumbnailUrl":"http:\/\/www.shkoder.net\/images\/fjala\/baki_ymeri.jpg","articleSection":["Let\u00ebrsi"],"inLanguage":"sq-AL","potentialAction":[{"@type":"CommentAction","name":"Comment","target":["https:\/\/fjala.info\/2009-2015\/etja-e-fjales-shqipe-per-liri-dhe-dashuri\/#respond"]}]},{"@type":"WebPage","@id":"https:\/\/fjala.info\/2009-2015\/etja-e-fjales-shqipe-per-liri-dhe-dashuri\/","url":"https:\/\/fjala.info\/2009-2015\/etja-e-fjales-shqipe-per-liri-dhe-dashuri\/","name":"Etja e fjal\u00ebs shqipe p\u00ebr liri dhe dashuri - FjALA e LIR\u00cb - Arkivi","isPartOf":{"@id":"https:\/\/fjala.info\/2009-2015\/#website"},"primaryImageOfPage":{"@id":"https:\/\/fjala.info\/2009-2015\/etja-e-fjales-shqipe-per-liri-dhe-dashuri\/#primaryimage"},"image":{"@id":"https:\/\/fjala.info\/2009-2015\/etja-e-fjales-shqipe-per-liri-dhe-dashuri\/#primaryimage"},"thumbnailUrl":"http:\/\/www.shkoder.net\/images\/fjala\/baki_ymeri.jpg","datePublished":"2012-04-06T05:38:25+00:00","breadcrumb":{"@id":"https:\/\/fjala.info\/2009-2015\/etja-e-fjales-shqipe-per-liri-dhe-dashuri\/#breadcrumb"},"inLanguage":"sq-AL","potentialAction":[{"@type":"ReadAction","target":["https:\/\/fjala.info\/2009-2015\/etja-e-fjales-shqipe-per-liri-dhe-dashuri\/"]}]},{"@type":"ImageObject","inLanguage":"sq-AL","@id":"https:\/\/fjala.info\/2009-2015\/etja-e-fjales-shqipe-per-liri-dhe-dashuri\/#primaryimage","url":"http:\/\/www.shkoder.net\/images\/fjala\/baki_ymeri.jpg","contentUrl":"http:\/\/www.shkoder.net\/images\/fjala\/baki_ymeri.jpg"},{"@type":"BreadcrumbList","@id":"https:\/\/fjala.info\/2009-2015\/etja-e-fjales-shqipe-per-liri-dhe-dashuri\/#breadcrumb","itemListElement":[{"@type":"ListItem","position":1,"name":"Home","item":"https:\/\/fjala.info\/2009-2015\/"},{"@type":"ListItem","position":2,"name":"Etja e fjal\u00ebs shqipe p\u00ebr liri dhe dashuri"}]},{"@type":"WebSite","@id":"https:\/\/fjala.info\/2009-2015\/#website","url":"https:\/\/fjala.info\/2009-2015\/","name":"FjALA e LIR\u00cb - Arkivi","description":"Arkivi 2009-2015","publisher":{"@id":"https:\/\/fjala.info\/2009-2015\/#organization"},"potentialAction":[{"@type":"SearchAction","target":{"@type":"EntryPoint","urlTemplate":"https:\/\/fjala.info\/2009-2015\/?s={search_term_string}"},"query-input":{"@type":"PropertyValueSpecification","valueRequired":true,"valueName":"search_term_string"}}],"inLanguage":"sq-AL"},{"@type":"Organization","@id":"https:\/\/fjala.info\/2009-2015\/#organization","name":"FjALA e LIR\u00cb - Arkivi","url":"https:\/\/fjala.info\/2009-2015\/","logo":{"@type":"ImageObject","inLanguage":"sq-AL","@id":"https:\/\/fjala.info\/2009-2015\/#\/schema\/logo\/image\/","url":"","contentUrl":"","caption":"FjALA e LIR\u00cb - Arkivi"},"image":{"@id":"https:\/\/fjala.info\/2009-2015\/#\/schema\/logo\/image\/"}},{"@type":"Person","@id":"https:\/\/fjala.info\/2009-2015\/#\/schema\/person\/3aa1163ef05469c496fc94e77611ada2","name":"admin","image":{"@type":"ImageObject","inLanguage":"sq-AL","@id":"https:\/\/fjala.info\/2009-2015\/wp-content\/uploads\/2012\/02\/arben_cokaj-120x150.jpg","url":"https:\/\/fjala.info\/2009-2015\/wp-content\/uploads\/2012\/02\/arben_cokaj-120x150.jpg","contentUrl":"https:\/\/fjala.info\/2009-2015\/wp-content\/uploads\/2012\/02\/arben_cokaj-120x150.jpg","caption":"admin"},"description":"Admin, Fjala e Lir\u00eb","sameAs":["https:\/\/fjala.info\/"],"url":"https:\/\/fjala.info\/2009-2015\/author\/admin\/"}]}},"_links":{"self":[{"href":"https:\/\/fjala.info\/2009-2015\/wp-json\/wp\/v2\/posts\/2396","targetHints":{"allow":["GET"]}}],"collection":[{"href":"https:\/\/fjala.info\/2009-2015\/wp-json\/wp\/v2\/posts"}],"about":[{"href":"https:\/\/fjala.info\/2009-2015\/wp-json\/wp\/v2\/types\/post"}],"author":[{"embeddable":true,"href":"https:\/\/fjala.info\/2009-2015\/wp-json\/wp\/v2\/users\/1"}],"replies":[{"embeddable":true,"href":"https:\/\/fjala.info\/2009-2015\/wp-json\/wp\/v2\/comments?post=2396"}],"version-history":[{"count":0,"href":"https:\/\/fjala.info\/2009-2015\/wp-json\/wp\/v2\/posts\/2396\/revisions"}],"wp:attachment":[{"href":"https:\/\/fjala.info\/2009-2015\/wp-json\/wp\/v2\/media?parent=2396"}],"wp:term":[{"taxonomy":"category","embeddable":true,"href":"https:\/\/fjala.info\/2009-2015\/wp-json\/wp\/v2\/categories?post=2396"},{"taxonomy":"post_tag","embeddable":true,"href":"https:\/\/fjala.info\/2009-2015\/wp-json\/wp\/v2\/tags?post=2396"}],"curies":[{"name":"wp","href":"https:\/\/api.w.org\/{rel}","templated":true}]}}