{"id":2394,"date":"2010-04-28T22:21:04","date_gmt":"2010-04-28T21:21:04","guid":{"rendered":"http:\/\/fjala.shkoder.net\/?p=2394"},"modified":"2010-04-28T22:21:04","modified_gmt":"2010-04-28T21:21:04","slug":"kercenohet-myslim-pashaj-do-perfundosh-si-trebicka","status":"publish","type":"post","link":"https:\/\/fjala.info\/2009-2015\/kercenohet-myslim-pashaj-do-perfundosh-si-trebicka\/","title":{"rendered":"K\u00ebrc\u00ebnohet Myslim Pashaj: &#8216;Do p\u00ebrfundosh si Trebicka&#8230;&#8217;"},"content":{"rendered":"<p><img decoding=\"async\" style=\"margin-left: 10px; margin-right: 10px; border: 0px;\" src=\"http:\/\/www.shkoder.net\/images\/fjala\/2010\/myslym_pasha.jpg\" border=\"0\" alt=\"Myslym Pasha\" width=\"200\" align=\"right\" \/><\/p>\n<p><strong>Shekulli<\/strong>, <em>28.04.2010<\/em><\/p>\n<p>&#8220;Edhe ti si Trebicka do p\u00ebrfundosh o tellall. Paret q\u00eb t\u00eb ka dh\u00ebn\u00eb Edi Rama do t&#8217;i marr\u00ebsh me vete n\u00eb varr, se dit\u00ebt t\u00eb num\u00ebruara i ke&#8221;.<\/p>\n<p>Ky \u00ebsht\u00eb vet\u00ebm nj\u00eb nga mesazhet q\u00eb kolonel Myslym Pasha, profesori i hartografis\u00eb, i njohur si denoncues i Paktit Detar me Greqin\u00eb, ka marr\u00eb n\u00eb adres\u00ebn e tij n\u00eb Facebook dhe n\u00eb telefonin celular.<\/p>\n<p>Mesazhet jan\u00eb dor\u00ebzuar prej jav\u00ebsh n\u00eb organet p\u00ebrkat\u00ebse, por deri m\u00eb tani nuk ka asnj\u00eb ecje p\u00ebrpara me hetimet. Profesor Pasha ka preferuar t\u00eb hesht p\u00ebr to, p\u00ebr t\u00eb mos shqet\u00ebsuar n\u00eb ve\u00e7anti familjar\u00ebt e tij, megjith\u00ebse rrethi i ngusht\u00eb i miqve t\u00eb kolonelit ka qen\u00eb n\u00eb dijeni t\u00eb tyre q\u00eb n\u00eb koh\u00ebn q\u00eb u d\u00ebrguan.<\/p>\n<p>Pas angazhimit publik n\u00eb mbrojtje t\u00eb intergritetit territorial t\u00eb vendit, qeveria n\u00eb detyr\u00eb e kryeministrit S.Berisha, zhvilloi nj\u00eb fushat\u00eb denigruese ndaj z.Pasha.<br \/>\nGazeta e PD, &#8220;Rilindja Demokratike&#8221;, e quante Pash\u00ebn &#8220;pensionist t\u00eb lajthitur&#8221; dhe &#8220;folklorist&#8221;. Ajo botonte n\u00eb faqe t\u00eb par\u00eb foto ku hartografi i moshuar shfaqej duke k\u00ebnduar me grupin polifonik t\u00eb Mallakastr\u00ebs.<\/p>\n<p>Vet\u00eb S.Berisha, n\u00eb nj\u00eb intervist\u00eb t\u00eb dh\u00ebn\u00eb p\u00ebr &#8220;Z\u00ebrin e Amerik\u00ebs&#8221; n\u00eb dit\u00ebt e fundit t\u00eb vitit t\u00eb kaluar e etiketoi profesor Pash\u00ebn si &#8220;sharlatan&#8221;.<\/p>\n","protected":false},"excerpt":{"rendered":"<p>Shekulli, 28.04.2010 &#8220;Edhe ti si Trebicka do p\u00ebrfundosh o tellall. Paret q\u00eb t\u00eb ka dh\u00ebn\u00eb Edi Rama do t&#8217;i marr\u00ebsh me vete n\u00eb varr, se dit\u00ebt t\u00eb num\u00ebruara i ke&#8221;. Ky \u00ebsht\u00eb vet\u00ebm nj\u00eb nga mesazhet q\u00eb kolonel Myslym Pasha, profesori i hartografis\u00eb, i njohur si denoncues i Paktit Detar me Greqin\u00eb, ka marr\u00eb n\u00eb [&hellip;]<\/p>\n","protected":false},"author":1,"featured_media":0,"comment_status":"open","ping_status":"closed","sticky":false,"template":"","format":"standard","meta":{"footnotes":""},"categories":[2],"tags":[],"class_list":{"0":"post-2394","1":"post","2":"type-post","3":"status-publish","4":"format-standard","6":"category-artikuj"},"yoast_head":"<!-- This site is optimized with the Yoast SEO plugin v27.4 - https:\/\/yoast.com\/product\/yoast-seo-wordpress\/ -->\n<title>K\u00ebrc\u00ebnohet Myslim Pashaj: &#039;Do p\u00ebrfundosh si Trebicka...&#039; - FjALA e LIR\u00cb - Arkivi<\/title>\n<meta name=\"robots\" content=\"index, follow, max-snippet:-1, max-image-preview:large, max-video-preview:-1\" \/>\n<link rel=\"canonical\" href=\"https:\/\/fjala.info\/2009-2015\/kercenohet-myslim-pashaj-do-perfundosh-si-trebicka\/\" \/>\n<meta property=\"og:locale\" content=\"sq_AL\" \/>\n<meta property=\"og:type\" content=\"article\" \/>\n<meta property=\"og:title\" content=\"K\u00ebrc\u00ebnohet Myslim Pashaj: &#039;Do p\u00ebrfundosh si Trebicka...&#039; - FjALA e LIR\u00cb - Arkivi\" \/>\n<meta property=\"og:description\" content=\"Shekulli, 28.04.2010 &#8220;Edhe ti si Trebicka do p\u00ebrfundosh o tellall. Paret q\u00eb t\u00eb ka dh\u00ebn\u00eb Edi Rama do t&#8217;i marr\u00ebsh me vete n\u00eb varr, se dit\u00ebt t\u00eb num\u00ebruara i ke&#8221;. Ky \u00ebsht\u00eb vet\u00ebm nj\u00eb nga mesazhet q\u00eb kolonel Myslym Pasha, profesori i hartografis\u00eb, i njohur si denoncues i Paktit Detar me Greqin\u00eb, ka marr\u00eb n\u00eb [&hellip;]\" \/>\n<meta property=\"og:url\" content=\"https:\/\/fjala.info\/2009-2015\/kercenohet-myslim-pashaj-do-perfundosh-si-trebicka\/\" \/>\n<meta property=\"og:site_name\" content=\"FjALA e LIR\u00cb - Arkivi\" \/>\n<meta property=\"article:published_time\" content=\"2010-04-28T21:21:04+00:00\" \/>\n<meta property=\"og:image\" content=\"http:\/\/www.shkoder.net\/images\/fjala\/2010\/myslym_pasha.jpg\" \/>\n<meta name=\"author\" content=\"admin\" \/>\n<meta name=\"twitter:card\" content=\"summary_large_image\" \/>\n<meta name=\"twitter:label1\" content=\"Written by\" \/>\n\t<meta name=\"twitter:data1\" content=\"admin\" \/>\n\t<meta name=\"twitter:label2\" content=\"Est. reading time\" \/>\n\t<meta name=\"twitter:data2\" content=\"1 minute\" \/>\n<script type=\"application\/ld+json\" class=\"yoast-schema-graph\">{\"@context\":\"https:\\\/\\\/schema.org\",\"@graph\":[{\"@type\":\"Article\",\"@id\":\"https:\\\/\\\/fjala.info\\\/2009-2015\\\/kercenohet-myslim-pashaj-do-perfundosh-si-trebicka\\\/#article\",\"isPartOf\":{\"@id\":\"https:\\\/\\\/fjala.info\\\/2009-2015\\\/kercenohet-myslim-pashaj-do-perfundosh-si-trebicka\\\/\"},\"author\":{\"name\":\"admin\",\"@id\":\"https:\\\/\\\/fjala.info\\\/2009-2015\\\/#\\\/schema\\\/person\\\/3aa1163ef05469c496fc94e77611ada2\"},\"headline\":\"K\u00ebrc\u00ebnohet Myslim Pashaj: &#8216;Do p\u00ebrfundosh si Trebicka&#8230;&#8217;\",\"datePublished\":\"2010-04-28T21:21:04+00:00\",\"mainEntityOfPage\":{\"@id\":\"https:\\\/\\\/fjala.info\\\/2009-2015\\\/kercenohet-myslim-pashaj-do-perfundosh-si-trebicka\\\/\"},\"wordCount\":241,\"commentCount\":0,\"publisher\":{\"@id\":\"https:\\\/\\\/fjala.info\\\/2009-2015\\\/#organization\"},\"image\":{\"@id\":\"https:\\\/\\\/fjala.info\\\/2009-2015\\\/kercenohet-myslim-pashaj-do-perfundosh-si-trebicka\\\/#primaryimage\"},\"thumbnailUrl\":\"http:\\\/\\\/www.shkoder.net\\\/images\\\/fjala\\\/2010\\\/myslym_pasha.jpg\",\"articleSection\":[\"Artikuj\"],\"inLanguage\":\"sq-AL\",\"potentialAction\":[{\"@type\":\"CommentAction\",\"name\":\"Comment\",\"target\":[\"https:\\\/\\\/fjala.info\\\/2009-2015\\\/kercenohet-myslim-pashaj-do-perfundosh-si-trebicka\\\/#respond\"]}]},{\"@type\":\"WebPage\",\"@id\":\"https:\\\/\\\/fjala.info\\\/2009-2015\\\/kercenohet-myslim-pashaj-do-perfundosh-si-trebicka\\\/\",\"url\":\"https:\\\/\\\/fjala.info\\\/2009-2015\\\/kercenohet-myslim-pashaj-do-perfundosh-si-trebicka\\\/\",\"name\":\"K\u00ebrc\u00ebnohet Myslim Pashaj: 'Do p\u00ebrfundosh si Trebicka...' - FjALA e LIR\u00cb - Arkivi\",\"isPartOf\":{\"@id\":\"https:\\\/\\\/fjala.info\\\/2009-2015\\\/#website\"},\"primaryImageOfPage\":{\"@id\":\"https:\\\/\\\/fjala.info\\\/2009-2015\\\/kercenohet-myslim-pashaj-do-perfundosh-si-trebicka\\\/#primaryimage\"},\"image\":{\"@id\":\"https:\\\/\\\/fjala.info\\\/2009-2015\\\/kercenohet-myslim-pashaj-do-perfundosh-si-trebicka\\\/#primaryimage\"},\"thumbnailUrl\":\"http:\\\/\\\/www.shkoder.net\\\/images\\\/fjala\\\/2010\\\/myslym_pasha.jpg\",\"datePublished\":\"2010-04-28T21:21:04+00:00\",\"breadcrumb\":{\"@id\":\"https:\\\/\\\/fjala.info\\\/2009-2015\\\/kercenohet-myslim-pashaj-do-perfundosh-si-trebicka\\\/#breadcrumb\"},\"inLanguage\":\"sq-AL\",\"potentialAction\":[{\"@type\":\"ReadAction\",\"target\":[\"https:\\\/\\\/fjala.info\\\/2009-2015\\\/kercenohet-myslim-pashaj-do-perfundosh-si-trebicka\\\/\"]}]},{\"@type\":\"ImageObject\",\"inLanguage\":\"sq-AL\",\"@id\":\"https:\\\/\\\/fjala.info\\\/2009-2015\\\/kercenohet-myslim-pashaj-do-perfundosh-si-trebicka\\\/#primaryimage\",\"url\":\"http:\\\/\\\/www.shkoder.net\\\/images\\\/fjala\\\/2010\\\/myslym_pasha.jpg\",\"contentUrl\":\"http:\\\/\\\/www.shkoder.net\\\/images\\\/fjala\\\/2010\\\/myslym_pasha.jpg\"},{\"@type\":\"BreadcrumbList\",\"@id\":\"https:\\\/\\\/fjala.info\\\/2009-2015\\\/kercenohet-myslim-pashaj-do-perfundosh-si-trebicka\\\/#breadcrumb\",\"itemListElement\":[{\"@type\":\"ListItem\",\"position\":1,\"name\":\"Home\",\"item\":\"https:\\\/\\\/fjala.info\\\/2009-2015\\\/\"},{\"@type\":\"ListItem\",\"position\":2,\"name\":\"K\u00ebrc\u00ebnohet Myslim Pashaj: &#8216;Do p\u00ebrfundosh si Trebicka&#8230;&#8217;\"}]},{\"@type\":\"WebSite\",\"@id\":\"https:\\\/\\\/fjala.info\\\/2009-2015\\\/#website\",\"url\":\"https:\\\/\\\/fjala.info\\\/2009-2015\\\/\",\"name\":\"FjALA e LIR\u00cb - Arkivi\",\"description\":\"Arkivi 2009-2015\",\"publisher\":{\"@id\":\"https:\\\/\\\/fjala.info\\\/2009-2015\\\/#organization\"},\"potentialAction\":[{\"@type\":\"SearchAction\",\"target\":{\"@type\":\"EntryPoint\",\"urlTemplate\":\"https:\\\/\\\/fjala.info\\\/2009-2015\\\/?s={search_term_string}\"},\"query-input\":{\"@type\":\"PropertyValueSpecification\",\"valueRequired\":true,\"valueName\":\"search_term_string\"}}],\"inLanguage\":\"sq-AL\"},{\"@type\":\"Organization\",\"@id\":\"https:\\\/\\\/fjala.info\\\/2009-2015\\\/#organization\",\"name\":\"FjALA e LIR\u00cb - Arkivi\",\"url\":\"https:\\\/\\\/fjala.info\\\/2009-2015\\\/\",\"logo\":{\"@type\":\"ImageObject\",\"inLanguage\":\"sq-AL\",\"@id\":\"https:\\\/\\\/fjala.info\\\/2009-2015\\\/#\\\/schema\\\/logo\\\/image\\\/\",\"url\":\"\",\"contentUrl\":\"\",\"caption\":\"FjALA e LIR\u00cb - Arkivi\"},\"image\":{\"@id\":\"https:\\\/\\\/fjala.info\\\/2009-2015\\\/#\\\/schema\\\/logo\\\/image\\\/\"}},{\"@type\":\"Person\",\"@id\":\"https:\\\/\\\/fjala.info\\\/2009-2015\\\/#\\\/schema\\\/person\\\/3aa1163ef05469c496fc94e77611ada2\",\"name\":\"admin\",\"image\":{\"@type\":\"ImageObject\",\"inLanguage\":\"sq-AL\",\"@id\":\"https:\\\/\\\/fjala.info\\\/2009-2015\\\/wp-content\\\/uploads\\\/2012\\\/02\\\/arben_cokaj-120x150.jpg\",\"url\":\"https:\\\/\\\/fjala.info\\\/2009-2015\\\/wp-content\\\/uploads\\\/2012\\\/02\\\/arben_cokaj-120x150.jpg\",\"contentUrl\":\"https:\\\/\\\/fjala.info\\\/2009-2015\\\/wp-content\\\/uploads\\\/2012\\\/02\\\/arben_cokaj-120x150.jpg\",\"caption\":\"admin\"},\"description\":\"Admin, Fjala e Lir\u00eb\",\"sameAs\":[\"https:\\\/\\\/fjala.info\\\/\"],\"url\":\"https:\\\/\\\/fjala.info\\\/2009-2015\\\/author\\\/admin\\\/\"}]}<\/script>\n<!-- \/ Yoast SEO plugin. -->","yoast_head_json":{"title":"K\u00ebrc\u00ebnohet Myslim Pashaj: 'Do p\u00ebrfundosh si Trebicka...' - FjALA e LIR\u00cb - Arkivi","robots":{"index":"index","follow":"follow","max-snippet":"max-snippet:-1","max-image-preview":"max-image-preview:large","max-video-preview":"max-video-preview:-1"},"canonical":"https:\/\/fjala.info\/2009-2015\/kercenohet-myslim-pashaj-do-perfundosh-si-trebicka\/","og_locale":"sq_AL","og_type":"article","og_title":"K\u00ebrc\u00ebnohet Myslim Pashaj: 'Do p\u00ebrfundosh si Trebicka...' - FjALA e LIR\u00cb - Arkivi","og_description":"Shekulli, 28.04.2010 &#8220;Edhe ti si Trebicka do p\u00ebrfundosh o tellall. Paret q\u00eb t\u00eb ka dh\u00ebn\u00eb Edi Rama do t&#8217;i marr\u00ebsh me vete n\u00eb varr, se dit\u00ebt t\u00eb num\u00ebruara i ke&#8221;. Ky \u00ebsht\u00eb vet\u00ebm nj\u00eb nga mesazhet q\u00eb kolonel Myslym Pasha, profesori i hartografis\u00eb, i njohur si denoncues i Paktit Detar me Greqin\u00eb, ka marr\u00eb n\u00eb [&hellip;]","og_url":"https:\/\/fjala.info\/2009-2015\/kercenohet-myslim-pashaj-do-perfundosh-si-trebicka\/","og_site_name":"FjALA e LIR\u00cb - Arkivi","article_published_time":"2010-04-28T21:21:04+00:00","og_image":[{"url":"http:\/\/www.shkoder.net\/images\/fjala\/2010\/myslym_pasha.jpg","type":"","width":"","height":""}],"author":"admin","twitter_card":"summary_large_image","twitter_misc":{"Written by":"admin","Est. reading time":"1 minute"},"schema":{"@context":"https:\/\/schema.org","@graph":[{"@type":"Article","@id":"https:\/\/fjala.info\/2009-2015\/kercenohet-myslim-pashaj-do-perfundosh-si-trebicka\/#article","isPartOf":{"@id":"https:\/\/fjala.info\/2009-2015\/kercenohet-myslim-pashaj-do-perfundosh-si-trebicka\/"},"author":{"name":"admin","@id":"https:\/\/fjala.info\/2009-2015\/#\/schema\/person\/3aa1163ef05469c496fc94e77611ada2"},"headline":"K\u00ebrc\u00ebnohet Myslim Pashaj: &#8216;Do p\u00ebrfundosh si Trebicka&#8230;&#8217;","datePublished":"2010-04-28T21:21:04+00:00","mainEntityOfPage":{"@id":"https:\/\/fjala.info\/2009-2015\/kercenohet-myslim-pashaj-do-perfundosh-si-trebicka\/"},"wordCount":241,"commentCount":0,"publisher":{"@id":"https:\/\/fjala.info\/2009-2015\/#organization"},"image":{"@id":"https:\/\/fjala.info\/2009-2015\/kercenohet-myslim-pashaj-do-perfundosh-si-trebicka\/#primaryimage"},"thumbnailUrl":"http:\/\/www.shkoder.net\/images\/fjala\/2010\/myslym_pasha.jpg","articleSection":["Artikuj"],"inLanguage":"sq-AL","potentialAction":[{"@type":"CommentAction","name":"Comment","target":["https:\/\/fjala.info\/2009-2015\/kercenohet-myslim-pashaj-do-perfundosh-si-trebicka\/#respond"]}]},{"@type":"WebPage","@id":"https:\/\/fjala.info\/2009-2015\/kercenohet-myslim-pashaj-do-perfundosh-si-trebicka\/","url":"https:\/\/fjala.info\/2009-2015\/kercenohet-myslim-pashaj-do-perfundosh-si-trebicka\/","name":"K\u00ebrc\u00ebnohet Myslim Pashaj: 'Do p\u00ebrfundosh si Trebicka...' - FjALA e LIR\u00cb - Arkivi","isPartOf":{"@id":"https:\/\/fjala.info\/2009-2015\/#website"},"primaryImageOfPage":{"@id":"https:\/\/fjala.info\/2009-2015\/kercenohet-myslim-pashaj-do-perfundosh-si-trebicka\/#primaryimage"},"image":{"@id":"https:\/\/fjala.info\/2009-2015\/kercenohet-myslim-pashaj-do-perfundosh-si-trebicka\/#primaryimage"},"thumbnailUrl":"http:\/\/www.shkoder.net\/images\/fjala\/2010\/myslym_pasha.jpg","datePublished":"2010-04-28T21:21:04+00:00","breadcrumb":{"@id":"https:\/\/fjala.info\/2009-2015\/kercenohet-myslim-pashaj-do-perfundosh-si-trebicka\/#breadcrumb"},"inLanguage":"sq-AL","potentialAction":[{"@type":"ReadAction","target":["https:\/\/fjala.info\/2009-2015\/kercenohet-myslim-pashaj-do-perfundosh-si-trebicka\/"]}]},{"@type":"ImageObject","inLanguage":"sq-AL","@id":"https:\/\/fjala.info\/2009-2015\/kercenohet-myslim-pashaj-do-perfundosh-si-trebicka\/#primaryimage","url":"http:\/\/www.shkoder.net\/images\/fjala\/2010\/myslym_pasha.jpg","contentUrl":"http:\/\/www.shkoder.net\/images\/fjala\/2010\/myslym_pasha.jpg"},{"@type":"BreadcrumbList","@id":"https:\/\/fjala.info\/2009-2015\/kercenohet-myslim-pashaj-do-perfundosh-si-trebicka\/#breadcrumb","itemListElement":[{"@type":"ListItem","position":1,"name":"Home","item":"https:\/\/fjala.info\/2009-2015\/"},{"@type":"ListItem","position":2,"name":"K\u00ebrc\u00ebnohet Myslim Pashaj: &#8216;Do p\u00ebrfundosh si Trebicka&#8230;&#8217;"}]},{"@type":"WebSite","@id":"https:\/\/fjala.info\/2009-2015\/#website","url":"https:\/\/fjala.info\/2009-2015\/","name":"FjALA e LIR\u00cb - Arkivi","description":"Arkivi 2009-2015","publisher":{"@id":"https:\/\/fjala.info\/2009-2015\/#organization"},"potentialAction":[{"@type":"SearchAction","target":{"@type":"EntryPoint","urlTemplate":"https:\/\/fjala.info\/2009-2015\/?s={search_term_string}"},"query-input":{"@type":"PropertyValueSpecification","valueRequired":true,"valueName":"search_term_string"}}],"inLanguage":"sq-AL"},{"@type":"Organization","@id":"https:\/\/fjala.info\/2009-2015\/#organization","name":"FjALA e LIR\u00cb - Arkivi","url":"https:\/\/fjala.info\/2009-2015\/","logo":{"@type":"ImageObject","inLanguage":"sq-AL","@id":"https:\/\/fjala.info\/2009-2015\/#\/schema\/logo\/image\/","url":"","contentUrl":"","caption":"FjALA e LIR\u00cb - Arkivi"},"image":{"@id":"https:\/\/fjala.info\/2009-2015\/#\/schema\/logo\/image\/"}},{"@type":"Person","@id":"https:\/\/fjala.info\/2009-2015\/#\/schema\/person\/3aa1163ef05469c496fc94e77611ada2","name":"admin","image":{"@type":"ImageObject","inLanguage":"sq-AL","@id":"https:\/\/fjala.info\/2009-2015\/wp-content\/uploads\/2012\/02\/arben_cokaj-120x150.jpg","url":"https:\/\/fjala.info\/2009-2015\/wp-content\/uploads\/2012\/02\/arben_cokaj-120x150.jpg","contentUrl":"https:\/\/fjala.info\/2009-2015\/wp-content\/uploads\/2012\/02\/arben_cokaj-120x150.jpg","caption":"admin"},"description":"Admin, Fjala e Lir\u00eb","sameAs":["https:\/\/fjala.info\/"],"url":"https:\/\/fjala.info\/2009-2015\/author\/admin\/"}]}},"_links":{"self":[{"href":"https:\/\/fjala.info\/2009-2015\/wp-json\/wp\/v2\/posts\/2394","targetHints":{"allow":["GET"]}}],"collection":[{"href":"https:\/\/fjala.info\/2009-2015\/wp-json\/wp\/v2\/posts"}],"about":[{"href":"https:\/\/fjala.info\/2009-2015\/wp-json\/wp\/v2\/types\/post"}],"author":[{"embeddable":true,"href":"https:\/\/fjala.info\/2009-2015\/wp-json\/wp\/v2\/users\/1"}],"replies":[{"embeddable":true,"href":"https:\/\/fjala.info\/2009-2015\/wp-json\/wp\/v2\/comments?post=2394"}],"version-history":[{"count":0,"href":"https:\/\/fjala.info\/2009-2015\/wp-json\/wp\/v2\/posts\/2394\/revisions"}],"wp:attachment":[{"href":"https:\/\/fjala.info\/2009-2015\/wp-json\/wp\/v2\/media?parent=2394"}],"wp:term":[{"taxonomy":"category","embeddable":true,"href":"https:\/\/fjala.info\/2009-2015\/wp-json\/wp\/v2\/categories?post=2394"},{"taxonomy":"post_tag","embeddable":true,"href":"https:\/\/fjala.info\/2009-2015\/wp-json\/wp\/v2\/tags?post=2394"}],"curies":[{"name":"wp","href":"https:\/\/api.w.org\/{rel}","templated":true}]}}