{"id":2392,"date":"2010-04-28T22:18:44","date_gmt":"2010-04-28T21:18:44","guid":{"rendered":"http:\/\/fjala.shkoder.net\/?p=2392"},"modified":"2010-04-28T22:18:44","modified_gmt":"2010-04-28T21:18:44","slug":"gabimet-qe-marrin-emrin-pervoje","status":"publish","type":"post","link":"https:\/\/fjala.info\/2009-2015\/gabimet-qe-marrin-emrin-pervoje\/","title":{"rendered":"Gabimet q\u00eb marrin emrin p\u00ebrvoj\u00eb"},"content":{"rendered":"<p><img decoding=\"async\" style=\"margin-left: 10px; margin-right: 10px; border: 0px;\" src=\"http:\/\/www.shkoder.net\/images\/fjala\/aleksander_cipa.jpg\" border=\"0\" alt=\"Aleksand\u00ebr \u00c7ipa\" width=\"100\" align=\"left\" \/><\/p>\n<p><strong>Aleksand\u00ebr \u00c7ipa<\/strong><\/p>\n<p>\u201cCinik \u00ebsht\u00eb ai q\u00eb njeh \u00e7mimin e gjith\u00e7kaje&#8230;\u201d, shkruan sentencisti i famsh\u00ebm, Oscar Wilde. \u00c7mimin e kriz\u00ebs s\u00eb sotme n\u00eb vend e njeh n\u00eb gjith\u00e7ka edhe kreu i qeverisjes, edhe ai i opozit\u00ebs. Jan\u00eb njoh\u00ebs dhe n\u00eb dijeni t\u00eb plot\u00eb p\u00ebr gjith\u00eb sa peshon ky ng\u00ebr\u00e7 dhe p\u00ebr gjith\u00eb sa paralajm\u00ebron zhvillimi me p\u00ebrkeq\u00ebsime. Politik\u00ebb\u00ebr\u00ebsit Berisha dhe Rama kan\u00eb gjith\u00eb mund\u00ebsin\u00eb p\u00ebr t\u00eb ditur realisht fatur\u00ebn financiare q\u00eb ka ky ng\u00ebr\u00e7 dhe q\u00eb po shton kjo kriz\u00eb.<\/p>\n<p>Cinizmi politik n\u00eb k\u00ebt\u00eb vend ka marr\u00eb form\u00ebn e nj\u00eb elementi gati natyror. Ai \u00ebsht\u00eb i imponuesh\u00ebm n\u00eb sjelljen publike t\u00eb politikan\u00ebve, por edhe n\u00eb marr\u00ebdh\u00ebnien premtuese t\u00eb tyre, n\u00eb fushata apo n\u00eb periudha jasht\u00eb tyre. N\u00eb k\u00ebt\u00eb sistem shqiptar, shprishja ka nisur qysh kur u ndryshua sjellja ndaj rotacionit politik. U parapri ajo me triumfin e autoritetit individual n\u00eb jet\u00ebn politike dhe partitokracin\u00eb e vendit. M\u00eb pas u krye akti ndryshues i Kushtetut\u00ebs p\u00ebr t\u00eb sanksionuar bipolaritetin si arkitektur\u00eb e vetme politike. U shemb\u00ebn nd\u00ebrkoh\u00eb vlerat e pluralizmit si thelb dhe p\u00ebrmbajtje dhe sot demokracia e vendit \u00ebsht\u00eb n\u00eb pamjen dhe p\u00ebrmbajtjen e vet amalgamike.<\/p>\n<p><strong>Por cinizmi qenka subjekt vijues. <\/strong><br \/>\nKlasa politike, qysh prej 2005-s e deri m\u00eb sot, rikompozoi brutalisht autoritarizmin bipolar, duke shp\u00ebrfillur duksh\u00ebm edhe realitetin e nj\u00eb parlamenti ku mes dy forcave rivale gjendet aktualisht nj\u00eb forc\u00eb tjet\u00ebr e vog\u00ebl, p\u00ebrcaktuese n\u00eb aritmetik\u00ebn e animit t\u00eb shumic\u00ebs. Kjo forc\u00eb e ushqyer gjat\u00eb k\u00ebtij mandati me m\u00eb tep\u00ebr mandate ministrore nga \u00e7\u2019p\u00ebrfaq\u00ebson militim alternative, po vetushqehet kompromentuesh\u00ebm n\u00eb koh\u00ebn e ng\u00ebr\u00e7it, duke mbajtur nj\u00ebher\u00ebsh barr\u00ebn e nj\u00eb heshtjeje t\u00eb paskrupullt p\u00ebr p\u00ebrgjegj\u00ebsin\u00eb e ndaljes apo bllokimit t\u00eb axhend\u00ebs dhe rezultateve t\u00eb premtuara.<\/p>\n<p>N\u00ebse datat p\u00ebr shtyrjen e vizave jan\u00eb sot nj\u00eb shenj\u00eb e dukshme e cinizmit politik q\u00eb shprehin t\u00eb dyja pal\u00ebt n\u00eb pozicionet e tyre, p\u00ebr partin\u00eb p\u00ebrcaktuese t\u00eb kabinetit t\u00eb tanish\u00ebm Berisha, at\u00eb t\u00eb zotit Meta, p\u00ebrgjegj\u00ebsia \u00ebsht\u00eb di\u00e7ka m\u00eb ndryshe. Ky fakt lidhet drejtp\u00ebrs\u00ebdrejti me detyrimin politik q\u00eb z\u00ebvend\u00ebskryeministri, nj\u00ebher\u00ebsh minist\u00ebr i Jasht\u00ebm, ka ndaj elektoratit, qytetar\u00ebve dhe sidomos arsyes me t\u00eb cil\u00ebn justifikoi kalimin n\u00eb bashk\u00ebqeverisje me t\u00eb djatht\u00ebn. Morali politik mund t\u00eb zhduket leht\u00eb, por skrupulli nuk varet prej atij q\u00eb e braktis at\u00eb, thon\u00eb francez\u00ebt.<\/p>\n<p>Qytetar\u00ebt e k\u00ebtij vendi, ka vite, por sidomos k\u00ebta muaj, q\u00eb ndihen t\u00eb penguar n\u00eb koh\u00eb prej politik\u00ebs dhe udh\u00ebheq\u00ebsis\u00eb. N\u00eb k\u00ebt\u00eb kapitull pengimi, partit\u00eb e kapura plot\u00ebsisht prej udh\u00ebheq\u00ebsve po iniciojn\u00eb gjenerimin e nj\u00eb fushate jasht\u00eb ciklit. Pra, p\u00ebrmes nj\u00eb kohe t\u00eb penguar, po hyjn\u00eb n\u00eb kapitullin e pengimit tjet\u00ebr. Cinizmi i tyre nuk \u00ebsht\u00eb m\u00eb i till\u00eb vet\u00ebm me qytetar\u00ebt, por me gjith\u00eb institucionet nd\u00ebrkomb\u00ebtare. Nj\u00eb d\u00ebrgat\u00eb e KiE-s n\u00eb Shqip\u00ebri konstatoi problemet, por nuk sh\u00ebnoi dot nj\u00eb rezultat kap\u00ebrcyes t\u00eb kriz\u00ebs.<\/p>\n<p>N\u00eb presidenc\u00ebn e vendit u sabotua shpresa e nj\u00eb zgjidhjeje, sikund\u00ebr u d\u00ebshmua prepotenca e zhb\u00ebrjes s\u00eb mund\u00ebsis\u00eb se ky institucion i lart\u00eb kushtetues mund t\u00eb sjell\u00eb n\u00eb pajtim marr\u00ebvesh\u00ebs dy-krenar\u00ebt tan\u00eb Rama-Berisha. T\u00eb dy k\u00ebta udh\u00ebheq\u00ebs po d\u00ebshmojn\u00eb vitalitet negativ n\u00eb raport me detyrimet q\u00eb kan\u00eb p\u00ebr shoq\u00ebrin\u00eb dhe sidomos p\u00ebr aktet integruese t\u00eb vendit. Ky pengim i k\u00ebsaj here ka shum\u00ebfishuar dyshimet p\u00ebr nd\u00ebrgjegjen politike t\u00eb secilit.<\/p>\n<p>Ky dyshim do t\u00eb b\u00ebhet edhe m\u00eb i madh, n\u00ebse zyrtarisht KE apo Parlamenti Europian do t\u00eb vijojn\u00eb t\u00eb prononcohen p\u00ebr shtyrjen e afateve pranuese t\u00eb Shqip\u00ebris\u00eb, qoft\u00eb n\u00eb cil\u00ebsin\u00eb e saj t\u00eb pritshme si kandidate p\u00ebr n\u00eb BE, qoft\u00eb edhe p\u00ebr aktin liberalizues t\u00eb l\u00ebvizjes s\u00eb lir\u00eb t\u00eb qytetar\u00ebve. Strategjia bllokuese e buruar prej antagonizmit t\u00eb tejzgjatur t\u00eb dy udh\u00ebheq\u00ebsve duhet lexuar si nj\u00eb mund\u00ebsi p\u00ebr t\u00eb shtuar aksesin forcat e rrezikshme. \u00cbsht\u00eb fjala p\u00ebr forcat e rrezikshme si p\u00ebr veten, ashtu edhe p\u00ebr t\u00eb tjer\u00ebt.<\/p>\n<p>Vendi po mbahet n\u00eb gjendjen e ng\u00ebr\u00e7it. Tejzgjatja n\u00eb koh\u00eb e k\u00ebtij ng\u00ebr\u00e7i po shkakton dekadenc\u00eb t\u00eb v\u00ebrtet\u00eb, ajo zbulon p\u00ebrditshm\u00ebrisht n\u00eb marr\u00ebdh\u00ebniet e administrat\u00ebs me qytetar\u00ebt dhe me sistemin, nj\u00eb dekadenc\u00eb rr\u00ebshqit\u00ebse dhe dimensionuese. Dikur \u201cP\u00ebr Franc\u00ebn\u201d, Emil Cioran shkruante:\u201d&#8230;Fenomeni i dekadenc\u00ebs zbulon rr\u00ebshqitjen drejt var\u00ebsis\u00eb nga koha\u201d. Vendi gjendet sot pik\u00ebrisht n\u00eb k\u00ebt\u00eb var\u00ebsi t\u00eb rrezikshme, ku gabimet mbivendosen dhe cinikisht po shiten si p\u00ebrvoj\u00eb.<\/p>\n<p>Rikthimi n\u00eb gabime \u00ebsht\u00eb r\u00ebnie n\u00eb pozit\u00ebn e t\u00eb gabueshmit t\u00eb p\u00ebrhersh\u00ebm, apo t\u00eb p\u00ebrvoj\u00ebs q\u00eb t\u00eb \u00e7on n\u00eb kahun rr\u00ebnues e shemb\u00ebs. Ambasadori spanjoll, Montobio, q\u00eb mban kryesimin e radh\u00ebs s\u00eb presidenc\u00ebs s\u00eb BE-s\u00eb, mbr\u00ebm\u00eb u shpreh nervozuesh\u00ebm p\u00ebr pad\u00ebgjueshm\u00ebrin\u00eb e udh\u00ebheq\u00ebsis\u00eb bipolare t\u00eb vendit. Ky \u00ebsht\u00eb nj\u00eb z\u00eb zyrtar q\u00eb p\u00ebrcakton prer\u00eb p\u00ebrgjegj\u00ebsin\u00eb bi-nominale n\u00eb k\u00ebt\u00eb kriz\u00eb t\u00eb sotme shqiptare.<\/p>\n<p>Pad\u00ebgjueshm\u00ebria e tyre po b\u00ebhet v\u00ebrtet p\u00ebrjetim i nj\u00eb p\u00ebrvoje t\u00eb keqe gabimesh, por nj\u00ebher\u00ebsh ajo po peshohet si fatur\u00eb e re e protagonizmit t\u00eb vjet\u00ebr. P\u00ebr gabime t\u00eb tilla t\u00eb ngjashme, n\u00eb Kroacin\u00eb fqinje, shtetin paraudh\u00ebtues t\u00eb rajonit ton\u00eb n\u00eb BE, ka disa muaj q\u00eb publiku dhe drejt\u00ebsia e vendit po ndjekin me v\u00ebmendje procesin e hapur nga drejt\u00ebsia e pavarur kroate. N\u00eb k\u00ebt\u00eb rast, ne shembullin mund ta shohim dhe jo ta k\u00ebrkojm\u00eb demagogjikisht nga historia e SHBA-s\u00eb apo Europ\u00ebs Qendrore. Ballkani \u00ebsht\u00eb vis i reformave dhe i kontrasteve t\u00eb fuqishme moralo-politike, mes elitave politike. T\u2019i referohemi k\u00ebtij kontrasti, sidomos n\u00eb kushtet e k\u00ebtij ng\u00ebr\u00e7i shqiptar.<\/p>\n","protected":false},"excerpt":{"rendered":"<p>Aleksand\u00ebr \u00c7ipa \u201cCinik \u00ebsht\u00eb ai q\u00eb njeh \u00e7mimin e gjith\u00e7kaje&#8230;\u201d, shkruan sentencisti i famsh\u00ebm, Oscar Wilde. \u00c7mimin e kriz\u00ebs s\u00eb sotme n\u00eb vend e njeh n\u00eb gjith\u00e7ka edhe kreu i qeverisjes, edhe ai i opozit\u00ebs. Jan\u00eb njoh\u00ebs dhe n\u00eb dijeni t\u00eb plot\u00eb p\u00ebr gjith\u00eb sa peshon ky ng\u00ebr\u00e7 dhe p\u00ebr gjith\u00eb sa paralajm\u00ebron zhvillimi me [&hellip;]<\/p>\n","protected":false},"author":1,"featured_media":0,"comment_status":"open","ping_status":"closed","sticky":false,"template":"","format":"standard","meta":{"footnotes":""},"categories":[2],"tags":[],"class_list":{"0":"post-2392","1":"post","2":"type-post","3":"status-publish","4":"format-standard","6":"category-artikuj"},"yoast_head":"<!-- This site is optimized with the Yoast SEO plugin v27.4 - https:\/\/yoast.com\/product\/yoast-seo-wordpress\/ -->\n<title>Gabimet q\u00eb marrin emrin p\u00ebrvoj\u00eb - FjALA e LIR\u00cb - Arkivi<\/title>\n<meta name=\"robots\" content=\"index, follow, max-snippet:-1, max-image-preview:large, max-video-preview:-1\" \/>\n<link rel=\"canonical\" href=\"https:\/\/fjala.info\/2009-2015\/gabimet-qe-marrin-emrin-pervoje\/\" \/>\n<meta property=\"og:locale\" content=\"sq_AL\" \/>\n<meta property=\"og:type\" content=\"article\" \/>\n<meta property=\"og:title\" content=\"Gabimet q\u00eb marrin emrin p\u00ebrvoj\u00eb - FjALA e LIR\u00cb - Arkivi\" \/>\n<meta property=\"og:description\" content=\"Aleksand\u00ebr \u00c7ipa \u201cCinik \u00ebsht\u00eb ai q\u00eb njeh \u00e7mimin e gjith\u00e7kaje&#8230;\u201d, shkruan sentencisti i famsh\u00ebm, Oscar Wilde. \u00c7mimin e kriz\u00ebs s\u00eb sotme n\u00eb vend e njeh n\u00eb gjith\u00e7ka edhe kreu i qeverisjes, edhe ai i opozit\u00ebs. Jan\u00eb njoh\u00ebs dhe n\u00eb dijeni t\u00eb plot\u00eb p\u00ebr gjith\u00eb sa peshon ky ng\u00ebr\u00e7 dhe p\u00ebr gjith\u00eb sa paralajm\u00ebron zhvillimi me [&hellip;]\" \/>\n<meta property=\"og:url\" content=\"https:\/\/fjala.info\/2009-2015\/gabimet-qe-marrin-emrin-pervoje\/\" \/>\n<meta property=\"og:site_name\" content=\"FjALA e LIR\u00cb - Arkivi\" \/>\n<meta property=\"article:published_time\" content=\"2010-04-28T21:18:44+00:00\" \/>\n<meta property=\"og:image\" content=\"http:\/\/www.shkoder.net\/images\/fjala\/aleksander_cipa.jpg\" \/>\n<meta name=\"author\" content=\"admin\" \/>\n<meta name=\"twitter:card\" content=\"summary_large_image\" \/>\n<meta name=\"twitter:label1\" content=\"Written by\" \/>\n\t<meta name=\"twitter:data1\" content=\"admin\" \/>\n\t<meta name=\"twitter:label2\" content=\"Est. reading time\" \/>\n\t<meta name=\"twitter:data2\" content=\"5 minutes\" \/>\n<script type=\"application\/ld+json\" class=\"yoast-schema-graph\">{\"@context\":\"https:\\\/\\\/schema.org\",\"@graph\":[{\"@type\":\"Article\",\"@id\":\"https:\\\/\\\/fjala.info\\\/2009-2015\\\/gabimet-qe-marrin-emrin-pervoje\\\/#article\",\"isPartOf\":{\"@id\":\"https:\\\/\\\/fjala.info\\\/2009-2015\\\/gabimet-qe-marrin-emrin-pervoje\\\/\"},\"author\":{\"name\":\"admin\",\"@id\":\"https:\\\/\\\/fjala.info\\\/2009-2015\\\/#\\\/schema\\\/person\\\/3aa1163ef05469c496fc94e77611ada2\"},\"headline\":\"Gabimet q\u00eb marrin emrin p\u00ebrvoj\u00eb\",\"datePublished\":\"2010-04-28T21:18:44+00:00\",\"mainEntityOfPage\":{\"@id\":\"https:\\\/\\\/fjala.info\\\/2009-2015\\\/gabimet-qe-marrin-emrin-pervoje\\\/\"},\"wordCount\":1048,\"commentCount\":2,\"publisher\":{\"@id\":\"https:\\\/\\\/fjala.info\\\/2009-2015\\\/#organization\"},\"image\":{\"@id\":\"https:\\\/\\\/fjala.info\\\/2009-2015\\\/gabimet-qe-marrin-emrin-pervoje\\\/#primaryimage\"},\"thumbnailUrl\":\"http:\\\/\\\/www.shkoder.net\\\/images\\\/fjala\\\/aleksander_cipa.jpg\",\"articleSection\":[\"Artikuj\"],\"inLanguage\":\"sq-AL\",\"potentialAction\":[{\"@type\":\"CommentAction\",\"name\":\"Comment\",\"target\":[\"https:\\\/\\\/fjala.info\\\/2009-2015\\\/gabimet-qe-marrin-emrin-pervoje\\\/#respond\"]}]},{\"@type\":\"WebPage\",\"@id\":\"https:\\\/\\\/fjala.info\\\/2009-2015\\\/gabimet-qe-marrin-emrin-pervoje\\\/\",\"url\":\"https:\\\/\\\/fjala.info\\\/2009-2015\\\/gabimet-qe-marrin-emrin-pervoje\\\/\",\"name\":\"Gabimet q\u00eb marrin emrin p\u00ebrvoj\u00eb - FjALA e LIR\u00cb - Arkivi\",\"isPartOf\":{\"@id\":\"https:\\\/\\\/fjala.info\\\/2009-2015\\\/#website\"},\"primaryImageOfPage\":{\"@id\":\"https:\\\/\\\/fjala.info\\\/2009-2015\\\/gabimet-qe-marrin-emrin-pervoje\\\/#primaryimage\"},\"image\":{\"@id\":\"https:\\\/\\\/fjala.info\\\/2009-2015\\\/gabimet-qe-marrin-emrin-pervoje\\\/#primaryimage\"},\"thumbnailUrl\":\"http:\\\/\\\/www.shkoder.net\\\/images\\\/fjala\\\/aleksander_cipa.jpg\",\"datePublished\":\"2010-04-28T21:18:44+00:00\",\"breadcrumb\":{\"@id\":\"https:\\\/\\\/fjala.info\\\/2009-2015\\\/gabimet-qe-marrin-emrin-pervoje\\\/#breadcrumb\"},\"inLanguage\":\"sq-AL\",\"potentialAction\":[{\"@type\":\"ReadAction\",\"target\":[\"https:\\\/\\\/fjala.info\\\/2009-2015\\\/gabimet-qe-marrin-emrin-pervoje\\\/\"]}]},{\"@type\":\"ImageObject\",\"inLanguage\":\"sq-AL\",\"@id\":\"https:\\\/\\\/fjala.info\\\/2009-2015\\\/gabimet-qe-marrin-emrin-pervoje\\\/#primaryimage\",\"url\":\"http:\\\/\\\/www.shkoder.net\\\/images\\\/fjala\\\/aleksander_cipa.jpg\",\"contentUrl\":\"http:\\\/\\\/www.shkoder.net\\\/images\\\/fjala\\\/aleksander_cipa.jpg\"},{\"@type\":\"BreadcrumbList\",\"@id\":\"https:\\\/\\\/fjala.info\\\/2009-2015\\\/gabimet-qe-marrin-emrin-pervoje\\\/#breadcrumb\",\"itemListElement\":[{\"@type\":\"ListItem\",\"position\":1,\"name\":\"Home\",\"item\":\"https:\\\/\\\/fjala.info\\\/2009-2015\\\/\"},{\"@type\":\"ListItem\",\"position\":2,\"name\":\"Gabimet q\u00eb marrin emrin p\u00ebrvoj\u00eb\"}]},{\"@type\":\"WebSite\",\"@id\":\"https:\\\/\\\/fjala.info\\\/2009-2015\\\/#website\",\"url\":\"https:\\\/\\\/fjala.info\\\/2009-2015\\\/\",\"name\":\"FjALA e LIR\u00cb - Arkivi\",\"description\":\"Arkivi 2009-2015\",\"publisher\":{\"@id\":\"https:\\\/\\\/fjala.info\\\/2009-2015\\\/#organization\"},\"potentialAction\":[{\"@type\":\"SearchAction\",\"target\":{\"@type\":\"EntryPoint\",\"urlTemplate\":\"https:\\\/\\\/fjala.info\\\/2009-2015\\\/?s={search_term_string}\"},\"query-input\":{\"@type\":\"PropertyValueSpecification\",\"valueRequired\":true,\"valueName\":\"search_term_string\"}}],\"inLanguage\":\"sq-AL\"},{\"@type\":\"Organization\",\"@id\":\"https:\\\/\\\/fjala.info\\\/2009-2015\\\/#organization\",\"name\":\"FjALA e LIR\u00cb - Arkivi\",\"url\":\"https:\\\/\\\/fjala.info\\\/2009-2015\\\/\",\"logo\":{\"@type\":\"ImageObject\",\"inLanguage\":\"sq-AL\",\"@id\":\"https:\\\/\\\/fjala.info\\\/2009-2015\\\/#\\\/schema\\\/logo\\\/image\\\/\",\"url\":\"\",\"contentUrl\":\"\",\"caption\":\"FjALA e LIR\u00cb - Arkivi\"},\"image\":{\"@id\":\"https:\\\/\\\/fjala.info\\\/2009-2015\\\/#\\\/schema\\\/logo\\\/image\\\/\"}},{\"@type\":\"Person\",\"@id\":\"https:\\\/\\\/fjala.info\\\/2009-2015\\\/#\\\/schema\\\/person\\\/3aa1163ef05469c496fc94e77611ada2\",\"name\":\"admin\",\"image\":{\"@type\":\"ImageObject\",\"inLanguage\":\"sq-AL\",\"@id\":\"https:\\\/\\\/fjala.info\\\/2009-2015\\\/wp-content\\\/uploads\\\/2012\\\/02\\\/arben_cokaj-120x150.jpg\",\"url\":\"https:\\\/\\\/fjala.info\\\/2009-2015\\\/wp-content\\\/uploads\\\/2012\\\/02\\\/arben_cokaj-120x150.jpg\",\"contentUrl\":\"https:\\\/\\\/fjala.info\\\/2009-2015\\\/wp-content\\\/uploads\\\/2012\\\/02\\\/arben_cokaj-120x150.jpg\",\"caption\":\"admin\"},\"description\":\"Admin, Fjala e Lir\u00eb\",\"sameAs\":[\"https:\\\/\\\/fjala.info\\\/\"],\"url\":\"https:\\\/\\\/fjala.info\\\/2009-2015\\\/author\\\/admin\\\/\"}]}<\/script>\n<!-- \/ Yoast SEO plugin. -->","yoast_head_json":{"title":"Gabimet q\u00eb marrin emrin p\u00ebrvoj\u00eb - FjALA e LIR\u00cb - Arkivi","robots":{"index":"index","follow":"follow","max-snippet":"max-snippet:-1","max-image-preview":"max-image-preview:large","max-video-preview":"max-video-preview:-1"},"canonical":"https:\/\/fjala.info\/2009-2015\/gabimet-qe-marrin-emrin-pervoje\/","og_locale":"sq_AL","og_type":"article","og_title":"Gabimet q\u00eb marrin emrin p\u00ebrvoj\u00eb - FjALA e LIR\u00cb - Arkivi","og_description":"Aleksand\u00ebr \u00c7ipa \u201cCinik \u00ebsht\u00eb ai q\u00eb njeh \u00e7mimin e gjith\u00e7kaje&#8230;\u201d, shkruan sentencisti i famsh\u00ebm, Oscar Wilde. \u00c7mimin e kriz\u00ebs s\u00eb sotme n\u00eb vend e njeh n\u00eb gjith\u00e7ka edhe kreu i qeverisjes, edhe ai i opozit\u00ebs. Jan\u00eb njoh\u00ebs dhe n\u00eb dijeni t\u00eb plot\u00eb p\u00ebr gjith\u00eb sa peshon ky ng\u00ebr\u00e7 dhe p\u00ebr gjith\u00eb sa paralajm\u00ebron zhvillimi me [&hellip;]","og_url":"https:\/\/fjala.info\/2009-2015\/gabimet-qe-marrin-emrin-pervoje\/","og_site_name":"FjALA e LIR\u00cb - Arkivi","article_published_time":"2010-04-28T21:18:44+00:00","og_image":[{"url":"http:\/\/www.shkoder.net\/images\/fjala\/aleksander_cipa.jpg","type":"","width":"","height":""}],"author":"admin","twitter_card":"summary_large_image","twitter_misc":{"Written by":"admin","Est. reading time":"5 minutes"},"schema":{"@context":"https:\/\/schema.org","@graph":[{"@type":"Article","@id":"https:\/\/fjala.info\/2009-2015\/gabimet-qe-marrin-emrin-pervoje\/#article","isPartOf":{"@id":"https:\/\/fjala.info\/2009-2015\/gabimet-qe-marrin-emrin-pervoje\/"},"author":{"name":"admin","@id":"https:\/\/fjala.info\/2009-2015\/#\/schema\/person\/3aa1163ef05469c496fc94e77611ada2"},"headline":"Gabimet q\u00eb marrin emrin p\u00ebrvoj\u00eb","datePublished":"2010-04-28T21:18:44+00:00","mainEntityOfPage":{"@id":"https:\/\/fjala.info\/2009-2015\/gabimet-qe-marrin-emrin-pervoje\/"},"wordCount":1048,"commentCount":2,"publisher":{"@id":"https:\/\/fjala.info\/2009-2015\/#organization"},"image":{"@id":"https:\/\/fjala.info\/2009-2015\/gabimet-qe-marrin-emrin-pervoje\/#primaryimage"},"thumbnailUrl":"http:\/\/www.shkoder.net\/images\/fjala\/aleksander_cipa.jpg","articleSection":["Artikuj"],"inLanguage":"sq-AL","potentialAction":[{"@type":"CommentAction","name":"Comment","target":["https:\/\/fjala.info\/2009-2015\/gabimet-qe-marrin-emrin-pervoje\/#respond"]}]},{"@type":"WebPage","@id":"https:\/\/fjala.info\/2009-2015\/gabimet-qe-marrin-emrin-pervoje\/","url":"https:\/\/fjala.info\/2009-2015\/gabimet-qe-marrin-emrin-pervoje\/","name":"Gabimet q\u00eb marrin emrin p\u00ebrvoj\u00eb - FjALA e LIR\u00cb - Arkivi","isPartOf":{"@id":"https:\/\/fjala.info\/2009-2015\/#website"},"primaryImageOfPage":{"@id":"https:\/\/fjala.info\/2009-2015\/gabimet-qe-marrin-emrin-pervoje\/#primaryimage"},"image":{"@id":"https:\/\/fjala.info\/2009-2015\/gabimet-qe-marrin-emrin-pervoje\/#primaryimage"},"thumbnailUrl":"http:\/\/www.shkoder.net\/images\/fjala\/aleksander_cipa.jpg","datePublished":"2010-04-28T21:18:44+00:00","breadcrumb":{"@id":"https:\/\/fjala.info\/2009-2015\/gabimet-qe-marrin-emrin-pervoje\/#breadcrumb"},"inLanguage":"sq-AL","potentialAction":[{"@type":"ReadAction","target":["https:\/\/fjala.info\/2009-2015\/gabimet-qe-marrin-emrin-pervoje\/"]}]},{"@type":"ImageObject","inLanguage":"sq-AL","@id":"https:\/\/fjala.info\/2009-2015\/gabimet-qe-marrin-emrin-pervoje\/#primaryimage","url":"http:\/\/www.shkoder.net\/images\/fjala\/aleksander_cipa.jpg","contentUrl":"http:\/\/www.shkoder.net\/images\/fjala\/aleksander_cipa.jpg"},{"@type":"BreadcrumbList","@id":"https:\/\/fjala.info\/2009-2015\/gabimet-qe-marrin-emrin-pervoje\/#breadcrumb","itemListElement":[{"@type":"ListItem","position":1,"name":"Home","item":"https:\/\/fjala.info\/2009-2015\/"},{"@type":"ListItem","position":2,"name":"Gabimet q\u00eb marrin emrin p\u00ebrvoj\u00eb"}]},{"@type":"WebSite","@id":"https:\/\/fjala.info\/2009-2015\/#website","url":"https:\/\/fjala.info\/2009-2015\/","name":"FjALA e LIR\u00cb - Arkivi","description":"Arkivi 2009-2015","publisher":{"@id":"https:\/\/fjala.info\/2009-2015\/#organization"},"potentialAction":[{"@type":"SearchAction","target":{"@type":"EntryPoint","urlTemplate":"https:\/\/fjala.info\/2009-2015\/?s={search_term_string}"},"query-input":{"@type":"PropertyValueSpecification","valueRequired":true,"valueName":"search_term_string"}}],"inLanguage":"sq-AL"},{"@type":"Organization","@id":"https:\/\/fjala.info\/2009-2015\/#organization","name":"FjALA e LIR\u00cb - Arkivi","url":"https:\/\/fjala.info\/2009-2015\/","logo":{"@type":"ImageObject","inLanguage":"sq-AL","@id":"https:\/\/fjala.info\/2009-2015\/#\/schema\/logo\/image\/","url":"","contentUrl":"","caption":"FjALA e LIR\u00cb - Arkivi"},"image":{"@id":"https:\/\/fjala.info\/2009-2015\/#\/schema\/logo\/image\/"}},{"@type":"Person","@id":"https:\/\/fjala.info\/2009-2015\/#\/schema\/person\/3aa1163ef05469c496fc94e77611ada2","name":"admin","image":{"@type":"ImageObject","inLanguage":"sq-AL","@id":"https:\/\/fjala.info\/2009-2015\/wp-content\/uploads\/2012\/02\/arben_cokaj-120x150.jpg","url":"https:\/\/fjala.info\/2009-2015\/wp-content\/uploads\/2012\/02\/arben_cokaj-120x150.jpg","contentUrl":"https:\/\/fjala.info\/2009-2015\/wp-content\/uploads\/2012\/02\/arben_cokaj-120x150.jpg","caption":"admin"},"description":"Admin, Fjala e Lir\u00eb","sameAs":["https:\/\/fjala.info\/"],"url":"https:\/\/fjala.info\/2009-2015\/author\/admin\/"}]}},"_links":{"self":[{"href":"https:\/\/fjala.info\/2009-2015\/wp-json\/wp\/v2\/posts\/2392","targetHints":{"allow":["GET"]}}],"collection":[{"href":"https:\/\/fjala.info\/2009-2015\/wp-json\/wp\/v2\/posts"}],"about":[{"href":"https:\/\/fjala.info\/2009-2015\/wp-json\/wp\/v2\/types\/post"}],"author":[{"embeddable":true,"href":"https:\/\/fjala.info\/2009-2015\/wp-json\/wp\/v2\/users\/1"}],"replies":[{"embeddable":true,"href":"https:\/\/fjala.info\/2009-2015\/wp-json\/wp\/v2\/comments?post=2392"}],"version-history":[{"count":0,"href":"https:\/\/fjala.info\/2009-2015\/wp-json\/wp\/v2\/posts\/2392\/revisions"}],"wp:attachment":[{"href":"https:\/\/fjala.info\/2009-2015\/wp-json\/wp\/v2\/media?parent=2392"}],"wp:term":[{"taxonomy":"category","embeddable":true,"href":"https:\/\/fjala.info\/2009-2015\/wp-json\/wp\/v2\/categories?post=2392"},{"taxonomy":"post_tag","embeddable":true,"href":"https:\/\/fjala.info\/2009-2015\/wp-json\/wp\/v2\/tags?post=2392"}],"curies":[{"name":"wp","href":"https:\/\/api.w.org\/{rel}","templated":true}]}}