{"id":2390,"date":"2010-04-28T21:52:27","date_gmt":"2010-04-28T20:52:27","guid":{"rendered":"http:\/\/fjala.shkoder.net\/?p=2390"},"modified":"2010-04-28T21:52:27","modified_gmt":"2010-04-28T20:52:27","slug":"permbytja-e-trete-cindiference-e-turpshme","status":"publish","type":"post","link":"https:\/\/fjala.info\/2009-2015\/permbytja-e-trete-cindiference-e-turpshme\/","title":{"rendered":"P\u00ebrmbytja e tret\u00eb, \u00e7\u2019indiferenc\u00eb e turpshme!"},"content":{"rendered":"<p><img decoding=\"async\" style=\"margin-left: 10px; margin-right: 10px; border: 0px;\" src=\"http:\/\/www.shkoder.net\/images\/fjala\/mentor_nazarko.jpg\" border=\"0\" alt=\"Mentor Nazarko\" width=\"100\" align=\"right\" \/><\/p>\n<p><strong>Mentor Nazarko<\/strong>, <em>28.04.2010<\/em><\/p>\n<p>Esht\u00eb hera e tret\u00eb q\u00eb banor\u00ebt e zon\u00ebs s\u00eb Shkodr\u00ebs, por dhe disa fshatra t\u00eb tjer\u00eb n\u00eb Lezh\u00eb dhe n\u00eb Kuk\u00ebs p\u00ebrmbyten. Hera e tret\u00eb e tyre brenda kat\u00ebr muajsh, p\u00ebr koincidenc\u00eb ka p\u00ebrkuar me fillimin e shp\u00ebrndarjes s\u00eb d\u00ebmshp\u00ebrblimeve t\u00eb p\u00ebrmbytjes s\u00eb par\u00eb. Ato ishin aq t\u00eb vogla sa dikush, me humorin e kriz\u00ebs q\u00eb i karakterizon shkodran\u00ebt, i p\u00ebrdori parat\u00eb p\u00ebr t\u00eb qerasur me karamele bashk\u00ebfshatar\u00ebt e tij t\u00eb vegj\u00ebl. Por kjo hera e tret\u00eb duket me t\u00eb v\u00ebrtet\u00eb di\u00e7ka e ndryshme nga qasja me t\u00eb cil\u00ebn e kan\u00eb p\u00ebrballur qoft\u00eb autoritetet shtet\u00ebrore, qoft\u00eb opozita. Angazhimi shtet\u00ebror duket m\u00eb i kufizuar, t\u00eb pakt\u00ebn n\u00eb planin propagandistik. Nuk ka vizita t\u00eb nivelit t\u00eb lart\u00eb &#8211; Kryeminist\u00ebr apo President.<\/p>\n<p>Po ashtu dhe nga opozita nuk ka vizita n\u00eb nivel t\u00eb lart\u00eb. Tema n\u00eb media gjithashtu trajtohet me nj\u00eblloj bezdie, hiq Portokallin\u00eb, dhe nuk \u00ebsht\u00eb m\u00eb lajm i par\u00eb. V\u00ebrtet nuk jemi n\u00eb situat\u00ebn e 3 apo 4 janarit 2010, kur Kryeministri deklaronte se jemi n\u00eb buz\u00eb katastrofe, por mbi 1000 hektar\u00ebt e p\u00ebrmbytur, ata dhjet\u00ebra njer\u00ebz q\u00eb jan\u00eb evakuar apo numri i sht\u00ebpive t\u00eb p\u00ebrmbytura p\u00ebr her\u00eb t\u00eb tret\u00eb meritojn\u00eb v\u00ebmendje. Duket patetike t\u00eb formulosh disa arsye pse kjo p\u00ebrmbytje meriton v\u00ebmendje, por m\u00eb mir\u00eb t\u00eb jesh patetik sesa t\u00eb jesh indiferent.<\/p>\n<p>P\u00ebrmbytja e tret\u00eb n\u00eb 4 muaj pra meriton v\u00ebmendje sepse \u00ebsht\u00eb p\u00ebrmbytja e tret\u00eb n\u00eb llojin e vet. Si\u00e7 pranohet sinqerisht nga ato autoritete q\u00eb jan\u00eb marr\u00eb me t\u00eb, sepse Kryeministri madje nuk ka shpenzuar n\u00eb publik asnj\u00eb fjal\u00eb, p\u00ebrmbytja e tret\u00eb, si e dyta dhe e para kan\u00eb shkaktar t\u00eb ashtuquajtur\u00ebn hapje t\u00eb detyruar t\u00eb portave t\u00eb hidrocentraleve mbi lumin Drin. Pra shkaktari direkt i p\u00ebrmbytjes s\u00eb tret\u00eb, \u00ebsht\u00eb subjektiv, njer\u00ebzor. A ishte kjo hapje e detyruar v\u00ebrtet, kjo \u00ebsht\u00eb \u00e7\u00ebshtja p\u00ebr t\u00eb cil\u00ebn klasa jon\u00eb politike duhet t\u00eb vazhdonte t\u00eb na jepte shpjegime. Gj\u00eb q\u00eb nuk po e b\u00ebn, dhe e gjitha kjo \u00ebsht\u00eb trondit\u00ebse.<\/p>\n<p>P\u00ebrmbytja e tret\u00eb n\u00eb 4 muaj pra, \u00ebsht\u00eb pjes\u00eb e nj\u00eb s\u00ebr\u00eb p\u00ebrmbytjesh t\u00eb detyruara, t\u00eb paprecedenta n\u00eb historin\u00eb e hidrocentraleve mbi Drin, dhe kjo \u00ebsht\u00eb nj\u00eb arsye tjet\u00ebr pse qoft\u00eb Qeveria, qoft\u00eb opozita duhet t\u00eb merren seriozisht me t\u00eb, gj\u00eb nuk q\u00eb po e b\u00ebjn\u00eb akoma. Nuk kan\u00eb ndodhur m\u00eb par\u00eb. As dhe mediat nuk po merren seriozisht me t\u00eb tret\u00ebn, pasi q\u00eb axhenda e tyre p\u00ebrcaktohet thuajse n\u00eb t\u00eb gjith\u00eb kuptimet nga politika. Meqen\u00ebse politika nuk po merret me p\u00ebrmbytjen, edhe mediat nuk po merren aq sa duhen me p\u00ebrmbytjen.<\/p>\n<p>P\u00ebr shkak t\u00eb k\u00ebtyre ve\u00e7orive t\u00eb m\u00ebsip\u00ebrme, k\u00ebto p\u00ebrmbytje duhet t\u00eb ishin kryetema e politik\u00ebs son\u00eb. P\u00ebrkundrazi, ky injorim i p\u00ebrmbytjes na \u00e7on n\u00eb p\u00ebrfundimin se kjo klas\u00eb politike, Qeveria dhe opozita po e konsiderojn\u00eb at\u00eb si di\u00e7ka normale. Pra p\u00ebrmbytja tri her\u00eb rresht e nj\u00eb zone, e nj\u00eb qarku, po konsiderohet di\u00e7ka brenda normave. Sa edukative kjo p\u00ebr ne njer\u00ebzit meskin\u00eb, q\u00eb tronditemi n\u00ebse na pikon sadopak sht\u00ebpia, apo shtohet lag\u00ebshtia e mureve nd\u00ebrsa fshatar\u00ebt e gjor\u00eb nuk qajn\u00eb hallin e sht\u00ebpive me lag\u00ebshtir\u00eb, por shkat\u00ebrrimin e arave t\u00eb mbjella!<\/p>\n<p>Po n\u00ebse dy krah\u00ebt e politik\u00ebs e konsiderojn\u00eb normale p\u00ebrmbytjen tri her\u00eb t\u00eb qarkut t\u00eb Shkodr\u00ebs, a duhet ta pranojm\u00eb ne t\u00eb tjer\u00ebt, ne t\u00eb zakonshmit? Kjo p\u00ebrmbytje do t\u00eb ishte normale, n\u00ebse do t\u00eb na argumentohej se n\u00eb t\u00eb trija rastet p\u00ebrqendrimi i reshjeve n\u00eb at\u00eb zon\u00eb dhe n\u00eb dit\u00ebt e p\u00ebrmbytjes apo para saj, do t\u00eb ishte m\u00eb i larti n\u00eb t\u00eb gjitha koh\u00ebrat. Pra shkaku i par\u00eb, ose shkaku i shkaqeve do t\u00eb ishin reshjet, ngrohja globale, etj. Do t\u00eb duhej t\u00eb na argumentohej gjithashtu se liqenet ishin administruar n\u00eb m\u00ebnyr\u00ebn m\u00eb perfekte t\u00eb mundshme me prodhim energjie maksimal, me derdhje t\u00eb vogla t\u00eb shtrira n\u00eb koh\u00eb dhe n\u00eb k\u00ebto kushte, hapja e portave do t\u00eb duhej t\u00eb ishte e vetmja zgjidhje. Por n\u00ebse kjo gj\u00eb u b\u00eb n\u00eb m\u00ebnyr\u00eb shurdhuese her\u00ebn e par\u00eb, kjo nuk ndodhi her\u00ebn e dyt\u00eb dhe aq m\u00eb tep\u00ebr n\u00eb p\u00ebrmbytjen e tret\u00eb.<\/p>\n<p>\u00cbsht\u00eb pik\u00ebrisht ky element q\u00eb t\u00eb trondit. Pse askush nuk mundohet t\u00eb na mbush\u00eb mendjen se hapja e portave ishte e pashmangshme? Pse nuk po d\u00ebgjojm\u00eb se reshjet ishin unikale dhe s\u2019kishte asnj\u00eb zgjidhje tjet\u00ebr? Nd\u00ebrkoh\u00eb q\u00eb t\u00eb vetmet ndryshime q\u00eb shohim ne jo profesionist\u00ebt, n\u00eb raport me vitet e tjera jan\u00eb privatizimi i OSSH-s\u00eb, pra prishja e zinxhirit shtet\u00ebror t\u00eb pron\u00ebsis\u00eb n\u00eb nd\u00ebrmarrjet e prodhim- transmetimit t\u00eb energjis\u00eb dhe pasja n\u00eb krye t\u00eb KESH-it e nj\u00eb drejtori t\u00eb ri. Dhe nj\u00eb pyetje tjet\u00ebr. Pse askush s\u2019po na garanton se Shkodra q\u00eb po p\u00ebrmbytet tri her\u00eb brenda kat\u00ebr muajsh, nuk do t\u00eb p\u00ebrmbytet m\u00eb gjat\u00eb k\u00ebtij viti?<\/p>\n<p>N\u00ebse Qeveria nuk e vret mendjen t\u00eb na bind\u00eb p\u00ebr pashmangshm\u00ebrin\u00eb e hapjes s\u00eb portave t\u00eb hidrocentraleve, duket m\u00eb e \u00e7uditshme pse opozita hesht dhe e trajton me indiferenc\u00eb. Opozita nuk e sheh t\u00eb arsyeshme t\u00eb k\u00ebrkoj\u00eb nj\u00eb seanc\u00eb parlamentare ad hoc p\u00ebr p\u00ebrmbytjet dhe ta trajtoj\u00eb k\u00ebt\u00eb \u00e7\u00ebshtje dhe me ndihm\u00ebn e ekspert\u00ebve. Opozita nuk po th\u00ebrret n\u00eb protest\u00ebn e vet viktimat e p\u00ebrmbytjes, ata q\u00eb mor\u00ebn d\u00ebmshp\u00ebrblimet e mjera, apo ata q\u00eb nuk mor\u00ebn fare p\u00ebr shkak t\u00eb gabimeve burokratike, si\u00e7 njoftojn\u00eb mediat p\u00ebr dik\u00eb q\u00eb pa t\u2019i shkat\u00ebrrohej sht\u00ebpia n\u00eb p\u00ebrmbytjen e par\u00eb dhe s\u2019fituan asgj\u00eb. Pse kjo munges\u00eb largpam\u00ebsie e opozit\u00ebs?<br \/>\nDua t\u00eb b\u00ebj nj\u00eb provokim me shkaqet e k\u00ebsaj indiference.<\/p>\n<p>Dikush q\u00eb ka shoq\u00ebruar kryetarin e PS-s\u00eb, Edi Rama n\u00eb vizit\u00ebn e par\u00eb n\u00eb zonat e p\u00ebrmbytura n\u00eb janar 2010 tregon dy episode prej te vetmes vizite. I pari kur dikush me nj\u00eb thes ushqim p\u00ebr kafsh\u00ebt n\u00eb qaf\u00eb, i zhytur n\u00eb uj\u00eb deri n\u00eb brez, sa pa Edi Ram\u00ebn, i ushqyer me propagand\u00ebn antiopozit\u00eb, i tha atij: \u201c\u00e7far\u00eb do k\u00ebtu ti? Pse nuk ik\u00ebn n\u00eb Parlament?\u201d Nd\u00ebrsa episodi i dyt\u00eb tregon p\u00ebr nj\u00eb fshatar q\u00eb i pyetur nga Edi Rama p\u00ebr d\u00ebmet q\u00eb i shkaktoi p\u00ebrmbytja tha se \u201cvet\u00ebm robt\u00eb dhe qeni i sht\u00ebpis\u00eb kishin shp\u00ebtuar. Por se do t\u00eb vazhdonte megjithat\u00eb t\u00eb votonte Sali Berish\u00ebn\u201d.<\/p>\n<p>E di q\u00eb duket cinike, por ama pyes: po sikur arsyeja e indiferenc\u00ebs s\u00eb gjith\u00eb politik\u00ebs n\u00eb trajtimin e p\u00ebrmbytjes, qoft\u00eb prej Qeveris\u00eb, qoft\u00eb prej opozit\u00ebs gjendet te stabiliteti elektoral i zon\u00ebs s\u00eb Shkodr\u00ebs, si\u00e7 e ilustrojn\u00eb dy episodet? Qeveria mbase e ka t\u00eb mbledhur mendjen se t\u00eb p\u00ebrmbyturit do votojn\u00eb at\u00eb. Edhe opozita duket se e ka mbledhur mendjen se asgj\u00eb nuk ja nd\u00ebrron mendjen banor\u00ebve t\u00eb zonave t\u00eb p\u00ebrmbytura p\u00ebr t\u00eb votuar ndryshe n\u00eb zgjedhjet e ardhshme. N\u00ebse \u00ebsht\u00eb e v\u00ebrtet\u00eb kjo hipotez\u00eb provokuese, at\u00ebher\u00eb indiferenca s\u2019do t\u00eb ishte vet\u00ebm e turpshme, por dhe kriminale.<\/p>\n","protected":false},"excerpt":{"rendered":"<p>Mentor Nazarko, 28.04.2010 Esht\u00eb hera e tret\u00eb q\u00eb banor\u00ebt e zon\u00ebs s\u00eb Shkodr\u00ebs, por dhe disa fshatra t\u00eb tjer\u00eb n\u00eb Lezh\u00eb dhe n\u00eb Kuk\u00ebs p\u00ebrmbyten. Hera e tret\u00eb e tyre brenda kat\u00ebr muajsh, p\u00ebr koincidenc\u00eb ka p\u00ebrkuar me fillimin e shp\u00ebrndarjes s\u00eb d\u00ebmshp\u00ebrblimeve t\u00eb p\u00ebrmbytjes s\u00eb par\u00eb. Ato ishin aq t\u00eb vogla sa dikush, me [&hellip;]<\/p>\n","protected":false},"author":1,"featured_media":0,"comment_status":"open","ping_status":"closed","sticky":false,"template":"","format":"standard","meta":{"footnotes":""},"categories":[2],"tags":[],"class_list":{"0":"post-2390","1":"post","2":"type-post","3":"status-publish","4":"format-standard","6":"category-artikuj"},"yoast_head":"<!-- This site is optimized with the Yoast SEO plugin v27.4 - https:\/\/yoast.com\/product\/yoast-seo-wordpress\/ -->\n<title>P\u00ebrmbytja e tret\u00eb, \u00e7\u2019indiferenc\u00eb e turpshme! - FjALA e LIR\u00cb - Arkivi<\/title>\n<meta name=\"robots\" content=\"index, follow, max-snippet:-1, max-image-preview:large, max-video-preview:-1\" \/>\n<link rel=\"canonical\" href=\"https:\/\/fjala.info\/2009-2015\/permbytja-e-trete-cindiference-e-turpshme\/\" \/>\n<meta property=\"og:locale\" content=\"sq_AL\" \/>\n<meta property=\"og:type\" content=\"article\" \/>\n<meta property=\"og:title\" content=\"P\u00ebrmbytja e tret\u00eb, \u00e7\u2019indiferenc\u00eb e turpshme! - FjALA e LIR\u00cb - Arkivi\" \/>\n<meta property=\"og:description\" content=\"Mentor Nazarko, 28.04.2010 Esht\u00eb hera e tret\u00eb q\u00eb banor\u00ebt e zon\u00ebs s\u00eb Shkodr\u00ebs, por dhe disa fshatra t\u00eb tjer\u00eb n\u00eb Lezh\u00eb dhe n\u00eb Kuk\u00ebs p\u00ebrmbyten. Hera e tret\u00eb e tyre brenda kat\u00ebr muajsh, p\u00ebr koincidenc\u00eb ka p\u00ebrkuar me fillimin e shp\u00ebrndarjes s\u00eb d\u00ebmshp\u00ebrblimeve t\u00eb p\u00ebrmbytjes s\u00eb par\u00eb. Ato ishin aq t\u00eb vogla sa dikush, me [&hellip;]\" \/>\n<meta property=\"og:url\" content=\"https:\/\/fjala.info\/2009-2015\/permbytja-e-trete-cindiference-e-turpshme\/\" \/>\n<meta property=\"og:site_name\" content=\"FjALA e LIR\u00cb - Arkivi\" \/>\n<meta property=\"article:published_time\" content=\"2010-04-28T20:52:27+00:00\" \/>\n<meta property=\"og:image\" content=\"http:\/\/www.shkoder.net\/images\/fjala\/mentor_nazarko.jpg\" \/>\n<meta name=\"author\" content=\"admin\" \/>\n<meta name=\"twitter:card\" content=\"summary_large_image\" \/>\n<meta name=\"twitter:label1\" content=\"Written by\" \/>\n\t<meta name=\"twitter:data1\" content=\"admin\" \/>\n\t<meta name=\"twitter:label2\" content=\"Est. reading time\" \/>\n\t<meta name=\"twitter:data2\" content=\"6 minutes\" \/>\n<script type=\"application\/ld+json\" class=\"yoast-schema-graph\">{\"@context\":\"https:\\\/\\\/schema.org\",\"@graph\":[{\"@type\":\"Article\",\"@id\":\"https:\\\/\\\/fjala.info\\\/2009-2015\\\/permbytja-e-trete-cindiference-e-turpshme\\\/#article\",\"isPartOf\":{\"@id\":\"https:\\\/\\\/fjala.info\\\/2009-2015\\\/permbytja-e-trete-cindiference-e-turpshme\\\/\"},\"author\":{\"name\":\"admin\",\"@id\":\"https:\\\/\\\/fjala.info\\\/2009-2015\\\/#\\\/schema\\\/person\\\/3aa1163ef05469c496fc94e77611ada2\"},\"headline\":\"P\u00ebrmbytja e tret\u00eb, \u00e7\u2019indiferenc\u00eb e turpshme!\",\"datePublished\":\"2010-04-28T20:52:27+00:00\",\"mainEntityOfPage\":{\"@id\":\"https:\\\/\\\/fjala.info\\\/2009-2015\\\/permbytja-e-trete-cindiference-e-turpshme\\\/\"},\"wordCount\":1264,\"commentCount\":0,\"publisher\":{\"@id\":\"https:\\\/\\\/fjala.info\\\/2009-2015\\\/#organization\"},\"image\":{\"@id\":\"https:\\\/\\\/fjala.info\\\/2009-2015\\\/permbytja-e-trete-cindiference-e-turpshme\\\/#primaryimage\"},\"thumbnailUrl\":\"http:\\\/\\\/www.shkoder.net\\\/images\\\/fjala\\\/mentor_nazarko.jpg\",\"articleSection\":[\"Artikuj\"],\"inLanguage\":\"sq-AL\",\"potentialAction\":[{\"@type\":\"CommentAction\",\"name\":\"Comment\",\"target\":[\"https:\\\/\\\/fjala.info\\\/2009-2015\\\/permbytja-e-trete-cindiference-e-turpshme\\\/#respond\"]}]},{\"@type\":\"WebPage\",\"@id\":\"https:\\\/\\\/fjala.info\\\/2009-2015\\\/permbytja-e-trete-cindiference-e-turpshme\\\/\",\"url\":\"https:\\\/\\\/fjala.info\\\/2009-2015\\\/permbytja-e-trete-cindiference-e-turpshme\\\/\",\"name\":\"P\u00ebrmbytja e tret\u00eb, \u00e7\u2019indiferenc\u00eb e turpshme! - FjALA e LIR\u00cb - Arkivi\",\"isPartOf\":{\"@id\":\"https:\\\/\\\/fjala.info\\\/2009-2015\\\/#website\"},\"primaryImageOfPage\":{\"@id\":\"https:\\\/\\\/fjala.info\\\/2009-2015\\\/permbytja-e-trete-cindiference-e-turpshme\\\/#primaryimage\"},\"image\":{\"@id\":\"https:\\\/\\\/fjala.info\\\/2009-2015\\\/permbytja-e-trete-cindiference-e-turpshme\\\/#primaryimage\"},\"thumbnailUrl\":\"http:\\\/\\\/www.shkoder.net\\\/images\\\/fjala\\\/mentor_nazarko.jpg\",\"datePublished\":\"2010-04-28T20:52:27+00:00\",\"breadcrumb\":{\"@id\":\"https:\\\/\\\/fjala.info\\\/2009-2015\\\/permbytja-e-trete-cindiference-e-turpshme\\\/#breadcrumb\"},\"inLanguage\":\"sq-AL\",\"potentialAction\":[{\"@type\":\"ReadAction\",\"target\":[\"https:\\\/\\\/fjala.info\\\/2009-2015\\\/permbytja-e-trete-cindiference-e-turpshme\\\/\"]}]},{\"@type\":\"ImageObject\",\"inLanguage\":\"sq-AL\",\"@id\":\"https:\\\/\\\/fjala.info\\\/2009-2015\\\/permbytja-e-trete-cindiference-e-turpshme\\\/#primaryimage\",\"url\":\"http:\\\/\\\/www.shkoder.net\\\/images\\\/fjala\\\/mentor_nazarko.jpg\",\"contentUrl\":\"http:\\\/\\\/www.shkoder.net\\\/images\\\/fjala\\\/mentor_nazarko.jpg\"},{\"@type\":\"BreadcrumbList\",\"@id\":\"https:\\\/\\\/fjala.info\\\/2009-2015\\\/permbytja-e-trete-cindiference-e-turpshme\\\/#breadcrumb\",\"itemListElement\":[{\"@type\":\"ListItem\",\"position\":1,\"name\":\"Home\",\"item\":\"https:\\\/\\\/fjala.info\\\/2009-2015\\\/\"},{\"@type\":\"ListItem\",\"position\":2,\"name\":\"P\u00ebrmbytja e tret\u00eb, \u00e7\u2019indiferenc\u00eb e turpshme!\"}]},{\"@type\":\"WebSite\",\"@id\":\"https:\\\/\\\/fjala.info\\\/2009-2015\\\/#website\",\"url\":\"https:\\\/\\\/fjala.info\\\/2009-2015\\\/\",\"name\":\"FjALA e LIR\u00cb - Arkivi\",\"description\":\"Arkivi 2009-2015\",\"publisher\":{\"@id\":\"https:\\\/\\\/fjala.info\\\/2009-2015\\\/#organization\"},\"potentialAction\":[{\"@type\":\"SearchAction\",\"target\":{\"@type\":\"EntryPoint\",\"urlTemplate\":\"https:\\\/\\\/fjala.info\\\/2009-2015\\\/?s={search_term_string}\"},\"query-input\":{\"@type\":\"PropertyValueSpecification\",\"valueRequired\":true,\"valueName\":\"search_term_string\"}}],\"inLanguage\":\"sq-AL\"},{\"@type\":\"Organization\",\"@id\":\"https:\\\/\\\/fjala.info\\\/2009-2015\\\/#organization\",\"name\":\"FjALA e LIR\u00cb - Arkivi\",\"url\":\"https:\\\/\\\/fjala.info\\\/2009-2015\\\/\",\"logo\":{\"@type\":\"ImageObject\",\"inLanguage\":\"sq-AL\",\"@id\":\"https:\\\/\\\/fjala.info\\\/2009-2015\\\/#\\\/schema\\\/logo\\\/image\\\/\",\"url\":\"\",\"contentUrl\":\"\",\"caption\":\"FjALA e LIR\u00cb - Arkivi\"},\"image\":{\"@id\":\"https:\\\/\\\/fjala.info\\\/2009-2015\\\/#\\\/schema\\\/logo\\\/image\\\/\"}},{\"@type\":\"Person\",\"@id\":\"https:\\\/\\\/fjala.info\\\/2009-2015\\\/#\\\/schema\\\/person\\\/3aa1163ef05469c496fc94e77611ada2\",\"name\":\"admin\",\"image\":{\"@type\":\"ImageObject\",\"inLanguage\":\"sq-AL\",\"@id\":\"https:\\\/\\\/fjala.info\\\/2009-2015\\\/wp-content\\\/uploads\\\/2012\\\/02\\\/arben_cokaj-120x150.jpg\",\"url\":\"https:\\\/\\\/fjala.info\\\/2009-2015\\\/wp-content\\\/uploads\\\/2012\\\/02\\\/arben_cokaj-120x150.jpg\",\"contentUrl\":\"https:\\\/\\\/fjala.info\\\/2009-2015\\\/wp-content\\\/uploads\\\/2012\\\/02\\\/arben_cokaj-120x150.jpg\",\"caption\":\"admin\"},\"description\":\"Admin, Fjala e Lir\u00eb\",\"sameAs\":[\"https:\\\/\\\/fjala.info\\\/\"],\"url\":\"https:\\\/\\\/fjala.info\\\/2009-2015\\\/author\\\/admin\\\/\"}]}<\/script>\n<!-- \/ Yoast SEO plugin. -->","yoast_head_json":{"title":"P\u00ebrmbytja e tret\u00eb, \u00e7\u2019indiferenc\u00eb e turpshme! - FjALA e LIR\u00cb - Arkivi","robots":{"index":"index","follow":"follow","max-snippet":"max-snippet:-1","max-image-preview":"max-image-preview:large","max-video-preview":"max-video-preview:-1"},"canonical":"https:\/\/fjala.info\/2009-2015\/permbytja-e-trete-cindiference-e-turpshme\/","og_locale":"sq_AL","og_type":"article","og_title":"P\u00ebrmbytja e tret\u00eb, \u00e7\u2019indiferenc\u00eb e turpshme! - FjALA e LIR\u00cb - Arkivi","og_description":"Mentor Nazarko, 28.04.2010 Esht\u00eb hera e tret\u00eb q\u00eb banor\u00ebt e zon\u00ebs s\u00eb Shkodr\u00ebs, por dhe disa fshatra t\u00eb tjer\u00eb n\u00eb Lezh\u00eb dhe n\u00eb Kuk\u00ebs p\u00ebrmbyten. Hera e tret\u00eb e tyre brenda kat\u00ebr muajsh, p\u00ebr koincidenc\u00eb ka p\u00ebrkuar me fillimin e shp\u00ebrndarjes s\u00eb d\u00ebmshp\u00ebrblimeve t\u00eb p\u00ebrmbytjes s\u00eb par\u00eb. Ato ishin aq t\u00eb vogla sa dikush, me [&hellip;]","og_url":"https:\/\/fjala.info\/2009-2015\/permbytja-e-trete-cindiference-e-turpshme\/","og_site_name":"FjALA e LIR\u00cb - Arkivi","article_published_time":"2010-04-28T20:52:27+00:00","og_image":[{"url":"http:\/\/www.shkoder.net\/images\/fjala\/mentor_nazarko.jpg","type":"","width":"","height":""}],"author":"admin","twitter_card":"summary_large_image","twitter_misc":{"Written by":"admin","Est. reading time":"6 minutes"},"schema":{"@context":"https:\/\/schema.org","@graph":[{"@type":"Article","@id":"https:\/\/fjala.info\/2009-2015\/permbytja-e-trete-cindiference-e-turpshme\/#article","isPartOf":{"@id":"https:\/\/fjala.info\/2009-2015\/permbytja-e-trete-cindiference-e-turpshme\/"},"author":{"name":"admin","@id":"https:\/\/fjala.info\/2009-2015\/#\/schema\/person\/3aa1163ef05469c496fc94e77611ada2"},"headline":"P\u00ebrmbytja e tret\u00eb, \u00e7\u2019indiferenc\u00eb e turpshme!","datePublished":"2010-04-28T20:52:27+00:00","mainEntityOfPage":{"@id":"https:\/\/fjala.info\/2009-2015\/permbytja-e-trete-cindiference-e-turpshme\/"},"wordCount":1264,"commentCount":0,"publisher":{"@id":"https:\/\/fjala.info\/2009-2015\/#organization"},"image":{"@id":"https:\/\/fjala.info\/2009-2015\/permbytja-e-trete-cindiference-e-turpshme\/#primaryimage"},"thumbnailUrl":"http:\/\/www.shkoder.net\/images\/fjala\/mentor_nazarko.jpg","articleSection":["Artikuj"],"inLanguage":"sq-AL","potentialAction":[{"@type":"CommentAction","name":"Comment","target":["https:\/\/fjala.info\/2009-2015\/permbytja-e-trete-cindiference-e-turpshme\/#respond"]}]},{"@type":"WebPage","@id":"https:\/\/fjala.info\/2009-2015\/permbytja-e-trete-cindiference-e-turpshme\/","url":"https:\/\/fjala.info\/2009-2015\/permbytja-e-trete-cindiference-e-turpshme\/","name":"P\u00ebrmbytja e tret\u00eb, \u00e7\u2019indiferenc\u00eb e turpshme! - FjALA e LIR\u00cb - Arkivi","isPartOf":{"@id":"https:\/\/fjala.info\/2009-2015\/#website"},"primaryImageOfPage":{"@id":"https:\/\/fjala.info\/2009-2015\/permbytja-e-trete-cindiference-e-turpshme\/#primaryimage"},"image":{"@id":"https:\/\/fjala.info\/2009-2015\/permbytja-e-trete-cindiference-e-turpshme\/#primaryimage"},"thumbnailUrl":"http:\/\/www.shkoder.net\/images\/fjala\/mentor_nazarko.jpg","datePublished":"2010-04-28T20:52:27+00:00","breadcrumb":{"@id":"https:\/\/fjala.info\/2009-2015\/permbytja-e-trete-cindiference-e-turpshme\/#breadcrumb"},"inLanguage":"sq-AL","potentialAction":[{"@type":"ReadAction","target":["https:\/\/fjala.info\/2009-2015\/permbytja-e-trete-cindiference-e-turpshme\/"]}]},{"@type":"ImageObject","inLanguage":"sq-AL","@id":"https:\/\/fjala.info\/2009-2015\/permbytja-e-trete-cindiference-e-turpshme\/#primaryimage","url":"http:\/\/www.shkoder.net\/images\/fjala\/mentor_nazarko.jpg","contentUrl":"http:\/\/www.shkoder.net\/images\/fjala\/mentor_nazarko.jpg"},{"@type":"BreadcrumbList","@id":"https:\/\/fjala.info\/2009-2015\/permbytja-e-trete-cindiference-e-turpshme\/#breadcrumb","itemListElement":[{"@type":"ListItem","position":1,"name":"Home","item":"https:\/\/fjala.info\/2009-2015\/"},{"@type":"ListItem","position":2,"name":"P\u00ebrmbytja e tret\u00eb, \u00e7\u2019indiferenc\u00eb e turpshme!"}]},{"@type":"WebSite","@id":"https:\/\/fjala.info\/2009-2015\/#website","url":"https:\/\/fjala.info\/2009-2015\/","name":"FjALA e LIR\u00cb - Arkivi","description":"Arkivi 2009-2015","publisher":{"@id":"https:\/\/fjala.info\/2009-2015\/#organization"},"potentialAction":[{"@type":"SearchAction","target":{"@type":"EntryPoint","urlTemplate":"https:\/\/fjala.info\/2009-2015\/?s={search_term_string}"},"query-input":{"@type":"PropertyValueSpecification","valueRequired":true,"valueName":"search_term_string"}}],"inLanguage":"sq-AL"},{"@type":"Organization","@id":"https:\/\/fjala.info\/2009-2015\/#organization","name":"FjALA e LIR\u00cb - Arkivi","url":"https:\/\/fjala.info\/2009-2015\/","logo":{"@type":"ImageObject","inLanguage":"sq-AL","@id":"https:\/\/fjala.info\/2009-2015\/#\/schema\/logo\/image\/","url":"","contentUrl":"","caption":"FjALA e LIR\u00cb - Arkivi"},"image":{"@id":"https:\/\/fjala.info\/2009-2015\/#\/schema\/logo\/image\/"}},{"@type":"Person","@id":"https:\/\/fjala.info\/2009-2015\/#\/schema\/person\/3aa1163ef05469c496fc94e77611ada2","name":"admin","image":{"@type":"ImageObject","inLanguage":"sq-AL","@id":"https:\/\/fjala.info\/2009-2015\/wp-content\/uploads\/2012\/02\/arben_cokaj-120x150.jpg","url":"https:\/\/fjala.info\/2009-2015\/wp-content\/uploads\/2012\/02\/arben_cokaj-120x150.jpg","contentUrl":"https:\/\/fjala.info\/2009-2015\/wp-content\/uploads\/2012\/02\/arben_cokaj-120x150.jpg","caption":"admin"},"description":"Admin, Fjala e Lir\u00eb","sameAs":["https:\/\/fjala.info\/"],"url":"https:\/\/fjala.info\/2009-2015\/author\/admin\/"}]}},"_links":{"self":[{"href":"https:\/\/fjala.info\/2009-2015\/wp-json\/wp\/v2\/posts\/2390","targetHints":{"allow":["GET"]}}],"collection":[{"href":"https:\/\/fjala.info\/2009-2015\/wp-json\/wp\/v2\/posts"}],"about":[{"href":"https:\/\/fjala.info\/2009-2015\/wp-json\/wp\/v2\/types\/post"}],"author":[{"embeddable":true,"href":"https:\/\/fjala.info\/2009-2015\/wp-json\/wp\/v2\/users\/1"}],"replies":[{"embeddable":true,"href":"https:\/\/fjala.info\/2009-2015\/wp-json\/wp\/v2\/comments?post=2390"}],"version-history":[{"count":0,"href":"https:\/\/fjala.info\/2009-2015\/wp-json\/wp\/v2\/posts\/2390\/revisions"}],"wp:attachment":[{"href":"https:\/\/fjala.info\/2009-2015\/wp-json\/wp\/v2\/media?parent=2390"}],"wp:term":[{"taxonomy":"category","embeddable":true,"href":"https:\/\/fjala.info\/2009-2015\/wp-json\/wp\/v2\/categories?post=2390"},{"taxonomy":"post_tag","embeddable":true,"href":"https:\/\/fjala.info\/2009-2015\/wp-json\/wp\/v2\/tags?post=2390"}],"curies":[{"name":"wp","href":"https:\/\/api.w.org\/{rel}","templated":true}]}}