{"id":2388,"date":"2010-04-27T21:49:47","date_gmt":"2010-04-27T20:49:47","guid":{"rendered":"http:\/\/fjala.shkoder.net\/?p=2388"},"modified":"2010-04-27T21:49:47","modified_gmt":"2010-04-27T20:49:47","slug":"nuset-shqiptare-ringjallin-fshatrat-maqedonas","status":"publish","type":"post","link":"https:\/\/fjala.info\/2009-2015\/nuset-shqiptare-ringjallin-fshatrat-maqedonas\/","title":{"rendered":"Nuset shqiptare ringjallin fshatrat maqedonas"},"content":{"rendered":"<p><img decoding=\"async\" style=\"margin-left: 10px; margin-right: 10px; border: 0px;\" src=\"http:\/\/www.shkoder.net\/images\/fjala\/2010\/nuse_martese.jpg\" border=\"0\" alt=\"Nuse, martes\u00eb\" width=\"250\" align=\"right\" \/><\/p>\n<p><strong>Shekulli Online<\/strong>, <em>27.04.2010<\/em><\/p>\n<p>N\u00eb shumic\u00ebn e fshatrave t\u00eb thella malore n\u00eb jug t\u00eb Maqedonis\u00eb, po vazhdon realizimi i martesave mes beqar\u00ebve t\u00eb vjet\u00ebr maqedonas dhe nuseve t\u00eb reja shqiptare nga Shqip\u00ebria. <\/p>\n<p>Maqedonasit thon\u00eb se k\u00ebto martesa po pengojn\u00eb zhvendosjen e shum\u00eb banor\u00ebve t\u00eb k\u00ebsaj ane, t\u00eb cil\u00ebt mor\u00ebn nj\u00eb hov p\u00ebr t&#8217;u shp\u00ebrngulur. Dhe n\u00eb t\u00eb nj\u00ebjt\u00ebn koh\u00eb po rinojn\u00eb k\u00ebto zona rurale, n\u00eb t\u00eb cilat ka koh\u00eb q\u00eb nuk \u00ebsht\u00eb d\u00ebgjuar vaji i f\u00ebmij\u00ebve. Mediet maqedonase, s\u00eb fundi, raportojn\u00eb p\u00ebr fshatin Rapesh, i cili para disa viteve rrezikohej nga mortaliteti, sot thon\u00eb se ka sh\u00ebnuar nj\u00eb kthes\u00eb demografike.<\/p>\n<p>Nuset nga Shqip\u00ebria i kan\u00eb lumturuar &#8220;beqar\u00eb t\u00eb vjet\u00ebr&#8221; maqedonas, p\u00ebr t\u00eb cil\u00ebt pothuajse kishte humbur shpresa, se nj\u00eb dit\u00eb do ta shijojn\u00eb nat\u00ebn e dh\u00ebnd\u00ebris\u00eb. Beqar\u00ebt maqedonas thon\u00eb se vajzat maqedonase nuk vinin p\u00ebr t&#8217;u martuar n\u00eb k\u00ebt\u00eb pjes\u00eb, ku, si\u00e7 shprehen ata, as shpez\u00ebt nuk b\u00ebjn\u00eb vez\u00eb. Pik\u00ebrisht, n\u00eb k\u00ebt\u00eb vend t\u00eb shkret\u00eb, pes\u00eb nuse nga Shqip\u00ebria e kan\u00eb rinuar fshatin. <\/p>\n<p>P\u00ebr pes\u00eb vite nga pes\u00eb v\u00ebllez\u00ebr kan\u00eb lindur tet\u00eb f\u00ebmij\u00eb. Tash pas 25 viteve, pasi ishte mbyllur shkolla, paraqitet nevoja e domosdoshme p\u00ebr hapjen e nj\u00eb m\u00ebsonj\u00ebtore t\u00eb re. &#8220;N\u00eb Mariov\u00eb, posa\u00e7\u00ebrisht n\u00eb pjes\u00ebn q\u00eb \u00ebsht\u00eb af\u00ebr Manastirit nuk ka shkoll\u00eb. Un\u00eb kam kat\u00ebr f\u00ebmij\u00eb, prej t\u00eb cil\u00ebve, m\u00eb e madhja n\u00eb vjesht\u00eb duhet t\u00eb regjistrohet n\u00eb klas\u00ebn e par\u00eb. Por, problemi \u00ebsht\u00eb se nuk kemi shkoll\u00eb&#8221;, ka theksuar nusja shqiptare Xheline Mitkovska. Kryetari i komun\u00ebs Novaci, Lazar Kotevski po angazhohet q\u00eb t\u00eb hapet nj\u00eb paralele n\u00eb k\u00ebt\u00eb fshat.<\/p>\n<p>&#8220;N\u00eb Rapesh po ndodh nj\u00eb kthes\u00eb demografike. Ky \u00ebsht\u00eb nj\u00eb shembull i mir\u00eb p\u00ebr ringjalljen e Mariov\u00ebs, rajon ku n\u00eb 15 fshatra kan\u00eb mbetur vet\u00ebm 200 banor\u00eb, t\u00eb moshave mbi 60 vje\u00e7e&#8221;, ka theksuar Kotevski, duke shtuar se rinimi i k\u00ebsaj zone mund t\u00eb ndodh\u00eb me k\u00ebto martesa. Rreth 80 martesa t\u00eb tilla, brenda nj\u00eb periudhe t\u00eb shkurt\u00ebr, jan\u00eb b\u00ebr\u00eb n\u00eb Prilep dhe fshatrat p\u00ebrreth.<\/p>\n<p>Nuset shqiptare shiten me para dhe \u00e7mimi i tyre shkon deri n\u00eb 2.000 euro dhe se k\u00ebto para harxhohen p\u00ebr shp\u00ebrblim, harxhime udh\u00ebtimi p\u00ebr shkuesin, si dhe nj\u00eb pjes\u00eb p\u00ebr prind\u00ebrit e beqares. Nuset shqiptare p\u00ebr nj\u00eb koh\u00eb t\u00eb shkurt\u00ebr e m\u00ebsojn\u00eb maqedonishten, por nj\u00eb pjes\u00eb e tyre e kan\u00eb m\u00eb leht\u00eb, sepse jan\u00eb nga zona kufitare e Gollobord\u00ebs, atje ku jeton nj\u00eb pakic\u00eb bullgare dhe maqedonase. Beqar\u00ebt maqedonas tanim\u00eb po lul\u00ebzojn\u00eb familjet e tyre dhe jeta e tyre ka ndryshuar pas lumturis\u00eb me nuset shqiptare. <\/p>\n","protected":false},"excerpt":{"rendered":"<p>Shekulli Online, 27.04.2010 N\u00eb shumic\u00ebn e fshatrave t\u00eb thella malore n\u00eb jug t\u00eb Maqedonis\u00eb, po vazhdon realizimi i martesave mes beqar\u00ebve t\u00eb vjet\u00ebr maqedonas dhe nuseve t\u00eb reja shqiptare nga Shqip\u00ebria. Maqedonasit thon\u00eb se k\u00ebto martesa po pengojn\u00eb zhvendosjen e shum\u00eb banor\u00ebve t\u00eb k\u00ebsaj ane, t\u00eb cil\u00ebt mor\u00ebn nj\u00eb hov p\u00ebr t&#8217;u shp\u00ebrngulur. Dhe n\u00eb [&hellip;]<\/p>\n","protected":false},"author":1,"featured_media":0,"comment_status":"open","ping_status":"closed","sticky":false,"template":"","format":"standard","meta":{"footnotes":""},"categories":[2],"tags":[],"class_list":{"0":"post-2388","1":"post","2":"type-post","3":"status-publish","4":"format-standard","6":"category-artikuj"},"yoast_head":"<!-- This site is optimized with the Yoast SEO plugin v27.4 - https:\/\/yoast.com\/product\/yoast-seo-wordpress\/ -->\n<title>Nuset shqiptare ringjallin fshatrat maqedonas - FjALA e LIR\u00cb - Arkivi<\/title>\n<meta name=\"robots\" content=\"index, follow, max-snippet:-1, max-image-preview:large, max-video-preview:-1\" \/>\n<link rel=\"canonical\" href=\"https:\/\/fjala.info\/2009-2015\/nuset-shqiptare-ringjallin-fshatrat-maqedonas\/\" \/>\n<meta property=\"og:locale\" content=\"sq_AL\" \/>\n<meta property=\"og:type\" content=\"article\" \/>\n<meta property=\"og:title\" content=\"Nuset shqiptare ringjallin fshatrat maqedonas - FjALA e LIR\u00cb - Arkivi\" \/>\n<meta property=\"og:description\" content=\"Shekulli Online, 27.04.2010 N\u00eb shumic\u00ebn e fshatrave t\u00eb thella malore n\u00eb jug t\u00eb Maqedonis\u00eb, po vazhdon realizimi i martesave mes beqar\u00ebve t\u00eb vjet\u00ebr maqedonas dhe nuseve t\u00eb reja shqiptare nga Shqip\u00ebria. Maqedonasit thon\u00eb se k\u00ebto martesa po pengojn\u00eb zhvendosjen e shum\u00eb banor\u00ebve t\u00eb k\u00ebsaj ane, t\u00eb cil\u00ebt mor\u00ebn nj\u00eb hov p\u00ebr t&#8217;u shp\u00ebrngulur. Dhe n\u00eb [&hellip;]\" \/>\n<meta property=\"og:url\" content=\"https:\/\/fjala.info\/2009-2015\/nuset-shqiptare-ringjallin-fshatrat-maqedonas\/\" \/>\n<meta property=\"og:site_name\" content=\"FjALA e LIR\u00cb - Arkivi\" \/>\n<meta property=\"article:published_time\" content=\"2010-04-27T20:49:47+00:00\" \/>\n<meta property=\"og:image\" content=\"http:\/\/www.shkoder.net\/images\/fjala\/2010\/nuse_martese.jpg\" \/>\n<meta name=\"author\" content=\"admin\" \/>\n<meta name=\"twitter:card\" content=\"summary_large_image\" \/>\n<meta name=\"twitter:label1\" content=\"Written by\" \/>\n\t<meta name=\"twitter:data1\" content=\"admin\" \/>\n\t<meta name=\"twitter:label2\" content=\"Est. reading time\" \/>\n\t<meta name=\"twitter:data2\" content=\"2 minutes\" \/>\n<script type=\"application\/ld+json\" class=\"yoast-schema-graph\">{\"@context\":\"https:\\\/\\\/schema.org\",\"@graph\":[{\"@type\":\"Article\",\"@id\":\"https:\\\/\\\/fjala.info\\\/2009-2015\\\/nuset-shqiptare-ringjallin-fshatrat-maqedonas\\\/#article\",\"isPartOf\":{\"@id\":\"https:\\\/\\\/fjala.info\\\/2009-2015\\\/nuset-shqiptare-ringjallin-fshatrat-maqedonas\\\/\"},\"author\":{\"name\":\"admin\",\"@id\":\"https:\\\/\\\/fjala.info\\\/2009-2015\\\/#\\\/schema\\\/person\\\/3aa1163ef05469c496fc94e77611ada2\"},\"headline\":\"Nuset shqiptare ringjallin fshatrat maqedonas\",\"datePublished\":\"2010-04-27T20:49:47+00:00\",\"mainEntityOfPage\":{\"@id\":\"https:\\\/\\\/fjala.info\\\/2009-2015\\\/nuset-shqiptare-ringjallin-fshatrat-maqedonas\\\/\"},\"wordCount\":474,\"commentCount\":0,\"publisher\":{\"@id\":\"https:\\\/\\\/fjala.info\\\/2009-2015\\\/#organization\"},\"image\":{\"@id\":\"https:\\\/\\\/fjala.info\\\/2009-2015\\\/nuset-shqiptare-ringjallin-fshatrat-maqedonas\\\/#primaryimage\"},\"thumbnailUrl\":\"http:\\\/\\\/www.shkoder.net\\\/images\\\/fjala\\\/2010\\\/nuse_martese.jpg\",\"articleSection\":[\"Artikuj\"],\"inLanguage\":\"sq-AL\",\"potentialAction\":[{\"@type\":\"CommentAction\",\"name\":\"Comment\",\"target\":[\"https:\\\/\\\/fjala.info\\\/2009-2015\\\/nuset-shqiptare-ringjallin-fshatrat-maqedonas\\\/#respond\"]}]},{\"@type\":\"WebPage\",\"@id\":\"https:\\\/\\\/fjala.info\\\/2009-2015\\\/nuset-shqiptare-ringjallin-fshatrat-maqedonas\\\/\",\"url\":\"https:\\\/\\\/fjala.info\\\/2009-2015\\\/nuset-shqiptare-ringjallin-fshatrat-maqedonas\\\/\",\"name\":\"Nuset shqiptare ringjallin fshatrat maqedonas - FjALA e LIR\u00cb - Arkivi\",\"isPartOf\":{\"@id\":\"https:\\\/\\\/fjala.info\\\/2009-2015\\\/#website\"},\"primaryImageOfPage\":{\"@id\":\"https:\\\/\\\/fjala.info\\\/2009-2015\\\/nuset-shqiptare-ringjallin-fshatrat-maqedonas\\\/#primaryimage\"},\"image\":{\"@id\":\"https:\\\/\\\/fjala.info\\\/2009-2015\\\/nuset-shqiptare-ringjallin-fshatrat-maqedonas\\\/#primaryimage\"},\"thumbnailUrl\":\"http:\\\/\\\/www.shkoder.net\\\/images\\\/fjala\\\/2010\\\/nuse_martese.jpg\",\"datePublished\":\"2010-04-27T20:49:47+00:00\",\"breadcrumb\":{\"@id\":\"https:\\\/\\\/fjala.info\\\/2009-2015\\\/nuset-shqiptare-ringjallin-fshatrat-maqedonas\\\/#breadcrumb\"},\"inLanguage\":\"sq-AL\",\"potentialAction\":[{\"@type\":\"ReadAction\",\"target\":[\"https:\\\/\\\/fjala.info\\\/2009-2015\\\/nuset-shqiptare-ringjallin-fshatrat-maqedonas\\\/\"]}]},{\"@type\":\"ImageObject\",\"inLanguage\":\"sq-AL\",\"@id\":\"https:\\\/\\\/fjala.info\\\/2009-2015\\\/nuset-shqiptare-ringjallin-fshatrat-maqedonas\\\/#primaryimage\",\"url\":\"http:\\\/\\\/www.shkoder.net\\\/images\\\/fjala\\\/2010\\\/nuse_martese.jpg\",\"contentUrl\":\"http:\\\/\\\/www.shkoder.net\\\/images\\\/fjala\\\/2010\\\/nuse_martese.jpg\"},{\"@type\":\"BreadcrumbList\",\"@id\":\"https:\\\/\\\/fjala.info\\\/2009-2015\\\/nuset-shqiptare-ringjallin-fshatrat-maqedonas\\\/#breadcrumb\",\"itemListElement\":[{\"@type\":\"ListItem\",\"position\":1,\"name\":\"Home\",\"item\":\"https:\\\/\\\/fjala.info\\\/2009-2015\\\/\"},{\"@type\":\"ListItem\",\"position\":2,\"name\":\"Nuset shqiptare ringjallin fshatrat maqedonas\"}]},{\"@type\":\"WebSite\",\"@id\":\"https:\\\/\\\/fjala.info\\\/2009-2015\\\/#website\",\"url\":\"https:\\\/\\\/fjala.info\\\/2009-2015\\\/\",\"name\":\"FjALA e LIR\u00cb - Arkivi\",\"description\":\"Arkivi 2009-2015\",\"publisher\":{\"@id\":\"https:\\\/\\\/fjala.info\\\/2009-2015\\\/#organization\"},\"potentialAction\":[{\"@type\":\"SearchAction\",\"target\":{\"@type\":\"EntryPoint\",\"urlTemplate\":\"https:\\\/\\\/fjala.info\\\/2009-2015\\\/?s={search_term_string}\"},\"query-input\":{\"@type\":\"PropertyValueSpecification\",\"valueRequired\":true,\"valueName\":\"search_term_string\"}}],\"inLanguage\":\"sq-AL\"},{\"@type\":\"Organization\",\"@id\":\"https:\\\/\\\/fjala.info\\\/2009-2015\\\/#organization\",\"name\":\"FjALA e LIR\u00cb - Arkivi\",\"url\":\"https:\\\/\\\/fjala.info\\\/2009-2015\\\/\",\"logo\":{\"@type\":\"ImageObject\",\"inLanguage\":\"sq-AL\",\"@id\":\"https:\\\/\\\/fjala.info\\\/2009-2015\\\/#\\\/schema\\\/logo\\\/image\\\/\",\"url\":\"\",\"contentUrl\":\"\",\"caption\":\"FjALA e LIR\u00cb - Arkivi\"},\"image\":{\"@id\":\"https:\\\/\\\/fjala.info\\\/2009-2015\\\/#\\\/schema\\\/logo\\\/image\\\/\"}},{\"@type\":\"Person\",\"@id\":\"https:\\\/\\\/fjala.info\\\/2009-2015\\\/#\\\/schema\\\/person\\\/3aa1163ef05469c496fc94e77611ada2\",\"name\":\"admin\",\"image\":{\"@type\":\"ImageObject\",\"inLanguage\":\"sq-AL\",\"@id\":\"https:\\\/\\\/fjala.info\\\/2009-2015\\\/wp-content\\\/uploads\\\/2012\\\/02\\\/arben_cokaj-120x150.jpg\",\"url\":\"https:\\\/\\\/fjala.info\\\/2009-2015\\\/wp-content\\\/uploads\\\/2012\\\/02\\\/arben_cokaj-120x150.jpg\",\"contentUrl\":\"https:\\\/\\\/fjala.info\\\/2009-2015\\\/wp-content\\\/uploads\\\/2012\\\/02\\\/arben_cokaj-120x150.jpg\",\"caption\":\"admin\"},\"description\":\"Admin, Fjala e Lir\u00eb\",\"sameAs\":[\"https:\\\/\\\/fjala.info\\\/\"],\"url\":\"https:\\\/\\\/fjala.info\\\/2009-2015\\\/author\\\/admin\\\/\"}]}<\/script>\n<!-- \/ Yoast SEO plugin. -->","yoast_head_json":{"title":"Nuset shqiptare ringjallin fshatrat maqedonas - FjALA e LIR\u00cb - Arkivi","robots":{"index":"index","follow":"follow","max-snippet":"max-snippet:-1","max-image-preview":"max-image-preview:large","max-video-preview":"max-video-preview:-1"},"canonical":"https:\/\/fjala.info\/2009-2015\/nuset-shqiptare-ringjallin-fshatrat-maqedonas\/","og_locale":"sq_AL","og_type":"article","og_title":"Nuset shqiptare ringjallin fshatrat maqedonas - FjALA e LIR\u00cb - Arkivi","og_description":"Shekulli Online, 27.04.2010 N\u00eb shumic\u00ebn e fshatrave t\u00eb thella malore n\u00eb jug t\u00eb Maqedonis\u00eb, po vazhdon realizimi i martesave mes beqar\u00ebve t\u00eb vjet\u00ebr maqedonas dhe nuseve t\u00eb reja shqiptare nga Shqip\u00ebria. Maqedonasit thon\u00eb se k\u00ebto martesa po pengojn\u00eb zhvendosjen e shum\u00eb banor\u00ebve t\u00eb k\u00ebsaj ane, t\u00eb cil\u00ebt mor\u00ebn nj\u00eb hov p\u00ebr t&#8217;u shp\u00ebrngulur. Dhe n\u00eb [&hellip;]","og_url":"https:\/\/fjala.info\/2009-2015\/nuset-shqiptare-ringjallin-fshatrat-maqedonas\/","og_site_name":"FjALA e LIR\u00cb - Arkivi","article_published_time":"2010-04-27T20:49:47+00:00","og_image":[{"url":"http:\/\/www.shkoder.net\/images\/fjala\/2010\/nuse_martese.jpg","type":"","width":"","height":""}],"author":"admin","twitter_card":"summary_large_image","twitter_misc":{"Written by":"admin","Est. reading time":"2 minutes"},"schema":{"@context":"https:\/\/schema.org","@graph":[{"@type":"Article","@id":"https:\/\/fjala.info\/2009-2015\/nuset-shqiptare-ringjallin-fshatrat-maqedonas\/#article","isPartOf":{"@id":"https:\/\/fjala.info\/2009-2015\/nuset-shqiptare-ringjallin-fshatrat-maqedonas\/"},"author":{"name":"admin","@id":"https:\/\/fjala.info\/2009-2015\/#\/schema\/person\/3aa1163ef05469c496fc94e77611ada2"},"headline":"Nuset shqiptare ringjallin fshatrat maqedonas","datePublished":"2010-04-27T20:49:47+00:00","mainEntityOfPage":{"@id":"https:\/\/fjala.info\/2009-2015\/nuset-shqiptare-ringjallin-fshatrat-maqedonas\/"},"wordCount":474,"commentCount":0,"publisher":{"@id":"https:\/\/fjala.info\/2009-2015\/#organization"},"image":{"@id":"https:\/\/fjala.info\/2009-2015\/nuset-shqiptare-ringjallin-fshatrat-maqedonas\/#primaryimage"},"thumbnailUrl":"http:\/\/www.shkoder.net\/images\/fjala\/2010\/nuse_martese.jpg","articleSection":["Artikuj"],"inLanguage":"sq-AL","potentialAction":[{"@type":"CommentAction","name":"Comment","target":["https:\/\/fjala.info\/2009-2015\/nuset-shqiptare-ringjallin-fshatrat-maqedonas\/#respond"]}]},{"@type":"WebPage","@id":"https:\/\/fjala.info\/2009-2015\/nuset-shqiptare-ringjallin-fshatrat-maqedonas\/","url":"https:\/\/fjala.info\/2009-2015\/nuset-shqiptare-ringjallin-fshatrat-maqedonas\/","name":"Nuset shqiptare ringjallin fshatrat maqedonas - FjALA e LIR\u00cb - Arkivi","isPartOf":{"@id":"https:\/\/fjala.info\/2009-2015\/#website"},"primaryImageOfPage":{"@id":"https:\/\/fjala.info\/2009-2015\/nuset-shqiptare-ringjallin-fshatrat-maqedonas\/#primaryimage"},"image":{"@id":"https:\/\/fjala.info\/2009-2015\/nuset-shqiptare-ringjallin-fshatrat-maqedonas\/#primaryimage"},"thumbnailUrl":"http:\/\/www.shkoder.net\/images\/fjala\/2010\/nuse_martese.jpg","datePublished":"2010-04-27T20:49:47+00:00","breadcrumb":{"@id":"https:\/\/fjala.info\/2009-2015\/nuset-shqiptare-ringjallin-fshatrat-maqedonas\/#breadcrumb"},"inLanguage":"sq-AL","potentialAction":[{"@type":"ReadAction","target":["https:\/\/fjala.info\/2009-2015\/nuset-shqiptare-ringjallin-fshatrat-maqedonas\/"]}]},{"@type":"ImageObject","inLanguage":"sq-AL","@id":"https:\/\/fjala.info\/2009-2015\/nuset-shqiptare-ringjallin-fshatrat-maqedonas\/#primaryimage","url":"http:\/\/www.shkoder.net\/images\/fjala\/2010\/nuse_martese.jpg","contentUrl":"http:\/\/www.shkoder.net\/images\/fjala\/2010\/nuse_martese.jpg"},{"@type":"BreadcrumbList","@id":"https:\/\/fjala.info\/2009-2015\/nuset-shqiptare-ringjallin-fshatrat-maqedonas\/#breadcrumb","itemListElement":[{"@type":"ListItem","position":1,"name":"Home","item":"https:\/\/fjala.info\/2009-2015\/"},{"@type":"ListItem","position":2,"name":"Nuset shqiptare ringjallin fshatrat maqedonas"}]},{"@type":"WebSite","@id":"https:\/\/fjala.info\/2009-2015\/#website","url":"https:\/\/fjala.info\/2009-2015\/","name":"FjALA e LIR\u00cb - Arkivi","description":"Arkivi 2009-2015","publisher":{"@id":"https:\/\/fjala.info\/2009-2015\/#organization"},"potentialAction":[{"@type":"SearchAction","target":{"@type":"EntryPoint","urlTemplate":"https:\/\/fjala.info\/2009-2015\/?s={search_term_string}"},"query-input":{"@type":"PropertyValueSpecification","valueRequired":true,"valueName":"search_term_string"}}],"inLanguage":"sq-AL"},{"@type":"Organization","@id":"https:\/\/fjala.info\/2009-2015\/#organization","name":"FjALA e LIR\u00cb - Arkivi","url":"https:\/\/fjala.info\/2009-2015\/","logo":{"@type":"ImageObject","inLanguage":"sq-AL","@id":"https:\/\/fjala.info\/2009-2015\/#\/schema\/logo\/image\/","url":"","contentUrl":"","caption":"FjALA e LIR\u00cb - Arkivi"},"image":{"@id":"https:\/\/fjala.info\/2009-2015\/#\/schema\/logo\/image\/"}},{"@type":"Person","@id":"https:\/\/fjala.info\/2009-2015\/#\/schema\/person\/3aa1163ef05469c496fc94e77611ada2","name":"admin","image":{"@type":"ImageObject","inLanguage":"sq-AL","@id":"https:\/\/fjala.info\/2009-2015\/wp-content\/uploads\/2012\/02\/arben_cokaj-120x150.jpg","url":"https:\/\/fjala.info\/2009-2015\/wp-content\/uploads\/2012\/02\/arben_cokaj-120x150.jpg","contentUrl":"https:\/\/fjala.info\/2009-2015\/wp-content\/uploads\/2012\/02\/arben_cokaj-120x150.jpg","caption":"admin"},"description":"Admin, Fjala e Lir\u00eb","sameAs":["https:\/\/fjala.info\/"],"url":"https:\/\/fjala.info\/2009-2015\/author\/admin\/"}]}},"_links":{"self":[{"href":"https:\/\/fjala.info\/2009-2015\/wp-json\/wp\/v2\/posts\/2388","targetHints":{"allow":["GET"]}}],"collection":[{"href":"https:\/\/fjala.info\/2009-2015\/wp-json\/wp\/v2\/posts"}],"about":[{"href":"https:\/\/fjala.info\/2009-2015\/wp-json\/wp\/v2\/types\/post"}],"author":[{"embeddable":true,"href":"https:\/\/fjala.info\/2009-2015\/wp-json\/wp\/v2\/users\/1"}],"replies":[{"embeddable":true,"href":"https:\/\/fjala.info\/2009-2015\/wp-json\/wp\/v2\/comments?post=2388"}],"version-history":[{"count":0,"href":"https:\/\/fjala.info\/2009-2015\/wp-json\/wp\/v2\/posts\/2388\/revisions"}],"wp:attachment":[{"href":"https:\/\/fjala.info\/2009-2015\/wp-json\/wp\/v2\/media?parent=2388"}],"wp:term":[{"taxonomy":"category","embeddable":true,"href":"https:\/\/fjala.info\/2009-2015\/wp-json\/wp\/v2\/categories?post=2388"},{"taxonomy":"post_tag","embeddable":true,"href":"https:\/\/fjala.info\/2009-2015\/wp-json\/wp\/v2\/tags?post=2388"}],"curies":[{"name":"wp","href":"https:\/\/api.w.org\/{rel}","templated":true}]}}