{"id":2386,"date":"2010-04-26T23:22:59","date_gmt":"2010-04-26T22:22:59","guid":{"rendered":"http:\/\/fjala.shkoder.net\/?p=2386"},"modified":"2010-04-26T23:22:59","modified_gmt":"2010-04-26T22:22:59","slug":"lufta-e-paperfunduar","status":"publish","type":"post","link":"https:\/\/fjala.info\/2009-2015\/lufta-e-paperfunduar\/","title":{"rendered":"Lufta e pap\u00ebrfunduar"},"content":{"rendered":"<p><img decoding=\"async\" style=\"margin-left: 10px; margin-right: 10px; border: 0px;\" src=\"http:\/\/www.shkoder.net\/images\/fjala\/arben_xhaferi.jpg\" border=\"0\" alt=\"Arb\u00ebn Xhaferi\" width=\"150\" align=\"right\" \/><\/p>\n<p><strong>Arb\u00ebn Xhaferi<\/strong>, <em>24.04.2010<\/em><\/p>\n<p>N\u00eb politik\u00eb, percepcionet, qofshin ato edhe t\u00eb gabuara, kan\u00eb po aq r\u00ebnd\u00ebsi sa edhe t\u00eb v\u00ebrtetat, n\u00eb mos edhe m\u00eb shum\u00eb. Mjesht\u00ebria q\u00eb formon ose e deformon vet\u00ebdijen quhet propagand\u00eb. Sa m\u00eb t\u00eb zhvilluara jan\u00eb shtetet aq m\u00eb shum\u00eb sh\u00ebrbehen me propagand\u00eb, n\u00eb var\u00ebsi nga q\u00ebllimet.<\/p>\n<p>Me p\u00ebrhapjen e demokracis\u00eb n\u00eb shoq\u00ebrit\u00eb e sapo\u00e7liruara nga diktatura e koncepteve moniste, n\u00eb m\u00ebnyr\u00eb dramatike filluan t\u00eb shfaqen probleme, sidomos n\u00eb segmentin e s\u00eb drejt\u00ebs q\u00eb garanton lirin\u00eb e fjal\u00ebs, pra edhe t\u00eb kritik\u00ebs.<\/p>\n<p>Vler\u00ebsimi kritik mori p\u00ebrmasa tmerruese ngaq\u00eb, n\u00eb periudh\u00ebn e kaluar kjo e drejt\u00eb nuk ekzistonte p\u00ebr se (vetvetiu), por buronte nga urdhrat e prer\u00eb, nga diktati i autoriteteve, t\u00eb eminencave gri q\u00eb e drejtonin shtetin.<\/p>\n<p>Dallimi nd\u00ebrmjet kritik\u00ebs s\u00eb asaj kohe dhe k\u00ebsaj t\u00eb sotme \u00ebsht\u00eb te liria. N\u00eb at\u00eb koh\u00eb s&#8217;kishte liri, por leje, n\u00eb trajt\u00eb t\u00eb urdhrit, nd\u00ebrkaq sot kemi liri t\u00eb pakufishme, madje edhe liri p\u00ebr shpifje monstruoze. Kjo e fundit shum\u00ebfishohet p\u00ebr shkak se interesat jan\u00eb t\u00eb tilla.<\/p>\n<p>Orteku i kritikave sa vjen zgjerohet, i pushton t\u00eb gjitha segmentet shoq\u00ebris\u00eb, duke rr\u00ebnuar \u00e7do autoritet, historik, kulturor, politik, komb\u00ebtar. Nj\u00eb popull q\u00eb e humb besimin te t\u00eb gjitha autoritetet, si\u00e7 ndodh\u00eb me shqiptar\u00ebt, e v\u00eb n\u00eb dyshim qenien e vet, humb vet\u00ebbesimin, rezistenc\u00ebn ndaj asimilimit, k\u00ebshtu q\u00eb p\u00ebrbuzja e vetvetes shoq\u00ebrohet me adhurimin e tjetrit. Albanofobia manifestohet si grekofili, italofili, turkofili, sllavofili etj. Askush nuk di fundin e k\u00ebtij procesi.<\/p>\n<p>Vandalizmi modern, pa marr\u00eb parasysh prejardhjen e tij shfaqet si gjuh\u00eb e urrejtjes. Ky lloj i ligj\u00ebrimit vendos kufij gjithnj\u00eb e m\u00eb t\u00eb ashp\u00ebr nd\u00ebrmjet dallimeve politike, fetare, etnike. Psikologjia e luft\u00ebs s\u00eb ftoht\u00eb, ndarjet e reja me perde t\u00eb hekurta riciklohen n\u00eb plane m\u00eb t\u00eb ul\u00ebta. Ideja e shoq\u00ebris\u00eb s\u00eb hapur funksionon vet\u00ebm me bot\u00ebn e jashtme, nd\u00ebrkaq n\u00eb relacionet e brendshme shfaqen ndarjet e pakap\u00ebrcyeshme.<\/p>\n<p>Njer\u00ebzit, n\u00eb vend q\u00eb t\u00eb merren me zgjidhjen e problemeve, merren me zgjedhjen e fjal\u00ebve q\u00eb kan\u00eb efekt sa m\u00eb rr\u00ebnues p\u00ebr oponentin, pa marr\u00eb parasysh t\u00eb v\u00ebrtet\u00ebn.<br \/>\nShpeshher\u00eb m\u00eb e v\u00ebrtet\u00eb se v\u00ebrteta b\u00ebhet g\u00ebnjeshtra, fjal\u00ebt q\u00eb paketohen bukur, sipas rregullave t\u00eb propagand\u00ebs. Kur suspendohet morali, at\u00ebher\u00eb gjith\u00e7ka b\u00ebhet e mundshme.<\/p>\n<p>N\u00eb shoq\u00ebrit\u00eb shqiptare b\u00ebhen shpenzime marramend\u00ebse p\u00ebr paketime t\u00eb ofertave politike, saq\u00eb k\u00ebto absurde as q\u00eb nuk v\u00ebrehen, ashtu si bie fjala angazhimi i regjisor\u00ebve n\u00eb fushata elektorale!?<\/p>\n<p>Si duket edhe politika, ashtu si religjioni m\u00eb par\u00eb, paska zbuluar potencialin t\u00ebrheq\u00ebs, t\u00eb paz\u00ebvend\u00ebsuesh\u00ebm t\u00eb teatrit. Por, marketingu nuk \u00ebsht\u00eb vetvetiu dukuri negative apo pozitive. Duhet b\u00ebr\u00eb dallim nd\u00ebrmjet instrumentit dhe mesazhit, p\u00ebrmbajtjes s\u00eb tij.<br \/>\nAktualisht, n\u00eb shoq\u00ebrit\u00eb shqiptare kemi t\u00eb b\u00ebjm\u00eb me fenomenin introvert t\u00eb propagand\u00ebs, t\u00eb auto-marketingut, p\u00ebrkat\u00ebsisht me propagand\u00ebn brenda llojit.<\/p>\n<p>Pluralizmin politik shqiptar\u00ebt e kuptojn\u00eb si standard q\u00eb lejon, parap\u00eblqen konfrontimet e brendshme, ku qartazi \u00e7do gj\u00eb vler\u00ebsohet sipas efektit elektoral. Meq\u00eb jetojm\u00eb n\u00eb nj\u00eb bot\u00eb, koh\u00eb t\u00eb nd\u00ebrveprimit t\u00eb kulturave komb\u00ebtare, duhet konstatuar se shqiptar\u00ebve u mungon kryesorja: propaganda komb\u00ebtare n\u00eb planin nd\u00ebrkomb\u00ebtar.<\/p>\n<p>Mungesa e propagand\u00ebs komb\u00ebtare tashm\u00eb \u00ebsht\u00eb b\u00ebr\u00eb e rrezikshme, p\u00ebr shkak se fqinj\u00ebt tan\u00eb, vazhdimisht, me pretekst apo pa t\u00eb, e intensifikojn\u00eb propagand\u00ebn antishqiptare. K\u00ebt\u00eb nuk e b\u00ebjn\u00eb partit\u00eb politike, por aparati shtet\u00ebror, p\u00ebrkat\u00ebsisht ekipet profesionale q\u00eb n\u00eb m\u00ebnyr\u00eb sistematike nxin\u00eb imazhin e shqiptar\u00ebve. Skema e tyre tashm\u00eb \u00ebsht\u00eb e qart\u00eb.<\/p>\n<p>Shqiptar\u00ebt duhet t\u00eb paraqiten si antieuropian, anti t\u00eb krishter\u00ebve, rac\u00eb e huaj, fundamentalist\u00eb t\u00eb rreziksh\u00ebm p\u00ebr t\u00eb sotmen dhe t\u00eb ardhmen e UE-s\u00eb, t\u00eb paft\u00eb p\u00ebr nd\u00ebrtim t\u00eb shtetit, kriminel\u00eb, kontrabandist\u00eb, tregtar\u00eb arm\u00ebsh, qeniesh njer\u00ebzore etj. Me gjas\u00eb kjo skem\u00eb propaganduese ka b\u00ebr\u00eb efekt edhe te z. Peter Fajt, p\u00ebrfaq\u00ebsuesi i UE n\u00eb Kosov\u00eb.<\/p>\n<p>N\u00eb fjalimin e tij mbajtur k\u00ebto dit\u00eb n\u00eb IIEA, (Instituti p\u00ebr pun\u00eb nd\u00ebrkomb\u00ebtare dhe europiane), Irland\u00eb, ai mes tjerash me dashamir\u00ebsi sugjeron: &#8220;&#8230;n\u00eb Kosov\u00eb duhet nd\u00ebrtuar nj\u00eb identitet solid europian q\u00eb do t\u00eb jet\u00eb n\u00eb gjendje ta p\u00ebrqafoj\u00eb ardhm\u00ebrin\u00eb europiane t\u00eb Kosov\u00ebs&#8221;.<\/p>\n<p>N\u00eb historin\u00eb politike shqiptare nuk ekziston, t\u00eb pakt\u00ebn nj\u00eb broshur\u00eb propagandistike drejtuar kund\u00ebr popujve t\u00eb tjer\u00eb.<\/p>\n<p>N\u00eb vitet e &#8217;80-ta propaganda serbe merrej me faj\u00ebsimin e shqiptar\u00ebve p\u00ebr shp\u00ebrnguljen e serb\u00ebve nga Kosova Pra, n\u00eb faz\u00ebn e par\u00eb, n\u00eb kulmin e propagand\u00ebs agresive antishqiptare, ata arrit\u00ebn jo vet\u00ebm t&#8217; i faj\u00ebsojn\u00eb shqiptar\u00ebt p\u00ebr dhun\u00eb t\u00eb mistifikuar, por edhe ta paraqesin veten si viktim\u00eb t\u00eb nj\u00eb populli &#8220;t\u00eb padenj\u00eb&#8221;.<\/p>\n<p>Ky ndryshim i perceptimeve u arrit p\u00ebrmes nj\u00eb agjitimi t\u00eb eg\u00ebr q\u00eb vazhdon sot e gjith\u00eb dit\u00ebn. Pastaj u zhvilluan fazat e tjera q\u00eb synonin d\u00ebnimin &#8220;e agresorit&#8221;, ndryshimin e statusit t\u00eb tij juridik n\u00eb sistem, pastrimin etnik t\u00eb territorit t\u00eb tyre &#8220;t\u00eb shenjt\u00eb&#8221; nga elementi i &#8220;huaj&#8221;. Propaganda serbe fitoi betej\u00ebn n\u00eb planin e brendsh\u00ebm, por e humbi luft\u00ebn n\u00eb planin nd\u00ebrkomb\u00ebtar.<\/p>\n<p>Ekspert\u00ebt serb\u00eb b\u00ebn\u00eb dy gabime t\u00eb pafalshme:<br \/>\n&#8211; nuk mor\u00ebn parasysh kapacitet e p\u00ebrgjithshme, ve\u00e7mas propaganduese, t\u00eb faktor\u00ebve per\u00ebndimor\u00eb dhe<br \/>\n&#8211; projektin e tyre nacional e kishin hartuar p\u00ebr sisteme moniste, nd\u00ebrkoh\u00eb q\u00eb n\u00eb sken\u00ebn historike triumfalisht u shfaq pluralizmi.<\/p>\n<p>Koncepti serb i propagand\u00ebs, i tipit &#8220;Lala Kros vet\u00eb shkruan vet\u00eb vulos&#8221; u ngat\u00ebrrua n\u00eb val\u00ebt e pluralizmit. T\u00eb shkumuar nga d\u00ebshtimi, t\u00ebr\u00eb inatin e shkarkuan mbi Vatikanin (&#8220;Shtetit satanik&#8221;, si\u00e7 e quanin), Gjermanin\u00eb e bashkuar (&#8220;Rajhun III&#8221;), UE-n\u00eb, SHBA-n\u00eb, kolon\u00ebn e pest\u00eb, slloven\u00ebt, kroat\u00ebt, shqiptar\u00ebt si dhe serb\u00ebt antiserb\u00eb (mondialist\u00ebt, kozmopolit\u00ebt, ateist\u00ebt, butak\u00ebt, t\u00eb shiturit&#8230;).<\/p>\n<p>Duhet pranuar se serb\u00ebt din\u00eb r\u00ebnd\u00ebsin\u00eb e propagand\u00ebs, prandaj ata edhe sot e k\u00ebsaj dite shpenzojn\u00eb mjete t\u00eb konsiderueshme p\u00ebr njollosje t\u00eb shqiptar\u00ebve n\u00eb t\u00eb gjitha planet. Se sa dep\u00ebrtues jan\u00eb ata d\u00ebshmon edhe filmi dokumentar i RAI 3, i nj\u00eb autori italian, Rikardo Iakone, &#8220;La guerra infinita&#8221; (&#8220;Lufta e pap\u00ebrfunduar&#8221;).<\/p>\n<p>N\u00eb k\u00ebt\u00eb dokumentar q\u00eb k\u00ebto dit\u00eb u shfaq n\u00eb mediumet serbe, n\u00eb m\u00ebnyr\u00eb t\u00eb p\u00ebrsosur jan\u00eb plasuar g\u00ebnjeshtrat, akuza t\u00eb paargumentuara, metoda se si ata, p\u00ebrmes propagand\u00ebs e afirmojn\u00eb t\u00eb &#8220;v\u00ebrtet\u00ebn&#8221; e tyre. Filmi hapet me ushtim\u00ebn e bombardimeve t\u00eb NATO-s kund\u00ebr caqeve ushtarake serbo-malazeze q\u00eb ishin n\u00eb funksion t\u00eb realizimit t\u00eb ides\u00eb p\u00ebr \u00e7rr\u00ebnjosje sistematike t\u00eb elementit shqiptar nga Kosova.<\/p>\n<p>N\u00eb vazhdim jepen tablo t\u00eb tmerrshme t\u00eb pasojave t\u00eb shkaktuara nga bombardimet: njer\u00ebz t\u00eb vrar\u00eb, gj\u00ebma e grave serbe q\u00eb i vajtojn\u00eb t\u00eb vdekurit, mallkimet ndaj NATO-s, pastaj objekte t\u00eb rr\u00ebnuara dhe shifra &#8220;precize&#8221; t\u00eb d\u00ebmeve: 82 ura, 121 fabrika, 13 aeroporte, 14 termoelektrana, 20 stacione hekurudhore etj. ose mbi 100 miliard\u00eb dollar\u00eb d\u00ebme t\u00eb shkaktuara ekonomis\u00eb serbe dhe 5oo civil\u00eb t\u00eb vrar\u00eb.<\/p>\n<p>Pas k\u00ebsaj sekuence autori parashtron pyetjen: Pse e gjith\u00eb kjo? P\u00ebrgjigjen e shk\u00ebput nga nj\u00eb fjalim t\u00eb presidentit t\u00eb at\u00ebhersh\u00ebm amerikan, Bill Klinton: &#8220;Ne jemi n\u00eb Kosov\u00eb me q\u00ebllim q\u00eb paqja dhe humanizmi t\u00eb sundoj\u00eb mbi Kosov\u00ebn&#8221;.<\/p>\n<p>P\u00ebr ta p\u00ebrg\u00ebnjeshtruar k\u00ebt\u00eb pohim t\u00eb presidentit amerikan, autori, duke ndjekur q\u00ebllimin e tij p\u00ebr ta &#8220;demaskuar&#8221; intervenimin e NATO-s paraqet situat\u00ebn n\u00eb Kosov\u00eb pas n\u00ebnt\u00eb vitesh.<\/p>\n<p>Kjo pjes\u00eb e rr\u00ebfimit hapet me informat\u00ebn p\u00ebr vrasjen e nj\u00eb serbi t\u00eb ri 17-vje\u00e7ar, Dimitar Popoviq, nga nj\u00eb shqiptar i cili e paska q\u00eblluar n\u00eb fytyr\u00eb. K\u00ebt\u00eb sekuenc\u00eb, autori albanofob, ose gazetari i korruptuar e p\u00ebrfundon me porosin\u00eb &#8220;duke b\u00ebr\u00eb sehir NATO-ja, shqiptar\u00ebt b\u00ebjn\u00eb krime t\u00eb llahtarshme&#8221;.<\/p>\n<p>N\u00eb vazhdim n\u00eb ekran dalin fotografit\u00eb e djaloshit q\u00eb shoq\u00ebrohet me ofsham\u00ebn prek\u00ebse t\u00eb n\u00ebn\u00ebs s\u00eb tij: &#8220;Medet, \u00e7far\u00eb buz\u00ebqeshje kishte&#8221;. Rr\u00ebfimi vazhdon me nj\u00eb deklarat\u00eb t\u00eb nj\u00eb serbi tjet\u00ebr, i cili porosit: si t\u00eb kthehemi n\u00eb Kosov\u00eb kur atje n\u00eb pushtet jan\u00eb terrorist\u00ebt, vras\u00ebsit etj.<\/p>\n<p>Vrasja e nj\u00eb vajze t\u00eb re, Mirjan\u00ebs, po ashtu n\u00eb m\u00ebnyr\u00eb se si \u00ebsht\u00eb paraqitur i pushton ndjenjat e njeriut. Ajo e bukur, e pafajshme vdes me t\u00eb hyr\u00eb n\u00eb Kosov\u00eb nga shp\u00ebrthimi i nj\u00eb mine q\u00eb aktivizohet nga distanca, natyrisht nga nj\u00eb shqiptar.<\/p>\n<p>Kamera e k\u00ebtij gazetari profesionist q\u00eb qartazi nuk ka dilema morale, paraqet dhom\u00ebn e fatkeqes, q\u00eb, sipas deklarat\u00ebs s\u00eb n\u00ebn\u00ebs s\u00eb saj, nuk ka ndryshuar prej \u00e7astit t\u00eb vdekjes s\u00eb saj. Pyetja q\u00eb shtrohet ka porosi politike: Pse erdh\u00ebt n\u00eb Kosov\u00eb? Dokumentari vazhdon me t\u00eb dh\u00ebna t\u00eb sajuara statistikore: nga Kosova paskan ikur 221500 serb\u00eb.<\/p>\n<p>Hap\u00ebsir\u00eb t\u00eb ve\u00e7ant\u00eb autori natyrsh\u00ebm ua kushton ngjarjeve t\u00eb vitit 2004, sidomos veprimeve vandaliste t\u00eb shqiptar\u00ebve, kalljes s\u00eb kishave t\u00eb shekullit t\u00eb &#8220;XIV-t\u00eb&#8221; dhe asnj\u00eb fjal\u00eb p\u00ebr shkakun.<\/p>\n<p>Pas k\u00ebtyre tablove t\u00eb trishta q\u00eb i paraqesin serb\u00ebt si viktima, pas konstatimit se NATO-ja gabimisht ka intervenuar dhe nuk ka arritur q\u00eb ta ruaj\u00eb paqen dhe humanizmin, autori profesionist p\u00ebr propaganda t\u00eb k\u00ebsaj natyre kalon n\u00eb tem\u00ebn e dyt\u00eb: K\u00eb e paska mbrojtur NATO-ja?<\/p>\n<p>P\u00ebrgjigja del e logjikshme: nj\u00eb popull t\u00eb paorganizuar politikisht q\u00eb s&#8217;ka kultur\u00eb t\u00eb shtetnd\u00ebrtimit, q\u00eb merret me tregti t\u00eb drog\u00ebs, t\u00eb arm\u00ebve, t\u00eb qenieve njer\u00ebzore, me k\u00ebrc\u00ebnime, t\u00eb pushtuar nga ide fundamentaliste fetare etj.<\/p>\n<p>Pastaj gazetari italian, ngjash\u00ebm me koleg\u00ebt e tij serb\u00eb, paraqet piramid\u00ebn politiko-ushtarake t\u00eb Kosov\u00ebs, duke i p\u00ebrkufizuar si struktur\u00eb mafioze q\u00eb vrasin \u00e7do k\u00ebnd q\u00eb nuk pajtohet me ta dhe askush nuk guxon t\u00eb d\u00ebshmoj\u00eb. Kosova sipas tij qenka e pushtuar nga nj\u00eb struktur\u00eb mafioze q\u00eb zbaton metod\u00ebn e omert\u00ebs, q\u00eb shqip mund t\u00eb p\u00ebrkthehet si mbyllje e goj\u00ebs, frik\u00eb nga d\u00ebshmia.<\/p>\n<p>P\u00ebr ta p\u00ebrforcuar k\u00ebt\u00eb krahasim me fenomenet q\u00eb shfaqen n\u00eb shoq\u00ebrin\u00eb italiane autori e interviston autorin e nj\u00eb libri, &#8220;La torre di crani&#8221; t\u00eb Antonio Evangelistit, i cili kishte q\u00ebndruar kat\u00ebr vjet n\u00eb Kosov\u00eb si shef i ekipit antiterrorist.<\/p>\n<p>Ai pohon \u00e7do konstatim q\u00eb \u00ebsht\u00eb n\u00eb interes t\u00eb mesazhit propagandistik t\u00eb autorit. Shqiptar\u00ebt merren me politik\u00eb si mafioz\u00eb q\u00eb likuidojn\u00eb ata q\u00eb nuk i n\u00ebnshtrohen sundimit t\u00eb tyre, kryesisht pjes\u00ebtar\u00eb t\u00eb nj\u00eb formacioni konkurrues ushtarak, t\u00eb FARK-ut ose gazetar\u00eb dhe polic\u00eb t\u00eb ndersh\u00ebm, ndon\u00ebse, n\u00eb koh\u00ebn kur \u00ebsht\u00eb xhiruar dokumentari, as U\u00c7K-ja as FARK-u nuk ekzistonin m\u00eb.<\/p>\n<p>N\u00eb fund, ky film tendencioz propagandist i autorit Rikardo Iakone i RAI 3, p\u00ebrmbyllet me nj\u00eb sekuenc\u00eb e xhiruar n\u00eb Maqedoni, ku paskan l\u00ebshuar rr\u00ebnj\u00eb pjes\u00ebtar\u00eb t\u00eb formacioneve t\u00eb ndryshme paramilitare t\u00eb veshur me rroba ushtarake, me mjekra karakteristike, q\u00eb i dallojn\u00eb ata si pjes\u00ebtar\u00eb t\u00eb formacioneve ushtarake t\u00eb provenienc\u00ebs islamiste. Filmi p\u00ebrfundon me klithma n\u00eb gjuh\u00ebn arabe.<\/p>\n<p>Autori i k\u00ebtij dokumentari, n\u00eb intervist\u00ebn q\u00eb kishte dh\u00ebn\u00eb mediumeve serbe, k\u00ebto &#8220;t\u00eb v\u00ebrteta&#8221; i shpalli si zbulim t\u00eb tij, ndon\u00ebse skenar\u00ebt e k\u00ebtill\u00eb qarkullojn\u00eb gati nj\u00eb shekull.<br \/>\nTitulli i k\u00ebtij dokumentari propagandistik &#8220;Lufta e pap\u00ebrfunduar&#8221; p\u00ebrputhet t\u00ebr\u00ebsisht me politik\u00ebn, me deklaratat e gjenerat\u00ebs m\u00eb t\u00eb re t\u00eb politikan\u00ebve serb\u00eb.<\/p>\n<p>Edhe ata thon\u00eb se procesi ende s&#8217;ka p\u00ebrfunduar, se kurr\u00eb nuk do ta pranuakan pavar\u00ebsin\u00eb e Kosov\u00ebs, grabitjen e nj\u00eb pjese t\u00eb territorit t\u00eb tyre, NATO shtetin&#8230; q\u00eb do t\u00eb thot\u00eb se lufta do t\u00eb vazhdoj\u00eb dhe se ata gjithsesi do t\u00eb kthehen n\u00eb Kosov\u00ebn e tyre.<\/p>\n<p>P\u00ebr k\u00ebt\u00eb q\u00ebllim, ata ende shpenzojn\u00eb nj\u00eb shum\u00eb t\u00eb konsiderueshme t\u00eb hollash p\u00ebr q\u00ebllime propagandistike lidhur me p\u00ebrkat\u00ebsin\u00eb e Kosov\u00ebs dhe jo vet\u00ebm kaq. Ata n\u00eb k\u00ebt\u00eb m\u00ebnyr\u00eb e korrigjojn\u00eb imazhin e tyre negativ dhe bartin faj\u00ebsin\u00eb te t\u00eb tjer\u00ebt.<\/p>\n<p>A kemi ne propagand\u00ebn ton\u00eb komb\u00ebtare t\u00eb k\u00ebsaj natyre, a m\u00ebrzitemi nga kanosjet serbe, nga p\u00ebrkeq\u00ebsimi i imazhit ton\u00eb, nga zgjatja e procedur\u00ebs p\u00ebr inkuadrim n\u00eb UE? Gjithsesi jo. Indiferenca jon\u00eb me k\u00ebt\u00eb rast \u00ebsht\u00eb shenj\u00eb e dob\u00ebsis\u00eb alarmante.<\/p>\n","protected":false},"excerpt":{"rendered":"<p>Arb\u00ebn Xhaferi, 24.04.2010 N\u00eb politik\u00eb, percepcionet, qofshin ato edhe t\u00eb gabuara, kan\u00eb po aq r\u00ebnd\u00ebsi sa edhe t\u00eb v\u00ebrtetat, n\u00eb mos edhe m\u00eb shum\u00eb. Mjesht\u00ebria q\u00eb formon ose e deformon vet\u00ebdijen quhet propagand\u00eb. Sa m\u00eb t\u00eb zhvilluara jan\u00eb shtetet aq m\u00eb shum\u00eb sh\u00ebrbehen me propagand\u00eb, n\u00eb var\u00ebsi nga q\u00ebllimet. Me p\u00ebrhapjen e demokracis\u00eb n\u00eb shoq\u00ebrit\u00eb [&hellip;]<\/p>\n","protected":false},"author":1,"featured_media":0,"comment_status":"open","ping_status":"closed","sticky":false,"template":"","format":"standard","meta":{"footnotes":""},"categories":[2],"tags":[],"class_list":{"0":"post-2386","1":"post","2":"type-post","3":"status-publish","4":"format-standard","6":"category-artikuj"},"yoast_head":"<!-- This site is optimized with the Yoast SEO plugin v27.4 - https:\/\/yoast.com\/product\/yoast-seo-wordpress\/ -->\n<title>Lufta e pap\u00ebrfunduar - FjALA e LIR\u00cb - Arkivi<\/title>\n<meta name=\"robots\" content=\"index, follow, max-snippet:-1, max-image-preview:large, max-video-preview:-1\" \/>\n<link rel=\"canonical\" href=\"https:\/\/fjala.info\/2009-2015\/lufta-e-paperfunduar\/\" \/>\n<meta property=\"og:locale\" content=\"sq_AL\" \/>\n<meta property=\"og:type\" content=\"article\" \/>\n<meta property=\"og:title\" content=\"Lufta e pap\u00ebrfunduar - FjALA e LIR\u00cb - Arkivi\" \/>\n<meta property=\"og:description\" content=\"Arb\u00ebn Xhaferi, 24.04.2010 N\u00eb politik\u00eb, percepcionet, qofshin ato edhe t\u00eb gabuara, kan\u00eb po aq r\u00ebnd\u00ebsi sa edhe t\u00eb v\u00ebrtetat, n\u00eb mos edhe m\u00eb shum\u00eb. Mjesht\u00ebria q\u00eb formon ose e deformon vet\u00ebdijen quhet propagand\u00eb. Sa m\u00eb t\u00eb zhvilluara jan\u00eb shtetet aq m\u00eb shum\u00eb sh\u00ebrbehen me propagand\u00eb, n\u00eb var\u00ebsi nga q\u00ebllimet. Me p\u00ebrhapjen e demokracis\u00eb n\u00eb shoq\u00ebrit\u00eb [&hellip;]\" \/>\n<meta property=\"og:url\" content=\"https:\/\/fjala.info\/2009-2015\/lufta-e-paperfunduar\/\" \/>\n<meta property=\"og:site_name\" content=\"FjALA e LIR\u00cb - Arkivi\" \/>\n<meta property=\"article:published_time\" content=\"2010-04-26T22:22:59+00:00\" \/>\n<meta property=\"og:image\" content=\"http:\/\/www.shkoder.net\/images\/fjala\/arben_xhaferi.jpg\" \/>\n<meta name=\"author\" content=\"admin\" \/>\n<meta name=\"twitter:card\" content=\"summary_large_image\" \/>\n<meta name=\"twitter:label1\" content=\"Written by\" \/>\n\t<meta name=\"twitter:data1\" content=\"admin\" \/>\n\t<meta name=\"twitter:label2\" content=\"Est. reading time\" \/>\n\t<meta name=\"twitter:data2\" content=\"11 minutes\" \/>\n<script type=\"application\/ld+json\" class=\"yoast-schema-graph\">{\"@context\":\"https:\\\/\\\/schema.org\",\"@graph\":[{\"@type\":\"Article\",\"@id\":\"https:\\\/\\\/fjala.info\\\/2009-2015\\\/lufta-e-paperfunduar\\\/#article\",\"isPartOf\":{\"@id\":\"https:\\\/\\\/fjala.info\\\/2009-2015\\\/lufta-e-paperfunduar\\\/\"},\"author\":{\"name\":\"admin\",\"@id\":\"https:\\\/\\\/fjala.info\\\/2009-2015\\\/#\\\/schema\\\/person\\\/3aa1163ef05469c496fc94e77611ada2\"},\"headline\":\"Lufta e pap\u00ebrfunduar\",\"datePublished\":\"2010-04-26T22:22:59+00:00\",\"mainEntityOfPage\":{\"@id\":\"https:\\\/\\\/fjala.info\\\/2009-2015\\\/lufta-e-paperfunduar\\\/\"},\"wordCount\":2123,\"commentCount\":0,\"publisher\":{\"@id\":\"https:\\\/\\\/fjala.info\\\/2009-2015\\\/#organization\"},\"image\":{\"@id\":\"https:\\\/\\\/fjala.info\\\/2009-2015\\\/lufta-e-paperfunduar\\\/#primaryimage\"},\"thumbnailUrl\":\"http:\\\/\\\/www.shkoder.net\\\/images\\\/fjala\\\/arben_xhaferi.jpg\",\"articleSection\":[\"Artikuj\"],\"inLanguage\":\"sq-AL\",\"potentialAction\":[{\"@type\":\"CommentAction\",\"name\":\"Comment\",\"target\":[\"https:\\\/\\\/fjala.info\\\/2009-2015\\\/lufta-e-paperfunduar\\\/#respond\"]}]},{\"@type\":\"WebPage\",\"@id\":\"https:\\\/\\\/fjala.info\\\/2009-2015\\\/lufta-e-paperfunduar\\\/\",\"url\":\"https:\\\/\\\/fjala.info\\\/2009-2015\\\/lufta-e-paperfunduar\\\/\",\"name\":\"Lufta e pap\u00ebrfunduar - FjALA e LIR\u00cb - Arkivi\",\"isPartOf\":{\"@id\":\"https:\\\/\\\/fjala.info\\\/2009-2015\\\/#website\"},\"primaryImageOfPage\":{\"@id\":\"https:\\\/\\\/fjala.info\\\/2009-2015\\\/lufta-e-paperfunduar\\\/#primaryimage\"},\"image\":{\"@id\":\"https:\\\/\\\/fjala.info\\\/2009-2015\\\/lufta-e-paperfunduar\\\/#primaryimage\"},\"thumbnailUrl\":\"http:\\\/\\\/www.shkoder.net\\\/images\\\/fjala\\\/arben_xhaferi.jpg\",\"datePublished\":\"2010-04-26T22:22:59+00:00\",\"breadcrumb\":{\"@id\":\"https:\\\/\\\/fjala.info\\\/2009-2015\\\/lufta-e-paperfunduar\\\/#breadcrumb\"},\"inLanguage\":\"sq-AL\",\"potentialAction\":[{\"@type\":\"ReadAction\",\"target\":[\"https:\\\/\\\/fjala.info\\\/2009-2015\\\/lufta-e-paperfunduar\\\/\"]}]},{\"@type\":\"ImageObject\",\"inLanguage\":\"sq-AL\",\"@id\":\"https:\\\/\\\/fjala.info\\\/2009-2015\\\/lufta-e-paperfunduar\\\/#primaryimage\",\"url\":\"http:\\\/\\\/www.shkoder.net\\\/images\\\/fjala\\\/arben_xhaferi.jpg\",\"contentUrl\":\"http:\\\/\\\/www.shkoder.net\\\/images\\\/fjala\\\/arben_xhaferi.jpg\"},{\"@type\":\"BreadcrumbList\",\"@id\":\"https:\\\/\\\/fjala.info\\\/2009-2015\\\/lufta-e-paperfunduar\\\/#breadcrumb\",\"itemListElement\":[{\"@type\":\"ListItem\",\"position\":1,\"name\":\"Home\",\"item\":\"https:\\\/\\\/fjala.info\\\/2009-2015\\\/\"},{\"@type\":\"ListItem\",\"position\":2,\"name\":\"Lufta e pap\u00ebrfunduar\"}]},{\"@type\":\"WebSite\",\"@id\":\"https:\\\/\\\/fjala.info\\\/2009-2015\\\/#website\",\"url\":\"https:\\\/\\\/fjala.info\\\/2009-2015\\\/\",\"name\":\"FjALA e LIR\u00cb - Arkivi\",\"description\":\"Arkivi 2009-2015\",\"publisher\":{\"@id\":\"https:\\\/\\\/fjala.info\\\/2009-2015\\\/#organization\"},\"potentialAction\":[{\"@type\":\"SearchAction\",\"target\":{\"@type\":\"EntryPoint\",\"urlTemplate\":\"https:\\\/\\\/fjala.info\\\/2009-2015\\\/?s={search_term_string}\"},\"query-input\":{\"@type\":\"PropertyValueSpecification\",\"valueRequired\":true,\"valueName\":\"search_term_string\"}}],\"inLanguage\":\"sq-AL\"},{\"@type\":\"Organization\",\"@id\":\"https:\\\/\\\/fjala.info\\\/2009-2015\\\/#organization\",\"name\":\"FjALA e LIR\u00cb - Arkivi\",\"url\":\"https:\\\/\\\/fjala.info\\\/2009-2015\\\/\",\"logo\":{\"@type\":\"ImageObject\",\"inLanguage\":\"sq-AL\",\"@id\":\"https:\\\/\\\/fjala.info\\\/2009-2015\\\/#\\\/schema\\\/logo\\\/image\\\/\",\"url\":\"\",\"contentUrl\":\"\",\"caption\":\"FjALA e LIR\u00cb - Arkivi\"},\"image\":{\"@id\":\"https:\\\/\\\/fjala.info\\\/2009-2015\\\/#\\\/schema\\\/logo\\\/image\\\/\"}},{\"@type\":\"Person\",\"@id\":\"https:\\\/\\\/fjala.info\\\/2009-2015\\\/#\\\/schema\\\/person\\\/3aa1163ef05469c496fc94e77611ada2\",\"name\":\"admin\",\"image\":{\"@type\":\"ImageObject\",\"inLanguage\":\"sq-AL\",\"@id\":\"https:\\\/\\\/fjala.info\\\/2009-2015\\\/wp-content\\\/uploads\\\/2012\\\/02\\\/arben_cokaj-120x150.jpg\",\"url\":\"https:\\\/\\\/fjala.info\\\/2009-2015\\\/wp-content\\\/uploads\\\/2012\\\/02\\\/arben_cokaj-120x150.jpg\",\"contentUrl\":\"https:\\\/\\\/fjala.info\\\/2009-2015\\\/wp-content\\\/uploads\\\/2012\\\/02\\\/arben_cokaj-120x150.jpg\",\"caption\":\"admin\"},\"description\":\"Admin, Fjala e Lir\u00eb\",\"sameAs\":[\"https:\\\/\\\/fjala.info\\\/\"],\"url\":\"https:\\\/\\\/fjala.info\\\/2009-2015\\\/author\\\/admin\\\/\"}]}<\/script>\n<!-- \/ Yoast SEO plugin. -->","yoast_head_json":{"title":"Lufta e pap\u00ebrfunduar - FjALA e LIR\u00cb - Arkivi","robots":{"index":"index","follow":"follow","max-snippet":"max-snippet:-1","max-image-preview":"max-image-preview:large","max-video-preview":"max-video-preview:-1"},"canonical":"https:\/\/fjala.info\/2009-2015\/lufta-e-paperfunduar\/","og_locale":"sq_AL","og_type":"article","og_title":"Lufta e pap\u00ebrfunduar - FjALA e LIR\u00cb - Arkivi","og_description":"Arb\u00ebn Xhaferi, 24.04.2010 N\u00eb politik\u00eb, percepcionet, qofshin ato edhe t\u00eb gabuara, kan\u00eb po aq r\u00ebnd\u00ebsi sa edhe t\u00eb v\u00ebrtetat, n\u00eb mos edhe m\u00eb shum\u00eb. Mjesht\u00ebria q\u00eb formon ose e deformon vet\u00ebdijen quhet propagand\u00eb. Sa m\u00eb t\u00eb zhvilluara jan\u00eb shtetet aq m\u00eb shum\u00eb sh\u00ebrbehen me propagand\u00eb, n\u00eb var\u00ebsi nga q\u00ebllimet. Me p\u00ebrhapjen e demokracis\u00eb n\u00eb shoq\u00ebrit\u00eb [&hellip;]","og_url":"https:\/\/fjala.info\/2009-2015\/lufta-e-paperfunduar\/","og_site_name":"FjALA e LIR\u00cb - Arkivi","article_published_time":"2010-04-26T22:22:59+00:00","og_image":[{"url":"http:\/\/www.shkoder.net\/images\/fjala\/arben_xhaferi.jpg","type":"","width":"","height":""}],"author":"admin","twitter_card":"summary_large_image","twitter_misc":{"Written by":"admin","Est. reading time":"11 minutes"},"schema":{"@context":"https:\/\/schema.org","@graph":[{"@type":"Article","@id":"https:\/\/fjala.info\/2009-2015\/lufta-e-paperfunduar\/#article","isPartOf":{"@id":"https:\/\/fjala.info\/2009-2015\/lufta-e-paperfunduar\/"},"author":{"name":"admin","@id":"https:\/\/fjala.info\/2009-2015\/#\/schema\/person\/3aa1163ef05469c496fc94e77611ada2"},"headline":"Lufta e pap\u00ebrfunduar","datePublished":"2010-04-26T22:22:59+00:00","mainEntityOfPage":{"@id":"https:\/\/fjala.info\/2009-2015\/lufta-e-paperfunduar\/"},"wordCount":2123,"commentCount":0,"publisher":{"@id":"https:\/\/fjala.info\/2009-2015\/#organization"},"image":{"@id":"https:\/\/fjala.info\/2009-2015\/lufta-e-paperfunduar\/#primaryimage"},"thumbnailUrl":"http:\/\/www.shkoder.net\/images\/fjala\/arben_xhaferi.jpg","articleSection":["Artikuj"],"inLanguage":"sq-AL","potentialAction":[{"@type":"CommentAction","name":"Comment","target":["https:\/\/fjala.info\/2009-2015\/lufta-e-paperfunduar\/#respond"]}]},{"@type":"WebPage","@id":"https:\/\/fjala.info\/2009-2015\/lufta-e-paperfunduar\/","url":"https:\/\/fjala.info\/2009-2015\/lufta-e-paperfunduar\/","name":"Lufta e pap\u00ebrfunduar - FjALA e LIR\u00cb - Arkivi","isPartOf":{"@id":"https:\/\/fjala.info\/2009-2015\/#website"},"primaryImageOfPage":{"@id":"https:\/\/fjala.info\/2009-2015\/lufta-e-paperfunduar\/#primaryimage"},"image":{"@id":"https:\/\/fjala.info\/2009-2015\/lufta-e-paperfunduar\/#primaryimage"},"thumbnailUrl":"http:\/\/www.shkoder.net\/images\/fjala\/arben_xhaferi.jpg","datePublished":"2010-04-26T22:22:59+00:00","breadcrumb":{"@id":"https:\/\/fjala.info\/2009-2015\/lufta-e-paperfunduar\/#breadcrumb"},"inLanguage":"sq-AL","potentialAction":[{"@type":"ReadAction","target":["https:\/\/fjala.info\/2009-2015\/lufta-e-paperfunduar\/"]}]},{"@type":"ImageObject","inLanguage":"sq-AL","@id":"https:\/\/fjala.info\/2009-2015\/lufta-e-paperfunduar\/#primaryimage","url":"http:\/\/www.shkoder.net\/images\/fjala\/arben_xhaferi.jpg","contentUrl":"http:\/\/www.shkoder.net\/images\/fjala\/arben_xhaferi.jpg"},{"@type":"BreadcrumbList","@id":"https:\/\/fjala.info\/2009-2015\/lufta-e-paperfunduar\/#breadcrumb","itemListElement":[{"@type":"ListItem","position":1,"name":"Home","item":"https:\/\/fjala.info\/2009-2015\/"},{"@type":"ListItem","position":2,"name":"Lufta e pap\u00ebrfunduar"}]},{"@type":"WebSite","@id":"https:\/\/fjala.info\/2009-2015\/#website","url":"https:\/\/fjala.info\/2009-2015\/","name":"FjALA e LIR\u00cb - Arkivi","description":"Arkivi 2009-2015","publisher":{"@id":"https:\/\/fjala.info\/2009-2015\/#organization"},"potentialAction":[{"@type":"SearchAction","target":{"@type":"EntryPoint","urlTemplate":"https:\/\/fjala.info\/2009-2015\/?s={search_term_string}"},"query-input":{"@type":"PropertyValueSpecification","valueRequired":true,"valueName":"search_term_string"}}],"inLanguage":"sq-AL"},{"@type":"Organization","@id":"https:\/\/fjala.info\/2009-2015\/#organization","name":"FjALA e LIR\u00cb - Arkivi","url":"https:\/\/fjala.info\/2009-2015\/","logo":{"@type":"ImageObject","inLanguage":"sq-AL","@id":"https:\/\/fjala.info\/2009-2015\/#\/schema\/logo\/image\/","url":"","contentUrl":"","caption":"FjALA e LIR\u00cb - Arkivi"},"image":{"@id":"https:\/\/fjala.info\/2009-2015\/#\/schema\/logo\/image\/"}},{"@type":"Person","@id":"https:\/\/fjala.info\/2009-2015\/#\/schema\/person\/3aa1163ef05469c496fc94e77611ada2","name":"admin","image":{"@type":"ImageObject","inLanguage":"sq-AL","@id":"https:\/\/fjala.info\/2009-2015\/wp-content\/uploads\/2012\/02\/arben_cokaj-120x150.jpg","url":"https:\/\/fjala.info\/2009-2015\/wp-content\/uploads\/2012\/02\/arben_cokaj-120x150.jpg","contentUrl":"https:\/\/fjala.info\/2009-2015\/wp-content\/uploads\/2012\/02\/arben_cokaj-120x150.jpg","caption":"admin"},"description":"Admin, Fjala e Lir\u00eb","sameAs":["https:\/\/fjala.info\/"],"url":"https:\/\/fjala.info\/2009-2015\/author\/admin\/"}]}},"_links":{"self":[{"href":"https:\/\/fjala.info\/2009-2015\/wp-json\/wp\/v2\/posts\/2386","targetHints":{"allow":["GET"]}}],"collection":[{"href":"https:\/\/fjala.info\/2009-2015\/wp-json\/wp\/v2\/posts"}],"about":[{"href":"https:\/\/fjala.info\/2009-2015\/wp-json\/wp\/v2\/types\/post"}],"author":[{"embeddable":true,"href":"https:\/\/fjala.info\/2009-2015\/wp-json\/wp\/v2\/users\/1"}],"replies":[{"embeddable":true,"href":"https:\/\/fjala.info\/2009-2015\/wp-json\/wp\/v2\/comments?post=2386"}],"version-history":[{"count":0,"href":"https:\/\/fjala.info\/2009-2015\/wp-json\/wp\/v2\/posts\/2386\/revisions"}],"wp:attachment":[{"href":"https:\/\/fjala.info\/2009-2015\/wp-json\/wp\/v2\/media?parent=2386"}],"wp:term":[{"taxonomy":"category","embeddable":true,"href":"https:\/\/fjala.info\/2009-2015\/wp-json\/wp\/v2\/categories?post=2386"},{"taxonomy":"post_tag","embeddable":true,"href":"https:\/\/fjala.info\/2009-2015\/wp-json\/wp\/v2\/tags?post=2386"}],"curies":[{"name":"wp","href":"https:\/\/api.w.org\/{rel}","templated":true}]}}