{"id":2383,"date":"2010-04-26T23:20:03","date_gmt":"2010-04-26T22:20:03","guid":{"rendered":"http:\/\/fjala.shkoder.net\/?p=2383"},"modified":"2010-04-26T23:20:03","modified_gmt":"2010-04-26T22:20:03","slug":"te-premten-do-te-ndodhe-dicka-e-re","status":"publish","type":"post","link":"https:\/\/fjala.info\/2009-2015\/te-premten-do-te-ndodhe-dicka-e-re\/","title":{"rendered":"T\u00eb premten do t\u00eb ndodh\u00eb di\u00e7ka e re"},"content":{"rendered":"<p><img decoding=\"async\" style=\"margin-left: 10px; margin-right: 10px; border: 0px;\" src=\"http:\/\/www.shkoder.net\/images\/fjala\/prec_zogaj.jpg\" border=\"0\" alt=\"Pre\u00e7 Zogaj\" width=\"150\" align=\"left\" \/><\/p>\n<p><strong>Pre\u00e7 Zogaj<\/strong>, <em>26.04.2010<\/em><\/p>\n<p>T\u00eb premten me 30 prill do t\u00eb mbahet n\u00eb Tiran\u00eb protesta e opozit\u00ebs p\u00ebr transparenc\u00ebn e zgjedhjeve dhe kriz\u00ebn ekonomike ku po rrokulliset vendi. Pyetja q\u00eb po b\u00ebhet gjithandej n\u00eb vigjilje t\u00eb k\u00ebsaj ngjarjeje t\u00eb r\u00ebnd\u00ebsishme p\u00ebr demokracin\u00eb \u00ebsht\u00eb: &#8220;\u00c7&#8217;do t\u00eb ndodh\u00eb&#8221;? Interesi \u00ebsht\u00eb i ve\u00e7ant\u00eb brenda dhe jasht\u00eb vendit. Pritshm\u00ebria vjen duke u rritur sa m\u00eb shum\u00eb afrohet dita.<\/p>\n<p>Shumica e njer\u00ebzve e ndjejn\u00eb dhe e thon\u00eb se protesta e s\u00eb premtes n\u00eb bulevardin &#8220;D\u00ebshmor\u00ebt e kombit&#8221; do t\u00eb sh\u00ebnoj\u00eb rifillimin e nj\u00eb zhvillimi t\u00eb ri shum\u00eb pozitiv p\u00ebr demokracin\u00eb shqiptare. Populli do t\u00eb zbres\u00eb n\u00eb rrug\u00eb n\u00eb radh\u00eb t\u00eb par\u00eb p\u00ebr ligjin e tij, pasi e ka kuptuar se ligji i tij \u00ebsht\u00eb buka dhe nderi i tij. E gjith\u00eb kjo do t\u00eb jet\u00eb d\u00ebshmia e stadit t\u00eb ri ku \u00ebsht\u00eb ngritur e po ngrihet nd\u00ebrgjegjja demokratike e shqiptar\u00ebve. Kur institucionet p\u00ebrfaq\u00ebsuese d\u00ebshtojn\u00eb, si\u00e7 ishte rasti i Kuvendit t\u00eb Shqip\u00ebris\u00eb n\u00eb 18 mars, fjal\u00ebn e marrin institucionet e demokracis\u00eb s\u00eb drejtp\u00ebrdrejt\u00eb, si\u00e7 \u00ebsht\u00eb protesta.<\/p>\n<p>Protesta vjen p\u00ebr t\u00eb thirrur nj\u00eb &#8220;jo&#8221; , p\u00ebr t\u00eb ndaluar nj\u00eb r\u00ebnie, p\u00ebr &#8220;t\u00eb urdh\u00ebruar&#8221; me gjuh\u00ebn e saj specifike nj\u00eb reflektim, nj\u00eb ndryshim kursi, nj\u00eb zgjidhje. T\u00eb gjitha k\u00ebto dihen, por askush nuk e di e nuk mund ta dij\u00eb me sakt\u00ebsi si do vazhdoj\u00eb , \u00e7&#8217;rezultate konkrete do t\u00eb sjell\u00eb, si do t\u00eb p\u00ebrfundoj\u00eb. Rezultati \u00ebsht\u00eb gjithnj\u00eb pjes\u00eb e loj\u00ebs politike mes pal\u00ebve, n\u00eb rastin konkret mes protest\u00ebs dhe qeveris\u00eb. Zhvillimet politike kan\u00eb an\u00ebn e tyre t\u00eb parashikueshme, por kan\u00eb edhe an\u00ebn e paparashikueshme, q\u00eb u shp\u00ebton llogarive n\u00eb tryez\u00eb.<\/p>\n<p>K\u00ebtu q\u00ebndron t\u00ebrheqja, enigma dhe emocioni i politik\u00ebs. Po ta dinim me sakt\u00ebsi se ku do t\u00eb mb\u00ebrrijm\u00eb, po t\u00eb kishim mund\u00ebsi t&#8217;i programonin si n\u00eb nj\u00eb laborator rezultate e nj\u00eb l\u00ebvizjeje politike, politika do t\u00eb privohej nga kuptimi dhe shija q\u00eb ka. Kjo nuk mund t\u00eb ndodh\u00eb. Por nga ana tjet\u00ebr ekzistenca objektive e s\u00eb papritur\u00ebs nuk e p\u00ebrligj spontanitetin, pap\u00ebrgjegjshm\u00ebrin\u00eb apo aventurizmin n\u00eb politik\u00eb. Pavar\u00ebsisht se cil\u00ebt mund t\u00eb jen\u00eb rezultatet, partit\u00eb dhe politikan\u00ebt q\u00eb th\u00ebrrasin popullin n\u00eb rrug\u00eb e kan\u00eb p\u00ebr detyr\u00eb t\u00eb jen\u00eb n\u00eb krye, duke respektuar parimet dhe ligjet e demokracis\u00eb.<\/p>\n<p>K\u00ebt\u00eb ka b\u00ebr\u00eb n\u00ebntorin e vitit t\u00eb kaluar dhe k\u00ebt\u00eb po b\u00ebn s\u00ebrish opozita shqiptare n\u00eb edicionin e dyt\u00eb t\u00eb protestave p\u00ebr vot\u00ebn. Drejtuesit kryesor\u00eb t\u00eb opozit\u00ebs s\u00eb sotme e njohin m\u00ebsimin e liberalit t\u00eb madh italian Benedeto Kro\u00e7e q\u00eb thoshte se forca dhe mir\u00ebkuptimi jan\u00eb skaje t\u00eb bashk\u00eblidhura n\u00eb politik\u00eb. Pra duhet treguar forc\u00eb n\u00eb kuptimin politik t\u00eb fjal\u00ebs, por nga ana tjet\u00ebr duhen k\u00ebrkuar zgjidhje me t\u00eb gjith\u00eb e p\u00ebr t\u00eb gjith\u00eb. Duke dashur t\u00eb dekurajojn\u00eb protest\u00ebn e 30 prillit disa kasandara qeveritare, por edhe ndonj\u00eb opozitar, po ngat\u00ebrrojn\u00eb me dashje apo nga injoranca forc\u00ebn e brendshme t\u00eb protest\u00ebs me p\u00ebrdorimin e forc\u00ebs. Opozita ka b\u00ebr\u00eb mir\u00eb q\u00eb ka replikuar me ta, duke theksuar se \u00ebsht\u00eb kund\u00ebr formave t\u00eb dhunshme t\u00eb protest\u00ebs.<\/p>\n<p>Por pavar\u00ebsisht se protesta jan\u00eb zhvilluar shum\u00eb edhe n\u00eb t\u00eb kaluar\u00ebn, pyetja &#8220;\u00e7do t\u00eb ndodh\u00eb&#8221; po intrigon k\u00ebsaj here me shum\u00eb se her\u00eb t\u00eb tjera. Parashikimet jan\u00eb nj\u00eb potpuri e v\u00ebrtet\u00eb, ku nuk mungojn\u00eb tamtamet dhe fantazmagorit\u00eb. Duke e len\u00eb n\u00eb qejfin e vet k\u00ebt\u00eb fest\u00eb t\u00eb profecive, na intereson pik\u00ebs\u00ebpari t\u00eb njohim pik\u00ebpamjen e opinionist\u00ebve dhe gazetar\u00ebve q\u00eb shprehin pak a shum\u00eb pozicionet e qeveris\u00eb. Sepse protesta drejtohet kund\u00ebr qeveris\u00eb. Qasja e saj \u00ebsht\u00eb e r\u00ebnd\u00ebsishme p\u00ebr t\u00eb kuptuar perspektiv\u00ebn.<\/p>\n<p>K\u00ebta opinionist\u00eb, q\u00eb jan\u00eb shfaqur dendur k\u00ebto dit\u00eb n\u00eb studiot e televizioneve p\u00ebrball\u00eb politikan\u00ebve t\u00eb opozit\u00ebs, n\u00eb p\u00ebrgjith\u00ebsi, kan\u00eb mendimin se protesta e 30 prillit do t\u00eb jet\u00eb nj\u00eb p\u00ebrs\u00ebritje e protest\u00ebs s\u00eb 20 n\u00ebntorit t\u00eb vitit t\u00eb kaluar; njer\u00ebzit do t\u00eb mblidhen, do t\u00eb d\u00ebgjojn\u00eb fjalimet e politikan\u00ebve, do t\u00eb hedhin parulla, do t\u00eb k\u00ebndojn\u00eb k\u00ebng\u00eb dhe do t\u00eb shp\u00ebrndahen. Pra &#8220;nuk do t\u00eb ndodh\u00eb asgj\u00eb dhe jeta do t\u00eb vazhdoj\u00eb t\u00eb nes\u00ebrmen dhe t\u00eb pasnes\u00ebrmen nj\u00eblloj si m\u00eb par\u00eb, ashtu si\u00e7 ndodhi edhe me protest\u00ebn e n\u00ebntorit&#8221;, pohojn\u00eb ata.<\/p>\n<p>\u00cbsht\u00eb pozitive nga nj\u00eb an\u00eb q\u00eb k\u00ebta opinionist\u00eb nuk kan\u00eb ran\u00eb viktim\u00eb e propagand\u00ebs q\u00ebllimkeqe sikur opozita do t\u00eb mblidhet p\u00ebr marrjen e pushtetit me dhun\u00eb. N\u00eb t\u00eb kund\u00ebrt\u00ebn, ata i m\u00ebshojn\u00eb ides\u00eb se opozita do t\u00eb mblidhet p\u00ebr t\u00eb b\u00ebr\u00eb adetin dhe &#8220;nuk do t\u00eb ndodh\u00eb asgj\u00eb&#8221;. Duhet th\u00ebn\u00eb q\u00eb n\u00eb fillim se kjo &#8220;prognoz\u00eb&#8221; referon para s\u00eb gjithash nj\u00eb d\u00ebshir\u00eb: d\u00ebshir\u00ebn q\u00eb protesta t\u00eb kaloj\u00eb si nj\u00eb dit\u00eb e harxhuar kot. Por kjo &#8220;prognoz\u00eb&#8221; tradhton nd\u00ebrkaq nj\u00eb mendim sikur protesta popullore &#8220;b\u00ebn di\u00e7ka&#8221; vet\u00ebm kur protestuesit u v\u00ebrsulen godinave qeveritare, pushtojn\u00eb, djegin, d\u00ebbojn\u00eb&#8230;<\/p>\n<p>Kjo &#8220;prognoz\u00eb&#8221; tradhton edhe nj\u00eb mendim tjet\u00ebr sikur qeveria ka hallin vet\u00ebm t\u00eb mos sulmohet, t\u00eb ruaj\u00eb prapanic\u00ebn e vet, pa pse protestojn\u00eb njer\u00ebzit masivisht dhe n\u00eb m\u00ebnyr\u00eb paq\u00ebsore n\u00eb bulevard, kjo nuk ka pik\u00eb r\u00ebnd\u00ebsie p\u00ebr t\u00eb. Nj\u00eb q\u00ebndrim si ky ndaj protest\u00ebs qytetare s&#8217;ka asnj\u00eb lidhje me demokracin\u00eb. P\u00ebr nga pasojat q\u00eb prodhon, moskok\u00eb\u00e7arja e qeveris\u00eb ndaj protestave paq\u00ebsore \u00ebsht\u00eb e barabart\u00eb me p\u00ebrdorimin e dhun\u00ebs kund\u00ebr saj nga protestuesit. Por p\u00ebrve\u00e7se provokativ, vler\u00ebsimi si p\u00ebr asgj\u00eb i protestave demokratike \u00ebsht\u00eb edhe thell\u00ebsisht i gabuar.<\/p>\n<p>Qeveria mendon se nuk ndodh asgj\u00eb, por n\u00eb t\u00eb v\u00ebrtet\u00eb ndodhin gj\u00ebra t\u00eb m\u00ebdha q\u00eb vet\u00ebm budallenjt\u00eb nuk i dallojn\u00eb. Protesta e 20 n\u00ebntorit t\u00eb vitit t\u00eb kaluar ekspozoi bot\u00ebrisht, me bindsh\u00ebm se \u00e7do fjalim, \u00e7do raport dhe \u00e7do promemorie q\u00eb ishte shkruar deri at\u00eb dit, kriz\u00ebn politike shqiptare, problematik\u00ebn e zgjedhjeve t\u00eb 28 qershorit, t\u00eb v\u00ebrtet\u00ebn e nj\u00eb demokracie q\u00eb ka me shum\u00eb fasad\u00eb se thelb. Ajo protest\u00eb e tronditi statusquon\u00eb dhe nxori n\u00eb drit\u00eb nj\u00eb num\u00ebr t\u00eb madh g\u00ebnjeshtrash politike dhe ekonomike.<\/p>\n<p>Kriza shqiptare i dedikon protest\u00ebs s\u00eb 20 n\u00ebntorit nd\u00ebrkomb\u00ebtarizimin e saj dhe pastaj edhe val\u00ebn e p\u00ebrpjekjeve, p\u00ebr fat t\u00eb keq t\u00eb d\u00ebshtuara, t\u00eb K\u00ebshillit t\u00eb Europ\u00ebs dhe Bashkimit Europian p\u00ebr zgjidhjen e k\u00ebsaj krize brenda institucioneve, me marr\u00ebveshje, me konsensus. Sa shum\u00eb misione europiane priti e p\u00ebrcolli Shqip\u00ebria k\u00ebto kat\u00ebr muaj, sa shum\u00eb k\u00ebrkesa me lutje dhe pa lutje iu drejtuan kryeministrit Sali Berisha p\u00ebr t\u00eb b\u00ebr\u00eb edhe ai nj\u00eb apo dy hapa prapa, q\u00eb do t\u00eb kishin qen\u00eb gjithashtu hapa para drejt marr\u00ebveshjes me opozit\u00ebn e tij. T\u00eb gjitha k\u00ebto ran\u00eb n\u00eb vesh t\u00eb shurdh\u00ebr.<\/p>\n<p>Protesta e 30 prillit do t\u00eb jet\u00eb nj\u00eb p\u00ebrs\u00ebritje e protest\u00ebs s\u00eb 20 n\u00ebntorit p\u00ebrsa i p\u00ebrket organizimit dhe natyr\u00ebs demokratike t\u00eb saj, por do t\u00eb jet\u00eb edhe e re p\u00ebr shkak t\u00eb kontekstit t\u00eb ri. Opozita ofroi zgjidhje n\u00eb Kuvend, si\u00e7 ju sugjerua nga nd\u00ebrkomb\u00ebtar\u00ebt, por nisma e saj ligjore p\u00ebr transparenc\u00ebn e zgjedhjeve u sfidua bujsh\u00ebm n\u00eb syt\u00eb e bot\u00ebs. Europa dhe SHBA u sfiduan n\u00eb angazhimin dhe pritshm\u00ebrin\u00eb e tyre p\u00ebrball\u00eb intrasigjenc\u00ebs s\u00eb qeveris\u00eb.<\/p>\n<p>Ja pra, n\u00eb pik\u00ebpamje t\u00eb trajektores q\u00eb ka ndjekur kriza politike dhe ekonomike k\u00ebto kat\u00ebr muaj, protesta niset nga nj\u00eb pik\u00eb m\u00eb e lart\u00eb e s\u00eb drejt\u00ebs s\u00eb qytetar\u00ebve p\u00ebr t\u00eb par\u00eb vot\u00ebn dhe nga nj\u00eb pik\u00eb gjithashtu m\u00eb e lart\u00eb e p\u00ebrkeq\u00ebsimit t\u00eb gjendjes ekonomike sociale n\u00eb an\u00ebn tjet\u00ebr. Prandaj pjes\u00ebmarrja pritet t\u00eb jet\u00eb m\u00eb e madhe. Shpirti i protest\u00ebs gjithashtu.<\/p>\n<p>N\u00eb kuptimin burracak t\u00eb fjal\u00ebs n\u00eb k\u00ebt\u00eb protest\u00eb &#8220;nuk do t\u00eb ndodh\u00eb asgj\u00eb&#8221;. Ajo do t\u00eb jet\u00eb paq\u00ebsore, demokratike, por pik\u00ebrisht n\u00eb k\u00ebt\u00eb vler\u00eb q\u00ebndron forca e saj e jasht\u00ebzakonshme. Nuk ka dyshim se t\u00eb premten do t\u00eb ndodh\u00eb di\u00e7ka e re, e madhe, e dobishme p\u00ebr Shqip\u00ebrin\u00eb dhe demokracin\u00eb. Protesta qytetare \u00ebsht\u00eb, si me th\u00ebn\u00eb ,&#8221;senati&#8221; i demokracis\u00eb. Njer\u00ebzit q\u00eb duan zgjidhjen e kriz\u00ebs politike dhe ndalimin e rrokullisjes ekonomike do t\u00eb mblidhen n\u00eb bulevardin &#8220;D\u00ebshmor\u00ebt e kombit&#8221; p\u00ebr t\u00eb pohuar me pranin\u00eb dhe bashkimin e tyre k\u00ebt\u00eb bindje dhe vullnet.<\/p>\n<p>N\u00eb protest\u00eb populli flet para s\u00eb gjithash me pranin\u00eb e vet. Protesta \u00ebsht\u00eb nj\u00eb mund\u00ebsi dhe nj\u00eb shans p\u00ebr t\u00eb gjith\u00eb, si\u00e7 jan\u00eb zgjedhjet, me ndryshimin se n\u00eb zgjedhje votohet, kurse n\u00eb protest\u00eb protestohet. Jan\u00eb t\u00eb gjitha gjasat q\u00eb me 30 prill t\u00eb ket\u00eb me shum\u00eb njer\u00ebz n\u00eb protest\u00eb se me 20 n\u00ebntor. Pjes\u00ebmarr\u00ebsit, secili ve\u00e7 e ve\u00e7 dhe t\u00eb gjith\u00eb s\u00ebbashku do t\u00eb krijojn\u00eb, pa sforcim dhe pa grimasa, at\u00eb britm\u00ebn e nj\u00eb mase kompakte q\u00eb b\u00ebn t\u00eb dridhen pallatet e qeveris\u00eb, si\u00e7 thot\u00eb Pukevili, dhe t\u00eb hap\u00eb rrug\u00ebn drejt zgjidhjes s\u00eb kriz\u00ebs. Kjo \u00ebsht\u00eb ngjarja.<\/p>\n<p>Deri n\u00eb k\u00ebt\u00eb pik\u00eb e shoh si ta kisha tani para syve protest\u00ebn e 30 prillit. Pamjet e m\u00ebtejshme varen shum\u00eb nga q\u00ebndrimi q\u00eb do t\u00eb mbaj\u00eb qeveria. P\u00ebrball\u00eb protestave t\u00eb opozit\u00ebs, ku derdhen si n\u00eb nj\u00eb lum\u00eb t\u00eb madh protestat e grupeve t\u00eb ndryshme t\u00eb interesit dhe te qytetar\u00ebve t\u00eb lir\u00eb, qeveria ka disa opsione. Opsioni i par\u00eb \u00ebsht\u00eb t\u00eb pranoj\u00eb at\u00eb q\u00eb ka k\u00ebrkuar e k\u00ebrkon prej saj Europa , SHBA-ja, opozita dhe populli opozitar, pra nj\u00eb zgjidhje t\u00eb pranueshme p\u00ebr transparenc\u00ebn e zgjedhjeve t\u00eb 28 qershorit. Gjasat p\u00ebr k\u00ebt\u00eb zgjidhje jan\u00eb tashm\u00eb pothuajse zero.<\/p>\n<p>Qeveria ose e di se n\u00eb ato kuti fshihet nj\u00eb turp i madh i papar\u00eb, maj\u00ebn e t\u00eb cilit e pam\u00eb n\u00eb kutin\u00eb e Ruzhdies, ose ka nevoj\u00eb t\u00eb jetoj\u00eb dhe ta shtyj\u00eb sa t\u00eb mundet brenda nj\u00eb krize politike me prejardhje nga opozita p\u00ebr t\u00eb mbuluar d\u00ebshtimin e saj t\u00eb bujsh\u00ebm n\u00eb ekonomi, drejt\u00ebsi e tjer\u00eb. Opsioni i dyt\u00eb \u00ebsht\u00eb krijimi i nj\u00eb qeverie t\u00eb p\u00ebrbashk\u00ebt t\u00eb integrimit dhe p\u00ebrgatitja e zgjedhjeve t\u00eb parakohshme, sipas nj\u00eb vendimi t\u00eb negociuar. Rrezultati i ngusht\u00eb n\u00eb zgjedhjet e 28 qershorit, leximi i barazimit t\u00eb madh p\u00ebrsa i p\u00ebrket vot\u00ebs qytetare, faktet q\u00eb kan\u00eb dal\u00eb nga Ruzhdia dhe n\u00eb disa pika t\u00eb tjera, hilerat dhe manovrat q\u00eb kan\u00eb shoq\u00ebruar legjitimimin e sforcuar t\u00eb zgjedhjeve, kriza ekonomike dhe vet\u00eb protestat &#8211; t\u00eb gjitha k\u00ebto mund t\u00eb hidhen n\u00eb peshoren e nj\u00eb vendimmarrjeje t\u00eb urt\u00eb.<\/p>\n<p>Opsioni i tret\u00eb, m\u00eb i keqi, \u00ebsht\u00eb indiferenca, mendimi se protestuesit do t\u00eb durojn\u00eb sa do t\u00eb durojn\u00eb dhe do t\u00eb kthehen n\u00eb sht\u00ebpi, organizimi i festave antiprotest\u00eb. N\u00eb demokraci protestat trajtohen, nuk balancohen. Opozita mund t\u00eb organizoj\u00eb nj\u00ebqind protesta, qeveria nuk mund t\u00eb organizoj\u00eb nj\u00ebqind festa. Por kriza nuk jep m\u00eb koh\u00eb p\u00ebr shakara t\u00eb tilla.<\/p>\n","protected":false},"excerpt":{"rendered":"<p>Pre\u00e7 Zogaj, 26.04.2010 T\u00eb premten me 30 prill do t\u00eb mbahet n\u00eb Tiran\u00eb protesta e opozit\u00ebs p\u00ebr transparenc\u00ebn e zgjedhjeve dhe kriz\u00ebn ekonomike ku po rrokulliset vendi. Pyetja q\u00eb po b\u00ebhet gjithandej n\u00eb vigjilje t\u00eb k\u00ebsaj ngjarjeje t\u00eb r\u00ebnd\u00ebsishme p\u00ebr demokracin\u00eb \u00ebsht\u00eb: &#8220;\u00c7&#8217;do t\u00eb ndodh\u00eb&#8221;? Interesi \u00ebsht\u00eb i ve\u00e7ant\u00eb brenda dhe jasht\u00eb vendit. Pritshm\u00ebria vjen [&hellip;]<\/p>\n","protected":false},"author":1,"featured_media":0,"comment_status":"open","ping_status":"closed","sticky":false,"template":"","format":"standard","meta":{"footnotes":""},"categories":[2],"tags":[],"class_list":{"0":"post-2383","1":"post","2":"type-post","3":"status-publish","4":"format-standard","6":"category-artikuj"},"yoast_head":"<!-- This site is optimized with the Yoast SEO plugin v27.4 - https:\/\/yoast.com\/product\/yoast-seo-wordpress\/ -->\n<title>T\u00eb premten do t\u00eb ndodh\u00eb di\u00e7ka e re - FjALA e LIR\u00cb - Arkivi<\/title>\n<meta name=\"robots\" content=\"index, follow, max-snippet:-1, max-image-preview:large, max-video-preview:-1\" \/>\n<link rel=\"canonical\" href=\"https:\/\/fjala.info\/2009-2015\/te-premten-do-te-ndodhe-dicka-e-re\/\" \/>\n<meta property=\"og:locale\" content=\"sq_AL\" \/>\n<meta property=\"og:type\" content=\"article\" \/>\n<meta property=\"og:title\" content=\"T\u00eb premten do t\u00eb ndodh\u00eb di\u00e7ka e re - FjALA e LIR\u00cb - Arkivi\" \/>\n<meta property=\"og:description\" content=\"Pre\u00e7 Zogaj, 26.04.2010 T\u00eb premten me 30 prill do t\u00eb mbahet n\u00eb Tiran\u00eb protesta e opozit\u00ebs p\u00ebr transparenc\u00ebn e zgjedhjeve dhe kriz\u00ebn ekonomike ku po rrokulliset vendi. Pyetja q\u00eb po b\u00ebhet gjithandej n\u00eb vigjilje t\u00eb k\u00ebsaj ngjarjeje t\u00eb r\u00ebnd\u00ebsishme p\u00ebr demokracin\u00eb \u00ebsht\u00eb: &#8220;\u00c7&#8217;do t\u00eb ndodh\u00eb&#8221;? Interesi \u00ebsht\u00eb i ve\u00e7ant\u00eb brenda dhe jasht\u00eb vendit. Pritshm\u00ebria vjen [&hellip;]\" \/>\n<meta property=\"og:url\" content=\"https:\/\/fjala.info\/2009-2015\/te-premten-do-te-ndodhe-dicka-e-re\/\" \/>\n<meta property=\"og:site_name\" content=\"FjALA e LIR\u00cb - Arkivi\" \/>\n<meta property=\"article:published_time\" content=\"2010-04-26T22:20:03+00:00\" \/>\n<meta property=\"og:image\" content=\"http:\/\/www.shkoder.net\/images\/fjala\/prec_zogaj.jpg\" \/>\n<meta name=\"author\" content=\"admin\" \/>\n<meta name=\"twitter:card\" content=\"summary_large_image\" \/>\n<meta name=\"twitter:label1\" content=\"Written by\" \/>\n\t<meta name=\"twitter:data1\" content=\"admin\" \/>\n\t<meta name=\"twitter:label2\" content=\"Est. reading time\" \/>\n\t<meta name=\"twitter:data2\" content=\"10 minutes\" \/>\n<script type=\"application\/ld+json\" class=\"yoast-schema-graph\">{\"@context\":\"https:\\\/\\\/schema.org\",\"@graph\":[{\"@type\":\"Article\",\"@id\":\"https:\\\/\\\/fjala.info\\\/2009-2015\\\/te-premten-do-te-ndodhe-dicka-e-re\\\/#article\",\"isPartOf\":{\"@id\":\"https:\\\/\\\/fjala.info\\\/2009-2015\\\/te-premten-do-te-ndodhe-dicka-e-re\\\/\"},\"author\":{\"name\":\"admin\",\"@id\":\"https:\\\/\\\/fjala.info\\\/2009-2015\\\/#\\\/schema\\\/person\\\/3aa1163ef05469c496fc94e77611ada2\"},\"headline\":\"T\u00eb premten do t\u00eb ndodh\u00eb di\u00e7ka e re\",\"datePublished\":\"2010-04-26T22:20:03+00:00\",\"mainEntityOfPage\":{\"@id\":\"https:\\\/\\\/fjala.info\\\/2009-2015\\\/te-premten-do-te-ndodhe-dicka-e-re\\\/\"},\"wordCount\":1920,\"commentCount\":1,\"publisher\":{\"@id\":\"https:\\\/\\\/fjala.info\\\/2009-2015\\\/#organization\"},\"image\":{\"@id\":\"https:\\\/\\\/fjala.info\\\/2009-2015\\\/te-premten-do-te-ndodhe-dicka-e-re\\\/#primaryimage\"},\"thumbnailUrl\":\"http:\\\/\\\/www.shkoder.net\\\/images\\\/fjala\\\/prec_zogaj.jpg\",\"articleSection\":[\"Artikuj\"],\"inLanguage\":\"sq-AL\",\"potentialAction\":[{\"@type\":\"CommentAction\",\"name\":\"Comment\",\"target\":[\"https:\\\/\\\/fjala.info\\\/2009-2015\\\/te-premten-do-te-ndodhe-dicka-e-re\\\/#respond\"]}]},{\"@type\":\"WebPage\",\"@id\":\"https:\\\/\\\/fjala.info\\\/2009-2015\\\/te-premten-do-te-ndodhe-dicka-e-re\\\/\",\"url\":\"https:\\\/\\\/fjala.info\\\/2009-2015\\\/te-premten-do-te-ndodhe-dicka-e-re\\\/\",\"name\":\"T\u00eb premten do t\u00eb ndodh\u00eb di\u00e7ka e re - FjALA e LIR\u00cb - Arkivi\",\"isPartOf\":{\"@id\":\"https:\\\/\\\/fjala.info\\\/2009-2015\\\/#website\"},\"primaryImageOfPage\":{\"@id\":\"https:\\\/\\\/fjala.info\\\/2009-2015\\\/te-premten-do-te-ndodhe-dicka-e-re\\\/#primaryimage\"},\"image\":{\"@id\":\"https:\\\/\\\/fjala.info\\\/2009-2015\\\/te-premten-do-te-ndodhe-dicka-e-re\\\/#primaryimage\"},\"thumbnailUrl\":\"http:\\\/\\\/www.shkoder.net\\\/images\\\/fjala\\\/prec_zogaj.jpg\",\"datePublished\":\"2010-04-26T22:20:03+00:00\",\"breadcrumb\":{\"@id\":\"https:\\\/\\\/fjala.info\\\/2009-2015\\\/te-premten-do-te-ndodhe-dicka-e-re\\\/#breadcrumb\"},\"inLanguage\":\"sq-AL\",\"potentialAction\":[{\"@type\":\"ReadAction\",\"target\":[\"https:\\\/\\\/fjala.info\\\/2009-2015\\\/te-premten-do-te-ndodhe-dicka-e-re\\\/\"]}]},{\"@type\":\"ImageObject\",\"inLanguage\":\"sq-AL\",\"@id\":\"https:\\\/\\\/fjala.info\\\/2009-2015\\\/te-premten-do-te-ndodhe-dicka-e-re\\\/#primaryimage\",\"url\":\"http:\\\/\\\/www.shkoder.net\\\/images\\\/fjala\\\/prec_zogaj.jpg\",\"contentUrl\":\"http:\\\/\\\/www.shkoder.net\\\/images\\\/fjala\\\/prec_zogaj.jpg\"},{\"@type\":\"BreadcrumbList\",\"@id\":\"https:\\\/\\\/fjala.info\\\/2009-2015\\\/te-premten-do-te-ndodhe-dicka-e-re\\\/#breadcrumb\",\"itemListElement\":[{\"@type\":\"ListItem\",\"position\":1,\"name\":\"Home\",\"item\":\"https:\\\/\\\/fjala.info\\\/2009-2015\\\/\"},{\"@type\":\"ListItem\",\"position\":2,\"name\":\"T\u00eb premten do t\u00eb ndodh\u00eb di\u00e7ka e re\"}]},{\"@type\":\"WebSite\",\"@id\":\"https:\\\/\\\/fjala.info\\\/2009-2015\\\/#website\",\"url\":\"https:\\\/\\\/fjala.info\\\/2009-2015\\\/\",\"name\":\"FjALA e LIR\u00cb - Arkivi\",\"description\":\"Arkivi 2009-2015\",\"publisher\":{\"@id\":\"https:\\\/\\\/fjala.info\\\/2009-2015\\\/#organization\"},\"potentialAction\":[{\"@type\":\"SearchAction\",\"target\":{\"@type\":\"EntryPoint\",\"urlTemplate\":\"https:\\\/\\\/fjala.info\\\/2009-2015\\\/?s={search_term_string}\"},\"query-input\":{\"@type\":\"PropertyValueSpecification\",\"valueRequired\":true,\"valueName\":\"search_term_string\"}}],\"inLanguage\":\"sq-AL\"},{\"@type\":\"Organization\",\"@id\":\"https:\\\/\\\/fjala.info\\\/2009-2015\\\/#organization\",\"name\":\"FjALA e LIR\u00cb - Arkivi\",\"url\":\"https:\\\/\\\/fjala.info\\\/2009-2015\\\/\",\"logo\":{\"@type\":\"ImageObject\",\"inLanguage\":\"sq-AL\",\"@id\":\"https:\\\/\\\/fjala.info\\\/2009-2015\\\/#\\\/schema\\\/logo\\\/image\\\/\",\"url\":\"\",\"contentUrl\":\"\",\"caption\":\"FjALA e LIR\u00cb - Arkivi\"},\"image\":{\"@id\":\"https:\\\/\\\/fjala.info\\\/2009-2015\\\/#\\\/schema\\\/logo\\\/image\\\/\"}},{\"@type\":\"Person\",\"@id\":\"https:\\\/\\\/fjala.info\\\/2009-2015\\\/#\\\/schema\\\/person\\\/3aa1163ef05469c496fc94e77611ada2\",\"name\":\"admin\",\"image\":{\"@type\":\"ImageObject\",\"inLanguage\":\"sq-AL\",\"@id\":\"https:\\\/\\\/fjala.info\\\/2009-2015\\\/wp-content\\\/uploads\\\/2012\\\/02\\\/arben_cokaj-120x150.jpg\",\"url\":\"https:\\\/\\\/fjala.info\\\/2009-2015\\\/wp-content\\\/uploads\\\/2012\\\/02\\\/arben_cokaj-120x150.jpg\",\"contentUrl\":\"https:\\\/\\\/fjala.info\\\/2009-2015\\\/wp-content\\\/uploads\\\/2012\\\/02\\\/arben_cokaj-120x150.jpg\",\"caption\":\"admin\"},\"description\":\"Admin, Fjala e Lir\u00eb\",\"sameAs\":[\"https:\\\/\\\/fjala.info\\\/\"],\"url\":\"https:\\\/\\\/fjala.info\\\/2009-2015\\\/author\\\/admin\\\/\"}]}<\/script>\n<!-- \/ Yoast SEO plugin. -->","yoast_head_json":{"title":"T\u00eb premten do t\u00eb ndodh\u00eb di\u00e7ka e re - FjALA e LIR\u00cb - Arkivi","robots":{"index":"index","follow":"follow","max-snippet":"max-snippet:-1","max-image-preview":"max-image-preview:large","max-video-preview":"max-video-preview:-1"},"canonical":"https:\/\/fjala.info\/2009-2015\/te-premten-do-te-ndodhe-dicka-e-re\/","og_locale":"sq_AL","og_type":"article","og_title":"T\u00eb premten do t\u00eb ndodh\u00eb di\u00e7ka e re - FjALA e LIR\u00cb - Arkivi","og_description":"Pre\u00e7 Zogaj, 26.04.2010 T\u00eb premten me 30 prill do t\u00eb mbahet n\u00eb Tiran\u00eb protesta e opozit\u00ebs p\u00ebr transparenc\u00ebn e zgjedhjeve dhe kriz\u00ebn ekonomike ku po rrokulliset vendi. Pyetja q\u00eb po b\u00ebhet gjithandej n\u00eb vigjilje t\u00eb k\u00ebsaj ngjarjeje t\u00eb r\u00ebnd\u00ebsishme p\u00ebr demokracin\u00eb \u00ebsht\u00eb: &#8220;\u00c7&#8217;do t\u00eb ndodh\u00eb&#8221;? Interesi \u00ebsht\u00eb i ve\u00e7ant\u00eb brenda dhe jasht\u00eb vendit. Pritshm\u00ebria vjen [&hellip;]","og_url":"https:\/\/fjala.info\/2009-2015\/te-premten-do-te-ndodhe-dicka-e-re\/","og_site_name":"FjALA e LIR\u00cb - Arkivi","article_published_time":"2010-04-26T22:20:03+00:00","og_image":[{"url":"http:\/\/www.shkoder.net\/images\/fjala\/prec_zogaj.jpg","type":"","width":"","height":""}],"author":"admin","twitter_card":"summary_large_image","twitter_misc":{"Written by":"admin","Est. reading time":"10 minutes"},"schema":{"@context":"https:\/\/schema.org","@graph":[{"@type":"Article","@id":"https:\/\/fjala.info\/2009-2015\/te-premten-do-te-ndodhe-dicka-e-re\/#article","isPartOf":{"@id":"https:\/\/fjala.info\/2009-2015\/te-premten-do-te-ndodhe-dicka-e-re\/"},"author":{"name":"admin","@id":"https:\/\/fjala.info\/2009-2015\/#\/schema\/person\/3aa1163ef05469c496fc94e77611ada2"},"headline":"T\u00eb premten do t\u00eb ndodh\u00eb di\u00e7ka e re","datePublished":"2010-04-26T22:20:03+00:00","mainEntityOfPage":{"@id":"https:\/\/fjala.info\/2009-2015\/te-premten-do-te-ndodhe-dicka-e-re\/"},"wordCount":1920,"commentCount":1,"publisher":{"@id":"https:\/\/fjala.info\/2009-2015\/#organization"},"image":{"@id":"https:\/\/fjala.info\/2009-2015\/te-premten-do-te-ndodhe-dicka-e-re\/#primaryimage"},"thumbnailUrl":"http:\/\/www.shkoder.net\/images\/fjala\/prec_zogaj.jpg","articleSection":["Artikuj"],"inLanguage":"sq-AL","potentialAction":[{"@type":"CommentAction","name":"Comment","target":["https:\/\/fjala.info\/2009-2015\/te-premten-do-te-ndodhe-dicka-e-re\/#respond"]}]},{"@type":"WebPage","@id":"https:\/\/fjala.info\/2009-2015\/te-premten-do-te-ndodhe-dicka-e-re\/","url":"https:\/\/fjala.info\/2009-2015\/te-premten-do-te-ndodhe-dicka-e-re\/","name":"T\u00eb premten do t\u00eb ndodh\u00eb di\u00e7ka e re - FjALA e LIR\u00cb - Arkivi","isPartOf":{"@id":"https:\/\/fjala.info\/2009-2015\/#website"},"primaryImageOfPage":{"@id":"https:\/\/fjala.info\/2009-2015\/te-premten-do-te-ndodhe-dicka-e-re\/#primaryimage"},"image":{"@id":"https:\/\/fjala.info\/2009-2015\/te-premten-do-te-ndodhe-dicka-e-re\/#primaryimage"},"thumbnailUrl":"http:\/\/www.shkoder.net\/images\/fjala\/prec_zogaj.jpg","datePublished":"2010-04-26T22:20:03+00:00","breadcrumb":{"@id":"https:\/\/fjala.info\/2009-2015\/te-premten-do-te-ndodhe-dicka-e-re\/#breadcrumb"},"inLanguage":"sq-AL","potentialAction":[{"@type":"ReadAction","target":["https:\/\/fjala.info\/2009-2015\/te-premten-do-te-ndodhe-dicka-e-re\/"]}]},{"@type":"ImageObject","inLanguage":"sq-AL","@id":"https:\/\/fjala.info\/2009-2015\/te-premten-do-te-ndodhe-dicka-e-re\/#primaryimage","url":"http:\/\/www.shkoder.net\/images\/fjala\/prec_zogaj.jpg","contentUrl":"http:\/\/www.shkoder.net\/images\/fjala\/prec_zogaj.jpg"},{"@type":"BreadcrumbList","@id":"https:\/\/fjala.info\/2009-2015\/te-premten-do-te-ndodhe-dicka-e-re\/#breadcrumb","itemListElement":[{"@type":"ListItem","position":1,"name":"Home","item":"https:\/\/fjala.info\/2009-2015\/"},{"@type":"ListItem","position":2,"name":"T\u00eb premten do t\u00eb ndodh\u00eb di\u00e7ka e re"}]},{"@type":"WebSite","@id":"https:\/\/fjala.info\/2009-2015\/#website","url":"https:\/\/fjala.info\/2009-2015\/","name":"FjALA e LIR\u00cb - Arkivi","description":"Arkivi 2009-2015","publisher":{"@id":"https:\/\/fjala.info\/2009-2015\/#organization"},"potentialAction":[{"@type":"SearchAction","target":{"@type":"EntryPoint","urlTemplate":"https:\/\/fjala.info\/2009-2015\/?s={search_term_string}"},"query-input":{"@type":"PropertyValueSpecification","valueRequired":true,"valueName":"search_term_string"}}],"inLanguage":"sq-AL"},{"@type":"Organization","@id":"https:\/\/fjala.info\/2009-2015\/#organization","name":"FjALA e LIR\u00cb - Arkivi","url":"https:\/\/fjala.info\/2009-2015\/","logo":{"@type":"ImageObject","inLanguage":"sq-AL","@id":"https:\/\/fjala.info\/2009-2015\/#\/schema\/logo\/image\/","url":"","contentUrl":"","caption":"FjALA e LIR\u00cb - Arkivi"},"image":{"@id":"https:\/\/fjala.info\/2009-2015\/#\/schema\/logo\/image\/"}},{"@type":"Person","@id":"https:\/\/fjala.info\/2009-2015\/#\/schema\/person\/3aa1163ef05469c496fc94e77611ada2","name":"admin","image":{"@type":"ImageObject","inLanguage":"sq-AL","@id":"https:\/\/fjala.info\/2009-2015\/wp-content\/uploads\/2012\/02\/arben_cokaj-120x150.jpg","url":"https:\/\/fjala.info\/2009-2015\/wp-content\/uploads\/2012\/02\/arben_cokaj-120x150.jpg","contentUrl":"https:\/\/fjala.info\/2009-2015\/wp-content\/uploads\/2012\/02\/arben_cokaj-120x150.jpg","caption":"admin"},"description":"Admin, Fjala e Lir\u00eb","sameAs":["https:\/\/fjala.info\/"],"url":"https:\/\/fjala.info\/2009-2015\/author\/admin\/"}]}},"_links":{"self":[{"href":"https:\/\/fjala.info\/2009-2015\/wp-json\/wp\/v2\/posts\/2383","targetHints":{"allow":["GET"]}}],"collection":[{"href":"https:\/\/fjala.info\/2009-2015\/wp-json\/wp\/v2\/posts"}],"about":[{"href":"https:\/\/fjala.info\/2009-2015\/wp-json\/wp\/v2\/types\/post"}],"author":[{"embeddable":true,"href":"https:\/\/fjala.info\/2009-2015\/wp-json\/wp\/v2\/users\/1"}],"replies":[{"embeddable":true,"href":"https:\/\/fjala.info\/2009-2015\/wp-json\/wp\/v2\/comments?post=2383"}],"version-history":[{"count":0,"href":"https:\/\/fjala.info\/2009-2015\/wp-json\/wp\/v2\/posts\/2383\/revisions"}],"wp:attachment":[{"href":"https:\/\/fjala.info\/2009-2015\/wp-json\/wp\/v2\/media?parent=2383"}],"wp:term":[{"taxonomy":"category","embeddable":true,"href":"https:\/\/fjala.info\/2009-2015\/wp-json\/wp\/v2\/categories?post=2383"},{"taxonomy":"post_tag","embeddable":true,"href":"https:\/\/fjala.info\/2009-2015\/wp-json\/wp\/v2\/tags?post=2383"}],"curies":[{"name":"wp","href":"https:\/\/api.w.org\/{rel}","templated":true}]}}