{"id":2380,"date":"2010-04-26T23:05:28","date_gmt":"2010-04-26T22:05:28","guid":{"rendered":"http:\/\/fjala.shkoder.net\/?p=2380"},"modified":"2010-04-26T23:05:28","modified_gmt":"2010-04-26T22:05:28","slug":"vjedhje-ne-emer-te-kombit","status":"publish","type":"post","link":"https:\/\/fjala.info\/2009-2015\/vjedhje-ne-emer-te-kombit\/","title":{"rendered":"Vjedhje n\u00eb em\u00ebr t\u00eb kombit!"},"content":{"rendered":"<p><img decoding=\"async\" style=\"margin-left: 10px; margin-right: 10px; border: 0px;\" src=\"http:\/\/www.shkoder.net\/images\/fjala\/mero_baze1.jpg\" border=\"0\" alt=\"Mero Baze\" width=\"100\" align=\"right\" \/><\/p>\n<p>Nga <strong>Mero Baze<\/strong>, &#8220;<em>Faktori Plus<\/em>&#8221;<\/p>\n<p>Shpesh her\u00eb kombet e vonuara n\u00eb zhvillim mund ta p\u00ebrdorin vones\u00ebn si p\u00ebrpar\u00ebsi kur u vjen koha t\u00eb zhvillohen, pasi mund t\u00eb startojn\u00eb me nj\u00eb qart\u00ebsi m\u00eb t\u00eb madhe projektet p\u00ebr zhvillimin e vendit duke m\u00ebsuar nga gabimet e t\u00eb tjer\u00ebve. Shqiptar\u00ebt jan\u00eb n\u00eb p\u00ebrgjith\u00ebsi kombi m\u00eb pak i zhvilluar i rajonit, por p\u00ebr fat t\u00eb keq k\u00ebt\u00eb vones\u00eb nuk po e kthejn\u00eb n\u00eb p\u00ebrpar\u00ebsi, por n\u00eb regres. Shqip\u00ebria e vonuar nga izolimi komunist p\u00ebr 50 vite, pati shans t\u00eb zhvillonte nj\u00eb koncept t\u00eb qart\u00eb p\u00ebr shembull p\u00ebr zhvillimin e turizmit apo p\u00ebr infrastruktur\u00eb, duke m\u00ebsuar nga gabimet e t\u00eb tjer\u00ebve.<\/p>\n<p>N\u00eb t\u00eb v\u00ebrtet\u00eb, ajo nuk adoptoi asnj\u00eb model, por b\u00ebri me qet\u00ebsi gjith\u00eb gabimet e mundshme. Dhe kur erdhi shansi q\u00eb t\u00eb nd\u00ebrtonte nj\u00eb rrug\u00eb me standarde dhe transparenc\u00eb, nd\u00ebrtoi nj\u00eb piramid\u00eb financiare, e cila po i kushton shtrenjt\u00eb tanim\u00eb ekonomis\u00eb shqiptare. Vet\u00ebm segmenti Rr\u00ebshen-Kalimash i k\u00ebsaj rruge, i cili iu dha pa projekt dhe me kontrat\u00eb diskriminuese shoq\u00ebris\u00eb Bechtel-Enka, kushton rreth 1 miliard euro dhe nuk \u00ebsht\u00eb nd\u00ebrtuar ende, nd\u00ebrkoh\u00eb q\u00eb kontrata parasheh p\u00ebrfundimin e saj n\u00eb vitin 2009, kur dhe u p\u00ebrurua dy her\u00eb p\u00ebr fushat\u00eb elektorale.<\/p>\n<p>Bechtel-Enka-s iu dha \u00e7mim i shtrenjt\u00eb me arsyetimin se e b\u00ebnin shpejt, mir\u00eb dhe fitonim n\u00eb koh\u00eb. Nuk e b\u00ebn as shpejt, as mir\u00eb, se u \u00ebsht\u00eb rr\u00ebzuar tuneli dhe k\u00ebsaj kosto tani, n\u00ebse mund t\u2019i besosh Lulzim Bash\u00ebs q\u00eb n\u00eb nj\u00eb vit fitojm\u00eb 300 deri 400 mij\u00eb euro, i duhen shtuar dhe k\u00ebto humbje. Gabimet m\u00eb t\u00eb qarta ishin tre. E para, q\u00eb nuk u prit t\u00eb behej projekti, e dyta, q\u00eb u dha kosto p\u00ebr nj\u00ebsi dhe e treta, q\u00eb kontrata ishte diskriminuese p\u00ebr qeverin\u00eb shqiptare.<\/p>\n<p>K\u00ebt\u00eb fundjave ky teat\u00ebr u p\u00ebrs\u00ebrit n\u00eb Prizren. E nj\u00ebjta kompani, filloi nd\u00ebrtimin e rrug\u00ebs nga ana e Kosov\u00ebs. S\u00ebrish pa projekt, s\u00ebrish me kosto p\u00ebr nj\u00ebsi dhe s\u00ebrish pa qart\u00ebsi p\u00ebr burimet e financimit t\u00eb qeveris\u00eb, s\u00ebrish n\u00eb p\u00ebrurim Berisha dhe Tha\u00e7i. Kjo p\u00ebrs\u00ebritje e gabimeve tregon se Shqip\u00ebria nuk e ka b\u00ebr\u00eb nga emergjenca at\u00eb zgjidhje, por nga oferta e zbatuesit t\u00eb projektit. Kosova ka pasur boll koh\u00eb, q\u00eb kur Hashim Tha\u00e7i ka ardhur n\u00eb pushtet para dy vjet e gjysm\u00eb, q\u00eb t\u00eb b\u00ebnte nj\u00eb projekt dhe t\u00eb hapte tenderin p\u00ebr nd\u00ebrtimin e rrug\u00ebs.<\/p>\n<p>Dit\u00ebn q\u00eb u b\u00eb kryeminist\u00ebr, e kishte premtim kryesor nd\u00ebrtimin e k\u00ebsaj autostrade dhe n\u00eb nj\u00eb debat q\u00eb kemi pasur n\u00eb Prishtin\u00eb, tha se projekti \u00ebsht\u00eb gati. Mund t\u2019ia falim g\u00ebnjeshtr\u00ebn q\u00eb se ka pasur gati pa u b\u00ebr\u00eb kryeminist\u00ebr, por ka pasur boll koh\u00eb ta b\u00ebj\u00eb p\u00ebr k\u00ebto dy vjet. \u00cbsht\u00eb e patolerueshme q\u00eb nj\u00eb vend i varf\u00ebr si Kosova, t\u00eb ket\u00eb luksin t\u2019i l\u00ebr\u00eb n\u00eb dor\u00eb projektin nj\u00eb kompanie turke me etiket\u00eb amerikane, e cila shihet qart\u00eb se e ka \u00e7mimin mbi dhjet\u00eb her\u00eb m\u00eb t\u00eb shtrenjt\u00eb se \u00e7do kompani shqiptare.<\/p>\n<p>Rruga e Kosov\u00ebs nuk \u00ebsht\u00eb as e v\u00ebshtir\u00eb, sa t\u00eb mos e b\u00ebnte projektin nj\u00eb kompani normale projektimesh dhe e gjith\u00eb kjo situat\u00eb nuk kishte pse futej n\u00eb nj\u00eb kuad\u00ebr emergjence. Fakti q\u00eb Kosova po importon nga Shqip\u00ebria \u00e7do detaj t\u00eb skandalit q\u00eb po i kushton miliona euro ekonomis\u00eb s\u00eb rr\u00ebnuar shqiptare, tregon se e nj\u00ebjta gj\u00eb nga ndodhur dhe n\u00eb Tiran\u00eb. Berisha ka pranuar ofert\u00ebn korruptive dhe tani kjo po kthehet n\u00eb tradit\u00eb komb\u00ebtare. Pra, n\u00ebse kjo rrug\u00eb ka nj\u00eb gj\u00eb patriotike n\u00eb kuptimin folklorik t\u00eb fjal\u00ebs, \u00ebsht\u00eb q\u00eb po krijohet nj\u00eb tradit\u00eb komb\u00ebtare e vjedhjes p\u00ebrmes projekteve n\u00eb em\u00ebr t\u00eb kombit.<\/p>\n<p>Shqip\u00ebria sot ka hyr\u00eb n\u00eb spiralen e borxheve dhe kredive t\u00eb pap\u00ebrballueshme p\u00ebr shkak t\u00eb kredis\u00eb emergjente q\u00eb na u desh t\u00eb marrim nj\u00eb vit m\u00eb par\u00eb me interes t\u00eb lart\u00eb, p\u00ebr t\u00eb shlyer k\u00ebt\u00eb kompani q\u00eb ende nuk na e ka mbaruar rrug\u00ebn. Tani qeveria po detyrohet t\u00eb nxjerr\u00eb rreth 400 milion\u00eb euro bono thesari n\u00eb tregun evropian me shpres\u00eb t\u00eb marr\u00eb ca euro t\u00eb tjera p\u00ebr t\u00eb shlyer interesat e borxhit t\u00eb marr\u00eb. Kosova, v\u00ebshtir\u00eb se do t\u00eb ket\u00eb fuqi t\u00eb futet n\u00eb k\u00ebt\u00eb spirale, nd\u00ebrkoh\u00eb q\u00eb kjo rrug\u00eb kushton sa gjysma e buxhetit t\u00eb planifikuar vjetor t\u00eb saj. \u00cbsht\u00eb aventur\u00eb e madhe t\u00eb p\u00ebrs\u00ebris\u00ebsh gabime n\u00eb em\u00ebr t\u00eb kombit dhe krim i madh t\u00eb korruptohesh n\u00eb em\u00ebr t\u00eb tij.<\/p>\n","protected":false},"excerpt":{"rendered":"<p>Nga Mero Baze, &#8220;Faktori Plus&#8221; Shpesh her\u00eb kombet e vonuara n\u00eb zhvillim mund ta p\u00ebrdorin vones\u00ebn si p\u00ebrpar\u00ebsi kur u vjen koha t\u00eb zhvillohen, pasi mund t\u00eb startojn\u00eb me nj\u00eb qart\u00ebsi m\u00eb t\u00eb madhe projektet p\u00ebr zhvillimin e vendit duke m\u00ebsuar nga gabimet e t\u00eb tjer\u00ebve. Shqiptar\u00ebt jan\u00eb n\u00eb p\u00ebrgjith\u00ebsi kombi m\u00eb pak i zhvilluar [&hellip;]<\/p>\n","protected":false},"author":1,"featured_media":0,"comment_status":"open","ping_status":"closed","sticky":false,"template":"","format":"standard","meta":{"footnotes":""},"categories":[2],"tags":[],"class_list":{"0":"post-2380","1":"post","2":"type-post","3":"status-publish","4":"format-standard","6":"category-artikuj"},"yoast_head":"<!-- This site is optimized with the Yoast SEO plugin v27.4 - https:\/\/yoast.com\/product\/yoast-seo-wordpress\/ -->\n<title>Vjedhje n\u00eb em\u00ebr t\u00eb kombit! - FjALA e LIR\u00cb - Arkivi<\/title>\n<meta name=\"robots\" content=\"index, follow, max-snippet:-1, max-image-preview:large, max-video-preview:-1\" \/>\n<link rel=\"canonical\" href=\"https:\/\/fjala.info\/2009-2015\/vjedhje-ne-emer-te-kombit\/\" \/>\n<meta property=\"og:locale\" content=\"sq_AL\" \/>\n<meta property=\"og:type\" content=\"article\" \/>\n<meta property=\"og:title\" content=\"Vjedhje n\u00eb em\u00ebr t\u00eb kombit! - FjALA e LIR\u00cb - Arkivi\" \/>\n<meta property=\"og:description\" content=\"Nga Mero Baze, &#8220;Faktori Plus&#8221; Shpesh her\u00eb kombet e vonuara n\u00eb zhvillim mund ta p\u00ebrdorin vones\u00ebn si p\u00ebrpar\u00ebsi kur u vjen koha t\u00eb zhvillohen, pasi mund t\u00eb startojn\u00eb me nj\u00eb qart\u00ebsi m\u00eb t\u00eb madhe projektet p\u00ebr zhvillimin e vendit duke m\u00ebsuar nga gabimet e t\u00eb tjer\u00ebve. Shqiptar\u00ebt jan\u00eb n\u00eb p\u00ebrgjith\u00ebsi kombi m\u00eb pak i zhvilluar [&hellip;]\" \/>\n<meta property=\"og:url\" content=\"https:\/\/fjala.info\/2009-2015\/vjedhje-ne-emer-te-kombit\/\" \/>\n<meta property=\"og:site_name\" content=\"FjALA e LIR\u00cb - Arkivi\" \/>\n<meta property=\"article:published_time\" content=\"2010-04-26T22:05:28+00:00\" \/>\n<meta property=\"og:image\" content=\"http:\/\/www.shkoder.net\/images\/fjala\/mero_baze1.jpg\" \/>\n<meta name=\"author\" content=\"admin\" \/>\n<meta name=\"twitter:card\" content=\"summary_large_image\" \/>\n<meta name=\"twitter:label1\" content=\"Written by\" \/>\n\t<meta name=\"twitter:data1\" content=\"admin\" \/>\n\t<meta name=\"twitter:label2\" content=\"Est. reading time\" \/>\n\t<meta name=\"twitter:data2\" content=\"4 minutes\" \/>\n<script type=\"application\/ld+json\" class=\"yoast-schema-graph\">{\"@context\":\"https:\\\/\\\/schema.org\",\"@graph\":[{\"@type\":\"Article\",\"@id\":\"https:\\\/\\\/fjala.info\\\/2009-2015\\\/vjedhje-ne-emer-te-kombit\\\/#article\",\"isPartOf\":{\"@id\":\"https:\\\/\\\/fjala.info\\\/2009-2015\\\/vjedhje-ne-emer-te-kombit\\\/\"},\"author\":{\"name\":\"admin\",\"@id\":\"https:\\\/\\\/fjala.info\\\/2009-2015\\\/#\\\/schema\\\/person\\\/3aa1163ef05469c496fc94e77611ada2\"},\"headline\":\"Vjedhje n\u00eb em\u00ebr t\u00eb kombit!\",\"datePublished\":\"2010-04-26T22:05:28+00:00\",\"mainEntityOfPage\":{\"@id\":\"https:\\\/\\\/fjala.info\\\/2009-2015\\\/vjedhje-ne-emer-te-kombit\\\/\"},\"wordCount\":815,\"commentCount\":0,\"publisher\":{\"@id\":\"https:\\\/\\\/fjala.info\\\/2009-2015\\\/#organization\"},\"image\":{\"@id\":\"https:\\\/\\\/fjala.info\\\/2009-2015\\\/vjedhje-ne-emer-te-kombit\\\/#primaryimage\"},\"thumbnailUrl\":\"http:\\\/\\\/www.shkoder.net\\\/images\\\/fjala\\\/mero_baze1.jpg\",\"articleSection\":[\"Artikuj\"],\"inLanguage\":\"sq-AL\",\"potentialAction\":[{\"@type\":\"CommentAction\",\"name\":\"Comment\",\"target\":[\"https:\\\/\\\/fjala.info\\\/2009-2015\\\/vjedhje-ne-emer-te-kombit\\\/#respond\"]}]},{\"@type\":\"WebPage\",\"@id\":\"https:\\\/\\\/fjala.info\\\/2009-2015\\\/vjedhje-ne-emer-te-kombit\\\/\",\"url\":\"https:\\\/\\\/fjala.info\\\/2009-2015\\\/vjedhje-ne-emer-te-kombit\\\/\",\"name\":\"Vjedhje n\u00eb em\u00ebr t\u00eb kombit! - FjALA e LIR\u00cb - Arkivi\",\"isPartOf\":{\"@id\":\"https:\\\/\\\/fjala.info\\\/2009-2015\\\/#website\"},\"primaryImageOfPage\":{\"@id\":\"https:\\\/\\\/fjala.info\\\/2009-2015\\\/vjedhje-ne-emer-te-kombit\\\/#primaryimage\"},\"image\":{\"@id\":\"https:\\\/\\\/fjala.info\\\/2009-2015\\\/vjedhje-ne-emer-te-kombit\\\/#primaryimage\"},\"thumbnailUrl\":\"http:\\\/\\\/www.shkoder.net\\\/images\\\/fjala\\\/mero_baze1.jpg\",\"datePublished\":\"2010-04-26T22:05:28+00:00\",\"breadcrumb\":{\"@id\":\"https:\\\/\\\/fjala.info\\\/2009-2015\\\/vjedhje-ne-emer-te-kombit\\\/#breadcrumb\"},\"inLanguage\":\"sq-AL\",\"potentialAction\":[{\"@type\":\"ReadAction\",\"target\":[\"https:\\\/\\\/fjala.info\\\/2009-2015\\\/vjedhje-ne-emer-te-kombit\\\/\"]}]},{\"@type\":\"ImageObject\",\"inLanguage\":\"sq-AL\",\"@id\":\"https:\\\/\\\/fjala.info\\\/2009-2015\\\/vjedhje-ne-emer-te-kombit\\\/#primaryimage\",\"url\":\"http:\\\/\\\/www.shkoder.net\\\/images\\\/fjala\\\/mero_baze1.jpg\",\"contentUrl\":\"http:\\\/\\\/www.shkoder.net\\\/images\\\/fjala\\\/mero_baze1.jpg\"},{\"@type\":\"BreadcrumbList\",\"@id\":\"https:\\\/\\\/fjala.info\\\/2009-2015\\\/vjedhje-ne-emer-te-kombit\\\/#breadcrumb\",\"itemListElement\":[{\"@type\":\"ListItem\",\"position\":1,\"name\":\"Home\",\"item\":\"https:\\\/\\\/fjala.info\\\/2009-2015\\\/\"},{\"@type\":\"ListItem\",\"position\":2,\"name\":\"Vjedhje n\u00eb em\u00ebr t\u00eb kombit!\"}]},{\"@type\":\"WebSite\",\"@id\":\"https:\\\/\\\/fjala.info\\\/2009-2015\\\/#website\",\"url\":\"https:\\\/\\\/fjala.info\\\/2009-2015\\\/\",\"name\":\"FjALA e LIR\u00cb - Arkivi\",\"description\":\"Arkivi 2009-2015\",\"publisher\":{\"@id\":\"https:\\\/\\\/fjala.info\\\/2009-2015\\\/#organization\"},\"potentialAction\":[{\"@type\":\"SearchAction\",\"target\":{\"@type\":\"EntryPoint\",\"urlTemplate\":\"https:\\\/\\\/fjala.info\\\/2009-2015\\\/?s={search_term_string}\"},\"query-input\":{\"@type\":\"PropertyValueSpecification\",\"valueRequired\":true,\"valueName\":\"search_term_string\"}}],\"inLanguage\":\"sq-AL\"},{\"@type\":\"Organization\",\"@id\":\"https:\\\/\\\/fjala.info\\\/2009-2015\\\/#organization\",\"name\":\"FjALA e LIR\u00cb - Arkivi\",\"url\":\"https:\\\/\\\/fjala.info\\\/2009-2015\\\/\",\"logo\":{\"@type\":\"ImageObject\",\"inLanguage\":\"sq-AL\",\"@id\":\"https:\\\/\\\/fjala.info\\\/2009-2015\\\/#\\\/schema\\\/logo\\\/image\\\/\",\"url\":\"\",\"contentUrl\":\"\",\"caption\":\"FjALA e LIR\u00cb - Arkivi\"},\"image\":{\"@id\":\"https:\\\/\\\/fjala.info\\\/2009-2015\\\/#\\\/schema\\\/logo\\\/image\\\/\"}},{\"@type\":\"Person\",\"@id\":\"https:\\\/\\\/fjala.info\\\/2009-2015\\\/#\\\/schema\\\/person\\\/3aa1163ef05469c496fc94e77611ada2\",\"name\":\"admin\",\"image\":{\"@type\":\"ImageObject\",\"inLanguage\":\"sq-AL\",\"@id\":\"https:\\\/\\\/fjala.info\\\/2009-2015\\\/wp-content\\\/uploads\\\/2012\\\/02\\\/arben_cokaj-120x150.jpg\",\"url\":\"https:\\\/\\\/fjala.info\\\/2009-2015\\\/wp-content\\\/uploads\\\/2012\\\/02\\\/arben_cokaj-120x150.jpg\",\"contentUrl\":\"https:\\\/\\\/fjala.info\\\/2009-2015\\\/wp-content\\\/uploads\\\/2012\\\/02\\\/arben_cokaj-120x150.jpg\",\"caption\":\"admin\"},\"description\":\"Admin, Fjala e Lir\u00eb\",\"sameAs\":[\"https:\\\/\\\/fjala.info\\\/\"],\"url\":\"https:\\\/\\\/fjala.info\\\/2009-2015\\\/author\\\/admin\\\/\"}]}<\/script>\n<!-- \/ Yoast SEO plugin. -->","yoast_head_json":{"title":"Vjedhje n\u00eb em\u00ebr t\u00eb kombit! - FjALA e LIR\u00cb - Arkivi","robots":{"index":"index","follow":"follow","max-snippet":"max-snippet:-1","max-image-preview":"max-image-preview:large","max-video-preview":"max-video-preview:-1"},"canonical":"https:\/\/fjala.info\/2009-2015\/vjedhje-ne-emer-te-kombit\/","og_locale":"sq_AL","og_type":"article","og_title":"Vjedhje n\u00eb em\u00ebr t\u00eb kombit! - FjALA e LIR\u00cb - Arkivi","og_description":"Nga Mero Baze, &#8220;Faktori Plus&#8221; Shpesh her\u00eb kombet e vonuara n\u00eb zhvillim mund ta p\u00ebrdorin vones\u00ebn si p\u00ebrpar\u00ebsi kur u vjen koha t\u00eb zhvillohen, pasi mund t\u00eb startojn\u00eb me nj\u00eb qart\u00ebsi m\u00eb t\u00eb madhe projektet p\u00ebr zhvillimin e vendit duke m\u00ebsuar nga gabimet e t\u00eb tjer\u00ebve. Shqiptar\u00ebt jan\u00eb n\u00eb p\u00ebrgjith\u00ebsi kombi m\u00eb pak i zhvilluar [&hellip;]","og_url":"https:\/\/fjala.info\/2009-2015\/vjedhje-ne-emer-te-kombit\/","og_site_name":"FjALA e LIR\u00cb - Arkivi","article_published_time":"2010-04-26T22:05:28+00:00","og_image":[{"url":"http:\/\/www.shkoder.net\/images\/fjala\/mero_baze1.jpg","type":"","width":"","height":""}],"author":"admin","twitter_card":"summary_large_image","twitter_misc":{"Written by":"admin","Est. reading time":"4 minutes"},"schema":{"@context":"https:\/\/schema.org","@graph":[{"@type":"Article","@id":"https:\/\/fjala.info\/2009-2015\/vjedhje-ne-emer-te-kombit\/#article","isPartOf":{"@id":"https:\/\/fjala.info\/2009-2015\/vjedhje-ne-emer-te-kombit\/"},"author":{"name":"admin","@id":"https:\/\/fjala.info\/2009-2015\/#\/schema\/person\/3aa1163ef05469c496fc94e77611ada2"},"headline":"Vjedhje n\u00eb em\u00ebr t\u00eb kombit!","datePublished":"2010-04-26T22:05:28+00:00","mainEntityOfPage":{"@id":"https:\/\/fjala.info\/2009-2015\/vjedhje-ne-emer-te-kombit\/"},"wordCount":815,"commentCount":0,"publisher":{"@id":"https:\/\/fjala.info\/2009-2015\/#organization"},"image":{"@id":"https:\/\/fjala.info\/2009-2015\/vjedhje-ne-emer-te-kombit\/#primaryimage"},"thumbnailUrl":"http:\/\/www.shkoder.net\/images\/fjala\/mero_baze1.jpg","articleSection":["Artikuj"],"inLanguage":"sq-AL","potentialAction":[{"@type":"CommentAction","name":"Comment","target":["https:\/\/fjala.info\/2009-2015\/vjedhje-ne-emer-te-kombit\/#respond"]}]},{"@type":"WebPage","@id":"https:\/\/fjala.info\/2009-2015\/vjedhje-ne-emer-te-kombit\/","url":"https:\/\/fjala.info\/2009-2015\/vjedhje-ne-emer-te-kombit\/","name":"Vjedhje n\u00eb em\u00ebr t\u00eb kombit! - FjALA e LIR\u00cb - Arkivi","isPartOf":{"@id":"https:\/\/fjala.info\/2009-2015\/#website"},"primaryImageOfPage":{"@id":"https:\/\/fjala.info\/2009-2015\/vjedhje-ne-emer-te-kombit\/#primaryimage"},"image":{"@id":"https:\/\/fjala.info\/2009-2015\/vjedhje-ne-emer-te-kombit\/#primaryimage"},"thumbnailUrl":"http:\/\/www.shkoder.net\/images\/fjala\/mero_baze1.jpg","datePublished":"2010-04-26T22:05:28+00:00","breadcrumb":{"@id":"https:\/\/fjala.info\/2009-2015\/vjedhje-ne-emer-te-kombit\/#breadcrumb"},"inLanguage":"sq-AL","potentialAction":[{"@type":"ReadAction","target":["https:\/\/fjala.info\/2009-2015\/vjedhje-ne-emer-te-kombit\/"]}]},{"@type":"ImageObject","inLanguage":"sq-AL","@id":"https:\/\/fjala.info\/2009-2015\/vjedhje-ne-emer-te-kombit\/#primaryimage","url":"http:\/\/www.shkoder.net\/images\/fjala\/mero_baze1.jpg","contentUrl":"http:\/\/www.shkoder.net\/images\/fjala\/mero_baze1.jpg"},{"@type":"BreadcrumbList","@id":"https:\/\/fjala.info\/2009-2015\/vjedhje-ne-emer-te-kombit\/#breadcrumb","itemListElement":[{"@type":"ListItem","position":1,"name":"Home","item":"https:\/\/fjala.info\/2009-2015\/"},{"@type":"ListItem","position":2,"name":"Vjedhje n\u00eb em\u00ebr t\u00eb kombit!"}]},{"@type":"WebSite","@id":"https:\/\/fjala.info\/2009-2015\/#website","url":"https:\/\/fjala.info\/2009-2015\/","name":"FjALA e LIR\u00cb - Arkivi","description":"Arkivi 2009-2015","publisher":{"@id":"https:\/\/fjala.info\/2009-2015\/#organization"},"potentialAction":[{"@type":"SearchAction","target":{"@type":"EntryPoint","urlTemplate":"https:\/\/fjala.info\/2009-2015\/?s={search_term_string}"},"query-input":{"@type":"PropertyValueSpecification","valueRequired":true,"valueName":"search_term_string"}}],"inLanguage":"sq-AL"},{"@type":"Organization","@id":"https:\/\/fjala.info\/2009-2015\/#organization","name":"FjALA e LIR\u00cb - Arkivi","url":"https:\/\/fjala.info\/2009-2015\/","logo":{"@type":"ImageObject","inLanguage":"sq-AL","@id":"https:\/\/fjala.info\/2009-2015\/#\/schema\/logo\/image\/","url":"","contentUrl":"","caption":"FjALA e LIR\u00cb - Arkivi"},"image":{"@id":"https:\/\/fjala.info\/2009-2015\/#\/schema\/logo\/image\/"}},{"@type":"Person","@id":"https:\/\/fjala.info\/2009-2015\/#\/schema\/person\/3aa1163ef05469c496fc94e77611ada2","name":"admin","image":{"@type":"ImageObject","inLanguage":"sq-AL","@id":"https:\/\/fjala.info\/2009-2015\/wp-content\/uploads\/2012\/02\/arben_cokaj-120x150.jpg","url":"https:\/\/fjala.info\/2009-2015\/wp-content\/uploads\/2012\/02\/arben_cokaj-120x150.jpg","contentUrl":"https:\/\/fjala.info\/2009-2015\/wp-content\/uploads\/2012\/02\/arben_cokaj-120x150.jpg","caption":"admin"},"description":"Admin, Fjala e Lir\u00eb","sameAs":["https:\/\/fjala.info\/"],"url":"https:\/\/fjala.info\/2009-2015\/author\/admin\/"}]}},"_links":{"self":[{"href":"https:\/\/fjala.info\/2009-2015\/wp-json\/wp\/v2\/posts\/2380","targetHints":{"allow":["GET"]}}],"collection":[{"href":"https:\/\/fjala.info\/2009-2015\/wp-json\/wp\/v2\/posts"}],"about":[{"href":"https:\/\/fjala.info\/2009-2015\/wp-json\/wp\/v2\/types\/post"}],"author":[{"embeddable":true,"href":"https:\/\/fjala.info\/2009-2015\/wp-json\/wp\/v2\/users\/1"}],"replies":[{"embeddable":true,"href":"https:\/\/fjala.info\/2009-2015\/wp-json\/wp\/v2\/comments?post=2380"}],"version-history":[{"count":0,"href":"https:\/\/fjala.info\/2009-2015\/wp-json\/wp\/v2\/posts\/2380\/revisions"}],"wp:attachment":[{"href":"https:\/\/fjala.info\/2009-2015\/wp-json\/wp\/v2\/media?parent=2380"}],"wp:term":[{"taxonomy":"category","embeddable":true,"href":"https:\/\/fjala.info\/2009-2015\/wp-json\/wp\/v2\/categories?post=2380"},{"taxonomy":"post_tag","embeddable":true,"href":"https:\/\/fjala.info\/2009-2015\/wp-json\/wp\/v2\/tags?post=2380"}],"curies":[{"name":"wp","href":"https:\/\/api.w.org\/{rel}","templated":true}]}}