{"id":238,"date":"2011-11-21T00:56:38","date_gmt":"2011-11-20T23:56:38","guid":{"rendered":"http:\/\/fjala.shkoder.net\/?p=238"},"modified":"2011-11-21T00:56:38","modified_gmt":"2011-11-20T23:56:38","slug":"bestseller-dhe-pleskavica-serbe","status":"publish","type":"post","link":"https:\/\/fjala.info\/2009-2015\/bestseller-dhe-pleskavica-serbe\/","title":{"rendered":"Bestseller dhe pleskavica serbe"},"content":{"rendered":"<p><img decoding=\"async\" class=\"alignright size-thumbnail wp-image-7236\" title=\"Koloreto Cukali\" src=\"http:\/\/www.shkoder.net\/images\/fjala\/koloreto_cukali.jpg\" alt=\"\" width=\"150\" \/> <strong>Koloreto Cukali<\/strong><\/p>\n<p>Nga panairi i librit i fillimit t\u00eb N\u00ebntorit dola me pak mbresa, me pak libra dhe me shum\u00eb pik\u00ebpyetje.<\/p>\n<p>N\u00eb oborr t\u00eb panairit, nj\u00eb \u00e7ad\u00ebr prej nga th\u00ebrriste tymi i qofteve. \u00c7adra kishte dhe em\u00ebrtimin e vet, p\u00ebr mua t\u00eb pakuptuesh\u00ebm, n\u00eb cirilik\u00eb. Arrita t\u00eb deshifroj \u201cBeograd\u201d.<\/p>\n<p>I vetmi vend ku mund t\u00eb haje di\u00e7ka t\u00eb shpejt\u00eb n\u00eb Panairin e Librit shqip ishte pik\u00ebrisht nj\u00eb \u00e7ad\u00ebr me pleskavica e birr\u00eb serbe. Me qeset e librave n\u00eb dor\u00eb, shqiptar\u00ebt drejtoheshin t\u00eb hipnotizuar nga avujt e mishit t\u00eb pjekur.<\/p>\n<p>Prit, prit. Nj\u00eb \u00e7ad\u00ebr serbe n\u00eb mes t\u00eb Tiran\u00ebs?!<\/p>\n<p>Shqip\u00ebria dhe pleskavicat<\/p>\n<p>Nj\u00eb \u00e7ad\u00ebr pleskavicash serbe, mu n\u00eb mes t\u00eb Tiran\u00ebs.<\/p>\n<p>Ekzistenca e k\u00ebsaj \u00e7adre ka tre element\u00eb thelb\u00ebsor\u00eb. Ata q\u00eb e soll\u00ebn, ata q\u00eb shit\u00ebn pleskavica, dhe ata q\u00eb i han\u00eb.<\/p>\n<p>Ata q\u00eb e soll\u00ebn dhe pleskavicat<\/p>\n<p>Arsyeja e atyre q\u00eb i soll\u00ebn \u00ebsht\u00eb gati e pakuptueshme. Mund t\u00eb jet\u00eb thjesht biznes. Mund t\u00eb jet\u00eb komoditet. Mund t\u00eb jet\u00eb rutin\u00eb. Mund t\u00eb jet\u00eb p\u00ebr t\u2019i b\u00ebr\u00eb nder dikujt. Ose, dikush e ka menduar si trend pikant. Mund t\u00eb jet\u00eb dhe dikush q\u00eb i ha kaq shum\u00eb pleskavicat vet\u00eb, sa ishte gati q\u00eb p\u00ebr hobin e vet t\u2019i sillte medoemos k\u00ebtu. Si\u00e7 sjell Realin nj\u00eb fans i Realit. N\u00eb k\u00ebt\u00eb rast, lus zotin q\u00eb her\u00ebn tjet\u00ebr dikush t\u00eb ket\u00eb si hobi mbr\u00ebmjet japoneze t\u00eb \u00e7ajit, q\u00eb, p\u00ebr hir t\u00eb s\u00eb v\u00ebrtet\u00ebs do t\u00eb m\u00eb shkonin m\u00eb shum\u00eb me librin sesa qoftet.<\/p>\n<p>Por, gjasat jan\u00eb q\u00eb arsyeja e ardhjes s\u00eb tyre k\u00ebtu t\u00eb jet\u00eb fare banale, aq e r\u00ebndomt\u00eb saq\u00eb s\u2019arrin t\u00eb na e kap\u00eb mendja. Dhe, n\u00eb k\u00ebt\u00eb katrahur\u00eb, jo se ka shum\u00eb r\u00ebnd\u00ebsi.<\/p>\n<p>Ata q\u00eb shit\u00ebn pleskavica dhe pleskavicat<\/p>\n<p>Ata q\u00eb na i shit\u00ebn jan\u00eb p\u00ebr t\u2019u par\u00eb me dhimbsuri.<\/p>\n<p>Vet\u00ebm kur mendoj mundin q\u00eb u \u00ebsht\u00eb dashur t\u00eb paketojn\u00eb, t\u00eb udh\u00ebtojn\u00eb, t\u00eb \u00e7paketojn\u00eb, t\u00eb shesin qofte n\u00eb k\u00ebmb\u00eb n\u00eb nj\u00eb vend t\u00eb larg\u00ebt e armiq\u00ebsor, do t\u00eb thot\u00eb q\u00eb biznesi n\u00eb atdhe duhet t\u00eb jet\u00eb n\u00eb halle t\u00eb m\u00ebdha. Imagjino gar\u00ebn q\u00eb duhet t\u00eb ken\u00eb b\u00ebr\u00eb, se mos ua zinte sheshin ndonj\u00eb \u00e7ad\u00ebr k\u00ebrnackash. Aq m\u00eb tep\u00ebr, kur Kor\u00e7a \u00ebsht\u00eb m\u00eb af\u00ebr se Beogradi.<\/p>\n<p>Dua ta p\u00ebrjashtoj dhe opsionin q\u00eb mor\u00ebn k\u00ebt\u00eb rrug\u00eb t\u00eb gjat\u00eb me vullnetin e udh\u00ebtarit q\u00eb i p\u00eblqen t\u00eb eksploroj\u00eb vende t\u00eb reja.<\/p>\n<p>Por, ndjehej q\u00eb kishin kursyer \u2013 tek kualifikimi i stafit. Asnj\u00eb nuk fliste shqip e v\u00ebshtir\u00eb t\u00eb gjeje nj\u00eb gjuh\u00eb q\u00eb t\u00eb merreshe vesh, p\u00ebrve\u00e7 shenjave.<\/p>\n<p>Kjo nuk i pengoi shqiptar\u00ebt t\u00eb denden n\u00eb pleskavica e birr\u00eb serbe.<\/p>\n<p>Ata q\u00eb h\u00ebngr\u00ebn pleskavica dhe pleskavicat<\/p>\n<p>Ndryshe nga \u00e7\u2019mund t\u00eb mendohet kur lexon blogjet shqiptare dhe grupet e fejsbukut, nj\u00eb \u00e7ad\u00ebr serbe n\u00eb mes t\u00eb Tiran\u00ebs nuk b\u00ebn thuajse fare p\u00ebrshtypje. Nuk do t\u00eb ndodhte e nj\u00ebjta gj\u00eb me nj\u00eb \u00e7ad\u00ebr me qofte e birra Tirana n\u00eb mes t\u00eb Beogradit. Un\u00eb kam miq, q\u00eb nuk guxonin t\u00eb flisnin shqip n\u00eb baret e Beogradit, ngaq\u00eb nuk u sh\u00ebrbenin ose i shikonin me urrejtje.<\/p>\n<p>A jemi ne m\u00eb t\u00eb mir\u00eb se serb\u00ebt kur vjen puna te nacionalizmi apo tek ndjenjat komb\u00ebtare?<\/p>\n<p>N\u00eb marr\u00ebdh\u00ebnien ton\u00eb me t\u00eb huajt, shtresat e kompleksitetit jan\u00eb si ato t\u00eb qep\u00ebs.<\/p>\n<p>Historikisht, ne inatin e kemi pasur me t\u00eb sojit ton\u00eb m\u00eb shum\u00eb se me t\u00eb huajin. Pa dashur t\u00eb hap tema historike, por, n\u00eb shum\u00eb raste, q\u00eb nga Sk\u00ebnderbeu e deri te Lufta nacional-\u00e7lirimtare, shqiptar\u00ebt m\u00eb shum\u00eb b\u00ebnin luft\u00eb kund\u00ebr shqiptar\u00ebve se kund\u00ebr pushtuesve.<\/p>\n<p>Marr\u00ebdh\u00ebnia e imponuar e koh\u00ebs s\u00eb Enverit karshi t\u00eb huajve, na ka kompleksuar jo pak. T\u00ebr\u00eb k\u00ebta breza q\u00eb qeverisin sot, q\u00eb kan\u00eb parat\u00eb sot, e drejtojn\u00eb sot, jan\u00eb rritur e edukuar n\u00ebn hijen e k\u00ebtij kompleksi. Prandaj, deti mund t\u00eb shitet aq leht\u00eb. Prandaj, plehrat mund t\u00eb hyjn\u00eb kaq leht\u00eb. Ne kemi raporte t\u00eb denatyruara karshi nj\u00ebri-tjetrit e t\u00eb huajve, karshi tok\u00ebs e paras\u00eb e t\u00eb huajve, karshi bes\u00ebs e ksenofilis\u00eb.<\/p>\n<p>Prandaj, gjith\u00eb ata q\u00eb h\u00ebngr\u00ebn nj\u00eb pleskavic\u00eb t\u00eb v\u00ebrtet\u00eb, jan\u00eb po t\u00eb nj\u00ebjt\u00ebt nacionalist\u00eb virtual\u00eb q\u00eb b\u00ebrtasin p\u00ebr djegie flamujsh n\u00eb internet.<\/p>\n<p>Sepse, ne jemi popull i dyzuar: mes asaj q\u00eb duam t\u00eb dukemi e asaj q\u00eb jemi.<\/p>\n<p>Shqip\u00ebria q\u00eb duket, Shqip\u00ebria q\u00eb \u00ebsht\u00eb\u2026 dhe (pa dyshiiiim) pleskavicat!<\/p>\n<p>Edhe Shqip\u00ebria e p\u00ebrfaq\u00ebsuar n\u00eb \u201cOpinion\u201d nuk ka lidhje me Shqip\u00ebrin\u00eb e v\u00ebrtet\u00eb. aty thuhen ato q\u00eb duhen th\u00ebn\u00eb. Jasht\u00eb emisionit, b\u00ebhen ato q\u00eb duhen b\u00ebr\u00eb.<\/p>\n<p>Sepse, ka koh\u00eb q\u00eb ne kemi 2 standarde, at\u00eb q\u00eb flasim (p\u00ebr hir t\u00eb t\u00eb folur\u00ebs) dhe at\u00eb q\u00eb b\u00ebjm\u00eb. Madje, m\u00eb shum\u00eb se standarde jan\u00eb dimensione t\u00eb jetuari: ne jetojm\u00eb mes t\u00eb dukurit e realitetit biologjik, mes asaj q\u00eb ekziston v\u00ebrtet e asaj q\u00eb ne duam t\u00eb ekzistoj\u00eb.<\/p>\n<p>\u201cNacionalizmi \u00ebsht\u00eb streha e fundit e horrave\u201d. Kam mundur t\u00eb v\u00eb re q\u00eb ky postulat filozofik u djeg shum\u00eb vet\u00ebve, atyre q\u00eb n\u00eb thell\u00ebsi e ndjejn\u00eb veten nacionalist\u00eb. Tjet\u00ebr pun\u00eb se \u201cnacionalist\u00ebt\u201d n\u00eb votime votojn\u00eb personat dhe partit\u00eb q\u00eb haptas kryejn\u00eb veprime antinacionaliste. Sepse, n\u00eb dit\u00ebn e \u201csovranitetit\u201d e hedhin vot\u00ebn n\u00eb m\u00ebnyr\u00eb aspak nacionaliste. Prandaj dhe kjo elit\u00eb q\u00eb drejton nuk \u00ebsht\u00eb m\u00eb e ndershme e nacionaliste se ajo mas\u00eb \u201csovrane\u201d q\u00eb e voton.<\/p>\n<p>Nacionalizmi yn\u00eb, \u00ebsht\u00eb vet\u00ebm virtual dhe rrall\u00ebher\u00eb konkret. N\u00eb Maqedoni p\u00ebr t\u00eb disat\u00ebn her\u00eb mund t\u00eb na fyejn\u00eb himnin e flamurin, por, kjo duket sikur nuk ka t\u00eb b\u00ebj\u00eb me shtetin shqiptar.<\/p>\n<p>Un\u00eb e mendoj si Lubonja, q\u00eb \u201cnacionalizmi \u00ebsht\u00eb streha e fundit e horrave\u201d. Kjo n\u00ebnkupton q\u00eb nacionalizmi t\u00eb zhduket si retorik\u00eb p\u00ebr t\u00eb mbuluar batak\u00e7ill\u00ebqet, e t\u00eb aplikohet si politik\u00eb barazie ekonomike.<\/p>\n<p>Nacionalizmi i v\u00ebrtet\u00eb, \u00ebsht\u00eb nj\u00eb shtet q\u00eb minimalisht k\u00ebrkon t\u00eb jet\u00eb i barabart\u00eb me fqinj\u00ebt. Q\u00eb nd\u00ebrton marr\u00ebdh\u00ebnie dinjitoze ekonomike e kulturore edhe me \u201carmiqt\u00eb\u201d tradicional\u00eb. Nj\u00eb shtet q\u00eb nuk ia grisin pasaportat n\u00eb kufi, q\u00eb nuk ia djegin flamurin, q\u00eb nuk ia p\u00ebrdhosin gjuh\u00ebn, q\u00eb nuk \u00ebsht\u00eb i detyruar t\u00eb loboj\u00eb me copa atdheu, jo se e kan\u00eb frik\u00eb, por se \u00ebsht\u00eb nj\u00eb shtet q\u00eb imponon respekt. Nj\u00eb shtet, q\u00eb nuk kushton 1 euro.<\/p>\n<p>P\u00ebr fat t\u00eb keq, ky shtet pasqyron ata q\u00eb shoq\u00ebria dhe ekonomia jon\u00eb \u00ebsht\u00eb: n\u00eb dukje e hapur, n\u00eb realitet, e zb\u00ebrthyer!<\/p>\n<p>Shqip\u00ebria \u201ce hapur\u201d dhe pleskavicat<\/p>\n<p>N\u00ebse ky \u00ebsht\u00eb modeli i hapjes ndaj investitor\u00ebve, kam p\u00ebrshtypjen q\u00eb nuk do t\u00eb shkojm\u00eb shum\u00eb larg.<\/p>\n<p>Ndoshta, ngaq\u00eb zhvillimin nuk e pres prej qofteve. Nga ana tjet\u00ebr, struktura jon\u00eb ekonomike akoma nuk \u00ebsht\u00eb p\u00ebrsosur n\u00eb pik\u00ebn q\u00eb t\u00eb mund t\u00eb nxjerr\u00eb fitim nga \u00e7do qofte e shitur. Nuk besoj se jemi n\u00eb gjendje t\u00eb monitorojn\u00eb numrin e qofteve t\u00eb shitura. N\u00eb faturat tona tatimore, akoma nuk ka hyr\u00eb koncepti i tatimit p\u00ebr kok\u00eb qofteje. P\u00ebr t\u00eb mos th\u00ebn\u00eb q\u00eb n\u00eb \u00e7adr\u00ebn e pleskavicave serbe, askush nuk m\u00eb dha nj\u00eb fatur\u00eb tatimore shqiptare.<\/p>\n<p>Kam frik\u00eb se shteti yn\u00eb ka nj\u00eb evazion fiskal nga mostatimi i atyre pleskavicave, \u00e7ka mund t\u00eb d\u00ebmtoj\u00eb stabilitetin ton\u00eb ekonomik p\u00ebrball\u00eb recesionit.<\/p>\n<p>P\u00ebr sa i p\u00ebrket shk\u00ebmbimit kulturor e kulinar, do t\u00eb preferoja nj\u00eb marr\u00ebveshje bilaterale ku p\u00ebr \u00e7do tezg\u00eb pleskavicash t\u00eb \u00e7ojm\u00eb nj\u00eb k\u00ebrnackash n\u00eb Beograd. P\u00ebr \u00e7do 2 balerina serbe k\u00ebtej, t\u00eb kemi nj\u00eb koncert t\u00eb motrave Ismajli andej, p\u00ebr \u00e7do tallava q\u00eb u vjedhim serb\u00ebve t\u00eb lejojm\u00eb vjedhjen e nj\u00eb hip-hopi etj.<\/p>\n<p>Egalit\u00e9!<\/p>\n<p>Qofte \u2013 Pleskavica 0-1<\/p>\n<p>Edhe pse mjek\u00ebt nuk e k\u00ebshillojn\u00eb, un\u00eb nuk jam kund\u00ebr t\u00eb lexuarit duke ngr\u00ebn\u00eb. E as q\u00eb t\u00eb hahet n\u00eb oborr t\u00eb panairit t\u00eb librit.<\/p>\n<p>Do t\u00eb m\u00eb dukej e pranueshme q\u00eb tradita shqiptare \u2013 \u201cTymi\u201d me qofte zgare e birr\u00eb t\u00eb hapur shqiptare t\u00eb shoq\u00ebronte panairin. Aq m\u00eb tep\u00ebr q\u00eb ne historikisht qoftet i kemi mb\u00ebshtjell\u00eb me flet\u00eb librash t\u00eb pavler\u00eb. Pra, kemi d\u00ebshmuar q\u00eb jemi nj\u00eb popull q\u00eb librin edhe kur nuk e lexojm\u00eb, edhe kur nuk vlen, nuk e hedhim.<\/p>\n<p>Por ja q\u00eb n\u00eb p\u00ebrplasjen e ekonomis\u00eb politike mes qoftes e pleskavic\u00ebs, u sh\u00ebnua nj\u00eb fitore n\u00eb fush\u00eb kund\u00ebrshtare p\u00ebr pleskavic\u00ebn.<\/p>\n<p>Kadareja dhe Pleskavicat<\/p>\n<p>Ishte v\u00ebshtir\u00eb t\u00eb shmangie turmat e gjera t\u00eb njer\u00ebzve q\u00eb rendnin t\u00eb k\u00ebrkonin tezg\u00ebn e librit mbi tradhtit\u00eb e Kadares\u00eb. Ata q\u00eb nuk e kan\u00eb lexuar ndonj\u00ebher\u00eb Kadaren\u00eb, vrapuan p\u00ebr t\u00eb m\u00ebsuar p\u00ebr dashnoret e tij. Ndoshta, kjo p\u00ebrcaktoi dhe \u00e7mimin \u201cautorja e vitit\u201d p\u00ebr zonj\u00ebn Kadare.<\/p>\n<p>E p\u00ebrderisa libri doli vet\u00ebm pak dit\u00eb para, heroizmi i juris\u00eb q\u00eb gjeti koh\u00eb q\u00eb ta lexonte n\u00eb or\u00ebt e fundit para fillimit t\u00eb panairit, duhet vler\u00ebsuar. Aq m\u00eb tep\u00ebr, kur i p\u00ebrfytyroj duke lexuar \u00e7do titull t\u00eb ri n\u00eb stenda me vet\u00ebmohim.<\/p>\n<p>Personalisht, do ta kisha motivuar m\u00eb tep\u00ebr \u00e7mimin si \u201cautorja m\u00eb e mir\u00eb e vitit q\u00eb vjen\u201d. Ose, \u201cautorja e Vitit t\u00eb Ri\u201d.<\/p>\n<p>Por, kjo ka pak r\u00ebnd\u00ebsi. \u00c7mimet, etiketat, epitetet, vlerat, p\u00ebr ne nuk thon\u00eb m\u00eb gj\u00eb.<\/p>\n<p>Ato kan\u00eb vler\u00eb sa nj\u00eb pleskavic\u00eb. E cila, shkon shum\u00eb e shoq\u00ebruar me flet\u00eb qepe.<\/p>\n","protected":false},"excerpt":{"rendered":"<p>Koloreto Cukali Nga panairi i librit i fillimit t\u00eb N\u00ebntorit dola me pak mbresa, me pak libra dhe me shum\u00eb pik\u00ebpyetje. N\u00eb oborr t\u00eb panairit, nj\u00eb \u00e7ad\u00ebr prej nga th\u00ebrriste tymi i qofteve. \u00c7adra kishte dhe em\u00ebrtimin e vet, p\u00ebr mua t\u00eb pakuptuesh\u00ebm, n\u00eb cirilik\u00eb. Arrita t\u00eb deshifroj \u201cBeograd\u201d. I vetmi vend ku mund t\u00eb [&hellip;]<\/p>\n","protected":false},"author":1,"featured_media":0,"comment_status":"open","ping_status":"closed","sticky":false,"template":"","format":"standard","meta":{"footnotes":""},"categories":[2],"tags":[],"class_list":{"0":"post-238","1":"post","2":"type-post","3":"status-publish","4":"format-standard","6":"category-artikuj"},"yoast_head":"<!-- This site is optimized with the Yoast SEO plugin v27.4 - https:\/\/yoast.com\/product\/yoast-seo-wordpress\/ -->\n<title>Bestseller dhe pleskavica serbe - FjALA e LIR\u00cb - Arkivi<\/title>\n<meta name=\"robots\" content=\"index, follow, max-snippet:-1, max-image-preview:large, max-video-preview:-1\" \/>\n<link rel=\"canonical\" href=\"https:\/\/fjala.info\/2009-2015\/bestseller-dhe-pleskavica-serbe\/\" \/>\n<meta property=\"og:locale\" content=\"sq_AL\" \/>\n<meta property=\"og:type\" content=\"article\" \/>\n<meta property=\"og:title\" content=\"Bestseller dhe pleskavica serbe - FjALA e LIR\u00cb - Arkivi\" \/>\n<meta property=\"og:description\" content=\"Koloreto Cukali Nga panairi i librit i fillimit t\u00eb N\u00ebntorit dola me pak mbresa, me pak libra dhe me shum\u00eb pik\u00ebpyetje. N\u00eb oborr t\u00eb panairit, nj\u00eb \u00e7ad\u00ebr prej nga th\u00ebrriste tymi i qofteve. \u00c7adra kishte dhe em\u00ebrtimin e vet, p\u00ebr mua t\u00eb pakuptuesh\u00ebm, n\u00eb cirilik\u00eb. Arrita t\u00eb deshifroj \u201cBeograd\u201d. I vetmi vend ku mund t\u00eb [&hellip;]\" \/>\n<meta property=\"og:url\" content=\"https:\/\/fjala.info\/2009-2015\/bestseller-dhe-pleskavica-serbe\/\" \/>\n<meta property=\"og:site_name\" content=\"FjALA e LIR\u00cb - Arkivi\" \/>\n<meta property=\"article:published_time\" content=\"2011-11-20T23:56:38+00:00\" \/>\n<meta property=\"og:image\" content=\"http:\/\/www.shkoder.net\/images\/fjala\/koloreto_cukali.jpg\" \/>\n<meta name=\"author\" content=\"admin\" \/>\n<meta name=\"twitter:card\" content=\"summary_large_image\" \/>\n<meta name=\"twitter:label1\" content=\"Written by\" \/>\n\t<meta name=\"twitter:data1\" content=\"admin\" \/>\n\t<meta name=\"twitter:label2\" content=\"Est. reading time\" \/>\n\t<meta name=\"twitter:data2\" content=\"8 minutes\" \/>\n<script type=\"application\/ld+json\" class=\"yoast-schema-graph\">{\"@context\":\"https:\\\/\\\/schema.org\",\"@graph\":[{\"@type\":\"Article\",\"@id\":\"https:\\\/\\\/fjala.info\\\/2009-2015\\\/bestseller-dhe-pleskavica-serbe\\\/#article\",\"isPartOf\":{\"@id\":\"https:\\\/\\\/fjala.info\\\/2009-2015\\\/bestseller-dhe-pleskavica-serbe\\\/\"},\"author\":{\"name\":\"admin\",\"@id\":\"https:\\\/\\\/fjala.info\\\/2009-2015\\\/#\\\/schema\\\/person\\\/3aa1163ef05469c496fc94e77611ada2\"},\"headline\":\"Bestseller dhe pleskavica serbe\",\"datePublished\":\"2011-11-20T23:56:38+00:00\",\"mainEntityOfPage\":{\"@id\":\"https:\\\/\\\/fjala.info\\\/2009-2015\\\/bestseller-dhe-pleskavica-serbe\\\/\"},\"wordCount\":1626,\"commentCount\":0,\"publisher\":{\"@id\":\"https:\\\/\\\/fjala.info\\\/2009-2015\\\/#organization\"},\"image\":{\"@id\":\"https:\\\/\\\/fjala.info\\\/2009-2015\\\/bestseller-dhe-pleskavica-serbe\\\/#primaryimage\"},\"thumbnailUrl\":\"http:\\\/\\\/www.shkoder.net\\\/images\\\/fjala\\\/koloreto_cukali.jpg\",\"articleSection\":[\"Artikuj\"],\"inLanguage\":\"sq-AL\",\"potentialAction\":[{\"@type\":\"CommentAction\",\"name\":\"Comment\",\"target\":[\"https:\\\/\\\/fjala.info\\\/2009-2015\\\/bestseller-dhe-pleskavica-serbe\\\/#respond\"]}]},{\"@type\":\"WebPage\",\"@id\":\"https:\\\/\\\/fjala.info\\\/2009-2015\\\/bestseller-dhe-pleskavica-serbe\\\/\",\"url\":\"https:\\\/\\\/fjala.info\\\/2009-2015\\\/bestseller-dhe-pleskavica-serbe\\\/\",\"name\":\"Bestseller dhe pleskavica serbe - FjALA e LIR\u00cb - Arkivi\",\"isPartOf\":{\"@id\":\"https:\\\/\\\/fjala.info\\\/2009-2015\\\/#website\"},\"primaryImageOfPage\":{\"@id\":\"https:\\\/\\\/fjala.info\\\/2009-2015\\\/bestseller-dhe-pleskavica-serbe\\\/#primaryimage\"},\"image\":{\"@id\":\"https:\\\/\\\/fjala.info\\\/2009-2015\\\/bestseller-dhe-pleskavica-serbe\\\/#primaryimage\"},\"thumbnailUrl\":\"http:\\\/\\\/www.shkoder.net\\\/images\\\/fjala\\\/koloreto_cukali.jpg\",\"datePublished\":\"2011-11-20T23:56:38+00:00\",\"breadcrumb\":{\"@id\":\"https:\\\/\\\/fjala.info\\\/2009-2015\\\/bestseller-dhe-pleskavica-serbe\\\/#breadcrumb\"},\"inLanguage\":\"sq-AL\",\"potentialAction\":[{\"@type\":\"ReadAction\",\"target\":[\"https:\\\/\\\/fjala.info\\\/2009-2015\\\/bestseller-dhe-pleskavica-serbe\\\/\"]}]},{\"@type\":\"ImageObject\",\"inLanguage\":\"sq-AL\",\"@id\":\"https:\\\/\\\/fjala.info\\\/2009-2015\\\/bestseller-dhe-pleskavica-serbe\\\/#primaryimage\",\"url\":\"http:\\\/\\\/www.shkoder.net\\\/images\\\/fjala\\\/koloreto_cukali.jpg\",\"contentUrl\":\"http:\\\/\\\/www.shkoder.net\\\/images\\\/fjala\\\/koloreto_cukali.jpg\"},{\"@type\":\"BreadcrumbList\",\"@id\":\"https:\\\/\\\/fjala.info\\\/2009-2015\\\/bestseller-dhe-pleskavica-serbe\\\/#breadcrumb\",\"itemListElement\":[{\"@type\":\"ListItem\",\"position\":1,\"name\":\"Home\",\"item\":\"https:\\\/\\\/fjala.info\\\/2009-2015\\\/\"},{\"@type\":\"ListItem\",\"position\":2,\"name\":\"Bestseller dhe pleskavica serbe\"}]},{\"@type\":\"WebSite\",\"@id\":\"https:\\\/\\\/fjala.info\\\/2009-2015\\\/#website\",\"url\":\"https:\\\/\\\/fjala.info\\\/2009-2015\\\/\",\"name\":\"FjALA e LIR\u00cb - Arkivi\",\"description\":\"Arkivi 2009-2015\",\"publisher\":{\"@id\":\"https:\\\/\\\/fjala.info\\\/2009-2015\\\/#organization\"},\"potentialAction\":[{\"@type\":\"SearchAction\",\"target\":{\"@type\":\"EntryPoint\",\"urlTemplate\":\"https:\\\/\\\/fjala.info\\\/2009-2015\\\/?s={search_term_string}\"},\"query-input\":{\"@type\":\"PropertyValueSpecification\",\"valueRequired\":true,\"valueName\":\"search_term_string\"}}],\"inLanguage\":\"sq-AL\"},{\"@type\":\"Organization\",\"@id\":\"https:\\\/\\\/fjala.info\\\/2009-2015\\\/#organization\",\"name\":\"FjALA e LIR\u00cb - Arkivi\",\"url\":\"https:\\\/\\\/fjala.info\\\/2009-2015\\\/\",\"logo\":{\"@type\":\"ImageObject\",\"inLanguage\":\"sq-AL\",\"@id\":\"https:\\\/\\\/fjala.info\\\/2009-2015\\\/#\\\/schema\\\/logo\\\/image\\\/\",\"url\":\"\",\"contentUrl\":\"\",\"caption\":\"FjALA e LIR\u00cb - Arkivi\"},\"image\":{\"@id\":\"https:\\\/\\\/fjala.info\\\/2009-2015\\\/#\\\/schema\\\/logo\\\/image\\\/\"}},{\"@type\":\"Person\",\"@id\":\"https:\\\/\\\/fjala.info\\\/2009-2015\\\/#\\\/schema\\\/person\\\/3aa1163ef05469c496fc94e77611ada2\",\"name\":\"admin\",\"image\":{\"@type\":\"ImageObject\",\"inLanguage\":\"sq-AL\",\"@id\":\"https:\\\/\\\/fjala.info\\\/2009-2015\\\/wp-content\\\/uploads\\\/2012\\\/02\\\/arben_cokaj-120x150.jpg\",\"url\":\"https:\\\/\\\/fjala.info\\\/2009-2015\\\/wp-content\\\/uploads\\\/2012\\\/02\\\/arben_cokaj-120x150.jpg\",\"contentUrl\":\"https:\\\/\\\/fjala.info\\\/2009-2015\\\/wp-content\\\/uploads\\\/2012\\\/02\\\/arben_cokaj-120x150.jpg\",\"caption\":\"admin\"},\"description\":\"Admin, Fjala e Lir\u00eb\",\"sameAs\":[\"https:\\\/\\\/fjala.info\\\/\"],\"url\":\"https:\\\/\\\/fjala.info\\\/2009-2015\\\/author\\\/admin\\\/\"}]}<\/script>\n<!-- \/ Yoast SEO plugin. -->","yoast_head_json":{"title":"Bestseller dhe pleskavica serbe - FjALA e LIR\u00cb - Arkivi","robots":{"index":"index","follow":"follow","max-snippet":"max-snippet:-1","max-image-preview":"max-image-preview:large","max-video-preview":"max-video-preview:-1"},"canonical":"https:\/\/fjala.info\/2009-2015\/bestseller-dhe-pleskavica-serbe\/","og_locale":"sq_AL","og_type":"article","og_title":"Bestseller dhe pleskavica serbe - FjALA e LIR\u00cb - Arkivi","og_description":"Koloreto Cukali Nga panairi i librit i fillimit t\u00eb N\u00ebntorit dola me pak mbresa, me pak libra dhe me shum\u00eb pik\u00ebpyetje. N\u00eb oborr t\u00eb panairit, nj\u00eb \u00e7ad\u00ebr prej nga th\u00ebrriste tymi i qofteve. \u00c7adra kishte dhe em\u00ebrtimin e vet, p\u00ebr mua t\u00eb pakuptuesh\u00ebm, n\u00eb cirilik\u00eb. Arrita t\u00eb deshifroj \u201cBeograd\u201d. I vetmi vend ku mund t\u00eb [&hellip;]","og_url":"https:\/\/fjala.info\/2009-2015\/bestseller-dhe-pleskavica-serbe\/","og_site_name":"FjALA e LIR\u00cb - Arkivi","article_published_time":"2011-11-20T23:56:38+00:00","og_image":[{"url":"http:\/\/www.shkoder.net\/images\/fjala\/koloreto_cukali.jpg","type":"","width":"","height":""}],"author":"admin","twitter_card":"summary_large_image","twitter_misc":{"Written by":"admin","Est. reading time":"8 minutes"},"schema":{"@context":"https:\/\/schema.org","@graph":[{"@type":"Article","@id":"https:\/\/fjala.info\/2009-2015\/bestseller-dhe-pleskavica-serbe\/#article","isPartOf":{"@id":"https:\/\/fjala.info\/2009-2015\/bestseller-dhe-pleskavica-serbe\/"},"author":{"name":"admin","@id":"https:\/\/fjala.info\/2009-2015\/#\/schema\/person\/3aa1163ef05469c496fc94e77611ada2"},"headline":"Bestseller dhe pleskavica serbe","datePublished":"2011-11-20T23:56:38+00:00","mainEntityOfPage":{"@id":"https:\/\/fjala.info\/2009-2015\/bestseller-dhe-pleskavica-serbe\/"},"wordCount":1626,"commentCount":0,"publisher":{"@id":"https:\/\/fjala.info\/2009-2015\/#organization"},"image":{"@id":"https:\/\/fjala.info\/2009-2015\/bestseller-dhe-pleskavica-serbe\/#primaryimage"},"thumbnailUrl":"http:\/\/www.shkoder.net\/images\/fjala\/koloreto_cukali.jpg","articleSection":["Artikuj"],"inLanguage":"sq-AL","potentialAction":[{"@type":"CommentAction","name":"Comment","target":["https:\/\/fjala.info\/2009-2015\/bestseller-dhe-pleskavica-serbe\/#respond"]}]},{"@type":"WebPage","@id":"https:\/\/fjala.info\/2009-2015\/bestseller-dhe-pleskavica-serbe\/","url":"https:\/\/fjala.info\/2009-2015\/bestseller-dhe-pleskavica-serbe\/","name":"Bestseller dhe pleskavica serbe - FjALA e LIR\u00cb - Arkivi","isPartOf":{"@id":"https:\/\/fjala.info\/2009-2015\/#website"},"primaryImageOfPage":{"@id":"https:\/\/fjala.info\/2009-2015\/bestseller-dhe-pleskavica-serbe\/#primaryimage"},"image":{"@id":"https:\/\/fjala.info\/2009-2015\/bestseller-dhe-pleskavica-serbe\/#primaryimage"},"thumbnailUrl":"http:\/\/www.shkoder.net\/images\/fjala\/koloreto_cukali.jpg","datePublished":"2011-11-20T23:56:38+00:00","breadcrumb":{"@id":"https:\/\/fjala.info\/2009-2015\/bestseller-dhe-pleskavica-serbe\/#breadcrumb"},"inLanguage":"sq-AL","potentialAction":[{"@type":"ReadAction","target":["https:\/\/fjala.info\/2009-2015\/bestseller-dhe-pleskavica-serbe\/"]}]},{"@type":"ImageObject","inLanguage":"sq-AL","@id":"https:\/\/fjala.info\/2009-2015\/bestseller-dhe-pleskavica-serbe\/#primaryimage","url":"http:\/\/www.shkoder.net\/images\/fjala\/koloreto_cukali.jpg","contentUrl":"http:\/\/www.shkoder.net\/images\/fjala\/koloreto_cukali.jpg"},{"@type":"BreadcrumbList","@id":"https:\/\/fjala.info\/2009-2015\/bestseller-dhe-pleskavica-serbe\/#breadcrumb","itemListElement":[{"@type":"ListItem","position":1,"name":"Home","item":"https:\/\/fjala.info\/2009-2015\/"},{"@type":"ListItem","position":2,"name":"Bestseller dhe pleskavica serbe"}]},{"@type":"WebSite","@id":"https:\/\/fjala.info\/2009-2015\/#website","url":"https:\/\/fjala.info\/2009-2015\/","name":"FjALA e LIR\u00cb - Arkivi","description":"Arkivi 2009-2015","publisher":{"@id":"https:\/\/fjala.info\/2009-2015\/#organization"},"potentialAction":[{"@type":"SearchAction","target":{"@type":"EntryPoint","urlTemplate":"https:\/\/fjala.info\/2009-2015\/?s={search_term_string}"},"query-input":{"@type":"PropertyValueSpecification","valueRequired":true,"valueName":"search_term_string"}}],"inLanguage":"sq-AL"},{"@type":"Organization","@id":"https:\/\/fjala.info\/2009-2015\/#organization","name":"FjALA e LIR\u00cb - Arkivi","url":"https:\/\/fjala.info\/2009-2015\/","logo":{"@type":"ImageObject","inLanguage":"sq-AL","@id":"https:\/\/fjala.info\/2009-2015\/#\/schema\/logo\/image\/","url":"","contentUrl":"","caption":"FjALA e LIR\u00cb - Arkivi"},"image":{"@id":"https:\/\/fjala.info\/2009-2015\/#\/schema\/logo\/image\/"}},{"@type":"Person","@id":"https:\/\/fjala.info\/2009-2015\/#\/schema\/person\/3aa1163ef05469c496fc94e77611ada2","name":"admin","image":{"@type":"ImageObject","inLanguage":"sq-AL","@id":"https:\/\/fjala.info\/2009-2015\/wp-content\/uploads\/2012\/02\/arben_cokaj-120x150.jpg","url":"https:\/\/fjala.info\/2009-2015\/wp-content\/uploads\/2012\/02\/arben_cokaj-120x150.jpg","contentUrl":"https:\/\/fjala.info\/2009-2015\/wp-content\/uploads\/2012\/02\/arben_cokaj-120x150.jpg","caption":"admin"},"description":"Admin, Fjala e Lir\u00eb","sameAs":["https:\/\/fjala.info\/"],"url":"https:\/\/fjala.info\/2009-2015\/author\/admin\/"}]}},"_links":{"self":[{"href":"https:\/\/fjala.info\/2009-2015\/wp-json\/wp\/v2\/posts\/238","targetHints":{"allow":["GET"]}}],"collection":[{"href":"https:\/\/fjala.info\/2009-2015\/wp-json\/wp\/v2\/posts"}],"about":[{"href":"https:\/\/fjala.info\/2009-2015\/wp-json\/wp\/v2\/types\/post"}],"author":[{"embeddable":true,"href":"https:\/\/fjala.info\/2009-2015\/wp-json\/wp\/v2\/users\/1"}],"replies":[{"embeddable":true,"href":"https:\/\/fjala.info\/2009-2015\/wp-json\/wp\/v2\/comments?post=238"}],"version-history":[{"count":0,"href":"https:\/\/fjala.info\/2009-2015\/wp-json\/wp\/v2\/posts\/238\/revisions"}],"wp:attachment":[{"href":"https:\/\/fjala.info\/2009-2015\/wp-json\/wp\/v2\/media?parent=238"}],"wp:term":[{"taxonomy":"category","embeddable":true,"href":"https:\/\/fjala.info\/2009-2015\/wp-json\/wp\/v2\/categories?post=238"},{"taxonomy":"post_tag","embeddable":true,"href":"https:\/\/fjala.info\/2009-2015\/wp-json\/wp\/v2\/tags?post=238"}],"curies":[{"name":"wp","href":"https:\/\/api.w.org\/{rel}","templated":true}]}}