{"id":2376,"date":"2010-04-26T23:01:45","date_gmt":"2010-04-26T22:01:45","guid":{"rendered":"http:\/\/fjala.shkoder.net\/?p=2376"},"modified":"2010-04-26T23:01:45","modified_gmt":"2010-04-26T22:01:45","slug":"welcome-rruga-e-integrimit-dite-per-historine-e-re-te-shqiptareve","status":"publish","type":"post","link":"https:\/\/fjala.info\/2009-2015\/welcome-rruga-e-integrimit-dite-per-historine-e-re-te-shqiptareve\/","title":{"rendered":"Welcome rruga e Integrimit &#8211; Dit\u00eb p\u00ebr historin\u00eb e re t\u00eb shqiptar\u00ebve"},"content":{"rendered":"<p><img decoding=\"async\" style=\"margin-left: 10px; margin-right: 10px; border: 0px;\" src=\"http:\/\/www.shkoder.net\/images\/fjala\/2010\/arsim_sinani.jpg\" border=\"0\" alt=\"Arsim Sinani\" width=\"150\" align=\"left\" \/><\/p>\n<p><strong>ARSIM SINANI<\/strong>, <em>26.04.2010<\/em><\/p>\n<p>Mesazhi q\u00eb dje u hodh nga lidershipi shqiptar nga V\u00ebrmica e Kosov\u00ebs ishte nj\u00eb mesazh shum\u00eb dmth p\u00ebr shqiptar\u00ebt, por jo vet\u00ebm p\u00ebr shqiptar\u00ebt, kjo rrug\u00eb s\u2019do mend se do t\u00eb p\u00ebrmir\u00ebsoj\u00eb infrastruktur\u00ebn n\u00eb mes shqiptar\u00ebve dhe m\u00eb shum\u00eb se kaq ky korridor u quajt edhe simbolikisht \u201cRruga e integrimit\u201d. Dikush ka d\u00ebshir\u00eb ta quaj\u00eb dhe rruga e kombit, por kjo nuk ka shum\u00eb r\u00ebnd\u00ebsi ajo q\u00eb \u00ebsht\u00eb esenciale \u00ebsht\u00eb se punimet filluan, kjo \u00ebsht\u00eb p\u00ebr tu p\u00ebrsh\u00ebndetur, kjo \u00ebsht\u00eb p\u00ebr te festuar.<\/p>\n<p>Fillimi i punimeve t\u00eb k\u00ebsaj rruge q\u00eb do t\u00eb p\u00ebrmir\u00ebsoj\u00eb komunikimin, l\u00ebvizjen e lir\u00eb t\u00eb mallrave, njer\u00ebzve \u00ebsht\u00eb shum\u00eb i r\u00ebnd\u00ebsish\u00ebm sepse k\u00ebt\u00eb do ta shfryt\u00ebzojn\u00eb t\u00eb gjith\u00eb si nj\u00eb rrug\u00eb shum\u00eb e mir\u00eb, e nevojshme, n\u00eb momentin e duhur, e cila rrug\u00eb ka dalje n\u00eb detin Adriatik. N\u00ebse deri dje Tirana ishte m\u00eb shum\u00eb se tet\u00eb or\u00eb rrug\u00eb sot kjo rrug\u00eb \u00ebsht\u00eb afruar aq sa lirisht brenda dit\u00ebs mund t\u00eb l\u00ebviz\u00ebsh lirsh\u00ebm drejt Tiran\u00ebs dhe t\u00eb kthehesh anasjelltas.<\/p>\n<p>Nga k\u00ebndv\u00ebshtrimi global shqiptar\u00ebt fitojn\u00eb nga kjo rrug\u00eb, \u00ebsht\u00eb nj\u00eb fitore sepse dalja n\u00eb detin Adreatik ul kostot p\u00ebr ekonomin\u00eb dhe mallrat, ul kostot p\u00ebr familjet dhe l\u00ebvizjen e lir\u00eb t\u00eb qytetar\u00ebve dhe p\u00ebrfundimisht \u00ebsht\u00eb rrug\u00eb q\u00eb lidh shqiptar\u00ebt me Evrop\u00ebn. Dhe jo vet\u00ebm kaq.<\/p>\n<p>Ajo q\u00eb m\u00eb b\u00ebri shum\u00eb p\u00ebrshtypje ishte udh\u00ebheq\u00ebsi i cili pak a shum\u00eb e tha se shqiptar\u00ebt e kan\u00eb nj\u00eb \u00ebnd\u00ebrr e ai \u00ebsht\u00eb bashkimi komb\u00ebtar, s\u2019do mend se kjo ishte nj\u00eb porosi se shqiptar\u00ebt jan\u00eb ndar\u00eb padrejt\u00ebsisht dhe kjo rrug\u00eb pak a shum\u00eb I p\u00ebrmir\u00ebson gabimet e s\u00eb kaluar\u00ebs.<\/p>\n<p>Ajo q\u00eb m\u00eb b\u00ebri m\u00eb s\u00eb shumti p\u00ebrshtypje nga gjith\u00eb ai glamur i inaugurimit ishte se shqiptar\u00ebt nuk sillen si t\u00eb gjith\u00ebdijsh\u00ebm, nuk sillen si fqinj\u00ebt tan\u00eb q\u00eb me nacionalizmin e tyre e thyen kok\u00ebn nj\u00eb dekad\u00eb m\u00eb par\u00eb, kur e gjith\u00eb bota I bombardoi duke I dh\u00ebn\u00eb m\u00ebsim se me egocentriz\u00ebm, me dhun\u00eb nuk mund t\u00eb zgjidhin asgj\u00eb, vet\u00ebm se mund t\u00eb thyejn\u00eb kok\u00ebn, ashtu si\u00e7 e thyen. Lidershipi shqiptar ishte shum\u00eb i p\u00ebrgjegjsh\u00ebm si me deklaratat si me gjith\u00eb organizimin q\u00eb flet se ne shqiptar\u00ebt kemi m\u00ebsuar shum\u00eb nga fqinj\u00ebt tan\u00eb.<\/p>\n<p>Shpresoj se ajo q\u00eb e kemi m\u00ebsuar nga fqinj\u00ebt tan\u00eb \u00ebsht\u00eb se nuk duhet q\u00eb t\u00eb sillemi me gjuh\u00ebn e forc\u00ebs, me gjuh\u00ebn e dhun\u00ebs, me gjuh\u00ebn q\u00eb p\u00ebrgjaku Ballkanin. Ajo q\u00eb m\u00eb la shum\u00eb mbresa \u00ebsht\u00eb se me nj\u00eb modesti t\u00eb papar\u00eb shqiptar\u00ebt po hapin dal\u00ebngadal\u00eb t\u00eb gjitha rrug\u00ebt q\u00eb \u00ebsht\u00eb dashur ti kishim deri m\u00eb tani por p\u00ebr shum\u00eb arsye jan\u00eb vonuar. Por nj\u00eb fjal\u00eb e urt\u00eb nuk thot\u00eb kot\u00eb m\u00eb mir\u00eb von\u00eb se sa kurr\u00eb.<\/p>\n<p>Ajo q\u00eb m\u00eb rra n\u00eb sy ishte mungesa e flamujve, do duhej q\u00eb protokolli t\u00eb ishte p\u00ebrkujdesur m\u00eb mir\u00eb p\u00ebr k\u00ebt\u00eb \u00e7\u00ebshtje, le t\u00eb val\u00ebvitet shqiponja sepse shum\u00eb vuajtje kemi p\u00ebrjetuar p\u00ebr k\u00ebt\u00eb dit\u00eb, shum\u00eb sakrifica ka pasur deri te ballonet q\u00eb fluturojn\u00eb t\u00eb lir\u00eb dhe fishekzjarr\u00ebt e spektakli. Dhe jo vet\u00ebm kaq.<\/p>\n<p>Ajo q\u00eb duhet t\u00eb m\u00ebsojm\u00eb t\u00eb gjith\u00eb nga ky element \u00ebsht\u00eb se shqiptar\u00ebt po marrin gradualisht p\u00ebrgjegj\u00ebsit\u00eb e veta n\u00eb Evrop\u00ebn Juglindore, p\u00ebrgjegj\u00ebsi q\u00eb \u00ebsht\u00eb dashur t\u2019i marrin m\u00eb par\u00eb.<\/p>\n<p>Dhe s\u2019duhet t\u00eb na dal\u00eb prej mendjes dhe mos t\u00eb harrojm\u00eb se bashk\u00eb me p\u00ebrgjegj\u00ebsit\u00eb jan\u00eb dhe detyrat e sht\u00ebpis\u00eb sepse pa I kryer detyrat mir\u00eb s\u2019mund t\u00eb ecim para s\u2019mund t\u00eb kemi suksese si ky i sotmi.<\/p>\n<p>Shqiptar\u00ebt q\u00eb jetojn\u00eb n\u00eb Maqedoni, Preshev\u00eb, Bujanoc, Mal t\u00eb Zi etj nuk duhet t\u00eb d\u00ebshp\u00ebrohen nga pamjet n\u00eb V\u00ebrmic\u00eb duke menduar se mbeten t\u00eb anashkaluar dhe t\u00eb izoluar sipas nj\u00eb logjike, por p\u00ebrkundrazi duhet t\u00eb jen\u00eb shum\u00eb krenar sepse sa m\u00eb af\u00ebr t\u00eb jet\u00eb Kosova me Shqip\u00ebrin\u00eb aq m\u00eb shum\u00eb edhe ne jemi faktor. Por edhe faktori politik n\u00eb Tiran\u00eb dhe Prishtin\u00eb lipset ta dij\u00eb se ka p\u00ebrgjegj\u00ebsit\u00eb e veta karshi shqiptar\u00ebve k\u00ebndej gardhiqeve si\u00e7 do t\u00eb thoshte nj\u00eb profesor i imi i nderuar.<\/p>\n<p>Do i p\u00ebrkujtoj sot n\u00eb k\u00ebt\u00eb dit\u00eb t\u00eb madhe fjal\u00ebt e patriotit, intelektualit dhe vizionarit Naim Frash\u00ebri: I cili me t\u00eb drejt\u00eb thot\u00eb:\u201dPun\u00eb pun\u00eb nat\u00eb e dit\u00eb q\u00eb t\u00eb shohim pak\u00ebz drit\u00eb\u201d. Kjo moto sot shum\u00eb \u00ebsht\u00eb dmth sepse na \u00ebsht\u00eb dh\u00ebn\u00eb shansi q\u00eb t\u00eb jemi faktor n\u00eb Evrop\u00ebn juglindore, k\u00ebshtu mendojm\u00eb miqt\u00eb tan\u00eb dhe ne duhet q\u00eb ta d\u00ebshmojm\u00eb me pun\u00eb se jemi serioz, se duam q\u00eb t\u00eb jemi v\u00ebrtet\u00eb faktor real ik zhvillimeve n\u00eb k\u00ebt\u00eb pjes\u00eb t\u00eb Ballkanit.<\/p>\n<p>Dhe krejt n\u00eb fund simbolika e Rrug\u00ebs s\u00eb integrimit m\u00eb 25.04.2010 \u00ebsht\u00eb p\u00ebr tu mbajtur mend, f\u00ebmij\u00ebt tan\u00eb nuk do t\u00eb ballafaqohen me problemet t\u00eb cilat vet\u00eb i kemi vuajtur ne si gjenerat\u00eb, udh\u00ebtimi i tyre do t\u00eb jet\u00eb m\u00eb i mir\u00eb, m\u00eb komod, me m\u00eb shum\u00eb aventura. Ajo q\u00eb m\u00eb g\u00ebzoi m\u00eb s\u00eb shumti n\u00eb k\u00ebt\u00eb dit\u00eb \u00ebsht\u00eb se perspektivat po hapen p\u00ebr k\u00ebt\u00eb flet m\u00eb s\u00eb miri dita e sotme, prandaj mos e harroni k\u00ebt\u00eb dit\u00eb \u00ebsht\u00eb dit\u00eb p\u00ebr historin\u00eb e re t\u00eb shqiptar\u00ebve. G\u00ebzuar.<\/p>\n","protected":false},"excerpt":{"rendered":"<p>ARSIM SINANI, 26.04.2010 Mesazhi q\u00eb dje u hodh nga lidershipi shqiptar nga V\u00ebrmica e Kosov\u00ebs ishte nj\u00eb mesazh shum\u00eb dmth p\u00ebr shqiptar\u00ebt, por jo vet\u00ebm p\u00ebr shqiptar\u00ebt, kjo rrug\u00eb s\u2019do mend se do t\u00eb p\u00ebrmir\u00ebsoj\u00eb infrastruktur\u00ebn n\u00eb mes shqiptar\u00ebve dhe m\u00eb shum\u00eb se kaq ky korridor u quajt edhe simbolikisht \u201cRruga e integrimit\u201d. Dikush ka [&hellip;]<\/p>\n","protected":false},"author":1,"featured_media":0,"comment_status":"open","ping_status":"closed","sticky":false,"template":"","format":"standard","meta":{"footnotes":""},"categories":[2],"tags":[],"class_list":{"0":"post-2376","1":"post","2":"type-post","3":"status-publish","4":"format-standard","6":"category-artikuj"},"yoast_head":"<!-- This site is optimized with the Yoast SEO plugin v27.4 - https:\/\/yoast.com\/product\/yoast-seo-wordpress\/ -->\n<title>Welcome rruga e Integrimit - Dit\u00eb p\u00ebr historin\u00eb e re t\u00eb shqiptar\u00ebve - FjALA e LIR\u00cb - Arkivi<\/title>\n<meta name=\"robots\" content=\"index, follow, max-snippet:-1, max-image-preview:large, max-video-preview:-1\" \/>\n<link rel=\"canonical\" href=\"https:\/\/fjala.info\/2009-2015\/welcome-rruga-e-integrimit-dite-per-historine-e-re-te-shqiptareve\/\" \/>\n<meta property=\"og:locale\" content=\"sq_AL\" \/>\n<meta property=\"og:type\" content=\"article\" \/>\n<meta property=\"og:title\" content=\"Welcome rruga e Integrimit - Dit\u00eb p\u00ebr historin\u00eb e re t\u00eb shqiptar\u00ebve - FjALA e LIR\u00cb - Arkivi\" \/>\n<meta property=\"og:description\" content=\"ARSIM SINANI, 26.04.2010 Mesazhi q\u00eb dje u hodh nga lidershipi shqiptar nga V\u00ebrmica e Kosov\u00ebs ishte nj\u00eb mesazh shum\u00eb dmth p\u00ebr shqiptar\u00ebt, por jo vet\u00ebm p\u00ebr shqiptar\u00ebt, kjo rrug\u00eb s\u2019do mend se do t\u00eb p\u00ebrmir\u00ebsoj\u00eb infrastruktur\u00ebn n\u00eb mes shqiptar\u00ebve dhe m\u00eb shum\u00eb se kaq ky korridor u quajt edhe simbolikisht \u201cRruga e integrimit\u201d. Dikush ka [&hellip;]\" \/>\n<meta property=\"og:url\" content=\"https:\/\/fjala.info\/2009-2015\/welcome-rruga-e-integrimit-dite-per-historine-e-re-te-shqiptareve\/\" \/>\n<meta property=\"og:site_name\" content=\"FjALA e LIR\u00cb - Arkivi\" \/>\n<meta property=\"article:published_time\" content=\"2010-04-26T22:01:45+00:00\" \/>\n<meta property=\"og:image\" content=\"http:\/\/www.shkoder.net\/images\/fjala\/2010\/arsim_sinani.jpg\" \/>\n<meta name=\"author\" content=\"admin\" \/>\n<meta name=\"twitter:card\" content=\"summary_large_image\" \/>\n<meta name=\"twitter:label1\" content=\"Written by\" \/>\n\t<meta name=\"twitter:data1\" content=\"admin\" \/>\n\t<meta name=\"twitter:label2\" content=\"Est. reading time\" \/>\n\t<meta name=\"twitter:data2\" content=\"5 minutes\" \/>\n<script type=\"application\/ld+json\" class=\"yoast-schema-graph\">{\"@context\":\"https:\\\/\\\/schema.org\",\"@graph\":[{\"@type\":\"Article\",\"@id\":\"https:\\\/\\\/fjala.info\\\/2009-2015\\\/welcome-rruga-e-integrimit-dite-per-historine-e-re-te-shqiptareve\\\/#article\",\"isPartOf\":{\"@id\":\"https:\\\/\\\/fjala.info\\\/2009-2015\\\/welcome-rruga-e-integrimit-dite-per-historine-e-re-te-shqiptareve\\\/\"},\"author\":{\"name\":\"admin\",\"@id\":\"https:\\\/\\\/fjala.info\\\/2009-2015\\\/#\\\/schema\\\/person\\\/3aa1163ef05469c496fc94e77611ada2\"},\"headline\":\"Welcome rruga e Integrimit &#8211; Dit\u00eb p\u00ebr historin\u00eb e re t\u00eb shqiptar\u00ebve\",\"datePublished\":\"2010-04-26T22:01:45+00:00\",\"mainEntityOfPage\":{\"@id\":\"https:\\\/\\\/fjala.info\\\/2009-2015\\\/welcome-rruga-e-integrimit-dite-per-historine-e-re-te-shqiptareve\\\/\"},\"wordCount\":962,\"commentCount\":0,\"publisher\":{\"@id\":\"https:\\\/\\\/fjala.info\\\/2009-2015\\\/#organization\"},\"image\":{\"@id\":\"https:\\\/\\\/fjala.info\\\/2009-2015\\\/welcome-rruga-e-integrimit-dite-per-historine-e-re-te-shqiptareve\\\/#primaryimage\"},\"thumbnailUrl\":\"http:\\\/\\\/www.shkoder.net\\\/images\\\/fjala\\\/2010\\\/arsim_sinani.jpg\",\"articleSection\":[\"Artikuj\"],\"inLanguage\":\"sq-AL\",\"potentialAction\":[{\"@type\":\"CommentAction\",\"name\":\"Comment\",\"target\":[\"https:\\\/\\\/fjala.info\\\/2009-2015\\\/welcome-rruga-e-integrimit-dite-per-historine-e-re-te-shqiptareve\\\/#respond\"]}]},{\"@type\":\"WebPage\",\"@id\":\"https:\\\/\\\/fjala.info\\\/2009-2015\\\/welcome-rruga-e-integrimit-dite-per-historine-e-re-te-shqiptareve\\\/\",\"url\":\"https:\\\/\\\/fjala.info\\\/2009-2015\\\/welcome-rruga-e-integrimit-dite-per-historine-e-re-te-shqiptareve\\\/\",\"name\":\"Welcome rruga e Integrimit - Dit\u00eb p\u00ebr historin\u00eb e re t\u00eb shqiptar\u00ebve - FjALA e LIR\u00cb - Arkivi\",\"isPartOf\":{\"@id\":\"https:\\\/\\\/fjala.info\\\/2009-2015\\\/#website\"},\"primaryImageOfPage\":{\"@id\":\"https:\\\/\\\/fjala.info\\\/2009-2015\\\/welcome-rruga-e-integrimit-dite-per-historine-e-re-te-shqiptareve\\\/#primaryimage\"},\"image\":{\"@id\":\"https:\\\/\\\/fjala.info\\\/2009-2015\\\/welcome-rruga-e-integrimit-dite-per-historine-e-re-te-shqiptareve\\\/#primaryimage\"},\"thumbnailUrl\":\"http:\\\/\\\/www.shkoder.net\\\/images\\\/fjala\\\/2010\\\/arsim_sinani.jpg\",\"datePublished\":\"2010-04-26T22:01:45+00:00\",\"breadcrumb\":{\"@id\":\"https:\\\/\\\/fjala.info\\\/2009-2015\\\/welcome-rruga-e-integrimit-dite-per-historine-e-re-te-shqiptareve\\\/#breadcrumb\"},\"inLanguage\":\"sq-AL\",\"potentialAction\":[{\"@type\":\"ReadAction\",\"target\":[\"https:\\\/\\\/fjala.info\\\/2009-2015\\\/welcome-rruga-e-integrimit-dite-per-historine-e-re-te-shqiptareve\\\/\"]}]},{\"@type\":\"ImageObject\",\"inLanguage\":\"sq-AL\",\"@id\":\"https:\\\/\\\/fjala.info\\\/2009-2015\\\/welcome-rruga-e-integrimit-dite-per-historine-e-re-te-shqiptareve\\\/#primaryimage\",\"url\":\"http:\\\/\\\/www.shkoder.net\\\/images\\\/fjala\\\/2010\\\/arsim_sinani.jpg\",\"contentUrl\":\"http:\\\/\\\/www.shkoder.net\\\/images\\\/fjala\\\/2010\\\/arsim_sinani.jpg\"},{\"@type\":\"BreadcrumbList\",\"@id\":\"https:\\\/\\\/fjala.info\\\/2009-2015\\\/welcome-rruga-e-integrimit-dite-per-historine-e-re-te-shqiptareve\\\/#breadcrumb\",\"itemListElement\":[{\"@type\":\"ListItem\",\"position\":1,\"name\":\"Home\",\"item\":\"https:\\\/\\\/fjala.info\\\/2009-2015\\\/\"},{\"@type\":\"ListItem\",\"position\":2,\"name\":\"Welcome rruga e Integrimit &#8211; Dit\u00eb p\u00ebr historin\u00eb e re t\u00eb shqiptar\u00ebve\"}]},{\"@type\":\"WebSite\",\"@id\":\"https:\\\/\\\/fjala.info\\\/2009-2015\\\/#website\",\"url\":\"https:\\\/\\\/fjala.info\\\/2009-2015\\\/\",\"name\":\"FjALA e LIR\u00cb - Arkivi\",\"description\":\"Arkivi 2009-2015\",\"publisher\":{\"@id\":\"https:\\\/\\\/fjala.info\\\/2009-2015\\\/#organization\"},\"potentialAction\":[{\"@type\":\"SearchAction\",\"target\":{\"@type\":\"EntryPoint\",\"urlTemplate\":\"https:\\\/\\\/fjala.info\\\/2009-2015\\\/?s={search_term_string}\"},\"query-input\":{\"@type\":\"PropertyValueSpecification\",\"valueRequired\":true,\"valueName\":\"search_term_string\"}}],\"inLanguage\":\"sq-AL\"},{\"@type\":\"Organization\",\"@id\":\"https:\\\/\\\/fjala.info\\\/2009-2015\\\/#organization\",\"name\":\"FjALA e LIR\u00cb - Arkivi\",\"url\":\"https:\\\/\\\/fjala.info\\\/2009-2015\\\/\",\"logo\":{\"@type\":\"ImageObject\",\"inLanguage\":\"sq-AL\",\"@id\":\"https:\\\/\\\/fjala.info\\\/2009-2015\\\/#\\\/schema\\\/logo\\\/image\\\/\",\"url\":\"\",\"contentUrl\":\"\",\"caption\":\"FjALA e LIR\u00cb - Arkivi\"},\"image\":{\"@id\":\"https:\\\/\\\/fjala.info\\\/2009-2015\\\/#\\\/schema\\\/logo\\\/image\\\/\"}},{\"@type\":\"Person\",\"@id\":\"https:\\\/\\\/fjala.info\\\/2009-2015\\\/#\\\/schema\\\/person\\\/3aa1163ef05469c496fc94e77611ada2\",\"name\":\"admin\",\"image\":{\"@type\":\"ImageObject\",\"inLanguage\":\"sq-AL\",\"@id\":\"https:\\\/\\\/fjala.info\\\/2009-2015\\\/wp-content\\\/uploads\\\/2012\\\/02\\\/arben_cokaj-120x150.jpg\",\"url\":\"https:\\\/\\\/fjala.info\\\/2009-2015\\\/wp-content\\\/uploads\\\/2012\\\/02\\\/arben_cokaj-120x150.jpg\",\"contentUrl\":\"https:\\\/\\\/fjala.info\\\/2009-2015\\\/wp-content\\\/uploads\\\/2012\\\/02\\\/arben_cokaj-120x150.jpg\",\"caption\":\"admin\"},\"description\":\"Admin, Fjala e Lir\u00eb\",\"sameAs\":[\"https:\\\/\\\/fjala.info\\\/\"],\"url\":\"https:\\\/\\\/fjala.info\\\/2009-2015\\\/author\\\/admin\\\/\"}]}<\/script>\n<!-- \/ Yoast SEO plugin. -->","yoast_head_json":{"title":"Welcome rruga e Integrimit - Dit\u00eb p\u00ebr historin\u00eb e re t\u00eb shqiptar\u00ebve - FjALA e LIR\u00cb - Arkivi","robots":{"index":"index","follow":"follow","max-snippet":"max-snippet:-1","max-image-preview":"max-image-preview:large","max-video-preview":"max-video-preview:-1"},"canonical":"https:\/\/fjala.info\/2009-2015\/welcome-rruga-e-integrimit-dite-per-historine-e-re-te-shqiptareve\/","og_locale":"sq_AL","og_type":"article","og_title":"Welcome rruga e Integrimit - Dit\u00eb p\u00ebr historin\u00eb e re t\u00eb shqiptar\u00ebve - FjALA e LIR\u00cb - Arkivi","og_description":"ARSIM SINANI, 26.04.2010 Mesazhi q\u00eb dje u hodh nga lidershipi shqiptar nga V\u00ebrmica e Kosov\u00ebs ishte nj\u00eb mesazh shum\u00eb dmth p\u00ebr shqiptar\u00ebt, por jo vet\u00ebm p\u00ebr shqiptar\u00ebt, kjo rrug\u00eb s\u2019do mend se do t\u00eb p\u00ebrmir\u00ebsoj\u00eb infrastruktur\u00ebn n\u00eb mes shqiptar\u00ebve dhe m\u00eb shum\u00eb se kaq ky korridor u quajt edhe simbolikisht \u201cRruga e integrimit\u201d. Dikush ka [&hellip;]","og_url":"https:\/\/fjala.info\/2009-2015\/welcome-rruga-e-integrimit-dite-per-historine-e-re-te-shqiptareve\/","og_site_name":"FjALA e LIR\u00cb - Arkivi","article_published_time":"2010-04-26T22:01:45+00:00","og_image":[{"url":"http:\/\/www.shkoder.net\/images\/fjala\/2010\/arsim_sinani.jpg","type":"","width":"","height":""}],"author":"admin","twitter_card":"summary_large_image","twitter_misc":{"Written by":"admin","Est. reading time":"5 minutes"},"schema":{"@context":"https:\/\/schema.org","@graph":[{"@type":"Article","@id":"https:\/\/fjala.info\/2009-2015\/welcome-rruga-e-integrimit-dite-per-historine-e-re-te-shqiptareve\/#article","isPartOf":{"@id":"https:\/\/fjala.info\/2009-2015\/welcome-rruga-e-integrimit-dite-per-historine-e-re-te-shqiptareve\/"},"author":{"name":"admin","@id":"https:\/\/fjala.info\/2009-2015\/#\/schema\/person\/3aa1163ef05469c496fc94e77611ada2"},"headline":"Welcome rruga e Integrimit &#8211; Dit\u00eb p\u00ebr historin\u00eb e re t\u00eb shqiptar\u00ebve","datePublished":"2010-04-26T22:01:45+00:00","mainEntityOfPage":{"@id":"https:\/\/fjala.info\/2009-2015\/welcome-rruga-e-integrimit-dite-per-historine-e-re-te-shqiptareve\/"},"wordCount":962,"commentCount":0,"publisher":{"@id":"https:\/\/fjala.info\/2009-2015\/#organization"},"image":{"@id":"https:\/\/fjala.info\/2009-2015\/welcome-rruga-e-integrimit-dite-per-historine-e-re-te-shqiptareve\/#primaryimage"},"thumbnailUrl":"http:\/\/www.shkoder.net\/images\/fjala\/2010\/arsim_sinani.jpg","articleSection":["Artikuj"],"inLanguage":"sq-AL","potentialAction":[{"@type":"CommentAction","name":"Comment","target":["https:\/\/fjala.info\/2009-2015\/welcome-rruga-e-integrimit-dite-per-historine-e-re-te-shqiptareve\/#respond"]}]},{"@type":"WebPage","@id":"https:\/\/fjala.info\/2009-2015\/welcome-rruga-e-integrimit-dite-per-historine-e-re-te-shqiptareve\/","url":"https:\/\/fjala.info\/2009-2015\/welcome-rruga-e-integrimit-dite-per-historine-e-re-te-shqiptareve\/","name":"Welcome rruga e Integrimit - Dit\u00eb p\u00ebr historin\u00eb e re t\u00eb shqiptar\u00ebve - FjALA e LIR\u00cb - Arkivi","isPartOf":{"@id":"https:\/\/fjala.info\/2009-2015\/#website"},"primaryImageOfPage":{"@id":"https:\/\/fjala.info\/2009-2015\/welcome-rruga-e-integrimit-dite-per-historine-e-re-te-shqiptareve\/#primaryimage"},"image":{"@id":"https:\/\/fjala.info\/2009-2015\/welcome-rruga-e-integrimit-dite-per-historine-e-re-te-shqiptareve\/#primaryimage"},"thumbnailUrl":"http:\/\/www.shkoder.net\/images\/fjala\/2010\/arsim_sinani.jpg","datePublished":"2010-04-26T22:01:45+00:00","breadcrumb":{"@id":"https:\/\/fjala.info\/2009-2015\/welcome-rruga-e-integrimit-dite-per-historine-e-re-te-shqiptareve\/#breadcrumb"},"inLanguage":"sq-AL","potentialAction":[{"@type":"ReadAction","target":["https:\/\/fjala.info\/2009-2015\/welcome-rruga-e-integrimit-dite-per-historine-e-re-te-shqiptareve\/"]}]},{"@type":"ImageObject","inLanguage":"sq-AL","@id":"https:\/\/fjala.info\/2009-2015\/welcome-rruga-e-integrimit-dite-per-historine-e-re-te-shqiptareve\/#primaryimage","url":"http:\/\/www.shkoder.net\/images\/fjala\/2010\/arsim_sinani.jpg","contentUrl":"http:\/\/www.shkoder.net\/images\/fjala\/2010\/arsim_sinani.jpg"},{"@type":"BreadcrumbList","@id":"https:\/\/fjala.info\/2009-2015\/welcome-rruga-e-integrimit-dite-per-historine-e-re-te-shqiptareve\/#breadcrumb","itemListElement":[{"@type":"ListItem","position":1,"name":"Home","item":"https:\/\/fjala.info\/2009-2015\/"},{"@type":"ListItem","position":2,"name":"Welcome rruga e Integrimit &#8211; Dit\u00eb p\u00ebr historin\u00eb e re t\u00eb shqiptar\u00ebve"}]},{"@type":"WebSite","@id":"https:\/\/fjala.info\/2009-2015\/#website","url":"https:\/\/fjala.info\/2009-2015\/","name":"FjALA e LIR\u00cb - Arkivi","description":"Arkivi 2009-2015","publisher":{"@id":"https:\/\/fjala.info\/2009-2015\/#organization"},"potentialAction":[{"@type":"SearchAction","target":{"@type":"EntryPoint","urlTemplate":"https:\/\/fjala.info\/2009-2015\/?s={search_term_string}"},"query-input":{"@type":"PropertyValueSpecification","valueRequired":true,"valueName":"search_term_string"}}],"inLanguage":"sq-AL"},{"@type":"Organization","@id":"https:\/\/fjala.info\/2009-2015\/#organization","name":"FjALA e LIR\u00cb - Arkivi","url":"https:\/\/fjala.info\/2009-2015\/","logo":{"@type":"ImageObject","inLanguage":"sq-AL","@id":"https:\/\/fjala.info\/2009-2015\/#\/schema\/logo\/image\/","url":"","contentUrl":"","caption":"FjALA e LIR\u00cb - Arkivi"},"image":{"@id":"https:\/\/fjala.info\/2009-2015\/#\/schema\/logo\/image\/"}},{"@type":"Person","@id":"https:\/\/fjala.info\/2009-2015\/#\/schema\/person\/3aa1163ef05469c496fc94e77611ada2","name":"admin","image":{"@type":"ImageObject","inLanguage":"sq-AL","@id":"https:\/\/fjala.info\/2009-2015\/wp-content\/uploads\/2012\/02\/arben_cokaj-120x150.jpg","url":"https:\/\/fjala.info\/2009-2015\/wp-content\/uploads\/2012\/02\/arben_cokaj-120x150.jpg","contentUrl":"https:\/\/fjala.info\/2009-2015\/wp-content\/uploads\/2012\/02\/arben_cokaj-120x150.jpg","caption":"admin"},"description":"Admin, Fjala e Lir\u00eb","sameAs":["https:\/\/fjala.info\/"],"url":"https:\/\/fjala.info\/2009-2015\/author\/admin\/"}]}},"_links":{"self":[{"href":"https:\/\/fjala.info\/2009-2015\/wp-json\/wp\/v2\/posts\/2376","targetHints":{"allow":["GET"]}}],"collection":[{"href":"https:\/\/fjala.info\/2009-2015\/wp-json\/wp\/v2\/posts"}],"about":[{"href":"https:\/\/fjala.info\/2009-2015\/wp-json\/wp\/v2\/types\/post"}],"author":[{"embeddable":true,"href":"https:\/\/fjala.info\/2009-2015\/wp-json\/wp\/v2\/users\/1"}],"replies":[{"embeddable":true,"href":"https:\/\/fjala.info\/2009-2015\/wp-json\/wp\/v2\/comments?post=2376"}],"version-history":[{"count":0,"href":"https:\/\/fjala.info\/2009-2015\/wp-json\/wp\/v2\/posts\/2376\/revisions"}],"wp:attachment":[{"href":"https:\/\/fjala.info\/2009-2015\/wp-json\/wp\/v2\/media?parent=2376"}],"wp:term":[{"taxonomy":"category","embeddable":true,"href":"https:\/\/fjala.info\/2009-2015\/wp-json\/wp\/v2\/categories?post=2376"},{"taxonomy":"post_tag","embeddable":true,"href":"https:\/\/fjala.info\/2009-2015\/wp-json\/wp\/v2\/tags?post=2376"}],"curies":[{"name":"wp","href":"https:\/\/api.w.org\/{rel}","templated":true}]}}