{"id":2373,"date":"2012-04-04T09:13:06","date_gmt":"2012-04-04T08:13:06","guid":{"rendered":"http:\/\/fjala.shkoder.net\/?p=2373"},"modified":"2012-04-04T09:13:06","modified_gmt":"2012-04-04T08:13:06","slug":"rrembimet-ne-merdare-policet-130-metra-brenda-territorit-kosovar","status":"publish","type":"post","link":"https:\/\/fjala.info\/2009-2015\/rrembimet-ne-merdare-policet-130-metra-brenda-territorit-kosovar\/","title":{"rendered":"Rr\u00ebmbimet n\u00eb Merdar\u00eb, Polic\u00ebt: 130 metra brenda territorit kosovar"},"content":{"rendered":"<p><img decoding=\"async\" class=\"alignright size-thumbnail wp-image-7236\" title=\"Policet merren peng\" src=\"http:\/\/www.shkoder.net\/2012\/policet_merren_peng.jpg\" alt=\"\" width=\"300\" \/> <strong>Idea<\/strong>, <em>03 Prill 2012<\/em><\/p>\n<p>Kosov\u00eb- Ne jemi marr\u00eb peng kur ishim rreth 130 metra brenda territorit t\u00eb Kosov\u00ebs. K\u00ebshtu m\u00ebsohet t\u00eb jen\u00eb shprehur dy polic\u00ebt kosovar t\u00eb marr\u00eb peng dit\u00ebn e shtun\u00eb nga autoritet serbe n\u00eb pik\u00ebn kufirare t\u00eb Merdar\u00ebs.<\/p>\n<p>Si\u00e7 raporton sot \u2018Koha Ditor\u2019 m\u00ebsohet se p\u00ebrpara se t\u00eb mb\u00ebrrinin n\u00eb fshatin Pantin\u00eb dy efektivet e liruar, nga gjykata serbe dit\u00ebn e djeshme, jan\u00eb marr\u00eb n\u00eb pyetje n\u00eb Podujeve n\u00eb komisariatin e policis\u00eb s\u00eb Lluzhanit.<\/p>\n<p>\u201cN\u00eb at\u00eb zon\u00eb rr\u00ebmbimi ka ndodhur 130 metra brenda territorit t\u00eb Kosov\u00ebs. Polic\u00ebt serb\u00eb kan\u00eb rrethuar zon\u00ebn. Sapo kan\u00eb dal\u00eb p\u00ebr t\u2019i hequr pengesat n\u00eb rrug\u00eb, 13 polic\u00eb t\u00eb Serbis\u00eb kan\u00eb nd\u00ebrhyr\u00eb dhe i kan\u00eb arrestuar\u201d- tha nj\u00eb tjet\u00ebr polic, i cili ka preferuar t\u00eb mbetet anonim.<\/p>\n<p>\u2018Koha Ditore\u2019 raporton sot se polic\u00ebve u \u00ebsht\u00eb k\u00ebrkuar q\u00eb t\u00eb mos b\u00ebjn\u00eb asnj\u00eb koment mediatik p\u00ebr at\u00eb \u00e7far\u00eb ndodhi, q\u00eb shqet\u00ebsoi jo vet\u00ebm qeverin\u00eb e Kosov\u00ebs, por edhe faktorin nd\u00ebrkomb\u00ebtar. Shukri Binaku dhe Sami Beqiri u arrestuan t\u00eb shtun\u00ebn n\u00eb m\u00ebngjes teksa po patrullonin n\u00eb nj\u00eb fshat t\u00eb Podujev\u00ebs, nga forcat policore serbe.<\/p>\n<p>M\u00eb her\u00ebt ministri i Brendsh\u00ebm serb, Ivica Da\u00e7iq deklaroi se efektivet kosovar e kishin shkelur territorin serb dhe ishin t\u00eb armatosur. Menj\u00ebher\u00eb pas lajmit qeveria e Kosov\u00ebs dhe Tirana zyrtare b\u00ebn\u00eb thirrje p\u00ebr lirimin e tyre, pasi kjo binte ndesh me marr\u00ebveshjen p\u00ebr integrimin e kufijve t\u00eb arritur nga dialogu Prishtin\u00eb-Beograd.<\/p>\n<p>Gjat\u00eb dit\u00ebs s\u00eb djeshme z\u00ebdh\u00ebn\u00ebsja e baronesh\u00ebs Catherin\u00eb Ashton deklaoi se BE k\u00ebrkon q\u00eb Prishtina dhe Beogradi t\u00eb veprojn\u00eb me p\u00ebrgjegjshm\u00ebri, duke shtuar se ato mund t\u00eb nderhynin n\u00ebse situata e k\u00ebrkonte. Po ashtu edhe vet\u00eb sekretari i p\u00ebrgithsh\u00ebm i NATO-s, Rasmusen pak para lajmit t\u00eb lirimit t\u00eb pengjeve deklaroi se Aleanca \u00ebsht\u00eb e shqet\u00ebsuar p\u00ebr ngjarjen dhe p\u00ebr marr\u00ebdheniet Prishtin\u00eb-Beograd.<\/p>\n","protected":false},"excerpt":{"rendered":"<p>Idea, 03 Prill 2012 Kosov\u00eb- Ne jemi marr\u00eb peng kur ishim rreth 130 metra brenda territorit t\u00eb Kosov\u00ebs. K\u00ebshtu m\u00ebsohet t\u00eb jen\u00eb shprehur dy polic\u00ebt kosovar t\u00eb marr\u00eb peng dit\u00ebn e shtun\u00eb nga autoritet serbe n\u00eb pik\u00ebn kufirare t\u00eb Merdar\u00ebs. Si\u00e7 raporton sot \u2018Koha Ditor\u2019 m\u00ebsohet se p\u00ebrpara se t\u00eb mb\u00ebrrinin n\u00eb fshatin Pantin\u00eb dy [&hellip;]<\/p>\n","protected":false},"author":1,"featured_media":0,"comment_status":"open","ping_status":"closed","sticky":false,"template":"","format":"standard","meta":{"footnotes":""},"categories":[2,5],"tags":[],"class_list":{"0":"post-2373","1":"post","2":"type-post","3":"status-publish","4":"format-standard","6":"category-artikuj","7":"category-lajme"},"yoast_head":"<!-- This site is optimized with the Yoast SEO plugin v27.4 - https:\/\/yoast.com\/product\/yoast-seo-wordpress\/ -->\n<title>Rr\u00ebmbimet n\u00eb Merdar\u00eb, Polic\u00ebt: 130 metra brenda territorit kosovar - FjALA e LIR\u00cb - Arkivi<\/title>\n<meta name=\"robots\" content=\"index, follow, max-snippet:-1, max-image-preview:large, max-video-preview:-1\" \/>\n<link rel=\"canonical\" href=\"https:\/\/fjala.info\/2009-2015\/rrembimet-ne-merdare-policet-130-metra-brenda-territorit-kosovar\/\" \/>\n<meta property=\"og:locale\" content=\"sq_AL\" \/>\n<meta property=\"og:type\" content=\"article\" \/>\n<meta property=\"og:title\" content=\"Rr\u00ebmbimet n\u00eb Merdar\u00eb, Polic\u00ebt: 130 metra brenda territorit kosovar - FjALA e LIR\u00cb - Arkivi\" \/>\n<meta property=\"og:description\" content=\"Idea, 03 Prill 2012 Kosov\u00eb- Ne jemi marr\u00eb peng kur ishim rreth 130 metra brenda territorit t\u00eb Kosov\u00ebs. K\u00ebshtu m\u00ebsohet t\u00eb jen\u00eb shprehur dy polic\u00ebt kosovar t\u00eb marr\u00eb peng dit\u00ebn e shtun\u00eb nga autoritet serbe n\u00eb pik\u00ebn kufirare t\u00eb Merdar\u00ebs. Si\u00e7 raporton sot \u2018Koha Ditor\u2019 m\u00ebsohet se p\u00ebrpara se t\u00eb mb\u00ebrrinin n\u00eb fshatin Pantin\u00eb dy [&hellip;]\" \/>\n<meta property=\"og:url\" content=\"https:\/\/fjala.info\/2009-2015\/rrembimet-ne-merdare-policet-130-metra-brenda-territorit-kosovar\/\" \/>\n<meta property=\"og:site_name\" content=\"FjALA e LIR\u00cb - Arkivi\" \/>\n<meta property=\"article:published_time\" content=\"2012-04-04T08:13:06+00:00\" \/>\n<meta property=\"og:image\" content=\"http:\/\/www.shkoder.net\/2012\/policet_merren_peng.jpg\" \/>\n<meta name=\"author\" content=\"admin\" \/>\n<meta name=\"twitter:card\" content=\"summary_large_image\" \/>\n<meta name=\"twitter:label1\" content=\"Written by\" \/>\n\t<meta name=\"twitter:data1\" content=\"admin\" \/>\n\t<meta name=\"twitter:label2\" content=\"Est. reading time\" \/>\n\t<meta name=\"twitter:data2\" content=\"2 minutes\" \/>\n<script type=\"application\/ld+json\" class=\"yoast-schema-graph\">{\"@context\":\"https:\\\/\\\/schema.org\",\"@graph\":[{\"@type\":\"Article\",\"@id\":\"https:\\\/\\\/fjala.info\\\/2009-2015\\\/rrembimet-ne-merdare-policet-130-metra-brenda-territorit-kosovar\\\/#article\",\"isPartOf\":{\"@id\":\"https:\\\/\\\/fjala.info\\\/2009-2015\\\/rrembimet-ne-merdare-policet-130-metra-brenda-territorit-kosovar\\\/\"},\"author\":{\"name\":\"admin\",\"@id\":\"https:\\\/\\\/fjala.info\\\/2009-2015\\\/#\\\/schema\\\/person\\\/3aa1163ef05469c496fc94e77611ada2\"},\"headline\":\"Rr\u00ebmbimet n\u00eb Merdar\u00eb, Polic\u00ebt: 130 metra brenda territorit kosovar\",\"datePublished\":\"2012-04-04T08:13:06+00:00\",\"mainEntityOfPage\":{\"@id\":\"https:\\\/\\\/fjala.info\\\/2009-2015\\\/rrembimet-ne-merdare-policet-130-metra-brenda-territorit-kosovar\\\/\"},\"wordCount\":354,\"commentCount\":0,\"publisher\":{\"@id\":\"https:\\\/\\\/fjala.info\\\/2009-2015\\\/#organization\"},\"image\":{\"@id\":\"https:\\\/\\\/fjala.info\\\/2009-2015\\\/rrembimet-ne-merdare-policet-130-metra-brenda-territorit-kosovar\\\/#primaryimage\"},\"thumbnailUrl\":\"http:\\\/\\\/www.shkoder.net\\\/2012\\\/policet_merren_peng.jpg\",\"articleSection\":[\"Artikuj\",\"Lajme\"],\"inLanguage\":\"sq-AL\",\"potentialAction\":[{\"@type\":\"CommentAction\",\"name\":\"Comment\",\"target\":[\"https:\\\/\\\/fjala.info\\\/2009-2015\\\/rrembimet-ne-merdare-policet-130-metra-brenda-territorit-kosovar\\\/#respond\"]}]},{\"@type\":\"WebPage\",\"@id\":\"https:\\\/\\\/fjala.info\\\/2009-2015\\\/rrembimet-ne-merdare-policet-130-metra-brenda-territorit-kosovar\\\/\",\"url\":\"https:\\\/\\\/fjala.info\\\/2009-2015\\\/rrembimet-ne-merdare-policet-130-metra-brenda-territorit-kosovar\\\/\",\"name\":\"Rr\u00ebmbimet n\u00eb Merdar\u00eb, Polic\u00ebt: 130 metra brenda territorit kosovar - FjALA e LIR\u00cb - Arkivi\",\"isPartOf\":{\"@id\":\"https:\\\/\\\/fjala.info\\\/2009-2015\\\/#website\"},\"primaryImageOfPage\":{\"@id\":\"https:\\\/\\\/fjala.info\\\/2009-2015\\\/rrembimet-ne-merdare-policet-130-metra-brenda-territorit-kosovar\\\/#primaryimage\"},\"image\":{\"@id\":\"https:\\\/\\\/fjala.info\\\/2009-2015\\\/rrembimet-ne-merdare-policet-130-metra-brenda-territorit-kosovar\\\/#primaryimage\"},\"thumbnailUrl\":\"http:\\\/\\\/www.shkoder.net\\\/2012\\\/policet_merren_peng.jpg\",\"datePublished\":\"2012-04-04T08:13:06+00:00\",\"breadcrumb\":{\"@id\":\"https:\\\/\\\/fjala.info\\\/2009-2015\\\/rrembimet-ne-merdare-policet-130-metra-brenda-territorit-kosovar\\\/#breadcrumb\"},\"inLanguage\":\"sq-AL\",\"potentialAction\":[{\"@type\":\"ReadAction\",\"target\":[\"https:\\\/\\\/fjala.info\\\/2009-2015\\\/rrembimet-ne-merdare-policet-130-metra-brenda-territorit-kosovar\\\/\"]}]},{\"@type\":\"ImageObject\",\"inLanguage\":\"sq-AL\",\"@id\":\"https:\\\/\\\/fjala.info\\\/2009-2015\\\/rrembimet-ne-merdare-policet-130-metra-brenda-territorit-kosovar\\\/#primaryimage\",\"url\":\"http:\\\/\\\/www.shkoder.net\\\/2012\\\/policet_merren_peng.jpg\",\"contentUrl\":\"http:\\\/\\\/www.shkoder.net\\\/2012\\\/policet_merren_peng.jpg\"},{\"@type\":\"BreadcrumbList\",\"@id\":\"https:\\\/\\\/fjala.info\\\/2009-2015\\\/rrembimet-ne-merdare-policet-130-metra-brenda-territorit-kosovar\\\/#breadcrumb\",\"itemListElement\":[{\"@type\":\"ListItem\",\"position\":1,\"name\":\"Home\",\"item\":\"https:\\\/\\\/fjala.info\\\/2009-2015\\\/\"},{\"@type\":\"ListItem\",\"position\":2,\"name\":\"Rr\u00ebmbimet n\u00eb Merdar\u00eb, Polic\u00ebt: 130 metra brenda territorit kosovar\"}]},{\"@type\":\"WebSite\",\"@id\":\"https:\\\/\\\/fjala.info\\\/2009-2015\\\/#website\",\"url\":\"https:\\\/\\\/fjala.info\\\/2009-2015\\\/\",\"name\":\"FjALA e LIR\u00cb - Arkivi\",\"description\":\"Arkivi 2009-2015\",\"publisher\":{\"@id\":\"https:\\\/\\\/fjala.info\\\/2009-2015\\\/#organization\"},\"potentialAction\":[{\"@type\":\"SearchAction\",\"target\":{\"@type\":\"EntryPoint\",\"urlTemplate\":\"https:\\\/\\\/fjala.info\\\/2009-2015\\\/?s={search_term_string}\"},\"query-input\":{\"@type\":\"PropertyValueSpecification\",\"valueRequired\":true,\"valueName\":\"search_term_string\"}}],\"inLanguage\":\"sq-AL\"},{\"@type\":\"Organization\",\"@id\":\"https:\\\/\\\/fjala.info\\\/2009-2015\\\/#organization\",\"name\":\"FjALA e LIR\u00cb - Arkivi\",\"url\":\"https:\\\/\\\/fjala.info\\\/2009-2015\\\/\",\"logo\":{\"@type\":\"ImageObject\",\"inLanguage\":\"sq-AL\",\"@id\":\"https:\\\/\\\/fjala.info\\\/2009-2015\\\/#\\\/schema\\\/logo\\\/image\\\/\",\"url\":\"\",\"contentUrl\":\"\",\"caption\":\"FjALA e LIR\u00cb - Arkivi\"},\"image\":{\"@id\":\"https:\\\/\\\/fjala.info\\\/2009-2015\\\/#\\\/schema\\\/logo\\\/image\\\/\"}},{\"@type\":\"Person\",\"@id\":\"https:\\\/\\\/fjala.info\\\/2009-2015\\\/#\\\/schema\\\/person\\\/3aa1163ef05469c496fc94e77611ada2\",\"name\":\"admin\",\"image\":{\"@type\":\"ImageObject\",\"inLanguage\":\"sq-AL\",\"@id\":\"https:\\\/\\\/fjala.info\\\/2009-2015\\\/wp-content\\\/uploads\\\/2012\\\/02\\\/arben_cokaj-120x150.jpg\",\"url\":\"https:\\\/\\\/fjala.info\\\/2009-2015\\\/wp-content\\\/uploads\\\/2012\\\/02\\\/arben_cokaj-120x150.jpg\",\"contentUrl\":\"https:\\\/\\\/fjala.info\\\/2009-2015\\\/wp-content\\\/uploads\\\/2012\\\/02\\\/arben_cokaj-120x150.jpg\",\"caption\":\"admin\"},\"description\":\"Admin, Fjala e Lir\u00eb\",\"sameAs\":[\"https:\\\/\\\/fjala.info\\\/\"],\"url\":\"https:\\\/\\\/fjala.info\\\/2009-2015\\\/author\\\/admin\\\/\"}]}<\/script>\n<!-- \/ Yoast SEO plugin. -->","yoast_head_json":{"title":"Rr\u00ebmbimet n\u00eb Merdar\u00eb, Polic\u00ebt: 130 metra brenda territorit kosovar - FjALA e LIR\u00cb - Arkivi","robots":{"index":"index","follow":"follow","max-snippet":"max-snippet:-1","max-image-preview":"max-image-preview:large","max-video-preview":"max-video-preview:-1"},"canonical":"https:\/\/fjala.info\/2009-2015\/rrembimet-ne-merdare-policet-130-metra-brenda-territorit-kosovar\/","og_locale":"sq_AL","og_type":"article","og_title":"Rr\u00ebmbimet n\u00eb Merdar\u00eb, Polic\u00ebt: 130 metra brenda territorit kosovar - FjALA e LIR\u00cb - Arkivi","og_description":"Idea, 03 Prill 2012 Kosov\u00eb- Ne jemi marr\u00eb peng kur ishim rreth 130 metra brenda territorit t\u00eb Kosov\u00ebs. K\u00ebshtu m\u00ebsohet t\u00eb jen\u00eb shprehur dy polic\u00ebt kosovar t\u00eb marr\u00eb peng dit\u00ebn e shtun\u00eb nga autoritet serbe n\u00eb pik\u00ebn kufirare t\u00eb Merdar\u00ebs. Si\u00e7 raporton sot \u2018Koha Ditor\u2019 m\u00ebsohet se p\u00ebrpara se t\u00eb mb\u00ebrrinin n\u00eb fshatin Pantin\u00eb dy [&hellip;]","og_url":"https:\/\/fjala.info\/2009-2015\/rrembimet-ne-merdare-policet-130-metra-brenda-territorit-kosovar\/","og_site_name":"FjALA e LIR\u00cb - Arkivi","article_published_time":"2012-04-04T08:13:06+00:00","og_image":[{"url":"http:\/\/www.shkoder.net\/2012\/policet_merren_peng.jpg","type":"","width":"","height":""}],"author":"admin","twitter_card":"summary_large_image","twitter_misc":{"Written by":"admin","Est. reading time":"2 minutes"},"schema":{"@context":"https:\/\/schema.org","@graph":[{"@type":"Article","@id":"https:\/\/fjala.info\/2009-2015\/rrembimet-ne-merdare-policet-130-metra-brenda-territorit-kosovar\/#article","isPartOf":{"@id":"https:\/\/fjala.info\/2009-2015\/rrembimet-ne-merdare-policet-130-metra-brenda-territorit-kosovar\/"},"author":{"name":"admin","@id":"https:\/\/fjala.info\/2009-2015\/#\/schema\/person\/3aa1163ef05469c496fc94e77611ada2"},"headline":"Rr\u00ebmbimet n\u00eb Merdar\u00eb, Polic\u00ebt: 130 metra brenda territorit kosovar","datePublished":"2012-04-04T08:13:06+00:00","mainEntityOfPage":{"@id":"https:\/\/fjala.info\/2009-2015\/rrembimet-ne-merdare-policet-130-metra-brenda-territorit-kosovar\/"},"wordCount":354,"commentCount":0,"publisher":{"@id":"https:\/\/fjala.info\/2009-2015\/#organization"},"image":{"@id":"https:\/\/fjala.info\/2009-2015\/rrembimet-ne-merdare-policet-130-metra-brenda-territorit-kosovar\/#primaryimage"},"thumbnailUrl":"http:\/\/www.shkoder.net\/2012\/policet_merren_peng.jpg","articleSection":["Artikuj","Lajme"],"inLanguage":"sq-AL","potentialAction":[{"@type":"CommentAction","name":"Comment","target":["https:\/\/fjala.info\/2009-2015\/rrembimet-ne-merdare-policet-130-metra-brenda-territorit-kosovar\/#respond"]}]},{"@type":"WebPage","@id":"https:\/\/fjala.info\/2009-2015\/rrembimet-ne-merdare-policet-130-metra-brenda-territorit-kosovar\/","url":"https:\/\/fjala.info\/2009-2015\/rrembimet-ne-merdare-policet-130-metra-brenda-territorit-kosovar\/","name":"Rr\u00ebmbimet n\u00eb Merdar\u00eb, Polic\u00ebt: 130 metra brenda territorit kosovar - FjALA e LIR\u00cb - Arkivi","isPartOf":{"@id":"https:\/\/fjala.info\/2009-2015\/#website"},"primaryImageOfPage":{"@id":"https:\/\/fjala.info\/2009-2015\/rrembimet-ne-merdare-policet-130-metra-brenda-territorit-kosovar\/#primaryimage"},"image":{"@id":"https:\/\/fjala.info\/2009-2015\/rrembimet-ne-merdare-policet-130-metra-brenda-territorit-kosovar\/#primaryimage"},"thumbnailUrl":"http:\/\/www.shkoder.net\/2012\/policet_merren_peng.jpg","datePublished":"2012-04-04T08:13:06+00:00","breadcrumb":{"@id":"https:\/\/fjala.info\/2009-2015\/rrembimet-ne-merdare-policet-130-metra-brenda-territorit-kosovar\/#breadcrumb"},"inLanguage":"sq-AL","potentialAction":[{"@type":"ReadAction","target":["https:\/\/fjala.info\/2009-2015\/rrembimet-ne-merdare-policet-130-metra-brenda-territorit-kosovar\/"]}]},{"@type":"ImageObject","inLanguage":"sq-AL","@id":"https:\/\/fjala.info\/2009-2015\/rrembimet-ne-merdare-policet-130-metra-brenda-territorit-kosovar\/#primaryimage","url":"http:\/\/www.shkoder.net\/2012\/policet_merren_peng.jpg","contentUrl":"http:\/\/www.shkoder.net\/2012\/policet_merren_peng.jpg"},{"@type":"BreadcrumbList","@id":"https:\/\/fjala.info\/2009-2015\/rrembimet-ne-merdare-policet-130-metra-brenda-territorit-kosovar\/#breadcrumb","itemListElement":[{"@type":"ListItem","position":1,"name":"Home","item":"https:\/\/fjala.info\/2009-2015\/"},{"@type":"ListItem","position":2,"name":"Rr\u00ebmbimet n\u00eb Merdar\u00eb, Polic\u00ebt: 130 metra brenda territorit kosovar"}]},{"@type":"WebSite","@id":"https:\/\/fjala.info\/2009-2015\/#website","url":"https:\/\/fjala.info\/2009-2015\/","name":"FjALA e LIR\u00cb - Arkivi","description":"Arkivi 2009-2015","publisher":{"@id":"https:\/\/fjala.info\/2009-2015\/#organization"},"potentialAction":[{"@type":"SearchAction","target":{"@type":"EntryPoint","urlTemplate":"https:\/\/fjala.info\/2009-2015\/?s={search_term_string}"},"query-input":{"@type":"PropertyValueSpecification","valueRequired":true,"valueName":"search_term_string"}}],"inLanguage":"sq-AL"},{"@type":"Organization","@id":"https:\/\/fjala.info\/2009-2015\/#organization","name":"FjALA e LIR\u00cb - Arkivi","url":"https:\/\/fjala.info\/2009-2015\/","logo":{"@type":"ImageObject","inLanguage":"sq-AL","@id":"https:\/\/fjala.info\/2009-2015\/#\/schema\/logo\/image\/","url":"","contentUrl":"","caption":"FjALA e LIR\u00cb - Arkivi"},"image":{"@id":"https:\/\/fjala.info\/2009-2015\/#\/schema\/logo\/image\/"}},{"@type":"Person","@id":"https:\/\/fjala.info\/2009-2015\/#\/schema\/person\/3aa1163ef05469c496fc94e77611ada2","name":"admin","image":{"@type":"ImageObject","inLanguage":"sq-AL","@id":"https:\/\/fjala.info\/2009-2015\/wp-content\/uploads\/2012\/02\/arben_cokaj-120x150.jpg","url":"https:\/\/fjala.info\/2009-2015\/wp-content\/uploads\/2012\/02\/arben_cokaj-120x150.jpg","contentUrl":"https:\/\/fjala.info\/2009-2015\/wp-content\/uploads\/2012\/02\/arben_cokaj-120x150.jpg","caption":"admin"},"description":"Admin, Fjala e Lir\u00eb","sameAs":["https:\/\/fjala.info\/"],"url":"https:\/\/fjala.info\/2009-2015\/author\/admin\/"}]}},"_links":{"self":[{"href":"https:\/\/fjala.info\/2009-2015\/wp-json\/wp\/v2\/posts\/2373","targetHints":{"allow":["GET"]}}],"collection":[{"href":"https:\/\/fjala.info\/2009-2015\/wp-json\/wp\/v2\/posts"}],"about":[{"href":"https:\/\/fjala.info\/2009-2015\/wp-json\/wp\/v2\/types\/post"}],"author":[{"embeddable":true,"href":"https:\/\/fjala.info\/2009-2015\/wp-json\/wp\/v2\/users\/1"}],"replies":[{"embeddable":true,"href":"https:\/\/fjala.info\/2009-2015\/wp-json\/wp\/v2\/comments?post=2373"}],"version-history":[{"count":0,"href":"https:\/\/fjala.info\/2009-2015\/wp-json\/wp\/v2\/posts\/2373\/revisions"}],"wp:attachment":[{"href":"https:\/\/fjala.info\/2009-2015\/wp-json\/wp\/v2\/media?parent=2373"}],"wp:term":[{"taxonomy":"category","embeddable":true,"href":"https:\/\/fjala.info\/2009-2015\/wp-json\/wp\/v2\/categories?post=2373"},{"taxonomy":"post_tag","embeddable":true,"href":"https:\/\/fjala.info\/2009-2015\/wp-json\/wp\/v2\/tags?post=2373"}],"curies":[{"name":"wp","href":"https:\/\/api.w.org\/{rel}","templated":true}]}}