{"id":2372,"date":"2010-04-25T23:01:12","date_gmt":"2010-04-25T22:01:12","guid":{"rendered":"http:\/\/fjala.shkoder.net\/?p=2372"},"modified":"2010-04-25T23:01:12","modified_gmt":"2010-04-25T22:01:12","slug":"zogu-i-zi-sheshi-dhe-krejt-shteti-si-kalaja-e-rozafes","status":"publish","type":"post","link":"https:\/\/fjala.info\/2009-2015\/zogu-i-zi-sheshi-dhe-krejt-shteti-si-kalaja-e-rozafes\/","title":{"rendered":"\u201cZOGU I ZI\u201d, SHESHI DHE KREJT SHTETI, SI KALAJA E ROZAFES"},"content":{"rendered":"<p><img decoding=\"async\" style=\"margin-left: 10px; margin-right: 10px; border: 0px;\" src=\"http:\/\/www.shkoder.net\/images\/fjala\/andrea_stefani.jpg\" border=\"0\" alt=\"Andrea Stefani\" width=\"100\" align=\"left\" \/><\/p>\n<p><strong>Andrea Stefani<\/strong><\/p>\n<p>N\u00eb themelet e Shqip\u00ebris\u00eb dergjet legjenda e kalas\u00eb s\u00eb Rozaf\u00ebs. Prej saj m\u00ebsojm\u00eb se tre v\u00ebllez\u00ebr nd\u00ebrtonin pa pushim muret e kalas\u00eb dit\u00ebn, por ato ju shembeshin, po pa pushim, nat\u00ebn, nga forca t\u00eb mistershme dhe t\u00eb err\u00ebta si vet\u00eb nata. Mjerisht e sotmja na ndihmon t\u00eb kuptojm\u00eb m\u00eb mir\u00eb natyr\u00ebn e forcave shkat\u00ebrruese q\u00eb e shnd\u00ebrronin pun\u00ebn nd\u00ebrtuese t\u00eb v\u00ebllez\u00ebrve n\u00eb nj\u00eb sfilitje thuajse sizifike. Muret q\u00eb nd\u00ebrtoheshin dit\u00ebn i shkat\u00ebrronin nat\u00ebn, jo forca t\u00eb magjepsura por fisi p\u00ebrbri apo komshiu, q\u00eb p\u00ebr nj\u00eb shkak ose nj\u00eb tjet\u00ebr, e kishte xhelozi apo inat at\u00eb pun\u00eb nd\u00ebrtimtare. Sot kemi nj\u00eb prov\u00eb se shkat\u00ebrrimi i asaj q\u00eb nd\u00ebrton kund\u00ebrshtari (komshiu politik) mbetet ende arm\u00eb e preferuar e politik\u00ebs.<\/p>\n<p>Kryeministri i sot\u00ebm, Sali Berisha, \u00ebsht\u00eb ai q\u00eb po e ngre n\u00eb art k\u00ebt\u00eb lloj destruktiviteti, duke v\u00ebn\u00eb n\u00eb sh\u00ebrbim t\u00eb tij, inxhinier\u00eb, jurist\u00eb, burokrat\u00eb, qytetar\u00eb deri edhe vet\u00eb \u201cligjet\u201d. Dhe me epshin e tij p\u00ebr t\u00eb shkat\u00ebrruar \u00e7do b\u00ebm\u00eb t\u00eb kund\u00ebrshtarit politik p\u00ebr hat\u00ebr t\u00eb pushtetit, po shkat\u00ebrron vet\u00eb shtetin shqiptar, duke e b\u00ebr\u00eb t\u00eb ngjaj\u00eb me kalan\u00eb e Rozaf\u00ebs.<\/p>\n<p style=\"text-align: center;\">* * *<\/p>\n<p>A nuk ndodhi k\u00ebshtu me mbikalimin e Zogut t\u00eb Zi? A nuk u shkat\u00ebrrua, n\u00eb funksion t\u00eb luft\u00ebs politikep\u00ebr t\u00eb Bashkin\u00eb e Tiran\u00ebs, nj\u00eb vep\u00ebr nd\u00ebrtuese, duke p\u00ebrdorur lloj-lloj y\u00e7klash \u201cjuridike\u201d dhe \u201curbanistike\u201d dhe q\u00eb i kushtoi publikut mbi 1 milion dollar\u00eb? Por mbi t\u00eb gjitha, a nuk u shkel\u00ebn ligjet (prov\u00eb \u00ebsht\u00eb nj\u00eb vendim gjykate q\u00eb e shpalli t\u00eb paligjsh\u00ebm shkat\u00ebrrimin e mbikalimit) mbi t\u00eb cilat themelohet shteti i s\u00eb drejt\u00ebs? Nuk ka tashm\u00eb asnj\u00eb dyshim q\u00eb destruktiviteti si politik\u00eb shpuri n\u00eb shkat\u00ebrrimin jo vet\u00ebm t\u00eb mbikalimit, por edhe t\u00eb vet\u00eb s\u00eb drejt\u00ebs.<\/p>\n<p>Dhe kjo u arrit sepse pushteti, qeveria, Kryeministri arrit\u00ebn t\u00eb b\u00ebjn\u00eb zap, t\u00eb rr\u00ebnojn\u00eb deri integritetin profesional t\u00eb disa jurist\u00ebve, inxhinier\u00ebve, arkitekt\u00ebve dhe jo pak institucioneve. Sapo pushteti ua b\u00ebri me shenj\u00eb, ata nis\u00ebn t\u00eb sjellin \u201cargumente\u201d kund\u00ebr mbikalimit. Shembulli m\u00eb tipik i nj\u00eb konformizmi t\u00eb till\u00eb t\u00eb rreziksh\u00ebm (sepse aty ku p\u00ebrball\u00eb qeveris\u00eb mungon oponenca teknike dhe ligjore, \u201cdemokracia\u201d mund t\u00eb p\u00ebrdoret kund\u00ebr demokracis\u00eb) dhe mungese ekstreme e integritetit profesional u b\u00eb nj\u00eb arkitekte apo inxhiniere q\u00eb, edhe pse kish firmosur p\u00ebr realizimin e projektit t\u00eb Zogut t\u00eb Zi, m\u00eb pas, kur i tha partia dhe qeveria, firmosi t\u00eb kund\u00ebrt\u00ebn, p\u00ebr shkat\u00ebrrimin e tij.<\/p>\n<p>Rr\u00ebnimi i integritetit t\u00eb specialist\u00ebve, i aft\u00ebsis\u00eb dhe rezistenc\u00ebs s\u00eb tyre p\u00ebr t\u2019i th\u00ebn\u00eb jo liderit, Kryeministrit, pushtetit, vet\u00ebm sepse ashtu imponon kredoja e tyre profesionale, shkat\u00ebrrimi i k\u00ebsaj vendosm\u00ebrie p\u00ebr t\u00eb mbrojtur lirin\u00eb p\u00ebr t\u00eb b\u00ebr\u00eb at\u00eb q\u00eb thon\u00eb ligjet e profesionit dhe jo at\u00eb q\u00eb diktojn\u00eb interesat e nj\u00eb pushteti apo Kryeministri, \u00ebsht\u00eb nj\u00eb nga rr\u00ebnimet m\u00eb t\u00eb m\u00ebdha q\u00eb ka mundur t\u00eb kryej\u00eb autoritarizmi berishist, bash n\u00eb themelet e shtetit t\u00eb s\u00eb drejt\u00ebs.<\/p>\n<p style=\"text-align: center;\">* * *<\/p>\n<p>Dhe a nuk e shohim sot t\u00eb p\u00ebrs\u00ebritet pik\u00eb p\u00ebr pik\u00eb n\u00eb rastin e sheshit \u201cSk\u00ebnderbej\u201d? A nuk shohim p\u00ebrs\u00ebri jurist\u00eb, inxhinier\u00eb, burokrat\u00eb, \u201cqytetar\u00eb\u201d q\u00eb duke braktisur integritetin e tyre si profesionist\u00eb dhe njer\u00ebz, t\u2019i thon\u00eb jo nj\u00eb projekti q\u00eb para dy vjet\u00ebsh i kan\u00eb th\u00ebn\u00eb po? I kan\u00eb th\u00ebn\u00eb dikur, sepse ashtu i tha edhe pushteti berishist dhe sot i thon\u00eb jo, p\u00ebrs\u00ebri sepse ashtu i thot\u00eb pushteti berishist. Autoritarizmi, pushteti absolut nuk pengohet vet\u00ebm me gjykata t\u00eb pavarura, por edhe nga integriteti qytetar dhe profesional, ky pushtet i eterik, i shp\u00ebrndar\u00eb dhe i paduksh\u00ebm, q\u00eb i b\u00ebhet kufi dhe barrier\u00eb ambicieve destruktive t\u00eb \u00e7do pushteti, si edhe vet\u00eb liria.<\/p>\n<p>N\u00eb t\u00eb kund\u00ebrt\u00ebn, autoritarizmi merr forc\u00eb nga konformizmi i specialist\u00ebve, burokrat\u00ebve, inxhinier\u00ebve, arkitekt\u00ebve me intrigat, kthesat apo gjarp\u00ebrimet e tij. Ai b\u00ebhet edhe m\u00eb i fuqish\u00ebm, m\u00eb i kamufluar me \u201cligj\u201d, me \u201carkitektur\u00eb\u201d madje edhe me \u201cdemokraci\u201d nga nj\u00eb konformiz\u00ebm q\u00eb \u00ebsht\u00eb, n\u00eb fakt, nj\u00eb lloj skllav\u00ebrie masive, e fsheht\u00eb dhe me pranga t\u00eb padukshme por, disa her\u00eb, t\u00eb pathyeshme se vargonjt\u00eb e \u00e7elikt\u00eb.<\/p>\n<p>Shohim sot t\u00eb dalin arkitekt\u00eb dhe t\u00eb deklarojn\u00eb se projekti i sheshit \u201cSk\u00ebnderbej\u201d \u00ebsht\u00eb i keq, deri edhe antishqiptar, antidemokratik. Po ku ishin k\u00ebta k\u00ebtu e dy vjet m\u00eb par\u00eb kur projekti ekspozohej nga Bashkia p\u00ebr muaj me radh\u00eb n\u00eb qend\u00ebr t\u00eb Tiran\u00ebs? P\u00ebrse nuk e denoncuan k\u00ebt\u00eb projekt kaq fort sa sot? P\u00ebrgjigjja \u00ebsht\u00eb e thjesht\u00eb: Sepse dy vjet m\u00eb par\u00eb kishin marr\u00eb urdh\u00ebr tjet\u00ebr nga politika, nga pushteti berishist ose, se nuk kishin marr\u00eb urdh\u00ebr t\u00eb sulmonin \u201cSk\u00ebnderbeun\u201d. Sepse n\u00eb vitin 2008, kur edhe \u00ebsht\u00eb miratuar projekti belg p\u00ebr sheshin si n\u00eb jurin\u00eb nd\u00ebrkomb\u00ebtare ashtu edhe n\u00eb KRT t\u00eb Bashkis\u00eb s\u00eb Tiran\u00ebs, ekzistonte nj\u00eb tjet\u00ebr klim\u00eb politike mes PS dhe PD.<\/p>\n<p>N\u00eb at\u00eb koh\u00eb gatuheshin reformat \u201chistorike\u201d, q\u00eb thuhet se b\u00ebn\u00eb t\u00eb mundur hyrjen n\u00eb NATO, ndryshohej me konsensus deri edhe Kushtetuta e Republik\u00ebs. N\u00eb at\u00eb koh\u00eb nuk ishte n\u00eb leverdin\u00eb politike t\u00eb Kryeministrit Berisha, t\u2019i fuste shkopinj n\u00ebn rrota Bashkis\u00eb p\u00ebr sheshin. N\u00eb at\u00eb koh\u00eb, edhe pse n\u00eb media u lakua shum\u00eb projekti p\u00ebr sheshin, nuk pam\u00eb, as d\u00ebgjuam as arkitekt\u00eb, as jurist\u00eb, as ministra, as urbanist\u00eb, as qytetar\u00eb dhe as gazetar\u00eb t\u00eb formulonin kund\u00ebrshtime kaq t\u00eb forta sa sot. T\u00eb gjith\u00eb k\u00ebto z\u00ebra q\u00eb sot ul\u00ebrasin kund\u00ebr \u201cSk\u00ebnderbeut\u201d hesht\u00ebn. Sepse k\u00ebshtu qe urdhri i politik\u00ebs. Por n\u00eb demokraci ka nj\u00eb aksiom\u00eb: Kush hesht pranon.<\/p>\n<p>Dhe kush hesht n\u00eb koh\u00ebn kur duhet t\u00eb flas\u00eb, humbet nj\u00eb shans q\u00eb s\u2019para vjen m\u00eb. P\u00ebr m\u00eb tep\u00ebr, kur dihet q\u00eb demokracia dhe drejt\u00ebsia nuk ecin gjithnj\u00eb paralel. Kur demokracia nuk vepron n\u00eb koh\u00ebn e duhur mund t\u00eb b\u00ebhet destruktive p\u00ebr drejt\u00ebsin\u00eb. Dhe n\u00eb fakt nj\u00eb gj\u00eb e till\u00eb po ndodh edhe n\u00eb rastin e sheshit \u201cSk\u00ebnderbej\u201d. Z\u00ebra q\u00eb nuk u shpreh\u00ebn at\u00ebher\u00eb kur duhej t\u00eb flisnin, duke shfryt\u00ebzuar hap\u00ebsirat e demokracis\u00eb, i kund\u00ebrvihen sot \u201cdemokratikisht\u201d nj\u00eb projekti q\u00eb \u00ebsht\u00eb miratuar tashm\u00eb n\u00eb nj\u00eb zinxhir institucionesh t\u00eb specializuara t\u00eb shtetit. Pse? Sepse tashm\u00eb Berisha nuk \u00ebsht\u00eb m\u00eb n\u00eb konsensus por n\u00eb konflikt pushteti me Ram\u00ebn. Muajt e mjaltit t\u00eb bashk\u00ebpunimit kan\u00eb marr\u00eb fund.<\/p>\n<p>Prandaj befas d\u00ebgjojm\u00eb z\u00ebra q\u00eb duan t\u00eb anulojn\u00eb \u201cme demokraci\u201d dhe \u201cligj\u201d nj\u00eb projekt q\u00eb \u00ebsht\u00eb ekspozuar me koh\u00eb p\u00ebr oponenc\u00eb publike, q\u00eb \u00ebsht\u00eb miratuar me juri nd\u00ebrkomb\u00ebtare, q\u00eb \u00ebsht\u00eb miratuar n\u00eb KRT t\u00eb Bashkis\u00eb s\u00eb Tiran\u00ebs. Kjo do t\u00eb thot\u00eb q\u00eb t\u00eb shkat\u00ebrrosh me \u201cdemokraci\u201d nj\u00eb t\u00eb drejt\u00eb t\u00eb fituar me an\u00eb t\u00eb nj\u00eb procesi t\u00eb rregullt burokratik, do t\u00eb thot\u00eb t\u2019ia kund\u00ebrv\u00ebsh demokracin\u00eb shtetit, ligjit dhe liris\u00eb q\u00eb buron nga respektimi i ligjit. Por sikund\u00ebr thekson Fareed Zakaria, aplikimi i demokracis\u00eb n\u00eb disa fusha nuk \u00ebsht\u00eb gjithnj\u00eb i dobish\u00ebm, p\u00ebr t\u00eb mos th\u00ebn\u00eb i d\u00ebmsh\u00ebm p\u00ebr vet\u00eb demokracin\u00eb. Ka disa institucione, si Bankat Qendrore, q\u00eb mund t\u00eb kryejn\u00eb misionin e tyre n\u00eb dobi t\u00eb demokracis\u00eb dhe publikut, duke funksionuar n\u00eb m\u00ebnyr\u00eb jo demokratike pra, duke i l\u00ebvizur interesat e paras\u00eb jo sipas d\u00ebshir\u00eb s\u00eb nj\u00ebrit apo tjetrit grupim politik apo qytetar.<\/p>\n<p>Sikur Banka e Shqip\u00ebris\u00eb t\u00eb vepronte demokratikisht, duke iu bindur planeve t\u00eb qeveris\u00eb (dhe k\u00ebshtu ndodhi pak a shum\u00eb n\u00eb vitin n\u00eb koh\u00ebn e piramidave financiare) parat\u00eb e shqiptar\u00ebve do t\u2019i merrte lumi. Ne shtojm\u00eb se ka momente kur aplikimi i nj\u00eb \u201cdemokracie\u201d t\u00eb vonuar, \u00ebsht\u00eb me pasoja destruktive p\u00ebr shtetin dhe t\u00eb drejt\u00ebn. Pra edhe p\u00ebr lirin\u00eb. N\u00eb k\u00ebt\u00eb rast p\u00ebr lirin\u00eb e pushtetit lokal, t\u00eb cil\u00ebn, pushteti berishist k\u00ebrkon ta mbys\u00eb me \u201cdemokraci\u201d, \u201curbanistik\u00eb\u201d dhe nacionaliz\u00ebm primitiv. N\u00eb rastin e sheshit \u201cSk\u00ebnderbej\u201d nuk \u00ebsht\u00eb demokracia, vullneti lir\u00eb qytetar dhe profesional q\u00eb kund\u00ebrshton, por \u201cdemokracia\u201d e p\u00ebrdorur si mask\u00eb kund\u00ebr liris\u00eb nga nj\u00eb pushtet autoritarist. Mes z\u00ebrave q\u00eb kund\u00ebrshtoj\u00eb projektin belg mund t\u00eb ket\u00eb edhe t\u00eb ndersh\u00ebm, q\u00eb nuk jan\u00eb pjes\u00eb e nd\u00ebrgjegjshme e komplotit berishist.<\/p>\n<p>Por, duan apo s\u2019duan, ata i b\u00ebn vegla t\u00eb k\u00ebtij komploti autoritarit, vet\u00eb p\u00ebrputhja e heshtjes apo kund\u00ebrshtimit t\u00eb tyre, me nevojat e ciklit politik berishist. Kan\u00eb heshtur p\u00ebr sheshin kur pushtetit i leverdiste t\u00eb heshtin dhe po kund\u00ebrshtojn\u00eb kur k\u00ebtij pushteti i leverdis t\u00eb kund\u00ebrshtojn\u00eb. Por duke b\u00ebr\u00eb k\u00ebt\u00eb, i kund\u00ebrvihen s\u00eb drejt\u00ebs s\u00eb mpiksur n\u00eb vendime institucionesh, jurish dhe k\u00ebshillash, q\u00eb kan\u00eb me ligj atribute t\u00eb miratojn\u00eb projekte t\u00eb tilla. Shkurt i kund\u00ebrvihen shtetit, duke tentuar t\u00eb zhb\u00ebjn\u00eb, t\u00eb shkat\u00ebrrojn\u00eb produktin e nj\u00eb procesi tashm\u00eb legjitim. Me ose pa vet\u00ebdije jan\u00eb b\u00ebr\u00eb aleat\u00eb t\u00eb nj\u00eb sulmi t\u00eb pashembullt autoritarist kund\u00ebr s\u00eb drejt\u00ebs q\u00eb Gjykata Kushtetuese ia ka njohur q\u00eb n\u00eb vitin 2006 pushtetit lokal, p\u00ebr t\u00eb miratuar \u201clejet e nd\u00ebrtimit p\u00ebr objekte t\u00eb r\u00ebnd\u00ebsishme n\u00eb qendrat e qyteteve\u201d.<\/p>\n<p>Dhe nj\u00eb nga k\u00ebto objekte t\u00eb r\u00ebnd\u00ebsishme \u00ebsht\u00eb edhe sheshi \u201cSk\u00ebnderbej\u201d p\u00ebr projektin e t\u00eb cilit dje Berisha tha t\u00eb nd\u00ebrtohet, por sot thot\u00eb t\u00eb shkat\u00ebrrohet. Ashtu sikund\u00ebr dje i tha Fatos Nanos \u201cik\u201d, nd\u00ebrsa sot i thot\u00eb \u201cmik\u201d. Dhe rrjedhoja e k\u00ebtij gjarp\u00ebrimi t\u00eb autoritarizmit nuk \u00ebsht\u00eb thjesht pengimi i nj\u00eb projekti, por ajo q\u00eb mbetet natyrsh\u00ebm objektiv i \u00e7do autoritarizmi, shkat\u00ebrrimi i liris\u00eb dhe s\u00eb drejt\u00ebs s\u00eb tjetrit, n\u00eb k\u00ebt\u00eb rast, t\u00eb pushtetit lokal n\u00eb Bashkin\u00eb e Tiran\u00ebs. \u00cbsht\u00eb destruktiviteti legjendar i Rozaf\u00ebs, n\u00eb dit\u00ebt e deklarimeve dhe p\u00ebrpjekjeve t\u00eb sinqerta, por edhe t\u00eb atyre hipokrite, p\u00ebr integrimin e Shqip\u00ebris\u00eb me bot\u00ebn e ligjit dhe t\u00eb liris\u00eb.<\/p>\n","protected":false},"excerpt":{"rendered":"<p>Andrea Stefani N\u00eb themelet e Shqip\u00ebris\u00eb dergjet legjenda e kalas\u00eb s\u00eb Rozaf\u00ebs. Prej saj m\u00ebsojm\u00eb se tre v\u00ebllez\u00ebr nd\u00ebrtonin pa pushim muret e kalas\u00eb dit\u00ebn, por ato ju shembeshin, po pa pushim, nat\u00ebn, nga forca t\u00eb mistershme dhe t\u00eb err\u00ebta si vet\u00eb nata. Mjerisht e sotmja na ndihmon t\u00eb kuptojm\u00eb m\u00eb mir\u00eb natyr\u00ebn e forcave [&hellip;]<\/p>\n","protected":false},"author":1,"featured_media":0,"comment_status":"open","ping_status":"closed","sticky":false,"template":"","format":"standard","meta":{"footnotes":""},"categories":[2],"tags":[],"class_list":{"0":"post-2372","1":"post","2":"type-post","3":"status-publish","4":"format-standard","6":"category-artikuj"},"yoast_head":"<!-- This site is optimized with the Yoast SEO plugin v27.4 - https:\/\/yoast.com\/product\/yoast-seo-wordpress\/ -->\n<title>\u201cZOGU I ZI\u201d, SHESHI DHE KREJT SHTETI, SI KALAJA E ROZAFES - FjALA e LIR\u00cb - Arkivi<\/title>\n<meta name=\"robots\" content=\"index, follow, max-snippet:-1, max-image-preview:large, max-video-preview:-1\" \/>\n<link rel=\"canonical\" href=\"https:\/\/fjala.info\/2009-2015\/zogu-i-zi-sheshi-dhe-krejt-shteti-si-kalaja-e-rozafes\/\" \/>\n<meta property=\"og:locale\" content=\"sq_AL\" \/>\n<meta property=\"og:type\" content=\"article\" \/>\n<meta property=\"og:title\" content=\"\u201cZOGU I ZI\u201d, SHESHI DHE KREJT SHTETI, SI KALAJA E ROZAFES - FjALA e LIR\u00cb - Arkivi\" \/>\n<meta property=\"og:description\" content=\"Andrea Stefani N\u00eb themelet e Shqip\u00ebris\u00eb dergjet legjenda e kalas\u00eb s\u00eb Rozaf\u00ebs. Prej saj m\u00ebsojm\u00eb se tre v\u00ebllez\u00ebr nd\u00ebrtonin pa pushim muret e kalas\u00eb dit\u00ebn, por ato ju shembeshin, po pa pushim, nat\u00ebn, nga forca t\u00eb mistershme dhe t\u00eb err\u00ebta si vet\u00eb nata. Mjerisht e sotmja na ndihmon t\u00eb kuptojm\u00eb m\u00eb mir\u00eb natyr\u00ebn e forcave [&hellip;]\" \/>\n<meta property=\"og:url\" content=\"https:\/\/fjala.info\/2009-2015\/zogu-i-zi-sheshi-dhe-krejt-shteti-si-kalaja-e-rozafes\/\" \/>\n<meta property=\"og:site_name\" content=\"FjALA e LIR\u00cb - Arkivi\" \/>\n<meta property=\"article:published_time\" content=\"2010-04-25T22:01:12+00:00\" \/>\n<meta property=\"og:image\" content=\"http:\/\/www.shkoder.net\/images\/fjala\/andrea_stefani.jpg\" \/>\n<meta name=\"author\" content=\"admin\" \/>\n<meta name=\"twitter:card\" content=\"summary_large_image\" \/>\n<meta name=\"twitter:label1\" content=\"Written by\" \/>\n\t<meta name=\"twitter:data1\" content=\"admin\" \/>\n\t<meta name=\"twitter:label2\" content=\"Est. reading time\" \/>\n\t<meta name=\"twitter:data2\" content=\"9 minutes\" \/>\n<script type=\"application\/ld+json\" class=\"yoast-schema-graph\">{\"@context\":\"https:\\\/\\\/schema.org\",\"@graph\":[{\"@type\":\"Article\",\"@id\":\"https:\\\/\\\/fjala.info\\\/2009-2015\\\/zogu-i-zi-sheshi-dhe-krejt-shteti-si-kalaja-e-rozafes\\\/#article\",\"isPartOf\":{\"@id\":\"https:\\\/\\\/fjala.info\\\/2009-2015\\\/zogu-i-zi-sheshi-dhe-krejt-shteti-si-kalaja-e-rozafes\\\/\"},\"author\":{\"name\":\"admin\",\"@id\":\"https:\\\/\\\/fjala.info\\\/2009-2015\\\/#\\\/schema\\\/person\\\/3aa1163ef05469c496fc94e77611ada2\"},\"headline\":\"\u201cZOGU I ZI\u201d, SHESHI DHE KREJT SHTETI, SI KALAJA E ROZAFES\",\"datePublished\":\"2010-04-25T22:01:12+00:00\",\"mainEntityOfPage\":{\"@id\":\"https:\\\/\\\/fjala.info\\\/2009-2015\\\/zogu-i-zi-sheshi-dhe-krejt-shteti-si-kalaja-e-rozafes\\\/\"},\"wordCount\":1741,\"commentCount\":0,\"publisher\":{\"@id\":\"https:\\\/\\\/fjala.info\\\/2009-2015\\\/#organization\"},\"image\":{\"@id\":\"https:\\\/\\\/fjala.info\\\/2009-2015\\\/zogu-i-zi-sheshi-dhe-krejt-shteti-si-kalaja-e-rozafes\\\/#primaryimage\"},\"thumbnailUrl\":\"http:\\\/\\\/www.shkoder.net\\\/images\\\/fjala\\\/andrea_stefani.jpg\",\"articleSection\":[\"Artikuj\"],\"inLanguage\":\"sq-AL\",\"potentialAction\":[{\"@type\":\"CommentAction\",\"name\":\"Comment\",\"target\":[\"https:\\\/\\\/fjala.info\\\/2009-2015\\\/zogu-i-zi-sheshi-dhe-krejt-shteti-si-kalaja-e-rozafes\\\/#respond\"]}]},{\"@type\":\"WebPage\",\"@id\":\"https:\\\/\\\/fjala.info\\\/2009-2015\\\/zogu-i-zi-sheshi-dhe-krejt-shteti-si-kalaja-e-rozafes\\\/\",\"url\":\"https:\\\/\\\/fjala.info\\\/2009-2015\\\/zogu-i-zi-sheshi-dhe-krejt-shteti-si-kalaja-e-rozafes\\\/\",\"name\":\"\u201cZOGU I ZI\u201d, SHESHI DHE KREJT SHTETI, SI KALAJA E ROZAFES - FjALA e LIR\u00cb - Arkivi\",\"isPartOf\":{\"@id\":\"https:\\\/\\\/fjala.info\\\/2009-2015\\\/#website\"},\"primaryImageOfPage\":{\"@id\":\"https:\\\/\\\/fjala.info\\\/2009-2015\\\/zogu-i-zi-sheshi-dhe-krejt-shteti-si-kalaja-e-rozafes\\\/#primaryimage\"},\"image\":{\"@id\":\"https:\\\/\\\/fjala.info\\\/2009-2015\\\/zogu-i-zi-sheshi-dhe-krejt-shteti-si-kalaja-e-rozafes\\\/#primaryimage\"},\"thumbnailUrl\":\"http:\\\/\\\/www.shkoder.net\\\/images\\\/fjala\\\/andrea_stefani.jpg\",\"datePublished\":\"2010-04-25T22:01:12+00:00\",\"breadcrumb\":{\"@id\":\"https:\\\/\\\/fjala.info\\\/2009-2015\\\/zogu-i-zi-sheshi-dhe-krejt-shteti-si-kalaja-e-rozafes\\\/#breadcrumb\"},\"inLanguage\":\"sq-AL\",\"potentialAction\":[{\"@type\":\"ReadAction\",\"target\":[\"https:\\\/\\\/fjala.info\\\/2009-2015\\\/zogu-i-zi-sheshi-dhe-krejt-shteti-si-kalaja-e-rozafes\\\/\"]}]},{\"@type\":\"ImageObject\",\"inLanguage\":\"sq-AL\",\"@id\":\"https:\\\/\\\/fjala.info\\\/2009-2015\\\/zogu-i-zi-sheshi-dhe-krejt-shteti-si-kalaja-e-rozafes\\\/#primaryimage\",\"url\":\"http:\\\/\\\/www.shkoder.net\\\/images\\\/fjala\\\/andrea_stefani.jpg\",\"contentUrl\":\"http:\\\/\\\/www.shkoder.net\\\/images\\\/fjala\\\/andrea_stefani.jpg\"},{\"@type\":\"BreadcrumbList\",\"@id\":\"https:\\\/\\\/fjala.info\\\/2009-2015\\\/zogu-i-zi-sheshi-dhe-krejt-shteti-si-kalaja-e-rozafes\\\/#breadcrumb\",\"itemListElement\":[{\"@type\":\"ListItem\",\"position\":1,\"name\":\"Home\",\"item\":\"https:\\\/\\\/fjala.info\\\/2009-2015\\\/\"},{\"@type\":\"ListItem\",\"position\":2,\"name\":\"\u201cZOGU I ZI\u201d, SHESHI DHE KREJT SHTETI, SI KALAJA E ROZAFES\"}]},{\"@type\":\"WebSite\",\"@id\":\"https:\\\/\\\/fjala.info\\\/2009-2015\\\/#website\",\"url\":\"https:\\\/\\\/fjala.info\\\/2009-2015\\\/\",\"name\":\"FjALA e LIR\u00cb - Arkivi\",\"description\":\"Arkivi 2009-2015\",\"publisher\":{\"@id\":\"https:\\\/\\\/fjala.info\\\/2009-2015\\\/#organization\"},\"potentialAction\":[{\"@type\":\"SearchAction\",\"target\":{\"@type\":\"EntryPoint\",\"urlTemplate\":\"https:\\\/\\\/fjala.info\\\/2009-2015\\\/?s={search_term_string}\"},\"query-input\":{\"@type\":\"PropertyValueSpecification\",\"valueRequired\":true,\"valueName\":\"search_term_string\"}}],\"inLanguage\":\"sq-AL\"},{\"@type\":\"Organization\",\"@id\":\"https:\\\/\\\/fjala.info\\\/2009-2015\\\/#organization\",\"name\":\"FjALA e LIR\u00cb - Arkivi\",\"url\":\"https:\\\/\\\/fjala.info\\\/2009-2015\\\/\",\"logo\":{\"@type\":\"ImageObject\",\"inLanguage\":\"sq-AL\",\"@id\":\"https:\\\/\\\/fjala.info\\\/2009-2015\\\/#\\\/schema\\\/logo\\\/image\\\/\",\"url\":\"\",\"contentUrl\":\"\",\"caption\":\"FjALA e LIR\u00cb - Arkivi\"},\"image\":{\"@id\":\"https:\\\/\\\/fjala.info\\\/2009-2015\\\/#\\\/schema\\\/logo\\\/image\\\/\"}},{\"@type\":\"Person\",\"@id\":\"https:\\\/\\\/fjala.info\\\/2009-2015\\\/#\\\/schema\\\/person\\\/3aa1163ef05469c496fc94e77611ada2\",\"name\":\"admin\",\"image\":{\"@type\":\"ImageObject\",\"inLanguage\":\"sq-AL\",\"@id\":\"https:\\\/\\\/fjala.info\\\/2009-2015\\\/wp-content\\\/uploads\\\/2012\\\/02\\\/arben_cokaj-120x150.jpg\",\"url\":\"https:\\\/\\\/fjala.info\\\/2009-2015\\\/wp-content\\\/uploads\\\/2012\\\/02\\\/arben_cokaj-120x150.jpg\",\"contentUrl\":\"https:\\\/\\\/fjala.info\\\/2009-2015\\\/wp-content\\\/uploads\\\/2012\\\/02\\\/arben_cokaj-120x150.jpg\",\"caption\":\"admin\"},\"description\":\"Admin, Fjala e Lir\u00eb\",\"sameAs\":[\"https:\\\/\\\/fjala.info\\\/\"],\"url\":\"https:\\\/\\\/fjala.info\\\/2009-2015\\\/author\\\/admin\\\/\"}]}<\/script>\n<!-- \/ Yoast SEO plugin. -->","yoast_head_json":{"title":"\u201cZOGU I ZI\u201d, SHESHI DHE KREJT SHTETI, SI KALAJA E ROZAFES - FjALA e LIR\u00cb - Arkivi","robots":{"index":"index","follow":"follow","max-snippet":"max-snippet:-1","max-image-preview":"max-image-preview:large","max-video-preview":"max-video-preview:-1"},"canonical":"https:\/\/fjala.info\/2009-2015\/zogu-i-zi-sheshi-dhe-krejt-shteti-si-kalaja-e-rozafes\/","og_locale":"sq_AL","og_type":"article","og_title":"\u201cZOGU I ZI\u201d, SHESHI DHE KREJT SHTETI, SI KALAJA E ROZAFES - FjALA e LIR\u00cb - Arkivi","og_description":"Andrea Stefani N\u00eb themelet e Shqip\u00ebris\u00eb dergjet legjenda e kalas\u00eb s\u00eb Rozaf\u00ebs. Prej saj m\u00ebsojm\u00eb se tre v\u00ebllez\u00ebr nd\u00ebrtonin pa pushim muret e kalas\u00eb dit\u00ebn, por ato ju shembeshin, po pa pushim, nat\u00ebn, nga forca t\u00eb mistershme dhe t\u00eb err\u00ebta si vet\u00eb nata. Mjerisht e sotmja na ndihmon t\u00eb kuptojm\u00eb m\u00eb mir\u00eb natyr\u00ebn e forcave [&hellip;]","og_url":"https:\/\/fjala.info\/2009-2015\/zogu-i-zi-sheshi-dhe-krejt-shteti-si-kalaja-e-rozafes\/","og_site_name":"FjALA e LIR\u00cb - Arkivi","article_published_time":"2010-04-25T22:01:12+00:00","og_image":[{"url":"http:\/\/www.shkoder.net\/images\/fjala\/andrea_stefani.jpg","type":"","width":"","height":""}],"author":"admin","twitter_card":"summary_large_image","twitter_misc":{"Written by":"admin","Est. reading time":"9 minutes"},"schema":{"@context":"https:\/\/schema.org","@graph":[{"@type":"Article","@id":"https:\/\/fjala.info\/2009-2015\/zogu-i-zi-sheshi-dhe-krejt-shteti-si-kalaja-e-rozafes\/#article","isPartOf":{"@id":"https:\/\/fjala.info\/2009-2015\/zogu-i-zi-sheshi-dhe-krejt-shteti-si-kalaja-e-rozafes\/"},"author":{"name":"admin","@id":"https:\/\/fjala.info\/2009-2015\/#\/schema\/person\/3aa1163ef05469c496fc94e77611ada2"},"headline":"\u201cZOGU I ZI\u201d, SHESHI DHE KREJT SHTETI, SI KALAJA E ROZAFES","datePublished":"2010-04-25T22:01:12+00:00","mainEntityOfPage":{"@id":"https:\/\/fjala.info\/2009-2015\/zogu-i-zi-sheshi-dhe-krejt-shteti-si-kalaja-e-rozafes\/"},"wordCount":1741,"commentCount":0,"publisher":{"@id":"https:\/\/fjala.info\/2009-2015\/#organization"},"image":{"@id":"https:\/\/fjala.info\/2009-2015\/zogu-i-zi-sheshi-dhe-krejt-shteti-si-kalaja-e-rozafes\/#primaryimage"},"thumbnailUrl":"http:\/\/www.shkoder.net\/images\/fjala\/andrea_stefani.jpg","articleSection":["Artikuj"],"inLanguage":"sq-AL","potentialAction":[{"@type":"CommentAction","name":"Comment","target":["https:\/\/fjala.info\/2009-2015\/zogu-i-zi-sheshi-dhe-krejt-shteti-si-kalaja-e-rozafes\/#respond"]}]},{"@type":"WebPage","@id":"https:\/\/fjala.info\/2009-2015\/zogu-i-zi-sheshi-dhe-krejt-shteti-si-kalaja-e-rozafes\/","url":"https:\/\/fjala.info\/2009-2015\/zogu-i-zi-sheshi-dhe-krejt-shteti-si-kalaja-e-rozafes\/","name":"\u201cZOGU I ZI\u201d, SHESHI DHE KREJT SHTETI, SI KALAJA E ROZAFES - FjALA e LIR\u00cb - Arkivi","isPartOf":{"@id":"https:\/\/fjala.info\/2009-2015\/#website"},"primaryImageOfPage":{"@id":"https:\/\/fjala.info\/2009-2015\/zogu-i-zi-sheshi-dhe-krejt-shteti-si-kalaja-e-rozafes\/#primaryimage"},"image":{"@id":"https:\/\/fjala.info\/2009-2015\/zogu-i-zi-sheshi-dhe-krejt-shteti-si-kalaja-e-rozafes\/#primaryimage"},"thumbnailUrl":"http:\/\/www.shkoder.net\/images\/fjala\/andrea_stefani.jpg","datePublished":"2010-04-25T22:01:12+00:00","breadcrumb":{"@id":"https:\/\/fjala.info\/2009-2015\/zogu-i-zi-sheshi-dhe-krejt-shteti-si-kalaja-e-rozafes\/#breadcrumb"},"inLanguage":"sq-AL","potentialAction":[{"@type":"ReadAction","target":["https:\/\/fjala.info\/2009-2015\/zogu-i-zi-sheshi-dhe-krejt-shteti-si-kalaja-e-rozafes\/"]}]},{"@type":"ImageObject","inLanguage":"sq-AL","@id":"https:\/\/fjala.info\/2009-2015\/zogu-i-zi-sheshi-dhe-krejt-shteti-si-kalaja-e-rozafes\/#primaryimage","url":"http:\/\/www.shkoder.net\/images\/fjala\/andrea_stefani.jpg","contentUrl":"http:\/\/www.shkoder.net\/images\/fjala\/andrea_stefani.jpg"},{"@type":"BreadcrumbList","@id":"https:\/\/fjala.info\/2009-2015\/zogu-i-zi-sheshi-dhe-krejt-shteti-si-kalaja-e-rozafes\/#breadcrumb","itemListElement":[{"@type":"ListItem","position":1,"name":"Home","item":"https:\/\/fjala.info\/2009-2015\/"},{"@type":"ListItem","position":2,"name":"\u201cZOGU I ZI\u201d, SHESHI DHE KREJT SHTETI, SI KALAJA E ROZAFES"}]},{"@type":"WebSite","@id":"https:\/\/fjala.info\/2009-2015\/#website","url":"https:\/\/fjala.info\/2009-2015\/","name":"FjALA e LIR\u00cb - Arkivi","description":"Arkivi 2009-2015","publisher":{"@id":"https:\/\/fjala.info\/2009-2015\/#organization"},"potentialAction":[{"@type":"SearchAction","target":{"@type":"EntryPoint","urlTemplate":"https:\/\/fjala.info\/2009-2015\/?s={search_term_string}"},"query-input":{"@type":"PropertyValueSpecification","valueRequired":true,"valueName":"search_term_string"}}],"inLanguage":"sq-AL"},{"@type":"Organization","@id":"https:\/\/fjala.info\/2009-2015\/#organization","name":"FjALA e LIR\u00cb - Arkivi","url":"https:\/\/fjala.info\/2009-2015\/","logo":{"@type":"ImageObject","inLanguage":"sq-AL","@id":"https:\/\/fjala.info\/2009-2015\/#\/schema\/logo\/image\/","url":"","contentUrl":"","caption":"FjALA e LIR\u00cb - Arkivi"},"image":{"@id":"https:\/\/fjala.info\/2009-2015\/#\/schema\/logo\/image\/"}},{"@type":"Person","@id":"https:\/\/fjala.info\/2009-2015\/#\/schema\/person\/3aa1163ef05469c496fc94e77611ada2","name":"admin","image":{"@type":"ImageObject","inLanguage":"sq-AL","@id":"https:\/\/fjala.info\/2009-2015\/wp-content\/uploads\/2012\/02\/arben_cokaj-120x150.jpg","url":"https:\/\/fjala.info\/2009-2015\/wp-content\/uploads\/2012\/02\/arben_cokaj-120x150.jpg","contentUrl":"https:\/\/fjala.info\/2009-2015\/wp-content\/uploads\/2012\/02\/arben_cokaj-120x150.jpg","caption":"admin"},"description":"Admin, Fjala e Lir\u00eb","sameAs":["https:\/\/fjala.info\/"],"url":"https:\/\/fjala.info\/2009-2015\/author\/admin\/"}]}},"_links":{"self":[{"href":"https:\/\/fjala.info\/2009-2015\/wp-json\/wp\/v2\/posts\/2372","targetHints":{"allow":["GET"]}}],"collection":[{"href":"https:\/\/fjala.info\/2009-2015\/wp-json\/wp\/v2\/posts"}],"about":[{"href":"https:\/\/fjala.info\/2009-2015\/wp-json\/wp\/v2\/types\/post"}],"author":[{"embeddable":true,"href":"https:\/\/fjala.info\/2009-2015\/wp-json\/wp\/v2\/users\/1"}],"replies":[{"embeddable":true,"href":"https:\/\/fjala.info\/2009-2015\/wp-json\/wp\/v2\/comments?post=2372"}],"version-history":[{"count":0,"href":"https:\/\/fjala.info\/2009-2015\/wp-json\/wp\/v2\/posts\/2372\/revisions"}],"wp:attachment":[{"href":"https:\/\/fjala.info\/2009-2015\/wp-json\/wp\/v2\/media?parent=2372"}],"wp:term":[{"taxonomy":"category","embeddable":true,"href":"https:\/\/fjala.info\/2009-2015\/wp-json\/wp\/v2\/categories?post=2372"},{"taxonomy":"post_tag","embeddable":true,"href":"https:\/\/fjala.info\/2009-2015\/wp-json\/wp\/v2\/tags?post=2372"}],"curies":[{"name":"wp","href":"https:\/\/api.w.org\/{rel}","templated":true}]}}