{"id":2369,"date":"2010-04-25T22:43:12","date_gmt":"2010-04-25T21:43:12","guid":{"rendered":"http:\/\/fjala.shkoder.net\/?p=2369"},"modified":"2010-04-25T22:43:12","modified_gmt":"2010-04-25T21:43:12","slug":"ne-proteste-jo-per-ramen-por-per-veten","status":"publish","type":"post","link":"https:\/\/fjala.info\/2009-2015\/ne-proteste-jo-per-ramen-por-per-veten\/","title":{"rendered":"N\u00eb protest\u00eb jo p\u00ebr Ram\u00ebn, por p\u00ebr veten"},"content":{"rendered":"<p><img decoding=\"async\" style=\"margin-left: 10px; margin-right: 10px; border: 0px;\" src=\"http:\/\/www.shkoder.net\/images\/fjala\/hervin_culi.jpg\" border=\"0\" alt=\"Hervin \u00c7ULI\" width=\"100\" align=\"left\" \/><\/p>\n<p><strong>Hervin \u00c7ULI<\/strong>, <em>25.04.2010<\/em><\/p>\n<p>Ka koh\u00eb q\u00eb mendoj se t\u00eb qenit mitingash \u00ebsht\u00eb nj\u00eb \u201cprofesion\u201d i r\u00ebndomt\u00eb dhe i manipuluar nga BAJRAKTARI i partis\u00eb politike q\u00eb e organizon. Me dhimbje, kam koh\u00eb q\u00eb i shoh t\u00eb mjer\u00ebt njer\u00ebz tifoz\u00eb t\u00eb k\u00ebsaj apo asaj partie politike, t\u00eb ngjiren duke ul\u00ebritur at\u00eb \u00e7ka i p\u00eblqen liderit. Ka dhe nga ata syresh, q\u00eb shtyhen t\u00eb dalin n\u00eb krye t\u00eb turm\u00ebs e ti bien n\u00eb sy kryetarit, duke nxjerr\u00eb rrylat edhe m\u00eb shum\u00eb, sapo AI hedh ndonj\u00eb v\u00ebshtrim p\u00ebrciptas nga ata.<\/p>\n<p>N\u00eb m\u00ebngjes, k\u00ebta demokrat\u00eb t\u00eb devotsh\u00ebm, zgjohen me \u00ebndrr\u00ebn dhe shpres\u00ebn e madhe se gurmazi i mjer\u00eb mund t\u2019ju siguroj\u00eb ndonj\u00eb vend pune, ku t\u00eb dredhin zinxhirin gjith\u00eb dit\u00ebn e dit\u00ebs dhe t\u00eb marrin rrog\u00ebn qyl. Dhe p\u00ebr t\u00eb th\u00ebn\u00eb t\u00eb v\u00ebrtet\u00ebn, kjo ka funksionuar. Fitorja e PD n\u00eb zgjedhjet e 2005 tregoi se UL\u00cbRAKU mund t\u00eb ulte prapanic\u00ebn n\u00eb \u00e7far\u00ebdolloj karrigeje, s\u2019ka r\u00ebnd\u00ebsi n\u00ebse \u00ebsht\u00eb inxhinier dhe b\u00ebhet drejtor n\u00eb Ministrin\u00eb e Arsimit apo se \u00ebsht\u00eb veteriner dhe mund t\u00eb b\u00ebhet specialist n\u00eb Ministrin\u00eb e Jashtme.<\/p>\n<p>Madje dhe nj\u00eb minist\u00ebr q\u00eb ka mbaruar p\u00ebr aktor \u00ebsht\u00eb i Mbrojtjes, nd\u00ebrsa tjetri q\u00eb \u00ebsht\u00eb specializuar p\u00ebr sigurin\u00eb \u00ebsht\u00eb i Kultur\u00ebs. Bajraktari Berish\u00eb demostroi se kulla shqiptare \u00ebsht\u00eb pron\u00eb q\u00eb ia ka l\u00ebn\u00eb i ati, dhe kushdo q\u00eb p\u00ebrfiton viz\u00ebn p\u00ebr t\u2019u futur aty brenda, duhet t\u00eb kaloj\u00eb nga sita e tij dhe e familjes s\u00eb tij. Kulmi arriti kur edhe nj\u00eb serb \u201ci mir\u00eb\u201d, kishte m\u00eb trim\u00ebri sesa edhe vet\u00eb banor\u00ebt e kull\u00ebs, n\u00eb sigurin\u00eb p\u00ebr t\u2019u futur brenda saj. Por k\u00ebto edhe shum\u00eb t\u00eb tjera jan\u00eb pak, madje shum\u00eb pak p\u00ebrball\u00eb Jet\u00ebs Time.<\/p>\n<p>K\u00ebt\u00eb e kuptova k\u00ebto dy muaj q\u00eb nuk po paguaj dot dritat, sepse fatura e tyre ma zuri frym\u00ebn dhe mi err\u00ebsoi syt\u00eb. Duhet t\u00eb paguaj fiks 110 mij\u00eb t\u00eb vjetra n\u00eb nj\u00ebrin 30 dit\u00ebsh dhe 108 n\u00eb tjetrin. Tmerr! Sht\u00ebpia \u00ebsht\u00eb e vog\u00ebl dhe harxhimet e korentit jan\u00eb fare minimale. Madje edhe n\u00eb t\u00eb ftohtin m\u00eb t\u00eb madh, p\u00ebr t\u00eb mos ndezur kaloriferin, babai im i s\u00ebmur\u00eb vishte xhup dhe hidhte nj\u00eb batanije shpatullave p\u00ebr t\u00eb kursyer. P\u00ebr t\u00eb gatuar, n\u00ebna pothuajse e ka harruar si p\u00ebrdoret soba me korrent, pasi kollandriset me nj\u00eb plitk\u00eb t\u00eb vog\u00ebl me gaz, p\u00ebr t\u00eb mos harxhuar. Im at\u00eb, ka nj\u00eb jet\u00eb t\u00eb t\u00ebr\u00eb q\u00eb punon dhe p\u00ebrve\u00e7 nj\u00eb pensioni qesharak nuk ka fatin t\u00eb nxjerr\u00eb asgj\u00eb tjet\u00ebr.<\/p>\n<p>N\u00ebna ime po ashtu \u00ebsht\u00eb n\u00eb pension, me nj\u00eb shif\u00ebr q\u00eb nuk kap as vler\u00ebn e dritave n\u00eb muaj. Un\u00eb po dihet jam pa pun\u00eb! \u00c7\u2019t\u00eb b\u00ebsh! Kisha 14 vjet q\u00eb jeta ime ishte profesioni im! \u201cNuk pate shqis\u00eb politike\u201d- m\u00eb thon\u00eb disa miq. \u00c7\u2019tu desh ty q\u00eb llap gazetave e televizioneve duke sulmuar sistemin. Ishe si zonjat, si an\u00ebtar i Kopit dhe nj\u00eb vend p\u00ebllumbash do ta kapje\u201d &#8211; ma mbyllin koh\u00ebn e protest\u00ebs time shoq\u00ebrore ata. Nd\u00ebrsa djali i tezes q\u00eb punon n\u00eb shtet, ka nj\u00eb version edhe m\u00eb t\u00eb moderuar. \u201cT\u00eb hongsha bith\u00ebn o shtet\u201d &#8211; t\u00eb gjente gjo po t\u00eb thoje k\u00ebshtu nga m\u00ebngjesi deri n\u00eb dark\u00eb, o trap. Nganj\u00ebher\u00eb, edhe pse m\u00eb vjen turp nga vetja, them se kan\u00eb t\u00eb drejt\u00eb si miqt\u00eb dhe \u00e7uni i tezes.<\/p>\n<p>Jo vet\u00ebm q\u00eb nuk nxora gj\u00eb n\u00eb drit\u00eb me reformimin e sistemit, por metastazat e tij m\u00eb nxor\u00ebn jasht\u00eb me k\u00ebnaq\u00ebsin\u00eb m\u00eb t\u00eb madhe. Puthador\u00ebt e Bajraktarit u kujdes\u00ebn ethsh\u00ebm p\u00ebr t\u2019i pastruar institucionet nga armiqt\u00eb dhe dezertor\u00ebt e partis\u00eb. N\u00eb vend t\u00eb tyre u pun\u00ebsuan profesionist\u00eb t\u00eb sygjeruar me kompetenc\u00eb nga Liri Berisha dhe shok\u00eb t\u00eb tjer\u00eb t\u00eb partis\u00eb. Si i b\u00ebhet? Si do jetojm\u00eb? Bajraktari e ka rrezen e madhe, rrjedhimisht p\u00ebr t\u00eb gjetur pun\u00eb \u00ebsht\u00eb e pamundur, pasi armiku i shtetit duhet d\u00ebrrmuar, shkat\u00ebrruar, q\u00eb t\u00eb mos i g\u00ebnjej\u00eb mendja ndonj\u00eb tjetri t\u00eb llap\u00eb lart e posht\u00eb.<\/p>\n<p>Tregu i lir\u00eb n\u00eb profesionin tim nuk funksionon! Si i b\u00ebhet pra? Mendova nj\u00eb her\u00eb t\u00eb vjedh ndonj\u00eb bank\u00eb, por me th\u00ebn\u00eb t\u00eb drejt\u00ebn s\u2019ma mban se nuk do ta p\u00ebrballoja dot burgun. Aq m\u00eb tep\u00ebr, q\u00eb edhe atje drejtori p\u00ebr t\u00eb m\u00eb b\u00ebr\u00eb ndonj\u00eb favor, do t\u00eb m\u00eb k\u00ebrkonte t\u00eb kapja sapunin duke votuar p\u00ebr udh\u00ebheq\u00ebsin e lavdish\u00ebm kur t\u00eb vinin zgjedhjet. Se edhe ai i shkreti do t\u00eb mbronte vendin e pun\u00ebs. Pastaj mendova se nga d\u00ebshp\u00ebrimi isha n\u00eb gjendje t\u00eb vrisja veten! Por me th\u00ebn\u00eb t\u00eb drejt\u00ebn, as p\u00ebr k\u00ebt\u00eb nuk kisha forc\u00eb. At\u00ebher\u00eb!?<br \/>\nM\u00eb mbetet vet\u00ebm t\u00eb shpresoj.<\/p>\n<p>Nuk e di n\u00ebse Edi Rama do t\u00eb jet\u00eb n\u00eb nj\u00eb t\u00eb ardhme t\u00eb af\u00ebrt, po i nj\u00ebjti pronar i kull\u00ebs! Nuk e di n\u00ebse do jetoj m\u00eb mir\u00eb, n\u00ebse do ja dal me fatur\u00ebn e dritave, n\u00ebse do gjej pun\u00eb, n\u00ebse n\u00ebna ime do gatuaj\u00eb te soba me korrent dhe babai im do ta flak\u00eb batanijen tutje, por m\u00eb duhet t\u00eb shpresoj. Po vdiq shpresa ekuilibri im ka mund\u00ebsi t\u00eb m\u00eb tradhtoj\u00eb. Kush \u00ebsht\u00eb zgjidhja? Si i b\u00ebhet pra? Nuk e di, ndofta analisti dhe individualiteti m\u00eb i pakorruptuar n\u00eb k\u00ebt\u00eb vend, zoti Fatos Lubonja (k\u00ebt\u00eb e them v\u00ebrtet\u00eb me shum\u00eb respekt), mund ta kishte nj\u00eb p\u00ebrgjigje. Por, sa ai t\u00eb zgjidh\u00eb \u00e7\u00ebshtjen e sheshit, duke i plot\u00ebsuar or\u00ebt e pun\u00ebs Fevziut, v\u00ebshtir\u00eb se mund t\u2019ia ket\u00eb ngen\u00eb takimit ton\u00eb.<\/p>\n<p>Ndaj do t\u00eb jem n\u00eb shesh m\u00eb dat\u00eb 30 prill, jo se jam mitingash! Ndaj do jem n\u00eb shesh n\u00eb dat\u00eb 30 prill, jo p\u00ebr Edi Ram\u00ebn, por p\u00ebr t\u00eb shpresuar! Do jem n\u00eb shesh n\u00eb dat\u00eb 30 prill, q\u00eb t\u2019i them Bajraktarit q\u00eb kulla nuk \u00ebsht\u00eb kull\u00eb, por \u00ebsht\u00eb nj\u00eb sht\u00ebpi e p\u00ebrbashk\u00ebt, ku t\u00eb gjith\u00eb kemi t\u00eb drejt\u00eb t\u00eb ekzistojm\u00eb, ashtu si\u00e7 kan\u00eb t\u00eb drejt\u00eb t\u00eb ekzistojn\u00eb dhe f\u00ebmij\u00ebt e tu. Do t\u00eb jem m\u00eb 30 prill q\u00eb t\u2019i them Edi Ram\u00ebs, q\u00eb n\u00ebse nj\u00eb dit\u00eb do ta z\u00ebvend\u00ebsosh bajrakun me bajrak, ne do t\u00eb jemi p\u00ebrs\u00ebri aty n\u00eb nj\u00eb 30 prill tjet\u00ebr sepse duam t\u00eb jetojm\u00eb.<\/p>\n","protected":false},"excerpt":{"rendered":"<p>Hervin \u00c7ULI, 25.04.2010 Ka koh\u00eb q\u00eb mendoj se t\u00eb qenit mitingash \u00ebsht\u00eb nj\u00eb \u201cprofesion\u201d i r\u00ebndomt\u00eb dhe i manipuluar nga BAJRAKTARI i partis\u00eb politike q\u00eb e organizon. Me dhimbje, kam koh\u00eb q\u00eb i shoh t\u00eb mjer\u00ebt njer\u00ebz tifoz\u00eb t\u00eb k\u00ebsaj apo asaj partie politike, t\u00eb ngjiren duke ul\u00ebritur at\u00eb \u00e7ka i p\u00eblqen liderit. Ka dhe [&hellip;]<\/p>\n","protected":false},"author":1,"featured_media":0,"comment_status":"open","ping_status":"closed","sticky":false,"template":"","format":"standard","meta":{"footnotes":""},"categories":[2],"tags":[],"class_list":{"0":"post-2369","1":"post","2":"type-post","3":"status-publish","4":"format-standard","6":"category-artikuj"},"yoast_head":"<!-- This site is optimized with the Yoast SEO plugin v27.4 - https:\/\/yoast.com\/product\/yoast-seo-wordpress\/ -->\n<title>N\u00eb protest\u00eb jo p\u00ebr Ram\u00ebn, por p\u00ebr veten - FjALA e LIR\u00cb - Arkivi<\/title>\n<meta name=\"robots\" content=\"index, follow, max-snippet:-1, max-image-preview:large, max-video-preview:-1\" \/>\n<link rel=\"canonical\" href=\"https:\/\/fjala.info\/2009-2015\/ne-proteste-jo-per-ramen-por-per-veten\/\" \/>\n<meta property=\"og:locale\" content=\"sq_AL\" \/>\n<meta property=\"og:type\" content=\"article\" \/>\n<meta property=\"og:title\" content=\"N\u00eb protest\u00eb jo p\u00ebr Ram\u00ebn, por p\u00ebr veten - FjALA e LIR\u00cb - Arkivi\" \/>\n<meta property=\"og:description\" content=\"Hervin \u00c7ULI, 25.04.2010 Ka koh\u00eb q\u00eb mendoj se t\u00eb qenit mitingash \u00ebsht\u00eb nj\u00eb \u201cprofesion\u201d i r\u00ebndomt\u00eb dhe i manipuluar nga BAJRAKTARI i partis\u00eb politike q\u00eb e organizon. Me dhimbje, kam koh\u00eb q\u00eb i shoh t\u00eb mjer\u00ebt njer\u00ebz tifoz\u00eb t\u00eb k\u00ebsaj apo asaj partie politike, t\u00eb ngjiren duke ul\u00ebritur at\u00eb \u00e7ka i p\u00eblqen liderit. Ka dhe [&hellip;]\" \/>\n<meta property=\"og:url\" content=\"https:\/\/fjala.info\/2009-2015\/ne-proteste-jo-per-ramen-por-per-veten\/\" \/>\n<meta property=\"og:site_name\" content=\"FjALA e LIR\u00cb - Arkivi\" \/>\n<meta property=\"article:published_time\" content=\"2010-04-25T21:43:12+00:00\" \/>\n<meta property=\"og:image\" content=\"http:\/\/www.shkoder.net\/images\/fjala\/hervin_culi.jpg\" \/>\n<meta name=\"author\" content=\"admin\" \/>\n<meta name=\"twitter:card\" content=\"summary_large_image\" \/>\n<meta name=\"twitter:label1\" content=\"Written by\" \/>\n\t<meta name=\"twitter:data1\" content=\"admin\" \/>\n\t<meta name=\"twitter:label2\" content=\"Est. reading time\" \/>\n\t<meta name=\"twitter:data2\" content=\"6 minutes\" \/>\n<script type=\"application\/ld+json\" class=\"yoast-schema-graph\">{\"@context\":\"https:\\\/\\\/schema.org\",\"@graph\":[{\"@type\":\"Article\",\"@id\":\"https:\\\/\\\/fjala.info\\\/2009-2015\\\/ne-proteste-jo-per-ramen-por-per-veten\\\/#article\",\"isPartOf\":{\"@id\":\"https:\\\/\\\/fjala.info\\\/2009-2015\\\/ne-proteste-jo-per-ramen-por-per-veten\\\/\"},\"author\":{\"name\":\"admin\",\"@id\":\"https:\\\/\\\/fjala.info\\\/2009-2015\\\/#\\\/schema\\\/person\\\/3aa1163ef05469c496fc94e77611ada2\"},\"headline\":\"N\u00eb protest\u00eb jo p\u00ebr Ram\u00ebn, por p\u00ebr veten\",\"datePublished\":\"2010-04-25T21:43:12+00:00\",\"mainEntityOfPage\":{\"@id\":\"https:\\\/\\\/fjala.info\\\/2009-2015\\\/ne-proteste-jo-per-ramen-por-per-veten\\\/\"},\"wordCount\":1127,\"commentCount\":3,\"publisher\":{\"@id\":\"https:\\\/\\\/fjala.info\\\/2009-2015\\\/#organization\"},\"image\":{\"@id\":\"https:\\\/\\\/fjala.info\\\/2009-2015\\\/ne-proteste-jo-per-ramen-por-per-veten\\\/#primaryimage\"},\"thumbnailUrl\":\"http:\\\/\\\/www.shkoder.net\\\/images\\\/fjala\\\/hervin_culi.jpg\",\"articleSection\":[\"Artikuj\"],\"inLanguage\":\"sq-AL\",\"potentialAction\":[{\"@type\":\"CommentAction\",\"name\":\"Comment\",\"target\":[\"https:\\\/\\\/fjala.info\\\/2009-2015\\\/ne-proteste-jo-per-ramen-por-per-veten\\\/#respond\"]}]},{\"@type\":\"WebPage\",\"@id\":\"https:\\\/\\\/fjala.info\\\/2009-2015\\\/ne-proteste-jo-per-ramen-por-per-veten\\\/\",\"url\":\"https:\\\/\\\/fjala.info\\\/2009-2015\\\/ne-proteste-jo-per-ramen-por-per-veten\\\/\",\"name\":\"N\u00eb protest\u00eb jo p\u00ebr Ram\u00ebn, por p\u00ebr veten - FjALA e LIR\u00cb - Arkivi\",\"isPartOf\":{\"@id\":\"https:\\\/\\\/fjala.info\\\/2009-2015\\\/#website\"},\"primaryImageOfPage\":{\"@id\":\"https:\\\/\\\/fjala.info\\\/2009-2015\\\/ne-proteste-jo-per-ramen-por-per-veten\\\/#primaryimage\"},\"image\":{\"@id\":\"https:\\\/\\\/fjala.info\\\/2009-2015\\\/ne-proteste-jo-per-ramen-por-per-veten\\\/#primaryimage\"},\"thumbnailUrl\":\"http:\\\/\\\/www.shkoder.net\\\/images\\\/fjala\\\/hervin_culi.jpg\",\"datePublished\":\"2010-04-25T21:43:12+00:00\",\"breadcrumb\":{\"@id\":\"https:\\\/\\\/fjala.info\\\/2009-2015\\\/ne-proteste-jo-per-ramen-por-per-veten\\\/#breadcrumb\"},\"inLanguage\":\"sq-AL\",\"potentialAction\":[{\"@type\":\"ReadAction\",\"target\":[\"https:\\\/\\\/fjala.info\\\/2009-2015\\\/ne-proteste-jo-per-ramen-por-per-veten\\\/\"]}]},{\"@type\":\"ImageObject\",\"inLanguage\":\"sq-AL\",\"@id\":\"https:\\\/\\\/fjala.info\\\/2009-2015\\\/ne-proteste-jo-per-ramen-por-per-veten\\\/#primaryimage\",\"url\":\"http:\\\/\\\/www.shkoder.net\\\/images\\\/fjala\\\/hervin_culi.jpg\",\"contentUrl\":\"http:\\\/\\\/www.shkoder.net\\\/images\\\/fjala\\\/hervin_culi.jpg\"},{\"@type\":\"BreadcrumbList\",\"@id\":\"https:\\\/\\\/fjala.info\\\/2009-2015\\\/ne-proteste-jo-per-ramen-por-per-veten\\\/#breadcrumb\",\"itemListElement\":[{\"@type\":\"ListItem\",\"position\":1,\"name\":\"Home\",\"item\":\"https:\\\/\\\/fjala.info\\\/2009-2015\\\/\"},{\"@type\":\"ListItem\",\"position\":2,\"name\":\"N\u00eb protest\u00eb jo p\u00ebr Ram\u00ebn, por p\u00ebr veten\"}]},{\"@type\":\"WebSite\",\"@id\":\"https:\\\/\\\/fjala.info\\\/2009-2015\\\/#website\",\"url\":\"https:\\\/\\\/fjala.info\\\/2009-2015\\\/\",\"name\":\"FjALA e LIR\u00cb - Arkivi\",\"description\":\"Arkivi 2009-2015\",\"publisher\":{\"@id\":\"https:\\\/\\\/fjala.info\\\/2009-2015\\\/#organization\"},\"potentialAction\":[{\"@type\":\"SearchAction\",\"target\":{\"@type\":\"EntryPoint\",\"urlTemplate\":\"https:\\\/\\\/fjala.info\\\/2009-2015\\\/?s={search_term_string}\"},\"query-input\":{\"@type\":\"PropertyValueSpecification\",\"valueRequired\":true,\"valueName\":\"search_term_string\"}}],\"inLanguage\":\"sq-AL\"},{\"@type\":\"Organization\",\"@id\":\"https:\\\/\\\/fjala.info\\\/2009-2015\\\/#organization\",\"name\":\"FjALA e LIR\u00cb - Arkivi\",\"url\":\"https:\\\/\\\/fjala.info\\\/2009-2015\\\/\",\"logo\":{\"@type\":\"ImageObject\",\"inLanguage\":\"sq-AL\",\"@id\":\"https:\\\/\\\/fjala.info\\\/2009-2015\\\/#\\\/schema\\\/logo\\\/image\\\/\",\"url\":\"\",\"contentUrl\":\"\",\"caption\":\"FjALA e LIR\u00cb - Arkivi\"},\"image\":{\"@id\":\"https:\\\/\\\/fjala.info\\\/2009-2015\\\/#\\\/schema\\\/logo\\\/image\\\/\"}},{\"@type\":\"Person\",\"@id\":\"https:\\\/\\\/fjala.info\\\/2009-2015\\\/#\\\/schema\\\/person\\\/3aa1163ef05469c496fc94e77611ada2\",\"name\":\"admin\",\"image\":{\"@type\":\"ImageObject\",\"inLanguage\":\"sq-AL\",\"@id\":\"https:\\\/\\\/fjala.info\\\/2009-2015\\\/wp-content\\\/uploads\\\/2012\\\/02\\\/arben_cokaj-120x150.jpg\",\"url\":\"https:\\\/\\\/fjala.info\\\/2009-2015\\\/wp-content\\\/uploads\\\/2012\\\/02\\\/arben_cokaj-120x150.jpg\",\"contentUrl\":\"https:\\\/\\\/fjala.info\\\/2009-2015\\\/wp-content\\\/uploads\\\/2012\\\/02\\\/arben_cokaj-120x150.jpg\",\"caption\":\"admin\"},\"description\":\"Admin, Fjala e Lir\u00eb\",\"sameAs\":[\"https:\\\/\\\/fjala.info\\\/\"],\"url\":\"https:\\\/\\\/fjala.info\\\/2009-2015\\\/author\\\/admin\\\/\"}]}<\/script>\n<!-- \/ Yoast SEO plugin. -->","yoast_head_json":{"title":"N\u00eb protest\u00eb jo p\u00ebr Ram\u00ebn, por p\u00ebr veten - FjALA e LIR\u00cb - Arkivi","robots":{"index":"index","follow":"follow","max-snippet":"max-snippet:-1","max-image-preview":"max-image-preview:large","max-video-preview":"max-video-preview:-1"},"canonical":"https:\/\/fjala.info\/2009-2015\/ne-proteste-jo-per-ramen-por-per-veten\/","og_locale":"sq_AL","og_type":"article","og_title":"N\u00eb protest\u00eb jo p\u00ebr Ram\u00ebn, por p\u00ebr veten - FjALA e LIR\u00cb - Arkivi","og_description":"Hervin \u00c7ULI, 25.04.2010 Ka koh\u00eb q\u00eb mendoj se t\u00eb qenit mitingash \u00ebsht\u00eb nj\u00eb \u201cprofesion\u201d i r\u00ebndomt\u00eb dhe i manipuluar nga BAJRAKTARI i partis\u00eb politike q\u00eb e organizon. Me dhimbje, kam koh\u00eb q\u00eb i shoh t\u00eb mjer\u00ebt njer\u00ebz tifoz\u00eb t\u00eb k\u00ebsaj apo asaj partie politike, t\u00eb ngjiren duke ul\u00ebritur at\u00eb \u00e7ka i p\u00eblqen liderit. Ka dhe [&hellip;]","og_url":"https:\/\/fjala.info\/2009-2015\/ne-proteste-jo-per-ramen-por-per-veten\/","og_site_name":"FjALA e LIR\u00cb - Arkivi","article_published_time":"2010-04-25T21:43:12+00:00","og_image":[{"url":"http:\/\/www.shkoder.net\/images\/fjala\/hervin_culi.jpg","type":"","width":"","height":""}],"author":"admin","twitter_card":"summary_large_image","twitter_misc":{"Written by":"admin","Est. reading time":"6 minutes"},"schema":{"@context":"https:\/\/schema.org","@graph":[{"@type":"Article","@id":"https:\/\/fjala.info\/2009-2015\/ne-proteste-jo-per-ramen-por-per-veten\/#article","isPartOf":{"@id":"https:\/\/fjala.info\/2009-2015\/ne-proteste-jo-per-ramen-por-per-veten\/"},"author":{"name":"admin","@id":"https:\/\/fjala.info\/2009-2015\/#\/schema\/person\/3aa1163ef05469c496fc94e77611ada2"},"headline":"N\u00eb protest\u00eb jo p\u00ebr Ram\u00ebn, por p\u00ebr veten","datePublished":"2010-04-25T21:43:12+00:00","mainEntityOfPage":{"@id":"https:\/\/fjala.info\/2009-2015\/ne-proteste-jo-per-ramen-por-per-veten\/"},"wordCount":1127,"commentCount":3,"publisher":{"@id":"https:\/\/fjala.info\/2009-2015\/#organization"},"image":{"@id":"https:\/\/fjala.info\/2009-2015\/ne-proteste-jo-per-ramen-por-per-veten\/#primaryimage"},"thumbnailUrl":"http:\/\/www.shkoder.net\/images\/fjala\/hervin_culi.jpg","articleSection":["Artikuj"],"inLanguage":"sq-AL","potentialAction":[{"@type":"CommentAction","name":"Comment","target":["https:\/\/fjala.info\/2009-2015\/ne-proteste-jo-per-ramen-por-per-veten\/#respond"]}]},{"@type":"WebPage","@id":"https:\/\/fjala.info\/2009-2015\/ne-proteste-jo-per-ramen-por-per-veten\/","url":"https:\/\/fjala.info\/2009-2015\/ne-proteste-jo-per-ramen-por-per-veten\/","name":"N\u00eb protest\u00eb jo p\u00ebr Ram\u00ebn, por p\u00ebr veten - FjALA e LIR\u00cb - Arkivi","isPartOf":{"@id":"https:\/\/fjala.info\/2009-2015\/#website"},"primaryImageOfPage":{"@id":"https:\/\/fjala.info\/2009-2015\/ne-proteste-jo-per-ramen-por-per-veten\/#primaryimage"},"image":{"@id":"https:\/\/fjala.info\/2009-2015\/ne-proteste-jo-per-ramen-por-per-veten\/#primaryimage"},"thumbnailUrl":"http:\/\/www.shkoder.net\/images\/fjala\/hervin_culi.jpg","datePublished":"2010-04-25T21:43:12+00:00","breadcrumb":{"@id":"https:\/\/fjala.info\/2009-2015\/ne-proteste-jo-per-ramen-por-per-veten\/#breadcrumb"},"inLanguage":"sq-AL","potentialAction":[{"@type":"ReadAction","target":["https:\/\/fjala.info\/2009-2015\/ne-proteste-jo-per-ramen-por-per-veten\/"]}]},{"@type":"ImageObject","inLanguage":"sq-AL","@id":"https:\/\/fjala.info\/2009-2015\/ne-proteste-jo-per-ramen-por-per-veten\/#primaryimage","url":"http:\/\/www.shkoder.net\/images\/fjala\/hervin_culi.jpg","contentUrl":"http:\/\/www.shkoder.net\/images\/fjala\/hervin_culi.jpg"},{"@type":"BreadcrumbList","@id":"https:\/\/fjala.info\/2009-2015\/ne-proteste-jo-per-ramen-por-per-veten\/#breadcrumb","itemListElement":[{"@type":"ListItem","position":1,"name":"Home","item":"https:\/\/fjala.info\/2009-2015\/"},{"@type":"ListItem","position":2,"name":"N\u00eb protest\u00eb jo p\u00ebr Ram\u00ebn, por p\u00ebr veten"}]},{"@type":"WebSite","@id":"https:\/\/fjala.info\/2009-2015\/#website","url":"https:\/\/fjala.info\/2009-2015\/","name":"FjALA e LIR\u00cb - Arkivi","description":"Arkivi 2009-2015","publisher":{"@id":"https:\/\/fjala.info\/2009-2015\/#organization"},"potentialAction":[{"@type":"SearchAction","target":{"@type":"EntryPoint","urlTemplate":"https:\/\/fjala.info\/2009-2015\/?s={search_term_string}"},"query-input":{"@type":"PropertyValueSpecification","valueRequired":true,"valueName":"search_term_string"}}],"inLanguage":"sq-AL"},{"@type":"Organization","@id":"https:\/\/fjala.info\/2009-2015\/#organization","name":"FjALA e LIR\u00cb - Arkivi","url":"https:\/\/fjala.info\/2009-2015\/","logo":{"@type":"ImageObject","inLanguage":"sq-AL","@id":"https:\/\/fjala.info\/2009-2015\/#\/schema\/logo\/image\/","url":"","contentUrl":"","caption":"FjALA e LIR\u00cb - Arkivi"},"image":{"@id":"https:\/\/fjala.info\/2009-2015\/#\/schema\/logo\/image\/"}},{"@type":"Person","@id":"https:\/\/fjala.info\/2009-2015\/#\/schema\/person\/3aa1163ef05469c496fc94e77611ada2","name":"admin","image":{"@type":"ImageObject","inLanguage":"sq-AL","@id":"https:\/\/fjala.info\/2009-2015\/wp-content\/uploads\/2012\/02\/arben_cokaj-120x150.jpg","url":"https:\/\/fjala.info\/2009-2015\/wp-content\/uploads\/2012\/02\/arben_cokaj-120x150.jpg","contentUrl":"https:\/\/fjala.info\/2009-2015\/wp-content\/uploads\/2012\/02\/arben_cokaj-120x150.jpg","caption":"admin"},"description":"Admin, Fjala e Lir\u00eb","sameAs":["https:\/\/fjala.info\/"],"url":"https:\/\/fjala.info\/2009-2015\/author\/admin\/"}]}},"_links":{"self":[{"href":"https:\/\/fjala.info\/2009-2015\/wp-json\/wp\/v2\/posts\/2369","targetHints":{"allow":["GET"]}}],"collection":[{"href":"https:\/\/fjala.info\/2009-2015\/wp-json\/wp\/v2\/posts"}],"about":[{"href":"https:\/\/fjala.info\/2009-2015\/wp-json\/wp\/v2\/types\/post"}],"author":[{"embeddable":true,"href":"https:\/\/fjala.info\/2009-2015\/wp-json\/wp\/v2\/users\/1"}],"replies":[{"embeddable":true,"href":"https:\/\/fjala.info\/2009-2015\/wp-json\/wp\/v2\/comments?post=2369"}],"version-history":[{"count":0,"href":"https:\/\/fjala.info\/2009-2015\/wp-json\/wp\/v2\/posts\/2369\/revisions"}],"wp:attachment":[{"href":"https:\/\/fjala.info\/2009-2015\/wp-json\/wp\/v2\/media?parent=2369"}],"wp:term":[{"taxonomy":"category","embeddable":true,"href":"https:\/\/fjala.info\/2009-2015\/wp-json\/wp\/v2\/categories?post=2369"},{"taxonomy":"post_tag","embeddable":true,"href":"https:\/\/fjala.info\/2009-2015\/wp-json\/wp\/v2\/tags?post=2369"}],"curies":[{"name":"wp","href":"https:\/\/api.w.org\/{rel}","templated":true}]}}