{"id":2367,"date":"2010-04-25T17:18:19","date_gmt":"2010-04-25T16:18:19","guid":{"rendered":"http:\/\/fjala.shkoder.net\/?p=2367"},"modified":"2010-04-25T17:18:19","modified_gmt":"2010-04-25T16:18:19","slug":"roli-ideal-dhe-real-i-shtetit","status":"publish","type":"post","link":"https:\/\/fjala.info\/2009-2015\/roli-ideal-dhe-real-i-shtetit\/","title":{"rendered":"Roli ideal dhe real i shtetit"},"content":{"rendered":"<p>Nga <strong>Gjon KEKA<\/strong><\/p>\n<p>Nj\u00eb gj\u00eb \u00ebsht\u00eb e ditur bot\u00ebrisht dhe q\u00eb nuk ka asnj\u00eb hamendje, dilem\u00eb apo edhe frik\u00eb \u00ebsht\u00eb se Kosova ka deklaruar vullnetin e saj p\u00ebr t\u00eb jetuar e lir\u00eb dhe e pavarur edhe p\u00ebrkund\u00ebr paqart\u00ebsive q\u00eb ekzistojn\u00eb n\u00eb procesin e konsolidimit dhe marrjes s\u00eb fuqis\u00eb s\u00eb plot\u00eb t\u00eb Kosov\u00ebs si shtet nga ana e t\u00ebr\u00eb organizmave nd\u00ebrkomb\u00ebtar. K\u00ebt\u00eb ajo e ka b\u00ebr\u00eb realitet pas shum\u00eb sakrificash dhe p\u00ebrpjekjesh t\u00eb parreshtura n\u00eb histori. Kosova tani \u00ebsht\u00eb shtet i mbykqyrur q\u00eb ec\u00ebn n\u00eb procesin e saj t\u00eb konsolidmit dhe t\u00eb futjes s\u00eb k\u00ebsaj pjese n\u00eb trupin e organizmave nd\u00ebrkomb\u00ebtare si\u00e7 jan\u00eb; OKB dhe BE etj. Si\u00e7 m\u00ebsohet n\u00eb studimet politike shteti mbetet nj\u00eb nd\u00ebr nj\u00ebsit themelore t\u00eb politik\u00ebs n\u00eb ar\u00ebn\u00ebn nd\u00ebrkomb\u00ebtare dhe n\u00eb mbar\u00eb bot\u00ebn,prandaj jo rast\u00ebsisht shteti \u00ebsht\u00eb konsideruar nj\u00eb nd\u00ebr konceptet m\u00eb qendrore n\u00eb studimet e politologjis\u00eb si dhe nj\u00eb objekt i debatit t\u00eb vazhduesh\u00ebm n\u00eb tradit\u00ebn shkencore,politike dhe at\u00eb socilogjike.<\/p>\n<p>N\u00eb kuad\u00ebr t\u00eb k\u00ebsaj merit\u00eb t\u00eb ve\u00e7ant\u00eb n\u00eb l\u00ebmin\u00eb e politologjis\u00eb ka shkrimtari politik\u00eb Nikola Makiaveli i cili i pari e koncepton shtetin duke iu referuar nj\u00eb \u201eqeverie sovrane dhe territorialisht t\u00eb definuar\u201c k\u00ebt\u00eb ai e elaboron n\u00eb m\u00ebnyr\u00eb t\u00eb detajuar n\u00eb vepr\u00ebn e tij \u201ePrinci\u201c e vitit 1532.<br \/>\nDuke mos shkuar me tutje n\u00eb lidhje me procesin ardhjes deri t\u00eb koncepti i shtetit modern,ne do fokusohemi n\u00eb \u00e7\u00ebshtjen e pas pavar\u00ebsis\u00eb s\u00eb Kosov\u00ebs dhe sfidat e saj t\u00eb p\u00ebrfaq\u00ebsimit n\u00eb forumet nd\u00ebrkomb\u00ebtare. Bashk\u00ebsin\u00eb nd\u00ebrkomb\u00ebtare aktualisht e p\u00ebrb\u00ebjn m\u00eb tep\u00ebr se 200 shtete ku shumica d\u00ebrmuese e tyre jan\u00eb t\u00eb p\u00ebrfaq\u00ebsuara n\u00eb Organizat\u00ebn e Kombeve t\u00eb Bashkuara dhe organizmat tjer\u00eb nd\u00ebrkomb\u00ebtar.<\/p>\n<p>T\u00eb gjitha k\u00ebto shtet kan\u00eb rolin e tyre n\u00eb proceset nd\u00ebrkomb\u00ebtare dhe ndikim t\u00eb jasht\u00ebzakonsh\u00ebm n\u00eb t\u00eb gjitha sferat dhe proceset q\u00eb ndodhin n\u00eb rrug\u00ebn e k\u00ebtyre organizmave nd\u00ebrkomb\u00ebtar.Po ashtu ata shfryt\u00ebzojn\u00eb n\u00eb m\u00ebnyr\u00eb t\u00eb arsyeshme potencialin e tyre p\u00ebr t\u00eb nd\u00ebrtuar ura bashk\u00ebpunimi me shtet tjera dhe ato shtet t\u00eb sapo lindura ,t\u00eb gjitha k\u00ebto b\u00ebh\u00ebn n\u00eb kuad\u00ebr t\u00eb interesave dypal\u00ebshe apo edhe shum\u00eb pal\u00ebsh pastaj t\u00eb interesave kombetare e nd\u00ebrkomb\u00ebtare dhe ato t\u00eb sferave t\u00eb ekonomis\u00eb,kultur\u00ebs sociale etj etj.Nd\u00ebrkaq Kosova tani gjendet n\u00eb nj\u00eb proces t\u00eb v\u00ebshtir\u00eb n\u00eb lidhje me \u00e7\u00ebshtjen e hyrjes n\u00eb po k\u00ebto procese dhe organizma si dhe n\u00eb p\u00ebrfaq\u00ebsime t\u00eb konferencave nd\u00ebrkomb\u00ebtare apo forumeve t\u00eb ndryshme q\u00eb kan\u00eb si q\u00ebllim shoshitjen e mjaft\u00eb problemve dhe q\u00eb prodhojn\u00eb nj\u00eb debat t\u00eb qart\u00eb t\u00eb afiniteteve t\u00eb shteteve n\u00eb rrug\u00ebn e tyre t\u00eb bashk\u00ebpunimit, integrimit dhe t\u00eb zhvillimeve tjera pozitive. Edhe pse Kosova \u00ebsht\u00eb njohur nga disa vende t\u00eb fuqishme dhe me ndikim ajo ende e ka rrug\u00ebn e gjat\u00eb deri te hyrja e saj n\u00eb k\u00ebt\u00eb oborr\u00eb t\u00eb madh\u00eb t\u00eb kombeve si dhe n\u00eb proceset nd\u00ebrkomb\u00ebtare.<\/p>\n<p>Gjithashtu edhe pse Kosova ka p\u00ebrmbushur kriteret ligjore p\u00ebr shtet\u00ebsi n\u00eb baz\u00eb t\u00eb konvent\u00ebs s\u00eb Montevideos e vitit1933 dhe t\u00eb drejt\u00ebs nd\u00ebrkomb\u00ebtare si\u00e7 jan\u00eb t\u00eb ket\u00eb a) popullsi t\u00eb p\u00ebrhershme b) territor t\u00eb definuar c) Qeveri dhe d) aft\u00ebsi p\u00ebr t\u00eb hyr\u00eb n\u00eb marr\u00ebdh\u00ebnie me shtetet e tjera ajo ende ballafaqohet n\u00eb rrug\u00ebn e p\u00ebrfaq\u00ebsimit dhe t\u00eb procesit t\u00eb njohes si dhe t\u00eb an\u00ebtar\u00ebsimit n\u00eb organizmat nd\u00ebrkomb\u00ebtar.N\u00eb kuad\u00ebr t\u00eb k\u00ebsaj duhet n\u00ebnvizuar se njohja e pavar\u00ebsis\u00eb s\u00eb Kosov\u00ebs nga shtetet tjera p\u00ebrb\u00ebn \u00e7el\u00ebsin e njohjes s\u00eb sovranitetit t\u00eb saj dhe vendosjes s\u00eb k\u00ebtij vendi n\u00eb mesin e kombeve demokratike si dhe e b\u00ebn\u00eb t\u00eb mundur q\u00eb ajo t\u00eb hyj\u00eb n\u00eb angazhimet,forumet dhe konferencat nd\u00ebrkomb\u00ebtare.Nd\u00ebrkaq sipas teoris\u00eb alteranative dhe konstituive t\u00eb shtetit, nj\u00eb shtet ekziston vet\u00ebm p\u00ebr aq koh\u00eb sa ajo \u00ebsht\u00eb njohur nga shtetet e tjera,prandaj n\u00eb k\u00ebt\u00eb drejtim Kosova duhet t\u00eb punoj shum\u00eb n\u00eb procesin e njohjes ashtu q\u00eb ta p\u00ebrmbush t\u00eb drejt\u00ebn e saj p\u00ebr t\u00eb u radhitur n\u00eb mesin e kombeve te lira dhe demokratike si dhe t\u00eb forcimit t\u00eb ekzitenc\u00ebs s\u00eb themeleve t\u00eb shtetit t\u00eb sapo krijuar.<\/p>\n<p>Megjith\u00ebk\u00ebt\u00eb sfida e Kosov\u00ebs n\u00eb p\u00ebrfaq\u00ebsime t\u00eb forumeve nd\u00ebrkomb\u00ebtare ka edhe si pasoj mospun\u00ebn e mir\u00eb t\u00eb qeverisjes n\u00eb Kosov\u00eb, e cila ende nuk ka arritur t\u00eb bind bashk\u00ebsin\u00eb nd\u00ebrkomb\u00ebtare se Kosova po nd\u00ebrtohet dhe po ec\u00ebn si nj\u00eb shtet jurdik, modern dhe me synim t\u00eb qart\u00eb integrimin n\u00eb strukturat eurotalantike, pastaj mosuniteti i bashk\u00ebsis\u00eb nd\u00ebrkomb\u00ebtare karshi statusit t\u00eb ri t\u00eb Kosov\u00ebs, politika dhe diplomacia e strucit e shtetit serb e cila ka ndikuar negativisht n\u00eb shum\u00eb procese q\u00eb Kosova t\u00eb mos identifikohet si shtet, gj\u00eb q\u00eb kjo duke disi ad absurdum, si dhe t\u00eb dilemave dhe t\u00eb mos marrjes s\u00eb p\u00eblqimit t\u00eb statausit t\u00eb Kosov\u00ebs edhe nga ana e KS t\u00eb OKB e cila konsiderohet si nj\u00eb nd\u00ebr pengesat kryesore q\u00eb Kosova ka n\u00eb rrafshin e njohjeve dhe t\u00eb p\u00ebrfaq\u00ebsimit n\u00eb forumet nd\u00ebrkomb\u00ebtare.<\/p>\n<p>Dhe krejt n\u00eb fund p\u00ebrpjekjet e disa nga vendeve t\u00eb bashk\u00ebsis\u00eb nd\u00ebrkomb\u00ebtare dhe shtetit serb q\u00eb Kosova t\u00eb p\u00ebrfaq\u00ebsohet n\u00eb Konferenc\u00ebn e Sarajev\u00ebs si e padefinuar apo si nj\u00eb vend pa em\u00ebr dhe pa subjekt shtet\u00ebror nd\u00ebrkomb\u00ebtare \u00ebsht\u00eb nj\u00eb posht\u00ebrim dhe fyerje e r\u00ebnd\u00eb si p\u00ebr Kosov\u00ebn por edhe p\u00ebr proceset e rajonit n\u00eb rrug\u00ebn e fqinj\u00ebsis\u00eb s\u00eb mir\u00eb si dhe t\u00eb proceseve t\u00eb integrimeve euroatlantike.Q\u00ebllimi i k\u00ebtyre p\u00ebrpjekjeve vjen si rezultat i ndikimit t\u00eb politik\u00ebs dhe diplomacis\u00eb serbe n\u00eb disa nga vendet e bashk\u00ebsis\u00eb nd\u00ebrkomb\u00ebtare, prishja e unitetit apo m\u00eb mir\u00eb e ekuilibrit t\u00eb disa nga vendeve t\u00eb bashk\u00ebis\u00eb nd\u00ebrkomb\u00ebtare,si dhe politika dhe diplomacia pasive e shtetit t\u00eb mbykqyrur t\u00eb Kosov\u00ebs e cila nuk l\u00ebviz k\u00ebmb\u00ebn drejt\u00eb \u00e7\u00ebshtjes s\u00eb njohjes dhe t\u00eb ndikimit n\u00eb organizmat nd\u00ebrkomb\u00ebtar n\u00eb lidhje me proceset q\u00eb l\u00ebvizin n\u00eb sken\u00ebn e politik\u00ebs dhe diplomacis\u00eb rajonale dhe nd\u00ebrkomb\u00ebtare.<\/p>\n<p>Kosova nuk duhet t\u00eb pranoj asnj\u00eb posht\u00ebrim apo fyerje duke marr\u00eb pjes\u00eb si nj\u00eb vend i padefinuar apo pa asnj\u00eb subjekt shtet\u00ebror nd\u00ebrkomb\u00ebtar n\u00eb asnj\u00eb forum nd\u00ebrkomb\u00ebtar, sepse n\u00eb k\u00ebt\u00eb m\u00ebnyr\u00eb do t&#8217;i hapej rrug\u00eb proceseve dhe k\u00ebrkesave q\u00eb politika dhe diplomacia serbe ka hedhur n\u00eb tavolin\u00ebn e bashk\u00ebsi\u00eb nd\u00ebrkomb\u00ebtare p\u00ebr bisedime t\u00eb reja rreth\u00eb \u00e7\u00ebshtjes s\u00eb Kosov\u00ebs. Nga kjo pik\u00ebpamje, Kosova duhet q\u00eb t\u00eb bllokoj \u00e7do iniciativ t\u00eb politik\u00ebs dhe diplomacis\u00eb serbe t\u00eb strucit si dhe t\u00eb aktivizohet n\u00eb m\u00ebnyr\u00eb t\u00eb fuqishme n\u00eb diplomacin\u00eb e njohjes s\u00eb shtetit t\u00eb mbyqyrur t\u00eb Kosov\u00ebs ,t\u00eb nd\u00ebrtimit t\u00eb nj\u00eb shteti jurdik,demokratik dhe modern ,pastaj t\u00eb punoj\u00eb n\u00eb mish\u00ebrimin e saj drejt\u00eb hyrjes apo shfaqjes n\u00eb fytyr\u00ebn e sistemit nd\u00ebrkomb\u00ebtar dhe an\u00ebtar\u00ebsimit n\u00eb organizmat nd\u00ebrkomb\u00ebtar gj\u00eb q\u00eb do ta shuante nj\u00eb her\u00eb e p\u00ebrgjithmon\u00eb \u00ebndrr\u00ebn serbe p\u00ebr rkthim n\u00eb tryez t\u00eb statusit t\u00eb Kosov\u00ebs p\u00ebr shqyrtime historike.<\/p>\n","protected":false},"excerpt":{"rendered":"<p>Nga Gjon KEKA Nj\u00eb gj\u00eb \u00ebsht\u00eb e ditur bot\u00ebrisht dhe q\u00eb nuk ka asnj\u00eb hamendje, dilem\u00eb apo edhe frik\u00eb \u00ebsht\u00eb se Kosova ka deklaruar vullnetin e saj p\u00ebr t\u00eb jetuar e lir\u00eb dhe e pavarur edhe p\u00ebrkund\u00ebr paqart\u00ebsive q\u00eb ekzistojn\u00eb n\u00eb procesin e konsolidimit dhe marrjes s\u00eb fuqis\u00eb s\u00eb plot\u00eb t\u00eb Kosov\u00ebs si shtet nga [&hellip;]<\/p>\n","protected":false},"author":1,"featured_media":0,"comment_status":"open","ping_status":"closed","sticky":false,"template":"","format":"standard","meta":{"footnotes":""},"categories":[2],"tags":[],"class_list":{"0":"post-2367","1":"post","2":"type-post","3":"status-publish","4":"format-standard","6":"category-artikuj"},"yoast_head":"<!-- This site is optimized with the Yoast SEO plugin v27.4 - https:\/\/yoast.com\/product\/yoast-seo-wordpress\/ -->\n<title>Roli ideal dhe real i shtetit - FjALA e LIR\u00cb - Arkivi<\/title>\n<meta name=\"robots\" content=\"index, follow, max-snippet:-1, max-image-preview:large, max-video-preview:-1\" \/>\n<link rel=\"canonical\" href=\"https:\/\/fjala.info\/2009-2015\/roli-ideal-dhe-real-i-shtetit\/\" \/>\n<meta property=\"og:locale\" content=\"sq_AL\" \/>\n<meta property=\"og:type\" content=\"article\" \/>\n<meta property=\"og:title\" content=\"Roli ideal dhe real i shtetit - FjALA e LIR\u00cb - Arkivi\" \/>\n<meta property=\"og:description\" content=\"Nga Gjon KEKA Nj\u00eb gj\u00eb \u00ebsht\u00eb e ditur bot\u00ebrisht dhe q\u00eb nuk ka asnj\u00eb hamendje, dilem\u00eb apo edhe frik\u00eb \u00ebsht\u00eb se Kosova ka deklaruar vullnetin e saj p\u00ebr t\u00eb jetuar e lir\u00eb dhe e pavarur edhe p\u00ebrkund\u00ebr paqart\u00ebsive q\u00eb ekzistojn\u00eb n\u00eb procesin e konsolidimit dhe marrjes s\u00eb fuqis\u00eb s\u00eb plot\u00eb t\u00eb Kosov\u00ebs si shtet nga [&hellip;]\" \/>\n<meta property=\"og:url\" content=\"https:\/\/fjala.info\/2009-2015\/roli-ideal-dhe-real-i-shtetit\/\" \/>\n<meta property=\"og:site_name\" content=\"FjALA e LIR\u00cb - Arkivi\" \/>\n<meta property=\"article:published_time\" content=\"2010-04-25T16:18:19+00:00\" \/>\n<meta name=\"author\" content=\"admin\" \/>\n<meta name=\"twitter:card\" content=\"summary_large_image\" \/>\n<meta name=\"twitter:label1\" content=\"Written by\" \/>\n\t<meta name=\"twitter:data1\" content=\"admin\" \/>\n\t<meta name=\"twitter:label2\" content=\"Est. reading time\" \/>\n\t<meta name=\"twitter:data2\" content=\"6 minutes\" \/>\n<script type=\"application\/ld+json\" class=\"yoast-schema-graph\">{\"@context\":\"https:\\\/\\\/schema.org\",\"@graph\":[{\"@type\":\"Article\",\"@id\":\"https:\\\/\\\/fjala.info\\\/2009-2015\\\/roli-ideal-dhe-real-i-shtetit\\\/#article\",\"isPartOf\":{\"@id\":\"https:\\\/\\\/fjala.info\\\/2009-2015\\\/roli-ideal-dhe-real-i-shtetit\\\/\"},\"author\":{\"name\":\"admin\",\"@id\":\"https:\\\/\\\/fjala.info\\\/2009-2015\\\/#\\\/schema\\\/person\\\/3aa1163ef05469c496fc94e77611ada2\"},\"headline\":\"Roli ideal dhe real i shtetit\",\"datePublished\":\"2010-04-25T16:18:19+00:00\",\"mainEntityOfPage\":{\"@id\":\"https:\\\/\\\/fjala.info\\\/2009-2015\\\/roli-ideal-dhe-real-i-shtetit\\\/\"},\"wordCount\":1291,\"commentCount\":0,\"publisher\":{\"@id\":\"https:\\\/\\\/fjala.info\\\/2009-2015\\\/#organization\"},\"articleSection\":[\"Artikuj\"],\"inLanguage\":\"sq-AL\",\"potentialAction\":[{\"@type\":\"CommentAction\",\"name\":\"Comment\",\"target\":[\"https:\\\/\\\/fjala.info\\\/2009-2015\\\/roli-ideal-dhe-real-i-shtetit\\\/#respond\"]}]},{\"@type\":\"WebPage\",\"@id\":\"https:\\\/\\\/fjala.info\\\/2009-2015\\\/roli-ideal-dhe-real-i-shtetit\\\/\",\"url\":\"https:\\\/\\\/fjala.info\\\/2009-2015\\\/roli-ideal-dhe-real-i-shtetit\\\/\",\"name\":\"Roli ideal dhe real i shtetit - FjALA e LIR\u00cb - Arkivi\",\"isPartOf\":{\"@id\":\"https:\\\/\\\/fjala.info\\\/2009-2015\\\/#website\"},\"datePublished\":\"2010-04-25T16:18:19+00:00\",\"breadcrumb\":{\"@id\":\"https:\\\/\\\/fjala.info\\\/2009-2015\\\/roli-ideal-dhe-real-i-shtetit\\\/#breadcrumb\"},\"inLanguage\":\"sq-AL\",\"potentialAction\":[{\"@type\":\"ReadAction\",\"target\":[\"https:\\\/\\\/fjala.info\\\/2009-2015\\\/roli-ideal-dhe-real-i-shtetit\\\/\"]}]},{\"@type\":\"BreadcrumbList\",\"@id\":\"https:\\\/\\\/fjala.info\\\/2009-2015\\\/roli-ideal-dhe-real-i-shtetit\\\/#breadcrumb\",\"itemListElement\":[{\"@type\":\"ListItem\",\"position\":1,\"name\":\"Home\",\"item\":\"https:\\\/\\\/fjala.info\\\/2009-2015\\\/\"},{\"@type\":\"ListItem\",\"position\":2,\"name\":\"Roli ideal dhe real i shtetit\"}]},{\"@type\":\"WebSite\",\"@id\":\"https:\\\/\\\/fjala.info\\\/2009-2015\\\/#website\",\"url\":\"https:\\\/\\\/fjala.info\\\/2009-2015\\\/\",\"name\":\"FjALA e LIR\u00cb - Arkivi\",\"description\":\"Arkivi 2009-2015\",\"publisher\":{\"@id\":\"https:\\\/\\\/fjala.info\\\/2009-2015\\\/#organization\"},\"potentialAction\":[{\"@type\":\"SearchAction\",\"target\":{\"@type\":\"EntryPoint\",\"urlTemplate\":\"https:\\\/\\\/fjala.info\\\/2009-2015\\\/?s={search_term_string}\"},\"query-input\":{\"@type\":\"PropertyValueSpecification\",\"valueRequired\":true,\"valueName\":\"search_term_string\"}}],\"inLanguage\":\"sq-AL\"},{\"@type\":\"Organization\",\"@id\":\"https:\\\/\\\/fjala.info\\\/2009-2015\\\/#organization\",\"name\":\"FjALA e LIR\u00cb - Arkivi\",\"url\":\"https:\\\/\\\/fjala.info\\\/2009-2015\\\/\",\"logo\":{\"@type\":\"ImageObject\",\"inLanguage\":\"sq-AL\",\"@id\":\"https:\\\/\\\/fjala.info\\\/2009-2015\\\/#\\\/schema\\\/logo\\\/image\\\/\",\"url\":\"\",\"contentUrl\":\"\",\"caption\":\"FjALA e LIR\u00cb - Arkivi\"},\"image\":{\"@id\":\"https:\\\/\\\/fjala.info\\\/2009-2015\\\/#\\\/schema\\\/logo\\\/image\\\/\"}},{\"@type\":\"Person\",\"@id\":\"https:\\\/\\\/fjala.info\\\/2009-2015\\\/#\\\/schema\\\/person\\\/3aa1163ef05469c496fc94e77611ada2\",\"name\":\"admin\",\"image\":{\"@type\":\"ImageObject\",\"inLanguage\":\"sq-AL\",\"@id\":\"https:\\\/\\\/fjala.info\\\/2009-2015\\\/wp-content\\\/uploads\\\/2012\\\/02\\\/arben_cokaj-120x150.jpg\",\"url\":\"https:\\\/\\\/fjala.info\\\/2009-2015\\\/wp-content\\\/uploads\\\/2012\\\/02\\\/arben_cokaj-120x150.jpg\",\"contentUrl\":\"https:\\\/\\\/fjala.info\\\/2009-2015\\\/wp-content\\\/uploads\\\/2012\\\/02\\\/arben_cokaj-120x150.jpg\",\"caption\":\"admin\"},\"description\":\"Admin, Fjala e Lir\u00eb\",\"sameAs\":[\"https:\\\/\\\/fjala.info\\\/\"],\"url\":\"https:\\\/\\\/fjala.info\\\/2009-2015\\\/author\\\/admin\\\/\"}]}<\/script>\n<!-- \/ Yoast SEO plugin. -->","yoast_head_json":{"title":"Roli ideal dhe real i shtetit - FjALA e LIR\u00cb - Arkivi","robots":{"index":"index","follow":"follow","max-snippet":"max-snippet:-1","max-image-preview":"max-image-preview:large","max-video-preview":"max-video-preview:-1"},"canonical":"https:\/\/fjala.info\/2009-2015\/roli-ideal-dhe-real-i-shtetit\/","og_locale":"sq_AL","og_type":"article","og_title":"Roli ideal dhe real i shtetit - FjALA e LIR\u00cb - Arkivi","og_description":"Nga Gjon KEKA Nj\u00eb gj\u00eb \u00ebsht\u00eb e ditur bot\u00ebrisht dhe q\u00eb nuk ka asnj\u00eb hamendje, dilem\u00eb apo edhe frik\u00eb \u00ebsht\u00eb se Kosova ka deklaruar vullnetin e saj p\u00ebr t\u00eb jetuar e lir\u00eb dhe e pavarur edhe p\u00ebrkund\u00ebr paqart\u00ebsive q\u00eb ekzistojn\u00eb n\u00eb procesin e konsolidimit dhe marrjes s\u00eb fuqis\u00eb s\u00eb plot\u00eb t\u00eb Kosov\u00ebs si shtet nga [&hellip;]","og_url":"https:\/\/fjala.info\/2009-2015\/roli-ideal-dhe-real-i-shtetit\/","og_site_name":"FjALA e LIR\u00cb - Arkivi","article_published_time":"2010-04-25T16:18:19+00:00","author":"admin","twitter_card":"summary_large_image","twitter_misc":{"Written by":"admin","Est. reading time":"6 minutes"},"schema":{"@context":"https:\/\/schema.org","@graph":[{"@type":"Article","@id":"https:\/\/fjala.info\/2009-2015\/roli-ideal-dhe-real-i-shtetit\/#article","isPartOf":{"@id":"https:\/\/fjala.info\/2009-2015\/roli-ideal-dhe-real-i-shtetit\/"},"author":{"name":"admin","@id":"https:\/\/fjala.info\/2009-2015\/#\/schema\/person\/3aa1163ef05469c496fc94e77611ada2"},"headline":"Roli ideal dhe real i shtetit","datePublished":"2010-04-25T16:18:19+00:00","mainEntityOfPage":{"@id":"https:\/\/fjala.info\/2009-2015\/roli-ideal-dhe-real-i-shtetit\/"},"wordCount":1291,"commentCount":0,"publisher":{"@id":"https:\/\/fjala.info\/2009-2015\/#organization"},"articleSection":["Artikuj"],"inLanguage":"sq-AL","potentialAction":[{"@type":"CommentAction","name":"Comment","target":["https:\/\/fjala.info\/2009-2015\/roli-ideal-dhe-real-i-shtetit\/#respond"]}]},{"@type":"WebPage","@id":"https:\/\/fjala.info\/2009-2015\/roli-ideal-dhe-real-i-shtetit\/","url":"https:\/\/fjala.info\/2009-2015\/roli-ideal-dhe-real-i-shtetit\/","name":"Roli ideal dhe real i shtetit - FjALA e LIR\u00cb - Arkivi","isPartOf":{"@id":"https:\/\/fjala.info\/2009-2015\/#website"},"datePublished":"2010-04-25T16:18:19+00:00","breadcrumb":{"@id":"https:\/\/fjala.info\/2009-2015\/roli-ideal-dhe-real-i-shtetit\/#breadcrumb"},"inLanguage":"sq-AL","potentialAction":[{"@type":"ReadAction","target":["https:\/\/fjala.info\/2009-2015\/roli-ideal-dhe-real-i-shtetit\/"]}]},{"@type":"BreadcrumbList","@id":"https:\/\/fjala.info\/2009-2015\/roli-ideal-dhe-real-i-shtetit\/#breadcrumb","itemListElement":[{"@type":"ListItem","position":1,"name":"Home","item":"https:\/\/fjala.info\/2009-2015\/"},{"@type":"ListItem","position":2,"name":"Roli ideal dhe real i shtetit"}]},{"@type":"WebSite","@id":"https:\/\/fjala.info\/2009-2015\/#website","url":"https:\/\/fjala.info\/2009-2015\/","name":"FjALA e LIR\u00cb - Arkivi","description":"Arkivi 2009-2015","publisher":{"@id":"https:\/\/fjala.info\/2009-2015\/#organization"},"potentialAction":[{"@type":"SearchAction","target":{"@type":"EntryPoint","urlTemplate":"https:\/\/fjala.info\/2009-2015\/?s={search_term_string}"},"query-input":{"@type":"PropertyValueSpecification","valueRequired":true,"valueName":"search_term_string"}}],"inLanguage":"sq-AL"},{"@type":"Organization","@id":"https:\/\/fjala.info\/2009-2015\/#organization","name":"FjALA e LIR\u00cb - Arkivi","url":"https:\/\/fjala.info\/2009-2015\/","logo":{"@type":"ImageObject","inLanguage":"sq-AL","@id":"https:\/\/fjala.info\/2009-2015\/#\/schema\/logo\/image\/","url":"","contentUrl":"","caption":"FjALA e LIR\u00cb - Arkivi"},"image":{"@id":"https:\/\/fjala.info\/2009-2015\/#\/schema\/logo\/image\/"}},{"@type":"Person","@id":"https:\/\/fjala.info\/2009-2015\/#\/schema\/person\/3aa1163ef05469c496fc94e77611ada2","name":"admin","image":{"@type":"ImageObject","inLanguage":"sq-AL","@id":"https:\/\/fjala.info\/2009-2015\/wp-content\/uploads\/2012\/02\/arben_cokaj-120x150.jpg","url":"https:\/\/fjala.info\/2009-2015\/wp-content\/uploads\/2012\/02\/arben_cokaj-120x150.jpg","contentUrl":"https:\/\/fjala.info\/2009-2015\/wp-content\/uploads\/2012\/02\/arben_cokaj-120x150.jpg","caption":"admin"},"description":"Admin, Fjala e Lir\u00eb","sameAs":["https:\/\/fjala.info\/"],"url":"https:\/\/fjala.info\/2009-2015\/author\/admin\/"}]}},"_links":{"self":[{"href":"https:\/\/fjala.info\/2009-2015\/wp-json\/wp\/v2\/posts\/2367","targetHints":{"allow":["GET"]}}],"collection":[{"href":"https:\/\/fjala.info\/2009-2015\/wp-json\/wp\/v2\/posts"}],"about":[{"href":"https:\/\/fjala.info\/2009-2015\/wp-json\/wp\/v2\/types\/post"}],"author":[{"embeddable":true,"href":"https:\/\/fjala.info\/2009-2015\/wp-json\/wp\/v2\/users\/1"}],"replies":[{"embeddable":true,"href":"https:\/\/fjala.info\/2009-2015\/wp-json\/wp\/v2\/comments?post=2367"}],"version-history":[{"count":0,"href":"https:\/\/fjala.info\/2009-2015\/wp-json\/wp\/v2\/posts\/2367\/revisions"}],"wp:attachment":[{"href":"https:\/\/fjala.info\/2009-2015\/wp-json\/wp\/v2\/media?parent=2367"}],"wp:term":[{"taxonomy":"category","embeddable":true,"href":"https:\/\/fjala.info\/2009-2015\/wp-json\/wp\/v2\/categories?post=2367"},{"taxonomy":"post_tag","embeddable":true,"href":"https:\/\/fjala.info\/2009-2015\/wp-json\/wp\/v2\/tags?post=2367"}],"curies":[{"name":"wp","href":"https:\/\/api.w.org\/{rel}","templated":true}]}}