{"id":2365,"date":"2010-04-25T16:54:28","date_gmt":"2010-04-25T15:54:28","guid":{"rendered":"http:\/\/fjala.shkoder.net\/?p=2365"},"modified":"2010-04-25T16:54:28","modified_gmt":"2010-04-25T15:54:28","slug":"politikat-e-korruptuara","status":"publish","type":"post","link":"https:\/\/fjala.info\/2009-2015\/politikat-e-korruptuara\/","title":{"rendered":"Politikat e korruptuara"},"content":{"rendered":"<p><strong>Albin Kurti<\/strong>, <em>23 Prill 2010 <\/em><\/p>\n<p><em>N\u00ebse qeveria n\u00eb vitet e fundit ka pun\u00ebsuar tep\u00ebr shum\u00eb njer\u00ebz n\u00eb sektorin publik p\u00ebr t\u00eb bler\u00eb paqen sociale dhe p\u00ebr t\u00eb mbetur ajo vet\u00eb n\u00eb pushtet, tash edhe m\u00eb shum\u00eb se aq njer\u00ebz ajo do t\u2019i p\u00ebrjashtoj\u00eb nga puna, q\u00eb t\u00eb mbes\u00eb vet\u00eb n\u00eb pushtet e n\u00eb d\u00ebm t\u00eb paqes sociale<\/em><\/p>\n<p><img decoding=\"async\" style=\"margin-left: 10px; margin-right: 10px; border: 0px;\" src=\"http:\/\/www.shkoder.net\/images\/fjala\/2010\/albin_kurti1.jpg\" border=\"0\" alt=\"Albin Kurti\" width=\"300\" align=\"right\" \/><\/p>\n<p>Me iden\u00eb e nd\u00ebrmarrjeve t\u00eb vogla dhe t\u00eb mesme p\u00ebrfunduam te mikrond\u00ebrmarrjet: biznese aq t\u00eb vogla, saq\u00eb, at\u00ebher\u00eb kur mbijetuan, t\u00eb pun\u00ebsuar kishin zakonisht vet\u00ebm an\u00ebtar\u00ebt e familjes s\u00eb pronarit. Me iden\u00eb e tregut t\u00eb lir\u00eb dhe orientimit n\u00eb eksport p\u00ebrfunduam n\u00eb import: rritja e deficitit tregtar nuk e njohu shpalljen e pavar\u00ebsis\u00eb &#8211; 11 her\u00eb m\u00eb shum\u00eb Kosova importoi, sesa q\u00eb eksportoi n\u00eb vitin e kaluar.<\/p>\n<p>K\u00ebto ide s\u2019ishin tonat. S\u2019i pyeste kush vendasit at\u00ebbot\u00eb m\u00eb zi se sot. Pasi q\u00eb na \u201c\u00e7liruan\u201d, as q\u00eb u diskutua se miqt\u00eb nd\u00ebrkomb\u00ebtar\u00eb e din\u00eb m\u00eb s\u00eb miri se \u00e7ka na duhet neve. Per\u00ebndimi respektohej p\u00ebr superioritetin e tij ushtarak dhe ekonomik. Ngaq\u00eb kishin par\u00eb efektin e bombave ushtarake t\u00eb Per\u00ebndimit n\u00eb vendin e tyre, shqiptar\u00ebt besonin q\u00eb do ta shihnin edhe bumin ekonomik t\u00eb tij n\u00eb Kosov\u00eb.<\/p>\n<p>Magjistari tha se lepujt q\u00eb porsa i nxori nga cilindri quheshin nd\u00ebrmarrje t\u00eb vogla dhe t\u00eb mesme (NVM). T\u00eb gjith\u00eb duartrokit\u00ebn. NVM-t\u00eb u prezantuan si motori q\u00eb garanton zhvillimin ekonomik t\u00eb Kosov\u00ebs. Institutet hulumtuese e p\u00ebrfunduan hulumtimin pa e nisur: NVM-t\u00eb jan\u00eb zgjidhja! Politikan\u00ebt profesor\u00eb ekonomie dhe profesor\u00ebt politikan\u00eb t\u00eb ekonomis\u00eb i kishin NVM-t\u00eb p\u00ebr kryefjal\u00eb t\u00eb ligj\u00ebrimit t\u00eb tyre. Debatet n\u00eb media, rekomandimet e OJQ-ve dhe fushatat e partive i b\u00ebn\u00eb NVM-t\u00eb logo t\u00eb Kosov\u00ebs s\u00eb re. U organizuan konferenca p\u00ebr shk\u00ebmbimin e p\u00ebrvojave t\u00eb suksesshme (pasi i kishin bindur vendasit se s\u2019kishin se \u00e7far\u00eb japin n\u00eb k\u00ebt\u00eb shk\u00ebmbim). U b\u00ebn\u00eb shum\u00eb publikime me rr\u00ebfime t\u00eb suksesshme nga bota (nd\u00ebrkoh\u00eb q\u00eb ne porsa kishim dal\u00eb nga lufta). N\u00eb Indi than\u00eb q\u00eb kishte funksionuar kjo puna me NVM-t\u00eb (ani se dihet q\u00eb shumica e modeleve q\u00eb funksionojn\u00eb diku nuk funksionojn\u00eb n\u00eb nj\u00eb vend apo koh\u00eb tjet\u00ebr). Nuk e di se \u00e7far\u00eb i kan\u00eb th\u00ebn\u00eb paraprakisht Indis\u00eb, por sido q\u00eb t\u00eb jet\u00eb doktrina e NVM-ve u instalua dhe ajo vet\u00ebm duhej zbatuar.<\/p>\n<p>Cili ishte konteksti ku duhej t\u00eb lindnin e vepronin k\u00ebto NVM? Tregu i lir\u00eb, natyrisht. Madje edhe m\u00eb shum\u00eb se kaq. N\u00eb em\u00ebr t\u00eb parull\u00ebs q\u00eb politikat proteksioniste i takojn\u00eb s\u00eb kaluar\u00ebs, Kosova u hap si asnj\u00eb vend tjet\u00ebr. Vendi i shkat\u00ebrruar nga lufta u b\u00eb vendi me kufijt\u00eb m\u00eb liberal\u00eb n\u00eb Europ\u00eb. (Gjithsesi, p\u00ebr ata q\u00eb donin t\u00eb hynin, jo p\u00ebr vendasit po qe se donin t\u00eb dilnin.) N\u00ebse tregu i lir\u00eb \u00ebsht\u00eb ai i vendeve per\u00ebndimore, at\u00ebher\u00eb Kosova iu n\u00ebnshtrua nj\u00eb regjimi q\u00eb e tejkalonte k\u00ebt\u00eb. P\u00ebrve\u00e7se Serbia e Maqedonia u privilegjuan duke paguar vet\u00ebm 1 p\u00ebr qind dogan\u00eb p\u00ebr produkte finale, dhe p\u00ebrve\u00e7se prodhuesit vendas u d\u00ebrrmuan meq\u00eb paguanin 10 p\u00ebr qind dogan\u00eb edhe p\u00ebr l\u00ebnd\u00eb t\u00eb par\u00eb e makineri prodhimi, n\u00eb Kosov\u00eb nuk u p\u00ebrdor\u00ebn kurrfar\u00eb barrierash jotarifore. Dihet q\u00eb edhe vet\u00eb ShBA-t\u00eb, si ekonomia nr. 1 e bot\u00ebs, vendosin rregulla t\u00eb shumta teknike dhe kritere verifikuese e kontrolluese p\u00ebr mallrat e importit e t\u00eb cilat n\u00eb m\u00ebnyr\u00eb elegante form\u00ebsojn\u00eb pik\u00ebrisht proteksionizmin q\u00eb nuk quhet i till\u00eb.<\/p>\n<p>Kur NVM-t\u00eb nis\u00ebn t\u00eb ankohen q\u00eb importuesit i kan\u00eb shkelur dhe s\u2019po arrijn\u00eb t\u00eb shesin as n\u00eb lagjen e tyre, iu than\u00eb q\u00eb ky \u00ebsht\u00eb tregu i lir\u00eb dhe duhet t\u00eb p\u00ebrpiqen t\u00eb eksportojn\u00eb! Pushtetit vendor e nd\u00ebrkomb\u00ebtar jo vet\u00ebm q\u00eb nuk i b\u00ebhej von\u00eb, por ata tashm\u00eb ishin b\u00ebr\u00eb t\u00eb varur nga mbushja e buxhetit n\u00eb dogana, ku taksa nj\u00ebmend ishte e ul\u00ebt, por kishim pafund mallra q\u00eb hynin n\u00eb Kosov\u00eb.<\/p>\n<p>NVM-t\u00eb n\u00eb Kosov\u00ebn e pasluft\u00ebs nuk u etabluan si komplementare me industrin\u00eb, e cila, e d\u00ebmtuar si\u00e7 ishte, nuk u rivitalizua. P\u00ebrkundrazi, NVM-t\u00eb u promovuan si z\u00ebvend\u00ebsim p\u00ebr industrit\u00eb dhe pasurit\u00eb natyrore me t\u00eb cilat ishim m\u00ebsuar t\u00eb krenohemi dikur. \u201cHarrojeni Trep\u00e7\u00ebn e qymyrin, ka kaluar koha e xeheroreve dhe industrive gjigante, harroni nd\u00ebrmarrjet e m\u00ebdha!\u201d, thoshin ekspert\u00ebt. Nd\u00ebrkoh\u00eb, nd\u00ebrmarrjet e m\u00ebdha shkat\u00ebrroheshin p\u00ebr \u00e7do dit\u00eb dhe doli se, n\u00eb fakt, po b\u00ebheshin gati p\u00ebr privatizim, ku do t\u00eb shiteshin m\u00eb lir\u00eb se badihava. U zhvendos v\u00ebmendja prej gjigant\u00ebve ekonomik\u00eb dhe fuqis\u00eb s\u00eb sindikatave m\u00eb t\u00eb m\u00ebdha p\u00ebr ta leht\u00ebsuar blerjen e krer\u00ebve t\u00eb sindikatave dhe shitjen e nd\u00ebrmarrjeve t\u00eb m\u00ebdha. Sindikatat u dob\u00ebsuan s\u00eb tep\u00ebrmi, nd\u00ebrkaq me NVM-t\u00eb, q\u00eb sipas p\u00ebrkufizimit i karakterizon numri i vog\u00ebl i pun\u00ebtor\u00ebve, nuk mund t\u00eb kishte sindikata. Me pun\u00ebtori t\u00eb dob\u00ebt dhe t\u00eb shkap\u00ebrderdhur praktikisht u shuan t\u00eb drejtat e pun\u00ebtor\u00ebve. Nj\u00eb dekad\u00eb m\u00eb von\u00eb kemi shum\u00eb pak NVM q\u00eb ia dol\u00ebn, kryesisht fort t\u00eb vogla e rrall\u00eb t\u00eb mesme. Qytetar\u00ebt e Kosov\u00ebs vazhdojn\u00eb t\u2019i shohin ushtrit\u00eb e Per\u00ebndimit n\u00eb vendin e tyre, por jo edhe zhvillimin ekonomik per\u00ebndimor.<\/p>\n<p>Politika e k\u00ebtill\u00eb ekonomike \u00ebsht\u00eb, para s\u00eb gjithash, shkaku pse shumica e popullsis\u00eb jan\u00eb t\u00eb varf\u00ebr e t\u00eb papun\u00eb, e jo zyrtar\u00ebt e korruptuar (natyrisht, pa dashur t\u2019i mbroj\u00eb aspak ata). Nuk ka dyshim q\u00eb ambasador\u00ebt e Quintit, q\u00eb \u00e7do dit\u00eb ankohen p\u00ebr korrupsionin n\u00eb Kosov\u00eb, e kan\u00eb nuhatur q\u00eb pa liberalizim t\u00eb vizave, pa ndihma e investime nga jasht\u00eb dhe me po k\u00ebto politika ekonomike e fiskale, Kosov\u00ebn gjithsesi e presin trazira sociale, n\u00eb mos k\u00ebt\u00eb vit, at\u00ebher\u00eb vitin e ardhsh\u00ebm. Kur k\u00ebsaj i shtohen edhe privatizimi i PTK-s\u00eb, i Trep\u00e7\u00ebs, i ANP-s\u00eb, i KEK-ut etj., q\u00eb do t\u00eb nxjerrin mij\u00ebra pun\u00ebtor\u00eb nga puna, si dhe kusht\u00ebzimi i mjeteve nga konferenca e donator\u00ebve me reduktimet e administrat\u00ebs, b\u00ebhet e qart\u00eb q\u00eb k\u00ebto trazira jan\u00eb t\u00eb paevitueshme. N\u00ebse qeveria n\u00eb vitet e fundit ka pun\u00ebsuar tep\u00ebr shum\u00eb njer\u00ebz n\u00eb sektorin publik p\u00ebr t\u00eb bler\u00eb paqen sociale dhe p\u00ebr t\u00eb mbetur ajo vet\u00eb n\u00eb pushtet, tash edhe m\u00eb shum\u00eb se aq njer\u00ebz ajo do t\u2019i p\u00ebrjashtoj\u00eb nga puna q\u00eb t\u00eb mbes\u00eb vet\u00eb n\u00eb pushtet e n\u00eb d\u00ebm t\u00eb paqes sociale. Fundja, dihet (ndon\u00ebse rrall\u00eb p\u00ebrmendet) q\u00eb parat\u00eb e konferenc\u00ebs s\u00eb donator\u00ebve edhe ashtu do t\u00eb shkojn\u00eb kryesisht p\u00ebr zbatimin e Planit t\u00eb Ahtisarit e aspak p\u00ebr zhvillimin ekonomik t\u00eb Kosov\u00ebs.<\/p>\n<p>Ambasador\u00ebt e Quintit, ICO-ja dhe EULEX-i, duke ditur vuajtjet e mjerimin e qytetar\u00ebve dhe pashmangshm\u00ebrin\u00eb e vlimeve sociale, mundohen q\u00eb n\u00eb sh\u00ebnjest\u00ebr t\u00eb zem\u00ebrimit t\u00eb qytetar\u00ebve t\u2019i v\u00ebn\u00eb jo politikat e korruptuara, por politikan\u00ebt e korruptuar, t\u00eb cil\u00ebt, n\u00eb t\u00eb v\u00ebrtet\u00eb, jan\u00eb partner\u00eb t\u00eb vet\u00eb atyre. N\u00eb vend q\u00eb t\u00eb konstatohen defekte politike t\u00eb doktrinave ekonomike t\u00eb imponuara, konstatohen defekte morale e kulturore t\u00eb politikan\u00ebve. Politikan\u00ebt e korruptuar sigurisht q\u00eb jan\u00eb nj\u00eb pjes\u00eb e problemit, por, me po aq siguri, ata s\u2019jan\u00eb vet\u00eb problemi. Kosov\u00ebs i nevojitet nj\u00eb nd\u00ebrmarrje e madhe politike p\u00ebr zhvillim vendor ekonomik.<\/p>\n<p><em>Prishtin\u00eb, 22 prill 2010<\/em><\/p>\n","protected":false},"excerpt":{"rendered":"<p>Albin Kurti, 23 Prill 2010 N\u00ebse qeveria n\u00eb vitet e fundit ka pun\u00ebsuar tep\u00ebr shum\u00eb njer\u00ebz n\u00eb sektorin publik p\u00ebr t\u00eb bler\u00eb paqen sociale dhe p\u00ebr t\u00eb mbetur ajo vet\u00eb n\u00eb pushtet, tash edhe m\u00eb shum\u00eb se aq njer\u00ebz ajo do t\u2019i p\u00ebrjashtoj\u00eb nga puna, q\u00eb t\u00eb mbes\u00eb vet\u00eb n\u00eb pushtet e n\u00eb d\u00ebm t\u00eb [&hellip;]<\/p>\n","protected":false},"author":1,"featured_media":0,"comment_status":"open","ping_status":"closed","sticky":false,"template":"","format":"standard","meta":{"footnotes":""},"categories":[2],"tags":[],"class_list":{"0":"post-2365","1":"post","2":"type-post","3":"status-publish","4":"format-standard","6":"category-artikuj"},"yoast_head":"<!-- This site is optimized with the Yoast SEO plugin v27.4 - https:\/\/yoast.com\/product\/yoast-seo-wordpress\/ -->\n<title>Politikat e korruptuara - FjALA e LIR\u00cb - Arkivi<\/title>\n<meta name=\"robots\" content=\"index, follow, max-snippet:-1, max-image-preview:large, max-video-preview:-1\" \/>\n<link rel=\"canonical\" href=\"https:\/\/fjala.info\/2009-2015\/politikat-e-korruptuara\/\" \/>\n<meta property=\"og:locale\" content=\"sq_AL\" \/>\n<meta property=\"og:type\" content=\"article\" \/>\n<meta property=\"og:title\" content=\"Politikat e korruptuara - FjALA e LIR\u00cb - Arkivi\" \/>\n<meta property=\"og:description\" content=\"Albin Kurti, 23 Prill 2010 N\u00ebse qeveria n\u00eb vitet e fundit ka pun\u00ebsuar tep\u00ebr shum\u00eb njer\u00ebz n\u00eb sektorin publik p\u00ebr t\u00eb bler\u00eb paqen sociale dhe p\u00ebr t\u00eb mbetur ajo vet\u00eb n\u00eb pushtet, tash edhe m\u00eb shum\u00eb se aq njer\u00ebz ajo do t\u2019i p\u00ebrjashtoj\u00eb nga puna, q\u00eb t\u00eb mbes\u00eb vet\u00eb n\u00eb pushtet e n\u00eb d\u00ebm t\u00eb [&hellip;]\" \/>\n<meta property=\"og:url\" content=\"https:\/\/fjala.info\/2009-2015\/politikat-e-korruptuara\/\" \/>\n<meta property=\"og:site_name\" content=\"FjALA e LIR\u00cb - Arkivi\" \/>\n<meta property=\"article:published_time\" content=\"2010-04-25T15:54:28+00:00\" \/>\n<meta property=\"og:image\" content=\"http:\/\/www.shkoder.net\/images\/fjala\/2010\/albin_kurti1.jpg\" \/>\n<meta name=\"author\" content=\"admin\" \/>\n<meta name=\"twitter:card\" content=\"summary_large_image\" \/>\n<meta name=\"twitter:label1\" content=\"Written by\" \/>\n\t<meta name=\"twitter:data1\" content=\"admin\" \/>\n\t<meta name=\"twitter:label2\" content=\"Est. reading time\" \/>\n\t<meta name=\"twitter:data2\" content=\"6 minutes\" \/>\n<script type=\"application\/ld+json\" class=\"yoast-schema-graph\">{\"@context\":\"https:\\\/\\\/schema.org\",\"@graph\":[{\"@type\":\"Article\",\"@id\":\"https:\\\/\\\/fjala.info\\\/2009-2015\\\/politikat-e-korruptuara\\\/#article\",\"isPartOf\":{\"@id\":\"https:\\\/\\\/fjala.info\\\/2009-2015\\\/politikat-e-korruptuara\\\/\"},\"author\":{\"name\":\"admin\",\"@id\":\"https:\\\/\\\/fjala.info\\\/2009-2015\\\/#\\\/schema\\\/person\\\/3aa1163ef05469c496fc94e77611ada2\"},\"headline\":\"Politikat e korruptuara\",\"datePublished\":\"2010-04-25T15:54:28+00:00\",\"mainEntityOfPage\":{\"@id\":\"https:\\\/\\\/fjala.info\\\/2009-2015\\\/politikat-e-korruptuara\\\/\"},\"wordCount\":1290,\"commentCount\":0,\"publisher\":{\"@id\":\"https:\\\/\\\/fjala.info\\\/2009-2015\\\/#organization\"},\"image\":{\"@id\":\"https:\\\/\\\/fjala.info\\\/2009-2015\\\/politikat-e-korruptuara\\\/#primaryimage\"},\"thumbnailUrl\":\"http:\\\/\\\/www.shkoder.net\\\/images\\\/fjala\\\/2010\\\/albin_kurti1.jpg\",\"articleSection\":[\"Artikuj\"],\"inLanguage\":\"sq-AL\",\"potentialAction\":[{\"@type\":\"CommentAction\",\"name\":\"Comment\",\"target\":[\"https:\\\/\\\/fjala.info\\\/2009-2015\\\/politikat-e-korruptuara\\\/#respond\"]}]},{\"@type\":\"WebPage\",\"@id\":\"https:\\\/\\\/fjala.info\\\/2009-2015\\\/politikat-e-korruptuara\\\/\",\"url\":\"https:\\\/\\\/fjala.info\\\/2009-2015\\\/politikat-e-korruptuara\\\/\",\"name\":\"Politikat e korruptuara - FjALA e LIR\u00cb - Arkivi\",\"isPartOf\":{\"@id\":\"https:\\\/\\\/fjala.info\\\/2009-2015\\\/#website\"},\"primaryImageOfPage\":{\"@id\":\"https:\\\/\\\/fjala.info\\\/2009-2015\\\/politikat-e-korruptuara\\\/#primaryimage\"},\"image\":{\"@id\":\"https:\\\/\\\/fjala.info\\\/2009-2015\\\/politikat-e-korruptuara\\\/#primaryimage\"},\"thumbnailUrl\":\"http:\\\/\\\/www.shkoder.net\\\/images\\\/fjala\\\/2010\\\/albin_kurti1.jpg\",\"datePublished\":\"2010-04-25T15:54:28+00:00\",\"breadcrumb\":{\"@id\":\"https:\\\/\\\/fjala.info\\\/2009-2015\\\/politikat-e-korruptuara\\\/#breadcrumb\"},\"inLanguage\":\"sq-AL\",\"potentialAction\":[{\"@type\":\"ReadAction\",\"target\":[\"https:\\\/\\\/fjala.info\\\/2009-2015\\\/politikat-e-korruptuara\\\/\"]}]},{\"@type\":\"ImageObject\",\"inLanguage\":\"sq-AL\",\"@id\":\"https:\\\/\\\/fjala.info\\\/2009-2015\\\/politikat-e-korruptuara\\\/#primaryimage\",\"url\":\"http:\\\/\\\/www.shkoder.net\\\/images\\\/fjala\\\/2010\\\/albin_kurti1.jpg\",\"contentUrl\":\"http:\\\/\\\/www.shkoder.net\\\/images\\\/fjala\\\/2010\\\/albin_kurti1.jpg\"},{\"@type\":\"BreadcrumbList\",\"@id\":\"https:\\\/\\\/fjala.info\\\/2009-2015\\\/politikat-e-korruptuara\\\/#breadcrumb\",\"itemListElement\":[{\"@type\":\"ListItem\",\"position\":1,\"name\":\"Home\",\"item\":\"https:\\\/\\\/fjala.info\\\/2009-2015\\\/\"},{\"@type\":\"ListItem\",\"position\":2,\"name\":\"Politikat e korruptuara\"}]},{\"@type\":\"WebSite\",\"@id\":\"https:\\\/\\\/fjala.info\\\/2009-2015\\\/#website\",\"url\":\"https:\\\/\\\/fjala.info\\\/2009-2015\\\/\",\"name\":\"FjALA e LIR\u00cb - Arkivi\",\"description\":\"Arkivi 2009-2015\",\"publisher\":{\"@id\":\"https:\\\/\\\/fjala.info\\\/2009-2015\\\/#organization\"},\"potentialAction\":[{\"@type\":\"SearchAction\",\"target\":{\"@type\":\"EntryPoint\",\"urlTemplate\":\"https:\\\/\\\/fjala.info\\\/2009-2015\\\/?s={search_term_string}\"},\"query-input\":{\"@type\":\"PropertyValueSpecification\",\"valueRequired\":true,\"valueName\":\"search_term_string\"}}],\"inLanguage\":\"sq-AL\"},{\"@type\":\"Organization\",\"@id\":\"https:\\\/\\\/fjala.info\\\/2009-2015\\\/#organization\",\"name\":\"FjALA e LIR\u00cb - Arkivi\",\"url\":\"https:\\\/\\\/fjala.info\\\/2009-2015\\\/\",\"logo\":{\"@type\":\"ImageObject\",\"inLanguage\":\"sq-AL\",\"@id\":\"https:\\\/\\\/fjala.info\\\/2009-2015\\\/#\\\/schema\\\/logo\\\/image\\\/\",\"url\":\"\",\"contentUrl\":\"\",\"caption\":\"FjALA e LIR\u00cb - Arkivi\"},\"image\":{\"@id\":\"https:\\\/\\\/fjala.info\\\/2009-2015\\\/#\\\/schema\\\/logo\\\/image\\\/\"}},{\"@type\":\"Person\",\"@id\":\"https:\\\/\\\/fjala.info\\\/2009-2015\\\/#\\\/schema\\\/person\\\/3aa1163ef05469c496fc94e77611ada2\",\"name\":\"admin\",\"image\":{\"@type\":\"ImageObject\",\"inLanguage\":\"sq-AL\",\"@id\":\"https:\\\/\\\/fjala.info\\\/2009-2015\\\/wp-content\\\/uploads\\\/2012\\\/02\\\/arben_cokaj-120x150.jpg\",\"url\":\"https:\\\/\\\/fjala.info\\\/2009-2015\\\/wp-content\\\/uploads\\\/2012\\\/02\\\/arben_cokaj-120x150.jpg\",\"contentUrl\":\"https:\\\/\\\/fjala.info\\\/2009-2015\\\/wp-content\\\/uploads\\\/2012\\\/02\\\/arben_cokaj-120x150.jpg\",\"caption\":\"admin\"},\"description\":\"Admin, Fjala e Lir\u00eb\",\"sameAs\":[\"https:\\\/\\\/fjala.info\\\/\"],\"url\":\"https:\\\/\\\/fjala.info\\\/2009-2015\\\/author\\\/admin\\\/\"}]}<\/script>\n<!-- \/ Yoast SEO plugin. -->","yoast_head_json":{"title":"Politikat e korruptuara - FjALA e LIR\u00cb - Arkivi","robots":{"index":"index","follow":"follow","max-snippet":"max-snippet:-1","max-image-preview":"max-image-preview:large","max-video-preview":"max-video-preview:-1"},"canonical":"https:\/\/fjala.info\/2009-2015\/politikat-e-korruptuara\/","og_locale":"sq_AL","og_type":"article","og_title":"Politikat e korruptuara - FjALA e LIR\u00cb - Arkivi","og_description":"Albin Kurti, 23 Prill 2010 N\u00ebse qeveria n\u00eb vitet e fundit ka pun\u00ebsuar tep\u00ebr shum\u00eb njer\u00ebz n\u00eb sektorin publik p\u00ebr t\u00eb bler\u00eb paqen sociale dhe p\u00ebr t\u00eb mbetur ajo vet\u00eb n\u00eb pushtet, tash edhe m\u00eb shum\u00eb se aq njer\u00ebz ajo do t\u2019i p\u00ebrjashtoj\u00eb nga puna, q\u00eb t\u00eb mbes\u00eb vet\u00eb n\u00eb pushtet e n\u00eb d\u00ebm t\u00eb [&hellip;]","og_url":"https:\/\/fjala.info\/2009-2015\/politikat-e-korruptuara\/","og_site_name":"FjALA e LIR\u00cb - Arkivi","article_published_time":"2010-04-25T15:54:28+00:00","og_image":[{"url":"http:\/\/www.shkoder.net\/images\/fjala\/2010\/albin_kurti1.jpg","type":"","width":"","height":""}],"author":"admin","twitter_card":"summary_large_image","twitter_misc":{"Written by":"admin","Est. reading time":"6 minutes"},"schema":{"@context":"https:\/\/schema.org","@graph":[{"@type":"Article","@id":"https:\/\/fjala.info\/2009-2015\/politikat-e-korruptuara\/#article","isPartOf":{"@id":"https:\/\/fjala.info\/2009-2015\/politikat-e-korruptuara\/"},"author":{"name":"admin","@id":"https:\/\/fjala.info\/2009-2015\/#\/schema\/person\/3aa1163ef05469c496fc94e77611ada2"},"headline":"Politikat e korruptuara","datePublished":"2010-04-25T15:54:28+00:00","mainEntityOfPage":{"@id":"https:\/\/fjala.info\/2009-2015\/politikat-e-korruptuara\/"},"wordCount":1290,"commentCount":0,"publisher":{"@id":"https:\/\/fjala.info\/2009-2015\/#organization"},"image":{"@id":"https:\/\/fjala.info\/2009-2015\/politikat-e-korruptuara\/#primaryimage"},"thumbnailUrl":"http:\/\/www.shkoder.net\/images\/fjala\/2010\/albin_kurti1.jpg","articleSection":["Artikuj"],"inLanguage":"sq-AL","potentialAction":[{"@type":"CommentAction","name":"Comment","target":["https:\/\/fjala.info\/2009-2015\/politikat-e-korruptuara\/#respond"]}]},{"@type":"WebPage","@id":"https:\/\/fjala.info\/2009-2015\/politikat-e-korruptuara\/","url":"https:\/\/fjala.info\/2009-2015\/politikat-e-korruptuara\/","name":"Politikat e korruptuara - FjALA e LIR\u00cb - Arkivi","isPartOf":{"@id":"https:\/\/fjala.info\/2009-2015\/#website"},"primaryImageOfPage":{"@id":"https:\/\/fjala.info\/2009-2015\/politikat-e-korruptuara\/#primaryimage"},"image":{"@id":"https:\/\/fjala.info\/2009-2015\/politikat-e-korruptuara\/#primaryimage"},"thumbnailUrl":"http:\/\/www.shkoder.net\/images\/fjala\/2010\/albin_kurti1.jpg","datePublished":"2010-04-25T15:54:28+00:00","breadcrumb":{"@id":"https:\/\/fjala.info\/2009-2015\/politikat-e-korruptuara\/#breadcrumb"},"inLanguage":"sq-AL","potentialAction":[{"@type":"ReadAction","target":["https:\/\/fjala.info\/2009-2015\/politikat-e-korruptuara\/"]}]},{"@type":"ImageObject","inLanguage":"sq-AL","@id":"https:\/\/fjala.info\/2009-2015\/politikat-e-korruptuara\/#primaryimage","url":"http:\/\/www.shkoder.net\/images\/fjala\/2010\/albin_kurti1.jpg","contentUrl":"http:\/\/www.shkoder.net\/images\/fjala\/2010\/albin_kurti1.jpg"},{"@type":"BreadcrumbList","@id":"https:\/\/fjala.info\/2009-2015\/politikat-e-korruptuara\/#breadcrumb","itemListElement":[{"@type":"ListItem","position":1,"name":"Home","item":"https:\/\/fjala.info\/2009-2015\/"},{"@type":"ListItem","position":2,"name":"Politikat e korruptuara"}]},{"@type":"WebSite","@id":"https:\/\/fjala.info\/2009-2015\/#website","url":"https:\/\/fjala.info\/2009-2015\/","name":"FjALA e LIR\u00cb - Arkivi","description":"Arkivi 2009-2015","publisher":{"@id":"https:\/\/fjala.info\/2009-2015\/#organization"},"potentialAction":[{"@type":"SearchAction","target":{"@type":"EntryPoint","urlTemplate":"https:\/\/fjala.info\/2009-2015\/?s={search_term_string}"},"query-input":{"@type":"PropertyValueSpecification","valueRequired":true,"valueName":"search_term_string"}}],"inLanguage":"sq-AL"},{"@type":"Organization","@id":"https:\/\/fjala.info\/2009-2015\/#organization","name":"FjALA e LIR\u00cb - Arkivi","url":"https:\/\/fjala.info\/2009-2015\/","logo":{"@type":"ImageObject","inLanguage":"sq-AL","@id":"https:\/\/fjala.info\/2009-2015\/#\/schema\/logo\/image\/","url":"","contentUrl":"","caption":"FjALA e LIR\u00cb - Arkivi"},"image":{"@id":"https:\/\/fjala.info\/2009-2015\/#\/schema\/logo\/image\/"}},{"@type":"Person","@id":"https:\/\/fjala.info\/2009-2015\/#\/schema\/person\/3aa1163ef05469c496fc94e77611ada2","name":"admin","image":{"@type":"ImageObject","inLanguage":"sq-AL","@id":"https:\/\/fjala.info\/2009-2015\/wp-content\/uploads\/2012\/02\/arben_cokaj-120x150.jpg","url":"https:\/\/fjala.info\/2009-2015\/wp-content\/uploads\/2012\/02\/arben_cokaj-120x150.jpg","contentUrl":"https:\/\/fjala.info\/2009-2015\/wp-content\/uploads\/2012\/02\/arben_cokaj-120x150.jpg","caption":"admin"},"description":"Admin, Fjala e Lir\u00eb","sameAs":["https:\/\/fjala.info\/"],"url":"https:\/\/fjala.info\/2009-2015\/author\/admin\/"}]}},"_links":{"self":[{"href":"https:\/\/fjala.info\/2009-2015\/wp-json\/wp\/v2\/posts\/2365","targetHints":{"allow":["GET"]}}],"collection":[{"href":"https:\/\/fjala.info\/2009-2015\/wp-json\/wp\/v2\/posts"}],"about":[{"href":"https:\/\/fjala.info\/2009-2015\/wp-json\/wp\/v2\/types\/post"}],"author":[{"embeddable":true,"href":"https:\/\/fjala.info\/2009-2015\/wp-json\/wp\/v2\/users\/1"}],"replies":[{"embeddable":true,"href":"https:\/\/fjala.info\/2009-2015\/wp-json\/wp\/v2\/comments?post=2365"}],"version-history":[{"count":0,"href":"https:\/\/fjala.info\/2009-2015\/wp-json\/wp\/v2\/posts\/2365\/revisions"}],"wp:attachment":[{"href":"https:\/\/fjala.info\/2009-2015\/wp-json\/wp\/v2\/media?parent=2365"}],"wp:term":[{"taxonomy":"category","embeddable":true,"href":"https:\/\/fjala.info\/2009-2015\/wp-json\/wp\/v2\/categories?post=2365"},{"taxonomy":"post_tag","embeddable":true,"href":"https:\/\/fjala.info\/2009-2015\/wp-json\/wp\/v2\/tags?post=2365"}],"curies":[{"name":"wp","href":"https:\/\/api.w.org\/{rel}","templated":true}]}}