{"id":2364,"date":"2012-04-04T08:40:21","date_gmt":"2012-04-04T07:40:21","guid":{"rendered":"http:\/\/fjala.shkoder.net\/?p=2364"},"modified":"2012-04-04T08:40:21","modified_gmt":"2012-04-04T07:40:21","slug":"fajon-shqiperia-me-zhgenjeu-pesimiste-per-statusin","status":"publish","type":"post","link":"https:\/\/fjala.info\/2009-2015\/fajon-shqiperia-me-zhgenjeu-pesimiste-per-statusin\/","title":{"rendered":"Fajon: Shqip\u00ebria m\u00eb zhg\u00ebnjeu, pesimiste p\u00ebr statusin"},"content":{"rendered":"<p><img decoding=\"async\" class=\"alignright size-thumbnail wp-image-7236\" title=\"Tanja Fajon\" src=\"http:\/\/www.shkoder.net\/2012\/tanja_fajon.jpg\" alt=\"\" width=\"150\" \/><em>TIRANE<\/em> &#8211; N\u00eb nj\u00eb intervist\u00eb ekskluzive p\u00ebr \u201cGazeta Shqiptare\u201d, deputetja e Parlamentit Europian, Tanja Fajon, shpreh mendimet e saj lidhur me p\u00ebrpjekjet e Shqip\u00ebris\u00eb n\u00eb rrug\u00ebn drejt integrimit europian. Ajo shprehet e zhg\u00ebnjyer p\u00ebr koh\u00ebn e q\u00eb Shqip\u00ebria ka humbur sipas saj, n\u00eb rrug\u00ebn e integrimit dhe k\u00ebshillon pal\u00ebt politike t\u00eb p\u00ebrmbushin reformat.<\/p>\n<p>\u201cFatkeq\u00ebsisht Shqip\u00ebria po humbet vazhdimisht koh\u00eb t\u00eb \u00e7muar n\u00eb rrug\u00ebn e saj drejt integrimit Europian. Shpesh zhg\u00ebnjehem duke par\u00eb &#8220;bllokimet\u201d politike midis qeveris\u00eb dhe opozit\u00ebs. \u00cbsht\u00eb e r\u00ebnd\u00ebsishme t\u00eb kesh dialog; t\u00eb bisedosh me nj\u00ebri tjetrin p\u00ebr t\u00eb mir\u00ebn e vendit. Qytetar\u00ebt e meritojn\u00eb k\u00ebt\u00eb. Kjo koh\u00eb e humbur duhet t\u00eb kompensohet n\u00eb nj\u00eb far\u00eb m\u00ebnyre. Reformat duhet t\u00eb plot\u00ebsohen. E vetmja perspektiv\u00eb e Shqip\u00ebris\u00eb \u00ebsht\u00eb Bashkimi Europian. K\u00ebshtu q\u00eb p\u00ebr hat\u00ebr t\u00eb brezit t\u00eb ri, d\u00ebshiroj ta shikoj vendin tuaj t\u00eb ec\u00eb p\u00ebrpara me nj\u00eb hap m\u00eb t\u00eb shpejt\u00eb dhe kjo \u00ebsht\u00eb p\u00ebrgjegj\u00ebsi e politikan\u00ebve t\u00eb k\u00ebtij vendi. \u00cbsht\u00eb nj\u00eb vit elektoral dhe si i till\u00eb do t\u00eb jet\u00eb nj\u00eb prov\u00eb tjet\u00ebr q\u00eb do t\u00eb testoj\u00eb maturimin e Shqip\u00ebris\u00eb\u201d, tha Fajon.<\/p>\n<p>N\u00eb lidhje me dor\u00ebzimin e Planit t\u00eb Veprimit nga qeveria shqiptare, Fajon u shpreh se koha do ta tregoj\u00eb se sa serioz \u00ebsht\u00eb ky angazhim, nd\u00ebrsa pohon se \u00ebsht\u00eb pesimiste p\u00ebr marrjen e statusit k\u00ebt\u00eb vit.<\/p>\n<p>\u201cGjith\u00e7ka q\u00eb mund t\u00eb them \u00ebsht\u00eb se koha do t\u00eb tregoj\u00eb se sa serioz do t\u00eb jet\u00eb ky angazhim. N\u00eb t\u00eb shkuar\u00ebn ne shpesh jemi zhg\u00ebnjyer. Premtimet jan\u00eb b\u00ebr\u00eb por ka d\u00ebshtuar p\u00ebrmbushja e tyre. Ky vit mund t\u00eb jet\u00eb ky\u00e7 p\u00ebr marrjen e statusit t\u00eb vendit kandidat por jam pesimiste. Do ti b\u00ebja thirrje t\u00eb gjitha partive politike n\u00eb Shqip\u00ebri t\u00eb mos humbnin koh\u00eb dhe t\u00eb bashkonin t\u00eb gjitha p\u00ebrpjekjet e tyre p\u00ebr nj\u00eb t\u00eb ardhme m\u00eb t\u00eb mir\u00eb, t\u00eb sigurt dhe t\u00eb begat\u00eb\u201d.<\/p>\n<p>(<em>Intervist\u00ebn mund ta lexoni sot n\u00eb Gazeta Shqiptare<\/em>)<br \/>\n(<em>ma.ar\/BalkanWeb<\/em>)<\/p>\n","protected":false},"excerpt":{"rendered":"<p>TIRANE &#8211; N\u00eb nj\u00eb intervist\u00eb ekskluzive p\u00ebr \u201cGazeta Shqiptare\u201d, deputetja e Parlamentit Europian, Tanja Fajon, shpreh mendimet e saj lidhur me p\u00ebrpjekjet e Shqip\u00ebris\u00eb n\u00eb rrug\u00ebn drejt integrimit europian. Ajo shprehet e zhg\u00ebnjyer p\u00ebr koh\u00ebn e q\u00eb Shqip\u00ebria ka humbur sipas saj, n\u00eb rrug\u00ebn e integrimit dhe k\u00ebshillon pal\u00ebt politike t\u00eb p\u00ebrmbushin reformat. \u201cFatkeq\u00ebsisht Shqip\u00ebria [&hellip;]<\/p>\n","protected":false},"author":1,"featured_media":0,"comment_status":"open","ping_status":"closed","sticky":false,"template":"","format":"standard","meta":{"footnotes":""},"categories":[5],"tags":[],"class_list":{"0":"post-2364","1":"post","2":"type-post","3":"status-publish","4":"format-standard","6":"category-lajme"},"yoast_head":"<!-- This site is optimized with the Yoast SEO plugin v27.4 - https:\/\/yoast.com\/product\/yoast-seo-wordpress\/ -->\n<title>Fajon: Shqip\u00ebria m\u00eb zhg\u00ebnjeu, pesimiste p\u00ebr statusin - FjALA e LIR\u00cb - Arkivi<\/title>\n<meta name=\"robots\" content=\"index, follow, max-snippet:-1, max-image-preview:large, max-video-preview:-1\" \/>\n<link rel=\"canonical\" href=\"https:\/\/fjala.info\/2009-2015\/fajon-shqiperia-me-zhgenjeu-pesimiste-per-statusin\/\" \/>\n<meta property=\"og:locale\" content=\"sq_AL\" \/>\n<meta property=\"og:type\" content=\"article\" \/>\n<meta property=\"og:title\" content=\"Fajon: Shqip\u00ebria m\u00eb zhg\u00ebnjeu, pesimiste p\u00ebr statusin - FjALA e LIR\u00cb - Arkivi\" \/>\n<meta property=\"og:description\" content=\"TIRANE &#8211; N\u00eb nj\u00eb intervist\u00eb ekskluzive p\u00ebr \u201cGazeta Shqiptare\u201d, deputetja e Parlamentit Europian, Tanja Fajon, shpreh mendimet e saj lidhur me p\u00ebrpjekjet e Shqip\u00ebris\u00eb n\u00eb rrug\u00ebn drejt integrimit europian. Ajo shprehet e zhg\u00ebnjyer p\u00ebr koh\u00ebn e q\u00eb Shqip\u00ebria ka humbur sipas saj, n\u00eb rrug\u00ebn e integrimit dhe k\u00ebshillon pal\u00ebt politike t\u00eb p\u00ebrmbushin reformat. \u201cFatkeq\u00ebsisht Shqip\u00ebria [&hellip;]\" \/>\n<meta property=\"og:url\" content=\"https:\/\/fjala.info\/2009-2015\/fajon-shqiperia-me-zhgenjeu-pesimiste-per-statusin\/\" \/>\n<meta property=\"og:site_name\" content=\"FjALA e LIR\u00cb - Arkivi\" \/>\n<meta property=\"article:published_time\" content=\"2012-04-04T07:40:21+00:00\" \/>\n<meta property=\"og:image\" content=\"http:\/\/www.shkoder.net\/2012\/tanja_fajon.jpg\" \/>\n<meta name=\"author\" content=\"admin\" \/>\n<meta name=\"twitter:card\" content=\"summary_large_image\" \/>\n<meta name=\"twitter:label1\" content=\"Written by\" \/>\n\t<meta name=\"twitter:data1\" content=\"admin\" \/>\n\t<meta name=\"twitter:label2\" content=\"Est. reading time\" \/>\n\t<meta name=\"twitter:data2\" content=\"2 minutes\" \/>\n<script type=\"application\/ld+json\" class=\"yoast-schema-graph\">{\"@context\":\"https:\\\/\\\/schema.org\",\"@graph\":[{\"@type\":\"Article\",\"@id\":\"https:\\\/\\\/fjala.info\\\/2009-2015\\\/fajon-shqiperia-me-zhgenjeu-pesimiste-per-statusin\\\/#article\",\"isPartOf\":{\"@id\":\"https:\\\/\\\/fjala.info\\\/2009-2015\\\/fajon-shqiperia-me-zhgenjeu-pesimiste-per-statusin\\\/\"},\"author\":{\"name\":\"admin\",\"@id\":\"https:\\\/\\\/fjala.info\\\/2009-2015\\\/#\\\/schema\\\/person\\\/3aa1163ef05469c496fc94e77611ada2\"},\"headline\":\"Fajon: Shqip\u00ebria m\u00eb zhg\u00ebnjeu, pesimiste p\u00ebr statusin\",\"datePublished\":\"2012-04-04T07:40:21+00:00\",\"mainEntityOfPage\":{\"@id\":\"https:\\\/\\\/fjala.info\\\/2009-2015\\\/fajon-shqiperia-me-zhgenjeu-pesimiste-per-statusin\\\/\"},\"wordCount\":371,\"commentCount\":0,\"publisher\":{\"@id\":\"https:\\\/\\\/fjala.info\\\/2009-2015\\\/#organization\"},\"image\":{\"@id\":\"https:\\\/\\\/fjala.info\\\/2009-2015\\\/fajon-shqiperia-me-zhgenjeu-pesimiste-per-statusin\\\/#primaryimage\"},\"thumbnailUrl\":\"http:\\\/\\\/www.shkoder.net\\\/2012\\\/tanja_fajon.jpg\",\"articleSection\":[\"Lajme\"],\"inLanguage\":\"sq-AL\",\"potentialAction\":[{\"@type\":\"CommentAction\",\"name\":\"Comment\",\"target\":[\"https:\\\/\\\/fjala.info\\\/2009-2015\\\/fajon-shqiperia-me-zhgenjeu-pesimiste-per-statusin\\\/#respond\"]}]},{\"@type\":\"WebPage\",\"@id\":\"https:\\\/\\\/fjala.info\\\/2009-2015\\\/fajon-shqiperia-me-zhgenjeu-pesimiste-per-statusin\\\/\",\"url\":\"https:\\\/\\\/fjala.info\\\/2009-2015\\\/fajon-shqiperia-me-zhgenjeu-pesimiste-per-statusin\\\/\",\"name\":\"Fajon: Shqip\u00ebria m\u00eb zhg\u00ebnjeu, pesimiste p\u00ebr statusin - FjALA e LIR\u00cb - Arkivi\",\"isPartOf\":{\"@id\":\"https:\\\/\\\/fjala.info\\\/2009-2015\\\/#website\"},\"primaryImageOfPage\":{\"@id\":\"https:\\\/\\\/fjala.info\\\/2009-2015\\\/fajon-shqiperia-me-zhgenjeu-pesimiste-per-statusin\\\/#primaryimage\"},\"image\":{\"@id\":\"https:\\\/\\\/fjala.info\\\/2009-2015\\\/fajon-shqiperia-me-zhgenjeu-pesimiste-per-statusin\\\/#primaryimage\"},\"thumbnailUrl\":\"http:\\\/\\\/www.shkoder.net\\\/2012\\\/tanja_fajon.jpg\",\"datePublished\":\"2012-04-04T07:40:21+00:00\",\"breadcrumb\":{\"@id\":\"https:\\\/\\\/fjala.info\\\/2009-2015\\\/fajon-shqiperia-me-zhgenjeu-pesimiste-per-statusin\\\/#breadcrumb\"},\"inLanguage\":\"sq-AL\",\"potentialAction\":[{\"@type\":\"ReadAction\",\"target\":[\"https:\\\/\\\/fjala.info\\\/2009-2015\\\/fajon-shqiperia-me-zhgenjeu-pesimiste-per-statusin\\\/\"]}]},{\"@type\":\"ImageObject\",\"inLanguage\":\"sq-AL\",\"@id\":\"https:\\\/\\\/fjala.info\\\/2009-2015\\\/fajon-shqiperia-me-zhgenjeu-pesimiste-per-statusin\\\/#primaryimage\",\"url\":\"http:\\\/\\\/www.shkoder.net\\\/2012\\\/tanja_fajon.jpg\",\"contentUrl\":\"http:\\\/\\\/www.shkoder.net\\\/2012\\\/tanja_fajon.jpg\"},{\"@type\":\"BreadcrumbList\",\"@id\":\"https:\\\/\\\/fjala.info\\\/2009-2015\\\/fajon-shqiperia-me-zhgenjeu-pesimiste-per-statusin\\\/#breadcrumb\",\"itemListElement\":[{\"@type\":\"ListItem\",\"position\":1,\"name\":\"Home\",\"item\":\"https:\\\/\\\/fjala.info\\\/2009-2015\\\/\"},{\"@type\":\"ListItem\",\"position\":2,\"name\":\"Fajon: Shqip\u00ebria m\u00eb zhg\u00ebnjeu, pesimiste p\u00ebr statusin\"}]},{\"@type\":\"WebSite\",\"@id\":\"https:\\\/\\\/fjala.info\\\/2009-2015\\\/#website\",\"url\":\"https:\\\/\\\/fjala.info\\\/2009-2015\\\/\",\"name\":\"FjALA e LIR\u00cb - Arkivi\",\"description\":\"Arkivi 2009-2015\",\"publisher\":{\"@id\":\"https:\\\/\\\/fjala.info\\\/2009-2015\\\/#organization\"},\"potentialAction\":[{\"@type\":\"SearchAction\",\"target\":{\"@type\":\"EntryPoint\",\"urlTemplate\":\"https:\\\/\\\/fjala.info\\\/2009-2015\\\/?s={search_term_string}\"},\"query-input\":{\"@type\":\"PropertyValueSpecification\",\"valueRequired\":true,\"valueName\":\"search_term_string\"}}],\"inLanguage\":\"sq-AL\"},{\"@type\":\"Organization\",\"@id\":\"https:\\\/\\\/fjala.info\\\/2009-2015\\\/#organization\",\"name\":\"FjALA e LIR\u00cb - Arkivi\",\"url\":\"https:\\\/\\\/fjala.info\\\/2009-2015\\\/\",\"logo\":{\"@type\":\"ImageObject\",\"inLanguage\":\"sq-AL\",\"@id\":\"https:\\\/\\\/fjala.info\\\/2009-2015\\\/#\\\/schema\\\/logo\\\/image\\\/\",\"url\":\"\",\"contentUrl\":\"\",\"caption\":\"FjALA e LIR\u00cb - Arkivi\"},\"image\":{\"@id\":\"https:\\\/\\\/fjala.info\\\/2009-2015\\\/#\\\/schema\\\/logo\\\/image\\\/\"}},{\"@type\":\"Person\",\"@id\":\"https:\\\/\\\/fjala.info\\\/2009-2015\\\/#\\\/schema\\\/person\\\/3aa1163ef05469c496fc94e77611ada2\",\"name\":\"admin\",\"image\":{\"@type\":\"ImageObject\",\"inLanguage\":\"sq-AL\",\"@id\":\"https:\\\/\\\/fjala.info\\\/2009-2015\\\/wp-content\\\/uploads\\\/2012\\\/02\\\/arben_cokaj-120x150.jpg\",\"url\":\"https:\\\/\\\/fjala.info\\\/2009-2015\\\/wp-content\\\/uploads\\\/2012\\\/02\\\/arben_cokaj-120x150.jpg\",\"contentUrl\":\"https:\\\/\\\/fjala.info\\\/2009-2015\\\/wp-content\\\/uploads\\\/2012\\\/02\\\/arben_cokaj-120x150.jpg\",\"caption\":\"admin\"},\"description\":\"Admin, Fjala e Lir\u00eb\",\"sameAs\":[\"https:\\\/\\\/fjala.info\\\/\"],\"url\":\"https:\\\/\\\/fjala.info\\\/2009-2015\\\/author\\\/admin\\\/\"}]}<\/script>\n<!-- \/ Yoast SEO plugin. -->","yoast_head_json":{"title":"Fajon: Shqip\u00ebria m\u00eb zhg\u00ebnjeu, pesimiste p\u00ebr statusin - FjALA e LIR\u00cb - Arkivi","robots":{"index":"index","follow":"follow","max-snippet":"max-snippet:-1","max-image-preview":"max-image-preview:large","max-video-preview":"max-video-preview:-1"},"canonical":"https:\/\/fjala.info\/2009-2015\/fajon-shqiperia-me-zhgenjeu-pesimiste-per-statusin\/","og_locale":"sq_AL","og_type":"article","og_title":"Fajon: Shqip\u00ebria m\u00eb zhg\u00ebnjeu, pesimiste p\u00ebr statusin - FjALA e LIR\u00cb - Arkivi","og_description":"TIRANE &#8211; N\u00eb nj\u00eb intervist\u00eb ekskluzive p\u00ebr \u201cGazeta Shqiptare\u201d, deputetja e Parlamentit Europian, Tanja Fajon, shpreh mendimet e saj lidhur me p\u00ebrpjekjet e Shqip\u00ebris\u00eb n\u00eb rrug\u00ebn drejt integrimit europian. Ajo shprehet e zhg\u00ebnjyer p\u00ebr koh\u00ebn e q\u00eb Shqip\u00ebria ka humbur sipas saj, n\u00eb rrug\u00ebn e integrimit dhe k\u00ebshillon pal\u00ebt politike t\u00eb p\u00ebrmbushin reformat. \u201cFatkeq\u00ebsisht Shqip\u00ebria [&hellip;]","og_url":"https:\/\/fjala.info\/2009-2015\/fajon-shqiperia-me-zhgenjeu-pesimiste-per-statusin\/","og_site_name":"FjALA e LIR\u00cb - Arkivi","article_published_time":"2012-04-04T07:40:21+00:00","og_image":[{"url":"http:\/\/www.shkoder.net\/2012\/tanja_fajon.jpg","type":"","width":"","height":""}],"author":"admin","twitter_card":"summary_large_image","twitter_misc":{"Written by":"admin","Est. reading time":"2 minutes"},"schema":{"@context":"https:\/\/schema.org","@graph":[{"@type":"Article","@id":"https:\/\/fjala.info\/2009-2015\/fajon-shqiperia-me-zhgenjeu-pesimiste-per-statusin\/#article","isPartOf":{"@id":"https:\/\/fjala.info\/2009-2015\/fajon-shqiperia-me-zhgenjeu-pesimiste-per-statusin\/"},"author":{"name":"admin","@id":"https:\/\/fjala.info\/2009-2015\/#\/schema\/person\/3aa1163ef05469c496fc94e77611ada2"},"headline":"Fajon: Shqip\u00ebria m\u00eb zhg\u00ebnjeu, pesimiste p\u00ebr statusin","datePublished":"2012-04-04T07:40:21+00:00","mainEntityOfPage":{"@id":"https:\/\/fjala.info\/2009-2015\/fajon-shqiperia-me-zhgenjeu-pesimiste-per-statusin\/"},"wordCount":371,"commentCount":0,"publisher":{"@id":"https:\/\/fjala.info\/2009-2015\/#organization"},"image":{"@id":"https:\/\/fjala.info\/2009-2015\/fajon-shqiperia-me-zhgenjeu-pesimiste-per-statusin\/#primaryimage"},"thumbnailUrl":"http:\/\/www.shkoder.net\/2012\/tanja_fajon.jpg","articleSection":["Lajme"],"inLanguage":"sq-AL","potentialAction":[{"@type":"CommentAction","name":"Comment","target":["https:\/\/fjala.info\/2009-2015\/fajon-shqiperia-me-zhgenjeu-pesimiste-per-statusin\/#respond"]}]},{"@type":"WebPage","@id":"https:\/\/fjala.info\/2009-2015\/fajon-shqiperia-me-zhgenjeu-pesimiste-per-statusin\/","url":"https:\/\/fjala.info\/2009-2015\/fajon-shqiperia-me-zhgenjeu-pesimiste-per-statusin\/","name":"Fajon: Shqip\u00ebria m\u00eb zhg\u00ebnjeu, pesimiste p\u00ebr statusin - FjALA e LIR\u00cb - Arkivi","isPartOf":{"@id":"https:\/\/fjala.info\/2009-2015\/#website"},"primaryImageOfPage":{"@id":"https:\/\/fjala.info\/2009-2015\/fajon-shqiperia-me-zhgenjeu-pesimiste-per-statusin\/#primaryimage"},"image":{"@id":"https:\/\/fjala.info\/2009-2015\/fajon-shqiperia-me-zhgenjeu-pesimiste-per-statusin\/#primaryimage"},"thumbnailUrl":"http:\/\/www.shkoder.net\/2012\/tanja_fajon.jpg","datePublished":"2012-04-04T07:40:21+00:00","breadcrumb":{"@id":"https:\/\/fjala.info\/2009-2015\/fajon-shqiperia-me-zhgenjeu-pesimiste-per-statusin\/#breadcrumb"},"inLanguage":"sq-AL","potentialAction":[{"@type":"ReadAction","target":["https:\/\/fjala.info\/2009-2015\/fajon-shqiperia-me-zhgenjeu-pesimiste-per-statusin\/"]}]},{"@type":"ImageObject","inLanguage":"sq-AL","@id":"https:\/\/fjala.info\/2009-2015\/fajon-shqiperia-me-zhgenjeu-pesimiste-per-statusin\/#primaryimage","url":"http:\/\/www.shkoder.net\/2012\/tanja_fajon.jpg","contentUrl":"http:\/\/www.shkoder.net\/2012\/tanja_fajon.jpg"},{"@type":"BreadcrumbList","@id":"https:\/\/fjala.info\/2009-2015\/fajon-shqiperia-me-zhgenjeu-pesimiste-per-statusin\/#breadcrumb","itemListElement":[{"@type":"ListItem","position":1,"name":"Home","item":"https:\/\/fjala.info\/2009-2015\/"},{"@type":"ListItem","position":2,"name":"Fajon: Shqip\u00ebria m\u00eb zhg\u00ebnjeu, pesimiste p\u00ebr statusin"}]},{"@type":"WebSite","@id":"https:\/\/fjala.info\/2009-2015\/#website","url":"https:\/\/fjala.info\/2009-2015\/","name":"FjALA e LIR\u00cb - Arkivi","description":"Arkivi 2009-2015","publisher":{"@id":"https:\/\/fjala.info\/2009-2015\/#organization"},"potentialAction":[{"@type":"SearchAction","target":{"@type":"EntryPoint","urlTemplate":"https:\/\/fjala.info\/2009-2015\/?s={search_term_string}"},"query-input":{"@type":"PropertyValueSpecification","valueRequired":true,"valueName":"search_term_string"}}],"inLanguage":"sq-AL"},{"@type":"Organization","@id":"https:\/\/fjala.info\/2009-2015\/#organization","name":"FjALA e LIR\u00cb - Arkivi","url":"https:\/\/fjala.info\/2009-2015\/","logo":{"@type":"ImageObject","inLanguage":"sq-AL","@id":"https:\/\/fjala.info\/2009-2015\/#\/schema\/logo\/image\/","url":"","contentUrl":"","caption":"FjALA e LIR\u00cb - Arkivi"},"image":{"@id":"https:\/\/fjala.info\/2009-2015\/#\/schema\/logo\/image\/"}},{"@type":"Person","@id":"https:\/\/fjala.info\/2009-2015\/#\/schema\/person\/3aa1163ef05469c496fc94e77611ada2","name":"admin","image":{"@type":"ImageObject","inLanguage":"sq-AL","@id":"https:\/\/fjala.info\/2009-2015\/wp-content\/uploads\/2012\/02\/arben_cokaj-120x150.jpg","url":"https:\/\/fjala.info\/2009-2015\/wp-content\/uploads\/2012\/02\/arben_cokaj-120x150.jpg","contentUrl":"https:\/\/fjala.info\/2009-2015\/wp-content\/uploads\/2012\/02\/arben_cokaj-120x150.jpg","caption":"admin"},"description":"Admin, Fjala e Lir\u00eb","sameAs":["https:\/\/fjala.info\/"],"url":"https:\/\/fjala.info\/2009-2015\/author\/admin\/"}]}},"_links":{"self":[{"href":"https:\/\/fjala.info\/2009-2015\/wp-json\/wp\/v2\/posts\/2364","targetHints":{"allow":["GET"]}}],"collection":[{"href":"https:\/\/fjala.info\/2009-2015\/wp-json\/wp\/v2\/posts"}],"about":[{"href":"https:\/\/fjala.info\/2009-2015\/wp-json\/wp\/v2\/types\/post"}],"author":[{"embeddable":true,"href":"https:\/\/fjala.info\/2009-2015\/wp-json\/wp\/v2\/users\/1"}],"replies":[{"embeddable":true,"href":"https:\/\/fjala.info\/2009-2015\/wp-json\/wp\/v2\/comments?post=2364"}],"version-history":[{"count":0,"href":"https:\/\/fjala.info\/2009-2015\/wp-json\/wp\/v2\/posts\/2364\/revisions"}],"wp:attachment":[{"href":"https:\/\/fjala.info\/2009-2015\/wp-json\/wp\/v2\/media?parent=2364"}],"wp:term":[{"taxonomy":"category","embeddable":true,"href":"https:\/\/fjala.info\/2009-2015\/wp-json\/wp\/v2\/categories?post=2364"},{"taxonomy":"post_tag","embeddable":true,"href":"https:\/\/fjala.info\/2009-2015\/wp-json\/wp\/v2\/tags?post=2364"}],"curies":[{"name":"wp","href":"https:\/\/api.w.org\/{rel}","templated":true}]}}