{"id":2359,"date":"2010-04-25T16:40:18","date_gmt":"2010-04-25T15:40:18","guid":{"rendered":"http:\/\/fjala.shkoder.net\/?p=2359"},"modified":"2010-04-25T16:40:18","modified_gmt":"2010-04-25T15:40:18","slug":"pershtypje-emergjente-nga-libri-biografi-e-paautorizuar-e-adem-demacit","status":"publish","type":"post","link":"https:\/\/fjala.info\/2009-2015\/pershtypje-emergjente-nga-libri-biografi-e-paautorizuar-e-adem-demacit\/","title":{"rendered":"P\u00ebrshtypje emergjente nga libri: &#8216;Biografi e paautorizuar e Adem Dema\u00e7it&#8217;"},"content":{"rendered":"<p>&#8212; lib\u00ebr nga <strong>Shk\u00eblzen GASHI<\/strong><\/p>\n<p><strong>Pak fjal\u00eb p\u00ebrgjith\u00ebsuese p\u00ebr librin<\/strong><\/p>\n<p>Struktura dhe i gjith\u00eb teksti i librit \u201cAdem Dema\u00e7i \u2013 biografi e paautorizuar\u201d p\u00ebrb\u00ebhet nga nj\u00eb gjuh\u00eb narrative e superzakonshme dhe mjaft gravituese. Me ca fjala t\u00eb geg\u00ebrizuara a la kosovar\u00e7e nga shqiptimi oral kosovar si p\u00ebr shembull, n\u00eb vend t\u00eb \u201csht\u00ebpia\u201d e shkruan \u201cshpia\u201d, \u201cSerbia\u201d me \u201cS\u00ebrbia\u201d, e t\u00eb ngjashme, por q\u00eb na mban\u00eb vazhdimisht p\u00ebrgjat\u00eb gjith\u00eb leximit n\u00eb kurreshtje ekskurzioniste. Me disa lexues t\u00eb k\u00ebtij libri q\u00eb pata mund\u00ebsi t\u00eb nd\u00ebrveproj s\u00eb komentuari, kan\u00eb nj\u00eb p\u00ebrshtypje disi unike: libri lexohet me nj\u00eb frym\u00eb! Vllau im m\u00eb tha: Avni, goxha moti s\u2019kam lexuar libra p\u00ebrve\u00e7 literatur\u00ebs s\u00eb domosdoshme universitare, por k\u00ebt\u00eb lib\u00ebr pasha Zotin e kam lexuar nga m\u00ebngjesi e deri n\u00eb mbr\u00ebmje!<\/p>\n<p><img decoding=\"async\" style=\"margin-left: 10px; margin-right: 10px; border: 0px;\" src=\"http:\/\/www.shkoder.net\/images\/fjala\/ademaci.jpg\" border=\"0\" alt=\"Adem Dema\u00e7i\" width=\"150\" align=\"left\" \/><\/p>\n<p>Dhe un\u00eb nuk jam p\u00ebrjashtim nga ky konstatim psiko-emotiv gjat\u00eb t\u00eb t\u00eb lexuarit t\u00eb k\u00ebtij libri. Librin t\u00eb them t\u00eb drejt\u00ebn nuk e bleva, por e mora huazim nga nj\u00eb mike ime dhe tani e kam g\u00ebnjyer se m\u00eb ka humbur, nd\u00ebrkaq un\u00eb e kam vendosur n\u00eb sirtarin tim bibliotekar dhe s\u2019ka mund\u00ebsi assesi t\u2019ia kthej. P\u00ebr nj\u00eb arsye t\u00eb vetme: jam k\u00ebnaqur s\u00eb lexuari dhe nuk do t\u00eb blej lib\u00ebr t\u00eb ri p\u00ebr ta kujtuar k\u00ebt\u00eb k\u00ebnaq\u00ebsi leximi! Tek e fundit, t\u00eb vjedh\u00ebsh libra \u00ebsht\u00eb disa e falshme p\u00ebrkund\u00ebr plot\u00ebsimit t\u00eb nj\u00eb kushti a priori etik: kur ta vjedh\u00ebsh nj\u00eb lib\u00ebr, m\u00ebkati falet n\u00ebse e keni lexuar, e jo vendosur p\u00ebr zbukurim n\u00eb dollap apo n\u00ebse e keni shitur p\u00ebr t\u00eb luajtur bastore!!!<\/p>\n<p>T\u00eb arrish ta shkruash librin n\u00eb k\u00ebt\u00eb m\u00ebnyr\u00eb, form\u00eb, stil, gjuh\u00eb, p\u00ebrmbajtje, kronologji, e t\u00eb ngjashme dhe ta b\u00ebsh p\u00ebr vete lexuesin e ta t\u00ebrheq\u00ebsh detyruesh\u00ebm p\u00ebr t\u00eb mos u shk\u00ebputur nga leximi total libror, qoft\u00eb edhe brenda nj\u00eb dite t\u00eb vetme, qoft\u00eb kjo edhe indoktrinuese, ia vlen t\u00eb merret v\u00ebrtet\u00eb seriozisht!<\/p>\n<p><strong>Pak fjal\u00eb p\u00ebr t\u00eb pak\u00ebnaqurit e k\u00ebtij libri<\/strong><\/p>\n<p>T\u00eb gjith\u00eb ata q\u00eb m\u00eb kan\u00eb rastisur t\u2019i takoja dhe kund\u00ebrshtojn\u00eb botimin e k\u00ebtij libri, sakaq pak z\u00ebra d\u00ebgjova se d\u00ebshirojn\u00eb edhe bojkotin e k\u00ebtij libri, mendojn\u00eb se autori Shk\u00eblzen Gashi e ka tradhtuar apo mashtruar vet\u00eb protagonistin biografik t\u00eb librit, pasi q\u00eb vet\u00eb Gashi kishte th\u00ebn\u00eb publikisht se z. Dema\u00e7i i kishte k\u00ebrkuar se, \u201cpara se ta botoni, do t\u00eb duhej t\u00eb m\u00eb konsultoni p\u00ebrs\u00ebri p\u00ebr p\u00eblqimin tim biografik\u2026\u201d (lexo: tekstualisht). Po ashtu, k\u00ebta kund\u00ebrshtar\u00eb q\u00eb spontanisht i \u00e7ak\u00ebrdova n\u00eb dialog rreth k\u00ebtij libri thon\u00eb se, Xeni (lexo: Shk\u00eblzen Gashi) ka treguar nguti djaloshare p\u00ebr guxim, duke u munduar t\u00eb identifikohet me ikon\u00ebn m\u00eb t\u00eb guximshme nacionale t\u00eb gjysm\u00ebs s\u00eb dyt\u00eb t\u00eb shekullit XX e k\u00ebndej (lexo: Adem Dema\u00e7i), duke e krahasuar me hir apo pahir vetveten me dik\u00eb n\u00eb nivel t\u00eb lart\u00eb simbolik e psikologjik n\u00eb pik\u00ebpamje t\u00eb karakterit t\u00eb guximsh\u00ebm nacional shqiptar. Duke u rrekur analogjikisht n\u00eb inkoshienc\u00ebn e tij me nj\u00eb personalitet me nam nacional e global, ka dashur q\u00eb n\u00eb \u201caf\u00ebrsi\u201d t\u00eb nj\u00eb \u201cpersonazhi t\u00eb madh\u00ebrish\u00ebm antropologjik\u201d si\u00e7 \u00ebsht\u00eb Dema\u00e7i me gjith\u00eb ato vepra guximi e \u00e7mimi, t\u00eb realizoj\u00eb bonuse psikologjike autoriale.<\/p>\n<p>Duke u krekosur ka krijuar nj\u00eb ekuivalenc\u00eb psikologjike me guximin e Dema\u00e7it duke pandeh se, n\u00ebse Dema\u00e7i ka pasur guxim ta kund\u00ebrshtoj\u00eb nj\u00eb makineri megagresive si\u00e7 ishte regjimi jugosllav, at\u00ebher\u00eb edhe un\u00eb kam guxim ta kund\u00ebrshtoj k\u00ebt\u00eb personazh kur \u00ebsht\u00eb fjala q\u00eb t\u00eb mos botohen disa gj\u00ebra q\u00eb i ka th\u00ebn\u00eb edhe vet\u00eb ai. Pra, goditet \u201cmetaguximi\u201d i Xenit nga introjektimi psikologjik karakterual i guximit t\u00eb provuar praktikisht t\u00eb Bac\u00ebs Adem p\u00ebr dekada me radh\u00eb. Ky \u201cspiriunci\u201d (lexo: ngjyrosje cil\u00ebsore negative nga pezmi p\u00ebr shp\u00ebrfaqjen e tij t\u00eb guximit p\u00ebr t\u2019u krahasuar me guximin e Dema\u00e7it n\u00eb cil\u00ebsi dhe intensitet emotiv e karakterual) del e na trumbeton pad\u00ebgjueshm\u00ebrin\u00eb ndaj Bac\u00ebs Adem!<\/p>\n<p>Tjet\u00ebr arsye e mundshme p\u00ebr ta kund\u00ebrshtuar k\u00ebt\u00eb lib\u00ebr \u00ebsht\u00eb ngjyrosja politike e pamohueshme p\u00ebr disa personazhe t\u00eb jet\u00ebs son\u00eb institucionale, t\u00eb cilat pjes\u00eb leximi patjet\u00ebr q\u00eb kan\u00eb impaktet e tyre politike dhe elektorale p\u00ebr imazhin e disa figurave t\u00eb PDK-s\u00eb, LDK-s\u00eb, etj., t\u00eb cil\u00ebt aktualisht kan\u00eb edhe pushtetin shtet\u00ebror. Si duket ka ndikuar prototipi anektodik shqiptar q\u00eb sugjeron se n\u00eb interesin nacional ndonj\u00ebher\u00eb nuk \u00ebsht\u00eb e \u201cv\u00ebrteta shkencore\u201d, por \u201ce v\u00ebrteta politike pragmatike nacionale\u201d. \u00c7far\u00eb do t\u00eb thot\u00eb kjo? N\u00ebse ndonj\u00eb figur\u00eb e njohur e Qeveris\u00eb s\u00eb Kosov\u00ebs ka qen\u00eb katod\u00eb kontribuese mbi vlerat e luft\u00ebs, at\u00ebher\u00eb serb\u00ebt e shohin si \u201cterrorist\u201d dhe u atribuojn\u00eb tipare mafioze udh\u00ebheq\u00ebsve t\u00eb institucioneve t\u00eb Republik\u00ebs s\u00eb Kosov\u00ebs dhe kjo do t\u00eb ndikonte negativisht n\u00eb imazhin e lider\u00ebve kosovar\u00eb. Pra, \u201cdreqi yt \u00ebsht\u00eb m\u00eb i mir\u00eb se nj\u00eb melaqe e huaj!!!\u201d.<\/p>\n<p>N\u00eb k\u00ebt\u00eb kontekst t\u00eb etnopsikologjis\u00eb zem\u00ebruese dhe endo-nacionaliste (sikur endogamia, ku antar\u00ebt e bashk\u00ebsis\u00eb sociologjike imponojn\u00eb rregullat e martes\u00ebs brenda bashk\u00ebsis\u00eb, e kund\u00ebrta e ekzogamis\u00eb), rezulton se gabimi i Xenit nuk ishte aq joshkencor apo objektiv, por politik. P\u00ebr \u00e7\u2019arsye politik? Tani n\u00eb proceset e ndjeshme politike t\u00eb shtetit t\u00eb Kosov\u00ebs, ne i dim\u00eb ca gj\u00ebra t\u00eb hidhura p\u00ebr personalitetet q\u00eb drejtojn\u00eb shoq\u00ebrin\u00eb kosovare, por q\u00eb duhet t\u2019i mbulojm\u00eb p\u00ebr shkak t\u00eb inateve dhe fqinj\u00ebve agresiv, e sidomos p\u00ebr shkakin kryesor se, Serbia gjithmon\u00eb ka dashur t\u2019i njollos\u00eb vlerat e U\u00c7K-s\u00eb, duke i em\u00ebrtuar si terrorist\u00eb, mafioz\u00eb, etj. dhe do t\u00eb g\u00ebzohej Serbia sikur t\u00eb kuptonte se vet\u00eb shqiptar\u00ebt kosovar\u00eb po e kuptuakan tash me k\u00ebt\u00eb lib\u00ebr madje edhe zyrtarisht se, vet\u00eb Adem Dema\u00e7i si ikonografi e shqiptarizmit t\u00eb guximsh\u00ebm, po u shpjegon popullit t\u00eb vet se ish-komandant\u00ebt e zyrtar\u00eb t\u00eb U\u00c7K-s\u00eb, jan\u00eb hapur mafioz\u00eb. Ky lib\u00ebr sipas disa lin\u00e7uesve t\u00eb z\u00ebsh\u00ebm t\u00eb botimit n\u00eb fjal\u00eb, nuk ka pasur q\u00ebllim shp\u00ebrndarjen e t\u00eb v\u00ebrtet\u00ebs s\u00eb jet\u00ebs dhe veprimtaris\u00eb s\u00eb Adem Dema\u00e7it, por p\u00ebr t\u00eb fark\u00ebtuar ngritjen e librit n\u00eb senzacion medietik, kontravers dhe komercial.<\/p>\n<p>E s\u00eb fundi, p\u00ebr t\u2019i rritur vlerat e veta personale vet\u00eb autori i k\u00ebsaj biografie. T\u00eb tjer\u00eb q\u00eb mund t\u00eb gjesh n\u00eb mospajtim me k\u00ebt\u00eb lib\u00ebr \u00ebsht\u00eb se, Shk\u00eblzen Gashi do t\u00eb duhej \u2013 sipas tyre &#8211; t\u00eb gjente m\u00eb shum\u00eb burime informacioni p\u00ebr sjelljet, pik\u00ebpamjet, mendimet, idet\u00eb, veprat, etj., t\u00eb Bac\u00ebs Adem, sesa vet\u00ebm dokumentacionet dhe deklaratat e gjurmuara nga goja e Dema\u00e7it.<\/p>\n<p>P\u00ebr t\u00eb marr\u00eb informacione p\u00ebr biografin\u00eb e nj\u00eb personaliteti, nuk duhet d\u00ebgjuar vet\u00ebm aspektet publicistike t\u00eb th\u00ebna n\u00eb jet\u00ebn medietike, por edhe dialogjeve private e t\u00eb pakontrolluara miq\u00ebsore nd\u00ebrmjet bashk\u00ebshoq\u00ebruesve t\u00eb tij, flet\u00ebl\u00ebshimeve gjyq\u00ebsore e zyrtare, shoq\u00ebruesve t\u00eb Bac\u00ebs Adem n\u00eb burgje, personaliteteve politike q\u00eb jan\u00eb p\u00ebrmendur dhe postuar me foto n\u00eb lib\u00ebr, etj. Kjo biografi do t\u00eb duhej plot\u00ebsuar jo vet\u00ebm nga metodologjia e rr\u00ebfimit personal biografik, as vet\u00ebm t\u00eb sh\u00ebnimit t\u00eb deklaratave t\u00eb koh\u00ebs e shtypit p\u00ebr gj\u00ebrat q\u00eb kan\u00eb th\u00ebn\u00eb Dema\u00e7i, pra introspeksioni duhej plot\u00ebsuar edhe m\u00eb shum\u00eb nga narracionet e personazheve t\u00eb tjer\u00eb, metod\u00ebn krahasimtare t\u00eb deklaratave t\u00eb atyre p\u00ebr t\u00eb cilat flet Dema\u00e7i, e jo qend\u00ebrsim t\u00eb lart\u00eb t\u00eb t\u00eb th\u00ebnave t\u00eb subjektit biografik.<\/p>\n<p><strong>Tipologjia e kund\u00ebrshtar\u00ebve t\u00eb librit<\/strong><\/p>\n<p>Ka qen\u00eb nj\u00eb p\u00ebrshtypje e p\u00ebrgjithshme nga kultura e thashethemave t\u00eb oralit kosovar se, fundamentalist\u00ebt rugovist\u00eb, nuk e kan\u00eb \u00e7muar asnj\u00ebher\u00eb sa duhet Bac\u00ebn Adem p\u00ebr shkak t\u00eb opinioneve dhe q\u00ebndrimeve jo t\u00eb favorshme t\u00eb Dema\u00e7it mbi politik\u00ebn rugoviane dhe Rugov\u00ebn, sidomos pas vitit 1995. Jo vet\u00ebm nuk e kan\u00eb vler\u00ebsuar, por edhe e kan\u00eb gjykuar ashp\u00ebr p\u00ebr sjelljen e tij kundrejt ish-presidentit Rugova. Madje, disa thon\u00eb se, kush e lexon k\u00ebt\u00eb lib\u00ebr, n\u00ebse \u00ebsht\u00eb lexues i pasionuar rugovian, at\u00ebher\u00eb do ta n\u00ebnvler\u00ebsoj\u00eb edhe vet\u00eb librin kushtuar Bac\u00ebs Adem. Nga kjo na del tipologjia e lexuesve t\u00eb cil\u00ebt mund t\u00eb mos e p\u00eblqejn\u00eb k\u00ebt\u00eb lib\u00ebr:<\/p>\n<p>&#8211; Radikal\u00ebt rugovist\u00eb, p\u00ebr t\u00eb cil\u00ebt \u00e7do person, qoft\u00eb ky edhe me ndikim t\u00eb jasht\u00ebzakonsh\u00ebm n\u00eb rrjedhat gjith\u00ebkomb\u00ebtare e politike n\u00eb historin\u00eb m\u00eb t\u00eb re t\u00eb Republik\u00ebs s\u00eb Kosov\u00ebs, q\u00eb ka kund\u00ebrshtuar apo edhe satirizuar veprimtarin\u00eb politike t\u00eb ish-presidentit Ibrahim Rugova, apo q\u00eb kan\u00eb qen\u00eb edhe anti-rugovist, madje vet\u00ebm p\u00ebr ca momente politike t\u00eb pas \u201995-t\u00ebs, ose gjat\u00eb viteve \u201997 &#8211; \u201999, ose p\u00ebr p\u00ebrshkrimin e akteve t\u00eb U\u00c7K\u2019s\u00eb si \u201cdor\u00eb e zgjatur e UDB-s\u00eb ose Serbis\u00eb!\u201d, jan\u00eb sentimental dhe nuk arrijn\u00eb dot t\u00eb gjykojn\u00eb drejt\u00eb dhe n\u00eb m\u00ebnyr\u00eb objektive librin e Shk\u00eblzen Gashit;<\/p>\n<p>&#8211; PDK-ist\u00ebt, AAK-ist\u00ebt, t\u00eb cil\u00ebt i shohin lider\u00ebt e PDK-s\u00eb dhe AAK-s\u00eb, si Hashim Tha\u00e7in e Ramush Haradinaj si personalitete me integritet t\u00eb lart\u00eb moral e politik dhe me nj\u00eb trash\u00ebgimi t\u00eb pasur \u00e7lirimtare. \u201cHashim Tha\u00e7i \u00ebsht\u00eb mafioz i kulluar sepse ai po ngritet kund\u00ebr VET\u00cbVENDOSJE!-s, e cila po lufton t\u2019i mbroj\u00eb interesat e k\u00ebtij populli. Ramush Haradinaj \u00ebsht\u00eb i ndotur me lloj-lloj mafioz\u00ebsh\u2026\u201d (f.205) . Deklarata e printuar e Dema\u00e7it n\u00eb k\u00ebt\u00eb lib\u00ebr nga Gashi, e cila \u00ebsht\u00eb deklaruar pas 10 shkurtit 2007, p\u00ebr shkak t\u00eb karakterit t\u00eb ndjesh\u00ebm politik dhe vrasjes s\u00eb r\u00ebnd\u00eb t\u00eb Xheladinit dhe Balaj, tregon p\u00ebr nj\u00eb faksimile t\u00eb v\u00ebshtir\u00eb deskriptive e negative mbi k\u00ebto personazhe t\u00eb jet\u00ebs politike aktuale n\u00eb Kosov\u00eb.<\/p>\n<p>&#8211; Nacionalist\u00ebt shqiptar\u00eb emotiv t\u00eb Kosov\u00ebs, t\u00eb cil\u00ebt nuk d\u00ebshirojn\u00eb t\u00eb tregojn\u00eb t\u00eb \u201cv\u00ebrteta shkencore historike\u201d, por t\u00eb \u201cv\u00ebrteta politike\u201d, me theks t\u00eb ve\u00e7ant\u00eb ruajtjen me ngulm t\u00eb vler\u00ebsimeve pozitive p\u00ebr t\u00eb gjith\u00eb individ\u00ebt q\u00eb kan\u00eb background nga lufta heroike \u00e7lirimtare. K\u00ebta do ta kund\u00ebshtojn\u00eb librin kur kuptojn\u00eb se nj\u00eb djalosh i ri, apo q\u00eb shprehen me atribuime t\u00eb sojit &gt;, ka tradh\u00ebtuar Bac\u00ebn Adem dhe ne duhet ta \u201ctradh\u00ebtojm\u00eb\u201d me bojkotimin e k\u00ebtij libri. Pse keni shkuar n\u00eb promovimin e librit t\u00eb till\u00eb? A e dini se keni shkuar p\u00ebr ta mb\u00ebshtetur \u201cJud\u00ebn\u201d e Bac\u00ebs Adem q\u00eb \u00ebsht\u00eb piemont i vlerave komb\u00ebtare? Pse keni marr\u00eb pjes\u00eb n\u00eb promovimin e librit q\u00eb mashtroi pabesisht vet\u00eb njeriun p\u00ebr t\u00eb cilin b\u00ebn fjal\u00eb autori?! Pse nuk i ka hequr ato pjes\u00eb q\u00eb i ka th\u00ebn\u00eb Baca Adem nga libri, pavar\u00ebsisht s\u00eb v\u00ebrtet\u00ebs s\u00eb fjal\u00ebve t\u00eb tij, sepse ai (lexo: Baca Adem) e ka ditur se nuk \u00ebsht\u00eb mir\u00eb p\u00ebr \u201ckoh\u00ebn\u201d dhe p\u00ebr interesin kolektiv komb\u00ebtar t\u00eb Republik\u00ebs s\u00eb Kosov\u00ebs t\u00eb editohen disa vler\u00ebsime p\u00ebr disa momente dhe figura t\u00eb sotme politike kosovare? A m\u00eb i men\u00e7ur \u00ebsht\u00eb Shk\u00eblzen Gashi apo Adem Dema\u00e7i se cilat gj\u00ebra duhet botuar e cilat jo?!!! Pra, jan\u00eb disa nga k\u00ebto pyetje q\u00eb dalin nga ky pez\u00ebm i panevojsh\u00ebm emocional t\u00eb disa syresh prej nesh, p\u00ebrkitazi p\u00ebr botimin e paautorizuar biografik, \u201cBiografi e pauatiorizuar e Adem Dema\u00e7it\u201d.<\/p>\n<p><strong>Portreti i Dema\u00e7it<\/strong><\/p>\n<p>E pranoj se shum\u00eb informacione i kam marr\u00eb nga ky lib\u00ebr dhe m\u00eb \u00ebsht\u00eb b\u00ebr\u00eb m\u00eb e qart\u00eb periudha e zhvillimeve politike t\u00eb historis\u00eb m\u00eb t\u00eb re kosovare. E pranoj se Adem Dema\u00e7in e vler\u00ebsoj jasht\u00ebzakonisht m\u00eb shum\u00eb sidomos pas leximit t\u00eb k\u00ebtij libri dhe deklaratave t\u00eb tij tep\u00ebr t\u00eb guximshme p\u00ebr koh\u00ebn dhe tep\u00ebr k\u00ebmb\u00ebngul\u00ebse e antikonformiste me frym\u00ebn e koh\u00ebs s\u00eb ashp\u00ebr t\u00eb ish-regjimit jugosllav e serb. E pranoj se nuk kam lexuar q\u00eb moti nj\u00eb lib\u00ebr t\u00eb lezetsh\u00ebm t\u00eb autor\u00ebve shqiptar\u00eb, informues, simpatik, t\u00ebrheq\u00ebs, t\u00eb leht\u00eb p\u00ebr ta konsumuar. E pranoj se pak libra t\u00eb autor\u00ebve vendor\u00eb i kam lexuar aq shpejt\u00eb me gjith\u00eb k\u00ebto faqe. E pranoj se libri ka nj\u00eb dizajn dhe format bukurosh teknik dhe me ngjyra q\u00eb t\u00eb g\u00ebrhatin n\u00eb orbit\u00ebn e tyre. E pranoj se rrall\u00eb mund t\u00eb shoh personalitete me k\u00ebt\u00eb CV si e Bac\u00ebs Adem.<\/p>\n<p>E pranoj se nuk e kisha njohur m\u00eb par\u00eb aq shum\u00eb Adem Dema\u00e7in. E pranoj se asnj\u00eb lib\u00ebr m\u00eb par\u00eb nuk m\u00eb ka intriguar m\u00eb shum\u00eb p\u00ebr ta njohur Dema\u00e7in sesa ky lib\u00ebr. E pranoj se vllau im nuk lexon aq libra dhe se ky lib\u00ebr i ka l\u00ebn\u00eb mbresa t\u00eb thella ndjenjore dhe m\u00eb \u00e7ukitka gjersa jam duke shkruar k\u00ebta rreshta fjalish se, \u201cTep\u00ebr bre m\u00eb ka rr\u00ebnqethur libri dhe Bac\u00ebn Adem fare nuk e paskemi njohur m\u00eb par\u00eb!\u201d. E pranoj se t\u00eb t\u00eb shkruarit e biografis\u00eb \u00ebsht\u00eb \u00e7\u00ebshtje e v\u00ebshtir\u00eb dhe asnj\u00ebher\u00eb nuk duhet ndalur me pak burime informacionesh, por vet\u00ebm nj\u00eb strukturim i till\u00eb informacionesh na b\u00ebn legjitim n\u00eb kognicionin ndaj Dema\u00e7it. E pranoj se ka v\u00ebrejtje, kritika dhe p\u00ebrngutje t\u00eb autorit kur nuk e ruajti modestin\u00eb t\u00eb krahasohet me antikonformizmin e Dema\u00e7it dhe t\u00ebrheqjen analoge t\u00eb guximit t\u00eb tij me t\u00eb t\u00eb p\u00ebrmendurin n\u00eb fjal\u00eb gjat\u00eb promovimit se, \u201cN\u00ebse Adem Dema\u00e7i nuk i d\u00ebgjoi urdh\u00ebresat e ndalesat, as un\u00eb nuk do t\u2019i bindem diktatit t\u00eb tij p\u00ebr heqjen e disa elementeve t\u00eb th\u00ebna!\u201d(lexo: tekstualisht). E pranoj se qysh e di un\u00eb, edhe UNIKOMBI e ka p\u00ebrkrahur U\u00c7K-n\u00eb at\u00ebbot\u00eb, e jo vet\u00ebm si\u00e7 shkruan Shk\u00eblzeni: \u201cPPK-ja \u00ebsht\u00eb e vetmja parti politike q\u00eb e p\u00ebrkrah publikisht U\u00c7K-n\u00eb dhe q\u00eb\u2026\u201d (f. 139).<\/p>\n<p><strong>R\u00ebnd\u00ebsia e librit<\/strong><\/p>\n<p>Ky lib\u00ebr do t\u00eb jet\u00eb referenc\u00eb e r\u00ebnd\u00ebsishme p\u00ebr t\u00eb diskutuar p\u00ebr zhvillimet politike t\u00eb periudh\u00ebs s\u00eb fundit n\u00eb Kosov\u00eb. Nxitja e diskursit dhe debatit mbi rolin e figurave t\u00eb ve\u00e7anta politike kosovare, e ve\u00e7mas t\u00eb Dema\u00e7it, Rugov\u00ebs, etj., do t\u00eb jet\u00eb e mir\u00ebserardhur nga nxjerrja n\u00eb drit\u00eb e k\u00ebtij libri t\u00eb Gashit. Do t\u00eb ket\u00eb dobi t\u00eb jasht\u00ebzakonshme ky lib\u00ebr meq\u00eb do t\u00eb sh\u00ebrbej\u00eb si nxit\u00ebs i t\u00eb t\u00eb shkruarit t\u00eb biografive t\u00eb t\u00eb tjer\u00ebve, e ve\u00e7mas t\u00eb nj\u00eb personaliteti pa t\u00eb cilin nuk mund t\u00eb kuptohen shum\u00eb momente politike pas viteve t\u00eb \u201990-ta e gjer n\u00eb vitet e fillimshekullit XXI, si\u00e7 ishte ish-presidenti pacifist, Ibrahim Rugova. Libri do t\u00eb ket\u00eb efekte pozitive p\u00ebr t\u00eb hapur disa tema e n\u00ebntema t\u00eb cilat jan\u00eb p\u00ebrmbyllur episodikisht dhe sporadikisht p\u00ebr shkak t\u00eb rrethanave sensitive n\u00ebp\u00ebr t\u00eb cilat ka kaluar Kosova gjat\u00eb viteve t\u00eb para\u00e7lirimit dhe post\u00e7lirimit. Do t\u00eb sh\u00ebrbej\u00eb si dokument i vlefsh\u00ebm p\u00ebr t\u00eb rropatur me idet\u00eb dhe qasjet e ndryshme q\u00eb kishin subjektet politike n\u00eb Kosov\u00eb p\u00ebr t\u00eb ardhur gjer n\u00eb k\u00ebt\u00eb pozicion politik p\u00ebr Kosov\u00ebn si shtet t\u00eb pavarur.<\/p>\n<p>Me k\u00ebt\u00eb lib\u00ebr, portreti e Dema\u00e7it del sa kontravers, por edhe m\u00eb tep\u00ebr me cil\u00ebsi hiperpozitive, komb\u00ebtariste, personalitet tej-unik, vizionar, obsesivo-shqiptarist, i pal\u00ebkundur n\u00eb regjimin e tmerrsh\u00ebm p\u00ebr idet\u00eb e tij, me cil\u00ebsi t\u00eb rralla t\u00eb guximit t\u00eb asaj kohe t\u00eb mosguximit, me aft\u00ebsi t\u00eb jasht\u00ebzakonshme p\u00ebr mbijetes\u00eb dhe p\u00ebr t\u00eb gjetur shpres\u00eb p\u00ebr t\u00eb jetuar, me nd\u00ebrtim personaliteti q\u00eb nuk mund t\u00eb shum\u00ebzohet leht\u00eb as me klonimin e mjek\u00ebsis\u00eb bashk\u00ebkohore, me asete komb\u00ebtare heroike specifike\u2026P\u00ebrkund\u00ebr ideve t\u00eb Konfederat\u00ebs s\u00eb Vog\u00ebl, t\u00eb Mesme, t\u00eb Madhe, \u201cBallkania\u201d, q\u00eb nuk ishte p\u00ebrkrahur as nga opinioni i gjer\u00eb, idet\u00eb e Dema\u00e7it t\u00eb ngash\u00ebnjejn\u00eb akoma kur matet me kutin e koh\u00ebs. E pranoj se \u00ebsht\u00eb v\u00ebshtir\u00eb t\u00eb gjesh nj\u00eb q\u00ebndrim t\u00eb till\u00eb sikur t\u00eb Bac\u00ebs Adem n\u00eb aso kushtesh dhe fiksimin p\u00ebr paqe e qytetari, madje p\u00ebrmendje t\u00eb avokatis\u00eb popullit serb dhe minimin e stereotipizimit mbi p\u00ebrgjith\u00ebsimin e serb\u00ebve si t\u00eb k\u00ebqij dhe ndarjen e popullit nga regjimi qeveris\u00ebs. N\u00eb koh\u00ebn kur nacionalizmi shqiptar duhej arsyetuar relativisht edhe n\u00eb tipare hakmarrjeje, pik\u00ebpamjet e Dema\u00e7it p\u00ebr ruajtjen e gjak\u00ebftoht\u00ebsis\u00eb ndaj serb\u00ebve civil\u00eb, jan\u00eb p\u00ebr t\u2019u admiruar. Dhe vet\u00eb fakti i marrjes s\u00eb \u00e7mimeve nd\u00ebrkomb\u00ebtare p\u00ebr paqe flet p\u00ebr nj\u00eb fakt t\u00eb pamohuesh\u00ebm t\u00eb vetive t\u00eb karakterit t\u00eb tij: paqedash\u00ebs dhe me q\u00ebndres\u00eb t\u00eb pashoqe.<\/p>\n<p>\u201dT\u00eb m\u00ebdhenjt duhet t\u2019i njohim p\u00ebr t\u2019i \u00e7muar.\u201d Rasti i Demacit e provon k\u00ebt\u00eb sentenc\u00eb time. Botimi dhe leximi i librit t\u00eb Gashit m\u00eb nxiti ta shkruaj k\u00ebt\u00eb sentenc\u00eb. Kah ta sjell\u00ebsh, aplaudim p\u00ebr Xenin edhe kur ta kritikojm\u00eb edhe kur e k\u00ebshillojm\u00eb p\u00ebr urt\u00ebsi dhe jo eufori! Xeni nuk \u00ebsht\u00eb \u201cdjelmoshat e rreziksh\u00ebm\u201d. N\u00ebse nuk m\u00eb besoni mua, kund\u00ebrshtar\u00ebt e librit t\u00eb tij le ta pyesin Halil Budakov\u00ebn!<\/p>\n<p>* <em>N\u00ebse gjeni emocionalitet n\u00eb k\u00ebt\u00eb shkrim, mir\u00ebnjohja i takon leximit t\u00eb librit simpatik dhe q\u00ebndres\u00ebs s\u00eb jasht\u00ebzakonshme nga jeta e personalitetit t\u00eb Bac\u00ebs Adem.<\/em><\/p>\n","protected":false},"excerpt":{"rendered":"<p>&#8212; lib\u00ebr nga Shk\u00eblzen GASHI Pak fjal\u00eb p\u00ebrgjith\u00ebsuese p\u00ebr librin Struktura dhe i gjith\u00eb teksti i librit \u201cAdem Dema\u00e7i \u2013 biografi e paautorizuar\u201d p\u00ebrb\u00ebhet nga nj\u00eb gjuh\u00eb narrative e superzakonshme dhe mjaft gravituese. Me ca fjala t\u00eb geg\u00ebrizuara a la kosovar\u00e7e nga shqiptimi oral kosovar si p\u00ebr shembull, n\u00eb vend t\u00eb \u201csht\u00ebpia\u201d e shkruan \u201cshpia\u201d, [&hellip;]<\/p>\n","protected":false},"author":1,"featured_media":0,"comment_status":"open","ping_status":"closed","sticky":false,"template":"","format":"standard","meta":{"footnotes":""},"categories":[2],"tags":[],"class_list":{"0":"post-2359","1":"post","2":"type-post","3":"status-publish","4":"format-standard","6":"category-artikuj"},"yoast_head":"<!-- This site is optimized with the Yoast SEO plugin v27.4 - https:\/\/yoast.com\/product\/yoast-seo-wordpress\/ -->\n<title>P\u00ebrshtypje emergjente nga libri: &#039;Biografi e paautorizuar e Adem Dema\u00e7it&#039; - FjALA e LIR\u00cb - Arkivi<\/title>\n<meta name=\"robots\" content=\"index, follow, max-snippet:-1, max-image-preview:large, max-video-preview:-1\" \/>\n<link rel=\"canonical\" href=\"https:\/\/fjala.info\/2009-2015\/pershtypje-emergjente-nga-libri-biografi-e-paautorizuar-e-adem-demacit\/\" \/>\n<meta property=\"og:locale\" content=\"sq_AL\" \/>\n<meta property=\"og:type\" content=\"article\" \/>\n<meta property=\"og:title\" content=\"P\u00ebrshtypje emergjente nga libri: &#039;Biografi e paautorizuar e Adem Dema\u00e7it&#039; - FjALA e LIR\u00cb - Arkivi\" \/>\n<meta property=\"og:description\" content=\"&#8212; lib\u00ebr nga Shk\u00eblzen GASHI Pak fjal\u00eb p\u00ebrgjith\u00ebsuese p\u00ebr librin Struktura dhe i gjith\u00eb teksti i librit \u201cAdem Dema\u00e7i \u2013 biografi e paautorizuar\u201d p\u00ebrb\u00ebhet nga nj\u00eb gjuh\u00eb narrative e superzakonshme dhe mjaft gravituese. Me ca fjala t\u00eb geg\u00ebrizuara a la kosovar\u00e7e nga shqiptimi oral kosovar si p\u00ebr shembull, n\u00eb vend t\u00eb \u201csht\u00ebpia\u201d e shkruan \u201cshpia\u201d, [&hellip;]\" \/>\n<meta property=\"og:url\" content=\"https:\/\/fjala.info\/2009-2015\/pershtypje-emergjente-nga-libri-biografi-e-paautorizuar-e-adem-demacit\/\" \/>\n<meta property=\"og:site_name\" content=\"FjALA e LIR\u00cb - Arkivi\" \/>\n<meta property=\"article:published_time\" content=\"2010-04-25T15:40:18+00:00\" \/>\n<meta property=\"og:image\" content=\"http:\/\/www.shkoder.net\/images\/fjala\/ademaci.jpg\" \/>\n<meta name=\"author\" content=\"admin\" \/>\n<meta name=\"twitter:card\" content=\"summary_large_image\" \/>\n<meta name=\"twitter:label1\" content=\"Written by\" \/>\n\t<meta name=\"twitter:data1\" content=\"admin\" \/>\n\t<meta name=\"twitter:label2\" content=\"Est. reading time\" \/>\n\t<meta name=\"twitter:data2\" content=\"15 minutes\" \/>\n<script type=\"application\/ld+json\" class=\"yoast-schema-graph\">{\"@context\":\"https:\\\/\\\/schema.org\",\"@graph\":[{\"@type\":\"Article\",\"@id\":\"https:\\\/\\\/fjala.info\\\/2009-2015\\\/pershtypje-emergjente-nga-libri-biografi-e-paautorizuar-e-adem-demacit\\\/#article\",\"isPartOf\":{\"@id\":\"https:\\\/\\\/fjala.info\\\/2009-2015\\\/pershtypje-emergjente-nga-libri-biografi-e-paautorizuar-e-adem-demacit\\\/\"},\"author\":{\"name\":\"admin\",\"@id\":\"https:\\\/\\\/fjala.info\\\/2009-2015\\\/#\\\/schema\\\/person\\\/3aa1163ef05469c496fc94e77611ada2\"},\"headline\":\"P\u00ebrshtypje emergjente nga libri: &#8216;Biografi e paautorizuar e Adem Dema\u00e7it&#8217;\",\"datePublished\":\"2010-04-25T15:40:18+00:00\",\"mainEntityOfPage\":{\"@id\":\"https:\\\/\\\/fjala.info\\\/2009-2015\\\/pershtypje-emergjente-nga-libri-biografi-e-paautorizuar-e-adem-demacit\\\/\"},\"wordCount\":3029,\"commentCount\":0,\"publisher\":{\"@id\":\"https:\\\/\\\/fjala.info\\\/2009-2015\\\/#organization\"},\"image\":{\"@id\":\"https:\\\/\\\/fjala.info\\\/2009-2015\\\/pershtypje-emergjente-nga-libri-biografi-e-paautorizuar-e-adem-demacit\\\/#primaryimage\"},\"thumbnailUrl\":\"http:\\\/\\\/www.shkoder.net\\\/images\\\/fjala\\\/ademaci.jpg\",\"articleSection\":[\"Artikuj\"],\"inLanguage\":\"sq-AL\",\"potentialAction\":[{\"@type\":\"CommentAction\",\"name\":\"Comment\",\"target\":[\"https:\\\/\\\/fjala.info\\\/2009-2015\\\/pershtypje-emergjente-nga-libri-biografi-e-paautorizuar-e-adem-demacit\\\/#respond\"]}]},{\"@type\":\"WebPage\",\"@id\":\"https:\\\/\\\/fjala.info\\\/2009-2015\\\/pershtypje-emergjente-nga-libri-biografi-e-paautorizuar-e-adem-demacit\\\/\",\"url\":\"https:\\\/\\\/fjala.info\\\/2009-2015\\\/pershtypje-emergjente-nga-libri-biografi-e-paautorizuar-e-adem-demacit\\\/\",\"name\":\"P\u00ebrshtypje emergjente nga libri: 'Biografi e paautorizuar e Adem Dema\u00e7it' - FjALA e LIR\u00cb - Arkivi\",\"isPartOf\":{\"@id\":\"https:\\\/\\\/fjala.info\\\/2009-2015\\\/#website\"},\"primaryImageOfPage\":{\"@id\":\"https:\\\/\\\/fjala.info\\\/2009-2015\\\/pershtypje-emergjente-nga-libri-biografi-e-paautorizuar-e-adem-demacit\\\/#primaryimage\"},\"image\":{\"@id\":\"https:\\\/\\\/fjala.info\\\/2009-2015\\\/pershtypje-emergjente-nga-libri-biografi-e-paautorizuar-e-adem-demacit\\\/#primaryimage\"},\"thumbnailUrl\":\"http:\\\/\\\/www.shkoder.net\\\/images\\\/fjala\\\/ademaci.jpg\",\"datePublished\":\"2010-04-25T15:40:18+00:00\",\"breadcrumb\":{\"@id\":\"https:\\\/\\\/fjala.info\\\/2009-2015\\\/pershtypje-emergjente-nga-libri-biografi-e-paautorizuar-e-adem-demacit\\\/#breadcrumb\"},\"inLanguage\":\"sq-AL\",\"potentialAction\":[{\"@type\":\"ReadAction\",\"target\":[\"https:\\\/\\\/fjala.info\\\/2009-2015\\\/pershtypje-emergjente-nga-libri-biografi-e-paautorizuar-e-adem-demacit\\\/\"]}]},{\"@type\":\"ImageObject\",\"inLanguage\":\"sq-AL\",\"@id\":\"https:\\\/\\\/fjala.info\\\/2009-2015\\\/pershtypje-emergjente-nga-libri-biografi-e-paautorizuar-e-adem-demacit\\\/#primaryimage\",\"url\":\"http:\\\/\\\/www.shkoder.net\\\/images\\\/fjala\\\/ademaci.jpg\",\"contentUrl\":\"http:\\\/\\\/www.shkoder.net\\\/images\\\/fjala\\\/ademaci.jpg\"},{\"@type\":\"BreadcrumbList\",\"@id\":\"https:\\\/\\\/fjala.info\\\/2009-2015\\\/pershtypje-emergjente-nga-libri-biografi-e-paautorizuar-e-adem-demacit\\\/#breadcrumb\",\"itemListElement\":[{\"@type\":\"ListItem\",\"position\":1,\"name\":\"Home\",\"item\":\"https:\\\/\\\/fjala.info\\\/2009-2015\\\/\"},{\"@type\":\"ListItem\",\"position\":2,\"name\":\"P\u00ebrshtypje emergjente nga libri: &#8216;Biografi e paautorizuar e Adem Dema\u00e7it&#8217;\"}]},{\"@type\":\"WebSite\",\"@id\":\"https:\\\/\\\/fjala.info\\\/2009-2015\\\/#website\",\"url\":\"https:\\\/\\\/fjala.info\\\/2009-2015\\\/\",\"name\":\"FjALA e LIR\u00cb - Arkivi\",\"description\":\"Arkivi 2009-2015\",\"publisher\":{\"@id\":\"https:\\\/\\\/fjala.info\\\/2009-2015\\\/#organization\"},\"potentialAction\":[{\"@type\":\"SearchAction\",\"target\":{\"@type\":\"EntryPoint\",\"urlTemplate\":\"https:\\\/\\\/fjala.info\\\/2009-2015\\\/?s={search_term_string}\"},\"query-input\":{\"@type\":\"PropertyValueSpecification\",\"valueRequired\":true,\"valueName\":\"search_term_string\"}}],\"inLanguage\":\"sq-AL\"},{\"@type\":\"Organization\",\"@id\":\"https:\\\/\\\/fjala.info\\\/2009-2015\\\/#organization\",\"name\":\"FjALA e LIR\u00cb - Arkivi\",\"url\":\"https:\\\/\\\/fjala.info\\\/2009-2015\\\/\",\"logo\":{\"@type\":\"ImageObject\",\"inLanguage\":\"sq-AL\",\"@id\":\"https:\\\/\\\/fjala.info\\\/2009-2015\\\/#\\\/schema\\\/logo\\\/image\\\/\",\"url\":\"\",\"contentUrl\":\"\",\"caption\":\"FjALA e LIR\u00cb - Arkivi\"},\"image\":{\"@id\":\"https:\\\/\\\/fjala.info\\\/2009-2015\\\/#\\\/schema\\\/logo\\\/image\\\/\"}},{\"@type\":\"Person\",\"@id\":\"https:\\\/\\\/fjala.info\\\/2009-2015\\\/#\\\/schema\\\/person\\\/3aa1163ef05469c496fc94e77611ada2\",\"name\":\"admin\",\"image\":{\"@type\":\"ImageObject\",\"inLanguage\":\"sq-AL\",\"@id\":\"https:\\\/\\\/fjala.info\\\/2009-2015\\\/wp-content\\\/uploads\\\/2012\\\/02\\\/arben_cokaj-120x150.jpg\",\"url\":\"https:\\\/\\\/fjala.info\\\/2009-2015\\\/wp-content\\\/uploads\\\/2012\\\/02\\\/arben_cokaj-120x150.jpg\",\"contentUrl\":\"https:\\\/\\\/fjala.info\\\/2009-2015\\\/wp-content\\\/uploads\\\/2012\\\/02\\\/arben_cokaj-120x150.jpg\",\"caption\":\"admin\"},\"description\":\"Admin, Fjala e Lir\u00eb\",\"sameAs\":[\"https:\\\/\\\/fjala.info\\\/\"],\"url\":\"https:\\\/\\\/fjala.info\\\/2009-2015\\\/author\\\/admin\\\/\"}]}<\/script>\n<!-- \/ Yoast SEO plugin. -->","yoast_head_json":{"title":"P\u00ebrshtypje emergjente nga libri: 'Biografi e paautorizuar e Adem Dema\u00e7it' - FjALA e LIR\u00cb - Arkivi","robots":{"index":"index","follow":"follow","max-snippet":"max-snippet:-1","max-image-preview":"max-image-preview:large","max-video-preview":"max-video-preview:-1"},"canonical":"https:\/\/fjala.info\/2009-2015\/pershtypje-emergjente-nga-libri-biografi-e-paautorizuar-e-adem-demacit\/","og_locale":"sq_AL","og_type":"article","og_title":"P\u00ebrshtypje emergjente nga libri: 'Biografi e paautorizuar e Adem Dema\u00e7it' - FjALA e LIR\u00cb - Arkivi","og_description":"&#8212; lib\u00ebr nga Shk\u00eblzen GASHI Pak fjal\u00eb p\u00ebrgjith\u00ebsuese p\u00ebr librin Struktura dhe i gjith\u00eb teksti i librit \u201cAdem Dema\u00e7i \u2013 biografi e paautorizuar\u201d p\u00ebrb\u00ebhet nga nj\u00eb gjuh\u00eb narrative e superzakonshme dhe mjaft gravituese. Me ca fjala t\u00eb geg\u00ebrizuara a la kosovar\u00e7e nga shqiptimi oral kosovar si p\u00ebr shembull, n\u00eb vend t\u00eb \u201csht\u00ebpia\u201d e shkruan \u201cshpia\u201d, [&hellip;]","og_url":"https:\/\/fjala.info\/2009-2015\/pershtypje-emergjente-nga-libri-biografi-e-paautorizuar-e-adem-demacit\/","og_site_name":"FjALA e LIR\u00cb - Arkivi","article_published_time":"2010-04-25T15:40:18+00:00","og_image":[{"url":"http:\/\/www.shkoder.net\/images\/fjala\/ademaci.jpg","type":"","width":"","height":""}],"author":"admin","twitter_card":"summary_large_image","twitter_misc":{"Written by":"admin","Est. reading time":"15 minutes"},"schema":{"@context":"https:\/\/schema.org","@graph":[{"@type":"Article","@id":"https:\/\/fjala.info\/2009-2015\/pershtypje-emergjente-nga-libri-biografi-e-paautorizuar-e-adem-demacit\/#article","isPartOf":{"@id":"https:\/\/fjala.info\/2009-2015\/pershtypje-emergjente-nga-libri-biografi-e-paautorizuar-e-adem-demacit\/"},"author":{"name":"admin","@id":"https:\/\/fjala.info\/2009-2015\/#\/schema\/person\/3aa1163ef05469c496fc94e77611ada2"},"headline":"P\u00ebrshtypje emergjente nga libri: &#8216;Biografi e paautorizuar e Adem Dema\u00e7it&#8217;","datePublished":"2010-04-25T15:40:18+00:00","mainEntityOfPage":{"@id":"https:\/\/fjala.info\/2009-2015\/pershtypje-emergjente-nga-libri-biografi-e-paautorizuar-e-adem-demacit\/"},"wordCount":3029,"commentCount":0,"publisher":{"@id":"https:\/\/fjala.info\/2009-2015\/#organization"},"image":{"@id":"https:\/\/fjala.info\/2009-2015\/pershtypje-emergjente-nga-libri-biografi-e-paautorizuar-e-adem-demacit\/#primaryimage"},"thumbnailUrl":"http:\/\/www.shkoder.net\/images\/fjala\/ademaci.jpg","articleSection":["Artikuj"],"inLanguage":"sq-AL","potentialAction":[{"@type":"CommentAction","name":"Comment","target":["https:\/\/fjala.info\/2009-2015\/pershtypje-emergjente-nga-libri-biografi-e-paautorizuar-e-adem-demacit\/#respond"]}]},{"@type":"WebPage","@id":"https:\/\/fjala.info\/2009-2015\/pershtypje-emergjente-nga-libri-biografi-e-paautorizuar-e-adem-demacit\/","url":"https:\/\/fjala.info\/2009-2015\/pershtypje-emergjente-nga-libri-biografi-e-paautorizuar-e-adem-demacit\/","name":"P\u00ebrshtypje emergjente nga libri: 'Biografi e paautorizuar e Adem Dema\u00e7it' - FjALA e LIR\u00cb - Arkivi","isPartOf":{"@id":"https:\/\/fjala.info\/2009-2015\/#website"},"primaryImageOfPage":{"@id":"https:\/\/fjala.info\/2009-2015\/pershtypje-emergjente-nga-libri-biografi-e-paautorizuar-e-adem-demacit\/#primaryimage"},"image":{"@id":"https:\/\/fjala.info\/2009-2015\/pershtypje-emergjente-nga-libri-biografi-e-paautorizuar-e-adem-demacit\/#primaryimage"},"thumbnailUrl":"http:\/\/www.shkoder.net\/images\/fjala\/ademaci.jpg","datePublished":"2010-04-25T15:40:18+00:00","breadcrumb":{"@id":"https:\/\/fjala.info\/2009-2015\/pershtypje-emergjente-nga-libri-biografi-e-paautorizuar-e-adem-demacit\/#breadcrumb"},"inLanguage":"sq-AL","potentialAction":[{"@type":"ReadAction","target":["https:\/\/fjala.info\/2009-2015\/pershtypje-emergjente-nga-libri-biografi-e-paautorizuar-e-adem-demacit\/"]}]},{"@type":"ImageObject","inLanguage":"sq-AL","@id":"https:\/\/fjala.info\/2009-2015\/pershtypje-emergjente-nga-libri-biografi-e-paautorizuar-e-adem-demacit\/#primaryimage","url":"http:\/\/www.shkoder.net\/images\/fjala\/ademaci.jpg","contentUrl":"http:\/\/www.shkoder.net\/images\/fjala\/ademaci.jpg"},{"@type":"BreadcrumbList","@id":"https:\/\/fjala.info\/2009-2015\/pershtypje-emergjente-nga-libri-biografi-e-paautorizuar-e-adem-demacit\/#breadcrumb","itemListElement":[{"@type":"ListItem","position":1,"name":"Home","item":"https:\/\/fjala.info\/2009-2015\/"},{"@type":"ListItem","position":2,"name":"P\u00ebrshtypje emergjente nga libri: &#8216;Biografi e paautorizuar e Adem Dema\u00e7it&#8217;"}]},{"@type":"WebSite","@id":"https:\/\/fjala.info\/2009-2015\/#website","url":"https:\/\/fjala.info\/2009-2015\/","name":"FjALA e LIR\u00cb - Arkivi","description":"Arkivi 2009-2015","publisher":{"@id":"https:\/\/fjala.info\/2009-2015\/#organization"},"potentialAction":[{"@type":"SearchAction","target":{"@type":"EntryPoint","urlTemplate":"https:\/\/fjala.info\/2009-2015\/?s={search_term_string}"},"query-input":{"@type":"PropertyValueSpecification","valueRequired":true,"valueName":"search_term_string"}}],"inLanguage":"sq-AL"},{"@type":"Organization","@id":"https:\/\/fjala.info\/2009-2015\/#organization","name":"FjALA e LIR\u00cb - Arkivi","url":"https:\/\/fjala.info\/2009-2015\/","logo":{"@type":"ImageObject","inLanguage":"sq-AL","@id":"https:\/\/fjala.info\/2009-2015\/#\/schema\/logo\/image\/","url":"","contentUrl":"","caption":"FjALA e LIR\u00cb - Arkivi"},"image":{"@id":"https:\/\/fjala.info\/2009-2015\/#\/schema\/logo\/image\/"}},{"@type":"Person","@id":"https:\/\/fjala.info\/2009-2015\/#\/schema\/person\/3aa1163ef05469c496fc94e77611ada2","name":"admin","image":{"@type":"ImageObject","inLanguage":"sq-AL","@id":"https:\/\/fjala.info\/2009-2015\/wp-content\/uploads\/2012\/02\/arben_cokaj-120x150.jpg","url":"https:\/\/fjala.info\/2009-2015\/wp-content\/uploads\/2012\/02\/arben_cokaj-120x150.jpg","contentUrl":"https:\/\/fjala.info\/2009-2015\/wp-content\/uploads\/2012\/02\/arben_cokaj-120x150.jpg","caption":"admin"},"description":"Admin, Fjala e Lir\u00eb","sameAs":["https:\/\/fjala.info\/"],"url":"https:\/\/fjala.info\/2009-2015\/author\/admin\/"}]}},"_links":{"self":[{"href":"https:\/\/fjala.info\/2009-2015\/wp-json\/wp\/v2\/posts\/2359","targetHints":{"allow":["GET"]}}],"collection":[{"href":"https:\/\/fjala.info\/2009-2015\/wp-json\/wp\/v2\/posts"}],"about":[{"href":"https:\/\/fjala.info\/2009-2015\/wp-json\/wp\/v2\/types\/post"}],"author":[{"embeddable":true,"href":"https:\/\/fjala.info\/2009-2015\/wp-json\/wp\/v2\/users\/1"}],"replies":[{"embeddable":true,"href":"https:\/\/fjala.info\/2009-2015\/wp-json\/wp\/v2\/comments?post=2359"}],"version-history":[{"count":0,"href":"https:\/\/fjala.info\/2009-2015\/wp-json\/wp\/v2\/posts\/2359\/revisions"}],"wp:attachment":[{"href":"https:\/\/fjala.info\/2009-2015\/wp-json\/wp\/v2\/media?parent=2359"}],"wp:term":[{"taxonomy":"category","embeddable":true,"href":"https:\/\/fjala.info\/2009-2015\/wp-json\/wp\/v2\/categories?post=2359"},{"taxonomy":"post_tag","embeddable":true,"href":"https:\/\/fjala.info\/2009-2015\/wp-json\/wp\/v2\/tags?post=2359"}],"curies":[{"name":"wp","href":"https:\/\/api.w.org\/{rel}","templated":true}]}}