{"id":2352,"date":"2012-04-03T11:32:42","date_gmt":"2012-04-03T10:32:42","guid":{"rendered":"http:\/\/fjala.shkoder.net\/?p=2352"},"modified":"2012-04-03T11:32:42","modified_gmt":"2012-04-03T10:32:42","slug":"deklarate-per-shtyp-e-ish-anetarit-te-asamblese-komunale-te-prizrenit","status":"publish","type":"post","link":"https:\/\/fjala.info\/2009-2015\/deklarate-per-shtyp-e-ish-anetarit-te-asamblese-komunale-te-prizrenit\/","title":{"rendered":"Deklarat\u00eb p\u00ebr Shtyp e ish an\u00ebtarit t\u00eb Asambles\u00eb Komunale t\u00eb Prizrenit"},"content":{"rendered":"<p><img decoding=\"async\" class=\"alignright size-thumbnail wp-image-7236\" title=\"Mr.sc. Nue Oroshi\" src=\"http:\/\/www.shkoder.net\/2012\/nue_oroshi.jpg\" alt=\"\" width=\"150\" \/> <strong>Mr.sc. Nue Oroshi<\/strong><\/p>\n<p><strong>Jap dor\u00ebheqje t\u00eb parevokueshme nga posti i K\u00ebshilltarit Komunal t\u00eb Prizrenit <\/strong><\/p>\n<p>Njoftoj (publikisht) t\u00eb gjitha mjetet e informimit n\u00eb Prizren, por edhe n\u00eb mbar\u00eb Kosov\u00ebn dhe m\u00eb gjer\u00eb, q\u00eb un\u00eb Nue Oroshi, q\u00eb nga sot, m\u00eb 03.04.2012, jap\u00eb dor\u00ebheqje t\u00eb parevokueshme nga detyra e K\u00ebshilltarit Komunal n\u00eb Asamblen\u00eb Komunale t\u00eb Prizrenit. Shkaqet jan\u00eb t\u00eb shumta, dhe k\u00ebto do ti b\u00ebj publike (m\u00eb gjer\u00ebsisht\u00eb) n\u00eb nj\u00eb shkrim m\u00eb t\u00eb gjat\u00eb p\u00ebr opinionin gjith\u00ebshqiptar, por n\u00eb dor\u00ebheqjen time do ti ceku shkurtazi tri prej tyre:<\/p>\n<p>1. Anashkalimi nga investimet dhe projektet kapitale t\u00eb Bashk\u00ebsis\u00eb Lokale t\u00eb Velezh\u00ebs dhe Bashk\u00ebsis\u00eb Lokale t\u00eb Zymit, dy qendrave t\u00eb banuara me shumic\u00eb katolike shqiptare, nga Projektbugjeti trevje\u00e7ar i Komun\u00ebs s\u00eb Prizrenit, aprovuar me 29 Shtator 2011. Dhe mosmarrja parasysh\u00eb e dymb\u00ebdhjet\u00eb k\u00ebrkesave t\u00eb mija t\u00eb dor\u00ebzuara shum\u00eb koh\u00eb m\u00eb par\u00eb n\u00eb Asamblen\u00eb Komunale t\u00eb Prizrenit, ku edhe p\u00ebr tri vite t\u00eb t\u00ebra vazhdon nj\u00eb diskriminim i papar\u00eb n\u00eb Bashk\u00ebsit\u00eb Lokale t\u00eb Velezh\u00ebs dhe n\u00eb at\u00eb t\u00eb Zymit.<\/p>\n<p>2. P\u00ebr shkak t\u00eb orjentimit proaziatik t\u00eb Asambles\u00eb Komuale te Prizrenit, ku mirren parasysh vet\u00ebm projektet q\u00eb kan\u00eb t\u00eb b\u00ebjn\u00eb me shtetet aziatike, e n\u00eb k\u00ebt\u00eb rast me Turqin\u00eb dhe lihen anash dhe bllokohen projektet Evropiane, si\u00e7 ishte projekti im p\u00ebr hapjen e nj\u00eb Zyre t\u00eb Diaspor\u00ebs, dhe nd\u00ebrlidhjen e Kontakteve t\u00eb Komun\u00ebs s\u00eb Prizrenit me Komuna t\u00eb shumta n\u00ebp\u00ebr qytetet e ndryshme t\u00eb Evrop\u00ebs. Ku ky projekt do t\u00eb sillte investime n\u00eb Komun\u00ebn e Prizrenit, si dhe hapjen e shum\u00eb vendeve t\u00eb reja t\u00eb pun\u00ebs p\u00ebr Rinin\u00eb e k\u00ebtij qyteti, q\u00eb, fatkeq\u00ebsisht, sillen t\u00eb pashpres\u00eb rrug\u00ebve t\u00eb Shad\u00ebrvanit.<\/p>\n<p>3. P\u00ebr shkak t\u00eb diskriminimit ndaj historis\u00eb Shqiptare, e konkretisht Lidhjes Shqiptare t\u00eb Prizrenit nga ana e Asamble\u00eb Komunale n\u00eb Prizren, ku me vendimin e dat\u00ebs 22 Dhjetor 2011, t\u00eb k\u00ebsaj Asambleje Komunale me 29 vota pro, hiqet viti 1878 nga Logoja e Kuvendit Komunal, n\u00eb Prizren, vit i cili simbolizon q\u00ebndres\u00ebn shqiptare.<\/p>\n<p><strong>T\u00eb dh\u00ebnat e m\u00ebsip\u00ebrme me shtyn\u00eb n\u00eb padashje p\u00ebr nj\u00eb vendim t\u00eb till\u00eb<\/strong>.<\/p>\n<p>Dor\u00ebheqjen time po e b\u00ebj publike, n\u00eb k\u00ebt\u00eb m\u00ebnyr\u00eb, p\u00ebr faktin se q\u00eb nga data 22 Dhjetor 2011 kam nd\u00ebrprer\u00eb \u00e7do kontakt me Drejtuesit e Asambles\u00eb Komunale n\u00eb Prizren, sepse q\u00eb nga kjo dat\u00eb Asamblen\u00eb Komunale t\u00eb Prizrenit e konsideroj vet\u00ebm nj\u00eb Asamble Komunale e nj\u00eb lagje periferike t\u00eb Stambollit, i cili punon p\u00ebr interesa komplete t\u00eb politik\u00ebs turke dhe p\u00ebr disa vite orjentimi im Per\u00ebndimor ka qen\u00eb penges\u00eb e madhe p\u00ebr k\u00ebt\u00eb Asamble Komunale.<\/p>\n<p>K\u00ebshtuq\u00eb, publikisht deklaroj, q\u00eb tani e tutje n\u00eb vendin tim ta vendosni nj\u00eb \u201esulltan\u201c,\u201cpadishah\u201c apo \u201epashah\u201c, q\u00eb, n\u00eb k\u00ebt\u00eb m\u00ebnyr\u00eb t\u00eb plot\u00ebsohet edhe kjo mang\u00ebsi q\u00eb ka pasur Asambleja Komunale e Prizrenit, n\u00eb m\u00ebnyr\u00eb q\u00eb t\u00eb lirohen nga personat t\u00eb cil\u00ebt kan\u00eb punuar q\u00eb qyteti i Prizrenit t\u00eb jet\u00eb nj\u00eb qytet me orjentime Evropiane.<\/p>\n<p><em>Prizren, 03 Prill 2012<\/em><\/p>\n","protected":false},"excerpt":{"rendered":"<p>Mr.sc. Nue Oroshi Jap dor\u00ebheqje t\u00eb parevokueshme nga posti i K\u00ebshilltarit Komunal t\u00eb Prizrenit Njoftoj (publikisht) t\u00eb gjitha mjetet e informimit n\u00eb Prizren, por edhe n\u00eb mbar\u00eb Kosov\u00ebn dhe m\u00eb gjer\u00eb, q\u00eb un\u00eb Nue Oroshi, q\u00eb nga sot, m\u00eb 03.04.2012, jap\u00eb dor\u00ebheqje t\u00eb parevokueshme nga detyra e K\u00ebshilltarit Komunal n\u00eb Asamblen\u00eb Komunale t\u00eb Prizrenit. Shkaqet [&hellip;]<\/p>\n","protected":false},"author":1,"featured_media":0,"comment_status":"open","ping_status":"closed","sticky":false,"template":"","format":"standard","meta":{"footnotes":""},"categories":[2,5],"tags":[],"class_list":{"0":"post-2352","1":"post","2":"type-post","3":"status-publish","4":"format-standard","6":"category-artikuj","7":"category-lajme"},"yoast_head":"<!-- This site is optimized with the Yoast SEO plugin v27.4 - https:\/\/yoast.com\/product\/yoast-seo-wordpress\/ -->\n<title>Deklarat\u00eb p\u00ebr Shtyp e ish an\u00ebtarit t\u00eb Asambles\u00eb Komunale t\u00eb Prizrenit - FjALA e LIR\u00cb - Arkivi<\/title>\n<meta name=\"robots\" content=\"index, follow, max-snippet:-1, max-image-preview:large, max-video-preview:-1\" \/>\n<link rel=\"canonical\" href=\"https:\/\/fjala.info\/2009-2015\/deklarate-per-shtyp-e-ish-anetarit-te-asamblese-komunale-te-prizrenit\/\" \/>\n<meta property=\"og:locale\" content=\"sq_AL\" \/>\n<meta property=\"og:type\" content=\"article\" \/>\n<meta property=\"og:title\" content=\"Deklarat\u00eb p\u00ebr Shtyp e ish an\u00ebtarit t\u00eb Asambles\u00eb Komunale t\u00eb Prizrenit - FjALA e LIR\u00cb - Arkivi\" \/>\n<meta property=\"og:description\" content=\"Mr.sc. Nue Oroshi Jap dor\u00ebheqje t\u00eb parevokueshme nga posti i K\u00ebshilltarit Komunal t\u00eb Prizrenit Njoftoj (publikisht) t\u00eb gjitha mjetet e informimit n\u00eb Prizren, por edhe n\u00eb mbar\u00eb Kosov\u00ebn dhe m\u00eb gjer\u00eb, q\u00eb un\u00eb Nue Oroshi, q\u00eb nga sot, m\u00eb 03.04.2012, jap\u00eb dor\u00ebheqje t\u00eb parevokueshme nga detyra e K\u00ebshilltarit Komunal n\u00eb Asamblen\u00eb Komunale t\u00eb Prizrenit. Shkaqet [&hellip;]\" \/>\n<meta property=\"og:url\" content=\"https:\/\/fjala.info\/2009-2015\/deklarate-per-shtyp-e-ish-anetarit-te-asamblese-komunale-te-prizrenit\/\" \/>\n<meta property=\"og:site_name\" content=\"FjALA e LIR\u00cb - Arkivi\" \/>\n<meta property=\"article:published_time\" content=\"2012-04-03T10:32:42+00:00\" \/>\n<meta property=\"og:image\" content=\"http:\/\/www.shkoder.net\/2012\/nue_oroshi.jpg\" \/>\n<meta name=\"author\" content=\"admin\" \/>\n<meta name=\"twitter:card\" content=\"summary_large_image\" \/>\n<meta name=\"twitter:label1\" content=\"Written by\" \/>\n\t<meta name=\"twitter:data1\" content=\"admin\" \/>\n\t<meta name=\"twitter:label2\" content=\"Est. reading time\" \/>\n\t<meta name=\"twitter:data2\" content=\"3 minutes\" \/>\n<script type=\"application\/ld+json\" class=\"yoast-schema-graph\">{\"@context\":\"https:\\\/\\\/schema.org\",\"@graph\":[{\"@type\":\"Article\",\"@id\":\"https:\\\/\\\/fjala.info\\\/2009-2015\\\/deklarate-per-shtyp-e-ish-anetarit-te-asamblese-komunale-te-prizrenit\\\/#article\",\"isPartOf\":{\"@id\":\"https:\\\/\\\/fjala.info\\\/2009-2015\\\/deklarate-per-shtyp-e-ish-anetarit-te-asamblese-komunale-te-prizrenit\\\/\"},\"author\":{\"name\":\"admin\",\"@id\":\"https:\\\/\\\/fjala.info\\\/2009-2015\\\/#\\\/schema\\\/person\\\/3aa1163ef05469c496fc94e77611ada2\"},\"headline\":\"Deklarat\u00eb p\u00ebr Shtyp e ish an\u00ebtarit t\u00eb Asambles\u00eb Komunale t\u00eb Prizrenit\",\"datePublished\":\"2012-04-03T10:32:42+00:00\",\"mainEntityOfPage\":{\"@id\":\"https:\\\/\\\/fjala.info\\\/2009-2015\\\/deklarate-per-shtyp-e-ish-anetarit-te-asamblese-komunale-te-prizrenit\\\/\"},\"wordCount\":533,\"commentCount\":0,\"publisher\":{\"@id\":\"https:\\\/\\\/fjala.info\\\/2009-2015\\\/#organization\"},\"image\":{\"@id\":\"https:\\\/\\\/fjala.info\\\/2009-2015\\\/deklarate-per-shtyp-e-ish-anetarit-te-asamblese-komunale-te-prizrenit\\\/#primaryimage\"},\"thumbnailUrl\":\"http:\\\/\\\/www.shkoder.net\\\/2012\\\/nue_oroshi.jpg\",\"articleSection\":[\"Artikuj\",\"Lajme\"],\"inLanguage\":\"sq-AL\",\"potentialAction\":[{\"@type\":\"CommentAction\",\"name\":\"Comment\",\"target\":[\"https:\\\/\\\/fjala.info\\\/2009-2015\\\/deklarate-per-shtyp-e-ish-anetarit-te-asamblese-komunale-te-prizrenit\\\/#respond\"]}]},{\"@type\":\"WebPage\",\"@id\":\"https:\\\/\\\/fjala.info\\\/2009-2015\\\/deklarate-per-shtyp-e-ish-anetarit-te-asamblese-komunale-te-prizrenit\\\/\",\"url\":\"https:\\\/\\\/fjala.info\\\/2009-2015\\\/deklarate-per-shtyp-e-ish-anetarit-te-asamblese-komunale-te-prizrenit\\\/\",\"name\":\"Deklarat\u00eb p\u00ebr Shtyp e ish an\u00ebtarit t\u00eb Asambles\u00eb Komunale t\u00eb Prizrenit - FjALA e LIR\u00cb - Arkivi\",\"isPartOf\":{\"@id\":\"https:\\\/\\\/fjala.info\\\/2009-2015\\\/#website\"},\"primaryImageOfPage\":{\"@id\":\"https:\\\/\\\/fjala.info\\\/2009-2015\\\/deklarate-per-shtyp-e-ish-anetarit-te-asamblese-komunale-te-prizrenit\\\/#primaryimage\"},\"image\":{\"@id\":\"https:\\\/\\\/fjala.info\\\/2009-2015\\\/deklarate-per-shtyp-e-ish-anetarit-te-asamblese-komunale-te-prizrenit\\\/#primaryimage\"},\"thumbnailUrl\":\"http:\\\/\\\/www.shkoder.net\\\/2012\\\/nue_oroshi.jpg\",\"datePublished\":\"2012-04-03T10:32:42+00:00\",\"breadcrumb\":{\"@id\":\"https:\\\/\\\/fjala.info\\\/2009-2015\\\/deklarate-per-shtyp-e-ish-anetarit-te-asamblese-komunale-te-prizrenit\\\/#breadcrumb\"},\"inLanguage\":\"sq-AL\",\"potentialAction\":[{\"@type\":\"ReadAction\",\"target\":[\"https:\\\/\\\/fjala.info\\\/2009-2015\\\/deklarate-per-shtyp-e-ish-anetarit-te-asamblese-komunale-te-prizrenit\\\/\"]}]},{\"@type\":\"ImageObject\",\"inLanguage\":\"sq-AL\",\"@id\":\"https:\\\/\\\/fjala.info\\\/2009-2015\\\/deklarate-per-shtyp-e-ish-anetarit-te-asamblese-komunale-te-prizrenit\\\/#primaryimage\",\"url\":\"http:\\\/\\\/www.shkoder.net\\\/2012\\\/nue_oroshi.jpg\",\"contentUrl\":\"http:\\\/\\\/www.shkoder.net\\\/2012\\\/nue_oroshi.jpg\"},{\"@type\":\"BreadcrumbList\",\"@id\":\"https:\\\/\\\/fjala.info\\\/2009-2015\\\/deklarate-per-shtyp-e-ish-anetarit-te-asamblese-komunale-te-prizrenit\\\/#breadcrumb\",\"itemListElement\":[{\"@type\":\"ListItem\",\"position\":1,\"name\":\"Home\",\"item\":\"https:\\\/\\\/fjala.info\\\/2009-2015\\\/\"},{\"@type\":\"ListItem\",\"position\":2,\"name\":\"Deklarat\u00eb p\u00ebr Shtyp e ish an\u00ebtarit t\u00eb Asambles\u00eb Komunale t\u00eb Prizrenit\"}]},{\"@type\":\"WebSite\",\"@id\":\"https:\\\/\\\/fjala.info\\\/2009-2015\\\/#website\",\"url\":\"https:\\\/\\\/fjala.info\\\/2009-2015\\\/\",\"name\":\"FjALA e LIR\u00cb - Arkivi\",\"description\":\"Arkivi 2009-2015\",\"publisher\":{\"@id\":\"https:\\\/\\\/fjala.info\\\/2009-2015\\\/#organization\"},\"potentialAction\":[{\"@type\":\"SearchAction\",\"target\":{\"@type\":\"EntryPoint\",\"urlTemplate\":\"https:\\\/\\\/fjala.info\\\/2009-2015\\\/?s={search_term_string}\"},\"query-input\":{\"@type\":\"PropertyValueSpecification\",\"valueRequired\":true,\"valueName\":\"search_term_string\"}}],\"inLanguage\":\"sq-AL\"},{\"@type\":\"Organization\",\"@id\":\"https:\\\/\\\/fjala.info\\\/2009-2015\\\/#organization\",\"name\":\"FjALA e LIR\u00cb - Arkivi\",\"url\":\"https:\\\/\\\/fjala.info\\\/2009-2015\\\/\",\"logo\":{\"@type\":\"ImageObject\",\"inLanguage\":\"sq-AL\",\"@id\":\"https:\\\/\\\/fjala.info\\\/2009-2015\\\/#\\\/schema\\\/logo\\\/image\\\/\",\"url\":\"\",\"contentUrl\":\"\",\"caption\":\"FjALA e LIR\u00cb - Arkivi\"},\"image\":{\"@id\":\"https:\\\/\\\/fjala.info\\\/2009-2015\\\/#\\\/schema\\\/logo\\\/image\\\/\"}},{\"@type\":\"Person\",\"@id\":\"https:\\\/\\\/fjala.info\\\/2009-2015\\\/#\\\/schema\\\/person\\\/3aa1163ef05469c496fc94e77611ada2\",\"name\":\"admin\",\"image\":{\"@type\":\"ImageObject\",\"inLanguage\":\"sq-AL\",\"@id\":\"https:\\\/\\\/fjala.info\\\/2009-2015\\\/wp-content\\\/uploads\\\/2012\\\/02\\\/arben_cokaj-120x150.jpg\",\"url\":\"https:\\\/\\\/fjala.info\\\/2009-2015\\\/wp-content\\\/uploads\\\/2012\\\/02\\\/arben_cokaj-120x150.jpg\",\"contentUrl\":\"https:\\\/\\\/fjala.info\\\/2009-2015\\\/wp-content\\\/uploads\\\/2012\\\/02\\\/arben_cokaj-120x150.jpg\",\"caption\":\"admin\"},\"description\":\"Admin, Fjala e Lir\u00eb\",\"sameAs\":[\"https:\\\/\\\/fjala.info\\\/\"],\"url\":\"https:\\\/\\\/fjala.info\\\/2009-2015\\\/author\\\/admin\\\/\"}]}<\/script>\n<!-- \/ Yoast SEO plugin. -->","yoast_head_json":{"title":"Deklarat\u00eb p\u00ebr Shtyp e ish an\u00ebtarit t\u00eb Asambles\u00eb Komunale t\u00eb Prizrenit - FjALA e LIR\u00cb - Arkivi","robots":{"index":"index","follow":"follow","max-snippet":"max-snippet:-1","max-image-preview":"max-image-preview:large","max-video-preview":"max-video-preview:-1"},"canonical":"https:\/\/fjala.info\/2009-2015\/deklarate-per-shtyp-e-ish-anetarit-te-asamblese-komunale-te-prizrenit\/","og_locale":"sq_AL","og_type":"article","og_title":"Deklarat\u00eb p\u00ebr Shtyp e ish an\u00ebtarit t\u00eb Asambles\u00eb Komunale t\u00eb Prizrenit - FjALA e LIR\u00cb - Arkivi","og_description":"Mr.sc. Nue Oroshi Jap dor\u00ebheqje t\u00eb parevokueshme nga posti i K\u00ebshilltarit Komunal t\u00eb Prizrenit Njoftoj (publikisht) t\u00eb gjitha mjetet e informimit n\u00eb Prizren, por edhe n\u00eb mbar\u00eb Kosov\u00ebn dhe m\u00eb gjer\u00eb, q\u00eb un\u00eb Nue Oroshi, q\u00eb nga sot, m\u00eb 03.04.2012, jap\u00eb dor\u00ebheqje t\u00eb parevokueshme nga detyra e K\u00ebshilltarit Komunal n\u00eb Asamblen\u00eb Komunale t\u00eb Prizrenit. Shkaqet [&hellip;]","og_url":"https:\/\/fjala.info\/2009-2015\/deklarate-per-shtyp-e-ish-anetarit-te-asamblese-komunale-te-prizrenit\/","og_site_name":"FjALA e LIR\u00cb - Arkivi","article_published_time":"2012-04-03T10:32:42+00:00","og_image":[{"url":"http:\/\/www.shkoder.net\/2012\/nue_oroshi.jpg","type":"","width":"","height":""}],"author":"admin","twitter_card":"summary_large_image","twitter_misc":{"Written by":"admin","Est. reading time":"3 minutes"},"schema":{"@context":"https:\/\/schema.org","@graph":[{"@type":"Article","@id":"https:\/\/fjala.info\/2009-2015\/deklarate-per-shtyp-e-ish-anetarit-te-asamblese-komunale-te-prizrenit\/#article","isPartOf":{"@id":"https:\/\/fjala.info\/2009-2015\/deklarate-per-shtyp-e-ish-anetarit-te-asamblese-komunale-te-prizrenit\/"},"author":{"name":"admin","@id":"https:\/\/fjala.info\/2009-2015\/#\/schema\/person\/3aa1163ef05469c496fc94e77611ada2"},"headline":"Deklarat\u00eb p\u00ebr Shtyp e ish an\u00ebtarit t\u00eb Asambles\u00eb Komunale t\u00eb Prizrenit","datePublished":"2012-04-03T10:32:42+00:00","mainEntityOfPage":{"@id":"https:\/\/fjala.info\/2009-2015\/deklarate-per-shtyp-e-ish-anetarit-te-asamblese-komunale-te-prizrenit\/"},"wordCount":533,"commentCount":0,"publisher":{"@id":"https:\/\/fjala.info\/2009-2015\/#organization"},"image":{"@id":"https:\/\/fjala.info\/2009-2015\/deklarate-per-shtyp-e-ish-anetarit-te-asamblese-komunale-te-prizrenit\/#primaryimage"},"thumbnailUrl":"http:\/\/www.shkoder.net\/2012\/nue_oroshi.jpg","articleSection":["Artikuj","Lajme"],"inLanguage":"sq-AL","potentialAction":[{"@type":"CommentAction","name":"Comment","target":["https:\/\/fjala.info\/2009-2015\/deklarate-per-shtyp-e-ish-anetarit-te-asamblese-komunale-te-prizrenit\/#respond"]}]},{"@type":"WebPage","@id":"https:\/\/fjala.info\/2009-2015\/deklarate-per-shtyp-e-ish-anetarit-te-asamblese-komunale-te-prizrenit\/","url":"https:\/\/fjala.info\/2009-2015\/deklarate-per-shtyp-e-ish-anetarit-te-asamblese-komunale-te-prizrenit\/","name":"Deklarat\u00eb p\u00ebr Shtyp e ish an\u00ebtarit t\u00eb Asambles\u00eb Komunale t\u00eb Prizrenit - FjALA e LIR\u00cb - Arkivi","isPartOf":{"@id":"https:\/\/fjala.info\/2009-2015\/#website"},"primaryImageOfPage":{"@id":"https:\/\/fjala.info\/2009-2015\/deklarate-per-shtyp-e-ish-anetarit-te-asamblese-komunale-te-prizrenit\/#primaryimage"},"image":{"@id":"https:\/\/fjala.info\/2009-2015\/deklarate-per-shtyp-e-ish-anetarit-te-asamblese-komunale-te-prizrenit\/#primaryimage"},"thumbnailUrl":"http:\/\/www.shkoder.net\/2012\/nue_oroshi.jpg","datePublished":"2012-04-03T10:32:42+00:00","breadcrumb":{"@id":"https:\/\/fjala.info\/2009-2015\/deklarate-per-shtyp-e-ish-anetarit-te-asamblese-komunale-te-prizrenit\/#breadcrumb"},"inLanguage":"sq-AL","potentialAction":[{"@type":"ReadAction","target":["https:\/\/fjala.info\/2009-2015\/deklarate-per-shtyp-e-ish-anetarit-te-asamblese-komunale-te-prizrenit\/"]}]},{"@type":"ImageObject","inLanguage":"sq-AL","@id":"https:\/\/fjala.info\/2009-2015\/deklarate-per-shtyp-e-ish-anetarit-te-asamblese-komunale-te-prizrenit\/#primaryimage","url":"http:\/\/www.shkoder.net\/2012\/nue_oroshi.jpg","contentUrl":"http:\/\/www.shkoder.net\/2012\/nue_oroshi.jpg"},{"@type":"BreadcrumbList","@id":"https:\/\/fjala.info\/2009-2015\/deklarate-per-shtyp-e-ish-anetarit-te-asamblese-komunale-te-prizrenit\/#breadcrumb","itemListElement":[{"@type":"ListItem","position":1,"name":"Home","item":"https:\/\/fjala.info\/2009-2015\/"},{"@type":"ListItem","position":2,"name":"Deklarat\u00eb p\u00ebr Shtyp e ish an\u00ebtarit t\u00eb Asambles\u00eb Komunale t\u00eb Prizrenit"}]},{"@type":"WebSite","@id":"https:\/\/fjala.info\/2009-2015\/#website","url":"https:\/\/fjala.info\/2009-2015\/","name":"FjALA e LIR\u00cb - Arkivi","description":"Arkivi 2009-2015","publisher":{"@id":"https:\/\/fjala.info\/2009-2015\/#organization"},"potentialAction":[{"@type":"SearchAction","target":{"@type":"EntryPoint","urlTemplate":"https:\/\/fjala.info\/2009-2015\/?s={search_term_string}"},"query-input":{"@type":"PropertyValueSpecification","valueRequired":true,"valueName":"search_term_string"}}],"inLanguage":"sq-AL"},{"@type":"Organization","@id":"https:\/\/fjala.info\/2009-2015\/#organization","name":"FjALA e LIR\u00cb - Arkivi","url":"https:\/\/fjala.info\/2009-2015\/","logo":{"@type":"ImageObject","inLanguage":"sq-AL","@id":"https:\/\/fjala.info\/2009-2015\/#\/schema\/logo\/image\/","url":"","contentUrl":"","caption":"FjALA e LIR\u00cb - Arkivi"},"image":{"@id":"https:\/\/fjala.info\/2009-2015\/#\/schema\/logo\/image\/"}},{"@type":"Person","@id":"https:\/\/fjala.info\/2009-2015\/#\/schema\/person\/3aa1163ef05469c496fc94e77611ada2","name":"admin","image":{"@type":"ImageObject","inLanguage":"sq-AL","@id":"https:\/\/fjala.info\/2009-2015\/wp-content\/uploads\/2012\/02\/arben_cokaj-120x150.jpg","url":"https:\/\/fjala.info\/2009-2015\/wp-content\/uploads\/2012\/02\/arben_cokaj-120x150.jpg","contentUrl":"https:\/\/fjala.info\/2009-2015\/wp-content\/uploads\/2012\/02\/arben_cokaj-120x150.jpg","caption":"admin"},"description":"Admin, Fjala e Lir\u00eb","sameAs":["https:\/\/fjala.info\/"],"url":"https:\/\/fjala.info\/2009-2015\/author\/admin\/"}]}},"_links":{"self":[{"href":"https:\/\/fjala.info\/2009-2015\/wp-json\/wp\/v2\/posts\/2352","targetHints":{"allow":["GET"]}}],"collection":[{"href":"https:\/\/fjala.info\/2009-2015\/wp-json\/wp\/v2\/posts"}],"about":[{"href":"https:\/\/fjala.info\/2009-2015\/wp-json\/wp\/v2\/types\/post"}],"author":[{"embeddable":true,"href":"https:\/\/fjala.info\/2009-2015\/wp-json\/wp\/v2\/users\/1"}],"replies":[{"embeddable":true,"href":"https:\/\/fjala.info\/2009-2015\/wp-json\/wp\/v2\/comments?post=2352"}],"version-history":[{"count":0,"href":"https:\/\/fjala.info\/2009-2015\/wp-json\/wp\/v2\/posts\/2352\/revisions"}],"wp:attachment":[{"href":"https:\/\/fjala.info\/2009-2015\/wp-json\/wp\/v2\/media?parent=2352"}],"wp:term":[{"taxonomy":"category","embeddable":true,"href":"https:\/\/fjala.info\/2009-2015\/wp-json\/wp\/v2\/categories?post=2352"},{"taxonomy":"post_tag","embeddable":true,"href":"https:\/\/fjala.info\/2009-2015\/wp-json\/wp\/v2\/tags?post=2352"}],"curies":[{"name":"wp","href":"https:\/\/api.w.org\/{rel}","templated":true}]}}